{"id":33361,"date":"2023-03-22T09:46:53","date_gmt":"2023-03-22T12:46:53","guid":{"rendered":"https:\/\/hcd.malargue.gov.ar\/?p=33361"},"modified":"2023-03-22T09:53:35","modified_gmt":"2023-03-22T12:53:35","slug":"orden-del-dia-3o-sesion-ordinaria-3","status":"publish","type":"post","link":"https:\/\/hcd.malargue.gov.ar\/?p=33361","title":{"rendered":"ORDEN DEL D\u00cdA 3\u00b0 SESI\u00d3N ORDINARIA"},"content":{"rendered":"<div class=\"wp-block-image\">\n<figure class=\"alignright size-full is-resized\"><a href=\"http:\/\/hcd.malargue.gov.ar\/hcdpdf\/3%20SO%20ORDEN%2023%20de%20Marzo%20de%202023.pdf\"><img loading=\"lazy\" decoding=\"async\" src=\"https:\/\/hcd.malargue.gov.ar\/wp-content\/uploads\/2018\/06\/PDF-JPG.jpg\" alt=\"\" class=\"wp-image-7950\" width=\"134\" height=\"134\" srcset=\"https:\/\/hcd.malargue.gov.ar\/wp-content\/uploads\/2018\/06\/PDF-JPG.jpg 512w, https:\/\/hcd.malargue.gov.ar\/wp-content\/uploads\/2018\/06\/PDF-JPG-150x150.jpg 150w, https:\/\/hcd.malargue.gov.ar\/wp-content\/uploads\/2018\/06\/PDF-JPG-300x300.jpg 300w\" sizes=\"auto, (max-width: 134px) 100vw, 134px\" \/><\/a><\/figure>\n<\/div>\n\n\n<h5 class=\"wp-block-heading\">D\u00eda Jueves&nbsp;&nbsp;23 de Marzo de 2.023<\/h5>\n\n\n\n<h5 class=\"wp-block-heading\">Hora: 08:50 <\/h5>\n\n\n\n<p>BANCA DEL CIUDADANO:&nbsp; Sr. &nbsp;Fernando PALMA &nbsp;<\/p>\n\n\n\n<p>TEMA: Informe de Gesti\u00f3n de Recursos Humanos en el per\u00edodo comprendido desde Diciembre 2019 a Diciembre 2022.<\/p>\n\n\n\n<p><strong>a)<em> Acto de Izar la Ense\u00f1a Patria\u00a0\u00a0a cargo de la \u00a0\u00a0Sra. \u00a0Concejal \u00a0\u00a0D. Viviana Alejandra MOSCA<\/em><\/strong><\/p>\n\n\n\n<p><strong><em>b) Homenaje de los Se\u00f1ores Concejales.<\/em><\/strong><\/p>\n\n\n\n<p><strong><em>c) Consideraci\u00f3n Acta Sesi\u00f3n Ordinaria N\u00b01.119- \u201cO\u201d-2023 &nbsp;<\/em><\/strong><\/p>\n\n\n\n<p><strong><em>d) Lectura del detalle de la correspondencia recibida y emitida.<\/em><\/strong><\/p>\n\n\n\n<p><strong><em>e) Consideraci\u00f3n de los temas que ser\u00e1n incluidos en el punto Asuntos\u00a0Varios puesta a consideraci\u00f3n de mociones de tratamientos sobre tablas de diversos<\/em><\/strong> <strong><em>expedientes<\/em><\/strong>.<\/p>\n\n\n\n<p><strong><em>f) Proyectos de los Se\u00f1ores Concejales: <\/em><\/strong><em>&nbsp;&nbsp;&nbsp;<\/em><strong><em><\/em><\/strong><\/p>\n\n\n\n<ol class=\"wp-block-list\" type=\"1\">\n<li>Expte.N\u00ba5.241-HC-052-2.023 Proyecto de Resoluci\u00f3n: Solicitar al Departamento Ejecutivo informe sobre El Parque Automotor&nbsp; de la Municipalidad de Malarg\u00fce ( BLOQUE RECONSTRUYENDO MALARG\u00dcE) Autor: Concejal Silvina CAMIOLO .-<\/li>\n\n\n\n<li>Expte.N\u00b05.242-HC 052-2.023 Proyecto de Resoluci\u00f3n: Solicitar al Departamento Ejecutivo informe sobre las tarjetas gen\u00e9ricas YPF en Ruta (BLOQUE RECONSTRUYENDO MALARG\u00dcE) Autor: Concejal Silvina CAMIOLO<\/li>\n\n\n\n<li>Expte.N\u00b05.243-HC 052-2.023 Proyecto de Resoluci\u00f3n: Solicitar urgente remisi\u00f3n de Decretos Municipales correspondientes a Diciembre 2.022 Enero y Febrero 2.023. (BLOQUE CUIDEMOS MALARG\u00dcE) Autor: Concejal Silvia Correa.<\/li>\n\n\n\n<li>Expte.N\u00b05.244-HC-052-2.023 Proyecto de Resoluci\u00f3n: Solicitar al Departamento Ejecutivo el cumplimiento de la Resoluci\u00f3n N\u00b0349\/2020 Instalar se\u00f1al\u00e9tica vial identificando Zona Trashumante y\/o Zona de Trashumancia (INTERBLOQUE ENCUENTRO-FRENTE CAMIBA MENDOZA) Autores: Concejales Francisco Parada y Paola Rojo<\/li>\n\n\n\n<li>Expte.N\u00b05.245-HC -052-2.023 Proyecto de Resoluci\u00f3n: Solicitar al Departamento Ejecutivo se realicen tareas de mantenimiento de la pista de atletismo del Polideportivo Municipal&nbsp;&nbsp; Malal Hue (INTERBLOQUE ENCUENTRO; CUIDEMOS MALARG\u00dcE; RECONSTRUYENDO MALARG\u00dcE, U.C.R-INDEPENDIENTE) Autores: Concejales Francisco Parada, Silvina Camiolo, Gabriel Rosas y Silvia Correa.<\/li>\n<\/ol>\n\n\n\n<p><strong><em>g) Expedientes provenientes del Departamento Ejecutivo<\/em><\/strong><\/p>\n\n\n\n<ol class=\"wp-block-list\" type=\"1\">\n<li>Expte.N\u00b01.550\/2.023-0 Secretario de Obras y Servicios P\u00fablicos Eleva proyecto de Prolongaci\u00f3n Calle Fort\u00edn Malarg\u00fce.&nbsp;<\/li>\n<\/ol>\n\n\n\n<p><strong><em>h) Despachos de las Comisiones de Trabajo:<\/em><\/strong><\/p>\n\n\n\n<p>1. Expte.N\u00b05.226-HC 051-2.023 Proyecto de Resoluci\u00f3n: Declarar deportista del a\u00f1o a la Srta. Camila<\/p>\n\n\n\n<p>&nbsp;&nbsp;&nbsp; Ravagnan por su desempe\u00f1o en V\u00f3leibol en el Club Estudiantes de la Provincia de Buenos Aires. &nbsp;&nbsp;&nbsp;&nbsp;<\/p>\n\n\n\n<p>&nbsp;&nbsp; (E.H.M.A.S Y C)<\/p>\n\n\n\n<p><strong>i<\/strong><strong><em>) Asuntos Varios. &#8211;&nbsp;&nbsp;&nbsp;&nbsp;&nbsp;&nbsp;&nbsp;<\/em><\/strong><\/p>\n\n\n\n<p><strong><em>j) Acto de arriar el Pabell\u00f3n Nacional a cargo de la concejal que lo<\/em><\/strong><strong> iz\u00f3. &#8211; <\/strong><strong><em><\/em><\/strong><\/p>\n\n\n\n<p><strong>&nbsp;&nbsp;&nbsp;&nbsp;&nbsp;&nbsp;&nbsp;&nbsp;&nbsp;&nbsp;&nbsp;&nbsp;&nbsp;&nbsp;&nbsp;&nbsp;&nbsp;&nbsp;&nbsp;&nbsp;&nbsp;&nbsp;&nbsp;&nbsp;&nbsp;&nbsp;&nbsp;&nbsp;&nbsp;&nbsp;&nbsp;&nbsp;&nbsp;&nbsp;&nbsp;&nbsp;&nbsp;&nbsp;&nbsp;&nbsp;&nbsp;&nbsp;&nbsp;&nbsp;&nbsp;&nbsp;&nbsp;&nbsp;&nbsp;&nbsp;&nbsp;&nbsp;&nbsp;&nbsp;&nbsp;&nbsp;&nbsp;&nbsp;&nbsp;&nbsp;&nbsp;&nbsp;&nbsp;&nbsp;&nbsp;&nbsp;&nbsp;&nbsp;&nbsp;&nbsp;&nbsp;&nbsp;&nbsp;&nbsp;&nbsp;&nbsp;&nbsp;&nbsp;&nbsp;&nbsp;&nbsp;&nbsp;&nbsp;&nbsp;&nbsp;&nbsp;&nbsp;&nbsp;&nbsp; Presidencia H.C.D &nbsp;21 de&nbsp; Marzo de 2.023.-<\/strong><\/p>\n\n\n\n<p><strong>CORRESPONDENCIA&nbsp; PARA LA SESI\u00d3N<\/strong><\/p>\n\n\n\n<p><strong>Del d\u00eda Jueves 23 de Marzo de 2.023<\/strong><\/p>\n\n\n\n<p><strong>NOTAS INGRESADAS<\/strong><\/p>\n\n\n\n<ol class=\"wp-block-list\" type=\"1\" start=\"1\">\n<li>Vecinos de Agua Escondida solicitan regularizaci\u00f3n de terrenos que ocupan correspondientes a las manzanas A, B y C seg\u00fan plano catastral a fin de obtener el suministro el\u00e9ctrico en sus hogares.<\/li>\n\n\n\n<li>Sr. David Cayetano Dom\u00ednguez solicita hacer uso de Banca del Ciudadano a fin de exponer su situaci\u00f3n como emprendedor y la desadjudicaci\u00f3n de lote en zona de servicios.<\/li>\n\n\n\n<li>Departamento Ejecutivo remite informe de la Direcci\u00f3n de Obras P\u00fablicas en respuesta a solicitud sobre&nbsp; Plan de Obras 2023.&nbsp;<\/li>\n\n\n\n<li>Sra. Marcela Naranjo, Vecina de Barrio Colonia H\u00edpica, solicita hacer uso de Banca del Ciudadano a fin de exponer problem\u00e1tica del barrio.<\/li>\n\n\n\n<li>Dr. Carlos Ferrer Presidente de la C\u00e1mara de Servicios Mineros Mendoza, remite copia de Acta de Requerimiento Notarial al Gobernador Suarez referidos a irregularidades en la gesti\u00f3n del Proyecto Potasio Rio Colorado.<\/li>\n\n\n\n<li>Prof. Pablo S\u00e1nchez, Secretario de Desarrollo Territorial y Urbanismo, informa imposibilidad de asistir a convocatoria del H.C.D.  e informa que cuenta con documentaci\u00f3n respaldatoria de los elementos aludidos en la Banca del Ciudadano.<\/li>\n\n\n\n<li>Comisi\u00f3n de Hacienda, Presupuesto, Legislaci\u00f3n y Asuntos Constitucionales, informa n\u00f3mina de autoridades para conocimiento.<\/li>\n\n\n\n<li>Comisi\u00f3n de Obras P\u00fablicas, Turismo y Recursos Naturales, informa n\u00f3mina de autoridades para conocimiento.<\/li>\n\n\n\n<li>Sras. Lorena Mayorga y Alejandra Zapata, elevan sobre cerrado con elementos respaldatorios sobre denuncia efectuada en uso de la Banca del Ciudadano.<\/li>\n\n\n\n<li>Sr. Maximiliano Salvadores, manifiesta su preocupaci\u00f3n por la existencia de arboles secos en los espacios p\u00fablicos de la ciudad.<\/li>\n\n\n\n<li>Escuela Aborigen Americano solicita&nbsp; colaboraci\u00f3n para realizaci\u00f3n de Torneo de Voley.<\/li>\n\n\n\n<li>Sra. Marcela Iba\u00f1ez en representaci\u00f3n de Vecinos de la Zona Este de la Ciudad solicita hacer uso de Banca del Ciudadano a fin de exponer en torno a ruidos molestos de parte de&nbsp; f\u00e1brica de Durlock.<\/li>\n\n\n\n<li>Vecinos de Barrio 60 Aniversario e Independencia, solicitan inclusi\u00f3n de la Obra Red de Gas en el Presupuesto 2023, dado que cuenta con Propuesta de Traza con vigencia pr\u00f3xima a vencer.<\/li>\n\n\n\n<li>Sr. Ram\u00f3n Francisco Montiel Director de Centro de Gesti\u00f3n Zona 5 y Personal de dicho Centro,&nbsp; solicitan hacer uso de la Banca del Ciudadano ejerciendo el derecho a r\u00e9plica por los dichos vertidos por las ciudadanas Lorena Mayorga y Alejandra Zapata.<\/li>\n\n\n\n<li>Honorable Concejo Deliberante de Lavalle informa n\u00f3mina de autoridades y su conformaci\u00f3n para el periodo 2023.<\/li>\n<\/ol>\n\n\n\n<p><strong>NOTAS&nbsp; EMITIDAS<\/strong><\/p>\n\n\n\n<ol class=\"wp-block-list\" type=\"1\">\n<li>Al Sr. Intendente Municipal solicitando pr\u00e9stamo de movilidades para traslado a la zona rural.<\/li>\n\n\n\n<li>. Al Sr. Pablo S\u00e1nchez Secretario de Ordenamiento Territorial y Urbanismo&nbsp; solicitando asista al H.C.D para brindar informaci\u00f3n respecto a denuncias realizadas en Banca del Ciudadano.<\/li>\n\n\n\n<li>A la Sra. Secretaria de Gobierno, remitiendo nota HC 120\/2023 Club social y Deportivo Municipal solicitud de subsidio para adquisici\u00f3n de material deportivo.<\/li>\n\n\n\n<li>Al Sr. Director&nbsp; y Sr. Jefe de Sub Zona de Vialidad Provincial, Responsable de Unidad Ejecutora de Vialidad Nacional, Legisladoras Provinciales por el Departamento y Legisladores Nacionales por Mendoza remitiendo copia de Comunicaci\u00f3n N\u00ba 480\/2023 solicitando se declare la Emergencia de Caminos, Rutas y Accesos Ganaderos.<\/li>\n\n\n\n<li>A la Sra. Directora y Responsable local de Defensa al Consumidor, Juzgado de Paz, Legisladores Provinciales por el 4\u00ba Distrito, Direcci\u00f3n General de Escuelas, C\u00e1mara de comercio y Polic\u00eda de Mendoza remitiendo copia de declaraci\u00f3n N\u00ba 310\/2023 declarando de Inter\u00e9s el Primer Congreso de Defensa al Consumidor \u201cEducaci\u00f3n en el Consumo\u201d.<\/li>\n\n\n\n<li>Al Sr. Fernando Palma informando que podr\u00e1 hacer uso de la Banca del Ciudadano.<\/li>\n<\/ol>\n","protected":false},"excerpt":{"rendered":"<p>D\u00eda Jueves&nbsp;&nbsp;23 de Marzo de 2.023 Hora: 08:50 BANCA DEL CIUDADANO:&nbsp; Sr. &nbsp;Fernando PALMA &nbsp; TEMA: Informe de Gesti\u00f3n de Recursos Humanos en el per\u00edodo comprendido desde Diciembre 2019 a Diciembre 2022. a) Acto de Izar la Ense\u00f1a Patria\u00a0\u00a0a cargo de la \u00a0\u00a0Sra. \u00a0Concejal \u00a0\u00a0D. Viviana Alejandra MOSCA b) Homenaje de los Se\u00f1ores Concejales. c) [&hellip;]<\/p>\n","protected":false},"author":5,"featured_media":29345,"comment_status":"closed","ping_status":"closed","sticky":false,"template":"","format":"standard","meta":{"footnotes":""},"categories":[52,84,58,33,36],"tags":[],"class_list":["post-33361","post","type-post","status-publish","format-standard","has-post-thumbnail","hentry","category-gacetillas","category-orden-del-dia","category-ordinarias","category-prensa","category-sesiones"],"yoast_head":"<!-- This site is optimized with the Yoast SEO plugin v19.10 - https:\/\/yoast.com\/wordpress\/plugins\/seo\/ -->\n<title>ORDEN DEL D\u00cdA 3\u00b0 SESI\u00d3N ORDINARIA - Malarg\u00fce HCD<\/title>\n<meta name=\"robots\" content=\"index, follow, max-snippet:-1, max-image-preview:large, max-video-preview:-1\" \/>\n<link rel=\"canonical\" href=\"https:\/\/hcd.malargue.gov.ar\/?p=33361\" \/>\n<meta property=\"og:locale\" content=\"es_ES\" \/>\n<meta property=\"og:type\" content=\"article\" \/>\n<meta property=\"og:title\" content=\"ORDEN DEL D\u00cdA 3\u00b0 SESI\u00d3N ORDINARIA - Malarg\u00fce HCD\" \/>\n<meta property=\"og:description\" content=\"D\u00eda Jueves&nbsp;&nbsp;23 de Marzo de 2.023 Hora: 08:50 BANCA DEL CIUDADANO:&nbsp; Sr. &nbsp;Fernando PALMA &nbsp; TEMA: Informe de Gesti\u00f3n de Recursos Humanos en el per\u00edodo comprendido desde Diciembre 2019 a Diciembre 2022. a) Acto de Izar la Ense\u00f1a Patria\u00a0\u00a0a cargo de la \u00a0\u00a0Sra. \u00a0Concejal \u00a0\u00a0D. Viviana Alejandra MOSCA b) Homenaje de los Se\u00f1ores Concejales. c) [&hellip;]\" \/>\n<meta property=\"og:url\" content=\"https:\/\/hcd.malargue.gov.ar\/?p=33361\" \/>\n<meta property=\"og:site_name\" content=\"Malarg\u00fce HCD\" \/>\n<meta property=\"article:published_time\" content=\"2023-03-22T12:46:53+00:00\" \/>\n<meta property=\"article:modified_time\" content=\"2023-03-22T12:53:35+00:00\" \/>\n<meta property=\"og:image\" content=\"https:\/\/hcd.malargue.gov.ar\/wp-content\/uploads\/2022\/07\/MOSCA-Bandera-scaled.jpg\" \/>\n\t<meta property=\"og:image:width\" content=\"2560\" \/>\n\t<meta property=\"og:image:height\" content=\"1763\" \/>\n\t<meta property=\"og:image:type\" content=\"image\/jpeg\" \/>\n<meta name=\"author\" content=\"Belen Pedernera Ferragut\" \/>\n<meta name=\"twitter:card\" content=\"summary_large_image\" \/>\n<meta name=\"twitter:label1\" content=\"Escrito por\" \/>\n\t<meta name=\"twitter:data1\" content=\"Belen Pedernera Ferragut\" \/>\n\t<meta name=\"twitter:label2\" content=\"Tiempo de lectura\" \/>\n\t<meta name=\"twitter:data2\" content=\"5 minutos\" \/>\n<script type=\"application\/ld+json\" class=\"yoast-schema-graph\">{\"@context\":\"https:\/\/schema.org\",\"@graph\":[{\"@type\":\"WebPage\",\"@id\":\"https:\/\/hcd.malargue.gov.ar\/?p=33361\",\"url\":\"https:\/\/hcd.malargue.gov.ar\/?p=33361\",\"name\":\"ORDEN DEL D\u00cdA 3\u00b0 SESI\u00d3N ORDINARIA - Malarg\u00fce HCD\",\"isPartOf\":{\"@id\":\"https:\/\/hcd.malargue.gov.ar\/#website\"},\"datePublished\":\"2023-03-22T12:46:53+00:00\",\"dateModified\":\"2023-03-22T12:53:35+00:00\",\"author\":{\"@id\":\"https:\/\/hcd.malargue.gov.ar\/#\/schema\/person\/3fd6bbab64edd703961b795156c955d0\"},\"breadcrumb\":{\"@id\":\"https:\/\/hcd.malargue.gov.ar\/?p=33361#breadcrumb\"},\"inLanguage\":\"es-AR\",\"potentialAction\":[{\"@type\":\"ReadAction\",\"target\":[\"https:\/\/hcd.malargue.gov.ar\/?p=33361\"]}]},{\"@type\":\"BreadcrumbList\",\"@id\":\"https:\/\/hcd.malargue.gov.ar\/?p=33361#breadcrumb\",\"itemListElement\":[{\"@type\":\"ListItem\",\"position\":1,\"name\":\"Inicio\",\"item\":\"https:\/\/hcd.malargue.gov.ar\/\"},{\"@type\":\"ListItem\",\"position\":2,\"name\":\"ORDEN DEL D\u00cdA 3\u00b0 SESI\u00d3N ORDINARIA\"}]},{\"@type\":\"WebSite\",\"@id\":\"https:\/\/hcd.malargue.gov.ar\/#website\",\"url\":\"https:\/\/hcd.malargue.gov.ar\/\",\"name\":\"Malarg\u00fce HCD\",\"description\":\"Malarg\u00fce Mendoza Argentina\",\"potentialAction\":[{\"@type\":\"SearchAction\",\"target\":{\"@type\":\"EntryPoint\",\"urlTemplate\":\"https:\/\/hcd.malargue.gov.ar\/?s={search_term_string}\"},\"query-input\":\"required name=search_term_string\"}],\"inLanguage\":\"es-AR\"},{\"@type\":\"Person\",\"@id\":\"https:\/\/hcd.malargue.gov.ar\/#\/schema\/person\/3fd6bbab64edd703961b795156c955d0\",\"name\":\"Belen Pedernera Ferragut\",\"image\":{\"@type\":\"ImageObject\",\"inLanguage\":\"es-AR\",\"@id\":\"https:\/\/hcd.malargue.gov.ar\/#\/schema\/person\/image\/\",\"url\":\"https:\/\/secure.gravatar.com\/avatar\/1054ffab3893de4bb3eb29bdd22f7e34b8537bf5d34d9dab311818154ad5b71f?s=96&d=mm&r=g\",\"contentUrl\":\"https:\/\/secure.gravatar.com\/avatar\/1054ffab3893de4bb3eb29bdd22f7e34b8537bf5d34d9dab311818154ad5b71f?s=96&d=mm&r=g\",\"caption\":\"Belen Pedernera Ferragut\"},\"url\":\"https:\/\/hcd.malargue.gov.ar\/?author=5\"}]}<\/script>\n<!-- \/ Yoast SEO plugin. -->","yoast_head_json":{"title":"ORDEN DEL D\u00cdA 3\u00b0 SESI\u00d3N ORDINARIA - Malarg\u00fce HCD","robots":{"index":"index","follow":"follow","max-snippet":"max-snippet:-1","max-image-preview":"max-image-preview:large","max-video-preview":"max-video-preview:-1"},"canonical":"https:\/\/hcd.malargue.gov.ar\/?p=33361","og_locale":"es_ES","og_type":"article","og_title":"ORDEN DEL D\u00cdA 3\u00b0 SESI\u00d3N ORDINARIA - Malarg\u00fce HCD","og_description":"D\u00eda Jueves&nbsp;&nbsp;23 de Marzo de 2.023 Hora: 08:50 BANCA DEL CIUDADANO:&nbsp; Sr. &nbsp;Fernando PALMA &nbsp; TEMA: Informe de Gesti\u00f3n de Recursos Humanos en el per\u00edodo comprendido desde Diciembre 2019 a Diciembre 2022. a) Acto de Izar la Ense\u00f1a Patria\u00a0\u00a0a cargo de la \u00a0\u00a0Sra. \u00a0Concejal \u00a0\u00a0D. Viviana Alejandra MOSCA b) Homenaje de los Se\u00f1ores Concejales. c) [&hellip;]","og_url":"https:\/\/hcd.malargue.gov.ar\/?p=33361","og_site_name":"Malarg\u00fce HCD","article_published_time":"2023-03-22T12:46:53+00:00","article_modified_time":"2023-03-22T12:53:35+00:00","og_image":[{"width":2560,"height":1763,"url":"https:\/\/hcd.malargue.gov.ar\/wp-content\/uploads\/2022\/07\/MOSCA-Bandera-scaled.jpg","type":"image\/jpeg"}],"author":"Belen Pedernera Ferragut","twitter_card":"summary_large_image","twitter_misc":{"Escrito por":"Belen Pedernera Ferragut","Tiempo de lectura":"5 minutos"},"schema":{"@context":"https:\/\/schema.org","@graph":[{"@type":"WebPage","@id":"https:\/\/hcd.malargue.gov.ar\/?p=33361","url":"https:\/\/hcd.malargue.gov.ar\/?p=33361","name":"ORDEN DEL D\u00cdA 3\u00b0 SESI\u00d3N ORDINARIA - Malarg\u00fce HCD","isPartOf":{"@id":"https:\/\/hcd.malargue.gov.ar\/#website"},"datePublished":"2023-03-22T12:46:53+00:00","dateModified":"2023-03-22T12:53:35+00:00","author":{"@id":"https:\/\/hcd.malargue.gov.ar\/#\/schema\/person\/3fd6bbab64edd703961b795156c955d0"},"breadcrumb":{"@id":"https:\/\/hcd.malargue.gov.ar\/?p=33361#breadcrumb"},"inLanguage":"es-AR","potentialAction":[{"@type":"ReadAction","target":["https:\/\/hcd.malargue.gov.ar\/?p=33361"]}]},{"@type":"BreadcrumbList","@id":"https:\/\/hcd.malargue.gov.ar\/?p=33361#breadcrumb","itemListElement":[{"@type":"ListItem","position":1,"name":"Inicio","item":"https:\/\/hcd.malargue.gov.ar\/"},{"@type":"ListItem","position":2,"name":"ORDEN DEL D\u00cdA 3\u00b0 SESI\u00d3N ORDINARIA"}]},{"@type":"WebSite","@id":"https:\/\/hcd.malargue.gov.ar\/#website","url":"https:\/\/hcd.malargue.gov.ar\/","name":"Malarg\u00fce HCD","description":"Malarg\u00fce Mendoza Argentina","potentialAction":[{"@type":"SearchAction","target":{"@type":"EntryPoint","urlTemplate":"https:\/\/hcd.malargue.gov.ar\/?s={search_term_string}"},"query-input":"required name=search_term_string"}],"inLanguage":"es-AR"},{"@type":"Person","@id":"https:\/\/hcd.malargue.gov.ar\/#\/schema\/person\/3fd6bbab64edd703961b795156c955d0","name":"Belen Pedernera Ferragut","image":{"@type":"ImageObject","inLanguage":"es-AR","@id":"https:\/\/hcd.malargue.gov.ar\/#\/schema\/person\/image\/","url":"https:\/\/secure.gravatar.com\/avatar\/1054ffab3893de4bb3eb29bdd22f7e34b8537bf5d34d9dab311818154ad5b71f?s=96&d=mm&r=g","contentUrl":"https:\/\/secure.gravatar.com\/avatar\/1054ffab3893de4bb3eb29bdd22f7e34b8537bf5d34d9dab311818154ad5b71f?s=96&d=mm&r=g","caption":"Belen Pedernera Ferragut"},"url":"https:\/\/hcd.malargue.gov.ar\/?author=5"}]}},"_links":{"self":[{"href":"https:\/\/hcd.malargue.gov.ar\/index.php?rest_route=\/wp\/v2\/posts\/33361","targetHints":{"allow":["GET"]}}],"collection":[{"href":"https:\/\/hcd.malargue.gov.ar\/index.php?rest_route=\/wp\/v2\/posts"}],"about":[{"href":"https:\/\/hcd.malargue.gov.ar\/index.php?rest_route=\/wp\/v2\/types\/post"}],"author":[{"embeddable":true,"href":"https:\/\/hcd.malargue.gov.ar\/index.php?rest_route=\/wp\/v2\/users\/5"}],"replies":[{"embeddable":true,"href":"https:\/\/hcd.malargue.gov.ar\/index.php?rest_route=%2Fwp%2Fv2%2Fcomments&post=33361"}],"version-history":[{"count":4,"href":"https:\/\/hcd.malargue.gov.ar\/index.php?rest_route=\/wp\/v2\/posts\/33361\/revisions"}],"predecessor-version":[{"id":33367,"href":"https:\/\/hcd.malargue.gov.ar\/index.php?rest_route=\/wp\/v2\/posts\/33361\/revisions\/33367"}],"wp:featuredmedia":[{"embeddable":true,"href":"https:\/\/hcd.malargue.gov.ar\/index.php?rest_route=\/wp\/v2\/media\/29345"}],"wp:attachment":[{"href":"https:\/\/hcd.malargue.gov.ar\/index.php?rest_route=%2Fwp%2Fv2%2Fmedia&parent=33361"}],"wp:term":[{"taxonomy":"category","embeddable":true,"href":"https:\/\/hcd.malargue.gov.ar\/index.php?rest_route=%2Fwp%2Fv2%2Fcategories&post=33361"},{"taxonomy":"post_tag","embeddable":true,"href":"https:\/\/hcd.malargue.gov.ar\/index.php?rest_route=%2Fwp%2Fv2%2Ftags&post=33361"}],"curies":[{"name":"wp","href":"https:\/\/api.w.org\/{rel}","templated":true}]}}