{"id":33397,"date":"2023-03-30T08:21:13","date_gmt":"2023-03-30T11:21:13","guid":{"rendered":"https:\/\/hcd.malargue.gov.ar\/?p=33397"},"modified":"2023-06-07T08:36:33","modified_gmt":"2023-06-07T11:36:33","slug":"acta-sesion-ordinaria-n1-119-o-2-023","status":"publish","type":"post","link":"https:\/\/hcd.malargue.gov.ar\/?p=33397","title":{"rendered":"ACTA 2\u00b0 SESI\u00d3N ORDINARIA N\u00b01.119-\u201cO\u201d- 16\/3\/2023"},"content":{"rendered":"<div class=\"wp-block-image\">\n<figure class=\"alignright size-full is-resized\"><a href=\"http:\/\/hcd.malargue.gov.ar\/hcdpdf\/ORDINARIA%20N%201119%202023.pdf\"><img loading=\"lazy\" decoding=\"async\" src=\"https:\/\/hcd.malargue.gov.ar\/wp-content\/uploads\/2018\/06\/PDF-JPG.jpg\" alt=\"\" class=\"wp-image-7950\" width=\"123\" height=\"123\" srcset=\"https:\/\/hcd.malargue.gov.ar\/wp-content\/uploads\/2018\/06\/PDF-JPG.jpg 512w, https:\/\/hcd.malargue.gov.ar\/wp-content\/uploads\/2018\/06\/PDF-JPG-150x150.jpg 150w, https:\/\/hcd.malargue.gov.ar\/wp-content\/uploads\/2018\/06\/PDF-JPG-300x300.jpg 300w\" sizes=\"auto, (max-width: 123px) 100vw, 123px\" \/><\/a><\/figure>\n<\/div>\n\n\n<p>En Malarg\u00fce Mendoza a Diecis\u00e9is d\u00edas de Marzo de 2.023, cuando es la hora 9:45 se re\u00fane el Honorable Concejo Deliberante de la Municipalidad de Malarg\u00fce , para celebrar su Sesi\u00f3n Ordinaria- Bajo la Presidencia de su titular D. Andr\u00e9s RISI y la presencia de los Se\u00f1ores concejales: Rosa, Varas, Mosca,. Rojo, Parada, Camiolo, Correa, e Hidalgo. \/ Se firma el Libro de Asistencia, donde consta la ausencia del concejal Mart\u00edn Palma (con Cert. M\u00e9dico) \/ Para dar inicio al desarrollo del Orden del d\u00eda, se invita a &nbsp;&nbsp;la concejal Silvia Beatriz CORREA a izar la Ense\u00f1a Patria. \/ b) Homenaje de los Se\u00f1ores Concejales. Solicita la palabra la concejal CORREA y expresa .luego&nbsp; de reiterar los saludos de forma.&nbsp; La verdad que como lo dije hace un rato&nbsp; la semana pasada tuvimos el discurso del Sr Intendente, en realidad no quise hacer ning\u00fan comentario en el periodo de homenajes, porque sab\u00eda que se estaba haciendo un segundo discurso , aqu\u00ed en la oficina de Presidencia&nbsp; y despu\u00e9s al salir del Concejo y escuchar las declaraciones del Sr Intendente, me d\u00eda cuenta, de la hipocres\u00eda con la que realmente se dirige, no solamente a los concejales sino a toda la comunidad de Malarg\u00fce , porque existi\u00f3 un discurso muy hip\u00f3crita dentro de este recinto, existi\u00f3 un pedido de ser buenas personas. Y del otro lado de la puerta su discurso cambi\u00f3 y se olvid\u00f3 de que hay que ser buenas personas e hizo declaraciones lamentablemente&nbsp; referidas&nbsp; algunos concejales de este Cuerpo. la verdad que no tiene sentido nombrar las cosas que dijo de&nbsp; algunos concejales , ni del Cuerpo de concejales, lamento much\u00edsimo que hoy Malarg\u00fce tenga el intendente que tiene me da verg\u00fcenza ajena, sinceramente, soy &nbsp;parte de la oposici\u00f3n, yo no lo vot\u00e9, no lo acompa\u00f1\u00e9 , pero hoy siento verg\u00fcenza, de que tengamos el intendente que tenemos, no est\u00e1 a la altura de las circunstancias, minti\u00f3, le minti\u00f3&nbsp; a todo el pueblo, nos minti\u00f3 a nosotros , le minti\u00f3 al pueblo y dijo que Malarg\u00fce iba a cambiar, nos minti\u00f3 a nosotros cuando nos dijo que iba a tener reuniones con nosotros, quer\u00eda trabajar con di\u00e1logo, que quer\u00eda hacerse&nbsp; presente, que trabaj\u00e1ramos en conjunto, lo acompa\u00f1\u00e9 a los pocos d\u00edas de haber asumido, para hablar con el gobernador por el tema de la miner\u00eda&nbsp; cuando se estaba tratando la 7722&nbsp; , la modificaci\u00f3n, hubo mucha predisposici\u00f3n&nbsp; de mi parte para trabajar en conjunto y r\u00e1pido y trabajar por los vecinos de&nbsp; Malarg\u00fce , hoy me siento estafada como cada uno de los vecinos, que he tenido la oportunidad de recorrer y hablar con muchos, realmente me siento estafada y realmente entiendo a los vecinos cuando est\u00e1n cansados &nbsp;y no le creen&nbsp; nada m\u00e1s a nadie. Lamento profundamente que no nos crean , yo hace muy poco que estoy en pol\u00edtica , realmente muy poco y me involucr\u00e9 con la intenci\u00f3n de aportar un granito de arena para la comunidad. Yo no soy nacida en Malarg\u00fce pero mis ra\u00edces son malarg\u00fcinas, mis abuelos nacidos en Malarg\u00fce, mi mam\u00e1 nacida en Malarg\u00fce y cuando surgi\u00f3 la posibilidad de esto, la verdad que sent\u00ed la obligaci\u00f3n de dejar un poquito de lo que Malarg\u00fce me hab\u00eda dado, con todo el amor del alma estoy sentada hoy en esta banca y realmente despu\u00e9s de haber escuchado hoy a las vecinas , siento tanta indignaci\u00f3n, hab\u00eda planteado, me hab\u00eda armado much\u00edsimos puntos para cuestionarle al Sr Intendente, pero simplemente voy a decir eso, hoy me da verg\u00fcenza tener el intendente que hoy tiene&nbsp; Malarg\u00fce, Malarg\u00fce no se lo merece, los empleados del Departamento Ejecutivo, los empleados del municipio, no se lo merecen. \u201c\/\/ &nbsp;Cuando es la hora 9:51 la concejal CAMIOLO&nbsp; solicita un cuarto intermedio que es aprobado. \/ A la hora 11:27 se reanuda la Sesi\u00f3n. c) Consideraci\u00f3n Acta Sesi\u00f3n Especial N\u00b004- \u201cE\u201d-2023, Preparatoria 2.023 y &nbsp;&nbsp;&nbsp;&nbsp;&nbsp;&nbsp;Ordinaria N\u00b01.118- \u201cO\u201d-2023 Se ponen a consideraci\u00f3n cada una de las actas de referencia y son aprobadas. &nbsp;\/ d) Lectura del detalle de la correspondencia recibida y emitida.&nbsp; Notas Entradas: 1.Sr. Maximiliano Salvadores solicita hacer uso de Banca del Ciudadano para exponer en torno a proyecto de utilizaci\u00f3n de agua y su declaraci\u00f3n de impacto ambiental. Pasa a SECRETARIA\/ 2. Club Social y Deportivo Municipal de Malarg\u00fce solicita subsidio para compra de material deportivo.\/ Pasa a SECRETARIA DE GOBIERNO &nbsp;\/ 3. Bloque UCR Independiente informa representaci\u00f3n en comisiones permanentes para el presente periodo legislativo.&nbsp; A Secretar\u00eda con copia a Bloques \/ 4.Lic. Juan Manuel Ojeda Intendente Municipal eleva Informe de Gesti\u00f3n Anual seg\u00fan Art. 105 Inc12 de la Ley 1079 Org\u00e1nica de Municipalidades. Pasa a H.P.L.A.C.\/ 5.Concejal Silvia Correa, Bloque Cuidemos Malarg\u00fce, solicita conformaci\u00f3n de la Comisi\u00f3n Especial de Seguimiento de Obra de la Plaza Independencia.&nbsp; Solicita su inclusi\u00f3n en el punto Asuntos Varios. \/ 6.Sra. Vicenta Villalobos en representaci\u00f3n de vecinos de calle Dom\u00ednguez entre Oblatos y Ruta 40 Sur, solicita la inclusi\u00f3n en Presupuesto 2023 de la extensi\u00f3n de la red de gas natural. Pasa a H.P.L.A.C. \/ 7.Sr. Luis Gonz\u00e1lez Gerente General de Training Day ofrece entrenar las habilidades y destrezas como Academia de Capacitaci\u00f3n en \u00c1reas de Miner\u00eda, Movimiento de Suelo y M\u00e1quinas Viales. &nbsp;Pasa a E.H.M.A.S Y C \/ 8.Comisi\u00f3n de Genero, Equidad y Diversidad informa n\u00f3mina de autoridades para el presente periodo legislativo. Pasa a SECRETARIA con copia a Bloques &nbsp;<strong>Notas Emitidas<\/strong>: 1.Al Sr. Fernando Palma, informando que podr\u00e1 hacer uso de la Banca del Ciudadano. \/ 2.A las Sras. Alejandra Zapata y Lorena Mayorga, informando que podr\u00e1 hacer uso de la Banca del Ciudadano.\/ Seguidamente se da lectura a la nota mediante la cual el Sr. Fernando Palma&nbsp; solicita se postergue su convocatoria a la Banca del Ciudadano, por razones particulares. \/ e) Consideraci\u00f3n de los temas que ser\u00e1n incluidos en el punto Asuntos&nbsp;&nbsp;&nbsp;&nbsp; Varios y &nbsp;&nbsp;&nbsp;&nbsp;puesta a consideraci\u00f3n de mociones de tratamientos sobre tablas de diversos &nbsp;&nbsp;Expedientes : En uso de la palabra la concejal VARAS solicita la desafectaci\u00f3n de la Nota HC57&nbsp; Desafectarla de la comisi\u00f3n de Hacienda y para que sea incluida en el punto de asuntos varios, la referencia de la nota y la urgencia , se trata de los vecinos del callej\u00f3n Orlando Argangioletti y por la problem\u00e1tica que padecen&nbsp; en relaci\u00f3n al agua potable y la urgencia se acredita con el vencimiento respecto de una factibilidad. \/ Se pone a consideraci\u00f3n la moci\u00f3n y es aprobada. \/ Luego en uso de la palabra el concejal HIDALGO solicita que se desafecte la Nota HC86-23 que est\u00e1 en la comisi\u00f3n de H.P.L.A.C. para tratar en asuntos varios y la urgencia refiere tambi\u00e9n algo que sucedi\u00f3 reci\u00e9n en la Banca del Ciudadano,nos han llegado documentaci\u00f3n de una donaci\u00f3n por un monto no menor, o sea un monto mayor a veinticinco millones de pesos, en donde en esa documentaci\u00f3n figura un funcionario del gabinete municipal, retirando todos estos materiales y herramientas,&nbsp; \/ neg\u00e1ndose a firmar, considero que es un tema de suma urgencia, que debemos tratarlo incluso citarlo a dar explicaciones ya que ac\u00e1 pueden haber una serie de delitos bastante graves, irregularidades en la administraci\u00f3n p\u00fablica en los fondos, el no cuidado del patrimonio municipal el cual es patrimonio de todos los vecinos y vecinas, y responsabilidad de todos nosotros, como concejales velar y bregar para que se mantenga y se conserve,\/ Se pone a consideraci\u00f3n y es aprobado \/\/ Luego en uso de la palabra la concejal ROJO luego de los saludos de &nbsp;forma. Expresa que la verdad que ha sido una ma\u00f1ana bastante intensa, con la situaci\u00f3n que hemos tenido hoy en la Banca del Ciudadano, el tema es que continuaremos trabajando en ello porque la verdad que es un tema bastante grave. Solicito en este punto la desafectaci\u00f3n de mesa de entradas, del expediente 5240 \u2013HC 52-2023 es un proyecto de Declaraci\u00f3n para acompa\u00f1ar, yo creo que es una de las oficinas que realmente para m\u00ed en lo particular, es bastante funcional dentro de la municipalidad que es la oficina de defensa del consumidor, este d\u00eda lunes van a llevar a cabo, el Primer congreso de Defensa del Consumidor, que tiene que ver justamente con educaci\u00f3n y consumo, hacer la declaraci\u00f3n de este congreso el cual, tambi\u00e9n hemos recibido en particular, a su coordinadora la Sra. Leticia Castro, la invitaci\u00f3n para que seamos participes y difundir bueno cu\u00e1les son los deberes y derechos, y concientizar a todos los consumidores con respecto a satisfacer servicios seguridad comercial y el respaldo tambi\u00e9n que ofrece la oficina, y tiene un programa bastante interesante para poder&nbsp; ver en este congreso. Como se lleva a cabo el d\u00eda lunes, estamos con los tiempos bastante acotados, por eso solicito la&nbsp; desafectaci\u00f3n y el tratamiento sobre tablas de este proyecto \/ Se pone a consideraci\u00f3n la moci\u00f3n de la concejal Rojo y es aprobada. \/ Seguidamente en uso de la palabra la concejal CORREA solicita se incorpore en Asuntos Varios la nota N\u00b05- Conformaci\u00f3n de Comisi\u00f3n de Seguimiento Obra Plaza Independencia. Se pone a consideraci\u00f3n y es aprobada. \/\/ Seguidamente en uso de la palabra el concejal ROSAS expresa &nbsp;solicitar desafectar la nota 5239 de mesa de entrada que refiere a un Proyecto de Comunicaci\u00f3n Reiterar pedido&nbsp; Declarando de Emergencia los caminos, rutas y accesos ganaderos del Departamento. Se pone a consideraci\u00f3n y es aprobado. \/\/ f )&nbsp; &nbsp;&nbsp;Proyectos de los Se\u00f1ores Concejales:<em>&nbsp;1.<\/em>Expte.N\u00ba5.231.HC-051-2.023&nbsp; Proyecto de Resoluci\u00f3n: Solicitar al Departamento Ejecutivo informe sobre la Obra de la Plaza Independencia del Barrio Mart\u00edn Miguel&nbsp; de G\u00fcemes ( BLOQUE RECONSTRUYENDO MALARG\u00dcE) Autor: Concejal Silvina CAMIOLO . Quien&nbsp; solicita que no se lea el articulado&nbsp; ni el formato del proyecto, que sea remitido a la comisi\u00f3n de Obras y en caso que logremos la conformaci\u00f3n que ha solicitado la concejal Correa, sea remitido a la comisi\u00f3n de seguimiento de obra de la Plaza Independencia. \/\/ Pasa a O.P.T Y R.N .\/2.Expte.N\u00b05.232-HC 051-2.023 Proyecto de Ordenanza: Creaci\u00f3n del Consorcio de la Regi\u00f3n Integrada del Sur Mendocino conformada por los Departamentos de San Rafael, General Alvear y Malarg\u00fce (BLOQUE FRENTE DE TODOS) Autores: Concejales Rodrigo Hidalgo y Andr\u00e9s Risi El concejal HIDALGO solicita que pase a la comisi\u00f3n de Hacienda, no es necesario la lectura del mismo, esto viene de un trabajo que se ven\u00eda realizando ya &nbsp;entre los tres&nbsp; Concejos y que por cuestiones ajenas a este Cuerpo no se pudo avanzar por tal motivo es que se toma la decisi\u00f3n de presentarlo como proyecto para que lo podamos trabajar entre todos, desde la comisi\u00f3n correspondiente, y de esta manera poder darle&nbsp; una herramienta al Intendente Juan Manuel Ojeda para que empiece&nbsp; a defender de una vez por todas todos aquellos recursos que le corresponden a Malarg\u00fce &nbsp;en este caso ser\u00edan los recursos de los fondos por Portezuelo del Viento.&nbsp; Esto mismo se est\u00e1 presentando en los dem\u00e1s Concejos Deliberantes y la intenci\u00f3n es una vez aprobadas las piezas legales correspondientes, poder generar la regi\u00f3n integrada del sur y de esa manera poder aunar las fuerzas en un reclamo.&nbsp; Pasa a H.P.L.A.C..\/ 3.Expte.N\u00b05.233-HC 052-2.023 &nbsp;Proyecto de Ordenanza: Declarar de Inter\u00e9s Cultural y Patrimonial Departamental a la \u201cFiesta Departamental del Castronero\u201d (BLOQUE&nbsp; UCR-INDEPENDIENTE) Autor: Concejal Gabriel Rosas. Quien solicita que se env\u00ede a Hacienda y en Hacienda incluir\u00e1 la modificaci\u00f3n correspondiente.&nbsp; No requiere lectura del mismo. \/ &nbsp;Pasa a H.P.L.A.C.\/ 4.Expte.N\u00b05.234-HC 052-2.023 Proyecto de Declaraci\u00f3n: Declarar de Inter\u00e9s Departamental Socio-Inclusivo y Deportivo la producci\u00f3n audiovisual \u201cNada de nosotros sin nosotros\u201d de la Escuela Municipal de Tenis Adaptado. (BLOQUE FRENTE CAMBIA MENDOZA) Autor: Concejal Paola Rojo. Quien en uso de la palabra expresa que este proyecto viene acompa\u00f1ando a una serie de declaraciones que ya hemos venido realizando con este grupo de lo cual hemos tenido todos la oportunidad de participar, hemos recibido invitaciones permanentes del Grupo Tenis Rompiendo Barreras, a &nbsp;cargo del Dr. Federico Espeche y el&nbsp; Prof. Juan Manuel&nbsp; Pardo, y en este&nbsp; proyecto la intenci\u00f3n&nbsp; de presentarlo en el mes de diciembre y ya no ten\u00edamos la oportunidad de tratarlo, porque justamente una producci\u00f3n audiovisual que dec\u00eda \u201cnada de nosotros sin nosotros\u201d, donde participan todos los chicos, ni\u00f1os, j\u00f3venes . adolescentes y adultos, est\u00e1n actualmente llevando a cabo la pr\u00e1ctica, deportiva y lo realizaron en conmemoraci\u00f3n del d\u00eda&nbsp; internacional de la discapacidad . es un proyecto bastante interesante, un video bastante interesante que nos trasmite l\u00f3gicamente un mensaje , no solamente como ya se denomina, \u201crompiendo barreras\u201d que tiene que ver con la inclusi\u00f3n, y no solamente con la inclusi\u00f3n &nbsp;&nbsp;de personas con discapacidad sino tambi\u00e9n a a que nosotros nos vayamos adaptando a las personas con discapacidad . ellos sabemos que vienen pregonando hace bastante tiempo, este tipo de actividades no solamente lo han llevado a cabo en el Departamento de Malarg\u00fce sino tambi\u00e9n a nivel provincial y han llevado a cabo tambi\u00e9n esta actividad en otras provincias, y algo&nbsp; bueno para destacar, porque tambi\u00e9n la verdad me siento bastante orgullosa, porque uno de nuestros compa\u00f1eros de trabajo en este caso el&nbsp; Licenciado Nicol\u00e1s Ramos le est\u00e1 brindando a los profesores la capacitaci\u00f3n&nbsp; en lengua de se\u00f1as universal, para que \u00e9l tenga tambi\u00e9n su cuerpo de t\u00e9cnicos que est\u00e1n a cargo de este proyecto, digamos esta formaci\u00f3n que es bastante interesante , el grupo de chicos que ellos manejan, y bueno un avance en lo social en lo inclusivo en lo educativo y en lo deportivo, as\u00ed que bueno plasmar y declararlo de inter\u00e9s la segunda producci\u00f3n audiovisual, de este grupo entonces acompa\u00f1arlo en todo lo que vayan llevando a cabo. Desde ya agradecerle al Dr Espeche por solicitar que lo acompa\u00f1e con este tipo de acciones y llevarlo a cabo a trav\u00e9s de una declaraci\u00f3n. Solicito el pase a Educaci\u00f3n y no es necesario la lectura.. La concejal CORREA solicita acompa\u00f1ar el proyecto con su firma.&nbsp; \/Pasa&nbsp; a&nbsp; E.H.M.A.S Y C \/ 5.Expte.N\u00b05.235-HC 052-2.023 Proyecto de Resoluci\u00f3n: Adherir al Programa Nacional de Tenencia Responsable y Sanidad de Perros y Gatos PROTENENCIA dependiente del Ministerio de Salud de la Naci\u00f3n. (BLOQUE FRENTE CAMBIA MENDOZA). Autor: Concejal Paola Rojo. &nbsp;Quien en uso de la palabra &nbsp;manifiesta&nbsp; no voy a solicitar lectura de su articulado simplemente hacer una aclaraci\u00f3n en qu\u00e9 consiste este programa&nbsp;&nbsp; y porqu\u00e9 surge justamente esta iniciativa . hace muy poquitos d\u00edas fuimos convocados a una reuni\u00f3n en la que fue tratada en la oficina de defensa al consumidor, y ah\u00ed se plantearon estas situaciones que tenemos que son de publico conocimiento y en este Concejo ya se han&nbsp; hablado con el tema de la problem\u00e1tica que tenemos en el Departamento de&nbsp; Malarg\u00fce con lo que respecta a canes fundamentalmente y los da\u00f1os que bueno estos han ido provocando , que hemos tenido en estos \u00faltimos tiempos, pasa por un tema cultural por ah\u00ed tambi\u00e9n , educativo el tema que seamos responsables con las mascotas y tenemos la oportunidad de escuchar en varias reuniones y encuentros al responsable del \u00e1rea , de veterinaria y zoonosis, y donde el planteo es justamente siempre la falta de recursos humanos y tambi\u00e9n el recurso econ\u00f3mico. En ese encuentro que se mantuvo en esa reuni\u00f3n, que participaron tambi\u00e9n&nbsp; las&nbsp; asociaciones protectoras de animales del departamento tanto AVECOBAM como RAM , se plantea de que hay un programa nacional que justamente se denomina&nbsp; &nbsp;&nbsp;Protenencia, que en el caso de la provincia de Mendoza en el Departamento de Malarg\u00fce particularmente en otros a\u00f1os ha adherido a ese programa un programa que tiene la posibilidad de bajar los recursos econ\u00f3micos&nbsp; que estar\u00edan haciendo falta para esta \u00e1rea. Entonces el proyecto de resoluci\u00f3n indica como lo menciona en el articulado de que ese convenio se reanude para que la funcionalidad que tiene hoy en d\u00eda el \u00e1rea de veterinaria y zoonosis que lo hace al 100% con los recursos que dispone, e fortalezca, es una necesidad que ha sido planteada en varias reuniones en varios encuentros y que l\u00f3gicamente&nbsp; entendemos que no solamente es una cuesti\u00f3n hoy el problema de canes dentro de nuestra comunidad a nivel urbano sino tambi\u00e9n a nivel rural tambi\u00e9n lo ha manifestado el mismo director , no solamente por una cuesti\u00f3n de cantidad sino que tambi\u00e9n apelamos a la sanidad no solamente de las mascotas sino tambi\u00e9n de la poblaci\u00f3n , bueno en el proyecto una vez tratado en comisi\u00f3n van a ver que tenemos hasta cifras de la cantidad de animales que han sido castrados o esterilizados tanto caninos como felinos, y c\u00f3mo ha ido disminuyendo ese tipo de cirug\u00edas lo cual es un n\u00famero que es alarmante&nbsp; porque en lugar de progresar con el tema de las esterilizaciones vamos en un numero cuesta abajo. Entonces simplemente apelar a que el Departamento Ejecutivo y que tambi\u00e9n a trav\u00e9s de las legisladoras&nbsp; del cuarto distrito que pueden tambi\u00e9n interceder ante el Ministerio de salud de la provincia y departamentos de zoonosis de la provincia podamos adherir a este programa nacional , para bajar los recursos que corresponden y que bueno l\u00f3gicamente son necesarios en este momento &nbsp;para el \u00e1rea. Solicito que el mismo&nbsp; sea enviado a la comisi\u00f3n de &nbsp;&nbsp;&nbsp;E.H.M.A.S &nbsp;por una cuesti\u00f3n de higiene , para trabajar tambi\u00e9n el tema de la concientizaci\u00f3n y a la comisi\u00f3n de &nbsp;H.P.L.A.C porque es necesario adherir a un programa nacional y que tiene que ver con lo legislativo. &nbsp;\/ 6.Expte.N\u00b05.236-HC 052-2.023 Proyecto de Resoluci\u00f3n: Solicitar cumplimiento de la Ordenanza N\u00b02.181\/2.022 Programa de Beneficios para Abanderados ,Escoltas y Mejores promedios del \u00faltimo a\u00f1o de las escuelas primarias ,secundarias y terciarias. (BLOQUE ENCUENTRO) Autor: Concejal Francisco Parada quien en uso de la palabra manifiesta Este Cuerpo aprob\u00f3 el a\u00f1o pasado por unanimidad un programa de beneficios para abanderados escoltas &nbsp;&nbsp;y mejores promedios de las escuelas, ya que estamos transitando el ciclo lectivo 2023 , bueno pedimos la aplicaci\u00f3n de este programa . no pido lectura ni de considerandos ni de articulado, simplemente que pase a la comisi\u00f3n de Educaci\u00f3n. \/&nbsp;&nbsp; La concejal ROJO&nbsp; solicita acompa\u00f1ar con su firma el&nbsp; proyecto. \/ . Pasa a E.H.M.A.S Y C \/ 7.Expte.N\u00b05.237-HC 052-2.023 Proyecto de Ordenanza: Regularizar el servicio de agua potable en la Localidad de Bardas Blancas. (BLOQUE ENCUENTRO) Autor: Concejal Francisco Parada . Quien en uso de la palabra manifiesta , tenemos el r\u00edo m\u00e1s caudaloso de la provincia, el cual &nbsp;no aprovechamos pr\u00e1cticamente ni una gota &nbsp;y objetivamente lo digo, el paraje m\u00e1s importante sobre el distrito R\u00edo Grande, Bardas Blancas tiene problemas diarios, de agua potable, ustedes saben que est\u00e1 junto a la ladera del R\u00edo Grande y tiene problemas diarios de agua potable y pedimos obviamente en este proyecto de ordenanza de que se regularice el servicio para la poblaci\u00f3n adem\u00e1s de que se encuentra all\u00ed entre otras cosas con escuela primaria&nbsp; y escuela secundaria la cual&nbsp; asisten diariamente varios alumnos. No pido la lectura de sus considerandos&nbsp;&nbsp; ni articulado simplemente que pase a &nbsp;&nbsp;O.P.T Y R.N y H.P.L.A.C. . El concejal ROSAS solicita&nbsp;&nbsp; acompa\u00f1ar con la firma el expediente. &nbsp;\/ 8.Expte.N\u00b05.238-HC 052-2.023 Proyecto de Resoluci\u00f3n: Pedido de Informe sobre contrataci\u00f3n directa de medios de comunicaci\u00f3n para pautas publicitarias. (BLOQUE CUIDEMOS MALARG\u00dcE) Autor: Concejal Silvia Correa. quien en uso de la palabra manifiesta &nbsp;no hace falta que se lea el proyecto b\u00e1sicamente hacemos el pedido de informe sobre tres decretos de pauta publicitaria del a\u00f1o pasado, nos remitimos obviamente a que la ley nos habilita, la 1079 art.71 inciso 10 nos habilita a hacer pedidos de informes. Solicita el pase a Hacienda y solicita que tenga un tratamiento urgente. &nbsp;Pasa a H.P.L.A.C.&nbsp; Con Tratamiento Preferencial \/ g) Expedientes provenientes del Departamento Ejecutivo :1.Expte.N\u00b04.150\/2022-0 Presidente PV La Perla Federico Gar\u00edn Ref.: Usufructo del predio de 192 Hect\u00e1reas para Proyecto Solar. &nbsp;Pasa a H.P.L.A.C \/ h) Despachos de las Comisiones de Trabajo:- No Ingresados- &nbsp;&nbsp;Cuando es la hora 11:58 la concejal CORREA solicita un cuarto intermedio que se aprueba. \/ A las 12:12 se reanuda la sesi\u00f3n. En uso de la palabra la concejal CORREA solicita una reconsideraci\u00f3n en el punto Asuntos Varios del punto e para desafectar dos notas&nbsp; de mesa de entrada.&nbsp; La nota HC149&nbsp;&nbsp; y la nota HC150&nbsp; .\/&nbsp; Cuando es la hora 12:13 el concejal ROSAS solicita un cuarto intermedio que se aprueba. \/ A las 12:14&nbsp; se reanuda la sesi\u00f3n. La concejal ROJO solicita que les aclare&nbsp; a qu\u00e9 se refieren las notas. La concejal CORREA manifiesta&nbsp; debido a las declaraciones de la Banca del Ciudadano es que hemos ingresado una nota, para pedir la presencia de los funcionarios que fueron nombrados hoy&nbsp;&nbsp; en la banca del ciudadano por la Sra. Lorena Mayorga y Alejandra Zapata, y tambi\u00e9n desafect\u00e9 la nota que hab\u00eda ingresado las dos vecinas donde se deja claro cuales son los funcionarios que estar\u00edan involucrados en los actos irregulares a los que ellas se refirieron hoy. Me parece que realmente la gravedad de las denuncias que ellas expusieron hoy amerita la urgencia del tratamiento hoy. \/\/ &nbsp;&nbsp;Se pone a consideraci\u00f3n la moci\u00f3n&nbsp; de la concejal Correa&nbsp; y es aprobada.\/ i) Asuntos Varios;&nbsp;&nbsp; Cuando es la hora 12:15 &nbsp;el Concejal&nbsp; HIDALGO solicita que el Cuerpo se constituya &nbsp;en Comisi\u00f3n. \/&nbsp; A las 12:49 sale el Cuerpo de Comisi\u00f3n. ; Se da lectura a los despachos en el&nbsp; siguiente orden: 1. Desafectaci\u00f3n notas 149 y 150 solicitadas por la concejal CORREA.&nbsp; Se da lectura a la nota mediante la cual&nbsp; se solicita al Sr Secretario de Ordenamiento Territorial, D Pablo S\u00e1nchez &nbsp;que comparezca&nbsp;&nbsp; el d\u00eda viernes 17 de marzo a las 10:00hs en el Concejo Deliberante a efectos de brindar informaci\u00f3n&nbsp; respecto a las denuncias vertidas&nbsp; por las empleadas municipales&nbsp; en la Banca del Ciudadano&nbsp; en la sesi\u00f3n de la fecha &nbsp;lo que reviste una gravedad importante&nbsp; y que fundamenta la urgencia de su presencia.&nbsp; ( Se adjunta fotocopia de las notas aludidas). \/ Art. 71 Inc. 10 de la Ley Org\u00e1nica de Municipalidades N\u00b01079. \/ Se pone a consideraci\u00f3n&nbsp; la nota y es aprobada. \/\/ 2. Nota HC-86-2023 Concejales del Departamento elevan documentaci\u00f3n referida a donaciones varias efectuadas por la Empresa Potasio R\u00edo Colorado S.A. a favor de la Municipalidad de Malarg\u00fce, a fin de dar cumplimiento al Art. 71 de la Ley Org\u00e1nica de Municipalidades.&nbsp; Reunido el Cuerpo en Comisi\u00f3n sugiere la aprobaci\u00f3n de un proyecto de Resoluci\u00f3n&nbsp; mediante el cual se&nbsp; dispone: Art 1\u00b0 Solicitar al Departamento Ejecutivo Municipal REMITA Inventario de bienes ingresados al patrimonio Municipal&nbsp; en los per\u00edodos 2.022 ,2023 con car\u00e1cter de urgente. Art 2\u00b0 De forma.&nbsp; Se&nbsp; pone a consideraci\u00f3n y es aprobado. \/\/ 3: Expte. N\u00b0&nbsp; 5.240-HV-52-2023&nbsp; Bloque Cambia Mendoza Proyecto&nbsp; de Declaraci\u00f3n : Declarar de Inter\u00e9s Social y Educativo el 1 Congreso de Defensa al Consumidor \u201cEducaci\u00f3n en el Consumo\u201d.&nbsp; Reunido el Cuerpo en comisi\u00f3n sugiere Dar Aprobaci\u00f3n al Proyecto presentado sin modificaciones. \/ Puesto a consideraci\u00f3n es aprobado. \/\/ 4. Expte, N\u00b0 5.239-HC-052-2023 Bloque UCR-Independiente Proyecto de Comunicaci\u00f3n Reiterar pedido, seg\u00fan Resoluci\u00f3n N\u00b0243\/2020 Declarando la Emergencia de caminos , rutas y accesos ganaderos del Departamento.&nbsp;&nbsp; Reunido el Cuerpo en Comisi\u00f3n&nbsp; para el an\u00e1lisis del Expediente de referencia el mismo&nbsp; sugiere&nbsp; Dar Aprobaci\u00f3n al proyecto presentado sin modificaciones. Puesto a consideraci\u00f3n, es aprobado. \/\/ 5. Nota HC -128 2.023 Concejal Silvia Correa&nbsp; Bloque Cuidemos Malarg\u00fce&nbsp; solicita conformaci\u00f3n Comisi\u00f3n Especial de seguimiento de Obra de la Plaza Independencia, en el \u00e1mbito del Honorable Concejo Deliberante.&nbsp; El despacho del Cuerpo en comisi\u00f3n sugiere dar aprobaci\u00f3n a un proyecto de Resoluci\u00f3n: Art. 1\u00b0 Conformar&nbsp; en el \u00e1mbito del HCD&nbsp; la Comisi\u00f3n Especial de Seguimiento de Obra de Remodelaci\u00f3n Plaza Independencia&nbsp; del Barrio Mart\u00edn G\u00fcemes&nbsp; de nuestro Departamento. Seg\u00fan lo establece el Art 76&nbsp; de la Ley 1079 Org\u00e1nica de Municipalidades. \/ Art 2\u00b0 La Comisi\u00f3n Especial de Seguimiento&nbsp; estar\u00e1 conformada por los se\u00f1ores concejales Silvia Correa , Viviana Mosca y Rodrigo Hidalgo. \/ Art 3\u00b0 De forma . &nbsp;Se pone a consideraci\u00f3n el despacho y es aprobado. \/\/6\u00b0Nota HC-057 Vecinos de calle Orlando Arcangioletti&nbsp; exponen problem\u00e1tica con la red de agua potable, solicitan inclusi\u00f3n en el Presupuesto 2023. Reunida la comisi\u00f3n para el tratamiento de la nota de referencia el mismo sugiere dar aprobaci\u00f3n a Un Proyecto de Resoluci\u00f3n por medio del cual se dispone: Art 1\u00b0&nbsp; Solicitar al Departamento Ejecutivo Municipal a trav\u00e9s de Secretar\u00eda de Obras y Servicios Pub licos priorice la ejecuci\u00f3n de la obra Red Distribuidora de Agua Potable para l\u00bf Fraccionamiento&nbsp; ubicado en calle Ruta Nacional N\u00b040&nbsp; Ca\u00f1ada Colorada s\/n Dist. Ciudad del Dpto Malarg\u00fce. \/ Art 2\u00b0 Solicitar al Departamento Ejecutivo&nbsp; a trav\u00e9s de Secretar\u00eda de Obras y Servicios P\u00fablicos y respecto a la obra&nbsp; solicitada en el art\u00edculo 1\u00b0 tenga a bien considerar la vigencia de ejecuci\u00f3n&nbsp; de la obra en funci\u00f3n de la actuaci\u00f3n N\u00b01-00003641 -13 Factibilidad otorgada por la Gerencia T\u00e9cnica Operativa de la Empresa Aguas Mendocinas , cuyo plazo perentorio es al 05 de agosto de 2.023 Art. 3\u00b0 Se acompa\u00f1a junto a la presente resoluci\u00f3n y a tales fines, copia&nbsp; de la nota HC-957-2023 y sus acumulados. \/ Art 4\u00b0 De forma. \/ Se pone a consideraci\u00f3n el despacho y es aprobado. \/\/ &nbsp;\/ j) Acto de arriar el Pabell\u00f3n Nacional a cargo de la concejal que lo iz\u00f3 para lo cual se invita a la concejal Silvia CORREA. Cuando es la hora 13:40 se da por terminada la Sesi\u00f3n. \/ Previa lectura de lo que antecede firman las presentes actuaciones, el Se\u00f1or Presidente y la Se\u00f1ora Secretaria del Honorable Concejo Deliberante de la Municipalidad de&nbsp; Malarg\u00fce \/\/<\/p>\n\n\n\n\n","protected":false},"excerpt":{"rendered":"<p>En Malarg\u00fce Mendoza a Diecis\u00e9is d\u00edas de Marzo de 2.023, cuando es la hora 9:45 se re\u00fane el Honorable Concejo Deliberante de la Municipalidad de Malarg\u00fce , para celebrar su Sesi\u00f3n Ordinaria- Bajo la Presidencia de su titular D. Andr\u00e9s RISI y la presencia de los Se\u00f1ores concejales: Rosa, Varas, Mosca,. Rojo, Parada, Camiolo, Correa, [&hellip;]<\/p>\n","protected":false},"author":5,"featured_media":33337,"comment_status":"closed","ping_status":"closed","sticky":false,"template":"","format":"standard","meta":{"footnotes":""},"categories":[60,52,33,36],"tags":[],"class_list":["post-33397","post","type-post","status-publish","format-standard","has-post-thumbnail","hentry","category-acta-de-sesiones","category-gacetillas","category-prensa","category-sesiones"],"yoast_head":"<!-- This site is optimized with the Yoast SEO plugin v19.10 - https:\/\/yoast.com\/wordpress\/plugins\/seo\/ -->\n<title>ACTA 2\u00b0 SESI\u00d3N ORDINARIA N\u00b01.119-\u201cO\u201d- 16\/3\/2023 - Malarg\u00fce HCD<\/title>\n<meta name=\"robots\" content=\"index, follow, max-snippet:-1, max-image-preview:large, max-video-preview:-1\" \/>\n<link rel=\"canonical\" href=\"https:\/\/hcd.malargue.gov.ar\/?p=33397\" \/>\n<meta property=\"og:locale\" content=\"es_ES\" \/>\n<meta property=\"og:type\" content=\"article\" \/>\n<meta property=\"og:title\" content=\"ACTA 2\u00b0 SESI\u00d3N ORDINARIA N\u00b01.119-\u201cO\u201d- 16\/3\/2023 - Malarg\u00fce HCD\" \/>\n<meta property=\"og:description\" content=\"En Malarg\u00fce Mendoza a Diecis\u00e9is d\u00edas de Marzo de 2.023, cuando es la hora 9:45 se re\u00fane el Honorable Concejo Deliberante de la Municipalidad de Malarg\u00fce , para celebrar su Sesi\u00f3n Ordinaria- Bajo la Presidencia de su titular D. Andr\u00e9s RISI y la presencia de los Se\u00f1ores concejales: Rosa, Varas, Mosca,. Rojo, Parada, Camiolo, Correa, [&hellip;]\" \/>\n<meta property=\"og:url\" content=\"https:\/\/hcd.malargue.gov.ar\/?p=33397\" \/>\n<meta property=\"og:site_name\" content=\"Malarg\u00fce HCD\" \/>\n<meta property=\"article:published_time\" content=\"2023-03-30T11:21:13+00:00\" \/>\n<meta property=\"article:modified_time\" content=\"2023-06-07T11:36:33+00:00\" \/>\n<meta property=\"og:image\" content=\"https:\/\/hcd.malargue.gov.ar\/wp-content\/uploads\/2023\/03\/actas-sesiones.jpg\" \/>\n\t<meta property=\"og:image:width\" content=\"1640\" \/>\n\t<meta property=\"og:image:height\" content=\"924\" \/>\n\t<meta property=\"og:image:type\" content=\"image\/jpeg\" \/>\n<meta name=\"author\" content=\"Belen Pedernera Ferragut\" \/>\n<meta name=\"twitter:card\" content=\"summary_large_image\" \/>\n<meta name=\"twitter:label1\" content=\"Escrito por\" \/>\n\t<meta name=\"twitter:data1\" content=\"Belen Pedernera Ferragut\" \/>\n\t<meta name=\"twitter:label2\" content=\"Tiempo de lectura\" \/>\n\t<meta name=\"twitter:data2\" content=\"23 minutos\" \/>\n<script type=\"application\/ld+json\" class=\"yoast-schema-graph\">{\"@context\":\"https:\/\/schema.org\",\"@graph\":[{\"@type\":\"WebPage\",\"@id\":\"https:\/\/hcd.malargue.gov.ar\/?p=33397\",\"url\":\"https:\/\/hcd.malargue.gov.ar\/?p=33397\",\"name\":\"ACTA 2\u00b0 SESI\u00d3N ORDINARIA N\u00b01.119-\u201cO\u201d- 16\/3\/2023 - Malarg\u00fce HCD\",\"isPartOf\":{\"@id\":\"https:\/\/hcd.malargue.gov.ar\/#website\"},\"datePublished\":\"2023-03-30T11:21:13+00:00\",\"dateModified\":\"2023-06-07T11:36:33+00:00\",\"author\":{\"@id\":\"https:\/\/hcd.malargue.gov.ar\/#\/schema\/person\/3fd6bbab64edd703961b795156c955d0\"},\"breadcrumb\":{\"@id\":\"https:\/\/hcd.malargue.gov.ar\/?p=33397#breadcrumb\"},\"inLanguage\":\"es-AR\",\"potentialAction\":[{\"@type\":\"ReadAction\",\"target\":[\"https:\/\/hcd.malargue.gov.ar\/?p=33397\"]}]},{\"@type\":\"BreadcrumbList\",\"@id\":\"https:\/\/hcd.malargue.gov.ar\/?p=33397#breadcrumb\",\"itemListElement\":[{\"@type\":\"ListItem\",\"position\":1,\"name\":\"Inicio\",\"item\":\"https:\/\/hcd.malargue.gov.ar\/\"},{\"@type\":\"ListItem\",\"position\":2,\"name\":\"ACTA 2\u00b0 SESI\u00d3N ORDINARIA N\u00b01.119-\u201cO\u201d- 16\/3\/2023\"}]},{\"@type\":\"WebSite\",\"@id\":\"https:\/\/hcd.malargue.gov.ar\/#website\",\"url\":\"https:\/\/hcd.malargue.gov.ar\/\",\"name\":\"Malarg\u00fce HCD\",\"description\":\"Malarg\u00fce Mendoza Argentina\",\"potentialAction\":[{\"@type\":\"SearchAction\",\"target\":{\"@type\":\"EntryPoint\",\"urlTemplate\":\"https:\/\/hcd.malargue.gov.ar\/?s={search_term_string}\"},\"query-input\":\"required name=search_term_string\"}],\"inLanguage\":\"es-AR\"},{\"@type\":\"Person\",\"@id\":\"https:\/\/hcd.malargue.gov.ar\/#\/schema\/person\/3fd6bbab64edd703961b795156c955d0\",\"name\":\"Belen Pedernera Ferragut\",\"image\":{\"@type\":\"ImageObject\",\"inLanguage\":\"es-AR\",\"@id\":\"https:\/\/hcd.malargue.gov.ar\/#\/schema\/person\/image\/\",\"url\":\"https:\/\/secure.gravatar.com\/avatar\/1054ffab3893de4bb3eb29bdd22f7e34b8537bf5d34d9dab311818154ad5b71f?s=96&d=mm&r=g\",\"contentUrl\":\"https:\/\/secure.gravatar.com\/avatar\/1054ffab3893de4bb3eb29bdd22f7e34b8537bf5d34d9dab311818154ad5b71f?s=96&d=mm&r=g\",\"caption\":\"Belen Pedernera Ferragut\"},\"url\":\"https:\/\/hcd.malargue.gov.ar\/?author=5\"}]}<\/script>\n<!-- \/ Yoast SEO plugin. -->","yoast_head_json":{"title":"ACTA 2\u00b0 SESI\u00d3N ORDINARIA N\u00b01.119-\u201cO\u201d- 16\/3\/2023 - Malarg\u00fce HCD","robots":{"index":"index","follow":"follow","max-snippet":"max-snippet:-1","max-image-preview":"max-image-preview:large","max-video-preview":"max-video-preview:-1"},"canonical":"https:\/\/hcd.malargue.gov.ar\/?p=33397","og_locale":"es_ES","og_type":"article","og_title":"ACTA 2\u00b0 SESI\u00d3N ORDINARIA N\u00b01.119-\u201cO\u201d- 16\/3\/2023 - Malarg\u00fce HCD","og_description":"En Malarg\u00fce Mendoza a Diecis\u00e9is d\u00edas de Marzo de 2.023, cuando es la hora 9:45 se re\u00fane el Honorable Concejo Deliberante de la Municipalidad de Malarg\u00fce , para celebrar su Sesi\u00f3n Ordinaria- Bajo la Presidencia de su titular D. Andr\u00e9s RISI y la presencia de los Se\u00f1ores concejales: Rosa, Varas, Mosca,. Rojo, Parada, Camiolo, Correa, [&hellip;]","og_url":"https:\/\/hcd.malargue.gov.ar\/?p=33397","og_site_name":"Malarg\u00fce HCD","article_published_time":"2023-03-30T11:21:13+00:00","article_modified_time":"2023-06-07T11:36:33+00:00","og_image":[{"width":1640,"height":924,"url":"https:\/\/hcd.malargue.gov.ar\/wp-content\/uploads\/2023\/03\/actas-sesiones.jpg","type":"image\/jpeg"}],"author":"Belen Pedernera Ferragut","twitter_card":"summary_large_image","twitter_misc":{"Escrito por":"Belen Pedernera Ferragut","Tiempo de lectura":"23 minutos"},"schema":{"@context":"https:\/\/schema.org","@graph":[{"@type":"WebPage","@id":"https:\/\/hcd.malargue.gov.ar\/?p=33397","url":"https:\/\/hcd.malargue.gov.ar\/?p=33397","name":"ACTA 2\u00b0 SESI\u00d3N ORDINARIA N\u00b01.119-\u201cO\u201d- 16\/3\/2023 - Malarg\u00fce HCD","isPartOf":{"@id":"https:\/\/hcd.malargue.gov.ar\/#website"},"datePublished":"2023-03-30T11:21:13+00:00","dateModified":"2023-06-07T11:36:33+00:00","author":{"@id":"https:\/\/hcd.malargue.gov.ar\/#\/schema\/person\/3fd6bbab64edd703961b795156c955d0"},"breadcrumb":{"@id":"https:\/\/hcd.malargue.gov.ar\/?p=33397#breadcrumb"},"inLanguage":"es-AR","potentialAction":[{"@type":"ReadAction","target":["https:\/\/hcd.malargue.gov.ar\/?p=33397"]}]},{"@type":"BreadcrumbList","@id":"https:\/\/hcd.malargue.gov.ar\/?p=33397#breadcrumb","itemListElement":[{"@type":"ListItem","position":1,"name":"Inicio","item":"https:\/\/hcd.malargue.gov.ar\/"},{"@type":"ListItem","position":2,"name":"ACTA 2\u00b0 SESI\u00d3N ORDINARIA N\u00b01.119-\u201cO\u201d- 16\/3\/2023"}]},{"@type":"WebSite","@id":"https:\/\/hcd.malargue.gov.ar\/#website","url":"https:\/\/hcd.malargue.gov.ar\/","name":"Malarg\u00fce HCD","description":"Malarg\u00fce Mendoza Argentina","potentialAction":[{"@type":"SearchAction","target":{"@type":"EntryPoint","urlTemplate":"https:\/\/hcd.malargue.gov.ar\/?s={search_term_string}"},"query-input":"required name=search_term_string"}],"inLanguage":"es-AR"},{"@type":"Person","@id":"https:\/\/hcd.malargue.gov.ar\/#\/schema\/person\/3fd6bbab64edd703961b795156c955d0","name":"Belen Pedernera Ferragut","image":{"@type":"ImageObject","inLanguage":"es-AR","@id":"https:\/\/hcd.malargue.gov.ar\/#\/schema\/person\/image\/","url":"https:\/\/secure.gravatar.com\/avatar\/1054ffab3893de4bb3eb29bdd22f7e34b8537bf5d34d9dab311818154ad5b71f?s=96&d=mm&r=g","contentUrl":"https:\/\/secure.gravatar.com\/avatar\/1054ffab3893de4bb3eb29bdd22f7e34b8537bf5d34d9dab311818154ad5b71f?s=96&d=mm&r=g","caption":"Belen Pedernera Ferragut"},"url":"https:\/\/hcd.malargue.gov.ar\/?author=5"}]}},"_links":{"self":[{"href":"https:\/\/hcd.malargue.gov.ar\/index.php?rest_route=\/wp\/v2\/posts\/33397","targetHints":{"allow":["GET"]}}],"collection":[{"href":"https:\/\/hcd.malargue.gov.ar\/index.php?rest_route=\/wp\/v2\/posts"}],"about":[{"href":"https:\/\/hcd.malargue.gov.ar\/index.php?rest_route=\/wp\/v2\/types\/post"}],"author":[{"embeddable":true,"href":"https:\/\/hcd.malargue.gov.ar\/index.php?rest_route=\/wp\/v2\/users\/5"}],"replies":[{"embeddable":true,"href":"https:\/\/hcd.malargue.gov.ar\/index.php?rest_route=%2Fwp%2Fv2%2Fcomments&post=33397"}],"version-history":[{"count":5,"href":"https:\/\/hcd.malargue.gov.ar\/index.php?rest_route=\/wp\/v2\/posts\/33397\/revisions"}],"predecessor-version":[{"id":34146,"href":"https:\/\/hcd.malargue.gov.ar\/index.php?rest_route=\/wp\/v2\/posts\/33397\/revisions\/34146"}],"wp:featuredmedia":[{"embeddable":true,"href":"https:\/\/hcd.malargue.gov.ar\/index.php?rest_route=\/wp\/v2\/media\/33337"}],"wp:attachment":[{"href":"https:\/\/hcd.malargue.gov.ar\/index.php?rest_route=%2Fwp%2Fv2%2Fmedia&parent=33397"}],"wp:term":[{"taxonomy":"category","embeddable":true,"href":"https:\/\/hcd.malargue.gov.ar\/index.php?rest_route=%2Fwp%2Fv2%2Fcategories&post=33397"},{"taxonomy":"post_tag","embeddable":true,"href":"https:\/\/hcd.malargue.gov.ar\/index.php?rest_route=%2Fwp%2Fv2%2Ftags&post=33397"}],"curies":[{"name":"wp","href":"https:\/\/api.w.org\/{rel}","templated":true}]}}