{"id":33559,"date":"2023-04-18T09:29:10","date_gmt":"2023-04-18T12:29:10","guid":{"rendered":"https:\/\/hcd.malargue.gov.ar\/?p=33559"},"modified":"2023-06-07T08:47:17","modified_gmt":"2023-06-07T11:47:17","slug":"acta-sesion-ordinaria-n-1-120-0-2-023-23-03-23","status":"publish","type":"post","link":"https:\/\/hcd.malargue.gov.ar\/?p=33559","title":{"rendered":"ACTA 3\u00b0 SESI\u00d3N ORDINARIA N\u00b0 1.120-\u201c0\u201d- 23\/03\/2023"},"content":{"rendered":"<div class=\"wp-block-image\">\n<figure class=\"alignright size-full is-resized\"><a href=\"http:\/\/hcd.malargue.gov.ar\/hcdpdf\/ORDINARIA%20N%201120%202023.pdf\"><img loading=\"lazy\" decoding=\"async\" src=\"https:\/\/hcd.malargue.gov.ar\/wp-content\/uploads\/2018\/06\/PDF-JPG.jpg\" alt=\"\" class=\"wp-image-7950\" width=\"109\" height=\"109\" srcset=\"https:\/\/hcd.malargue.gov.ar\/wp-content\/uploads\/2018\/06\/PDF-JPG.jpg 512w, https:\/\/hcd.malargue.gov.ar\/wp-content\/uploads\/2018\/06\/PDF-JPG-150x150.jpg 150w, https:\/\/hcd.malargue.gov.ar\/wp-content\/uploads\/2018\/06\/PDF-JPG-300x300.jpg 300w\" sizes=\"auto, (max-width: 109px) 100vw, 109px\" \/><\/a><\/figure>\n<\/div>\n\n\n<p>En&nbsp; Malarg\u00fce Mendoza a Veintitres d\u00edas de marzo de 2023, cuando es la hora 09:48 se re\u00fane el Honorable Concejo Deliberante&nbsp; de la Municipalidad de Malarg\u00fce , para celebrar&nbsp; su Sesi\u00f3n Ordinaria. Bajo la Presidencia de su titular Concejal Andr\u00e9s RISI y la presencia de los se\u00f1ores concejales Rosas, Varas, Mosca, Rojo, Parada, Camiolo, Correa e Hidalgo . Se firma el Libro de Asistencia donde consta la ausencia del concejal Mart\u00edn Palma c\/ Certificado M\u00e9dico. \/\/ Para dar inicio al desarrollo del orden del d\u00eda, se invita a la concejal&nbsp; Viviana Alejandra MOSCA .\/ b)&nbsp; b) Homenaje de los Se\u00f1ores Concejales Solicita la palabra el concejal HIDALGO&nbsp; quien expresa,&nbsp; Perm\u00edtame hacer alusi\u00f3n a la iniciativa que se est\u00e1 dando en la legislatura provincial, en donde en la sala de las mujeres a trav\u00e9s de la incorporaci\u00f3n de&nbsp; una placa, se va a hacer reconocimiento de todas aquellas mujeres que trabajaron en el \u00e1mbito legislativo , en \u00e9pocas de la dictadura, y no figuran en ning\u00fan lado, esto me parece una excelente iniciativa, que todos tenemos que ver que &nbsp;esas acciones se da en el marco del d\u00eda de la memoria por la verdad y la justicia, ma\u00f1ana 24 de marzo , se cumple un a\u00f1o m\u00e1s de la dictadura , el golpe de estado. Dictadura de las m\u00e1s sangrientas que ha tenido Latinoam\u00e9rica , dictadura que si bien tuvo o se puede leer&nbsp; en la historia como que fue incentivada por poderes extranjeros, esta \u00faltima tuvo un condimento especial, y es que utilizaron los medios de comunicaci\u00f3n , tambi\u00e9n debe ser uno de los poderes m\u00e1s macabros que pueden haber , para manipular la opini\u00f3n p\u00fablica, ocultar todos los hechos que se estaban dando en la Argentina&nbsp; e incluso instaurar ideas totalmente err\u00f3neas sobre lo que estaba bien y lo que estaba mal, recuerdo en algunos videos haber visto a algunos exmilitares, hablar sobre que los j\u00f3venes no deb\u00edan tener tiempo para pensar, me guardo una imagen tambi\u00e9n de una enfermera, haciendo la se\u00f1al de silencio, y una frase que dec\u00eda \u201cel silencio es salud\u201d, recuerdo tambi\u00e9n una frase muy instalada la cual considero que fue por ah\u00ed como para desdibujar todo aquello grav\u00edsimo que estaba sucediendo , donde dec\u00edan \u201cAlgo habr\u00e1n hecho\u201d, y la verdad que a mi entender ese \u201calgo habr\u00e1n hecho\u201d , no fue m\u00e1s que pelear por el pa\u00eds que nos merec\u00edamos, en aquel momento y que nos seguimos mereciendo ahora. Creo que la historia repite a lo largo del tiempo, algunos sucesos y es que nosotros los que tenemos participaci\u00f3n activa, los ciudadanos vecinos y vecinas, permitimos que se den algunas cuestiones, como son la corrupci\u00f3n, la impunidad. No quiero ser exagerado, pero creo que todos tenemos responsabilidad, todos los ciudadanos de todos los lugares, si bien nosotros vivimos en un pueblito peque\u00f1o, y alejado, quiero hacer&nbsp; un llamado a toda la poblaci\u00f3n un llamado a la reflexi\u00f3n, de lo que pas\u00f3 en aquel momento, no olvidar, pero tampoco permitir &nbsp;que se empiecen a dar algunos hechos los cuales pueden&nbsp; llegar a generar cierta naturalizaci\u00f3n como dec\u00eda reci\u00e9n de la impunidad de la corrupci\u00f3n. Aqu\u00ed en Malarg\u00fce hoy tenemos niveles alt\u00edsimos de eso y pedirle a todos los vecinos, que no bajen la voz jam\u00e1s, en el reclamo por el lugar, que todos nos merecemos.\u201d\/ PRESIDENCIA solicita autorizaci\u00f3n para expresarse. (Es autorizado) : Bueno tambi\u00e9n para homenajear , para m\u00ed es un d\u00eda muy particular, quienes tenemos familiares torturados, y desaparecidos, es un d\u00eda complejo, quienes hemos padecido el terror, proveniente del Estado, quien es el encargado de cuidarnos, de velar por nuestra seguridad&nbsp; y hemos padecido todo ese terror en primera mano, es un d\u00eda muy complejo, nosotros por el simple hecho de estar ac\u00e1, &nbsp;&nbsp;hoy ser\u00edamos candidatos a desaparecer, (perd\u00f3n que me cueste hablar) simplemente eso homenajear a las personas que ya no est\u00e1n , como dijo el concejal Hidalgo, velar por un mundo mejor , perd\u00f3n, me gustar\u00eda comentar muchas cosas m\u00e1s, pero me va a costar, decir que la pobreza estructural que tiene el pa\u00eds, lo que vimos ayer con estas personas que fueron desalojadas que vinieron a vernos, es en gran parte, consecuencia de un modelo de pa\u00eds. que todav\u00eda hoy estamos tratando de levantar, y que proviene de ese momento. &nbsp;Esa dictadura que entreg\u00f3 los bienes de la patria y que hoy todav\u00eda estamos tratando de recuperar y que no vamos a bajar los brazos \u2026, bueno en homenaje a esas personas&nbsp; que ya no est\u00e1n y que dejan de por vida una marca, por lo que han padecido\u201d \/\/&nbsp; Cuando es la hora 9:57 la concejal CAMIOLO&nbsp; solicita&nbsp; un cuarto intermedio que es aprobado. \/&nbsp; A las 10:00 se reanuda la Sesi\u00f3n. &nbsp;.\/ c) Consideraci\u00f3n Acta Sesi\u00f3n Ordinaria N\u00b01.119- \u201cO\u201d-2023 .&nbsp; Se pone a consideraci\u00f3n de los se\u00f1ores ediles y es aprobada. \/\/ &nbsp;\/ d) Lectura del detalle de la correspondencia recibida y emitida. Notas Entradas: 1.Vecinos de Agua Escondida solicitan regularizaci\u00f3n de terrenos que ocupan correspondientes a las manzanas A, B y C seg\u00fan plano catastral a fin de obtener el suministro el\u00e9ctrico en sus hogares &nbsp;Pasa a H.P.L.A.C. .\/ 2.Sr. David Cayetano Dom\u00ednguez solicita hacer uso de Banca del Ciudadano a fin de exponer su situaci\u00f3n como emprendedor y la desadjudicaci\u00f3n de lote en zona de servicios.Pasa a SECRETARIA &nbsp;\/3.Departamento Ejecutivo remite informe de la Direcci\u00f3n de Obras P\u00fablicas en respuesta a solicitud sobre&nbsp; Plan de Obras 2023. Pasa a H.P.L.A.C..&nbsp; \/4.Sra. Marcela Naranjo, Vecina de Barrio Colonia H\u00edpica, solicita hacer uso de Banca del Ciudadano a fin de exponer problem\u00e1tica del barrio. Pasa a SECRETARIA &nbsp;\/ 5.Dr. Carlos Ferrer Presidente de la C\u00e1mara de Servicios Mineros Mendoza, remite copia de Acta de Requerimiento Notarial al Gobernador Suarez referidos a irregularidades en la gesti\u00f3n del Proyecto Potasio Rio Colorado. Pasa a H.P.L.A.C. &nbsp;\/6.Prof. Pablo S\u00e1nchez, Secretario de Desarrollo Territorial y Urbanismo, informa imposibilidad de asistir a convocatoria del H.C.D.&nbsp;&nbsp;&nbsp;&nbsp;&nbsp;&nbsp; e informa que cuenta con documentaci\u00f3n respaldatoria de los elementos aludidos en la Banca del Ciudadano.Pasa a H.P.L.A.C. &nbsp;\/ 7.Comisi\u00f3n de Hacienda, Presupuesto, Legislaci\u00f3n y Asuntos Constitucionales, informa n\u00f3mina de autoridades para conocimiento. Pasa a Secretar\u00eda&nbsp; con copia a Bloques \/8.Comisi\u00f3n de Obras P\u00fablicas, Turismo y Recursos Naturales, informa n\u00f3mina de autoridades para conocimiento. .A Secretar\u00eda&nbsp; con copia a Bloques&nbsp; \/9.Sras. Lorena Mayorga y Alejandra Zapata, elevan sobre cerrado con elementos respaldatorios sobre denuncia efectuada en uso de la Banca del Ciudadano. Pasa a H.P.L.A.C. \/10.Sr. Maximiliano Salvadores, manifiesta su preocupaci\u00f3n por la existencia de \u00e1rboles secos en los espacios p\u00fablicos de la ciudad \/ Al respecto Presidencia expresa que quiere recordar que hay un&nbsp; pedido de informe que no se ha contestado respecto del riego de los arbolados. \/ .Pasa a O.P.T Y R.N &nbsp;\/11.Escuela Aborigen Americano solicita&nbsp; colaboraci\u00f3n para realizaci\u00f3n de Torneo de Voley. Pasa a Secretar\u00eda de Gobierno. \/12.Sra. Marcela Iba\u00f1ez en representaci\u00f3n de Vecinos de la Zona Este de la Ciudad solicita hacer uso de Banca del Ciudadano a fin de exponer en torno a ruidos molestos de parte de&nbsp; f\u00e1brica de Durlock. \/Pasa a SECRETARIA \/13.Vecinos de Barrio 60 Aniversario e Independencia, solicitan inclusi\u00f3n de la Obra Red de Gas en el Presupuesto 2023, dado que cuenta con Propuesta de Traza con vigencia pr\u00f3xima a vencer. Pasa a H.P.L.A.C &nbsp;\/14 .Sr. Ram\u00f3n Francisco Montiel Director de Centro de Gesti\u00f3n Zona 5 y Personal de dicho Centro,&nbsp; solicitan hacer uso de la Banca del Ciudadano ejerciendo el derecho a r\u00e9plica por los dichos vertidos por las ciudadanas Lorena Mayorga y Alejandra Zapata.\/La concejal CAMIOLO&nbsp; solicita que sea enviado a la comisi\u00f3n de Hacienda y que se eval\u00fae la oportunidad de ser citado , dado que se trata de funcionario. \/ La concejal ROJO expresa sobre esta nota, hacer una aclaraci\u00f3n y esto yo creo que para cualquier vecino que haga la solicitud de la banca del ciudadano, porque en esta nota puntualmente se pide una fecha que en realidad la solicita para el d\u00eda de hoy , y en esto hago hincapi\u00e9 a respetar justamente estos procedimientos , que el Concejo Deliberante&nbsp; sostiene y mantiene, por lo que venimos bregando permanentemente. No es una cuesti\u00f3n de venir y presentarme a mesa de entradas , solicitar mi derecho a r\u00e9plica , solicitar por nota una fecha en particular, cuando sabemos y siempre lo aclaramos cuando hemos tenido la oportunidad de contar con un vecino que hace uso de la banca, o en este caso tambi\u00e9n cuando tenemos la n\u00f3mina de pedidos de banca del ciudadano siempre es aclaratorio que por Secretar\u00eda se le dar\u00e1 fecha en funci\u00f3n al orden&nbsp; de notas que van ingresando, ya tenemos de acuerdo a esta n\u00f3mina pr\u00e1cticamente tenemos tres notas y esta ser\u00eda la cuarta pero para que eso quede claro, no solamente para en este caso en particular, sino para cualquier vecino , porque estamos hablando justamente de la banca del ciudadano, de que no es una cuesti\u00f3n de decir, yo quiero, la fecha tal porque es una fecha por una urgencia, o necesidad lo solicito, sino porque hay un procedimiento y una resoluci\u00f3n que est\u00e1 muy clara donde se establece c\u00f3mo, cu\u00e1l es la modalidad, la metodolog\u00eda para ser utilizada , esto en cuesti\u00f3n de que la nota elevada a su nombre Sr. Presidente y no es una&nbsp; decisi\u00f3n que tome el vecino que la solicita sino que es un procedimiento que debemos cumplir &nbsp;como lo hacemos con cualquier otro con respecto al Concejo Deliberante, simplemente eso. \/ La concejal CAMIOLO manifiesta, por otro lado tambi\u00e9n, por lo que entiendo ser\u00eda el quinto en la lista, creo que tenemos el tiempo los concejales tambi\u00e9n de evaluar, luego de la banca del ciudadano, de las ciudadanas que adem\u00e1s son empleadas&nbsp; municipales y hemos sido testigos de muchas situaciones de amedrentamiento y de otros empleados municipales que adem\u00e1s nos han expresado sus temores de exponer cualquier tipo de informaci\u00f3n o situaci\u00f3n que est\u00e1 pasando las mas de las veces de para mejorar el funcionamiento administrativo&nbsp; del municipio, y entendiendo que ha existido esta situaci\u00f3n de represalia es que solicito que la comisi\u00f3n de Hacienda eval\u00fae la pertinencia de ser citado a la comisi\u00f3n de hecho, o de que haga uso de la banda del ciudadano pero que lo podamos evaluar mejor, ser\u00eda el quinto turno , por lo tanto reci\u00e9n podr\u00edan hacer uso de la banca del ciudadano, por lo que saco el c\u00e1lculo&nbsp; dentro de un mes y una semana&nbsp; o un poco m\u00e1s, entonces prefiero que lo veamos, por eso lo pongo a consideraci\u00f3n , lo revisemos en la comisi\u00f3n y si est\u00e1 la oportunidad desde la misma comisi\u00f3n , se da el turno, ya sea para la banca o para ser recibido en la comisi\u00f3n de Hacienda. \/ El concejal ROSAS en uso de la palabra manifiesta que la verdad que de acuerdo con la concejal Rojo y la Concejal Camiolo , creo que ser\u00eda m\u00e1s productivo , m\u00e1s eficiente que venga a la comisi\u00f3n porque si nos regimos por el reglamento, por los diez minutos &nbsp;&nbsp;y puede \u00e9l expresarse y contestar preguntas, creo que todos tenemos preguntas para hacerle y se ve que muy preocupado creo que est\u00e1 y esperar un mes, creo que ser\u00eda much\u00edsimo tiempo, coincido totalmente esto hay que hacerlo urgente, citarlo a \u00e9l no en calidad de jueces ni nada, se entiende el tema, no, pero s\u00ed con las pruebas&nbsp; que han tra\u00eddo los empleados municipales, la verdad que me molesta mucho la situaci\u00f3n que est\u00e1 viviendo los seres humanos de&nbsp; Malarg\u00fce y creo que a mi punto de vista, pr\u00e1cticamente&nbsp; pasando un mal rato, llam\u00e9moslo as\u00ed, entonces nosotros nos tenemos que preocupar y ocupar lo antes posible , para la semana que viene m\u00e1s tardar o si puede ser hoy o ma\u00f1ana , no estos de acuerdo que se le de la banca del ciudadano&nbsp; ya que es un funcionario y tenemos much\u00edsimas preguntas para hacerle.\/ La concejal VARAS manifiesta que solamente para marcar que si este va a ser el procedimiento quiero expresar un deseo y es que ojala se presenten con la inmediatez que tiene este tema, porque la verdad que no hemos tenido suerte, en las \u00faltimas comisiones en las que hemos citado a funcionarios as\u00ed que espero que advirtiendo su nota y su pedido por derecho a r\u00e9plica se presente en el marco de la comisi\u00f3n y brinde todas las aclaraciones que pidamos. \/ El concejal HIDALGO manifiesta principalmente acompa\u00f1ar lo que han dicho los concejales , la concejal Camiolo&nbsp; me parece correcto&nbsp; citarlo a comisi\u00f3n &nbsp;, como dice la concejal Varas, que se presente&nbsp; y ojal\u00e1 que se presente a dar las explicaciones y si es por derecho a r\u00e9plica creo que tiene un mont\u00f3n de medios a disposici\u00f3n en los cuales est\u00e1n poniendo much\u00edsimo dinero para hacerlo. Me parece que este no es el lugar para el derecho a r\u00e9plica, sino es otro \u00e1mbito. \/\/ La concejal CORREA manifiesta me uno a las palabras de los se\u00f1ores concejales, pero bueno un poco escuchando al concejal Rosas, entiendo que hay una urgencia en citarlos y me parece que le podr\u00edamos dar tratamiento preferencial en la comisi\u00f3n para que no esperemos ni quince d\u00edas ni un mes, y a la brevedad podamos convocar a los funcionarios. \/ PRESIDENCIA manifiesta entendiendo que las decisiones del Cuerpo son soberanas, ver tambi\u00e9n el tema, el motivo , derecho a r\u00e9plica no es una figura legal en Mendoza y no es uno de los puntos que la resoluci\u00f3n de la banca considera , pero bueno que el Cuerpo lo decida me parece lo m\u00e1s correcto, tal como lo han planteado en la comisi\u00f3n de Hacienda. \/\/&nbsp; Pasa a H.P.L.A.C. con Tratamiento Preferencial. \/ La concejal ROJO manifiesta simplemente&nbsp; tambi\u00e9n cuando a los&nbsp; concejales nos reclaman algunas situaciones&nbsp; de que tenemos que salir a pedir disculpas&nbsp; por algunos comentarios o dichos que se hace justamente en el Concejo Deliberante y que realizamos&nbsp; en el Concejo Deliberante, yo creo que tambi\u00e9n va a ser una oportunidad para que el funcionario que ha pedido justamente la banca, solicite o lleve a cabo las disculpas correspondientes por justamente&nbsp; usar t\u00e9rminos que me parece que no lleva al caso, como lo manej\u00f3 con las redes sociales, cuando hizo referencia a este Concejo y sobre todo a su persona cuando se iba a dar el tema de las ciudadanas que solicitaron la banca en caso de una empleada municipal Lorena&nbsp; Mayorga y Alejandra Zapata, bueno que no nos ten\u00edamos que prestar ya sabemos para qu\u00e9, no quiero mencionarlo porque no quiero llegar a la misma bajeza que lo hicieron ellos, este caso estas personas que l\u00f3gicamente como funcionarios&nbsp; p\u00fablicos tenemos que ser cautos y respetuosos , no solamente en lo que decimos sino tambi\u00e9n, de la manera que nos manifestamos. Entonces considero oportuno que se hagan presente&nbsp;&nbsp; en la comisi\u00f3n de Hacienda, simplemente aclarar ese punto &nbsp;\/ PRESIDENCIA manifiesta que teniendo en cuenta tantas solicitudes de banca, ser\u00eda oportuno pedirle a Prensa que informe la Resoluci\u00f3n de la Banca del Ciudadano. Cual es su contenido. \/ la concejal CORREA sugiere que se haga una publicaci\u00f3n de la Resoluci\u00f3n porque a toda la ciudadan\u00eda le sirve tener la informaci\u00f3n y saber c\u00f3mo se va a presentar. Antes de llegar ac\u00e1 y encontrarse con la ordenanza. &nbsp;Y todo este tipo de planteos. \/\/ 15. Honorable Concejo Deliberante de Lavalle informa n\u00f3mina de autoridades y su conformaci\u00f3n para el periodo 2023. Pasa a SECRETAR\u00cdA con copia a Bloques. &nbsp;<strong>Notas Emitidas<\/strong>: 1 .Al Sr. Intendente Municipal solicitando pr\u00e9stamo de movilidades para traslado a la zona rural. \/2.. Al Sr. Pablo S\u00e1nchez Secretario de Ordenamiento Territorial y Urbanismo&nbsp; solicitando asista al H.C.D para brindar informaci\u00f3n respecto a denuncias realizadas en Banca del Ciudadano.\/3.A la Sra. Secretaria de Gobierno, remitiendo nota HC 120\/2023 Club social y Deportivo Municipal solicitud de subsidio para adquisici\u00f3n de material deportivo. \/4.Al Sr. Director&nbsp; y Sr. Jefe de Sub Zona de Vialidad Provincial, Responsable de Unidad Ejecutora de Vialidad Nacional, Legisladoras Provinciales por el Departamento y Legisladores Nacionales por Mendoza remitiendo copia de Comunicaci\u00f3n N\u00ba 480\/2023 solicitando se declare la Emergencia de Caminos, Rutas y Accesos Ganaderos. \/5.A la Sra. Directora y Responsable local de Defensa al Consumidor, Juzgado de Paz, Legisladores Provinciales por el 4\u00ba Distrito, Direcci\u00f3n General de Escuelas, C\u00e1mara de comercio y Polic\u00eda de Mendoza remitiendo copia de declaraci\u00f3n N\u00ba 310\/2023 declarando de Inter\u00e9s el Primer Congreso de Defensa al Consumidor \u201cEducaci\u00f3n en el Consumo\u201d.\/6.Al Sr. Fernando Palma informando que podr\u00e1 hacer uso de la Banca del Ciudadano.\/\/ e) Consideraci\u00f3n de los temas que ser\u00e1n incluidos en el punto Asuntos&nbsp;&nbsp;&nbsp;&nbsp; Varios y &nbsp;&nbsp;&nbsp;&nbsp;puesta a consideraci\u00f3n de mociones de tratamientos sobre tablas de diversos &nbsp;&nbsp;&nbsp;expedientes: En uso de la palabra la concejal ROJO solicita la desafectaci\u00f3n de la comisi\u00f3n de Hacienda&nbsp; de un proyecto de Decreto&nbsp; el Expte. N\u00b0 5.228-HC 51-2.023 , que tiene que ver justamente con la&nbsp; Constituci\u00f3n de una comisi\u00f3n permanente de Energ\u00eda Hidrocarburos y&nbsp; Miner\u00eda, el a\u00f1o pasado recordemos que fue una comisi\u00f3n especial, y este a\u00f1o, bueno la intenci\u00f3n es de trabajarla&nbsp; como comisi\u00f3n permanente&nbsp; es solicitar su desafectaci\u00f3n y luego ser enviada a la comisi\u00f3n de Reglamento Interno. \/ Se pone a consideraci\u00f3n y es aprobada. \/\/Luego en uso de la palabra la concejal CAMIOLO solicita que el punto cinco&nbsp; de las notas ingresadas&nbsp; C\u00e1mara de Servicios Mineros, que pas\u00f3 a la comisi\u00f3n de Hacienda sea desafectado para su tratamiento en el punto Asuntos Varios. Se pone a consideraci\u00f3n la moci\u00f3n y es aprobada. Cuando es la hora 10:26 el concejal HIDALGO solicita un cuarto intermedio que se aprueba.&nbsp; \/&nbsp; A las 10:29 se reanuda la sesi\u00f3n. \/La concejal ROJO en uso de la palabra manifiesta , solicito la desafectaci\u00f3n de la nota ingresada por mesa de entrada, la misma es la nota HC&nbsp; 175 del a\u00f1o 2023, tiene que ver con este expediente que ingres\u00f3 la semana pasada con respecto a la adjudicaci\u00f3n para el parque de energ\u00edas renovables&nbsp; justamente en este caso para la firma&nbsp; La Perla, y unas modificaciones que ha habido en el expediente. &nbsp;\/ Se pone a consideraci\u00f3n la moci\u00f3n y es aprobada. &nbsp;\/ f) Proyectos de los Se\u00f1ores Concejales:&nbsp;&nbsp; 1.Expte.N\u00ba5.241-HC-052-2.023 Proyecto de Resoluci\u00f3n: Solicitar al Departamento Ejecutivo informe sobre El Parque Automotor&nbsp; de la Municipalidad de Malarg\u00fce ( BLOQUE RECONSTRUYENDO MALARG\u00dcE) Autor: Concejal Silvina CAMIOLO &nbsp;quien en uso de la palabra solicita que no sea le\u00eddo su resolutiva, ni el articulado tampoco y que pase a la comisi\u00f3n de H.P.L.A.C .-\/2.Expte.N\u00b05.242-HC 052-2.023 Proyecto de Resoluci\u00f3n: Solicitar al Departamento Ejecutivo informe sobre las tarjetas gen\u00e9ricas YPF en Ruta (BLOQUE RECONSTRUYENDO MALARG\u00dcE) Autor: Concejal Silvina CAMIOLO&nbsp; Quien&nbsp; en uso de la&nbsp; palabra manifiesta&nbsp; que fue una muy buena inclusi\u00f3n del Departamento de Malarg\u00fce a este programa, se hizo durante la gesti\u00f3n anterior, logr\u00f3 mejorar much\u00edsimo los n\u00fameros de la log\u00edstica, lo dual me parece perfecto, pero en la actualidad no tenemos informaci\u00f3n de como se esta manejando y la tem\u00e1tica del combustible ha sido recurrente&nbsp; en este Concejo Deliberante es que&nbsp; solicitamos este pedido de informe , no es necesario leerlo ni los considerandos&nbsp; ni el articulado, ser\u00e1 trabajado&nbsp; oportunamente por los colegas&nbsp; y obviamente bienvenido cualquier aporte, que pueda darse en este punto, tanto&nbsp; de colegas como de la ciudadan\u00eda, para hacer un pedido de informe extenso porque no solo se trata de la Municipalidad de Malarg\u00fce&nbsp; sino de una empresa de prestigio nacional como lo es YPF entonces&nbsp; voy a pedir tratamiento preferencial , tiene que ser de manera urgente, con la seriedad que amerita el caso, y tambi\u00e9n tiene que ser un expediente que cuente con la colaboraci\u00f3n no solo de los colegas&nbsp; sino dela ciudadan\u00eda si es que hubiera otra informaci\u00f3n para agregar. \/ Pasa a H.P.L.A.C. y se aprueba el tratamiento preferencial &nbsp;\/ 3.Expte.N\u00b05.243-HC 052-2.023 Proyecto de Resoluci\u00f3n: Solicitar urgente remisi\u00f3n de Decretos Municipales correspondientes a Diciembre 2.022 Enero y Febrero 2.023. (BLOQUE CUIDEMOS MALARG\u00dcE) Autor: Concejal Silvia Correa.&nbsp; La concejal CORREA en uso de la palaba manifiesta que no hace falta que se le de lectura al proyecto , es lamentable que lo tengamos que pedir como pedido de informe, los decretos deber\u00edan estar ac\u00e1, hasta el mes de febrero, y los venimos recibiendo tan tarde, y hubo un compromiso , el a\u00f1o pasado para entregar esto en tiempo y forma, la verdad se hizo un acta notarial, y eso no sucede. Entonces esperemos que los manden y si no tenemos que recurrir a algunas denuncias, hay incumplimiento del deber de funcionario p\u00fablico.&nbsp; Al no enviar los decretos, hay una ordenanza y esa ordenanza nos ordena y nos obliga, as\u00ed que me parece fundamental que esto llegue, para poder hacer, incluso poder dar tratamiento a algunos temas que vienen del Ejecutivo&nbsp; como ser\u00eda el presupuesto \/\/ Pasa a H.P.L.A.C&nbsp; \/4.Expte.N\u00b05.244-HC-052-2.023 Proyecto de Resoluci\u00f3n: Solicitar al Departamento Ejecutivo el cumplimiento de la Resoluci\u00f3n N\u00b0349\/2020 Instalar se\u00f1al\u00e9tica vial identificando Zona Trashumante y\/o Zona de Trashumancia (INTERBLOQUE ENCUENTRO-FRENTE CAMIBA MENDOZA) Autores: Concejales Francisco Parada y Paola Rojo .&nbsp; En uso de la palabra el concejal PARADA expresa&nbsp;&nbsp; como todos saben ya estamos casi terminando el mes de marzo &nbsp;y es \u00e9poca en que nuestros arrieros, empiezan a descender de las veranadas&nbsp; por lo tanto resurgen estos temas&nbsp; del riesgo o si quieren los accidentes en potencia&nbsp; que pueden generarse porque bueno nuestros arrieros con sus arreos tienen que compartir con veh\u00edculos en rutas nacionales, rutas provinciales incluso rutas internacionales, all\u00e1 en el a\u00f1o 2020 la concejal Rojo present\u00f3 este proyecto muy bueno de&nbsp; se\u00f1al\u00e9tica para advertencia&nbsp; sobre todo en tiempos de arreo, para prevenir estos accidentes, as\u00ed que&nbsp; pedimos la ejecuci\u00f3n creo que ha pasado ya el tiempo&nbsp; suficiente para concretizarse , algo se ha avanzado pero no es lo suficiente.. Pido que pase a Hacienda sin leer su articulado. \/ La concejal CORREA quer\u00eda acompa\u00f1ar con la firma el proyecto. el d\u00eda de ayer estuvimos recorriendo algunas zonas, incluso nos cruzamos &nbsp;con el hermano del concejal , iba con su arreo, y bueno uno de los temas que tratamos con la gente de algunos lugares de la zona rural, es justamente que falta mucha se\u00f1al\u00e9tica , es importante que no nos olvidemos de eso&nbsp; y sigamos haciendo el pedido desde el Concejo&nbsp; hacia donde&nbsp; corresponde. \/ La concejal ROJO&nbsp; expresa&nbsp; gracias a la concejal Correa por sumase y tambi\u00e9n al concejal Francisco Parada por insistir con esta resoluci\u00f3n , es importante aclarar que en el momento que se llev\u00f3 a cabo&nbsp; que&nbsp; redactamos este proyecto en el a\u00f1o 2020 hubo un trabajo en equipo, no solamente con el concejal Parada que formaba pare de la Direcci\u00f3n de Patrimonio sino tambi\u00e9n con los delegados distritales, quienes fueron en funci\u00f3n ellos como intermediarios y con los vecinos de la zona&nbsp; de distintos parajes del departamento donde tenemos esta actividad que es&nbsp; b\u00e1sicamente una actividad tradicional, y reconocida tambi\u00e9n por la UNESCO como patrimonio inmaterial, por eso quiero destacar este trabajo, esta resoluci\u00f3n que fue emanada en el a\u00f1o 2020&nbsp; y de la manera que la trabajamos en ese momento articulando con&nbsp;&nbsp; varias \u00e1reas y direcciones no solamente desde este Concejo sino tambi\u00e9n con \u00e1reas&nbsp; municipales en la cual fue bastante fruct\u00edfero el&nbsp; proyecto, recibimos Carteler\u00eda que no se ha podido instalar, solicitamos 24 carteles , nos vendieron solamente cuatro&nbsp; desde la Direcci\u00f3n Nacional de Vialidad, pero&nbsp; bueno mas que nada tambi\u00e9n hacer hincapi\u00e9 en las campa\u00f1as de difusi\u00f3n que tenemos que llevar a cabo en este tiempo porque justamente como lo mencionan ya los arreos est\u00e1n descendiendo, est\u00e1n volviendo al llano, por ah\u00ed nosotros que somos pobladores de&nbsp; &nbsp;&nbsp;nuestra localidad conocemos cu\u00e1l es el movimiento cuales son las formas de actuar cuando nos encontramos en una ruta o en un camino determinado&nbsp; pero por ah\u00ed el turista que lo desconoce o le llama tambi\u00e9n la atenci\u00f3n y tambi\u00e9n es consecuencia por ah\u00ed de accidentes&nbsp; , informar a trav\u00e9s de diferentes campa\u00f1as de concientizaci\u00f3n y comunicaci\u00f3n , en qu\u00e9 consiste este proceso. Esta actividad que es totalmente tradicional &nbsp;&nbsp;por eso no solamente hacer hincapi\u00e9 en esta colocaci\u00f3n de se\u00f1al\u00e9tica&nbsp; sino tambi\u00e9n desde ya digamos ma\u00f1ana comenzar con esta campa\u00f1a de difusi\u00f3n y si del Concejo Deliberante tambi\u00e9n lo podemos hacer sumarnos a esta resoluci\u00f3n yo creo que tambi\u00e9n ser\u00eda una iniciativa importante, para acompa\u00f1ar a esta actividad a nuestros productores locales y bueno fundamentalmente prevenir accidentes. \/5.Expte.N\u00b05.245-HC -052-2.023 Proyecto de Resoluci\u00f3n: Solicitar al Departamento Ejecutivo se realicen tareas de mantenimiento de la pista de atletismo del Polideportivo Municipal&nbsp;&nbsp; Malal Hue (INTERBLOQUE ENCUENTRO; CUIDEMOS MALARG\u00dcE; RECONSTRUYENDO MALARG\u00dcE, U.C.R-INDEPENDIENTE) Autores: Concejales Francisco Parada, Silvina Camiolo, Gabriel Rosas y Silvia Correa..\/En uso de la palabra el concejal PARADA expresa quer\u00eda aclarar que no es resultado de las consecuencias o si se quiere del estado realmente lamentable de la pista de atletismo por lo menos en esta semana y la anterior , esto ya es reclamo que han hecho varios atletas desde hace bastante tiempo atr\u00e1s, de que la pista de atletismo all\u00ed en el polideportivo pr\u00e1cticamente no tiene mantenimiento yo creo que el resultado del&nbsp; gran descuido que hay&nbsp; en el mantenimiento de todos nuestros espacios p\u00fablicos y all\u00ed obviamente entran los espacios deportivos , lo que se ha hecho ahora un poco noticia a trav\u00e9s de las redes sociales y medios en particular es el resultado final y que es posterior a la idea de este proyecto, pido que pase a la comisi\u00f3n de Hacienda , no es necesario su lectura y que tenga tratamiento preferencial. \/ Pasa a H.P.L.A.C. con Tratamiento Preferencial &nbsp;&nbsp;&nbsp;&nbsp;\/ g) Expedientes provenientes del Departamento Ejecutivo :1. Expte.N\u00b01.550\/2.023-0 Secretario de Obras y Servicios P\u00fablicos Eleva proyecto de Prolongaci\u00f3n Calle Fort\u00edn Malarg\u00fce.&nbsp; . Se da lectura a la&nbsp; elevaci\u00f3n del expediente y se dispone el pase a las &nbsp;comisiones &nbsp;de O.P.T Y RN y H.P.L.A.C. \/h) Despachos de las Comisiones de Trabajo:1.1. Expte.N\u00b05.226-HC 051-2.023 Proyecto de Resoluci\u00f3n: Declarar deportista del a\u00f1o a la Srta. Camila &nbsp;&nbsp;&nbsp;&nbsp;Ravagnan por su desempe\u00f1o en V\u00f3leibol en el Club Estudiantes de la Provincia de Buenos Aires. &nbsp;&nbsp;&nbsp;&nbsp;&nbsp;&nbsp;&nbsp;(E.H.M.A.S Y C) &nbsp;. Cuando es la hora 10:43 la concejal CAMIOLO&nbsp; solicita un cuarto intermedio que es aprobado. \/ A las 10:45 se reanuda la sesi\u00f3n. Se da lectura al despacho emitido,&nbsp; La comisi\u00f3n sugiere&nbsp; dar aprobaci\u00f3n al proyecto presentado con las siguientes modificaciones ; Cambio de car\u00e1tula la que quedar\u00e1 redactado de la siguiente manera: Distinguir por su m\u00e9rito deportivo a la Srta. Camila Ravagnan, por su desempe\u00f1o en v\u00f3leibol en el Club Estudiantes en la Provincia de Buenos Aires.&nbsp; Visto y Considerando \u00cddem proyecto original. Art. 1\u00b0: Distinguir por su m\u00e9rito deportivo a la Se\u00f1orita Camila Ravagnan&nbsp; por su desempe\u00f1o en en el Club Estudiantes en la Provincia de Buenos Aires. \/ Art. 2\u00b0: Destacar a la se\u00f1orita Camila Ravagnan D.N.I. 46.866.938&nbsp;&nbsp; de 17 a\u00f1os de edad, por su desempe\u00f1o deportivo acompa\u00f1ado&nbsp; de la formaci\u00f3n escolar, profesional, en las instituciones escolares Esc. 1-599 Tte.Gral Rufino Ortega , PS 208 Instituto Sec. Malarg\u00fce&nbsp; y el Club Deportivo Malarg\u00fce de nuestro Departamento. Art 3\u00b0 Hacer entrega por parte del HCD&nbsp; de un reconocimiento a la joven mencionada , mencionando su destacada participaci\u00f3n&nbsp; deportiva. Art 4\u00b0 Remitir copia de la presente pieza legal a la deportista, a sus padres&nbsp; y a los medios de prensa locales el logro de la destacada deportista malarg\u00fcina. \/ Art. 5\u00b0 De forma&nbsp; \/\/ Se pone a consideraci\u00f3n el despacho y es aprobado.&nbsp;&nbsp; \/ i) Asuntos Varios. &nbsp;&nbsp;Cuando es la hora 10:49 la concejal CORREA solicita&nbsp; que el Cuerpo se constituya&nbsp; en comisi\u00f3n. A las 11:43 se reanuda la sesi\u00f3n. Solicita la palabra la concejal CAMIOLO y mociona que el punto segundo se trate en primer lugar&nbsp; y se le de tratamiento expeditivo&nbsp; en virtud del horario.&nbsp; 2\u00b0&nbsp;&nbsp; Proyecto de resoluci\u00f3n: Art 1\u00b0 Solicitar la presencia del Sr Secretario de Desarrollo Territorial y Urbanismo&nbsp; de la Municipalidad de Malarg\u00fce&nbsp; Prof. Pablo Cesar S\u00e1nchez&nbsp; a Sesi\u00f3n&nbsp; del d\u00eda jueves&nbsp;&nbsp; 23 de marzo de 2.023.&nbsp; a las 12:30 hs. (Seg.art.71 inc.10 Ley 1079 Org\u00e1nica de Municipalidades )&nbsp; &nbsp;\/ Art. 2\u00b0 Los&nbsp; puntos a tratar&nbsp; ser\u00e1n en torno a: a) Nota HC 086-2023 Concejales del departamento elevan documentaci\u00f3n referida a donaciones varias efectuadas por la empresa&nbsp; Potasio R\u00edo Colorado S.A. a favor de la Municipalidad de Malarg\u00fce a fin de dar cumplimiento al art.71 de la Ley Org\u00e1nica de Municipalidades.&nbsp; B) Nota HC-151-2023 Dr. Carlos Ferrer, Presidente de la C\u00e1mara de Servicios Mineros&nbsp; Mendoza, remite copia de Acta de Requerimientos notarial al Gobernador Suarez , referida a irregularidades en la gesti\u00f3n del Proyecto Potasio R\u00edo Colorado. C) Nota HC-156-2023 Prof. Pablo S\u00e1nchez Secretario de Desarrollo Territorial y Urbanismo&nbsp; informa imposibilidad de asistir a convocatoria del HCD e informa que cuenta con documentaci\u00f3n respaldatoria de los elementos aludidos en la Banca del Ciudadano. \/ Art. 3\u00b0 De forma. \/ Se pone a consideraci\u00f3n de los se\u00f1ores ediles y es aprobada. \/ Cuando es&nbsp; la hora 11:55 la concejal CORREA&nbsp; solicita un cuarto intermedio.&nbsp; A las 13:16 se reanuda la sesi\u00f3n,&nbsp; Se trata el Expte. 5228-51 desafectado de la comisi\u00f3n de Hacienda , Crear la comisi\u00f3n de Hidrocarburos Miner\u00eda y Energ\u00eda en el \u00e1mbito del Honorable Concejo Deliberante. : El Cuerpo en comisi\u00f3n sugiere pasarlo a la Comisi\u00f3n de Reglamento Interno , moci\u00f3n realizada por la concejal ROJO&nbsp; que es aprobada. \/&nbsp; Tema&nbsp;&nbsp; 3: Nota HC 175-23&nbsp; presentada por&nbsp; la Escribana Nuria M\u00e1rquez ,para adjuntar&nbsp; al Expte&nbsp; La Perla,, que obra en comisi\u00f3n de H.P.L.A..C Moci\u00f3n realizada por la concejal ROJO. Puesta a consideraci\u00f3n es aprobada. \/\/ Cuando es la hora 13:17 la concejal CORREA solicita un cuarto intermedio que es aprobado \/ En Malarg\u00fce Mendoza a Veintitr\u00e9s d\u00edas de marzo de&nbsp;&nbsp; 2023&nbsp; cuando es la hora 11:13&nbsp;&nbsp;&nbsp; se reanuda &nbsp;la Sesi\u00f3n . Bajo la Presidencia del Presidente&nbsp;&nbsp;&nbsp;&nbsp; D. Andr\u00e9s RISI&nbsp; y la presencia de los Se\u00f1ores concejales , Rosas, Varas, Mosca, Rojo, Parada , Camiolo , Correa e Hidalgo, \/&nbsp; .Solicita la palabra la&nbsp; concejal ROJO quien&nbsp; luego de los saludos de forma expresa : gracias al Sr. Pablo S\u00e1nchez que hoy nos acompa\u00f1a en este recinto, \/PRESIDENCIA expresa Bienvenido Sr Pablo S\u00e1nchez se lo ha convocado a trav\u00e9s del art. 164 del Reglamento Interno que nos faculta a convocar a los funcionarios&nbsp; por un expediente en particular , el mecanismo que establece el reglamento se lo comento a todos, luego de usar la palabra el Sr Pablo S\u00e1nchez a partir de ah\u00ed puede hablar el tiempo que quiera&nbsp; puede entregar documentaci\u00f3n si lo&nbsp; desea, que va a pasar tanto sus dichos como lo que entregue al expediente que genera la citaci\u00f3n que est\u00e1 en la comisi\u00f3n de Hacienda. Hay media hora . primero va a tener la palaba la concejal Silvia Correa, luego de su testimonio, y despu\u00e9s pueden pedir la palabra los concejales, que es lo que establece el reglamento de&nbsp; acuerdo&nbsp; a quien realiz\u00f3 el pedido, as\u00ed que si quiere comenzar. : Pablo SANCHEZ: Bueno, primero que nada buen d\u00eda a todos los presentes, gracias por su convocatoria vengo ac\u00e1 en representaci\u00f3n del municipio para contestar sobre algunas dudas que les hab\u00edan quedado en la \u00faltima sesi\u00f3n, sobre las donaciones de PRC estuvimos juntando informaci\u00f3n, obviamente al respecto, a ver, es claro y conciso al momento que se fue a PRC Potasio R\u00edo Colorado, era porque se me informa que hay un convenio al respecto, para retirar elementos que est\u00e1n en modo de pr\u00e9stamo, s\u00ed, que son elementos que est\u00e1n en desuso, que est\u00e1n a la intemperie hace veinte a\u00f1os, y su estado de deterioro es muy avanzado. As\u00ed que fuimos, contactamos, hicimos un viaje constatamos lo que hab\u00eda, hab\u00edan muchos elementos, gracias a Dios, pero s\u00ed, el estado de deterioro, era muy importante as\u00ed que evaluamos . en los viajes me acompa\u00f1\u00f3 el Ing. Zenobi, el Director de Catastro Marcelo Salvadores,&nbsp; constatamos qu\u00e9 elementos serv\u00edan, qu\u00e9 elementos se pod\u00edan recuperar, qu\u00e9 elementos se pod\u00edan arreglar , coordinamos ese retiro y fuimos y retiramos a modo de pr\u00e9stamo y los pusimos en condiciones a esos elementos. Todo eso se trajeron con unidades municipales, y directamente entr\u00f3 al dep\u00f3sito general, con su correspondiente remito para que se hiciera una correlaci\u00f3n de lo que se tra\u00eda, en la carga fuimos en la \u00e9poca de julio as\u00ed que hac\u00eda fr\u00edo, fue un d\u00eda de viento, un d\u00eda de lluvia, as\u00ed que muchas veces la cuenta era, as\u00ed, creo que hay cincuenta, hay sesenta. Y se fueron cargando. Yo lo \u00fanico que traje hoy fueron unas im\u00e1genes ,de unas fotos para que vieran el estado de deterioro que ten\u00edan las cosas , palas oxidadas con cabos quemados, hormigoneras con los motores rotos, as\u00ed que bueno, los dejamos en el dep\u00f3sito con los chicos de servicios y los empleados municipales, los desarmaron, algunos se recuperaron , otros de varias m\u00e1quinas armaron una, y fueron elementos que en vez de erogar el gasto&nbsp; correspondiente, se pusieron en uso, hasta bien el convenio terminara cerrando, as\u00ed que con respecto a ese punto que escuchaba en la \u00faltima sesi\u00f3n.&nbsp; Con respecto a un remito que hay en donde est\u00e1 mi nombre, que me fui sin firmar, puntualmente ese d\u00eda, fue el d\u00eda que nevaba que las inclemencias del tiempo no daban mucho, todos bien saben que&nbsp; para ir a PRC hay que hacer una nota, previo aviso, mandar los documentos de todas las personas que van , las patentes de los veh\u00edculos, porque en la puerta hay seguridad privada, yo creo que es la misma empresa que hace seguridad&nbsp; en los bancos que se llama SEGURITEC si no,&nbsp; no se ingresa a la mina, porque es una empresa privada.&nbsp; Al momento de salir, pasa igual, hasta que la jefatura, que en ese momento el que estaba a cargo de la jefatura era el&nbsp; Ingeniero Berengua&nbsp; que es el que confecciona ese remito, no da la orden, la gente de seguridad no le permite la salida, ese d\u00eda puntualmente estuvimos f\u00e1cil una hora, no s\u00e9 si m\u00e1s, parados en la puerta, con los camiones cargados , siendo que ir a PRC implica que hay que salir a las cuatro de la ma\u00f1ana, todo el d\u00eda, no me acuerdo pero creo que eran casi las 17 horas, que est\u00e1bamos en el port\u00f3n esperando&nbsp; al ing. Berengua que trajera ese famoso remito, el Ingeniero Berengua por cuestiones que nunca me explic\u00f3, es m\u00e1s tengo mensajes de \u00e9l, nunca lleg\u00f3 al port\u00f3n, pero s\u00ed le dio la orden a la gente se seguridad del port\u00f3n, que nos dejara retirarnos, porque se nos hac\u00eda muy tarde, porque el volver a alta hora de&nbsp; la noche,&nbsp; era mayor riesgo de todo, as\u00ed que \u00e9l dio la orden&nbsp; de salir, la comunicaci\u00f3n que tuve yo con el Ing. Berengua&nbsp;&nbsp; dijo no despu\u00e9s yo te mando el remito por correo o WhatsApp de ah\u00ed viene ese remito que dice que me retir\u00e9 sin firmar. Cuando yo hablo con el Ing Berengua en persona me dice , no mir\u00e1 lo hice para cubrirme, porque&nbsp; reci\u00e9n llegaba, que esto que el otro.&nbsp; Yo le dije bueno, necesito que esto se subsane, esto fue para junio, igual las cosas llegaron al dep\u00f3sito, se informaron como&nbsp; corresponde, hasta el deposito que despu\u00e9s lo informara a inventario. Pero vuelvo a repetir como son cosas en pr\u00e9stamo , s\u00ed, est\u00e1n muy supeditadas, a lo que ingresa a lo que funciona, por ejemplo hablaban de los canguros famosos , hab\u00edan tres canguros de los cuales dos solamente pudimos hacer funcionar, del tercer canguro sacamos unos repuestos para&nbsp; hacer funcionar los otros dos canguros, que se lo informamos a la empresa, y en virtud del convenio marco que hay en vigencia, se van&nbsp; haciendo los anexos de las cosas que van quedando restituidas, as\u00ed que ese ser\u00eda mas o menos el relato de lo que ha sucedido&nbsp; en esa \u00e9poca. ( les&nbsp; las fotos de las cosas que trajimos para que les muestre a los concejales , para que vean el estado de deterioro) .\/ Seguidamente la concejal CORREA en uso de la palabra manifiesta luego de los saludos de forma. Para arrancar tengo una copia del remito que tambi\u00e9n le lleg\u00f3 a Ud. Y en el remito no dice que usted se lleva las cosas despu\u00e9s de haber firmado un convenio, nosotros desconocemos ese convenio , lo trajo? El convenio que existe entre PRC y el Municipio, \/\/ El Sr. SANCHEZ dice : no, yo no manejo los convenios. \/ La concejal CORREA&nbsp; pregunta y cu\u00e1ndo se firm\u00f3 ese convenio.? \/ El Sr. SANCHEZ dice creo que se firmo a principio del a\u00f1o pasado (enero o febrero) no s\u00e9 espec\u00edficamente la fecha \/ La concejal CORREA&nbsp; contin\u00faa diciendo, nosotros lo&nbsp; convocamos por tres temas, no s\u00e9 si tuvo la oportunidad de leer, lo que dice la C\u00e1mara Minera, de la provincia referido a lo que est\u00e1 pasando, o lo que sospecha que est\u00e1 sucediendo con alguno de los bienes de VALE \/ El Sr. SANCHEZ: S\u00ed, le\u00ed lo que me elevaron \/ Concejal CORREA y entiendo que tambi\u00e9n conocer\u00e1 la situaci\u00f3n antes de que ingresen este tipo de notas porque ac\u00e1 los dichos, ac\u00e1 en Malarg\u00fce nos conocemos todos y todo el mundo sabe qu\u00e9 se est\u00e1 diciendo o que no se dice de tal o cual situaci\u00f3n. De hecho de lo de VALE circulan en la comunidad las versiones de que hay cosas de VALE dentro del Municipio de Malarg\u00fce incluso que nadie sabe c\u00f3mo llega ese tipo de bienes ac\u00e1 y la verdad que si a nosotros nos llega este tipo de remitos, de buena fuente y nosotros no tomamos conocimiento de qu\u00e9 es lo que est\u00e1 pasando , sabemos que estas cosas llegan, los empleados dicen que estas cosas llegan, muchos por ah\u00ed lo sabr\u00e1n, usted los empleados si van y hablan con su jefe directo&nbsp; y no son bien recibidas sus referencias por ah\u00ed nos hace llegar a los concejales o se empieza a divulgar de&nbsp; boca a boca, lo que est\u00e1 pasando, bien o mal, ser\u00e1 la verdad o no, pero es lo que se empieza a divulgar. A m\u00ed me preocupa que usted no haya tra\u00eddo hoy ese convenio porque sabe que con eso tendr\u00edamos la informaci\u00f3n suficiente, para que esto o bajara un decibel, no, o sigan las actuaciones que correspondan. Me parece que sin ese convenio,&nbsp; yo entiendo que usted no lo maneja, pero usted sabe porqu\u00e9 lo citamos, y sabe que es nuestro deber, dejar transparencia y tambi\u00e9n controlar, qu\u00e9 mejor que hoy hubiera llegado junto con la documentaci\u00f3n que usted&nbsp; puede dejar. Ese convenio la verdad que yo lamento much\u00edsimo porque nosotros podr\u00edamos seguir con el expediente. Usted es un funcionario p\u00fablico, nos debe responder a nosotros y tambi\u00e9n a los vecinos. Yo lo que m\u00e1s lamento es eso, que hoy no podamos acceder al convenio entonces, vamos a seguir sospechando que las cosas al municipio no sabemos c\u00f3mo llegan, qui\u00e9n las deja, el inventario nosotros lo pedimos, no se si hoy tuvo la oportunidad de pedirlo, porque entiendo que debe haber un inventario de lo que VALE le presta. \/ El Sr. SANCHEZ expresa va contra remito. Por eso dije reci\u00e9n llega a deposito&nbsp; se hace el control y se corrobora el remito, como dec\u00eda como la cuenta&nbsp; in situ es muy compleja&nbsp; , bueno como ven en la foto por ejemplo las palas est\u00e1n en pales, precintadas&nbsp; y era&nbsp; un c\u00e1lculo, entonces cuando nosotros lleg\u00e1bamos&nbsp; ve\u00edamos no mir\u00e1 en el pale hab\u00edan tantas palas, eso se lo vamos a informar, con respecto al convenio me tomo el atrevimiento , no lo ped\u00ed, p\u00eddaselo al Ejecutivo. Obviamente no me voy a mover si no hay un convenio marco que apruebe todo esto, y sab\u00edamos que las cosas ven\u00edan en pr\u00e9stamo. Que no ven\u00edan definitivamente y las que pod\u00edamos recuperar hay que informarlas, nosotros recuperamos por ejemplo las palas, las palas las encavamos, hay algunas que estaban muy herrumbradas en realidad eran muy finas&nbsp; y hay otras que s\u00ed se recuperaron se pusieron en funcionamiento, tienen un n\u00famero y est\u00e1n informadas como corresponde. La concejal CORREA expresa , s\u00ed la verdad que no cierra, que una empresa a modo de pr\u00e9stamo trae palas sin encavar y que despu\u00e9s le vamos a devolver las palas, sin el cavo de nuevo o le vamos a regalar un&nbsp; cavo , la verdad que hay cosas que no cierran que no son claras, no solamente para nosotros sino para la comunidad l\u00f3gicamente . Sr Presidente si alguien quiere seguir haciendo preguntas. Gracias Sr. Pablo \/ Solicita la palabra la concejal VARAS&nbsp; quien expresa,&nbsp; Buen d\u00eda Pablo, dijiste que el&nbsp; convenio es de enero de este a\u00f1o.? El Sr. SANCHEZ dice que no, es del a\u00f1o pasado 2022. No estoy seguro si es enero o febrero pero en uno de esos dos meses es.\/ La concejal VARAS expresa y lo otro es que en el video que subiste, hablas de que tambi\u00e9n recibieron ca\u00f1os de&nbsp; pvc y lo dejaron en&nbsp; casas de vecinas. Esto despu\u00e9s lo tenemos que devolver. \/ PABLO SANCHEZ. Expresa habr\u00e1 que hacer la correspondiente compra y devolverlo. \/ La concejal VARAS expresa la verdad que es extra\u00f1o que haya sido en calidad de pr\u00e9stamo, digamos por ah\u00ed esa podr\u00eda ser&nbsp; la justificaci\u00f3n por la que no est\u00e9n inventariados y o haya pasado por el Concejo la aprobaci\u00f3n de la donaci\u00f3n \/ El Sr SANCHEZ expresa sab\u00edamos que era pr\u00e9stamo desde el principio, nunca que esa donaci\u00f3n \/ Concejal VAR&lt;AS y que no hayas tra\u00eddo el convenio , no te hubieras movido sin el convenio,&nbsp; e\/ El Sr SASNCHEZ dice me dijeron est\u00e1 esta posibilidad hay un convenio vayan y revisen. Bueno fuimos y revisamos tampoco fueron tantos viajes. . lo que ve\u00edamos que ten\u00edamos prioridad lo trajimos. \/&nbsp; Luego el concejal HIDALGO, y expresa&nbsp; bueno repetir lo mismo que dicen los se\u00f1ores concejales , que no hayas tra\u00eddo el convenio suena&nbsp; bastante extra\u00f1o , se puede interpretar como que no tenemos toda la documentaci\u00f3n para corroborar los dichos que estas diciendo en este momento. Cuando decis , p\u00eddanselo al Ejecutivo, d\u00e9jame aclararte que sos parte del poder ejecutivo, sos un cargo pol\u00edtico, sos Secretario, y pr\u00e1cticamente sos en la l\u00ednea de mando uno de los segundos, y el pedido te lo hemos hecho a vos, as\u00ed que deber\u00edas haberlo tra\u00eddo, la documentaci\u00f3n correspondiente a todo lo que estas exponiendo y el convenio es parte de la documentaci\u00f3n, como tambi\u00e9n el inventario. Que no hayas tra\u00eddo el inventario tambi\u00e9n incurre en una falta, porque te lo hemos pedido desde el Concejo Deliberante y tenes la obligaci\u00f3n de traer la documentaci\u00f3n. Salvo que no la tengan o que no exista un inventario, o que el convenio todav\u00eda no est\u00e9. Cosa grav\u00edsima si es que no est\u00e1, porque se ha&nbsp; retirado herramientas y materiales sin un convenio firmado , por otro lado&nbsp;&nbsp; tambi\u00e9n me llama mucho la atenci\u00f3n la forma de que sea a modo de pr\u00e9stamo, como dice la concejal Varas, si esos ca\u00f1os hay que devolverlos a qu\u00e9 valor hay que devolverlos, hoy, o sea estamos perdiendo much\u00edsimo dinero. El dinero de todos los vecinos y vecinas. La verdad que me genera much\u00edsimas dudas&nbsp; yo no s\u00e9 c\u00f3mo va a continuar esto, veo que hay que tomar alguna acci\u00f3n un poco m\u00e1s concreta porque no podemos permitir que esto siga sucediendo y que sigamos perdiendo todo el patrimonio municipal, s\u00f3lo eso. Sr Presidente. \/\/ La concejal CAMIOLO&nbsp;&nbsp; expresa , solo preguntar , usted comenta que hay un convenio , firmado desde enero un convenio de pr\u00e9stamo, que hay un contra remito,&nbsp; lo pudo traer en esta ocasi\u00f3n.? \/ Sr. SANCHEZ no, porque lo v\u00ed que ustedes tienen los remitos tambi\u00e9n. \/ La concejal CAMIOLO expresa es un contra remito dice usted, \/ El Sr SANCHEZ expresa s\u00ed un remito y despu\u00e9s el otro contra remito que sale del dep\u00f3sito.\/ La concejal CAMIOLO le consulta ese contra remito lo tiene usted? \/ Sr SANCHEZ No,&nbsp; no lo traje. Pero est\u00e1n. \/ La concejal CAMIOLO expresa d\u00f3nde estar\u00edan o a cargo de qui\u00e9n. \/ El Sr SANCHEZ dice que el deposito general est\u00e1 a cargo del Se\u00f1or Oscar Flores \/&nbsp; La concejal CAMIOLO expresa&nbsp; y que tambi\u00e9n habr\u00eda un inventario que tambi\u00e9n estar\u00eda a cargo de Oscar Flores. \/ Sr SANCHEZ dice, no, la parte de inventario depende de la Contadora. \/ La concejal CAMIOLO&nbsp; expresa y ese tampoco lo trajo, luego expresa mi pregunta en este momento&nbsp; es si a usted alguien del Ejecutivo , alguno de sus colegas de sus compa\u00f1eros de trabajo, de equipo , principalmente de asesor\u00eda legal, lo ayud\u00f3 a armar su interpelaci\u00f3n porque en este escenario&nbsp; usted est\u00e1 siendo interpelado&nbsp; por un Concejo Deliberante, que obra en su poder con distintas documentaciones que ponen en entredicho&nbsp; a la transparencia de toda una gesti\u00f3n, yo, mi pregunta es si alguien de asesor\u00eda letrada adem\u00e1s me sorprende porque no veo a nadie de asesor\u00eda letrada del municipio , que lo haya ayudado a armar su defensa, porque b\u00e1sicamente en este punto es una oportunidad de defensa, no ante los concejales , sin ante la ciudadan\u00eda, porque vemos que adem\u00e1s de esta sesi\u00f3n , el resultante, es un acta, un acta que va a tener una marca hist\u00f3rica para el Departamento, es decir, que en las futuras generaciones hay quien vaya a querer revisar lo que sucedi\u00f3 un 28 de marzo de 2023 , esto queda en la historia de Malarg\u00fce, alguien lo asesor\u00f3, lo acompa\u00f1\u00f3 desde asesor\u00eda letrada para armar su defensa,&nbsp; \/ Sr SANCHEZ:&nbsp; No . porque es lo que sucedi\u00f3,&nbsp; no tenia porqu\u00e9 ir a pedir asesoramiento a nadie. \/ Concejal CAMIOLO: El intendente estaba al tanto que usted iba a venir al Concejo. \/ Sr SANCHEZ supongo que s\u00ed \/ Concejal CAMIOLO Ud. No lo convers\u00f3 con \u00e9l, son un equipo. \/ realmente tengo que decirle que est\u00e1 en dificultades usted, personalmente como funcionario, y realmente es parte de un equipo , debiera haber tenido ese apoyo, el que le estoy diciendo que tiene que ver con el armado de una estrategia en el buen sentido que&nbsp; al ser interpelado tiene que tener una sugerencia ah\u00ed quiz\u00e1s el abogado le diga llev\u00e1 todo lo que ten\u00e9s . tambi\u00e9n aclararle que no son los concejales de la oposici\u00f3n los que lo han convocado, es todo un Concejo Deliberante,&nbsp; por ah\u00ed vemos en los videos, que continuamente se culpa a la oposici\u00f3n&nbsp; de pr\u00e1cticamente como si estuvi\u00e9ramos persiguiendo, a la gesti\u00f3n y es todo un Cuerpo&nbsp; compuesto por diez concejales , de los cuales solo cinco somos opositores, no tenemos las mayor\u00edas, en ese aspecto, y esto tambi\u00e9n denigra a la funci\u00f3n de todos los colegas, mire usted nos dice tres documentaci\u00f3n , papeles, tres tipos de documentaci\u00f3n que ser\u00edan fundamentales , el convenio que no est\u00e1, el contra remito que tampoco est\u00e1 porque&nbsp; lo que tenemos es eso que lo deja muy mal parado solo a Pablo S\u00e1nchez. A nadie m\u00e1s y un inventario que tampoco lo tenemos , entonces c\u00f3mo puede ser que ud. Se presente ante una interpelaci\u00f3n as\u00ed, tan como se dice criollamente \u201cflojo de papeles\u201d. Eso es lo que me sorprende y bueno ya no s\u00e9 que me sorprende , pero bueno eso es lo que s\u00ed me preocupa y decirle, decirle claramente y a Ud, que nosotros no vamos a estar haciendo video de esto m\u00e1s all\u00e1 de que quisi\u00e9ramos , no estamos haciendo videos porque nos preocupa los bienes del Estado y en nosotros&nbsp; est\u00e1 esa funci\u00f3n, aclarar que no es un Concejo opositor, el que lo est\u00e1 llamando, es un Concejo&nbsp; representativo de ciudadan\u00eda , el que lo convoca para que d\u00e9 explicaciones y lamentablemente al menos a m\u00ed, y creo que puedo hablar por varios aqu\u00ed, no nos cierra la respuesta. \/ El Sr SANCHEZ expresa vuelvo a repetirle yo no me asesor\u00e9 porque lo que le comento es lo que hice, no tengo problemas en venir todas las veces y explicar todo lo que quieran, no tuve nunca mala fe. Todo lo que traje lo dej\u00e9 en el dep\u00f3sito se document\u00f3 como corresponde esa es mi respuesta. Ahora si quieren m\u00e1s documentaci\u00f3n pregunten a Asesor\u00eda Letrada pregunten al Ejecutivo todo se dej\u00f3 ah\u00ed, como corresponde, y del dep\u00f3sito todo lo que se saca sale con el remito correspondiente , por eso cada cosa, esto est\u00e1 ac\u00e1&nbsp; esto est\u00e1 all\u00e1, le puedo decir de los tres canguros el que qued\u00f3 desarmado est\u00e1 en espacios verdes, el otro que est\u00e1 andando uno est\u00e1 en obras por administraci\u00f3n y el otro est\u00e1 en servicios p\u00fablicos .las cosas tienen un destino y est\u00e1n hay un remito que sali\u00f3 y donde est\u00e1 puntualmente y quien lo tiene a cargo, por su mantenimiento. Por eso no cre\u00ed necesario andar atr\u00e1s de los abogados porque no tengo nada que ocultar, \/ La concejal CAMIOLO&nbsp; expresa tengo una sola pregunta m\u00e1s, finalmente si est\u00e1 el c\u00e1lculo a precio actual, de lo que se nos ha prestado, y que evidentemente, aparentemente se va a tener que devolver, si hay un c\u00e1lculo y tampoco est\u00e1 reflejado en el presupuesto 2023 pero si usted tiene el c\u00e1lculo por favor y me puede decir de cu\u00e1nto es lo que va a tener que devolver el municipio por este pr\u00e9stamo.\/ El Sr SANCHEZ expresa a ver, yo no s\u00e9 c\u00f3mo siguen las tratativas, se que estaba el convenio con el correspondiente anexo, que el convenio no est\u00e1 cerrado definitivamente, entonces tampoco s\u00e9 c\u00f3mo sigue eso, por eso tampoco s\u00e9 si hay c\u00e1lculo si se va a pedir en alg\u00fan momento la donaci\u00f3n, o si va a haber que hacer definitivamente la devoluci\u00f3n. Eso no se lo podr\u00eda contestar porque no lo s\u00e9. Lo \u00fanico que sab\u00eda en el momento es que hab\u00eda un convenio de pr\u00e9stamo, que fu\u00e9ramos a evaluar, que fu\u00e9ramos a ver qu\u00e9 pod\u00edamos&nbsp;&nbsp; hicimos eso, nada m\u00e1s. \/ La concejal ROJO manifiesta Secretario le quer\u00eda consultar justamente , este pr\u00e9stamo tiene alguna fecha de caducidad, es decir hasta qu\u00e9 momento ustedes van a disponer de estos elementos que de acuerdo al remito, ..El Sr SANCHEZ dice, s\u00e9 que el convenio tiene vigencia hasta fines de este a\u00f1o.&nbsp; La concejal ROJO dice es decir que suponemos que estos elementos pr\u00e1cticamente por lo que vemos en las fotos, son rezagos los que han recibido, estar\u00edan hasta diciembre, que ser\u00eda una vez que finaliza el mandato de esta gesti\u00f3n. \/ entonces eso tambi\u00e9n lo tenemos en duda. Yo digo la foto que nos est\u00e1 mostrando son pr\u00e1cticamente cuestiones que est\u00e1n en desuso, digo cu\u00e1l es la necesidad de recibir, elementos que pr\u00e1cticamente nos e pueden utilizar, porque vemos que la mayor\u00eda est\u00e1 oxidado cu\u00e1l es el sentido de recibir eso. \/ El Sr SANCHEZ expresa por ejemplo las hormigoneras se recuperaron casi el 70% de las hormigoneras, vuelvo a decir se usaron unas para el repuesto de otras, y se pusieron en funcionamiento, se entregaron , entonces no erog\u00f3 la compra. No hizo falta que compr\u00e1ramos treinta o cuarenta o cincuenta hormigoneras, porque pr\u00e1cticamente no tuvo ning\u00fan gasto. En el caso de las compactadoras, los canguros compactadores pas\u00f3 igual, son herramientas de costos elevados, hoy en d\u00eda pr\u00e1cticamente inaccesibles .nosotros con el viaje m\u00e1s la mano de obra del taller, pusimos dos en funcionamiento que nos vienen perfecto se usan para el bacheo, una, la otra se usa&nbsp; para las obras que est\u00e1n en marcha y hasta hoy tengo entendido que hay que devolverlas. Vuelvo a repetir no s\u00e9 c\u00f3mo va el avance del convenio y las tratativas del convenio&nbsp; en eso no estoy. \/ Concejal ROJO expresa me parece que eso hubiera sido fundamental que Ud. Como Secretario de urbanismo y Planificaci\u00f3n&nbsp; el convenio lo deber\u00eda conocer para saber cu\u00e1les son los pro y los contras del convenio al momento de esta recepci\u00f3n&nbsp; de toda esta n\u00f3mina de materiales que se recibieron en este remito de junio del a\u00f1o 2022.&nbsp; Y a mi criterio viendo las pruebas que usted ha acercado al Concejo hoy con respecto a estas im\u00e1genes , la verdad que son materiales que creo que en el sentido com\u00fan de cualquier persona directamente&nbsp; son rezagos que es como que se trae chatarra a servicios p\u00fablicos, material que por ah\u00ed es directamente inutilizable \/ El Sr SANCHEZ dice no, pero eso lo dejamos consignado, lo que no se puede arreglar queda correctamente consignado , lo recuperado y lo no recuperado tambi\u00e9n. \/ La concejal ROJO dice y o segundo en esta n\u00f3mina que usted tambi\u00e9n menciona que esta todo identificado con un numero ese numero significa que esta identificado pero no significa que est\u00e9 dentro del inventario de la Municipalidad.\/ Sr SANCHEZ:&nbsp; No, hay algunas cosas que yo no conozco bien el tema de bienes de capitales , bienes de uso pero dependiendo&nbsp; que algunas cosas est\u00e1n identificadas por inventario.&nbsp; \/ Concejal ROJO&nbsp; ah y usted no se asesor\u00f3 con el \u00e1rea&nbsp; de inventario. \/ Sr SANCHEZ no . uno informa&nbsp; al \u00e1rea de inventario y va , el procedimiento que ellos tienen..\/ La concejal ROJO interrumpe y dice que eso lo sabr\u00edamos nosotros una vez que ustedes den cumplimiento por resoluci\u00f3n del inventario del municipio del per\u00edodo 22-23 , que deber\u00edan algunas de esas cosas que usted menciona , estar en el inventario. \/ El Sr SANCHEZ dice supongo que s\u00ed, no le hizo seguimiento, como es un pr\u00e9stamo todav\u00eda no entra en el patrimonio municipal. S\u00e9 que est\u00e1 inventariado, pero no s\u00e9 de que manera lo tienen identificado. \/ La concejal ROJO dice , no simplemente yo creo que usted al haber recibido l\u00f3gicamente este material , as\u00ed como se ha efectuado ya la utilizaci\u00f3n de algunos de esos elementos y el seguimiento de esos elementos est\u00e1 , el seguimiento tambi\u00e9n si ha ingresado como corresponde, por inventario como mencion\u00f3 que tiene un n\u00famero s ese n\u00famero corresponde justamente o es un n\u00famero que se le dio para llevar un control dentro de lo que es el galp\u00f3n o el dep\u00f3sito general de Servicios P\u00fablicos. Usted menciona que lo acompa\u00f1aron otros miembros del Ejecutivo. \/\/ La concejal CORREA expresa, s\u00ed la verdad que le voy a hacer un par de consultas muy concretas, adem\u00e1s de estas herramientas que vimos en la copia de un remito, hay otro tipo de cosas que se hayan tra\u00eddo que&nbsp; se hayan prestado , otro tipo de&nbsp; bienes, como sillas, colchones , escritorios, mesas&nbsp; o algo as\u00ed. \/ SR. SANCHEZ: Yo en lo particular&nbsp; no lo s\u00e9. Eso es lo que he ido yo personalmente a buscar , por ejemplo sillas, s\u00ed ha habido algunas&nbsp; cuatro sillas y un sill\u00f3n que est\u00e1n en el \u00e1rea de catastro. \/ La concejal CORREA&nbsp; consulta qu\u00e9 otro funcionario fue a retirar o quienes van \/ El Sr SANCHEZ : El Ingeniero Zenobi, y el Director de Catastro Marcelo Salvadores. \/ Concejal CORREA Y en otra oportunidad que haya ido ud.&nbsp; u otros funcionarios, \/ Sr SANCHEZ no, lo que s\u00ed se es que PRC ped\u00eda continuamente la batea para sacar basura, s\u00ed, eso estaba autorizado en ese convenio&nbsp; que hay en elaboraci\u00f3n, pero se iba al predio del basural que tiene PRC y eso entraba directamente a la planta , separa all\u00e1 en PRC de all\u00e1 sale pesada y se vuelve a pesar ac\u00e1 cuando entra a la planta de residuos&nbsp; y ese remito se lo guardamos a ellos y ellos de ah\u00ed hacen el saneamiento. Cabe aclarar que en el basurero hay much\u00edsimas cosas , que se tienen en el basurero&nbsp; que se han separado por ejemplo, cubiertas y un mont\u00f3n de cosas que est\u00e1n en el basurero, para ellos es el basurero , pero eso viene con remito de basura , sale con remito de basura y se ingresa ac\u00e1. \/ Concejal CORREA: Cu\u00e1ntos camiones habr\u00e1n venido con herramientas que le ha prestado o con el material&nbsp; que le ha prestado al municipio. \/ Sr SANCHEZ dice que yo traje, dos.&nbsp; Dos camiones. Un viaje con un cami\u00f3n y otro viaje con un cami\u00f3n y una batea. Y en fechas diferentes, pero en el mismo mes. \/ Concejal CORREA Pablo con todo respeto, la verdad que bueno hemos coincidido en todo con los concejales que han hablado y nos llama la atenci\u00f3n el tema de que Ud. haya llegado ac\u00e1 sin documentaci\u00f3n. \u00bfSi hoy estuvi\u00e9ramos en lugares distintos, y fuera yo la que est\u00e1 exponiendo y diciendo que no tengo pr\u00e1cticamente pruebas, concisas de lo que estoy diciendo, no tengo el convenio, no tengo el inventario, Ud. qu\u00e9 har\u00eda , me creer\u00eda? \/ Sr SANCHEZ: \u00bfPedir\u00eda la informaci\u00f3n y por qu\u00e9 no le puedo creer?&nbsp; Yo le creer\u00eda. \/ La concejal CORREA dice en estos momentos yo no, lo que pasa que tengo todas las dudas&nbsp; y en estos momentos no puedo creerlo realmente, es verdad voy a pedir las pruebas, creo que lo vamos a hacer desde el Cuerpo,, pero es totalmente incre\u00edble que uno de los funcionarios m\u00e1s importantes que tiene el gabinete , hoy se presente al Concejo Deliberante y no tenga las pruebas. Sabe que esto se podr\u00eda terminar ac\u00e1. Con esas pruebas, con el convenio, terminaba hoy ac\u00e1 y usted realmente se iba airoso mostr\u00e1ndonos y dici\u00e9ndonos a todos ,que ya hab\u00eda dejado las&nbsp; cosas claras , sin embargo quedan todas las&nbsp; dudas y m\u00e1s&nbsp; y mas dudas todav\u00eda la verdad que creo que ninguno de nosotros se&nbsp; va a quedar conforme y hoy van a empezar a aparecer otra vez todos los testimonios , todo por decirlo de alguna manera hay algunas palabras que dice el Intendente y no las puedo usar en este momento no me parece acorde , la gente va a empezar a hablar&nbsp; y decirnos&nbsp; y van a aparecer otras informaciones, ciertas o no,&nbsp; y no vamos a volver a dejar claro nada, la verdad que yo no vi todos los videos que ud hizo el fin de semana explicando , no lo vi porque en realidad&nbsp; pens\u00e9 que hoy \u00edbamos a tener o un inventario o la respuesta clara y concisa de usted.&nbsp; entonces si hoy tengo un funcionario que no puede dar respuestas, que no se le ocurri\u00f3 pedir asesoramiento que no trajo m\u00ednimo el inventario que era lo que le hab\u00edamos pedido,. No s\u00e9, yo, me voy. Sinceramente. \/\/Realmente lamento eso, y que bueno nosotros desde el Concejo Deliberante veremos si responden y cu\u00e1les son los deberes de funcionario p\u00fablico , si realmente cumpli\u00f3. \/\/ El concejal ROSAS manifiesta luego de los saludos de forma, antes que nada la verdad que quiero felicitar al gobierno de la provincia,&nbsp; la verdad que traemos de una empresa chatarra y le vamos a tener que devolver cosas nuevas. Lo poco que ten\u00edamos que qued\u00f3 en uso. A m\u00ed me toco trabajar ah\u00ed, Gracias a Dios, no fueron veinte a\u00f1os Pablo le corrijo fueron nueve a\u00f1os y un par de meses&nbsp; , quiz\u00e1s por los nervios se equivoc\u00f3,&nbsp; la verdad que quedaron muchas cosas en la Empresa VALE y bueno la verdad que la inteligencia del gobierno de la provincia hacia abajo, me sorprende traen toda esta chatarra la cual se va a tener que devolver .porque la verdad&nbsp; que es chatarra las fotos,&nbsp; y el otro d\u00eda ver la noticia esta de que la empresa pasa remate los bienes . la verdad que hizo muy bien el gobierno provincial, lo quer\u00eda felicitar en un punto aparte. Pablo quiz\u00e1s esto no s\u00e9 si me lo va a poder responder porque no est\u00e1 en la foto y no escuch\u00e9 que lo mencionara, el tema de cubiertas, chapas , fen\u00f3licos, esto porque se lo digo, porque esto, de donde nace todo , esta preocupaci\u00f3n vecinal del Departamento, es de los mismos vecinos&nbsp; justamente, muchos puesteros en la zona del Payen que vieron&nbsp; pasar camiones, gente de vialidad , que nos comentaban de esto, la verdad que hasta que no lo cre\u00edamos, en cierto modo, y nosotros dec\u00edamos no puede ser si la seguridad&nbsp; es complicada en la empresa y yo he trabajado&nbsp; y hasta por una piedrita me pararon y tengo que recordar a la gente de seguridad, me parec\u00eda raro, pero la verdad que viendo esto, me quedan muchas dudas, Ud., ten\u00eda conocimiento&nbsp; que tambi\u00e9n se trajeron cubiertas, chapas y fen\u00f3licos. \/ El Sr SANCHEZ dice, vuelvo a repetir, el basurero que hay, los elementos que Ud. Nombra hay de eso, usted lo ha visto, si ha trabajado ah\u00ed, en VALE ha visto. \/ El concejal ROSAS dice que el sinti\u00f3 comentarios de cubiertas, de camionetas, maquinarias y cubiertas nuevas. No era basura, \/ El Sr. SANCHEZ expresa en el basurero hay cubiertas, pero est\u00e1n reventadas, est\u00e1n rotas, pedazos de fen\u00f3licos, Ud. Ha trabajado y con eso separaban los tr\u00e1iler, los fen\u00f3licos que se humedecieron que estaban ah\u00ed tirados&nbsp; la verdad que no serv\u00edan., pedido prestado fen\u00f3licos la verdad que no me parece. Si ha salido ha salido como basura,&nbsp; en un remito de basura. \/ El concejal ROSAS dice eso&nbsp; era por una parte, lo otro creo que ya lo pregunt\u00f3 reci\u00e9n Silvia , si ten\u00eda conocimiento&nbsp; si fue alguien m\u00e1s , antes de usted, de su \u00e1rea, fue alguien m\u00e1s a buscar material,? \/ El Sr SANCHEZ expresa vuelvo a repetir mand\u00e1bamos el cami\u00f3n a buscar basura en el \u00e1rea de servicios, otro funcionario que haya ido no s\u00e9. \/ El Concejal ROSAS expresa y las cajas de herramientas. No est\u00e1 en la foto ac\u00e1. \/ El Sr SANCHEZ&nbsp;&nbsp; dice que se trajeron ocho cajas, que est\u00e1n en servicios p\u00fablicos. \/ El concejal HIDALGO&nbsp; manifiesta ,Pablo&nbsp; me siguen generando un par de dudas, dijiste que te hab\u00edan dado por llamarlo de alguna manera alguna&nbsp; manera la orden de&nbsp; ir retirar todas estas cosas, porque estaba la posibilidad de un convenio. Cuando fuiste a retirar todo eso, el convenio no estaba cerrado. El Sr. SANCHEZ expresa, s\u00ed estaba es de enero o febrero del a\u00f1o pasado&nbsp; y yo fui en junio. \/ El concejal HIDALGO insiste, estaba cerrado.&nbsp; \/ El Sr SANCHEZ dice, es un convenio marco, por eso dijeron que fu\u00e9ramos a relevar primero, hicimos el primer viaje relevamos qu\u00e9 es lo que hab\u00eda. El concejal HIDALGO pregunta \u00bfqui\u00e9n te da la orden de retirar todo eso? \/ El Sr SANCHEZ dice fue a partir de la necesidad de adquirir herramientas, y me informan de que figuraba un&nbsp; convenio, desde el Ejecutivo en una reuni\u00f3n de gabinete&nbsp; hay un convenio marco, vayan a ve el material. Estaba el Intendente , los Secretarios.&nbsp; El intendente \/ El concejal HIDALGO dice qui\u00e9n est\u00e1 a cargo de elaborar este convenio? \/ El Sr SANCHEZ dice, y los convenios salen de asesor\u00eda letrada que ser\u00eda la Dra. Ferrero. \/ Luego el concejal HIDALGO dice quiero volver a recordarle al se\u00f1or Secretario Pablo S\u00e1nchez que no nos tiene que decir que pidamos la informaci\u00f3n porque se la hemos pedido a usted que es parte del Departamento Ejecutivo, y es uno de los cargos m\u00e1s altos que hay en el gabinete municipal.\/ El Sr. SANCHE expresa le contesto al concejal Hidalgo, usted no pidi\u00f3 el convenio. \/ El concejal HIDALGO dice lo hicimos por nota. \/ El Sr SANCHEZ dice pero no pidieron el convenio. \/ El concejal HIDALGO dice que es parte de la documentaci\u00f3n. \/ Posteriormente el concejal PARADA luego de los saludos de forma expresa, bueno me gan\u00f3 all\u00ed en la pregunta un poco dirigido a eso, en cuanto a que dijo Pablo de que te informaron del convenio,, quien efectivamente , si el Sr intendente en una reuni\u00f3n de gabinete, te presentaste en PRC sin ese convenio le\u00eddo, sin conocerlo de fondo simplemente porque se plante\u00f3 en una reuni\u00f3n de gabinete. \/ El Sr SANCHEZ dice por eso vuelvo a repetir, no fui solo, fui con el Ing. Zenobi y con Marcelo Salvadores. A evaluar, y despu\u00e9s volvimos a retirar , en una visita anterior hab\u00edamos dicho podemos retirar esto, \/ El concejal PARADA expresa adem\u00e1s de ca\u00f1os, que otros materiales se trajeron que se han utilizado en obras, y que el municipio tenga que devolverlos en costos actuales, El sr SANCHEZ dice, no hemos tra\u00eddo herramientas, varillas de hierro del 6 , unas mallas cima tambi\u00e9n nos dieron algunas que esas se usaron en alcantarillas , niveles de mano, las cintas de peligro. Y material de uso puntualmente los ca\u00f1os y hierro. Lo dem\u00e1s m\u00e1s que nada nos concentramos en las herramientas. \/ El concejal PARADA expresa lo que se comenta es el tema de ropa. \/ El Sr SANCHEZ dice que ropa nunca v\u00ed.lo que si unos tarros de pintura la cual estaba vencida, entonces nos dieron cuatro tarros de pintura para probar si serv\u00eda la pintura, \/ La concejal CAMIOLO expresa la \u00faltima intervenci\u00f3n quiero preguntarle hay dos tipos de forma de los pr\u00e9stamos a t\u00edtulo oneroso y a t\u00edtulo gratuito, si a usted le consta cu\u00e1l de los dos. \/ El Sr SANCHEZ dice que no. \/ Sigue la concejal CAMIOLO y dice pensando tambi\u00e9n y por eso solicit\u00e9 a la Secretaria y le agradezco a Rosana&nbsp; que me haya tra\u00eddo porque no estaba habilitado este Concejo Deliberante, a ver cu\u00e1ndo uno solicita un pr\u00e9stamo tiene que tener una autorizaci\u00f3n de los dos tercios,&nbsp; del Cuerpo no estaba autorizado ning\u00fan tipo de pr\u00e9stamo&nbsp; expresamente en la ordenanza de ese a\u00f1o, por lo tanto de todos modos aunque haya sido un pr\u00e9stamo, y no una donaci\u00f3n estamos incurriendo tambi\u00e9n en una ilegalidad porque este Cuerpo no ten\u00eda autorizado ese pedido, ese pr\u00e9stamo porque despu\u00e9s hay que devolverlo . Los gastos para el Estado necesitan la aprobaci\u00f3n de este Cuerpo por los dos tercios. Por la mayor\u00eda calificada. Ni siquiera por mayor\u00eda simple. Por lo tanto tampoco porque lo&nbsp; escucho que usted dice que este convenio no era de donaci\u00f3n y no ten\u00eda que ingresar por este Cuerpo, claro que s\u00ed ten\u00eda que ingresar, porque hablamos de erogaciones , de presupuestos que precisan los dos tercios para estar aprobados, o sea que de todos modos, de la manera que se lo mire, han incurrido en una ilegalidad y digo han, y tambi\u00e9n vuelvo a recalcar eso de que usted venga solo siendo que tuvo el acompa\u00f1amiento de otras personas, que tampoco haya venido la asesor\u00eda letrada , en principio es bastante grave, porque ac\u00e1 a este Concejo han venido en m\u00e1s de una oportunidad incluso gente que pertenece&nbsp; o que perteneci\u00f3 a este recinto, que son concejales con formaci\u00f3n en derecho que no lo hayan acompa\u00f1ado cuando ac\u00e1 han venido a interpelar y a maltratar a miembros de este Conejo Deliberante, yo soy una de ellas donde se nos ha tratado de brutos, incluso gente que usted ha mencionado&nbsp; la contadora Gabriela&nbsp; Moyano que como ten\u00eda la posibilidad de hacerlo en medios period\u00edsticos dijo que a nosotros los concejales nos faltaba formaci\u00f3n para hablar de cuentas de la municipalidad. Probablemente nos hacemos cargo de que no tenemos la formaci\u00f3n contable&nbsp;&nbsp; y una responsabilidad del departamento en el que sabemos que todo pr\u00e9stamo precisa la aprobaci\u00f3n de los dos tercios del Cuerpo, que toda donaci\u00f3n debe pasar por el Cuerpo para evitar justamente suspicacias e interpretaciones fuera de lo que son los marcos legales. Nada e de eso ha ocurrido.&nbsp; Y adem\u00e1s como equipo de trabajo a la ciudadan\u00eda de Malarg\u00fce nos confirma lo que ya ven\u00edamos viendo, que son un equipo bastante, que trabaja bastante desunido porque a usted lo han largado al medio de una situaci\u00f3n grav\u00edsima es el \u00fanico que figura en la firma, es la \u00fanica persona y nosotros tenemos que tomar, cartas en el asunto porque estamos representando a la ciudadan\u00eda. Como equipo demuestran lo que ya todos sabemos, son un muy mal equipo. \/ El concejal ROSAS&nbsp; dice simplemente algo relacionado a lo sucedido ayer en Bardas por ah\u00ed los chicos nos solicitaron algo para la escuela , frazadas, y unos colchones que por ah\u00ed si han venido de donaci\u00f3n Ud. \u00bfTiene idea? En Bardas Blancas nos hicieron un pedido muy especial sobre eso y por ah\u00ed gente de vialidad nos comentaba que hab\u00edan ayudado a cargar algunas camas , colch\u00f3n o algo as\u00ed pero creo que eso fue a Mendoza, no s\u00e9 si eso regres\u00f3 al Departamento o no. Pero en caso de que se consiga unos colchones y frazadas para darle a los chicos. \/\/ PRESIDENCIA dice que ha finalizado el tiempo y como dec\u00edamos anteriormente tanto lo vertido aqu\u00ed como lo que sea presentado ser\u00e1 pasado a las actuaciones que obran en la comisi\u00f3n de Hacienda \/&nbsp;&nbsp; Cuando es la hora 11:56&nbsp; la concejal CORREA&nbsp; solicita un cuarto intermedio. \/&nbsp; A las 12:58&nbsp; se reanuda la sesi\u00f3n, \/ La concejal ROJO&nbsp; mociona&nbsp; que el&nbsp; tema pase a la comisi\u00f3n de Hacienda. \/ Se aprueba. \/.&nbsp; Se pasa al \u00faltimo punto del Orden del D\u00eda. \/ e) Acto de arriar el Pabell\u00f3n Nacional a cargo de la Concejal que lo iz\u00f3, para lo cual se invita a la concejal Viviana MOSCA.&nbsp;&nbsp;&nbsp;&nbsp; \/ Cuando es la hora 11:58&nbsp;&nbsp;&nbsp; se da por terminada la Sesi\u00f3n. \/\/ Previa lectura y consideraci\u00f3n de lo que antecede firman las presentes actuaciones, el&nbsp; Se\u00f1or Presidente&nbsp; &nbsp;&nbsp;y la Se\u00f1ora Secretaria del Honorable Concejo Deliberante de la Municipalidad de Malarg\u00fce.\/\/&nbsp;<\/p>\n\n\n\n\n","protected":false},"excerpt":{"rendered":"<p>En&nbsp; Malarg\u00fce Mendoza a Veintitres d\u00edas de marzo de 2023, cuando es la hora 09:48 se re\u00fane el Honorable Concejo Deliberante&nbsp; de la Municipalidad de Malarg\u00fce , para celebrar&nbsp; su Sesi\u00f3n Ordinaria. Bajo la Presidencia de su titular Concejal Andr\u00e9s RISI y la presencia de los se\u00f1ores concejales Rosas, Varas, Mosca, Rojo, Parada, Camiolo, Correa [&hellip;]<\/p>\n","protected":false},"author":5,"featured_media":33337,"comment_status":"closed","ping_status":"closed","sticky":false,"template":"","format":"standard","meta":{"footnotes":""},"categories":[60,52,33,36],"tags":[],"class_list":["post-33559","post","type-post","status-publish","format-standard","has-post-thumbnail","hentry","category-acta-de-sesiones","category-gacetillas","category-prensa","category-sesiones"],"yoast_head":"<!-- This site is optimized with the Yoast SEO plugin v19.10 - https:\/\/yoast.com\/wordpress\/plugins\/seo\/ -->\n<title>ACTA 3\u00b0 SESI\u00d3N ORDINARIA N\u00b0 1.120-\u201c0\u201d- 23\/03\/2023 - Malarg\u00fce HCD<\/title>\n<meta name=\"robots\" content=\"index, follow, max-snippet:-1, max-image-preview:large, max-video-preview:-1\" \/>\n<link rel=\"canonical\" href=\"https:\/\/hcd.malargue.gov.ar\/?p=33559\" \/>\n<meta property=\"og:locale\" content=\"es_ES\" \/>\n<meta property=\"og:type\" content=\"article\" \/>\n<meta property=\"og:title\" content=\"ACTA 3\u00b0 SESI\u00d3N ORDINARIA N\u00b0 1.120-\u201c0\u201d- 23\/03\/2023 - Malarg\u00fce HCD\" \/>\n<meta property=\"og:description\" content=\"En&nbsp; Malarg\u00fce Mendoza a Veintitres d\u00edas de marzo de 2023, cuando es la hora 09:48 se re\u00fane el Honorable Concejo Deliberante&nbsp; de la Municipalidad de Malarg\u00fce , para celebrar&nbsp; su Sesi\u00f3n Ordinaria. Bajo la Presidencia de su titular Concejal Andr\u00e9s RISI y la presencia de los se\u00f1ores concejales Rosas, Varas, Mosca, Rojo, Parada, Camiolo, Correa [&hellip;]\" \/>\n<meta property=\"og:url\" content=\"https:\/\/hcd.malargue.gov.ar\/?p=33559\" \/>\n<meta property=\"og:site_name\" content=\"Malarg\u00fce HCD\" \/>\n<meta property=\"article:published_time\" content=\"2023-04-18T12:29:10+00:00\" \/>\n<meta property=\"article:modified_time\" content=\"2023-06-07T11:47:17+00:00\" \/>\n<meta property=\"og:image\" content=\"https:\/\/hcd.malargue.gov.ar\/wp-content\/uploads\/2023\/03\/actas-sesiones.jpg\" \/>\n\t<meta property=\"og:image:width\" content=\"1640\" \/>\n\t<meta property=\"og:image:height\" content=\"924\" \/>\n\t<meta property=\"og:image:type\" content=\"image\/jpeg\" \/>\n<meta name=\"author\" content=\"Belen Pedernera Ferragut\" \/>\n<meta name=\"twitter:card\" content=\"summary_large_image\" \/>\n<meta name=\"twitter:label1\" content=\"Escrito por\" \/>\n\t<meta name=\"twitter:data1\" content=\"Belen Pedernera Ferragut\" \/>\n\t<meta name=\"twitter:label2\" content=\"Tiempo de lectura\" \/>\n\t<meta name=\"twitter:data2\" content=\"63 minutos\" \/>\n<script type=\"application\/ld+json\" class=\"yoast-schema-graph\">{\"@context\":\"https:\/\/schema.org\",\"@graph\":[{\"@type\":\"WebPage\",\"@id\":\"https:\/\/hcd.malargue.gov.ar\/?p=33559\",\"url\":\"https:\/\/hcd.malargue.gov.ar\/?p=33559\",\"name\":\"ACTA 3\u00b0 SESI\u00d3N ORDINARIA N\u00b0 1.120-\u201c0\u201d- 23\/03\/2023 - Malarg\u00fce HCD\",\"isPartOf\":{\"@id\":\"https:\/\/hcd.malargue.gov.ar\/#website\"},\"datePublished\":\"2023-04-18T12:29:10+00:00\",\"dateModified\":\"2023-06-07T11:47:17+00:00\",\"author\":{\"@id\":\"https:\/\/hcd.malargue.gov.ar\/#\/schema\/person\/3fd6bbab64edd703961b795156c955d0\"},\"breadcrumb\":{\"@id\":\"https:\/\/hcd.malargue.gov.ar\/?p=33559#breadcrumb\"},\"inLanguage\":\"es-AR\",\"potentialAction\":[{\"@type\":\"ReadAction\",\"target\":[\"https:\/\/hcd.malargue.gov.ar\/?p=33559\"]}]},{\"@type\":\"BreadcrumbList\",\"@id\":\"https:\/\/hcd.malargue.gov.ar\/?p=33559#breadcrumb\",\"itemListElement\":[{\"@type\":\"ListItem\",\"position\":1,\"name\":\"Inicio\",\"item\":\"https:\/\/hcd.malargue.gov.ar\/\"},{\"@type\":\"ListItem\",\"position\":2,\"name\":\"ACTA 3\u00b0 SESI\u00d3N ORDINARIA N\u00b0 1.120-\u201c0\u201d- 23\/03\/2023\"}]},{\"@type\":\"WebSite\",\"@id\":\"https:\/\/hcd.malargue.gov.ar\/#website\",\"url\":\"https:\/\/hcd.malargue.gov.ar\/\",\"name\":\"Malarg\u00fce HCD\",\"description\":\"Malarg\u00fce Mendoza Argentina\",\"potentialAction\":[{\"@type\":\"SearchAction\",\"target\":{\"@type\":\"EntryPoint\",\"urlTemplate\":\"https:\/\/hcd.malargue.gov.ar\/?s={search_term_string}\"},\"query-input\":\"required name=search_term_string\"}],\"inLanguage\":\"es-AR\"},{\"@type\":\"Person\",\"@id\":\"https:\/\/hcd.malargue.gov.ar\/#\/schema\/person\/3fd6bbab64edd703961b795156c955d0\",\"name\":\"Belen Pedernera Ferragut\",\"image\":{\"@type\":\"ImageObject\",\"inLanguage\":\"es-AR\",\"@id\":\"https:\/\/hcd.malargue.gov.ar\/#\/schema\/person\/image\/\",\"url\":\"https:\/\/secure.gravatar.com\/avatar\/1054ffab3893de4bb3eb29bdd22f7e34b8537bf5d34d9dab311818154ad5b71f?s=96&d=mm&r=g\",\"contentUrl\":\"https:\/\/secure.gravatar.com\/avatar\/1054ffab3893de4bb3eb29bdd22f7e34b8537bf5d34d9dab311818154ad5b71f?s=96&d=mm&r=g\",\"caption\":\"Belen Pedernera Ferragut\"},\"url\":\"https:\/\/hcd.malargue.gov.ar\/?author=5\"}]}<\/script>\n<!-- \/ Yoast SEO plugin. -->","yoast_head_json":{"title":"ACTA 3\u00b0 SESI\u00d3N ORDINARIA N\u00b0 1.120-\u201c0\u201d- 23\/03\/2023 - Malarg\u00fce HCD","robots":{"index":"index","follow":"follow","max-snippet":"max-snippet:-1","max-image-preview":"max-image-preview:large","max-video-preview":"max-video-preview:-1"},"canonical":"https:\/\/hcd.malargue.gov.ar\/?p=33559","og_locale":"es_ES","og_type":"article","og_title":"ACTA 3\u00b0 SESI\u00d3N ORDINARIA N\u00b0 1.120-\u201c0\u201d- 23\/03\/2023 - Malarg\u00fce HCD","og_description":"En&nbsp; Malarg\u00fce Mendoza a Veintitres d\u00edas de marzo de 2023, cuando es la hora 09:48 se re\u00fane el Honorable Concejo Deliberante&nbsp; de la Municipalidad de Malarg\u00fce , para celebrar&nbsp; su Sesi\u00f3n Ordinaria. Bajo la Presidencia de su titular Concejal Andr\u00e9s RISI y la presencia de los se\u00f1ores concejales Rosas, Varas, Mosca, Rojo, Parada, Camiolo, Correa [&hellip;]","og_url":"https:\/\/hcd.malargue.gov.ar\/?p=33559","og_site_name":"Malarg\u00fce HCD","article_published_time":"2023-04-18T12:29:10+00:00","article_modified_time":"2023-06-07T11:47:17+00:00","og_image":[{"width":1640,"height":924,"url":"https:\/\/hcd.malargue.gov.ar\/wp-content\/uploads\/2023\/03\/actas-sesiones.jpg","type":"image\/jpeg"}],"author":"Belen Pedernera Ferragut","twitter_card":"summary_large_image","twitter_misc":{"Escrito por":"Belen Pedernera Ferragut","Tiempo de lectura":"63 minutos"},"schema":{"@context":"https:\/\/schema.org","@graph":[{"@type":"WebPage","@id":"https:\/\/hcd.malargue.gov.ar\/?p=33559","url":"https:\/\/hcd.malargue.gov.ar\/?p=33559","name":"ACTA 3\u00b0 SESI\u00d3N ORDINARIA N\u00b0 1.120-\u201c0\u201d- 23\/03\/2023 - Malarg\u00fce HCD","isPartOf":{"@id":"https:\/\/hcd.malargue.gov.ar\/#website"},"datePublished":"2023-04-18T12:29:10+00:00","dateModified":"2023-06-07T11:47:17+00:00","author":{"@id":"https:\/\/hcd.malargue.gov.ar\/#\/schema\/person\/3fd6bbab64edd703961b795156c955d0"},"breadcrumb":{"@id":"https:\/\/hcd.malargue.gov.ar\/?p=33559#breadcrumb"},"inLanguage":"es-AR","potentialAction":[{"@type":"ReadAction","target":["https:\/\/hcd.malargue.gov.ar\/?p=33559"]}]},{"@type":"BreadcrumbList","@id":"https:\/\/hcd.malargue.gov.ar\/?p=33559#breadcrumb","itemListElement":[{"@type":"ListItem","position":1,"name":"Inicio","item":"https:\/\/hcd.malargue.gov.ar\/"},{"@type":"ListItem","position":2,"name":"ACTA 3\u00b0 SESI\u00d3N ORDINARIA N\u00b0 1.120-\u201c0\u201d- 23\/03\/2023"}]},{"@type":"WebSite","@id":"https:\/\/hcd.malargue.gov.ar\/#website","url":"https:\/\/hcd.malargue.gov.ar\/","name":"Malarg\u00fce HCD","description":"Malarg\u00fce Mendoza Argentina","potentialAction":[{"@type":"SearchAction","target":{"@type":"EntryPoint","urlTemplate":"https:\/\/hcd.malargue.gov.ar\/?s={search_term_string}"},"query-input":"required name=search_term_string"}],"inLanguage":"es-AR"},{"@type":"Person","@id":"https:\/\/hcd.malargue.gov.ar\/#\/schema\/person\/3fd6bbab64edd703961b795156c955d0","name":"Belen Pedernera Ferragut","image":{"@type":"ImageObject","inLanguage":"es-AR","@id":"https:\/\/hcd.malargue.gov.ar\/#\/schema\/person\/image\/","url":"https:\/\/secure.gravatar.com\/avatar\/1054ffab3893de4bb3eb29bdd22f7e34b8537bf5d34d9dab311818154ad5b71f?s=96&d=mm&r=g","contentUrl":"https:\/\/secure.gravatar.com\/avatar\/1054ffab3893de4bb3eb29bdd22f7e34b8537bf5d34d9dab311818154ad5b71f?s=96&d=mm&r=g","caption":"Belen Pedernera Ferragut"},"url":"https:\/\/hcd.malargue.gov.ar\/?author=5"}]}},"_links":{"self":[{"href":"https:\/\/hcd.malargue.gov.ar\/index.php?rest_route=\/wp\/v2\/posts\/33559","targetHints":{"allow":["GET"]}}],"collection":[{"href":"https:\/\/hcd.malargue.gov.ar\/index.php?rest_route=\/wp\/v2\/posts"}],"about":[{"href":"https:\/\/hcd.malargue.gov.ar\/index.php?rest_route=\/wp\/v2\/types\/post"}],"author":[{"embeddable":true,"href":"https:\/\/hcd.malargue.gov.ar\/index.php?rest_route=\/wp\/v2\/users\/5"}],"replies":[{"embeddable":true,"href":"https:\/\/hcd.malargue.gov.ar\/index.php?rest_route=%2Fwp%2Fv2%2Fcomments&post=33559"}],"version-history":[{"count":4,"href":"https:\/\/hcd.malargue.gov.ar\/index.php?rest_route=\/wp\/v2\/posts\/33559\/revisions"}],"predecessor-version":[{"id":34150,"href":"https:\/\/hcd.malargue.gov.ar\/index.php?rest_route=\/wp\/v2\/posts\/33559\/revisions\/34150"}],"wp:featuredmedia":[{"embeddable":true,"href":"https:\/\/hcd.malargue.gov.ar\/index.php?rest_route=\/wp\/v2\/media\/33337"}],"wp:attachment":[{"href":"https:\/\/hcd.malargue.gov.ar\/index.php?rest_route=%2Fwp%2Fv2%2Fmedia&parent=33559"}],"wp:term":[{"taxonomy":"category","embeddable":true,"href":"https:\/\/hcd.malargue.gov.ar\/index.php?rest_route=%2Fwp%2Fv2%2Fcategories&post=33559"},{"taxonomy":"post_tag","embeddable":true,"href":"https:\/\/hcd.malargue.gov.ar\/index.php?rest_route=%2Fwp%2Fv2%2Ftags&post=33559"}],"curies":[{"name":"wp","href":"https:\/\/api.w.org\/{rel}","templated":true}]}}