{"id":33574,"date":"2023-04-19T09:31:32","date_gmt":"2023-04-19T12:31:32","guid":{"rendered":"https:\/\/hcd.malargue.gov.ar\/?p=33574"},"modified":"2023-04-19T09:36:39","modified_gmt":"2023-04-19T12:36:39","slug":"ordenanza-n-2-220-2-023","status":"publish","type":"post","link":"https:\/\/hcd.malargue.gov.ar\/?p=33574","title":{"rendered":"ORDENANZA N\u00b0 2.220\/2.023"},"content":{"rendered":"<div class=\"wp-block-image\">\n<figure class=\"alignright size-full is-resized\"><a href=\"http:\/\/hcd.malargue.gov.ar\/hcdpdf\/on%202220%202023%20la%20perla.pdf\"><img loading=\"lazy\" decoding=\"async\" src=\"https:\/\/hcd.malargue.gov.ar\/wp-content\/uploads\/2018\/06\/PDF-JPG.jpg\" alt=\"\" class=\"wp-image-7950\" width=\"143\" height=\"143\" srcset=\"https:\/\/hcd.malargue.gov.ar\/wp-content\/uploads\/2018\/06\/PDF-JPG.jpg 512w, https:\/\/hcd.malargue.gov.ar\/wp-content\/uploads\/2018\/06\/PDF-JPG-150x150.jpg 150w, https:\/\/hcd.malargue.gov.ar\/wp-content\/uploads\/2018\/06\/PDF-JPG-300x300.jpg 300w\" sizes=\"auto, (max-width: 143px) 100vw, 143px\" \/><\/a><\/figure>\n<\/div>\n\n\n<p>VISTO: Expte. N\u00b0 4.150\/2.022-0.Presidente PV La Perla- Federico Garin. Usufructo del predio de 192 hect\u00e1reas donde se localizar\u00e1 el Proyecto Solar de 80 MW a construir. <\/p>\n\n\n\n<p>&nbsp;&nbsp;&nbsp;&nbsp;&nbsp;&nbsp;&nbsp;&nbsp;&nbsp;&nbsp;&nbsp; y;<\/p>\n\n\n\n<p>CONSIDERANDO: Que el Departamento Ejecutivo Municipal con fecha 14 de marzo del a\u00f1o 2.023, remite las presentes actuaciones con proyecto de Ordenanza solicitando la modificaci\u00f3n de la Ordenanza N\u00b0 2.195\/2.022.<\/p>\n\n\n\n<p>&nbsp;&nbsp;&nbsp;&nbsp;&nbsp;&nbsp;&nbsp;&nbsp;&nbsp;&nbsp;&nbsp; Que con fecha 23 de marzo del corriente a\u00f1o la Empresa Genneia S.A. mediante nota informa al Honorable Concejo Deliberante su calidad de adquirente del proyecto &nbsp;Parque Solar &nbsp;Fotovoltaico Los Molles de propiedad de PV La Perla, qui\u00e9n hab\u00eda resultado oportunamente adjudicataria de dicho Proyecto.<\/p>\n\n\n\n<p>&nbsp;&nbsp;&nbsp;&nbsp;&nbsp;&nbsp;&nbsp;&nbsp;&nbsp;&nbsp;&nbsp; Que este Proyecto significa una inversi\u00f3n importante para el Departamento, traduci\u00e9ndose en la contrataci\u00f3n de 200 personas&nbsp; aproximadamente en forma directa, con la generaci\u00f3n&nbsp; de energ\u00eda renovable que ubicar\u00e1 a Malarg\u00fce como pionera en la Provincia, siendo el mismo un proyecto a largo plazo que favorecer\u00e1  directamente a la poblaci\u00f3n.<\/p>\n\n\n\n<p>&nbsp;&nbsp;&nbsp;&nbsp;&nbsp;&nbsp;&nbsp;&nbsp;&nbsp;&nbsp;&nbsp; Que asimismo obra dictamen legal de Asesor\u00eda Letrada de la Municipalidad de &nbsp; Malarg\u00fce, quienes manifiestan que el presente proyecto no afecta derechos o intereses jur\u00eddicamente protegidos por la poblaci\u00f3n, no teniendo objeciones que formular, sugiriendo la aprobaci\u00f3n del presente proyecto.<\/p>\n\n\n\n<p>EL HONORABLE CONCEJO DELIBERANTE DE LA MUNICIPALIDAD DE MALARG\u00dcE EN USO DE LAS FACULTADES QUE LE SON PROPIAS<\/p>\n\n\n\n<p>&nbsp;&nbsp;&nbsp;&nbsp;&nbsp;&nbsp;&nbsp;&nbsp;&nbsp;&nbsp;&nbsp;&nbsp;&nbsp;&nbsp;&nbsp;&nbsp;&nbsp;&nbsp;&nbsp;&nbsp;&nbsp;&nbsp;&nbsp;&nbsp;&nbsp;&nbsp;&nbsp;&nbsp;&nbsp;&nbsp;&nbsp;&nbsp;&nbsp;&nbsp;&nbsp;&nbsp;&nbsp;&nbsp;&nbsp;&nbsp;&nbsp;&nbsp;&nbsp;&nbsp;&nbsp;&nbsp;&nbsp;&nbsp;&nbsp;&nbsp;&nbsp;&nbsp;&nbsp;&nbsp;&nbsp;&nbsp;&nbsp;&nbsp; ORDENA<\/p>\n\n\n\n<p>ARTICULO \u00a01\u00b0: Modificase el Art. 1\u00b0 de la <a href=\"https:\/\/hcd.malargue.gov.ar\/?p=33020\">Ordenanza N\u00b0 2.195\/2.022<\/a>, el cual quedar\u00e1 \u00a0redactado en los siguientes t\u00e9rminos: Autorizase al Departamento Ejecutivo \u00a0Municipal, una vez cumplimentados los recaudos legales, administrativos, notariales y registrales, a la constituci\u00f3n de Derecho Real de Usufructo por Escritura P\u00fablica, previo requerir la documentaci\u00f3n referente a su persona jur\u00eddica, con el fin de verificar estatuto, inscripci\u00f3n en organismo de contralor pertinente, balances y \u00a0\u00a0 n\u00f3mina de autoridades en vigencia, de acuerdo al contenido que obra conforme \u00a0\u00a0ANEXO 2, fs. 158 a fs.168, y a favor de la Empresa Genneia S.A., C.U.I.T. N\u00b0 30-66523411-4, sobre una fracci\u00f3n de terreno materialmente determinada constante de una superficie de Ciento noventa y dos hect\u00e1reas siete mil ochocientos veintid\u00f3s metros veinti\u00fan dec\u00edmetros cuadrados (192 has 7822,21 m2) perteneciente \u00a0 a un inmueble de mayor extensi\u00f3n, inscripto en el Registro de la Propiedad Ra\u00edz, bajo la Matr\u00edcula N\u00b0 19\/4051, conforme croquis obrante a fs. 157, destinado al \u00a0\u00a0proyecto Solar de 80MW,\u00a0 y con las coordenadas determinadas en Art. 4\u00b0\u00a0 de Ordenanza N\u00b0 2218\/23, siendo las mismas las siguientes:<\/p>\n\n\n\n<p>&nbsp;&nbsp;&nbsp;&nbsp;&nbsp;&nbsp;&nbsp;&nbsp;&nbsp;&nbsp;&nbsp; 2442878,26-6079692,18; 2442735,02-6080749,44; 2439821,94-6080593,61;<\/p>\n\n\n\n<p>&nbsp;&nbsp;&nbsp;&nbsp;&nbsp;&nbsp;&nbsp;&nbsp;&nbsp;&nbsp;&nbsp; 2439839,47-6079944,76; 2441775,88-6080142,19<\/p>\n\n\n\n<p>ARTICULO&nbsp; 2\u00b0: Modificase el Art\u00edculo &nbsp;2\u00b0 de la Ordenanza N\u00b0 2.195\/2.022, el cual quedar\u00e1 &nbsp;&nbsp;&nbsp; redactado en los siguientes t\u00e9rminos: \u201cResu\u00e9lvase dicho Usufructo de pleno derecho &nbsp;&nbsp; y sin derecho a indemnizaci\u00f3n alguna en cualquiera de los siguientes casos:<\/p>\n\n\n\n<ul class=\"wp-block-list\">\n<li>Que la Empresa Genneia S.A. no adquiera en forma privada los fondos necesarios para la concreci\u00f3n del presente proyecto dentro del plazo perentorio de seis (6) meses de firmado el mismo.<\/li>\n\n\n\n<li>Que se incumpla con la reglamentaci\u00f3n legal vigente dentro del Departamento, referido a contrataci\u00f3n de mano de obra local y compre malarg\u00fcino, seg\u00fan Ordenanza N\u00b0 1.776\/2.015 y Resoluci\u00f3n 107\/2.016.<\/li>\n<\/ul>\n\n\n\n<p>ARTICULO&nbsp; 3<em>\u00b0: <\/em>Disp\u00f3ngase la revisi\u00f3n cada dos (2) a\u00f1os por parte del Honorable Concejo &nbsp;&nbsp;Deliberante de las obligaciones asumidas por el Usufructuario.<\/p>\n\n\n\n<p>ARTICULO 4\u00b0: Comun\u00edquese, reg\u00edstrese, c\u00famplase, publ\u00edquese, agr\u00e9guese copia de la presente en las actuaciones correspondientes.<\/p>\n\n\n\n<p>DADA EN LA SALA DE SESIONES DR. RICARDO BALBIN DEL HONORABLE CONCEJO DELIBERANTE DE LA MUNICIPALIDAD DE MALARG\u00dcE A CINCO D\u00cdAS DE ABRIL DE DOS MIL VEINTITRES<\/p>\n","protected":false},"excerpt":{"rendered":"<p>VISTO: Expte. N\u00b0 4.150\/2.022-0.Presidente PV La Perla- Federico Garin. Usufructo del predio de 192 hect\u00e1reas donde se localizar\u00e1 el Proyecto Solar de 80 MW a construir. &nbsp;&nbsp;&nbsp;&nbsp;&nbsp;&nbsp;&nbsp;&nbsp;&nbsp;&nbsp;&nbsp; y; CONSIDERANDO: Que el Departamento Ejecutivo Municipal con fecha 14 de marzo del a\u00f1o 2.023, remite las presentes actuaciones con proyecto de Ordenanza solicitando la modificaci\u00f3n de la [&hellip;]<\/p>\n","protected":false},"author":5,"featured_media":33581,"comment_status":"closed","ping_status":"closed","sticky":false,"template":"","format":"standard","meta":{"footnotes":""},"categories":[52,29,48,33],"tags":[],"class_list":["post-33574","post","type-post","status-publish","format-standard","has-post-thumbnail","hentry","category-gacetillas","category-lesgilacion","category-ordenanzas-municipales","category-prensa"],"yoast_head":"<!-- This site is optimized with the Yoast SEO plugin v19.10 - https:\/\/yoast.com\/wordpress\/plugins\/seo\/ -->\n<title>ORDENANZA N\u00b0 2.220\/2.023 - Malarg\u00fce HCD<\/title>\n<meta name=\"robots\" content=\"index, follow, max-snippet:-1, max-image-preview:large, max-video-preview:-1\" \/>\n<link rel=\"canonical\" href=\"https:\/\/hcd.malargue.gov.ar\/?p=33574\" \/>\n<meta property=\"og:locale\" content=\"es_ES\" \/>\n<meta property=\"og:type\" content=\"article\" \/>\n<meta property=\"og:title\" content=\"ORDENANZA N\u00b0 2.220\/2.023 - Malarg\u00fce HCD\" \/>\n<meta property=\"og:description\" content=\"VISTO: Expte. N\u00b0 4.150\/2.022-0.Presidente PV La Perla- Federico Garin. Usufructo del predio de 192 hect\u00e1reas donde se localizar\u00e1 el Proyecto Solar de 80 MW a construir. &nbsp;&nbsp;&nbsp;&nbsp;&nbsp;&nbsp;&nbsp;&nbsp;&nbsp;&nbsp;&nbsp; y; CONSIDERANDO: Que el Departamento Ejecutivo Municipal con fecha 14 de marzo del a\u00f1o 2.023, remite las presentes actuaciones con proyecto de Ordenanza solicitando la modificaci\u00f3n de la [&hellip;]\" \/>\n<meta property=\"og:url\" content=\"https:\/\/hcd.malargue.gov.ar\/?p=33574\" \/>\n<meta property=\"og:site_name\" content=\"Malarg\u00fce HCD\" \/>\n<meta property=\"article:published_time\" content=\"2023-04-19T12:31:32+00:00\" \/>\n<meta property=\"article:modified_time\" content=\"2023-04-19T12:36:39+00:00\" \/>\n<meta property=\"og:image\" content=\"https:\/\/hcd.malargue.gov.ar\/wp-content\/uploads\/2023\/04\/ORDENANZA-2220.jpg\" \/>\n\t<meta property=\"og:image:width\" content=\"940\" \/>\n\t<meta property=\"og:image:height\" content=\"788\" \/>\n\t<meta property=\"og:image:type\" content=\"image\/jpeg\" \/>\n<meta name=\"author\" content=\"Belen Pedernera Ferragut\" \/>\n<meta name=\"twitter:card\" content=\"summary_large_image\" \/>\n<meta name=\"twitter:label1\" content=\"Escrito por\" \/>\n\t<meta name=\"twitter:data1\" content=\"Belen Pedernera Ferragut\" \/>\n\t<meta name=\"twitter:label2\" content=\"Tiempo de lectura\" \/>\n\t<meta name=\"twitter:data2\" content=\"4 minutos\" \/>\n<script type=\"application\/ld+json\" class=\"yoast-schema-graph\">{\"@context\":\"https:\/\/schema.org\",\"@graph\":[{\"@type\":\"WebPage\",\"@id\":\"https:\/\/hcd.malargue.gov.ar\/?p=33574\",\"url\":\"https:\/\/hcd.malargue.gov.ar\/?p=33574\",\"name\":\"ORDENANZA N\u00b0 2.220\/2.023 - Malarg\u00fce HCD\",\"isPartOf\":{\"@id\":\"https:\/\/hcd.malargue.gov.ar\/#website\"},\"datePublished\":\"2023-04-19T12:31:32+00:00\",\"dateModified\":\"2023-04-19T12:36:39+00:00\",\"author\":{\"@id\":\"https:\/\/hcd.malargue.gov.ar\/#\/schema\/person\/3fd6bbab64edd703961b795156c955d0\"},\"breadcrumb\":{\"@id\":\"https:\/\/hcd.malargue.gov.ar\/?p=33574#breadcrumb\"},\"inLanguage\":\"es-AR\",\"potentialAction\":[{\"@type\":\"ReadAction\",\"target\":[\"https:\/\/hcd.malargue.gov.ar\/?p=33574\"]}]},{\"@type\":\"BreadcrumbList\",\"@id\":\"https:\/\/hcd.malargue.gov.ar\/?p=33574#breadcrumb\",\"itemListElement\":[{\"@type\":\"ListItem\",\"position\":1,\"name\":\"Inicio\",\"item\":\"https:\/\/hcd.malargue.gov.ar\/\"},{\"@type\":\"ListItem\",\"position\":2,\"name\":\"ORDENANZA N\u00b0 2.220\/2.023\"}]},{\"@type\":\"WebSite\",\"@id\":\"https:\/\/hcd.malargue.gov.ar\/#website\",\"url\":\"https:\/\/hcd.malargue.gov.ar\/\",\"name\":\"Malarg\u00fce HCD\",\"description\":\"Malarg\u00fce Mendoza Argentina\",\"potentialAction\":[{\"@type\":\"SearchAction\",\"target\":{\"@type\":\"EntryPoint\",\"urlTemplate\":\"https:\/\/hcd.malargue.gov.ar\/?s={search_term_string}\"},\"query-input\":\"required name=search_term_string\"}],\"inLanguage\":\"es-AR\"},{\"@type\":\"Person\",\"@id\":\"https:\/\/hcd.malargue.gov.ar\/#\/schema\/person\/3fd6bbab64edd703961b795156c955d0\",\"name\":\"Belen Pedernera Ferragut\",\"image\":{\"@type\":\"ImageObject\",\"inLanguage\":\"es-AR\",\"@id\":\"https:\/\/hcd.malargue.gov.ar\/#\/schema\/person\/image\/\",\"url\":\"https:\/\/secure.gravatar.com\/avatar\/1054ffab3893de4bb3eb29bdd22f7e34b8537bf5d34d9dab311818154ad5b71f?s=96&d=mm&r=g\",\"contentUrl\":\"https:\/\/secure.gravatar.com\/avatar\/1054ffab3893de4bb3eb29bdd22f7e34b8537bf5d34d9dab311818154ad5b71f?s=96&d=mm&r=g\",\"caption\":\"Belen Pedernera Ferragut\"},\"url\":\"https:\/\/hcd.malargue.gov.ar\/?author=5\"}]}<\/script>\n<!-- \/ Yoast SEO plugin. -->","yoast_head_json":{"title":"ORDENANZA N\u00b0 2.220\/2.023 - Malarg\u00fce HCD","robots":{"index":"index","follow":"follow","max-snippet":"max-snippet:-1","max-image-preview":"max-image-preview:large","max-video-preview":"max-video-preview:-1"},"canonical":"https:\/\/hcd.malargue.gov.ar\/?p=33574","og_locale":"es_ES","og_type":"article","og_title":"ORDENANZA N\u00b0 2.220\/2.023 - Malarg\u00fce HCD","og_description":"VISTO: Expte. N\u00b0 4.150\/2.022-0.Presidente PV La Perla- Federico Garin. Usufructo del predio de 192 hect\u00e1reas donde se localizar\u00e1 el Proyecto Solar de 80 MW a construir. &nbsp;&nbsp;&nbsp;&nbsp;&nbsp;&nbsp;&nbsp;&nbsp;&nbsp;&nbsp;&nbsp; y; CONSIDERANDO: Que el Departamento Ejecutivo Municipal con fecha 14 de marzo del a\u00f1o 2.023, remite las presentes actuaciones con proyecto de Ordenanza solicitando la modificaci\u00f3n de la [&hellip;]","og_url":"https:\/\/hcd.malargue.gov.ar\/?p=33574","og_site_name":"Malarg\u00fce HCD","article_published_time":"2023-04-19T12:31:32+00:00","article_modified_time":"2023-04-19T12:36:39+00:00","og_image":[{"width":940,"height":788,"url":"https:\/\/hcd.malargue.gov.ar\/wp-content\/uploads\/2023\/04\/ORDENANZA-2220.jpg","type":"image\/jpeg"}],"author":"Belen Pedernera Ferragut","twitter_card":"summary_large_image","twitter_misc":{"Escrito por":"Belen Pedernera Ferragut","Tiempo de lectura":"4 minutos"},"schema":{"@context":"https:\/\/schema.org","@graph":[{"@type":"WebPage","@id":"https:\/\/hcd.malargue.gov.ar\/?p=33574","url":"https:\/\/hcd.malargue.gov.ar\/?p=33574","name":"ORDENANZA N\u00b0 2.220\/2.023 - Malarg\u00fce HCD","isPartOf":{"@id":"https:\/\/hcd.malargue.gov.ar\/#website"},"datePublished":"2023-04-19T12:31:32+00:00","dateModified":"2023-04-19T12:36:39+00:00","author":{"@id":"https:\/\/hcd.malargue.gov.ar\/#\/schema\/person\/3fd6bbab64edd703961b795156c955d0"},"breadcrumb":{"@id":"https:\/\/hcd.malargue.gov.ar\/?p=33574#breadcrumb"},"inLanguage":"es-AR","potentialAction":[{"@type":"ReadAction","target":["https:\/\/hcd.malargue.gov.ar\/?p=33574"]}]},{"@type":"BreadcrumbList","@id":"https:\/\/hcd.malargue.gov.ar\/?p=33574#breadcrumb","itemListElement":[{"@type":"ListItem","position":1,"name":"Inicio","item":"https:\/\/hcd.malargue.gov.ar\/"},{"@type":"ListItem","position":2,"name":"ORDENANZA N\u00b0 2.220\/2.023"}]},{"@type":"WebSite","@id":"https:\/\/hcd.malargue.gov.ar\/#website","url":"https:\/\/hcd.malargue.gov.ar\/","name":"Malarg\u00fce HCD","description":"Malarg\u00fce Mendoza Argentina","potentialAction":[{"@type":"SearchAction","target":{"@type":"EntryPoint","urlTemplate":"https:\/\/hcd.malargue.gov.ar\/?s={search_term_string}"},"query-input":"required name=search_term_string"}],"inLanguage":"es-AR"},{"@type":"Person","@id":"https:\/\/hcd.malargue.gov.ar\/#\/schema\/person\/3fd6bbab64edd703961b795156c955d0","name":"Belen Pedernera Ferragut","image":{"@type":"ImageObject","inLanguage":"es-AR","@id":"https:\/\/hcd.malargue.gov.ar\/#\/schema\/person\/image\/","url":"https:\/\/secure.gravatar.com\/avatar\/1054ffab3893de4bb3eb29bdd22f7e34b8537bf5d34d9dab311818154ad5b71f?s=96&d=mm&r=g","contentUrl":"https:\/\/secure.gravatar.com\/avatar\/1054ffab3893de4bb3eb29bdd22f7e34b8537bf5d34d9dab311818154ad5b71f?s=96&d=mm&r=g","caption":"Belen Pedernera Ferragut"},"url":"https:\/\/hcd.malargue.gov.ar\/?author=5"}]}},"_links":{"self":[{"href":"https:\/\/hcd.malargue.gov.ar\/index.php?rest_route=\/wp\/v2\/posts\/33574","targetHints":{"allow":["GET"]}}],"collection":[{"href":"https:\/\/hcd.malargue.gov.ar\/index.php?rest_route=\/wp\/v2\/posts"}],"about":[{"href":"https:\/\/hcd.malargue.gov.ar\/index.php?rest_route=\/wp\/v2\/types\/post"}],"author":[{"embeddable":true,"href":"https:\/\/hcd.malargue.gov.ar\/index.php?rest_route=\/wp\/v2\/users\/5"}],"replies":[{"embeddable":true,"href":"https:\/\/hcd.malargue.gov.ar\/index.php?rest_route=%2Fwp%2Fv2%2Fcomments&post=33574"}],"version-history":[{"count":3,"href":"https:\/\/hcd.malargue.gov.ar\/index.php?rest_route=\/wp\/v2\/posts\/33574\/revisions"}],"predecessor-version":[{"id":33582,"href":"https:\/\/hcd.malargue.gov.ar\/index.php?rest_route=\/wp\/v2\/posts\/33574\/revisions\/33582"}],"wp:featuredmedia":[{"embeddable":true,"href":"https:\/\/hcd.malargue.gov.ar\/index.php?rest_route=\/wp\/v2\/media\/33581"}],"wp:attachment":[{"href":"https:\/\/hcd.malargue.gov.ar\/index.php?rest_route=%2Fwp%2Fv2%2Fmedia&parent=33574"}],"wp:term":[{"taxonomy":"category","embeddable":true,"href":"https:\/\/hcd.malargue.gov.ar\/index.php?rest_route=%2Fwp%2Fv2%2Fcategories&post=33574"},{"taxonomy":"post_tag","embeddable":true,"href":"https:\/\/hcd.malargue.gov.ar\/index.php?rest_route=%2Fwp%2Fv2%2Ftags&post=33574"}],"curies":[{"name":"wp","href":"https:\/\/api.w.org\/{rel}","templated":true}]}}