{"id":33628,"date":"2023-04-24T11:39:45","date_gmt":"2023-04-24T14:39:45","guid":{"rendered":"https:\/\/hcd.malargue.gov.ar\/?p=33628"},"modified":"2023-04-24T11:39:51","modified_gmt":"2023-04-24T14:39:51","slug":"declaracion-n-312-2-023","status":"publish","type":"post","link":"https:\/\/hcd.malargue.gov.ar\/?p=33628","title":{"rendered":"DECLARACI\u00d3N N\u00b0 312\/2.023"},"content":{"rendered":"<div class=\"wp-block-image\">\n<figure class=\"alignright size-full is-resized\"><a href=\"http:\/\/hcd.malargue.gov.ar\/hcdpdf\/decla%20312%202023%20jornadas%20ESCAM.pdf\"><img loading=\"lazy\" decoding=\"async\" src=\"https:\/\/hcd.malargue.gov.ar\/wp-content\/uploads\/2018\/06\/PDF-JPG.jpg\" alt=\"\" class=\"wp-image-7950\" width=\"131\" height=\"131\" srcset=\"https:\/\/hcd.malargue.gov.ar\/wp-content\/uploads\/2018\/06\/PDF-JPG.jpg 512w, https:\/\/hcd.malargue.gov.ar\/wp-content\/uploads\/2018\/06\/PDF-JPG-150x150.jpg 150w, https:\/\/hcd.malargue.gov.ar\/wp-content\/uploads\/2018\/06\/PDF-JPG-300x300.jpg 300w\" sizes=\"auto, (max-width: 131px) 100vw, 131px\" \/><\/a><\/figure>\n<\/div>\n\n\n<p><strong>AUTORA: CONCEJALA PAOLA ROJO<\/strong><\/p>\n\n\n\n<p><strong>BLOQUE: FRENTE CAMBIA MENDOZA<\/strong><\/p>\n\n\n\n<p>VISTO: El contenido del Expediente N\u00ba 5.263-HC 053-2.023 Bloque Frente Cambia Mendoza. Proyecto de Declaraci\u00f3n: Declarar de Inter\u00e9s Departamental Educativo, Deportivo y Social las Jornadas Deportivas Mixtas de la Escuela N\u00b0 4-138 Aborigen Americano. <\/p>\n\n\n\n<p>Que la actividad f\u00edsica motivada por las Instituciones Educativas del Departamento de Malarg\u00fce contribuye al desarrollo f\u00edsico, social y educativo de los j\u00f3venes, fomentando la autoconfianza, la interacci\u00f3n e integraci\u00f3n.<\/p>\n\n\n\n<p>Y;<\/p>\n\n\n\n<p>CONSIDERANDO: Que la Escuela N\u00b0 4-138 Aborigen Americano, comenz\u00f3 a organizar y llevar a cabo las Jornadas Deportivas Mixtas en abril de 2.019, con la gran colaboraci\u00f3n de directivos, docentes, personal no docente, padres y alumnos.<\/p>\n\n\n\n<p>Que la propuesta surge con la idea de realizar actividades donde los j\u00f3venes participen en deportes de manera mixta (varones-mujeres) y as\u00ed, adquieran habilidades, trabajen valores como la coeducaci\u00f3n, compa\u00f1erismo, cooperaci\u00f3n, solidaridad, integraci\u00f3n, entre otros.<\/p>\n\n\n\n<p>Que as\u00ed, se logran unir aspectos recreativos y competitivos dentro del \u00e1mbito escolar, promoviendo en todo momento un espacio de respeto y tolerancia.<\/p>\n\n\n\n<p>Que las actividades mencionadas tienen una orientaci\u00f3n educativa, enfocada en el \u201cDesarrollo Psicomotor e Integral&#8221; y social que hace \u00e9nfasis en la \u201cIgualdad y Respeto\u201d<\/p>\n\n\n\n<p>Que de esta manera, alumnos de las distintas Escuelas Secundarias que deseen participar, podr\u00e1n disfrutar de la pr\u00e1ctica de deportes mixtos, la cual es novedosa en el Departamento.<\/p>\n\n\n\n<p>Que, los deportes en los cuales participar\u00e1n los j\u00f3venes ser\u00e1n: Voley, B\u00e1squet, Handball, Futbol y Atletismo<\/p>\n\n\n\n<p>Que las Jornadas Mixtas son parte de un Proyecto Institucional, las cuales aparecer\u00e1n en el Plan Anual de las Semanas Deportivas de las diferentes Escuelas Secundarias de Malarg\u00fce y se llevar\u00e1 a cabo en el Centro Cultural y Deportivo Municipal Malal-Hue.<\/p>\n\n\n\n<p>Que cabe aclarar que no exist\u00edan jornadas deportivas donde se incluya a hombres y mujeres participando de un mismo equipo en los diferentes deportes, lo cual beneficia la integraci\u00f3n de g\u00e9neros dentro de las instituciones.<\/p>\n\n\n\n<p>Que las mismas se llevaran a cabo los d\u00edas 17 al 21 de abril del corriente a\u00f1o.<\/p>\n\n\n\n<p>EL HONORABLE CONCEJO DELIBERANTE DE LA MUNICIPALIDAD DE MALARG\u00dcE EN USO DE LAS FACULTADES QUE LE SON PROPIAS<\/p>\n\n\n\n<p>DECLARA<\/p>\n\n\n\n<p>ART\u00cdCULO 1\u00ba: Declarar de Inter\u00e9s Departamental, Educativo, Deportivo y Social la <em>3\u00b0 Edici\u00f3n de las Jornadas Deportivas Mixtas<\/em> organizadas por la Escuela N\u00b0 4-138 Aborigen Americano.<\/p>\n\n\n\n<p>ART\u00cdCULO 2\u00ba: Difundir d\u00edas y horarios de realizaci\u00f3n de dichas Jornadas, a trav\u00e9s de los Medios de Comunicaci\u00f3n y Prensa del Departamento.<\/p>\n\n\n\n<p>ART\u00cdCULO 3\u00ba: Enviar copia de la presente pieza legal a la Direcci\u00f3n de la Escuela N\u00b0 4-138 Aborigen Americano, Direcci\u00f3n de Deportes de la Municipalidad de Malarg\u00fce y a la Direcci\u00f3n General de Escuelas, Subdelegaci\u00f3n Malarg\u00fce.<\/p>\n\n\n\n<p>ART\u00cdCULO 4\u00ba: Comun\u00edquese, reg\u00edstrese, agr\u00e9guese copia de la presente en las actuaciones correspondientes y arch\u00edvese.<\/p>\n\n\n\n<p>DADA EN LA SALA DE SESIONES DR.&nbsp; RICARDO&nbsp; BALBIN DEL&nbsp; HONORABLE&nbsp; CONCEJO&nbsp; DELIBERANTE&nbsp; DE&nbsp; LA &nbsp;MUNICIPALIDAD&nbsp; DE&nbsp; MALARG\u00dcE&nbsp; A&nbsp; TRECE D\u00cdAS&nbsp; DE&nbsp;&nbsp; ABRIL&nbsp; DE&nbsp; DOS&nbsp; MIL&nbsp; VEINTITRES.<\/p>\n","protected":false},"excerpt":{"rendered":"<p>AUTORA: CONCEJALA PAOLA ROJO BLOQUE: FRENTE CAMBIA MENDOZA VISTO: El contenido del Expediente N\u00ba 5.263-HC 053-2.023 Bloque Frente Cambia Mendoza. Proyecto de Declaraci\u00f3n: Declarar de Inter\u00e9s Departamental Educativo, Deportivo y Social las Jornadas Deportivas Mixtas de la Escuela N\u00b0 4-138 Aborigen Americano. Que la actividad f\u00edsica motivada por las Instituciones Educativas del Departamento de Malarg\u00fce [&hellip;]<\/p>\n","protected":false},"author":5,"featured_media":33629,"comment_status":"closed","ping_status":"closed","sticky":false,"template":"","format":"standard","meta":{"footnotes":""},"categories":[46,52,29,33],"tags":[],"class_list":["post-33628","post","type-post","status-publish","format-standard","has-post-thumbnail","hentry","category-declaraciones","category-gacetillas","category-lesgilacion","category-prensa"],"yoast_head":"<!-- This site is optimized with the Yoast SEO plugin v19.10 - https:\/\/yoast.com\/wordpress\/plugins\/seo\/ -->\n<title>DECLARACI\u00d3N N\u00b0 312\/2.023 - Malarg\u00fce HCD<\/title>\n<meta name=\"robots\" content=\"index, follow, max-snippet:-1, max-image-preview:large, max-video-preview:-1\" \/>\n<link rel=\"canonical\" href=\"https:\/\/hcd.malargue.gov.ar\/?p=33628\" \/>\n<meta property=\"og:locale\" content=\"es_ES\" \/>\n<meta property=\"og:type\" content=\"article\" \/>\n<meta property=\"og:title\" content=\"DECLARACI\u00d3N N\u00b0 312\/2.023 - Malarg\u00fce HCD\" \/>\n<meta property=\"og:description\" content=\"AUTORA: CONCEJALA PAOLA ROJO BLOQUE: FRENTE CAMBIA MENDOZA VISTO: El contenido del Expediente N\u00ba 5.263-HC 053-2.023 Bloque Frente Cambia Mendoza. Proyecto de Declaraci\u00f3n: Declarar de Inter\u00e9s Departamental Educativo, Deportivo y Social las Jornadas Deportivas Mixtas de la Escuela N\u00b0 4-138 Aborigen Americano. Que la actividad f\u00edsica motivada por las Instituciones Educativas del Departamento de Malarg\u00fce [&hellip;]\" \/>\n<meta property=\"og:url\" content=\"https:\/\/hcd.malargue.gov.ar\/?p=33628\" \/>\n<meta property=\"og:site_name\" content=\"Malarg\u00fce HCD\" \/>\n<meta property=\"article:published_time\" content=\"2023-04-24T14:39:45+00:00\" \/>\n<meta property=\"article:modified_time\" content=\"2023-04-24T14:39:51+00:00\" \/>\n<meta property=\"og:image\" content=\"https:\/\/hcd.malargue.gov.ar\/wp-content\/uploads\/2023\/04\/DECLARACION-312-2023.jpg\" \/>\n\t<meta property=\"og:image:width\" content=\"940\" \/>\n\t<meta property=\"og:image:height\" content=\"788\" \/>\n\t<meta property=\"og:image:type\" content=\"image\/jpeg\" \/>\n<meta name=\"author\" content=\"Belen Pedernera Ferragut\" \/>\n<meta name=\"twitter:card\" content=\"summary_large_image\" \/>\n<meta name=\"twitter:label1\" content=\"Escrito por\" \/>\n\t<meta name=\"twitter:data1\" content=\"Belen Pedernera Ferragut\" \/>\n\t<meta name=\"twitter:label2\" content=\"Tiempo de lectura\" \/>\n\t<meta name=\"twitter:data2\" content=\"3 minutos\" \/>\n<script type=\"application\/ld+json\" class=\"yoast-schema-graph\">{\"@context\":\"https:\/\/schema.org\",\"@graph\":[{\"@type\":\"WebPage\",\"@id\":\"https:\/\/hcd.malargue.gov.ar\/?p=33628\",\"url\":\"https:\/\/hcd.malargue.gov.ar\/?p=33628\",\"name\":\"DECLARACI\u00d3N N\u00b0 312\/2.023 - Malarg\u00fce HCD\",\"isPartOf\":{\"@id\":\"https:\/\/hcd.malargue.gov.ar\/#website\"},\"datePublished\":\"2023-04-24T14:39:45+00:00\",\"dateModified\":\"2023-04-24T14:39:51+00:00\",\"author\":{\"@id\":\"https:\/\/hcd.malargue.gov.ar\/#\/schema\/person\/3fd6bbab64edd703961b795156c955d0\"},\"breadcrumb\":{\"@id\":\"https:\/\/hcd.malargue.gov.ar\/?p=33628#breadcrumb\"},\"inLanguage\":\"es-AR\",\"potentialAction\":[{\"@type\":\"ReadAction\",\"target\":[\"https:\/\/hcd.malargue.gov.ar\/?p=33628\"]}]},{\"@type\":\"BreadcrumbList\",\"@id\":\"https:\/\/hcd.malargue.gov.ar\/?p=33628#breadcrumb\",\"itemListElement\":[{\"@type\":\"ListItem\",\"position\":1,\"name\":\"Inicio\",\"item\":\"https:\/\/hcd.malargue.gov.ar\/\"},{\"@type\":\"ListItem\",\"position\":2,\"name\":\"DECLARACI\u00d3N N\u00b0 312\/2.023\"}]},{\"@type\":\"WebSite\",\"@id\":\"https:\/\/hcd.malargue.gov.ar\/#website\",\"url\":\"https:\/\/hcd.malargue.gov.ar\/\",\"name\":\"Malarg\u00fce HCD\",\"description\":\"Malarg\u00fce Mendoza Argentina\",\"potentialAction\":[{\"@type\":\"SearchAction\",\"target\":{\"@type\":\"EntryPoint\",\"urlTemplate\":\"https:\/\/hcd.malargue.gov.ar\/?s={search_term_string}\"},\"query-input\":\"required name=search_term_string\"}],\"inLanguage\":\"es-AR\"},{\"@type\":\"Person\",\"@id\":\"https:\/\/hcd.malargue.gov.ar\/#\/schema\/person\/3fd6bbab64edd703961b795156c955d0\",\"name\":\"Belen Pedernera Ferragut\",\"image\":{\"@type\":\"ImageObject\",\"inLanguage\":\"es-AR\",\"@id\":\"https:\/\/hcd.malargue.gov.ar\/#\/schema\/person\/image\/\",\"url\":\"https:\/\/secure.gravatar.com\/avatar\/1054ffab3893de4bb3eb29bdd22f7e34b8537bf5d34d9dab311818154ad5b71f?s=96&d=mm&r=g\",\"contentUrl\":\"https:\/\/secure.gravatar.com\/avatar\/1054ffab3893de4bb3eb29bdd22f7e34b8537bf5d34d9dab311818154ad5b71f?s=96&d=mm&r=g\",\"caption\":\"Belen Pedernera Ferragut\"},\"url\":\"https:\/\/hcd.malargue.gov.ar\/?author=5\"}]}<\/script>\n<!-- \/ Yoast SEO plugin. -->","yoast_head_json":{"title":"DECLARACI\u00d3N N\u00b0 312\/2.023 - Malarg\u00fce HCD","robots":{"index":"index","follow":"follow","max-snippet":"max-snippet:-1","max-image-preview":"max-image-preview:large","max-video-preview":"max-video-preview:-1"},"canonical":"https:\/\/hcd.malargue.gov.ar\/?p=33628","og_locale":"es_ES","og_type":"article","og_title":"DECLARACI\u00d3N N\u00b0 312\/2.023 - Malarg\u00fce HCD","og_description":"AUTORA: CONCEJALA PAOLA ROJO BLOQUE: FRENTE CAMBIA MENDOZA VISTO: El contenido del Expediente N\u00ba 5.263-HC 053-2.023 Bloque Frente Cambia Mendoza. Proyecto de Declaraci\u00f3n: Declarar de Inter\u00e9s Departamental Educativo, Deportivo y Social las Jornadas Deportivas Mixtas de la Escuela N\u00b0 4-138 Aborigen Americano. Que la actividad f\u00edsica motivada por las Instituciones Educativas del Departamento de Malarg\u00fce [&hellip;]","og_url":"https:\/\/hcd.malargue.gov.ar\/?p=33628","og_site_name":"Malarg\u00fce HCD","article_published_time":"2023-04-24T14:39:45+00:00","article_modified_time":"2023-04-24T14:39:51+00:00","og_image":[{"width":940,"height":788,"url":"https:\/\/hcd.malargue.gov.ar\/wp-content\/uploads\/2023\/04\/DECLARACION-312-2023.jpg","type":"image\/jpeg"}],"author":"Belen Pedernera Ferragut","twitter_card":"summary_large_image","twitter_misc":{"Escrito por":"Belen Pedernera Ferragut","Tiempo de lectura":"3 minutos"},"schema":{"@context":"https:\/\/schema.org","@graph":[{"@type":"WebPage","@id":"https:\/\/hcd.malargue.gov.ar\/?p=33628","url":"https:\/\/hcd.malargue.gov.ar\/?p=33628","name":"DECLARACI\u00d3N N\u00b0 312\/2.023 - Malarg\u00fce HCD","isPartOf":{"@id":"https:\/\/hcd.malargue.gov.ar\/#website"},"datePublished":"2023-04-24T14:39:45+00:00","dateModified":"2023-04-24T14:39:51+00:00","author":{"@id":"https:\/\/hcd.malargue.gov.ar\/#\/schema\/person\/3fd6bbab64edd703961b795156c955d0"},"breadcrumb":{"@id":"https:\/\/hcd.malargue.gov.ar\/?p=33628#breadcrumb"},"inLanguage":"es-AR","potentialAction":[{"@type":"ReadAction","target":["https:\/\/hcd.malargue.gov.ar\/?p=33628"]}]},{"@type":"BreadcrumbList","@id":"https:\/\/hcd.malargue.gov.ar\/?p=33628#breadcrumb","itemListElement":[{"@type":"ListItem","position":1,"name":"Inicio","item":"https:\/\/hcd.malargue.gov.ar\/"},{"@type":"ListItem","position":2,"name":"DECLARACI\u00d3N N\u00b0 312\/2.023"}]},{"@type":"WebSite","@id":"https:\/\/hcd.malargue.gov.ar\/#website","url":"https:\/\/hcd.malargue.gov.ar\/","name":"Malarg\u00fce HCD","description":"Malarg\u00fce Mendoza Argentina","potentialAction":[{"@type":"SearchAction","target":{"@type":"EntryPoint","urlTemplate":"https:\/\/hcd.malargue.gov.ar\/?s={search_term_string}"},"query-input":"required name=search_term_string"}],"inLanguage":"es-AR"},{"@type":"Person","@id":"https:\/\/hcd.malargue.gov.ar\/#\/schema\/person\/3fd6bbab64edd703961b795156c955d0","name":"Belen Pedernera Ferragut","image":{"@type":"ImageObject","inLanguage":"es-AR","@id":"https:\/\/hcd.malargue.gov.ar\/#\/schema\/person\/image\/","url":"https:\/\/secure.gravatar.com\/avatar\/1054ffab3893de4bb3eb29bdd22f7e34b8537bf5d34d9dab311818154ad5b71f?s=96&d=mm&r=g","contentUrl":"https:\/\/secure.gravatar.com\/avatar\/1054ffab3893de4bb3eb29bdd22f7e34b8537bf5d34d9dab311818154ad5b71f?s=96&d=mm&r=g","caption":"Belen Pedernera Ferragut"},"url":"https:\/\/hcd.malargue.gov.ar\/?author=5"}]}},"_links":{"self":[{"href":"https:\/\/hcd.malargue.gov.ar\/index.php?rest_route=\/wp\/v2\/posts\/33628","targetHints":{"allow":["GET"]}}],"collection":[{"href":"https:\/\/hcd.malargue.gov.ar\/index.php?rest_route=\/wp\/v2\/posts"}],"about":[{"href":"https:\/\/hcd.malargue.gov.ar\/index.php?rest_route=\/wp\/v2\/types\/post"}],"author":[{"embeddable":true,"href":"https:\/\/hcd.malargue.gov.ar\/index.php?rest_route=\/wp\/v2\/users\/5"}],"replies":[{"embeddable":true,"href":"https:\/\/hcd.malargue.gov.ar\/index.php?rest_route=%2Fwp%2Fv2%2Fcomments&post=33628"}],"version-history":[{"count":1,"href":"https:\/\/hcd.malargue.gov.ar\/index.php?rest_route=\/wp\/v2\/posts\/33628\/revisions"}],"predecessor-version":[{"id":33630,"href":"https:\/\/hcd.malargue.gov.ar\/index.php?rest_route=\/wp\/v2\/posts\/33628\/revisions\/33630"}],"wp:featuredmedia":[{"embeddable":true,"href":"https:\/\/hcd.malargue.gov.ar\/index.php?rest_route=\/wp\/v2\/media\/33629"}],"wp:attachment":[{"href":"https:\/\/hcd.malargue.gov.ar\/index.php?rest_route=%2Fwp%2Fv2%2Fmedia&parent=33628"}],"wp:term":[{"taxonomy":"category","embeddable":true,"href":"https:\/\/hcd.malargue.gov.ar\/index.php?rest_route=%2Fwp%2Fv2%2Fcategories&post=33628"},{"taxonomy":"post_tag","embeddable":true,"href":"https:\/\/hcd.malargue.gov.ar\/index.php?rest_route=%2Fwp%2Fv2%2Ftags&post=33628"}],"curies":[{"name":"wp","href":"https:\/\/api.w.org\/{rel}","templated":true}]}}