{"id":33643,"date":"2023-04-25T08:34:27","date_gmt":"2023-04-25T11:34:27","guid":{"rendered":"https:\/\/hcd.malargue.gov.ar\/?p=33643"},"modified":"2023-04-25T08:35:32","modified_gmt":"2023-04-25T11:35:32","slug":"comunicacion-no-481-2-023","status":"publish","type":"post","link":"https:\/\/hcd.malargue.gov.ar\/?p=33643","title":{"rendered":"COMUNICACI\u00d3N N\u00b0 481\/2.023"},"content":{"rendered":"<div class=\"wp-block-image\">\n<figure class=\"alignright size-full is-resized\"><a href=\"http:\/\/hcd.malargue.gov.ar\/hcdpdf\/Cn%20481%202023%20Estado%20Emergencia%20Agropecuaria.pdf\"><img loading=\"lazy\" decoding=\"async\" src=\"https:\/\/hcd.malargue.gov.ar\/wp-content\/uploads\/2018\/06\/PDF-JPG.jpg\" alt=\"\" class=\"wp-image-7950\" width=\"143\" height=\"143\" srcset=\"https:\/\/hcd.malargue.gov.ar\/wp-content\/uploads\/2018\/06\/PDF-JPG.jpg 512w, https:\/\/hcd.malargue.gov.ar\/wp-content\/uploads\/2018\/06\/PDF-JPG-150x150.jpg 150w, https:\/\/hcd.malargue.gov.ar\/wp-content\/uploads\/2018\/06\/PDF-JPG-300x300.jpg 300w\" sizes=\"auto, (max-width: 143px) 100vw, 143px\" \/><\/a><\/figure>\n<\/div>\n\n\n<p><strong>AUTORA: CONCEJALA PAOLA ROJO<\/strong><\/p>\n\n\n\n<p><strong>BLOQUE: FRENTE CAMBIA MENDOZA<\/strong><\/p>\n\n\n\n<p>Que el mencionado Decreto tiene la finalidad de declarar en Estado de Emergencia Agropecuaria y\/o Desastre Agropecuario por sequia a las propiedades ubicadas en la Provincia de Mendoza, que tengan producciones ganaderas de bovinos, caprinos y producci\u00f3n ap\u00edcola, que hayan sido afectadas por las recientes sequ\u00edas.<\/p>\n\n\n\n<p>Y;<\/p>\n\n\n\n<p>CONSIDERANDO: Que la Ley Provincial N\u00b0 9083 establece un sistema de emergencia agropecuaria en la Provincia de Mendoza, destinado a mitigar los da\u00f1os causados por las contingencias clim\u00e1ticas que afecten la producci\u00f3n y\/o capacidad de producci\u00f3n agropecuaria, siendo necesaria la correspondiente Declaraci\u00f3n del Estado de Emergencia y\/o Desastre Agropecuario.<\/p>\n\n\n\n<p>Que es necesario adoptar medidas que ayuden a mitigar las consecuencias de las contingencias clim\u00e1ticas que se han desarrollado en la Provincia de Mendoza, en especial la sequ\u00eda que viene atravesando el territorio provincial debido a la crisis h\u00eddrica.<\/p>\n\n\n\n<p>Que actualmente la provincia atraviesa una d\u00e9cada de escasez de agua, el complejo escenario de sequ\u00eda no logra sortearse y as\u00ed los principales r\u00edos est\u00e1n teniendo un a\u00f1o hidrol\u00f3gico preocupante.<\/p>\n\n\n\n<p>Que el Departamento General de Irrigaci\u00f3n present\u00f3 el Pron\u00f3stico de Caudales 2.022\/23, el cual informa que el caudal de los r\u00edos de la provincia est\u00e1 entre el 40% y el 58 % respecto de un a\u00f1o normal. En este sentido, de acuerdo a la clasificaci\u00f3n hidrol\u00f3gica del organismo, los R\u00edos Grande, Atuel y Diamante presentan sequ\u00eda extrema, mientras que el Mendoza, Tunuy\u00e1n y Malarg\u00fce se encuentran en sequ\u00eda severa.<\/p>\n\n\n\n<p>Que la cuenca del R\u00edo Malarg\u00fce, que alimenta el oasis donde se ubica la ciudad, posee una superficie total de 11.146 km2, y su longitud, desde sus nacientes en el Arroyo Torrecillas al oeste de la ciudad y hasta su desembocadura en Laguna de Llancanelo, alcanza los 70 kil\u00f3metros del \u00e1rea involucrada, el 58% es utilizada para actividades agr\u00edcola ganadera.<\/p>\n\n\n\n<p>Que se otorgar\u00e1 asistencia, ante la apremiante situaci\u00f3n de los damnificados afectados por dicho fen\u00f3meno de car\u00e1cter extraordinario y abarca el per\u00edodo comprendido entre&nbsp;abril de 2022 hasta marzo del 2024. All\u00ed, el art\u00edculo 1\u00ba Declara el Estado de Emergencia y\/o Desastre Agropecuario \u201cPara las propiedades ubicadas en la Provincia de Mendoza que tengan&nbsp;producciones ganaderas caprinas, bovinas, equinas, ovinas y ap\u00edcolas,&nbsp;por los efectos de la sequ\u00eda\u201d, donde nuestro departamento, no est\u00e1 exento a este tercer per\u00edodo de seca consecutiva.<\/p>\n\n\n\n<p>EL HONORABLE CONCEJO DELIBERANTE DE LA MUNICIPALIDAD DE MALARG\u00dcE EN USO DE LAS FACULTADES QUE LE SON PROPIAS<\/p>\n\n\n\n<p>COMUNICA<\/p>\n\n\n\n<p>ART\u00cdCULO 1\u00ba: Que ver\u00eda con agrado que la Delegaci\u00f3n Malarg\u00fce de la Direcci\u00f3n de Ganader\u00eda, comunique por los medios que estime correspondientes y asesore respecto de los alcances del Decreto N\u00b0 2.404\/2.022 de la Provincia de Mendoza, en el cual la Direcci\u00f3n Provincial de Ganader\u00eda, dependiente del Ministerio de Econom\u00eda y Energ\u00eda, declara el estado de Emergencia y\/o Desastre Agropecuario por los da\u00f1os provocados por la sequ\u00eda, a modo de garantizar a la comunidad afectada informaci\u00f3n veraz y de calidad..<\/p>\n\n\n\n<p>ART\u00cdCULO 2\u00ba: Comun\u00edquese, reg\u00edstrese, agr\u00e9guese copia de la presente en las actuaciones correspondientes y arch\u00edvese.<\/p>\n\n\n\n<p>DADA EN LA SALA DE SESIONES DR.&nbsp; RICARDO&nbsp; BALBIN DEL&nbsp; HONORABLE&nbsp; CONCEJO&nbsp; DELIBERANTE&nbsp; DE&nbsp; LA&nbsp; MUNICIPALIDAD&nbsp; DE&nbsp; MALARG\u00dcE&nbsp; A&nbsp; TRECE D\u00cdAS&nbsp; DE&nbsp;&nbsp; ABRIL&nbsp; DE&nbsp; DOS&nbsp; MIL&nbsp; VEINTITRES.<\/p>\n","protected":false},"excerpt":{"rendered":"<p>AUTORA: CONCEJALA PAOLA ROJO BLOQUE: FRENTE CAMBIA MENDOZA Que el mencionado Decreto tiene la finalidad de declarar en Estado de Emergencia Agropecuaria y\/o Desastre Agropecuario por sequia a las propiedades ubicadas en la Provincia de Mendoza, que tengan producciones ganaderas de bovinos, caprinos y producci\u00f3n ap\u00edcola, que hayan sido afectadas por las recientes sequ\u00edas. Y; [&hellip;]<\/p>\n","protected":false},"author":5,"featured_media":33645,"comment_status":"closed","ping_status":"closed","sticky":false,"template":"","format":"standard","meta":{"footnotes":""},"categories":[47,52,29,33],"tags":[],"class_list":["post-33643","post","type-post","status-publish","format-standard","has-post-thumbnail","hentry","category-comunicaciones","category-gacetillas","category-lesgilacion","category-prensa"],"yoast_head":"<!-- This site is optimized with the Yoast SEO plugin v19.10 - https:\/\/yoast.com\/wordpress\/plugins\/seo\/ -->\n<title>COMUNICACI\u00d3N N\u00b0 481\/2.023 - Malarg\u00fce HCD<\/title>\n<meta name=\"robots\" content=\"index, follow, max-snippet:-1, max-image-preview:large, max-video-preview:-1\" \/>\n<link rel=\"canonical\" href=\"https:\/\/hcd.malargue.gov.ar\/?p=33643\" \/>\n<meta property=\"og:locale\" content=\"es_ES\" \/>\n<meta property=\"og:type\" content=\"article\" \/>\n<meta property=\"og:title\" content=\"COMUNICACI\u00d3N N\u00b0 481\/2.023 - Malarg\u00fce HCD\" \/>\n<meta property=\"og:description\" content=\"AUTORA: CONCEJALA PAOLA ROJO BLOQUE: FRENTE CAMBIA MENDOZA Que el mencionado Decreto tiene la finalidad de declarar en Estado de Emergencia Agropecuaria y\/o Desastre Agropecuario por sequia a las propiedades ubicadas en la Provincia de Mendoza, que tengan producciones ganaderas de bovinos, caprinos y producci\u00f3n ap\u00edcola, que hayan sido afectadas por las recientes sequ\u00edas. Y; [&hellip;]\" \/>\n<meta property=\"og:url\" content=\"https:\/\/hcd.malargue.gov.ar\/?p=33643\" \/>\n<meta property=\"og:site_name\" content=\"Malarg\u00fce HCD\" \/>\n<meta property=\"article:published_time\" content=\"2023-04-25T11:34:27+00:00\" \/>\n<meta property=\"article:modified_time\" content=\"2023-04-25T11:35:32+00:00\" \/>\n<meta property=\"og:image\" content=\"https:\/\/hcd.malargue.gov.ar\/wp-content\/uploads\/2023\/04\/COMUNICACION-481.jpg\" \/>\n\t<meta property=\"og:image:width\" content=\"940\" \/>\n\t<meta property=\"og:image:height\" content=\"788\" \/>\n\t<meta property=\"og:image:type\" content=\"image\/jpeg\" \/>\n<meta name=\"author\" content=\"Belen Pedernera Ferragut\" \/>\n<meta name=\"twitter:card\" content=\"summary_large_image\" \/>\n<meta name=\"twitter:label1\" content=\"Escrito por\" \/>\n\t<meta name=\"twitter:data1\" content=\"Belen Pedernera Ferragut\" \/>\n\t<meta name=\"twitter:label2\" content=\"Tiempo de lectura\" \/>\n\t<meta name=\"twitter:data2\" content=\"3 minutos\" \/>\n<script type=\"application\/ld+json\" class=\"yoast-schema-graph\">{\"@context\":\"https:\/\/schema.org\",\"@graph\":[{\"@type\":\"WebPage\",\"@id\":\"https:\/\/hcd.malargue.gov.ar\/?p=33643\",\"url\":\"https:\/\/hcd.malargue.gov.ar\/?p=33643\",\"name\":\"COMUNICACI\u00d3N N\u00b0 481\/2.023 - Malarg\u00fce HCD\",\"isPartOf\":{\"@id\":\"https:\/\/hcd.malargue.gov.ar\/#website\"},\"datePublished\":\"2023-04-25T11:34:27+00:00\",\"dateModified\":\"2023-04-25T11:35:32+00:00\",\"author\":{\"@id\":\"https:\/\/hcd.malargue.gov.ar\/#\/schema\/person\/3fd6bbab64edd703961b795156c955d0\"},\"breadcrumb\":{\"@id\":\"https:\/\/hcd.malargue.gov.ar\/?p=33643#breadcrumb\"},\"inLanguage\":\"es-AR\",\"potentialAction\":[{\"@type\":\"ReadAction\",\"target\":[\"https:\/\/hcd.malargue.gov.ar\/?p=33643\"]}]},{\"@type\":\"BreadcrumbList\",\"@id\":\"https:\/\/hcd.malargue.gov.ar\/?p=33643#breadcrumb\",\"itemListElement\":[{\"@type\":\"ListItem\",\"position\":1,\"name\":\"Inicio\",\"item\":\"https:\/\/hcd.malargue.gov.ar\/\"},{\"@type\":\"ListItem\",\"position\":2,\"name\":\"COMUNICACI\u00d3N N\u00b0 481\/2.023\"}]},{\"@type\":\"WebSite\",\"@id\":\"https:\/\/hcd.malargue.gov.ar\/#website\",\"url\":\"https:\/\/hcd.malargue.gov.ar\/\",\"name\":\"Malarg\u00fce HCD\",\"description\":\"Malarg\u00fce Mendoza Argentina\",\"potentialAction\":[{\"@type\":\"SearchAction\",\"target\":{\"@type\":\"EntryPoint\",\"urlTemplate\":\"https:\/\/hcd.malargue.gov.ar\/?s={search_term_string}\"},\"query-input\":\"required name=search_term_string\"}],\"inLanguage\":\"es-AR\"},{\"@type\":\"Person\",\"@id\":\"https:\/\/hcd.malargue.gov.ar\/#\/schema\/person\/3fd6bbab64edd703961b795156c955d0\",\"name\":\"Belen Pedernera Ferragut\",\"image\":{\"@type\":\"ImageObject\",\"inLanguage\":\"es-AR\",\"@id\":\"https:\/\/hcd.malargue.gov.ar\/#\/schema\/person\/image\/\",\"url\":\"https:\/\/secure.gravatar.com\/avatar\/1054ffab3893de4bb3eb29bdd22f7e34b8537bf5d34d9dab311818154ad5b71f?s=96&d=mm&r=g\",\"contentUrl\":\"https:\/\/secure.gravatar.com\/avatar\/1054ffab3893de4bb3eb29bdd22f7e34b8537bf5d34d9dab311818154ad5b71f?s=96&d=mm&r=g\",\"caption\":\"Belen Pedernera Ferragut\"},\"url\":\"https:\/\/hcd.malargue.gov.ar\/?author=5\"}]}<\/script>\n<!-- \/ Yoast SEO plugin. -->","yoast_head_json":{"title":"COMUNICACI\u00d3N N\u00b0 481\/2.023 - Malarg\u00fce HCD","robots":{"index":"index","follow":"follow","max-snippet":"max-snippet:-1","max-image-preview":"max-image-preview:large","max-video-preview":"max-video-preview:-1"},"canonical":"https:\/\/hcd.malargue.gov.ar\/?p=33643","og_locale":"es_ES","og_type":"article","og_title":"COMUNICACI\u00d3N N\u00b0 481\/2.023 - Malarg\u00fce HCD","og_description":"AUTORA: CONCEJALA PAOLA ROJO BLOQUE: FRENTE CAMBIA MENDOZA Que el mencionado Decreto tiene la finalidad de declarar en Estado de Emergencia Agropecuaria y\/o Desastre Agropecuario por sequia a las propiedades ubicadas en la Provincia de Mendoza, que tengan producciones ganaderas de bovinos, caprinos y producci\u00f3n ap\u00edcola, que hayan sido afectadas por las recientes sequ\u00edas. Y; [&hellip;]","og_url":"https:\/\/hcd.malargue.gov.ar\/?p=33643","og_site_name":"Malarg\u00fce HCD","article_published_time":"2023-04-25T11:34:27+00:00","article_modified_time":"2023-04-25T11:35:32+00:00","og_image":[{"width":940,"height":788,"url":"https:\/\/hcd.malargue.gov.ar\/wp-content\/uploads\/2023\/04\/COMUNICACION-481.jpg","type":"image\/jpeg"}],"author":"Belen Pedernera Ferragut","twitter_card":"summary_large_image","twitter_misc":{"Escrito por":"Belen Pedernera Ferragut","Tiempo de lectura":"3 minutos"},"schema":{"@context":"https:\/\/schema.org","@graph":[{"@type":"WebPage","@id":"https:\/\/hcd.malargue.gov.ar\/?p=33643","url":"https:\/\/hcd.malargue.gov.ar\/?p=33643","name":"COMUNICACI\u00d3N N\u00b0 481\/2.023 - Malarg\u00fce HCD","isPartOf":{"@id":"https:\/\/hcd.malargue.gov.ar\/#website"},"datePublished":"2023-04-25T11:34:27+00:00","dateModified":"2023-04-25T11:35:32+00:00","author":{"@id":"https:\/\/hcd.malargue.gov.ar\/#\/schema\/person\/3fd6bbab64edd703961b795156c955d0"},"breadcrumb":{"@id":"https:\/\/hcd.malargue.gov.ar\/?p=33643#breadcrumb"},"inLanguage":"es-AR","potentialAction":[{"@type":"ReadAction","target":["https:\/\/hcd.malargue.gov.ar\/?p=33643"]}]},{"@type":"BreadcrumbList","@id":"https:\/\/hcd.malargue.gov.ar\/?p=33643#breadcrumb","itemListElement":[{"@type":"ListItem","position":1,"name":"Inicio","item":"https:\/\/hcd.malargue.gov.ar\/"},{"@type":"ListItem","position":2,"name":"COMUNICACI\u00d3N N\u00b0 481\/2.023"}]},{"@type":"WebSite","@id":"https:\/\/hcd.malargue.gov.ar\/#website","url":"https:\/\/hcd.malargue.gov.ar\/","name":"Malarg\u00fce HCD","description":"Malarg\u00fce Mendoza Argentina","potentialAction":[{"@type":"SearchAction","target":{"@type":"EntryPoint","urlTemplate":"https:\/\/hcd.malargue.gov.ar\/?s={search_term_string}"},"query-input":"required name=search_term_string"}],"inLanguage":"es-AR"},{"@type":"Person","@id":"https:\/\/hcd.malargue.gov.ar\/#\/schema\/person\/3fd6bbab64edd703961b795156c955d0","name":"Belen Pedernera Ferragut","image":{"@type":"ImageObject","inLanguage":"es-AR","@id":"https:\/\/hcd.malargue.gov.ar\/#\/schema\/person\/image\/","url":"https:\/\/secure.gravatar.com\/avatar\/1054ffab3893de4bb3eb29bdd22f7e34b8537bf5d34d9dab311818154ad5b71f?s=96&d=mm&r=g","contentUrl":"https:\/\/secure.gravatar.com\/avatar\/1054ffab3893de4bb3eb29bdd22f7e34b8537bf5d34d9dab311818154ad5b71f?s=96&d=mm&r=g","caption":"Belen Pedernera Ferragut"},"url":"https:\/\/hcd.malargue.gov.ar\/?author=5"}]}},"_links":{"self":[{"href":"https:\/\/hcd.malargue.gov.ar\/index.php?rest_route=\/wp\/v2\/posts\/33643","targetHints":{"allow":["GET"]}}],"collection":[{"href":"https:\/\/hcd.malargue.gov.ar\/index.php?rest_route=\/wp\/v2\/posts"}],"about":[{"href":"https:\/\/hcd.malargue.gov.ar\/index.php?rest_route=\/wp\/v2\/types\/post"}],"author":[{"embeddable":true,"href":"https:\/\/hcd.malargue.gov.ar\/index.php?rest_route=\/wp\/v2\/users\/5"}],"replies":[{"embeddable":true,"href":"https:\/\/hcd.malargue.gov.ar\/index.php?rest_route=%2Fwp%2Fv2%2Fcomments&post=33643"}],"version-history":[{"count":2,"href":"https:\/\/hcd.malargue.gov.ar\/index.php?rest_route=\/wp\/v2\/posts\/33643\/revisions"}],"predecessor-version":[{"id":33647,"href":"https:\/\/hcd.malargue.gov.ar\/index.php?rest_route=\/wp\/v2\/posts\/33643\/revisions\/33647"}],"wp:featuredmedia":[{"embeddable":true,"href":"https:\/\/hcd.malargue.gov.ar\/index.php?rest_route=\/wp\/v2\/media\/33645"}],"wp:attachment":[{"href":"https:\/\/hcd.malargue.gov.ar\/index.php?rest_route=%2Fwp%2Fv2%2Fmedia&parent=33643"}],"wp:term":[{"taxonomy":"category","embeddable":true,"href":"https:\/\/hcd.malargue.gov.ar\/index.php?rest_route=%2Fwp%2Fv2%2Fcategories&post=33643"},{"taxonomy":"post_tag","embeddable":true,"href":"https:\/\/hcd.malargue.gov.ar\/index.php?rest_route=%2Fwp%2Fv2%2Ftags&post=33643"}],"curies":[{"name":"wp","href":"https:\/\/api.w.org\/{rel}","templated":true}]}}