{"id":33791,"date":"2023-05-05T12:42:31","date_gmt":"2023-05-05T15:42:31","guid":{"rendered":"https:\/\/hcd.malargue.gov.ar\/?p=33791"},"modified":"2023-05-05T12:43:18","modified_gmt":"2023-05-05T15:43:18","slug":"resolucion-n-122-2-023","status":"publish","type":"post","link":"https:\/\/hcd.malargue.gov.ar\/?p=33791","title":{"rendered":"RESOLUCI\u00d3N N\u00b0 122\/2.023"},"content":{"rendered":"<div class=\"wp-block-image\">\n<figure class=\"alignright size-full is-resized\"><a href=\"http:\/\/hcd.malargue.gov.ar\/hcdpdf\/rn%20122%202023%20Plaza%20Guemes.pdf\"><img loading=\"lazy\" decoding=\"async\" src=\"https:\/\/hcd.malargue.gov.ar\/wp-content\/uploads\/2018\/06\/PDF-JPG.jpg\" alt=\"\" class=\"wp-image-7950\" width=\"111\" height=\"111\" srcset=\"https:\/\/hcd.malargue.gov.ar\/wp-content\/uploads\/2018\/06\/PDF-JPG.jpg 512w, https:\/\/hcd.malargue.gov.ar\/wp-content\/uploads\/2018\/06\/PDF-JPG-150x150.jpg 150w, https:\/\/hcd.malargue.gov.ar\/wp-content\/uploads\/2018\/06\/PDF-JPG-300x300.jpg 300w\" sizes=\"auto, (max-width: 111px) 100vw, 111px\" \/><\/a><\/figure>\n<\/div>\n\n\n<p><strong>AUTORA: CONCEJALA SILVINA CAMIOLO<\/strong><\/p>\n\n\n\n<p><strong>BLOQUE RECONSTRUYENDO MALARG\u00dcE<\/strong><\/p>\n\n\n\n<p>VISTO: El contenido del Expediente N\u00ba 5.231-HC 051-2.023. Bloque Reconstruyendo Malarg\u00fce. Proyecto de Resoluci\u00f3n: Solicitar al Departamento Ejecutivo informe sobre la Obra de la Plaza Independencia del Barrio Martin Miguel de G\u00fcemes. <\/p>\n\n\n\n<p>Que actualmente la Plaza Independencia del Barrio Mart\u00edn Miguel de G\u00fcemes se encuentra hace varios meses en proceso de remodelaci\u00f3n, que no tiene funcionalidad para los vecinos del barrio y es un peligro para cualquier persona que transite por la misma.<\/p>\n\n\n\n<p>y;<\/p>\n\n\n\n<p>CONSIDERANDO: Que se trata de unas de las principales plazas de nuestro Departamento y se encuentra en unos de los Barrios m\u00e1s grandes de la Ciudad como es el Barrio Mart\u00edn Miguel de G\u00fcemes.<\/p>\n\n\n\n<p>Que en dicha plaza se encuentra un play\u00f3n deportivo que es utilizado diariamente por los ni\u00f1os y adolescentes del barrio y alrededores.<\/p>\n\n\n\n<p>Que en el predio de la Plaza Independencia existe un sin n\u00famero de \u00e1rboles que no est\u00e1n recibiendo el riego adecuado desde que empezaron la intervenci\u00f3n en la remodelaci\u00f3n de la misma.<\/p>\n\n\n\n<p>Que actualmente hace varios meses la plaza se encuentra cerrada con tela verde de cerco, que impide el acceso, pero que tampoco es seguro para la protecci\u00f3n de los ni\u00f1os y vecinos que ingresen en la misma.<\/p>\n\n\n\n<p>Que EDEMSA procedi\u00f3 al corte de suministro el\u00e9ctrico de la plaza debido a las condiciones de las instalaciones el\u00e9ctricas por considerarse peligrosas para los usuarios.<\/p>\n\n\n\n<p>Que no existe en el Presupuesto Municipal presentado por el Departamento Ejecutivo la obra de remodelaci\u00f3n de la Plaza Independencia, desconociendo el monto de la misma, ni de d\u00f3nde vienen los recursos para su intervenci\u00f3n.<\/p>\n\n\n\n<p>Que en fecha 3 de noviembre Concejales de este Cuerpo Deliberativo asistieron a las instalaciones de la Plaza Independencia a solicitud de reiterados vecinos del Barrio a ver en qu\u00e9 condiciones se encuentra el avance de obra.<\/p>\n\n\n\n<p>Que en dicha visita se pudo constatar que no hab\u00eda ning\u00fan mecanismo de riego, que no hab\u00eda electricidad, dejando la plaza en oscuras total, que los empleados que hab\u00eda desconoc\u00edan el proyecto de obra, que no hab\u00eda nadie responsable de la obra dirigiendo las intervenciones, entre otras cosas.<\/p>\n\n\n\n<p>Que en fecha 29 de noviembre varios Ediles se hicieron presentes a una reuni\u00f3n en el SUM, del Barrio Martin G\u00fcemes, convocados por la Presidenta de la Uni\u00f3n Vecinal Sra. Silvia Conesa, y el Director del Centro de Gesti\u00f3n Municipal N\u00ba 5 Sr. Francisco Montiel, en la mencionada reuni\u00f3n se pudo saber que no existe un proyecto de obra, que lo \u00fanico que mostraron fue un boceto de los que se pretende hacer en la plaza, no sabemos qui\u00e9n es el Director T\u00e9cnico de la obra, ni tampoco que recursos se piensan invertir en la misma, adem\u00e1s del malestar que manifestaron los vecinos con respecto al da\u00f1o que se le est\u00e1 ocasionando a la infraestructura de la plaza, como as\u00ed tambi\u00e9n lo peligroso que se ha vuelto al no estar iluminada y que se presta para que se cometan todo tipo de il\u00edcitos.<\/p>\n\n\n\n<p>Que en un informe que presenta el Departamento Ejecutivo en el mes de febrero se puede advertir que han existido diversos gastos y compras, a trav\u00e9s de la Direcci\u00f3n de Obras por Administraci\u00f3n, de adoquines, alfaj\u00edas, clavos, fen\u00f3licos, entre otros, que han sido utilizados en la obra de remodelaci\u00f3n de la plaza, compras que no sabemos a qu\u00e9 partidas han sido imputadas ya que se desconoce el proyecto de obra, los recurso a utilizar, el personal afectado, etc.<\/p>\n\n\n\n<p>Que es muy importante para este Cuerpo Deliberativo saber porque el Sr. Intendente Municipal y los funcionarios a su cargo han tomado la decisi\u00f3n pol\u00edtica de remodelar la Plaza Independencia sin tener un plan de obra y sin incluir el mismo en ning\u00fan Presupuesto Municipal a la fecha, por lo cual este Cuerpo Deliberativo desconoce cualquier anteproyecto de la misma, perjudicando seriamente a los vecinos del Barrio Mart\u00edn G\u00fcemes.<\/p>\n\n\n\n<p>Que en fecha 30 de marzo del corriente a\u00f1o, los Ediles de la Comisi\u00f3n de Seguimiento de Obra de Remodelaci\u00f3n Plaza Independencia, se hacen presentes detectando estado de abandono; cierre perimetral en malas condiciones, permitiendo el acceso de los vecinos al lugar, lo que ocasiona accidentes producidos por elementos punzantes tambi\u00e9n se pudo observar el mal estado de cables pelados, senderos y dem\u00e1s por obras paralizadas.<\/p>\n\n\n\n<p>Que se adjunta al proyecto material fotogr\u00e1fico.<\/p>\n\n\n\n<p>EL HONORABLE CONCEJO DELIBERANTE DE LA MUNICIPALIDAD DE MALARG\u00dcE EN USO DE LAS FACULTADES QUE LE SON PROPIAS<\/p>\n\n\n\n<p>RESUELVE<\/p>\n\n\n\n<p>ART\u00cdCULO 1\u00ba: Solicitar al Departamento Ejecutivo Municipal, informe:<\/p>\n\n\n\n<ol class=\"wp-block-list\" type=\"a\">\n<li>Por qu\u00e9 procedimiento se est\u00e1 realizando la obra de remodelaci\u00f3n de la plaza Independencia del Barrio Mart\u00edn Miguel de G\u00fcemes, si por A) Contrato de obra p\u00fablica; B) Contrato de concesi\u00f3n de obra p\u00fablica; C) Administraci\u00f3n o D) Combinaci\u00f3n de estos sistemas entre s\u00ed, seg\u00fan lo establece la Ley Provincial N\u00ba 4.416.<\/li>\n\n\n\n<li>Proyecto de Obra que incluya: Memoria descriptiva, pliego de especificaciones t\u00e9cnicas particulares, planos generales y de detalle, c\u00f3mputo de materiales y presupuesto deducido de an\u00e1lisis de precios, plan de trabajos que indique fecha de iniciaci\u00f3n y finalizaci\u00f3n, plazo de ejecuci\u00f3n, programa de los mismos y plan de inversiones y personal municipal afectado.<\/li>\n\n\n\n<li>Indique qui\u00e9n es el funcionario municipal a cargo de la misma y el responsable de la Direcci\u00f3n T\u00e9cnica de la Obra.<\/li>\n\n\n\n<li>Partida Municipal de la que se han afectado los recursos pertinentes para la ejecuci\u00f3n de la obra.<\/li>\n<\/ol>\n\n\n\n<p>ART\u00cdCULO 2\u00ba: Remitir copia certificada de las factibilidades t\u00e9cnicas emitidas por AYSAM, EDEMSA y ECOGAS, relativas a la intervenci\u00f3n de la remodelaci\u00f3n de la Plaza Independencia.<\/p>\n\n\n\n<p>ART\u00cdCULO 3\u00ba: Solicitar al Departamento Ejecutivo Municipal, a trav\u00e9s del \u00c1rea que corresponda, realice el cierre perimetral de la Plaza Independencia ubicada en el Barrio Martin Miguel de G\u00fcemes en car\u00e1cter de urgente.<\/p>\n\n\n\n<p>ART\u00cdCULO 4\u00ba: Solicitar al Departamento Ejecutivo, a trav\u00e9s del \u00c1rea que corresponda brinde seguridad y resguardo de actos vand\u00e1licos.<\/p>\n\n\n\n<p>ART\u00cdCULO 5\u00ba: Comun\u00edquese, reg\u00edstrese, agr\u00e9guese copia de la presente en las actuaciones correspondientes y arch\u00edvese.<\/p>\n\n\n\n<p>DADA EN LA SALA DE SESIONES DR.&nbsp; RICARDO BALBIN DEL HONORABLE CONCEJO DELIBERANTE DE LA MUNICIPALIDAD DE MALARG\u00dcE A VEINTISIETE D\u00cdAS DE&nbsp;&nbsp; ABRIL DE DOS&nbsp; MIL&nbsp; VEINTITRES.<\/p>\n","protected":false},"excerpt":{"rendered":"<p>AUTORA: CONCEJALA SILVINA CAMIOLO BLOQUE RECONSTRUYENDO MALARG\u00dcE VISTO: El contenido del Expediente N\u00ba 5.231-HC 051-2.023. Bloque Reconstruyendo Malarg\u00fce. Proyecto de Resoluci\u00f3n: Solicitar al Departamento Ejecutivo informe sobre la Obra de la Plaza Independencia del Barrio Martin Miguel de G\u00fcemes. Que actualmente la Plaza Independencia del Barrio Mart\u00edn Miguel de G\u00fcemes se encuentra hace varios meses [&hellip;]<\/p>\n","protected":false},"author":5,"featured_media":33792,"comment_status":"closed","ping_status":"closed","sticky":false,"template":"","format":"standard","meta":{"footnotes":""},"categories":[52,29,33,51],"tags":[],"class_list":["post-33791","post","type-post","status-publish","format-standard","has-post-thumbnail","hentry","category-gacetillas","category-lesgilacion","category-prensa","category-resoluciones"],"yoast_head":"<!-- This site is optimized with the Yoast SEO plugin v19.10 - https:\/\/yoast.com\/wordpress\/plugins\/seo\/ -->\n<title>RESOLUCI\u00d3N N\u00b0 122\/2.023 - Malarg\u00fce HCD<\/title>\n<meta name=\"robots\" content=\"index, follow, max-snippet:-1, max-image-preview:large, max-video-preview:-1\" \/>\n<link rel=\"canonical\" href=\"https:\/\/hcd.malargue.gov.ar\/?p=33791\" \/>\n<meta property=\"og:locale\" content=\"es_ES\" \/>\n<meta property=\"og:type\" content=\"article\" \/>\n<meta property=\"og:title\" content=\"RESOLUCI\u00d3N N\u00b0 122\/2.023 - Malarg\u00fce HCD\" \/>\n<meta property=\"og:description\" content=\"AUTORA: CONCEJALA SILVINA CAMIOLO BLOQUE RECONSTRUYENDO MALARG\u00dcE VISTO: El contenido del Expediente N\u00ba 5.231-HC 051-2.023. Bloque Reconstruyendo Malarg\u00fce. Proyecto de Resoluci\u00f3n: Solicitar al Departamento Ejecutivo informe sobre la Obra de la Plaza Independencia del Barrio Martin Miguel de G\u00fcemes. Que actualmente la Plaza Independencia del Barrio Mart\u00edn Miguel de G\u00fcemes se encuentra hace varios meses [&hellip;]\" \/>\n<meta property=\"og:url\" content=\"https:\/\/hcd.malargue.gov.ar\/?p=33791\" \/>\n<meta property=\"og:site_name\" content=\"Malarg\u00fce HCD\" \/>\n<meta property=\"article:published_time\" content=\"2023-05-05T15:42:31+00:00\" \/>\n<meta property=\"article:modified_time\" content=\"2023-05-05T15:43:18+00:00\" \/>\n<meta property=\"og:image\" content=\"https:\/\/hcd.malargue.gov.ar\/wp-content\/uploads\/2023\/05\/RESOLUCION-122-2023.jpg\" \/>\n\t<meta property=\"og:image:width\" content=\"940\" \/>\n\t<meta property=\"og:image:height\" content=\"788\" \/>\n\t<meta property=\"og:image:type\" content=\"image\/jpeg\" \/>\n<meta name=\"author\" content=\"Belen Pedernera Ferragut\" \/>\n<meta name=\"twitter:card\" content=\"summary_large_image\" \/>\n<meta name=\"twitter:label1\" content=\"Escrito por\" \/>\n\t<meta name=\"twitter:data1\" content=\"Belen Pedernera Ferragut\" \/>\n\t<meta name=\"twitter:label2\" content=\"Tiempo de lectura\" \/>\n\t<meta name=\"twitter:data2\" content=\"5 minutos\" \/>\n<script type=\"application\/ld+json\" class=\"yoast-schema-graph\">{\"@context\":\"https:\/\/schema.org\",\"@graph\":[{\"@type\":\"WebPage\",\"@id\":\"https:\/\/hcd.malargue.gov.ar\/?p=33791\",\"url\":\"https:\/\/hcd.malargue.gov.ar\/?p=33791\",\"name\":\"RESOLUCI\u00d3N N\u00b0 122\/2.023 - Malarg\u00fce HCD\",\"isPartOf\":{\"@id\":\"https:\/\/hcd.malargue.gov.ar\/#website\"},\"datePublished\":\"2023-05-05T15:42:31+00:00\",\"dateModified\":\"2023-05-05T15:43:18+00:00\",\"author\":{\"@id\":\"https:\/\/hcd.malargue.gov.ar\/#\/schema\/person\/3fd6bbab64edd703961b795156c955d0\"},\"breadcrumb\":{\"@id\":\"https:\/\/hcd.malargue.gov.ar\/?p=33791#breadcrumb\"},\"inLanguage\":\"es-AR\",\"potentialAction\":[{\"@type\":\"ReadAction\",\"target\":[\"https:\/\/hcd.malargue.gov.ar\/?p=33791\"]}]},{\"@type\":\"BreadcrumbList\",\"@id\":\"https:\/\/hcd.malargue.gov.ar\/?p=33791#breadcrumb\",\"itemListElement\":[{\"@type\":\"ListItem\",\"position\":1,\"name\":\"Inicio\",\"item\":\"https:\/\/hcd.malargue.gov.ar\/\"},{\"@type\":\"ListItem\",\"position\":2,\"name\":\"RESOLUCI\u00d3N N\u00b0 122\/2.023\"}]},{\"@type\":\"WebSite\",\"@id\":\"https:\/\/hcd.malargue.gov.ar\/#website\",\"url\":\"https:\/\/hcd.malargue.gov.ar\/\",\"name\":\"Malarg\u00fce HCD\",\"description\":\"Malarg\u00fce Mendoza Argentina\",\"potentialAction\":[{\"@type\":\"SearchAction\",\"target\":{\"@type\":\"EntryPoint\",\"urlTemplate\":\"https:\/\/hcd.malargue.gov.ar\/?s={search_term_string}\"},\"query-input\":\"required name=search_term_string\"}],\"inLanguage\":\"es-AR\"},{\"@type\":\"Person\",\"@id\":\"https:\/\/hcd.malargue.gov.ar\/#\/schema\/person\/3fd6bbab64edd703961b795156c955d0\",\"name\":\"Belen Pedernera Ferragut\",\"image\":{\"@type\":\"ImageObject\",\"inLanguage\":\"es-AR\",\"@id\":\"https:\/\/hcd.malargue.gov.ar\/#\/schema\/person\/image\/\",\"url\":\"https:\/\/secure.gravatar.com\/avatar\/1054ffab3893de4bb3eb29bdd22f7e34b8537bf5d34d9dab311818154ad5b71f?s=96&d=mm&r=g\",\"contentUrl\":\"https:\/\/secure.gravatar.com\/avatar\/1054ffab3893de4bb3eb29bdd22f7e34b8537bf5d34d9dab311818154ad5b71f?s=96&d=mm&r=g\",\"caption\":\"Belen Pedernera Ferragut\"},\"url\":\"https:\/\/hcd.malargue.gov.ar\/?author=5\"}]}<\/script>\n<!-- \/ Yoast SEO plugin. -->","yoast_head_json":{"title":"RESOLUCI\u00d3N N\u00b0 122\/2.023 - Malarg\u00fce HCD","robots":{"index":"index","follow":"follow","max-snippet":"max-snippet:-1","max-image-preview":"max-image-preview:large","max-video-preview":"max-video-preview:-1"},"canonical":"https:\/\/hcd.malargue.gov.ar\/?p=33791","og_locale":"es_ES","og_type":"article","og_title":"RESOLUCI\u00d3N N\u00b0 122\/2.023 - Malarg\u00fce HCD","og_description":"AUTORA: CONCEJALA SILVINA CAMIOLO BLOQUE RECONSTRUYENDO MALARG\u00dcE VISTO: El contenido del Expediente N\u00ba 5.231-HC 051-2.023. Bloque Reconstruyendo Malarg\u00fce. Proyecto de Resoluci\u00f3n: Solicitar al Departamento Ejecutivo informe sobre la Obra de la Plaza Independencia del Barrio Martin Miguel de G\u00fcemes. Que actualmente la Plaza Independencia del Barrio Mart\u00edn Miguel de G\u00fcemes se encuentra hace varios meses [&hellip;]","og_url":"https:\/\/hcd.malargue.gov.ar\/?p=33791","og_site_name":"Malarg\u00fce HCD","article_published_time":"2023-05-05T15:42:31+00:00","article_modified_time":"2023-05-05T15:43:18+00:00","og_image":[{"width":940,"height":788,"url":"https:\/\/hcd.malargue.gov.ar\/wp-content\/uploads\/2023\/05\/RESOLUCION-122-2023.jpg","type":"image\/jpeg"}],"author":"Belen Pedernera Ferragut","twitter_card":"summary_large_image","twitter_misc":{"Escrito por":"Belen Pedernera Ferragut","Tiempo de lectura":"5 minutos"},"schema":{"@context":"https:\/\/schema.org","@graph":[{"@type":"WebPage","@id":"https:\/\/hcd.malargue.gov.ar\/?p=33791","url":"https:\/\/hcd.malargue.gov.ar\/?p=33791","name":"RESOLUCI\u00d3N N\u00b0 122\/2.023 - Malarg\u00fce HCD","isPartOf":{"@id":"https:\/\/hcd.malargue.gov.ar\/#website"},"datePublished":"2023-05-05T15:42:31+00:00","dateModified":"2023-05-05T15:43:18+00:00","author":{"@id":"https:\/\/hcd.malargue.gov.ar\/#\/schema\/person\/3fd6bbab64edd703961b795156c955d0"},"breadcrumb":{"@id":"https:\/\/hcd.malargue.gov.ar\/?p=33791#breadcrumb"},"inLanguage":"es-AR","potentialAction":[{"@type":"ReadAction","target":["https:\/\/hcd.malargue.gov.ar\/?p=33791"]}]},{"@type":"BreadcrumbList","@id":"https:\/\/hcd.malargue.gov.ar\/?p=33791#breadcrumb","itemListElement":[{"@type":"ListItem","position":1,"name":"Inicio","item":"https:\/\/hcd.malargue.gov.ar\/"},{"@type":"ListItem","position":2,"name":"RESOLUCI\u00d3N N\u00b0 122\/2.023"}]},{"@type":"WebSite","@id":"https:\/\/hcd.malargue.gov.ar\/#website","url":"https:\/\/hcd.malargue.gov.ar\/","name":"Malarg\u00fce HCD","description":"Malarg\u00fce Mendoza Argentina","potentialAction":[{"@type":"SearchAction","target":{"@type":"EntryPoint","urlTemplate":"https:\/\/hcd.malargue.gov.ar\/?s={search_term_string}"},"query-input":"required name=search_term_string"}],"inLanguage":"es-AR"},{"@type":"Person","@id":"https:\/\/hcd.malargue.gov.ar\/#\/schema\/person\/3fd6bbab64edd703961b795156c955d0","name":"Belen Pedernera Ferragut","image":{"@type":"ImageObject","inLanguage":"es-AR","@id":"https:\/\/hcd.malargue.gov.ar\/#\/schema\/person\/image\/","url":"https:\/\/secure.gravatar.com\/avatar\/1054ffab3893de4bb3eb29bdd22f7e34b8537bf5d34d9dab311818154ad5b71f?s=96&d=mm&r=g","contentUrl":"https:\/\/secure.gravatar.com\/avatar\/1054ffab3893de4bb3eb29bdd22f7e34b8537bf5d34d9dab311818154ad5b71f?s=96&d=mm&r=g","caption":"Belen Pedernera Ferragut"},"url":"https:\/\/hcd.malargue.gov.ar\/?author=5"}]}},"_links":{"self":[{"href":"https:\/\/hcd.malargue.gov.ar\/index.php?rest_route=\/wp\/v2\/posts\/33791","targetHints":{"allow":["GET"]}}],"collection":[{"href":"https:\/\/hcd.malargue.gov.ar\/index.php?rest_route=\/wp\/v2\/posts"}],"about":[{"href":"https:\/\/hcd.malargue.gov.ar\/index.php?rest_route=\/wp\/v2\/types\/post"}],"author":[{"embeddable":true,"href":"https:\/\/hcd.malargue.gov.ar\/index.php?rest_route=\/wp\/v2\/users\/5"}],"replies":[{"embeddable":true,"href":"https:\/\/hcd.malargue.gov.ar\/index.php?rest_route=%2Fwp%2Fv2%2Fcomments&post=33791"}],"version-history":[{"count":2,"href":"https:\/\/hcd.malargue.gov.ar\/index.php?rest_route=\/wp\/v2\/posts\/33791\/revisions"}],"predecessor-version":[{"id":33794,"href":"https:\/\/hcd.malargue.gov.ar\/index.php?rest_route=\/wp\/v2\/posts\/33791\/revisions\/33794"}],"wp:featuredmedia":[{"embeddable":true,"href":"https:\/\/hcd.malargue.gov.ar\/index.php?rest_route=\/wp\/v2\/media\/33792"}],"wp:attachment":[{"href":"https:\/\/hcd.malargue.gov.ar\/index.php?rest_route=%2Fwp%2Fv2%2Fmedia&parent=33791"}],"wp:term":[{"taxonomy":"category","embeddable":true,"href":"https:\/\/hcd.malargue.gov.ar\/index.php?rest_route=%2Fwp%2Fv2%2Fcategories&post=33791"},{"taxonomy":"post_tag","embeddable":true,"href":"https:\/\/hcd.malargue.gov.ar\/index.php?rest_route=%2Fwp%2Fv2%2Ftags&post=33791"}],"curies":[{"name":"wp","href":"https:\/\/api.w.org\/{rel}","templated":true}]}}