{"id":33833,"date":"2023-05-09T09:17:11","date_gmt":"2023-05-09T12:17:11","guid":{"rendered":"https:\/\/hcd.malargue.gov.ar\/?p=33833"},"modified":"2023-05-09T09:17:17","modified_gmt":"2023-05-09T12:17:17","slug":"ordenanza-n-2-226-2-023","status":"publish","type":"post","link":"https:\/\/hcd.malargue.gov.ar\/?p=33833","title":{"rendered":"ORDENANZA N\u00b0 2.226\/2.023"},"content":{"rendered":"<div class=\"wp-block-image\">\n<figure class=\"alignright size-full is-resized\"><a href=\"http:\/\/hcd.malargue.gov.ar\/hcdpdf\/on%202226%202023%20Mario%20Arenas.pdf\"><img loading=\"lazy\" decoding=\"async\" src=\"https:\/\/hcd.malargue.gov.ar\/wp-content\/uploads\/2018\/06\/PDF-JPG.jpg\" alt=\"\" class=\"wp-image-7950\" width=\"133\" height=\"133\" srcset=\"https:\/\/hcd.malargue.gov.ar\/wp-content\/uploads\/2018\/06\/PDF-JPG.jpg 512w, https:\/\/hcd.malargue.gov.ar\/wp-content\/uploads\/2018\/06\/PDF-JPG-150x150.jpg 150w, https:\/\/hcd.malargue.gov.ar\/wp-content\/uploads\/2018\/06\/PDF-JPG-300x300.jpg 300w\" sizes=\"auto, (max-width: 133px) 100vw, 133px\" \/><\/a><\/figure>\n<\/div>\n\n\n<p><strong>AUTORA: CONCEJALA PAOLA ROJO<\/strong><\/p>\n\n\n\n<p><strong>BLOQUE: FRENTE CAMBIA MENDOZA<\/strong> <\/p>\n\n\n\n<p>VISTO: El contenido del Expediente N\u00ba 5.261-HC 053-2.023 Bloque Frente Cambia Mendoza Proyecto de Ordenanza: Imponer el nombre \u201cMario Alberto Arenas\u201d a las canchas de B\u00e1squet del Centro Cultural y Deportivo Malal-Hue.<\/p>\n\n\n\n<p>Que Mario Alberto Arenas valioso referente y propulsor de la actividad deportiva en nuestro Departamento, desarroll\u00f3 una importante labor desde su puesto educativo y formativo cuyos resultados merecen un destacado reconocimiento.<\/p>\n\n\n\n<p>y;<\/p>\n\n\n\n<p>CONSIDERANDO: Que Mario Alberto Arenas, nacido el 08 de noviembre de 1968 en la Ciudad de Malarg\u00fce, realiz\u00f3 sus estudios primarios en la Escuela \u201cRep\u00fablica de Chile\u201d actualmente Escuela \u201cCapit\u00e1n Jos\u00e9 Le\u00f3n Lemos\u201d y sus estudios secundarios en el PS 208 Instituto Secundario Malarg\u00fce, etapa en la cual practicaba diferentes deportes, destac\u00e1ndose por su excelente desempe\u00f1o.<\/p>\n\n\n\n<p>Que junto a Mar\u00eda del Carmen \u201cMari\u201d Sparta, su compa\u00f1era de vida, constituyeron su familia, con Nahuel y Mariano, sus hijos, quienes se destacan en el \u00e1mbito deportivo, bajo las ense\u00f1anzas y legado de su padre.<\/p>\n\n\n\n<p>Que entre sus actividades laborales se desempe\u00f1\u00f3 en el PS 208 Instituto Secundario Malarg\u00fce como preceptor y paralelamente como Entrenador Deportivo brindando su tiempo y su conocimiento, aportes que se vieron reflejados en esta Comunidad Educativa, desatac\u00e1ndose su particularidad de impulsar y motivar a los alumnos a desempe\u00f1arse en las diferentes \u00e1reas deportivas, como as\u00ed tambi\u00e9n, a cumplir con el rendimiento acad\u00e9mico correspondiente que les permitieran participar de los distintos Encuentros Deportivos.<\/p>\n\n\n\n<p>Que en todo Torneo o Jornada Deportiva a nivel Departamental y Provincial se compromet\u00eda para estar presente en cada entrenamiento, para luego acompa\u00f1ar y apoyar a los equipos que representaban su gran ISMA, con la satisfacci\u00f3n de obtener buenos resultados.<\/p>\n\n\n\n<p>Que su impronta y compromiso por el deporte, repercuti\u00f3 a otros Departamentos, manteniendo v\u00ednculos permanentes con profesores y entrenadores de otras Instituciones Educativas y Clubes Deportivos cercanos a nuestro Departamento.<\/p>\n\n\n\n<p>Que su destacada pasi\u00f3n por difundir y acompa\u00f1ar la actividad deportiva, le permiti\u00f3 participar de diversos Programas de Deporte en distintas escuelas primarias de nuestro Departamento, como en escuelas secundarias, siendo entrenador del equipo de v\u00f3ley femenino de la Escuela N\u00b0 4-190 Aborigen Americano.<\/p>\n\n\n\n<p>Que adem\u00e1s, se desempe\u00f1\u00f3 dentro Direcci\u00f3n de Deportes de la Municipalidad de Malarg\u00fce, donde gestion\u00f3, integr\u00f3 y desarroll\u00f3 innumerables Encuentros Deportivos y las tradicionales Semanas del Estudiante.<\/p>\n\n\n\n<p>Que desde el a\u00f1o 1.992, coordin\u00f3 en conjunto con Docentes y Auxiliares Deportivos, cada Colonia de Verano, con las m\u00e1s variadas actividades recreativas, deportivas, art\u00edsticas, l\u00fadicas y de aprendizaje, bajo el concepto de generar en ni\u00f1as y ni\u00f1os, un espacio para jugar, hacer nuevos amigos, descansar, disfrutar del aire libre y aprender cosas nuevas.<\/p>\n\n\n\n<p>Que es meritorio destacar entre sus eventos organizados, el 1\u00b0 Encuentro Argentino-Chileno: \u201cB\u00e1squet Pehuenche\u201d en el a\u00f1o 1.994, con el fin de posibilitar la integraci\u00f3n Chileno \u2013 Argentina de los j\u00f3venes a trav\u00e9s de actividades deportivas y culturales, estableciendo as\u00ed lazos de amistad y confraternidad, manteni\u00e9ndose con el transcurrir de los a\u00f1os.<\/p>\n\n\n\n<p>Que conjuntamente ejecut\u00f3 junto a profesores de Educaci\u00f3n F\u00edsica y auxiliares el Programa \u201cDeporte Escolar\u201d, cuyo objetivo primordial permit\u00eda&nbsp; incluir y desarrollar el deporte como dinamizador de capacidades, cualidades, y desarrollo integral de ni\u00f1as y ni\u00f1os,&nbsp; dentro de la Educaci\u00f3n F\u00edsica Escolar, tanto a nivel primario como secundario, garantizando la organizaci\u00f3n a Nivel Provincial de un calendario de Juegos Deportivos Escolares que complementen las actividades organizadas y planificadas del deporte dentro del contexto de la Educaci\u00f3n F\u00edsica escolar, interviniendo en forma directa la Direcci\u00f3n General de Escuelas, el Municipio y la Subsecretar\u00eda de Deportes.<\/p>\n\n\n\n<p>Que en su entrega y entusiasmo incondicional hacia el deporte, traspasaba los l\u00edmites de la integraci\u00f3n territorial, acercando y gestionado la participaci\u00f3n de ni\u00f1os y adolescentes de las Escuelas Albergues de Nuestro Departamento a las \u201cOlimpiadas Rurales\u201d, desarrolladas anualmente en el Programa de Actividades del Aniversario de nuestra Ciudad.<\/p>\n\n\n\n<p>Que por medio de innumerables Cl\u00ednicas de B\u00e1squet, ni\u00f1os y ni\u00f1as, comenzaron sus primeros entrenamientos en b\u00e1squet junto al \u201cProfe Mario\u201d.<\/p>\n\n\n\n<p>Que durante su desempe\u00f1o como entrenador no solo fue formando a cada uno de sus estudiantes como deportistas, al mismo tiempo los acompa\u00f1\u00f3 en su desarrollo como personas, destacando que, en su rol de entrenador de v\u00f3ley y b\u00e1squet, plasmo sus valores humanos como instructor, asesor, amigo, mentor, motivador, consejero, entre tantos otros por los que hoy, es recordado. Fuente del conocimiento deportivo, brind\u00f3 las estrategias necesarias para que el alumno pueda lograr un estilo propio de deportista y se sienta capaz de alcanzar sus objetivos.<\/p>\n\n\n\n<p>Que en su participaci\u00f3n como referente deportivo, fue dejando una huella en cada uno de sus estudiantes y colegas, tanto as\u00ed que luego de su lamentable fallecimiento el 25 de noviembre del 2.021 su recuerdo, admiraci\u00f3n y respeto, se mantienen intactos.<\/p>\n\n\n\n<p>Que como reconocimiento a su trayectoria la Asociaci\u00f3n San Rafaelina de B\u00e1squet Rodolfo Iselin \u201cASBRI\u201d, el Torneo Apertura 2.022, llevo su nombre \u201cMario Alberto&nbsp; Arenas\u201d.<\/p>\n\n\n\n<p>Que el PS 208 Instituto Secundario Malarg\u00fce \u201cISMA\u201d, a partir del a\u00f1o 2.022, en su D\u00e9cimo Novena Jornada Deportiva, estableci\u00f3 se denominara \u201cMario Alberto Arenas\u201d, como un loable gesto de gratitud, respeto y nobleza a quien fuera mentor y participe activo de las mismas, llevando su nombre.<\/p>\n\n\n\n<p>Que toda la comunidad de Malarg\u00fce, desea honrar su memoria en uno de los \u00e1mbitos en los que Mario Arenas se sinti\u00f3 como en su propia casa, plasmando su nombre en las canchas de b\u00e1squet del Centro Cultural y Deportivo Municipal \u201cMalal-Hue\u201d.<\/p>\n\n\n\n<p>EL HONORABLE CONCEJO DELIBERANTE DE LA MUNICIPALIDAD DE MALARG\u00dcE&nbsp; EN USO DE LAS FACULTADES QUE LE SON PROPIAS<\/p>\n\n\n\n<p>ORDENA<\/p>\n\n\n\n<p>ART\u00cdCULO 1\u00ba: Imp\u00f3ngase el nombre \u201cMario Alberto Arenas\u201d a las canchas de B\u00e1squet del Centro Cultural y Deportivo Municipal \u201cMalal-Hue\u201d.<\/p>\n\n\n\n<p>ART\u00cdCULO 2\u00ba: Col\u00f3quese una placa recordatoria ubicada en sitio de honor en el Predio de B\u00e1squet del Centro Cultural y Deportivo Municipal \u201cMalal-Hue\u201d.<\/p>\n\n\n\n<p>ART\u00cdCULO 3\u00ba: Autor\u00edcese al Departamento Ejecutivo, la erogaci\u00f3n de gastos para la ejecuci\u00f3n de la presente pieza legal.<\/p>\n\n\n\n<p>ART\u00cdCULO 4\u00ba: Arch\u00edvese material fotogr\u00e1fico brindado por su familia y amigos.<\/p>\n\n\n\n<p>ART\u00cdCULO 5\u00ba: El\u00e9vese copia de la siguiente pieza legal a:<\/p>\n\n\n\n<ul class=\"wp-block-list\">\n<li>Sra. Mar\u00eda del Carmen Sparta e hijos.<\/li>\n\n\n\n<li>PS 208 Instituto Secundario Malarg\u00fce.<\/li>\n\n\n\n<li>Asociaci\u00f3n San Rafaelina de Basquet Rodolfo Iselin \u201cASBRI\u201d.<\/li>\n\n\n\n<li>Legisladoras Provinciales por el Departamento de Malarg\u00fce.<\/li>\n\n\n\n<li>Subsecretaria de Deportes del Gobierno de la Mendoza.<\/li>\n\n\n\n<li>DGE \u2013 Subdelegaci\u00f3n Malarg\u00fce.<\/li>\n<\/ul>\n\n\n\n<p>ART\u00cdCULO 6\u00ba: Comun\u00edquese, reg\u00edstrese, c\u00famplase, publ\u00edquese, agr\u00e9guese copia de la presente en las actuaciones correspondientes y arch\u00edvese.<\/p>\n\n\n\n<p>DADA EN LA SALA DE SESIONES DR.&nbsp; RICARDO BALBIN DEL HONORABLE CONCEJO DELIBERANTE DE LA MUNICIPALIDAD DE MALARG\u00dcE A CUATRO D\u00cdAS DE&nbsp;&nbsp; MAYO DE DOS MIL VEINTITRES.<\/p>\n\n\n\n<p><\/p>\n","protected":false},"excerpt":{"rendered":"<p>AUTORA: CONCEJALA PAOLA ROJO BLOQUE: FRENTE CAMBIA MENDOZA VISTO: El contenido del Expediente N\u00ba 5.261-HC 053-2.023 Bloque Frente Cambia Mendoza Proyecto de Ordenanza: Imponer el nombre \u201cMario Alberto Arenas\u201d a las canchas de B\u00e1squet del Centro Cultural y Deportivo Malal-Hue. Que Mario Alberto Arenas valioso referente y propulsor de la actividad deportiva en nuestro Departamento, [&hellip;]<\/p>\n","protected":false},"author":5,"featured_media":33834,"comment_status":"closed","ping_status":"closed","sticky":false,"template":"","format":"standard","meta":{"footnotes":""},"categories":[52,29,48,33],"tags":[],"class_list":["post-33833","post","type-post","status-publish","format-standard","has-post-thumbnail","hentry","category-gacetillas","category-lesgilacion","category-ordenanzas-municipales","category-prensa"],"yoast_head":"<!-- This site is optimized with the Yoast SEO plugin v19.10 - https:\/\/yoast.com\/wordpress\/plugins\/seo\/ -->\n<title>ORDENANZA N\u00b0 2.226\/2.023 - Malarg\u00fce HCD<\/title>\n<meta name=\"robots\" content=\"index, follow, max-snippet:-1, max-image-preview:large, max-video-preview:-1\" \/>\n<link rel=\"canonical\" href=\"https:\/\/hcd.malargue.gov.ar\/?p=33833\" \/>\n<meta property=\"og:locale\" content=\"es_ES\" \/>\n<meta property=\"og:type\" content=\"article\" \/>\n<meta property=\"og:title\" content=\"ORDENANZA N\u00b0 2.226\/2.023 - Malarg\u00fce HCD\" \/>\n<meta property=\"og:description\" content=\"AUTORA: CONCEJALA PAOLA ROJO BLOQUE: FRENTE CAMBIA MENDOZA VISTO: El contenido del Expediente N\u00ba 5.261-HC 053-2.023 Bloque Frente Cambia Mendoza Proyecto de Ordenanza: Imponer el nombre \u201cMario Alberto Arenas\u201d a las canchas de B\u00e1squet del Centro Cultural y Deportivo Malal-Hue. Que Mario Alberto Arenas valioso referente y propulsor de la actividad deportiva en nuestro Departamento, [&hellip;]\" \/>\n<meta property=\"og:url\" content=\"https:\/\/hcd.malargue.gov.ar\/?p=33833\" \/>\n<meta property=\"og:site_name\" content=\"Malarg\u00fce HCD\" \/>\n<meta property=\"article:published_time\" content=\"2023-05-09T12:17:11+00:00\" \/>\n<meta property=\"article:modified_time\" content=\"2023-05-09T12:17:17+00:00\" \/>\n<meta property=\"og:image\" content=\"https:\/\/hcd.malargue.gov.ar\/wp-content\/uploads\/2023\/05\/ORDENANZA-2226-2023.jpg\" \/>\n\t<meta property=\"og:image:width\" content=\"940\" \/>\n\t<meta property=\"og:image:height\" content=\"788\" \/>\n\t<meta property=\"og:image:type\" content=\"image\/jpeg\" \/>\n<meta name=\"author\" content=\"Belen Pedernera Ferragut\" \/>\n<meta name=\"twitter:card\" content=\"summary_large_image\" \/>\n<meta name=\"twitter:label1\" content=\"Escrito por\" \/>\n\t<meta name=\"twitter:data1\" content=\"Belen Pedernera Ferragut\" \/>\n\t<meta name=\"twitter:label2\" content=\"Tiempo de lectura\" \/>\n\t<meta name=\"twitter:data2\" content=\"6 minutos\" \/>\n<script type=\"application\/ld+json\" class=\"yoast-schema-graph\">{\"@context\":\"https:\/\/schema.org\",\"@graph\":[{\"@type\":\"WebPage\",\"@id\":\"https:\/\/hcd.malargue.gov.ar\/?p=33833\",\"url\":\"https:\/\/hcd.malargue.gov.ar\/?p=33833\",\"name\":\"ORDENANZA N\u00b0 2.226\/2.023 - Malarg\u00fce HCD\",\"isPartOf\":{\"@id\":\"https:\/\/hcd.malargue.gov.ar\/#website\"},\"datePublished\":\"2023-05-09T12:17:11+00:00\",\"dateModified\":\"2023-05-09T12:17:17+00:00\",\"author\":{\"@id\":\"https:\/\/hcd.malargue.gov.ar\/#\/schema\/person\/3fd6bbab64edd703961b795156c955d0\"},\"breadcrumb\":{\"@id\":\"https:\/\/hcd.malargue.gov.ar\/?p=33833#breadcrumb\"},\"inLanguage\":\"es-AR\",\"potentialAction\":[{\"@type\":\"ReadAction\",\"target\":[\"https:\/\/hcd.malargue.gov.ar\/?p=33833\"]}]},{\"@type\":\"BreadcrumbList\",\"@id\":\"https:\/\/hcd.malargue.gov.ar\/?p=33833#breadcrumb\",\"itemListElement\":[{\"@type\":\"ListItem\",\"position\":1,\"name\":\"Inicio\",\"item\":\"https:\/\/hcd.malargue.gov.ar\/\"},{\"@type\":\"ListItem\",\"position\":2,\"name\":\"ORDENANZA N\u00b0 2.226\/2.023\"}]},{\"@type\":\"WebSite\",\"@id\":\"https:\/\/hcd.malargue.gov.ar\/#website\",\"url\":\"https:\/\/hcd.malargue.gov.ar\/\",\"name\":\"Malarg\u00fce HCD\",\"description\":\"Malarg\u00fce Mendoza Argentina\",\"potentialAction\":[{\"@type\":\"SearchAction\",\"target\":{\"@type\":\"EntryPoint\",\"urlTemplate\":\"https:\/\/hcd.malargue.gov.ar\/?s={search_term_string}\"},\"query-input\":\"required name=search_term_string\"}],\"inLanguage\":\"es-AR\"},{\"@type\":\"Person\",\"@id\":\"https:\/\/hcd.malargue.gov.ar\/#\/schema\/person\/3fd6bbab64edd703961b795156c955d0\",\"name\":\"Belen Pedernera Ferragut\",\"image\":{\"@type\":\"ImageObject\",\"inLanguage\":\"es-AR\",\"@id\":\"https:\/\/hcd.malargue.gov.ar\/#\/schema\/person\/image\/\",\"url\":\"https:\/\/secure.gravatar.com\/avatar\/1054ffab3893de4bb3eb29bdd22f7e34b8537bf5d34d9dab311818154ad5b71f?s=96&d=mm&r=g\",\"contentUrl\":\"https:\/\/secure.gravatar.com\/avatar\/1054ffab3893de4bb3eb29bdd22f7e34b8537bf5d34d9dab311818154ad5b71f?s=96&d=mm&r=g\",\"caption\":\"Belen Pedernera Ferragut\"},\"url\":\"https:\/\/hcd.malargue.gov.ar\/?author=5\"}]}<\/script>\n<!-- \/ Yoast SEO plugin. -->","yoast_head_json":{"title":"ORDENANZA N\u00b0 2.226\/2.023 - Malarg\u00fce HCD","robots":{"index":"index","follow":"follow","max-snippet":"max-snippet:-1","max-image-preview":"max-image-preview:large","max-video-preview":"max-video-preview:-1"},"canonical":"https:\/\/hcd.malargue.gov.ar\/?p=33833","og_locale":"es_ES","og_type":"article","og_title":"ORDENANZA N\u00b0 2.226\/2.023 - Malarg\u00fce HCD","og_description":"AUTORA: CONCEJALA PAOLA ROJO BLOQUE: FRENTE CAMBIA MENDOZA VISTO: El contenido del Expediente N\u00ba 5.261-HC 053-2.023 Bloque Frente Cambia Mendoza Proyecto de Ordenanza: Imponer el nombre \u201cMario Alberto Arenas\u201d a las canchas de B\u00e1squet del Centro Cultural y Deportivo Malal-Hue. Que Mario Alberto Arenas valioso referente y propulsor de la actividad deportiva en nuestro Departamento, [&hellip;]","og_url":"https:\/\/hcd.malargue.gov.ar\/?p=33833","og_site_name":"Malarg\u00fce HCD","article_published_time":"2023-05-09T12:17:11+00:00","article_modified_time":"2023-05-09T12:17:17+00:00","og_image":[{"width":940,"height":788,"url":"https:\/\/hcd.malargue.gov.ar\/wp-content\/uploads\/2023\/05\/ORDENANZA-2226-2023.jpg","type":"image\/jpeg"}],"author":"Belen Pedernera Ferragut","twitter_card":"summary_large_image","twitter_misc":{"Escrito por":"Belen Pedernera Ferragut","Tiempo de lectura":"6 minutos"},"schema":{"@context":"https:\/\/schema.org","@graph":[{"@type":"WebPage","@id":"https:\/\/hcd.malargue.gov.ar\/?p=33833","url":"https:\/\/hcd.malargue.gov.ar\/?p=33833","name":"ORDENANZA N\u00b0 2.226\/2.023 - Malarg\u00fce HCD","isPartOf":{"@id":"https:\/\/hcd.malargue.gov.ar\/#website"},"datePublished":"2023-05-09T12:17:11+00:00","dateModified":"2023-05-09T12:17:17+00:00","author":{"@id":"https:\/\/hcd.malargue.gov.ar\/#\/schema\/person\/3fd6bbab64edd703961b795156c955d0"},"breadcrumb":{"@id":"https:\/\/hcd.malargue.gov.ar\/?p=33833#breadcrumb"},"inLanguage":"es-AR","potentialAction":[{"@type":"ReadAction","target":["https:\/\/hcd.malargue.gov.ar\/?p=33833"]}]},{"@type":"BreadcrumbList","@id":"https:\/\/hcd.malargue.gov.ar\/?p=33833#breadcrumb","itemListElement":[{"@type":"ListItem","position":1,"name":"Inicio","item":"https:\/\/hcd.malargue.gov.ar\/"},{"@type":"ListItem","position":2,"name":"ORDENANZA N\u00b0 2.226\/2.023"}]},{"@type":"WebSite","@id":"https:\/\/hcd.malargue.gov.ar\/#website","url":"https:\/\/hcd.malargue.gov.ar\/","name":"Malarg\u00fce HCD","description":"Malarg\u00fce Mendoza Argentina","potentialAction":[{"@type":"SearchAction","target":{"@type":"EntryPoint","urlTemplate":"https:\/\/hcd.malargue.gov.ar\/?s={search_term_string}"},"query-input":"required name=search_term_string"}],"inLanguage":"es-AR"},{"@type":"Person","@id":"https:\/\/hcd.malargue.gov.ar\/#\/schema\/person\/3fd6bbab64edd703961b795156c955d0","name":"Belen Pedernera Ferragut","image":{"@type":"ImageObject","inLanguage":"es-AR","@id":"https:\/\/hcd.malargue.gov.ar\/#\/schema\/person\/image\/","url":"https:\/\/secure.gravatar.com\/avatar\/1054ffab3893de4bb3eb29bdd22f7e34b8537bf5d34d9dab311818154ad5b71f?s=96&d=mm&r=g","contentUrl":"https:\/\/secure.gravatar.com\/avatar\/1054ffab3893de4bb3eb29bdd22f7e34b8537bf5d34d9dab311818154ad5b71f?s=96&d=mm&r=g","caption":"Belen Pedernera Ferragut"},"url":"https:\/\/hcd.malargue.gov.ar\/?author=5"}]}},"_links":{"self":[{"href":"https:\/\/hcd.malargue.gov.ar\/index.php?rest_route=\/wp\/v2\/posts\/33833","targetHints":{"allow":["GET"]}}],"collection":[{"href":"https:\/\/hcd.malargue.gov.ar\/index.php?rest_route=\/wp\/v2\/posts"}],"about":[{"href":"https:\/\/hcd.malargue.gov.ar\/index.php?rest_route=\/wp\/v2\/types\/post"}],"author":[{"embeddable":true,"href":"https:\/\/hcd.malargue.gov.ar\/index.php?rest_route=\/wp\/v2\/users\/5"}],"replies":[{"embeddable":true,"href":"https:\/\/hcd.malargue.gov.ar\/index.php?rest_route=%2Fwp%2Fv2%2Fcomments&post=33833"}],"version-history":[{"count":1,"href":"https:\/\/hcd.malargue.gov.ar\/index.php?rest_route=\/wp\/v2\/posts\/33833\/revisions"}],"predecessor-version":[{"id":33835,"href":"https:\/\/hcd.malargue.gov.ar\/index.php?rest_route=\/wp\/v2\/posts\/33833\/revisions\/33835"}],"wp:featuredmedia":[{"embeddable":true,"href":"https:\/\/hcd.malargue.gov.ar\/index.php?rest_route=\/wp\/v2\/media\/33834"}],"wp:attachment":[{"href":"https:\/\/hcd.malargue.gov.ar\/index.php?rest_route=%2Fwp%2Fv2%2Fmedia&parent=33833"}],"wp:term":[{"taxonomy":"category","embeddable":true,"href":"https:\/\/hcd.malargue.gov.ar\/index.php?rest_route=%2Fwp%2Fv2%2Fcategories&post=33833"},{"taxonomy":"post_tag","embeddable":true,"href":"https:\/\/hcd.malargue.gov.ar\/index.php?rest_route=%2Fwp%2Fv2%2Ftags&post=33833"}],"curies":[{"name":"wp","href":"https:\/\/api.w.org\/{rel}","templated":true}]}}