{"id":33886,"date":"2023-05-12T09:09:37","date_gmt":"2023-05-12T12:09:37","guid":{"rendered":"https:\/\/hcd.malargue.gov.ar\/?p=33886"},"modified":"2023-05-12T09:19:59","modified_gmt":"2023-05-12T12:19:59","slug":"acta-sesion-especial-n-05-e-2-023-20-04-23","status":"publish","type":"post","link":"https:\/\/hcd.malargue.gov.ar\/?p=33886","title":{"rendered":"ACTA SESI\u00d3N ESPECIAL N\u00b0 05-\u201cE\u201d-2.023 20\/04\/23"},"content":{"rendered":"<div class=\"wp-block-image\">\n<figure class=\"alignright size-full is-resized\"><a href=\"http:\/\/hcd.malargue.gov.ar\/hcdpdf\/ESPECIAL%20N%2005%202023.pdf\"><img loading=\"lazy\" decoding=\"async\" src=\"https:\/\/hcd.malargue.gov.ar\/wp-content\/uploads\/2018\/06\/PDF-JPG.jpg\" alt=\"\" class=\"wp-image-7950\" width=\"119\" height=\"119\" srcset=\"https:\/\/hcd.malargue.gov.ar\/wp-content\/uploads\/2018\/06\/PDF-JPG.jpg 512w, https:\/\/hcd.malargue.gov.ar\/wp-content\/uploads\/2018\/06\/PDF-JPG-150x150.jpg 150w, https:\/\/hcd.malargue.gov.ar\/wp-content\/uploads\/2018\/06\/PDF-JPG-300x300.jpg 300w\" sizes=\"auto, (max-width: 119px) 100vw, 119px\" \/><\/a><\/figure>\n<\/div>\n\n\n<p>En Malarg\u00fce Mendoza a Veinte d\u00edas de Abril de 2.023, cuando es la hora 12:00 se re\u00fane el Honorable Concejo Deliberante de la Municipalidad de Malarg\u00fce ,&nbsp; para celebrar una Sesi\u00f3n Especial. Bajo la Presidencia de su titular D. Andr\u00e9s RISI y la presencia de los se\u00f1ores concejales Rosas, Varas, Mosca, Rojo, Parada, Camiolo, Correa e Hidalgo . Se firma el Libro de Asistencia donde consta la ausencia del concejal Mart\u00edn Palma con certificado m\u00e9dico. \/ Para dar comienzo al desarrollo del Orden del D\u00eda, se invita al concejal Gabriel Eduardo ROSAS a izar la Ense\u00f1a Patria. \/ b) Lectura y consideraci\u00f3n de la Resoluci\u00f3n de Presidencia N\u00ba 019\/2023. Se da lectura por Secretar\u00eda.&nbsp; Luego se pone a consideraci\u00f3n de los se\u00f1ores ediles y es aprobada. \/\/ c) Nota HC 213-2.022 Concejales Silvina Camiolo, Rodrigo Hidalgo y Silvia Correa, solicitan Sesi\u00f3n Especial por declaraciones de funcionarios en Sesi\u00f3n del d\u00eda 31 de marzo de 2023.- Solicita la palabra&nbsp; el concejal HIDALGO. Quien manifiesta, siempre digo y lo dec\u00eda reci\u00e9n en comisi\u00f3n , las cosas hay que analizarlas no en un momento puntual sino en un per\u00edodo o un lapso m\u00e1s largo de tiempo como para poder entender las intencionalidades que pueden llegar a haber , s\u00ed, aqu\u00ed tenemos si bien la nota entra por un caso puntual o un expediente puntual si lo analizamos en un lapso mas largo de tiempo vamos a encontrar firmas de un funcionario en habilitaciones a donde no corresponden , habilitaciones comerciales, encontramos firmas tambi\u00e9n en la parte edilicia siendo que no es profesional en el tema, encontramos cantidad de lotes que se superponen con relevamientos hechos a trav\u00e9s de una ley nacional , la ley de barrios populares &nbsp;, encontramos desmontes sin factibilidades &nbsp;ambientales&nbsp; y encontramos habilitaciones al Azufre, tema muy controversial ac\u00e1 en la zona porque tenemos much\u00edsimos vecinos y vecinas sin la posibilidad de acceder a una tierra y de manera muy direccionada y entre gallos y media noche se entregaron doce mil hect\u00e1reas, habilitaciones comerciales a locales para eventos nocturnos, eventos bailables, tom\u00e1ndose atribuciones que no corresponden m\u00e1s all\u00e1 de su funci\u00f3n porque muchas veces por no ser de su \u00e1rea , por no ser profesional en el tema, si lo analizamos de esta manera encontramos que hay funcionarios que est\u00e1n incumpliendo a sus deberes como funcionarios p\u00fablicos , cometiendo much\u00edsimas irregularidades, y dando pie a lo que dec\u00eda que la corrupci\u00f3n y la impunidad siga siendo cada vez, m\u00e1s grande y si no damos un corte a todo esto, corremos el riesgo de que esto se empiece a naturalizar. Creo que estamos ac\u00e1 para controlar es nuestra obligaci\u00f3n controlar y tomar las medidas que correspondan cuando encontramos todo esto. Pedir que nos constituyamos en comisi\u00f3n para poder tratarlo de manera correcta adjuntando todo esto que yo he comentado y bueno si es que corresponde, tomar las medidas, correspondientes de&nbsp; acuerdo a la ley 1079 en donde estipula la&nbsp; posible remoci\u00f3n de los Secretarios. As\u00ed que pedir que nos constituyamos en comisi\u00f3n. \/Seguidamente la concejal CORREA &nbsp;solicita la palabra antes que se constituya el Cuerpo en comisi\u00f3n, ( se la otorgan). Expresa sencillamente acompa\u00f1ar las palabras del concejal Hidalgo y plantear que desde el Bloque venimos trabajando para brindar transparencia a una gesti\u00f3n que la verdad nosotros no somos particulares, acompa\u00f1ando como dec\u00eda las palabras del concejal Hidalgo, en este pedido del trabajo en comisi\u00f3n que se va a hacer desde el Bloque venimos trabajando para brindar transparencia ,tambi\u00e9n desde el lugar que nos toca hoy a nosotros como concejales, la verdad que Malarg\u00fce no la est\u00e1 pasando bien y no la est\u00e1 pasando bien no solamente por una cuesti\u00f3n econ\u00f3mica nacional sino que ac\u00e1 en&nbsp; Malarg\u00fce no se est\u00e1 haciendo uso como corresponde de los fondos del municipio, y tambi\u00e9n porque&nbsp; muchos funcionarios&nbsp; est\u00e1n poniendo las firmas en cualquier lado, sin investigar, sin analizar los proyectos, me parece que ha quedado claro y referido a las declaraciones&nbsp; de los funcionarios en la sesi\u00f3n donde se trat\u00f3 el tema de PRC , me parece que qued\u00f3 claro , por lo menos a m\u00ed , me quedaron muchas dudas, no me qued\u00f3 nada claro , si existe o no existe un convenio, si seguimos nosotros hoy sin tener en mano&nbsp; un convenio legalizado, nosotros no sabemos si existe o no existe, si existe el inventario o un listado de las cosas que llegaron de PRC al municipio , seguimos sin saber&nbsp; realmente quien estuvo a cargo de la firma del convenio y quienes deber\u00edan haber acompa\u00f1ado al Intendente que es el que cuida todos los recursos de los malarg\u00fcinos&nbsp; lo que se va y lo que ingresa. Simplemente quer\u00eda dejar claro que vamos a seguir trabajando y obviamente en esta comisi\u00f3n tambi\u00e9n se lo har\u00e1 , para que los malarg\u00fcinos sepan que nosotros tambi\u00e9n queremos transparencia y que ellos est\u00e1n representados en cada uno de nosotros. Estas diez bancas representan a todos los malarg\u00fcinos del Departamento y ellos nos est\u00e1n pidiendo hoy que nosotros seamos su voz, que nosotros demos las explicaciones que otros no pueden darles, \/\/ . Luego la concejal CAMIOLO manifiesta .obviamente apoyando lo vertido por los concejales preopinantes simplemente aclarar para recordar y que quede esta constancia que s\u00e9 que es hist\u00f3rica que va a quedar el 23 de marzo inici\u00f3 la sesi\u00f3n , hab\u00eda tenido un ingreso desde el mes de febrero, la documentaci\u00f3n de PRC y los remitos se dio lugar a la interpelaci\u00f3n , es decir que llevamos casi un mes de trabajo .las decisiones que se vayan a tomar de aqu\u00ed en adelante y es bueno que a veces nos cueste hacerlo&nbsp; pero que s\u00ed quede en claro que no tienen que ver con cuestiones personales&nbsp; y personal\u00edsimas que s\u00ed tomamos conocimiento y que a veces ocurren y que somos blanco a veces de much\u00edsimas agresiones &nbsp;. tengo que en este punto sentirme orgullosa que las agresiones&nbsp; no han salido de ninguno de los diez miembros de este&nbsp; Cuerpo , pero durante este mes que para muchos ha sido hasta bastante r\u00e1pido y , ha pasado volando&nbsp; y han sido sistem\u00e1ticas las agresiones , fueron f\u00edsicas ese d\u00eda, fueron en este lugar , fueron en este recinto donde usted se\u00f1or Presidente tuvo que llamar al orden varias veces de hecho interrumpir la sesi\u00f3n porque&nbsp; no se pod\u00eda llevar a cabo de la manera que estamos acostumbrados a hacerlo como en el d\u00eda de hoy , intentamos hacerlo con el mayor de los respetos porque detr\u00e1s de cada funcionario no solo hay un nombre hay una profesi\u00f3n , hay familias y entendemos que este momento era para hacerlo con el mayor de los respetos, y creo que desde este Cuerpo lo intentamos todo el tiempo, pero a lo largo de todo este mes este Concejo deliberante no solo ha recibido cr\u00edticas , ataques personal\u00edsimos a nuestra funci\u00f3n a nuestra labor, y s\u00ed deseo que se diga y que se sepa, es muy dif\u00edcil ante esos ataques y esas persecuciones, tratar de separar lo pol\u00edtico de lo personal y tambi\u00e9n tratar de separar eso personal de nuestra labor, pero somos seres humanos y obviamente nos afecta , nos duele , tenemos hijos tenemos familias, nuestras familias se preocupan es m\u00e1s ustedes ver\u00e1n que nuestras familias a veces vienen a apoyarnos y acompa\u00f1arnos porque luego del 31 de marzo donde yo siento que se rompieron todos los c\u00f3digos de \u00e9tica pol\u00edtica, realmente lo siento as\u00ed, es que todo nuestro entorno se ha sentido afectado, me parece preocupante pero tambi\u00e9n destacar que hacemos el enorme esfuerzo de diferenciar lo personal de lo pol\u00edtico y de lo institucional y en este punto entendiendo que si bien somos seres de la pol\u00edtica no nos estamos dejando llevar por los tiempos de la pol\u00edtica como s\u00ed se dijo ayer, estamos viendo los tiempos institucionales y adem\u00e1s los procedimientos administrativos que debemos llevar a cabo&nbsp; .me parece muy oportuno apoyar la moci\u00f3n del concejal constituirnos en comisi\u00f3n trabajar esta tem\u00e1tica, y dejar m\u00e1s que claro que estamos en este punto trabajando institucionalmente, pero sin olvidarnos que somos seres de la pol\u00edtica y principalmente personas que nos afecta y que nos molesta, y que nos resentimos ante los distintos ataques. No obstante eso nuestra actitud y por eso valoro y felicito a todo el Cuerpo. va a ser trabajar en consecuencia en lo institucional. \/ La concejal MOSCA&nbsp;&nbsp;&nbsp; expresa , que no apoya las agresiones hacia el Concejo&nbsp; y h, pero quer\u00eda resaltar&nbsp; que cuando se los convoc\u00f3 a todos los funcionarios&nbsp; los tuvimos ac\u00e1 a disposici\u00f3n&nbsp; y que ellos dieron testimonio e las acciones. \/ \/ PRESIDENCIA expresa que se evaluaran todas estas situaciones en comisi\u00f3n que es lo que vamos a definir ahora.\/\/&nbsp; Cuando es la hora 12:16 se constituye el Cuerpo en Comisi\u00f3n.\/ &nbsp;&nbsp;El d\u00eda viernes&nbsp;&nbsp; 5 de&nbsp; mayo de 2023, cuando es la hora 12:15 sale el Cuerpo de Comisi\u00f3n. Preside el titular del Cuerpo D. Andr\u00e9s RISI y est\u00e1n presente los se\u00f1ores concejales Varas,&nbsp; Mosca, Rojo, Parada, Camiolo, Correa e Hidalgo. ( Ausentes&nbsp; Rosas y Palma) \/\/&nbsp; Se da lectura al Despacho emitido por el Cuerpo en Comisi\u00f3n. . La concejal VARAS manifiesta en virtud de que todos conocemos el despacho en su totalidad, solicita que se de lectura a la parte resolutiva del mismo y cuando se ponga a consideraci\u00f3n sea en forma nominal y comience por su derecha. \/ &nbsp;&nbsp;Se procede por Secretar\u00eda. \u201cEl Honorable Concejo Deliberante de la Municipalidad de Malarg\u00fce en uso de las facultades que le son propias : RESUELVE&nbsp; :&nbsp; Art\u00edculo1\u00b0:Solicitar al Sr. Intendente Municipal Lic. Juan Manuel Ojeda a la inmediata REMOCION del Sr. Pablo S\u00e1nchez como Secretario de Desarrollo Territorial y Urbanismo de la Municipalidad de Malarg\u00fce, por mal desempe\u00f1o en el ejercicio de su cargo.\/ <strong>Art\u00edculo 2\u00b0: <\/strong>Instruir al Sr. Presidente del Honorable Concejo Deliberante del Departamento de Malarg\u00fce a formular y radicar la denuncia penal respectiva por ante las Autoridades Judiciales correspondiente con remisi\u00f3n de copia certificada de toda la documentaci\u00f3n que se Anexa, a los fines de investigar la posible comisi\u00f3n de alg\u00fan delito contra la Administraci\u00f3n P\u00fablica por parte de alg\u00fan\/os Funcionario\/s P\u00fablico\/s y que el elevado criterio de la Sra. Fiscal considerase.\/ Art\u00edculo 3\u00b0<strong>: <\/strong>Remitir, a los fines legales pertinentes, copia de la presente pieza legal, conjuntamente con la documentaci\u00f3n anexa a la Fiscal\u00eda de Estado de la Provincia de Mendoza. Art\u00edculo &nbsp;4\u00b0<strong>: <\/strong>Anexar a la presente pieza legal la siguiente documentaci\u00f3n: <strong>&#8211;<\/strong> Nota HC-086-2.023 con remitos.\/ <strong>&#8211; <\/strong>Acuerdo Espec\u00edfico de Colaboraci\u00f3n con PRC, Convenio Marco de Colaboraci\u00f3n PRC y la Municipalidad de Malarg\u00fce y su Anexo.\/<strong> &#8211; <\/strong>Nota HC-023\/2.023. \/- Resoluci\u00f3n N\u00b0 322\/2.022.\/ &#8211; Resoluci\u00f3n N\u00b0 545\/2.022.\/ &#8211; Nota N\u00b0 8827 Dictamen de Asesoramiento Honorable Tribunal de Cuentas de la Provincia de Mendoza.\/ &#8211; Resoluci\u00f3n N\u00b0 048\/2.023.\/ &#8211; Resoluci\u00f3n N\u00b0 050\/2.023.\/ &#8211; Resoluci\u00f3n N\u00b0 005\/2.023.\/ &#8211; Resoluci\u00f3n N\u00b0 124\/2.022.\/ &#8211; Acta de Sesi\u00f3n Ordinaria N\u00b0 1.120-\u201c0\u201d-2.023.\/ &#8211; Acta de Sesi\u00f3n Ordinaria N\u00b0 1.121-\u201c0\u201d-2.023.\/ &#8211; Nota presentada por el Dr. Carlos Ferrer, Presidente de la C\u00e1mara de Servicios Mineros de Mendoza, con copia de Acta de Requerimiento Notarial al Gobernador Rodolfo Suarez, referida a irregularidades en la gesti\u00f3n del Proyecto Potasio R\u00edo Colorado.\/ Art\u00edculo 5\u00b0: De forma. \/ Se procede a la votaci\u00f3n en forma nominal. Votan los Se\u00f1ores concejales Hidalgo: Expresa primero que nada antes de darle mi voto, perm\u00edtame hacer alusi\u00f3n al tema , es un tema que venimos trabajando hace tiempo respecto a una documentaci\u00f3n que ingres\u00f3 al Concejo Deliberante, sobre unas supuestas donaciones&nbsp; de parte de PRC , en las cuales algunos funcionarios municipales habr\u00edan retirado herramientas y materiales , puntualmente cuatro camiones seg\u00fan lo que se ha dicho, banca del ciudadano y en la documentaci\u00f3n que tenemos, lo grave&nbsp; aqu\u00ed&nbsp; es que se ha retirado todo eso y no se ha firmado el remito, lo grave tambi\u00e9n es que&nbsp; estas personas puntualmente un funcionario, se lo nombra pero fue acompa\u00f1ado por dos m\u00e1s , es que fueron a realizar esta acci\u00f3n sin haber ni siquiera aludido el supuesto convenio que exist\u00eda, digo supuesto porque lo vinimos a ver mucho tiempo despu\u00e9s, entonces es por eso que se ha elaborado este despacho donde se pide la remoci\u00f3n de este funcionario, que no tiene una responsabilidad menor es el Secretario de Urbanismo y Desarrollo si no me&nbsp; falla la memoria, por tanto su&nbsp; responsabilidad es bastante grande, pero no solo por este hecho sino que entendemos que ha habido varias acciones por parte de este funcionario donde ha firmado habilitaciones que no corresponden, factibilidades que no corresponden, en otros temas, casualmente todos temas conflictivos, perd\u00f3n por ejemplo la habilitaci\u00f3n de la RTO y en todos esos temas figura la firma de&nbsp; este funcionario , entonces entendemos as\u00ed sean un mont\u00f3n de temas o uno solo cuando uno asume una responsabilidad&nbsp; de este tipo debe hacerlo al cien por cien. No solo en lo lindo , en lo bueno y en lo f\u00e1cil sino en las cuestiones m\u00e1s dif\u00edciles tambi\u00e9n, as\u00ed que es lo que estamos haciendo nosotros en este momento. , lo que quisiera yo en lo personal, estar tratando otros temas, caso red de agua de los vecinos del callej\u00f3n Argangioletti, veredas, acequias, , servicios b\u00e1sicos, en los distintos barrios , entregas de terrenos que se&nbsp; superponen&nbsp; y much\u00edsimos temas importantes que aquejan a todos los vecinos y vecinas, y sin embargo nos encontramos ac\u00e1 resolviendo estas cuestiones, a esto me refiero cuando digo la parte fea, yo en lo personal y estoy seguro que todo el&nbsp; Cuerpo nos hacemos responsables de estas cuestiones, porque es&nbsp; nuestra funci\u00f3n controlar, lo que se realiza desde el poder ejecutivo , as\u00ed que mi voto es en positivo. La concejal Correa vota en afirmativo. , la concejal Camiolo vota en afirmativo.\/ El concejal Parada manifiesta, antes de emitir mi voto&nbsp; quiero decir que entiendo m\u00e1s que nadie la funci\u00f3n de contralor del Concejo Deliberante , en otras &nbsp;ocasiones no he tenido ning\u00fan tipo de problemas de acompa\u00f1ar cuando he estado&nbsp; convencido de que hab\u00eda probable il\u00edcitos , de acompa\u00f1ar denuncias, todos ustedes son testigos , pero tambi\u00e9n entiendo que la pol\u00edtica tiene que estar marcada por la \u00e9tica y la \u00e9tica cuando al momento de actuar, tenemos que tener bien claro para que el acto sea bueno, fin, medios y circunstancias, y qu\u00e9 quiero decir con esto, que en este caso que lo venimos trabajando ya hace un tiempo, ,entiendo que por las circunstancias no es el momento para acompa\u00f1ar dicho pedido y la circunstancia porqu\u00e9 est\u00e1 marcada, porque yo considero que el grado de certezas si hay o no motivo o causa de delito, entiendo que podr\u00edamos haber recaudado mas pruebas , tambi\u00e9n entiendo que los funcionarios cuando estuvieron presentes no acompa\u00f1aron con suficientes pruebas sus&nbsp; dichos, pero esto me lleva a convencerme de que necesitamos quiz\u00e1s un tiempo m\u00e1s largo para tomar esta decisi\u00f3n , entonces este grado de certeza que a\u00fan no tengo en el cual s\u00ed veo claramente much\u00edsimo desorden, en una gesti\u00f3n que se hizo, pero no me termina de confirmar, por lo menos particularmente en mi conciencia si realmente hay delito o no lo hay. Por tal raz\u00f3n creo que no es conveniente acompa\u00f1ar en este momento este pedido por eso es que mi voto en esta ocasi\u00f3n es negativo&nbsp; \/ La concejal Rojo expresa antes de dar mi voto, voy a fundamentarlo l\u00f3gicamente , es un tema dif\u00edcil en el cual hemos venido trabajando las comisiones y recabando informaci\u00f3n y documentaci\u00f3n para que este despacho l\u00f3gicamente salga con todo el aval correspondiente para llegar a la determinaci\u00f3n que se ha tomado justamente en su articulado, en funci\u00f3n de lo manifestado y de lo aclarado en este despacho tambi\u00e9n me pongo en esta postura de que respaldatoriamente&nbsp; &nbsp;deber\u00edamos actuar, con otro tipo de indagaciones, cuando tuvieron los funcionarios presentes, quedaron a\u00fan dudas, porque en realidad, quedaron pr\u00e1cticamente grises digamos en este sentido, esta certeza como lo manifiesta el concejal Parada &nbsp;&nbsp;es dif\u00edcil de determinar en este momento por una cuesti\u00f3n no de no estar acompa\u00f1ando al&nbsp; Cuerpo en general &nbsp;sino&nbsp; porque dentro en lo que es personal dentro de mi pensamiento apelo a una posibilidad de haber generado una comisi\u00f3n dentro del mismo Concejo , pero est\u00e1 dentro de las facultades del Presidente tambi\u00e9n&nbsp; el hacer el seguimiento a trav\u00e9s de lo que el Cuerpo determine, y por ello yo creo que en este momento y circunstancias para este despacho en lo particular mi voto es en negativo. \/\/&nbsp; &nbsp;La concejal Mosca&nbsp; vota en negativo. \/ La &nbsp;concejal Varas vota en afirmativo. \/ Presidencia vota en afirmativo. Resultado 5 votos en afirmativo y 3 votos en negativo. \/ El concejal HIDALGO solicita la palabra y expresa que perm\u00edtame aclarar tambi\u00e9n que el pedido este m\u00e1s all\u00e1 de las certezas o no certezas v viene tambi\u00e9n a cumplir la intenci\u00f3n de poder eliminar cualquier suspicacia que se pueda llegar a realizar desde adentro&nbsp; de tantas irregularidades, como la alteraci\u00f3n de los expedientes&nbsp; que se pierda alguna hoja, es eso y el pedido se le hace directamente al Sr&nbsp; Intendente quien a partir de ahora, al haber salido aprobada esta resoluci\u00f3n tiene al cien por ciento su responsabilidad para tomar la decisi\u00f3n que corresponde y como lo acabo de decir eliminar cualquier tipo de alteraci\u00f3n que pueda llegar a sufrir todo el tema este&nbsp; de la investigaci\u00f3n que se ha llevado o la indagaci\u00f3n que se ha hecho desde el Concejo y todo lo que se va a hacer desde la justicia tambi\u00e9n. \/\/ Se pasa al \u00faltimo punto del Orden del D\u00eda.&nbsp; \/ d) Acto de arriar el Pabell\u00f3n Nacional para lo cual se invita a la concejal ROJO. Cuando es la hora 12:27 se da por terminada la Sesi\u00f3n. \/ Previa lectura y consideraci\u00f3n de lo que antecede firman las presentes actuaciones el Se\u00f1or Presidente y la Se\u00f1ora Secretaria del Honorable Concejo Deliberante. \/\/ &nbsp;<\/p>\n\n\n\n<h4 class=\"wp-block-heading\"><strong><em>&nbsp;<\/em><\/strong><\/h4>\n","protected":false},"excerpt":{"rendered":"<p>En Malarg\u00fce Mendoza a Veinte d\u00edas de Abril de 2.023, cuando es la hora 12:00 se re\u00fane el Honorable Concejo Deliberante de la Municipalidad de Malarg\u00fce ,&nbsp; para celebrar una Sesi\u00f3n Especial. Bajo la Presidencia de su titular D. Andr\u00e9s RISI y la presencia de los se\u00f1ores concejales Rosas, Varas, Mosca, Rojo, Parada, Camiolo, Correa [&hellip;]<\/p>\n","protected":false},"author":5,"featured_media":33337,"comment_status":"closed","ping_status":"closed","sticky":false,"template":"","format":"standard","meta":{"footnotes":""},"categories":[60,52,33],"tags":[],"class_list":["post-33886","post","type-post","status-publish","format-standard","has-post-thumbnail","hentry","category-acta-de-sesiones","category-gacetillas","category-prensa"],"yoast_head":"<!-- This site is optimized with the Yoast SEO plugin v19.10 - https:\/\/yoast.com\/wordpress\/plugins\/seo\/ -->\n<title>ACTA SESI\u00d3N ESPECIAL N\u00b0 05-\u201cE\u201d-2.023 20\/04\/23 - Malarg\u00fce HCD<\/title>\n<meta name=\"robots\" content=\"index, follow, max-snippet:-1, max-image-preview:large, max-video-preview:-1\" \/>\n<link rel=\"canonical\" href=\"https:\/\/hcd.malargue.gov.ar\/?p=33886\" \/>\n<meta property=\"og:locale\" content=\"es_ES\" \/>\n<meta property=\"og:type\" content=\"article\" \/>\n<meta property=\"og:title\" content=\"ACTA SESI\u00d3N ESPECIAL N\u00b0 05-\u201cE\u201d-2.023 20\/04\/23 - Malarg\u00fce HCD\" \/>\n<meta property=\"og:description\" content=\"En Malarg\u00fce Mendoza a Veinte d\u00edas de Abril de 2.023, cuando es la hora 12:00 se re\u00fane el Honorable Concejo Deliberante de la Municipalidad de Malarg\u00fce ,&nbsp; para celebrar una Sesi\u00f3n Especial. Bajo la Presidencia de su titular D. Andr\u00e9s RISI y la presencia de los se\u00f1ores concejales Rosas, Varas, Mosca, Rojo, Parada, Camiolo, Correa [&hellip;]\" \/>\n<meta property=\"og:url\" content=\"https:\/\/hcd.malargue.gov.ar\/?p=33886\" \/>\n<meta property=\"og:site_name\" content=\"Malarg\u00fce HCD\" \/>\n<meta property=\"article:published_time\" content=\"2023-05-12T12:09:37+00:00\" \/>\n<meta property=\"article:modified_time\" content=\"2023-05-12T12:19:59+00:00\" \/>\n<meta property=\"og:image\" content=\"https:\/\/hcd.malargue.gov.ar\/wp-content\/uploads\/2023\/03\/actas-sesiones.jpg\" \/>\n\t<meta property=\"og:image:width\" content=\"1640\" \/>\n\t<meta property=\"og:image:height\" content=\"924\" \/>\n\t<meta property=\"og:image:type\" content=\"image\/jpeg\" \/>\n<meta name=\"author\" content=\"Belen Pedernera Ferragut\" \/>\n<meta name=\"twitter:card\" content=\"summary_large_image\" \/>\n<meta name=\"twitter:label1\" content=\"Escrito por\" \/>\n\t<meta name=\"twitter:data1\" content=\"Belen Pedernera Ferragut\" \/>\n\t<meta name=\"twitter:label2\" content=\"Tiempo de lectura\" \/>\n\t<meta name=\"twitter:data2\" content=\"16 minutos\" \/>\n<script type=\"application\/ld+json\" class=\"yoast-schema-graph\">{\"@context\":\"https:\/\/schema.org\",\"@graph\":[{\"@type\":\"WebPage\",\"@id\":\"https:\/\/hcd.malargue.gov.ar\/?p=33886\",\"url\":\"https:\/\/hcd.malargue.gov.ar\/?p=33886\",\"name\":\"ACTA SESI\u00d3N ESPECIAL N\u00b0 05-\u201cE\u201d-2.023 20\/04\/23 - Malarg\u00fce HCD\",\"isPartOf\":{\"@id\":\"https:\/\/hcd.malargue.gov.ar\/#website\"},\"datePublished\":\"2023-05-12T12:09:37+00:00\",\"dateModified\":\"2023-05-12T12:19:59+00:00\",\"author\":{\"@id\":\"https:\/\/hcd.malargue.gov.ar\/#\/schema\/person\/3fd6bbab64edd703961b795156c955d0\"},\"breadcrumb\":{\"@id\":\"https:\/\/hcd.malargue.gov.ar\/?p=33886#breadcrumb\"},\"inLanguage\":\"es-AR\",\"potentialAction\":[{\"@type\":\"ReadAction\",\"target\":[\"https:\/\/hcd.malargue.gov.ar\/?p=33886\"]}]},{\"@type\":\"BreadcrumbList\",\"@id\":\"https:\/\/hcd.malargue.gov.ar\/?p=33886#breadcrumb\",\"itemListElement\":[{\"@type\":\"ListItem\",\"position\":1,\"name\":\"Inicio\",\"item\":\"https:\/\/hcd.malargue.gov.ar\/\"},{\"@type\":\"ListItem\",\"position\":2,\"name\":\"ACTA SESI\u00d3N ESPECIAL N\u00b0 05-\u201cE\u201d-2.023 20\/04\/23\"}]},{\"@type\":\"WebSite\",\"@id\":\"https:\/\/hcd.malargue.gov.ar\/#website\",\"url\":\"https:\/\/hcd.malargue.gov.ar\/\",\"name\":\"Malarg\u00fce HCD\",\"description\":\"Malarg\u00fce Mendoza Argentina\",\"potentialAction\":[{\"@type\":\"SearchAction\",\"target\":{\"@type\":\"EntryPoint\",\"urlTemplate\":\"https:\/\/hcd.malargue.gov.ar\/?s={search_term_string}\"},\"query-input\":\"required name=search_term_string\"}],\"inLanguage\":\"es-AR\"},{\"@type\":\"Person\",\"@id\":\"https:\/\/hcd.malargue.gov.ar\/#\/schema\/person\/3fd6bbab64edd703961b795156c955d0\",\"name\":\"Belen Pedernera Ferragut\",\"image\":{\"@type\":\"ImageObject\",\"inLanguage\":\"es-AR\",\"@id\":\"https:\/\/hcd.malargue.gov.ar\/#\/schema\/person\/image\/\",\"url\":\"https:\/\/secure.gravatar.com\/avatar\/1054ffab3893de4bb3eb29bdd22f7e34b8537bf5d34d9dab311818154ad5b71f?s=96&d=mm&r=g\",\"contentUrl\":\"https:\/\/secure.gravatar.com\/avatar\/1054ffab3893de4bb3eb29bdd22f7e34b8537bf5d34d9dab311818154ad5b71f?s=96&d=mm&r=g\",\"caption\":\"Belen Pedernera Ferragut\"},\"url\":\"https:\/\/hcd.malargue.gov.ar\/?author=5\"}]}<\/script>\n<!-- \/ Yoast SEO plugin. -->","yoast_head_json":{"title":"ACTA SESI\u00d3N ESPECIAL N\u00b0 05-\u201cE\u201d-2.023 20\/04\/23 - Malarg\u00fce HCD","robots":{"index":"index","follow":"follow","max-snippet":"max-snippet:-1","max-image-preview":"max-image-preview:large","max-video-preview":"max-video-preview:-1"},"canonical":"https:\/\/hcd.malargue.gov.ar\/?p=33886","og_locale":"es_ES","og_type":"article","og_title":"ACTA SESI\u00d3N ESPECIAL N\u00b0 05-\u201cE\u201d-2.023 20\/04\/23 - Malarg\u00fce HCD","og_description":"En Malarg\u00fce Mendoza a Veinte d\u00edas de Abril de 2.023, cuando es la hora 12:00 se re\u00fane el Honorable Concejo Deliberante de la Municipalidad de Malarg\u00fce ,&nbsp; para celebrar una Sesi\u00f3n Especial. Bajo la Presidencia de su titular D. Andr\u00e9s RISI y la presencia de los se\u00f1ores concejales Rosas, Varas, Mosca, Rojo, Parada, Camiolo, Correa [&hellip;]","og_url":"https:\/\/hcd.malargue.gov.ar\/?p=33886","og_site_name":"Malarg\u00fce HCD","article_published_time":"2023-05-12T12:09:37+00:00","article_modified_time":"2023-05-12T12:19:59+00:00","og_image":[{"width":1640,"height":924,"url":"https:\/\/hcd.malargue.gov.ar\/wp-content\/uploads\/2023\/03\/actas-sesiones.jpg","type":"image\/jpeg"}],"author":"Belen Pedernera Ferragut","twitter_card":"summary_large_image","twitter_misc":{"Escrito por":"Belen Pedernera Ferragut","Tiempo de lectura":"16 minutos"},"schema":{"@context":"https:\/\/schema.org","@graph":[{"@type":"WebPage","@id":"https:\/\/hcd.malargue.gov.ar\/?p=33886","url":"https:\/\/hcd.malargue.gov.ar\/?p=33886","name":"ACTA SESI\u00d3N ESPECIAL N\u00b0 05-\u201cE\u201d-2.023 20\/04\/23 - Malarg\u00fce HCD","isPartOf":{"@id":"https:\/\/hcd.malargue.gov.ar\/#website"},"datePublished":"2023-05-12T12:09:37+00:00","dateModified":"2023-05-12T12:19:59+00:00","author":{"@id":"https:\/\/hcd.malargue.gov.ar\/#\/schema\/person\/3fd6bbab64edd703961b795156c955d0"},"breadcrumb":{"@id":"https:\/\/hcd.malargue.gov.ar\/?p=33886#breadcrumb"},"inLanguage":"es-AR","potentialAction":[{"@type":"ReadAction","target":["https:\/\/hcd.malargue.gov.ar\/?p=33886"]}]},{"@type":"BreadcrumbList","@id":"https:\/\/hcd.malargue.gov.ar\/?p=33886#breadcrumb","itemListElement":[{"@type":"ListItem","position":1,"name":"Inicio","item":"https:\/\/hcd.malargue.gov.ar\/"},{"@type":"ListItem","position":2,"name":"ACTA SESI\u00d3N ESPECIAL N\u00b0 05-\u201cE\u201d-2.023 20\/04\/23"}]},{"@type":"WebSite","@id":"https:\/\/hcd.malargue.gov.ar\/#website","url":"https:\/\/hcd.malargue.gov.ar\/","name":"Malarg\u00fce HCD","description":"Malarg\u00fce Mendoza Argentina","potentialAction":[{"@type":"SearchAction","target":{"@type":"EntryPoint","urlTemplate":"https:\/\/hcd.malargue.gov.ar\/?s={search_term_string}"},"query-input":"required name=search_term_string"}],"inLanguage":"es-AR"},{"@type":"Person","@id":"https:\/\/hcd.malargue.gov.ar\/#\/schema\/person\/3fd6bbab64edd703961b795156c955d0","name":"Belen Pedernera Ferragut","image":{"@type":"ImageObject","inLanguage":"es-AR","@id":"https:\/\/hcd.malargue.gov.ar\/#\/schema\/person\/image\/","url":"https:\/\/secure.gravatar.com\/avatar\/1054ffab3893de4bb3eb29bdd22f7e34b8537bf5d34d9dab311818154ad5b71f?s=96&d=mm&r=g","contentUrl":"https:\/\/secure.gravatar.com\/avatar\/1054ffab3893de4bb3eb29bdd22f7e34b8537bf5d34d9dab311818154ad5b71f?s=96&d=mm&r=g","caption":"Belen Pedernera Ferragut"},"url":"https:\/\/hcd.malargue.gov.ar\/?author=5"}]}},"_links":{"self":[{"href":"https:\/\/hcd.malargue.gov.ar\/index.php?rest_route=\/wp\/v2\/posts\/33886","targetHints":{"allow":["GET"]}}],"collection":[{"href":"https:\/\/hcd.malargue.gov.ar\/index.php?rest_route=\/wp\/v2\/posts"}],"about":[{"href":"https:\/\/hcd.malargue.gov.ar\/index.php?rest_route=\/wp\/v2\/types\/post"}],"author":[{"embeddable":true,"href":"https:\/\/hcd.malargue.gov.ar\/index.php?rest_route=\/wp\/v2\/users\/5"}],"replies":[{"embeddable":true,"href":"https:\/\/hcd.malargue.gov.ar\/index.php?rest_route=%2Fwp%2Fv2%2Fcomments&post=33886"}],"version-history":[{"count":2,"href":"https:\/\/hcd.malargue.gov.ar\/index.php?rest_route=\/wp\/v2\/posts\/33886\/revisions"}],"predecessor-version":[{"id":33891,"href":"https:\/\/hcd.malargue.gov.ar\/index.php?rest_route=\/wp\/v2\/posts\/33886\/revisions\/33891"}],"wp:featuredmedia":[{"embeddable":true,"href":"https:\/\/hcd.malargue.gov.ar\/index.php?rest_route=\/wp\/v2\/media\/33337"}],"wp:attachment":[{"href":"https:\/\/hcd.malargue.gov.ar\/index.php?rest_route=%2Fwp%2Fv2%2Fmedia&parent=33886"}],"wp:term":[{"taxonomy":"category","embeddable":true,"href":"https:\/\/hcd.malargue.gov.ar\/index.php?rest_route=%2Fwp%2Fv2%2Fcategories&post=33886"},{"taxonomy":"post_tag","embeddable":true,"href":"https:\/\/hcd.malargue.gov.ar\/index.php?rest_route=%2Fwp%2Fv2%2Ftags&post=33886"}],"curies":[{"name":"wp","href":"https:\/\/api.w.org\/{rel}","templated":true}]}}