{"id":33940,"date":"2023-05-17T10:43:57","date_gmt":"2023-05-17T13:43:57","guid":{"rendered":"https:\/\/hcd.malargue.gov.ar\/?p=33940"},"modified":"2023-05-17T10:46:14","modified_gmt":"2023-05-17T13:46:14","slug":"ordenanza-no-2-229-2-023","status":"publish","type":"post","link":"https:\/\/hcd.malargue.gov.ar\/?p=33940","title":{"rendered":"ORDENANZA N\u00b0 2.229\/2.023"},"content":{"rendered":"<div class=\"wp-block-image\">\n<figure class=\"alignright size-full is-resized\"><a href=\"http:\/\/hcd.malargue.gov.ar\/hcdpdf\/on%202229%202023%20tarifaria.pdf\"><img loading=\"lazy\" decoding=\"async\" src=\"https:\/\/hcd.malargue.gov.ar\/wp-content\/uploads\/2018\/06\/PDF-JPG.jpg\" alt=\"\" class=\"wp-image-7950\" width=\"107\" height=\"107\" srcset=\"https:\/\/hcd.malargue.gov.ar\/wp-content\/uploads\/2018\/06\/PDF-JPG.jpg 512w, https:\/\/hcd.malargue.gov.ar\/wp-content\/uploads\/2018\/06\/PDF-JPG-150x150.jpg 150w, https:\/\/hcd.malargue.gov.ar\/wp-content\/uploads\/2018\/06\/PDF-JPG-300x300.jpg 300w\" sizes=\"auto, (max-width: 107px) 100vw, 107px\" \/><\/a><\/figure>\n<\/div>\n\n\n<p><strong>AUTORES CONCEJALES RODRIGO HIDALGO Y SILVIA CORREA<\/strong><\/p>\n\n\n\n<p><strong>INTERBLOQUE FRENTE DE TODOS, CUIDEMOS MALARG\u00dcE<\/strong><\/p>\n\n\n\n<p>VISTO: El contenido del Expediente N\u00ba 5.210-HC 050-2.022 Interbloque Frente de Todos \u2013 Cuidemos Malarg\u00fce Proyecto de Ordenanza: Modif\u00edquese el Articulo N\u00b0 46 de la <a href=\"https:\/\/hcd.malargue.gov.ar\/?p=29927\">Ordenanza Tarifaria N\u00b0 2.186\/2.022<\/a>. Ref. Tasas por Servicios a la Propiedad Ra\u00edz.<\/p>\n\n\n\n<p>El \u00fanico valor de importe por los servicios a la propiedad ra\u00edz aprobada por Ordenanza Tarifaria N\u00b0 2.186\/2.022<\/p>\n\n\n\n<p>y;<\/p>\n\n\n\n<p>CONSIDERANDO: Que la tasa por servicio a la propiedad ra\u00edz conocido como \u201cImpuesto Municipal\u201d es una contribuci\u00f3n que se cobra sobre el inmueble donde reside la persona, que comprende una serie de prestaciones de servicios que realiza el municipio tales como lo son: recolecci\u00f3n de residuos, barrido, riego, limpieza y reparaci\u00f3n de acequias, conservaci\u00f3n del pavimento, arbolado, higienizaci\u00f3n de plazas y espacios verdes como as\u00ed tambi\u00e9n otras mejoras.<\/p>\n\n\n\n<p>Que resulta necesario distinguir al menos cinco (5) zonas que poseen distintas particularidades que afectan a la prestaci\u00f3n de servicios, categorizadas en tarifarias pret\u00e9ritas.<\/p>\n\n\n\n<p>Que la superficie de propiedades en nuestra ciudad es distinta de acuerdo al lugar y el destino que se le brinda a cada inmueble por lo que debiera considerarse a la hora de definir el monto a cobrar en cada caso.<\/p>\n\n\n\n<p>Que es funci\u00f3n del Estado recaudar para generar recursos que le permita ofrecer servicios adecuados a la poblaci\u00f3n, pero tambi\u00e9n debe garantizar el bienestar de los ciudadanos, asegurando que cubran sus necesidades b\u00e1sicas y que accedan a los servicios indispensables para vivir dignamente.<\/p>\n\n\n\n<p>Que es preciso obrar en consecuencia.<\/p>\n\n\n\n<p>EL HONORABLE CONCEJO DELIBERANTE DE LA MUNICIPALIDAD DE MALARG\u00dcE EN USO DE LAS FACULTADES QUE LE SON PROPIAS<\/p>\n\n\n\n<p>ORDENA<\/p>\n\n\n\n<p>ART\u00cdCULO 1\u00ba: Modif\u00edquese el Articulo 46\u00b0 \u201cContribuyentes y Responsables\u201d del Cap\u00edtulo I de Servicios a la Propiedad Ra\u00edz de la Ordenanza Tarifaria N\u00b0 2.186\/2.022, el cual quedar\u00e1 redactado de la siguiente manera:<\/p>\n\n\n\n<p>a)- Son contribuyentes los propietarios o poseedores a t\u00edtulo de due\u00f1os. Las tasas ser\u00e1n abonadas en relaci\u00f3n a todos los inmuebles seg\u00fan la zona de prestaci\u00f3n de servicios est\u00e9n o no especificados, sean o no utilizados por sus propietarios, tengan o no frente a la v\u00eda p\u00fablica h\u00e1yanse notificado o no del servicio.<\/p>\n\n\n\n<p>La sola prestaci\u00f3n de servicios genera hecho sujeto a tributaci\u00f3n.<\/p>\n\n\n\n<p>Los servicios enumerados en el Art\u00edculo 45\u00b0 ser\u00e1n retribuidos o abonados con una tasa de referencia de Pesos Setecientos Cincuenta mensuales ($ 750,00) ajustadas por los Coeficientes de zona (C<sub>z<\/sub>) y de superficie (C<sub>s<\/sub>) que tienden a corregir la universalidad. A efectos de interpretaci\u00f3n del presente Art\u00edculo, se tomar\u00e1 como referencia del Coeficiente Zona, la distinci\u00f3n de zonas expresada en el Art\u00edculo 50\u00b0 de la presente Ordenanza.<\/p>\n\n\n\n<p>b)-Def\u00ednase Tasa Mensual por Propiedad Ra\u00edz (TPR) bajo la siguiente f\u00f3rmula TPR= $ 750 x C<sub>z x<\/sub> Cs.<\/p>\n\n\n\n<p>c)- Ad\u00f3ptese los siguientes valores equivalentes para los Coeficientes de correcci\u00f3n por zona y superficie (C<sub>z <\/sub>y C<sub>s<\/sub><sub>)<\/sub><\/p>\n\n\n\n<p>&nbsp;&nbsp;&nbsp;&nbsp; C<sub>z<\/sub>&nbsp;&nbsp;&nbsp;&nbsp;&nbsp;&nbsp;&nbsp;&nbsp;&nbsp;&nbsp;&nbsp;&nbsp;&nbsp;&nbsp;&nbsp;&nbsp;&nbsp;&nbsp;&nbsp;&nbsp;&nbsp;&nbsp;&nbsp;&nbsp;&nbsp;&nbsp;&nbsp;&nbsp;&nbsp;&nbsp;&nbsp;&nbsp;&nbsp;&nbsp;&nbsp;&nbsp;&nbsp;&nbsp;&nbsp;&nbsp;&nbsp;&nbsp; &nbsp;&nbsp;&nbsp;&nbsp; C<sub>s<\/sub><\/p>\n\n\n\n<p>&nbsp;&nbsp;&nbsp;&nbsp;&nbsp;&nbsp;&nbsp;&nbsp;&nbsp;&nbsp;&nbsp;&nbsp;&nbsp;&nbsp;&nbsp;&nbsp; Zona A = 1&nbsp;&nbsp;&nbsp;&nbsp;&nbsp;&nbsp;&nbsp;&nbsp;&nbsp;&nbsp;&nbsp;&nbsp;&nbsp;&nbsp;&nbsp;&nbsp;&nbsp;&nbsp;&nbsp;&nbsp;&nbsp;&nbsp;&nbsp; Superficie 1m\u00b2 a 500m\u00b2 = 1,0<\/p>\n\n\n\n<p>&nbsp;&nbsp;&nbsp;&nbsp;&nbsp;&nbsp;&nbsp;&nbsp;&nbsp;&nbsp;&nbsp;&nbsp;&nbsp;&nbsp;&nbsp;&nbsp; Zona B = 0,8&nbsp;&nbsp;&nbsp;&nbsp;&nbsp;&nbsp;&nbsp;&nbsp;&nbsp;&nbsp;&nbsp;&nbsp;&nbsp;&nbsp;&nbsp;&nbsp;&nbsp;&nbsp;&nbsp;&nbsp; Superficie 501m\u00b2 a 700 m\u00b2 = 1,2<\/p>\n\n\n\n<p>&nbsp;&nbsp;&nbsp;&nbsp;&nbsp;&nbsp;&nbsp;&nbsp;&nbsp;&nbsp;&nbsp;&nbsp;&nbsp;&nbsp;&nbsp;&nbsp; Zona C = 0,6&nbsp;&nbsp;&nbsp;&nbsp;&nbsp;&nbsp;&nbsp;&nbsp;&nbsp;&nbsp;&nbsp;&nbsp;&nbsp;&nbsp;&nbsp;&nbsp;&nbsp;&nbsp;&nbsp;&nbsp; Superficie 701 m<sup>2<\/sup> a 1.000 m<sup>2 <\/sup>= 1,5<\/p>\n\n\n\n<p>&nbsp;&nbsp;&nbsp;&nbsp;&nbsp;&nbsp;&nbsp;&nbsp;&nbsp;&nbsp;&nbsp;&nbsp;&nbsp;&nbsp;&nbsp;&nbsp; Zona D = 0,5&nbsp;&nbsp;&nbsp;&nbsp;&nbsp;&nbsp;&nbsp;&nbsp;&nbsp;&nbsp;&nbsp;&nbsp;&nbsp;&nbsp;&nbsp;&nbsp;&nbsp;&nbsp;&nbsp;&nbsp; Superficie 1.001 m\u00b2 a 5.000m\u00b2 = 2,0<\/p>\n\n\n\n<p>&nbsp;&nbsp;&nbsp;&nbsp;&nbsp;&nbsp;&nbsp;&nbsp;&nbsp;&nbsp;&nbsp;&nbsp;&nbsp;&nbsp;&nbsp;&nbsp; Zona E = 0,4&nbsp;&nbsp;&nbsp;&nbsp;&nbsp;&nbsp;&nbsp;&nbsp;&nbsp;&nbsp;&nbsp;&nbsp;&nbsp;&nbsp;&nbsp;&nbsp;&nbsp;&nbsp;&nbsp;&nbsp;&nbsp; Superficie &gt; 5.000 m<sup>2<\/sup> = 2+(0,0001 x(m<sup>2<\/sup>-5.000))<\/p>\n\n\n\n<p>ART\u00cdCULO 2\u00ba: Comun\u00edquese, reg\u00edstrese, c\u00famplase, publ\u00edquese, agr\u00e9guese copia de la presente en las actuaciones correspondientes y arch\u00edvese.<\/p>\n\n\n\n<p>DADA EN LA SALA DE SESIONES DR.&nbsp; RICARDO BALBIN DEL HONORABLE CONCEJO DELIBERANTE DE LA MUNICIPALIDAD DE MALARG\u00dcE A ONCE D\u00cdAS DE&nbsp;&nbsp; MAYO DE DOS MIL VEINTITRES.<\/p>\n","protected":false},"excerpt":{"rendered":"<p>AUTORES CONCEJALES RODRIGO HIDALGO Y SILVIA CORREA INTERBLOQUE FRENTE DE TODOS, CUIDEMOS MALARG\u00dcE VISTO: El contenido del Expediente N\u00ba 5.210-HC 050-2.022 Interbloque Frente de Todos \u2013 Cuidemos Malarg\u00fce Proyecto de Ordenanza: Modif\u00edquese el Articulo N\u00b0 46 de la Ordenanza Tarifaria N\u00b0 2.186\/2.022. Ref. Tasas por Servicios a la Propiedad Ra\u00edz. El \u00fanico valor de importe [&hellip;]<\/p>\n","protected":false},"author":5,"featured_media":33941,"comment_status":"closed","ping_status":"closed","sticky":false,"template":"","format":"standard","meta":{"footnotes":""},"categories":[52,29,48,33],"tags":[],"class_list":["post-33940","post","type-post","status-publish","format-standard","has-post-thumbnail","hentry","category-gacetillas","category-lesgilacion","category-ordenanzas-municipales","category-prensa"],"yoast_head":"<!-- This site is optimized with the Yoast SEO plugin v19.10 - https:\/\/yoast.com\/wordpress\/plugins\/seo\/ -->\n<title>ORDENANZA N\u00b0 2.229\/2.023 - Malarg\u00fce HCD<\/title>\n<meta name=\"robots\" content=\"index, follow, max-snippet:-1, max-image-preview:large, max-video-preview:-1\" \/>\n<link rel=\"canonical\" href=\"https:\/\/hcd.malargue.gov.ar\/?p=33940\" \/>\n<meta property=\"og:locale\" content=\"es_ES\" \/>\n<meta property=\"og:type\" content=\"article\" \/>\n<meta property=\"og:title\" content=\"ORDENANZA N\u00b0 2.229\/2.023 - Malarg\u00fce HCD\" \/>\n<meta property=\"og:description\" content=\"AUTORES CONCEJALES RODRIGO HIDALGO Y SILVIA CORREA INTERBLOQUE FRENTE DE TODOS, CUIDEMOS MALARG\u00dcE VISTO: El contenido del Expediente N\u00ba 5.210-HC 050-2.022 Interbloque Frente de Todos \u2013 Cuidemos Malarg\u00fce Proyecto de Ordenanza: Modif\u00edquese el Articulo N\u00b0 46 de la Ordenanza Tarifaria N\u00b0 2.186\/2.022. Ref. Tasas por Servicios a la Propiedad Ra\u00edz. El \u00fanico valor de importe [&hellip;]\" \/>\n<meta property=\"og:url\" content=\"https:\/\/hcd.malargue.gov.ar\/?p=33940\" \/>\n<meta property=\"og:site_name\" content=\"Malarg\u00fce HCD\" \/>\n<meta property=\"article:published_time\" content=\"2023-05-17T13:43:57+00:00\" \/>\n<meta property=\"article:modified_time\" content=\"2023-05-17T13:46:14+00:00\" \/>\n<meta property=\"og:image\" content=\"https:\/\/hcd.malargue.gov.ar\/wp-content\/uploads\/2023\/05\/ORDENANZA-2229-2023.jpg\" \/>\n\t<meta property=\"og:image:width\" content=\"940\" \/>\n\t<meta property=\"og:image:height\" content=\"788\" \/>\n\t<meta property=\"og:image:type\" content=\"image\/jpeg\" \/>\n<meta name=\"author\" content=\"Belen Pedernera Ferragut\" \/>\n<meta name=\"twitter:card\" content=\"summary_large_image\" \/>\n<meta name=\"twitter:label1\" content=\"Escrito por\" \/>\n\t<meta name=\"twitter:data1\" content=\"Belen Pedernera Ferragut\" \/>\n\t<meta name=\"twitter:label2\" content=\"Tiempo de lectura\" \/>\n\t<meta name=\"twitter:data2\" content=\"4 minutos\" \/>\n<script type=\"application\/ld+json\" class=\"yoast-schema-graph\">{\"@context\":\"https:\/\/schema.org\",\"@graph\":[{\"@type\":\"WebPage\",\"@id\":\"https:\/\/hcd.malargue.gov.ar\/?p=33940\",\"url\":\"https:\/\/hcd.malargue.gov.ar\/?p=33940\",\"name\":\"ORDENANZA N\u00b0 2.229\/2.023 - Malarg\u00fce HCD\",\"isPartOf\":{\"@id\":\"https:\/\/hcd.malargue.gov.ar\/#website\"},\"datePublished\":\"2023-05-17T13:43:57+00:00\",\"dateModified\":\"2023-05-17T13:46:14+00:00\",\"author\":{\"@id\":\"https:\/\/hcd.malargue.gov.ar\/#\/schema\/person\/3fd6bbab64edd703961b795156c955d0\"},\"breadcrumb\":{\"@id\":\"https:\/\/hcd.malargue.gov.ar\/?p=33940#breadcrumb\"},\"inLanguage\":\"es-AR\",\"potentialAction\":[{\"@type\":\"ReadAction\",\"target\":[\"https:\/\/hcd.malargue.gov.ar\/?p=33940\"]}]},{\"@type\":\"BreadcrumbList\",\"@id\":\"https:\/\/hcd.malargue.gov.ar\/?p=33940#breadcrumb\",\"itemListElement\":[{\"@type\":\"ListItem\",\"position\":1,\"name\":\"Inicio\",\"item\":\"https:\/\/hcd.malargue.gov.ar\/\"},{\"@type\":\"ListItem\",\"position\":2,\"name\":\"ORDENANZA N\u00b0 2.229\/2.023\"}]},{\"@type\":\"WebSite\",\"@id\":\"https:\/\/hcd.malargue.gov.ar\/#website\",\"url\":\"https:\/\/hcd.malargue.gov.ar\/\",\"name\":\"Malarg\u00fce HCD\",\"description\":\"Malarg\u00fce Mendoza Argentina\",\"potentialAction\":[{\"@type\":\"SearchAction\",\"target\":{\"@type\":\"EntryPoint\",\"urlTemplate\":\"https:\/\/hcd.malargue.gov.ar\/?s={search_term_string}\"},\"query-input\":\"required name=search_term_string\"}],\"inLanguage\":\"es-AR\"},{\"@type\":\"Person\",\"@id\":\"https:\/\/hcd.malargue.gov.ar\/#\/schema\/person\/3fd6bbab64edd703961b795156c955d0\",\"name\":\"Belen Pedernera Ferragut\",\"image\":{\"@type\":\"ImageObject\",\"inLanguage\":\"es-AR\",\"@id\":\"https:\/\/hcd.malargue.gov.ar\/#\/schema\/person\/image\/\",\"url\":\"https:\/\/secure.gravatar.com\/avatar\/1054ffab3893de4bb3eb29bdd22f7e34b8537bf5d34d9dab311818154ad5b71f?s=96&d=mm&r=g\",\"contentUrl\":\"https:\/\/secure.gravatar.com\/avatar\/1054ffab3893de4bb3eb29bdd22f7e34b8537bf5d34d9dab311818154ad5b71f?s=96&d=mm&r=g\",\"caption\":\"Belen Pedernera Ferragut\"},\"url\":\"https:\/\/hcd.malargue.gov.ar\/?author=5\"}]}<\/script>\n<!-- \/ Yoast SEO plugin. -->","yoast_head_json":{"title":"ORDENANZA N\u00b0 2.229\/2.023 - Malarg\u00fce HCD","robots":{"index":"index","follow":"follow","max-snippet":"max-snippet:-1","max-image-preview":"max-image-preview:large","max-video-preview":"max-video-preview:-1"},"canonical":"https:\/\/hcd.malargue.gov.ar\/?p=33940","og_locale":"es_ES","og_type":"article","og_title":"ORDENANZA N\u00b0 2.229\/2.023 - Malarg\u00fce HCD","og_description":"AUTORES CONCEJALES RODRIGO HIDALGO Y SILVIA CORREA INTERBLOQUE FRENTE DE TODOS, CUIDEMOS MALARG\u00dcE VISTO: El contenido del Expediente N\u00ba 5.210-HC 050-2.022 Interbloque Frente de Todos \u2013 Cuidemos Malarg\u00fce Proyecto de Ordenanza: Modif\u00edquese el Articulo N\u00b0 46 de la Ordenanza Tarifaria N\u00b0 2.186\/2.022. Ref. Tasas por Servicios a la Propiedad Ra\u00edz. El \u00fanico valor de importe [&hellip;]","og_url":"https:\/\/hcd.malargue.gov.ar\/?p=33940","og_site_name":"Malarg\u00fce HCD","article_published_time":"2023-05-17T13:43:57+00:00","article_modified_time":"2023-05-17T13:46:14+00:00","og_image":[{"width":940,"height":788,"url":"https:\/\/hcd.malargue.gov.ar\/wp-content\/uploads\/2023\/05\/ORDENANZA-2229-2023.jpg","type":"image\/jpeg"}],"author":"Belen Pedernera Ferragut","twitter_card":"summary_large_image","twitter_misc":{"Escrito por":"Belen Pedernera Ferragut","Tiempo de lectura":"4 minutos"},"schema":{"@context":"https:\/\/schema.org","@graph":[{"@type":"WebPage","@id":"https:\/\/hcd.malargue.gov.ar\/?p=33940","url":"https:\/\/hcd.malargue.gov.ar\/?p=33940","name":"ORDENANZA N\u00b0 2.229\/2.023 - Malarg\u00fce HCD","isPartOf":{"@id":"https:\/\/hcd.malargue.gov.ar\/#website"},"datePublished":"2023-05-17T13:43:57+00:00","dateModified":"2023-05-17T13:46:14+00:00","author":{"@id":"https:\/\/hcd.malargue.gov.ar\/#\/schema\/person\/3fd6bbab64edd703961b795156c955d0"},"breadcrumb":{"@id":"https:\/\/hcd.malargue.gov.ar\/?p=33940#breadcrumb"},"inLanguage":"es-AR","potentialAction":[{"@type":"ReadAction","target":["https:\/\/hcd.malargue.gov.ar\/?p=33940"]}]},{"@type":"BreadcrumbList","@id":"https:\/\/hcd.malargue.gov.ar\/?p=33940#breadcrumb","itemListElement":[{"@type":"ListItem","position":1,"name":"Inicio","item":"https:\/\/hcd.malargue.gov.ar\/"},{"@type":"ListItem","position":2,"name":"ORDENANZA N\u00b0 2.229\/2.023"}]},{"@type":"WebSite","@id":"https:\/\/hcd.malargue.gov.ar\/#website","url":"https:\/\/hcd.malargue.gov.ar\/","name":"Malarg\u00fce HCD","description":"Malarg\u00fce Mendoza Argentina","potentialAction":[{"@type":"SearchAction","target":{"@type":"EntryPoint","urlTemplate":"https:\/\/hcd.malargue.gov.ar\/?s={search_term_string}"},"query-input":"required name=search_term_string"}],"inLanguage":"es-AR"},{"@type":"Person","@id":"https:\/\/hcd.malargue.gov.ar\/#\/schema\/person\/3fd6bbab64edd703961b795156c955d0","name":"Belen Pedernera Ferragut","image":{"@type":"ImageObject","inLanguage":"es-AR","@id":"https:\/\/hcd.malargue.gov.ar\/#\/schema\/person\/image\/","url":"https:\/\/secure.gravatar.com\/avatar\/1054ffab3893de4bb3eb29bdd22f7e34b8537bf5d34d9dab311818154ad5b71f?s=96&d=mm&r=g","contentUrl":"https:\/\/secure.gravatar.com\/avatar\/1054ffab3893de4bb3eb29bdd22f7e34b8537bf5d34d9dab311818154ad5b71f?s=96&d=mm&r=g","caption":"Belen Pedernera Ferragut"},"url":"https:\/\/hcd.malargue.gov.ar\/?author=5"}]}},"_links":{"self":[{"href":"https:\/\/hcd.malargue.gov.ar\/index.php?rest_route=\/wp\/v2\/posts\/33940","targetHints":{"allow":["GET"]}}],"collection":[{"href":"https:\/\/hcd.malargue.gov.ar\/index.php?rest_route=\/wp\/v2\/posts"}],"about":[{"href":"https:\/\/hcd.malargue.gov.ar\/index.php?rest_route=\/wp\/v2\/types\/post"}],"author":[{"embeddable":true,"href":"https:\/\/hcd.malargue.gov.ar\/index.php?rest_route=\/wp\/v2\/users\/5"}],"replies":[{"embeddable":true,"href":"https:\/\/hcd.malargue.gov.ar\/index.php?rest_route=%2Fwp%2Fv2%2Fcomments&post=33940"}],"version-history":[{"count":3,"href":"https:\/\/hcd.malargue.gov.ar\/index.php?rest_route=\/wp\/v2\/posts\/33940\/revisions"}],"predecessor-version":[{"id":33944,"href":"https:\/\/hcd.malargue.gov.ar\/index.php?rest_route=\/wp\/v2\/posts\/33940\/revisions\/33944"}],"wp:featuredmedia":[{"embeddable":true,"href":"https:\/\/hcd.malargue.gov.ar\/index.php?rest_route=\/wp\/v2\/media\/33941"}],"wp:attachment":[{"href":"https:\/\/hcd.malargue.gov.ar\/index.php?rest_route=%2Fwp%2Fv2%2Fmedia&parent=33940"}],"wp:term":[{"taxonomy":"category","embeddable":true,"href":"https:\/\/hcd.malargue.gov.ar\/index.php?rest_route=%2Fwp%2Fv2%2Fcategories&post=33940"},{"taxonomy":"post_tag","embeddable":true,"href":"https:\/\/hcd.malargue.gov.ar\/index.php?rest_route=%2Fwp%2Fv2%2Ftags&post=33940"}],"curies":[{"name":"wp","href":"https:\/\/api.w.org\/{rel}","templated":true}]}}