{"id":33945,"date":"2023-05-17T10:56:35","date_gmt":"2023-05-17T13:56:35","guid":{"rendered":"https:\/\/hcd.malargue.gov.ar\/?p=33945"},"modified":"2023-05-17T10:57:16","modified_gmt":"2023-05-17T13:57:16","slug":"ordenanza-no-2-230-2-023","status":"publish","type":"post","link":"https:\/\/hcd.malargue.gov.ar\/?p=33945","title":{"rendered":"ORDENANZA N\u00b0 2.230\/2.023"},"content":{"rendered":"<div class=\"wp-block-image\">\n<figure class=\"alignright size-full is-resized\"><a href=\"http:\/\/hcd.malargue.gov.ar\/hcdpdf\/on%202230%202023%20agua%20potable%20callejon%20arcangeolletti.pdf\"><img loading=\"lazy\" decoding=\"async\" src=\"https:\/\/hcd.malargue.gov.ar\/wp-content\/uploads\/2018\/06\/PDF-JPG.jpg\" alt=\"\" class=\"wp-image-7950\" width=\"117\" height=\"117\" srcset=\"https:\/\/hcd.malargue.gov.ar\/wp-content\/uploads\/2018\/06\/PDF-JPG.jpg 512w, https:\/\/hcd.malargue.gov.ar\/wp-content\/uploads\/2018\/06\/PDF-JPG-150x150.jpg 150w, https:\/\/hcd.malargue.gov.ar\/wp-content\/uploads\/2018\/06\/PDF-JPG-300x300.jpg 300w\" sizes=\"auto, (max-width: 117px) 100vw, 117px\" \/><\/a><\/figure>\n<\/div>\n\n\n<p>VISTO: El contenido del Expediente N\u00ba 3.113\/2.023-0 Departamento Ejecutivo. Proyecto de Ordenanza: Obra Red Agua Potable Callej\u00f3n Arcangeoletti.<\/p>\n\n\n\n<p>y;<\/p>\n\n\n\n<p>CONSIDERANDO: Que el gobierno municipal viene desarrollando programas y proyectos que contribuyen a mejorar el bienestar social de la comunidad.<\/p>\n\n\n\n<p>Que el acceso al agua es considerado un derecho humano b\u00e1sico, por lo que todos los estamentos gubernamentales se encuentran obligados a realizar acciones tendientes a garantizarlo.<\/p>\n\n\n\n<p>Que en este sentido, se vienen realizando en el Departamento diversas obras para que el denominado acceso al agua potable sea una realidad.<\/p>\n\n\n\n<p>Que el agua es un elemento vital &#8211; en el sentido m\u00e1s literal del t\u00e9rmino &#8211; pues sin ella la vida humana resulta inviable. El ser humano depende del agua, primero, para su subsistencia, pero luego, para posibilitar el desarrollo de una vida digna.<\/p>\n\n\n\n<p>Que en un primer plano, el agua se presenta como una necesidad b\u00e1sica del hombre en su vida cotidiana. En efecto, ella es indispensable tanto para evitar la muerte (por deshidrataci\u00f3n) como para reducir el riesgo de ciertas enfermedades; tambi\u00e9n para satisfacer necesidades de consumo, de cocci\u00f3n de alimentos, y de higiene personal y dom\u00e9stica. De modo tal que el agua (en condiciones apta el consumo humano) resulta un elemento insustituible para la vida humana, que guarda estrecha y directa relaci\u00f3n con el cuidado de la salud y de la higiene, con la alimentaci\u00f3n adecuada y tambi\u00e9n con la vivienda digna.<\/p>\n\n\n\n<p>Que adem\u00e1s el agua es un recurso natural que, si bien es indispensable, no es ilimitado, se proyecta&nbsp;&nbsp; hacia la esfera ambiental, adquiriendo una dimensi\u00f3n social y colectiva &#8211; a escala universal- que se engarza decididamente con la protecci\u00f3n del medio ambiente.<\/p>\n\n\n\n<p>La necesidad de evitar el derroche y la no contaminaci\u00f3n de los cursos naturales de agua, circunstancias que, por otro lado, exigen optimizar el uso racional del recurso vital, son cuestiones que anidan en la noci\u00f3n de desarrollo sustentable como desaf\u00edo actual de la humanidad, ello en miras a lograr (o al menos, aproximarse) al ideal de aquella formula que pregona que las actividades productivas satisfagan las necesidades presentes sin comprometer las de las generaciones futuras.<\/p>\n\n\n\n<p>Que en base al principio de la dignidad humana, y considerando entonces que el agua es un bien p\u00fablico fundamental e indispensable para posibilitar la vida y garantizar niveles m\u00ednimos de salud y bienestar de las personas, el derecho internacional ha alumbrado un nuevo derecho humano: el derecho al agua.<\/p>\n\n\n\n<p>Que el Comit\u00e9 para los Derechos Sociales, Econ\u00f3micos y Culturales, en el a\u00f1o 2.002, mediante el dictado de la Observaci\u00f3n General N\u00b015 (en adelante OG 15), reconoci\u00f3 que el derecho humano al agua se halla impl\u00edcitamente ubicado en los art\u00edculos 11\u00b0 y 12\u00b0 del Pacto Internacional de Derechos Sociales, Econ\u00f3micos y Culturales (PIDESC) y de esta manera agreg\u00f3 un nuevo derecho al cat\u00e1logo de derechos econ\u00f3micos, sociales y culturales &#8211; o derechos sociales a secas &#8211; ya expresamente enumerados en dicho Pacto (trabajo, educaci\u00f3n, salud, vivienda, etc.) Programa Regional de Apoyo a las Defensor\u00edas del Pueblo.<\/p>\n\n\n\n<p>Que de otro lado, desde un punto de vista jur\u00eddico, no habr\u00e1 que olvidar que la concepci\u00f3n de reconocer el derecho al agua con status de derecho humano, es relativamente reciente. Podr\u00eda afirmarse que se trata de un derecho novel o en avanzada gestaci\u00f3n que pugna por lograr su consolidaci\u00f3n definitiva en el orden positivo. En este sentido, siguiendo a Guillermo Escobar, es \u00fatil recordar que los derechos humanos se presentan, centralmente, como demandas morales: &#8220;El derecho humano al agua es el derecho de todos a disponer de agua suficiente, salubre, aceptable, accesible y asequible para el uso personal y dom\u00e9stico.&#8221; M\u00e1s adelante la Observaci\u00f3n General N<sup>o <\/sup>15 expresa que &#8220;El agua debe tratarse como un bien social y cultural, y no fundamentalmente como un bien econ\u00f3mico<\/p>\n\n\n\n<p>Que, el agua es un elemento esencial y de primera necesidad para la vida humana.<\/p>\n\n\n\n<p>El Comit\u00e9 para los Derechos Sociales, Econ\u00f3micos y Culturales, en el a\u00f1o 2.002, mediante la Observaci\u00f3n General N\u00b015 reconoci\u00f3, con s\u00f3lidos fundamentos que el derecho humano al agua se halla impl\u00edcito en el Pacto Internacional de Derechos Sociales, Econ\u00f3micos y Culturales, agregando as\u00ed un nuevo derecho humano al cat\u00e1logo de derechos ya expresamente reconocidos en dicho Pacto.<\/p>\n\n\n\n<p>Que el crecimiento demogr\u00e1fico y la constituci\u00f3n de nuevos espacios que cuenten con servicio esenciales ayudan adem\u00e1s a paliar la problem\u00e1tica de acceso a la vivienda.<\/p>\n\n\n\n<p>Que si bien la nombrada obra se encuentra incluida en el Presupuesto 2.023 el cual se encuentra bajo an\u00e1lisis, la premura en la realizaci\u00f3n de la obra, no solo por su obtenido sino tambi\u00e9n porque los costos de la misma aumentan en el marco del proceso de h\u00edper inflaci\u00f3n que estamos transitando, es que se hace necesario expedirse al respecto.<\/p>\n\n\n\n<p>Que por todo ello y en virtud de las facultades otorgadas por la Ley N\u00b0 1.079 Org\u00e1nica de Municipalidades, Articulo 1\u00b0 de la Ley Nacional N\u00b0 19.550 LGS (y sus modificatorias).<\/p>\n\n\n\n<p>Que existe pieza legal emanada desde este Honorable Concejo Deliberante de similar tenor reconociendo la necesidad de la realizaci\u00f3n de esta obra p\u00fablica plasmada en la Resoluci\u00f3n N\u00b0 039\/2.023.<\/p>\n\n\n\n<p>EL HONORABLE CONCEJO DELIBERANTE DE LA MUNICIPALIDAD DE MALARG\u00dcE EN USO DE LAS FACULTADES QUE LE SON PROPIAS<\/p>\n\n\n\n<p>ORDENA<\/p>\n\n\n\n<p>ART\u00cdCULO 1\u00ba: Fac\u00faltese al Departamento Ejecutivo Municipal a llevar a cabo la realizaci\u00f3n de la obra denominada &#8220;Red de agua potable del Loteo Arcangeoletti&#8221;<\/p>\n\n\n\n<p>ART\u00cdCULO 2\u00ba: Fac\u00faltese el aumento de partidas de Gastos y Recursos del Presupuesto vigente por un monto total de $70.000.000 (PESOS SENTENTA MILLONES), con el fin de realizar la imputaci\u00f3n de la misma.<\/p>\n\n\n\n<p>ART\u00cdCULO 3\u00ba: Comun\u00edquese, reg\u00edstrese, c\u00famplase, publ\u00edquese, agr\u00e9guese copia de la presente en las actuaciones correspondientes y arch\u00edvese.<\/p>\n\n\n\n<p>DADA EN LA SALA DE SESIONES DR.&nbsp; RICARDO BALBIN DEL HONORABLE CONCEJO DELIBERANTE DE LA MUNICIPALIDAD DE MALARG\u00dcE A ONCE D\u00cdAS DE&nbsp;&nbsp; MAYO DE DOS MIL VEINTITRES.<\/p>\n","protected":false},"excerpt":{"rendered":"<p>VISTO: El contenido del Expediente N\u00ba 3.113\/2.023-0 Departamento Ejecutivo. Proyecto de Ordenanza: Obra Red Agua Potable Callej\u00f3n Arcangeoletti. y; CONSIDERANDO: Que el gobierno municipal viene desarrollando programas y proyectos que contribuyen a mejorar el bienestar social de la comunidad. Que el acceso al agua es considerado un derecho humano b\u00e1sico, por lo que todos los [&hellip;]<\/p>\n","protected":false},"author":5,"featured_media":33947,"comment_status":"closed","ping_status":"closed","sticky":false,"template":"","format":"standard","meta":{"footnotes":""},"categories":[52,29,48,33],"tags":[],"class_list":["post-33945","post","type-post","status-publish","format-standard","has-post-thumbnail","hentry","category-gacetillas","category-lesgilacion","category-ordenanzas-municipales","category-prensa"],"yoast_head":"<!-- This site is optimized with the Yoast SEO plugin v19.10 - https:\/\/yoast.com\/wordpress\/plugins\/seo\/ -->\n<title>ORDENANZA N\u00b0 2.230\/2.023 - Malarg\u00fce HCD<\/title>\n<meta name=\"robots\" content=\"index, follow, max-snippet:-1, max-image-preview:large, max-video-preview:-1\" \/>\n<link rel=\"canonical\" href=\"https:\/\/hcd.malargue.gov.ar\/?p=33945\" \/>\n<meta property=\"og:locale\" content=\"es_ES\" \/>\n<meta property=\"og:type\" content=\"article\" \/>\n<meta property=\"og:title\" content=\"ORDENANZA N\u00b0 2.230\/2.023 - Malarg\u00fce HCD\" \/>\n<meta property=\"og:description\" content=\"VISTO: El contenido del Expediente N\u00ba 3.113\/2.023-0 Departamento Ejecutivo. Proyecto de Ordenanza: Obra Red Agua Potable Callej\u00f3n Arcangeoletti. y; CONSIDERANDO: Que el gobierno municipal viene desarrollando programas y proyectos que contribuyen a mejorar el bienestar social de la comunidad. Que el acceso al agua es considerado un derecho humano b\u00e1sico, por lo que todos los [&hellip;]\" \/>\n<meta property=\"og:url\" content=\"https:\/\/hcd.malargue.gov.ar\/?p=33945\" \/>\n<meta property=\"og:site_name\" content=\"Malarg\u00fce HCD\" \/>\n<meta property=\"article:published_time\" content=\"2023-05-17T13:56:35+00:00\" \/>\n<meta property=\"article:modified_time\" content=\"2023-05-17T13:57:16+00:00\" \/>\n<meta property=\"og:image\" content=\"https:\/\/hcd.malargue.gov.ar\/wp-content\/uploads\/2023\/05\/ORDENANZA-2230-2023.jpg\" \/>\n\t<meta property=\"og:image:width\" content=\"940\" \/>\n\t<meta property=\"og:image:height\" content=\"788\" \/>\n\t<meta property=\"og:image:type\" content=\"image\/jpeg\" \/>\n<meta name=\"author\" content=\"Belen Pedernera Ferragut\" \/>\n<meta name=\"twitter:card\" content=\"summary_large_image\" \/>\n<meta name=\"twitter:label1\" content=\"Escrito por\" \/>\n\t<meta name=\"twitter:data1\" content=\"Belen Pedernera Ferragut\" \/>\n\t<meta name=\"twitter:label2\" content=\"Tiempo de lectura\" \/>\n\t<meta name=\"twitter:data2\" content=\"5 minutos\" \/>\n<script type=\"application\/ld+json\" class=\"yoast-schema-graph\">{\"@context\":\"https:\/\/schema.org\",\"@graph\":[{\"@type\":\"WebPage\",\"@id\":\"https:\/\/hcd.malargue.gov.ar\/?p=33945\",\"url\":\"https:\/\/hcd.malargue.gov.ar\/?p=33945\",\"name\":\"ORDENANZA N\u00b0 2.230\/2.023 - Malarg\u00fce HCD\",\"isPartOf\":{\"@id\":\"https:\/\/hcd.malargue.gov.ar\/#website\"},\"datePublished\":\"2023-05-17T13:56:35+00:00\",\"dateModified\":\"2023-05-17T13:57:16+00:00\",\"author\":{\"@id\":\"https:\/\/hcd.malargue.gov.ar\/#\/schema\/person\/3fd6bbab64edd703961b795156c955d0\"},\"breadcrumb\":{\"@id\":\"https:\/\/hcd.malargue.gov.ar\/?p=33945#breadcrumb\"},\"inLanguage\":\"es-AR\",\"potentialAction\":[{\"@type\":\"ReadAction\",\"target\":[\"https:\/\/hcd.malargue.gov.ar\/?p=33945\"]}]},{\"@type\":\"BreadcrumbList\",\"@id\":\"https:\/\/hcd.malargue.gov.ar\/?p=33945#breadcrumb\",\"itemListElement\":[{\"@type\":\"ListItem\",\"position\":1,\"name\":\"Inicio\",\"item\":\"https:\/\/hcd.malargue.gov.ar\/\"},{\"@type\":\"ListItem\",\"position\":2,\"name\":\"ORDENANZA N\u00b0 2.230\/2.023\"}]},{\"@type\":\"WebSite\",\"@id\":\"https:\/\/hcd.malargue.gov.ar\/#website\",\"url\":\"https:\/\/hcd.malargue.gov.ar\/\",\"name\":\"Malarg\u00fce HCD\",\"description\":\"Malarg\u00fce Mendoza Argentina\",\"potentialAction\":[{\"@type\":\"SearchAction\",\"target\":{\"@type\":\"EntryPoint\",\"urlTemplate\":\"https:\/\/hcd.malargue.gov.ar\/?s={search_term_string}\"},\"query-input\":\"required name=search_term_string\"}],\"inLanguage\":\"es-AR\"},{\"@type\":\"Person\",\"@id\":\"https:\/\/hcd.malargue.gov.ar\/#\/schema\/person\/3fd6bbab64edd703961b795156c955d0\",\"name\":\"Belen Pedernera Ferragut\",\"image\":{\"@type\":\"ImageObject\",\"inLanguage\":\"es-AR\",\"@id\":\"https:\/\/hcd.malargue.gov.ar\/#\/schema\/person\/image\/\",\"url\":\"https:\/\/secure.gravatar.com\/avatar\/1054ffab3893de4bb3eb29bdd22f7e34b8537bf5d34d9dab311818154ad5b71f?s=96&d=mm&r=g\",\"contentUrl\":\"https:\/\/secure.gravatar.com\/avatar\/1054ffab3893de4bb3eb29bdd22f7e34b8537bf5d34d9dab311818154ad5b71f?s=96&d=mm&r=g\",\"caption\":\"Belen Pedernera Ferragut\"},\"url\":\"https:\/\/hcd.malargue.gov.ar\/?author=5\"}]}<\/script>\n<!-- \/ Yoast SEO plugin. -->","yoast_head_json":{"title":"ORDENANZA N\u00b0 2.230\/2.023 - Malarg\u00fce HCD","robots":{"index":"index","follow":"follow","max-snippet":"max-snippet:-1","max-image-preview":"max-image-preview:large","max-video-preview":"max-video-preview:-1"},"canonical":"https:\/\/hcd.malargue.gov.ar\/?p=33945","og_locale":"es_ES","og_type":"article","og_title":"ORDENANZA N\u00b0 2.230\/2.023 - Malarg\u00fce HCD","og_description":"VISTO: El contenido del Expediente N\u00ba 3.113\/2.023-0 Departamento Ejecutivo. Proyecto de Ordenanza: Obra Red Agua Potable Callej\u00f3n Arcangeoletti. y; CONSIDERANDO: Que el gobierno municipal viene desarrollando programas y proyectos que contribuyen a mejorar el bienestar social de la comunidad. Que el acceso al agua es considerado un derecho humano b\u00e1sico, por lo que todos los [&hellip;]","og_url":"https:\/\/hcd.malargue.gov.ar\/?p=33945","og_site_name":"Malarg\u00fce HCD","article_published_time":"2023-05-17T13:56:35+00:00","article_modified_time":"2023-05-17T13:57:16+00:00","og_image":[{"width":940,"height":788,"url":"https:\/\/hcd.malargue.gov.ar\/wp-content\/uploads\/2023\/05\/ORDENANZA-2230-2023.jpg","type":"image\/jpeg"}],"author":"Belen Pedernera Ferragut","twitter_card":"summary_large_image","twitter_misc":{"Escrito por":"Belen Pedernera Ferragut","Tiempo de lectura":"5 minutos"},"schema":{"@context":"https:\/\/schema.org","@graph":[{"@type":"WebPage","@id":"https:\/\/hcd.malargue.gov.ar\/?p=33945","url":"https:\/\/hcd.malargue.gov.ar\/?p=33945","name":"ORDENANZA N\u00b0 2.230\/2.023 - Malarg\u00fce HCD","isPartOf":{"@id":"https:\/\/hcd.malargue.gov.ar\/#website"},"datePublished":"2023-05-17T13:56:35+00:00","dateModified":"2023-05-17T13:57:16+00:00","author":{"@id":"https:\/\/hcd.malargue.gov.ar\/#\/schema\/person\/3fd6bbab64edd703961b795156c955d0"},"breadcrumb":{"@id":"https:\/\/hcd.malargue.gov.ar\/?p=33945#breadcrumb"},"inLanguage":"es-AR","potentialAction":[{"@type":"ReadAction","target":["https:\/\/hcd.malargue.gov.ar\/?p=33945"]}]},{"@type":"BreadcrumbList","@id":"https:\/\/hcd.malargue.gov.ar\/?p=33945#breadcrumb","itemListElement":[{"@type":"ListItem","position":1,"name":"Inicio","item":"https:\/\/hcd.malargue.gov.ar\/"},{"@type":"ListItem","position":2,"name":"ORDENANZA N\u00b0 2.230\/2.023"}]},{"@type":"WebSite","@id":"https:\/\/hcd.malargue.gov.ar\/#website","url":"https:\/\/hcd.malargue.gov.ar\/","name":"Malarg\u00fce HCD","description":"Malarg\u00fce Mendoza Argentina","potentialAction":[{"@type":"SearchAction","target":{"@type":"EntryPoint","urlTemplate":"https:\/\/hcd.malargue.gov.ar\/?s={search_term_string}"},"query-input":"required name=search_term_string"}],"inLanguage":"es-AR"},{"@type":"Person","@id":"https:\/\/hcd.malargue.gov.ar\/#\/schema\/person\/3fd6bbab64edd703961b795156c955d0","name":"Belen Pedernera Ferragut","image":{"@type":"ImageObject","inLanguage":"es-AR","@id":"https:\/\/hcd.malargue.gov.ar\/#\/schema\/person\/image\/","url":"https:\/\/secure.gravatar.com\/avatar\/1054ffab3893de4bb3eb29bdd22f7e34b8537bf5d34d9dab311818154ad5b71f?s=96&d=mm&r=g","contentUrl":"https:\/\/secure.gravatar.com\/avatar\/1054ffab3893de4bb3eb29bdd22f7e34b8537bf5d34d9dab311818154ad5b71f?s=96&d=mm&r=g","caption":"Belen Pedernera Ferragut"},"url":"https:\/\/hcd.malargue.gov.ar\/?author=5"}]}},"_links":{"self":[{"href":"https:\/\/hcd.malargue.gov.ar\/index.php?rest_route=\/wp\/v2\/posts\/33945","targetHints":{"allow":["GET"]}}],"collection":[{"href":"https:\/\/hcd.malargue.gov.ar\/index.php?rest_route=\/wp\/v2\/posts"}],"about":[{"href":"https:\/\/hcd.malargue.gov.ar\/index.php?rest_route=\/wp\/v2\/types\/post"}],"author":[{"embeddable":true,"href":"https:\/\/hcd.malargue.gov.ar\/index.php?rest_route=\/wp\/v2\/users\/5"}],"replies":[{"embeddable":true,"href":"https:\/\/hcd.malargue.gov.ar\/index.php?rest_route=%2Fwp%2Fv2%2Fcomments&post=33945"}],"version-history":[{"count":3,"href":"https:\/\/hcd.malargue.gov.ar\/index.php?rest_route=\/wp\/v2\/posts\/33945\/revisions"}],"predecessor-version":[{"id":33950,"href":"https:\/\/hcd.malargue.gov.ar\/index.php?rest_route=\/wp\/v2\/posts\/33945\/revisions\/33950"}],"wp:featuredmedia":[{"embeddable":true,"href":"https:\/\/hcd.malargue.gov.ar\/index.php?rest_route=\/wp\/v2\/media\/33947"}],"wp:attachment":[{"href":"https:\/\/hcd.malargue.gov.ar\/index.php?rest_route=%2Fwp%2Fv2%2Fmedia&parent=33945"}],"wp:term":[{"taxonomy":"category","embeddable":true,"href":"https:\/\/hcd.malargue.gov.ar\/index.php?rest_route=%2Fwp%2Fv2%2Fcategories&post=33945"},{"taxonomy":"post_tag","embeddable":true,"href":"https:\/\/hcd.malargue.gov.ar\/index.php?rest_route=%2Fwp%2Fv2%2Ftags&post=33945"}],"curies":[{"name":"wp","href":"https:\/\/api.w.org\/{rel}","templated":true}]}}