{"id":33967,"date":"2023-05-22T11:42:47","date_gmt":"2023-05-22T14:42:47","guid":{"rendered":"https:\/\/hcd.malargue.gov.ar\/?p=33967"},"modified":"2023-05-22T11:43:39","modified_gmt":"2023-05-22T14:43:39","slug":"la-comision-de-educacion-recibio-a-referentes-de-diversos-sectores","status":"publish","type":"post","link":"https:\/\/hcd.malargue.gov.ar\/?p=33967","title":{"rendered":"LA COMISI\u00d3N DE EDUCACI\u00d3N RECIBI\u00d3 A REFERENTES DE DIVERSOS SECTORES"},"content":{"rendered":"\n<p><em>Por la ma\u00f1ana del lunes 22 de mayo a las 9:00hrs, se reuni\u00f3 la Comisi\u00f3n de Educaci\u00f3n, Higiene, Moralidad, Acci\u00f3n Social y Cultura, con la presencia de las Concejalas Paola Rojo, Silvia Correa, Viviana Mosca y los Concejales Gabriel Rosas y Francisco Parada junto a la Secretaria de Comisiones Rosana Scheurer. Ausentes con nota Concejales Camiolo e Hidalgo.<\/em><\/p>\n\n\n<div class=\"wp-block-image\">\n<figure class=\"alignright size-full is-resized\"><img loading=\"lazy\" decoding=\"async\" src=\"https:\/\/hcd.malargue.gov.ar\/wp-content\/uploads\/2023\/05\/348609820_199334173027862_6127817121723363113_n.jpg\" alt=\"\" class=\"wp-image-33969\" width=\"369\" height=\"208\" srcset=\"https:\/\/hcd.malargue.gov.ar\/wp-content\/uploads\/2023\/05\/348609820_199334173027862_6127817121723363113_n.jpg 960w, https:\/\/hcd.malargue.gov.ar\/wp-content\/uploads\/2023\/05\/348609820_199334173027862_6127817121723363113_n-300x169.jpg 300w, https:\/\/hcd.malargue.gov.ar\/wp-content\/uploads\/2023\/05\/348609820_199334173027862_6127817121723363113_n-768x433.jpg 768w\" sizes=\"auto, (max-width: 369px) 100vw, 369px\" \/><\/figure>\n<\/div>\n\n\n<p><em>Los mismos recibieron a diversos actores sociales, entre ellos la Subsecretaria Zona Sur de la Direcci\u00f3n Gral. de Escuelas Sra. Fabiana Glatigny, Secretaria de Gobierno Dra. Paola Paleico, Director de Deporte Prof. Pablo Araujo, Coordinadora del \u00c1rea de la Mujer, Ni\u00f1ez y Adolescencia Sra. Cristina del Papa,  Coordinadora de Discapacidad Sra Elida Chiliguay y, Representante del Centro de adicciones Lic. Judith Rubi, para dar tratamiento al Expte.N\u00b05.280-HC 055-2.023 Proyecto de Resoluci\u00f3n: Elaborar Programa de Prevenci\u00f3n y Concientizaci\u00f3n de las Adicciones.<\/em> (<a href=\"https:\/\/www.facebook.com\/hcdmalargue\/videos\/207983845461871\">https:\/\/www.facebook.com\/hcdmalargue\/videos\/207983845461871<\/a>)<\/p>\n\n\n\n<p><em>Adem\u00e1s los Ediles dieron tratamiento a los Expte.N\u00b05.282-HC 055-2.023 Proyecto de Ordenanza: Capacitaci\u00f3n Obligatoria de la maniobra de Heimlich, y, Expte.N\u00b05.283-HC 055-2.023 Proyecto de Declaraci\u00f3n: Declarar de Inter\u00e9s Departamental Social y Econ\u00f3mico a las Mujeres Apicultoras Malarg\u00fcinas.-<\/em><\/p>\n\n\n\n<p><a href=\"https:\/\/www.facebook.com\/photo\/?fbid=562494676056425&amp;set=pcb.562494979389728\">GALERIA DE FOTOS<\/a><\/p>\n","protected":false},"excerpt":{"rendered":"<p>Por la ma\u00f1ana del lunes 22 de mayo a las 9:00hrs, se reuni\u00f3 la Comisi\u00f3n de Educaci\u00f3n, Higiene, Moralidad, Acci\u00f3n Social y Cultura, con la presencia de las Concejalas Paola Rojo, Silvia Correa, Viviana Mosca y los Concejales Gabriel Rosas y Francisco Parada junto a la Secretaria de Comisiones Rosana Scheurer. Ausentes con nota Concejales [&hellip;]<\/p>\n","protected":false},"author":5,"featured_media":33968,"comment_status":"closed","ping_status":"closed","sticky":false,"template":"","format":"standard","meta":{"footnotes":""},"categories":[61,39,52,33],"tags":[],"class_list":["post-33967","post","type-post","status-publish","format-standard","has-post-thumbnail","hentry","category-comision-de-educacion-higiene-moralidad-accion-social-y-cultura","category-comisiones","category-gacetillas","category-prensa"],"yoast_head":"<!-- This site is optimized with the Yoast SEO plugin v19.10 - https:\/\/yoast.com\/wordpress\/plugins\/seo\/ -->\n<title>LA COMISI\u00d3N DE EDUCACI\u00d3N RECIBI\u00d3 A REFERENTES DE DIVERSOS SECTORES - Malarg\u00fce HCD<\/title>\n<meta name=\"robots\" content=\"index, follow, max-snippet:-1, max-image-preview:large, max-video-preview:-1\" \/>\n<link rel=\"canonical\" href=\"https:\/\/hcd.malargue.gov.ar\/?p=33967\" \/>\n<meta property=\"og:locale\" content=\"es_ES\" \/>\n<meta property=\"og:type\" content=\"article\" \/>\n<meta property=\"og:title\" content=\"LA COMISI\u00d3N DE EDUCACI\u00d3N RECIBI\u00d3 A REFERENTES DE DIVERSOS SECTORES - Malarg\u00fce HCD\" \/>\n<meta property=\"og:description\" content=\"Por la ma\u00f1ana del lunes 22 de mayo a las 9:00hrs, se reuni\u00f3 la Comisi\u00f3n de Educaci\u00f3n, Higiene, Moralidad, Acci\u00f3n Social y Cultura, con la presencia de las Concejalas Paola Rojo, Silvia Correa, Viviana Mosca y los Concejales Gabriel Rosas y Francisco Parada junto a la Secretaria de Comisiones Rosana Scheurer. Ausentes con nota Concejales [&hellip;]\" \/>\n<meta property=\"og:url\" content=\"https:\/\/hcd.malargue.gov.ar\/?p=33967\" \/>\n<meta property=\"og:site_name\" content=\"Malarg\u00fce HCD\" \/>\n<meta property=\"article:published_time\" content=\"2023-05-22T14:42:47+00:00\" \/>\n<meta property=\"article:modified_time\" content=\"2023-05-22T14:43:39+00:00\" \/>\n<meta property=\"og:image\" content=\"https:\/\/hcd.malargue.gov.ar\/wp-content\/uploads\/2023\/05\/348493639_954587492222690_267603237741046890_n.jpg\" \/>\n\t<meta property=\"og:image:width\" content=\"2048\" \/>\n\t<meta property=\"og:image:height\" content=\"1153\" \/>\n\t<meta property=\"og:image:type\" content=\"image\/jpeg\" \/>\n<meta name=\"author\" content=\"Belen Pedernera Ferragut\" \/>\n<meta name=\"twitter:card\" content=\"summary_large_image\" \/>\n<meta name=\"twitter:label1\" content=\"Escrito por\" \/>\n\t<meta name=\"twitter:data1\" content=\"Belen Pedernera Ferragut\" \/>\n\t<meta name=\"twitter:label2\" content=\"Tiempo de lectura\" \/>\n\t<meta name=\"twitter:data2\" content=\"1 minuto\" \/>\n<script type=\"application\/ld+json\" class=\"yoast-schema-graph\">{\"@context\":\"https:\/\/schema.org\",\"@graph\":[{\"@type\":\"WebPage\",\"@id\":\"https:\/\/hcd.malargue.gov.ar\/?p=33967\",\"url\":\"https:\/\/hcd.malargue.gov.ar\/?p=33967\",\"name\":\"LA COMISI\u00d3N DE EDUCACI\u00d3N RECIBI\u00d3 A REFERENTES DE DIVERSOS SECTORES - Malarg\u00fce HCD\",\"isPartOf\":{\"@id\":\"https:\/\/hcd.malargue.gov.ar\/#website\"},\"datePublished\":\"2023-05-22T14:42:47+00:00\",\"dateModified\":\"2023-05-22T14:43:39+00:00\",\"author\":{\"@id\":\"https:\/\/hcd.malargue.gov.ar\/#\/schema\/person\/3fd6bbab64edd703961b795156c955d0\"},\"breadcrumb\":{\"@id\":\"https:\/\/hcd.malargue.gov.ar\/?p=33967#breadcrumb\"},\"inLanguage\":\"es-AR\",\"potentialAction\":[{\"@type\":\"ReadAction\",\"target\":[\"https:\/\/hcd.malargue.gov.ar\/?p=33967\"]}]},{\"@type\":\"BreadcrumbList\",\"@id\":\"https:\/\/hcd.malargue.gov.ar\/?p=33967#breadcrumb\",\"itemListElement\":[{\"@type\":\"ListItem\",\"position\":1,\"name\":\"Inicio\",\"item\":\"https:\/\/hcd.malargue.gov.ar\/\"},{\"@type\":\"ListItem\",\"position\":2,\"name\":\"LA COMISI\u00d3N DE EDUCACI\u00d3N RECIBI\u00d3 A REFERENTES DE DIVERSOS SECTORES\"}]},{\"@type\":\"WebSite\",\"@id\":\"https:\/\/hcd.malargue.gov.ar\/#website\",\"url\":\"https:\/\/hcd.malargue.gov.ar\/\",\"name\":\"Malarg\u00fce HCD\",\"description\":\"Malarg\u00fce Mendoza Argentina\",\"potentialAction\":[{\"@type\":\"SearchAction\",\"target\":{\"@type\":\"EntryPoint\",\"urlTemplate\":\"https:\/\/hcd.malargue.gov.ar\/?s={search_term_string}\"},\"query-input\":\"required name=search_term_string\"}],\"inLanguage\":\"es-AR\"},{\"@type\":\"Person\",\"@id\":\"https:\/\/hcd.malargue.gov.ar\/#\/schema\/person\/3fd6bbab64edd703961b795156c955d0\",\"name\":\"Belen Pedernera Ferragut\",\"image\":{\"@type\":\"ImageObject\",\"inLanguage\":\"es-AR\",\"@id\":\"https:\/\/hcd.malargue.gov.ar\/#\/schema\/person\/image\/\",\"url\":\"https:\/\/secure.gravatar.com\/avatar\/1054ffab3893de4bb3eb29bdd22f7e34b8537bf5d34d9dab311818154ad5b71f?s=96&d=mm&r=g\",\"contentUrl\":\"https:\/\/secure.gravatar.com\/avatar\/1054ffab3893de4bb3eb29bdd22f7e34b8537bf5d34d9dab311818154ad5b71f?s=96&d=mm&r=g\",\"caption\":\"Belen Pedernera Ferragut\"},\"url\":\"https:\/\/hcd.malargue.gov.ar\/?author=5\"}]}<\/script>\n<!-- \/ Yoast SEO plugin. -->","yoast_head_json":{"title":"LA COMISI\u00d3N DE EDUCACI\u00d3N RECIBI\u00d3 A REFERENTES DE DIVERSOS SECTORES - Malarg\u00fce HCD","robots":{"index":"index","follow":"follow","max-snippet":"max-snippet:-1","max-image-preview":"max-image-preview:large","max-video-preview":"max-video-preview:-1"},"canonical":"https:\/\/hcd.malargue.gov.ar\/?p=33967","og_locale":"es_ES","og_type":"article","og_title":"LA COMISI\u00d3N DE EDUCACI\u00d3N RECIBI\u00d3 A REFERENTES DE DIVERSOS SECTORES - Malarg\u00fce HCD","og_description":"Por la ma\u00f1ana del lunes 22 de mayo a las 9:00hrs, se reuni\u00f3 la Comisi\u00f3n de Educaci\u00f3n, Higiene, Moralidad, Acci\u00f3n Social y Cultura, con la presencia de las Concejalas Paola Rojo, Silvia Correa, Viviana Mosca y los Concejales Gabriel Rosas y Francisco Parada junto a la Secretaria de Comisiones Rosana Scheurer. Ausentes con nota Concejales [&hellip;]","og_url":"https:\/\/hcd.malargue.gov.ar\/?p=33967","og_site_name":"Malarg\u00fce HCD","article_published_time":"2023-05-22T14:42:47+00:00","article_modified_time":"2023-05-22T14:43:39+00:00","og_image":[{"width":2048,"height":1153,"url":"https:\/\/hcd.malargue.gov.ar\/wp-content\/uploads\/2023\/05\/348493639_954587492222690_267603237741046890_n.jpg","type":"image\/jpeg"}],"author":"Belen Pedernera Ferragut","twitter_card":"summary_large_image","twitter_misc":{"Escrito por":"Belen Pedernera Ferragut","Tiempo de lectura":"1 minuto"},"schema":{"@context":"https:\/\/schema.org","@graph":[{"@type":"WebPage","@id":"https:\/\/hcd.malargue.gov.ar\/?p=33967","url":"https:\/\/hcd.malargue.gov.ar\/?p=33967","name":"LA COMISI\u00d3N DE EDUCACI\u00d3N RECIBI\u00d3 A REFERENTES DE DIVERSOS SECTORES - Malarg\u00fce HCD","isPartOf":{"@id":"https:\/\/hcd.malargue.gov.ar\/#website"},"datePublished":"2023-05-22T14:42:47+00:00","dateModified":"2023-05-22T14:43:39+00:00","author":{"@id":"https:\/\/hcd.malargue.gov.ar\/#\/schema\/person\/3fd6bbab64edd703961b795156c955d0"},"breadcrumb":{"@id":"https:\/\/hcd.malargue.gov.ar\/?p=33967#breadcrumb"},"inLanguage":"es-AR","potentialAction":[{"@type":"ReadAction","target":["https:\/\/hcd.malargue.gov.ar\/?p=33967"]}]},{"@type":"BreadcrumbList","@id":"https:\/\/hcd.malargue.gov.ar\/?p=33967#breadcrumb","itemListElement":[{"@type":"ListItem","position":1,"name":"Inicio","item":"https:\/\/hcd.malargue.gov.ar\/"},{"@type":"ListItem","position":2,"name":"LA COMISI\u00d3N DE EDUCACI\u00d3N RECIBI\u00d3 A REFERENTES DE DIVERSOS SECTORES"}]},{"@type":"WebSite","@id":"https:\/\/hcd.malargue.gov.ar\/#website","url":"https:\/\/hcd.malargue.gov.ar\/","name":"Malarg\u00fce HCD","description":"Malarg\u00fce Mendoza Argentina","potentialAction":[{"@type":"SearchAction","target":{"@type":"EntryPoint","urlTemplate":"https:\/\/hcd.malargue.gov.ar\/?s={search_term_string}"},"query-input":"required name=search_term_string"}],"inLanguage":"es-AR"},{"@type":"Person","@id":"https:\/\/hcd.malargue.gov.ar\/#\/schema\/person\/3fd6bbab64edd703961b795156c955d0","name":"Belen Pedernera Ferragut","image":{"@type":"ImageObject","inLanguage":"es-AR","@id":"https:\/\/hcd.malargue.gov.ar\/#\/schema\/person\/image\/","url":"https:\/\/secure.gravatar.com\/avatar\/1054ffab3893de4bb3eb29bdd22f7e34b8537bf5d34d9dab311818154ad5b71f?s=96&d=mm&r=g","contentUrl":"https:\/\/secure.gravatar.com\/avatar\/1054ffab3893de4bb3eb29bdd22f7e34b8537bf5d34d9dab311818154ad5b71f?s=96&d=mm&r=g","caption":"Belen Pedernera Ferragut"},"url":"https:\/\/hcd.malargue.gov.ar\/?author=5"}]}},"_links":{"self":[{"href":"https:\/\/hcd.malargue.gov.ar\/index.php?rest_route=\/wp\/v2\/posts\/33967","targetHints":{"allow":["GET"]}}],"collection":[{"href":"https:\/\/hcd.malargue.gov.ar\/index.php?rest_route=\/wp\/v2\/posts"}],"about":[{"href":"https:\/\/hcd.malargue.gov.ar\/index.php?rest_route=\/wp\/v2\/types\/post"}],"author":[{"embeddable":true,"href":"https:\/\/hcd.malargue.gov.ar\/index.php?rest_route=\/wp\/v2\/users\/5"}],"replies":[{"embeddable":true,"href":"https:\/\/hcd.malargue.gov.ar\/index.php?rest_route=%2Fwp%2Fv2%2Fcomments&post=33967"}],"version-history":[{"count":2,"href":"https:\/\/hcd.malargue.gov.ar\/index.php?rest_route=\/wp\/v2\/posts\/33967\/revisions"}],"predecessor-version":[{"id":33971,"href":"https:\/\/hcd.malargue.gov.ar\/index.php?rest_route=\/wp\/v2\/posts\/33967\/revisions\/33971"}],"wp:featuredmedia":[{"embeddable":true,"href":"https:\/\/hcd.malargue.gov.ar\/index.php?rest_route=\/wp\/v2\/media\/33968"}],"wp:attachment":[{"href":"https:\/\/hcd.malargue.gov.ar\/index.php?rest_route=%2Fwp%2Fv2%2Fmedia&parent=33967"}],"wp:term":[{"taxonomy":"category","embeddable":true,"href":"https:\/\/hcd.malargue.gov.ar\/index.php?rest_route=%2Fwp%2Fv2%2Fcategories&post=33967"},{"taxonomy":"post_tag","embeddable":true,"href":"https:\/\/hcd.malargue.gov.ar\/index.php?rest_route=%2Fwp%2Fv2%2Ftags&post=33967"}],"curies":[{"name":"wp","href":"https:\/\/api.w.org\/{rel}","templated":true}]}}