{"id":34028,"date":"2023-05-24T11:52:14","date_gmt":"2023-05-24T14:52:14","guid":{"rendered":"https:\/\/hcd.malargue.gov.ar\/?p=34028"},"modified":"2023-05-24T11:56:24","modified_gmt":"2023-05-24T14:56:24","slug":"ordenanza-no-2-232-2-023","status":"publish","type":"post","link":"https:\/\/hcd.malargue.gov.ar\/?p=34028","title":{"rendered":"ORDENANZA N\u00b0 2. 232\/2.023"},"content":{"rendered":"<div class=\"wp-block-image\">\n<figure class=\"alignright size-full is-resized\"><a href=\"http:\/\/hcd.malargue.gov.ar\/hcdpdf\/on%202232%202023%20plaza%20virgen%20de%20los%20vientos.pdf\"><img loading=\"lazy\" decoding=\"async\" src=\"https:\/\/hcd.malargue.gov.ar\/wp-content\/uploads\/2018\/06\/PDF-JPG.jpg\" alt=\"\" class=\"wp-image-7950\" width=\"112\" height=\"112\" srcset=\"https:\/\/hcd.malargue.gov.ar\/wp-content\/uploads\/2018\/06\/PDF-JPG.jpg 512w, https:\/\/hcd.malargue.gov.ar\/wp-content\/uploads\/2018\/06\/PDF-JPG-150x150.jpg 150w, https:\/\/hcd.malargue.gov.ar\/wp-content\/uploads\/2018\/06\/PDF-JPG-300x300.jpg 300w\" sizes=\"auto, (max-width: 112px) 100vw, 112px\" \/><\/a><\/figure>\n<\/div>\n\n\n<p><strong>AUTORA: CONCEJALA PAOLA ROJO<\/strong><\/p>\n\n\n\n<p><strong>BLOQUE: FRENTE CAMBIA MENDOZA<\/strong> <\/p>\n\n\n\n<p>VISTO: El contenido del Expediente N\u00ba 5268-HC 054-2.023 Bloque Frente Cambia Mendoza Proyecto de Ordenanza. Otorgar terreno para la construcci\u00f3n de Plaza en el Barrio Virgen de los Vientos.<\/p>\n\n\n\n<p>Que es nuestro deber como Funcionarios P\u00fablicos desarrollar estrategias que cooperen con la creaci\u00f3n de espacios p\u00fablicos, que mejoren la calidad de vida de los ciudadanos a trav\u00e9s del esparcimiento y el disfrute en los mismos.<\/p>\n\n\n\n<p>y;<\/p>\n\n\n\n<p>CONSIDERANDO: Que resulta esencial que en las ciudades exista una adecuada planeaci\u00f3n y debido control de las plazas y espacios verdes, ya que son un centro de convivencia, donde tienen lugar los encuentros\/actividades de la vida cotidiana. Siendo tambi\u00e9n, el escenario de la vida p\u00fablica y un refuerzo del tejido urbano.<\/p>\n\n\n\n<p>Que estos espacios p\u00fablicos equipan a las ciudades, congregan a la gente y promueven sus procesos de socializaci\u00f3n y el establecimiento de un sentido de identidad colectiva.<\/p>\n\n\n\n<p>Que el Barrio Virgen de los Vientos est\u00e1 ubicado en el punto norte de ingreso al Departamento por Ruta Nacional 40, a cuatro kil\u00f3metros de la Ciudad.<\/p>\n\n\n\n<p>Que en el habitan alrededor de 230 familias, con un crecimiento habitacional significativo y por ende el requerimiento de una plaza para que satisfaga las necesidades de ocio cotidiano de las mismas.<\/p>\n\n\n\n<p>Que actualmente, vecinos del barrio no cuentan con estos lugares de encuentro e integraci\u00f3n, los cuales generan un valor simb\u00f3lico de identidad y pertenencia. Siendo de gran necesidad que exista un sitio de esparcimiento para las familias del lugar.<\/p>\n\n\n\n<p>Que se entiende la importancia de la creaci\u00f3n de una plaza en el mencionado Barrio del Departamento, generando as\u00ed un nuevo centro urbano capaz de unir a las comunidades.<\/p>\n\n\n\n<p>Que estas deber\u00e1n incluir \u00e1reas verdes que permitan el desarrollo de diferentes ambientes, con juegos, que sugieran la fluidez del espacio p\u00fablico, pero que al mismo tiempo inviten a la permanencia en este espacio.<\/p>\n\n\n\n<p>Que se propone la instalaci\u00f3n de bancos, bebederos, cestos de basura y equipamientos urbanos que garanticen el f\u00e1cil mantenimiento del espacio y la calidad de vida de los habitantes de la zona.<\/p>\n\n\n\n<p>Que ser\u00edan parte de la estructuraci\u00f3n de la ciudad como ordenadores de la trama, cualificando el tejido, favoreciendo el crecimiento y vinculando espacios.<\/p>\n\n\n\n<p>Que aplicando pol\u00edticas de acci\u00f3n, ser\u00e1 un potencial social y cultural significativo, el cual se desplegar\u00e1 dentro de un marco de actividades de ocio y recreaci\u00f3n, en un entorno natural y necesario que contribuye a la mejora de la salud mental y f\u00edsica.<\/p>\n\n\n\n<p>Que adem\u00e1s, en el a\u00f1o 2.020 se aprob\u00f3 &nbsp;la Ordenanza N\u00b0 2.039\/2.020, la cual impulsa la veta emprendedora de vecinos del B\u00b0 Virgen de Los Vientos, con el prop\u00f3sito de estimular su econom\u00eda y desarrollo social. D\u00e1ndole importancia a la ubicaci\u00f3n del mismo, ya que el acceso al Parque Municipal Cret\u00e1cico \u201cHuellas de Dinosaurios\u201d, se localiza en el barrio mencionado.<\/p>\n\n\n\n<p>Que all\u00ed, radican artesanos que desarrollan productos propios de nuestra cultura y gastronom\u00eda local, entre otros. Quienes tendr\u00e1n la posibilidad de brindar productos y servicios regionales, los cuales podr\u00edan hacer uso de espacios verdes como las plazas para la venta de los mismos.<\/p>\n\n\n\n<p>Que la Resoluci\u00f3n N\u00b0 166\/2.022, donde se solicita al Ministerio de Salud de la Provincia de Mendoza la construcci\u00f3n de un Centro de Salud, o Sala de Primeros Auxilios en el barrio, es otra normativa que impulsa el desarrollo de uno de los barrios m\u00e1s alejados del Departamento.<\/p>\n\n\n\n<p>Que la misma hace referencia a la crisis social que viene atravesando el Barrio en los \u00faltimos a\u00f1os, siendo los servicios b\u00e1sicos de salud y la creaci\u00f3n espacios p\u00fablicos de recreaci\u00f3n y esparcimiento, los que resultar\u00edan adecuados para satisfacer las necesidades b\u00e1sicas de la poblaci\u00f3n.<\/p>\n\n\n\n<p>EL HONORABLE CONCEJO DELIBERANTE DE LA MUNICIPALIDAD DE MALARG\u00dcE&nbsp; EN USO DE LAS FACULTADES QUE LE SON PROPIAS<\/p>\n\n\n\n<p>ORDENA<\/p>\n\n\n\n<p>ART\u00cdCULO 1\u00ba: Ot\u00f3rguese un terreno para la construcci\u00f3n de una Plaza en el Barrio Virgen de los Vientos.<\/p>\n\n\n\n<p>ART\u00cdCULO 2\u00ba: Fac\u00faltese al Departamento Ejecutivo Municipal, a trav\u00e9s del \u00c1rea que corresponda a dise\u00f1ar e instrumentar la puesta en funcionamiento de la plaza mencionada en el Art\u00edculo 1\u00b0.<\/p>\n\n\n\n<p>ART\u00cdCULO 3\u00ba: Imp\u00fatese los gastos que demande la presente a las Partidas Presupuestarias para el a\u00f1o correspondiente.<\/p>\n\n\n\n<p><a>ART\u00cdCULO 4\u00ba<\/a>: Comun\u00edquese, reg\u00edstrese, c\u00famplase, publ\u00edquese, agr\u00e9guese copia de la presente en&nbsp; las&nbsp; actuaciones&nbsp; correspondientes&nbsp; y&nbsp; arch\u00edvese.<\/p>\n\n\n\n<p>DADA EN LA SALA DE SESIONES DR.&nbsp; RICARDO BALBIN DEL HONORABLE CONCEJO DELIBERANTE DE LA MUNICIPALIDAD&nbsp; DE&nbsp; MALARG\u00dcE&nbsp; A&nbsp; DIECIOCHO D\u00cdAS&nbsp; DE&nbsp;&nbsp; MAYO&nbsp; DE&nbsp; DOS&nbsp; MIL&nbsp; VEINTITRES.<\/p>\n","protected":false},"excerpt":{"rendered":"<p>AUTORA: CONCEJALA PAOLA ROJO BLOQUE: FRENTE CAMBIA MENDOZA VISTO: El contenido del Expediente N\u00ba 5268-HC 054-2.023 Bloque Frente Cambia Mendoza Proyecto de Ordenanza. Otorgar terreno para la construcci\u00f3n de Plaza en el Barrio Virgen de los Vientos. Que es nuestro deber como Funcionarios P\u00fablicos desarrollar estrategias que cooperen con la creaci\u00f3n de espacios p\u00fablicos, que [&hellip;]<\/p>\n","protected":false},"author":5,"featured_media":34029,"comment_status":"closed","ping_status":"closed","sticky":false,"template":"","format":"standard","meta":{"footnotes":""},"categories":[52,29,48,33],"tags":[],"class_list":["post-34028","post","type-post","status-publish","format-standard","has-post-thumbnail","hentry","category-gacetillas","category-lesgilacion","category-ordenanzas-municipales","category-prensa"],"yoast_head":"<!-- This site is optimized with the Yoast SEO plugin v19.10 - https:\/\/yoast.com\/wordpress\/plugins\/seo\/ -->\n<title>ORDENANZA N\u00b0 2. 232\/2.023 - Malarg\u00fce HCD<\/title>\n<meta name=\"robots\" content=\"index, follow, max-snippet:-1, max-image-preview:large, max-video-preview:-1\" \/>\n<link rel=\"canonical\" href=\"https:\/\/hcd.malargue.gov.ar\/?p=34028\" \/>\n<meta property=\"og:locale\" content=\"es_ES\" \/>\n<meta property=\"og:type\" content=\"article\" \/>\n<meta property=\"og:title\" content=\"ORDENANZA N\u00b0 2. 232\/2.023 - Malarg\u00fce HCD\" \/>\n<meta property=\"og:description\" content=\"AUTORA: CONCEJALA PAOLA ROJO BLOQUE: FRENTE CAMBIA MENDOZA VISTO: El contenido del Expediente N\u00ba 5268-HC 054-2.023 Bloque Frente Cambia Mendoza Proyecto de Ordenanza. Otorgar terreno para la construcci\u00f3n de Plaza en el Barrio Virgen de los Vientos. Que es nuestro deber como Funcionarios P\u00fablicos desarrollar estrategias que cooperen con la creaci\u00f3n de espacios p\u00fablicos, que [&hellip;]\" \/>\n<meta property=\"og:url\" content=\"https:\/\/hcd.malargue.gov.ar\/?p=34028\" \/>\n<meta property=\"og:site_name\" content=\"Malarg\u00fce HCD\" \/>\n<meta property=\"article:published_time\" content=\"2023-05-24T14:52:14+00:00\" \/>\n<meta property=\"article:modified_time\" content=\"2023-05-24T14:56:24+00:00\" \/>\n<meta property=\"og:image\" content=\"https:\/\/hcd.malargue.gov.ar\/wp-content\/uploads\/2023\/05\/ORDENANZA-2232-2023.jpg\" \/>\n\t<meta property=\"og:image:width\" content=\"940\" \/>\n\t<meta property=\"og:image:height\" content=\"788\" \/>\n\t<meta property=\"og:image:type\" content=\"image\/jpeg\" \/>\n<meta name=\"author\" content=\"Belen Pedernera Ferragut\" \/>\n<meta name=\"twitter:card\" content=\"summary_large_image\" \/>\n<meta name=\"twitter:label1\" content=\"Escrito por\" \/>\n\t<meta name=\"twitter:data1\" content=\"Belen Pedernera Ferragut\" \/>\n\t<meta name=\"twitter:label2\" content=\"Tiempo de lectura\" \/>\n\t<meta name=\"twitter:data2\" content=\"4 minutos\" \/>\n<script type=\"application\/ld+json\" class=\"yoast-schema-graph\">{\"@context\":\"https:\/\/schema.org\",\"@graph\":[{\"@type\":\"WebPage\",\"@id\":\"https:\/\/hcd.malargue.gov.ar\/?p=34028\",\"url\":\"https:\/\/hcd.malargue.gov.ar\/?p=34028\",\"name\":\"ORDENANZA N\u00b0 2. 232\/2.023 - Malarg\u00fce HCD\",\"isPartOf\":{\"@id\":\"https:\/\/hcd.malargue.gov.ar\/#website\"},\"datePublished\":\"2023-05-24T14:52:14+00:00\",\"dateModified\":\"2023-05-24T14:56:24+00:00\",\"author\":{\"@id\":\"https:\/\/hcd.malargue.gov.ar\/#\/schema\/person\/3fd6bbab64edd703961b795156c955d0\"},\"breadcrumb\":{\"@id\":\"https:\/\/hcd.malargue.gov.ar\/?p=34028#breadcrumb\"},\"inLanguage\":\"es-AR\",\"potentialAction\":[{\"@type\":\"ReadAction\",\"target\":[\"https:\/\/hcd.malargue.gov.ar\/?p=34028\"]}]},{\"@type\":\"BreadcrumbList\",\"@id\":\"https:\/\/hcd.malargue.gov.ar\/?p=34028#breadcrumb\",\"itemListElement\":[{\"@type\":\"ListItem\",\"position\":1,\"name\":\"Inicio\",\"item\":\"https:\/\/hcd.malargue.gov.ar\/\"},{\"@type\":\"ListItem\",\"position\":2,\"name\":\"ORDENANZA N\u00b0 2. 232\/2.023\"}]},{\"@type\":\"WebSite\",\"@id\":\"https:\/\/hcd.malargue.gov.ar\/#website\",\"url\":\"https:\/\/hcd.malargue.gov.ar\/\",\"name\":\"Malarg\u00fce HCD\",\"description\":\"Malarg\u00fce Mendoza Argentina\",\"potentialAction\":[{\"@type\":\"SearchAction\",\"target\":{\"@type\":\"EntryPoint\",\"urlTemplate\":\"https:\/\/hcd.malargue.gov.ar\/?s={search_term_string}\"},\"query-input\":\"required name=search_term_string\"}],\"inLanguage\":\"es-AR\"},{\"@type\":\"Person\",\"@id\":\"https:\/\/hcd.malargue.gov.ar\/#\/schema\/person\/3fd6bbab64edd703961b795156c955d0\",\"name\":\"Belen Pedernera Ferragut\",\"image\":{\"@type\":\"ImageObject\",\"inLanguage\":\"es-AR\",\"@id\":\"https:\/\/hcd.malargue.gov.ar\/#\/schema\/person\/image\/\",\"url\":\"https:\/\/secure.gravatar.com\/avatar\/1054ffab3893de4bb3eb29bdd22f7e34b8537bf5d34d9dab311818154ad5b71f?s=96&d=mm&r=g\",\"contentUrl\":\"https:\/\/secure.gravatar.com\/avatar\/1054ffab3893de4bb3eb29bdd22f7e34b8537bf5d34d9dab311818154ad5b71f?s=96&d=mm&r=g\",\"caption\":\"Belen Pedernera Ferragut\"},\"url\":\"https:\/\/hcd.malargue.gov.ar\/?author=5\"}]}<\/script>\n<!-- \/ Yoast SEO plugin. -->","yoast_head_json":{"title":"ORDENANZA N\u00b0 2. 232\/2.023 - Malarg\u00fce HCD","robots":{"index":"index","follow":"follow","max-snippet":"max-snippet:-1","max-image-preview":"max-image-preview:large","max-video-preview":"max-video-preview:-1"},"canonical":"https:\/\/hcd.malargue.gov.ar\/?p=34028","og_locale":"es_ES","og_type":"article","og_title":"ORDENANZA N\u00b0 2. 232\/2.023 - Malarg\u00fce HCD","og_description":"AUTORA: CONCEJALA PAOLA ROJO BLOQUE: FRENTE CAMBIA MENDOZA VISTO: El contenido del Expediente N\u00ba 5268-HC 054-2.023 Bloque Frente Cambia Mendoza Proyecto de Ordenanza. Otorgar terreno para la construcci\u00f3n de Plaza en el Barrio Virgen de los Vientos. Que es nuestro deber como Funcionarios P\u00fablicos desarrollar estrategias que cooperen con la creaci\u00f3n de espacios p\u00fablicos, que [&hellip;]","og_url":"https:\/\/hcd.malargue.gov.ar\/?p=34028","og_site_name":"Malarg\u00fce HCD","article_published_time":"2023-05-24T14:52:14+00:00","article_modified_time":"2023-05-24T14:56:24+00:00","og_image":[{"width":940,"height":788,"url":"https:\/\/hcd.malargue.gov.ar\/wp-content\/uploads\/2023\/05\/ORDENANZA-2232-2023.jpg","type":"image\/jpeg"}],"author":"Belen Pedernera Ferragut","twitter_card":"summary_large_image","twitter_misc":{"Escrito por":"Belen Pedernera Ferragut","Tiempo de lectura":"4 minutos"},"schema":{"@context":"https:\/\/schema.org","@graph":[{"@type":"WebPage","@id":"https:\/\/hcd.malargue.gov.ar\/?p=34028","url":"https:\/\/hcd.malargue.gov.ar\/?p=34028","name":"ORDENANZA N\u00b0 2. 232\/2.023 - Malarg\u00fce HCD","isPartOf":{"@id":"https:\/\/hcd.malargue.gov.ar\/#website"},"datePublished":"2023-05-24T14:52:14+00:00","dateModified":"2023-05-24T14:56:24+00:00","author":{"@id":"https:\/\/hcd.malargue.gov.ar\/#\/schema\/person\/3fd6bbab64edd703961b795156c955d0"},"breadcrumb":{"@id":"https:\/\/hcd.malargue.gov.ar\/?p=34028#breadcrumb"},"inLanguage":"es-AR","potentialAction":[{"@type":"ReadAction","target":["https:\/\/hcd.malargue.gov.ar\/?p=34028"]}]},{"@type":"BreadcrumbList","@id":"https:\/\/hcd.malargue.gov.ar\/?p=34028#breadcrumb","itemListElement":[{"@type":"ListItem","position":1,"name":"Inicio","item":"https:\/\/hcd.malargue.gov.ar\/"},{"@type":"ListItem","position":2,"name":"ORDENANZA N\u00b0 2. 232\/2.023"}]},{"@type":"WebSite","@id":"https:\/\/hcd.malargue.gov.ar\/#website","url":"https:\/\/hcd.malargue.gov.ar\/","name":"Malarg\u00fce HCD","description":"Malarg\u00fce Mendoza Argentina","potentialAction":[{"@type":"SearchAction","target":{"@type":"EntryPoint","urlTemplate":"https:\/\/hcd.malargue.gov.ar\/?s={search_term_string}"},"query-input":"required name=search_term_string"}],"inLanguage":"es-AR"},{"@type":"Person","@id":"https:\/\/hcd.malargue.gov.ar\/#\/schema\/person\/3fd6bbab64edd703961b795156c955d0","name":"Belen Pedernera Ferragut","image":{"@type":"ImageObject","inLanguage":"es-AR","@id":"https:\/\/hcd.malargue.gov.ar\/#\/schema\/person\/image\/","url":"https:\/\/secure.gravatar.com\/avatar\/1054ffab3893de4bb3eb29bdd22f7e34b8537bf5d34d9dab311818154ad5b71f?s=96&d=mm&r=g","contentUrl":"https:\/\/secure.gravatar.com\/avatar\/1054ffab3893de4bb3eb29bdd22f7e34b8537bf5d34d9dab311818154ad5b71f?s=96&d=mm&r=g","caption":"Belen Pedernera Ferragut"},"url":"https:\/\/hcd.malargue.gov.ar\/?author=5"}]}},"_links":{"self":[{"href":"https:\/\/hcd.malargue.gov.ar\/index.php?rest_route=\/wp\/v2\/posts\/34028","targetHints":{"allow":["GET"]}}],"collection":[{"href":"https:\/\/hcd.malargue.gov.ar\/index.php?rest_route=\/wp\/v2\/posts"}],"about":[{"href":"https:\/\/hcd.malargue.gov.ar\/index.php?rest_route=\/wp\/v2\/types\/post"}],"author":[{"embeddable":true,"href":"https:\/\/hcd.malargue.gov.ar\/index.php?rest_route=\/wp\/v2\/users\/5"}],"replies":[{"embeddable":true,"href":"https:\/\/hcd.malargue.gov.ar\/index.php?rest_route=%2Fwp%2Fv2%2Fcomments&post=34028"}],"version-history":[{"count":2,"href":"https:\/\/hcd.malargue.gov.ar\/index.php?rest_route=\/wp\/v2\/posts\/34028\/revisions"}],"predecessor-version":[{"id":34032,"href":"https:\/\/hcd.malargue.gov.ar\/index.php?rest_route=\/wp\/v2\/posts\/34028\/revisions\/34032"}],"wp:featuredmedia":[{"embeddable":true,"href":"https:\/\/hcd.malargue.gov.ar\/index.php?rest_route=\/wp\/v2\/media\/34029"}],"wp:attachment":[{"href":"https:\/\/hcd.malargue.gov.ar\/index.php?rest_route=%2Fwp%2Fv2%2Fmedia&parent=34028"}],"wp:term":[{"taxonomy":"category","embeddable":true,"href":"https:\/\/hcd.malargue.gov.ar\/index.php?rest_route=%2Fwp%2Fv2%2Fcategories&post=34028"},{"taxonomy":"post_tag","embeddable":true,"href":"https:\/\/hcd.malargue.gov.ar\/index.php?rest_route=%2Fwp%2Fv2%2Ftags&post=34028"}],"curies":[{"name":"wp","href":"https:\/\/api.w.org\/{rel}","templated":true}]}}