{"id":34037,"date":"2023-05-29T11:31:45","date_gmt":"2023-05-29T14:31:45","guid":{"rendered":"https:\/\/hcd.malargue.gov.ar\/?p=34037"},"modified":"2023-05-29T11:31:49","modified_gmt":"2023-05-29T14:31:49","slug":"la-comision-de-educacion-recibio-a-referentes-en-discapacidad","status":"publish","type":"post","link":"https:\/\/hcd.malargue.gov.ar\/?p=34037","title":{"rendered":"LA COMISI\u00d3N DE EDUCACI\u00d3N RECIBI\u00d3 A REFERENTES EN DISCAPACIDAD"},"content":{"rendered":"\n<p><em>Por la ma\u00f1ana del lunes 29 de mayo a las 9:00hrs, se reuni\u00f3 la Comisi\u00f3n de Educaci\u00f3n, Higiene, Moralidad, Acci\u00f3n Social y Cultura, con la presencia de las Concejalas Paola Rojo, Silvia Correa, Viviana Mosca y los Concejales Gabriel Rosas y Francisco Parada junto a la Secretaria de Comisiones Rosana Scheurer. Ausentes con nota Concejales Camiolo e Hidalgo.<\/em><\/p>\n\n\n<div class=\"wp-block-image\">\n<figure class=\"alignright size-large is-resized\"><img loading=\"lazy\" decoding=\"async\" src=\"https:\/\/hcd.malargue.gov.ar\/wp-content\/uploads\/2023\/05\/349927246_780518703623243_5868378210206923668_n-1024x593.jpg\" alt=\"\" class=\"wp-image-34039\" width=\"348\" height=\"201\" srcset=\"https:\/\/hcd.malargue.gov.ar\/wp-content\/uploads\/2023\/05\/349927246_780518703623243_5868378210206923668_n-1024x593.jpg 1024w, https:\/\/hcd.malargue.gov.ar\/wp-content\/uploads\/2023\/05\/349927246_780518703623243_5868378210206923668_n-300x174.jpg 300w, https:\/\/hcd.malargue.gov.ar\/wp-content\/uploads\/2023\/05\/349927246_780518703623243_5868378210206923668_n-768x445.jpg 768w, https:\/\/hcd.malargue.gov.ar\/wp-content\/uploads\/2023\/05\/349927246_780518703623243_5868378210206923668_n-1536x890.jpg 1536w, https:\/\/hcd.malargue.gov.ar\/wp-content\/uploads\/2023\/05\/349927246_780518703623243_5868378210206923668_n.jpg 1764w\" sizes=\"auto, (max-width: 348px) 100vw, 348px\" \/><\/figure>\n<\/div>\n\n\n<p><em>Los mismos recibieron a la Coordinadora de Discapacidad Sra Elida Chiliguay y al Lic en Psicologia Nicolas Ramos para dar tratamiento al Expte. N\u00b05.265-HC 054-2.023 Proyecto de Ordenanza: Crear el Programa de Accesibilidad Cognitiva a fin de promover autonom\u00eda en el desarrollo de personas con Trastornos del Espectro Autista, analfabetas o con discapacidad intelectual..<\/em> (<a href=\"https:\/\/www.facebook.com\/hcdmalargue\/videos\/528441582837670\">https:\/\/www.facebook.com\/hcdmalargue\/videos\/528441582837670<\/a>)<\/p>\n\n\n\n<p><a href=\"https:\/\/www.facebook.com\/photo?fbid=566307509008475&amp;set=pcb.566307692341790\">GALERIA DE FOTOS<\/a><\/p>\n","protected":false},"excerpt":{"rendered":"<p>Por la ma\u00f1ana del lunes 29 de mayo a las 9:00hrs, se reuni\u00f3 la Comisi\u00f3n de Educaci\u00f3n, Higiene, Moralidad, Acci\u00f3n Social y Cultura, con la presencia de las Concejalas Paola Rojo, Silvia Correa, Viviana Mosca y los Concejales Gabriel Rosas y Francisco Parada junto a la Secretaria de Comisiones Rosana Scheurer. Ausentes con nota Concejales [&hellip;]<\/p>\n","protected":false},"author":5,"featured_media":34038,"comment_status":"closed","ping_status":"closed","sticky":false,"template":"","format":"standard","meta":{"footnotes":""},"categories":[61,39,52,33],"tags":[],"class_list":["post-34037","post","type-post","status-publish","format-standard","has-post-thumbnail","hentry","category-comision-de-educacion-higiene-moralidad-accion-social-y-cultura","category-comisiones","category-gacetillas","category-prensa"],"yoast_head":"<!-- This site is optimized with the Yoast SEO plugin v19.10 - https:\/\/yoast.com\/wordpress\/plugins\/seo\/ -->\n<title>LA COMISI\u00d3N DE EDUCACI\u00d3N RECIBI\u00d3 A REFERENTES EN DISCAPACIDAD - Malarg\u00fce HCD<\/title>\n<meta name=\"robots\" content=\"index, follow, max-snippet:-1, max-image-preview:large, max-video-preview:-1\" \/>\n<link rel=\"canonical\" href=\"https:\/\/hcd.malargue.gov.ar\/?p=34037\" \/>\n<meta property=\"og:locale\" content=\"es_ES\" \/>\n<meta property=\"og:type\" content=\"article\" \/>\n<meta property=\"og:title\" content=\"LA COMISI\u00d3N DE EDUCACI\u00d3N RECIBI\u00d3 A REFERENTES EN DISCAPACIDAD - Malarg\u00fce HCD\" \/>\n<meta property=\"og:description\" content=\"Por la ma\u00f1ana del lunes 29 de mayo a las 9:00hrs, se reuni\u00f3 la Comisi\u00f3n de Educaci\u00f3n, Higiene, Moralidad, Acci\u00f3n Social y Cultura, con la presencia de las Concejalas Paola Rojo, Silvia Correa, Viviana Mosca y los Concejales Gabriel Rosas y Francisco Parada junto a la Secretaria de Comisiones Rosana Scheurer. Ausentes con nota Concejales [&hellip;]\" \/>\n<meta property=\"og:url\" content=\"https:\/\/hcd.malargue.gov.ar\/?p=34037\" \/>\n<meta property=\"og:site_name\" content=\"Malarg\u00fce HCD\" \/>\n<meta property=\"article:published_time\" content=\"2023-05-29T14:31:45+00:00\" \/>\n<meta property=\"article:modified_time\" content=\"2023-05-29T14:31:49+00:00\" \/>\n<meta property=\"og:image\" content=\"https:\/\/hcd.malargue.gov.ar\/wp-content\/uploads\/2023\/05\/349865105_275720534903180_5418483739988107909_n.jpg\" \/>\n\t<meta property=\"og:image:width\" content=\"2048\" \/>\n\t<meta property=\"og:image:height\" content=\"1153\" \/>\n\t<meta property=\"og:image:type\" content=\"image\/jpeg\" \/>\n<meta name=\"author\" content=\"Belen Pedernera Ferragut\" \/>\n<meta name=\"twitter:card\" content=\"summary_large_image\" \/>\n<meta name=\"twitter:label1\" content=\"Escrito por\" \/>\n\t<meta name=\"twitter:data1\" content=\"Belen Pedernera Ferragut\" \/>\n\t<meta name=\"twitter:label2\" content=\"Tiempo de lectura\" \/>\n\t<meta name=\"twitter:data2\" content=\"1 minuto\" \/>\n<script type=\"application\/ld+json\" class=\"yoast-schema-graph\">{\"@context\":\"https:\/\/schema.org\",\"@graph\":[{\"@type\":\"WebPage\",\"@id\":\"https:\/\/hcd.malargue.gov.ar\/?p=34037\",\"url\":\"https:\/\/hcd.malargue.gov.ar\/?p=34037\",\"name\":\"LA COMISI\u00d3N DE EDUCACI\u00d3N RECIBI\u00d3 A REFERENTES EN DISCAPACIDAD - Malarg\u00fce HCD\",\"isPartOf\":{\"@id\":\"https:\/\/hcd.malargue.gov.ar\/#website\"},\"datePublished\":\"2023-05-29T14:31:45+00:00\",\"dateModified\":\"2023-05-29T14:31:49+00:00\",\"author\":{\"@id\":\"https:\/\/hcd.malargue.gov.ar\/#\/schema\/person\/3fd6bbab64edd703961b795156c955d0\"},\"breadcrumb\":{\"@id\":\"https:\/\/hcd.malargue.gov.ar\/?p=34037#breadcrumb\"},\"inLanguage\":\"es-AR\",\"potentialAction\":[{\"@type\":\"ReadAction\",\"target\":[\"https:\/\/hcd.malargue.gov.ar\/?p=34037\"]}]},{\"@type\":\"BreadcrumbList\",\"@id\":\"https:\/\/hcd.malargue.gov.ar\/?p=34037#breadcrumb\",\"itemListElement\":[{\"@type\":\"ListItem\",\"position\":1,\"name\":\"Inicio\",\"item\":\"https:\/\/hcd.malargue.gov.ar\/\"},{\"@type\":\"ListItem\",\"position\":2,\"name\":\"LA COMISI\u00d3N DE EDUCACI\u00d3N RECIBI\u00d3 A REFERENTES EN DISCAPACIDAD\"}]},{\"@type\":\"WebSite\",\"@id\":\"https:\/\/hcd.malargue.gov.ar\/#website\",\"url\":\"https:\/\/hcd.malargue.gov.ar\/\",\"name\":\"Malarg\u00fce HCD\",\"description\":\"Malarg\u00fce Mendoza Argentina\",\"potentialAction\":[{\"@type\":\"SearchAction\",\"target\":{\"@type\":\"EntryPoint\",\"urlTemplate\":\"https:\/\/hcd.malargue.gov.ar\/?s={search_term_string}\"},\"query-input\":\"required name=search_term_string\"}],\"inLanguage\":\"es-AR\"},{\"@type\":\"Person\",\"@id\":\"https:\/\/hcd.malargue.gov.ar\/#\/schema\/person\/3fd6bbab64edd703961b795156c955d0\",\"name\":\"Belen Pedernera Ferragut\",\"image\":{\"@type\":\"ImageObject\",\"inLanguage\":\"es-AR\",\"@id\":\"https:\/\/hcd.malargue.gov.ar\/#\/schema\/person\/image\/\",\"url\":\"https:\/\/secure.gravatar.com\/avatar\/1054ffab3893de4bb3eb29bdd22f7e34b8537bf5d34d9dab311818154ad5b71f?s=96&d=mm&r=g\",\"contentUrl\":\"https:\/\/secure.gravatar.com\/avatar\/1054ffab3893de4bb3eb29bdd22f7e34b8537bf5d34d9dab311818154ad5b71f?s=96&d=mm&r=g\",\"caption\":\"Belen Pedernera Ferragut\"},\"url\":\"https:\/\/hcd.malargue.gov.ar\/?author=5\"}]}<\/script>\n<!-- \/ Yoast SEO plugin. -->","yoast_head_json":{"title":"LA COMISI\u00d3N DE EDUCACI\u00d3N RECIBI\u00d3 A REFERENTES EN DISCAPACIDAD - Malarg\u00fce HCD","robots":{"index":"index","follow":"follow","max-snippet":"max-snippet:-1","max-image-preview":"max-image-preview:large","max-video-preview":"max-video-preview:-1"},"canonical":"https:\/\/hcd.malargue.gov.ar\/?p=34037","og_locale":"es_ES","og_type":"article","og_title":"LA COMISI\u00d3N DE EDUCACI\u00d3N RECIBI\u00d3 A REFERENTES EN DISCAPACIDAD - Malarg\u00fce HCD","og_description":"Por la ma\u00f1ana del lunes 29 de mayo a las 9:00hrs, se reuni\u00f3 la Comisi\u00f3n de Educaci\u00f3n, Higiene, Moralidad, Acci\u00f3n Social y Cultura, con la presencia de las Concejalas Paola Rojo, Silvia Correa, Viviana Mosca y los Concejales Gabriel Rosas y Francisco Parada junto a la Secretaria de Comisiones Rosana Scheurer. Ausentes con nota Concejales [&hellip;]","og_url":"https:\/\/hcd.malargue.gov.ar\/?p=34037","og_site_name":"Malarg\u00fce HCD","article_published_time":"2023-05-29T14:31:45+00:00","article_modified_time":"2023-05-29T14:31:49+00:00","og_image":[{"width":2048,"height":1153,"url":"https:\/\/hcd.malargue.gov.ar\/wp-content\/uploads\/2023\/05\/349865105_275720534903180_5418483739988107909_n.jpg","type":"image\/jpeg"}],"author":"Belen Pedernera Ferragut","twitter_card":"summary_large_image","twitter_misc":{"Escrito por":"Belen Pedernera Ferragut","Tiempo de lectura":"1 minuto"},"schema":{"@context":"https:\/\/schema.org","@graph":[{"@type":"WebPage","@id":"https:\/\/hcd.malargue.gov.ar\/?p=34037","url":"https:\/\/hcd.malargue.gov.ar\/?p=34037","name":"LA COMISI\u00d3N DE EDUCACI\u00d3N RECIBI\u00d3 A REFERENTES EN DISCAPACIDAD - Malarg\u00fce HCD","isPartOf":{"@id":"https:\/\/hcd.malargue.gov.ar\/#website"},"datePublished":"2023-05-29T14:31:45+00:00","dateModified":"2023-05-29T14:31:49+00:00","author":{"@id":"https:\/\/hcd.malargue.gov.ar\/#\/schema\/person\/3fd6bbab64edd703961b795156c955d0"},"breadcrumb":{"@id":"https:\/\/hcd.malargue.gov.ar\/?p=34037#breadcrumb"},"inLanguage":"es-AR","potentialAction":[{"@type":"ReadAction","target":["https:\/\/hcd.malargue.gov.ar\/?p=34037"]}]},{"@type":"BreadcrumbList","@id":"https:\/\/hcd.malargue.gov.ar\/?p=34037#breadcrumb","itemListElement":[{"@type":"ListItem","position":1,"name":"Inicio","item":"https:\/\/hcd.malargue.gov.ar\/"},{"@type":"ListItem","position":2,"name":"LA COMISI\u00d3N DE EDUCACI\u00d3N RECIBI\u00d3 A REFERENTES EN DISCAPACIDAD"}]},{"@type":"WebSite","@id":"https:\/\/hcd.malargue.gov.ar\/#website","url":"https:\/\/hcd.malargue.gov.ar\/","name":"Malarg\u00fce HCD","description":"Malarg\u00fce Mendoza Argentina","potentialAction":[{"@type":"SearchAction","target":{"@type":"EntryPoint","urlTemplate":"https:\/\/hcd.malargue.gov.ar\/?s={search_term_string}"},"query-input":"required name=search_term_string"}],"inLanguage":"es-AR"},{"@type":"Person","@id":"https:\/\/hcd.malargue.gov.ar\/#\/schema\/person\/3fd6bbab64edd703961b795156c955d0","name":"Belen Pedernera Ferragut","image":{"@type":"ImageObject","inLanguage":"es-AR","@id":"https:\/\/hcd.malargue.gov.ar\/#\/schema\/person\/image\/","url":"https:\/\/secure.gravatar.com\/avatar\/1054ffab3893de4bb3eb29bdd22f7e34b8537bf5d34d9dab311818154ad5b71f?s=96&d=mm&r=g","contentUrl":"https:\/\/secure.gravatar.com\/avatar\/1054ffab3893de4bb3eb29bdd22f7e34b8537bf5d34d9dab311818154ad5b71f?s=96&d=mm&r=g","caption":"Belen Pedernera Ferragut"},"url":"https:\/\/hcd.malargue.gov.ar\/?author=5"}]}},"_links":{"self":[{"href":"https:\/\/hcd.malargue.gov.ar\/index.php?rest_route=\/wp\/v2\/posts\/34037","targetHints":{"allow":["GET"]}}],"collection":[{"href":"https:\/\/hcd.malargue.gov.ar\/index.php?rest_route=\/wp\/v2\/posts"}],"about":[{"href":"https:\/\/hcd.malargue.gov.ar\/index.php?rest_route=\/wp\/v2\/types\/post"}],"author":[{"embeddable":true,"href":"https:\/\/hcd.malargue.gov.ar\/index.php?rest_route=\/wp\/v2\/users\/5"}],"replies":[{"embeddable":true,"href":"https:\/\/hcd.malargue.gov.ar\/index.php?rest_route=%2Fwp%2Fv2%2Fcomments&post=34037"}],"version-history":[{"count":1,"href":"https:\/\/hcd.malargue.gov.ar\/index.php?rest_route=\/wp\/v2\/posts\/34037\/revisions"}],"predecessor-version":[{"id":34040,"href":"https:\/\/hcd.malargue.gov.ar\/index.php?rest_route=\/wp\/v2\/posts\/34037\/revisions\/34040"}],"wp:featuredmedia":[{"embeddable":true,"href":"https:\/\/hcd.malargue.gov.ar\/index.php?rest_route=\/wp\/v2\/media\/34038"}],"wp:attachment":[{"href":"https:\/\/hcd.malargue.gov.ar\/index.php?rest_route=%2Fwp%2Fv2%2Fmedia&parent=34037"}],"wp:term":[{"taxonomy":"category","embeddable":true,"href":"https:\/\/hcd.malargue.gov.ar\/index.php?rest_route=%2Fwp%2Fv2%2Fcategories&post=34037"},{"taxonomy":"post_tag","embeddable":true,"href":"https:\/\/hcd.malargue.gov.ar\/index.php?rest_route=%2Fwp%2Fv2%2Ftags&post=34037"}],"curies":[{"name":"wp","href":"https:\/\/api.w.org\/{rel}","templated":true}]}}