{"id":34160,"date":"2023-06-07T09:13:43","date_gmt":"2023-06-07T12:13:43","guid":{"rendered":"https:\/\/hcd.malargue.gov.ar\/?p=34160"},"modified":"2023-06-07T09:14:40","modified_gmt":"2023-06-07T12:14:40","slug":"declaracion-no-314-2-023","status":"publish","type":"post","link":"https:\/\/hcd.malargue.gov.ar\/?p=34160","title":{"rendered":"DECLARACI\u00d3N N\u00b0 314\/2.023"},"content":{"rendered":"<div class=\"wp-block-image\">\n<figure class=\"alignright size-full is-resized\"><img loading=\"lazy\" decoding=\"async\" src=\"https:\/\/hcd.malargue.gov.ar\/wp-content\/uploads\/2018\/06\/PDF-JPG.jpg\" alt=\"\" class=\"wp-image-7950\" width=\"143\" height=\"143\" srcset=\"https:\/\/hcd.malargue.gov.ar\/wp-content\/uploads\/2018\/06\/PDF-JPG.jpg 512w, https:\/\/hcd.malargue.gov.ar\/wp-content\/uploads\/2018\/06\/PDF-JPG-150x150.jpg 150w, https:\/\/hcd.malargue.gov.ar\/wp-content\/uploads\/2018\/06\/PDF-JPG-300x300.jpg 300w\" sizes=\"auto, (max-width: 143px) 100vw, 143px\" \/><\/figure>\n<\/div>\n\n\n<p><strong>AUTORA: CONCEJALA DAIANA VARAS<\/strong><\/p>\n\n\n\n<p><strong>BLOQUE: FRENTE CAMBIA MENDOZA<\/strong><\/p>\n\n\n\n<p>VISTO: El contenido del Expediente N\u00ba 5.287-HC 055-2.023 Bloque Frente Cambia Mendoza Proyecto de Declaraci\u00f3n: Declarar de Inter\u00e9s Departamental Social y Deportivo la fecha del Campeonato Nacional de B\u00e1squet Adaptado de Tercera Divisi\u00f3n a realizarse en el Club Deportivo Malarg\u00fce.<\/p>\n\n\n\n<p>Que la Federaci\u00f3n Argentina de B\u00e1squet Adaptado ha elegido a nuestro Departamento para llevar adelante una fecha del Campeonato Nacional.<\/p>\n\n\n\n<p>Y;<\/p>\n\n\n\n<p>CONSIDERANDO: Que el b\u00e1squetbol en silla de ruedas es una de las disciplinas pioneras en la historia del deporte adaptado. Esta disciplina se adapt\u00f3 para deportistas en silla de ruedas en Inglaterra y en Estados Unidos despu\u00e9s de la Segunda Guerra Mundial.<\/p>\n\n\n\n<p>Que este deporte se jug\u00f3 en los primeros Juegos Paral\u00edmpicos de Roma en 1960, y es uno de los pocos que ha estado presente en todas las ediciones.<\/p>\n\n\n\n<p>Que en Argentina existe una Federaci\u00f3n de B\u00e1squet Adaptado y selecciones femenina y masculina que nos representan en competencias internacionales.<\/p>\n\n\n\n<p>Que seg\u00fan diversos profesionales de la salud dedicados a la atenci\u00f3n de personas con discapacidad, la actividad deportiva aporta beneficios f\u00edsicos especialmente relevantes para personas que tienen discapacidad como son la mejora de la circulaci\u00f3n de la sangre, el desarrollo de la musculatura y un mejor equilibrio y coordinaci\u00f3n. El deporte mejora la condici\u00f3n f\u00edsica (resistencia, velocidad, fuerza, movilidad), mejora la coordinaci\u00f3n (orientaci\u00f3n, equilibrio, reacci\u00f3n, percepci\u00f3n, adaptaci\u00f3n, ritmo), previene las enfermedades por falta de movilidad y favorece la seguridad y flexibilidad de la persona con discapacidad en su vida cotidiana.<\/p>\n\n\n\n<p>Que el deporte es una herramienta muy efectiva para la inclusi\u00f3n social de los colectivos m\u00e1s desfavorecidos y su pr\u00e1ctica puede fomentar aspectos fundamentales para el desarrollo social de la persona con discapacidad como las habilidades sociales, las relaciones con los iguales, la aceptaci\u00f3n de normas, la cooperaci\u00f3n, el reconocimiento, la tolerancia, la empat\u00eda, la motivaci\u00f3n y el trabajo en equipo, entre otros.<\/p>\n\n\n\n<p>Que la actividad deportiva, controlada por expertos, genera en las personas con discapacidad beneficios psicol\u00f3gicos como el fomento de la autosuperaci\u00f3n, la independencia, la val\u00eda personal, la libertad, el af\u00e1n de superaci\u00f3n, la responsabilidad, la autodisciplina, la perseverancia, el sentimiento de utilidad, el reconocimiento de sus habilidades y capacidades, entre otros.<\/p>\n\n\n\n<p>Que en nuestro departamento, en un esfuerzo conjunto realizado entre la Escuela N\u00ba 2-030 Juan Maur\u00edn Navarro, el Club Deportivo Malarg\u00fce, los miembros de la Organizaci\u00f3n Emprende Malarg\u00fce y la Federaci\u00f3n Argentina de B\u00e1squet Adaptado se llevar\u00e1 adelante el Segundo Cuadrangular de Tercera Divisi\u00f3n (para ascenso a Segunda Divisi\u00f3n) del cual participar\u00e1n los equipos:&nbsp; Dimot (San Rafael), Los Toros (San Luis), ASDIC (Cipolletti) y Los Granaderos (San Mart\u00edn, Mendoza)<\/p>\n\n\n\n<p>Que dicha competencia se llevar\u00e1 a cabo en las instalaciones del Club Deportivo Malarg\u00fce los d\u00edas 3 y 4 de Junio del corriente a\u00f1o.<\/p>\n\n\n\n<p>Que este tipo de eventos aporta significativamente a concientizar a la poblaci\u00f3n con y sin discapacidad acerca de las diversas posibilidades de desarrollo que tienen las personas con discapacidad motora y sobre la necesidad de trabajar constantemente para poner al alcance de los habitantes de nuestro Departamento estas y otras oportunidades de desarrollo e inclusi\u00f3n a trav\u00e9s del deporte.<\/p>\n\n\n\n<p>Que el desarrollo de este cuadrangular abre las puertas para ser sede de otras competencias de relevancia, por&nbsp; lo que es importante acompa\u00f1ar desde el Estado y desde la comunidad toda la iniciativa.<\/p>\n\n\n\n<p>EL HONORABLE CONCEJO DELIBERANTE DE LA MUNICIPALIDAD DE MALARG\u00dcE&nbsp; EN USO DE LAS FACULTADES QUE LE SON PROPIAS<\/p>\n\n\n\n<p>DECLARA<\/p>\n\n\n\n<p>ART\u00cdCULO 1\u00ba: Declarar de Inter\u00e9s Departamental, Social y Deportivo la fecha del Campeonato Nacional de B\u00e1squet Adaptado de Tercera Divisi\u00f3n, a realizarse en las instalaciones del Club Deportivo Malarg\u00fce, los d\u00edas 3 y 4 de junio de 2.023.<\/p>\n\n\n\n<p>ART\u00cdCULO 2\u00ba: Entr\u00e9guese copia de la presente pieza legal a la Federaci\u00f3n Argentina de B\u00e1squet Adaptado (Presidente Omar Pochetino, Vice Presidente. Jorge Pizarro), a la Direcci\u00f3n de la Escuela N\u00b0 2-030 \u201cJuan Maur\u00edn Navarro\u201d, a la Organizaci\u00f3n Emprende Malarg\u00fce y a la Comisi\u00f3n Directiva del Club Deportivo Malarg\u00fce.<\/p>\n\n\n\n<p>ART\u00cdCULO 3\u00ba: Hacer entrega por parte del Honorable Concejo Deliberante de la Municipalidad de Malarg\u00fce, de un Reconocimiento a la Federaci\u00f3n Argentina de B\u00e1squet Adaptado por su labor en pos de la inclusi\u00f3n de las personas con discapacidad en todo el Pa\u00eds.<\/p>\n\n\n\n<p>ART\u00cdCULO 4\u00ba: Comun\u00edquese, reg\u00edstrese, agr\u00e9guese copia de la presente en las actuaciones correspondientes y arch\u00edvese.<\/p>\n\n\n\n<p>DADA EN LA SALA DE SESIONES DR.&nbsp; RICARDO BALBIN DEL HONORABLE CONCEJO DELIBERANTE DE LA MUNICIPALIDAD DE MALARG\u00dcE A UN D\u00cdA DE&nbsp;&nbsp; JUNIO DE DOS MIL VEINTITRES.<\/p>\n\n\n\n<p><\/p>\n","protected":false},"excerpt":{"rendered":"<p>AUTORA: CONCEJALA DAIANA VARAS BLOQUE: FRENTE CAMBIA MENDOZA VISTO: El contenido del Expediente N\u00ba 5.287-HC 055-2.023 Bloque Frente Cambia Mendoza Proyecto de Declaraci\u00f3n: Declarar de Inter\u00e9s Departamental Social y Deportivo la fecha del Campeonato Nacional de B\u00e1squet Adaptado de Tercera Divisi\u00f3n a realizarse en el Club Deportivo Malarg\u00fce. Que la Federaci\u00f3n Argentina de B\u00e1squet Adaptado [&hellip;]<\/p>\n","protected":false},"author":5,"featured_media":34161,"comment_status":"closed","ping_status":"closed","sticky":false,"template":"","format":"standard","meta":{"footnotes":""},"categories":[46,52,29,33],"tags":[],"class_list":["post-34160","post","type-post","status-publish","format-standard","has-post-thumbnail","hentry","category-declaraciones","category-gacetillas","category-lesgilacion","category-prensa"],"yoast_head":"<!-- This site is optimized with the Yoast SEO plugin v19.10 - https:\/\/yoast.com\/wordpress\/plugins\/seo\/ -->\n<title>DECLARACI\u00d3N N\u00b0 314\/2.023 - Malarg\u00fce HCD<\/title>\n<meta name=\"robots\" content=\"index, follow, max-snippet:-1, max-image-preview:large, max-video-preview:-1\" \/>\n<link rel=\"canonical\" href=\"https:\/\/hcd.malargue.gov.ar\/?p=34160\" \/>\n<meta property=\"og:locale\" content=\"es_ES\" \/>\n<meta property=\"og:type\" content=\"article\" \/>\n<meta property=\"og:title\" content=\"DECLARACI\u00d3N N\u00b0 314\/2.023 - Malarg\u00fce HCD\" \/>\n<meta property=\"og:description\" content=\"AUTORA: CONCEJALA DAIANA VARAS BLOQUE: FRENTE CAMBIA MENDOZA VISTO: El contenido del Expediente N\u00ba 5.287-HC 055-2.023 Bloque Frente Cambia Mendoza Proyecto de Declaraci\u00f3n: Declarar de Inter\u00e9s Departamental Social y Deportivo la fecha del Campeonato Nacional de B\u00e1squet Adaptado de Tercera Divisi\u00f3n a realizarse en el Club Deportivo Malarg\u00fce. Que la Federaci\u00f3n Argentina de B\u00e1squet Adaptado [&hellip;]\" \/>\n<meta property=\"og:url\" content=\"https:\/\/hcd.malargue.gov.ar\/?p=34160\" \/>\n<meta property=\"og:site_name\" content=\"Malarg\u00fce HCD\" \/>\n<meta property=\"article:published_time\" content=\"2023-06-07T12:13:43+00:00\" \/>\n<meta property=\"article:modified_time\" content=\"2023-06-07T12:14:40+00:00\" \/>\n<meta property=\"og:image\" content=\"https:\/\/hcd.malargue.gov.ar\/wp-content\/uploads\/2023\/06\/DECLARACION-314-2023.jpg\" \/>\n\t<meta property=\"og:image:width\" content=\"940\" \/>\n\t<meta property=\"og:image:height\" content=\"788\" \/>\n\t<meta property=\"og:image:type\" content=\"image\/jpeg\" \/>\n<meta name=\"author\" content=\"Belen Pedernera Ferragut\" \/>\n<meta name=\"twitter:card\" content=\"summary_large_image\" \/>\n<meta name=\"twitter:label1\" content=\"Escrito por\" \/>\n\t<meta name=\"twitter:data1\" content=\"Belen Pedernera Ferragut\" \/>\n\t<meta name=\"twitter:label2\" content=\"Tiempo de lectura\" \/>\n\t<meta name=\"twitter:data2\" content=\"4 minutos\" \/>\n<script type=\"application\/ld+json\" class=\"yoast-schema-graph\">{\"@context\":\"https:\/\/schema.org\",\"@graph\":[{\"@type\":\"WebPage\",\"@id\":\"https:\/\/hcd.malargue.gov.ar\/?p=34160\",\"url\":\"https:\/\/hcd.malargue.gov.ar\/?p=34160\",\"name\":\"DECLARACI\u00d3N N\u00b0 314\/2.023 - Malarg\u00fce HCD\",\"isPartOf\":{\"@id\":\"https:\/\/hcd.malargue.gov.ar\/#website\"},\"datePublished\":\"2023-06-07T12:13:43+00:00\",\"dateModified\":\"2023-06-07T12:14:40+00:00\",\"author\":{\"@id\":\"https:\/\/hcd.malargue.gov.ar\/#\/schema\/person\/3fd6bbab64edd703961b795156c955d0\"},\"breadcrumb\":{\"@id\":\"https:\/\/hcd.malargue.gov.ar\/?p=34160#breadcrumb\"},\"inLanguage\":\"es-AR\",\"potentialAction\":[{\"@type\":\"ReadAction\",\"target\":[\"https:\/\/hcd.malargue.gov.ar\/?p=34160\"]}]},{\"@type\":\"BreadcrumbList\",\"@id\":\"https:\/\/hcd.malargue.gov.ar\/?p=34160#breadcrumb\",\"itemListElement\":[{\"@type\":\"ListItem\",\"position\":1,\"name\":\"Inicio\",\"item\":\"https:\/\/hcd.malargue.gov.ar\/\"},{\"@type\":\"ListItem\",\"position\":2,\"name\":\"DECLARACI\u00d3N N\u00b0 314\/2.023\"}]},{\"@type\":\"WebSite\",\"@id\":\"https:\/\/hcd.malargue.gov.ar\/#website\",\"url\":\"https:\/\/hcd.malargue.gov.ar\/\",\"name\":\"Malarg\u00fce HCD\",\"description\":\"Malarg\u00fce Mendoza Argentina\",\"potentialAction\":[{\"@type\":\"SearchAction\",\"target\":{\"@type\":\"EntryPoint\",\"urlTemplate\":\"https:\/\/hcd.malargue.gov.ar\/?s={search_term_string}\"},\"query-input\":\"required name=search_term_string\"}],\"inLanguage\":\"es-AR\"},{\"@type\":\"Person\",\"@id\":\"https:\/\/hcd.malargue.gov.ar\/#\/schema\/person\/3fd6bbab64edd703961b795156c955d0\",\"name\":\"Belen Pedernera Ferragut\",\"image\":{\"@type\":\"ImageObject\",\"inLanguage\":\"es-AR\",\"@id\":\"https:\/\/hcd.malargue.gov.ar\/#\/schema\/person\/image\/\",\"url\":\"https:\/\/secure.gravatar.com\/avatar\/1054ffab3893de4bb3eb29bdd22f7e34b8537bf5d34d9dab311818154ad5b71f?s=96&d=mm&r=g\",\"contentUrl\":\"https:\/\/secure.gravatar.com\/avatar\/1054ffab3893de4bb3eb29bdd22f7e34b8537bf5d34d9dab311818154ad5b71f?s=96&d=mm&r=g\",\"caption\":\"Belen Pedernera Ferragut\"},\"url\":\"https:\/\/hcd.malargue.gov.ar\/?author=5\"}]}<\/script>\n<!-- \/ Yoast SEO plugin. -->","yoast_head_json":{"title":"DECLARACI\u00d3N N\u00b0 314\/2.023 - Malarg\u00fce HCD","robots":{"index":"index","follow":"follow","max-snippet":"max-snippet:-1","max-image-preview":"max-image-preview:large","max-video-preview":"max-video-preview:-1"},"canonical":"https:\/\/hcd.malargue.gov.ar\/?p=34160","og_locale":"es_ES","og_type":"article","og_title":"DECLARACI\u00d3N N\u00b0 314\/2.023 - Malarg\u00fce HCD","og_description":"AUTORA: CONCEJALA DAIANA VARAS BLOQUE: FRENTE CAMBIA MENDOZA VISTO: El contenido del Expediente N\u00ba 5.287-HC 055-2.023 Bloque Frente Cambia Mendoza Proyecto de Declaraci\u00f3n: Declarar de Inter\u00e9s Departamental Social y Deportivo la fecha del Campeonato Nacional de B\u00e1squet Adaptado de Tercera Divisi\u00f3n a realizarse en el Club Deportivo Malarg\u00fce. Que la Federaci\u00f3n Argentina de B\u00e1squet Adaptado [&hellip;]","og_url":"https:\/\/hcd.malargue.gov.ar\/?p=34160","og_site_name":"Malarg\u00fce HCD","article_published_time":"2023-06-07T12:13:43+00:00","article_modified_time":"2023-06-07T12:14:40+00:00","og_image":[{"width":940,"height":788,"url":"https:\/\/hcd.malargue.gov.ar\/wp-content\/uploads\/2023\/06\/DECLARACION-314-2023.jpg","type":"image\/jpeg"}],"author":"Belen Pedernera Ferragut","twitter_card":"summary_large_image","twitter_misc":{"Escrito por":"Belen Pedernera Ferragut","Tiempo de lectura":"4 minutos"},"schema":{"@context":"https:\/\/schema.org","@graph":[{"@type":"WebPage","@id":"https:\/\/hcd.malargue.gov.ar\/?p=34160","url":"https:\/\/hcd.malargue.gov.ar\/?p=34160","name":"DECLARACI\u00d3N N\u00b0 314\/2.023 - Malarg\u00fce HCD","isPartOf":{"@id":"https:\/\/hcd.malargue.gov.ar\/#website"},"datePublished":"2023-06-07T12:13:43+00:00","dateModified":"2023-06-07T12:14:40+00:00","author":{"@id":"https:\/\/hcd.malargue.gov.ar\/#\/schema\/person\/3fd6bbab64edd703961b795156c955d0"},"breadcrumb":{"@id":"https:\/\/hcd.malargue.gov.ar\/?p=34160#breadcrumb"},"inLanguage":"es-AR","potentialAction":[{"@type":"ReadAction","target":["https:\/\/hcd.malargue.gov.ar\/?p=34160"]}]},{"@type":"BreadcrumbList","@id":"https:\/\/hcd.malargue.gov.ar\/?p=34160#breadcrumb","itemListElement":[{"@type":"ListItem","position":1,"name":"Inicio","item":"https:\/\/hcd.malargue.gov.ar\/"},{"@type":"ListItem","position":2,"name":"DECLARACI\u00d3N N\u00b0 314\/2.023"}]},{"@type":"WebSite","@id":"https:\/\/hcd.malargue.gov.ar\/#website","url":"https:\/\/hcd.malargue.gov.ar\/","name":"Malarg\u00fce HCD","description":"Malarg\u00fce Mendoza Argentina","potentialAction":[{"@type":"SearchAction","target":{"@type":"EntryPoint","urlTemplate":"https:\/\/hcd.malargue.gov.ar\/?s={search_term_string}"},"query-input":"required name=search_term_string"}],"inLanguage":"es-AR"},{"@type":"Person","@id":"https:\/\/hcd.malargue.gov.ar\/#\/schema\/person\/3fd6bbab64edd703961b795156c955d0","name":"Belen Pedernera Ferragut","image":{"@type":"ImageObject","inLanguage":"es-AR","@id":"https:\/\/hcd.malargue.gov.ar\/#\/schema\/person\/image\/","url":"https:\/\/secure.gravatar.com\/avatar\/1054ffab3893de4bb3eb29bdd22f7e34b8537bf5d34d9dab311818154ad5b71f?s=96&d=mm&r=g","contentUrl":"https:\/\/secure.gravatar.com\/avatar\/1054ffab3893de4bb3eb29bdd22f7e34b8537bf5d34d9dab311818154ad5b71f?s=96&d=mm&r=g","caption":"Belen Pedernera Ferragut"},"url":"https:\/\/hcd.malargue.gov.ar\/?author=5"}]}},"_links":{"self":[{"href":"https:\/\/hcd.malargue.gov.ar\/index.php?rest_route=\/wp\/v2\/posts\/34160","targetHints":{"allow":["GET"]}}],"collection":[{"href":"https:\/\/hcd.malargue.gov.ar\/index.php?rest_route=\/wp\/v2\/posts"}],"about":[{"href":"https:\/\/hcd.malargue.gov.ar\/index.php?rest_route=\/wp\/v2\/types\/post"}],"author":[{"embeddable":true,"href":"https:\/\/hcd.malargue.gov.ar\/index.php?rest_route=\/wp\/v2\/users\/5"}],"replies":[{"embeddable":true,"href":"https:\/\/hcd.malargue.gov.ar\/index.php?rest_route=%2Fwp%2Fv2%2Fcomments&post=34160"}],"version-history":[{"count":2,"href":"https:\/\/hcd.malargue.gov.ar\/index.php?rest_route=\/wp\/v2\/posts\/34160\/revisions"}],"predecessor-version":[{"id":34163,"href":"https:\/\/hcd.malargue.gov.ar\/index.php?rest_route=\/wp\/v2\/posts\/34160\/revisions\/34163"}],"wp:featuredmedia":[{"embeddable":true,"href":"https:\/\/hcd.malargue.gov.ar\/index.php?rest_route=\/wp\/v2\/media\/34161"}],"wp:attachment":[{"href":"https:\/\/hcd.malargue.gov.ar\/index.php?rest_route=%2Fwp%2Fv2%2Fmedia&parent=34160"}],"wp:term":[{"taxonomy":"category","embeddable":true,"href":"https:\/\/hcd.malargue.gov.ar\/index.php?rest_route=%2Fwp%2Fv2%2Fcategories&post=34160"},{"taxonomy":"post_tag","embeddable":true,"href":"https:\/\/hcd.malargue.gov.ar\/index.php?rest_route=%2Fwp%2Fv2%2Ftags&post=34160"}],"curies":[{"name":"wp","href":"https:\/\/api.w.org\/{rel}","templated":true}]}}