{"id":34179,"date":"2023-06-07T11:22:24","date_gmt":"2023-06-07T14:22:24","guid":{"rendered":"https:\/\/hcd.malargue.gov.ar\/?p=34179"},"modified":"2023-06-07T12:44:01","modified_gmt":"2023-06-07T15:44:01","slug":"orden-del-dia-12-sesion-ordinaria","status":"publish","type":"post","link":"https:\/\/hcd.malargue.gov.ar\/?p=34179","title":{"rendered":"ORDEN DEL D\u00cdA 12\u00b0 SESI\u00d3N ORDINARIA"},"content":{"rendered":"<div class=\"wp-block-image\">\n<figure class=\"alignright size-full is-resized\"><a href=\"http:\/\/hcd.malargue.gov.ar\/hcdpdf\/12%20SO%20ORDEN%208%20de%20Junio%20de%202023.pdf\"><img loading=\"lazy\" decoding=\"async\" src=\"https:\/\/hcd.malargue.gov.ar\/wp-content\/uploads\/2018\/06\/PDF-JPG.jpg\" alt=\"\" class=\"wp-image-7950\" width=\"117\" height=\"117\" srcset=\"https:\/\/hcd.malargue.gov.ar\/wp-content\/uploads\/2018\/06\/PDF-JPG.jpg 512w, https:\/\/hcd.malargue.gov.ar\/wp-content\/uploads\/2018\/06\/PDF-JPG-150x150.jpg 150w, https:\/\/hcd.malargue.gov.ar\/wp-content\/uploads\/2018\/06\/PDF-JPG-300x300.jpg 300w\" sizes=\"auto, (max-width: 117px) 100vw, 117px\" \/><\/a><\/figure>\n<\/div>\n\n\n<h5 class=\"wp-block-heading\">D\u00eda &nbsp;Jueves 08 de Junio de 2.023<\/h5>\n\n\n\n<h5 class=\"wp-block-heading\">Hora: 08:50<\/h5>\n\n\n\n<p>BANCA DEL CIUDADANO: Sr. Juan Manuel PARDO &nbsp;&nbsp;<\/p>\n\n\n\n<p>TEMA: Expone situaci\u00f3n personal por desalojo de vivienda B\u00b0 Grassi<\/p>\n\n\n\n<p><strong><em>a)<\/em><\/strong> <strong><em>Acto de Izar la Ense\u00f1a Patria&nbsp;&nbsp; a cargo del Sr. &nbsp;Concejal &nbsp;&nbsp;Gabriel Eduardo ROSAS<\/em><\/strong><\/p>\n\n\n\n<p><strong><em>b)<\/em><\/strong> <strong><em>Homenaje de los Se\u00f1ores Concejales.<\/em><\/strong><\/p>\n\n\n\n<p><strong><em>c)<\/em><\/strong> <strong><em>Consideraci\u00f3n Acta Sesi\u00f3n Ordinaria N\u00b01.128- \u201cO\u201d-2023.-<\/em><\/strong><\/p>\n\n\n\n<p><strong><em>d)<\/em><\/strong> <strong><em>Lectura del detalle de la correspondencia recibida y emitida.<\/em><\/strong><\/p>\n\n\n\n<p><strong>e) <em>Consideraci\u00f3n de los temas que ser\u00e1n incluidos en el punto Asuntos&nbsp; &nbsp;&nbsp;&nbsp;Varios y puesta a consideraci\u00f3n de mociones de tratamientos sobre tablas de diversos expedientes<\/em><\/strong><\/p>\n\n\n\n<p><strong><em>f) Proyectos de los Se\u00f1ores Concejales: <\/em><\/strong><em>&nbsp;&nbsp;&nbsp;<\/em><\/p>\n\n\n\n<ol class=\"wp-block-list\" type=\"a\">\n<li>Expte.N\u00ba5.289- HC 055-2.023 Proyecto de Ordenanza: Crear el Programa Municipal de Cr\u00e9ditos para J\u00f3venes Emprendedores en el Departamento de Malarg\u00fce (BLOQUE FRENTE CAMBIA MENDOZA) Autora Concejal Paola Lorena Rojo<\/li>\n\n\n\n<li>Expte.N\u00b05.290-HC 055-2.023 Proyecto de Resoluci\u00f3n: Invitar a la Asociaci\u00f3n Civil de Profesionales de Bromatolog\u00eda de Cuyo a celebrar Convenio Marco de Colaboraci\u00f3n (BLOQUE FRENTE CAMBIA MENDOZA) Autora: Concejal Paola Lorena Rojo<\/li>\n\n\n\n<li>Expte.N\u00b05.291 HC 055-2.023 Proyecto de Ordenanza: Implementar el Programa \u201cMi Promo, Mi Campera\u201d. (BLOQUE FRENTE CAMBIA MENDOZA) Autora: Concejal Paola Rojo<\/li>\n<\/ol>\n\n\n\n<p><strong><em>g)<\/em><\/strong> <strong><em>Expedientes provenientes del Departamento Ejecutivo<\/em><\/strong><\/p>\n\n\n\n<p>-No Ingresados-<\/p>\n\n\n\n<p><strong><em>h) Despachos de las Comisiones de Trabajo:<\/em><\/strong><\/p>\n\n\n\n<ol class=\"wp-block-list\" type=\"1\">\n<li>Nota HC-265-2.023 Sra. Micaela Baigorria; Nota HC-239-2.023 Sr. Julio C\u00e9sar Rodr\u00edguez Mart\u00ednez; Nota HC-023-2.023 Sra. N\u00e9lida del Carmen Guajardo: Exponen situaci\u00f3n de conflicto con terrenos otorgados por el Municipio en zona de Club H\u00edpico, donde existir\u00edan otros beneficiarios de los mismos lotes. (H.P.L.A.C.)<\/li>\n\n\n\n<li>Expte.N\u00b05.282-HC 055-2.023 Proyecto de Ordenanza: Capacitaci\u00f3n obligatoria de la maniobra de Heimlich. (E.H.M.A.S y C y H.P.L.A.C.)<\/li>\n\n\n\n<li>Expte.N\u00b05.259-HC 053-2.023 Proyecto de Resoluci\u00f3n: Pedido de Informe Decreto N\u00b01.165\/2.022 contrato de locaci\u00f3n de servicio para asesoramiento en confecci\u00f3n de libro de historia de Malarg\u00fce. (E.H.M.A.S Y C y H.P.L.A.C.)<\/li>\n\n\n\n<li>Pedido de Informe Programa Enlace- (COMISION INVESTIGADORA MARCHA Y GESTION PROGRAMA ENLACE)<\/li>\n\n\n\n<li>Nota HC-296-2.023 Sra. Concejal Paola Rojo, Solicita instancia de capacitaci\u00f3n de fotograf\u00eda b\u00e1sica dirigida a personal del Honorable Cuerpo. (E.H.M.A.S Y C)<\/li>\n\n\n\n<li>Nota HC 055-2.023 y Nota HC 208\/2.023&nbsp;&nbsp; Directivos y Docentes de Escuelas de Fronteras elevan reclamo en cuanto a la actualizaci\u00f3n y modificaci\u00f3n del c\u00e1lculo de C\u00f3digo 046 \u201cFrontera Docente\u201d (E.H.M.A.S Y C)<\/li>\n<\/ol>\n\n\n\n<p><strong>i<\/strong><strong><em>) Asuntos Varios. &#8211;&nbsp;&nbsp;&nbsp;&nbsp;&nbsp;&nbsp;&nbsp;<\/em><\/strong><\/p>\n\n\n\n<p><strong><em>j) Acto de arriar el Pabell\u00f3n Nacional a cargo del concejal que lo<\/em><\/strong><strong> iz\u00f3. &#8211; <\/strong><strong><em><\/em><\/strong><\/p>\n\n\n\n<p><strong>&nbsp;&nbsp;&nbsp;&nbsp;&nbsp;&nbsp;&nbsp;&nbsp;&nbsp;&nbsp;&nbsp;&nbsp;&nbsp;&nbsp;&nbsp;&nbsp;&nbsp;&nbsp;&nbsp;&nbsp;&nbsp;&nbsp;&nbsp;&nbsp;&nbsp;&nbsp;&nbsp;&nbsp;&nbsp;&nbsp;&nbsp;&nbsp;&nbsp;&nbsp;&nbsp;&nbsp;&nbsp;&nbsp;&nbsp;&nbsp;&nbsp;&nbsp;&nbsp;&nbsp;&nbsp;&nbsp;&nbsp;&nbsp;&nbsp;&nbsp;&nbsp;&nbsp;&nbsp;&nbsp;&nbsp;&nbsp;&nbsp;&nbsp;&nbsp;&nbsp;&nbsp;&nbsp;&nbsp;&nbsp;&nbsp;&nbsp;&nbsp;&nbsp;&nbsp;&nbsp;&nbsp;&nbsp;&nbsp;&nbsp;&nbsp;&nbsp;&nbsp;&nbsp;&nbsp;&nbsp;&nbsp;&nbsp;&nbsp;&nbsp;&nbsp;&nbsp;&nbsp;&nbsp;&nbsp; Presidencia H.C.D 06&nbsp; &nbsp;de Junio de 2.023.-<\/strong><\/p>\n\n\n\n<p><strong>CORRESPONDENCIA&nbsp; PARA LA SESI\u00d3N<\/strong><\/p>\n\n\n\n<p><strong>Del d\u00eda Jueves 08 de Junio&nbsp; de 2.023<\/strong><\/p>\n\n\n\n<p><strong>NOTAS INGRESADAS<\/strong><\/p>\n\n\n\n<ol class=\"wp-block-list\" type=\"1\" start=\"1\">\n<li>Sra. Mar\u00eda C. Mart\u00ednez, Directora de Escuela N\u00ba 1-599 Tte. Gral. Rufino Ortega, solicita charla informativa para alumnos de 7mo. Sobre funciones y ordenanzas del Honorable Cuerpo.<\/li>\n\n\n\n<li>Sr. H\u00e9ctor Daniel V\u00e1zquez, expone situaci\u00f3n de campo individualizado como Puesto Los \u00c1lamos con comodato desde el a\u00f1o 2008, ante la existencia de un permiso de explotaci\u00f3n de cantera de yeso otorgado por la Direcci\u00f3n de Catastro.<\/li>\n\n\n\n<li>Sr. N\u00e9stor Omar Zalazar, agente municipal manifiesta su disconformidad con criterios del Proyecto de&nbsp; recategorizaci\u00f3n de empleados municipales.<\/li>\n\n\n\n<li>Sr. Daniel Blajevitch, expone grave situaci\u00f3n ambiental que pone en peligro el estado sanitario de habitantes de Colonia H\u00edpica por su cercan\u00eda a la Cubierta Sanitaria.<\/li>\n\n\n\n<li>Centro Tradicionalista Don Claudio, solicita intervenci\u00f3n a fin de concretar la realizaci\u00f3n de evento de doma clasificatoria para Jes\u00fas Mar\u00eda 2024.<\/li>\n\n\n\n<li>Concejal Mart\u00edn Palma, presenta certificado de alta m\u00e9dica a partir del 06 de Junio p.pdo.<\/li>\n<\/ol>\n\n\n\n<p><strong>NOTAS&nbsp; EMITIDAS<\/strong><\/p>\n\n\n\n<ol class=\"wp-block-list\" type=\"1\">\n<li>Al Consejo Provincial y Departamental Ap\u00edcola, SENASA&nbsp; Mendoza, INTA Mendoza, C\u00e1mara de Comercio y Legisladoras Provinciales por Malarg\u00fce remitiendo copia de Declaraci\u00f3n N\u00ba 315\/2023 declarando de Inter\u00e9s Departamental a las Mujeres Apicultoras de Malarg\u00fce.<\/li>\n\n\n\n<li>A la Direcci\u00f3n Provincial y Coordinaci\u00f3n Departamental de Patrimonio y Legisladoras Provinciales por Malarg\u00fce remitiendo copia de Resoluci\u00f3n N\u00ba198\/2.023 declarando de Valor Patrimonial Intangible la Cultura Puestera.<\/li>\n\n\n\n<li>A la Direcci\u00f3n Provincial de Transporte y Legisladoras Provinciales por el Departamento de Malarg\u00fce remitiendo copia de Resoluci\u00f3n N\u00ba196\/2.023 solicitando se regularicen los recorridos de transporte p\u00fablico de pasajeros a la zona rural.<\/li>\n\n\n\n<li>Al Sr. Juan Manuel Pardo, informando que podr\u00e1 hacer uso de la Banca del Ciudadano.<\/li>\n<\/ol>\n","protected":false},"excerpt":{"rendered":"<p>D\u00eda &nbsp;Jueves 08 de Junio de 2.023 Hora: 08:50 BANCA DEL CIUDADANO: Sr. Juan Manuel PARDO &nbsp;&nbsp; TEMA: Expone situaci\u00f3n personal por desalojo de vivienda B\u00b0 Grassi a) Acto de Izar la Ense\u00f1a Patria&nbsp;&nbsp; a cargo del Sr. &nbsp;Concejal &nbsp;&nbsp;Gabriel Eduardo ROSAS b) Homenaje de los Se\u00f1ores Concejales. c) Consideraci\u00f3n Acta Sesi\u00f3n Ordinaria N\u00b01.128- \u201cO\u201d-2023.- [&hellip;]<\/p>\n","protected":false},"author":5,"featured_media":23974,"comment_status":"closed","ping_status":"closed","sticky":false,"template":"","format":"standard","meta":{"footnotes":""},"categories":[83,52,84,58,33,36],"tags":[],"class_list":["post-34179","post","type-post","status-publish","format-standard","has-post-thumbnail","hentry","category-banca-del-ciudadano","category-gacetillas","category-orden-del-dia","category-ordinarias","category-prensa","category-sesiones"],"yoast_head":"<!-- This site is optimized with the Yoast SEO plugin v19.10 - https:\/\/yoast.com\/wordpress\/plugins\/seo\/ -->\n<title>ORDEN DEL D\u00cdA 12\u00b0 SESI\u00d3N ORDINARIA - Malarg\u00fce HCD<\/title>\n<meta name=\"robots\" content=\"index, follow, max-snippet:-1, max-image-preview:large, max-video-preview:-1\" \/>\n<link rel=\"canonical\" href=\"https:\/\/hcd.malargue.gov.ar\/?p=34179\" \/>\n<meta property=\"og:locale\" content=\"es_ES\" \/>\n<meta property=\"og:type\" content=\"article\" \/>\n<meta property=\"og:title\" content=\"ORDEN DEL D\u00cdA 12\u00b0 SESI\u00d3N ORDINARIA - Malarg\u00fce HCD\" \/>\n<meta property=\"og:description\" content=\"D\u00eda &nbsp;Jueves 08 de Junio de 2.023 Hora: 08:50 BANCA DEL CIUDADANO: Sr. Juan Manuel PARDO &nbsp;&nbsp; TEMA: Expone situaci\u00f3n personal por desalojo de vivienda B\u00b0 Grassi a) Acto de Izar la Ense\u00f1a Patria&nbsp;&nbsp; a cargo del Sr. &nbsp;Concejal &nbsp;&nbsp;Gabriel Eduardo ROSAS b) Homenaje de los Se\u00f1ores Concejales. c) Consideraci\u00f3n Acta Sesi\u00f3n Ordinaria N\u00b01.128- \u201cO\u201d-2023.- [&hellip;]\" \/>\n<meta property=\"og:url\" content=\"https:\/\/hcd.malargue.gov.ar\/?p=34179\" \/>\n<meta property=\"og:site_name\" content=\"Malarg\u00fce HCD\" \/>\n<meta property=\"article:published_time\" content=\"2023-06-07T14:22:24+00:00\" \/>\n<meta property=\"article:modified_time\" content=\"2023-06-07T15:44:01+00:00\" \/>\n<meta property=\"og:image\" content=\"https:\/\/hcd.malargue.gov.ar\/wp-content\/uploads\/2021\/04\/ROSAS-Bandera-2-scaled.jpg\" \/>\n\t<meta property=\"og:image:width\" content=\"2560\" \/>\n\t<meta property=\"og:image:height\" content=\"1685\" \/>\n\t<meta property=\"og:image:type\" content=\"image\/jpeg\" \/>\n<meta name=\"author\" content=\"Belen Pedernera Ferragut\" \/>\n<meta name=\"twitter:card\" content=\"summary_large_image\" \/>\n<meta name=\"twitter:label1\" content=\"Escrito por\" \/>\n\t<meta name=\"twitter:data1\" content=\"Belen Pedernera Ferragut\" \/>\n\t<meta name=\"twitter:label2\" content=\"Tiempo de lectura\" \/>\n\t<meta name=\"twitter:data2\" content=\"4 minutos\" \/>\n<script type=\"application\/ld+json\" class=\"yoast-schema-graph\">{\"@context\":\"https:\/\/schema.org\",\"@graph\":[{\"@type\":\"WebPage\",\"@id\":\"https:\/\/hcd.malargue.gov.ar\/?p=34179\",\"url\":\"https:\/\/hcd.malargue.gov.ar\/?p=34179\",\"name\":\"ORDEN DEL D\u00cdA 12\u00b0 SESI\u00d3N ORDINARIA - Malarg\u00fce HCD\",\"isPartOf\":{\"@id\":\"https:\/\/hcd.malargue.gov.ar\/#website\"},\"datePublished\":\"2023-06-07T14:22:24+00:00\",\"dateModified\":\"2023-06-07T15:44:01+00:00\",\"author\":{\"@id\":\"https:\/\/hcd.malargue.gov.ar\/#\/schema\/person\/3fd6bbab64edd703961b795156c955d0\"},\"breadcrumb\":{\"@id\":\"https:\/\/hcd.malargue.gov.ar\/?p=34179#breadcrumb\"},\"inLanguage\":\"es-AR\",\"potentialAction\":[{\"@type\":\"ReadAction\",\"target\":[\"https:\/\/hcd.malargue.gov.ar\/?p=34179\"]}]},{\"@type\":\"BreadcrumbList\",\"@id\":\"https:\/\/hcd.malargue.gov.ar\/?p=34179#breadcrumb\",\"itemListElement\":[{\"@type\":\"ListItem\",\"position\":1,\"name\":\"Inicio\",\"item\":\"https:\/\/hcd.malargue.gov.ar\/\"},{\"@type\":\"ListItem\",\"position\":2,\"name\":\"ORDEN DEL D\u00cdA 12\u00b0 SESI\u00d3N ORDINARIA\"}]},{\"@type\":\"WebSite\",\"@id\":\"https:\/\/hcd.malargue.gov.ar\/#website\",\"url\":\"https:\/\/hcd.malargue.gov.ar\/\",\"name\":\"Malarg\u00fce HCD\",\"description\":\"Malarg\u00fce Mendoza Argentina\",\"potentialAction\":[{\"@type\":\"SearchAction\",\"target\":{\"@type\":\"EntryPoint\",\"urlTemplate\":\"https:\/\/hcd.malargue.gov.ar\/?s={search_term_string}\"},\"query-input\":\"required name=search_term_string\"}],\"inLanguage\":\"es-AR\"},{\"@type\":\"Person\",\"@id\":\"https:\/\/hcd.malargue.gov.ar\/#\/schema\/person\/3fd6bbab64edd703961b795156c955d0\",\"name\":\"Belen Pedernera Ferragut\",\"image\":{\"@type\":\"ImageObject\",\"inLanguage\":\"es-AR\",\"@id\":\"https:\/\/hcd.malargue.gov.ar\/#\/schema\/person\/image\/\",\"url\":\"https:\/\/secure.gravatar.com\/avatar\/1054ffab3893de4bb3eb29bdd22f7e34b8537bf5d34d9dab311818154ad5b71f?s=96&d=mm&r=g\",\"contentUrl\":\"https:\/\/secure.gravatar.com\/avatar\/1054ffab3893de4bb3eb29bdd22f7e34b8537bf5d34d9dab311818154ad5b71f?s=96&d=mm&r=g\",\"caption\":\"Belen Pedernera Ferragut\"},\"url\":\"https:\/\/hcd.malargue.gov.ar\/?author=5\"}]}<\/script>\n<!-- \/ Yoast SEO plugin. -->","yoast_head_json":{"title":"ORDEN DEL D\u00cdA 12\u00b0 SESI\u00d3N ORDINARIA - Malarg\u00fce HCD","robots":{"index":"index","follow":"follow","max-snippet":"max-snippet:-1","max-image-preview":"max-image-preview:large","max-video-preview":"max-video-preview:-1"},"canonical":"https:\/\/hcd.malargue.gov.ar\/?p=34179","og_locale":"es_ES","og_type":"article","og_title":"ORDEN DEL D\u00cdA 12\u00b0 SESI\u00d3N ORDINARIA - Malarg\u00fce HCD","og_description":"D\u00eda &nbsp;Jueves 08 de Junio de 2.023 Hora: 08:50 BANCA DEL CIUDADANO: Sr. Juan Manuel PARDO &nbsp;&nbsp; TEMA: Expone situaci\u00f3n personal por desalojo de vivienda B\u00b0 Grassi a) Acto de Izar la Ense\u00f1a Patria&nbsp;&nbsp; a cargo del Sr. &nbsp;Concejal &nbsp;&nbsp;Gabriel Eduardo ROSAS b) Homenaje de los Se\u00f1ores Concejales. c) Consideraci\u00f3n Acta Sesi\u00f3n Ordinaria N\u00b01.128- \u201cO\u201d-2023.- [&hellip;]","og_url":"https:\/\/hcd.malargue.gov.ar\/?p=34179","og_site_name":"Malarg\u00fce HCD","article_published_time":"2023-06-07T14:22:24+00:00","article_modified_time":"2023-06-07T15:44:01+00:00","og_image":[{"width":2560,"height":1685,"url":"https:\/\/hcd.malargue.gov.ar\/wp-content\/uploads\/2021\/04\/ROSAS-Bandera-2-scaled.jpg","type":"image\/jpeg"}],"author":"Belen Pedernera Ferragut","twitter_card":"summary_large_image","twitter_misc":{"Escrito por":"Belen Pedernera Ferragut","Tiempo de lectura":"4 minutos"},"schema":{"@context":"https:\/\/schema.org","@graph":[{"@type":"WebPage","@id":"https:\/\/hcd.malargue.gov.ar\/?p=34179","url":"https:\/\/hcd.malargue.gov.ar\/?p=34179","name":"ORDEN DEL D\u00cdA 12\u00b0 SESI\u00d3N ORDINARIA - Malarg\u00fce HCD","isPartOf":{"@id":"https:\/\/hcd.malargue.gov.ar\/#website"},"datePublished":"2023-06-07T14:22:24+00:00","dateModified":"2023-06-07T15:44:01+00:00","author":{"@id":"https:\/\/hcd.malargue.gov.ar\/#\/schema\/person\/3fd6bbab64edd703961b795156c955d0"},"breadcrumb":{"@id":"https:\/\/hcd.malargue.gov.ar\/?p=34179#breadcrumb"},"inLanguage":"es-AR","potentialAction":[{"@type":"ReadAction","target":["https:\/\/hcd.malargue.gov.ar\/?p=34179"]}]},{"@type":"BreadcrumbList","@id":"https:\/\/hcd.malargue.gov.ar\/?p=34179#breadcrumb","itemListElement":[{"@type":"ListItem","position":1,"name":"Inicio","item":"https:\/\/hcd.malargue.gov.ar\/"},{"@type":"ListItem","position":2,"name":"ORDEN DEL D\u00cdA 12\u00b0 SESI\u00d3N ORDINARIA"}]},{"@type":"WebSite","@id":"https:\/\/hcd.malargue.gov.ar\/#website","url":"https:\/\/hcd.malargue.gov.ar\/","name":"Malarg\u00fce HCD","description":"Malarg\u00fce Mendoza Argentina","potentialAction":[{"@type":"SearchAction","target":{"@type":"EntryPoint","urlTemplate":"https:\/\/hcd.malargue.gov.ar\/?s={search_term_string}"},"query-input":"required name=search_term_string"}],"inLanguage":"es-AR"},{"@type":"Person","@id":"https:\/\/hcd.malargue.gov.ar\/#\/schema\/person\/3fd6bbab64edd703961b795156c955d0","name":"Belen Pedernera Ferragut","image":{"@type":"ImageObject","inLanguage":"es-AR","@id":"https:\/\/hcd.malargue.gov.ar\/#\/schema\/person\/image\/","url":"https:\/\/secure.gravatar.com\/avatar\/1054ffab3893de4bb3eb29bdd22f7e34b8537bf5d34d9dab311818154ad5b71f?s=96&d=mm&r=g","contentUrl":"https:\/\/secure.gravatar.com\/avatar\/1054ffab3893de4bb3eb29bdd22f7e34b8537bf5d34d9dab311818154ad5b71f?s=96&d=mm&r=g","caption":"Belen Pedernera Ferragut"},"url":"https:\/\/hcd.malargue.gov.ar\/?author=5"}]}},"_links":{"self":[{"href":"https:\/\/hcd.malargue.gov.ar\/index.php?rest_route=\/wp\/v2\/posts\/34179","targetHints":{"allow":["GET"]}}],"collection":[{"href":"https:\/\/hcd.malargue.gov.ar\/index.php?rest_route=\/wp\/v2\/posts"}],"about":[{"href":"https:\/\/hcd.malargue.gov.ar\/index.php?rest_route=\/wp\/v2\/types\/post"}],"author":[{"embeddable":true,"href":"https:\/\/hcd.malargue.gov.ar\/index.php?rest_route=\/wp\/v2\/users\/5"}],"replies":[{"embeddable":true,"href":"https:\/\/hcd.malargue.gov.ar\/index.php?rest_route=%2Fwp%2Fv2%2Fcomments&post=34179"}],"version-history":[{"count":4,"href":"https:\/\/hcd.malargue.gov.ar\/index.php?rest_route=\/wp\/v2\/posts\/34179\/revisions"}],"predecessor-version":[{"id":34187,"href":"https:\/\/hcd.malargue.gov.ar\/index.php?rest_route=\/wp\/v2\/posts\/34179\/revisions\/34187"}],"wp:featuredmedia":[{"embeddable":true,"href":"https:\/\/hcd.malargue.gov.ar\/index.php?rest_route=\/wp\/v2\/media\/23974"}],"wp:attachment":[{"href":"https:\/\/hcd.malargue.gov.ar\/index.php?rest_route=%2Fwp%2Fv2%2Fmedia&parent=34179"}],"wp:term":[{"taxonomy":"category","embeddable":true,"href":"https:\/\/hcd.malargue.gov.ar\/index.php?rest_route=%2Fwp%2Fv2%2Fcategories&post=34179"},{"taxonomy":"post_tag","embeddable":true,"href":"https:\/\/hcd.malargue.gov.ar\/index.php?rest_route=%2Fwp%2Fv2%2Ftags&post=34179"}],"curies":[{"name":"wp","href":"https:\/\/api.w.org\/{rel}","templated":true}]}}