{"id":34203,"date":"2023-06-13T11:27:05","date_gmt":"2023-06-13T14:27:05","guid":{"rendered":"https:\/\/hcd.malargue.gov.ar\/?p=34203"},"modified":"2023-06-13T11:27:41","modified_gmt":"2023-06-13T14:27:41","slug":"acta-11-sesion-ordinaria-n1-128-o-30-05-2023","status":"publish","type":"post","link":"https:\/\/hcd.malargue.gov.ar\/?p=34203","title":{"rendered":"ACTA 11\u00b0 SESI\u00d3N ORDINARIA N\u00b01.128- \u201cO\u201d- 30\/05\/2023"},"content":{"rendered":"<div class=\"wp-block-image\">\n<figure class=\"alignright size-full is-resized\"><a href=\"http:\/\/hcd.malargue.gov.ar\/hcdpdf\/ORDINARIA%20N%201128%202023.pdf\"><img loading=\"lazy\" decoding=\"async\" src=\"https:\/\/hcd.malargue.gov.ar\/wp-content\/uploads\/2018\/06\/PDF-JPG.jpg\" alt=\"\" class=\"wp-image-7950\" width=\"132\" height=\"132\" srcset=\"https:\/\/hcd.malargue.gov.ar\/wp-content\/uploads\/2018\/06\/PDF-JPG.jpg 512w, https:\/\/hcd.malargue.gov.ar\/wp-content\/uploads\/2018\/06\/PDF-JPG-150x150.jpg 150w, https:\/\/hcd.malargue.gov.ar\/wp-content\/uploads\/2018\/06\/PDF-JPG-300x300.jpg 300w\" sizes=\"auto, (max-width: 132px) 100vw, 132px\" \/><\/a><\/figure>\n<\/div>\n\n\n<p>En Malarg\u00fce Mendoza a Treinta y un d\u00eda de Mayo de 2.023, cuando es la hora 09:08 se re\u00fane el Honorable Concejo Deliberante de la Municipalidad de Malarg\u00fce, para celebrar su Sesi\u00f3n Ordinaria. Bajo la Presidencia de su Titular D. Andr\u00e9s RISI y la presencia de los se\u00f1ores concejales Rosas, Varas, Mosca, Rojo, Parada, Camiolo, Correa e Hidalgo. \/\/ Se firma el Libro de Asistencia donde consta la ausencia del concejal Mart\u00edn Palma c\/ cert. M\u00e9dico. \/ Para dar comienzo al desarrollo del Orden del D\u00eda se invita a la concejal Paola Lorena ROJO a izar la Ense\u00f1a Patria. \/ b) Homenaje de los Se\u00f1ores Concejales.&nbsp; No hay solicitudes a tal efecto. \/ c) Consideraci\u00f3n Acta Sesi\u00f3n Ordinaria N\u00b01.127- \u201cO\u201d-2023.- Se pone a consideraci\u00f3n de los se\u00f1ores concejales y es aprobada. \/ d) Lectura del detalle de la correspondencia recibida y emitida.&nbsp; Notas Entradas: 1.Sra. Jesica Bravo, eleva documentaci\u00f3n de terreno en Barrio Virgen del Carmen Manzana B Fracci\u00f3n 20-3 para su tratamiento en el marco del Expte. correspondiente. Pasa a H.P.L.A.C.\/ 2. Sr. El\u00edas Mart\u00ednez por empresa Personal, acusa recibo de Resoluci\u00f3n N\u00ba 159\/2023 e informa su derivaci\u00f3n a Gerencia para su consideraci\u00f3n. Pasa a Secretar\u00eda \/ 3.Sr. Cristian Alcaya, solicita pr\u00f3rroga y\/o extensi\u00f3n de plazo del contrato de comodato para desarrollo del Proyecto Parque de Nieve Cerro Colorado (Centro de Esqui) Pasa a O.P.-T Y R.N y H.P.L.A.C. \/ 4.Departamento Ejecutivo, remite informe solicitado por Resoluci\u00f3n N\u00ba 122\/2.023 respecto a Obra de Remodelaci\u00f3n de la Plaza Independencia del Barrio Mart\u00edn Miguel de G\u00fcemes. Pasa a C.Esp.Seg. Obra\/ 5. Concejal Paola Lorena Rojo, solicita instancia de capacitaci\u00f3n de Fotograf\u00eda B\u00e1sica, dirigida a personal del Honorable Cuerpo. &nbsp;Pasa a E.H.M.A.S Y C \/ 6.Sr. Juan Manuel Pardo, solicita hacer uso de la Banca del Ciudadano a fin de exponer en torno a vivienda de su ocupaci\u00f3n en Barrio Grassi. \/Pasa a SECRETARIA \/ 7.Ing. Jorge Fern\u00e1ndez Jefe de Zona de Riego Rio Malarg\u00fce del Departamento Gral. de Irrigaci\u00f3n, respuesta a reclamo de la Vecina Mar\u00eda Beatriz Casco referida a corte de agua y desv\u00edo de Arroyo El Alamito por parte de PROARPA. &nbsp;Pasa a O.P.T Y R.N\/ 8.Sr. Sergio Mart\u00ednez, en representaci\u00f3n de Uni\u00f3n Vecinal de Barrio Bast\u00edas solicita hacer uso de Banca del Ciudadano a fin de exponer en torno a funcionamiento de la Sede Vecinal. Pasa a SECRETARIA \/ Notas Emitidas: 1.A los Doctores Alberto Recabarren, Guadalupe Montenegro, Adri\u00e1n castillo, Constanza Enrico, Profesora Natal\u00ed Flores y Licenciado Nicol\u00e1s Ramos, remitiendo copia de Resoluci\u00f3n N\u00ba 313\/2.023 declarando de Inter\u00e9s Departamental las Charlas de Prevenci\u00f3n de Enfermedades. . \/ e) Consideraci\u00f3n de los temas que ser\u00e1n incluidos en el punto Asuntos&nbsp;&nbsp;&nbsp;&nbsp; Varios y puesta a consideraci\u00f3n de mociones de tratamientos sobre tablas de diversos expedientes. \/ En uso de la palabra la concejal VARAS solicita el tratamiento sobre tablas del Expte N\u00b05287-HC-055-2023 que refiere a una Declaraci\u00f3n de Inter\u00e9s Departamental y Social y Deportivo de la fecha del Campeonato Nacional de B\u00e1squet adaptado. \/ Se pone a consideraci\u00f3n y es aprobada la moci\u00f3n. \/ La concejal ROJO expresa que es para mocionar a viva voz una incorporaci\u00f3n en el punto tres de los despachos, en el orden tres. El Expte 5283 del a\u00f1o 2023 Proyecto de Declaraci\u00f3n Departamental, social y econ\u00f3mica de mujeres apicultoras malarg\u00fcinas, para incorporar unos peque\u00f1os datos que sumar\u00edan al proyecto respecto de las personas que se mencionan en el proyecto \/PRESIDENCIA manifiesta si le parece hacemos una moci\u00f3n a viva voz en el momento que corresponda el tratamiento del despacho \/ Seguidamente el concejal HIDALGO solicita el tratamiento sobre tablas del punto 4 de los Proyectos. Expte. N\u00b0 5.288-HC 055-2.023 Proyecto de Resoluci\u00f3n Crear la Comisi\u00f3n Investigadora&nbsp;&nbsp; de Marcha y Gesti\u00f3n del programa Enlace. expresa que han la urgencia y el motivo por el cual solicito el tratamiento de este expediente es que se han detectado o ha&nbsp; llegado documentaci\u00f3n que podr\u00eda probar ciertos hechos de corrupci\u00f3n en donde se est\u00e1n entregando programas a nivel provincial a personas que no le corresponde en \u00e9poca electoral lo cual tendr\u00eda un cierto grado de proselitismo cuando ya hay veda electoral , no solo eso sino que cualquier hecho de corrupci\u00f3n debe ser investigado a la brevedad as\u00ed que por ello solicito el tratamiento sobre tablas. \/ Se pone a consideraci\u00f3n la moci\u00f3n y es aprobada. \/\/ &nbsp;&nbsp;f) Proyectos de los Se\u00f1ores Concejales:&nbsp;&nbsp; 1. Expte.N\u00ba5.285- HC 055-2.023 Proyecto de Resoluci\u00f3n: Solicitar informe al Departamento Ejecutivo sobre las aguas servidas en el Camping de la Localidad Las Loicas (BLOQUE U.C.R-INDEPENDIENTE) Autor: Concejal Gabriel Rosas.&nbsp; En uso de la palabra el concejal ROSAS expresa que este proyecto nace de una visita que hice hace poquitos d\u00edas por la localidad de las Loicas, donde los vecinos est\u00e1n preocupados por lo que redacta este proyecto. Es unas aguas servidas que est\u00e1n derram\u00e1ndose dentro de lo que es el camping municipal y bueno luego salen a la calle y corren por enfrente de la escuela p\u00fablica de ese lugar. Los vecinos me comentaban de que desde el 22 de octubre del 2022 que han enviado notas, llamados y reclamos y no tienen soluci\u00f3n y est\u00e1n muy preocupados por esta situaci\u00f3n. Voy a pedir que se lea solo el articulado y que pase a la comisi\u00f3n de Obras P\u00fablicas. \/\/ Se procede por Secretar\u00eda. \/ Luego en uso de la palabra la concejal CAMIOLO manifiesta que considerando que es un pedido de la comunidad bastante importante quiero mocionar que pase a la comisi\u00f3n de Hacienda si me lo permite el concejal para que pueda ser tratado y tambi\u00e9n quiero pedir que sea con tratamiento preferencial si usted concejal tambi\u00e9n lo permite , porque me parece que es grav\u00edsimo que ya pasen los siete meses de los reclamos de los vecinos y hayan sido deso\u00eddos y considerando que para los actos es impresionante la cantidad de funcionarios que van, pero al a\u00f1o, las soluciones que se piden no est\u00e1n. Entonces ser\u00eda muy importante que exista una respuesta y lo m\u00e1s r\u00e1pido posible, \/Pasa a H.P.L.A.C. con Tratamiento preferencial aprobado por el Cuerpo \/\/ 2. Expte.N\u00b05.286-HC 055-2.023 Proyecto de Ordenanza: Elab\u00f3rese por parte del Departamento Ejecutivo un Plan Municipal de agua potable para ampliar la provisi\u00f3n a todo el territorio departamental.&nbsp; (BLOQUE FRENTE CAMBIA MENDOZA (Autora: Concejal Daiana Varas Castro, quien en uso de la palabra manifiesta no voy a solicitar su lectura, s\u00ed contarle al resto de los ediles que es un lindo proyecto para que trabajemos y sobre todo para dar respuesta a esta problem\u00e1tica de muchos vecinos del Departamento de la zona local, y de la ciudad como tambi\u00e9n de la zona urbana, de la zona rural. Lo que ordena tambi\u00e9n el proyecto en su articulado es que en este plan se incluya a todos los barrios, y loteos de la ciudad, y a las localidades de los distritos, del Departamento para que de manera gradual y de una manera ordenada se llegue a dotar de agua potable en un cien por ciento&nbsp; a la poblaci\u00f3n , en un lapso no superior a cinco a\u00f1os. La verdad que no es algo muy descabellado, de trabajarse por eso digo que es lindo si lo podemos ver en la comisi\u00f3n correspondiente, y sobre todo porque tiene como base, un proyecto que el actual intendente, trabaj\u00f3 durante su estad\u00eda, en este Concejo que es la ordenanza 2017\/2019n programa progresivo del servicio de reparto de agua potable en la zona rural, en la misma pieza se sugiere que por lo menos ese se aplique. Porque el intendente actual no solo no aplica las ordenanzas de estos ediles sino que tampoco las mismas que fueron trabajadas por el durante su paso por el Concejo Deliberante, y una vez m\u00e1s recalcar, que es casi imposible de pensar que en la \u00e9poca en la que estamos , en el siglo en el que vivimos todav\u00eda le demos prioridad a otras obras y que no sean justamente la de poder brindar los servicios b\u00e1sicos que sabemos cu\u00e1les son y sobre todo el del agua potable, para un departamento que dentro de todo no es tan amplio y que podr\u00eda darle soluci\u00f3n \u00e9l como Intendente y con los recursos de todos los malarg\u00fcinos&nbsp; a esta problem\u00e1tica que afecta no solo a la zona rural sino tambi\u00e9n a muchos barrios de nuestra ciudad, solicito que pase a la comisi\u00f3n de H.P.L.A.C.\/\/&nbsp; \/ 3.Expte.N\u00b05.287-HC 055-2.023 Proyecto de Declaraci\u00f3n: Declarar de Inter\u00e9s Departamental Social y Deportivo la Fecha del Campeonato Nacional de B\u00e1squet Adaptado de Tercera Divisi\u00f3n a realizarse en el Club Deportivo Malarg\u00fce (BLOQUE FRENTE CAMBIA MENDOZA) Autora: Concejal Daiana Varas Castro &nbsp;Proyecto que tiene aprobado el tratamiento sobre tablas. . En uso de la palabra la concejal VARAS manifiesta que en realidad tambi\u00e9n para justificar un poco porqu\u00e9 la urgencia de su tratamiento sobre tablas y contarle al resto de los ediles y la poblaci\u00f3n que de la Federaci\u00f3n Argentina de B\u00e1squet Adaptado&nbsp; ha elegido como&nbsp; sede nuestro Departamento para llevar adelante una fecha del campeonato nacional y que esto se ha logrado a trav\u00e9s de un esfuerzo conjunto de la Escuela Maurin Navarro, el Club Deportivo Malarg\u00fce , la oficina de Emprende Malarg\u00fce y la Federaci\u00f3n Argentina de B\u00e1squet y lo que se va a llevar adelante en este fin de semana en nuestro Departamento es el segundo cuadrangular&nbsp; de Tercera Divisi\u00f3n , para su ascenso a la segunda divisi\u00f3n&nbsp; donde van a participar los equipos Dimac de San Rafael, Los Toros de San Luis , AS&nbsp; de Cipolletti y Los Granaderos de San Mart\u00edn Mendoza , se va a realizar el 3 y el 4 de junio , est\u00e1n todos invitados&nbsp; es un evento al que por asistir se pide un elemento no perecedero y la importancia es justamente que si tanto el Estado como la comunidad&nbsp; reconocemos y valoramos que se realicen en nuestro departamento todos estos eventos estoy segura que van a abrir&nbsp; las puertas para que tambi\u00e9n se desarrollen otras competencias&nbsp; de relevancia y por eso es importante acompa\u00f1ar esta iniciativa. \/ La concejal ROJO expresa que antes de la lectura del proyecto&nbsp; que va a ser tratado sobre tablas, solicito acompa\u00f1arlo con mi firma.\/ La concejal VARAS solicita que se le de lectura solo al articulado.( Se procede por Secretar\u00eda) &nbsp;&nbsp;la concejal avaras manifiesta que en su tratamiento sobre tablas le gustar\u00eda mocionar&nbsp; una modificaci\u00f3n que es agregarle&nbsp; un art\u00edculo que ser\u00eda el art\u00edculo tercero, que deber\u00eda decir exactamente: Hacer entrega por parte del Honorable Concejo Deliberante de Malarg\u00fce &nbsp;un reconocimiento a la Federaci\u00f3n Argentina de B\u00e1squet Adaptado, por su labor en pos de la inclusi\u00f3n de las personas con discapacidad en todo el pa\u00eds. El despacho ya est\u00e1 realizado. Cuando es la hora 9:27 la concejal VARAS solicita que el Cuerpo se constituya en comisi\u00f3n.&nbsp; A las 9:31 sale el Cuerpo de comisi\u00f3n.&nbsp; Se da lectura al despacho emitido en el cual se sugiere dar tratamiento al proyecto presentado con la inclusi\u00f3n del Art. 3\u00b0 que ya mencionara la concejal Varas con anterioridad.&nbsp; \/ Se pone a consideraci\u00f3n el despacho y es aprobado. \/\/ &nbsp;&nbsp;4. Expte.N\u00b05.288-HC 055-2.023 Proyecto de&nbsp; &nbsp;Resoluci\u00f3n: Crear la Comisi\u00f3n Investigadora de Marcha y Gesti\u00f3n del Programa Enlace (INTERBLOQUE FRENTE DE TODOS Y RECONSTRUYENDO MALARG\u00dcE) Autores: Concejales Rodrigo Hidalgo, Silvina Camiolo \/Expediente que tiene aprobado tambi\u00e9n el tratamiento sobre tablas. El concejal HIDALGO manifiesta que solo se lea el articulado y agrega, perm\u00edtame explicar m\u00e1s o menos de qu\u00e9 se trata, esto refiere a un programa provincial, Programa Enlace se llama, el cual est\u00e1 destinado a la generaci\u00f3n de primeros empleos, o a ayudar a aquellos j\u00f3venes que a\u00fan no han tenido un empleo, hemos detectado adulteraci\u00f3n, o posibles adulteraciones en certificados de estudio, hemos detectado beneficiarios de este programa que ya poseen un empleo, hemos detectado y nos han llegado tambi\u00e9n denuncias verbales, de personas que figuran en este listado y nunca han recibido este beneficio, o sea que podr\u00eda entenderse que se est\u00e1 desviando para otro lado como dec\u00eda reci\u00e9n son todos posibles hechos de corrupci\u00f3n por posibles delitos en \u00e9poca electoral, lo cual significar\u00eda estar induciendo votos por tal motivo entendemos que es urgente la informaci\u00f3n de esta comisi\u00f3n , as\u00ed que bueno, pedir que el Cuerpo se constituya en comisi\u00f3n para poder terminar y firmar el despacho.\/\/&nbsp;&nbsp; Se da lectura al articulado del proyecto, por Secretar\u00eda \/ Cuando es la hora 9.37 el concejal HIDALGO mociona que se constituya el Cuerpo en Comisi\u00f3n. Moci\u00f3n que es aprobada. \/ A las 10:00 Hs.&nbsp; Sale el Cuerpo de Comisi\u00f3n. Se da lectura al despacho emitido: Reunido el Cuerpo en comisi\u00f3n se&nbsp; sugiere&nbsp; dar aprobaci\u00f3n al proyecto presentado&nbsp;&nbsp; con las siguientes modificaciones: Visto \u00cddem proyecto original , Considerando: \u00cddem proyecto original, agregando otro considerando el que quedar\u00e1 redactado de la siguiente manera&gt;: Que el Art 71 de la&nbsp; Ley 1079&nbsp; en cuanto Atribuciones del Honorable Concejo Deliberante , Comisiones de Investigaci\u00f3n autoriza&nbsp; en su inc.2\u00b0 Nombrar de su seno comisiones de investigaci\u00f3n&nbsp; para que le informen sobre la marcha de la administraci\u00f3n en determinadas materias.\/ Resuelve: Art 1:&nbsp; \u00cddem proyecto original. Art 2\u00b0 Quedar\u00e1 redactado de la siguiente forma: Conformar la Comisi\u00f3n Investigadora de Marcha y Gesti\u00f3n del Programa Enlace, con los siguientes Concejales: Rodrigo Hidalgo, Silvina Camiolo y Gabriel Rosas. \/ Art. 3 Citar a las personas que la Comisi\u00f3n respectiva considere conveniente. Art 4\u00b0 De forma. \/ Se pone a consideraci\u00f3n el despacho del Cuerpo en Comision y es aprobado. \/\/g)Expedientes provenientes del Departamento Ejecutivo:1.Expte.N\u00b02.968\/2018-5 Departamento Ejecutivo: Habitantes del Paraje Bardas Blancas Solicitan informaci\u00f3n sobre la venta de Terrenos Municipales en Paraje de Bardas Blancas-Distrito de R\u00edo Grande.\/ Se lee la elevaci\u00f3n del \u00bf expediente y se dispone el pase a&nbsp; H.P.L.A.C. \/ &nbsp;2.Expte.N\u00b04.150\/2022-7 Departamento Ejecutivo: Apoderado Sr. Daniel Rodr\u00edguez Ref.: Ampliaci\u00f3n Proyecto PS Fotovoltaico Los Molles.\/ Por Secretar\u00eda se da lectura a la elevaci\u00f3n del expediente. Pasa a H.P.L.A.C. \/ &nbsp;3.Expte.N\u00b019.723\/2004-0 Departamento Ejecutivo: Bravo Gustavo Elio Ref. Habilitaci\u00f3n comercial Futbol Cinco \u201cEl Sitio\u201d.. \/ Se lee la elevaci\u00f3n del proyecto.&nbsp; Se dispone el pase a la comisi\u00f3n de O.P.T Y R.N \/\/\/ 4. Expte.N\u00b02.011\/11 y 4.143\/2.021 y 2 Departamento Ejecutivo: Ref.: Tosto Diego Rub\u00e9n p\/ Relevamiento y Construcci\u00f3n Departamento.&nbsp; Se lee por Secretar\u00eda la elevaci\u00f3n del expediente.&nbsp; Pasa a O.P.T Y R.N \/ 5. Expte.N\u00b03.596\/2.023-0 Departamento Ejecutivo:&nbsp; Ref.: Proyecto de Ordenanza \u201cRecategorizaci\u00f3n y Jerarquizaci\u00f3n General de Empleados Municipales\u201d. Por Secretar\u00eda se da lectura a la elevaci\u00f3n del Expediente. Pasa a H.P.L.A.C.&nbsp;&nbsp; La concejal CAMIOLO expresa con respecto comunicar y mucha gente quiz\u00e1s se anoticie&nbsp; de esta sesi\u00f3n, estamos, a nosotros tambi\u00e9n nos alcanza en la veda electoral y obviamente la veda, es muy molesto porque ha habido tres a\u00f1os y medio para mejorar la situaci\u00f3n del personal, y que justo se utilice este momento en el que todos estamos alcanzados por la veda. Para hacer este acto de recategorizaci\u00f3n realmente solo habla de los modos a los que ya lamentablemente &nbsp;&nbsp;nos tiene acostumbrados el intendente, y su equipo. Esto de pasar al Concejo Deliberante&nbsp; el proyecto previo al acto eleccionario, y adem\u00e1s que le comunique continuamente a los empleados que es el Concejo Deliberante el que no trata los distintos expedientes, me parece un acto de absoluta demagogia, y la verdad que a m\u00ed si me hubiera gustado que&nbsp; cumpliera con el pacto que \u00e9l asumi\u00f3 por ejemplo con el ATE y donde est\u00e1 su firma y su compromiso, de recategorizar al empleado que s\u00ed corresponda, se pudiera entregar la vestimenta todos los a\u00f1os, se comprometi\u00f3 tambi\u00e9n a mejorar el salario, la carga familiar, todo lo que no hizo, y ha venido, no digo en el \u00faltimo mes, los \u00faltimos quince d\u00edas , se\u00f1or Presidente nosotros no vamos a incumplir al veda electoral, obviamente vamos a trabajar el expediente, pero lo hemos anunciado en nuestras comisiones de trabajo lo vamos a hacer con la absoluta responsabilidad que corresponde y vamos a hacer parte de esto, al gremio que nosotros s\u00ed consideramos que es el gremio m\u00e1s importante de la Municipalidad de Malarg\u00fce &nbsp;&nbsp;que es el ATE, porque no queremos nosotros avanzar, con algo que no corresponda, y de manera discrecional, hay empleados que est\u00e1n esperando hace much\u00edsimo tiempo&nbsp; sus recategorizaciones y los tuvimos incluso la semana pasada aqu\u00ed, en el Concejo porque como lamentablemente tira la pelota ac\u00e1, pareciera que el Concejo sirve para resolver esto. De hecho incluso sus directores, ya les dec\u00edan ahora todo depende de los concejales, con una malicia absoluta. Porque no es desconocimiento, del sistema legal, es mal\u00edsimo. Entonces s\u00ed decirles a los empleados que vamos a trabajarlo al proyecto , muy trabajado, tambi\u00e9n vamos a hacer parte de esto al Departamento de Recursos Humanos, porque el criterio para recategorizar ha sido totalmente subjetivo, viene as\u00ed en los despachos, viene as\u00ed en los fundamentos, \u201cpor haber sido id\u00f3neos y por haber trabajado con responsabilidad\u201d , porque han hecho bonita la labor, en realidad , hay much\u00edsimos empleados municipales que yo s\u00e9 que trabajan muy bien, con respeto, con responsabilidad, y no los vimos en ese listado. En mi caso me toc\u00f3 trabajar en Desarrollo Social, cuatro a\u00f1os y muchas de las personas que creo que&nbsp; merec\u00edan una recategorizaci\u00f3n no ven\u00edan en ninguno&nbsp; los dos listados. Hay gente de otras \u00e1reas que tampoco las vimos, gente de much\u00edsimos a\u00f1os, de quince o veinte a\u00f1os atr\u00e1s, y por otro lado tenemos recategorizados que no llegan a cumplir el a\u00f1o, en sus funciones. O sea nosotros no nos vamos a prender, a este chantaje electoral al menos yo creo eso y creo que mis colegas tienen el mismo criterio, pero s\u00ed vamos a trabajar el proyecto en la comisi\u00f3n de Hacienda. \/\/ 6. Expte.N\u00b05.210-HC 050-2.023 Proyecto de Ordenanza: Modificar el Art. N\u00b046 de la Ordenanza Tarifaria N\u00b02.186\/2.022 Ref. a Tasas por servicio a la Propiedad Ra\u00edz. (Decreto N\u00b01305\/2.023) Se lee la elevaci\u00f3n del Expediente por Secretar\u00eda. \/ Pasa a la comisi\u00f3n de H.P.L.A.C. \/ 7. Expte.N\u00b03.779\/2023-0 Departamento Ejecutivo:&nbsp; Eleva Segundo Proyecto de Ordenanza Recategorizaci\u00f3n y Jerarquizaci\u00f3n General de Empleado.&nbsp; Se da lectura de la nota de elevaci\u00f3n.&nbsp; Posteriormente en uso de la palabra el concejal PARADA expresa, me sorprende, segundo proyecto de ordenanza, Recategorizaci\u00f3n y Jerarquizaci\u00f3n General de empleados. Creo que es importante aclarar m\u00e1s all\u00e1 de lo que dec\u00eda la concejal Camiolo y con quien coincido, unas cuestiones que tienen que ser conocidas por el p\u00fablico en general, y sobre todo por los empleados municipales, el primer proyecto, de recategorizaci\u00f3n&nbsp; reci\u00e9n est\u00e1 tomando&nbsp; estado parlamentario hoy, por lo tanto tambi\u00e9n toma estado parlamentario este segundo proyecto que acaba de ingresar , tambi\u00e9n hay que decir que mirando r\u00e1pidamente las listas que pude acceder reci\u00e9n en este segundo proyecto, no vienen el personal del Concejo Deliberante, que aqu\u00ed hay que aclarar que cuando estuvo a cargo de la Presidencia la concejal&nbsp; Paola Rojo, se hicieron los tr\u00e1mites necesarios pidiendo la recategorizaci\u00f3n , cuesti\u00f3n que no se ha cumplido, entonces se han hecho&nbsp; los correspondientes pedidos&nbsp; para que exista esta recategorizaci\u00f3n del personal del Concejo Deliberante, pero adem\u00e1s que el Sr Intendente ,tiene la facultad y lo ha estado haciendo, por decreto recategorizar personal, hemos estado mirando las muchas recategorizaciones, de un a\u00f1o, en las cual, encontramos recategorizados ,mucho personal con legajos que sin dudas no tienen m\u00e1s de cuatro a\u00f1os de trabajo, o por ejemplo encontramos , a un amigo de la adolescencia del Sr Intendente que se lo recategoriza, se le dio la categor\u00eda 12&nbsp; cuyo fundamento es \u201cpor el esp\u00edritu de trabajo que ha demostrado\u201d, esa ser\u00eda la fundamentaci\u00f3n y as\u00ed podr\u00edamos mostrar muchos m\u00e1s , entonces esto que est\u00e1 viniendo hoy viene a ser tambi\u00e9n gran parte de este juego de campa\u00f1a que se hace tan pr\u00f3ximo a unas nuevas elecciones&nbsp; . dejar claro entonces, estos dos proyectos toman reci\u00e9n estado parlamentario en el d\u00eda de la fecha. Por lo tanto nosotros previamente no pod\u00edamos empezar a trabajar estos proyectos, toman hoy estado parlamentario y segundo, no vienen en las listas los empleados del Honorable Concejo Deliberante y se han hecho las gestiones necesarias para que sean recategorizados, y por \u00faltimo el Sr. Intendente viene recategorizando y desconocemos cu\u00e1les son los par\u00e1metros, que considera al momento de recategorizar. Simplemente eso, Sr. Presidente. \/\/&nbsp; Seguidamente en uso de la palabra&nbsp; la concejal ROJO&nbsp; manifiesta&nbsp; con respecto a&nbsp; estos dos proyectos, que han ingresado justamente con esta referencia Categorizaci\u00f3n y Jerarquizaci\u00f3n&nbsp; de los empleados municipales , tambi\u00e9n acompa\u00f1o esta situaci\u00f3n que se da permanentemente con los empleados del Concejo Deliberante a lo cual el edil que me precedi\u00f3 tambi\u00e9n lo coment\u00f3, las gestiones y las reuniones que se tuvieron con el Intendente en el momento que tuve a cargo la presidencia del Concejo Deliberante, donde en reiteradas oportunidades se hizo esta solicitud, porque lo entiendo y lo consideraba l\u00f3gicamente justo, por la categor\u00eda que ellos tienen la mayor\u00eda de ellos, categor\u00eda seis, y con la antig\u00fcedad que mantienen dentro de&nbsp; este Concejo y sabemos&nbsp; que son pr\u00e1cticamente personas y compa\u00f1eros de trabajo multifunci\u00f3n podemos decir as\u00ed porque trabajan en cada una de las \u00e1reas y por ah\u00ed en \u00e1reas en que tenemos faltante de personal, porque no estamos sobrados como en otros sectores del municipio, tenemos una persona para cada una de las tareas asignadas, por eso bueno, una cuesti\u00f3n que considero en este momento y lo digo ac\u00e1 p\u00fablicamente injusta para nuestro personal el no haber estado&nbsp; y&nbsp; que lo aclare en una resoluci\u00f3n, que lo podemos hacer por una resoluci\u00f3n cuando en oportunidades no solamente por parte de mi presidencia sino tambi\u00e9n por parte del presidente Mart\u00edn Palma tambi\u00e9n lo solicit\u00f3 a lo cual ninguno de los dos tuvimos la respuesta favorable, cuestiones digamos que en este momento comunicacionales, la comunicaci\u00f3n era fluida y consideramos que iba a haber un respaldo desde el Ejecutivo para nuestro personal. Otro punto que tambi\u00e9n me parece importante aclarar que hay una resoluci\u00f3n justamente una resoluci\u00f3n de autor\u00eda de en ese momento el concejal Juan Manuel Ojeda donde se mencion\u00f3 la carrera del empleado municipal, el escalafonamiento&nbsp; que deb\u00eda ser&nbsp; una, o el paso a paso de empleado municipal, de una categor\u00eda 6 a una categor\u00eda 8 de una categor\u00eda 8 a una 9 , pero no como lo hemos podido percibir en esta planilla donde personal directamente asciende a una categor\u00eda 10 a una categor\u00eda 12 cuando tiene una antig\u00fcedad en el municipio de pr\u00e1cticamente res a\u00f1os, y empleados con m\u00e1s de veinte a\u00f1os, dentro de la Municipalidad que est\u00e9n en una categor\u00eda 8 o 9 lo veo totalmente injusto , s\u00e9 y veo en la lista, en esa n\u00f3mina interesante e importante de que hay personal que lo merece , no voy a decir que no, pero as\u00ed como veo muy pocos de esos que justamente se merecen , veo muchos casos que para mi son totalmente injustos que por los n\u00fameros de legajo podemos ver que son personas que han ingresado hace muy poquito al municipio, y no voy a utilizar otro t\u00e9rmino porque voy a quedar como irrespetuosa ante la situaci\u00f3n &nbsp;, pero planteo esto porque justamente con la trayectoria que uno ha tenido en el municipio, con los a\u00f1os y la antig\u00fcedad que uno tiene en la municipalidad &nbsp;, no poder ver en esa lista compa\u00f1eros de trabajo que totalmente han tenido &nbsp;&nbsp;, se han ganado el m\u00e9rito , es decir este m\u00e9rito que mencionan, &nbsp;que por eso justamente pasan a una categor\u00eda 10 y 12 y no tenerlos en esa categor\u00eda a mis compa\u00f1eros de trabajo, la verdad que duele, y molesta, por eso como lo mencionaron los concejales anteriores , es un proyecto que sin dudas, se va a trabajar a conciencia, en la comisi\u00f3n de Hacienda , que se entienda tambi\u00e9n y que el mensaje llegue a los empleados municipales y a los compa\u00f1eros de trabajo que en estos momentos la comisi\u00f3n &nbsp;lo va a evaluar, no tenemos las facultades para su aprobaci\u00f3n por esta veda electoral, pero es un proyecto que considero que puntualmente cada uno de los que vienen en esta n\u00f3mina importante deben ser evaluados en cuestiones de antig\u00fcedad , responsabilidad y si es necesario u oportuno esa categor\u00eda que se le est\u00e1 asignando u otra, pero bueno, con la tranquilidad de que llegue este mensaje a los empleados municipales que ambos proyectos que han ingresado en el d\u00eda de hoy &nbsp;&nbsp;han tomado estado parlamentario , l\u00f3gicamente ser\u00e1n evaluados por la comisi\u00f3n de H Hacienda &nbsp;y aquel,&nbsp; una recomendaci\u00f3n , y aquel empleado municipal que tenga dudas, con respecto a que si est\u00e1 o no est\u00e1 en la lista, estamos a disposici\u00f3n creo que la comisi\u00f3n y el Cuerpo Deliberativo completo, para que accedan a la lista, la conozcan, y puntualmente veamos tambi\u00e9n el caso, en el caso del que no est\u00e9 presente. Simplemente eso. \/\/ Pasa a H.P.L.A.C. &nbsp;\/ h) Despachos de las Comisiones de Trabajo:1. Nota HC-507-2.022 Sra. Carla Alejandra N\u00fa\u00f1ez, manifiesta su preocupaci\u00f3n por el medio ambiente y patrimonio sociocultural ambiental en relaci\u00f3n a Remodelaci\u00f3n del Boulevard de Avda.&nbsp; Rufino Ortega (O.P.T Y R.N) La comisi\u00f3n habiendo tomado conocimiento de la nota, sugiere su pase a la Comisi\u00f3n Especial de Seguimiento Obra Remodelaci\u00f3n Boulevard Avda. Rufino Ortega, parta su tratamiento en la misma y dar respuesta a la presentante de la nota. \/ Se pone a consideraci\u00f3n el despacho y es aprobado. \/ &nbsp;\/ 2.Expte.N\u00b05.233-HC 052-2.023 Proyecto de Ordenanza: Declarar de Inter\u00e9s Cultural y Patrimonial Departamental a la \u201cFiesta Departamental del Castronero\u201d (H.P.L.A.C.) La comisi\u00f3n sugiere&nbsp;&nbsp; Dar Aprobaci\u00f3n&nbsp; al proyecto presentado con las siguientes modificaciones: Visto y Considerando \u00cddem proyecto original. Ordena Art. 1\u00b0 Quedar\u00e1 redactado de la siguiente manera: Decl\u00e1rese de Inter\u00e9s Cultural Departamental la \u201cFiesta del Castronero\u201d. Art. 2\u00b0 Quedar\u00e1 redactado de la siguiente manera: Incorp\u00f3rese al Calendario de Eventos Departamentales creada por Ordenanza N\u00b0 1.736\/2.024 en cuyo Anexo en el \u00cdtem I se establece la n\u00f3mina de Fiestas Populares. Art 3\u00b0 Se elimina del original. Art. 4\u00b0&nbsp; De forma. \/ Se pone a consideraci\u00f3n el despacho y es aprobado.&nbsp; Seguidamente solicita la palabra el concejal PARADA, y manifiesta, agradecer al concejal Rosas que fue el propulsor de este proyecto, que se trabaj\u00f3 bastante, y agradecer a la gente que sobre todo de las comisiones&nbsp; o agrupaciones gauchas, que deciden poner en valor, un oficio tan importante&nbsp; para nuestra gente puestera que es el oficio del castronero, por all\u00ed r\u00e1pidamente para quienes probablemente puedan desconocer, el oficio del castronero es aquel personaje que o aquella persona que se dedica a cuidar los chivos machos, reproductores,&nbsp; lo cual es important\u00edsimo porque de \u00e9l depende los resultados en \u00faltima instancia en cuanto a lo que se conoce como la parici\u00f3n, o la cr\u00eda de nuestros chivitos, tan popularmente y nacionalmente conocidos. Es decir que ese hombre que en el mes de setiembre u octubre se instala en la cordillera para cuidar y que engorden los chivos reproductores machos&nbsp; hasta &nbsp;el mes de abril y probablemente los primeros d\u00edas de mayo, corriendo riesgo incluso de enfrentar temporales en cordillera, de ese eslab\u00f3n depende&nbsp; en gran parte todo el a\u00f1o&nbsp; productivo y el fruto de los chivitos de nuestra gente de campo . es un oficio tan antiguo como la trashumancia, es muy t\u00edpica de nuestras regiones, y la verdad que ponerlo en valor merece obviamente todos los aplausos, as\u00ed que felicitaciones al concejal Rosas, felicitaciones a la gente de la agrupaci\u00f3n gaucha que ha sido tambi\u00e9n promotora de la fiesta, que se hace en nuestra ciudad y que tenga continuidad en el tiempo para que las nuevas generaciones tambi\u00e9n sigan manteniendo este oficio , el oficio del castronero.&nbsp; &nbsp;&nbsp;\/ 3. Expte.N\u00b05.283-HC 055-2.023 Proyecto de Declaraci\u00f3n: Declarar de Inter\u00e9s Departamental Social y Econ\u00f3mica a las Mujeres Apicultoras Malarg\u00fcinas (E.H.M.A.S Y C.) &nbsp;&nbsp;La concejal ROJO solicita que el Cuerpo se constituya en comisi\u00f3n , cuando es la hora 10:30. \/&nbsp; A las 10:31 se reanuda la Sesi\u00f3n. La concejal ROJO manifiesta que le da curso al despacho de la comisi\u00f3n tal cual viene confeccionado \/\/ La comisi\u00f3n sugiere Dar Aprobaci\u00f3n al proyecto presentado sin modificaciones. Puesto a consideraci\u00f3n el despacho, es aprobado. \/ 4.Expte.N\u00b05.275-HC 054-2.023 Proyecto de Resoluci\u00f3n: Solicitar a la Direcci\u00f3n de Transporte de la Provincia regularice los recorridos del Transporte Publico hacia la zona rural. O.P.T Y R.N) La comisi\u00f3n sugiere Dar Aprobaci\u00f3n al proyecto presentado sin modificaciones. \/ Puesto a consideraci\u00f3n es aprobado. \/\/ \/ 5. Expte.N\u00b05.278-HC 055-2.023 Proyecto de Resoluci\u00f3n:&nbsp; Declarar de valor patrimonial intangible la Cultura Puestera de Malarg\u00fce (E.H.M.A.S Y C) &nbsp;La comisi\u00f3n sugiere Dar Aprobaci\u00f3n al proyecto presentado sin modificaciones. \/&nbsp; Nota:&nbsp; En el d\u00e9cimo considerando donde dice \u201cPiadores\u201d deber\u00e1 decir \u201cpialadores\u201d. \/ Se pone a consideraci\u00f3n el despacho y es aprobado.&nbsp; El concejal&nbsp; PARADA en uso de la palabra manifiesta&nbsp; la verdad que estoy muy feliz por esta aprobaci\u00f3n , gracias se\u00f1ores concejales , gracias a los que lo trabajaron en la comisi\u00f3n&nbsp; y sepan que cada vez que ven un arriero , cada vez que ven una mujer puestera, sentada frente a un telar, cada vez que se come un chivito malarg\u00fcino&nbsp; al horno, cada vez que van a un rodeo donde se lucen los pialadores , y cu\u00e1nto m\u00e1s, todo eso es la cultura puestera, y lo que pretendemos con esta declaraci\u00f3n, es que m\u00e1s all\u00e1 de la declaraci\u00f3n que busca conservarla sobre todas las cosas, conservar&nbsp; una cultura, que sea motivo para que despu\u00e9s se invierta, profundamente&nbsp; y en serio, para conservar nuestra gente de campo, y cuando digo conservar qu\u00e9 significa, invertir&nbsp; para que el arraigo de las nuevas generaciones, sea lineamiento pol\u00edtico que trascienda todas las gestiones de nuestro querido&nbsp; Departamento de Malarg\u00fce . y se invierte en el arraigo de las nuevas generaciones esta cultura seguir\u00e1 siendo la identidad&nbsp; que nos mostr\u00f3 en el mundo a trav\u00e9s del documental Arreo , por lo tanto sintetizo no quiero y no deseo y o se pretende que simplemente sea una declaraci\u00f3n que quede en un recuerdo , en un simple papel, sino que tenga un efecto realmente positivo en inversiones para que el arraigo sea pol\u00edtica de Estado en nuestro querido Malarg\u00fce y el arraigo de las nuevas generaciones de nuestros queridos puesteros, as\u00ed que nuevamente Gracias a los se\u00f1ores concejales y lo vamos a difundir\u00e9 con mucho gusto para nuestra gente de campo, sabiendo que estamos orgullosos de esa cultura de la cual venimos y reitero, nos identifica tambi\u00e9n por qu\u00e9 no decirlo en el mundo. Muchas Gracias \/&nbsp; &nbsp;&nbsp;La concejal CORREA en uso de la palabra manifiesta, solamente para solicitar, unos minutitos porque en el d\u00eda de ayer, tom\u00e9 conocimiento sobre una situaci\u00f3n de unos vecinos del Departamento y si me lo permiten quisiera hacer una exposici\u00f3n al respecto. En la ma\u00f1ana de ayer tomamos conocimiento , algunos concejales creo que lo hicieron el d\u00eda martes, recibiendo a los vecinos de la Colonia H\u00edpica, m\u00e1s propiamente de la Calle Mina Car, del Departamento, la situaci\u00f3n es que ellos en el d\u00eda de hoy se quedan sin luz, para ser m\u00e1s espec\u00edfica los vecinos estaban&nbsp; usando luz que un vecino les pasaba, ellos vienen viviendo esta situaci\u00f3n desde hace mucho tiempo, incluso, casi tres a\u00f1os, llegaron al Concejo para plantearnos que la situaci\u00f3n, la obra&nbsp; &nbsp;del tendido el\u00e9ctrico de la Calle Mina Car , viene en el presupuesto del 2023 y obviamente el reclamo fue que el Concejo no hab\u00eda aprobado el&nbsp; presupuesto de est a\u00f1o. Simplemente para dejar claro que la obra no solamente viene en el presupuesto 2023, la obra ha venido en el presupuesto 2020 , 2021 y 2022 y fue aprobada por este Concejo Deliberante en los tres presupuestos .En el \u00faltimo presupuesto la obra tiene un monto aproximado de cuatro millones y medio, y porqu\u00e9 quer\u00eda sumarme al reclamo de los vecinos que es importante que la obra se realice , m\u00e1s all\u00e1 de que si el presupuesto est\u00e1 aprobado o no, porque entiendo que la obra ya ten\u00eda el dinero, para&nbsp; hacerlo estos tres a\u00f1os anteriores, mostrar que realmente para el Se\u00f1or Intendente , las prioridades del Departamento no son los vecinos, ustedes saben y tomaron conocimiento porque desde este Bloque hicimos llegar la denuncia, el a\u00f1o pasado se le pag\u00f3 a Giambenedeti S.A por una revista que no lleg\u00f3 , que no vimos, cinco millones de pesos, con ese dinero se hubiera podido hacer, la obra de los vecinos de la calle Mina Car. Est\u00e1 diferenciada la obra en el presupuesto si ustedes pueden verla, est\u00e1 la obra, el tendido el\u00e9ctrico para toda la Colonia H\u00edpica por un valor de 46 millones y unos \u00edtems m\u00e1s abajo est\u00e1 la obra de la calle Mina Car, una vez m\u00e1s podemos ver y notar que las prioridades del Ejecutivo no son los vecinos de Malarg\u00fce , sino vecinos de otros Departamentos. Muchas Gracias \/\/ &nbsp;&nbsp;\/ i) Asuntos Varios: No hay solicitudes a tal efecto \/\/&nbsp;&nbsp;&nbsp; -j) Acto de arriar el Pabell\u00f3n Nacional a cargo de la concejal que lo iz\u00f3 para lo cual se invita a la concejal Paola ROJO. &nbsp;Cuando es la hora 10:38 se da por terminada la sesi\u00f3n\/ Previa lectura y consideraci\u00f3n de lo que antecede firman las presentes actuaciones el Se\u00f1or Presidente y la Se\u00f1ora Secretaria del Honorable Concejo Deliberante de la Municipalidad de Malarg\u00fce.&nbsp;<\/p>\n","protected":false},"excerpt":{"rendered":"<p>En Malarg\u00fce Mendoza a Treinta y un d\u00eda de Mayo de 2.023, cuando es la hora 09:08 se re\u00fane el Honorable Concejo Deliberante de la Municipalidad de Malarg\u00fce, para celebrar su Sesi\u00f3n Ordinaria. Bajo la Presidencia de su Titular D. Andr\u00e9s RISI y la presencia de los se\u00f1ores concejales Rosas, Varas, Mosca, Rojo, Parada, Camiolo, [&hellip;]<\/p>\n","protected":false},"author":5,"featured_media":33337,"comment_status":"closed","ping_status":"closed","sticky":false,"template":"","format":"standard","meta":{"footnotes":""},"categories":[60,52,33,36],"tags":[],"class_list":["post-34203","post","type-post","status-publish","format-standard","has-post-thumbnail","hentry","category-acta-de-sesiones","category-gacetillas","category-prensa","category-sesiones"],"yoast_head":"<!-- This site is optimized with the Yoast SEO plugin v19.10 - https:\/\/yoast.com\/wordpress\/plugins\/seo\/ -->\n<title>ACTA 11\u00b0 SESI\u00d3N ORDINARIA N\u00b01.128- \u201cO\u201d- 30\/05\/2023 - Malarg\u00fce HCD<\/title>\n<meta name=\"robots\" content=\"index, follow, max-snippet:-1, max-image-preview:large, max-video-preview:-1\" \/>\n<link rel=\"canonical\" href=\"https:\/\/hcd.malargue.gov.ar\/?p=34203\" \/>\n<meta property=\"og:locale\" content=\"es_ES\" \/>\n<meta property=\"og:type\" content=\"article\" \/>\n<meta property=\"og:title\" content=\"ACTA 11\u00b0 SESI\u00d3N ORDINARIA N\u00b01.128- \u201cO\u201d- 30\/05\/2023 - Malarg\u00fce HCD\" \/>\n<meta property=\"og:description\" content=\"En Malarg\u00fce Mendoza a Treinta y un d\u00eda de Mayo de 2.023, cuando es la hora 09:08 se re\u00fane el Honorable Concejo Deliberante de la Municipalidad de Malarg\u00fce, para celebrar su Sesi\u00f3n Ordinaria. Bajo la Presidencia de su Titular D. Andr\u00e9s RISI y la presencia de los se\u00f1ores concejales Rosas, Varas, Mosca, Rojo, Parada, Camiolo, [&hellip;]\" \/>\n<meta property=\"og:url\" content=\"https:\/\/hcd.malargue.gov.ar\/?p=34203\" \/>\n<meta property=\"og:site_name\" content=\"Malarg\u00fce HCD\" \/>\n<meta property=\"article:published_time\" content=\"2023-06-13T14:27:05+00:00\" \/>\n<meta property=\"article:modified_time\" content=\"2023-06-13T14:27:41+00:00\" \/>\n<meta property=\"og:image\" content=\"https:\/\/hcd.malargue.gov.ar\/wp-content\/uploads\/2023\/03\/actas-sesiones.jpg\" \/>\n\t<meta property=\"og:image:width\" content=\"1640\" \/>\n\t<meta property=\"og:image:height\" content=\"924\" \/>\n\t<meta property=\"og:image:type\" content=\"image\/jpeg\" \/>\n<meta name=\"author\" content=\"Belen Pedernera Ferragut\" \/>\n<meta name=\"twitter:card\" content=\"summary_large_image\" \/>\n<meta name=\"twitter:label1\" content=\"Escrito por\" \/>\n\t<meta name=\"twitter:data1\" content=\"Belen Pedernera Ferragut\" \/>\n\t<meta name=\"twitter:label2\" content=\"Tiempo de lectura\" \/>\n\t<meta name=\"twitter:data2\" content=\"30 minutos\" \/>\n<script type=\"application\/ld+json\" class=\"yoast-schema-graph\">{\"@context\":\"https:\/\/schema.org\",\"@graph\":[{\"@type\":\"WebPage\",\"@id\":\"https:\/\/hcd.malargue.gov.ar\/?p=34203\",\"url\":\"https:\/\/hcd.malargue.gov.ar\/?p=34203\",\"name\":\"ACTA 11\u00b0 SESI\u00d3N ORDINARIA N\u00b01.128- \u201cO\u201d- 30\/05\/2023 - Malarg\u00fce HCD\",\"isPartOf\":{\"@id\":\"https:\/\/hcd.malargue.gov.ar\/#website\"},\"datePublished\":\"2023-06-13T14:27:05+00:00\",\"dateModified\":\"2023-06-13T14:27:41+00:00\",\"author\":{\"@id\":\"https:\/\/hcd.malargue.gov.ar\/#\/schema\/person\/3fd6bbab64edd703961b795156c955d0\"},\"breadcrumb\":{\"@id\":\"https:\/\/hcd.malargue.gov.ar\/?p=34203#breadcrumb\"},\"inLanguage\":\"es-AR\",\"potentialAction\":[{\"@type\":\"ReadAction\",\"target\":[\"https:\/\/hcd.malargue.gov.ar\/?p=34203\"]}]},{\"@type\":\"BreadcrumbList\",\"@id\":\"https:\/\/hcd.malargue.gov.ar\/?p=34203#breadcrumb\",\"itemListElement\":[{\"@type\":\"ListItem\",\"position\":1,\"name\":\"Inicio\",\"item\":\"https:\/\/hcd.malargue.gov.ar\/\"},{\"@type\":\"ListItem\",\"position\":2,\"name\":\"ACTA 11\u00b0 SESI\u00d3N ORDINARIA N\u00b01.128- \u201cO\u201d- 30\/05\/2023\"}]},{\"@type\":\"WebSite\",\"@id\":\"https:\/\/hcd.malargue.gov.ar\/#website\",\"url\":\"https:\/\/hcd.malargue.gov.ar\/\",\"name\":\"Malarg\u00fce HCD\",\"description\":\"Malarg\u00fce Mendoza Argentina\",\"potentialAction\":[{\"@type\":\"SearchAction\",\"target\":{\"@type\":\"EntryPoint\",\"urlTemplate\":\"https:\/\/hcd.malargue.gov.ar\/?s={search_term_string}\"},\"query-input\":\"required name=search_term_string\"}],\"inLanguage\":\"es-AR\"},{\"@type\":\"Person\",\"@id\":\"https:\/\/hcd.malargue.gov.ar\/#\/schema\/person\/3fd6bbab64edd703961b795156c955d0\",\"name\":\"Belen Pedernera Ferragut\",\"image\":{\"@type\":\"ImageObject\",\"inLanguage\":\"es-AR\",\"@id\":\"https:\/\/hcd.malargue.gov.ar\/#\/schema\/person\/image\/\",\"url\":\"https:\/\/secure.gravatar.com\/avatar\/1054ffab3893de4bb3eb29bdd22f7e34b8537bf5d34d9dab311818154ad5b71f?s=96&d=mm&r=g\",\"contentUrl\":\"https:\/\/secure.gravatar.com\/avatar\/1054ffab3893de4bb3eb29bdd22f7e34b8537bf5d34d9dab311818154ad5b71f?s=96&d=mm&r=g\",\"caption\":\"Belen Pedernera Ferragut\"},\"url\":\"https:\/\/hcd.malargue.gov.ar\/?author=5\"}]}<\/script>\n<!-- \/ Yoast SEO plugin. -->","yoast_head_json":{"title":"ACTA 11\u00b0 SESI\u00d3N ORDINARIA N\u00b01.128- \u201cO\u201d- 30\/05\/2023 - Malarg\u00fce HCD","robots":{"index":"index","follow":"follow","max-snippet":"max-snippet:-1","max-image-preview":"max-image-preview:large","max-video-preview":"max-video-preview:-1"},"canonical":"https:\/\/hcd.malargue.gov.ar\/?p=34203","og_locale":"es_ES","og_type":"article","og_title":"ACTA 11\u00b0 SESI\u00d3N ORDINARIA N\u00b01.128- \u201cO\u201d- 30\/05\/2023 - Malarg\u00fce HCD","og_description":"En Malarg\u00fce Mendoza a Treinta y un d\u00eda de Mayo de 2.023, cuando es la hora 09:08 se re\u00fane el Honorable Concejo Deliberante de la Municipalidad de Malarg\u00fce, para celebrar su Sesi\u00f3n Ordinaria. Bajo la Presidencia de su Titular D. Andr\u00e9s RISI y la presencia de los se\u00f1ores concejales Rosas, Varas, Mosca, Rojo, Parada, Camiolo, [&hellip;]","og_url":"https:\/\/hcd.malargue.gov.ar\/?p=34203","og_site_name":"Malarg\u00fce HCD","article_published_time":"2023-06-13T14:27:05+00:00","article_modified_time":"2023-06-13T14:27:41+00:00","og_image":[{"width":1640,"height":924,"url":"https:\/\/hcd.malargue.gov.ar\/wp-content\/uploads\/2023\/03\/actas-sesiones.jpg","type":"image\/jpeg"}],"author":"Belen Pedernera Ferragut","twitter_card":"summary_large_image","twitter_misc":{"Escrito por":"Belen Pedernera Ferragut","Tiempo de lectura":"30 minutos"},"schema":{"@context":"https:\/\/schema.org","@graph":[{"@type":"WebPage","@id":"https:\/\/hcd.malargue.gov.ar\/?p=34203","url":"https:\/\/hcd.malargue.gov.ar\/?p=34203","name":"ACTA 11\u00b0 SESI\u00d3N ORDINARIA N\u00b01.128- \u201cO\u201d- 30\/05\/2023 - Malarg\u00fce HCD","isPartOf":{"@id":"https:\/\/hcd.malargue.gov.ar\/#website"},"datePublished":"2023-06-13T14:27:05+00:00","dateModified":"2023-06-13T14:27:41+00:00","author":{"@id":"https:\/\/hcd.malargue.gov.ar\/#\/schema\/person\/3fd6bbab64edd703961b795156c955d0"},"breadcrumb":{"@id":"https:\/\/hcd.malargue.gov.ar\/?p=34203#breadcrumb"},"inLanguage":"es-AR","potentialAction":[{"@type":"ReadAction","target":["https:\/\/hcd.malargue.gov.ar\/?p=34203"]}]},{"@type":"BreadcrumbList","@id":"https:\/\/hcd.malargue.gov.ar\/?p=34203#breadcrumb","itemListElement":[{"@type":"ListItem","position":1,"name":"Inicio","item":"https:\/\/hcd.malargue.gov.ar\/"},{"@type":"ListItem","position":2,"name":"ACTA 11\u00b0 SESI\u00d3N ORDINARIA N\u00b01.128- \u201cO\u201d- 30\/05\/2023"}]},{"@type":"WebSite","@id":"https:\/\/hcd.malargue.gov.ar\/#website","url":"https:\/\/hcd.malargue.gov.ar\/","name":"Malarg\u00fce HCD","description":"Malarg\u00fce Mendoza Argentina","potentialAction":[{"@type":"SearchAction","target":{"@type":"EntryPoint","urlTemplate":"https:\/\/hcd.malargue.gov.ar\/?s={search_term_string}"},"query-input":"required name=search_term_string"}],"inLanguage":"es-AR"},{"@type":"Person","@id":"https:\/\/hcd.malargue.gov.ar\/#\/schema\/person\/3fd6bbab64edd703961b795156c955d0","name":"Belen Pedernera Ferragut","image":{"@type":"ImageObject","inLanguage":"es-AR","@id":"https:\/\/hcd.malargue.gov.ar\/#\/schema\/person\/image\/","url":"https:\/\/secure.gravatar.com\/avatar\/1054ffab3893de4bb3eb29bdd22f7e34b8537bf5d34d9dab311818154ad5b71f?s=96&d=mm&r=g","contentUrl":"https:\/\/secure.gravatar.com\/avatar\/1054ffab3893de4bb3eb29bdd22f7e34b8537bf5d34d9dab311818154ad5b71f?s=96&d=mm&r=g","caption":"Belen Pedernera Ferragut"},"url":"https:\/\/hcd.malargue.gov.ar\/?author=5"}]}},"_links":{"self":[{"href":"https:\/\/hcd.malargue.gov.ar\/index.php?rest_route=\/wp\/v2\/posts\/34203","targetHints":{"allow":["GET"]}}],"collection":[{"href":"https:\/\/hcd.malargue.gov.ar\/index.php?rest_route=\/wp\/v2\/posts"}],"about":[{"href":"https:\/\/hcd.malargue.gov.ar\/index.php?rest_route=\/wp\/v2\/types\/post"}],"author":[{"embeddable":true,"href":"https:\/\/hcd.malargue.gov.ar\/index.php?rest_route=\/wp\/v2\/users\/5"}],"replies":[{"embeddable":true,"href":"https:\/\/hcd.malargue.gov.ar\/index.php?rest_route=%2Fwp%2Fv2%2Fcomments&post=34203"}],"version-history":[{"count":1,"href":"https:\/\/hcd.malargue.gov.ar\/index.php?rest_route=\/wp\/v2\/posts\/34203\/revisions"}],"predecessor-version":[{"id":34204,"href":"https:\/\/hcd.malargue.gov.ar\/index.php?rest_route=\/wp\/v2\/posts\/34203\/revisions\/34204"}],"wp:featuredmedia":[{"embeddable":true,"href":"https:\/\/hcd.malargue.gov.ar\/index.php?rest_route=\/wp\/v2\/media\/33337"}],"wp:attachment":[{"href":"https:\/\/hcd.malargue.gov.ar\/index.php?rest_route=%2Fwp%2Fv2%2Fmedia&parent=34203"}],"wp:term":[{"taxonomy":"category","embeddable":true,"href":"https:\/\/hcd.malargue.gov.ar\/index.php?rest_route=%2Fwp%2Fv2%2Fcategories&post=34203"},{"taxonomy":"post_tag","embeddable":true,"href":"https:\/\/hcd.malargue.gov.ar\/index.php?rest_route=%2Fwp%2Fv2%2Ftags&post=34203"}],"curies":[{"name":"wp","href":"https:\/\/api.w.org\/{rel}","templated":true}]}}