{"id":34242,"date":"2023-06-14T13:07:32","date_gmt":"2023-06-14T16:07:32","guid":{"rendered":"https:\/\/hcd.malargue.gov.ar\/?p=34242"},"modified":"2023-08-18T11:33:43","modified_gmt":"2023-08-18T14:33:43","slug":"orden-del-dia-13-sesion-ordinaria","status":"publish","type":"post","link":"https:\/\/hcd.malargue.gov.ar\/?p=34242","title":{"rendered":"ORDEN DEL DIA 13\u00b0 SESI\u00d3N ORDINARIA"},"content":{"rendered":"<div class=\"wp-block-image\">\n<figure class=\"alignright size-full is-resized\"><a href=\"http:\/\/hcd.malargue.gov.ar\/hcdpdf\/13%20ORDEN%2015%20de%20Junio%20de%202023.pdf\"><img loading=\"lazy\" decoding=\"async\" src=\"https:\/\/hcd.malargue.gov.ar\/wp-content\/uploads\/2018\/06\/PDF-JPG.jpg\" alt=\"\" class=\"wp-image-7950\" style=\"width:121px;height:121px\" width=\"121\" height=\"121\" srcset=\"https:\/\/hcd.malargue.gov.ar\/wp-content\/uploads\/2018\/06\/PDF-JPG.jpg 512w, https:\/\/hcd.malargue.gov.ar\/wp-content\/uploads\/2018\/06\/PDF-JPG-150x150.jpg 150w, https:\/\/hcd.malargue.gov.ar\/wp-content\/uploads\/2018\/06\/PDF-JPG-300x300.jpg 300w\" sizes=\"auto, (max-width: 121px) 100vw, 121px\" \/><\/a><\/figure>\n<\/div>\n\n\n<h5 class=\"wp-block-heading\">D\u00eda Jueves&nbsp;15 de Junio de 2.023<\/h5>\n\n\n\n<h5 class=\"wp-block-heading\">Hora: 08:50 <\/h5>\n\n\n\n<p>BANCA DEL CIUDADANO: Sr. Sergio MARTINEZ &nbsp;&nbsp;&nbsp;<\/p>\n\n\n\n<p>TEMA: Uni\u00f3n Vecinal B\u00b0 Bast\u00edas: Planteamientos varios en relaci\u00f3n a la Sede vecinal y falta de<\/p>\n\n\n\n<p> comunicaci\u00f3n con el Centro de Gesti\u00f3n N\u00b04<\/p>\n\n\n\n<p><strong><em>a) Acto de Izar la Ense\u00f1a Patria&nbsp;&nbsp; a cargo de la Srta. &nbsp;Concejal Daiana VARAS<\/em><\/strong> <strong><em>CASTRO&nbsp;<\/em><\/strong><\/p>\n\n\n\n<p><strong><em>b) Homenaje de los Se\u00f1ores Concejales.<\/em><\/strong><\/p>\n\n\n\n<p><strong><em>c) Consideraci\u00f3n Acta Sesi\u00f3n Ordinaria N\u00b01.129- \u201cO\u201d-2023.-<\/em><\/strong><\/p>\n\n\n\n<p><strong><em>d) Lectura del detalle de la correspondencia recibida y emitida.<\/em><\/strong><\/p>\n\n\n\n<p><strong><em>e) Consideraci\u00f3n de los temas que ser\u00e1n incluidos en el punto Asuntos&nbsp;&nbsp;&nbsp;&nbsp; Varios y<\/em><\/strong><\/p>\n\n\n\n<p><strong><em>&nbsp;&nbsp; puesta a consideraci\u00f3n de mociones de tratamientos sobre tablas de diversos<\/em><\/strong><\/p>\n\n\n\n<p><strong><em>&nbsp;&nbsp; expedientes.<\/em><\/strong><\/p>\n\n\n\n<p><strong><em>f)<\/em><\/strong><strong><em> Proyectos de los Se\u00f1ores Concejales: <\/em><\/strong><em>&nbsp;&nbsp;&nbsp;<\/em><\/p>\n\n\n\n<ol class=\"wp-block-list\" type=\"1\">\n<li>Expte.N\u00b05.292-HC 056-2.023 Proyecto de Resoluci\u00f3n: Reiterar solicitud de Resoluci\u00f3n N\u00b0104\/2.023 Convocar a Jornada de Di\u00e1logo al Administrador de la Direcci\u00f3n Provincial de Vialidad. (BLOQUE FRENTE CAMBIA MENDOZA) Autora: Concejal Paola Lorena Rojo<\/li>\n\n\n\n<li>Expte.N\u00ba5.293- HC 056-2.023 Proyecto de Resoluci\u00f3n:&nbsp; Solicitar cumplimiento de Ordenanza N\u00b02.092\/21 y 2.001\/19 Imponer nombre a calles y urbanizaci\u00f3n del Barrio 60 Aniversario. (BLOQUE FRENTE CAMBIA MENDOZA) Autora: &nbsp;Concejal Paola Lorena Rojo<\/li>\n<\/ol>\n\n\n\n<p><strong><em>g) Expedientes provenientes del Departamento Ejecutivo<\/em><\/strong><\/p>\n\n\n\n<p>1. Expte.N\u00b02.025\/2023 Departamento Ejecutivo: A 3949 Responsabilidad Fiscal&nbsp;Primer Trimestre<\/p>\n\n\n\n<p>&nbsp;&nbsp;&nbsp; Ejercicio 2.023<\/p>\n\n\n\n<p><strong><em>h) Despachos de las Comisiones de Trabajo:<\/em><\/strong><\/p>\n\n\n\n<ol class=\"wp-block-list\" type=\"1\">\n<li>&nbsp;Expte.N\u00b05.285-HC 055-2.023 Proyecto de Resoluci\u00f3n: Solicitar&nbsp;&nbsp; informe al Departamento Ejecutivo sobre las aguas servidas en el Camping de la Localidad Las Loicas. (H.P.L.A.C.)<\/li>\n\n\n\n<li>Expte.N\u00b05.258-HC&nbsp; 053-2.023 Proyecto de Ordenanza: Renovaci\u00f3n y modernizaci\u00f3n de los espacios verdes ubicados en calles \u00c1lvarez, Las Heras y Tomasa de San Mart\u00edn. (O.P.T Y R.N y H.P.L.A.C.)<\/li>\n\n\n\n<li>Nota HC 165-2.023 Banca del Ciudadano: Ruidos molestos por funcionamiento de f\u00e1brica de yeso. Contaminaci\u00f3n ac\u00fastica&nbsp;&nbsp; zona residencial (O.P.T Y R.N)&nbsp;<\/li>\n<\/ol>\n\n\n\n<p><strong>i<\/strong><strong><em>) Asuntos Varios. &#8211;&nbsp;&nbsp;&nbsp;&nbsp;&nbsp;&nbsp;&nbsp;<\/em><\/strong><\/p>\n\n\n\n<p><strong><em>j) Acto de arriar el Pabell\u00f3n Nacional a cargo de la concejal que lo<\/em><\/strong><strong> iz\u00f3. &#8211; <\/strong><strong><em><\/em><\/strong><\/p>\n\n\n\n<p><strong>&nbsp;&nbsp;&nbsp;&nbsp;&nbsp;&nbsp;&nbsp;&nbsp;&nbsp;&nbsp;&nbsp;&nbsp;&nbsp;&nbsp;&nbsp;&nbsp;&nbsp;&nbsp;&nbsp;&nbsp;&nbsp;&nbsp;&nbsp;&nbsp;&nbsp;&nbsp;&nbsp;&nbsp;&nbsp;&nbsp;&nbsp;&nbsp;&nbsp;&nbsp;&nbsp;&nbsp;&nbsp;&nbsp;&nbsp;&nbsp;&nbsp;&nbsp;&nbsp;&nbsp;&nbsp;&nbsp;&nbsp;&nbsp;&nbsp;&nbsp;&nbsp;&nbsp;&nbsp;&nbsp;&nbsp;&nbsp;&nbsp;&nbsp;&nbsp;&nbsp;&nbsp;&nbsp;&nbsp;&nbsp;&nbsp;&nbsp;&nbsp;&nbsp;&nbsp;&nbsp;&nbsp;&nbsp;&nbsp;&nbsp;&nbsp;&nbsp;&nbsp;&nbsp;&nbsp;&nbsp;&nbsp;&nbsp;&nbsp;&nbsp;&nbsp;&nbsp;&nbsp;&nbsp;&nbsp; Presidencia H.C.D 13 &nbsp;&nbsp;&nbsp;de Junio de 2.023.-<\/strong><\/p>\n\n\n\n<p><strong>CORRESPONDENCIA\u00a0 PARA LA SESI\u00d3N<\/strong><\/p>\n\n\n\n<p><strong>Del d\u00eda Jueves 15 de Junio\u00a0 de 2.023<\/strong><\/p>\n\n\n\n<p><strong>NOTAS INGRESADAS<\/strong><\/p>\n\n\n\n<ol class=\"wp-block-list\" type=\"1\" start=\"1\">\n<li>Sra. Ver\u00f3nica San Mart\u00edn Directora de Escuela N\u00ba 2-030 Dr. Juan Maurin Navarro solicita donaci\u00f3n de banderas de ceremonias Nacional y Provincial, para la instituci\u00f3n.<\/li>\n\n\n\n<li>Vecinos de Barrio Carbometal solicita abordar la obra de urbanizaci\u00f3n del barrio, anunciada oportunamente por el Sr. Intendente Municipal.<\/li>\n\n\n\n<li>Departamento Ejecutivo remite informaci\u00f3n solicitada mediante Resoluciones N\u00ba 168, 169, 170, 171, 172, 173,174, 175 y 176\/2.023, descuentos Item presentismo.<\/li>\n<\/ol>\n\n\n\n<p><strong>NOTAS\u00a0 EMITIDAS<\/strong><\/p>\n\n\n\n<ol class=\"wp-block-list\" type=\"1\">\n<li>A la Comisi\u00f3n de Educaci\u00f3n, Ciencia y Tecnolog\u00eda de la Honorable C\u00e1mara de Senadores remitiendo copia de Resoluci\u00f3n N\u00ba 208\/2.023 solicitando urgente tratamiento del Proy. De Ley actualizaci\u00f3n del C\u00f3digo 046 Trabajadores Docentes de Jornada Completa.<\/li>\n\n\n\n<li>Al Sr. Sergio Mart\u00ednez por Uni\u00f3n Vecinal Barrio Bast\u00edas, informando que podr\u00e1 hacer uso de la Banca del Ciudadano.<\/li>\n\n\n\n<li><\/li>\n<\/ol>\n","protected":false},"excerpt":{"rendered":"<p>D\u00eda Jueves&nbsp;15 de Junio de 2.023 Hora: 08:50 BANCA DEL CIUDADANO: Sr. Sergio MARTINEZ &nbsp;&nbsp;&nbsp; TEMA: Uni\u00f3n Vecinal B\u00b0 Bast\u00edas: Planteamientos varios en relaci\u00f3n a la Sede vecinal y falta de comunicaci\u00f3n con el Centro de Gesti\u00f3n N\u00b04 a) Acto de Izar la Ense\u00f1a Patria&nbsp;&nbsp; a cargo de la Srta. &nbsp;Concejal Daiana VARAS CASTRO&nbsp; b) [&hellip;]<\/p>\n","protected":false},"author":5,"featured_media":32339,"comment_status":"closed","ping_status":"closed","sticky":false,"template":"","format":"standard","meta":{"footnotes":""},"categories":[83,52,84,58,33,36],"tags":[],"class_list":["post-34242","post","type-post","status-publish","format-standard","has-post-thumbnail","hentry","category-banca-del-ciudadano","category-gacetillas","category-orden-del-dia","category-ordinarias","category-prensa","category-sesiones"],"yoast_head":"<!-- This site is optimized with the Yoast SEO plugin v19.10 - https:\/\/yoast.com\/wordpress\/plugins\/seo\/ -->\n<title>ORDEN DEL DIA 13\u00b0 SESI\u00d3N ORDINARIA - Malarg\u00fce HCD<\/title>\n<meta name=\"robots\" content=\"index, follow, max-snippet:-1, max-image-preview:large, max-video-preview:-1\" \/>\n<link rel=\"canonical\" href=\"https:\/\/hcd.malargue.gov.ar\/?p=34242\" \/>\n<meta property=\"og:locale\" content=\"es_ES\" \/>\n<meta property=\"og:type\" content=\"article\" \/>\n<meta property=\"og:title\" content=\"ORDEN DEL DIA 13\u00b0 SESI\u00d3N ORDINARIA - Malarg\u00fce HCD\" \/>\n<meta property=\"og:description\" content=\"D\u00eda Jueves&nbsp;15 de Junio de 2.023 Hora: 08:50 BANCA DEL CIUDADANO: Sr. Sergio MARTINEZ &nbsp;&nbsp;&nbsp; TEMA: Uni\u00f3n Vecinal B\u00b0 Bast\u00edas: Planteamientos varios en relaci\u00f3n a la Sede vecinal y falta de comunicaci\u00f3n con el Centro de Gesti\u00f3n N\u00b04 a) Acto de Izar la Ense\u00f1a Patria&nbsp;&nbsp; a cargo de la Srta. &nbsp;Concejal Daiana VARAS CASTRO&nbsp; b) [&hellip;]\" \/>\n<meta property=\"og:url\" content=\"https:\/\/hcd.malargue.gov.ar\/?p=34242\" \/>\n<meta property=\"og:site_name\" content=\"Malarg\u00fce HCD\" \/>\n<meta property=\"article:published_time\" content=\"2023-06-14T16:07:32+00:00\" \/>\n<meta property=\"article:modified_time\" content=\"2023-08-18T14:33:43+00:00\" \/>\n<meta property=\"og:image\" content=\"https:\/\/hcd.malargue.gov.ar\/wp-content\/uploads\/2022\/09\/VARAS-Bandera-4-scaled.jpg\" \/>\n\t<meta property=\"og:image:width\" content=\"2560\" \/>\n\t<meta property=\"og:image:height\" content=\"1700\" \/>\n\t<meta property=\"og:image:type\" content=\"image\/jpeg\" \/>\n<meta name=\"author\" content=\"Belen Pedernera Ferragut\" \/>\n<meta name=\"twitter:card\" content=\"summary_large_image\" \/>\n<meta name=\"twitter:label1\" content=\"Escrito por\" \/>\n\t<meta name=\"twitter:data1\" content=\"Belen Pedernera Ferragut\" \/>\n\t<meta name=\"twitter:label2\" content=\"Tiempo de lectura\" \/>\n\t<meta name=\"twitter:data2\" content=\"3 minutos\" \/>\n<script type=\"application\/ld+json\" class=\"yoast-schema-graph\">{\"@context\":\"https:\/\/schema.org\",\"@graph\":[{\"@type\":\"WebPage\",\"@id\":\"https:\/\/hcd.malargue.gov.ar\/?p=34242\",\"url\":\"https:\/\/hcd.malargue.gov.ar\/?p=34242\",\"name\":\"ORDEN DEL DIA 13\u00b0 SESI\u00d3N ORDINARIA - Malarg\u00fce HCD\",\"isPartOf\":{\"@id\":\"https:\/\/hcd.malargue.gov.ar\/#website\"},\"datePublished\":\"2023-06-14T16:07:32+00:00\",\"dateModified\":\"2023-08-18T14:33:43+00:00\",\"author\":{\"@id\":\"https:\/\/hcd.malargue.gov.ar\/#\/schema\/person\/3fd6bbab64edd703961b795156c955d0\"},\"breadcrumb\":{\"@id\":\"https:\/\/hcd.malargue.gov.ar\/?p=34242#breadcrumb\"},\"inLanguage\":\"es-AR\",\"potentialAction\":[{\"@type\":\"ReadAction\",\"target\":[\"https:\/\/hcd.malargue.gov.ar\/?p=34242\"]}]},{\"@type\":\"BreadcrumbList\",\"@id\":\"https:\/\/hcd.malargue.gov.ar\/?p=34242#breadcrumb\",\"itemListElement\":[{\"@type\":\"ListItem\",\"position\":1,\"name\":\"Inicio\",\"item\":\"https:\/\/hcd.malargue.gov.ar\/\"},{\"@type\":\"ListItem\",\"position\":2,\"name\":\"ORDEN DEL DIA 13\u00b0 SESI\u00d3N ORDINARIA\"}]},{\"@type\":\"WebSite\",\"@id\":\"https:\/\/hcd.malargue.gov.ar\/#website\",\"url\":\"https:\/\/hcd.malargue.gov.ar\/\",\"name\":\"Malarg\u00fce HCD\",\"description\":\"Malarg\u00fce Mendoza Argentina\",\"potentialAction\":[{\"@type\":\"SearchAction\",\"target\":{\"@type\":\"EntryPoint\",\"urlTemplate\":\"https:\/\/hcd.malargue.gov.ar\/?s={search_term_string}\"},\"query-input\":\"required name=search_term_string\"}],\"inLanguage\":\"es-AR\"},{\"@type\":\"Person\",\"@id\":\"https:\/\/hcd.malargue.gov.ar\/#\/schema\/person\/3fd6bbab64edd703961b795156c955d0\",\"name\":\"Belen Pedernera Ferragut\",\"image\":{\"@type\":\"ImageObject\",\"inLanguage\":\"es-AR\",\"@id\":\"https:\/\/hcd.malargue.gov.ar\/#\/schema\/person\/image\/\",\"url\":\"https:\/\/secure.gravatar.com\/avatar\/1054ffab3893de4bb3eb29bdd22f7e34b8537bf5d34d9dab311818154ad5b71f?s=96&d=mm&r=g\",\"contentUrl\":\"https:\/\/secure.gravatar.com\/avatar\/1054ffab3893de4bb3eb29bdd22f7e34b8537bf5d34d9dab311818154ad5b71f?s=96&d=mm&r=g\",\"caption\":\"Belen Pedernera Ferragut\"},\"url\":\"https:\/\/hcd.malargue.gov.ar\/?author=5\"}]}<\/script>\n<!-- \/ Yoast SEO plugin. -->","yoast_head_json":{"title":"ORDEN DEL DIA 13\u00b0 SESI\u00d3N ORDINARIA - Malarg\u00fce HCD","robots":{"index":"index","follow":"follow","max-snippet":"max-snippet:-1","max-image-preview":"max-image-preview:large","max-video-preview":"max-video-preview:-1"},"canonical":"https:\/\/hcd.malargue.gov.ar\/?p=34242","og_locale":"es_ES","og_type":"article","og_title":"ORDEN DEL DIA 13\u00b0 SESI\u00d3N ORDINARIA - Malarg\u00fce HCD","og_description":"D\u00eda Jueves&nbsp;15 de Junio de 2.023 Hora: 08:50 BANCA DEL CIUDADANO: Sr. Sergio MARTINEZ &nbsp;&nbsp;&nbsp; TEMA: Uni\u00f3n Vecinal B\u00b0 Bast\u00edas: Planteamientos varios en relaci\u00f3n a la Sede vecinal y falta de comunicaci\u00f3n con el Centro de Gesti\u00f3n N\u00b04 a) Acto de Izar la Ense\u00f1a Patria&nbsp;&nbsp; a cargo de la Srta. &nbsp;Concejal Daiana VARAS CASTRO&nbsp; b) [&hellip;]","og_url":"https:\/\/hcd.malargue.gov.ar\/?p=34242","og_site_name":"Malarg\u00fce HCD","article_published_time":"2023-06-14T16:07:32+00:00","article_modified_time":"2023-08-18T14:33:43+00:00","og_image":[{"width":2560,"height":1700,"url":"https:\/\/hcd.malargue.gov.ar\/wp-content\/uploads\/2022\/09\/VARAS-Bandera-4-scaled.jpg","type":"image\/jpeg"}],"author":"Belen Pedernera Ferragut","twitter_card":"summary_large_image","twitter_misc":{"Escrito por":"Belen Pedernera Ferragut","Tiempo de lectura":"3 minutos"},"schema":{"@context":"https:\/\/schema.org","@graph":[{"@type":"WebPage","@id":"https:\/\/hcd.malargue.gov.ar\/?p=34242","url":"https:\/\/hcd.malargue.gov.ar\/?p=34242","name":"ORDEN DEL DIA 13\u00b0 SESI\u00d3N ORDINARIA - Malarg\u00fce HCD","isPartOf":{"@id":"https:\/\/hcd.malargue.gov.ar\/#website"},"datePublished":"2023-06-14T16:07:32+00:00","dateModified":"2023-08-18T14:33:43+00:00","author":{"@id":"https:\/\/hcd.malargue.gov.ar\/#\/schema\/person\/3fd6bbab64edd703961b795156c955d0"},"breadcrumb":{"@id":"https:\/\/hcd.malargue.gov.ar\/?p=34242#breadcrumb"},"inLanguage":"es-AR","potentialAction":[{"@type":"ReadAction","target":["https:\/\/hcd.malargue.gov.ar\/?p=34242"]}]},{"@type":"BreadcrumbList","@id":"https:\/\/hcd.malargue.gov.ar\/?p=34242#breadcrumb","itemListElement":[{"@type":"ListItem","position":1,"name":"Inicio","item":"https:\/\/hcd.malargue.gov.ar\/"},{"@type":"ListItem","position":2,"name":"ORDEN DEL DIA 13\u00b0 SESI\u00d3N ORDINARIA"}]},{"@type":"WebSite","@id":"https:\/\/hcd.malargue.gov.ar\/#website","url":"https:\/\/hcd.malargue.gov.ar\/","name":"Malarg\u00fce HCD","description":"Malarg\u00fce Mendoza Argentina","potentialAction":[{"@type":"SearchAction","target":{"@type":"EntryPoint","urlTemplate":"https:\/\/hcd.malargue.gov.ar\/?s={search_term_string}"},"query-input":"required name=search_term_string"}],"inLanguage":"es-AR"},{"@type":"Person","@id":"https:\/\/hcd.malargue.gov.ar\/#\/schema\/person\/3fd6bbab64edd703961b795156c955d0","name":"Belen Pedernera Ferragut","image":{"@type":"ImageObject","inLanguage":"es-AR","@id":"https:\/\/hcd.malargue.gov.ar\/#\/schema\/person\/image\/","url":"https:\/\/secure.gravatar.com\/avatar\/1054ffab3893de4bb3eb29bdd22f7e34b8537bf5d34d9dab311818154ad5b71f?s=96&d=mm&r=g","contentUrl":"https:\/\/secure.gravatar.com\/avatar\/1054ffab3893de4bb3eb29bdd22f7e34b8537bf5d34d9dab311818154ad5b71f?s=96&d=mm&r=g","caption":"Belen Pedernera Ferragut"},"url":"https:\/\/hcd.malargue.gov.ar\/?author=5"}]}},"_links":{"self":[{"href":"https:\/\/hcd.malargue.gov.ar\/index.php?rest_route=\/wp\/v2\/posts\/34242","targetHints":{"allow":["GET"]}}],"collection":[{"href":"https:\/\/hcd.malargue.gov.ar\/index.php?rest_route=\/wp\/v2\/posts"}],"about":[{"href":"https:\/\/hcd.malargue.gov.ar\/index.php?rest_route=\/wp\/v2\/types\/post"}],"author":[{"embeddable":true,"href":"https:\/\/hcd.malargue.gov.ar\/index.php?rest_route=\/wp\/v2\/users\/5"}],"replies":[{"embeddable":true,"href":"https:\/\/hcd.malargue.gov.ar\/index.php?rest_route=%2Fwp%2Fv2%2Fcomments&post=34242"}],"version-history":[{"count":5,"href":"https:\/\/hcd.malargue.gov.ar\/index.php?rest_route=\/wp\/v2\/posts\/34242\/revisions"}],"predecessor-version":[{"id":34718,"href":"https:\/\/hcd.malargue.gov.ar\/index.php?rest_route=\/wp\/v2\/posts\/34242\/revisions\/34718"}],"wp:featuredmedia":[{"embeddable":true,"href":"https:\/\/hcd.malargue.gov.ar\/index.php?rest_route=\/wp\/v2\/media\/32339"}],"wp:attachment":[{"href":"https:\/\/hcd.malargue.gov.ar\/index.php?rest_route=%2Fwp%2Fv2%2Fmedia&parent=34242"}],"wp:term":[{"taxonomy":"category","embeddable":true,"href":"https:\/\/hcd.malargue.gov.ar\/index.php?rest_route=%2Fwp%2Fv2%2Fcategories&post=34242"},{"taxonomy":"post_tag","embeddable":true,"href":"https:\/\/hcd.malargue.gov.ar\/index.php?rest_route=%2Fwp%2Fv2%2Ftags&post=34242"}],"curies":[{"name":"wp","href":"https:\/\/api.w.org\/{rel}","templated":true}]}}