{"id":34251,"date":"2023-06-15T12:30:58","date_gmt":"2023-06-15T15:30:58","guid":{"rendered":"https:\/\/hcd.malargue.gov.ar\/?p=34251"},"modified":"2023-06-21T12:07:38","modified_gmt":"2023-06-21T15:07:38","slug":"el-hcd-llevo-a-cabo-la-13-sesion-ordinaria-aprobando-3-piezas-legales","status":"publish","type":"post","link":"https:\/\/hcd.malargue.gov.ar\/?p=34251","title":{"rendered":"EL HCD LLEV\u00d3 A CABO LA 13\u00b0 SESI\u00d3N ORDINARIA APROBANDO 5 PIEZAS LEGALES"},"content":{"rendered":"\n<h6 class=\"wp-block-heading has-text-align-right\">SESI\u00d3N ORDINARIA \u2013&nbsp; 15 de JUNIO del 2023<\/h6>\n\n\n\n<h6 class=\"wp-block-heading has-text-align-right\">Presidiendo la Sesi\u00f3n:&nbsp;&nbsp;Concejal Andres Risi (Bloque Frente de Todos)<\/h6>\n\n\n\n<h6 class=\"wp-block-heading has-text-align-right\">Concejales Presentes:&nbsp; Rodrigo Hidalgo,(Bloque Frente de Todos), Silvia Correa (Bloque Cuidemos Malarg\u00fce), Silvina Camiolo (Reconstruyendo Malarg\u00fce), Francisco Parada (Bloque Partido Encuentro)&nbsp; Daiana Varas, Viviana Mosca, Paola Rojo (Bloque Frente Cambia Mendoza), Gabriel Rosas, Martin Palma (Bloque UCR-Independiente),<\/h6>\n\n\n<div class=\"wp-block-image\">\n<figure class=\"alignright size-large is-resized\"><img loading=\"lazy\" decoding=\"async\" src=\"https:\/\/hcd.malargue.gov.ar\/wp-content\/uploads\/2023\/06\/353667010_576233471349212_3737483988621239420_n-1-577x1024.jpg\" alt=\"\" class=\"wp-image-34253\" width=\"189\" height=\"335\" srcset=\"https:\/\/hcd.malargue.gov.ar\/wp-content\/uploads\/2023\/06\/353667010_576233471349212_3737483988621239420_n-1-577x1024.jpg 577w, https:\/\/hcd.malargue.gov.ar\/wp-content\/uploads\/2023\/06\/353667010_576233471349212_3737483988621239420_n-1-169x300.jpg 169w, https:\/\/hcd.malargue.gov.ar\/wp-content\/uploads\/2023\/06\/353667010_576233471349212_3737483988621239420_n-1-768x1364.jpg 768w, https:\/\/hcd.malargue.gov.ar\/wp-content\/uploads\/2023\/06\/353667010_576233471349212_3737483988621239420_n-1-865x1536.jpg 865w, https:\/\/hcd.malargue.gov.ar\/wp-content\/uploads\/2023\/06\/353667010_576233471349212_3737483988621239420_n-1.jpg 1153w\" sizes=\"auto, (max-width: 189px) 100vw, 189px\" \/><\/figure>\n<\/div>\n\n\n<p>A las 8:50 de este d\u00eda jueves&nbsp;15 de junio del a\u00f1o en curso, los Ediles recibieron al Sr. Sergio MARTINEZ quien en el marco de la <a href=\"https:\/\/hcd.malargue.gov.ar\/?p=33279\">Resoluci\u00f3n N\u00ba 2.109\/94<\/a>, hizo uso de la Banca del Ciudadano para exponer sobre Uni\u00f3n Vecinal B\u00b0 Bast\u00edas: Planteamientos varios en relaci\u00f3n a la Sede vecinal y falta de comunicaci\u00f3n con el Centro de Gesti\u00f3n N\u00b04, el tema fue elevado a la Comisi\u00f3n de Obras Publicas con posterior pasen a la Comisi\u00f3n de Hacienda.<\/p>\n\n\n\n<p>Continuando con el cumplimiento del <a href=\"https:\/\/hcd.malargue.gov.ar\/?p=34242\">Orden del D\u00eda <\/a>elevaron 2 Proyectos de los Sres Concejales y 1 Proyecto proveniente del Departamento Ejecutivo a las distintas comisiones de trabajo para su correspondiente tratamiento. Detalle:<\/p>\n\n\n\n<blockquote class=\"wp-block-quote is-layout-flow wp-block-quote-is-layout-flow\">\n<p><strong><em>La COMISI\u00d3N DE HACIENDA PRESUPUESTO LEGISLACI\u00d3N Y ASUNTOS CONSTITUCIONALES (HPLAC) recepcionar\u00e1&nbsp; 1 proyecto:<\/em><\/strong><\/p>\n\n\n\n<ul class=\"wp-block-list\">\n<li>Expte.N\u00b02.025\/2023 Departamento Ejecutivo: A 3949 Responsabilidad Fiscal&nbsp;Primer Trimestre Ejercicio 2.023<\/li>\n<\/ul>\n\n\n\n<p><em><strong>La COMISI\u00d3N DE OBRAS P\u00daBLICAS, TURISMO Y RECURSOS NATURALES (OPTyRN) recepcionar\u00e1 2 proyectos:&nbsp;<\/strong><\/em><\/p>\n\n\n\n<ul class=\"wp-block-list\">\n<li>TRATAMIENTO PREFERENCIAL- Expte.N\u00b05.292-HC 056-2.023 Proyecto de Resoluci\u00f3n: Reiterar solicitud de Resoluci\u00f3n N\u00b0104\/2.023 Convocar a Jornada de Di\u00e1logo al Administrador de la Direcci\u00f3n Provincial de Vialidad. (BLOQUE FRENTE CAMBIA MENDOZA) Autora: Concejal Paola Lorena Rojo<\/li>\n\n\n\n<li>TRATAMIENTO PREFERENCIAL-Expte.N\u00ba5.293- HC 056-2.023 Proyecto de Resoluci\u00f3n: Solicitar cumplimiento de Ordenanza N\u00b02.092\/21 y 2.001\/19 Imponer nombre a calles y urbanizaci\u00f3n del Barrio 60 Aniversario. (BLOQUE FRENTE CAMBIA MENDOZA) Autora: Concejal Paola Lorena Rojo<\/li>\n<\/ul>\n<\/blockquote>\n\n\n\n<p>En el punto <em><strong>h)<\/strong><\/em> se aprobaron&nbsp;3 Piezas Legales,&nbsp; detalle:<\/p>\n\n\n\n<p><strong>Resoluci\u00f3n: <\/strong>Solicitar&nbsp;informe al Departamento Ejecutivo sobre efluentes vertidos en el Camping de la Localidad Las Loicas. (Expte.N\u00b05.285-HC 055-2.023) <\/p>\n\n\n\n<p><strong>Ordenanza:<\/strong> modernizaci\u00f3n de los cordones verdes ubicados en Barrio Parque y alrededores (Expte.N\u00b05.258-HC 053-2.023) <\/p>\n\n\n\n<p><strong>Resoluci\u00f3n: <\/strong>Solicitar al Departamento Ejecutivo Municipal informe al HCD registro de decibeles en calles aleda\u00f1as a fabrica de Yeso. (Nota HC 165-2.023 Banca del Ciudadano: Ruidos molestos por funcionamiento de f\u00e1brica de yeso. Contaminaci\u00f3n ac\u00fastica zona residencial.)<\/p>\n\n\n\n<p>En el punto<em><strong> i), <\/strong><\/em>se desafectaron 2 Notas:<\/p>\n\n\n\n<p><strong>Resoluci\u00f3n:<\/strong> Nota HC 423\/2.023 Yanet Guajardo , presenta Recurso Jer\u00e1rquico contra el Decreto Municipal N\u00b0 633\/2.022<\/p>\n\n\n\n<p><strong>Resoluci\u00f3n:<\/strong> Nota N\u00b0 HC 292\/2.023 y los Expedientes N\u00b0 4.143\/2.021; 2.011\/2.011 y 2.683\/2.014<\/p>\n\n\n\n<p>Suman un total de 5 Piezas Legales las aprobadas por el Cuerpo el dia de la fecha.<\/p>\n\n\n\n<p>Sin m\u00e1s que tratar, el Presidente del Cuerpo Deliberativo dio por finalizada la Sesi\u00f3n.<\/p>\n\n\n\n<p>Bel\u00e9n Pedernera Ferragut \/ Prensa HCD<\/p>\n\n\n\n<p class=\"has-text-align-center\">VER LA SESI\u00d3N EN VIVO: <a href=\"https:\/\/www.youtube.com\/watch?v=2o-Fnwe9dAw\">https:\/\/www.youtube.com\/watch?v=2o-Fnwe9dAw<\/a><\/p>\n\n\n\n<p><a href=\"https:\/\/www.facebook.com\/photo\/?fbid=576228258016400&amp;set=pcb.576233208015905\">GALERIA DE FOTOS<\/a><\/p>\n","protected":false},"excerpt":{"rendered":"<p>SESI\u00d3N ORDINARIA \u2013&nbsp; 15 de JUNIO del 2023 Presidiendo la Sesi\u00f3n:&nbsp;&nbsp;Concejal Andres Risi (Bloque Frente de Todos) Concejales Presentes:&nbsp; Rodrigo Hidalgo,(Bloque Frente de Todos), Silvia Correa (Bloque Cuidemos Malarg\u00fce), Silvina Camiolo (Reconstruyendo Malarg\u00fce), Francisco Parada (Bloque Partido Encuentro)&nbsp; Daiana Varas, Viviana Mosca, Paola Rojo (Bloque Frente Cambia Mendoza), Gabriel Rosas, Martin Palma (Bloque UCR-Independiente), A [&hellip;]<\/p>\n","protected":false},"author":5,"featured_media":34254,"comment_status":"closed","ping_status":"closed","sticky":false,"template":"","format":"standard","meta":{"footnotes":""},"categories":[83,52,58,33,36],"tags":[],"class_list":["post-34251","post","type-post","status-publish","format-standard","has-post-thumbnail","hentry","category-banca-del-ciudadano","category-gacetillas","category-ordinarias","category-prensa","category-sesiones"],"yoast_head":"<!-- This site is optimized with the Yoast SEO plugin v19.10 - https:\/\/yoast.com\/wordpress\/plugins\/seo\/ -->\n<title>EL HCD LLEV\u00d3 A CABO LA 13\u00b0 SESI\u00d3N ORDINARIA APROBANDO 5 PIEZAS LEGALES - Malarg\u00fce HCD<\/title>\n<meta name=\"robots\" content=\"index, follow, max-snippet:-1, max-image-preview:large, max-video-preview:-1\" \/>\n<link rel=\"canonical\" href=\"https:\/\/hcd.malargue.gov.ar\/?p=34251\" \/>\n<meta property=\"og:locale\" content=\"es_ES\" \/>\n<meta property=\"og:type\" content=\"article\" \/>\n<meta property=\"og:title\" content=\"EL HCD LLEV\u00d3 A CABO LA 13\u00b0 SESI\u00d3N ORDINARIA APROBANDO 5 PIEZAS LEGALES - Malarg\u00fce HCD\" \/>\n<meta property=\"og:description\" content=\"SESI\u00d3N ORDINARIA \u2013&nbsp; 15 de JUNIO del 2023 Presidiendo la Sesi\u00f3n:&nbsp;&nbsp;Concejal Andres Risi (Bloque Frente de Todos) Concejales Presentes:&nbsp; Rodrigo Hidalgo,(Bloque Frente de Todos), Silvia Correa (Bloque Cuidemos Malarg\u00fce), Silvina Camiolo (Reconstruyendo Malarg\u00fce), Francisco Parada (Bloque Partido Encuentro)&nbsp; Daiana Varas, Viviana Mosca, Paola Rojo (Bloque Frente Cambia Mendoza), Gabriel Rosas, Martin Palma (Bloque UCR-Independiente), A [&hellip;]\" \/>\n<meta property=\"og:url\" content=\"https:\/\/hcd.malargue.gov.ar\/?p=34251\" \/>\n<meta property=\"og:site_name\" content=\"Malarg\u00fce HCD\" \/>\n<meta property=\"article:published_time\" content=\"2023-06-15T15:30:58+00:00\" \/>\n<meta property=\"article:modified_time\" content=\"2023-06-21T15:07:38+00:00\" \/>\n<meta property=\"og:image\" content=\"https:\/\/hcd.malargue.gov.ar\/wp-content\/uploads\/2023\/06\/354068908_576233404682552_3549449960061834957_n.jpg\" \/>\n\t<meta property=\"og:image:width\" content=\"2048\" \/>\n\t<meta property=\"og:image:height\" content=\"1152\" \/>\n\t<meta property=\"og:image:type\" content=\"image\/jpeg\" \/>\n<meta name=\"author\" content=\"Belen Pedernera Ferragut\" \/>\n<meta name=\"twitter:card\" content=\"summary_large_image\" \/>\n<meta name=\"twitter:label1\" content=\"Escrito por\" \/>\n\t<meta name=\"twitter:data1\" content=\"Belen Pedernera Ferragut\" \/>\n\t<meta name=\"twitter:label2\" content=\"Tiempo de lectura\" \/>\n\t<meta name=\"twitter:data2\" content=\"2 minutos\" \/>\n<script type=\"application\/ld+json\" class=\"yoast-schema-graph\">{\"@context\":\"https:\/\/schema.org\",\"@graph\":[{\"@type\":\"WebPage\",\"@id\":\"https:\/\/hcd.malargue.gov.ar\/?p=34251\",\"url\":\"https:\/\/hcd.malargue.gov.ar\/?p=34251\",\"name\":\"EL HCD LLEV\u00d3 A CABO LA 13\u00b0 SESI\u00d3N ORDINARIA APROBANDO 5 PIEZAS LEGALES - Malarg\u00fce HCD\",\"isPartOf\":{\"@id\":\"https:\/\/hcd.malargue.gov.ar\/#website\"},\"datePublished\":\"2023-06-15T15:30:58+00:00\",\"dateModified\":\"2023-06-21T15:07:38+00:00\",\"author\":{\"@id\":\"https:\/\/hcd.malargue.gov.ar\/#\/schema\/person\/3fd6bbab64edd703961b795156c955d0\"},\"breadcrumb\":{\"@id\":\"https:\/\/hcd.malargue.gov.ar\/?p=34251#breadcrumb\"},\"inLanguage\":\"es-AR\",\"potentialAction\":[{\"@type\":\"ReadAction\",\"target\":[\"https:\/\/hcd.malargue.gov.ar\/?p=34251\"]}]},{\"@type\":\"BreadcrumbList\",\"@id\":\"https:\/\/hcd.malargue.gov.ar\/?p=34251#breadcrumb\",\"itemListElement\":[{\"@type\":\"ListItem\",\"position\":1,\"name\":\"Inicio\",\"item\":\"https:\/\/hcd.malargue.gov.ar\/\"},{\"@type\":\"ListItem\",\"position\":2,\"name\":\"EL HCD LLEV\u00d3 A CABO LA 13\u00b0 SESI\u00d3N ORDINARIA APROBANDO 5 PIEZAS LEGALES\"}]},{\"@type\":\"WebSite\",\"@id\":\"https:\/\/hcd.malargue.gov.ar\/#website\",\"url\":\"https:\/\/hcd.malargue.gov.ar\/\",\"name\":\"Malarg\u00fce HCD\",\"description\":\"Malarg\u00fce Mendoza Argentina\",\"potentialAction\":[{\"@type\":\"SearchAction\",\"target\":{\"@type\":\"EntryPoint\",\"urlTemplate\":\"https:\/\/hcd.malargue.gov.ar\/?s={search_term_string}\"},\"query-input\":\"required name=search_term_string\"}],\"inLanguage\":\"es-AR\"},{\"@type\":\"Person\",\"@id\":\"https:\/\/hcd.malargue.gov.ar\/#\/schema\/person\/3fd6bbab64edd703961b795156c955d0\",\"name\":\"Belen Pedernera Ferragut\",\"image\":{\"@type\":\"ImageObject\",\"inLanguage\":\"es-AR\",\"@id\":\"https:\/\/hcd.malargue.gov.ar\/#\/schema\/person\/image\/\",\"url\":\"https:\/\/secure.gravatar.com\/avatar\/1054ffab3893de4bb3eb29bdd22f7e34b8537bf5d34d9dab311818154ad5b71f?s=96&d=mm&r=g\",\"contentUrl\":\"https:\/\/secure.gravatar.com\/avatar\/1054ffab3893de4bb3eb29bdd22f7e34b8537bf5d34d9dab311818154ad5b71f?s=96&d=mm&r=g\",\"caption\":\"Belen Pedernera Ferragut\"},\"url\":\"https:\/\/hcd.malargue.gov.ar\/?author=5\"}]}<\/script>\n<!-- \/ Yoast SEO plugin. -->","yoast_head_json":{"title":"EL HCD LLEV\u00d3 A CABO LA 13\u00b0 SESI\u00d3N ORDINARIA APROBANDO 5 PIEZAS LEGALES - Malarg\u00fce HCD","robots":{"index":"index","follow":"follow","max-snippet":"max-snippet:-1","max-image-preview":"max-image-preview:large","max-video-preview":"max-video-preview:-1"},"canonical":"https:\/\/hcd.malargue.gov.ar\/?p=34251","og_locale":"es_ES","og_type":"article","og_title":"EL HCD LLEV\u00d3 A CABO LA 13\u00b0 SESI\u00d3N ORDINARIA APROBANDO 5 PIEZAS LEGALES - Malarg\u00fce HCD","og_description":"SESI\u00d3N ORDINARIA \u2013&nbsp; 15 de JUNIO del 2023 Presidiendo la Sesi\u00f3n:&nbsp;&nbsp;Concejal Andres Risi (Bloque Frente de Todos) Concejales Presentes:&nbsp; Rodrigo Hidalgo,(Bloque Frente de Todos), Silvia Correa (Bloque Cuidemos Malarg\u00fce), Silvina Camiolo (Reconstruyendo Malarg\u00fce), Francisco Parada (Bloque Partido Encuentro)&nbsp; Daiana Varas, Viviana Mosca, Paola Rojo (Bloque Frente Cambia Mendoza), Gabriel Rosas, Martin Palma (Bloque UCR-Independiente), A [&hellip;]","og_url":"https:\/\/hcd.malargue.gov.ar\/?p=34251","og_site_name":"Malarg\u00fce HCD","article_published_time":"2023-06-15T15:30:58+00:00","article_modified_time":"2023-06-21T15:07:38+00:00","og_image":[{"width":2048,"height":1152,"url":"https:\/\/hcd.malargue.gov.ar\/wp-content\/uploads\/2023\/06\/354068908_576233404682552_3549449960061834957_n.jpg","type":"image\/jpeg"}],"author":"Belen Pedernera Ferragut","twitter_card":"summary_large_image","twitter_misc":{"Escrito por":"Belen Pedernera Ferragut","Tiempo de lectura":"2 minutos"},"schema":{"@context":"https:\/\/schema.org","@graph":[{"@type":"WebPage","@id":"https:\/\/hcd.malargue.gov.ar\/?p=34251","url":"https:\/\/hcd.malargue.gov.ar\/?p=34251","name":"EL HCD LLEV\u00d3 A CABO LA 13\u00b0 SESI\u00d3N ORDINARIA APROBANDO 5 PIEZAS LEGALES - Malarg\u00fce HCD","isPartOf":{"@id":"https:\/\/hcd.malargue.gov.ar\/#website"},"datePublished":"2023-06-15T15:30:58+00:00","dateModified":"2023-06-21T15:07:38+00:00","author":{"@id":"https:\/\/hcd.malargue.gov.ar\/#\/schema\/person\/3fd6bbab64edd703961b795156c955d0"},"breadcrumb":{"@id":"https:\/\/hcd.malargue.gov.ar\/?p=34251#breadcrumb"},"inLanguage":"es-AR","potentialAction":[{"@type":"ReadAction","target":["https:\/\/hcd.malargue.gov.ar\/?p=34251"]}]},{"@type":"BreadcrumbList","@id":"https:\/\/hcd.malargue.gov.ar\/?p=34251#breadcrumb","itemListElement":[{"@type":"ListItem","position":1,"name":"Inicio","item":"https:\/\/hcd.malargue.gov.ar\/"},{"@type":"ListItem","position":2,"name":"EL HCD LLEV\u00d3 A CABO LA 13\u00b0 SESI\u00d3N ORDINARIA APROBANDO 5 PIEZAS LEGALES"}]},{"@type":"WebSite","@id":"https:\/\/hcd.malargue.gov.ar\/#website","url":"https:\/\/hcd.malargue.gov.ar\/","name":"Malarg\u00fce HCD","description":"Malarg\u00fce Mendoza Argentina","potentialAction":[{"@type":"SearchAction","target":{"@type":"EntryPoint","urlTemplate":"https:\/\/hcd.malargue.gov.ar\/?s={search_term_string}"},"query-input":"required name=search_term_string"}],"inLanguage":"es-AR"},{"@type":"Person","@id":"https:\/\/hcd.malargue.gov.ar\/#\/schema\/person\/3fd6bbab64edd703961b795156c955d0","name":"Belen Pedernera Ferragut","image":{"@type":"ImageObject","inLanguage":"es-AR","@id":"https:\/\/hcd.malargue.gov.ar\/#\/schema\/person\/image\/","url":"https:\/\/secure.gravatar.com\/avatar\/1054ffab3893de4bb3eb29bdd22f7e34b8537bf5d34d9dab311818154ad5b71f?s=96&d=mm&r=g","contentUrl":"https:\/\/secure.gravatar.com\/avatar\/1054ffab3893de4bb3eb29bdd22f7e34b8537bf5d34d9dab311818154ad5b71f?s=96&d=mm&r=g","caption":"Belen Pedernera Ferragut"},"url":"https:\/\/hcd.malargue.gov.ar\/?author=5"}]}},"_links":{"self":[{"href":"https:\/\/hcd.malargue.gov.ar\/index.php?rest_route=\/wp\/v2\/posts\/34251","targetHints":{"allow":["GET"]}}],"collection":[{"href":"https:\/\/hcd.malargue.gov.ar\/index.php?rest_route=\/wp\/v2\/posts"}],"about":[{"href":"https:\/\/hcd.malargue.gov.ar\/index.php?rest_route=\/wp\/v2\/types\/post"}],"author":[{"embeddable":true,"href":"https:\/\/hcd.malargue.gov.ar\/index.php?rest_route=\/wp\/v2\/users\/5"}],"replies":[{"embeddable":true,"href":"https:\/\/hcd.malargue.gov.ar\/index.php?rest_route=%2Fwp%2Fv2%2Fcomments&post=34251"}],"version-history":[{"count":6,"href":"https:\/\/hcd.malargue.gov.ar\/index.php?rest_route=\/wp\/v2\/posts\/34251\/revisions"}],"predecessor-version":[{"id":34283,"href":"https:\/\/hcd.malargue.gov.ar\/index.php?rest_route=\/wp\/v2\/posts\/34251\/revisions\/34283"}],"wp:featuredmedia":[{"embeddable":true,"href":"https:\/\/hcd.malargue.gov.ar\/index.php?rest_route=\/wp\/v2\/media\/34254"}],"wp:attachment":[{"href":"https:\/\/hcd.malargue.gov.ar\/index.php?rest_route=%2Fwp%2Fv2%2Fmedia&parent=34251"}],"wp:term":[{"taxonomy":"category","embeddable":true,"href":"https:\/\/hcd.malargue.gov.ar\/index.php?rest_route=%2Fwp%2Fv2%2Fcategories&post=34251"},{"taxonomy":"post_tag","embeddable":true,"href":"https:\/\/hcd.malargue.gov.ar\/index.php?rest_route=%2Fwp%2Fv2%2Ftags&post=34251"}],"curies":[{"name":"wp","href":"https:\/\/api.w.org\/{rel}","templated":true}]}}