{"id":34265,"date":"2023-06-21T09:33:34","date_gmt":"2023-06-21T12:33:34","guid":{"rendered":"https:\/\/hcd.malargue.gov.ar\/?p=34265"},"modified":"2023-06-21T09:37:58","modified_gmt":"2023-06-21T12:37:58","slug":"ordenanza-no-2-236-2-023","status":"publish","type":"post","link":"https:\/\/hcd.malargue.gov.ar\/?p=34265","title":{"rendered":"ORDENANZA N\u00b0 2.236\/2.023"},"content":{"rendered":"<div class=\"wp-block-image\">\n<figure class=\"alignright size-full is-resized\"><a href=\"http:\/hcd.malargue.gov.ar\/hcdpdf\/on%202236%202023%20espacios%20verdes.pdf\"><img loading=\"lazy\" decoding=\"async\" src=\"https:\/\/hcd.malargue.gov.ar\/wp-content\/uploads\/2018\/06\/PDF-JPG.jpg\" alt=\"\" class=\"wp-image-7950\" width=\"112\" height=\"112\" srcset=\"https:\/\/hcd.malargue.gov.ar\/wp-content\/uploads\/2018\/06\/PDF-JPG.jpg 512w, https:\/\/hcd.malargue.gov.ar\/wp-content\/uploads\/2018\/06\/PDF-JPG-150x150.jpg 150w, https:\/\/hcd.malargue.gov.ar\/wp-content\/uploads\/2018\/06\/PDF-JPG-300x300.jpg 300w\" sizes=\"auto, (max-width: 112px) 100vw, 112px\" \/><\/a><\/figure>\n<\/div>\n\n\n<p><strong>AUTORA: CONCEJALA VIVIANA MOSCA<\/strong><\/p>\n\n\n\n<p><strong>BLOQUE: FRENTE CAMBIA MENDOZA<\/strong> <\/p>\n\n\n\n<p>VISTO: El contenido del Expediente N\u00ba 5.258-HC 053-2.023 Bloque Frente Cambia Mendoza. Proyecto de Ordenanza: Modernizaci\u00f3n de los pulmones verdes de Barrio Parque y alrededores.<\/p>\n\n\n\n<p>La importancia de renovaci\u00f3n de estos espacios verdes, preservando el arbolado p\u00fablico, donde se pretende brindar a trav\u00e9s de este dise\u00f1o un lugar seguro, acogedor y est\u00e9ticamente que contribuya a mejorar la imagen urbana y as\u00ed modificar ben\u00e9ficamente los microclimas.<\/p>\n\n\n\n<p>y;<\/p>\n\n\n\n<p>CONSIDERANDO: Que con esta iniciativa se pretende responder a la necesidad de recuperaci\u00f3n de espacios comunales seguros para el uso de la poblaci\u00f3n.<\/p>\n\n\n\n<p>Que los espacios verdes favorecen la uni\u00f3n entre las personas y relaciones sociales, ya que estos, son puntos de encuentro para compartir y crear v\u00ednculos entre los habitantes de la ciudad.<\/p>\n\n\n\n<p>Que en estos espacios se genere un paseo diferente, con su propia idiosincrasia siempre respetando la naturaleza, donde la familia pueda ir a disfrutar, compartir momentos al aire libre, leer un libro, andar en bicicleta, tomar un mate o simplemente sentarse a la sombra de un \u00e1rbol.<\/p>\n\n\n\n<p>Que se desarroll\u00e9 e implemente una propuesta paisaj\u00edstica, permitiendo recuperar el atractivo visual de estos pulmones, incorporando los siguientes recursos urban\u00edsticos.<\/p>\n\n\n\n<ul class=\"wp-block-list\">\n<li>Veredas en todos los contornos.<\/li>\n\n\n\n<li>Cord\u00f3n Banquina.<\/li>\n\n\n\n<li>Cunetas.<\/li>\n\n\n\n<li>Bancas de Concreto.<\/li>\n\n\n\n<li>Bebederos.<\/li>\n\n\n\n<li>Cestos de Residuos.<\/li>\n\n\n\n<li>Rampa de acceso universal.<\/li>\n\n\n\n<li>Alumbrado.<\/li>\n\n\n\n<li>Ejercitadores.<\/li>\n\n\n\n<li>Juegos Infantiles inclusivos.<\/li>\n\n\n\n<li>Mesas de Ajedrez.<\/li>\n<\/ul>\n\n\n\n<p>Que se ver\u00eda con agrado la ejecuci\u00f3n de las Ordenanzas N\u00b0 2.119\/2.021 \u201cAdecuar las plazas del Departamento con juegos inclusivos\u201d y la Ordenanza N\u00b0 2.148\/2.022 \u201cCr\u00e9ese el Programa conciencia Nativa\u201d, con el objetivo de consolidar un espacio de flora nativa en plazas, espacios p\u00fablicos y privados.<\/p>\n\n\n\n<p>EL HONORABLE CONCEJO DELIBERANTE DE LA MUNICIPALIDAD DE MALARG\u00dcE&nbsp; EN USO DE LAS FACULTADES QUE LE SON PROPIAS<\/p>\n\n\n\n<p>ORDENA<\/p>\n\n\n\n<p>ART\u00cdCULO 1\u00ba: Modern\u00edcense los pulmones verdes del Barrio Parque y alrededores del Departamento de Malarg\u00fce.<\/p>\n\n\n\n<p>ART\u00cdCULO 2\u00b0:&nbsp; Renu\u00e9vense los espacios verdes ubicados entre las calles Ing. Francisco \u00c1lvarez y Gregorio Las Heras desde Francisco Inalican hasta calles General Villegas y Tomasa de San Martin entre calles Fray Luis Beltr\u00e1n y Mayor Adri\u00e1n Illescas de nuestro Departamento.<\/p>\n\n\n\n<p>ART\u00cdCULO 3\u00b0:&nbsp; Incorp\u00f3rense los gastos que demande esta modernizaci\u00f3n urban\u00edstica en la Partida Presupuestaria correspondiente al Presupuesto Vigente.<\/p>\n\n\n\n<p>ART\u00cdCULO 4\u00b0:&nbsp; Comun\u00edquese, reg\u00edstrese, c\u00famplase, publ\u00edquese, agr\u00e9guese copia de la presente en las actuaciones correspondientes y arch\u00edvese.<strong><\/strong><\/p>\n\n\n\n<p>DADA EN LA SALA DE SESIONES DR.&nbsp; RICARDO BALBIN DEL HONORABLE CONCEJO DELIBERANTE DE LA MUNICIPALIDAD DE MALARG\u00dcE A QUINCE D\u00cdAS DE&nbsp;&nbsp; JUNIO DE DOS MIL VEINTITRES.<\/p>\n","protected":false},"excerpt":{"rendered":"<p>AUTORA: CONCEJALA VIVIANA MOSCA BLOQUE: FRENTE CAMBIA MENDOZA VISTO: El contenido del Expediente N\u00ba 5.258-HC 053-2.023 Bloque Frente Cambia Mendoza. Proyecto de Ordenanza: Modernizaci\u00f3n de los pulmones verdes de Barrio Parque y alrededores. La importancia de renovaci\u00f3n de estos espacios verdes, preservando el arbolado p\u00fablico, donde se pretende brindar a trav\u00e9s de este dise\u00f1o un [&hellip;]<\/p>\n","protected":false},"author":5,"featured_media":34266,"comment_status":"closed","ping_status":"closed","sticky":false,"template":"","format":"standard","meta":{"footnotes":""},"categories":[52,29,48,33],"tags":[],"class_list":["post-34265","post","type-post","status-publish","format-standard","has-post-thumbnail","hentry","category-gacetillas","category-lesgilacion","category-ordenanzas-municipales","category-prensa"],"yoast_head":"<!-- This site is optimized with the Yoast SEO plugin v19.10 - https:\/\/yoast.com\/wordpress\/plugins\/seo\/ -->\n<title>ORDENANZA N\u00b0 2.236\/2.023 - Malarg\u00fce HCD<\/title>\n<meta name=\"robots\" content=\"index, follow, max-snippet:-1, max-image-preview:large, max-video-preview:-1\" \/>\n<link rel=\"canonical\" href=\"https:\/\/hcd.malargue.gov.ar\/?p=34265\" \/>\n<meta property=\"og:locale\" content=\"es_ES\" \/>\n<meta property=\"og:type\" content=\"article\" \/>\n<meta property=\"og:title\" content=\"ORDENANZA N\u00b0 2.236\/2.023 - Malarg\u00fce HCD\" \/>\n<meta property=\"og:description\" content=\"AUTORA: CONCEJALA VIVIANA MOSCA BLOQUE: FRENTE CAMBIA MENDOZA VISTO: El contenido del Expediente N\u00ba 5.258-HC 053-2.023 Bloque Frente Cambia Mendoza. Proyecto de Ordenanza: Modernizaci\u00f3n de los pulmones verdes de Barrio Parque y alrededores. La importancia de renovaci\u00f3n de estos espacios verdes, preservando el arbolado p\u00fablico, donde se pretende brindar a trav\u00e9s de este dise\u00f1o un [&hellip;]\" \/>\n<meta property=\"og:url\" content=\"https:\/\/hcd.malargue.gov.ar\/?p=34265\" \/>\n<meta property=\"og:site_name\" content=\"Malarg\u00fce HCD\" \/>\n<meta property=\"article:published_time\" content=\"2023-06-21T12:33:34+00:00\" \/>\n<meta property=\"article:modified_time\" content=\"2023-06-21T12:37:58+00:00\" \/>\n<meta property=\"og:image\" content=\"https:\/\/hcd.malargue.gov.ar\/wp-content\/uploads\/2023\/06\/ORDENANZA-2236-2023.jpg\" \/>\n\t<meta property=\"og:image:width\" content=\"940\" \/>\n\t<meta property=\"og:image:height\" content=\"788\" \/>\n\t<meta property=\"og:image:type\" content=\"image\/jpeg\" \/>\n<meta name=\"author\" content=\"Belen Pedernera Ferragut\" \/>\n<meta name=\"twitter:card\" content=\"summary_large_image\" \/>\n<meta name=\"twitter:label1\" content=\"Escrito por\" \/>\n\t<meta name=\"twitter:data1\" content=\"Belen Pedernera Ferragut\" \/>\n\t<meta name=\"twitter:label2\" content=\"Tiempo de lectura\" \/>\n\t<meta name=\"twitter:data2\" content=\"2 minutos\" \/>\n<script type=\"application\/ld+json\" class=\"yoast-schema-graph\">{\"@context\":\"https:\/\/schema.org\",\"@graph\":[{\"@type\":\"WebPage\",\"@id\":\"https:\/\/hcd.malargue.gov.ar\/?p=34265\",\"url\":\"https:\/\/hcd.malargue.gov.ar\/?p=34265\",\"name\":\"ORDENANZA N\u00b0 2.236\/2.023 - Malarg\u00fce HCD\",\"isPartOf\":{\"@id\":\"https:\/\/hcd.malargue.gov.ar\/#website\"},\"datePublished\":\"2023-06-21T12:33:34+00:00\",\"dateModified\":\"2023-06-21T12:37:58+00:00\",\"author\":{\"@id\":\"https:\/\/hcd.malargue.gov.ar\/#\/schema\/person\/3fd6bbab64edd703961b795156c955d0\"},\"breadcrumb\":{\"@id\":\"https:\/\/hcd.malargue.gov.ar\/?p=34265#breadcrumb\"},\"inLanguage\":\"es-AR\",\"potentialAction\":[{\"@type\":\"ReadAction\",\"target\":[\"https:\/\/hcd.malargue.gov.ar\/?p=34265\"]}]},{\"@type\":\"BreadcrumbList\",\"@id\":\"https:\/\/hcd.malargue.gov.ar\/?p=34265#breadcrumb\",\"itemListElement\":[{\"@type\":\"ListItem\",\"position\":1,\"name\":\"Inicio\",\"item\":\"https:\/\/hcd.malargue.gov.ar\/\"},{\"@type\":\"ListItem\",\"position\":2,\"name\":\"ORDENANZA N\u00b0 2.236\/2.023\"}]},{\"@type\":\"WebSite\",\"@id\":\"https:\/\/hcd.malargue.gov.ar\/#website\",\"url\":\"https:\/\/hcd.malargue.gov.ar\/\",\"name\":\"Malarg\u00fce HCD\",\"description\":\"Malarg\u00fce Mendoza Argentina\",\"potentialAction\":[{\"@type\":\"SearchAction\",\"target\":{\"@type\":\"EntryPoint\",\"urlTemplate\":\"https:\/\/hcd.malargue.gov.ar\/?s={search_term_string}\"},\"query-input\":\"required name=search_term_string\"}],\"inLanguage\":\"es-AR\"},{\"@type\":\"Person\",\"@id\":\"https:\/\/hcd.malargue.gov.ar\/#\/schema\/person\/3fd6bbab64edd703961b795156c955d0\",\"name\":\"Belen Pedernera Ferragut\",\"image\":{\"@type\":\"ImageObject\",\"inLanguage\":\"es-AR\",\"@id\":\"https:\/\/hcd.malargue.gov.ar\/#\/schema\/person\/image\/\",\"url\":\"https:\/\/secure.gravatar.com\/avatar\/1054ffab3893de4bb3eb29bdd22f7e34b8537bf5d34d9dab311818154ad5b71f?s=96&d=mm&r=g\",\"contentUrl\":\"https:\/\/secure.gravatar.com\/avatar\/1054ffab3893de4bb3eb29bdd22f7e34b8537bf5d34d9dab311818154ad5b71f?s=96&d=mm&r=g\",\"caption\":\"Belen Pedernera Ferragut\"},\"url\":\"https:\/\/hcd.malargue.gov.ar\/?author=5\"}]}<\/script>\n<!-- \/ Yoast SEO plugin. -->","yoast_head_json":{"title":"ORDENANZA N\u00b0 2.236\/2.023 - Malarg\u00fce HCD","robots":{"index":"index","follow":"follow","max-snippet":"max-snippet:-1","max-image-preview":"max-image-preview:large","max-video-preview":"max-video-preview:-1"},"canonical":"https:\/\/hcd.malargue.gov.ar\/?p=34265","og_locale":"es_ES","og_type":"article","og_title":"ORDENANZA N\u00b0 2.236\/2.023 - Malarg\u00fce HCD","og_description":"AUTORA: CONCEJALA VIVIANA MOSCA BLOQUE: FRENTE CAMBIA MENDOZA VISTO: El contenido del Expediente N\u00ba 5.258-HC 053-2.023 Bloque Frente Cambia Mendoza. Proyecto de Ordenanza: Modernizaci\u00f3n de los pulmones verdes de Barrio Parque y alrededores. La importancia de renovaci\u00f3n de estos espacios verdes, preservando el arbolado p\u00fablico, donde se pretende brindar a trav\u00e9s de este dise\u00f1o un [&hellip;]","og_url":"https:\/\/hcd.malargue.gov.ar\/?p=34265","og_site_name":"Malarg\u00fce HCD","article_published_time":"2023-06-21T12:33:34+00:00","article_modified_time":"2023-06-21T12:37:58+00:00","og_image":[{"width":940,"height":788,"url":"https:\/\/hcd.malargue.gov.ar\/wp-content\/uploads\/2023\/06\/ORDENANZA-2236-2023.jpg","type":"image\/jpeg"}],"author":"Belen Pedernera Ferragut","twitter_card":"summary_large_image","twitter_misc":{"Escrito por":"Belen Pedernera Ferragut","Tiempo de lectura":"2 minutos"},"schema":{"@context":"https:\/\/schema.org","@graph":[{"@type":"WebPage","@id":"https:\/\/hcd.malargue.gov.ar\/?p=34265","url":"https:\/\/hcd.malargue.gov.ar\/?p=34265","name":"ORDENANZA N\u00b0 2.236\/2.023 - Malarg\u00fce HCD","isPartOf":{"@id":"https:\/\/hcd.malargue.gov.ar\/#website"},"datePublished":"2023-06-21T12:33:34+00:00","dateModified":"2023-06-21T12:37:58+00:00","author":{"@id":"https:\/\/hcd.malargue.gov.ar\/#\/schema\/person\/3fd6bbab64edd703961b795156c955d0"},"breadcrumb":{"@id":"https:\/\/hcd.malargue.gov.ar\/?p=34265#breadcrumb"},"inLanguage":"es-AR","potentialAction":[{"@type":"ReadAction","target":["https:\/\/hcd.malargue.gov.ar\/?p=34265"]}]},{"@type":"BreadcrumbList","@id":"https:\/\/hcd.malargue.gov.ar\/?p=34265#breadcrumb","itemListElement":[{"@type":"ListItem","position":1,"name":"Inicio","item":"https:\/\/hcd.malargue.gov.ar\/"},{"@type":"ListItem","position":2,"name":"ORDENANZA N\u00b0 2.236\/2.023"}]},{"@type":"WebSite","@id":"https:\/\/hcd.malargue.gov.ar\/#website","url":"https:\/\/hcd.malargue.gov.ar\/","name":"Malarg\u00fce HCD","description":"Malarg\u00fce Mendoza Argentina","potentialAction":[{"@type":"SearchAction","target":{"@type":"EntryPoint","urlTemplate":"https:\/\/hcd.malargue.gov.ar\/?s={search_term_string}"},"query-input":"required name=search_term_string"}],"inLanguage":"es-AR"},{"@type":"Person","@id":"https:\/\/hcd.malargue.gov.ar\/#\/schema\/person\/3fd6bbab64edd703961b795156c955d0","name":"Belen Pedernera Ferragut","image":{"@type":"ImageObject","inLanguage":"es-AR","@id":"https:\/\/hcd.malargue.gov.ar\/#\/schema\/person\/image\/","url":"https:\/\/secure.gravatar.com\/avatar\/1054ffab3893de4bb3eb29bdd22f7e34b8537bf5d34d9dab311818154ad5b71f?s=96&d=mm&r=g","contentUrl":"https:\/\/secure.gravatar.com\/avatar\/1054ffab3893de4bb3eb29bdd22f7e34b8537bf5d34d9dab311818154ad5b71f?s=96&d=mm&r=g","caption":"Belen Pedernera Ferragut"},"url":"https:\/\/hcd.malargue.gov.ar\/?author=5"}]}},"_links":{"self":[{"href":"https:\/\/hcd.malargue.gov.ar\/index.php?rest_route=\/wp\/v2\/posts\/34265","targetHints":{"allow":["GET"]}}],"collection":[{"href":"https:\/\/hcd.malargue.gov.ar\/index.php?rest_route=\/wp\/v2\/posts"}],"about":[{"href":"https:\/\/hcd.malargue.gov.ar\/index.php?rest_route=\/wp\/v2\/types\/post"}],"author":[{"embeddable":true,"href":"https:\/\/hcd.malargue.gov.ar\/index.php?rest_route=\/wp\/v2\/users\/5"}],"replies":[{"embeddable":true,"href":"https:\/\/hcd.malargue.gov.ar\/index.php?rest_route=%2Fwp%2Fv2%2Fcomments&post=34265"}],"version-history":[{"count":3,"href":"https:\/\/hcd.malargue.gov.ar\/index.php?rest_route=\/wp\/v2\/posts\/34265\/revisions"}],"predecessor-version":[{"id":34269,"href":"https:\/\/hcd.malargue.gov.ar\/index.php?rest_route=\/wp\/v2\/posts\/34265\/revisions\/34269"}],"wp:featuredmedia":[{"embeddable":true,"href":"https:\/\/hcd.malargue.gov.ar\/index.php?rest_route=\/wp\/v2\/media\/34266"}],"wp:attachment":[{"href":"https:\/\/hcd.malargue.gov.ar\/index.php?rest_route=%2Fwp%2Fv2%2Fmedia&parent=34265"}],"wp:term":[{"taxonomy":"category","embeddable":true,"href":"https:\/\/hcd.malargue.gov.ar\/index.php?rest_route=%2Fwp%2Fv2%2Fcategories&post=34265"},{"taxonomy":"post_tag","embeddable":true,"href":"https:\/\/hcd.malargue.gov.ar\/index.php?rest_route=%2Fwp%2Fv2%2Ftags&post=34265"}],"curies":[{"name":"wp","href":"https:\/\/api.w.org\/{rel}","templated":true}]}}