{"id":34409,"date":"2023-07-05T12:42:54","date_gmt":"2023-07-05T15:42:54","guid":{"rendered":"https:\/\/hcd.malargue.gov.ar\/?p=34409"},"modified":"2023-07-26T12:42:22","modified_gmt":"2023-07-26T15:42:22","slug":"orden-del-dia-15-sesion-ordinaria-2","status":"publish","type":"post","link":"https:\/\/hcd.malargue.gov.ar\/?p=34409","title":{"rendered":"ORDEN DEL D\u00cdA 15\u00b0 SESI\u00d3N ORDINARIA"},"content":{"rendered":"<div class=\"wp-block-image\">\n<figure class=\"alignright size-full is-resized\"><a href=\"http:\/\/hcd.malargue.gov.ar\/hcdpdf\/15%20ORDEN%2006%20de%20Julio%20de%202023.pdf\"><img loading=\"lazy\" decoding=\"async\" src=\"https:\/\/hcd.malargue.gov.ar\/wp-content\/uploads\/2018\/06\/PDF-JPG.jpg\" alt=\"\" class=\"wp-image-7950\" width=\"121\" height=\"121\" srcset=\"https:\/\/hcd.malargue.gov.ar\/wp-content\/uploads\/2018\/06\/PDF-JPG.jpg 512w, https:\/\/hcd.malargue.gov.ar\/wp-content\/uploads\/2018\/06\/PDF-JPG-150x150.jpg 150w, https:\/\/hcd.malargue.gov.ar\/wp-content\/uploads\/2018\/06\/PDF-JPG-300x300.jpg 300w\" sizes=\"auto, (max-width: 121px) 100vw, 121px\" \/><\/a><\/figure>\n<\/div>\n\n\n<h5 class=\"wp-block-heading\">D\u00eda Jueves&nbsp;06 de Julio de 2.023<\/h5>\n\n\n\n<h5 class=\"wp-block-heading\">Hora: 09:00 <\/h5>\n\n\n\n<p><strong><em>a) Acto de Izar la Ense\u00f1a Patria&nbsp;&nbsp;a cargo de la Sra. &nbsp;Concejal Silvia Beatriz CORREA<\/em><\/strong><\/p>\n\n\n\n<p><strong><em>b) Homenaje de los Se\u00f1ores Concejales.<\/em><\/strong><\/p>\n\n\n\n<p><strong><em>c) Consideraci\u00f3n Acta Sesi\u00f3n Ordinaria N\u00b01.131- \u201cO\u201d-2023 y Acta Sesi\u00f3n<\/em><\/strong> <strong><em>Extraordinaria N\u00b01- 2022-2023&nbsp;&nbsp;&nbsp;&nbsp;<\/em><\/strong><\/p>\n\n\n\n<p><strong><em>d) Lectura del detalle de la correspondencia recibida y emitida.<\/em><\/strong><\/p>\n\n\n\n<p><strong><em>e) Consideraci\u00f3n de los temas que ser\u00e1n incluidos en el punto Asuntos&nbsp;Varios y<\/em><\/strong> <strong><em>puesta a consideraci\u00f3n de mociones de tratamientos sobre tablas de diversos<\/em><\/strong> <strong><em>expedientes.<\/em><\/strong><\/p>\n\n\n\n<p><strong><em>f)<\/em><\/strong><strong><em> Proyectos de los Se\u00f1ores Concejales: <\/em><\/strong><em>&nbsp;&nbsp;&nbsp;<\/em><\/p>\n\n\n\n<ol class=\"wp-block-list\" type=\"1\">\n<li>Expte.N\u00b05.301-HC 056-2.023 Proyecto de Ordenanza: Disp\u00f3ngase de espacios de estacionamiento para motocicletas y ciclomotores sobre la Av. San Mart\u00edn (BLOQUE FRENTE CAMBIA MENDOZA) Autora: Concejal Daiana Varas Castro<\/li>\n\n\n\n<li>Expte.N\u00ba5.302- HC 056-2.023 Proyecto de Resoluci\u00f3n: Crear el Programa de Participaci\u00f3n Ciudadana para la elaboraci\u00f3n del Presupuesto Municipal.&nbsp; (INTERBLOQUE ENCUENTRO; FRENTE DE TODOS; FRENTE CAMBIA MENDOZA; U.C.R. INDEPENDIENTE; RECONSTRUYENDO MALARG\u00dcE Y CUIDEMOS MALARG\u00dcE) Autores: &nbsp;Concejales Francisco Parada, Rodrigo Hidalgo, Daiana Varas Castro, Paola Rojo, Mart\u00edn Palma, Gabriel Rosas , Silvina&nbsp; Camiolo y Silvia Correa.<\/li>\n\n\n\n<li>Expte.N\u00b05.303-HC 056-2.023 Proyecto de Resoluci\u00f3n: Solicitar al Departamento Ejecutivo Municipal cumplimiento de la Ordenanza N\u00b02.025\/2.019 \u201cReglamento Interno de Funcionamiento y operaci\u00f3n Parque Industrial Malarg\u00fce\u201d. (INTERBLOQUE FRENTE CAMBIA MENDOZA-ENCUENTRO) Autores: Concejales Paola Rojo y Francisco Parada<\/li>\n\n\n\n<li>Expte.N\u00b05.304-HC 056-2.023 Proyecto de Resoluci\u00f3n: Solicitar al I.P.V reconsiderar el&nbsp; mecanismo de cr\u00e9dito ajustado U.V.A a las viviendas del Barrio El Trapal II (INTERBLOQUE RECONTRUYENDO MALARGUE, FRENTE DE&nbsp; TODOS, FRENTE CAMBIA MENDOZA U.C.R INDEPENDIENTE Y CUIDEMOS MALARG\u00dcE) ) Autores. Concejales Silvina Camiolo, Andr\u00e9s Risi, Paola Rojo, Mart\u00edn Palma, Gabriel Rosas&nbsp; y Silvia Correa<\/li>\n\n\n\n<li>Expte.N\u00b05.305 HC 056-2.023 Proyecto de Resoluci\u00f3n: Solicitar al Departamento Ejecutivo el cese inmediato de acciones de presi\u00f3n ya sea cambios de \u00c1rea, descuentos, Baja de Contratos y\/o Pases a disponibilidad de Agentes Municipales.&nbsp; Relacionados con su participaci\u00f3n pol\u00edtico partidaria. (INTERBLOQUE FRENTE DE TODOS, FRENTE CAMBIA MENDOZA, U.C.R. INDEPENDIENTE, RECONSTRUYENDO MALARGUE Y CUIDEMOS MALARG\u00dcE) Autores: Concejales Rodrigo Hidalgo, Andr\u00e9s Risi, Paola Rojo, Mart\u00edn Palma, Gabriel Rosas , Silvina Camiolo y Silvia Correa<\/li>\n\n\n\n<li>Expte.N\u00b05.306-HC 056-2.023 Proyecto de Resoluci\u00f3n: Solicitar al Departamento Ejecutivo informe tareas de mantenimiento Cancha de Hockey Municipal , personal responsable de mantenimiento , convenio con Asociaci\u00f3n Malarg\u00fcina de Hockey Amateur.(BLOQUE RECONSTRUYENDO MALARG\u00dcE) Autora Concejal Silvina Camiolo<\/li>\n\n\n\n<li>Expte.N\u00b05.307-HC 056-2.023 Proyecto de Resoluci\u00f3n: Incorporar al recorrido de frecuencias diarias del transporte p\u00fablico al Barrio Carbometal (BLOQUE CUIDEMOS MALARG\u00dcE) Autora: Concejal Silvia Correa.<\/li>\n\n\n\n<li>Expte.N\u00b05.308-HC 057-2.023 Proyecto de Resoluci\u00f3n: Instar al Departamento Ejecutivo Municipal la realizaci\u00f3n del Plano de Relevamiento Social a Clubes Deportivos. (BLOQUE FRENTE DE TODOS) Autores Concejales Rodrigo Hidalgo y Andr\u00e9s Risi<\/li>\n<\/ol>\n\n\n\n<p><strong><em>g) Expedientes provenientes del Departamento Ejecutivo<\/em><\/strong><\/p>\n\n\n\n<p>&#8211; No Ingresados-<\/p>\n\n\n\n<p><strong><em>h) Despachos de las Comisiones de Trabajo:<\/em><\/strong><\/p>\n\n\n\n<ol class=\"wp-block-list\" type=\"1\">\n<li>Nota HC-250-2.023 Sr. Carlos Segovia, expone situaci\u00f3n por pago de alumbrado p\u00fablico (O.P.T Y R.N)&nbsp;<\/li>\n\n\n\n<li>Expte.N\u00b04.924\/2.022-0 Club Social y Deportivo Municipal. Solicita condonaci\u00f3n de deuda referente a los a\u00f1os 2.018,2.019,2.020 y 2.021 (H.P.L.A.C.)<\/li>\n\n\n\n<li>Expte.N\u00b019.723\/2.004-0 Bravo Gustavo Elio Habilitaci\u00f3n comercial Futbol Cinco \u201cEl Sitio\u201d. (O.P.T Y R.N)<\/li>\n\n\n\n<li>Expte.N\u00b05.257-HC 053-2.023 Proyecto de Resoluci\u00f3n: Declarar de Inter\u00e9s Departamental la especie arbustiva le\u00f1osa CHACAY en el Departamento de Malarg\u00fce (E.H.M.A.S Y C)<\/li>\n\n\n\n<li>Expte.N\u00b05.076-HC 041-2.022 Proyecto de Ordenanza: Implementar doble sentido de circulaci\u00f3n de Calle Intendente Anglat desde Av. San Mart\u00edn hasta Ingeniero Barrera (O.P.T Y R.N y H.P.L. A.C.)<\/li>\n<\/ol>\n\n\n\n<p><strong>i<\/strong><strong><em>) Asuntos Varios. &#8211;&nbsp;&nbsp;&nbsp;&nbsp;&nbsp;&nbsp;&nbsp;<\/em><\/strong><\/p>\n\n\n\n<p><strong><em>j) Acto de arriar el Pabell\u00f3n Nacional a cargo de la concejal que lo<\/em><\/strong><strong> iz\u00f3. &#8211; <\/strong><strong><em><\/em><\/strong><\/p>\n\n\n\n<p><strong>&nbsp;&nbsp;&nbsp;&nbsp;&nbsp;&nbsp;&nbsp;&nbsp;&nbsp;&nbsp;&nbsp;&nbsp;&nbsp;&nbsp;&nbsp;&nbsp;&nbsp;&nbsp;&nbsp;&nbsp;&nbsp;&nbsp;&nbsp;&nbsp;&nbsp;&nbsp;&nbsp;&nbsp;&nbsp;&nbsp;&nbsp;&nbsp;&nbsp;&nbsp;&nbsp;&nbsp;&nbsp;&nbsp;&nbsp;&nbsp;&nbsp;&nbsp;&nbsp;&nbsp;&nbsp;&nbsp;&nbsp;&nbsp;&nbsp;&nbsp;&nbsp;&nbsp;&nbsp;&nbsp;&nbsp;&nbsp;&nbsp;&nbsp;&nbsp;&nbsp;&nbsp;&nbsp;&nbsp;&nbsp;&nbsp;&nbsp;&nbsp;&nbsp;&nbsp;&nbsp;&nbsp;&nbsp;&nbsp;&nbsp;&nbsp;&nbsp;&nbsp;&nbsp;&nbsp;&nbsp;&nbsp;&nbsp;&nbsp;&nbsp;&nbsp;&nbsp;&nbsp;&nbsp;&nbsp; Presidencia H.C.D &nbsp;04 &nbsp;&nbsp;&nbsp;de Julio de 2.023.-<\/strong><\/p>\n\n\n\n<p><strong>CORRESPONDENCIA&nbsp; PARA LA SESI\u00d3N<\/strong><\/p>\n\n\n\n<p><strong>Del d\u00eda Jueves 06 de Julio&nbsp; de 2.023<\/strong><\/p>\n\n\n\n<p><strong>NOTAS INGRESADAS.<\/strong><\/p>\n\n\n\n<ol class=\"wp-block-list\" type=\"1\">\n<li>Escuela N\u00ba 1-374 Petroleros del Sur, La Junta, solicitan colaboraci\u00f3n para viajar a Chapadmalal.<\/li>\n\n\n\n<li>Sr. Alfredo Aguirre, solicita se gestione situaci\u00f3n catastral, dominio del inmueble calle Las Bardas N\u00ba 1.048 Barrio Virgen de los Vientos.<\/li>\n\n\n\n<li>Sr. N\u00e9stor Zalazar menciona su descontento por recibir la orden de cortar le\u00f1a de la Cortina Forestal.<\/li>\n\n\n\n<li>Concejal Gabriel Rosas, solicita se de tratamiento a Nota adjunta elevada al DEM, donde requieren informaci\u00f3n sobre la Asociaci\u00f3n de Empleados Municipales de Malarg\u00fce.<\/li>\n\n\n\n<li>Lic. Castro Javier, solicita la creaci\u00f3n de Pieza Legal que regule y de prioridad a los profesionales en nuestro Departamento.<\/li>\n<\/ol>\n\n\n\n<p><strong>NOTAS EMITIDAS.<\/strong><\/p>\n\n\n\n<ol class=\"wp-block-list\" type=\"1\">\n<li>A la Sra. Mar\u00eda Beatriz Casco, remitiendo Nota de la DGI en respuesta al pedido que la misma realizo a la Comisi\u00f3n O.P.T.y R.N.<\/li>\n\n\n\n<li>Al Administrador General de D.P.V a fin de remitir copia de la Resoluci\u00f3n N\u00ba 237\/2.023, para conocimiento de la misma.<\/li>\n<\/ol>\n","protected":false},"excerpt":{"rendered":"<p>D\u00eda Jueves&nbsp;06 de Julio de 2.023 Hora: 09:00 a) Acto de Izar la Ense\u00f1a Patria&nbsp;&nbsp;a cargo de la Sra. &nbsp;Concejal Silvia Beatriz CORREA b) Homenaje de los Se\u00f1ores Concejales. c) Consideraci\u00f3n Acta Sesi\u00f3n Ordinaria N\u00b01.131- \u201cO\u201d-2023 y Acta Sesi\u00f3n Extraordinaria N\u00b01- 2022-2023&nbsp;&nbsp;&nbsp;&nbsp; d) Lectura del detalle de la correspondencia recibida y emitida. e) Consideraci\u00f3n de [&hellip;]<\/p>\n","protected":false},"author":5,"featured_media":32356,"comment_status":"closed","ping_status":"closed","sticky":false,"template":"","format":"standard","meta":{"footnotes":""},"categories":[52,84,58,33,36],"tags":[],"class_list":["post-34409","post","type-post","status-publish","format-standard","has-post-thumbnail","hentry","category-gacetillas","category-orden-del-dia","category-ordinarias","category-prensa","category-sesiones"],"yoast_head":"<!-- This site is optimized with the Yoast SEO plugin v19.10 - https:\/\/yoast.com\/wordpress\/plugins\/seo\/ -->\n<title>ORDEN DEL D\u00cdA 15\u00b0 SESI\u00d3N ORDINARIA - Malarg\u00fce HCD<\/title>\n<meta name=\"robots\" content=\"index, follow, max-snippet:-1, max-image-preview:large, max-video-preview:-1\" \/>\n<link rel=\"canonical\" href=\"https:\/\/hcd.malargue.gov.ar\/?p=34409\" \/>\n<meta property=\"og:locale\" content=\"es_ES\" \/>\n<meta property=\"og:type\" content=\"article\" \/>\n<meta property=\"og:title\" content=\"ORDEN DEL D\u00cdA 15\u00b0 SESI\u00d3N ORDINARIA - Malarg\u00fce HCD\" \/>\n<meta property=\"og:description\" content=\"D\u00eda Jueves&nbsp;06 de Julio de 2.023 Hora: 09:00 a) Acto de Izar la Ense\u00f1a Patria&nbsp;&nbsp;a cargo de la Sra. &nbsp;Concejal Silvia Beatriz CORREA b) Homenaje de los Se\u00f1ores Concejales. c) Consideraci\u00f3n Acta Sesi\u00f3n Ordinaria N\u00b01.131- \u201cO\u201d-2023 y Acta Sesi\u00f3n Extraordinaria N\u00b01- 2022-2023&nbsp;&nbsp;&nbsp;&nbsp; d) Lectura del detalle de la correspondencia recibida y emitida. e) Consideraci\u00f3n de [&hellip;]\" \/>\n<meta property=\"og:url\" content=\"https:\/\/hcd.malargue.gov.ar\/?p=34409\" \/>\n<meta property=\"og:site_name\" content=\"Malarg\u00fce HCD\" \/>\n<meta property=\"article:published_time\" content=\"2023-07-05T15:42:54+00:00\" \/>\n<meta property=\"article:modified_time\" content=\"2023-07-26T15:42:22+00:00\" \/>\n<meta property=\"og:image\" content=\"https:\/\/hcd.malargue.gov.ar\/wp-content\/uploads\/2022\/08\/CORREA-Bandera-scaled.jpg\" \/>\n\t<meta property=\"og:image:width\" content=\"2560\" \/>\n\t<meta property=\"og:image:height\" content=\"2004\" \/>\n\t<meta property=\"og:image:type\" content=\"image\/jpeg\" \/>\n<meta name=\"author\" content=\"Belen Pedernera Ferragut\" \/>\n<meta name=\"twitter:card\" content=\"summary_large_image\" \/>\n<meta name=\"twitter:label1\" content=\"Escrito por\" \/>\n\t<meta name=\"twitter:data1\" content=\"Belen Pedernera Ferragut\" \/>\n\t<meta name=\"twitter:label2\" content=\"Tiempo de lectura\" \/>\n\t<meta name=\"twitter:data2\" content=\"5 minutos\" \/>\n<script type=\"application\/ld+json\" class=\"yoast-schema-graph\">{\"@context\":\"https:\/\/schema.org\",\"@graph\":[{\"@type\":\"WebPage\",\"@id\":\"https:\/\/hcd.malargue.gov.ar\/?p=34409\",\"url\":\"https:\/\/hcd.malargue.gov.ar\/?p=34409\",\"name\":\"ORDEN DEL D\u00cdA 15\u00b0 SESI\u00d3N ORDINARIA - Malarg\u00fce HCD\",\"isPartOf\":{\"@id\":\"https:\/\/hcd.malargue.gov.ar\/#website\"},\"datePublished\":\"2023-07-05T15:42:54+00:00\",\"dateModified\":\"2023-07-26T15:42:22+00:00\",\"author\":{\"@id\":\"https:\/\/hcd.malargue.gov.ar\/#\/schema\/person\/3fd6bbab64edd703961b795156c955d0\"},\"breadcrumb\":{\"@id\":\"https:\/\/hcd.malargue.gov.ar\/?p=34409#breadcrumb\"},\"inLanguage\":\"es-AR\",\"potentialAction\":[{\"@type\":\"ReadAction\",\"target\":[\"https:\/\/hcd.malargue.gov.ar\/?p=34409\"]}]},{\"@type\":\"BreadcrumbList\",\"@id\":\"https:\/\/hcd.malargue.gov.ar\/?p=34409#breadcrumb\",\"itemListElement\":[{\"@type\":\"ListItem\",\"position\":1,\"name\":\"Inicio\",\"item\":\"https:\/\/hcd.malargue.gov.ar\/\"},{\"@type\":\"ListItem\",\"position\":2,\"name\":\"ORDEN DEL D\u00cdA 15\u00b0 SESI\u00d3N ORDINARIA\"}]},{\"@type\":\"WebSite\",\"@id\":\"https:\/\/hcd.malargue.gov.ar\/#website\",\"url\":\"https:\/\/hcd.malargue.gov.ar\/\",\"name\":\"Malarg\u00fce HCD\",\"description\":\"Malarg\u00fce Mendoza Argentina\",\"potentialAction\":[{\"@type\":\"SearchAction\",\"target\":{\"@type\":\"EntryPoint\",\"urlTemplate\":\"https:\/\/hcd.malargue.gov.ar\/?s={search_term_string}\"},\"query-input\":\"required name=search_term_string\"}],\"inLanguage\":\"es-AR\"},{\"@type\":\"Person\",\"@id\":\"https:\/\/hcd.malargue.gov.ar\/#\/schema\/person\/3fd6bbab64edd703961b795156c955d0\",\"name\":\"Belen Pedernera Ferragut\",\"image\":{\"@type\":\"ImageObject\",\"inLanguage\":\"es-AR\",\"@id\":\"https:\/\/hcd.malargue.gov.ar\/#\/schema\/person\/image\/\",\"url\":\"https:\/\/secure.gravatar.com\/avatar\/1054ffab3893de4bb3eb29bdd22f7e34b8537bf5d34d9dab311818154ad5b71f?s=96&d=mm&r=g\",\"contentUrl\":\"https:\/\/secure.gravatar.com\/avatar\/1054ffab3893de4bb3eb29bdd22f7e34b8537bf5d34d9dab311818154ad5b71f?s=96&d=mm&r=g\",\"caption\":\"Belen Pedernera Ferragut\"},\"url\":\"https:\/\/hcd.malargue.gov.ar\/?author=5\"}]}<\/script>\n<!-- \/ Yoast SEO plugin. -->","yoast_head_json":{"title":"ORDEN DEL D\u00cdA 15\u00b0 SESI\u00d3N ORDINARIA - Malarg\u00fce HCD","robots":{"index":"index","follow":"follow","max-snippet":"max-snippet:-1","max-image-preview":"max-image-preview:large","max-video-preview":"max-video-preview:-1"},"canonical":"https:\/\/hcd.malargue.gov.ar\/?p=34409","og_locale":"es_ES","og_type":"article","og_title":"ORDEN DEL D\u00cdA 15\u00b0 SESI\u00d3N ORDINARIA - Malarg\u00fce HCD","og_description":"D\u00eda Jueves&nbsp;06 de Julio de 2.023 Hora: 09:00 a) Acto de Izar la Ense\u00f1a Patria&nbsp;&nbsp;a cargo de la Sra. &nbsp;Concejal Silvia Beatriz CORREA b) Homenaje de los Se\u00f1ores Concejales. c) Consideraci\u00f3n Acta Sesi\u00f3n Ordinaria N\u00b01.131- \u201cO\u201d-2023 y Acta Sesi\u00f3n Extraordinaria N\u00b01- 2022-2023&nbsp;&nbsp;&nbsp;&nbsp; d) Lectura del detalle de la correspondencia recibida y emitida. e) Consideraci\u00f3n de [&hellip;]","og_url":"https:\/\/hcd.malargue.gov.ar\/?p=34409","og_site_name":"Malarg\u00fce HCD","article_published_time":"2023-07-05T15:42:54+00:00","article_modified_time":"2023-07-26T15:42:22+00:00","og_image":[{"width":2560,"height":2004,"url":"https:\/\/hcd.malargue.gov.ar\/wp-content\/uploads\/2022\/08\/CORREA-Bandera-scaled.jpg","type":"image\/jpeg"}],"author":"Belen Pedernera Ferragut","twitter_card":"summary_large_image","twitter_misc":{"Escrito por":"Belen Pedernera Ferragut","Tiempo de lectura":"5 minutos"},"schema":{"@context":"https:\/\/schema.org","@graph":[{"@type":"WebPage","@id":"https:\/\/hcd.malargue.gov.ar\/?p=34409","url":"https:\/\/hcd.malargue.gov.ar\/?p=34409","name":"ORDEN DEL D\u00cdA 15\u00b0 SESI\u00d3N ORDINARIA - Malarg\u00fce HCD","isPartOf":{"@id":"https:\/\/hcd.malargue.gov.ar\/#website"},"datePublished":"2023-07-05T15:42:54+00:00","dateModified":"2023-07-26T15:42:22+00:00","author":{"@id":"https:\/\/hcd.malargue.gov.ar\/#\/schema\/person\/3fd6bbab64edd703961b795156c955d0"},"breadcrumb":{"@id":"https:\/\/hcd.malargue.gov.ar\/?p=34409#breadcrumb"},"inLanguage":"es-AR","potentialAction":[{"@type":"ReadAction","target":["https:\/\/hcd.malargue.gov.ar\/?p=34409"]}]},{"@type":"BreadcrumbList","@id":"https:\/\/hcd.malargue.gov.ar\/?p=34409#breadcrumb","itemListElement":[{"@type":"ListItem","position":1,"name":"Inicio","item":"https:\/\/hcd.malargue.gov.ar\/"},{"@type":"ListItem","position":2,"name":"ORDEN DEL D\u00cdA 15\u00b0 SESI\u00d3N ORDINARIA"}]},{"@type":"WebSite","@id":"https:\/\/hcd.malargue.gov.ar\/#website","url":"https:\/\/hcd.malargue.gov.ar\/","name":"Malarg\u00fce HCD","description":"Malarg\u00fce Mendoza Argentina","potentialAction":[{"@type":"SearchAction","target":{"@type":"EntryPoint","urlTemplate":"https:\/\/hcd.malargue.gov.ar\/?s={search_term_string}"},"query-input":"required name=search_term_string"}],"inLanguage":"es-AR"},{"@type":"Person","@id":"https:\/\/hcd.malargue.gov.ar\/#\/schema\/person\/3fd6bbab64edd703961b795156c955d0","name":"Belen Pedernera Ferragut","image":{"@type":"ImageObject","inLanguage":"es-AR","@id":"https:\/\/hcd.malargue.gov.ar\/#\/schema\/person\/image\/","url":"https:\/\/secure.gravatar.com\/avatar\/1054ffab3893de4bb3eb29bdd22f7e34b8537bf5d34d9dab311818154ad5b71f?s=96&d=mm&r=g","contentUrl":"https:\/\/secure.gravatar.com\/avatar\/1054ffab3893de4bb3eb29bdd22f7e34b8537bf5d34d9dab311818154ad5b71f?s=96&d=mm&r=g","caption":"Belen Pedernera Ferragut"},"url":"https:\/\/hcd.malargue.gov.ar\/?author=5"}]}},"_links":{"self":[{"href":"https:\/\/hcd.malargue.gov.ar\/index.php?rest_route=\/wp\/v2\/posts\/34409","targetHints":{"allow":["GET"]}}],"collection":[{"href":"https:\/\/hcd.malargue.gov.ar\/index.php?rest_route=\/wp\/v2\/posts"}],"about":[{"href":"https:\/\/hcd.malargue.gov.ar\/index.php?rest_route=\/wp\/v2\/types\/post"}],"author":[{"embeddable":true,"href":"https:\/\/hcd.malargue.gov.ar\/index.php?rest_route=\/wp\/v2\/users\/5"}],"replies":[{"embeddable":true,"href":"https:\/\/hcd.malargue.gov.ar\/index.php?rest_route=%2Fwp%2Fv2%2Fcomments&post=34409"}],"version-history":[{"count":2,"href":"https:\/\/hcd.malargue.gov.ar\/index.php?rest_route=\/wp\/v2\/posts\/34409\/revisions"}],"predecessor-version":[{"id":34449,"href":"https:\/\/hcd.malargue.gov.ar\/index.php?rest_route=\/wp\/v2\/posts\/34409\/revisions\/34449"}],"wp:featuredmedia":[{"embeddable":true,"href":"https:\/\/hcd.malargue.gov.ar\/index.php?rest_route=\/wp\/v2\/media\/32356"}],"wp:attachment":[{"href":"https:\/\/hcd.malargue.gov.ar\/index.php?rest_route=%2Fwp%2Fv2%2Fmedia&parent=34409"}],"wp:term":[{"taxonomy":"category","embeddable":true,"href":"https:\/\/hcd.malargue.gov.ar\/index.php?rest_route=%2Fwp%2Fv2%2Fcategories&post=34409"},{"taxonomy":"post_tag","embeddable":true,"href":"https:\/\/hcd.malargue.gov.ar\/index.php?rest_route=%2Fwp%2Fv2%2Ftags&post=34409"}],"curies":[{"name":"wp","href":"https:\/\/api.w.org\/{rel}","templated":true}]}}