{"id":34413,"date":"2023-07-07T08:00:00","date_gmt":"2023-07-07T11:00:00","guid":{"rendered":"https:\/\/hcd.malargue.gov.ar\/?p=34413"},"modified":"2023-07-05T13:02:26","modified_gmt":"2023-07-05T16:02:26","slug":"acta-14-sesion-ordinaria-n1-131o-29-06-2-023","status":"publish","type":"post","link":"https:\/\/hcd.malargue.gov.ar\/?p=34413","title":{"rendered":"ACTA 14\u00b0 SESI\u00d3N ORDINARIA N\u00b01.131\u201cO\u201d-29\/06\/2.023"},"content":{"rendered":"<div class=\"wp-block-image\">\n<figure class=\"alignright size-full is-resized\"><a href=\"http:\/\/hcd.malargue.gov.ar\/hcdpdf\/ORDINARIA%20N%201131%202023.pdf\"><img loading=\"lazy\" decoding=\"async\" src=\"https:\/\/hcd.malargue.gov.ar\/wp-content\/uploads\/2018\/06\/PDF-JPG.jpg\" alt=\"\" class=\"wp-image-7950\" width=\"126\" height=\"126\" srcset=\"https:\/\/hcd.malargue.gov.ar\/wp-content\/uploads\/2018\/06\/PDF-JPG.jpg 512w, https:\/\/hcd.malargue.gov.ar\/wp-content\/uploads\/2018\/06\/PDF-JPG-150x150.jpg 150w, https:\/\/hcd.malargue.gov.ar\/wp-content\/uploads\/2018\/06\/PDF-JPG-300x300.jpg 300w\" sizes=\"auto, (max-width: 126px) 100vw, 126px\" \/><\/a><\/figure>\n<\/div>\n\n\n<p>En Malarg\u00fce Mendoza a Veintinueve d\u00edas de Junio de 2.023, cuan do es la hora 10: 06 se re\u00fane el Honorable Concejo Deliberante de la Municipalidad de Malarg\u00fce, para celebrar su Sesi\u00f3n Ordinaria. Bajo la Presidencia de la Vicepresidente 1\u00b0 Concejal Daiana VARAS CASTRO y la presencia de los se\u00f1ores concejales Palma, Rosas, Rojo, Parada, Correa e Hidalgo. Se firma del Libro de Asistencia donde constan las ausencias de los se\u00f1ores concejales Risi y Mosca c\/ nota y certificado m\u00e9dico &nbsp;de la concejal Camiolo, \/ Para dar comienzo al desarrollo del orden del d\u00eda, se invita a la concejal Silvia CORREA a izar la Ense\u00f1a Patria. \/ b) Homenaje de los Se\u00f1ores Concejales.&nbsp; No hay solicitudes a tal efecto. \/\/ c) Consideraci\u00f3n Acta Sesi\u00f3n Ordinaria N\u00b01.130- \u201cO\u201d-2023.-. Se pone a consideraci\u00f3n de los se\u00f1ores concejales y es aprobada. \/ d) Lectura del detalle de la correspondencia recibida y emitida. <strong>Notas Ingresadas:<\/strong> 1.Sr. Adalberto Hidalgo en representaci\u00f3n de Vecinos de Colonia Pehuenche II, solicitan la aprobaci\u00f3n de la red de gas natural, dado el plazo otorgado por ECOGAS. Pasa a O.P.T Y R.N &nbsp;\/ 2.Sr. Ram\u00f3n Alberto Chaparro, agente municipal interpone recurso de apelaci\u00f3n contra Decreto Municipal N\u00ba 1.296\/2.023 Suspensi\u00f3n preventiva sin goce de haberes. Pasa a H.P.L.A.C \/3.Concejal Andr\u00e9s Risi Presidente del Honorable Concejo Deliberante informa ausencia del 26 al 30 de Junio, por razones de \u00edndole personal. Pasa a SECRETARIA \/ 4.Cdte. Pcpal. Marcelo Daniel Soler Jefe de Escuadr\u00f3n 29 Malarg\u00fce, solicita condonaci\u00f3n de deudas de los periodos 2019, 2020, 2021 y 2022 de los inmuebles de Gendarmer\u00eda Nacional seg\u00fan detalle. Pasa a H.P.L.A.C. \/5.Sra. Claudia Cristina Aranibar, solicita reuni\u00f3n con la Comisi\u00f3n de Educaci\u00f3n, Higiene, Moralidad, Acci\u00f3n Social y Cultura, a fin de exponer situaci\u00f3n personal de salud y vivienda. &nbsp;Pasa a E.H.M.A.S Y C \/6.Sra. Luciana Villegas, Directora de Ambiente, solicita informaci\u00f3n respecto a estado de situaci\u00f3n del Proyecto Programa de separaci\u00f3n y recolecci\u00f3n diferenciada de residuos. Pasa a O.P.T Y R.N &nbsp;\/ 7.Sr. Agust\u00edn Jos\u00e9 Alcorta Director de Acceso al suelo Urbano del Mtrio. De Desarrollo Social, eleva respuesta a Resoluci\u00f3n N\u00ba 545\/2023&nbsp; en relaci\u00f3n a Colonia H\u00edpica y su inclusi\u00f3n en barrios populares. Pasa a H.P.L.A.C. &nbsp;\/ 8.Departamento Ejecutivo, eleva acuerdo conciliatorio de car\u00e1cter extrajudicial s\/Autos N\u00ba 3839 caratulados Municipalidad de Malarg\u00fce c\/Andrada Marcelo Jos\u00e9 p\/Reivindicaci\u00f3n para consideraci\u00f3n. PASA A H.P.L.A.C. &nbsp;\/ 9.Directivos de Escuela N\u00ba 8-443 Prof. H\u00e9ctor Alfredo Cubo, solicita se autorice visita de alumnos de 1\u00ba, 2\u00ba y 3\u00ba grado, para el pr\u00f3ximo d\u00eda 07 de Julio. \/ 10.Sra. Viviana Castro Secretaria Pol\u00edtica de Bloque Frente Cambia Mendoza, informa ausencia de la Concejal Daiana Varas Castro por razones de salud.\/ Pasa a SECRETARIA .&nbsp; Seguidamente se da lectura a la nota mediante la cual desde el Bloque Frente Cambia Mendoza informan las razones de ausencia de la concejal Viviana Mosca. \/ e) Consideraci\u00f3n de los temas que ser\u00e1n incluidos en el punto Asuntos&nbsp;&nbsp;&nbsp;&nbsp; Varios y &nbsp;&nbsp;&nbsp;puesta a consideraci\u00f3n de mociones de tratamientos sobre tablas de diversos &nbsp;&nbsp;&nbsp;expedientes. Cuando es la hora 10:10 el concejal Hidalgo solicita un cuarto intermedio que es aprobado. \/&nbsp; A las 10:20 se reanuda la Sesi\u00f3n. \/ &nbsp;&nbsp;Solicita la palabra el concejal HIDALGO quien expresa &nbsp;, para solicitar que se desafecte el despacho del Expte 5288 \u2013HC 055-2023 Correspondiente a la Comisi\u00f3n investigadora&nbsp; , a la Comisi\u00f3n de Investigaci\u00f3n con respecto al Programa Enlace. Amerita la urgencia el tema de que&nbsp; debemos como siempre decimos, llevar tranquilidad y transparencia a todos los vecinos &nbsp;&nbsp;, entendemos que si sigue pasando el tiempo y no damos curso a este tema a la justicia , puede llegar a haber adulteraci\u00f3n o alg\u00fan tipo de maltrato con los expedientes&nbsp; y la documentaci\u00f3n en s\u00ed. \/ Se pone a consideraci\u00f3n la moci\u00f3n y es aprobada. \/\/ &nbsp;Luego en uso de la palabra el concejal PARADA&nbsp; quien solicita tambi\u00e9n la desafectaci\u00f3n y su posterior tratamiento sobre tablas&nbsp; sobre el Expte. N\u00b0 5.298-HC-055-2023 Proyecto de Resoluci\u00f3n:&nbsp; Declarar de Inter\u00e9s&nbsp; Departamental&nbsp; la&nbsp; conferencia sobre&nbsp; El Ataque&nbsp; del Porta Aviones&nbsp; Ingl\u00e9s \u201cHMS INVENCIBLE\u201d .Bueno la urgencia es porque nos lleg\u00f3 a los bloques , notas de invitaci\u00f3n a esta conferencia que tiene que ver con los h\u00e9roes de Malvinas con los testimonios vivos que gracias a Dios a\u00fan quedan &nbsp;&nbsp;de la guerra en el Atl\u00e1ntico Sur, y que se va a realizar el&nbsp; pr\u00f3ximo mi\u00e9rcoles , entonces para llegar con una correspondiente declaraci\u00f3n de acuerdo a los tiempos pido el tratamiento sobre tablas en el d\u00eda de hoy. \/ Se pone a consideraci\u00f3n la moci\u00f3n del concejal Parada y es aprobada.\/\/ f) Proyectos de los Se\u00f1ores Concejales:&nbsp; 1.Expte.N\u00b05.294-HC 056-2.023 Proyecto de Ordenanza: Normativa de protecci\u00f3n regulaci\u00f3n y puntos de control a conductores de veh\u00edculos 4 x 4 motociclistas tipo enduro o todo terreno y actividades de turismo aventura (off road) (BLOQUE FRENTE DE TODOS) Autores: Concejales Rodrigo Hidalgo y Andr\u00e9s Risi \/ En uso de la palabra el concejal HIDALGO&nbsp; manifiesta , para pedir que solo se lea el articulado este es un proyecto que nace de algunas reuniones que hemos venido realizando con la gente de turismo y con personas de la zona rural, por otro tema puntual tambi\u00e9n el tema de cabalgatas donde en esas reuniones&nbsp; surge la problem\u00e1tica que est\u00e1n teniendo tambi\u00e9n&nbsp; con respecto a los veh\u00edculos 4 x 4&nbsp; y el turismo que se realiza, en ese aspecto, viene a tratar de reglamentar&nbsp; y ordenar un poco toda esta actividad , proteger el medioambiente, por supuesto, as\u00ed que bueno, que se lea el articulado&nbsp; y que pase a la comisi\u00f3n de Obras P\u00fablicas. \/ Por Secretar\u00eda se da lectura al articulado.. El concejal PALMA mociona que pase a la comisi\u00f3n de&nbsp; Hacienda en virtud que tiene&nbsp; que &nbsp;escuchando atentamente en los distintos hitos vamos a tener que construir puntos de control&nbsp; y eso afectar\u00e1 partidas presupuestarias por ende que pase a las dos comisiones. &nbsp;Pasa a O.P.T Y R.N &nbsp;y H.P.L.A.C. \/\/ 2.Expte.N\u00ba5.295- HC 056-2.023 Proyecto de Ordenanza: Imponer el nombre Mar\u00eda Mercedes Girelli a la cancha de Hockey de &nbsp;C\u00e9sped Sint\u00e9tico en&nbsp; el predio del Polideportivo Municipal.&nbsp; (BLOQUE RECONSTRUYENDO MALARG\u00dcE) Autora: &nbsp;Concejal Silvina Camiolo. Solicita la palabra la concejal ROJO y manifiesta que en funci\u00f3n de que no est\u00e1 presente justamente la autora del proyecto, para tambi\u00e9n solicitar el acompa\u00f1amiento del mismo con mi firma y hacer menci\u00f3n a esta destacable docente, que bueno, lamentablemente parti\u00f3 hace muy&nbsp; poquito tiempo, por una enfermedad que la tuvo que controlar durante varios a\u00f1os. En referencia&nbsp; a su persona , a Mercedes, en cuanto me parece un excelente &nbsp;proyecto, esto de que las canchas de Hockey&nbsp; del&nbsp; polideportivo lleven su nombre, ya que fue una de las docentes , profesora de Educaci\u00f3n F\u00edsica, que pr\u00e1cticamente en el a\u00f1o 2008, o 2009 , ella comienza&nbsp; con la actividad&nbsp;&nbsp; de hockey en el Departamento de Malarg\u00fce&nbsp;&nbsp; y es la que justamente&nbsp; impulsa el llevar a cabo , &nbsp;este deporte &nbsp;&nbsp;en ni\u00f1os, tanto ni\u00f1as como ni\u00f1os, y tambi\u00e9n de ah\u00ed surgen los diferentes clubes que actualmente tenemos en el Departamento de Malarg\u00fce. Comienza con los equipos de mami hockey, de ah\u00ed se van sumando e incorpor\u00e1ndose y vi\u00e9ndose las diferentes alternativas que se van dando en esta instancia deportiva, en los diferentes clubes del departamento y tambi\u00e9n ella quiso por diferentes proyectos que present\u00f3 a Direcci\u00f3n Gral de Escuelas por ejemplo de que tambi\u00e9n se ense\u00f1ara y fuera como una pr\u00e1ctica mas as\u00ed como son las otras&nbsp; practicas deportivas como v\u00f3ley, b\u00e1squet, h\u00e1ndbol , atletismo, que tambi\u00e9n se incorporara a la curricula&nbsp; ya sea de escuelas primarias como secundarias, tambi\u00e9n el hockey como un deporte m\u00e1s , una disciplina deportiva m\u00e1s&nbsp; en las instituciones educativas, no se pudo llevar a cabo no se concret\u00f3, pero fue l\u00f3gicamente ella un semillero de varios j\u00f3venes, en particular de mujeres, que tuvieron la posibilidad de llevar a cabo esta actividad y que bueno justamente han sido reconocidas,&nbsp;&nbsp; en los distintos \u00e1mbitos a nivel provincial y nacional, y bueno creo que justamente merece un justo reconocimiento en que las canchas de hockey de nuestro poli, lleven el nombre de&nbsp; Mercedes. As\u00ed que acompa\u00f1ar este proyecto con mi firma , considero que debe enviarse&nbsp; a la comisi\u00f3n de&nbsp; Hacienda.&nbsp; Se da lectura a la parte resolutiva del proyecto, por Secretar\u00eda. \/\/ Seguidamente&nbsp; la concejal&nbsp; ROJO solicita una moci\u00f3n de reconsideraci\u00f3n &nbsp;que es aprobada.&nbsp; Es para mocionar que el proyecto pase a la comisi\u00f3n de E.H.M.A.S. Y C \/ \/ 3.Expte. N\u00b05.296-HC 056-2.023 Proyecto de Resoluci\u00f3n: Solicitar reparaci\u00f3n, reemplazo e instalaci\u00f3n de alumbrado p\u00fablico en diversas arterias de Colonia Pehuenche I y II y Colonia Emprendedores.(INTERBLOQUE FRENTE CAMBIA MENDOZA-CUIDEMOS MALARG\u00dcE) Autores: Concejales Daiana Varas Castro y Silvia Correa. .&nbsp; La concejal CORREA expresa , simplemente no es necesario que se lea el articulado, porque este es un proyecto que viene a ampliar, algo que ya se hab\u00eda presentado dentro del Concejo, para ampliar el sector y el pedido de luminarias para los barrios de la zona sur del Departamento. \/ Solicito que pase a la comisi\u00f3n de Obras y&nbsp; no es necesaria la lectura. \/ &nbsp;El concejal PALMA solicita acompa\u00f1ar con su firma, ya que recuerdo que se han hecho algunos convenios con&nbsp; algunos otros departamentos donde&nbsp; recibimos luminarias que quedaba en desuso en otros departamentos y vinieron hasta Malarg\u00fce creo que es importante&nbsp; que podamos utilizar esto, para darle soluciones en primeras necesidades a los vecinos as\u00ed que&nbsp; voy a acompa\u00f1ar con la firma,&nbsp; y solicitar que esa luminaria sea utilizada en ese sector. Pasa a O.P.T Y R.N \/ 4.Expte.N\u00b05.297-HC 056-2.023 Proyecto de Ordenanza: Implementar el Programa Social de entrega de M\u00f3dulos Alimentarios aptos para personas con Diabetes. (BLOQUE FRENTE CAMBIA MENDOZA) Autores. Concejales Viviana Mosca y Paola Rojo. . La concejal ROJO&nbsp; manifiesta, este proyecto b\u00e1sicamente&nbsp; trata de una necesidad que&nbsp; mantiene una parte de nuestra poblaci\u00f3n, y en este caso por los datos que nosotros hemos relevado de la direcci\u00f3n de Acci\u00f3n Social de la Municipalidad de Malarg\u00fce,&nbsp; son alrededor de veinte y veinticinco personas, las que deber\u00edan digamos disponer de este tipo de m\u00f3dulos, son los conocidos habitualmente como los bolsones alimentarios, que existe el programa&nbsp; digamos del bols\u00f3n&nbsp; com\u00fan de alimento en el que habitualmente las personas sanas pueden en este caso consumir, tambi\u00e9n est\u00e1 la ayuda para aquellos que tienen el tema de celiaqu\u00eda, pero no ha sido contemplado dentro de estos programas para aquellas personas que sufren esta enfermedad, con el asesoramiento de una nutricionista justamente&nbsp; se incorpor\u00f3 cuales ser\u00edan los alimentos que este bols\u00f3n deber\u00eda poseer para l\u00f3gicamente abordad las necesidades b\u00e1sicas, de una persona con diabetes. En la fundamentaci\u00f3n est\u00e1 bastante explicito cu\u00e1les son los diferentes tipos de diabetes, el porqu\u00e9 de esta necesidad,&nbsp; y tambi\u00e9n est\u00e1 incluida la n\u00f3mina de alimentos que a sugerencia de la nutricionista, nos indic\u00f3 que deber\u00edamos solicitar para su implementaci\u00f3n. No es un gasto, demasiado elevado porque como les comento que al d\u00eda de hoy las personas que est\u00e1n por relevamiento son alrededor&nbsp; de 20 y 25 un n\u00famero que es variable , l\u00f3gicamente, pero no contamos dentro del \u00e1rea o departamental una ayuda para aquellas personas que no tienen&nbsp; o no poseen obra social. Por lo cual es requisito l\u00f3gicamente que puedan acceder a este beneficio la encuesta socioecon\u00f3mica.&nbsp; Solicito lectura del articulado y que sea enviado a la&nbsp; comisi\u00f3n de E.H.M.A.S Y C y como demandar\u00eda un gasto se env\u00ede a la comisi\u00f3n de&nbsp; Hacienda. \/ La concejal CORREA&nbsp; solicita acompa\u00f1ar con su firma el proyecto, me parece super importante, que todos podamos leer el proyecto, &nbsp;yo creo que hace tiempo hac\u00eda falta ya que sabemos que existe el bols\u00f3n para personas&nbsp; que sufren de celiaqu\u00eda&nbsp; y la verdad que la diabetes como dec\u00eda la concejal hay distintos tipos y es importante que sobre todo aquellas personas&nbsp; que no tienen el acceso a obras sociales o a un bienestar econ\u00f3mico un poco mejor, puedan cuando reciben un bols\u00f3n tener alguna alimentaci\u00f3n diferenciada para poder llevar adelante un poco mejor su enfermedad. \/ Pasa a E.H.M.A.S Y C y H.P.L.A.C. &nbsp;&nbsp;&nbsp;\/ 5.Expte.N\u00b05.298-HC 056-2.023 Proyecto de Resoluci\u00f3n: Declarar de Inter\u00e9s Departamental la conferencia sobre El Ataque del Porta Aviones Ingl\u00e9s \u201cHMS INVENCIBLE\u201d (BLOQUE ENCUENTRO) Autor: Concejal Francisco Parada \/ Este proyecto tiene aprobado el tratamiento sobre tablas.&nbsp; Cuando es la hora 10:38 el concejal PALMA &nbsp;&nbsp;mociona que el Cuerpo se constituya en comisi\u00f3n. Moci\u00f3n que es aprobada. \/ A las 10:40 sale &nbsp;&nbsp;el Cuerpo de Comisi\u00f3n.\/ &nbsp;Se da lectura al proyecto&nbsp; por Secretar\u00eda .. . Luego se lee el &nbsp;Despacho del Cuerpo en Comisi\u00f3n&nbsp; en el&nbsp; cual&nbsp; se sugiere dar aprobaci\u00f3n al proyecto presentado sin modificaciones&nbsp; \/ Se pone a consideraci\u00f3n de los se\u00f1ores ediles y es aprobado. \/En uso de la palabra el concejal PARADA expresa que es obviamente para hacer&nbsp; el agradecimiento aqu\u00ed en la sesi\u00f3n a todos los se\u00f1ores concejales , por acompa\u00f1ar r\u00e1pidamente este proyecto, siempre les digo a mis&nbsp; alumnos,&nbsp; que historia viene de testigo, testimonio, y los grandes&nbsp; testigos de la historia son los actores de la historia. Por all\u00ed me imagino qu\u00e9 hermoso ser\u00eda poder&nbsp; charlar mano a mano&nbsp; con algun testigo de la gesta sanmartiniana, no, los que cruzaron la cordillera, los que estuvieron en las batallas&nbsp; de Maip\u00fa de San Lorenzo y dem\u00e1s, no podemos. Pero en el caso de&nbsp; Malvinas, y esto no se trata de reivindicar la guerra en s\u00ed mismo, sino la causa, el reclamo justo de nuestras islas. Los veteranos de Malvinas son eso, son el testimonio vivo de un hecho trascendental de nuestra historia, poder tenerlos aqu\u00ed en Malarg\u00fce, poder conversar, con ellos, que se acerque la ciudadan\u00eda en general tiene un valor enorme. As\u00ed que agradecerles por acompa\u00f1ar esta Declaraci\u00f3n de inter\u00e9s y seguir instando a aquella gente que se ocupa de traernos estos testimonios vivos de la historia aqu\u00ed a nuestro pueblo para poder conversar con ellos. \/\/ 6.Expte.N\u00b05.299-HC 056-2.023 Proyecto de Resoluci\u00f3n: Problem\u00e1tica de Vecinos de Agua Escondida por desorden de habitabilidad de casas del IPV (BLOQUE CUIDEMOS MALARG\u00dcE) Autora: Concejal Silvia Correa \/ Quien manifiesta no es necesario que se le de lectura al proyecto&nbsp; completo, seguramente s\u00ed al articulado, que no es muy amplio y simplemente esto viene a solicitar que el IPV pueda solucionar un problema&nbsp; de escrituras y de datos&nbsp; cruzados que se encuentran en el barrio&nbsp; que est\u00e1 en Agua Escondida, quiz\u00e1s el concejal Rosas tambi\u00e9n est\u00e1 al tanto, y esta problem\u00e1tica le lleg\u00f3 al bloque&nbsp; y hemos decido acompa\u00f1ar con una resoluci\u00f3n , par que desde el IPV se le d\u00e9 soluci\u00f3n&nbsp; y tambi\u00e9n celeridad a este pedido de los vecinos. Que pase a la comisi\u00f3n de Hacienda y ser\u00eda importante que tenga tratamiento preferencial \/ Por Secretar\u00eda se da lectura al articulado del proyecto.&nbsp; Pasa a H.P.L.A.C. y se aprueba el Tratamiento Preferencial. \/\/ 7.Expte.N\u00b05.300-HC 056-2.023 Proyecto de Ordenanza: Realizaci\u00f3n de obra el\u00e9ctrica en el Callej\u00f3n Mina Car zona de Colonia H\u00edpica. (BLOQUE CUIDEMOS MALARG\u00dcE) Autora: Concejal Silvia Correa.Quien en uso de la palabra manifiesta, si bien en la tarde de ayer se aprob\u00f3 en el presupuesto municipal la obra el\u00e9ctrica para la calle Mina Car de la Colonia H\u00edpica, era un compromiso con los vecinos , volver a insistir porque tiene una urgencia importante, los vecinos hoy est\u00e1n sin luz en la calle Mina car, en Colonia H\u00edpica, llevan m\u00e1s de un mes sin electricidad. La intenci\u00f3n de nuevamente insistir&nbsp; o que la obra est\u00e9 pactada en el proyecto, que fue aprobado en el d\u00eda de ayer, es para darle la urgencia y la celeridad que esto tiene, sabemos que todas las obras son urgentes, porque hay mas de veinte familias que no cuentan con electricidad,&nbsp; tengamos en cuenta que en la zona de Colonia H\u00edpica, tampoco hay gas, entonces hay muchas familias, que no solamente se calefaccionan&nbsp; con le\u00f1a, sino tambi\u00e9n lo hacen, con aparatos el\u00e9ctricos , una importante poblaci\u00f3n de ni\u00f1os que sufren algunas enfermedades respiratorias, y todos entendemos lo que eso conlleva, me parece que la obra es super importante y pr\u00e1cticamente es de manera urgente, la&nbsp; necesidad&nbsp; de que se realice la obra , yo sugiero que pase a la comisi\u00f3n de Hacienda , perd\u00f3n a la de Obras y tambi\u00e9n a la de &gt;hacienda y que tenga tratamiento preferencial . \/ 7 El concejal&nbsp; PALMA expresa &nbsp;escuchando atentamente lo vertido por la concejal que me precedi\u00f3 en el uso de la palabra creo que es fundamental&nbsp; este tipo de obras porque&nbsp; son obras de primera necesidad . ninguna casa se construye desde el techo hacia abajo , siempre se construye de los cimientos hacia arriba y los servicios p\u00fablicos y b\u00e1sicos&nbsp; son primordiales para dar una mejor calidad de vida, a los vecinos. Yo sugiero que no pase por la comisi\u00f3n de Hacienda, ya que el presupuesto, fue aprobado en el d\u00eda de ayer, est\u00e1 plasmado en el presupuesto, por el importe no podr\u00edamos modificar&nbsp; ning\u00fan tipo de partidas , no tendr\u00edamos que hacer ning\u00fan tipo de observaci\u00f3n , simplemente esperar y confiar, en que en este presupuesto en el cual fue aprobado&nbsp; se le de cumplimiento a esta obra m\u00e1s all\u00e1 de que hay pr\u00e1cticamente cuarenta obras para que pueda ejecutar el municipio \/ Pasa a O.P T Y R.N con Tratamiento Preferencial..\/ g) Expedientes provenientes del Departamento Ejecutivo 1. Expte.N\u00b04.048\/2023-0 Departamento Ejecutivo: Ref.: Proyecto de Ordenanza Modificaci\u00f3n&nbsp;&nbsp;&nbsp;&nbsp;&nbsp; &nbsp;&nbsp;Ordenanza N\u00b02.112\/2021 L\u00ednea de Pr\u00e9stamos para refacciones mejoras Viviendas Familiares.&nbsp; Se lee la elevaci\u00f3n del proyecto por Secretar\u00eda y se dispone el pase a H.P.L.A.C. \/ 2.Expte.N\u00b04.047\/2.023-0 Departamento Ejecutivo: Proyecto de Ordenanza Modificaci\u00f3n Ordenanza N\u00b02.231\/2.023 Venta Terrenos B\u00b0 Virgen del Carmen &nbsp;&nbsp;Se da lectura a la elevaci\u00f3n del Expediente .&nbsp; Seguidamente solicita la palabra el concejal PALMA. Expresa voy a solicitar que este proyecto pase a la comisi\u00f3n de Hacienda , pero no sin antes tener que decir algo, me llama poderosamente la atenci\u00f3n .anoche mientras trat\u00e1bamos el presupuesto, y ve\u00edamos de donde sal\u00edan los recursos&nbsp; y dem\u00e1s ve\u00edamos que se prev\u00e9 una recaudaci\u00f3n&nbsp; de aproximadamente doscientas millones por ventas de terrenos, este proyecto fue aprobado con anterioridad, con un monto espec\u00edfico, entend\u00edamos que desde ah\u00ed, y al no tener una tarifaria vigente para el a\u00f1o en cuesti\u00f3n 2023, el Ejecutivo hab\u00eda tenido en&nbsp; cuenta estos valores, entonces si hoy nosotros , reducimos este valor, lo que estamos haciendo es reducir lo que el municipio preve\u00eda recaudar en la venta de estos terrenos . no me gustar\u00eda interpretar la situaci\u00f3n como una cuesti\u00f3n pol\u00edtica , me parece que no deber\u00eda ser de esta manera porque ya hemos sacado&nbsp; autorizaciones de venta para otros lotes en otros a\u00f1os anteriores, y tienen valores m\u00e1s elevados . nos quejamos permanentemente de una situaci\u00f3n inflacionaria, cabalgante en este departamento, en esta provincia y en este pa\u00eds. Vemos que esta situaci\u00f3n no se refleja en esta situaci\u00f3n, hay otros vecinos que est\u00e1n pagando un valor mucho m\u00e1s elevado,&nbsp; &nbsp;&nbsp;sobre sus terrenos, como por ejemplo, a ver, Colonia Pehuenche , fue tasada por la Provincia por un valor de mil pesos aproximadamente&nbsp; y vemos este tipo de que nos llama poderosamente la atenci\u00f3n, ser\u00e1 materia de evaluaci\u00f3n, ser\u00e1 materia de consulta no nos oponemos en ninguna medida, simplemente que&nbsp; vemos este tipo de incongruencias que&nbsp; nos llama poderosamente la atenci\u00f3n, pido que el proyecto pase a la comisi\u00f3n de Hacienda \/\/&nbsp; &nbsp;Luego la concejal ROJO expresa, s\u00ed la verdad que me llama poderosamente la atenci\u00f3n y me llama la atenci\u00f3n que no entiendo las incoherencias que tenemos cuando llevamos a cabo la aprobaci\u00f3n de determinados proyectos, que se han venido trabajando con un tiempo, bastante prudente, este proyecto de la regularizaci\u00f3n dominial de los vecinos del Barrio Virgen de Carmen,&nbsp; es un proyecto que se present\u00f3 en el a\u00f1o 2021 , y que por una u otra raz\u00f3n ten\u00edamos que tener relevamiento&nbsp; actualizado de los pobladores de esa comunidad, relevamiento que hace aproximadamente creo un mes atr\u00e1s lleg\u00f3 a este Concejo Deliberante y era justamente lo que est\u00e1bamos necesitando para que el proyecto que aprobamos en ese momento con la concejal mandato cumplido Luciana Villegas, se concretara y que los vecinos l\u00f3gicamente como se apelaba, vecinos que tienen m\u00e1s de sesenta a\u00f1os, viviendo en esa zona en esa regi\u00f3n ya lograran la tenencia definitiva de cada uno de esos terrenos, aprobamos una ordenanza&nbsp; por un monto donde tambi\u00e9n se da posibilidad de que aquel que no lo pueda hacer de manera de cancelar ese total &nbsp;de manera inmediata o el monto completo, tuviese esta facilidad de pago en treinta y dos cuotas con un inter\u00e9s del 1% .entonces qu\u00e9 mas facilidades podemos otorgar, cuando l\u00f3gicamente menciona el concejal que me ha precedido en otros lugares, pagando l\u00f3gicamente mil pesos el metro cuadrado y ahora el Ejecutivo lo quiere llevar a diez pesos . entonces seguimos en esta misma situaci\u00f3n de poner al Concejo Deliberante , enfrentarnos a los vecinos y que entre s\u00ed los mismos vecinos tengan ese enfrentamiento. Porque no es justo que un vecinos est\u00e9 pagando mil pesos el metro cuadrado, a otro que es lo que se propone ahora, diez pesos&nbsp; el metro cuadrado. Entiendo totalmente que la situaci\u00f3n econ\u00f3mica es dif\u00edcil, pero en un proyecto que aprobamos hace muy poco, que sea evaluado y valuado el metro cuadrado en 35 pesos con un plan de pago de 32 cuotas , lo reitero en aquellos casos con tambi\u00e9n el requerimi9ento de un asistente social, para ese tipo de situaciones complicadas o conflictivas econ\u00f3micamente y que ahora venga este nuevo proyecto, seguimos dilatando una situaci\u00f3n de regularizaci\u00f3n dominial&nbsp; &nbsp;a la cual est\u00e1 sujeta l\u00f3gicamente &nbsp;&nbsp;la obra de gas del Barrio Virgen del Carmen. Obra de gas que tambi\u00e9n en el d\u00eda de ayer&nbsp; se aprueba en el presupuesto 2023 .entonces nosotros si este proyecto no lo sacamos, no queda aprobado por el Concejo Deliberante , va a venir nuevamente este tema de la situaci\u00f3n que va a ser por culpa o por razones del Concejo Deliberante que la obra de gas del Barrio Virgen del Carmen no se va a poder concretar, entonces&nbsp; ya no entiendo el juego , que quieren llevar a la instituci\u00f3n&nbsp; nuevamente a enfrentar a los vecinos , cuando hemos dado todas las herramientas&nbsp; y hemos evaluado y hemos consultado , porque tambi\u00e9n se consult\u00f3 a la oficina de catastro, se consult\u00f3 a las distintas \u00e1reas que tienen que ver con este movimiento y que venga este proyecto para m\u00ed ya me parece que es una falta de respeto, nuevamente el mismo tema, simplemente eso se\u00f1ora Presidenta aclarar de que manera es mi postura dentro o con respecto a este proyecto que lo hemos tratado en la comisi\u00f3n de Hacienda que es a donde va a pasar ahora. Simplemente eso. \/\/&nbsp;&nbsp; &nbsp;&nbsp;\/ Se dispone el pase a la comisi\u00f3n de H.P.L.A.C. \/ 3. Nota HC-298-2.023&nbsp;&nbsp; Ordenanza N\u00b02.235\/2.023 Sr. Juan Manuel Pardo. Expone Situaci\u00f3n personal por desalojo de vivienda en B\u00b0 Grassi.&nbsp; (Decreto N\u00b01.385\/2.023) &nbsp;&nbsp;Se da lectura a la elevaci\u00f3n de la nota y se dispone el pase a H.P.L.A.C.\/ h) Despachos de las Comisiones de Trabajo:1. Nota HC-279-2.021 Departamento Ejecutivo, eleva copia de Organigrama Municipal actualizado solicitado por la Comisi\u00f3n de Obras P\u00fablicas Turismo y Recursos naturales. (O.P.T Y R.N) &nbsp;La comisi\u00f3n sugiere su pase a Archivo por extempor\u00e1neo. \/ Se pone a consideraci\u00f3n&nbsp; de los se\u00f1ores concejales y es aprobado &nbsp;&nbsp;\/ 2.Nota HC-228-2.021 Sr. Pablo Forquera en representaci\u00f3n de vecinos del Barrio Procrear, solicitan reuni\u00f3n con la Comisi\u00f3n de Obras P\u00fablicas conjuntamente con el Sr. Intendente y Secretario de Obras a fin de abordar la construcci\u00f3n de Red de Gas Natural. (O.P.T Y R.N)&nbsp; La comisi\u00f3n sugiere su pase a archivo por extempor\u00e1neo. \/&nbsp; Puesto a consideraci\u00f3n el despacho es aprobado. &nbsp;\/ 3.Expte.N\u00b05.267-HC 054-2.023 Proyecto de Resoluci\u00f3n: Solicitar cumplimiento de Ordenanza N\u00b02.008\/2019 Espacio Verde- Plaza para el Barrio Virgen del Carmen. (O.P.T Y R.N)La comisi\u00f3n sugiere Dar Aprobaci\u00f3n al proyecto presentado sin modificaciones.&nbsp; \/ Se pone a consideraci\u00f3n y es aprobado. \/ &nbsp;&nbsp;&nbsp;\/ 4.Expte.N\u00b05.279-HC&nbsp; 055-2.023 Proyecto de Ordenanza: Programa de Ayudas Econ\u00f3micas Educativas Becas y\/ o Subsidios. (H.P.L.A.C.) La comisi\u00f3n sugiere&nbsp; Dar Aprobaci\u00f3n al proyecto presentado con las siguientes modificaciones&nbsp; Donce dice : En todo el proyecto la leyenda Direccion General de Escuelas y Subsecretar\u00eda de Educaci\u00f3n,&nbsp; deber\u00e1 decir&nbsp; solamente \u201cDirecci\u00f3n General de Escuelas\u201d . \/ Se pone a consideraci\u00f3n el despacho y es aprobado. \/\/ &nbsp;\/ 5.Expte.N\u00b05.292-HC 056-2.023 Proyecto de Resoluci\u00f3n: Reiterar solicitud de Resoluci\u00f3n N\u00b0104\/2023 convocar a Jornada de Di\u00e1logo al Administrador de la Direcci\u00f3n Provincial de Vialidad. (O.P.T Y R.N) La comisi\u00f3n sugiere dar aprobaci\u00f3n al proyecto presentado sin modificaciones. \/ Puesto a consideraci\u00f3n es aprobado &nbsp;\/ 6.Nota HC-227-2.023 Sra. Mar\u00eda Beatriz Casco, vecina de zona del Chacay Informa corte de agua y desv\u00edo del A\u00b0 El Alamito , realizado por la Empresa PROARPA\/ Nota HC 301-2023 Ing. Jorge Fern\u00e1ndez Jefe de Zona de Riego R\u00edo Malarg\u00fce (Dep. Gral. de Irrigaci\u00f3n) Respuesta a reclamo Sra. Mar\u00eda Beatriz Casco. (O.P.T Y R.N) &nbsp;&nbsp;La comisi\u00f3n&nbsp; sugiere elevar&nbsp; nota a la Sra. Mar\u00eda Casco ,&nbsp; adjunt\u00e1ndole&nbsp; copia de la nota del&nbsp; Titular del Departamento Gral de Irrigaci\u00f3n&nbsp; Zona Sur Ing, Fern\u00e1ndez , entendiendo que la situaci\u00f3n planteada se resolver\u00e1 a la brevedad. \/ Cuando es la hora 11:06&nbsp; el concejal PALMA solicita un cuarto intermedio que es aprobado.\/ A las 11:08 se reanuda la Sesi\u00f3n \/ Puesto a consideraci\u00f3n el mismo, es aprobado. \/\/7.Expte.N\u00b05.293-HC 056-2.023 Proyecto de Resoluci\u00f3n: Solicitar cumplimiento de Ordenanza N\u00b02.092\/21 y 2.001\/19 Imponer nombre a calles y urbanizaci\u00f3n del Barrio 60 Aniversario. (O.P.T Y R.N) \/ Se da lectura al despacho de la Comisi\u00f3n de&nbsp; Obras:&nbsp; La comisi\u00f3n&nbsp; sugiere dar aprobaci\u00f3n al proyecto presentado sin modificaciones. Puesto a consideraci\u00f3n el despacho , es aprobado. &nbsp;i) Asuntos Varios. Tema: Desafectaci\u00f3n &nbsp;&nbsp;Expte. N\u00b0 5.288- Programa Enlace &nbsp;&nbsp;Solicitado por el concejal Rodrigo Hidalgo. Cuando es la hora 11:10 el concejal HIDALGO solicita que el Cuerpo se constituya en Comisi\u00f3n.&nbsp; Moci\u00f3n que es aprobada. \/ Cuando es la hora 13:36 &nbsp;&nbsp;sale el Cuerpo de Comisi\u00f3n.&nbsp; &nbsp;El concejal HIDALGO manifiesta que, esto viene&nbsp; de la Comisi\u00f3n&nbsp; investigadora que se conform\u00f3&nbsp; en este Cuerpo , en este Concejo Deliberante en donde&nbsp; estaba yo presidiendo&nbsp; dicha comisi\u00f3n, la concejal Camiolo como Secretaria&nbsp; y el concejal Gabriel Rosas&nbsp; como Vicepresidente. Todo esto se suscita por denuncias an\u00f3nimas y alguna entrega de documentaci\u00f3n que n os fue tra\u00edda ac\u00e1 al Concejo Deliberante&nbsp; &nbsp;donde en un principio pudimos detectar a simple vista una posible adulteraci\u00f3n de&nbsp; documentos, posible adulteraci\u00f3n de firmas, entonces tomamos la decisi\u00f3n de constituirnos en esta comisi\u00f3n investigadora y a trav\u00e9s de ah\u00ed empezar a&nbsp; tomar testimonios&nbsp; de todas aquellas personas involucradas , empezar a recabar informaci\u00f3n . hemos hecho un trabajo desde la comisi\u00f3n en donde&nbsp;&nbsp;&nbsp; vecinos y vecinas&nbsp;&nbsp; que tambi\u00e9n iban tomando conocimiento sobre el tema, se acercaban a denunciar, lo cual consta todo en acta, empezamos a ver que no era solo adulteraci\u00f3n de documentaci\u00f3n y falsificaci\u00f3n de firmas , sino que tambi\u00e9n pod\u00edan haber otras irregularidades como por ejemplo los medios de pago, por canales que no ser\u00edan los oficiales, captaci\u00f3n de los fondos que deber\u00edan ser destinados a los beneficiarios de este programa . encontramos a ver, personas que no cumpl\u00edan con los requisitos , por la edad, personas que no cumpl\u00edan con los requisitos que estipulaban este programa. Tambi\u00e9n debido a que no ten\u00edan el secundario completo, o debido a que son empleados municipales, tambi\u00e9n encontramos irregularidades con respecto hacia donde se destinaban&nbsp; estas personas para cumplir con la capacitaci\u00f3n&nbsp; o para ser entrenados como dice el programa, que los hab\u00edan estado enviando a trabajar al edificio municipal en horario fuera del normal&nbsp;&nbsp; horario como dec\u00eda reci\u00e9n por el programa , con montos mucho menores, tambi\u00e9n muchas personas&nbsp; , vecinos y vecinas denuncian no haber cobrado&nbsp; el monto que les correspond\u00eda otros y ac\u00e1 hay una gran cantidad de personas que se han visto afectadas debido a que las han hecho trabajar durante varios meses y no han recibido este beneficio econ\u00f3mico , esto y otras tantas irregularidades m\u00e1s hace que desde la comisi\u00f3n&nbsp; se realice el despacho para encomendar a Presidencia realizar la denuncia ante las entidades y organismos correspondientes, y bueno es lo que se pone hoy a disposici\u00f3n del Cuerpo para&nbsp; ser votado. \/\/&nbsp; Por Secretar\u00eda se da lectura al Despacho emitido por el Cuerpo en Comisi\u00f3n.&nbsp; &nbsp;&nbsp;A solicitud del concejal HIDALGO que se lea solo el articulado Reunido el Cuerpo en comisi\u00f3n para&nbsp; el tratamiento del Expediente de referencia el mismo sugiere: &nbsp;Dar aprobaci\u00f3n a un Proyecto de Resoluci\u00f3n&nbsp; por medio del cual se dispone: &#8211; Que en virtud de los hechos desarrollados, las consideraciones legales ut-supra mencionadas y la documentaci\u00f3n que se adjunta El Honorable Concejo Deliberante de la Municipalidad de Malarg\u00fce en uso de las&nbsp; facultades que le son propias.&nbsp; RESUELVE : ART\u00cdCULO &nbsp;1\u00ba: Dar&nbsp; por concluida la Comisi\u00f3n&nbsp; Investigadora&nbsp; de Marcha&nbsp; y Gesti\u00f3n del &nbsp;&nbsp;&nbsp;&nbsp;&nbsp;&nbsp;&nbsp;&nbsp;&nbsp;&nbsp;&nbsp; Programa \/ Enlace, bajo Resoluci\u00f3n N\u00ba 193\/2.023.\/ ARTICULO 2\u00ba: Elevar copia de la presente pieza legal conjuntamente con el escrito de denuncia que &nbsp;&nbsp;&nbsp;&nbsp;&nbsp;&nbsp;&nbsp;&nbsp;&nbsp;&nbsp;&nbsp; deber\u00e1 suscribirse por parte del Sr. Presidente del Honorable Concejo &nbsp;&nbsp; Deliberante y la documentaci\u00f3n que se anexa a la presente, a la Unidad Fiscal con asiento en el Departamento de Malarg\u00fce, a fin de&nbsp; solicitar se investiguen los &nbsp;&nbsp;&nbsp;&nbsp;&nbsp; hechos y delitos acaecidos y que han sido detallados y desarrollados en la presente pieza legal.\/ ART\u00cdCULO 3\u00ba: Remitir a los fines legales correspondientes y para su toma de raz\u00f3n, copia &nbsp;&nbsp;&nbsp;&nbsp; de la &nbsp;&nbsp; presente pieza legal con la documentaci\u00f3n que se Anexa, a las oficinas de: \u00c9tica P\u00fablica, Fiscal\u00eda de Estado y Tribunal de Cuentas de la Provincia de Mendoza.\/ ARTICULO 4\u00ba: De forma.\/ Se pone a consideraci\u00f3n el despacho y es aprobado. \/ Para dar por concluida la sesi\u00f3n, se invita a la concejal CORREA a izar la Ense\u00f1a Patria. \/ Cuando es la hora 13:45 se da por terminada la sesi\u00f3n. \/\/ Previa lectura y consideraci\u00f3n de lo que antecede firman las presentes actuaciones la Se\u00f1ora Vicepresidente 1\u00b0 a cargo de Presidencia del Honorable Cuerpo y&nbsp;&nbsp; la Se\u00f1ora Secretaria del Honorable Concejo Deliberante de la Municipalidad de Malarg\u00fce.&nbsp;<\/p>\n\n\n","protected":false},"excerpt":{"rendered":"<p>En Malarg\u00fce Mendoza a Veintinueve d\u00edas de Junio de 2.023, cuan do es la hora 10: 06 se re\u00fane el Honorable Concejo Deliberante de la Municipalidad de Malarg\u00fce, para celebrar su Sesi\u00f3n Ordinaria. Bajo la Presidencia de la Vicepresidente 1\u00b0 Concejal Daiana VARAS CASTRO y la presencia de los se\u00f1ores concejales Palma, Rosas, Rojo, Parada, [&hellip;]<\/p>\n","protected":false},"author":5,"featured_media":33337,"comment_status":"closed","ping_status":"closed","sticky":false,"template":"","format":"standard","meta":{"footnotes":""},"categories":[60,52,58,33,36],"tags":[],"class_list":["post-34413","post","type-post","status-publish","format-standard","has-post-thumbnail","hentry","category-acta-de-sesiones","category-gacetillas","category-ordinarias","category-prensa","category-sesiones"],"yoast_head":"<!-- This site is optimized with the Yoast SEO plugin v19.10 - https:\/\/yoast.com\/wordpress\/plugins\/seo\/ -->\n<title>ACTA 14\u00b0 SESI\u00d3N ORDINARIA N\u00b01.131\u201cO\u201d-29\/06\/2.023 - Malarg\u00fce HCD<\/title>\n<meta name=\"robots\" content=\"index, follow, max-snippet:-1, max-image-preview:large, max-video-preview:-1\" \/>\n<link rel=\"canonical\" href=\"https:\/\/hcd.malargue.gov.ar\/?p=34413\" \/>\n<meta property=\"og:locale\" content=\"es_ES\" \/>\n<meta property=\"og:type\" content=\"article\" \/>\n<meta property=\"og:title\" content=\"ACTA 14\u00b0 SESI\u00d3N ORDINARIA N\u00b01.131\u201cO\u201d-29\/06\/2.023 - Malarg\u00fce HCD\" \/>\n<meta property=\"og:description\" content=\"En Malarg\u00fce Mendoza a Veintinueve d\u00edas de Junio de 2.023, cuan do es la hora 10: 06 se re\u00fane el Honorable Concejo Deliberante de la Municipalidad de Malarg\u00fce, para celebrar su Sesi\u00f3n Ordinaria. Bajo la Presidencia de la Vicepresidente 1\u00b0 Concejal Daiana VARAS CASTRO y la presencia de los se\u00f1ores concejales Palma, Rosas, Rojo, Parada, [&hellip;]\" \/>\n<meta property=\"og:url\" content=\"https:\/\/hcd.malargue.gov.ar\/?p=34413\" \/>\n<meta property=\"og:site_name\" content=\"Malarg\u00fce HCD\" \/>\n<meta property=\"article:published_time\" content=\"2023-07-07T11:00:00+00:00\" \/>\n<meta property=\"article:modified_time\" content=\"2023-07-05T16:02:26+00:00\" \/>\n<meta property=\"og:image\" content=\"https:\/\/hcd.malargue.gov.ar\/wp-content\/uploads\/2023\/03\/actas-sesiones.jpg\" \/>\n\t<meta property=\"og:image:width\" content=\"1640\" \/>\n\t<meta property=\"og:image:height\" content=\"924\" \/>\n\t<meta property=\"og:image:type\" content=\"image\/jpeg\" \/>\n<meta name=\"author\" content=\"Belen Pedernera Ferragut\" \/>\n<meta name=\"twitter:card\" content=\"summary_large_image\" \/>\n<meta name=\"twitter:label1\" content=\"Escrito por\" \/>\n\t<meta name=\"twitter:data1\" content=\"Belen Pedernera Ferragut\" \/>\n\t<meta name=\"twitter:label2\" content=\"Tiempo de lectura\" \/>\n\t<meta name=\"twitter:data2\" content=\"28 minutos\" \/>\n<script type=\"application\/ld+json\" class=\"yoast-schema-graph\">{\"@context\":\"https:\/\/schema.org\",\"@graph\":[{\"@type\":\"WebPage\",\"@id\":\"https:\/\/hcd.malargue.gov.ar\/?p=34413\",\"url\":\"https:\/\/hcd.malargue.gov.ar\/?p=34413\",\"name\":\"ACTA 14\u00b0 SESI\u00d3N ORDINARIA N\u00b01.131\u201cO\u201d-29\/06\/2.023 - Malarg\u00fce HCD\",\"isPartOf\":{\"@id\":\"https:\/\/hcd.malargue.gov.ar\/#website\"},\"datePublished\":\"2023-07-07T11:00:00+00:00\",\"dateModified\":\"2023-07-05T16:02:26+00:00\",\"author\":{\"@id\":\"https:\/\/hcd.malargue.gov.ar\/#\/schema\/person\/3fd6bbab64edd703961b795156c955d0\"},\"breadcrumb\":{\"@id\":\"https:\/\/hcd.malargue.gov.ar\/?p=34413#breadcrumb\"},\"inLanguage\":\"es-AR\",\"potentialAction\":[{\"@type\":\"ReadAction\",\"target\":[\"https:\/\/hcd.malargue.gov.ar\/?p=34413\"]}]},{\"@type\":\"BreadcrumbList\",\"@id\":\"https:\/\/hcd.malargue.gov.ar\/?p=34413#breadcrumb\",\"itemListElement\":[{\"@type\":\"ListItem\",\"position\":1,\"name\":\"Inicio\",\"item\":\"https:\/\/hcd.malargue.gov.ar\/\"},{\"@type\":\"ListItem\",\"position\":2,\"name\":\"ACTA 14\u00b0 SESI\u00d3N ORDINARIA N\u00b01.131\u201cO\u201d-29\/06\/2.023\"}]},{\"@type\":\"WebSite\",\"@id\":\"https:\/\/hcd.malargue.gov.ar\/#website\",\"url\":\"https:\/\/hcd.malargue.gov.ar\/\",\"name\":\"Malarg\u00fce HCD\",\"description\":\"Malarg\u00fce Mendoza Argentina\",\"potentialAction\":[{\"@type\":\"SearchAction\",\"target\":{\"@type\":\"EntryPoint\",\"urlTemplate\":\"https:\/\/hcd.malargue.gov.ar\/?s={search_term_string}\"},\"query-input\":\"required name=search_term_string\"}],\"inLanguage\":\"es-AR\"},{\"@type\":\"Person\",\"@id\":\"https:\/\/hcd.malargue.gov.ar\/#\/schema\/person\/3fd6bbab64edd703961b795156c955d0\",\"name\":\"Belen Pedernera Ferragut\",\"image\":{\"@type\":\"ImageObject\",\"inLanguage\":\"es-AR\",\"@id\":\"https:\/\/hcd.malargue.gov.ar\/#\/schema\/person\/image\/\",\"url\":\"https:\/\/secure.gravatar.com\/avatar\/1054ffab3893de4bb3eb29bdd22f7e34b8537bf5d34d9dab311818154ad5b71f?s=96&d=mm&r=g\",\"contentUrl\":\"https:\/\/secure.gravatar.com\/avatar\/1054ffab3893de4bb3eb29bdd22f7e34b8537bf5d34d9dab311818154ad5b71f?s=96&d=mm&r=g\",\"caption\":\"Belen Pedernera Ferragut\"},\"url\":\"https:\/\/hcd.malargue.gov.ar\/?author=5\"}]}<\/script>\n<!-- \/ Yoast SEO plugin. -->","yoast_head_json":{"title":"ACTA 14\u00b0 SESI\u00d3N ORDINARIA N\u00b01.131\u201cO\u201d-29\/06\/2.023 - Malarg\u00fce HCD","robots":{"index":"index","follow":"follow","max-snippet":"max-snippet:-1","max-image-preview":"max-image-preview:large","max-video-preview":"max-video-preview:-1"},"canonical":"https:\/\/hcd.malargue.gov.ar\/?p=34413","og_locale":"es_ES","og_type":"article","og_title":"ACTA 14\u00b0 SESI\u00d3N ORDINARIA N\u00b01.131\u201cO\u201d-29\/06\/2.023 - Malarg\u00fce HCD","og_description":"En Malarg\u00fce Mendoza a Veintinueve d\u00edas de Junio de 2.023, cuan do es la hora 10: 06 se re\u00fane el Honorable Concejo Deliberante de la Municipalidad de Malarg\u00fce, para celebrar su Sesi\u00f3n Ordinaria. Bajo la Presidencia de la Vicepresidente 1\u00b0 Concejal Daiana VARAS CASTRO y la presencia de los se\u00f1ores concejales Palma, Rosas, Rojo, Parada, [&hellip;]","og_url":"https:\/\/hcd.malargue.gov.ar\/?p=34413","og_site_name":"Malarg\u00fce HCD","article_published_time":"2023-07-07T11:00:00+00:00","article_modified_time":"2023-07-05T16:02:26+00:00","og_image":[{"width":1640,"height":924,"url":"https:\/\/hcd.malargue.gov.ar\/wp-content\/uploads\/2023\/03\/actas-sesiones.jpg","type":"image\/jpeg"}],"author":"Belen Pedernera Ferragut","twitter_card":"summary_large_image","twitter_misc":{"Escrito por":"Belen Pedernera Ferragut","Tiempo de lectura":"28 minutos"},"schema":{"@context":"https:\/\/schema.org","@graph":[{"@type":"WebPage","@id":"https:\/\/hcd.malargue.gov.ar\/?p=34413","url":"https:\/\/hcd.malargue.gov.ar\/?p=34413","name":"ACTA 14\u00b0 SESI\u00d3N ORDINARIA N\u00b01.131\u201cO\u201d-29\/06\/2.023 - Malarg\u00fce HCD","isPartOf":{"@id":"https:\/\/hcd.malargue.gov.ar\/#website"},"datePublished":"2023-07-07T11:00:00+00:00","dateModified":"2023-07-05T16:02:26+00:00","author":{"@id":"https:\/\/hcd.malargue.gov.ar\/#\/schema\/person\/3fd6bbab64edd703961b795156c955d0"},"breadcrumb":{"@id":"https:\/\/hcd.malargue.gov.ar\/?p=34413#breadcrumb"},"inLanguage":"es-AR","potentialAction":[{"@type":"ReadAction","target":["https:\/\/hcd.malargue.gov.ar\/?p=34413"]}]},{"@type":"BreadcrumbList","@id":"https:\/\/hcd.malargue.gov.ar\/?p=34413#breadcrumb","itemListElement":[{"@type":"ListItem","position":1,"name":"Inicio","item":"https:\/\/hcd.malargue.gov.ar\/"},{"@type":"ListItem","position":2,"name":"ACTA 14\u00b0 SESI\u00d3N ORDINARIA N\u00b01.131\u201cO\u201d-29\/06\/2.023"}]},{"@type":"WebSite","@id":"https:\/\/hcd.malargue.gov.ar\/#website","url":"https:\/\/hcd.malargue.gov.ar\/","name":"Malarg\u00fce HCD","description":"Malarg\u00fce Mendoza Argentina","potentialAction":[{"@type":"SearchAction","target":{"@type":"EntryPoint","urlTemplate":"https:\/\/hcd.malargue.gov.ar\/?s={search_term_string}"},"query-input":"required name=search_term_string"}],"inLanguage":"es-AR"},{"@type":"Person","@id":"https:\/\/hcd.malargue.gov.ar\/#\/schema\/person\/3fd6bbab64edd703961b795156c955d0","name":"Belen Pedernera Ferragut","image":{"@type":"ImageObject","inLanguage":"es-AR","@id":"https:\/\/hcd.malargue.gov.ar\/#\/schema\/person\/image\/","url":"https:\/\/secure.gravatar.com\/avatar\/1054ffab3893de4bb3eb29bdd22f7e34b8537bf5d34d9dab311818154ad5b71f?s=96&d=mm&r=g","contentUrl":"https:\/\/secure.gravatar.com\/avatar\/1054ffab3893de4bb3eb29bdd22f7e34b8537bf5d34d9dab311818154ad5b71f?s=96&d=mm&r=g","caption":"Belen Pedernera Ferragut"},"url":"https:\/\/hcd.malargue.gov.ar\/?author=5"}]}},"_links":{"self":[{"href":"https:\/\/hcd.malargue.gov.ar\/index.php?rest_route=\/wp\/v2\/posts\/34413","targetHints":{"allow":["GET"]}}],"collection":[{"href":"https:\/\/hcd.malargue.gov.ar\/index.php?rest_route=\/wp\/v2\/posts"}],"about":[{"href":"https:\/\/hcd.malargue.gov.ar\/index.php?rest_route=\/wp\/v2\/types\/post"}],"author":[{"embeddable":true,"href":"https:\/\/hcd.malargue.gov.ar\/index.php?rest_route=\/wp\/v2\/users\/5"}],"replies":[{"embeddable":true,"href":"https:\/\/hcd.malargue.gov.ar\/index.php?rest_route=%2Fwp%2Fv2%2Fcomments&post=34413"}],"version-history":[{"count":2,"href":"https:\/\/hcd.malargue.gov.ar\/index.php?rest_route=\/wp\/v2\/posts\/34413\/revisions"}],"predecessor-version":[{"id":34418,"href":"https:\/\/hcd.malargue.gov.ar\/index.php?rest_route=\/wp\/v2\/posts\/34413\/revisions\/34418"}],"wp:featuredmedia":[{"embeddable":true,"href":"https:\/\/hcd.malargue.gov.ar\/index.php?rest_route=\/wp\/v2\/media\/33337"}],"wp:attachment":[{"href":"https:\/\/hcd.malargue.gov.ar\/index.php?rest_route=%2Fwp%2Fv2%2Fmedia&parent=34413"}],"wp:term":[{"taxonomy":"category","embeddable":true,"href":"https:\/\/hcd.malargue.gov.ar\/index.php?rest_route=%2Fwp%2Fv2%2Fcategories&post=34413"},{"taxonomy":"post_tag","embeddable":true,"href":"https:\/\/hcd.malargue.gov.ar\/index.php?rest_route=%2Fwp%2Fv2%2Ftags&post=34413"}],"curies":[{"name":"wp","href":"https:\/\/api.w.org\/{rel}","templated":true}]}}