{"id":34438,"date":"2023-07-26T09:33:10","date_gmt":"2023-07-26T12:33:10","guid":{"rendered":"https:\/\/hcd.malargue.gov.ar\/?p=34438"},"modified":"2023-07-26T09:33:47","modified_gmt":"2023-07-26T12:33:47","slug":"acta-15-sesion-ordinaria-n1-132-o-6-07-2-023","status":"publish","type":"post","link":"https:\/\/hcd.malargue.gov.ar\/?p=34438","title":{"rendered":"ACTA 15\u00b0 SESI\u00d3N ORDINARIA N\u00b01.132-\u201cO\u201d- 6\/07\/2.023"},"content":{"rendered":"<div class=\"wp-block-image\">\n<figure class=\"alignright size-full is-resized\"><a href=\"http:\/\/hcd.malargue.gov.ar\/hcdpdf\/ORDINARIA%20N%201132%202023.pdf\"><img loading=\"lazy\" decoding=\"async\" src=\"https:\/\/hcd.malargue.gov.ar\/wp-content\/uploads\/2018\/06\/PDF-JPG.jpg\" alt=\"\" class=\"wp-image-7950\" width=\"130\" height=\"130\" srcset=\"https:\/\/hcd.malargue.gov.ar\/wp-content\/uploads\/2018\/06\/PDF-JPG.jpg 512w, https:\/\/hcd.malargue.gov.ar\/wp-content\/uploads\/2018\/06\/PDF-JPG-150x150.jpg 150w, https:\/\/hcd.malargue.gov.ar\/wp-content\/uploads\/2018\/06\/PDF-JPG-300x300.jpg 300w\" sizes=\"auto, (max-width: 130px) 100vw, 130px\" \/><\/a><\/figure>\n<\/div>\n\n\n<p>En Malarg\u00fce Mendoza a Seis d\u00edas de Julio de 2.023, \u00a0cuando es la hora 9:34 se re\u00fane el Honorable concejo Deliberante de la Municipalidad de Malarg\u00fce, para celebrar su Sesi\u00f3n Ordinaria. Bajo la Presidencia de la Vicepresidente 1\u00b0 Daiana Varas Castro y la presencia de los se\u00f1ores concejales Palma, Rosas, Mosca, Rojo, Parada, Camiolo, Correa\u00a0 e Hidalgo . \/ Se\u00a0 firma el Libro de Asistencia, donde consta la ausencia del concejal Risi (por razones de fuerza mayor) \/ .\/Para dar comienzo al desarrollo del Orden del D\u00eda se invita\u00a0 a la concejal Silvia Beatriz Correa a izar la Ense\u00f1a Patria. \/ \u00a0b) Homenaje de los Se\u00f1ores Concejales. Solicita la palabra el concejal Palma, quien expresa , simplemente para hacer extensivo mi saludo\u00a0 a todos los empleados de este\u00a0 Honorable Concejo Deliberante , desde los chicos que est\u00e1n en maestranza, Secretar\u00eda , archivo , prensa , secretar\u00eda del propio Concejo , las personas que nos acompa\u00f1an en las oficinas la verdad que este Concejo Deliberante , uno tiene un cari\u00f1o muy especial, y m\u00e1s por toda la gente que trabaja el d\u00eda a d\u00eda, y saben con la responsabilidad que lo hacen,\u00a0 con el compromiso que lo hacen, con la vocaci\u00f3n que lo hacen, y , ad, no quer\u00eda dejar pasar este d\u00eda,\u00a0 sin decirle Gracias a cada uno de ellos, porque gracias a ellos, nosotros podemos llevar adelante nuestra tarea, as\u00ed que espero que tengan todos un hermoso d\u00eda, que lo puedan pasar de la mejor manera, y les dejo un abrazo a cada uno de ustedes\/\/\u00a0\u00a0\u00a0 Seguidamente en uso de la palabra la concejal ROJO\u00a0 manifiesta Muy buenos d\u00edas para todos, Gracias Sra. Presidenta bueno este per\u00edodo de homenajes creo que sin duda hoy es justamente para nuestros compa\u00f1eros de trabajo , para el personal del Concejo Deliberante, en su d\u00eda justamente hoy 6 de julio d\u00eda del Empleado Legislativo, y as\u00ed como lo he manifestado siempre, desde que estoy en este Concejo en esta funci\u00f3n sino que tuve tambi\u00e9n la posibilidad de estar con ellos en \u00e1rea de administraci\u00f3n y dejar mi salutaci\u00f3n a las 17 personas que constituyen este Concejo Deliberante , son 17\u00a0 personas las que est\u00e1n en planta, sabemos que hacen su trabajo de manera responsable, un compromiso que lo vemos d\u00eda a d\u00eda y a la cual desde ya , agradecemos, y siempre estar en cada una de las necesidades\u00a0 y pedidos que daca uno de nosotros plantea, el acompa\u00f1amiento que siempre hemos tenido, en cada una de las situaciones que se han vivido , tanto buenas como no muy buenas en el Concejo , y tambi\u00e9n a todos los auxiliares que est\u00e1n en los diferentes bloques trabajando y acompa\u00f1\u00e1ndonos permanentemente en esa actividad, dese\u00e1ndoles excelente d\u00eda, agradecerles sobe todo este acompa\u00f1amiento que siempre recibimos de ellos, y que no solamente siempre se destaca en este d\u00eda\u00a0 sino que hay acciones o funciones o funcionarios que han pasado por este Concejo ya de mandato cumplido que siempre tienen un buen, recuerdo y ese acto de referencia por los lindos momentos que han podido compartir en esta instituci\u00f3n, as\u00ed que para cada uno, de ellos no voy a dar nombres, para que no se me olvide ninguno, pero para cada uno de ellos saben que siempre estar\u00e1n en mi coraz\u00f3n, porque siempre los he llevado as\u00ed,\u00a0 y bueno desde ya agradecerles por el trabajo realizado. \u00a0Posteriormente solicita la palabra el concejal Parada, manifiesta,\u00a0\u00a0 me sumo al saludo\u00a0 de los concejales que anteriormente me precedieron en la palabra , saludo para el personal de este querido Concejo Deliberante,\u00a0 pero aprovecho este\u00a0 momento tambi\u00e9n\u00a0 quiero rendir mi sencillo y humilde \u00a0homenaje a un personaje que\u00a0 quiero decir, me despert\u00f3\u00a0 una gran sonrisa , este fin de semana , quiero rendir mi homenaje a un poeta,\u00a0 hay quienes sostienen que las sociedades, para su crecimiento tienen que tener fil\u00f3sofos y poetas, que son los que saben ver la profundidad de las cosas y cuando digo poetas, \u00a0digo poetas, en su esencia, profundamente anal\u00edticos y decidores\u00a0 y no simplemente como hacemos algunos que si tratamos de arrimar\u00a0 palabras, poeta, es mucho m\u00e1s all\u00e1 que\u00a0 eso, no estoy diciendo que Nazareno Montes\u00a0 a quien le rindo mi homenaje, sea un Virgilio ni mucho menos, pero es un gran poeta. Todos saben que debido a los anuncios anteriores, del Sr. Intendente de un supuesto drown , imperceptible para el ojo humano seg\u00fan palabras de \u00e9l . iba \u00a0a hacer\u00a0 cierto control para multas, bueno en fin. No s\u00e9 si aqu\u00ed est\u00e1n los principios\u00a0 de gran hermano o no s\u00e9, la teor\u00eda de Foucault, pero bueno, en fin. Frente a este planteamiento hecho por el Sr. Intendente, este poeta, sale con un par de versos a llenarnos el coraz\u00f3n de humor, con much\u00edsimo respeto, con una gran iron\u00eda, en parte casi, llegando al sarcasmo , pero con una iron\u00eda realmente enorme, valiosa y creo que respetable, pero lo m\u00e1s llamativo de esto, es que incluso podr\u00edamos hacer hasta un an\u00e1lisis pol\u00edtico desde\u00a0 la relaci\u00f3n entre el humor\u00a0 y el dirigente pol\u00edtico. No es la primera vez\u00a0 en que alguien que est\u00e1 ligado a la poes\u00eda, y el humor toma como centro de sus iron\u00edas\u00a0 a un dirigente pol\u00edtico, pero lo que no es com\u00fan es que la sociedad legitime eso. Nazareno Montes tiene una p\u00e1gina de Facebook que ven\u00eda subiendo videos, con sus hermosos poemas, los cuales llegaban a tener reproducciones entre 600 y 700 reproducciones . lo que Nazareno Montes subi\u00f3 la pasada semana, hoy est\u00e1 arriba de las 26.000 reproducciones, y lo m\u00e1s llamativo de esto es que ha sido legitimado por la sociedad,\u00a0 porque no hay cr\u00edtica a lo que \u00e9l est\u00e1 diciendo, en todos los comentarios, sino que hay una afirmaci\u00f3n como acompa\u00f1ando y diciendo \u201clo que usted est\u00e1 planteando en general creemos\u201d, por lo tanto, aqu\u00ed hay una sociedad que est\u00e1 legitimando al poeta, y un poeta que toma el humor para decirnos verdades, en general a todos , pero particularmente al Sr Intendente , le est\u00e1 diciendo: \u201cSr. Intendente est\u00e1 herrando el camino\u201d \u00a0. ah\u00ed estar\u00e1 en \u00e9l y en su equipo de trabajo\u00a0 y tomar esto como tal, no, est\u00e1 en su absoluta libertad y decisi\u00f3n de hacerlo, pero para nosotros , los que m\u00e1s all\u00e1 de estar ocupando un rol\u00a0 de concejal hoy, somos los ciudadanos de pie\u00a0 frente a estas palabras y a la poes\u00eda de\u00a0 Nazareno, nos est\u00e1 diciendo much\u00edsimo. Quiz\u00e1s parafraseando al gran Jos\u00e9 Hern\u00e1ndez,\u00a0\u00a0 Seguramente\u00a0 Nazareno habr\u00e1 dicho, \u201cque si canto de este\u00a0 modo, es por sentirlo oportuno, no es para el mal de ninguno\u00a0 sino para el bien de todos\u201d, as\u00ed que Felicitaciones\u00a0 Nazareno, mi homenaje , y mi admiraci\u00f3n de siempre. \/\/ \u00a0Luego en uso de la palabra la concejal Camiolo , expresa Buenos d\u00edas, feliz d\u00eda a los empleados de nuestro Concejo, a los empleados legislativos , quiero sumarme a las palabras de cada uno de mis colegas\u00a0 preopinantes y mi homenaje , en el d\u00eda de hoy es justamente para todo este equipo que conforma el Concejo Deliberante. Pasamos unos d\u00edas de much\u00edsima tensi\u00f3n, y principalmente la entereza en el empleado legislativo\u00a0 es el que sostiene las decisiones\u00a0 y las conductas de los concejales, que nos sentamos en estas bancas, sin esa entereza probablemente no se podr\u00edan llevar a cabo las acciones, que se llevaron a cabo, quiero felicitarlos, agradecerles, y felicitar el trabajo de mis colegas, felicitar la toma de las personas que incluso hicieron de reemplazo a quienes por distintos motivos no estuvimos aqu\u00ed , agradecerles porque, hasta por ejemplo la edil Paola Rojo, present\u00f3 un proyecto y s\u00e9 que lo defendi\u00f3 de la mejor manera, que era de mi autor\u00eda, y a pesar que pertenecemos a distintos Bloques se ha notado este salto que est\u00e1 pidiendo la ciudadan\u00eda en \u00a0la pol\u00edtica\u00a0 del trabajo en equipo, que existan \u00a0las disidencias , siempre es necesario pero que tengamos siempre las camiseta puesta, es lo m\u00e1s necesario para\u00a0 Malarg\u00fce , as\u00ed que les agradezco y bueno instarlos a que todos sigamos adelante por este camino que es lo que la sociedad nos est\u00e1 demandando .estar a la altura hoy de la sociedad,\u00a0 es justamente lograr superar\u00a0 y quiz\u00e1s escuchar, cada uno de los eventos sociales que alrededor ocurren , escucharlos, prestar atenci\u00f3n\u00a0 y actuar en consecuencia.\/ \/ Seguidamente el concejal PALMA solicita un cuarto intermedio que es aprobado. Cuando es la hora 9:47. \/\/ A las 9:49 se reanuda la sesi\u00f3n. \/ \/ c) Consideraci\u00f3n Acta Sesi\u00f3n Ordinaria N\u00b01.131- \u201cO\u201d-2023 y Acta Sesi\u00f3n\u00a0\u00a0\u00a0\u00a0\u00a0 Extraordinaria N\u00b01- 2022-2023 \u00a0\u00a0Se ponen a consideraci\u00f3n y ambas son aprobadas. \/ d) Lectura del detalle de la correspondencia recibida y emitida. <strong>Notas Entradas<\/strong>: 1. Escuela N\u00ba 1-374 Petroleros del Sur, La Junta, solicitan colaboraci\u00f3n para viajar a Chapadmalal. Pasa a SECRETARIA DE GOBIERNO \/ 2.Sr. Alfredo Aguirre, solicita se gestione situaci\u00f3n catastral, dominio del inmueble calle Las Bardas N\u00ba 1.048 Barrio Virgen de los Vientos. .\/ En uso de la palabra el concejal PALMA expresa que esta nota tenga tratamiento en Obras P\u00fablicas\u00a0 con tratamiento preferencial dentro de la comisi\u00f3n dado, la necesidad imperiosa que tiene esta persona y la situaci\u00f3n que se est\u00e1 llevando adelante en el loteo atr\u00e1s de Virgen de los Vientos.\u00a0 \/ Pasa a O.P.T Y R.N y a solicitud del concejal PALMA\u00a0\u00a0 aprobado por el Honorable Cuerpo, se\u00a0 dar\u00e1 Tratamiento Preferencial. \/ 3.Sr. N\u00e9stor Zalazar menciona su descontento por recibir la orden de cortar le\u00f1a de la Cortina Forestal. \/Pasa a O.P.T Y R.\/\/ \u00a04.Concejal Gabriel Rosas, solicita se de tratamiento a Nota adjunta elevada al DEM, donde requieren informaci\u00f3n sobre la Asociaci\u00f3n de Empleados Municipales de Malarg\u00fce.\/ Pasa a H.P.L.A.C \/\/\u00a0 5.Lic. Castro Javier, solicita la creaci\u00f3n de Pieza Legal que regule y de prioridad a los profesionales en nuestro Departamento.\/ Pasa a E.H.M.A.S Y C y H.P.L.A.C. \/ <strong>Notas Emitidas:<\/strong> 1.A la Sra. Mar\u00eda Beatriz Casco, remitiendo Nota de la DGI en respuesta al pedido que la misma realizo a la Comisi\u00f3n O.P.T.y R.N.\/ 2.Al Administrador General de D.P.V a fin de remitir copia de la Resoluci\u00f3n N\u00ba 237\/2.023, para conocimiento de la misma. \/ e) Consideraci\u00f3n de los temas que ser\u00e1n incluidos en el punto Asuntos\u00a0\u00a0\u00a0\u00a0 Varios y \u00a0\u00a0\u00a0puesta a consideraci\u00f3n de mociones de tratamientos sobre tablas de diversos \u00a0\u00a0\u00a0expedientes. :\u00a0 &#8211; No hay solicitudes a tal efecto. \/ f) Proyectos de los Se\u00f1ores Concejales: 1.Expte.N\u00b05.301-HC 056-2.023 Proyecto de Ordenanza: Disp\u00f3ngase de espacios de estacionamiento para motocicletas y ciclomotores sobre la Av. San Mart\u00edn (BLOQUE FRENTE CAMBIA MENDOZA) Autora: Concejal Daiana Varas Castro .\/ PRESIDENCIA \u00a0\u00a0solicita autorizaci\u00f3n para hacer la explicaci\u00f3n del proyecto.\u00a0 ( Es autorizada)\u00a0\u00a0 Luego agrega, r\u00e1pidamente porque no voy a solicitar que se le de lectura por Secretar\u00eda . sabemos que es de p\u00fablico conocimiento el crecimiento del parque automotor en el Departamento y el crecimiento de la cantidad de motocicletas y ciclomotores no es ajeno a esta nueva realidad. En el a\u00f1o 2012 se crea una ordenanza en este Concejo se aprueba y justamente referenciado a la creaci\u00f3n de estacionamientos que tuvieran\u00a0 condiciones espec\u00edficas, para poder darle un ordenamiento, al \u00e1mbito vial, sin embargo la misma, queda obsoleta porque est\u00e1 hecha en base, a la ley de tr\u00e1nsito de la provincia , sancionada en el 83 y que qued\u00f3 fuera de vigencia, a partir del 2017\u00a0 cuando la provincia cuenta con una nueva ley de tr\u00e1nsito,\u00a0 con lo cual es imperioso la necesidad de destinar\u00a0 una zona exclusiva para el estacionamiento de motos, y esto no solamente va a optimizar\u00a0 el aprovechamiento del espacio,\u00a0 en la v\u00eda p\u00fablica, para los conductores de motocicletas, sino tambi\u00e9n para los conductores de autom\u00f3viles y va a aumentar la cantidad de lugares disponibles\u00a0 sobre todo en la Avenida San Mart\u00edn, no hace falta que se le de lectura por Secretar\u00eda\u00a0 s\u00ed solicito que pase a la comisi\u00f3n de Obras P\u00fablica,\u00a0 y posteriormente a la comisi\u00f3n de Hacienda. \/ \/ 2.Expte.N\u00ba5.302- HC 056-2.023 Proyecto de Resoluci\u00f3n: Crear el Programa de Participaci\u00f3n Ciudadana para la elaboraci\u00f3n del Presupuesto Municipal.\u00a0 (INTERBLOQUE ENCUENTRO; FRENTE DE TODOS; FRENTE CAMBIA MENDOZA; U.C.R. INDEPENDIENTE; RECONSTRUYENDO MALARG\u00dcE Y CUIDEMOS MALARG\u00dcE) Autores: \u00a0Concejales Francisco Parada, Rodrigo Hidalgo, Daiana Varas Castro, Paola Rojo, Mart\u00edn Palma, Gabriel Rosas , Silvina\u00a0 Camiolo y Silvia Correa.\/ En uso de la palabra\u00a0\u00a0 el concejal PARADA expresa ,\u00a0 bueno, por all\u00ed para darle a conocer en general, a quienes est\u00e1n aqu\u00ed presentes, este proyecto que obviamente lo conocemos porque lo hemos presentado todos los bloques , por lo tanto no vamos a pedir su lectura, ni considerandos ni articulados , pero para dejar claro desde el principio las cosas, primero . esta formaci\u00f3n del Concejo Deliberante actual, el tan nombrado y conocido presupuesto 2023 , lo estuvo trabajando quiz\u00e1s a modo de ejercicio, esto de permitir la participaci\u00f3n de los ciudadanos .\u00a0 presentarle a la ciudadan\u00eda cu\u00e1l es el presupuesto que viene del Departamento Ejecutivo, escuchar las uniones vecinales, escuchar aqu\u00ed tambi\u00e9n en la Banca del Ciudadano a modo de ejercicio, esto no significa que este programa venga a plantearle a quien est\u00e9 de turno, dirigiendo o administrando los bienes o la gesti\u00f3n del Departamento Ejecutivo, sino que sea una herramienta, efectivamente de eso, de escucha al vecino. La facultad de elaborar y ejecutar el presupuesto, entendemos que la tiene siempre el Departamento Ejecutivo, pero tambi\u00e9n entendemos que el Concejo Deliberante es\u00a0 el \u00e1mbito l\u00f3gico de escucha al vecino, y\u00a0 nosotros somos sin duda el Cuerpo m\u00e1s representativo\u00a0 de la ciudadan\u00eda. Por lo\u00a0 tanto generar esos programas\u00a0 y escuchar al vecino para que despu\u00e9s quien tenga que ejecutarlo tambi\u00e9n lo considere, porque es important\u00edsimo. Entonces primer punto que tiene que quedar claro, segundo el proyecto busca que tenga la participaci\u00f3n en conjunto en la elaboraci\u00f3n de este trabajo este programa referente al Ejecutivo y referentes del Concejo Deliberante, en conjunto con los vecinos. Entonces, frente a todas las opiniones y dem\u00e1s que han surgido a trav\u00e9s del tratamiento del presupuesto 2023 , sepa que este Concejo Deliberante pretende hacer del tratamiento y el trabajo\u00a0 del presupuesto anual,\u00a0 una pol\u00edtica de gobierno que trascienda los gobiernos de turno . ese es el objetivo, \u00a0\u00a0lo vamos a seguir puliendo en comisiones\u00a0 como corresponde, por lo tanto\u00a0 pido en principio que pase a la comisi\u00f3n de E.H.M.A.S Y C , no s\u00e9 si alguno de los concejales hace otra sugerencia , pero por mi parte ser\u00eda que vaya a EHMAS\u00a0 en primer momento \/ El concejal PALMA\u00a0 expresa yo en principio sugiero su pase a la comisi\u00f3n de\u00a0 Hacienda,\u00a0 ya que entiende respecto a un procedimiento, legislativo\u00a0 a la hora del tratamiento presupuestario reforzando un poquito lo que dec\u00eda el concejal Parada , hemos entendido y creo que esto, debe trascender las barreras de quienes hoy ocupamos una banca en este Concejo para la elaboraci\u00f3n participativa, del presupuesto, debe ser una pol\u00edtica de Estado, creo que en eso esta conformaci\u00f3n\u00a0 como lo mencionaba el concejal\u00a0 Parada ha tomado ese salto\u00a0 institucional a la hora de darle el tratamiento. Tratamos de hacerlo de una manera equitativa, participativa, donde se pueda ver reflejado la necesidad del vecino , recordemos que el Intendente es el administrador, pero los recursos son de todos los malarg\u00fcinos, recordemos que debe haber un principio de\u00a0 prioridades a la hora de distribuir los recursos del departamento , recordemos que tenemos que iniciar la base de una construcci\u00f3n\u00a0\u00a0 social\u00a0 equitativa\u00a0 y para eso que viene ya planteada desde el a\u00f1o 22018 cuando creemos y entendemos\u00a0 que lo primero que se debe hacer antes de entregar algunos loteos\u00a0 y dem\u00e1s es poder brindarle los servicios a los vecinos, creo que desde ah\u00ed tenemos que iniciar los tratamientos\u00a0\u00a0\u00a0 con cuestiones que son prioritarias, no, como el agua , la luz, el gas, y despu\u00e9s\u00a0 digamos por el resto , porque si nos ponemos en ese rol de escuchar al vecino\u00a0 de ser su herramienta de trabajo\u00a0 creo que como sociedad podemos dar ese salto\u00a0 y nada mejor que\u00a0 empezar\u00a0 a hacerlo con el ejemplo. Anoche casualmente estuvimos en una charla, junto al concejal Parada, y ese es el mensaje\u00a0\u00a0 o lo mejor que uno puede hacer, como l\u00edder es predicar con el ejemplo, y en este caso creemos que el ejemplo es que el ciudadano empiece a participar una manera transparente , de una manera comprometida con las decisiones que se toman \u00a0\u00a0en el Departamento, entonces creo que este proyecto es de suma importancia para lo que viene y por eso creo que ha sido acompa\u00f1ado por todos los miembros\u00a0 de este Concejo que entienden ese concepto de la pol\u00edtica \u00a0y las nuevas formas de hacer pol\u00edtica,\u00a0 muchas gracias Sra. Presidenta. \/\/ Pasa a H.P.L.A.C. \u00a0\u00a0\u00a0\u00a0\u00a0\/3.Expte.N\u00b05.303-HC 056-2.023 Proyecto de Resoluci\u00f3n: Solicitar al Departamento Ejecutivo Municipal cumplimiento de la Ordenanza N\u00b02.025\/2.019 \u201cReglamento Interno de Funcionamiento y operaci\u00f3n Parque Industrial Malarg\u00fce\u201d. (INTERBLOQUE FRENTE CAMBIA MENDOZA-ENCUENTRO) Autores: Concejales Paola Rojo y Francisco Parada \u00a0\/En uso de la palabra la concejal ROJO expresa que este proyecto se trata del cumplimiento de una ordenanza\u00a0 que viene ya planteada desde el a\u00f1o 2018\u00a0 cuando se fundamenta la creaci\u00f3n de uno de\u00a0 los parques industriales, que est\u00e1 situado para que nos ubiquemos\u00a0 en la Ruta 40 Sur y calle Luis Grassi\u00a0 de la cual bueno, se ha plasmado un sector bastante importante\u00a0 para la radicaci\u00f3n de diferentes industrias, no solamente locales sino tambi\u00e9n\u00a0 industrias for\u00e1neas y que en el 2019\u00a0 tuvo una modificaci\u00f3n y que justamente el pedido\u00a0 que surge de la implementaci\u00f3n\u00a0 y cumplimiento de esta pieza legal, aprobada por\u00a0\u00a0 unanimidad en ese momento en el a\u00f1o 2019 por este Concejo. Durante el a\u00f1o 2021 y parte del a\u00f1o 2022, en ese momento la directora a cargo de parques industriales, tuvo l\u00f3gicamente la oportunidad de concretar lo que establec\u00eda el art\u00edculo 5, 6 y 7 de esta pieza legal a la cual estamos solicitando el cumplimiento, que es justamente la constituci\u00f3n del \u00f3rgano de administraci\u00f3n y en el cual en ese \u00f3rgano participan no solamente funcionarios o autoridades del Departamento Ejecutivo , sino que tambi\u00e9n funcionarios\u00a0 de este Concejo Deliberante . en este caso principalmente\u00a0 los presidentes de bloque , durante el a\u00f1o 2021, la participaci\u00f3n fue plenamente activa, desde el Concejo Deliberante , hubieron algunos acuerdos , hubieron algunos avances\u00a0 durante el a\u00f1o 2022\u00a0 se trabaj\u00f3 digamos de manera m\u00e1s , no tan activa como en el a\u00f1o 2021 y una vez que la directora de parques industriales , finaliza su mandato el 31 de diciembre del a\u00f1o 2022 , por lo que tenemos entendido hasta ahora ninguno de los que somos justamente presidentes de bloque y debemos constituir ese \u00f3rgano de administraci\u00f3n hemos sido convocados para conformar , lo que deber\u00eda ser esta comisi\u00f3n la cual est\u00e1 constituida por autoridades como lo establece justamente esta pieza legal. Considero que es importante que se revea\u00a0 este tema porque est\u00e1 en auge justamente este tema\u00a0 de los parques industriales\u00a0 y las creaciones y est\u00e1 m\u00e1s que plasmado ,en las ultimas noticias que se han dado con respecto al parque de Pata Mora y si vamos l\u00f3gicamente a apelar nuevamente a esta acci\u00f3n\u00a0 de la mano de obra, del trabajo, del trabajo local, del contrate local, de la radicaci\u00f3n de empresas no solamente de nuestro departamento, tambi\u00e9n la\u00a0 reubicaci\u00f3n porque tambi\u00e9n tenemos un crecimiento importante\u00a0 poblacional\u00a0 dentro de nuestra comunidad \u00a0\u00a0y ya no tenemos con espacios l\u00f3gicamente adecuados para que puedan esta funcionando en el \u00a0centro urbano de nuestra poblaci\u00f3n \u00a0y ser\u00eda el sector id\u00f3neo y adecuado para que puedan estar trabajando\u00a0 este tipo de empresas, y a la vez tambi\u00e9n por eso voy a solicitar que se lea el articulado, de que sean invitados por las diferentes c\u00e1maras\u00a0 a diferentes industrias que se\u00a0 puedan erradicar en este parque . tuve la posibilidad de conocer el parque industrial del Departamento de San Rafael, en especial de una pulpera y nos quedamos l\u00f3gicamente sorprendidos\u00a0 por la cantidad de empresas que \u00a0se radican y la cantidad\u00a0 de mano de obra que se va generando\u00a0 y l\u00f3gicamente fuentes laborales para\u00a0 nuestros vecinos. Algo que es lo que se viene bregando a\u00f1o tras a\u00f1o, y en estos tiempos que est\u00e1 totalmente dif\u00edcil la situaci\u00f3n econ\u00f3mica. As\u00ed que por esto justamente\u00a0 es que solicitamos con el concejal Francisco Parada , la necesidad de que se reanude,\u00a0 con estas reuniones que estaba llevando a cabo el \u00f3rgano de administraci\u00f3n , que estaba funcionando, ven\u00eda marchando normalmente y habitualmente\u00a0 ten\u00eda d\u00edas y horarios\u00a0 en los que se constitu\u00eda este \u00f3rgano\u00a0 para poder administrar y dem\u00e1s actividades que iban a llevarse a cabo con este parque industrial , pero durante el a\u00f1o 2023 , desde el poder Ejecutivo no hemos sido convocados y por eso lo hacemos dese el Concejo Deliberante\u00a0 para que conformamos y constituyamos\u00a0 el \u00f3rgano de administraci\u00f3n y as\u00ed\u00a0 poder llevar adelante la reglamentaci\u00f3n y cumplimiento de esta pieza legal. Solicito que se lea el articulado, es muy breve, y que sea tratado en la comisi\u00f3n de Hacienda. \/ Seguidamente solicita la palabra la concejal CAMIOLO\u00a0 y expresa\u00a0 obviamente decirles a los concejales\u00a0 autores que cuentan con mi total apoyo \u00a0al proyecto si me permiten firmarlo \u00a0y acompa\u00f1arlo. Es muy importante lo que est\u00e1 ocurriendo en nuestro Departamento respecto\u00a0 al impulso de la industria, porque existen ordenanzas locales, con sentimiento y vocaci\u00f3n local, que ordenar\u00edan y regular\u00edan una actividad que\u00a0 Malarg\u00fce\u00a0 no tiene en pleno desarrollo, justamente es la industria. La industria no solamente genera crecimiento,\u00a0 y desarrollo, sino que tambi\u00e9n genera arraigo, algo que el Departamento no tiene, ten\u00edamos una proyecci\u00f3n de crecimiento de\u00a0 33.000 habitantes para el a\u00f1o 2020 y por como ven\u00edamos creciendo\u00a0 y en el censo del a\u00f1o pasado,\u00a0 es decir dos a\u00f1os despu\u00e9s, la poblaci\u00f3n no logr\u00f3 superar\u00a0 los treinta y dos mil, es decir, que hay mil malarg\u00fcinos\u00a0 y malarg\u00fcinas en cualquier lugar,\u00a0 de este planeta\u00a0 menos en su tierra. Mil personas menos, que han decidido irse porque no hay oportunidades, la industria genera arraigo, y nosotros debemos trabajar para arraigar a nuestros j\u00f3venes con un proyecto de vida que los incluya y que los haga parte de este crecimiento y de este desarrollo. hoy lo que tenemos en Malarg\u00fce\u00a0 la imagen para la juventud, es la lamentable postal de los domingos en la plaza\u00a0 de los j\u00f3venes sentados en los bordes, y esa imagen que m\u00e1s all\u00e1 de la mateada\u00a0 y del momento lindo , que es precioso que lo puedan disfrutar,\u00a0 pero esa es la imagen de la propuesta que tiene Malarg\u00fce\u00a0 para la juventud, j\u00f3venes en los bordes y sin ning\u00fan trio de inclusi\u00f3n , creo firmemente que el desarrollo industrial nos va a permitir crecer, y ac\u00e1 hay una trampa , quiero contarlo m\u00e1s o menos, porque\u00a0 est\u00e1n todos, hay caballitos de batalla en las campa\u00f1as\u00a0 yo lo s\u00e9. Est\u00e1n todos celebrando Pata Mora\u00a0 de un lado y del otro Sra. Presidenta porque\u00a0 adem\u00e1s hoy se suben\u00a0 al caballo varios. En su momento Pata Mora fue un proyecto que logr\u00e9 incluso trabajar\u00a0 y votar afirmativamente cuando\u00a0 estaba en el senado y en ese momento el Intendente Jorge Vergara\u00a0 nos convoc\u00f3 a tanto oficialistas como\u00a0 opositores para poder aprobarlo, no es el proyecto que se termin\u00f3 aprobando\u00a0 el d\u00eda martes de esta semana.\u00a0 El d\u00eda martes de esta semana\u00a0 se ha aprobado un parque industrial , primero sin estudio de impacto ambiental, sin ning\u00fan tipo de estudio de impacto ambiental, algo que no le hubiera tomado mucho a la provincia hacer,\u00a0 y en segundo lugar,\u00a0 con una empresa del Estado , es decir con una empresa que recibe fondos del Estado, que est\u00e1 fondeada por los contribuyentes, pero que se constituye como sociedad an\u00f3nima. Qu\u00e9 quiere decir eso, que no le rinde cuentas a nadie, yo no estoy en contra de Pata Mora, al contrario, quiero que se desarrolle\u00a0 ese parque y que se desarrolle todo Malarg\u00fce , porque todo lo que venga par\u00a0 Malarg\u00fce es b\u00e1rbaro, ahora en qu\u00e9 condiciones, en c\u00f3mo, volvemos al modelo extractivista\u00a0\u00a0 de que a Malarg\u00fce se lo estruja, y nadie se entera a d\u00f3nde van los fondos, el parque industrial y la ordenanza a que los ediles est\u00e1n haciendo referencia, por qu\u00e9 no quieren la participaci\u00f3n de todos los bloques, por qu\u00e9 no quieren que nos sentemos a trabajar por la industria de Malarg\u00fce y seamos parte incluso de la visi\u00f3n de crecimiento, porque justamente es m\u00e1s dif\u00edcil\u00a0 repartir la torta, y cuando hay controles,\u00a0 es muy dif\u00edcil tambi\u00e9n poder hacer lo que uno quiere . es tremendo lo que est\u00e1 pasando con la industria y como se manosea y c\u00f3mo vuelvo a decir hay mucha gente que esto no lo informa a la comunidad. yo celebro todo lo que sea en crecimiento\u00a0 de Malarg\u00fce , pero que ese crecimiento no sea a costa de nuestros recursos\u00a0 y de la postergaci\u00f3n , porque lo que hacen este tipo de inversiones\u00a0 es un peque\u00f1o derrame y ya sabemos que por la teor\u00eda del derrame las sociedades no crecen, de la \u00fanica manera que se crece es que todos seamos parte,\u00a0 no por la teor\u00eda del derrame, se acuerdan\u00a0 la teor\u00eda del derrame, el vaso lo voy llenando\u00a0 y lo que va cayendo es lo que va a permitir crecer, pero el vaso qued\u00f3 lleno y ese fondo\u00a0 no qued\u00f3 ac\u00e1. Ustedes sab\u00edan adem\u00e1s c\u00f3mo se constituye la empresa estatal\u00a0 de Pata Mora\u00a0 con funcionarios actuales del\u00a0 gobierno\u00a0 actual, funcionarios que elige la gobernaci\u00f3n Sra. Presidenta\u00a0 y que adem\u00e1s no van a rendir cuentas, porque est\u00e1n constituidos como sociedad an\u00f3nima , no van a rendir cuentas a la legislatura , a ninguna de las legislaturas, mucho menos a la ciudadan\u00eda , entonces es grav\u00edsimo, tiene que haber desarrollo por supuesto que s\u00ed, pero pensando en que ese desarrollo incluya a los malarg\u00fcinos y a las malarg\u00fcinas yo lamento profundamente que no se est\u00e9 pensando en el desarrollo industrial con una mirada a largo plazo al mediano y al corto . la \u00fanica mirada del desarrollo\u00a0 es ver de qu\u00e9 manera unos pocos terminan siempre benefici\u00e1ndose y luego sustentando campa\u00f1as electorales muy ostentosas que despu\u00e9s nos dejan cuatro a\u00f1os en los que el Estado es el mayor empleador , en postergaci\u00f3n, cuatro a\u00f1os en la situaci\u00f3n en la que estamos conflictiva social,\u00a0 Se\u00f1ora Presidenta apoyo este proyecto, felicito a mis colegas concejales \u00a0y obviamente los insto a todos a que nos formemos a que trabajemos\u00a0 en esto y a que podamos empezar no per el derrame y esa poquita migaja que recibamos \u00a0aceptar cualquier cosa, nada puede ser a cualquier costo .\/ Se da lectura por Secretar\u00eda a la parte resolutiva del proyecto\u00a0\u00a0 \/ Pasa a H.P.L.A.C. \u00a0,\u00a0 4.Expte.N\u00b05.304-HC 056-2.023 Proyecto de Resoluci\u00f3n: Solicitar al I.P.V reconsiderar el\u00a0 mecanismo de cr\u00e9dito ajustado U.V.A a las viviendas del Barrio El Trapal II (INTERBLOQUE RECONTRUYENDO MALARGUE, FRENTE DE\u00a0 TODOS, FRENTE CAMBIA MENDOZA U.C.R INDEPENDIENTE Y CUIDEMOS MALARG\u00dcE) ) Autores. Concejales Silvina Camiolo, Andr\u00e9s Risi, Paola Rojo, Mart\u00edn Palma, Gabriel Rosas\u00a0 y Silvia Correa \u00a0\/\u00a0 En uso de la palabra\u00a0 la concejal CAMIOLO expresa\u00a0 el proyecto intenta a poner en la mesa de trabajo\u00a0 la situaci\u00f3n de los vecinos\u00a0 de barrio que adquirieron sus viviendas bajo el sistema de cr\u00e9dito UVA que todos sabemos lo que ha sido a nivel\u00a0 nacional fracaso estrepitoso y celebro que en el d\u00eda de ayer , antes de ayer, perd\u00f3n, se dio una media sanci\u00f3n en c\u00e1mara de diputados de la naci\u00f3n, para avanzar con un proyecto superador\u00a0 a este mecanismo de cr\u00e9dito porque ha dejado en banca rota a m\u00e1s de un argentino , pero en el caso puntual de este barrio ha habido un incremento en algunos casos del 1600 por ciento en apenas cuatro a\u00f1os y lo que estamos pidiendo es que se reconsidere el sistema crediticio\u00a0 y que se pase a un sistema posible que es la unidad, las URS que tienen que ver con los salarios\u00a0 son Unidades de Referencia Salarial, que justamente es un porcentaje de la cuota en funci\u00f3n de lo que las personas est\u00e1n percibiendo como ingresos en sus hogares, ese es el pedido, no es necesario ni la lectura del articulado ni su parte de considerandos , sino en comisiones lo seguiremos tratando . solicita el pase a Hacienda. \/\/ 5.Expte.N\u00b05.305 HC 056-2.023 Proyecto de Resoluci\u00f3n: Solicitar al Departamento Ejecutivo el cese inmediato de acciones de presi\u00f3n ya sea cambios de \u00c1rea, descuentos, Baja de Contratos y\/o Pases a disponibilidad de Agentes Municipales.\u00a0 Relacionados con su participaci\u00f3n pol\u00edtico partidaria. (INTERBLOQUE FRENTE DE TODOS, FRENTE CAMBIA MENDOZA, U.C.R. INDEPENDIENTE, RECONSTRUYENDO MALARGUE Y CUIDEMOS MALARG\u00dcE) Autores: Concejales Rodrigo Hidalgo, Andr\u00e9s Risi, Paola Rojo, Mart\u00edn Palma, Gabriel Rosas , Silvina Camiolo y Silvia Correa .\u00a0 En uso de la palabra el concejal\u00a0 HIDALGO expresa\u00a0 este proyecto viene a dar respuesta\u00a0 a un pedido de los empleados municipales , un pedido y m\u00e1s que nada un reclamo, por parte de ellos, quienes expresan que luego de las elecciones, muchos de ellos, han sido puestos a disposici\u00f3n , a algunos se les han quitado algunos \u00edtems de incentivos\u00a0 del bono de sueldo, esto con el af\u00e1n de generar alg\u00fan tipo de coacci\u00f3n sino es que ya es coacci\u00f3n con respecto al resultado de las elecciones y alguna pretensi\u00f3n por parte de esta gesti\u00f3n actual, para tratar de revertir dicha\u00a0 situaci\u00f3n. Perm\u00edtame aclarar que esto va totalmente en contra de muchas convenciones americanas que se han realizado , pactos americanos tambi\u00e9n internacionales , por ejemplo el pacto de San Jos\u00e9 , incluso en contra de nuestra propia ley madre que es la constituci\u00f3n nacional , en donde dice que toda persona tiene derecho a buscar difundir sus ideas, con respecto a esto tambi\u00e9n significa que tiene derecho y es libre plenamente de acompa\u00f1ar ideas distintas a lo que ser\u00eda la gesti\u00f3n actual, por lo tanto todas estas acciones hacen que nuestra sociedad como dec\u00eda la concejal que hablaba reci\u00e9n, est\u00e9 an\u00edmicamente mal, estas acciones hacen que tengamos una sociedad con un estrado de \u00e1nimo, tremendamente negativo, y en paralelo encontramos a esta misma gesti\u00f3n hablando de desarrollo y la verdad que es imposible creer o pretender que podamos llegar a tener desarrollo sin el acompa\u00f1amiento de la ciudadan\u00eda. La verdad que si hablamos de desarrollo tiene que ser visto desde lo colectivo, en donde todos , vecinos y vecinas, tengan confianza en lo que se est\u00e1 haciendo para poder acompa\u00f1ar todas las acciones y todas las pol\u00edticas p\u00fablicas que se propongan, eso es imposible bajo este m\u00e9todo que esta implementando la gesti\u00f3n actual, no podemos pretender que los j\u00f3venes\u00a0 por ejemplo empiecen a creer en la pol\u00edtica\u00a0 y entiendan\u00a0 que la pol\u00edtica es la \u00fanica y la mejor herramienta que tenemos en nuestro sistema\u00a0 como herramienta de transformaci\u00f3n\u00a0 y las realidades de cada uno\u00a0 y de cada una. No podemos pretender que los municipales realicen su trabajo\u00a0 de manera efectiva\u00a0 lo realicen con ganas , si est\u00e1n trabajando bajo estas presiones\u00a0 y ni hablar del\u00a0 deterioro de los edificios y de todo lo otro que en much\u00edsimas sesiones se ha hablado \u00a0y se ha tomado reclamos de ello. Pero no podemos pretender salir adelante bajo ninguna forma , si se est\u00e1 trabajando y se est\u00e1 viviendo bajo amenaza constante . este proyecto fue trabajado en un\u00a0 principio con el bloque\u00a0 y con el equipo del Frente Cambia y el Frente de\u00a0 Todos y puesto a consideraci\u00f3n\u00a0 por todos los bloques tambi\u00e9n en donde hemos recibido sugerencias de algunos concejales tambi\u00e9n , por lo tanto considero que esto le da mas fuerza al pedido que se est\u00e1 haciendo desde aqu\u00ed , por parte de todos los concejales , entendiendo que en todos nosotros est\u00e1 la voz de todos los sectores no solo de la ciudadan\u00eda sino de los empleados municipales que viene a dar respuesta justamente a su reclamo , por lo tanto al haberlo viso todos no es necesario la lectura del articulado , ser\u00e1 trabajado en comisi\u00f3n\u00a0 y pido que pase a Hacienda. \/ Pasa a H.P.L.A.C. \/\/ 6.Expte.N\u00b05.306-HC 056-2.023 Proyecto de Resoluci\u00f3n: Solicitar al Departamento Ejecutivo informe tareas de mantenimiento Cancha de Hockey Municipal , personal responsable de mantenimiento , convenio con Asociaci\u00f3n Malarg\u00fcina de Hockey Amateur.(BLOQUE RECONSTRUYENDO MALARG\u00dcE) Autora Concejal Silvina Camiolo . Quien en uso de la palaba manifiesta, es muy sencillo el t\u00edtulo as\u00ed que no voy a solicitar ni que se lea su parte resolutiva ni sus considerandos y que pase a la Comisi\u00f3n de Obras.\u00a0 Pasa a O.P.T Y R.N \u00a0\/ 7.Expte.N\u00b05.307-HC 056-2.023 Proyecto de Resoluci\u00f3n: Incorporar al recorrido de frecuencias diarias del transporte p\u00fablico al Barrio Carbometal (BLOQUE CUIDEMOS MALARG\u00dcE) Autora: Concejal Silvia Correa. \/ La concejal CORREA manifiesta\u00a0\u00a0 no voy a solicitar la lectura del proyecto, esto responde a los pedidos de algunos vecinos desde hace alg\u00fan tiempo, la necesidad de que el transporte p\u00fabico ingrese tambi\u00e9n al barrio Carbometal, sobre todo en horarios escolares, y tambi\u00e9n horarios de comercio. Solicito que pase a la comisi\u00f3n de Obras y nada m\u00e1s que agregar.\u00a0 \/ Pasa a O.P.T Y R. N \/\/\u00a0 8.Expte.N\u00b05.308-HC 057-2.023 Proyecto de Resoluci\u00f3n: Instar al Departamento Ejecutivo Municipal la realizaci\u00f3n del Plano de Relevamiento Social a Clubes Deportivos. (BLOQUE FRENTE DE TODOS) Autores Concejales Rodrigo Hidalgo y Andr\u00e9s Risi. . En uso de la palabra el concejal HIDALGO expresa \u00a0este proyecto tambi\u00e9n vine a dar respuestas a un sector\u00a0 de la sociedad, puntualmente los clubes\u00a0 deportivos , creo que todos entendemos y sabemos\u00a0 la funci\u00f3n social que cumplen estos clubes, tanto de apoyo\u00a0 como de contenci\u00f3n , ocupaci\u00f3n tambi\u00e9n\u00a0 en el tiempo libre de los j\u00f3venes , los adolescentes los ni\u00f1os, y ni\u00f1as, y volvemos a caer en una situaci\u00f3n\u00a0 por ah\u00ed, y en donde las prioridades siguen estando cambiadas, encontramos a un poder Ejecutivo , entregando planos de relevamiento a vecinos y vecinas por ah\u00ed, sin haber pasado por lo que ser\u00eda una entrevista social para ver si en realidad pueden o no pueden asumir este costo, y por ah\u00ed utiliz\u00e1ndolo de manera\u00a0 electoral como dec\u00eda reci\u00e9n\u00a0 una herramienta que est\u00e1 utilizando el poder ejecutivo para tratar de hacer alg\u00fan tipo de proselitismo\u00a0 con respecto a las elecciones, el poder ejecutivo tiene la potestad de\u00a0 realizar planos\u00a0 de relevamiento\u00a0 y creo que ser\u00eda fundamental que lo haga o lo destine a quien realmente lo necesita o quienes realmente cumplen una funci\u00f3n importante en la sociedad o quienes realmente no pueden asumir estos costos, cuando hablo de los costos me refiero puntualmente porque son bastante elevados\u00a0 y si se exige que contraten este servicio de manera privada deben y caen en tener que pagar derecho de edificaci\u00f3n multa, costos de aportes previsionales , colegios de profesionales, bueno son costos bastante elevados que por ah\u00ed los clubes deportivos no est\u00e1n en condiciones de asumir debido a que los ingresos pr\u00e1cticamente son de las cuotas sociales o algunas actividades que puedan hacer\u00a0 de manera espor\u00e1dica para recaudar fondos , entonces esta solicitud tambi\u00e9n es para el poder ejecutivo para que tome el pedido de los clubes deportivos , quienes hoy se ven en una encrucijada que les est\u00e1n pidiendo estos planos de relevamiento y en caso de no presentarlos entregan la habilitaci\u00f3n , si no les entregan la habilitaci\u00f3n no pueden comenzar con sus actividades deportivas en las ligas y dem\u00e1s lugares oficiales donde participan , as\u00ed que est\u00e1n pr\u00e1cticamente con los tiempos\u00a0 muy acotados en una situaci\u00f3n bastante desesperada\u00a0 porque est\u00e1n viendo que si no pueden comenzar con estas actividades tampoco van a poder tener ingresos , entonces no solo la preocupaci\u00f3n por los ingresos sino m\u00e1s que nada principalmente por la contenci\u00f3n que se pueda llegar a perder si no ejercen\u00a0 su actividad , para con todos los j\u00f3venes , ni\u00f1os y ni\u00f1as y adolescentes . entonces para pedir que pase tambi\u00e9n a Hacienda \u00a0\u00a0y que solo se lea el articulado. \/ Se procede por Secretar\u00eda.\u00a0\u00a0 Pasa a H.P.L.A.C. \/ \/ g) Expedientes provenientes del Departamento Ejecutivo &#8211; No Ingresados- h) Despachos de las Comisiones de Trabajo:1. Nota HC-250-2.023 Sr. Carlos Segovia, expone situaci\u00f3n por pago de alumbrado p\u00fablico (O.P.T Y R.N) La comisi\u00f3n sugiere dar aprobaci\u00f3n a un proyecto de Ordenanza mediante el cual se establece: Art. 1|\u00b0: C\u00famplase con las Ordenanzas vertidas por este Honorable Concejo Deliberante en materia de alumbrado p\u00fablico. \/Art.2\u00b0 Autorizase al Departamento Ejecutivo Municipal \u00a0a realizar\u00a0 bonificaci\u00f3n y sobre lo consumido\u00a0 de alumbrado p\u00fablico de los a\u00f1os 2.018 al 2023\u00a0 sobre las rentas\u00a0 municipales que adeuda\u00a0 el Sr. Carlos Segovia , bajo el n\u00famero de cuenta\u00a0 municipal\u00a0 N\u00b0 5.031. \/ Art. 3\u00b0 Realizar la inversi\u00f3n necesaria para regularizar el sistema de alumbrado p\u00fablico y la desvinculaci\u00f3n de la pilastra del Sr. Carlos Segovia , cuenta municipal N\u00b0 5.031 Art 4\u00b0 De forma. \/ Se pone a consideraci\u00f3n y es aprobado\u00a0 \u00a0\u00a0\u00a0\/ 2.Expte.N\u00b04.924\/2.022-0 Club Social y Deportivo Municipal. Solicita condonaci\u00f3n de deuda referente a los a\u00f1os 2.018,2.019,2.020 y 2.021 (H.P.L.A.C.) La comisi\u00f3n sugiere dar aprobaci\u00f3n a un Proyecto de Ordenanza mediante el cual se establece: Art 1\u00b0 Rech\u00e1cese la condonaci\u00f3n de deuda, solicitada seg\u00fan Expte. N\u00b04.924\/2.022-0 \u00a0\u00a0Club Social y Deportivo M Municipal solicita condonaci\u00f3n de deuda.\u00a0 Art. 2\u00b0 De forma-. \/ Se pone a consideraci\u00f3n y es aprobado..- Cuando es la hora 10:35 la concejal MOSCA solicita un cuarto intermedio que es aprobado. \/\u00a0 A las 10:38 se reanuda la Sesi\u00f3n.\/ La concejal MOSCA hace moci\u00f3n de reconsiderar la votaci\u00f3n del despacho\u00a0 de la comisi\u00f3n de Hacienda\u00a0 en relaci\u00f3n al Expte.4.924. \/ Se pone a votaci\u00f3n la reconsideraci\u00f3n y es aprobada 9-1 \/ Luego se pone nuevamente a votaci\u00f3n el despacho de la comisi\u00f3n de Hacienda y es aprobado. \/\/ \u00a0\u00a0\u00a0\/ \/ 3. Expte.N\u00b019.723\/2.004-0 Bravo Gustavo Elio Habilitaci\u00f3n comercial Futbol Cinco \u201cEl Sitio\u201d. (O.P. T Y R. N) \u00a0La comisi\u00f3n sugiere dar aprobaci\u00f3n a un proyecto de Resoluci\u00f3n mediante el cual se dispone: Art 1\u00b0 Remitir ExpteN\u00b019.723\/2019\u00a0 y Resoluci\u00f3n N\u00b003\/2.023 al Departamento Ejecutivo Municipal a efectos de elaborar un dictamen por parte de UTGURA en un todo de acuerdo a lo dispuesto por la Ordenanza N\u00b02.199\/2.022 con car\u00e1cter\u00a0 de urgente por tratarse de una actividad econ\u00f3mica. Art 2\u00b0 Elevar el mismo una vez que el administrado d\u00e9 cumplimiento con los requerimientos legales, que aducen en el Art 1\u00a0 de la Resoluci\u00f3n N\u00b003\/2.023 dictamen de UTGURA . Art 3\u00b0 De forma. \/ Solicita la palabra el concejal PALMA y mociona\u00a0 \u00a0la incorporaci\u00f3n de un art\u00edculo que ser\u00eda el 2\u00b0 con la siguiente redacci\u00f3n: \u201cSolicitar un despacho legal y t\u00e9cnico a la oficina letrada del Municipio a fin de dar cumplimiento a fojas 89 del expediente mencionado\u201d.\/ Se pone a consideraci\u00f3n la modificaci\u00f3n propuesta por el concejal Palma y es aprobada. \/ Luego se pone a consideraci\u00f3n el despacho con la modificaci\u00f3n incorporada y es aprobado. \/\/ \/ 4.Expte.N\u00b05.257-HC 053-2.023 Proyecto de Resoluci\u00f3n: Declarar de Inter\u00e9s Departamental la especie arbustiva le\u00f1osa CHACAY en el Departamento de Malarg\u00fce (E.H.M.A.S Y C)\u00a0 El despacho obra en Anexo I de la presente.\u00a0 Se pone a consideraci\u00f3n\u00a0 de los se\u00f1ores ediles y es aprobado. \/\/ \/ 5. Expte.N\u00b05.076-HC 041-2.022 Proyecto de Ordenanza: Implementar doble sentido de circulaci\u00f3n de Calle Intendente Anglat desde Av. San Mart\u00edn hasta Ingeniero Barrera (O.P.T Y R.N y H.P.L. A.C.)\u00a0 El despacho de la comisi\u00f3n de Obras P\u00fablicas sugiere\u00a0\u00a0 dar aprobaci\u00f3n\u00a0 al proyecto presentado con las siguientes modificaciones.\u00a0 Art 1\u00b0\u00a0\u00a0 al 7\u00b0 \u00cddem proyecto original. Art 8: Encomi\u00e9ndese a los organismos competentes para que durante los sesenta (60) d\u00edas posteriores de ser promulgada la presente ordenanza se informe y concientice a la poblaci\u00f3n de las modificaciones de circulaci\u00f3n que promueve. \/ Art 9 Rem\u00edtase copia de la presente Ordenanza a la Polic\u00eda Vial Malarg\u00fce, Juzgado Vial Municipal, Direcci\u00f3n de V\u00edas y Medios de Transporte Delegaci\u00f3n Malarg\u00fce, Uni\u00f3n Vecinal Barrio Mart\u00edn G\u00fcemes y medios de comunicaci\u00f3n local para conocimiento. Art 10 Adj\u00fantese notas varias de solicitud de vecinos. Anexo I Art 11: De forma\u00a0 \/\u00a0 La comisi\u00f3n de Hacienda sugiere dar Aprobaci\u00f3n\u00a0 al Proyecto de Ordenanza\u00a0 con las siguientes modificaciones: Art 1\u00b0 Determ\u00ednese como doble sentido de circulaci\u00f3n en calle Intendente Anglat desde Avda. San Mart\u00edn hasta Ingeniero Jos\u00e9 Barrea\u00a0 del Barrio Miguel Mart\u00edn G\u00fcemes\u00a0 de la Ciudad de Malarg\u00fce. Art\u00edculo 2\u00b0 Encomi\u00e9ndese a\u00a0 los organismos competentes para que durante los sesenta (60)\u00a0 d\u00edas posteriores de ser promulgada la presente pieza legal se informe u y concientice\u00a0 a la poblaci\u00f3n de las modificaciones de circulaci\u00f3n que promueve. \/ Art. 3\u00b0 Encomi\u00e9ndese al Departamento Ejecutivo Municipal la colocaci\u00f3n de la carteler\u00eda nomencladora con el cambio de sentido de circulaci\u00f3n dentro del plazo p previsto por la Ley a tal fin.\u00a0 Art 4\u00b0 Rem\u00edtase copia de la presente norma\u00a0\u00a0 a la Polic\u00eda Vial Malarg\u00fce, Juez Vial, a la Direcci\u00f3n de V\u00edas y medios de Transporte Delegaci\u00f3n Malarg\u00fce, Uni\u00f3n Vecinal del Mart\u00edn Miguel de G\u00fcemes y a medios de comunicaci\u00f3n locales para su conocimiento y efectos que estimen correspondientes. Art 5\u00b0 Quedar\u00e1 redactado de la siguiente manera: Adj\u00fantese nota de solicitud de vecinos. Anexo I Art 6\u00b0 De forma.\u00a0 \u00a0\/ Se ponen a consideraci\u00f3n los despachos El despacho de la comisi\u00f3n de Obras P\u00fablicas es votado en negativo por unanimidad. \/ El despacho de la comisi\u00f3n de Hacienda es votado en afirmativo por unanimidad. \/ Queda en firme el despacho de la comisi\u00f3n de Hacienda. \/ i) Asuntos Varios \u2013 No hay temas solicitados. \/ j) Acto de arriar el Pabell\u00f3n Nacional a cargo de la concejal que lo iz\u00f3, para lo cual se invita a la concejal Silvia Correa. \/ Cuando es la hora 11:02 se da por terminada la Sesi\u00f3n. \/ Previa lectura y consideraci\u00f3n de lo que antecede firman las presentes actuaciones la Sra. vicepresidente 1\u00b0 a cargo de Presidencia del H.C.D y la Sra. Secretaria del Honorable Concejo Deliberante de la Municipalidad de Malarg\u00fce. \u00a0<\/p>\n","protected":false},"excerpt":{"rendered":"<p>En Malarg\u00fce Mendoza a Seis d\u00edas de Julio de 2.023, \u00a0cuando es la hora 9:34 se re\u00fane el Honorable concejo Deliberante de la Municipalidad de Malarg\u00fce, para celebrar su Sesi\u00f3n Ordinaria. Bajo la Presidencia de la Vicepresidente 1\u00b0 Daiana Varas Castro y la presencia de los se\u00f1ores concejales Palma, Rosas, Mosca, Rojo, Parada, Camiolo, Correa\u00a0 [&hellip;]<\/p>\n","protected":false},"author":5,"featured_media":33337,"comment_status":"closed","ping_status":"closed","sticky":false,"template":"","format":"standard","meta":{"footnotes":""},"categories":[60,52,33,36],"tags":[],"class_list":["post-34438","post","type-post","status-publish","format-standard","has-post-thumbnail","hentry","category-acta-de-sesiones","category-gacetillas","category-prensa","category-sesiones"],"yoast_head":"<!-- This site is optimized with the Yoast SEO plugin v19.10 - https:\/\/yoast.com\/wordpress\/plugins\/seo\/ -->\n<title>ACTA 15\u00b0 SESI\u00d3N ORDINARIA N\u00b01.132-\u201cO\u201d- 6\/07\/2.023 - Malarg\u00fce HCD<\/title>\n<meta name=\"robots\" content=\"index, follow, max-snippet:-1, max-image-preview:large, max-video-preview:-1\" \/>\n<link rel=\"canonical\" href=\"https:\/\/hcd.malargue.gov.ar\/?p=34438\" \/>\n<meta property=\"og:locale\" content=\"es_ES\" \/>\n<meta property=\"og:type\" content=\"article\" \/>\n<meta property=\"og:title\" content=\"ACTA 15\u00b0 SESI\u00d3N ORDINARIA N\u00b01.132-\u201cO\u201d- 6\/07\/2.023 - Malarg\u00fce HCD\" \/>\n<meta property=\"og:description\" content=\"En Malarg\u00fce Mendoza a Seis d\u00edas de Julio de 2.023, \u00a0cuando es la hora 9:34 se re\u00fane el Honorable concejo Deliberante de la Municipalidad de Malarg\u00fce, para celebrar su Sesi\u00f3n Ordinaria. Bajo la Presidencia de la Vicepresidente 1\u00b0 Daiana Varas Castro y la presencia de los se\u00f1ores concejales Palma, Rosas, Mosca, Rojo, Parada, Camiolo, Correa\u00a0 [&hellip;]\" \/>\n<meta property=\"og:url\" content=\"https:\/\/hcd.malargue.gov.ar\/?p=34438\" \/>\n<meta property=\"og:site_name\" content=\"Malarg\u00fce HCD\" \/>\n<meta property=\"article:published_time\" content=\"2023-07-26T12:33:10+00:00\" \/>\n<meta property=\"article:modified_time\" content=\"2023-07-26T12:33:47+00:00\" \/>\n<meta property=\"og:image\" content=\"https:\/\/hcd.malargue.gov.ar\/wp-content\/uploads\/2023\/03\/actas-sesiones.jpg\" \/>\n\t<meta property=\"og:image:width\" content=\"1640\" \/>\n\t<meta property=\"og:image:height\" content=\"924\" \/>\n\t<meta property=\"og:image:type\" content=\"image\/jpeg\" \/>\n<meta name=\"author\" content=\"Belen Pedernera Ferragut\" \/>\n<meta name=\"twitter:card\" content=\"summary_large_image\" \/>\n<meta name=\"twitter:label1\" content=\"Escrito por\" \/>\n\t<meta name=\"twitter:data1\" content=\"Belen Pedernera Ferragut\" \/>\n\t<meta name=\"twitter:label2\" content=\"Tiempo de lectura\" \/>\n\t<meta name=\"twitter:data2\" content=\"37 minutos\" \/>\n<script type=\"application\/ld+json\" class=\"yoast-schema-graph\">{\"@context\":\"https:\/\/schema.org\",\"@graph\":[{\"@type\":\"WebPage\",\"@id\":\"https:\/\/hcd.malargue.gov.ar\/?p=34438\",\"url\":\"https:\/\/hcd.malargue.gov.ar\/?p=34438\",\"name\":\"ACTA 15\u00b0 SESI\u00d3N ORDINARIA N\u00b01.132-\u201cO\u201d- 6\/07\/2.023 - Malarg\u00fce HCD\",\"isPartOf\":{\"@id\":\"https:\/\/hcd.malargue.gov.ar\/#website\"},\"datePublished\":\"2023-07-26T12:33:10+00:00\",\"dateModified\":\"2023-07-26T12:33:47+00:00\",\"author\":{\"@id\":\"https:\/\/hcd.malargue.gov.ar\/#\/schema\/person\/3fd6bbab64edd703961b795156c955d0\"},\"breadcrumb\":{\"@id\":\"https:\/\/hcd.malargue.gov.ar\/?p=34438#breadcrumb\"},\"inLanguage\":\"es-AR\",\"potentialAction\":[{\"@type\":\"ReadAction\",\"target\":[\"https:\/\/hcd.malargue.gov.ar\/?p=34438\"]}]},{\"@type\":\"BreadcrumbList\",\"@id\":\"https:\/\/hcd.malargue.gov.ar\/?p=34438#breadcrumb\",\"itemListElement\":[{\"@type\":\"ListItem\",\"position\":1,\"name\":\"Inicio\",\"item\":\"https:\/\/hcd.malargue.gov.ar\/\"},{\"@type\":\"ListItem\",\"position\":2,\"name\":\"ACTA 15\u00b0 SESI\u00d3N ORDINARIA N\u00b01.132-\u201cO\u201d- 6\/07\/2.023\"}]},{\"@type\":\"WebSite\",\"@id\":\"https:\/\/hcd.malargue.gov.ar\/#website\",\"url\":\"https:\/\/hcd.malargue.gov.ar\/\",\"name\":\"Malarg\u00fce HCD\",\"description\":\"Malarg\u00fce Mendoza Argentina\",\"potentialAction\":[{\"@type\":\"SearchAction\",\"target\":{\"@type\":\"EntryPoint\",\"urlTemplate\":\"https:\/\/hcd.malargue.gov.ar\/?s={search_term_string}\"},\"query-input\":\"required name=search_term_string\"}],\"inLanguage\":\"es-AR\"},{\"@type\":\"Person\",\"@id\":\"https:\/\/hcd.malargue.gov.ar\/#\/schema\/person\/3fd6bbab64edd703961b795156c955d0\",\"name\":\"Belen Pedernera Ferragut\",\"image\":{\"@type\":\"ImageObject\",\"inLanguage\":\"es-AR\",\"@id\":\"https:\/\/hcd.malargue.gov.ar\/#\/schema\/person\/image\/\",\"url\":\"https:\/\/secure.gravatar.com\/avatar\/1054ffab3893de4bb3eb29bdd22f7e34b8537bf5d34d9dab311818154ad5b71f?s=96&d=mm&r=g\",\"contentUrl\":\"https:\/\/secure.gravatar.com\/avatar\/1054ffab3893de4bb3eb29bdd22f7e34b8537bf5d34d9dab311818154ad5b71f?s=96&d=mm&r=g\",\"caption\":\"Belen Pedernera Ferragut\"},\"url\":\"https:\/\/hcd.malargue.gov.ar\/?author=5\"}]}<\/script>\n<!-- \/ Yoast SEO plugin. -->","yoast_head_json":{"title":"ACTA 15\u00b0 SESI\u00d3N ORDINARIA N\u00b01.132-\u201cO\u201d- 6\/07\/2.023 - Malarg\u00fce HCD","robots":{"index":"index","follow":"follow","max-snippet":"max-snippet:-1","max-image-preview":"max-image-preview:large","max-video-preview":"max-video-preview:-1"},"canonical":"https:\/\/hcd.malargue.gov.ar\/?p=34438","og_locale":"es_ES","og_type":"article","og_title":"ACTA 15\u00b0 SESI\u00d3N ORDINARIA N\u00b01.132-\u201cO\u201d- 6\/07\/2.023 - Malarg\u00fce HCD","og_description":"En Malarg\u00fce Mendoza a Seis d\u00edas de Julio de 2.023, \u00a0cuando es la hora 9:34 se re\u00fane el Honorable concejo Deliberante de la Municipalidad de Malarg\u00fce, para celebrar su Sesi\u00f3n Ordinaria. Bajo la Presidencia de la Vicepresidente 1\u00b0 Daiana Varas Castro y la presencia de los se\u00f1ores concejales Palma, Rosas, Mosca, Rojo, Parada, Camiolo, Correa\u00a0 [&hellip;]","og_url":"https:\/\/hcd.malargue.gov.ar\/?p=34438","og_site_name":"Malarg\u00fce HCD","article_published_time":"2023-07-26T12:33:10+00:00","article_modified_time":"2023-07-26T12:33:47+00:00","og_image":[{"width":1640,"height":924,"url":"https:\/\/hcd.malargue.gov.ar\/wp-content\/uploads\/2023\/03\/actas-sesiones.jpg","type":"image\/jpeg"}],"author":"Belen Pedernera Ferragut","twitter_card":"summary_large_image","twitter_misc":{"Escrito por":"Belen Pedernera Ferragut","Tiempo de lectura":"37 minutos"},"schema":{"@context":"https:\/\/schema.org","@graph":[{"@type":"WebPage","@id":"https:\/\/hcd.malargue.gov.ar\/?p=34438","url":"https:\/\/hcd.malargue.gov.ar\/?p=34438","name":"ACTA 15\u00b0 SESI\u00d3N ORDINARIA N\u00b01.132-\u201cO\u201d- 6\/07\/2.023 - Malarg\u00fce HCD","isPartOf":{"@id":"https:\/\/hcd.malargue.gov.ar\/#website"},"datePublished":"2023-07-26T12:33:10+00:00","dateModified":"2023-07-26T12:33:47+00:00","author":{"@id":"https:\/\/hcd.malargue.gov.ar\/#\/schema\/person\/3fd6bbab64edd703961b795156c955d0"},"breadcrumb":{"@id":"https:\/\/hcd.malargue.gov.ar\/?p=34438#breadcrumb"},"inLanguage":"es-AR","potentialAction":[{"@type":"ReadAction","target":["https:\/\/hcd.malargue.gov.ar\/?p=34438"]}]},{"@type":"BreadcrumbList","@id":"https:\/\/hcd.malargue.gov.ar\/?p=34438#breadcrumb","itemListElement":[{"@type":"ListItem","position":1,"name":"Inicio","item":"https:\/\/hcd.malargue.gov.ar\/"},{"@type":"ListItem","position":2,"name":"ACTA 15\u00b0 SESI\u00d3N ORDINARIA N\u00b01.132-\u201cO\u201d- 6\/07\/2.023"}]},{"@type":"WebSite","@id":"https:\/\/hcd.malargue.gov.ar\/#website","url":"https:\/\/hcd.malargue.gov.ar\/","name":"Malarg\u00fce HCD","description":"Malarg\u00fce Mendoza Argentina","potentialAction":[{"@type":"SearchAction","target":{"@type":"EntryPoint","urlTemplate":"https:\/\/hcd.malargue.gov.ar\/?s={search_term_string}"},"query-input":"required name=search_term_string"}],"inLanguage":"es-AR"},{"@type":"Person","@id":"https:\/\/hcd.malargue.gov.ar\/#\/schema\/person\/3fd6bbab64edd703961b795156c955d0","name":"Belen Pedernera Ferragut","image":{"@type":"ImageObject","inLanguage":"es-AR","@id":"https:\/\/hcd.malargue.gov.ar\/#\/schema\/person\/image\/","url":"https:\/\/secure.gravatar.com\/avatar\/1054ffab3893de4bb3eb29bdd22f7e34b8537bf5d34d9dab311818154ad5b71f?s=96&d=mm&r=g","contentUrl":"https:\/\/secure.gravatar.com\/avatar\/1054ffab3893de4bb3eb29bdd22f7e34b8537bf5d34d9dab311818154ad5b71f?s=96&d=mm&r=g","caption":"Belen Pedernera Ferragut"},"url":"https:\/\/hcd.malargue.gov.ar\/?author=5"}]}},"_links":{"self":[{"href":"https:\/\/hcd.malargue.gov.ar\/index.php?rest_route=\/wp\/v2\/posts\/34438","targetHints":{"allow":["GET"]}}],"collection":[{"href":"https:\/\/hcd.malargue.gov.ar\/index.php?rest_route=\/wp\/v2\/posts"}],"about":[{"href":"https:\/\/hcd.malargue.gov.ar\/index.php?rest_route=\/wp\/v2\/types\/post"}],"author":[{"embeddable":true,"href":"https:\/\/hcd.malargue.gov.ar\/index.php?rest_route=\/wp\/v2\/users\/5"}],"replies":[{"embeddable":true,"href":"https:\/\/hcd.malargue.gov.ar\/index.php?rest_route=%2Fwp%2Fv2%2Fcomments&post=34438"}],"version-history":[{"count":1,"href":"https:\/\/hcd.malargue.gov.ar\/index.php?rest_route=\/wp\/v2\/posts\/34438\/revisions"}],"predecessor-version":[{"id":34439,"href":"https:\/\/hcd.malargue.gov.ar\/index.php?rest_route=\/wp\/v2\/posts\/34438\/revisions\/34439"}],"wp:featuredmedia":[{"embeddable":true,"href":"https:\/\/hcd.malargue.gov.ar\/index.php?rest_route=\/wp\/v2\/media\/33337"}],"wp:attachment":[{"href":"https:\/\/hcd.malargue.gov.ar\/index.php?rest_route=%2Fwp%2Fv2%2Fmedia&parent=34438"}],"wp:term":[{"taxonomy":"category","embeddable":true,"href":"https:\/\/hcd.malargue.gov.ar\/index.php?rest_route=%2Fwp%2Fv2%2Fcategories&post=34438"},{"taxonomy":"post_tag","embeddable":true,"href":"https:\/\/hcd.malargue.gov.ar\/index.php?rest_route=%2Fwp%2Fv2%2Ftags&post=34438"}],"curies":[{"name":"wp","href":"https:\/\/api.w.org\/{rel}","templated":true}]}}