{"id":34544,"date":"2023-07-31T12:49:35","date_gmt":"2023-07-31T15:49:35","guid":{"rendered":"https:\/\/hcd.malargue.gov.ar\/?p=34544"},"modified":"2023-07-31T12:54:49","modified_gmt":"2023-07-31T15:54:49","slug":"ordenanza-no-2-245-2-023","status":"publish","type":"post","link":"https:\/\/hcd.malargue.gov.ar\/?p=34544","title":{"rendered":"ORDENANZA N\u00b0 2.245\/2.023"},"content":{"rendered":"<div class=\"wp-block-image\">\n<figure class=\"alignright size-full is-resized\"><a href=\"http:\/\/hcd.malargue.gov.ar\/hcdpdf\/On%202245%202023%20callejon%20Mina%20Car.pdf\"><img loading=\"lazy\" decoding=\"async\" src=\"https:\/\/hcd.malargue.gov.ar\/wp-content\/uploads\/2018\/06\/PDF-JPG.jpg\" alt=\"\" class=\"wp-image-7950\" width=\"152\" height=\"152\" srcset=\"https:\/\/hcd.malargue.gov.ar\/wp-content\/uploads\/2018\/06\/PDF-JPG.jpg 512w, https:\/\/hcd.malargue.gov.ar\/wp-content\/uploads\/2018\/06\/PDF-JPG-150x150.jpg 150w, https:\/\/hcd.malargue.gov.ar\/wp-content\/uploads\/2018\/06\/PDF-JPG-300x300.jpg 300w\" sizes=\"auto, (max-width: 152px) 100vw, 152px\" \/><\/a><\/figure>\n<\/div>\n\n\n<p>VISTO: El contenido del Expediente N\u00ba 5.300-HC 056-2.023 Bloque Cuidemos Malarg\u00fce. Proyecto de Ordenanza: Realizaci\u00f3n de obra el\u00e9ctrica en el Callej\u00f3n Mina Car zona de Colonia H\u00edpica.<\/p>\n\n\n\n<p>El contenido del Expediente N\u00b03.113\/2.023 Departamento Ejecutivo Municipal en el cual se encuentra el monto asignado para la obra mencionada de un total de pesos cuatro millones quinientos mil ($ 4.500.000)<\/p>\n\n\n\n<p>y;<\/p>\n\n\n\n<p>CONSIDERANDO: Que el gobierno municipal tiene prevista la obra en el Presupuesto del a\u00f1o 2.023, con un costo de pesos cuatro millones quinientos mil($4.500.000)<\/p>\n\n\n\n<p>Que la energ\u00eda es el combustible necesario para el crecimiento econ\u00f3mico y la mejora del bienestar general de la familia permitiendo as\u00ed el acceso a las oportunidades.<\/p>\n\n\n\n<p>Que la electricidad es una de las principales formas de energ\u00eda usadas en el mundo actual; sin ella no existir\u00eda la iluminaci\u00f3n conveniente, ni comunicaciones de radio y televisi\u00f3n, ni servicios telef\u00f3nicos.<\/p>\n\n\n\n<p>Que no ser\u00eda posible el estilo de vida que hoy lleva la sociedad ya que gracias a la electricidad es posible el desarrollo de la persona, en la medida de que son esenciales los servicios que se derivan de su uso, tales como la iluminaci\u00f3n, la refrigeraci\u00f3n de alimentos y el uso de algunos equipos.<\/p>\n\n\n\n<p>Que ya es imposible imaginar la vida sin energ\u00eda el\u00e9ctrica la cual ha invadido todas las esferas de la actividad humana; la industria y la agricultura, la ciencia y el espacio de la vida cotidiana.<\/p>\n\n\n\n<p>Que como una de las ventajas de la energ\u00eda el\u00e9ctrica m\u00e1s importante la encontramos con el incremento del nivel de vida de la poblaci\u00f3n mundial entendiendo que la misma ha permitido un desarrollo exponencial en todo el mundo.<\/p>\n\n\n\n<p>Que el acceso a la misma se ha convertido en esencial para el crecimiento de cada familia y el desarrollo de cada lugar, ya que en los lugares donde todav\u00eda no se encuentra se puede observar el deterioro y falta de crecimiento.<\/p>\n\n\n\n<p>Que en la actualidad en el Departamento de Malarg\u00fce hay familias que todav\u00eda no pueden acceder a la misma y es de vital importancia que a partir de este Proyecto de Ordenanza el Departamento Ejecutivo Municipal pueda realizar la obra tan necesaria y esperada por los vecinos.<\/p>\n\n\n\n<p>Que hay veinte familias que no tienen acceso al servicio entre los cuales se encuentran ni\u00f1os con discapacidad en la zona mencionada del Callej\u00f3n Mina Car de la Colonia H\u00edpica de nuestra Ciudad y es por este motivo su urgencia.<\/p>\n\n\n\n<p>EL HONORABLE CONCEJO DELIBERANTE DE LA MUNICIPALIDAD DE MALARG\u00dcE&nbsp; EN USO DE LAS FACULTADES QUE LE SON PROPIAS<\/p>\n\n\n\n<p>ORDENA<\/p>\n\n\n\n<p>ART\u00cdCULO 1\u00ba: Fac\u00faltese al Departamento Ejecutivo Municipal a realizar la obra presupuestada en el Proyecto de Ordenanza del Presupuesto del a\u00f1o 2.023, \u201cObra el\u00e9ctrica en el Callej\u00f3n Mina Car zona de Colonia H\u00edpica\u201d.<\/p>\n\n\n\n<p>ART\u00cdCULO 2\u00b0:&nbsp; Comun\u00edquese, reg\u00edstrese, c\u00famplase, publ\u00edquese, agr\u00e9guese copia de la presente en las actuaciones correspondientes y arch\u00edvese.<strong><\/strong><\/p>\n\n\n\n<p>DADA EN LA SALA DE SESIONES DR.&nbsp; RICARDO BALBIN DEL HONORABLE CONCEJO DELIBERANTE DE LA MUNICIPALIDAD DE MALARG\u00dcE&nbsp; A VEINTE D\u00cdAS&nbsp; DE&nbsp;&nbsp; JULIO&nbsp; DE&nbsp; DOS&nbsp; MIL&nbsp; VEINTITRES.<\/p>\n","protected":false},"excerpt":{"rendered":"<p>VISTO: El contenido del Expediente N\u00ba 5.300-HC 056-2.023 Bloque Cuidemos Malarg\u00fce. Proyecto de Ordenanza: Realizaci\u00f3n de obra el\u00e9ctrica en el Callej\u00f3n Mina Car zona de Colonia H\u00edpica. El contenido del Expediente N\u00b03.113\/2.023 Departamento Ejecutivo Municipal en el cual se encuentra el monto asignado para la obra mencionada de un total de pesos cuatro millones quinientos [&hellip;]<\/p>\n","protected":false},"author":5,"featured_media":34545,"comment_status":"closed","ping_status":"closed","sticky":false,"template":"","format":"standard","meta":{"footnotes":""},"categories":[52,29,48,33],"tags":[],"class_list":["post-34544","post","type-post","status-publish","format-standard","has-post-thumbnail","hentry","category-gacetillas","category-lesgilacion","category-ordenanzas-municipales","category-prensa"],"yoast_head":"<!-- This site is optimized with the Yoast SEO plugin v19.10 - https:\/\/yoast.com\/wordpress\/plugins\/seo\/ -->\n<title>ORDENANZA N\u00b0 2.245\/2.023 - Malarg\u00fce HCD<\/title>\n<meta name=\"robots\" content=\"index, follow, max-snippet:-1, max-image-preview:large, max-video-preview:-1\" \/>\n<link rel=\"canonical\" href=\"https:\/\/hcd.malargue.gov.ar\/?p=34544\" \/>\n<meta property=\"og:locale\" content=\"es_ES\" \/>\n<meta property=\"og:type\" content=\"article\" \/>\n<meta property=\"og:title\" content=\"ORDENANZA N\u00b0 2.245\/2.023 - Malarg\u00fce HCD\" \/>\n<meta property=\"og:description\" content=\"VISTO: El contenido del Expediente N\u00ba 5.300-HC 056-2.023 Bloque Cuidemos Malarg\u00fce. Proyecto de Ordenanza: Realizaci\u00f3n de obra el\u00e9ctrica en el Callej\u00f3n Mina Car zona de Colonia H\u00edpica. El contenido del Expediente N\u00b03.113\/2.023 Departamento Ejecutivo Municipal en el cual se encuentra el monto asignado para la obra mencionada de un total de pesos cuatro millones quinientos [&hellip;]\" \/>\n<meta property=\"og:url\" content=\"https:\/\/hcd.malargue.gov.ar\/?p=34544\" \/>\n<meta property=\"og:site_name\" content=\"Malarg\u00fce HCD\" \/>\n<meta property=\"article:published_time\" content=\"2023-07-31T15:49:35+00:00\" \/>\n<meta property=\"article:modified_time\" content=\"2023-07-31T15:54:49+00:00\" \/>\n<meta property=\"og:image\" content=\"https:\/\/hcd.malargue.gov.ar\/wp-content\/uploads\/2023\/07\/ORDENANZA-2245-2023.jpg\" \/>\n\t<meta property=\"og:image:width\" content=\"940\" \/>\n\t<meta property=\"og:image:height\" content=\"788\" \/>\n\t<meta property=\"og:image:type\" content=\"image\/jpeg\" \/>\n<meta name=\"author\" content=\"Belen Pedernera Ferragut\" \/>\n<meta name=\"twitter:card\" content=\"summary_large_image\" \/>\n<meta name=\"twitter:label1\" content=\"Escrito por\" \/>\n\t<meta name=\"twitter:data1\" content=\"Belen Pedernera Ferragut\" \/>\n\t<meta name=\"twitter:label2\" content=\"Tiempo de lectura\" \/>\n\t<meta name=\"twitter:data2\" content=\"3 minutos\" \/>\n<script type=\"application\/ld+json\" class=\"yoast-schema-graph\">{\"@context\":\"https:\/\/schema.org\",\"@graph\":[{\"@type\":\"WebPage\",\"@id\":\"https:\/\/hcd.malargue.gov.ar\/?p=34544\",\"url\":\"https:\/\/hcd.malargue.gov.ar\/?p=34544\",\"name\":\"ORDENANZA N\u00b0 2.245\/2.023 - Malarg\u00fce HCD\",\"isPartOf\":{\"@id\":\"https:\/\/hcd.malargue.gov.ar\/#website\"},\"datePublished\":\"2023-07-31T15:49:35+00:00\",\"dateModified\":\"2023-07-31T15:54:49+00:00\",\"author\":{\"@id\":\"https:\/\/hcd.malargue.gov.ar\/#\/schema\/person\/3fd6bbab64edd703961b795156c955d0\"},\"breadcrumb\":{\"@id\":\"https:\/\/hcd.malargue.gov.ar\/?p=34544#breadcrumb\"},\"inLanguage\":\"es-AR\",\"potentialAction\":[{\"@type\":\"ReadAction\",\"target\":[\"https:\/\/hcd.malargue.gov.ar\/?p=34544\"]}]},{\"@type\":\"BreadcrumbList\",\"@id\":\"https:\/\/hcd.malargue.gov.ar\/?p=34544#breadcrumb\",\"itemListElement\":[{\"@type\":\"ListItem\",\"position\":1,\"name\":\"Inicio\",\"item\":\"https:\/\/hcd.malargue.gov.ar\/\"},{\"@type\":\"ListItem\",\"position\":2,\"name\":\"ORDENANZA N\u00b0 2.245\/2.023\"}]},{\"@type\":\"WebSite\",\"@id\":\"https:\/\/hcd.malargue.gov.ar\/#website\",\"url\":\"https:\/\/hcd.malargue.gov.ar\/\",\"name\":\"Malarg\u00fce HCD\",\"description\":\"Malarg\u00fce Mendoza Argentina\",\"potentialAction\":[{\"@type\":\"SearchAction\",\"target\":{\"@type\":\"EntryPoint\",\"urlTemplate\":\"https:\/\/hcd.malargue.gov.ar\/?s={search_term_string}\"},\"query-input\":\"required name=search_term_string\"}],\"inLanguage\":\"es-AR\"},{\"@type\":\"Person\",\"@id\":\"https:\/\/hcd.malargue.gov.ar\/#\/schema\/person\/3fd6bbab64edd703961b795156c955d0\",\"name\":\"Belen Pedernera Ferragut\",\"image\":{\"@type\":\"ImageObject\",\"inLanguage\":\"es-AR\",\"@id\":\"https:\/\/hcd.malargue.gov.ar\/#\/schema\/person\/image\/\",\"url\":\"https:\/\/secure.gravatar.com\/avatar\/1054ffab3893de4bb3eb29bdd22f7e34b8537bf5d34d9dab311818154ad5b71f?s=96&d=mm&r=g\",\"contentUrl\":\"https:\/\/secure.gravatar.com\/avatar\/1054ffab3893de4bb3eb29bdd22f7e34b8537bf5d34d9dab311818154ad5b71f?s=96&d=mm&r=g\",\"caption\":\"Belen Pedernera Ferragut\"},\"url\":\"https:\/\/hcd.malargue.gov.ar\/?author=5\"}]}<\/script>\n<!-- \/ Yoast SEO plugin. -->","yoast_head_json":{"title":"ORDENANZA N\u00b0 2.245\/2.023 - Malarg\u00fce HCD","robots":{"index":"index","follow":"follow","max-snippet":"max-snippet:-1","max-image-preview":"max-image-preview:large","max-video-preview":"max-video-preview:-1"},"canonical":"https:\/\/hcd.malargue.gov.ar\/?p=34544","og_locale":"es_ES","og_type":"article","og_title":"ORDENANZA N\u00b0 2.245\/2.023 - Malarg\u00fce HCD","og_description":"VISTO: El contenido del Expediente N\u00ba 5.300-HC 056-2.023 Bloque Cuidemos Malarg\u00fce. Proyecto de Ordenanza: Realizaci\u00f3n de obra el\u00e9ctrica en el Callej\u00f3n Mina Car zona de Colonia H\u00edpica. El contenido del Expediente N\u00b03.113\/2.023 Departamento Ejecutivo Municipal en el cual se encuentra el monto asignado para la obra mencionada de un total de pesos cuatro millones quinientos [&hellip;]","og_url":"https:\/\/hcd.malargue.gov.ar\/?p=34544","og_site_name":"Malarg\u00fce HCD","article_published_time":"2023-07-31T15:49:35+00:00","article_modified_time":"2023-07-31T15:54:49+00:00","og_image":[{"width":940,"height":788,"url":"https:\/\/hcd.malargue.gov.ar\/wp-content\/uploads\/2023\/07\/ORDENANZA-2245-2023.jpg","type":"image\/jpeg"}],"author":"Belen Pedernera Ferragut","twitter_card":"summary_large_image","twitter_misc":{"Escrito por":"Belen Pedernera Ferragut","Tiempo de lectura":"3 minutos"},"schema":{"@context":"https:\/\/schema.org","@graph":[{"@type":"WebPage","@id":"https:\/\/hcd.malargue.gov.ar\/?p=34544","url":"https:\/\/hcd.malargue.gov.ar\/?p=34544","name":"ORDENANZA N\u00b0 2.245\/2.023 - Malarg\u00fce HCD","isPartOf":{"@id":"https:\/\/hcd.malargue.gov.ar\/#website"},"datePublished":"2023-07-31T15:49:35+00:00","dateModified":"2023-07-31T15:54:49+00:00","author":{"@id":"https:\/\/hcd.malargue.gov.ar\/#\/schema\/person\/3fd6bbab64edd703961b795156c955d0"},"breadcrumb":{"@id":"https:\/\/hcd.malargue.gov.ar\/?p=34544#breadcrumb"},"inLanguage":"es-AR","potentialAction":[{"@type":"ReadAction","target":["https:\/\/hcd.malargue.gov.ar\/?p=34544"]}]},{"@type":"BreadcrumbList","@id":"https:\/\/hcd.malargue.gov.ar\/?p=34544#breadcrumb","itemListElement":[{"@type":"ListItem","position":1,"name":"Inicio","item":"https:\/\/hcd.malargue.gov.ar\/"},{"@type":"ListItem","position":2,"name":"ORDENANZA N\u00b0 2.245\/2.023"}]},{"@type":"WebSite","@id":"https:\/\/hcd.malargue.gov.ar\/#website","url":"https:\/\/hcd.malargue.gov.ar\/","name":"Malarg\u00fce HCD","description":"Malarg\u00fce Mendoza Argentina","potentialAction":[{"@type":"SearchAction","target":{"@type":"EntryPoint","urlTemplate":"https:\/\/hcd.malargue.gov.ar\/?s={search_term_string}"},"query-input":"required name=search_term_string"}],"inLanguage":"es-AR"},{"@type":"Person","@id":"https:\/\/hcd.malargue.gov.ar\/#\/schema\/person\/3fd6bbab64edd703961b795156c955d0","name":"Belen Pedernera Ferragut","image":{"@type":"ImageObject","inLanguage":"es-AR","@id":"https:\/\/hcd.malargue.gov.ar\/#\/schema\/person\/image\/","url":"https:\/\/secure.gravatar.com\/avatar\/1054ffab3893de4bb3eb29bdd22f7e34b8537bf5d34d9dab311818154ad5b71f?s=96&d=mm&r=g","contentUrl":"https:\/\/secure.gravatar.com\/avatar\/1054ffab3893de4bb3eb29bdd22f7e34b8537bf5d34d9dab311818154ad5b71f?s=96&d=mm&r=g","caption":"Belen Pedernera Ferragut"},"url":"https:\/\/hcd.malargue.gov.ar\/?author=5"}]}},"_links":{"self":[{"href":"https:\/\/hcd.malargue.gov.ar\/index.php?rest_route=\/wp\/v2\/posts\/34544","targetHints":{"allow":["GET"]}}],"collection":[{"href":"https:\/\/hcd.malargue.gov.ar\/index.php?rest_route=\/wp\/v2\/posts"}],"about":[{"href":"https:\/\/hcd.malargue.gov.ar\/index.php?rest_route=\/wp\/v2\/types\/post"}],"author":[{"embeddable":true,"href":"https:\/\/hcd.malargue.gov.ar\/index.php?rest_route=\/wp\/v2\/users\/5"}],"replies":[{"embeddable":true,"href":"https:\/\/hcd.malargue.gov.ar\/index.php?rest_route=%2Fwp%2Fv2%2Fcomments&post=34544"}],"version-history":[{"count":3,"href":"https:\/\/hcd.malargue.gov.ar\/index.php?rest_route=\/wp\/v2\/posts\/34544\/revisions"}],"predecessor-version":[{"id":34554,"href":"https:\/\/hcd.malargue.gov.ar\/index.php?rest_route=\/wp\/v2\/posts\/34544\/revisions\/34554"}],"wp:featuredmedia":[{"embeddable":true,"href":"https:\/\/hcd.malargue.gov.ar\/index.php?rest_route=\/wp\/v2\/media\/34545"}],"wp:attachment":[{"href":"https:\/\/hcd.malargue.gov.ar\/index.php?rest_route=%2Fwp%2Fv2%2Fmedia&parent=34544"}],"wp:term":[{"taxonomy":"category","embeddable":true,"href":"https:\/\/hcd.malargue.gov.ar\/index.php?rest_route=%2Fwp%2Fv2%2Fcategories&post=34544"},{"taxonomy":"post_tag","embeddable":true,"href":"https:\/\/hcd.malargue.gov.ar\/index.php?rest_route=%2Fwp%2Fv2%2Ftags&post=34544"}],"curies":[{"name":"wp","href":"https:\/\/api.w.org\/{rel}","templated":true}]}}