{"id":34590,"date":"2023-08-03T11:24:19","date_gmt":"2023-08-03T14:24:19","guid":{"rendered":"https:\/\/hcd.malargue.gov.ar\/?p=34590"},"modified":"2023-08-03T11:24:22","modified_gmt":"2023-08-03T14:24:22","slug":"acta-17-sesion-ordinaria-n-1134-o-20-07-2023","status":"publish","type":"post","link":"https:\/\/hcd.malargue.gov.ar\/?p=34590","title":{"rendered":"ACTA 17\u00b0 SESI\u00d3N ORDINARIA N\u00b0 1134-\u201cO\u201d-20\/07\/2023.-"},"content":{"rendered":"<div class=\"wp-block-image\">\n<figure class=\"alignright size-full is-resized\"><a href=\"http:\/\/hcd.malargue.gov.ar\/hcdpdf\/ORDINARIA%20N%201134%202023.pdf\"><img loading=\"lazy\" decoding=\"async\" src=\"https:\/\/hcd.malargue.gov.ar\/wp-content\/uploads\/2018\/06\/PDF-JPG.jpg\" alt=\"\" class=\"wp-image-7950\" width=\"148\" height=\"148\" srcset=\"https:\/\/hcd.malargue.gov.ar\/wp-content\/uploads\/2018\/06\/PDF-JPG.jpg 512w, https:\/\/hcd.malargue.gov.ar\/wp-content\/uploads\/2018\/06\/PDF-JPG-150x150.jpg 150w, https:\/\/hcd.malargue.gov.ar\/wp-content\/uploads\/2018\/06\/PDF-JPG-300x300.jpg 300w\" sizes=\"auto, (max-width: 148px) 100vw, 148px\" \/><\/a><\/figure>\n<\/div>\n\n\n<p>En Malarg\u00fce Mendoza a Veinte d\u00edas de Julio de 2023, cuando es la hora 9:08 se re\u00fane el&nbsp; Honorable Concejo Deliberante&nbsp; de la Municipalidad de Malarg\u00fce&nbsp; para celebrar su Sesi\u00f3n Ordinaria . Bajo la Presidencia de su&nbsp; titular&nbsp; concejal Andr\u00e9s RISI&nbsp; y la presencia&nbsp; de los Se\u00f1ores concejales Palma, Rosas, Varas, Rojo, y Camiolo.\/ Para dar comienzo al desarrollo del Orden del D\u00eda se&nbsp; invita al concejal Gabriel ROSAS&nbsp; a izar la Ense\u00f1a Patria. \/ b) Homenaje de los Se\u00f1ores Concejales&nbsp; &nbsp;Solicita la palabra el concejal PALMA y expresa \u201cBuenos d\u00edas Se\u00f1ores ediles, al personal del Concejo, quer\u00eda hacer uso de la palabra en este momento , porque tuve la posibilidad de escuchar&nbsp; algunas desafortunadas palabras del Sr. Intendente , pero me voy a detener, que creo que muchos las escucharon, y tuvimos posibilidad de charlarlo. Pero me voy a detener en algo donde precisamente nombran a mi persona ., se refieren a gente de mi entorno familiar y dem\u00e1s. Malarg\u00fce es muy chico, nos conocemos todos,&nbsp; a diferencia de otros mi se\u00f1ora s\u00ed trabajaba, prestaba servicio , todo el mundo conoce que el decreto estaba en el Concejo, lo conocieron todos cu\u00e1les eran los montos por los que mi se\u00f1ora trabajaba. Empez\u00f3 con veinte mil termin\u00f3 con treinta y cinco mil, trabaj\u00f3 un a\u00f1o y siete meses en el juzgado, no es algo que se haya escondido, estaba en el juzgado, cualquiera que pudiera ir al juzgado en mesa de entrada, la pod\u00eda ver, entonces no es algo que se esconde, no. Me llama la atenci\u00f3n porque este bloque que hoy se denomina U.C.R. Independiente, se retir\u00f3 del Bloque cambiemos all\u00e1 por junio, de 2022, y el Sr Intendente le cort\u00f3 el contrato en diciembre de 2022, o sea yo ya no me hablaba con el Sr Intendente no soy quien le fue a pedir por contrato ni mucho menos. Conozco mucha gente que hoy d\u00eda ataca por redes sociales, que ni siquiera van a la oficina a trabajar, eso se denomina \u201c\u00f1oqui\u201d , yo lo conozco as\u00ed, mi se\u00f1ora trabajaba de 7 y media de la ma\u00f1ana a 13:30 del mediod\u00eda,&nbsp; pero esas&nbsp; cosas se las debo a la sociedad. Pero s\u00ed me quiero detener, &nbsp;cuando \u00e9l refiere que todos hacen negocio &nbsp;miren, yo tengo la &nbsp;suerte de venir a esta instituci\u00f3n de que tengo siete a\u00f1os, m\u00e1s o menos, creo que muchos de los que est\u00e1n ac\u00e1 me han visto crecer, me han visto la clase de persona que soy, mi padre tambi\u00e9n fue concejal de este Concejo junto a muchas personas que hoy caminan por este Malarg\u00fce con la frente en alto, y cuando \u00e9l dice que todos vienen aqu\u00ed a hacer negocio,&nbsp; yo no he hecho ning\u00fan negocio con \u00e9l, creo que ninguno de los que estamos ac\u00e1 vinimos a hacer negocios con \u00e9l, negocios,&nbsp; los negocios est\u00e1n en otro lado. Nosotros no manejamos el dinero del municipio,, los negocios se hacen de otro lado, yo lo invito al Sr Intendente si quiere ver, vivo atr\u00e1s de la casa de mi padre, no, pero de cu\u00e1ndo mi padre tiene ese terreno, de cu\u00e1ndo construy\u00f3 su casa, o Don Molina, o no s\u00e9, puedo nombrar infinidad de concejales, Rodr\u00edguez, puedo nombrar a Yoyo Cabeza, con quien tengo una muy linda amistad, y al cual aprecio much\u00edsimo, hay cientos, Gal\u00e1n, podr\u00eda nombrar un mont\u00f3n de concejales&nbsp; y no me quiero olvidar de ninguno, por eso no quiero nombrarlos, Luff\u00ed, bueno, en f\u00edn.&nbsp; Cuando \u00e9l dice que todos los que vienen ac\u00e1 a hacer negocios, creo que se refiere a una instituci\u00f3n y a mucha gente que pas\u00f3 por ac\u00e1, porque los cargos son circunstanciales&nbsp; como el de \u00e9l,&nbsp; y esas cosas creo que no le hacen bien&nbsp; a la sociedad, no es este concejal el que tiene a toda su familia en el municipio,&nbsp; con cargos y siendo directores o funcionarios , no, no soy yo. No soy yo el que le da a los amigos del poder licitaciones directas por obras que&nbsp; todav\u00eda no se concluyen, no, no soy yo, el que le da a los hijos de los funcionarios , terrenos, lotes, contratos, o algunos que salen por redes sociales a&nbsp; pegarnos y despu\u00e9s de que llegan los informes&nbsp; terminamos cerrando algunas cosas&nbsp; de gente que&nbsp; uno cre\u00eda que tenia otro tipo de&nbsp; principios y que hoy vemos que&nbsp; solo el poder econ\u00f3mico los mueve, &nbsp;d\u00e9jeme decirle Sr Intendente que eso no pasa, no pasa por ac\u00e1, el contrato que ten\u00eda mi se\u00f1ora no me ha cambiado la vida en lo m\u00e1s m\u00ednimo, porque todos somos iguales, no s\u00e9 capaz que est\u00e1 acostumbrado a otro entorno,&nbsp; del cual no somos parte,&nbsp; y decidimos, no ser parte, por eso nos fuimos, porque sab\u00edamos que esta gesti\u00f3n ven\u00eda mal, y pedimos junto al bloque cuando \u00e9ramos miembros del bloque&nbsp; algunos cambios que no&nbsp; se hicieron, y se protegi\u00f3 gente, cuando nosotros pedimos que&nbsp; se ten\u00edan que retirar de la gesti\u00f3n porque no eran&nbsp; buenos para la gesti\u00f3n, no estoy enojado cn usted, Se\u00f1or Intendente, no se preocupe, yo no me enojo, me duele que no se respeten las instituciones, me duele que se&nbsp; crea que por el hecho de pensar&nbsp; distinto, est\u00e1 mal, yo creo en la democracia, y la democracia se trata de eso, de tener&nbsp; pensamientos distintos de&nbsp;&nbsp; respetarnos de llegar a acuerdos, no de ir a embarrar la cancha, no le escuch\u00e9 decir nada que este Concejo la semana pasada le ampli\u00f3 129 hect\u00e1reas m\u00e1s, al Parque Solar que tiene Geneia , para que se generen fuentes de trabajo, como dice que el Concejo traiga inversiones, no tenemos facultades para traer inversiones, porque los convenios&nbsp; se firman con el intendente no con este Concejo. Y sin embargo en el a\u00f1o 2020 tuvimos contacto con una empresa que quer\u00eda trabajar y cortar piedra toba que tenemos la cantera ociosa del municipio , pero no, no se lleg\u00f3 a un acuerdo, no s\u00e9 qu\u00e9 pas\u00f3 en el medio, no somos nosotros quienes firman los acuerdos , hacemos todo lo posible, vinieron todos los inversores extranjeros , lo deben recordar algunos de los concejales que acompa\u00f1aron en ese momento , pero no lo pudimos cerrar porque no es con nosotros con quien se tiene que cerrar. Creamos parques&nbsp; agr\u00edcolas, les dimos posibilidades de inversiones&nbsp; en Pata Mora, en el a\u00f1o 2021&nbsp; y 2022 , la verdad que yo no estoy enojado con usted, para nada, seguimos trabajando nosotros de la mejor manera , tratamos de regularizar&nbsp; dominialmente cosas que&nbsp; con deuda los vecinos hist\u00f3rica, pero parece que esas cosas no se dicen, sabe cu\u00e1l es la diferencia , por qu\u00e9 no se dice, porque nosotros lo hacemos por vocaci\u00f3n,&nbsp; nosotros lo hacemos por servir a los dem\u00e1s, nosotros lo hacemos porque lo queremos , que no hayan presos pol\u00edticos, presos pol\u00edticos son aquellos que&nbsp; vienen y te dicen por tu necesidad \u201cah si me acompa\u00f1\u00e1s vas a tener tal cosa\u201d&nbsp; y no pod\u00e9s lograr tu objetivo&nbsp; y te tienen preso con un comodato, con un acta de tenencia precaria, en lotes donde no hay servicios para poder construir, entonces son las cosas de las que yo me quej\u00e9 en muchas gestiones y de las que todos nos quejamos en otras gestiones porque es lo que est\u00e1 mal,&nbsp; y no hay que normalizar lo que est\u00e1 mal, no , no por ah\u00ed discuto con algunos amigos&nbsp; y te dicen: \u201cAh, pero antes\u2026\u201d, por eso estamos como estamos. Porque \u201cAh, pero antes\u201d.. y no podemos normalizar lo que est\u00e1 mal, no me pueden venir a contestar con slogan con frases vac\u00edas con que \u201cAh pero aquel lo hizo,,, pero si yo lo hago est\u00e1 bien\u201d , pero si lo hac\u00edan los dem\u00e1s estaba mal. No esas son las cosas que no se pueden normalizar en la pol\u00edtica , la pol\u00edtica tenemos que madurar, cambiar, nos podemos equivocar, seguramente&nbsp; el que hace se puede equivocar, nosotros tambi\u00e9n nos hemos equivocado, pero siempre con el af\u00e1n de hacer, siempre por el&nbsp; lado correcto, siempre&nbsp; apegados a la ley , entonces me llama la atenci\u00f3n&nbsp; y me duele mucho cuando se refieren a esta instituci\u00f3n de esa manera. Como que fu\u00e9ramos todos mercenarios de la pol\u00edtica, no, la verdad que no. &nbsp;Pero bueno no voy a robarle mucho m\u00e1s tiempo tenemos mucho que trabajar como ustedes ver\u00e1n hoy el orden del d\u00eda tiene muchos despachos de las comisiones que &nbsp;&nbsp;es tambi\u00e9n nuestra parte.&nbsp; Otra cosa, y antes de terminar, deberes del Concejo, nosotros legislamos y controlamos, ese es nuestro deber, esa es nuestra obligaci\u00f3n, esa es la facultad que nos da la ley, entonces, eso es lo que hacemos. Ac\u00e1 se escuchan much\u00edsimas cosas que llegan y bueno tenemos que dedicarnos a investigar y en eso estamos. El que nada hace, nada teme, y sepan que cualquiera de los concejales nunca va a salir a decir mentiras, porque siempre tratamos de tener las herramientas para decir lo que decimos, no fueron dos o tres las instituciones a las que se les cort\u00f3 el servicio, basta con hablar con la gente que estaba ah\u00ed, en las instituciones, a las que se le cortaron el servicio, no lo dice el concejal Palma. No lo dice la concejal Camiolo, ni Rojo ni Rosas. no, no trabajamos ni para Jaque, no trabajamos ni para Ojeda, no trabajamos para nadie- saben para quien trabajamos, para el pueblo. Cu\u00e1l es nuestro deber, defender los intereses del pueblo. Pol\u00edticamente lo que hagamos nosotros de las puertas de esta instituci\u00f3n para afuera es cuesti\u00f3n personal de cada uno, la democracia as\u00ed lo permite s\u00ed, entonces, no se preocupe, nadie est\u00e1 enojado con usted, Sr, Intendente, al , queremos ayudar, porque vemos c\u00f3mo est\u00e1 Malarg\u00fce&nbsp; y la verdad que a m\u00ed en lo particular, me entristece, Gracias Sr. Presidente\u201d\/\/ c) Lectura del detalle de la correspondencia recibida y emitida. <strong>Notas Entradas:<\/strong> 1. Sr. Ignacio L\u00f3pez Solicita colaboraci\u00f3n para solucionar conflicto que tiene en el campo donde vive con su familia desde el a\u00f1o 1983- (Ca\u00f1ada Colorada) . Al respecto el concejal PALMA solicita que esta nota tenga un tratamiento preferencial dado que por lo que solicita el Sr L\u00f3pez, es de suma urgencia que le demos tratamiento. \/&nbsp;&nbsp; Pasa a H.P.L.A.C.&nbsp; y se aprueba el tratamiento preferencial \/ 2. Suprema Corte de Justicia remite las actuaciones en Auto N\u00b013-04352249-8 P\u00e1ez Rafael Enrique p\/ Acci\u00f3n Procesal Administrativa. (Devoluci\u00f3n actuaciones) Pasa a H.P.LA.C&nbsp; &nbsp;\/ 3. Sr. Brian Aburto Mical Profesor Escuela N\u00b01-374 Petroleros del Sur Solicita colaboraci\u00f3n p\/ viaje con alumnos a Buenos Aires en octubre. &nbsp;Pasa a Secretar\u00eda de Gobierno\/ &nbsp;&nbsp;El concejal PALMA expresa que ser\u00eda interesante Presidente que estas notas y de lo que estamos recibiendo de las escuelas y de nuestros becarios, le consultemos al Departamento Ejecutivo que pasa con el dinero de las becas de este Concejo Deliberante, porque es un dinero bastante importante y que la gente necesita. \/ &nbsp;Pasa a Secretar\u00eda de Gobierno &nbsp;. \/ 4. Concejal Viviana Mosca Presenta informe de Registro de Marcas y Patentes para conocimiento. Pasa a H.P.L.A.C. &nbsp;&nbsp;\/ 5. Secretaria Bloque Reconstruyendo Malarg\u00fce informa razones de ausencia de la concejal Silvina Camiolo&nbsp; .&nbsp; \/ La concejal CAMIOLO manifiesta que quiere aclarar que ha llegado antes de lo previsto y por lo tanto quise presenciar la sesi\u00f3n de hoy \/ 6. Secretaria Bloque Cuidemos Malarg\u00fce informa razones de ausencia de la concejal Silvia Correa Pasa a Archivo\/ 7. Secretaria Administrativa Bloque Encuentro informa razones de ausencia del concejal Francisco Parada. Pasa a Archivo &nbsp;\/ 8. Secretaria Bloque Frente de Todos Informa razones de ausencia del concejal Rodrigo Hidalgo. Pasa a Archivo\/ 9. Departamento Ejecutivo Eleva&nbsp;&nbsp; contestaci\u00f3n referente a Ordenanza 2239\/23 (Tema Ref. Sr Carlos Segovia) Se solicita l pase a H.P.L.A.C. \/&nbsp; . Solicita la palabra la concejal ROJO y expresa con respecto a la nota 9. Corresponde a una nota, a una ordenanza que fue confeccionada en la comisi\u00f3n de Obras P\u00fablicas, deber\u00eda remitirse a esta comisi\u00f3n, solicito tambi\u00e9n tratamiento preferencial. \/ Pasa a O.P.T Y R.N&nbsp;&nbsp; con tratamiento preferencial &nbsp;&nbsp;&nbsp;aprobado. &nbsp;\/\/Seguidamente se da lectura a una nota&nbsp; del Bloque Cambia Mendoza mediante la cual informan las razones de ausencia de&nbsp; la concejal Mosca.\/ d) Consideraci\u00f3n de los temas que ser\u00e1n incluidos en el punto Asuntos Varios y &nbsp;&nbsp;&nbsp;puesta a consideraci\u00f3n de mociones de tratamientos sobre tablas de diversos &nbsp;&nbsp;&nbsp;expedientes.. No hay solicitudes para este punto \/ e) Proyectos de los Se\u00f1ores Concejales:&nbsp;&nbsp; &#8211; No Ingresados- \/ f) Expedientes provenientes del Departamento Ejecutivo &#8211; No Ingresados. \/ h) Despachos de las Comisiones de Trabajo:1. Expte.N\u00b05.300-HC 056-2.023 Proyecto de Ordenanza: Realizaci\u00f3n de obra el\u00e9ctrica en el Callej\u00f3n Mina Car zona de Colonia H\u00edpica. (O.P.T Y R.N) La comisi\u00f3n sugiere : Dar Aprobaci\u00f3n&nbsp; al proyecto presentado sin modificaciones.\/\/ &nbsp;Se pone a consideraci\u00f3n de los se\u00f1ores concejales&nbsp; y es aprobado. &nbsp;\/ 2. Expte.N\u00b05.286-HC 055-2.023 Proyecto de Ordenanza: Elab\u00f3rese por parte del Departamento Ejecutivo un Plan Municipal de agua potable para ampliar la provisi\u00f3n de todo el territorio departamental. (H.P.L.A.C.) La comisi\u00f3n sugiere dar aprobaci\u00f3n al proyecto presentado con las siguientes modificaciones: Visto y considerando \u00eddem proyecto original. \/ Art. 1\u00b0 Idem proyecto original. .Art. 2\u00b0 Incl\u00fayase&nbsp; en el mencionado &nbsp;Plan a todos los&nbsp; barrios y loteos&nbsp; de la ciudad y&nbsp; a las localidades de todos los Distritos del&nbsp; Departamento&nbsp; para que, de manera&nbsp; gradual y ordenada&nbsp; se llegue a dotar de agua&nbsp; potable al ciento por ciento 100%&nbsp; de la poblaci\u00f3n en un&nbsp; lapso&nbsp; de tiempo no superior&nbsp; a (5) a\u00f1os&nbsp; desde la aprobaci\u00f3n de la presente pieza.\/Art.3\u00b0: Elab\u00f3rese&nbsp; el mencionado&nbsp; Plan&nbsp; a trav\u00e9s de la U.T.G.U.R.A.&nbsp; en conjunto con referentes de ENOSHA, AYSAM y las Instituciones Intermedias del Departamento que representen a los habitantes de las zonas urbanas y rurales sobre las que es preciso intervenir.&nbsp;&nbsp; Art.&nbsp; N\u00b04: Pres\u00e9ntese la Resoluci\u00f3n &nbsp;&nbsp;resultante del trabajo de planificaci\u00f3n tal como lo establece la Ordenanza N\u00b0 2.199\/2.022 Ad-Refer\u00e9ndum del Honorable Concejo Deliberante. Art. 5\u00b0 Ejec\u00fatese&nbsp; el Plan Estrat\u00e9gico&nbsp; de agua potable de manera inmediata, una vez concluida la elaboraci\u00f3n y obtenida la&nbsp; aprobaci\u00f3n del Honorable Concejo Deliberante Art. 6\u00b0 Idem proyecto original.\/ Art. 7\u00b0: Aseg\u00farese por parte del&nbsp; Departamento Ejecutivo Municipal&nbsp; la&nbsp; provisi\u00f3n&nbsp; regular de agua potable a los&nbsp; habitantes de la zona&nbsp; urbana, periurbana&nbsp; y rural de acuerdo&nbsp; a lo establecido&nbsp; en la Ordenanza N\u00b02.017\/2019 \u201cPrograma Progresivo de servicio de reparto de agua potable en la zona rural\u201d en tanto se ejecute&nbsp; el mencionado Plan. \/ Art. 8\u00b0&nbsp; Idem proyecto original. \/ Art. 9: De forma. \/ Se pone a consideraci\u00f3n el despacho y es aprobado. \/\/ Solicita la palabra el concejal PALMA &nbsp;&nbsp;expresa, agradecerle a los concejales , la verdad que es un proyecto bastante interesante&nbsp; si mal no recuerdo de la concejal&nbsp; Rojo,&nbsp;&nbsp;&nbsp; ..Varas , perd\u00f3n, es del Bloque s\u00ed, sab\u00eda que era del Bloque Cambia Mendoza&nbsp; pero no recordaba el autor en particular, &nbsp;&nbsp;creo que es s\u00faper importante porque&nbsp; va de la mano de lo que este Concejo aprob\u00f3&nbsp; en su momento que fue la empresa municipal de agua potable, s\u00ed, lo que iba a facultar que el municipio se pusiera a la misma altura de AYSAM con los controles, con las inversiones,&nbsp; y con la provisi\u00f3n de agua para el municipio. Para los vecinos de este municipio y veo, no como son de distintas las miradas &nbsp;que hay sobre la pol\u00edtica, &nbsp;porque esto es de primera necesidad , &nbsp;que es agua, hemos&nbsp; tenido &nbsp;varios llamados en estos \u00faltimos d\u00edas , en mi caso particular algunos puestos cercanos al Cortaderal y dem\u00e1s que est\u00e1n pasando una situaci\u00f3n bastante dif\u00edcil con respecto a la provisi\u00f3n de agua, s\u00e9 que en otras localidades de la zona rural&nbsp; est\u00e1n pasando &nbsp;por la misma situaci\u00f3n&nbsp; y bueno&nbsp; nosotros creemos que estas son las prioridades , creemos que esta es la manera&nbsp; por donde hay que empezar a trabajar , jam\u00e1s se pone&nbsp; un techo&nbsp; sin haber construido cimientos y paredes entonces , creo que esto es por donde tenemos que ir. servicios, mejorar calidades de vida, y por ah\u00ed es donde este Concejo quiere ir trabajando. As\u00ed que much\u00edsimas gracias se\u00f1ores concejales y&nbsp;&nbsp; gracias Sr. Presidente\/ En&nbsp;&nbsp;&nbsp;&nbsp; &nbsp;&nbsp;&nbsp;&nbsp;&nbsp;uso de la palabra la concejal VARAS ,&nbsp; s\u00ed adem\u00e1s.&nbsp; Recordad o hacer menci\u00f3n&nbsp; o destacar, que la ordenanza que se pide&nbsp; que se aplique hasta tanto se le de ejecuci\u00f3n al proyecto en s\u00ed , es un programa de provisi\u00f3n&nbsp; gradual de aprovisionamiento de agua potable en la zona rural, y es justamente un proyecto que es de autor\u00eda&nbsp; del Sr. Intendente cuando era concejal, en esta instituci\u00f3n, con lo cual es una prueba m\u00e1s de&nbsp; que no solo no se ponen en funcionamiento las Ordenanzas de este Concejo sino tampoco las que corresponden a su autor\u00eda&nbsp; cuando&nbsp; \u00e9l realiza el paso como legislador .esperamos que esta s\u00ed sea aplicable porque&nbsp; como dice el concejal Palma&nbsp; como yo me he cansado de repetir, la verdad que esta gesti\u00f3n lo que le falta&nbsp; son prioridades y justamente lo que necesitamos&nbsp; es garantizar los servicios b\u00e1sicos&nbsp; de todos los habitantes del Departamento, agua, luz y gas. &nbsp;\/ 3. Expte.N\u00b05.304-HC 056-2.023 Proyecto de Resoluci\u00f3n: Solicitar al I.P.V tenga a bien reconsiderar el mecanismo de cr\u00e9dito ajustado U.V.A. a las viviendas del Barrio El Trapal II (H.P.L.A.C.) La comisi\u00f3n analizando el Expediente de referencia, la misma sugiere Dar Aprobaci\u00f3n&nbsp; al mismo sin modificaciones. \/\/ Puesto a consideraci\u00f3n el despacho es aprobado. Solicita la palabra la &nbsp;concejal CAMIOLO&nbsp;&nbsp; manifiesta , en este punto decir, que el trabajo que se realiza en el Concejo Deliberante&nbsp; genera sus resultados, este proyecto surge justamente porque los vecinos nos convocan para poner en conocimiento de este Cuerpo , los grandes aumentos que han tenido en las cuotas. Sac\u00e1bamos la cuenta que hay cuotas que pasaron de dos mil pesos por ejemplo a&nbsp; veintisiete mil. Algunas que comenzaron con dos mil, hoy est\u00e1n en cuarenta y dos mil,&nbsp; por tanto aumentos del mil seiscientos por ciento,&nbsp; si nos ponemos a sacar cuentas,&nbsp; absolutamente imposibles de abonar,&nbsp; considerando la masa de salarios&nbsp; promedio que hay en el barrio, en funci\u00f3n de esto se ha hecho el reclamo&nbsp; casa por casa, vecino por vecino,&nbsp; son once las familias,&nbsp; pero son siete las m\u00e1s afectadas,&nbsp; en el medio que \u00edbamos aprobando la resoluci\u00f3n, ya nos hemos contactado con el IPV , si todo sale bien el lunes de la semana que viene&nbsp; ya con esta resoluci\u00f3n en la mano, ellos van a venir a Malarg\u00fce , porque el otro gran problema es que siempre se atiende en Mendoza, el dicho&nbsp; que dicen&nbsp; los abuelos, Dios est\u00e1 en todos lados pero atiende , en nuestro caso es en Mendoza, van a venir para resolver el problema ac\u00e1&nbsp; y esto tambi\u00e9n decirlo va a ser esta&nbsp; casa la que reciba, a los vecinos, a la gente del IPV , entonces, estamos trabajando para&nbsp; que Malarg\u00fce tenga una sociedad m\u00e1s , para que las instituciones est\u00e9n a la altura, y que los kil\u00f3metros que nos separan de la capital no sean nunca m\u00e1s&nbsp; una barrera en la que estemos postergados , porque esos kil\u00f3metros han sido la excusa&nbsp; , para la postergaci\u00f3n, la excusa que ha n usado todos los gobiernos &nbsp;y todos los gobernantes , incluso los que alguna vez nos pudieron representar&nbsp; en la casa grande&nbsp; y no lo hicieron de la manera que yo creo de la manera que se hubiese hecho&nbsp; con la bandera de Malarg\u00fce , con los intereses de Malarg\u00fce&nbsp; siempre primero,&nbsp; y pensando que la postergaci\u00f3n que hemos tenido ha sido hist\u00f3rica&nbsp;&nbsp; y necesitamos resolver esa situaci\u00f3n , por eso yo que las instituciones puedan trasladarse e al Departamento&nbsp;&nbsp; que puedan resolver esta problem\u00e1tica y hoy son estas familias, si tienen que ser otras tambi\u00e9n&nbsp; lo vamos a presentar y lo vamos a plantear,&nbsp; y agradecer obviamente a mis colegas, el acompa\u00f1amiento del proyecto, a los vecinos el haber confiado en nosotros y esperamos que el IPV pronto pueda darnos la respuesta, para que los vecinos puedan ver reducidas sus cuotas y cumplan tambi\u00e9n&nbsp; con el pago de sus casas porque eso tambi\u00e9n genera dignidad. \/&nbsp; &nbsp;&nbsp;\/ \/ 4. Expte.N\u00b05.303-HC 056-2.023 Proyecto de Resoluci\u00f3n: Solicitar al DEM cumplimiento de la Ordenanza N\u00b02.025\/2.019 \u201cReglamento Interno de Funcionamiento y operaci\u00f3n Parques Industrial Malarg\u00fce\u201d (H.P.L.A.C.) La comisi\u00f3n sugiere dar aprobaci\u00f3n&nbsp; al proyecto presentado sin modificaciones \/\/&nbsp; Solicita la palabra la concejal ROJO &nbsp;quien manifiesta, Gracias Sr Presidente anteriormente no salud\u00e9 a cada uno de ustedes, al personal del Concejo a los ediles, en una sesi\u00f3n con el quorum suficiente y ya por la 17 sesi\u00f3n , la verdad que este concejo demuestra que siempre tiene la prioridad de estar cumpliendo como lo estipula la ley&nbsp; cada jueves llevar a cabo una sesi\u00f3n en el periodo de sesiones , agradecer en este punto, la celeridad con que se trat\u00f3&nbsp;&nbsp; este proyecto que fue presentado justamente por interbloque&nbsp; con el concejal Francisco&nbsp; Parada , en el cual solicitamos l\u00f3gicamente esto que mencionaba la edil que me precedi\u00f3 en el uso de la palabra&nbsp; la concejal Daiana Varas, el tema del cumplimiento de ordenanzas que l\u00f3gicamente no solo esta pieza legal sino como tantas otras que se han emanado de este Concejo Deliberante y que al d\u00eda de la fecha&nbsp; por ah\u00ed tenemos varias que no se concreta su cumplimiento b\u00e1sicamente,&nbsp; m\u00e1s de cinco meses que se inici\u00f3 el per\u00edodo de sesiones ordinarias&nbsp; y es justamente cinco meses desde el cual en este \u00f3rgano de administraci\u00f3n de parques industriales, deber\u00eda ya haber comenzado a funcionar, como lo dice justamente lo establece su reglamentaci\u00f3n , el \u00f3rgano de administraci\u00f3n, donde lo coment\u00e9 cuando fundament\u00e9 la presentaci\u00f3n de este proyecto que tiene que estar constituido por &nbsp;integrantes de esta instituci\u00f3n y tambi\u00e9n por integrantes del Ejecutivo. Sin dudas en el a\u00f1o 2021 &nbsp;y parte del a\u00f1o 2022 funcion\u00f3 como corresponde, particip\u00e1bamos , al d\u00eda de la fecha a\u00fan no se concreta, no se constituye este \u00f3rgano&nbsp; por lo tanto no sabemos cu\u00e1les son los&nbsp; avances si es que los hay&nbsp; con respecto a este parque industrial&nbsp; que lo tenemos ac\u00e1 muy cerca, de la zona urbana , lo tenemos ubicado en calle Ruta 40 , perd\u00f3n en la Ruta 40 y Calle Luis Grassi , no sabemos si hay inversionistas, si hay empresas interesadas, si hay difusi\u00f3n hacia afuera, de que Malarg\u00fce ya tiene una zona , un predio para que se vengan a establecer de diferentes&nbsp; industrias, diferentes empresas&nbsp; a nuestro del Departamento , toda esa informaci\u00f3n l\u00f3gicamente el Concejo la desconoce y es por ello que desde el Concejo solicitamos y agradezco, lo reitero nuevamente&nbsp;&nbsp; el tema de haber tratado esta resoluci\u00f3n&nbsp; con esta celeridad&nbsp; para poder llevar a cabo&nbsp; y acatar&nbsp; l\u00f3gicamente el cumplimiento de una ordenanza que es fundamental para el desarrollo econ\u00f3mico de nuestra Comunidad&nbsp; , as\u00ed como&nbsp; nos dicen por ah\u00ed, nos solicitan de que nos encarguemos de traer fondos&nbsp; al Departamento , bueno y justamente una de las herramientas es este parque&nbsp; . la industria sabemos que es como todos podemos tener diferentes emprendimientos&nbsp; que significan mano de obra , significa dinero, significa arraigo, significa justamente&nbsp;&nbsp; el crecimiento de una comunidad que lamentablemente econ\u00f3micamente&nbsp; la est\u00e1 pasando mal , tuvimos hace cuanto, veinte d\u00edas atr\u00e1s , una situaci\u00f3n bastante deplorable en el Concejo Deliberante , por la manera en la que se manej\u00f3, la situaci\u00f3n, este tema de haber tenido&nbsp; a la gente de los planes sociales&nbsp; y contratos de locaci\u00f3n presentes en el Concejo Deliberante&nbsp; manifest\u00e1ndose contra&nbsp; el Concejo por no haber aprobado un presupuesto , y pr\u00e1cticamente diez d\u00edas despu\u00e9s o quince d\u00edas despu\u00e9s a\u00fan esas gente que se vino a manifestar&nbsp; no cobraba ni sus contratos de locaci\u00f3n ni sus planes sociales , entonces ah\u00ed volvemos a lo mismo, es el Concejo Deliberante el que se equivoca? Somos nosotros los diez concejales&nbsp; los que cometemos los errores o donde est\u00e1 planteado ese inconveniente. Bueno apelando a la buena voluntad ,&nbsp; a la generaci\u00f3n de mano de obra, insistimos con este proyecto que yo lo fundament\u00e9&nbsp; en el momento de la presentaci\u00f3n&nbsp; la ordenanza 2018 , la ordenanza 2019&nbsp; y estamos al a\u00f1o 2023&nbsp; y a\u00fan este parque industrial plasmado&nbsp; en proyectos, en bosquejos&nbsp; y todo lo que podamos buscar e indagar est\u00e1, pero la constituci\u00f3n de este \u00f3rgano , seguimos esperando y por eso para no seguir esperando es que solicitamos que se d\u00e9 cumplimiento para que podamos formar parte de esta comisi\u00f3n directiva o de administraci\u00f3n como quieran llamarle, y que lo estipula la ordenanza una ordenanza completa trabajada y elaborada y consensuada dentro de este Concejo&nbsp; con concejales que formaron parte de esta instituci\u00f3n y que hoy est\u00e1n formando parte de una instituci\u00f3n tan importante como esta. Entonces no la desconoce por eso solicitamos que se d\u00e9 cumplimiento a esta imperiosa y urgente ordenanza y de ah\u00ed en m\u00e1s poder trabajar en conjunto , s\u00ed como siempre decimos de manera conjunta ambas instituciones para poder concretar. Agradezco a los concejales de la comisi\u00f3n de Hacienda, que llevaron a cabo esta evaluaci\u00f3n. &nbsp;&nbsp;\/Se pone a consideraci\u00f3n el despacho de la comisi\u00f3n de&nbsp; Hacienda y es aprobada. \/\/ &nbsp;\/ 5.Expte. N\u00b05.210-HC 050-2.022 Proyecto de Ordenanza: Modificar el Art. N\u00b046 de la Ordenanza Tarifaria N\u00b02.186\/2.022 Ref. a Tasas por servicio a la Propiedad Ra\u00edz. (H.P.L.A.C.) La comisi\u00f3n sugiere dar aprobaci\u00f3n a un proyecto de Ordenanza mediante&nbsp;&nbsp; la cual se dispone: (Anexo I) de la presente. El concejal PALMA&nbsp;&nbsp; manifiesta que no es necesario la lectura&nbsp; del despacho es un&nbsp; despacho t\u00e9cnico&nbsp; que realizamos junto a gente del municipio los concejales que estaban en a comisi\u00f3n , as\u00ed que estamos todos en conocimiento , as\u00ed que no es necesario su lectura completa. &nbsp;\/ Se pone a consideraci\u00f3n&nbsp; y es aprobado el despacho.&nbsp; \/ Cuando es la hora 9:47 la concejal ROJO solicita un cuarto intermedio que es aprobado\/ A las 9:49 se reanuda la Sesi\u00f3n en uso de la palabra el concejal PALMA expresa qu8e va a solicitar la reconsideraci\u00f3n de la votaci\u00f3n del punto anterior punto 5 Expte 5210. \/ Se pone a consideraci\u00f3n la reconsideraci\u00f3n solicitada y es aprobada. \/ Luego el concejal PALMA expresa que antes de proceder a la votaci\u00f3n mociona que va a solicitar la modificaci\u00f3n a viva voz, donde se incluya un art\u00edculo donde diga \u201cAc\u00e9ptese el veto parcial de la ordenanza. y el art\u00edculo primero pasar\u00eda a ser Segundo. \/Se pone a consideraci\u00f3n la moci\u00f3n del concejal Palma y es aprobada. &nbsp;\/ Se pone nuevamente a consideraci\u00f3n el despacho con la modificaci\u00f3n agregada y es aprobado. . \/ 6. Expte.N\u00b05.244-HC 052-2.023 Proyecto de Resoluci\u00f3n: Solicitar al Departamento Ejecutivo el cumplimiento de la Resoluci\u00f3n N\u00b0349\/2.020 Instalar se\u00f1al\u00e9tica vial identificando Zona Trashumante y\/o Zona de Trashumancia. (H.P.L.A.C.) La comisi\u00f3n sugiere dar aprobaci\u00f3n al proyecto presentado sin modificaciones \/\/ Puesto a consideraci\u00f3n es aprobado\/\/ . Solicita la palabra la concejal ROJO y manifiesta, en este proyecto quiero agradecer justamente a quien me acompa\u00f1\u00f3&nbsp; a presentarlo&nbsp; en esta oportunidad y cuando lo hicimos en su momento y que es justamente el concejal Francisco&nbsp; Parada, al cual tambi\u00e9n, deseo solidarizarme con respecto a los v comentarios que se llevaron a cabo de \u00e9l, la semana pasada en un video que fue totalmente&nbsp; p\u00fablico, porque considero que&nbsp; Francisco , en este caso nuestro compa\u00f1ero de trabajo , cuando \u00e9l asume como jefe,&nbsp; coordinador de la oficina de patrimonio, una persona que tiene el conocimiento , un vasto conocimiento en este tema, profesor de historia de excelencia,&nbsp; una buena persona, un buen padre de familia, yo creo que es una persona ejemplar&nbsp; dentro de nuestra sociedad, queridos por muchos, no solamente en el \u00e1mbito&nbsp; en que \u00e9l se maneja , sino en otros \u00e1mbitos de nuestra sociedad, y a la cual cuando yo ingreso a este Concejo , varios de los proyectos que presentamos con respecto a la historia y al patrimonio, solicito presentarlos \u00e9l l\u00f3gicamente con la informaci\u00f3n y el conocimiento que siempre nos sorprende cuando \u00e9l lleva a cabo alguno de sus argumentos&nbsp; en el per\u00edodo de homenajes y dem\u00e1s y justamente fue \u00e9l el que puntualiz\u00f3 llevar a cabo en ese tiempo en&nbsp; el a\u00f1o 2020 la presentaci\u00f3n de la carteler\u00eda de trashumancia y a la cual a\u00fan no est\u00e1 del todo completa&nbsp; este tipo de pedidos,&nbsp; solicitamos e insistimos,&nbsp; pero m\u00e1s all\u00e1 del contenido&nbsp; el esp\u00edritu de este proyecto,&nbsp; quiero destacar que es justamente una de las personas en las cual y nosotros lo vemos plasmado en cada uno de los proyectos que presenta , siempre trata y enaltece, y enriquece en nuestras sesiones y en sus proyectos presentados el tema de jerarquizar siempre la actividad y a la zona rural , a los pobladores rurales, a la comunidad , porque \u00e9l conoce l\u00f3gicamente&nbsp; nacido y criado en el paraje de Bardas Blancas , ha puesto en conocimiento varias falencias&nbsp; que posee ese paraje&nbsp; y de las cuales \u00e9l se mantiene en su postura de seguir enalteci\u00e9ndolo a ese lugar como a cualquier otro lugar de la zona rural, y puntualmente sobre esto quiero&nbsp; hablar y agradecerle por la informaci\u00f3n que me brind\u00f3&nbsp; y fundamentalmente como lo dije en un principio solidarizarme ante los comentarios que se vertieron de \u00e9l, de lo cual no estoy de acuerdo l\u00f3gicamente , porque s\u00e9 que su trabajo lo hizo y lo hace de manera totalmente responsable&nbsp; y honesta, as\u00ed que bueno desde ya agradecer nuevamente el acompa\u00f1amiento a Francisco&nbsp; parada en este proyecto\u201d \/&nbsp; &nbsp;\/ 7. Expte.N\u00b05.306-HC 056-2.023 Proyecto de Resoluci\u00f3n: Solicitar al DEM informe tareas de mantenimiento cancha de Hockey Municipal personal responsable del mantenimiento y Convenio con la Asociaci\u00f3n Malarg\u00fcina de Hockey Amateur (O.P.T Y R.N) La comisi\u00f3n sugiere dar aprobaci\u00f3n al proyecto presentado sin modificaciones\/ Puesto a consideraci\u00f3n es aprobado. \/ En uso de la palabra la concejal CAMIOLO manifiesta, estamos trabajando de manera mancomunada&nbsp; para poder dentro de poco tiempo dar un buen impacto a todo lo que es el deporte del hockey , estamos tambi\u00e9n trabajando en la imposici\u00f3n del nombre&nbsp; a la cancha para lo cual agradezco obviamente el trabajo que se viene realizando , un trabajo con la sociedad civil , con la sociedad organizada, han asistido a este Concejo Deliberante jugadoras, distintos clubes, incluso representantes de la Asociaci\u00f3n Malarg\u00fcina de Hockey&nbsp; y en este punto queremos que la cancha est\u00e9 acondicionada pero que tambi\u00e9n el municipio otorgue los fondos oportunos para que esto as\u00ed sea, no tenemos claro y no sab\u00edamos que exist\u00eda un convenio con la Asociaci\u00f3n Malarg\u00fcina de Hockey amateurs , no sabemos porque no lleg\u00f3 a este Concejo Deliberante cu\u00e1l es el motivo de hacer el convenio, y de otorgar las responsabilidades , tampoco sabemos hasta qu\u00e9 punto est\u00e1 las responsabilidades en la asociaci\u00f3n y es una cancha que cost\u00f3 much\u00edsimo Sr Presidente costo much\u00edsimo desde lo econ\u00f3mico pero principalmente para los que hemos pasado por ese deporte sabemos que costaba incorporarlo en la sociedad malarg\u00fcina&nbsp; y pensar que era una necesidad , es la construcci\u00f3n de este espacio, entonces tenerlo, haberlo logrado, ustedes recordaran que en su inauguraci\u00f3n incluso vinieron figuras del deporte a nivel nacional, es una de las mejores en todo el sur de la provincia, entonces tenemos que cuidarla, hoy en d\u00eda cuando vamos a los torneos locales&nbsp; por ejemplo no hay ni siquiera tachos para depositar residuos, lo cual obviamente genera que se ensucie, las canchas no pueden estar sucias , hay colillas de cigarrillos obviamente ,&nbsp; no digo que la gente est\u00e9 fumando ah\u00ed sino que a veces por la misma erosi\u00f3n , los vientos, entonces no tiene el mantenimiento adecuado, lo cual tambi\u00e9n pone en peligro a las jugadoras a los jugadores en el riesgo de lesiones principalmente . si esta cancha no tiene el cuidado oportuno se rompe, se destruye y hay un convenio incluso con el instalador , pensemos que son nueve a\u00f1os ya que tiene esta cancha , hay un convenio con el instalador que tampoco lo tenemos en este Concejo , tampoco sabemos si se est\u00e1 cumpliendo y es la que le va a otorgar la vida \u00fatil&nbsp; y va a permitir que muchas m\u00e1s personas puedan&nbsp; practicar el deporte , as\u00ed que entendemos&nbsp; va a ser muy lindo tener un nombre en la cancha sino tambi\u00e9n&nbsp; que tenga el mantenimiento adecuado para que muchas m\u00e1s personas puedan&nbsp; realizar&nbsp; este deporte. Nuevamente agradecer el apoyo , el acompa\u00f1amiento y el entendimiento de saber que todos los espacios deportivos merecen el adecuado tratamiento y merecen&nbsp; obviamente ser&nbsp; considerados&nbsp; por el Departamento Ejecutivo \/\/ \/ 8. Expte-N\u00b05.307-HC 056-2.023 Proyecto de Resoluci\u00f3n: Incorporar al recorrido de frecuencias diarias del transporte p\u00fablico al Barrio Carbometal. ( O.P.T Y .R,N) &nbsp;La comisi\u00f3n sugiere dar aprobaci\u00f3n al proyecto presentado sin modificaciones. \/ Puesto aconsideraci\u00f3n, es aprobado. \/ i) Asuntos Varios. No hay temas para tratar en este punto. &nbsp;-\/ j) Acto de arriar el Pabell\u00f3n Nacional a cargo del concejal que lo iz\u00f3, para lo cual se invita al concejal Gabriel Rosas. \/\/ Cuando es la hora 10:00 se da por terminada la sesi\u00f3n. \/\/ Previa lectura y consideraci\u00f3n de lo que antecede, firma las presentes actuaciones, el Se\u00f1or Presidente y la Se\u00f1ora Secretaria del Honorable Concejo Deliberante de la Municipalidad de Malarg\u00fce. \/\/ . &#8211;<\/p>\n\n\n","protected":false},"excerpt":{"rendered":"<p>En Malarg\u00fce Mendoza a Veinte d\u00edas de Julio de 2023, cuando es la hora 9:08 se re\u00fane el&nbsp; Honorable Concejo Deliberante&nbsp; de la Municipalidad de Malarg\u00fce&nbsp; para celebrar su Sesi\u00f3n Ordinaria . Bajo la Presidencia de su&nbsp; titular&nbsp; concejal Andr\u00e9s RISI&nbsp; y la presencia&nbsp; de los Se\u00f1ores concejales Palma, Rosas, Varas, Rojo, y Camiolo.\/ Para [&hellip;]<\/p>\n","protected":false},"author":5,"featured_media":33337,"comment_status":"closed","ping_status":"closed","sticky":false,"template":"","format":"standard","meta":{"footnotes":""},"categories":[60,52,58,33,36],"tags":[],"class_list":["post-34590","post","type-post","status-publish","format-standard","has-post-thumbnail","hentry","category-acta-de-sesiones","category-gacetillas","category-ordinarias","category-prensa","category-sesiones"],"yoast_head":"<!-- This site is optimized with the Yoast SEO plugin v19.10 - https:\/\/yoast.com\/wordpress\/plugins\/seo\/ -->\n<title>ACTA 17\u00b0 SESI\u00d3N ORDINARIA N\u00b0 1134-\u201cO\u201d-20\/07\/2023.- Malarg\u00fce HCD<\/title>\n<meta name=\"robots\" content=\"index, follow, max-snippet:-1, max-image-preview:large, max-video-preview:-1\" \/>\n<link rel=\"canonical\" href=\"https:\/\/hcd.malargue.gov.ar\/?p=34590\" \/>\n<meta property=\"og:locale\" content=\"es_ES\" \/>\n<meta property=\"og:type\" content=\"article\" \/>\n<meta property=\"og:title\" content=\"ACTA 17\u00b0 SESI\u00d3N ORDINARIA N\u00b0 1134-\u201cO\u201d-20\/07\/2023.- Malarg\u00fce HCD\" \/>\n<meta property=\"og:description\" content=\"En Malarg\u00fce Mendoza a Veinte d\u00edas de Julio de 2023, cuando es la hora 9:08 se re\u00fane el&nbsp; Honorable Concejo Deliberante&nbsp; de la Municipalidad de Malarg\u00fce&nbsp; para celebrar su Sesi\u00f3n Ordinaria . Bajo la Presidencia de su&nbsp; titular&nbsp; concejal Andr\u00e9s RISI&nbsp; y la presencia&nbsp; de los Se\u00f1ores concejales Palma, Rosas, Varas, Rojo, y Camiolo.\/ Para [&hellip;]\" \/>\n<meta property=\"og:url\" content=\"https:\/\/hcd.malargue.gov.ar\/?p=34590\" \/>\n<meta property=\"og:site_name\" content=\"Malarg\u00fce HCD\" \/>\n<meta property=\"article:published_time\" content=\"2023-08-03T14:24:19+00:00\" \/>\n<meta property=\"article:modified_time\" content=\"2023-08-03T14:24:22+00:00\" \/>\n<meta property=\"og:image\" content=\"https:\/\/hcd.malargue.gov.ar\/wp-content\/uploads\/2023\/03\/actas-sesiones.jpg\" \/>\n\t<meta property=\"og:image:width\" content=\"1640\" \/>\n\t<meta property=\"og:image:height\" content=\"924\" \/>\n\t<meta property=\"og:image:type\" content=\"image\/jpeg\" \/>\n<meta name=\"author\" content=\"Belen Pedernera Ferragut\" \/>\n<meta name=\"twitter:card\" content=\"summary_large_image\" \/>\n<meta name=\"twitter:label1\" content=\"Escrito por\" \/>\n\t<meta name=\"twitter:data1\" content=\"Belen Pedernera Ferragut\" \/>\n\t<meta name=\"twitter:label2\" content=\"Tiempo de lectura\" \/>\n\t<meta name=\"twitter:data2\" content=\"30 minutos\" \/>\n<script type=\"application\/ld+json\" class=\"yoast-schema-graph\">{\"@context\":\"https:\/\/schema.org\",\"@graph\":[{\"@type\":\"WebPage\",\"@id\":\"https:\/\/hcd.malargue.gov.ar\/?p=34590\",\"url\":\"https:\/\/hcd.malargue.gov.ar\/?p=34590\",\"name\":\"ACTA 17\u00b0 SESI\u00d3N ORDINARIA N\u00b0 1134-\u201cO\u201d-20\/07\/2023.- Malarg\u00fce HCD\",\"isPartOf\":{\"@id\":\"https:\/\/hcd.malargue.gov.ar\/#website\"},\"datePublished\":\"2023-08-03T14:24:19+00:00\",\"dateModified\":\"2023-08-03T14:24:22+00:00\",\"author\":{\"@id\":\"https:\/\/hcd.malargue.gov.ar\/#\/schema\/person\/3fd6bbab64edd703961b795156c955d0\"},\"breadcrumb\":{\"@id\":\"https:\/\/hcd.malargue.gov.ar\/?p=34590#breadcrumb\"},\"inLanguage\":\"es-AR\",\"potentialAction\":[{\"@type\":\"ReadAction\",\"target\":[\"https:\/\/hcd.malargue.gov.ar\/?p=34590\"]}]},{\"@type\":\"BreadcrumbList\",\"@id\":\"https:\/\/hcd.malargue.gov.ar\/?p=34590#breadcrumb\",\"itemListElement\":[{\"@type\":\"ListItem\",\"position\":1,\"name\":\"Inicio\",\"item\":\"https:\/\/hcd.malargue.gov.ar\/\"},{\"@type\":\"ListItem\",\"position\":2,\"name\":\"ACTA 17\u00b0 SESI\u00d3N ORDINARIA N\u00b0 1134-\u201cO\u201d-20\/07\/2023.-\"}]},{\"@type\":\"WebSite\",\"@id\":\"https:\/\/hcd.malargue.gov.ar\/#website\",\"url\":\"https:\/\/hcd.malargue.gov.ar\/\",\"name\":\"Malarg\u00fce HCD\",\"description\":\"Malarg\u00fce Mendoza Argentina\",\"potentialAction\":[{\"@type\":\"SearchAction\",\"target\":{\"@type\":\"EntryPoint\",\"urlTemplate\":\"https:\/\/hcd.malargue.gov.ar\/?s={search_term_string}\"},\"query-input\":\"required name=search_term_string\"}],\"inLanguage\":\"es-AR\"},{\"@type\":\"Person\",\"@id\":\"https:\/\/hcd.malargue.gov.ar\/#\/schema\/person\/3fd6bbab64edd703961b795156c955d0\",\"name\":\"Belen Pedernera Ferragut\",\"image\":{\"@type\":\"ImageObject\",\"inLanguage\":\"es-AR\",\"@id\":\"https:\/\/hcd.malargue.gov.ar\/#\/schema\/person\/image\/\",\"url\":\"https:\/\/secure.gravatar.com\/avatar\/1054ffab3893de4bb3eb29bdd22f7e34b8537bf5d34d9dab311818154ad5b71f?s=96&d=mm&r=g\",\"contentUrl\":\"https:\/\/secure.gravatar.com\/avatar\/1054ffab3893de4bb3eb29bdd22f7e34b8537bf5d34d9dab311818154ad5b71f?s=96&d=mm&r=g\",\"caption\":\"Belen Pedernera Ferragut\"},\"url\":\"https:\/\/hcd.malargue.gov.ar\/?author=5\"}]}<\/script>\n<!-- \/ Yoast SEO plugin. -->","yoast_head_json":{"title":"ACTA 17\u00b0 SESI\u00d3N ORDINARIA N\u00b0 1134-\u201cO\u201d-20\/07\/2023.- Malarg\u00fce HCD","robots":{"index":"index","follow":"follow","max-snippet":"max-snippet:-1","max-image-preview":"max-image-preview:large","max-video-preview":"max-video-preview:-1"},"canonical":"https:\/\/hcd.malargue.gov.ar\/?p=34590","og_locale":"es_ES","og_type":"article","og_title":"ACTA 17\u00b0 SESI\u00d3N ORDINARIA N\u00b0 1134-\u201cO\u201d-20\/07\/2023.- Malarg\u00fce HCD","og_description":"En Malarg\u00fce Mendoza a Veinte d\u00edas de Julio de 2023, cuando es la hora 9:08 se re\u00fane el&nbsp; Honorable Concejo Deliberante&nbsp; de la Municipalidad de Malarg\u00fce&nbsp; para celebrar su Sesi\u00f3n Ordinaria . Bajo la Presidencia de su&nbsp; titular&nbsp; concejal Andr\u00e9s RISI&nbsp; y la presencia&nbsp; de los Se\u00f1ores concejales Palma, Rosas, Varas, Rojo, y Camiolo.\/ Para [&hellip;]","og_url":"https:\/\/hcd.malargue.gov.ar\/?p=34590","og_site_name":"Malarg\u00fce HCD","article_published_time":"2023-08-03T14:24:19+00:00","article_modified_time":"2023-08-03T14:24:22+00:00","og_image":[{"width":1640,"height":924,"url":"https:\/\/hcd.malargue.gov.ar\/wp-content\/uploads\/2023\/03\/actas-sesiones.jpg","type":"image\/jpeg"}],"author":"Belen Pedernera Ferragut","twitter_card":"summary_large_image","twitter_misc":{"Escrito por":"Belen Pedernera Ferragut","Tiempo de lectura":"30 minutos"},"schema":{"@context":"https:\/\/schema.org","@graph":[{"@type":"WebPage","@id":"https:\/\/hcd.malargue.gov.ar\/?p=34590","url":"https:\/\/hcd.malargue.gov.ar\/?p=34590","name":"ACTA 17\u00b0 SESI\u00d3N ORDINARIA N\u00b0 1134-\u201cO\u201d-20\/07\/2023.- Malarg\u00fce HCD","isPartOf":{"@id":"https:\/\/hcd.malargue.gov.ar\/#website"},"datePublished":"2023-08-03T14:24:19+00:00","dateModified":"2023-08-03T14:24:22+00:00","author":{"@id":"https:\/\/hcd.malargue.gov.ar\/#\/schema\/person\/3fd6bbab64edd703961b795156c955d0"},"breadcrumb":{"@id":"https:\/\/hcd.malargue.gov.ar\/?p=34590#breadcrumb"},"inLanguage":"es-AR","potentialAction":[{"@type":"ReadAction","target":["https:\/\/hcd.malargue.gov.ar\/?p=34590"]}]},{"@type":"BreadcrumbList","@id":"https:\/\/hcd.malargue.gov.ar\/?p=34590#breadcrumb","itemListElement":[{"@type":"ListItem","position":1,"name":"Inicio","item":"https:\/\/hcd.malargue.gov.ar\/"},{"@type":"ListItem","position":2,"name":"ACTA 17\u00b0 SESI\u00d3N ORDINARIA N\u00b0 1134-\u201cO\u201d-20\/07\/2023.-"}]},{"@type":"WebSite","@id":"https:\/\/hcd.malargue.gov.ar\/#website","url":"https:\/\/hcd.malargue.gov.ar\/","name":"Malarg\u00fce HCD","description":"Malarg\u00fce Mendoza Argentina","potentialAction":[{"@type":"SearchAction","target":{"@type":"EntryPoint","urlTemplate":"https:\/\/hcd.malargue.gov.ar\/?s={search_term_string}"},"query-input":"required name=search_term_string"}],"inLanguage":"es-AR"},{"@type":"Person","@id":"https:\/\/hcd.malargue.gov.ar\/#\/schema\/person\/3fd6bbab64edd703961b795156c955d0","name":"Belen Pedernera Ferragut","image":{"@type":"ImageObject","inLanguage":"es-AR","@id":"https:\/\/hcd.malargue.gov.ar\/#\/schema\/person\/image\/","url":"https:\/\/secure.gravatar.com\/avatar\/1054ffab3893de4bb3eb29bdd22f7e34b8537bf5d34d9dab311818154ad5b71f?s=96&d=mm&r=g","contentUrl":"https:\/\/secure.gravatar.com\/avatar\/1054ffab3893de4bb3eb29bdd22f7e34b8537bf5d34d9dab311818154ad5b71f?s=96&d=mm&r=g","caption":"Belen Pedernera Ferragut"},"url":"https:\/\/hcd.malargue.gov.ar\/?author=5"}]}},"_links":{"self":[{"href":"https:\/\/hcd.malargue.gov.ar\/index.php?rest_route=\/wp\/v2\/posts\/34590","targetHints":{"allow":["GET"]}}],"collection":[{"href":"https:\/\/hcd.malargue.gov.ar\/index.php?rest_route=\/wp\/v2\/posts"}],"about":[{"href":"https:\/\/hcd.malargue.gov.ar\/index.php?rest_route=\/wp\/v2\/types\/post"}],"author":[{"embeddable":true,"href":"https:\/\/hcd.malargue.gov.ar\/index.php?rest_route=\/wp\/v2\/users\/5"}],"replies":[{"embeddable":true,"href":"https:\/\/hcd.malargue.gov.ar\/index.php?rest_route=%2Fwp%2Fv2%2Fcomments&post=34590"}],"version-history":[{"count":2,"href":"https:\/\/hcd.malargue.gov.ar\/index.php?rest_route=\/wp\/v2\/posts\/34590\/revisions"}],"predecessor-version":[{"id":34607,"href":"https:\/\/hcd.malargue.gov.ar\/index.php?rest_route=\/wp\/v2\/posts\/34590\/revisions\/34607"}],"wp:featuredmedia":[{"embeddable":true,"href":"https:\/\/hcd.malargue.gov.ar\/index.php?rest_route=\/wp\/v2\/media\/33337"}],"wp:attachment":[{"href":"https:\/\/hcd.malargue.gov.ar\/index.php?rest_route=%2Fwp%2Fv2%2Fmedia&parent=34590"}],"wp:term":[{"taxonomy":"category","embeddable":true,"href":"https:\/\/hcd.malargue.gov.ar\/index.php?rest_route=%2Fwp%2Fv2%2Fcategories&post=34590"},{"taxonomy":"post_tag","embeddable":true,"href":"https:\/\/hcd.malargue.gov.ar\/index.php?rest_route=%2Fwp%2Fv2%2Ftags&post=34590"}],"curies":[{"name":"wp","href":"https:\/\/api.w.org\/{rel}","templated":true}]}}