{"id":34619,"date":"2023-08-10T08:44:51","date_gmt":"2023-08-10T11:44:51","guid":{"rendered":"https:\/\/hcd.malargue.gov.ar\/?p=34619"},"modified":"2023-08-10T08:48:11","modified_gmt":"2023-08-10T11:48:11","slug":"orden-del-dia-sesion-ordinaria-22","status":"publish","type":"post","link":"https:\/\/hcd.malargue.gov.ar\/?p=34619","title":{"rendered":"ORDEN DEL D\u00cdA 19\u00b0 SESI\u00d3N ORDINARIA"},"content":{"rendered":"<div class=\"wp-block-image\">\n<figure class=\"alignright size-full is-resized\"><a href=\"http:\/\/hcd.malargue.gov.ar\/hcdpdf\/19%20ORDEN%2010%20de%20Agosto%20de%202023.pdf\"><img loading=\"lazy\" decoding=\"async\" src=\"https:\/\/hcd.malargue.gov.ar\/wp-content\/uploads\/2018\/06\/PDF-JPG.jpg\" alt=\"\" class=\"wp-image-7950\" style=\"width:123px;height:123px\" width=\"123\" height=\"123\" srcset=\"https:\/\/hcd.malargue.gov.ar\/wp-content\/uploads\/2018\/06\/PDF-JPG.jpg 512w, https:\/\/hcd.malargue.gov.ar\/wp-content\/uploads\/2018\/06\/PDF-JPG-150x150.jpg 150w, https:\/\/hcd.malargue.gov.ar\/wp-content\/uploads\/2018\/06\/PDF-JPG-300x300.jpg 300w\" sizes=\"auto, (max-width: 123px) 100vw, 123px\" \/><\/a><\/figure>\n<\/div>\n\n\n<h5 class=\"wp-block-heading\">D\u00eda &nbsp;&nbsp;Jueves&nbsp;&nbsp; 10 de Agosto de 2.023<\/h5>\n\n\n\n<h5 class=\"wp-block-heading\">Hora: 09:00<\/h5>\n\n\n\n<p><strong><em>a) Acto de Izar la Ense\u00f1a Patria&nbsp;&nbsp; a cargo de la Sra. &nbsp;Concejal Ana Silvina Camiolo<\/em><\/strong><\/p>\n\n\n\n<p><strong><em>b) Homenaje de los Se\u00f1ores Concejales.<\/em><\/strong><\/p>\n\n\n\n<p><strong><em>c) Consideraci\u00f3n Acta Sesi\u00f3n Ordinaria N 1.135-\u201cO\u201d- 2.023<\/em><\/strong><\/p>\n\n\n\n<p><strong><em>d)Lectura del detalle de la correspondencia recibida y emitida.<\/em><\/strong><\/p>\n\n\n\n<p><strong><em>e) Consideraci\u00f3n de los temas que ser\u00e1n incluidos en el punto Asuntos Varios y<\/em><\/strong> <strong><em>puesta a consideraci\u00f3n de mociones de tratamientos sobre tablas de diversos<\/em><\/strong> <strong><em>&nbsp;&nbsp; expedientes.<\/em><\/strong><\/p>\n\n\n\n<p><strong><em>f)<\/em><\/strong><strong><em> Proyectos de los Se\u00f1ores Concejales: <\/em><\/strong><em>&nbsp;&nbsp;&nbsp;<\/em><\/p>\n\n\n\n<ol class=\"wp-block-list\" type=\"1\">\n<li>Expte.N\u00b05.317-HC 057-2.023 Proyecto de Resoluci\u00f3n: Declarar de Inter\u00e9s Social, Cultural, Deportivo e Internacional el \u201cX Torneo Nacional de Newcom\u201d a realizarse del 18 al 20 de Agosto en Malarg\u00fce. (BLOQUE FRENTE CAMBIA MENDOZA) Autora: Concejal Viviana Mosca.<\/li>\n\n\n\n<li>Expte.N\u00b05.318-HC 057-2.023 Proyecto de Declaraci\u00f3n: Declarar de Inter\u00e9s Departamental el evento deportivo \u201cRally Marathon Aniversario\u201d organizado por el Club Mountain Bike Malarg\u00fce. (BLOQUE FRENTE DE TODOS) Autores: Concejales Rodrigo Hidalgo y Andr\u00e9s Risi<\/li>\n\n\n\n<li>Expte.N\u00b05.319-HC 057-2.023 Proyecto de Resoluci\u00f3n: Solicitar al Departamento Ejecutivo Municipal informaci\u00f3n sobre los Decretos Municipales de Pautas Publicitarias y Contrataciones a\u00f1o 2.022 (INTERBLOQUE FRENTE DE TODOS, U.C.R-INDEPENDIENTE, ENCUENTRO, RECONSTRUYENDO MALARG\u00dcE- FRENTE CAMBIA MENDOZA Y CUIDEMOS MALARG\u00dcE) Autores: Concejales Rodrigo Hidalgo, Mart\u00edn Palma, Gabriel Rosas, Francisco Parada, Silvina Camiolo, Paola Rojo, Daiana Varas Castro y Silvia Correa. &nbsp;<\/li>\n\n\n\n<li>Expte.N\u00b05.320-HC 057-2.023 Proyecto de Resoluci\u00f3n: Solicitar al Ente Nacional de Comunicaciones (ENACOM) la realizaci\u00f3n de un Censo de las Radios FM y AM existentes en el Departamento (BLOQUE U.C.R- INDEPENDIENTE) Autor Concejal Gabriel Rosas.<\/li>\n\n\n\n<li>Expte.N\u00b05.321-HC 057-2.023 Proyecto de Ordenanza: Solicitar al Departamento Ejecutivo realice limpieza de cunetas y acequias en el Departamento (INTERBLOQUE ENCUENTRO- FRENTE DE TODOS) Autores: Concejales Francisco Parada y Rodrigo Hidalgo<\/li>\n\n\n\n<li>Expte.N\u00b05.322-HC 057-2.023 Proyecto de Ordenanza: Ampliar el sentido \u00fanico de circulaci\u00f3n de calle Fray Luis Beltr\u00e1n desde calle Francisco \u00c1lvarez hasta calle Poti Malal&nbsp; (BLOQUE RECONSTRUYENDO MALARG\u00dcE)&nbsp; Autora: Concejal Silvina Camiolo<\/li>\n<\/ol>\n\n\n\n<p><strong><em>g) Expedientes provenientes del Departamento Ejecutivo<\/em><\/strong><\/p>\n\n\n\n<p>No Ingresados-<\/p>\n\n\n\n<p><strong><em>h) Despachos de las Comisiones de Trabajo:<\/em><\/strong><\/p>\n\n\n\n<ol class=\"wp-block-list\" type=\"1\">\n<li>Expte.N\u00b05.311-HC 057-2.023 Proyecto de Resoluci\u00f3n: Modificaci\u00f3n de la Ley N\u00b09.202 seg\u00fan Regularizaci\u00f3n Dominial o la re adjudicaci\u00f3n a los actuales poseedores de Colonia Pehuenche I y Pehuenche II (H.P.L.A.C.)<\/li>\n\n\n\n<li>Expte.N\u00b05.297-HC 056-2.023 Proyecto de Ordenanza: Implementar el Programa Social de entrega de M\u00f3dulos Alimentarios aptos para personas con Diabetes. (E.H.M.A.S Y C Y H.P.L.A.C.)<\/li>\n\n\n\n<li>Expte.N\u00b05.273-HC 054-2.023 Proyecto de Ordenanza: Encomendar al D.E. la construcci\u00f3n y\/o instalaci\u00f3n de estaciones solares que provean agua caliente y tomacorrientes en los espacios p\u00fablicos de mayor concurrencia. (O.P.T Y R.N y H.P.L.A.C.)<\/li>\n\n\n\n<li>Nota HC-346-2.023 Comandante Principal Marcelo Daniel Soler, Jefe Escuadr\u00f3n 29 Malarg\u00fce solicita condonaci\u00f3n de deuda de los per\u00edodos 2019, 2020., 2021 y 2022 de los inmuebles de Gendarmer\u00eda Nacional. (H.P.L.A.C.)<\/li>\n\n\n\n<li>Nota HC 076-2.023 Sra. Mabel Lucero, expone situaci\u00f3n por cobro indebido de impuestos municipales a nombre de otro contribuyente por error de emisi\u00f3n del boleto por parte del \u00c1rea de Rentas. (H.P.L.A.C.)<\/li>\n\n\n\n<li>Expte.N\u00b05.316-HC 057-2.023 Proyecto de Declaraci\u00f3n: Declarar de Inter\u00e9s Departamental la Carrera \u201cRunning La Junta\u201d organizada por la Escuela Petroleros del Sur. (E.H.M.A.S Y C)<\/li>\n\n\n\n<li>Nota HC-320-2.023 Centro Tradicionalista Don Claudio, solicita intervenci\u00f3n a fin de concretar la realizaci\u00f3n de evento de doma clasificaci\u00f3n para Jes\u00fas Mar\u00eda. (E.H.M.A.S Y C)<\/li>\n<\/ol>\n\n\n\n<p><strong>i<\/strong><strong><em>) Asuntos Varios. &#8211;&nbsp;&nbsp;&nbsp;&nbsp;&nbsp;&nbsp;&nbsp;<\/em><\/strong><\/p>\n\n\n\n<p><strong><em>j) Acto de arriar el Pabell\u00f3n Nacional a cargo de la concejal que lo<\/em><\/strong><strong> iz\u00f3. &#8211; <\/strong><strong><em><\/em><\/strong><\/p>\n\n\n\n<p><strong>&nbsp;&nbsp;&nbsp;&nbsp;&nbsp;&nbsp;&nbsp;&nbsp;&nbsp;&nbsp;&nbsp;&nbsp;&nbsp;&nbsp;&nbsp;&nbsp;&nbsp;&nbsp;&nbsp;&nbsp;&nbsp;&nbsp;&nbsp;&nbsp;&nbsp;&nbsp;&nbsp;&nbsp;&nbsp;&nbsp;&nbsp;&nbsp;&nbsp;&nbsp;&nbsp;&nbsp;&nbsp;&nbsp;&nbsp;&nbsp;&nbsp;&nbsp;&nbsp;&nbsp;&nbsp;&nbsp;&nbsp;&nbsp;&nbsp;&nbsp;&nbsp;&nbsp;&nbsp;&nbsp;&nbsp;&nbsp;&nbsp;&nbsp;&nbsp;&nbsp;&nbsp;&nbsp;&nbsp;&nbsp;&nbsp;&nbsp;&nbsp;&nbsp;&nbsp;&nbsp;&nbsp;&nbsp;&nbsp;&nbsp;&nbsp;&nbsp;&nbsp;&nbsp;&nbsp;&nbsp;&nbsp;&nbsp;&nbsp;&nbsp;&nbsp;&nbsp;&nbsp;&nbsp;&nbsp; Presidencia H.C.D 08 &nbsp;de Agosto &nbsp;de 2.023.-<\/strong><\/p>\n\n\n\n<p><strong>CORRESPONDENCIA PARA LA SESI\u00d3N<\/strong><strong><\/strong><\/p>\n\n\n\n<p><strong>Del d\u00eda Jueves 10 de Agosto de 2.023<\/strong><\/p>\n\n\n\n<p><strong>NOTAS INGRESADAS<\/strong><\/p>\n\n\n\n<ol class=\"wp-block-list\" type=\"1\" start=\"1\">\n<li>Sr. Maximiliano Salvadores, eleva documentaci\u00f3n para la Comisi\u00f3n de EHMASyC como testigo ocular en la causa de robos acaecidos en calles Villa del Milagro y Ej\u00e9rcito de los Andes.<\/li>\n\n\n\n<li>Srta. Martina Rojas Secretaria Bloque Frente Cambia Mendoza, informa ausencia de la Concejal Viviana Mosca.<\/li>\n\n\n\n<li>Departamento Ejecutivo, eleva proyecto de Instalaci\u00f3n de estructura de soporte de antenas de telefon\u00eda m\u00f3vil para su consideraci\u00f3n.<\/li>\n\n\n\n<li>Sr. Walter Alfredo Aguirre, eleva presupuesto solicitado en reuni\u00f3n respecto a costo aproximado en terreno donde se planea la traza de calle en Barrio Virgen de los Vientos.<\/li>\n<\/ol>\n\n\n\n<p><strong>NOTAS EMITIDAS<\/strong><\/p>\n\n\n\n<ol class=\"wp-block-list\" type=\"1\" start=\"1\">\n<li>A la Sra. Secretaria de Gobierno, solicitando autorice la presencia de la Sra. Coordinadora de Discapacidad a reuni\u00f3n de la Comisi\u00f3n de Educaci\u00f3n, Higiene, Moralidad, Acci\u00f3n Social y Cultura.&nbsp;<\/li>\n<\/ol>\n","protected":false},"excerpt":{"rendered":"<p>D\u00eda &nbsp;&nbsp;Jueves&nbsp;&nbsp; 10 de Agosto de 2.023 Hora: 09:00 a) Acto de Izar la Ense\u00f1a Patria&nbsp;&nbsp; a cargo de la Sra. &nbsp;Concejal Ana Silvina Camiolo b) Homenaje de los Se\u00f1ores Concejales. c) Consideraci\u00f3n Acta Sesi\u00f3n Ordinaria N 1.135-\u201cO\u201d- 2.023 d)Lectura del detalle de la correspondencia recibida y emitida. e) Consideraci\u00f3n de los temas que ser\u00e1n [&hellip;]<\/p>\n","protected":false},"author":5,"featured_media":29033,"comment_status":"closed","ping_status":"closed","sticky":false,"template":"","format":"standard","meta":{"footnotes":""},"categories":[52,84,58,33,36],"tags":[],"class_list":["post-34619","post","type-post","status-publish","format-standard","has-post-thumbnail","hentry","category-gacetillas","category-orden-del-dia","category-ordinarias","category-prensa","category-sesiones"],"yoast_head":"<!-- This site is optimized with the Yoast SEO plugin v19.10 - https:\/\/yoast.com\/wordpress\/plugins\/seo\/ -->\n<title>ORDEN DEL D\u00cdA 19\u00b0 SESI\u00d3N ORDINARIA - Malarg\u00fce HCD<\/title>\n<meta name=\"robots\" content=\"index, follow, max-snippet:-1, max-image-preview:large, max-video-preview:-1\" \/>\n<link rel=\"canonical\" href=\"https:\/\/hcd.malargue.gov.ar\/?p=34619\" \/>\n<meta property=\"og:locale\" content=\"es_ES\" \/>\n<meta property=\"og:type\" content=\"article\" \/>\n<meta property=\"og:title\" content=\"ORDEN DEL D\u00cdA 19\u00b0 SESI\u00d3N ORDINARIA - Malarg\u00fce HCD\" \/>\n<meta property=\"og:description\" content=\"D\u00eda &nbsp;&nbsp;Jueves&nbsp;&nbsp; 10 de Agosto de 2.023 Hora: 09:00 a) Acto de Izar la Ense\u00f1a Patria&nbsp;&nbsp; a cargo de la Sra. &nbsp;Concejal Ana Silvina Camiolo b) Homenaje de los Se\u00f1ores Concejales. c) Consideraci\u00f3n Acta Sesi\u00f3n Ordinaria N 1.135-\u201cO\u201d- 2.023 d)Lectura del detalle de la correspondencia recibida y emitida. e) Consideraci\u00f3n de los temas que ser\u00e1n [&hellip;]\" \/>\n<meta property=\"og:url\" content=\"https:\/\/hcd.malargue.gov.ar\/?p=34619\" \/>\n<meta property=\"og:site_name\" content=\"Malarg\u00fce HCD\" \/>\n<meta property=\"article:published_time\" content=\"2023-08-10T11:44:51+00:00\" \/>\n<meta property=\"article:modified_time\" content=\"2023-08-10T11:48:11+00:00\" \/>\n<meta property=\"og:image\" content=\"https:\/\/hcd.malargue.gov.ar\/wp-content\/uploads\/2022\/06\/CAMIOLO-Bandera-scaled.jpg\" \/>\n\t<meta property=\"og:image:width\" content=\"2560\" \/>\n\t<meta property=\"og:image:height\" content=\"1800\" \/>\n\t<meta property=\"og:image:type\" content=\"image\/jpeg\" \/>\n<meta name=\"author\" content=\"Belen Pedernera Ferragut\" \/>\n<meta name=\"twitter:card\" content=\"summary_large_image\" \/>\n<meta name=\"twitter:label1\" content=\"Escrito por\" \/>\n\t<meta name=\"twitter:data1\" content=\"Belen Pedernera Ferragut\" \/>\n\t<meta name=\"twitter:label2\" content=\"Tiempo de lectura\" \/>\n\t<meta name=\"twitter:data2\" content=\"5 minutos\" \/>\n<script type=\"application\/ld+json\" class=\"yoast-schema-graph\">{\"@context\":\"https:\/\/schema.org\",\"@graph\":[{\"@type\":\"WebPage\",\"@id\":\"https:\/\/hcd.malargue.gov.ar\/?p=34619\",\"url\":\"https:\/\/hcd.malargue.gov.ar\/?p=34619\",\"name\":\"ORDEN DEL D\u00cdA 19\u00b0 SESI\u00d3N ORDINARIA - Malarg\u00fce HCD\",\"isPartOf\":{\"@id\":\"https:\/\/hcd.malargue.gov.ar\/#website\"},\"datePublished\":\"2023-08-10T11:44:51+00:00\",\"dateModified\":\"2023-08-10T11:48:11+00:00\",\"author\":{\"@id\":\"https:\/\/hcd.malargue.gov.ar\/#\/schema\/person\/3fd6bbab64edd703961b795156c955d0\"},\"breadcrumb\":{\"@id\":\"https:\/\/hcd.malargue.gov.ar\/?p=34619#breadcrumb\"},\"inLanguage\":\"es-AR\",\"potentialAction\":[{\"@type\":\"ReadAction\",\"target\":[\"https:\/\/hcd.malargue.gov.ar\/?p=34619\"]}]},{\"@type\":\"BreadcrumbList\",\"@id\":\"https:\/\/hcd.malargue.gov.ar\/?p=34619#breadcrumb\",\"itemListElement\":[{\"@type\":\"ListItem\",\"position\":1,\"name\":\"Inicio\",\"item\":\"https:\/\/hcd.malargue.gov.ar\/\"},{\"@type\":\"ListItem\",\"position\":2,\"name\":\"ORDEN DEL D\u00cdA 19\u00b0 SESI\u00d3N ORDINARIA\"}]},{\"@type\":\"WebSite\",\"@id\":\"https:\/\/hcd.malargue.gov.ar\/#website\",\"url\":\"https:\/\/hcd.malargue.gov.ar\/\",\"name\":\"Malarg\u00fce HCD\",\"description\":\"Malarg\u00fce Mendoza Argentina\",\"potentialAction\":[{\"@type\":\"SearchAction\",\"target\":{\"@type\":\"EntryPoint\",\"urlTemplate\":\"https:\/\/hcd.malargue.gov.ar\/?s={search_term_string}\"},\"query-input\":\"required name=search_term_string\"}],\"inLanguage\":\"es-AR\"},{\"@type\":\"Person\",\"@id\":\"https:\/\/hcd.malargue.gov.ar\/#\/schema\/person\/3fd6bbab64edd703961b795156c955d0\",\"name\":\"Belen Pedernera Ferragut\",\"image\":{\"@type\":\"ImageObject\",\"inLanguage\":\"es-AR\",\"@id\":\"https:\/\/hcd.malargue.gov.ar\/#\/schema\/person\/image\/\",\"url\":\"https:\/\/secure.gravatar.com\/avatar\/1054ffab3893de4bb3eb29bdd22f7e34b8537bf5d34d9dab311818154ad5b71f?s=96&d=mm&r=g\",\"contentUrl\":\"https:\/\/secure.gravatar.com\/avatar\/1054ffab3893de4bb3eb29bdd22f7e34b8537bf5d34d9dab311818154ad5b71f?s=96&d=mm&r=g\",\"caption\":\"Belen Pedernera Ferragut\"},\"url\":\"https:\/\/hcd.malargue.gov.ar\/?author=5\"}]}<\/script>\n<!-- \/ Yoast SEO plugin. -->","yoast_head_json":{"title":"ORDEN DEL D\u00cdA 19\u00b0 SESI\u00d3N ORDINARIA - Malarg\u00fce HCD","robots":{"index":"index","follow":"follow","max-snippet":"max-snippet:-1","max-image-preview":"max-image-preview:large","max-video-preview":"max-video-preview:-1"},"canonical":"https:\/\/hcd.malargue.gov.ar\/?p=34619","og_locale":"es_ES","og_type":"article","og_title":"ORDEN DEL D\u00cdA 19\u00b0 SESI\u00d3N ORDINARIA - Malarg\u00fce HCD","og_description":"D\u00eda &nbsp;&nbsp;Jueves&nbsp;&nbsp; 10 de Agosto de 2.023 Hora: 09:00 a) Acto de Izar la Ense\u00f1a Patria&nbsp;&nbsp; a cargo de la Sra. &nbsp;Concejal Ana Silvina Camiolo b) Homenaje de los Se\u00f1ores Concejales. c) Consideraci\u00f3n Acta Sesi\u00f3n Ordinaria N 1.135-\u201cO\u201d- 2.023 d)Lectura del detalle de la correspondencia recibida y emitida. e) Consideraci\u00f3n de los temas que ser\u00e1n [&hellip;]","og_url":"https:\/\/hcd.malargue.gov.ar\/?p=34619","og_site_name":"Malarg\u00fce HCD","article_published_time":"2023-08-10T11:44:51+00:00","article_modified_time":"2023-08-10T11:48:11+00:00","og_image":[{"width":2560,"height":1800,"url":"https:\/\/hcd.malargue.gov.ar\/wp-content\/uploads\/2022\/06\/CAMIOLO-Bandera-scaled.jpg","type":"image\/jpeg"}],"author":"Belen Pedernera Ferragut","twitter_card":"summary_large_image","twitter_misc":{"Escrito por":"Belen Pedernera Ferragut","Tiempo de lectura":"5 minutos"},"schema":{"@context":"https:\/\/schema.org","@graph":[{"@type":"WebPage","@id":"https:\/\/hcd.malargue.gov.ar\/?p=34619","url":"https:\/\/hcd.malargue.gov.ar\/?p=34619","name":"ORDEN DEL D\u00cdA 19\u00b0 SESI\u00d3N ORDINARIA - Malarg\u00fce HCD","isPartOf":{"@id":"https:\/\/hcd.malargue.gov.ar\/#website"},"datePublished":"2023-08-10T11:44:51+00:00","dateModified":"2023-08-10T11:48:11+00:00","author":{"@id":"https:\/\/hcd.malargue.gov.ar\/#\/schema\/person\/3fd6bbab64edd703961b795156c955d0"},"breadcrumb":{"@id":"https:\/\/hcd.malargue.gov.ar\/?p=34619#breadcrumb"},"inLanguage":"es-AR","potentialAction":[{"@type":"ReadAction","target":["https:\/\/hcd.malargue.gov.ar\/?p=34619"]}]},{"@type":"BreadcrumbList","@id":"https:\/\/hcd.malargue.gov.ar\/?p=34619#breadcrumb","itemListElement":[{"@type":"ListItem","position":1,"name":"Inicio","item":"https:\/\/hcd.malargue.gov.ar\/"},{"@type":"ListItem","position":2,"name":"ORDEN DEL D\u00cdA 19\u00b0 SESI\u00d3N ORDINARIA"}]},{"@type":"WebSite","@id":"https:\/\/hcd.malargue.gov.ar\/#website","url":"https:\/\/hcd.malargue.gov.ar\/","name":"Malarg\u00fce HCD","description":"Malarg\u00fce Mendoza Argentina","potentialAction":[{"@type":"SearchAction","target":{"@type":"EntryPoint","urlTemplate":"https:\/\/hcd.malargue.gov.ar\/?s={search_term_string}"},"query-input":"required name=search_term_string"}],"inLanguage":"es-AR"},{"@type":"Person","@id":"https:\/\/hcd.malargue.gov.ar\/#\/schema\/person\/3fd6bbab64edd703961b795156c955d0","name":"Belen Pedernera Ferragut","image":{"@type":"ImageObject","inLanguage":"es-AR","@id":"https:\/\/hcd.malargue.gov.ar\/#\/schema\/person\/image\/","url":"https:\/\/secure.gravatar.com\/avatar\/1054ffab3893de4bb3eb29bdd22f7e34b8537bf5d34d9dab311818154ad5b71f?s=96&d=mm&r=g","contentUrl":"https:\/\/secure.gravatar.com\/avatar\/1054ffab3893de4bb3eb29bdd22f7e34b8537bf5d34d9dab311818154ad5b71f?s=96&d=mm&r=g","caption":"Belen Pedernera Ferragut"},"url":"https:\/\/hcd.malargue.gov.ar\/?author=5"}]}},"_links":{"self":[{"href":"https:\/\/hcd.malargue.gov.ar\/index.php?rest_route=\/wp\/v2\/posts\/34619","targetHints":{"allow":["GET"]}}],"collection":[{"href":"https:\/\/hcd.malargue.gov.ar\/index.php?rest_route=\/wp\/v2\/posts"}],"about":[{"href":"https:\/\/hcd.malargue.gov.ar\/index.php?rest_route=\/wp\/v2\/types\/post"}],"author":[{"embeddable":true,"href":"https:\/\/hcd.malargue.gov.ar\/index.php?rest_route=\/wp\/v2\/users\/5"}],"replies":[{"embeddable":true,"href":"https:\/\/hcd.malargue.gov.ar\/index.php?rest_route=%2Fwp%2Fv2%2Fcomments&post=34619"}],"version-history":[{"count":3,"href":"https:\/\/hcd.malargue.gov.ar\/index.php?rest_route=\/wp\/v2\/posts\/34619\/revisions"}],"predecessor-version":[{"id":34623,"href":"https:\/\/hcd.malargue.gov.ar\/index.php?rest_route=\/wp\/v2\/posts\/34619\/revisions\/34623"}],"wp:featuredmedia":[{"embeddable":true,"href":"https:\/\/hcd.malargue.gov.ar\/index.php?rest_route=\/wp\/v2\/media\/29033"}],"wp:attachment":[{"href":"https:\/\/hcd.malargue.gov.ar\/index.php?rest_route=%2Fwp%2Fv2%2Fmedia&parent=34619"}],"wp:term":[{"taxonomy":"category","embeddable":true,"href":"https:\/\/hcd.malargue.gov.ar\/index.php?rest_route=%2Fwp%2Fv2%2Fcategories&post=34619"},{"taxonomy":"post_tag","embeddable":true,"href":"https:\/\/hcd.malargue.gov.ar\/index.php?rest_route=%2Fwp%2Fv2%2Ftags&post=34619"}],"curies":[{"name":"wp","href":"https:\/\/api.w.org\/{rel}","templated":true}]}}