{"id":34687,"date":"2023-08-15T12:57:18","date_gmt":"2023-08-15T15:57:18","guid":{"rendered":"https:\/\/hcd.malargue.gov.ar\/?p=34687"},"modified":"2023-08-15T12:59:40","modified_gmt":"2023-08-15T15:59:40","slug":"la-comision-de-educacion-recibio-a-representantes-de-salud-mental","status":"publish","type":"post","link":"https:\/\/hcd.malargue.gov.ar\/?p=34687","title":{"rendered":"LA COMISI\u00d3N DE EDUCACI\u00d3N RECIBI\u00d3 A REPRESENTANTES DE SALUD MENTAL"},"content":{"rendered":"<div class=\"wp-block-image\">\n<figure class=\"alignright size-large is-resized\"><img loading=\"lazy\" decoding=\"async\" src=\"https:\/\/hcd.malargue.gov.ar\/wp-content\/uploads\/2023\/08\/367716846_608835791422313_169806289834737554_n-1024x577.jpg\" alt=\"\" class=\"wp-image-34689\" style=\"width:391px;height:220px\" width=\"391\" height=\"220\" srcset=\"https:\/\/hcd.malargue.gov.ar\/wp-content\/uploads\/2023\/08\/367716846_608835791422313_169806289834737554_n-1024x577.jpg 1024w, https:\/\/hcd.malargue.gov.ar\/wp-content\/uploads\/2023\/08\/367716846_608835791422313_169806289834737554_n-300x169.jpg 300w, https:\/\/hcd.malargue.gov.ar\/wp-content\/uploads\/2023\/08\/367716846_608835791422313_169806289834737554_n-768x432.jpg 768w, https:\/\/hcd.malargue.gov.ar\/wp-content\/uploads\/2023\/08\/367716846_608835791422313_169806289834737554_n-1536x865.jpg 1536w, https:\/\/hcd.malargue.gov.ar\/wp-content\/uploads\/2023\/08\/367716846_608835791422313_169806289834737554_n.jpg 2048w\" sizes=\"auto, (max-width: 391px) 100vw, 391px\" \/><\/figure>\n<\/div>\n\n\n<p><em>Por la ma\u00f1ana del martes 15 de julio a las 11:30hrs, la Comisi\u00f3n de Educaci\u00f3n, Higiene, Moralidad, Acci\u00f3n Social y Cultura, con la presencia de los Ediles Paola Rojo, Silvia Correa, Silvina Camiolo, Rodrigo Hidalgo, Martin Palma y Francisco Parada<\/em> <em>recibieron al<\/em> <em>Lic. Gabriel Ciccone para dialogar sobre lineamientos estrat\u00e9gicos generales para la implementaci\u00f3n de pol\u00edticas p\u00fablicas de salud mental en la Provincia de Mendoza, y dar tratamiento a el Expte.N\u00b05.280-HC 055-2.023 Proyecto de Resoluci\u00f3n: Elaborar Programa de Prevenci\u00f3n y Concientizaci\u00f3n de las Adicciones.<\/em> <em>Adem\u00e1s estuvieron presentes  diversos actores sociales como la Coordinadora del \u00c1rea de la Familia Cristina Del Papa, la Lic. Victoria Gazal del Programa de Maltrato Infantil, la Subsecretaria de la Direcci\u00f3n Gral. de Escuelas Fabiana Glatigny, Lic. Ver\u00f3nica Gonzales del Centro de Adicciones, entre otros.-<\/em> <\/p>\n\n\n\n<p class=\"has-text-align-center\"><a href=\"https:\/\/www.facebook.com\/photo\/?fbid=608835044755721&amp;set=pcb.608835501422342\">GALERIA DE FOTOS<\/a><\/p>\n\n\n\n<p><\/p>\n","protected":false},"excerpt":{"rendered":"<p>Por la ma\u00f1ana del martes 15 de julio a las 11:30hrs, la Comisi\u00f3n de Educaci\u00f3n, Higiene, Moralidad, Acci\u00f3n Social y Cultura, con la presencia de los Ediles Paola Rojo, Silvia Correa, Silvina Camiolo, Rodrigo Hidalgo, Martin Palma y Francisco Parada recibieron al Lic. Gabriel Ciccone para dialogar sobre lineamientos estrat\u00e9gicos generales para la implementaci\u00f3n de [&hellip;]<\/p>\n","protected":false},"author":5,"featured_media":34688,"comment_status":"closed","ping_status":"closed","sticky":false,"template":"","format":"standard","meta":{"footnotes":""},"categories":[61,39,52,33],"tags":[],"class_list":["post-34687","post","type-post","status-publish","format-standard","has-post-thumbnail","hentry","category-comision-de-educacion-higiene-moralidad-accion-social-y-cultura","category-comisiones","category-gacetillas","category-prensa"],"yoast_head":"<!-- This site is optimized with the Yoast SEO plugin v19.10 - https:\/\/yoast.com\/wordpress\/plugins\/seo\/ -->\n<title>LA COMISI\u00d3N DE EDUCACI\u00d3N RECIBI\u00d3 A REPRESENTANTES DE SALUD MENTAL - Malarg\u00fce HCD<\/title>\n<meta name=\"robots\" content=\"index, follow, max-snippet:-1, max-image-preview:large, max-video-preview:-1\" \/>\n<link rel=\"canonical\" href=\"https:\/\/hcd.malargue.gov.ar\/?p=34687\" \/>\n<meta property=\"og:locale\" content=\"es_ES\" \/>\n<meta property=\"og:type\" content=\"article\" \/>\n<meta property=\"og:title\" content=\"LA COMISI\u00d3N DE EDUCACI\u00d3N RECIBI\u00d3 A REPRESENTANTES DE SALUD MENTAL - Malarg\u00fce HCD\" \/>\n<meta property=\"og:description\" content=\"Por la ma\u00f1ana del martes 15 de julio a las 11:30hrs, la Comisi\u00f3n de Educaci\u00f3n, Higiene, Moralidad, Acci\u00f3n Social y Cultura, con la presencia de los Ediles Paola Rojo, Silvia Correa, Silvina Camiolo, Rodrigo Hidalgo, Martin Palma y Francisco Parada recibieron al Lic. Gabriel Ciccone para dialogar sobre lineamientos estrat\u00e9gicos generales para la implementaci\u00f3n de [&hellip;]\" \/>\n<meta property=\"og:url\" content=\"https:\/\/hcd.malargue.gov.ar\/?p=34687\" \/>\n<meta property=\"og:site_name\" content=\"Malarg\u00fce HCD\" \/>\n<meta property=\"article:published_time\" content=\"2023-08-15T15:57:18+00:00\" \/>\n<meta property=\"article:modified_time\" content=\"2023-08-15T15:59:40+00:00\" \/>\n<meta property=\"og:image\" content=\"https:\/\/hcd.malargue.gov.ar\/wp-content\/uploads\/2023\/08\/367737333_608835528089006_884220611656666660_n.jpg\" \/>\n\t<meta property=\"og:image:width\" content=\"600\" \/>\n\t<meta property=\"og:image:height\" content=\"338\" \/>\n\t<meta property=\"og:image:type\" content=\"image\/jpeg\" \/>\n<meta name=\"author\" content=\"Belen Pedernera Ferragut\" \/>\n<meta name=\"twitter:card\" content=\"summary_large_image\" \/>\n<meta name=\"twitter:label1\" content=\"Escrito por\" \/>\n\t<meta name=\"twitter:data1\" content=\"Belen Pedernera Ferragut\" \/>\n\t<meta name=\"twitter:label2\" content=\"Tiempo de lectura\" \/>\n\t<meta name=\"twitter:data2\" content=\"1 minuto\" \/>\n<script type=\"application\/ld+json\" class=\"yoast-schema-graph\">{\"@context\":\"https:\/\/schema.org\",\"@graph\":[{\"@type\":\"WebPage\",\"@id\":\"https:\/\/hcd.malargue.gov.ar\/?p=34687\",\"url\":\"https:\/\/hcd.malargue.gov.ar\/?p=34687\",\"name\":\"LA COMISI\u00d3N DE EDUCACI\u00d3N RECIBI\u00d3 A REPRESENTANTES DE SALUD MENTAL - Malarg\u00fce HCD\",\"isPartOf\":{\"@id\":\"https:\/\/hcd.malargue.gov.ar\/#website\"},\"datePublished\":\"2023-08-15T15:57:18+00:00\",\"dateModified\":\"2023-08-15T15:59:40+00:00\",\"author\":{\"@id\":\"https:\/\/hcd.malargue.gov.ar\/#\/schema\/person\/3fd6bbab64edd703961b795156c955d0\"},\"breadcrumb\":{\"@id\":\"https:\/\/hcd.malargue.gov.ar\/?p=34687#breadcrumb\"},\"inLanguage\":\"es-AR\",\"potentialAction\":[{\"@type\":\"ReadAction\",\"target\":[\"https:\/\/hcd.malargue.gov.ar\/?p=34687\"]}]},{\"@type\":\"BreadcrumbList\",\"@id\":\"https:\/\/hcd.malargue.gov.ar\/?p=34687#breadcrumb\",\"itemListElement\":[{\"@type\":\"ListItem\",\"position\":1,\"name\":\"Inicio\",\"item\":\"https:\/\/hcd.malargue.gov.ar\/\"},{\"@type\":\"ListItem\",\"position\":2,\"name\":\"LA COMISI\u00d3N DE EDUCACI\u00d3N RECIBI\u00d3 A REPRESENTANTES DE SALUD MENTAL\"}]},{\"@type\":\"WebSite\",\"@id\":\"https:\/\/hcd.malargue.gov.ar\/#website\",\"url\":\"https:\/\/hcd.malargue.gov.ar\/\",\"name\":\"Malarg\u00fce HCD\",\"description\":\"Malarg\u00fce Mendoza Argentina\",\"potentialAction\":[{\"@type\":\"SearchAction\",\"target\":{\"@type\":\"EntryPoint\",\"urlTemplate\":\"https:\/\/hcd.malargue.gov.ar\/?s={search_term_string}\"},\"query-input\":\"required name=search_term_string\"}],\"inLanguage\":\"es-AR\"},{\"@type\":\"Person\",\"@id\":\"https:\/\/hcd.malargue.gov.ar\/#\/schema\/person\/3fd6bbab64edd703961b795156c955d0\",\"name\":\"Belen Pedernera Ferragut\",\"image\":{\"@type\":\"ImageObject\",\"inLanguage\":\"es-AR\",\"@id\":\"https:\/\/hcd.malargue.gov.ar\/#\/schema\/person\/image\/\",\"url\":\"https:\/\/secure.gravatar.com\/avatar\/1054ffab3893de4bb3eb29bdd22f7e34b8537bf5d34d9dab311818154ad5b71f?s=96&d=mm&r=g\",\"contentUrl\":\"https:\/\/secure.gravatar.com\/avatar\/1054ffab3893de4bb3eb29bdd22f7e34b8537bf5d34d9dab311818154ad5b71f?s=96&d=mm&r=g\",\"caption\":\"Belen Pedernera Ferragut\"},\"url\":\"https:\/\/hcd.malargue.gov.ar\/?author=5\"}]}<\/script>\n<!-- \/ Yoast SEO plugin. -->","yoast_head_json":{"title":"LA COMISI\u00d3N DE EDUCACI\u00d3N RECIBI\u00d3 A REPRESENTANTES DE SALUD MENTAL - Malarg\u00fce HCD","robots":{"index":"index","follow":"follow","max-snippet":"max-snippet:-1","max-image-preview":"max-image-preview:large","max-video-preview":"max-video-preview:-1"},"canonical":"https:\/\/hcd.malargue.gov.ar\/?p=34687","og_locale":"es_ES","og_type":"article","og_title":"LA COMISI\u00d3N DE EDUCACI\u00d3N RECIBI\u00d3 A REPRESENTANTES DE SALUD MENTAL - Malarg\u00fce HCD","og_description":"Por la ma\u00f1ana del martes 15 de julio a las 11:30hrs, la Comisi\u00f3n de Educaci\u00f3n, Higiene, Moralidad, Acci\u00f3n Social y Cultura, con la presencia de los Ediles Paola Rojo, Silvia Correa, Silvina Camiolo, Rodrigo Hidalgo, Martin Palma y Francisco Parada recibieron al Lic. Gabriel Ciccone para dialogar sobre lineamientos estrat\u00e9gicos generales para la implementaci\u00f3n de [&hellip;]","og_url":"https:\/\/hcd.malargue.gov.ar\/?p=34687","og_site_name":"Malarg\u00fce HCD","article_published_time":"2023-08-15T15:57:18+00:00","article_modified_time":"2023-08-15T15:59:40+00:00","og_image":[{"width":600,"height":338,"url":"https:\/\/hcd.malargue.gov.ar\/wp-content\/uploads\/2023\/08\/367737333_608835528089006_884220611656666660_n.jpg","type":"image\/jpeg"}],"author":"Belen Pedernera Ferragut","twitter_card":"summary_large_image","twitter_misc":{"Escrito por":"Belen Pedernera Ferragut","Tiempo de lectura":"1 minuto"},"schema":{"@context":"https:\/\/schema.org","@graph":[{"@type":"WebPage","@id":"https:\/\/hcd.malargue.gov.ar\/?p=34687","url":"https:\/\/hcd.malargue.gov.ar\/?p=34687","name":"LA COMISI\u00d3N DE EDUCACI\u00d3N RECIBI\u00d3 A REPRESENTANTES DE SALUD MENTAL - Malarg\u00fce HCD","isPartOf":{"@id":"https:\/\/hcd.malargue.gov.ar\/#website"},"datePublished":"2023-08-15T15:57:18+00:00","dateModified":"2023-08-15T15:59:40+00:00","author":{"@id":"https:\/\/hcd.malargue.gov.ar\/#\/schema\/person\/3fd6bbab64edd703961b795156c955d0"},"breadcrumb":{"@id":"https:\/\/hcd.malargue.gov.ar\/?p=34687#breadcrumb"},"inLanguage":"es-AR","potentialAction":[{"@type":"ReadAction","target":["https:\/\/hcd.malargue.gov.ar\/?p=34687"]}]},{"@type":"BreadcrumbList","@id":"https:\/\/hcd.malargue.gov.ar\/?p=34687#breadcrumb","itemListElement":[{"@type":"ListItem","position":1,"name":"Inicio","item":"https:\/\/hcd.malargue.gov.ar\/"},{"@type":"ListItem","position":2,"name":"LA COMISI\u00d3N DE EDUCACI\u00d3N RECIBI\u00d3 A REPRESENTANTES DE SALUD MENTAL"}]},{"@type":"WebSite","@id":"https:\/\/hcd.malargue.gov.ar\/#website","url":"https:\/\/hcd.malargue.gov.ar\/","name":"Malarg\u00fce HCD","description":"Malarg\u00fce Mendoza Argentina","potentialAction":[{"@type":"SearchAction","target":{"@type":"EntryPoint","urlTemplate":"https:\/\/hcd.malargue.gov.ar\/?s={search_term_string}"},"query-input":"required name=search_term_string"}],"inLanguage":"es-AR"},{"@type":"Person","@id":"https:\/\/hcd.malargue.gov.ar\/#\/schema\/person\/3fd6bbab64edd703961b795156c955d0","name":"Belen Pedernera Ferragut","image":{"@type":"ImageObject","inLanguage":"es-AR","@id":"https:\/\/hcd.malargue.gov.ar\/#\/schema\/person\/image\/","url":"https:\/\/secure.gravatar.com\/avatar\/1054ffab3893de4bb3eb29bdd22f7e34b8537bf5d34d9dab311818154ad5b71f?s=96&d=mm&r=g","contentUrl":"https:\/\/secure.gravatar.com\/avatar\/1054ffab3893de4bb3eb29bdd22f7e34b8537bf5d34d9dab311818154ad5b71f?s=96&d=mm&r=g","caption":"Belen Pedernera Ferragut"},"url":"https:\/\/hcd.malargue.gov.ar\/?author=5"}]}},"_links":{"self":[{"href":"https:\/\/hcd.malargue.gov.ar\/index.php?rest_route=\/wp\/v2\/posts\/34687","targetHints":{"allow":["GET"]}}],"collection":[{"href":"https:\/\/hcd.malargue.gov.ar\/index.php?rest_route=\/wp\/v2\/posts"}],"about":[{"href":"https:\/\/hcd.malargue.gov.ar\/index.php?rest_route=\/wp\/v2\/types\/post"}],"author":[{"embeddable":true,"href":"https:\/\/hcd.malargue.gov.ar\/index.php?rest_route=\/wp\/v2\/users\/5"}],"replies":[{"embeddable":true,"href":"https:\/\/hcd.malargue.gov.ar\/index.php?rest_route=%2Fwp%2Fv2%2Fcomments&post=34687"}],"version-history":[{"count":2,"href":"https:\/\/hcd.malargue.gov.ar\/index.php?rest_route=\/wp\/v2\/posts\/34687\/revisions"}],"predecessor-version":[{"id":34691,"href":"https:\/\/hcd.malargue.gov.ar\/index.php?rest_route=\/wp\/v2\/posts\/34687\/revisions\/34691"}],"wp:featuredmedia":[{"embeddable":true,"href":"https:\/\/hcd.malargue.gov.ar\/index.php?rest_route=\/wp\/v2\/media\/34688"}],"wp:attachment":[{"href":"https:\/\/hcd.malargue.gov.ar\/index.php?rest_route=%2Fwp%2Fv2%2Fmedia&parent=34687"}],"wp:term":[{"taxonomy":"category","embeddable":true,"href":"https:\/\/hcd.malargue.gov.ar\/index.php?rest_route=%2Fwp%2Fv2%2Fcategories&post=34687"},{"taxonomy":"post_tag","embeddable":true,"href":"https:\/\/hcd.malargue.gov.ar\/index.php?rest_route=%2Fwp%2Fv2%2Ftags&post=34687"}],"curies":[{"name":"wp","href":"https:\/\/api.w.org\/{rel}","templated":true}]}}