{"id":34696,"date":"2023-08-17T10:49:01","date_gmt":"2023-08-17T13:49:01","guid":{"rendered":"https:\/\/hcd.malargue.gov.ar\/?p=34696"},"modified":"2023-08-17T10:49:04","modified_gmt":"2023-08-17T13:49:04","slug":"acta-19-sesion-ordinaria-n-1-136-o-10-08-2-023","status":"publish","type":"post","link":"https:\/\/hcd.malargue.gov.ar\/?p=34696","title":{"rendered":"ACTA 19\u00b0 SESI\u00d3N ORDINARIA N\u00b0 1.136 -\u201cO\u201d- 10\/08\/2.023.-"},"content":{"rendered":"<div class=\"wp-block-image\">\n<figure class=\"alignright size-full is-resized\"><a href=\"http:\/\/hcd.malargue.gov.ar\/hcdpdf\/ORDINARIA%20N%201136%202023.pdf\"><img loading=\"lazy\" decoding=\"async\" src=\"https:\/\/hcd.malargue.gov.ar\/wp-content\/uploads\/2018\/06\/PDF-JPG.jpg\" alt=\"\" class=\"wp-image-7950\" style=\"width:116px;height:116px\" width=\"116\" height=\"116\" srcset=\"https:\/\/hcd.malargue.gov.ar\/wp-content\/uploads\/2018\/06\/PDF-JPG.jpg 512w, https:\/\/hcd.malargue.gov.ar\/wp-content\/uploads\/2018\/06\/PDF-JPG-150x150.jpg 150w, https:\/\/hcd.malargue.gov.ar\/wp-content\/uploads\/2018\/06\/PDF-JPG-300x300.jpg 300w\" sizes=\"auto, (max-width: 116px) 100vw, 116px\" \/><\/a><\/figure>\n<\/div>\n\n\n<p>En Malarg\u00fce Mendoza a Diez d\u00edas de Agosto de 2.023, cuando es la hora 9: 20 se re\u00fane el Honorable Concejo Deliberante de la Municipalidad de Malarg\u00fce, para celebrar su Sesi\u00f3n Ordinaria. Bajo la Presidencia de su titular&nbsp; Concejal Andr\u00e9s RISI&nbsp; y la presencia de los se\u00f1ores concejales&nbsp; Palma, Rosas, Rojo, Parada, Camiolo, Correa e Hidalgo. \/ &nbsp;Se firma el libro de asistencia donde constan las ausencias de las concejales Viviana Mosca y Daiana Varas Castro.\/ Para dar comienzo al desarrollo del. Orden del d\u00eda se invita a la concejal Ana Silvina CAMIOLO a izar la Ense\u00f1a Patria. \/ b) Homenaje de los Se\u00f1ores Concejales.&nbsp; Solicita la palabra la concejal CAMIOLO. Quien manifiesta, bueno hoy es el d\u00eda del bromat\u00f3logo, as\u00ed que no solamente saludar&nbsp; a todos los bromat\u00f3logos&nbsp; de nuestro departamento sino, tambi\u00e9n a nuestra colega concejal&nbsp; Paola Rojo. La verdad que el trabajo que hacen es impresionante, a los bromat\u00f3logos del municipio que han sabido pasar por distintas etapas&nbsp; y gestiones, siempre poniendo lo mejor de ellos&nbsp; y bueno, saludarlos , vuelvo a decir, agradecerles, y desearles que este d\u00eda sea de reconocimientos en todos los aspectos, incluso el salarial que es el m\u00e1s vapuleado en estos tiempos&nbsp; porque sus t\u00e9cnicas no est\u00e1 considerada sino est\u00e1 ligada a un reconocimiento pol\u00edtico o a un abrazo pol\u00edtico, por tanto&nbsp; deseo realmente que los gobiernos est\u00e9n a la altura y piensen que la salubridad de toda una poblaci\u00f3n&nbsp; depende de un equipo de t\u00e9cnicos que est\u00e1n dispuestos a dar lo mejor, as\u00ed que muchas gracias Sr. &gt;Presidente mi homenaje es para ellos. \u201c \/\/ PRESIDENCIA dice, Gracias concejal mis saludos tambi\u00e9n a la colega. \/\/&nbsp; &nbsp;Luego en uso de la palabra el concejal PARADA. Luego de los saludos de forma&nbsp; expresa , tambi\u00e9n me sumo al saludo de los bromat\u00f3logos, particularmente a&nbsp; Paola, m\u00e1s all\u00e1 de compartir el Concejo Deliberante, tambi\u00e9n el afecto como persona deseo que tenga un lindo d\u00eda hoy, merecido.&nbsp; Hab\u00eda dicho , el jueves pasado , pretend\u00eda en este agosto sanmartiniano, hacer referencia o rendir homenaje a San Mart\u00edn como gobernante, como hombre de la pol\u00edtica y dem\u00e1s, pero este triste suceso ocurrido en Lan\u00fas, ayer, que tiene consternada yo dir\u00eda a casi toda la sociedad argentina, del asesinato de Morena Dom\u00ednguez, me hace cambiar la intenci\u00f3n de hablar sobre San Mart\u00edn y simplemente hacer una reflexi\u00f3n&nbsp; sobre este tr\u00e1gico hecho, creo que &nbsp;desde este humilde lugar, desde este Malarg\u00fce&nbsp; a veces tan lejano, a veces tan postergado, desde esta simple banca del ciudadano me&nbsp; parece una reflexi\u00f3n que nos lleve a eso, s\u00ed, al menos a reflexionar, a replantearnos, que qu\u00e9 nos est\u00e1 pasando . muchas veces pienso que los malarg\u00fcinos miramos las cosas como desde muy lejos, las consideramos lejanas y que nunca llegar\u00edan aqu\u00ed , recuerdo en mi&nbsp; ni\u00f1ez y adolescencia&nbsp; dec\u00edamos , no, el tema de la droga es lejano, es de otros pa\u00edses, de las grandes urbes, no va a llegar y bueno, hoy est\u00e1 entre nosotros, lamentablemente hoy est\u00e1 entre nosotros. Pensaba la violencia pol\u00edtica, viera que en Malarg\u00fce ni siquiera en la triste d\u00e9cada del setenta sufri\u00f3 violencia pol\u00edtica y hoy la violencia pol\u00edtica tambi\u00e9n ha llegado&nbsp; a Malarg\u00fce, no digo con el grado de asiduidad de otras d\u00e9cadas, pero hay una violencia pol\u00edtica verbal en los \u00faltimos tiempos&nbsp; que dec\u00eda, no va a llegar nunca a nuestro pueblo, llega, el bien y el mal&nbsp; se expanden llegan y nosotros planteamos esto, ojal\u00e1 me equivoque y nunca llegue , pero el&nbsp; drama est\u00e1. Y me pregunto que pasar\u00e1 con este caso, ser\u00e1 uno de los tantos que salta a la prensa, nos dolemos, nos rasgamos las vestiduras y despu\u00e9s pasa a ser simplemente un archivo m\u00e1s que queda all\u00ed en los medios de comunicaci\u00f3n que cada tanto, que pasar\u00e1 con&nbsp;&nbsp; esto, c\u00f3mo actuaremos&nbsp; como sociedad en este aspecto ? &nbsp;c\u00f3mo actuaremos&nbsp; desde el mundo pol\u00edtico , c\u00f3mo actuaremos m\u00e1s all\u00e1 de que probablemente los responsables&nbsp; y me dir\u00e1n bueno, pero quisieron asaltarla, no la quisieron asesinar, lo que sea,&nbsp; y probablemente los responsables&nbsp; terminen pagando una condena, pero no es all\u00ed el tema, la cuesti\u00f3n es m\u00e1s de fondo, qu\u00e9 nos est\u00e1 pasando como argentinos que nuestros j\u00f3venes muchos de ellos terminan&nbsp; delinquiendo, qu\u00e9 nos est\u00e1 pasando? Cito y con esto cierro una nota de las tantas que se subieron ayer a los&nbsp; portales , el cual habla Laura Musa Directora de la Fundaci\u00f3n Sur, Argentina, y abogada y defensora de los derechos humanos , ni\u00f1os y adolescentes. Dice la Directora \u201cHace much\u00edsimos a\u00f1os, que Argentina decidi\u00f3 abandonar a las personas menores de&nbsp; edad, tanto v\u00edctimas como victimarios, nunca en Argentina los chicos fueron tan pobres&nbsp; y tan abandonados&nbsp; por la pol\u00edtica publica como ahora, tambi\u00e9n dice, necesitamos acciones concretas, que impliquen poner el Cuerpo de verdad, equipos que sepan y hay que aplicar todas las pol\u00edticas p\u00fablicas, necesarias, la experta subrayo la importancia de considerar a la infancia como un pilar fundamental, para la democracia y la sociedad en conjunto , afirmando la infancia es muy importante parta la democracia, lo que hacemos con la infancia y como respetamos sus&nbsp; derechos fuera de una sociedad y de la dirigencia pol\u00edtica , hablan de la econom\u00eda, pero no resuelven el problema&nbsp; y esto afecta a los ni\u00f1os, es necesario que verdaderamente nos ocupemos de los ni\u00f1os, de los adolescentes&nbsp; para evitar que se llegue a este resultado final, creo que en Malarg\u00fce tambi\u00e9n hace mucho tiempo que no hay pol\u00edticas publicas&nbsp; que se encarguen de los ni\u00f1os, que se encarguen de los adolescentes , la concejal Correa present\u00f3 un proyecto, de crear el programa de prevenci\u00f3n de adicciones y la verdad que cuando tuvimos la visita en la comisi\u00f3n correspondiente&nbsp; el proyecto fue mirado con mas rechazo que con aceptaci\u00f3n, bueno&nbsp; hoy por iniciativa de la concejal Camiolo, se va a retomar , va a venir un profesional, se va a trabajar sobre el tema pero son cuestiones que tienen que ser pol\u00edticas publicas&nbsp; y ocuparse de la infancia. Coincido con Laura Musa que realmente nuestros ni\u00f1os y nuestros j\u00f3venes hace rato en este aspecto est\u00e1n abandonados\u201d, nada m\u00e1s , muchas Gracias. \/\/\/ , &nbsp;El concejal PALMA en uso de la palabra manifiesta. Luego de los saludos, Sumarme, a las palabras vertidas por el concejal&nbsp; Parada, , la verdad que estamos en una sociedad bastante convulsionada donde el respeto y el no opinar de la misma manera nos llevan a no ponernos de acuerdo&nbsp; y poder trabajar por un bien com\u00fan y eso creo que tambi\u00e9n la clase dirigencial pol\u00edtica tenemos que entender, sumarme tambi\u00e9n al saludo a nuestra colega la concejal Rojo, en su d\u00eda que tenga un hermoso d\u00eda. El pr\u00f3ximo domingo, 13 se llevar\u00e1n adelante elecciones&nbsp; son hoy parte del proceso, democr\u00e1tico que tenemos en nuestro&nbsp; pa\u00eds, y en este escenario , creo que como bien reci\u00e9n lo manifestaba el concejal&nbsp; Parada , la violencia con la que se vive hoy , la falta de tolerancia, la falta de di\u00e1logo &nbsp;y el no respetar la ideolog\u00eda, se ha fanatizado todo el sistema pol\u00edtico , la verdad que eso no es bueno, no es bueno porque la sociedad, con quienes convivimos el d\u00eda a d\u00eda, llevamos esas discusiones&nbsp; digamos con situaciones complejas, en distintos planos tanto personales como generales, y \u00faltimamente paree que el hecho de pensar distinto, de tener otra visi\u00f3n&nbsp; de alg\u00fan tema u otro acercamiento a alg\u00fan sector pol\u00edtico, te hace ser enemigo. , te hace ser a quien&nbsp; hay que acabar, al hay que defenestrar ,al que&nbsp; ponemos troles a trabajar&nbsp; en redes sociales y a inventar cosas que no existen, y de m\u00e1s y me parece que no estamos madurando, como pol\u00edticos, no me parece que hoy es m\u00e1s un bot\u00edn quien gane una elecci\u00f3n, un bot\u00edn de guerra y para eso vale cualquier cosa, que realmente llevarle a la gente, propuestas, llevarle a la gente planes de gobierno, o como salir adel\u00e1nteme parece que menospreciar al contrincante o al rival circunstancial que haya dentro del \u00e1mbito pol\u00edtico , lo mejor hoy en la pol\u00edtica y nos hemos olvidado que la pol\u00edtica&nbsp; es una herramienta&nbsp; fundamental para mejorar la calidad de vida&nbsp; de los ciudadanos y no es una cuesti\u00f3n personal contra nadie&nbsp; &nbsp;ni es institucional contra instituci\u00f3n de enfrentarla ni mucho menos, pero mas all\u00e1 de eso yo quiero llevarle un mensaje a la gente, y decirles que se acerquen a votar, que se comprometan&nbsp; con los procesos que son necesarios&nbsp; para el desarrollo del&nbsp; pa\u00eds. .en este&nbsp; caso son pasos nacionales,&nbsp; creo que es fundamental que la mayor cantidad de personas de nuestra sociedad se involucren, en la elecci\u00f3n de quienes&nbsp; pueden llevar adelante a generar los destinos de este pa\u00eds y tratar de mejorar un poco la situaci\u00f3n que para nadie es ajena. , as\u00ed que solamente eso, pedirle a la gente que vuelva a creer que no todos los pol\u00edticos son iguales , no todos son iguales&nbsp; , en eso siempre voy a marcar esa diferencia porque quienes transitamos este camino ,sabemos&nbsp; los principios que tenemos , la formaci\u00f3n las ganas de trabajar de poder colaborar y hoy creo que este&nbsp; Concejo lo demuestra en el trabajo que se lleva a cabo d\u00eda a d\u00eda adelante&nbsp; m\u00e1s all\u00e1 de nuestras diferencias como siempre lo decimos tenemos un hermoso convivir&nbsp; un dialogo fluido y muchas veces dialogando y escuch\u00e1ndonos nos ponemos de acuerdo y sacamos cosas en concreto, as\u00ed que simplemente eso Sr. Presidente. Llamarnos a la reflexi\u00f3n a los distintos partidos pol\u00edticos , respetarnos tratar de establecer pol\u00edticas de estado de gobierno donde se prioricen&nbsp; realmente la necesidad de la gente&nbsp; sobre otros intereses \/&nbsp; Seguidamente la concejal ROJO&nbsp; expresa&nbsp; luego de los saludos formales, y agradecer en primer lugar las salutaciones por el d\u00eda del bromat\u00f3logo, se conmemora en Mendoza , tenemos la particularidad de celebrarlo varios d\u00edas&nbsp; durante el a\u00f1o, pero particularmente en la provincia de Mendoza&nbsp; porque en el a\u00f1o 74&nbsp; se crea la carrera de Bromatolog\u00eda en la Facultad de&nbsp; Ciencias Aplicadas a la&nbsp; Industria&nbsp; de la cual tengo la oportunidad de ser egresada dependiente de la Universidad&nbsp;&nbsp;&nbsp; Nacional de Cuyo, bueno con respecto a mi periodo de homenaje mas all\u00e1 del agradecimiento&nbsp; tambi\u00e9n destacar, que en el d\u00eda de ayer se celebr\u00f3 el d\u00eda de la Educaci\u00f3n Especial,&nbsp; y en esto quiero hacer una salutaci\u00f3n&nbsp; en particular, a varios referentes compa\u00f1eras que tuvimos en el Departamento de Malarg\u00fce que transitaron por esta educaci\u00f3n&nbsp; que fue justamente Violeta Aguilar, y quien hace muy poquito tambi\u00e9n nos dej\u00f3 , la Se\u00f1ora Raquel Rugoso, las cuales pioneras en el Departamento este tipo de actividades , este tipo de educaci\u00f3n en los cuales as\u00ed lo han manifestado claramente cada uno de nuestras bancas ,&nbsp; a la educaci\u00f3n la inclusi\u00f3n&nbsp; y las posibilidades que se deben dar a este espacio, y a este grupo de personas , falta mucho para hacer, y que ellas pusieron su granito de arena&nbsp; aportes muy importantes y valiosos&nbsp; en nuestra sociedad, que por eso considero que han quedado plasmadas en la historia de nuestro departamento&nbsp; por ese empuje que llevaron a cabo cada una&nbsp; de ellas desde el punto de vista donde tuvieron la oportunidad de participar, dejaron las huellas en esta educaci\u00f3n en particular, y no solamente a ellas sino tambi\u00e9n&nbsp; a las instituciones educativas&nbsp; de educaci\u00f3n formal como es la Escuela Maurin Navarro, la Escuela Roberto Ordenes&nbsp;&nbsp; , tambi\u00e9n aquellos centros de d\u00eda &nbsp;como es el Taller Protegido Cumelen, el Centro RECREAR , el Centro Integrado de&nbsp; COLORES. Que diariamente se abocan a este tipo de educaci\u00f3n&nbsp; y que est\u00e1n haciendo mucho por la discapacidad del Departamento&nbsp; de Malarg\u00fce , de la cual como hemos mencionado, con respecto a otras \u00e1reas integradas , hay pol\u00edticas p\u00fablicas, y apelar y cumplir desde este Concejo Deliberante , son much\u00edsimas las piezas, legales, ordenanzas y soluciones que se han plasmado, que se han aprobado, y que por ah\u00ed lamentablemente hoy no tenemos esa respuesta, de devoluci\u00f3n con respecto a la ejecuci\u00f3n o la puesta en pr\u00e1ctica. , a profesionales que se dedican a esa tarea y est\u00e1n completamente abocados a esta tem\u00e1tica, y haciendo una salutaci\u00f3n&nbsp; en especial a un compa\u00f1ero y amigo de trabajo que es el Licenciado&nbsp; Nicol\u00e1s Ramos, del cual hemos tenido la oportunidad de trabajar en un mismo espacio, tuvimos tambi\u00e9n la oportunidad de tenerlo como compa\u00f1ero de trabajo en el Concejo Deliberante y que a\u00fan&nbsp;&nbsp; se sigue abocando y presentando por esta \u00e1rea, mi salutaci\u00f3n por haber celebrado en el d\u00eda de ayer, la Educaci\u00f3n Especial a nivel nacional\/\/ &nbsp;c) Consideraci\u00f3n Acta Sesi\u00f3n Ordinaria N 1.135- \u201cO\u201d- 2.023 Se pone a consideraci\u00f3n y es aprobada. \/\/ \/ d) Lectura del detalle de la correspondencia recibida y emitida. <strong>Notas Entradas<\/strong>: 1.Sr. Maximiliano Salvadores, eleva documentaci\u00f3n para la Comisi\u00f3n de EHMASyC &nbsp;&nbsp;como testigo ocular en la causa de robos acaecidos en calles Villa del Milagro y Ej\u00e9rcito de los Andes. Pasa a&nbsp; E.H.M.A.S Y C &nbsp;\/ 2.Srta. Martina Rojas Secretaria Bloque Frente Cambia Mendoza, informa ausencia de la Concejal Viviana Mosca. &nbsp;Pasa a Secretar\u00eda. \/ 3.Departamento Ejecutivo, eleva proyecto de Instalaci\u00f3n de estructura de soporte de antenas de telefon\u00eda m\u00f3vil para su consideraci\u00f3n. &nbsp;Pasa a O.P.T Y R.N \/ 4.Sr. Walter Alfredo Aguirre, eleva presupuesto solicitado en reuni\u00f3n respecto a costo aproximado en terreno donde se planea la traza de calle en Barrio Virgen de los Vientos. Pasa a O.P.T Y R.N \/ <strong>Notas Emitidas<\/strong>: 1.A la Sra. Secretaria de Gobierno, solicitando autorice la presencia de la Sra. Coordinadora de Discapacidad a reuni\u00f3n de la Comisi\u00f3n de Educaci\u00f3n, Higiene, Moralidad, Acci\u00f3n Social y Cultura.&nbsp; \/e) Consideraci\u00f3n de los temas que ser\u00e1n incluidos en el punto Asuntos Varios y &nbsp;&nbsp;&nbsp;puesta a consideraci\u00f3n de mociones de tratamientos sobre tablas de diversos &nbsp;&nbsp;&nbsp;expedientes.: Solicita la palabra la concejal ROJO. Solicita la desafectaci\u00f3n de mesa de entrada de la nota HC 426-23&nbsp; la tem\u00e1tica de esta nota, la referencia es justamente con respecto a la situaci\u00f3n del Agente&nbsp; Municipal&nbsp; Hilario \u00c1vila,&nbsp; es para que sea adjuntada, a la documentaci\u00f3n que ya poseemos, en la comisi\u00f3n de Hacienda. \/ Se pone a consideraci\u00f3n la moci\u00f3n y es aprobada. \/\/ &nbsp;&nbsp;Luego la concejal CORREA, solicita desafectar la nota 425-23 que se encuentra en mesa de entrada, y solicitar que se adjunte al expediente de los despachos que van a salir al d\u00eda de hoy, de las comisiones de trabajo, al punto uno Expte. 5311 , la nota&nbsp; si me permiten la leo ( procede) sobre modificaci\u00f3n de la ley 2202 la cual regula las tierras de la Colonia Pehuenche I y Pehuenche II y que se encuentra ubicada al sur de la Ciudad&nbsp; de Malarg\u00fce\/ &nbsp;Se pone a consideraci\u00f3n la moci\u00f3n y es aprobada\/ Posteriormente la concejal CAMIOLO &nbsp;solicita la &nbsp;desafectaci\u00f3n de la Nota HC 424-23 que tiene que ver con la visita que hemos realizado los concejales Correa, Hidalgo, Palma. Parada&nbsp; y quien les habla&nbsp; es un informe que elevamos al Cuerpo&nbsp; de la visita que realizamos el d\u00eda s\u00e1bado&nbsp; 5 de agosto a la Cubierta Sanitaria , al predio GIRSU&nbsp; donde&nbsp; hemos podido observar muchas irregularidades , situaciones preocupantes para&nbsp; la salud p\u00fablica, preocupantes para la dignidad de los trabajadores&nbsp; y prestan funciones , preocupantes tambi\u00e9n respecto al parque automotor, las maquinarias viales municipales, que all\u00ed se encuentran&nbsp; en un estado de absoluto abandono&nbsp; a la intemperie, m\u00e1quinas que pertenecen al municipio, que est\u00e1n fuera de servicio&nbsp; y tambi\u00e9n sufriendo los da\u00f1os de la intemperie y as\u00ed&nbsp; voy a justificar la urgencia para que la nota sea desafectada, y tratada en el punto Asuntos Varios, y elevada luego a la comisi\u00f3n de&nbsp; Obras&nbsp; P\u00fablicas , perd\u00f3n hab\u00edamos dicho a EHMAS Y C por una cuesti\u00f3n de higiene y seguridad p\u00fablica. La situaci\u00f3n es bastante preocupante, nosotros creemos que el tr\u00e1mite administrativo&nbsp; debiera seguir su curso para ingresar esta nota el pr\u00f3ximo jueves pero entendemos que la urgencia del caso lo amerita&nbsp; a escasos cien metros&nbsp; del ingreso a este lugar, se observan situaciones de alto riesgo, a la salud, por eso es pedir la desafectaci\u00f3n&nbsp; para que los concejales el d\u00eda lunes&nbsp; y que nos confiere la ley 1079. \/ Se pone a consideraci\u00f3n la moci\u00f3n y es aprobada. \/\/ &nbsp;&nbsp;El concejal &nbsp;PALMA &nbsp;solicita que la comisi\u00f3n de EHMAS ampl\u00ede el n\u00famero de sus miembros &nbsp;a fin de tratar el mencionado proyecto como lo marca el procedimiento del Reglamento Interno .&nbsp;&nbsp; PRESIDENCIA solicita autorizaci\u00f3n para expresarse y&nbsp; luego de ser autorizado, solicita la desafectaci\u00f3n de dos notas. La primera es la Nota HC 422 de Mesa de Entradas para tratar en Asuntos Varios&nbsp; es un Pedido de colaboraci\u00f3n de la Escuela de Las Juntas , entiendo ya hay concejales que van a colaborar . \/ Se pone a consideraci\u00f3n y es aprobada. \/ La segunda nota es la HC 423 tiene que ver con un accidente ocurrido en la ciclo v\u00eda sur, el padre de la chica afectada nos pide intervenci\u00f3n y como tiene algunos asuntos urgentes que resolver desea que sea con rapidez.&nbsp; Se pone a consideraci\u00f3n la moci\u00f3n y es aprobada. \/\/ f) Proyectos de los Se\u00f1ores Concejales:&nbsp;&nbsp;&nbsp; 1. Expte.N\u00b05.317-HC 057-2.023 Proyecto de Resoluci\u00f3n: Declarar de Inter\u00e9s Social, Cultural, Deportivo e Internacional el \u201cX Torneo Nacional de Newcom\u201d a realizarse del 18 al 20 de Agosto en Malarg\u00fce. (BLOQUE FRENTE CAMBIA MENDOZA) Autora: Concejal Viviana Mosca.\/ &nbsp;En uso de la palabra la concejal ROJO expresa&nbsp;&nbsp; Bueno como sabemos todos, anualmente se llevan a cabo este torneo, y nosotros tenemos la grata participaci\u00f3n&nbsp; de nuestros compa\u00f1eros de trabajo, que sabemos que nos representan de manera muy digna&nbsp; y se han obtenido excelentes resultados en esta actividad deportiva. Nuevamente se va a llevar a cabo este torneo nacional, donde sabemos la amplia convocatoria que significa solamente para este encuentro&nbsp; esta actividad y loque socialmente es, para el Departamento de Malarg\u00fce y para los equipos&nbsp; que vienen. Solicito la lectura del articulado, y que el mismo sea elevado a la comisi\u00f3n de Educaci\u00f3n..&nbsp; Se procede por Secretar\u00eda. .&nbsp; Pasa a E.H.M.A. S Y C &nbsp;con&nbsp; Tratamiento Preferencial \/&nbsp; 2.Expte.N\u00b05.318-HC 057-2.023 Proyecto de Declaraci\u00f3n: Declarar de Inter\u00e9s Departamental el evento deportivo \u201cRally Marathon Aniversario\u201d organizado por el Club Mountain Bike Malarg\u00fce. (BLOQUE FRENTE DE TODOS) Autores: Concejales Rodrigo Hidalgo y Andr\u00e9s Risi \/ En uso de la palabra el concejal HIDALGO &nbsp;Expresa, comentarles que este&nbsp; proyecto es una declaraci\u00f3n de inter\u00e9s departamental, deportivo, cultural y social, un evento de mountain bike que se va a realizar el d\u00eda 19 de noviembre organizado por la Asociaci\u00f3n Mountain Bike Malarg\u00fce&nbsp; la asociaci\u00f3n que creo&nbsp; que es la \u00fanica que tiene personer\u00eda jur\u00eddica en Malarg\u00fce y bueno sabemos de la importancia dentro de los eventos deportivos con respecto a la salud al turismo a los beneficios no solo a los j\u00f3venes sino tambi\u00e9n a todas la generaciones, as\u00ed que solicito que sea pasado a la comisi\u00f3n de&nbsp; Educaci\u00f3n.\/ Se lee la parte resolutiva. Pasa a E.H.M.A.S Y C&nbsp; \/\/ 3.Expte.N\u00b05.319-HC 057-2.023 Proyecto de Resoluci\u00f3n: Solicitar al Departamento Ejecutivo Municipal informaci\u00f3n sobre los Decretos Municipales de Pautas Publicitarias y Contrataciones a\u00f1o 2.022 (INTERBLOQUE FRENTE DE TODOS, U.C.R-INDEPENDIENTE, ENCUENTRO, RECONSTRUYENDO MALARG\u00dcE- FRENTE CAMBIA MENDOZA Y CUIDEMOS MALARG\u00dcE) Autores: Concejales Rodrigo Hidalgo, Mart\u00edn Palma, Gabriel Rosas, Francisco Parada, Silvina Camiolo, Paola Rojo, Daiana Varas Castro y Silvia Correa. &nbsp;\/&nbsp; En uso de la palabra el concejal HIDALGO expresa , como usted mencion\u00f3&nbsp; es un proyecto de todos los bloques hemos estado trabajando la mayor\u00eda de los concejales ,refiere a la forma en que se est\u00e1n remitiendo los decretos municipales y vemos que toda acci\u00f3n que lleva adelante el municipio, o el municipio ,debe primero que nada&nbsp; bregar por la transparencia&nbsp;&nbsp; a la ciudadan\u00eda .la forma en que se est\u00e1n emitiendo los decretos son todo lo contrario dejan mucho que desear , no nos permite realizar el trabajo que nos corresponde como concejales , ni tampoco les permite a los vecinos &nbsp;de Malarg\u00fce tener un conocimiento&nbsp; pleno de&nbsp; lo que se est\u00e1 llevando a cabo en la gesti\u00f3n, tenemos la ley 9070 que habla sobre los derechos&nbsp; sobre el derecho a la informaci\u00f3n &nbsp;p\u00fablica&nbsp; y estos decretos en la forma en que se est\u00e1n emitiendo van totalmente en contra de esta ley, porque se est\u00e1 ocultando informaci\u00f3n ,siempre decimos si no hay nada raro no habr\u00eda nada que esconder &nbsp;, entonces viene a solicitar que sea m\u00e1s transparente y que nos remita todo lo que le estamos solicitando. Hay procedimientos, pasos estipulados , la ley provincial de procedimiento administrativo puntualmente el art 31 que tambi\u00e9n se esta incumpliendo en la forma que se est\u00e1n emitiendo estos decretos, as\u00ed que solicito que este proyecto sea pasado a la comisi\u00f3n de Hacienda y que sea tratado de manera preferencial. .no es necesario la lectura del mismo ya que entiendo vamos a seguir&nbsp; haciendo aportes con respecto a este proyecto, as\u00ed que una vez que est\u00e9 finalizado solicitaremos la lectura del mismo. \/ Pasa a H.P.L.A.C.&nbsp; y se aprueba el Tratamiento preferencial. \/&nbsp; El concejal PALMA solicita la palabra y manifiesta lo cierto que cuando iniciamos esta sesi\u00f3n habl\u00e1bamos de que no se trata de enfrentamiento &nbsp;de instituciones contra instituciones, nosotros estamos cumpliendo con lo que marca nuestro procedimiento administrativo interno, la 1079&nbsp; que&nbsp; nos faculta a pedir estos decretos,&nbsp; pero , lo que llama poderosamente la atenci\u00f3n es que es una situaci\u00f3n recurrente&nbsp; que no es de ahora esto,&nbsp;&nbsp; pero lo agravante es que en el \u00faltimo tratamiento&nbsp; si ustedes recuerdan de presupuesto donde pedimos los decretos nuevamente, de que era imposible hacer nuestro trabajo, se lo explicamos al Sr. Intendente , a la contadora a su gabinete. Y nosotros tenemos que cumplir con&nbsp; hacer nuestro trabajo, pero estamos en agosto, y los \u00faltimos decretos son al mes de marzo, sin monto donde&nbsp; te derivan a un expediente que no viene adjunto al decreto, donde el 90 por ciento son adjudicaciones , directas donde falta&nbsp; requisitos que son fundamentales para poder llevar adelante lo que nosotros necesitamos que es la transparencia&nbsp; de todas las cosas todo acto deber\u00eda tener una transparencia tal lo define la constituci\u00f3n tambi\u00e9n . entonces no podemos, estar todos los meses record\u00e1ndole al se\u00f1or Intendente que tenemos ordenanzas que tambi\u00e9n&nbsp; dicen que debe mandarnos del 1 al 10 de cada mes los decretos, con montos y dem\u00e1s especificaciones que permitan llevar adelante ese control, si vamos a las p\u00e1ginas municipales, retrasos en las rendiciones , en las publicaciones , en las responsabilidades fiscales que tambi\u00e9n est\u00e1n atrasadas, entonces es muy dif\u00edcil poder llevar adelante, nuestro control, este tipo de piezas legales&nbsp; cuando las instituciones funcionan normalmente no se llevan adelante, no tendr\u00edamos que esta ocupando el tiempo en esto, tendr\u00edamos que esta ocupando el tiempo en otras cosas , pero bueno, las circunstancias han llevado a tener que recordarle porque es una resoluci\u00f3n que solo pretende recordarle al intendente cu\u00e1l es su obligaci\u00f3n &nbsp;ni m\u00e1s ni menos,. Entonces yo por ah\u00ed vuelvo a insistir en esto de que tenemos que tomar conciencia de que el cargo publico tiene sus obligaciones, no es una cuesti\u00f3n de privilegios. Es una obligaci\u00f3n y esa obligaci\u00f3n se debe cumplir, Simplemente eso Sr Presidente agradecer que tenga tratamiento preferencial que hay temas urgentes que debemos atender. 4.Expte.N\u00b05.320-HC 057-2.023 Proyecto de Resoluci\u00f3n: Solicitar al Ente Nacional de Comunicaciones (ENACOM) la realizaci\u00f3n de un Censo de las Radios FM y AM existentes en el Departamento (BLOQUE U.C.R- INDEPENDIENTE) Autor Concejal Gabriel Rosas. \/ Quien en uso de la palabra manifiesta, este proyecto, este pedido&nbsp; viene de la mano de varios vecinos que justamente tienen un par de&nbsp; FM en el&nbsp; Departamento, y nos han comentado que durante un tiempo largo nuevas se ven perjudicados por otras emisoras que se est\u00e1n instalando en el lugar, de manera clandestina, llam\u00e9mosle bueno ellos se, ven perjudicados porque varias de las personas que por ah\u00ed publicitaban en sus radios y eso, entonces nos han pedido que podamos solicitarle a este ente nacional, el cual &nbsp;creo que ya ha estado trabajando hace unos d\u00edas aqu\u00ed en&nbsp; Malarg\u00fce &nbsp;extraoficialmente, digamos, han estado trabajando , entonces para reafirmarle&nbsp; un poco este pedido,&nbsp; para que tambi\u00e9n aquellos que tienen la voluntad de estar en regla lo puedan hacer. Voy a pedir que solamente se lea el articulado y pase a la comisi\u00f3n de H.P.L.A.C.\/ Se da lectura por Secretar\u00eda a la parte resolutiva del proyecto. \/ En uso de la palabra el concejal PARADA manifiesta para pedir si me autoriza el autor del proyecto a acompa\u00f1ar con la firma , porque tambi\u00e9n entiendo que hay otra cuesti\u00f3n aqu\u00ed que son las repetidoras de radios&nbsp; , en la cual entiendo tambi\u00e9n que el municipio con &nbsp;su FM genera repetidoras de radio en los parajes, as\u00ed que si me lo permite el autor del proyecto voy a acompa\u00f1arlo con mi firma. \/ El concejal ROSAS expresa le voy a pedir por ah\u00ed que si puede ser un tratamiento no se si preferencial o no, como ustedes lo vean por el motivo de que tambi\u00e9n es una inquietud que nos llega desde el aeropuerto local donde dicen que a veces tienen interferencias con estas radios que estar\u00edan funcionando de una manera, ilegal y que puede ser muy peligroso&nbsp; porque han tenido varias ocasiones de esto, bueno lo dejo a criterio si puede ser tratamiento preferencial y si no que lo podamos hacer en un tiempo corto. \/ El concejal HIDALGO solicita acompa\u00f1ar el expediente con su firma y expresa he tenido algunos reclamos de algunos propietarios de radios que est\u00e1n en regla al d\u00eda, y en estos reclamos ellos exponen algo similar a lo que dec\u00eda el concejal Parada reci\u00e9n con respecto a las repetidores e incluso tengo conocimiento de que gran parte de la pauta publicitaria que se abona o que se paga aqu\u00ed en Malarg\u00fce por&nbsp; parte del municipio va a parar a algunas repetidoras que no tienen todas las licencias correspondientes , as\u00ed que creo que es un tema importante para trabajar entendiendo que tenemos que hacer que las cosas sean m\u00e1s justas para todos . \/ Se pone a consideraci\u00f3n el tratamiento preferencial en la comisi\u00f3n de H.P.L.A.C. que es aprobado \/\/ 5.Expte.N\u00b05.321-HC 057-2.023 Proyecto de Ordenanza: Solicitar al Departamento Ejecutivo realice limpieza de cunetas y acequias en el Departamento (INTERBLOQUE ENCUENTRO- FRENTE DE TODOS) Autores: Concejales Francisco Parada y Rodrigo Hidalgo\/ En uso de la palabra el concejal PARADDA&nbsp; expresa, la verdad que en parte, no s\u00e9 si es verg\u00fcenza , jam\u00e1s pes\u00e9 que como concejal iba a estar presentando un proyecto de este tipo, saben qu\u00e9, uno de los primeros Virreyes del Virreinato del Rio de&nbsp; La Plata Jos\u00e9 Berti pas\u00f3 a la historia&nbsp; por ser un gobernante administrador y se dedic\u00f3 especialmente a la limpieza&nbsp; de las calles de la Buenos Aires colonial, limpieza de calles, nivelaci\u00f3n, y dem\u00e1s, luminarias p\u00fablicas, etc., pas\u00f3 a la historia, estoy hablando de hace 230 a\u00f1os atr\u00e1s . el Gral. San Mart\u00edn&nbsp; es conocido, las ordenanzas de limpiar y cuidar las calles mendocinas, la famosa alameda 200 a\u00f1os atr\u00e1s ,&nbsp; pedirle al municipio que limpie acequias,&nbsp; y barrido de calles es como&nbsp; pedirle a un profesor que d\u00e9 clases, o como pedirle al panadero que prepare pan,&nbsp; pero es tal l la mugre que hay en nuestras cunetas , acequias, nosotros agregamos all\u00ed en el proyecto, un anexo que&nbsp; ser\u00e1n cuatro copias&nbsp; de fotograf\u00edas, hemos sacado cincuenta, podemos sacar quinientas. Qu\u00e9 se necesita para limpiar&nbsp; acequias, qu\u00e9 se necesita? Personal? Casi 2000 empleados municipales, sin contar contratos de locaci\u00f3n y planes sociales, seis centros de gesti\u00f3n,&nbsp; con su correspondiente personal, cu\u00e1nto por centro de gesti\u00f3n, 30 , 40&nbsp; personas trabajando 50, 80, 70 personal. Hay 120 en el centro de gesti\u00f3n 5. Personal hay, qu\u00e9 faltan , herramientas, maquinaria qu\u00e9 falta voluntad? &nbsp;Qu\u00e9 &nbsp;falta? Es lo que estamos pidiendo , creo que los recursos est\u00e1n, creo que es la cuesti\u00f3n de querer hacerlo&nbsp; por lo tanto pido la lectura, ni siquiera la lectura del articulado, pido en principio que pase por la comisi\u00f3n de EHMAS Y C por la cuesti\u00f3n de Higiene&nbsp; p\u00fablica y despu\u00e9s&nbsp;&nbsp; que pase por favor a la comisi\u00f3n de Obras P\u00fablicas. \/&nbsp; En uso de la palabra la concejal CORREA manifiesta que es para acompa\u00f1ar&nbsp; el proyecto con mi firma, porque la verdad que aunque el concejal Parada por ah\u00ed sienta&nbsp; hasta verg\u00fcenza, hemos llegado a un punto tal que le pidamos al Sr. Intendente estas cosas b\u00e1sicas como limpiar las acequias. Es &nbsp;verdad , hemos recorrido algunos barrios y hablando con algunos vecinos me comentan que hace mas de dos a\u00f1os , que la \u00faltima vez que pas\u00f3 personal municipal, limpiando acequias en alguno de los barrios, fue en pandemia, otros hace dos a\u00f1os, terminando la pandemia, por eso me sumo al proyecto, de hecho lo hab\u00edamos estado charlando , nosotros hemos tenido un claro ejemplo, nuestra acequia, incluso algunos vecinos que vienen a dejar los chicos a la escuela han planteado que las acequias , nos planteaban a nosotros y decidimos hacer limpiar la acequia por voluntad propia, no quiere decir que nosotros no podamos hacerlo, pero entendemos que es el Ejecutivo , es el municipio el que tiene que hacer estas cosas sin ir mas lejos no se si alguno ha tenido la posibilidad de caminar frente a la Unidad Fiscal, del Departamento, esas acequias est\u00e1n completamente sucias, y es donde&nbsp; tonto funcionarios municipales , como provinciales, caminan todos los d\u00edas , bueno y sin ir m\u00e1s lejos no nos olvidemos las veredas, personal municipal camina muy seguido por la vereda del Concejo Deliberante , as\u00ed que bueno y las plazas, no nos olvidemos de todo eso,&nbsp; el Departamento est\u00e1 en un estado de falta de limpieza importante y en algunos lugares donde los vecinos han salido a limpiar sus acequias&nbsp; y sus veredas, las bolsas negras son parte ya del paisaje . Barrio Mart\u00edn G\u00fcemes es parte del paisaje \u00faltimamente, los que circulamos por ah\u00ed seguido, decimos qu\u00e9 pas\u00f3, cambiamos el tacho de basura, el canastito&nbsp; por la bolsa y todos los d\u00edas. As\u00ed que bueno, gracias Sr Presidente&nbsp; y bueno, acompa\u00f1ar el proyecto con mi firma. \/ El concejal HIDALGO expresa, efectivamente verg\u00fcenza, es una de&nbsp; las palabras que genera esto, verg\u00fcenza , tristeza , ser\u00eda otra palabra e impotencia , como dijo el concejal reci\u00e9n, no deber\u00edamos estar pidiendo estas cosas, como lo expres\u00f3 tambi\u00e9n el concejal Palma , cuestiones que se entienden que son parte de,, y en este Concejo Deliberante deber\u00edamos estar tratando otros temas. Mucho m\u00e1s importantes y no lo b\u00e1sico de lo que deber\u00eda ser una gesti\u00f3n de un intendente municipal, &nbsp;&nbsp;a ver, un intendente municipal deber\u00eda tener , primero que nada conocimiento de su territorio, &nbsp;&nbsp;es un intendente que no sabe donde queda el barrio de las Madres Solteras, &nbsp;institucionalidad ser\u00eda&nbsp; otra de las cosas que deber\u00eda&nbsp; tener el intendente municipal,&nbsp; est\u00e1 de mas contar&nbsp; todo lo que ha pasado y todo lo que ha hecho con&nbsp; el Concejo Deliberante&nbsp; cuando se refiere a los concejales , pero no es solo eso sino que no respeta ni siquiera las organizaciones m\u00e1s b\u00e1sicas y&nbsp; de base de todo pueblo y toda ciudad que son las organizaciones barriales , las uniones vecinales, porque tenemos centros de gesti\u00f3n tratando de interferir&nbsp; en estas cosas y tratando de poner presidentes cuando&nbsp; todo eso deber\u00eda salir de los mismos vecinos&nbsp; y vecinas, tenemos un intendente que no representa a Malarg\u00fce , porque \u00e9l mismo en su discurso&nbsp; al hablar mal de concejales o hacer clasificaci\u00f3n entre vecinos bien nacidos o no o hablar de&nbsp; partidos pol\u00edticos y excluir e incluso qued\u00f3 demostrado luego de las elecciones cuando se dej\u00f3 a disposici\u00f3n a un mont\u00f3n de empleados municipales y se les quit\u00f3 \u00edtems , nos damos cuenta que tenemos un intendente que no representa nada mas que a su grupo y su entorno m\u00e1s cercano. Tenemos un intendente que no sabe cu\u00e1les son sus obligaciones&nbsp; y por eso hemos llegado a tener que pedir estas cuestiones tan b\u00e1sicas no, como&nbsp; pedir que salga a limpiar nuestra ciudad, como dec\u00eda la concejal Correa reci\u00e9n la mugre ya es parte del paisaje, lamentablemente. Tenemos un intendente que no tiene planificaci\u00f3n y por ah\u00ed voy a hacer un poco de alusi\u00f3n a lo que dec\u00eda el concejal parada reci\u00e9n&nbsp; en el momento de homenajes, en donde hablaba de qu\u00e9 nos est\u00e1 pasando. Bueno hubieron cuestiones que no se&nbsp; hicieron en su&nbsp; momento&nbsp; con algunas generaciones y hoy en el presente tenemos ciertos problemas, pero tenemos un intendente que no se hace cargo del presente, no veo que se haga cargo de las generaciones m\u00e1s peque\u00f1as, atendiendo s salud p\u00fablica, como en este caso, educaci\u00f3n, deporte, y nada de eso, y por ende vamos a tener no solo problemas en el presente sino tambi\u00e9n en el futuro, culpa de su gesti\u00f3n. Es grave todo lo que est\u00e1 pasando aqu\u00ed en Malarg\u00fce&nbsp; y nos encontramos pidiendo estas cuestiones &nbsp;que no deber\u00edamos estar pidi\u00e9ndolas. Tenemos un intendente que no siente amor, por Malarg\u00fce&nbsp; , s\u00ed, porque cualquiera que sienta un poco de cari\u00f1o por su pueblo lo m\u00ednimo que tiene que hacer es salir a limpiar. As\u00ed que bueno aqu\u00ed nos encontramos pidiendo este tipo de cosas , pedirle al intendente que tenga la dignidad&nbsp; de retirarse con poder&nbsp; salir y decir&nbsp; los \u00faltimos meses hice m\u00ednimamente limpieza. Porque no est\u00e1 sucediendo eso. \/\/ El concejal PARADA&nbsp; solicita el tratamiento preferencial del proyecto, en ambas comisiones , considerando sobre todo la \u00e9poca del a\u00f1o , porque se abren los cupos de riego&nbsp; en agosto, llegamos a primavera , verano, y se intensifica el riego , tiene que ver tambi\u00e9n con el cuidado del arbolado publico obviamente as\u00ed que pido por favor el tratamiento preferencial. \/ Pasa a las&nbsp;&nbsp; comisiones de E.H.M.A.S Y C&nbsp; y O.P.T Y R.N con tratamiento preferencial aprobado por el Cuerpo, \/\/En&nbsp; uso de la palabra la concejal CAMIOLO manifiesta obviamente felicitar a &nbsp;los autores del proyecto , realmente es as\u00ed, genera verg\u00fcenza que nosotros tengamos que hacer una ordenanza de algo que es natural de un municipio&nbsp; el ABL (alumbrado, berrido y limpieza) es natural&nbsp; y lamentablemente ni siquiera eso, ni hablar de presencia estatal en los barrios , ni hablar de servicios de calidad&nbsp; ej la periferia, ni hablar&nbsp; de cuidado de la salud p\u00fablica, el concejal, los concejales hablaron de verg\u00fcenza , realmente quiero decirlo y manifestarlo,&nbsp; padres del colegio aleda\u00f1o al Concejo se quejaron con nosotros, y nos dijeron que por favor, se hiciera la limpieza de las acequias porque no pod\u00edan pasar del olor cuando&nbsp; retiran a sus hijos o los traen &nbsp;, la acci\u00f3n que hizo este Concejo fue de hacerlo de manera privada,&nbsp; y lamentablemente es lo que tienen que hacer todos los vecinos que adem\u00e1s tributan y pagan sus impuestos. Mi abuela me ense\u00f1\u00f3 algo y creo que a esta gesti\u00f3n no se lo ense\u00f1\u00f3 nadie, coo uno limpia tiene el coraz\u00f3n, siempre me lo dijo, &nbsp;como uno limpia tiene el coraz\u00f3n&nbsp; y por eso nos esforz\u00e1bamos mucho en casa, para tratar de demostrar una limpieza , tratar de demostrar amor, lo que dec\u00eda el concejal a nuestra familia,&nbsp; mostrar un poco ce amor propio&nbsp; adem\u00e1s por dignidad, no solo amor por el otro sino del amor propio, creo que es un buen dicho que hoy no se refleja&nbsp; para nosotros llevarlos a la casa, no hay coraz\u00f3n en esta gesti\u00f3n&nbsp; y lamento much\u00edsimo porque no solo nos da verg\u00fcenza, tambi\u00e9n nos da tristeza, y alea a todo turista, aleja a toda posibilidad de crecimiento, y lo m\u00e1s triste es que aleja a nuestras generaciones porque hay muchos que hoy est\u00e1n deseando irse&nbsp; del Departamento. \/ El concejal ROSAS en uso de la palabra manifiesta &nbsp;tambi\u00e9n para acompa\u00f1ar con mi firma el proyecto sum\u00e1ndome a las palabras que han expresado la mayor\u00eda de los concejales, y creo&nbsp; por ah\u00ed que mi punto de vista&nbsp;&nbsp; de acompa\u00f1arlo mas all\u00e1 de todo lo que ellos dijeron, va un poco m\u00e1s por la parte de la salud, de los ni\u00f1os, las personas mayores de las que transitan el centro no voy a ir muy lejos en el d\u00eda de ayer, ah\u00ed por lo que es la parte del shopping&nbsp; &nbsp;&nbsp;&nbsp;la esquina del reloj por si uno lo quiere ir a corroborar&nbsp; donde justamente en las tardes&nbsp; hay un carrito que vende choripanes, y esas rejillas esas acequias est\u00e1n totalmente colapsadas&nbsp; de barrio podrido, hojas, nailon y no digamos&nbsp; los d\u00edas cuando empiecen los calores, tambi\u00e9n ah\u00ed frente al&nbsp; shoping hay m\u00e9dicos ah\u00ed, personas que van con&nbsp; problemas de salud, y bueno tambi\u00e9n corren esos riesgos de contagio, por eso quiero acompa\u00f1arlo con mi firma \/ La concejal ROJO en uso de la palabra expresa&nbsp; simplemente para recordar, y para con respecto a este proyecto, que tambi\u00e9n desde este Concejo Deliberante se aprob\u00f3 una ordenanza que tiene que ver&nbsp; con los preventores ambientales, haciendo referencia a este tema, que tiene que ver l\u00f3gicamente con la salud p\u00fablica,&nbsp; y la salud ambiental, y considerando el foco de contaminaci\u00f3n que generan este tipo de situaci\u00f3n, que lamentablemente se padece y la padecemos como vecinos , la padecemos como funcionarios, la padecemos como cualquier otro malarg\u00fcino, y una cuesti\u00f3n tan b\u00e1sica, creo que a la salud publica es tan importante y tan relevante y si nosotros tuvi\u00e9ramos la posibilidad y me trae a la memoria justamente en el d\u00eda de hoy en el d\u00eda justamente del bromat\u00f3logo,&nbsp; se solicito por este Concejo Deliberante la creaci\u00f3n de un laboratorio&nbsp; de bromatolog\u00eda , si tuvi\u00e9semos la oportunidad de hacer un muestreo, microbiol\u00f3gico, l\u00f3gicamente si vamos a la terminolog\u00eda adecuada, nos quedar\u00edamos espantados de la cantidad de enfermedades que&nbsp; podemos llegar a detectar, en este tipo de situaciones y en este contexto , as\u00ed que la verdad que es un proyecto que decimos c\u00f3mo estamos pidiendo esto,, pero a esta altura lo hemos tenido que solicitar de esta manera, de este modo, porque es un tema que b\u00e1sicamente una de las funciones fundamentales del Ejecutivo municipal, la higiene p\u00fablica , garantizarla y asegurarla&nbsp; y sobre todo mantenerla a lo largo del tiempo. Y justamente llevo a acotaci\u00f3n, traigo&nbsp; acotaci\u00f3n estas dos ordenanzas aprobadas , una de los preventores ambientales que decimos, bueno, d\u00f3nde est\u00e1n?&nbsp; De quien dependen y donde deber\u00edan estar haciendo su trabajo, recepcionando denuncias o haciendo las inspecciones correspondientes &nbsp;y otra bueno, justamente este tema, si tuvi\u00e9ramos la garant\u00eda de una instituci\u00f3n o de un \u00e1rea que controlara, pero no tenemos las herramientas no tenemos los recursos como lo es un laboratorio de bromatolog\u00eda donde podr\u00edamos llevar a cabo muestreos interesantes no solamente de este tipo en lo ambiental, en lo alimenticio&nbsp; y bueno ac\u00e1 estamos a la espera, del cumplimiento de ordenanzas&nbsp; como las que hemos dicho que hemos aprobado en este Concejo &nbsp;y que han sido ordenanzas que han sido basadas&nbsp; en necesidades no basadas en una cuesti\u00f3n del anhelo o el deseo&nbsp; o el poder tenerlo, basado en la necesidad, y bueno la verdad que es una cuesti\u00f3n que l\u00f3gicamente se trabajar\u00e1 e la comisi\u00f3n y quer\u00eda solamente hacer ese aporte y recordar este tipo de ordenanzas que se fueron aprobando pero que a lo largo del tiempo no se le ha dado cumplimiento. \/ El concejal PALMA en uso de al palaba manifiesta &nbsp;&nbsp;Que cosa, no, tener que presentar este tipo de proyecto , reci\u00e9n se hablaba del&nbsp; ABL&nbsp; ahora tocaron San Mart\u00edn, la calle San Mart\u00edn es triste, oscuro sin limpieza, todo roto, se aprob\u00f3 una ordenanza para el arreglo de las veredas,&nbsp; de la luminaria, se compro el material , no se hizo la obra, ayer tuvimos la posibilidad de transitar, la zona de El Pequenco , la orilla del Pequenco, la l\u00ednea de Alta Tensi\u00f3n, como se est\u00e1n descargando camiones con mugre, con bolsas con escombros, residuos domiciliarios , animales , me vino a la memoria y justamente un vecino nos par\u00f3 ayer por ese mismo tema, y yo le contaba el proyecto del concejal Rosas, de poner las garitas en los ingresos a&nbsp;&nbsp; Pequenco y por lo menos en el d\u00eda tener personal que custodie , \u00e9l me dice que ha tenido problemas con los vecinos en este tema y con la gente que va que sabe que est\u00e1 mal echarlo ah\u00ed, y \u00e9l le dice no, se tapan los desag\u00fces naturales , pero no tiene el poder de , para que la gente no lo haga,&nbsp; y somos hijos del rigor , la sociedad se ha transformado&nbsp; en hijos del rigor, est\u00e1n las ordenanzas que lo regulan , est\u00e1n las herramientas&nbsp; brindadas para que se conformen los&nbsp; preventores ambientales como reci\u00e9n lo dec\u00eda la concejal Rojo, se ha pedido que se pongan las garitas&nbsp; eso tambi\u00e9n evitar\u00eda una serie de inconvenientes,&nbsp; a la hora de usurpaci\u00f3n, y dem\u00e1s vimos tambi\u00e9n un desmonte bastante importante y nos llama la atenci\u00f3n y seguimos en estas cuestiones reclamando el ABL (alumbrado barrido y limpieza) \/\/ &nbsp;6.Expte.N\u00b05.322-HC 057-2.023 Proyecto de Ordenanza: Ampliar el sentido \u00fanico de circulaci\u00f3n de calle Fray Luis Beltr\u00e1n desde calle Francisco \u00c1lvarez hasta calle Poti Malal&nbsp; (BLOQUE RECONSTRUYENDO MALARG\u00dcE)&nbsp; Autora: Concejal Silvina Camiolo &nbsp;quien en uso de la palabra expresa , bueno la zona ha crecido much\u00edsimo, es aleda\u00f1a a la escuela donde tuve el honor&nbsp; de realizar todos mis estudios primarios, y la verdad que ha crecido mucho&nbsp; Malarg\u00fce&nbsp; desde entonces hasta la fecha, ha crecido a nivel demogr\u00e1fico tengo que decirlo&nbsp;&nbsp; y en la misma calzada&nbsp; comparten peatones , ciclistas, automovilistas, el transporte publico&nbsp; y la calle es demasiado angosta y la verdad que en el horario pico de ingreso y egreso&nbsp; de escolares se&nbsp; convierte en un caos muy dif\u00edcil transitar por el lugar, afortunadamente tengo que decirlo que los preventores ayudan&nbsp; en este ordenamiento de tr\u00e1nsito , pero de todos modos es inc\u00f3modo, pasar por el lugar, hablando con la comunidad educativa principalmente de la Escuela Savio,&nbsp; con sus directivos, expresan que ser\u00eda de mucho agrado, porque ya hab\u00edan tenido la experiencia con la calle islas&nbsp; Malvinas que tenga un solo sentido de circulaci\u00f3n&nbsp; y ha sido ampliamente favorable&nbsp; y entendemos que la \u00fanica que queda con&nbsp; doble sentido&nbsp; es Beltr\u00e1n y oportunamente necesitamos descongestionar el lugar, principalmente por una cuesti\u00f3n de seguridad vial,&nbsp; es por eso que se plante\u00f3 la ampliaci\u00f3n&nbsp; del sentido \u00fanico y tambi\u00e9n est\u00e1 hablado , he podido conversar&nbsp; con gente del transporte quienes tambi\u00e9n ver\u00edan con agrado la modificaci\u00f3n y vamos a anexar estas adhesiones tambi\u00e9n al proyecto, en los pr\u00f3ximos d\u00edas y en el tratamiento de la comisi\u00f3n&nbsp; Pido que sea enviado a la comisi\u00f3n de&nbsp; Obras&nbsp; por &nbsp;una tem\u00e1tica que&nbsp; plantea y por una cuesti\u00f3n de&nbsp; ordenamiento de la t\u00e9cnica&nbsp; y que no se lea ni el articulado&nbsp; ni los considerandos \/&nbsp; Pasa a la comisi\u00f3n de O.P.T Y R.N \/ e la tem\u00e1tica que &nbsp;\/\/ g) Expedientes provenientes del Departamento Ejecutivo No Ingresados- \/ h) Despachos de las Comisiones de Trabajo: 1.Expte.N\u00b05.311-HC 057-2.023 Proyecto de Resoluci\u00f3n: Modificaci\u00f3n de la Ley N\u00b09.202 seg\u00fan Regularizaci\u00f3n Dominial o la re adjudicaci\u00f3n a los actuales poseedores de Colonia Pehuenche I y Pehuenche II (H.P.L.A.C.) La Comisi\u00f3n&nbsp; sugiere Dar Aprobaci\u00f3n al proyecto presentado con las siguientes modificaciones en Visto y Considerando Donde dice Art\u00edculo 10: Deber\u00e1 decir Art\u00edculo 14\u00b0&nbsp; Vistos y Considerandos \u00cddem proyecto original. Resuelve: Art\u00edculo 1\u00b0 Quedar\u00e1 redactado de la siguiente manera. Solicitar a la Legislatura de la Provincia de Mendoza&nbsp; la urgente modificaci\u00f3n de la Ley N\u00b09.202 de Regularizaci\u00f3n&nbsp; dominial o adjudicaci\u00f3n&nbsp; a los actuales poseedores de los terrenos de Colonia Pehuenche I y II dl Departamento de Malarg\u00fce , a fin de&nbsp; la norma se adec\u00fae a la realidad&nbsp; de esa zona del Departamento .Art. 2\u00b0 Quedar\u00e1 redactado &nbsp;de la siguiente manera: Elevar copia de la presente pieza legal a los Legisladores Provinciales por el Cuarto Distrito&nbsp; y a la Ge\u00f3loga Nadia Rapali&nbsp; Coordinadora de la Unidad de Gesti\u00f3n y Administraci\u00f3n de Tierras Fiscales y a la Delegaci\u00f3n Malarg\u00fce de la Unidad antes mencionada. Art 3\u00b0 De forma. &nbsp;&nbsp;\/ La concejal CORREA solicita que se repita la lectura del \u00faltimo art\u00edculo(&nbsp; Se procede por&nbsp; Secretar\u00eda ) La concejal CORREA solicita que se modifique la palabra Ge\u00f3loga por ge\u00f3grafa. \/ Realizada la&nbsp; moci\u00f3n se pone a consideraci\u00f3n y es aprobada. \/ La concejal CORREA solicita la palabra solamente para agradecerles a los concejales el tratamiento de este proyecto, tambi\u00e9n agradecer la presencia de la Sra. Nadia Rapali&nbsp; para explicar un&nbsp; poquito la situaci\u00f3n de los terrenos de colonia Pehuenche&nbsp; y bueno una vez mas agradecerles a los concejales la predisposici\u00f3n para el trabajo&nbsp; para reunirnos con la Sra. de Tierras Fiscales&nbsp; de la provincia y el pronto tratamiento \/ Se pone a consideraci\u00f3n y es aprobada&nbsp;&nbsp; 2. Expte.N\u00b05.297-HC 056-2.023 Proyecto de Ordenanza: Implementar el Programa Social de entrega de M\u00f3dulos Alimentarios aptos para personas con Diabetes. (E.H.M.A. S Y C Y H.P.L.A.C.) La comisi\u00f3n de Educaci\u00f3n sugiere&nbsp; Dar aprobaci\u00f3n al proyecto presentado con las siguientes modificaciones. Visto y Considerando \u00cddem proyecto original. Ordena Art. 1\u00b0 \u00cddem proyecto original. Art 2\u00b0 Quedar\u00e1 redactado de la siguiente manera: Requi\u00e9rase para adquirir dicho beneficio&nbsp; la evaluaci\u00f3n correspondiente llevada a cabo por la Asistente Social de la Autoridad de Aplicaci\u00f3n quien certificar\u00e1&nbsp; necesidad&nbsp; econ\u00f3mica y corroborar\u00e1 el diagn\u00f3stico. Art 3\u00b0 al Art 4\u00b0 \u00cddem proyecto original. Art 7\u00b0 De forma&nbsp; \/ La comisi\u00f3n de hacienda sugiere hacer suyo el despacho emitido por la comisi\u00f3n de Educaci\u00f3n. \/\/ Puestos a consideraci\u00f3n son aprobados \/ 3. Expte.N\u00b05.273-HC 054-2.023 Proyecto de Ordenanza: Encomendar al D.E. la construcci\u00f3n y\/o instalaci\u00f3n de estaciones solares que provean agua caliente y tomacorrientes en los espacios p\u00fablicos de mayor concurrencia. (O.P.T Y R.N y H.P.L.A.C.) Ambas comisiones sugieren la aprobaci\u00f3n del proyecto sin modificaciones. \/ Puestos a consideraci\u00f3n son aprobados.. &nbsp;\/ 4.Nota HC-346-2.023 Comandante Principal Marcelo Daniel Soler, Jefe Escuadr\u00f3n 29 Malarg\u00fce solicita condonaci\u00f3n de deuda de los per\u00edodos 2019, 2020., 2021 y 2022 de los inmuebles de Gendarmer\u00eda Nacional. (H.P.L.A.C.) La comisi\u00f3n&nbsp;&nbsp; sugiere que a trav\u00e9s de Secretar\u00eda&nbsp; del Honorable Concejo Deliberante&nbsp; remita copia de la misma al Departamento Ejecutivo&nbsp; Municipal&nbsp; a efectos de ser considerada&nbsp; seg\u00fan criterio&nbsp; de la Direcci\u00f3n correspondiente , como as\u00ed tambi\u00e9n informe a esta Comisi\u00f3n ocupaci\u00f3n actual de las viviendas y en caso&nbsp; de corresponder&nbsp; elevar el proyecto respectivo&nbsp; para su consideraci\u00f3n , por el Honorable Concejo Deliberante.\/ Se pone a consideraci\u00f3n de los se\u00f1ores ediles y es aprobado. &nbsp;&nbsp;\/ 5. Nota HC 076-2.023 Sra. Mabel Lucero, expone situaci\u00f3n por cobro indebido de impuestos municipales a nombre de otro contribuyente por error de emisi\u00f3n del boleto por parte del \u00c1rea de Rentas. (H.P.L.A.C.) &nbsp;La comisi\u00f3n sugiere elevar nota a la Sra. Mabel Lucero a los fines&nbsp; de que la misma informe por escrito&nbsp; si el Departamento Ejecutivo Municipal, le dio soluci\u00f3n&nbsp; a lo requerido por ella a fecha 15 de febrero de 2.022. \/ Se pone a consideraci\u00f3n y es aprobado \/ 6.Expte.N\u00b05.316-HC 057-2.023 Proyecto de Declaraci\u00f3n: Declarar de Inter\u00e9s Departamental la Carrera \u201cRunning La Junta\u201d organizada por la Escuela Petroleros del Sur. (E.H.M.A.S Y C) La comisi\u00f3n sugiere Dar Aprobaci\u00f3n al proyecto presentado sin modificaciones. \/ Puesto a consideraci\u00f3n, es aprobado &nbsp;\/ 7.Nota HC-320-2.023 Centro Tradicionalista Don Claudio, solicita intervenci\u00f3n a fin de concretar la realizaci\u00f3n de evento de doma clasificaci\u00f3n para Jes\u00fas Mar\u00eda. (E.H.M.A.S Y C) La comisi\u00f3n sugiere dar aprobaci\u00f3n a un Proyecto de Resoluci\u00f3n mediante el cual se dispone: Art.1\u00b0: Declarar de Inter\u00e9s Departamental la fecha clasificatoria para el Festival de Jes\u00fas Mar\u00eda 2.024 , que se llevar\u00e1 a cabo el 10 de Setiembre&nbsp; 2.023 en el Departamento de Malarg\u00fce. \/ Art. 2\u00b0 Solicitar al Departamento Ejecutivo Municipal a trav\u00e9s&nbsp; de las \u00c1reas que estime corresponder a la Organizaci\u00f3n del Evento. Art 3\u00b0 De forma. \/ Se pone a consideraci\u00f3n el despacho y es aprobado &nbsp;\/ i) Asuntos Varios. Cuando es la hora 10:35 la concejal CAMIOLO mociona que el Cuerpo se constituya en Comisi\u00f3n. \/ Moci\u00f3n que es aprobada. \/\/ A las 11;21 se reanuda la sesi\u00f3n. &nbsp;&nbsp;&nbsp;Se da tratamiento a las distintas solicitudes para este punto. Tema 1: Solicitado por la concejal ROJO : Nota Sr. Hilario \u00c1vil&nbsp; Empleado Municipal solicita&nbsp; se lo reincorpore a sus tareas habituales en&nbsp; la Escuela de El Alambrado \/ Se dispone el pase de la nota a la comisi\u00f3n de H.P.L.A.C.\/&nbsp; 2\u00b0 Tema: Solicitado por la concejal CORREA.&nbsp; Nota HC 425-23 Sra. Alejandra Gonzales de Colonia Pehuenche I y II \u2013 Solicita que se acumule al Expediente que se aprob\u00f3 en el d\u00eda de la fecha en el punto I de Despachos de Comisiones. \/ Trema 3: Solicitado por la concejal CAMIOLO&nbsp; Nota HC 424-2023 Presentada por los Concejales&nbsp; relacionada con la Visita a la Cubierta Sanitaria y Girsu.&nbsp; Solicita el pase a las comisiones&nbsp; de E.H.M.A.S,Y C&nbsp; y O,P.T Y R N \/\/&nbsp; Tema 4 : Solicitado por el concejal RISI &nbsp;Nota HC 422-2023&nbsp; de Escuela de La Junta solicita colaboraci\u00f3n para viaje a Chapadmalal . Se dispone elevarla a&nbsp; Secretar\u00eda de Gobierno y copia a cada Bloque. \/\/ Tema 5: Solicitado por el concejal RISI&nbsp; Nota HC 423-2023&nbsp; Nota presentada por el Sr Juan Sepulveda s\/ accidente de motocicleta en Ciclov\u00eda.&nbsp; \/ Se dispone el pase a la comisi\u00f3n de O.P.T Y R.N &nbsp;\/\/ No habiendo m\u00e1s temas que tratar&nbsp; se pasa al \u00faltimo punto del Orden del d\u00eda -\/ j) Acto de arriar el Pabell\u00f3n Nacional a cargo de la concejal que lo iz\u00f3, para lo cual se invita a la concejal Silvina Camiolo. \/\/ Cuando es la hora 11:24 se&nbsp; da por terminada la Sesi\u00f3n , Previa lectura y consideraci\u00f3n de lo que antecede firman las presentes&nbsp; actuaciones el Se\u00f1or Presidente y la Se\u00f1ora Secretaria del Honorable Concejo Deliberante de la&nbsp; Municipalidad de Malarg\u00fce.<\/p>\n\n\n","protected":false},"excerpt":{"rendered":"<p>En Malarg\u00fce Mendoza a Diez d\u00edas de Agosto de 2.023, cuando es la hora 9: 20 se re\u00fane el Honorable Concejo Deliberante de la Municipalidad de Malarg\u00fce, para celebrar su Sesi\u00f3n Ordinaria. Bajo la Presidencia de su titular&nbsp; Concejal Andr\u00e9s RISI&nbsp; y la presencia de los se\u00f1ores concejales&nbsp; Palma, Rosas, Rojo, Parada, Camiolo, Correa e [&hellip;]<\/p>\n","protected":false},"author":5,"featured_media":33337,"comment_status":"closed","ping_status":"closed","sticky":false,"template":"","format":"standard","meta":{"footnotes":""},"categories":[60,52,33,36],"tags":[],"class_list":["post-34696","post","type-post","status-publish","format-standard","has-post-thumbnail","hentry","category-acta-de-sesiones","category-gacetillas","category-prensa","category-sesiones"],"yoast_head":"<!-- This site is optimized with the Yoast SEO plugin v19.10 - https:\/\/yoast.com\/wordpress\/plugins\/seo\/ -->\n<title>ACTA 19\u00b0 SESI\u00d3N ORDINARIA N\u00b0 1.136 -\u201cO\u201d- 10\/08\/2.023.- Malarg\u00fce HCD<\/title>\n<meta name=\"robots\" content=\"index, follow, max-snippet:-1, max-image-preview:large, max-video-preview:-1\" \/>\n<link rel=\"canonical\" href=\"https:\/\/hcd.malargue.gov.ar\/?p=34696\" \/>\n<meta property=\"og:locale\" content=\"es_ES\" \/>\n<meta property=\"og:type\" content=\"article\" \/>\n<meta property=\"og:title\" content=\"ACTA 19\u00b0 SESI\u00d3N ORDINARIA N\u00b0 1.136 -\u201cO\u201d- 10\/08\/2.023.- Malarg\u00fce HCD\" \/>\n<meta property=\"og:description\" content=\"En Malarg\u00fce Mendoza a Diez d\u00edas de Agosto de 2.023, cuando es la hora 9: 20 se re\u00fane el Honorable Concejo Deliberante de la Municipalidad de Malarg\u00fce, para celebrar su Sesi\u00f3n Ordinaria. Bajo la Presidencia de su titular&nbsp; Concejal Andr\u00e9s RISI&nbsp; y la presencia de los se\u00f1ores concejales&nbsp; Palma, Rosas, Rojo, Parada, Camiolo, Correa e [&hellip;]\" \/>\n<meta property=\"og:url\" content=\"https:\/\/hcd.malargue.gov.ar\/?p=34696\" \/>\n<meta property=\"og:site_name\" content=\"Malarg\u00fce HCD\" \/>\n<meta property=\"article:published_time\" content=\"2023-08-17T13:49:01+00:00\" \/>\n<meta property=\"article:modified_time\" content=\"2023-08-17T13:49:04+00:00\" \/>\n<meta property=\"og:image\" content=\"https:\/\/hcd.malargue.gov.ar\/wp-content\/uploads\/2023\/03\/actas-sesiones.jpg\" \/>\n\t<meta property=\"og:image:width\" content=\"1640\" \/>\n\t<meta property=\"og:image:height\" content=\"924\" \/>\n\t<meta property=\"og:image:type\" content=\"image\/jpeg\" \/>\n<meta name=\"author\" content=\"Belen Pedernera Ferragut\" \/>\n<meta name=\"twitter:card\" content=\"summary_large_image\" \/>\n<meta name=\"twitter:label1\" content=\"Escrito por\" \/>\n\t<meta name=\"twitter:data1\" content=\"Belen Pedernera Ferragut\" \/>\n\t<meta name=\"twitter:label2\" content=\"Tiempo de lectura\" \/>\n\t<meta name=\"twitter:data2\" content=\"46 minutos\" \/>\n<script type=\"application\/ld+json\" class=\"yoast-schema-graph\">{\"@context\":\"https:\/\/schema.org\",\"@graph\":[{\"@type\":\"WebPage\",\"@id\":\"https:\/\/hcd.malargue.gov.ar\/?p=34696\",\"url\":\"https:\/\/hcd.malargue.gov.ar\/?p=34696\",\"name\":\"ACTA 19\u00b0 SESI\u00d3N ORDINARIA N\u00b0 1.136 -\u201cO\u201d- 10\/08\/2.023.- Malarg\u00fce HCD\",\"isPartOf\":{\"@id\":\"https:\/\/hcd.malargue.gov.ar\/#website\"},\"datePublished\":\"2023-08-17T13:49:01+00:00\",\"dateModified\":\"2023-08-17T13:49:04+00:00\",\"author\":{\"@id\":\"https:\/\/hcd.malargue.gov.ar\/#\/schema\/person\/3fd6bbab64edd703961b795156c955d0\"},\"breadcrumb\":{\"@id\":\"https:\/\/hcd.malargue.gov.ar\/?p=34696#breadcrumb\"},\"inLanguage\":\"es-AR\",\"potentialAction\":[{\"@type\":\"ReadAction\",\"target\":[\"https:\/\/hcd.malargue.gov.ar\/?p=34696\"]}]},{\"@type\":\"BreadcrumbList\",\"@id\":\"https:\/\/hcd.malargue.gov.ar\/?p=34696#breadcrumb\",\"itemListElement\":[{\"@type\":\"ListItem\",\"position\":1,\"name\":\"Inicio\",\"item\":\"https:\/\/hcd.malargue.gov.ar\/\"},{\"@type\":\"ListItem\",\"position\":2,\"name\":\"ACTA 19\u00b0 SESI\u00d3N ORDINARIA N\u00b0 1.136 -\u201cO\u201d- 10\/08\/2.023.-\"}]},{\"@type\":\"WebSite\",\"@id\":\"https:\/\/hcd.malargue.gov.ar\/#website\",\"url\":\"https:\/\/hcd.malargue.gov.ar\/\",\"name\":\"Malarg\u00fce HCD\",\"description\":\"Malarg\u00fce Mendoza Argentina\",\"potentialAction\":[{\"@type\":\"SearchAction\",\"target\":{\"@type\":\"EntryPoint\",\"urlTemplate\":\"https:\/\/hcd.malargue.gov.ar\/?s={search_term_string}\"},\"query-input\":\"required name=search_term_string\"}],\"inLanguage\":\"es-AR\"},{\"@type\":\"Person\",\"@id\":\"https:\/\/hcd.malargue.gov.ar\/#\/schema\/person\/3fd6bbab64edd703961b795156c955d0\",\"name\":\"Belen Pedernera Ferragut\",\"image\":{\"@type\":\"ImageObject\",\"inLanguage\":\"es-AR\",\"@id\":\"https:\/\/hcd.malargue.gov.ar\/#\/schema\/person\/image\/\",\"url\":\"https:\/\/secure.gravatar.com\/avatar\/1054ffab3893de4bb3eb29bdd22f7e34b8537bf5d34d9dab311818154ad5b71f?s=96&d=mm&r=g\",\"contentUrl\":\"https:\/\/secure.gravatar.com\/avatar\/1054ffab3893de4bb3eb29bdd22f7e34b8537bf5d34d9dab311818154ad5b71f?s=96&d=mm&r=g\",\"caption\":\"Belen Pedernera Ferragut\"},\"url\":\"https:\/\/hcd.malargue.gov.ar\/?author=5\"}]}<\/script>\n<!-- \/ Yoast SEO plugin. -->","yoast_head_json":{"title":"ACTA 19\u00b0 SESI\u00d3N ORDINARIA N\u00b0 1.136 -\u201cO\u201d- 10\/08\/2.023.- Malarg\u00fce HCD","robots":{"index":"index","follow":"follow","max-snippet":"max-snippet:-1","max-image-preview":"max-image-preview:large","max-video-preview":"max-video-preview:-1"},"canonical":"https:\/\/hcd.malargue.gov.ar\/?p=34696","og_locale":"es_ES","og_type":"article","og_title":"ACTA 19\u00b0 SESI\u00d3N ORDINARIA N\u00b0 1.136 -\u201cO\u201d- 10\/08\/2.023.- Malarg\u00fce HCD","og_description":"En Malarg\u00fce Mendoza a Diez d\u00edas de Agosto de 2.023, cuando es la hora 9: 20 se re\u00fane el Honorable Concejo Deliberante de la Municipalidad de Malarg\u00fce, para celebrar su Sesi\u00f3n Ordinaria. Bajo la Presidencia de su titular&nbsp; Concejal Andr\u00e9s RISI&nbsp; y la presencia de los se\u00f1ores concejales&nbsp; Palma, Rosas, Rojo, Parada, Camiolo, Correa e [&hellip;]","og_url":"https:\/\/hcd.malargue.gov.ar\/?p=34696","og_site_name":"Malarg\u00fce HCD","article_published_time":"2023-08-17T13:49:01+00:00","article_modified_time":"2023-08-17T13:49:04+00:00","og_image":[{"width":1640,"height":924,"url":"https:\/\/hcd.malargue.gov.ar\/wp-content\/uploads\/2023\/03\/actas-sesiones.jpg","type":"image\/jpeg"}],"author":"Belen Pedernera Ferragut","twitter_card":"summary_large_image","twitter_misc":{"Escrito por":"Belen Pedernera Ferragut","Tiempo de lectura":"46 minutos"},"schema":{"@context":"https:\/\/schema.org","@graph":[{"@type":"WebPage","@id":"https:\/\/hcd.malargue.gov.ar\/?p=34696","url":"https:\/\/hcd.malargue.gov.ar\/?p=34696","name":"ACTA 19\u00b0 SESI\u00d3N ORDINARIA N\u00b0 1.136 -\u201cO\u201d- 10\/08\/2.023.- Malarg\u00fce HCD","isPartOf":{"@id":"https:\/\/hcd.malargue.gov.ar\/#website"},"datePublished":"2023-08-17T13:49:01+00:00","dateModified":"2023-08-17T13:49:04+00:00","author":{"@id":"https:\/\/hcd.malargue.gov.ar\/#\/schema\/person\/3fd6bbab64edd703961b795156c955d0"},"breadcrumb":{"@id":"https:\/\/hcd.malargue.gov.ar\/?p=34696#breadcrumb"},"inLanguage":"es-AR","potentialAction":[{"@type":"ReadAction","target":["https:\/\/hcd.malargue.gov.ar\/?p=34696"]}]},{"@type":"BreadcrumbList","@id":"https:\/\/hcd.malargue.gov.ar\/?p=34696#breadcrumb","itemListElement":[{"@type":"ListItem","position":1,"name":"Inicio","item":"https:\/\/hcd.malargue.gov.ar\/"},{"@type":"ListItem","position":2,"name":"ACTA 19\u00b0 SESI\u00d3N ORDINARIA N\u00b0 1.136 -\u201cO\u201d- 10\/08\/2.023.-"}]},{"@type":"WebSite","@id":"https:\/\/hcd.malargue.gov.ar\/#website","url":"https:\/\/hcd.malargue.gov.ar\/","name":"Malarg\u00fce HCD","description":"Malarg\u00fce Mendoza Argentina","potentialAction":[{"@type":"SearchAction","target":{"@type":"EntryPoint","urlTemplate":"https:\/\/hcd.malargue.gov.ar\/?s={search_term_string}"},"query-input":"required name=search_term_string"}],"inLanguage":"es-AR"},{"@type":"Person","@id":"https:\/\/hcd.malargue.gov.ar\/#\/schema\/person\/3fd6bbab64edd703961b795156c955d0","name":"Belen Pedernera Ferragut","image":{"@type":"ImageObject","inLanguage":"es-AR","@id":"https:\/\/hcd.malargue.gov.ar\/#\/schema\/person\/image\/","url":"https:\/\/secure.gravatar.com\/avatar\/1054ffab3893de4bb3eb29bdd22f7e34b8537bf5d34d9dab311818154ad5b71f?s=96&d=mm&r=g","contentUrl":"https:\/\/secure.gravatar.com\/avatar\/1054ffab3893de4bb3eb29bdd22f7e34b8537bf5d34d9dab311818154ad5b71f?s=96&d=mm&r=g","caption":"Belen Pedernera Ferragut"},"url":"https:\/\/hcd.malargue.gov.ar\/?author=5"}]}},"_links":{"self":[{"href":"https:\/\/hcd.malargue.gov.ar\/index.php?rest_route=\/wp\/v2\/posts\/34696","targetHints":{"allow":["GET"]}}],"collection":[{"href":"https:\/\/hcd.malargue.gov.ar\/index.php?rest_route=\/wp\/v2\/posts"}],"about":[{"href":"https:\/\/hcd.malargue.gov.ar\/index.php?rest_route=\/wp\/v2\/types\/post"}],"author":[{"embeddable":true,"href":"https:\/\/hcd.malargue.gov.ar\/index.php?rest_route=\/wp\/v2\/users\/5"}],"replies":[{"embeddable":true,"href":"https:\/\/hcd.malargue.gov.ar\/index.php?rest_route=%2Fwp%2Fv2%2Fcomments&post=34696"}],"version-history":[{"count":2,"href":"https:\/\/hcd.malargue.gov.ar\/index.php?rest_route=\/wp\/v2\/posts\/34696\/revisions"}],"predecessor-version":[{"id":34699,"href":"https:\/\/hcd.malargue.gov.ar\/index.php?rest_route=\/wp\/v2\/posts\/34696\/revisions\/34699"}],"wp:featuredmedia":[{"embeddable":true,"href":"https:\/\/hcd.malargue.gov.ar\/index.php?rest_route=\/wp\/v2\/media\/33337"}],"wp:attachment":[{"href":"https:\/\/hcd.malargue.gov.ar\/index.php?rest_route=%2Fwp%2Fv2%2Fmedia&parent=34696"}],"wp:term":[{"taxonomy":"category","embeddable":true,"href":"https:\/\/hcd.malargue.gov.ar\/index.php?rest_route=%2Fwp%2Fv2%2Fcategories&post=34696"},{"taxonomy":"post_tag","embeddable":true,"href":"https:\/\/hcd.malargue.gov.ar\/index.php?rest_route=%2Fwp%2Fv2%2Ftags&post=34696"}],"curies":[{"name":"wp","href":"https:\/\/api.w.org\/{rel}","templated":true}]}}