{"id":34716,"date":"2023-08-18T12:50:37","date_gmt":"2023-08-18T15:50:37","guid":{"rendered":"https:\/\/hcd.malargue.gov.ar\/?p=34716"},"modified":"2023-08-18T13:00:28","modified_gmt":"2023-08-18T16:00:28","slug":"importante-reunion-de-la-comision-de-educacion-para-tratar-el-estado-de-emergencia-de-la-cubierta-sanitaria-de-malargue","status":"publish","type":"post","link":"https:\/\/hcd.malargue.gov.ar\/?p=34716","title":{"rendered":"IMPORTANTE REUNI\u00d3N DE LA COMISI\u00d3N DE EDUCACI\u00d3N PARA TRATAR EL ESTADO DE EMERGENCIA DE LA CUBIERTA SANITARIA DE MALARG\u00dcE"},"content":{"rendered":"<div class=\"wp-block-image\">\n<figure class=\"alignright size-large is-resized\"><img loading=\"lazy\" decoding=\"async\" src=\"https:\/\/hcd.malargue.gov.ar\/wp-content\/uploads\/2023\/08\/367449650_610241921281700_5891309330984114279_n-1024x577.jpg\" alt=\"\" class=\"wp-image-34720\" style=\"width:338px;height:190px\" width=\"338\" height=\"190\" srcset=\"https:\/\/hcd.malargue.gov.ar\/wp-content\/uploads\/2023\/08\/367449650_610241921281700_5891309330984114279_n-1024x577.jpg 1024w, https:\/\/hcd.malargue.gov.ar\/wp-content\/uploads\/2023\/08\/367449650_610241921281700_5891309330984114279_n-300x169.jpg 300w, https:\/\/hcd.malargue.gov.ar\/wp-content\/uploads\/2023\/08\/367449650_610241921281700_5891309330984114279_n-768x432.jpg 768w, https:\/\/hcd.malargue.gov.ar\/wp-content\/uploads\/2023\/08\/367449650_610241921281700_5891309330984114279_n-1536x865.jpg 1536w, https:\/\/hcd.malargue.gov.ar\/wp-content\/uploads\/2023\/08\/367449650_610241921281700_5891309330984114279_n.jpg 2048w\" sizes=\"auto, (max-width: 338px) 100vw, 338px\" \/><\/figure>\n<\/div>\n\n\n<p>Por la ma\u00f1ana del viernes 18 de agosto los Ediles Camiolo, Parada, Palma, Correa, Hidalgo, Rosas, Varas y Rojo recibieron a representantes de la DPA (Direcci\u00f3n de Protecci\u00f3n Ambiental), de la Tecnicatura en Conservaci\u00f3n de la Naturaleza (TECONA) y el Lic en Gesti\u00f3n Ambiental Juan Marcios Montani; para dar tratamiento a la Nota HC424\/2023 presentada por algunos Concejales que visitaron la Cubierta Sanitaria (GIRSU) y elevaron un informe escrito y fotogr\u00e1fico del estado en el que se encuentra.-<\/p>\n\n\n\n<p><a href=\"https:\/\/www.facebook.com\/photo\/?fbid=610240614615164&amp;set=pcb.610241361281756\">GALER\u00cdA DE FOTOS<\/a><\/p>\n","protected":false},"excerpt":{"rendered":"<p>Por la ma\u00f1ana del viernes 18 de agosto los Ediles Camiolo, Parada, Palma, Correa, Hidalgo, Rosas, Varas y Rojo recibieron a representantes de la DPA (Direcci\u00f3n de Protecci\u00f3n Ambiental), de la Tecnicatura en Conservaci\u00f3n de la Naturaleza (TECONA) y el Lic en Gesti\u00f3n Ambiental Juan Marcios Montani; para dar tratamiento a la Nota HC424\/2023 presentada [&hellip;]<\/p>\n","protected":false},"author":5,"featured_media":34719,"comment_status":"closed","ping_status":"closed","sticky":false,"template":"","format":"standard","meta":{"footnotes":""},"categories":[61,39,52,33],"tags":[],"class_list":["post-34716","post","type-post","status-publish","format-standard","has-post-thumbnail","hentry","category-comision-de-educacion-higiene-moralidad-accion-social-y-cultura","category-comisiones","category-gacetillas","category-prensa"],"yoast_head":"<!-- This site is optimized with the Yoast SEO plugin v19.10 - https:\/\/yoast.com\/wordpress\/plugins\/seo\/ -->\n<title>IMPORTANTE REUNI\u00d3N DE LA COMISI\u00d3N DE EDUCACI\u00d3N PARA TRATAR EL ESTADO DE EMERGENCIA DE LA CUBIERTA SANITARIA DE MALARG\u00dcE - Malarg\u00fce HCD<\/title>\n<meta name=\"robots\" content=\"index, follow, max-snippet:-1, max-image-preview:large, max-video-preview:-1\" \/>\n<link rel=\"canonical\" href=\"https:\/\/hcd.malargue.gov.ar\/?p=34716\" \/>\n<meta property=\"og:locale\" content=\"es_ES\" \/>\n<meta property=\"og:type\" content=\"article\" \/>\n<meta property=\"og:title\" content=\"IMPORTANTE REUNI\u00d3N DE LA COMISI\u00d3N DE EDUCACI\u00d3N PARA TRATAR EL ESTADO DE EMERGENCIA DE LA CUBIERTA SANITARIA DE MALARG\u00dcE - Malarg\u00fce HCD\" \/>\n<meta property=\"og:description\" content=\"Por la ma\u00f1ana del viernes 18 de agosto los Ediles Camiolo, Parada, Palma, Correa, Hidalgo, Rosas, Varas y Rojo recibieron a representantes de la DPA (Direcci\u00f3n de Protecci\u00f3n Ambiental), de la Tecnicatura en Conservaci\u00f3n de la Naturaleza (TECONA) y el Lic en Gesti\u00f3n Ambiental Juan Marcios Montani; para dar tratamiento a la Nota HC424\/2023 presentada [&hellip;]\" \/>\n<meta property=\"og:url\" content=\"https:\/\/hcd.malargue.gov.ar\/?p=34716\" \/>\n<meta property=\"og:site_name\" content=\"Malarg\u00fce HCD\" \/>\n<meta property=\"article:published_time\" content=\"2023-08-18T15:50:37+00:00\" \/>\n<meta property=\"article:modified_time\" content=\"2023-08-18T16:00:28+00:00\" \/>\n<meta property=\"og:image\" content=\"https:\/\/hcd.malargue.gov.ar\/wp-content\/uploads\/2023\/08\/366715154_610241511281741_852050633990255959_n.jpg\" \/>\n\t<meta property=\"og:image:width\" content=\"2048\" \/>\n\t<meta property=\"og:image:height\" content=\"1152\" \/>\n\t<meta property=\"og:image:type\" content=\"image\/jpeg\" \/>\n<meta name=\"author\" content=\"Belen Pedernera Ferragut\" \/>\n<meta name=\"twitter:card\" content=\"summary_large_image\" \/>\n<meta name=\"twitter:label1\" content=\"Escrito por\" \/>\n\t<meta name=\"twitter:data1\" content=\"Belen Pedernera Ferragut\" \/>\n<script type=\"application\/ld+json\" class=\"yoast-schema-graph\">{\"@context\":\"https:\/\/schema.org\",\"@graph\":[{\"@type\":\"WebPage\",\"@id\":\"https:\/\/hcd.malargue.gov.ar\/?p=34716\",\"url\":\"https:\/\/hcd.malargue.gov.ar\/?p=34716\",\"name\":\"IMPORTANTE REUNI\u00d3N DE LA COMISI\u00d3N DE EDUCACI\u00d3N PARA TRATAR EL ESTADO DE EMERGENCIA DE LA CUBIERTA SANITARIA DE MALARG\u00dcE - Malarg\u00fce HCD\",\"isPartOf\":{\"@id\":\"https:\/\/hcd.malargue.gov.ar\/#website\"},\"datePublished\":\"2023-08-18T15:50:37+00:00\",\"dateModified\":\"2023-08-18T16:00:28+00:00\",\"author\":{\"@id\":\"https:\/\/hcd.malargue.gov.ar\/#\/schema\/person\/3fd6bbab64edd703961b795156c955d0\"},\"breadcrumb\":{\"@id\":\"https:\/\/hcd.malargue.gov.ar\/?p=34716#breadcrumb\"},\"inLanguage\":\"es-AR\",\"potentialAction\":[{\"@type\":\"ReadAction\",\"target\":[\"https:\/\/hcd.malargue.gov.ar\/?p=34716\"]}]},{\"@type\":\"BreadcrumbList\",\"@id\":\"https:\/\/hcd.malargue.gov.ar\/?p=34716#breadcrumb\",\"itemListElement\":[{\"@type\":\"ListItem\",\"position\":1,\"name\":\"Inicio\",\"item\":\"https:\/\/hcd.malargue.gov.ar\/\"},{\"@type\":\"ListItem\",\"position\":2,\"name\":\"IMPORTANTE REUNI\u00d3N DE LA COMISI\u00d3N DE EDUCACI\u00d3N PARA TRATAR EL ESTADO DE EMERGENCIA DE LA CUBIERTA SANITARIA DE MALARG\u00dcE\"}]},{\"@type\":\"WebSite\",\"@id\":\"https:\/\/hcd.malargue.gov.ar\/#website\",\"url\":\"https:\/\/hcd.malargue.gov.ar\/\",\"name\":\"Malarg\u00fce HCD\",\"description\":\"Malarg\u00fce Mendoza Argentina\",\"potentialAction\":[{\"@type\":\"SearchAction\",\"target\":{\"@type\":\"EntryPoint\",\"urlTemplate\":\"https:\/\/hcd.malargue.gov.ar\/?s={search_term_string}\"},\"query-input\":\"required name=search_term_string\"}],\"inLanguage\":\"es-AR\"},{\"@type\":\"Person\",\"@id\":\"https:\/\/hcd.malargue.gov.ar\/#\/schema\/person\/3fd6bbab64edd703961b795156c955d0\",\"name\":\"Belen Pedernera Ferragut\",\"image\":{\"@type\":\"ImageObject\",\"inLanguage\":\"es-AR\",\"@id\":\"https:\/\/hcd.malargue.gov.ar\/#\/schema\/person\/image\/\",\"url\":\"https:\/\/secure.gravatar.com\/avatar\/1054ffab3893de4bb3eb29bdd22f7e34b8537bf5d34d9dab311818154ad5b71f?s=96&d=mm&r=g\",\"contentUrl\":\"https:\/\/secure.gravatar.com\/avatar\/1054ffab3893de4bb3eb29bdd22f7e34b8537bf5d34d9dab311818154ad5b71f?s=96&d=mm&r=g\",\"caption\":\"Belen Pedernera Ferragut\"},\"url\":\"https:\/\/hcd.malargue.gov.ar\/?author=5\"}]}<\/script>\n<!-- \/ Yoast SEO plugin. -->","yoast_head_json":{"title":"IMPORTANTE REUNI\u00d3N DE LA COMISI\u00d3N DE EDUCACI\u00d3N PARA TRATAR EL ESTADO DE EMERGENCIA DE LA CUBIERTA SANITARIA DE MALARG\u00dcE - Malarg\u00fce HCD","robots":{"index":"index","follow":"follow","max-snippet":"max-snippet:-1","max-image-preview":"max-image-preview:large","max-video-preview":"max-video-preview:-1"},"canonical":"https:\/\/hcd.malargue.gov.ar\/?p=34716","og_locale":"es_ES","og_type":"article","og_title":"IMPORTANTE REUNI\u00d3N DE LA COMISI\u00d3N DE EDUCACI\u00d3N PARA TRATAR EL ESTADO DE EMERGENCIA DE LA CUBIERTA SANITARIA DE MALARG\u00dcE - Malarg\u00fce HCD","og_description":"Por la ma\u00f1ana del viernes 18 de agosto los Ediles Camiolo, Parada, Palma, Correa, Hidalgo, Rosas, Varas y Rojo recibieron a representantes de la DPA (Direcci\u00f3n de Protecci\u00f3n Ambiental), de la Tecnicatura en Conservaci\u00f3n de la Naturaleza (TECONA) y el Lic en Gesti\u00f3n Ambiental Juan Marcios Montani; para dar tratamiento a la Nota HC424\/2023 presentada [&hellip;]","og_url":"https:\/\/hcd.malargue.gov.ar\/?p=34716","og_site_name":"Malarg\u00fce HCD","article_published_time":"2023-08-18T15:50:37+00:00","article_modified_time":"2023-08-18T16:00:28+00:00","og_image":[{"width":2048,"height":1152,"url":"https:\/\/hcd.malargue.gov.ar\/wp-content\/uploads\/2023\/08\/366715154_610241511281741_852050633990255959_n.jpg","type":"image\/jpeg"}],"author":"Belen Pedernera Ferragut","twitter_card":"summary_large_image","twitter_misc":{"Escrito por":"Belen Pedernera Ferragut"},"schema":{"@context":"https:\/\/schema.org","@graph":[{"@type":"WebPage","@id":"https:\/\/hcd.malargue.gov.ar\/?p=34716","url":"https:\/\/hcd.malargue.gov.ar\/?p=34716","name":"IMPORTANTE REUNI\u00d3N DE LA COMISI\u00d3N DE EDUCACI\u00d3N PARA TRATAR EL ESTADO DE EMERGENCIA DE LA CUBIERTA SANITARIA DE MALARG\u00dcE - Malarg\u00fce HCD","isPartOf":{"@id":"https:\/\/hcd.malargue.gov.ar\/#website"},"datePublished":"2023-08-18T15:50:37+00:00","dateModified":"2023-08-18T16:00:28+00:00","author":{"@id":"https:\/\/hcd.malargue.gov.ar\/#\/schema\/person\/3fd6bbab64edd703961b795156c955d0"},"breadcrumb":{"@id":"https:\/\/hcd.malargue.gov.ar\/?p=34716#breadcrumb"},"inLanguage":"es-AR","potentialAction":[{"@type":"ReadAction","target":["https:\/\/hcd.malargue.gov.ar\/?p=34716"]}]},{"@type":"BreadcrumbList","@id":"https:\/\/hcd.malargue.gov.ar\/?p=34716#breadcrumb","itemListElement":[{"@type":"ListItem","position":1,"name":"Inicio","item":"https:\/\/hcd.malargue.gov.ar\/"},{"@type":"ListItem","position":2,"name":"IMPORTANTE REUNI\u00d3N DE LA COMISI\u00d3N DE EDUCACI\u00d3N PARA TRATAR EL ESTADO DE EMERGENCIA DE LA CUBIERTA SANITARIA DE MALARG\u00dcE"}]},{"@type":"WebSite","@id":"https:\/\/hcd.malargue.gov.ar\/#website","url":"https:\/\/hcd.malargue.gov.ar\/","name":"Malarg\u00fce HCD","description":"Malarg\u00fce Mendoza Argentina","potentialAction":[{"@type":"SearchAction","target":{"@type":"EntryPoint","urlTemplate":"https:\/\/hcd.malargue.gov.ar\/?s={search_term_string}"},"query-input":"required name=search_term_string"}],"inLanguage":"es-AR"},{"@type":"Person","@id":"https:\/\/hcd.malargue.gov.ar\/#\/schema\/person\/3fd6bbab64edd703961b795156c955d0","name":"Belen Pedernera Ferragut","image":{"@type":"ImageObject","inLanguage":"es-AR","@id":"https:\/\/hcd.malargue.gov.ar\/#\/schema\/person\/image\/","url":"https:\/\/secure.gravatar.com\/avatar\/1054ffab3893de4bb3eb29bdd22f7e34b8537bf5d34d9dab311818154ad5b71f?s=96&d=mm&r=g","contentUrl":"https:\/\/secure.gravatar.com\/avatar\/1054ffab3893de4bb3eb29bdd22f7e34b8537bf5d34d9dab311818154ad5b71f?s=96&d=mm&r=g","caption":"Belen Pedernera Ferragut"},"url":"https:\/\/hcd.malargue.gov.ar\/?author=5"}]}},"_links":{"self":[{"href":"https:\/\/hcd.malargue.gov.ar\/index.php?rest_route=\/wp\/v2\/posts\/34716","targetHints":{"allow":["GET"]}}],"collection":[{"href":"https:\/\/hcd.malargue.gov.ar\/index.php?rest_route=\/wp\/v2\/posts"}],"about":[{"href":"https:\/\/hcd.malargue.gov.ar\/index.php?rest_route=\/wp\/v2\/types\/post"}],"author":[{"embeddable":true,"href":"https:\/\/hcd.malargue.gov.ar\/index.php?rest_route=\/wp\/v2\/users\/5"}],"replies":[{"embeddable":true,"href":"https:\/\/hcd.malargue.gov.ar\/index.php?rest_route=%2Fwp%2Fv2%2Fcomments&post=34716"}],"version-history":[{"count":4,"href":"https:\/\/hcd.malargue.gov.ar\/index.php?rest_route=\/wp\/v2\/posts\/34716\/revisions"}],"predecessor-version":[{"id":34724,"href":"https:\/\/hcd.malargue.gov.ar\/index.php?rest_route=\/wp\/v2\/posts\/34716\/revisions\/34724"}],"wp:featuredmedia":[{"embeddable":true,"href":"https:\/\/hcd.malargue.gov.ar\/index.php?rest_route=\/wp\/v2\/media\/34719"}],"wp:attachment":[{"href":"https:\/\/hcd.malargue.gov.ar\/index.php?rest_route=%2Fwp%2Fv2%2Fmedia&parent=34716"}],"wp:term":[{"taxonomy":"category","embeddable":true,"href":"https:\/\/hcd.malargue.gov.ar\/index.php?rest_route=%2Fwp%2Fv2%2Fcategories&post=34716"},{"taxonomy":"post_tag","embeddable":true,"href":"https:\/\/hcd.malargue.gov.ar\/index.php?rest_route=%2Fwp%2Fv2%2Ftags&post=34716"}],"curies":[{"name":"wp","href":"https:\/\/api.w.org\/{rel}","templated":true}]}}