{"id":34760,"date":"2023-08-31T12:10:00","date_gmt":"2023-08-31T15:10:00","guid":{"rendered":"https:\/\/hcd.malargue.gov.ar\/?p=34760"},"modified":"2023-08-31T12:11:17","modified_gmt":"2023-08-31T15:11:17","slug":"acta-20-sesion-ordinaria-n1-137-o-17-08-2-023","status":"publish","type":"post","link":"https:\/\/hcd.malargue.gov.ar\/?p=34760","title":{"rendered":"ACTA 20\u00b0 SESI\u00d3N ORDINARIA N\u00b01.137- \u201cO\u201d- 17\/08\/2.023.-"},"content":{"rendered":"<div class=\"wp-block-image\">\n<figure class=\"alignright size-full is-resized\"><a href=\"http:\/\/hcd.malargue.gov.ar\/hcdpdf\/ORDINARIA%20N%201137%202023.pdf\"><img loading=\"lazy\" decoding=\"async\" src=\"https:\/\/hcd.malargue.gov.ar\/wp-content\/uploads\/2018\/06\/PDF-JPG.jpg\" alt=\"\" class=\"wp-image-7950\" style=\"width:136px;height:136px\" width=\"136\" height=\"136\" srcset=\"https:\/\/hcd.malargue.gov.ar\/wp-content\/uploads\/2018\/06\/PDF-JPG.jpg 512w, https:\/\/hcd.malargue.gov.ar\/wp-content\/uploads\/2018\/06\/PDF-JPG-150x150.jpg 150w, https:\/\/hcd.malargue.gov.ar\/wp-content\/uploads\/2018\/06\/PDF-JPG-300x300.jpg 300w\" sizes=\"auto, (max-width: 136px) 100vw, 136px\" \/><\/a><\/figure>\n<\/div>\n\n\n<p>En Malarg\u00fce Mendoza a Diecisiete d\u00edas de Agosto de 2.023, cuando es la hora 9:07&nbsp; se re\u00fane el Honorable Concejo Deliberante de la Municipalidad de Malarg\u00fce, para celebrar su Sesi\u00f3n Ordinaria. Bajo la Presidencia de su titular Concejal D. Andr\u00e9s RISI y la presencia de los se\u00f1ores concejales&nbsp; Palma, Rosas, Varas, Mosca, Rojo, Parada, Camiolo, y Correa. \/ Se firma el Libro de Asistencia donde consta la ausencia del concejal Rodrigo Hidalgo ( con nota). \/ Para dar comienzo al desarrollo del orden del D\u00eda, se invita a la concejal Silvia Beatriz CORREA&nbsp; a izar&nbsp; la Ense\u00f1a Patria,. \/ b) Homenaje de los Se\u00f1ores Concejales.. En uso de la palabra el concejal PARADA Luego de los saludos de forma expresa, \u201cBueno obviamente 17 de Agosto vamos a hacer referencia a la fecha que recuerda &nbsp;el paso a la inmortalidad del Gral. San Mart\u00edn, pensaba en estos d\u00edas un poco previendo este momento el homenaje ,&nbsp; qu\u00e9 decir &nbsp;de San Martin&nbsp; sin ser redundantes, , bueno se ha escrito tanto, de San Mart\u00edn hay tanto , seguramente tambi\u00e9n, en los actos del d\u00eda de hoy escucharemos mucho , bueno, lo que hizo San Mart\u00edn en general lo conocemos, en general, entonces&nbsp; pensaba&nbsp; hoy&nbsp; en este momento de homenaje&nbsp; a nuestro libertador un poco traer&nbsp; lo que San Mart\u00edn&nbsp; dijo , hay una frase evang\u00e9lica que dice&nbsp;&nbsp; \u201cDe la abundancia de tu coraz\u00f3n habla la boca\u201d qu\u00e9 dijo San Mart\u00edn, claro por una cuesti\u00f3n de \u00e9poca no tenemos grabado lo que \u00e9l dijo, lo que \u00e9l dijo est\u00e1 escrito en sus proclamas , en sus cartas, en sus documentos,&nbsp; y si ustedes se ponen a buscar, a rastrear frases, de San Mart\u00edn, van a encontrar muchas, y muy exquisitas, muy sencillas , pero la verdad que todas muy pedag\u00f3gicas, yo hoy traigo para compartir con ustedes, y para homenajear al Padre de la Patria, dos, me parecen oportunas, una est\u00e1 en una carta que \u00e9l le escribe a Tomas Guido&nbsp; en 1827 , el tema por el cual est\u00e1 hablando San Mart\u00edn es el encuentro con Bol\u00edvar&nbsp; donde \u00e9l tuvo que renunciar a la causa de la independencia, donde dijo esa famosa frase, Bol\u00edvar y yo no cabemos&nbsp; en el Per\u00fa, y le estampa en la carta esta frase. \u201cEstoy convencido que la pasi\u00f3n del mando es en lo general lo que con m\u00e1s imperio domina al hombre y hay muy pocos capaces de dominarle\u201d&nbsp; la pasi\u00f3n del mando, bueno , nosotros estamos en pol\u00edtica &nbsp;&nbsp;y la pol\u00edtica est\u00e1 relacionada con el mando, con el poder, &nbsp;y hay quienes sostienen que incluso la pol\u00edtica&nbsp; es poder,&nbsp; yo creo que los que estamos aqu\u00ed hay una vocaci\u00f3n pol\u00edtica y uno de los probables&nbsp; desviaciones que podemos tener&nbsp; es esa pasi\u00f3n desordenada por el mando y&nbsp; que nos cueste tener imperio sobre eso, San Martin en esa carta haciendo referencia a Bol\u00edvar pero&nbsp; de&nbsp; alguna manera &nbsp;dej\u00e1ndonos una ense\u00f1anza&nbsp; para &nbsp;la posteridad nos est\u00e1 diciendo , hay que tener dominio sobre la pasi\u00f3n del mando. Y la otra tambi\u00e9n escrita a su amigo Tomas Guido, tambi\u00e9n el mismo a\u00f1o, en este caso estaba hablando&nbsp; de el contexto de las guerras civiles &nbsp;que est\u00e1n poniendo en riesgo la independencia, o la libertad de Am\u00e9rica&nbsp; y estampa esta frase&nbsp; muy para los argentinos: \u201cPara defender la libertad se necesitan &nbsp;ciudadanos no de caf\u00e9, sino de instrucci\u00f3n moral\u201d nosotros&nbsp; por all\u00ed los argentinos que tenemos la costumbre&nbsp; de arreglar el pa\u00eds , entre&nbsp; mate y mate&nbsp;&nbsp; y en el asado, en las charlas, s\u00ed, pero por all\u00ed nos cuesta ponerle el cuerpo, y yo s\u00e9 que si estamos&nbsp; aqu\u00ed&nbsp; y porqu\u00e9 hemos decidido dar ese paso, en el cual hay que involucrarse , a veces somos cuestionados, pero con instrucci\u00f3n y elevaci\u00f3n moral podemos hacer algo por nuestra querida&nbsp; Argentina . Les voy a dejar una impresi\u00f3n por Bloque&nbsp; a modo de recuerdo&nbsp; para que puedan tenerla, no digo que la pongan en sus escritorios , pero , as\u00ed que vayan pasando,&nbsp; ah\u00ed he agregado una bonita imagen del Gral. San Mart\u00edn, de Fidel&nbsp; Roig . Matons&nbsp; que fue un gran pintor, que incluso&nbsp; se instal\u00f3 en la Cordillera de Los Andes&nbsp; entre otras cosas para inspirarse&nbsp; y poder llevar a la pintura la figura&nbsp; de San Mart\u00edn Grandeza y Modestia , as\u00ed la llam\u00f3 el autor , el artista Fidel Roy Matons&nbsp;&nbsp; Grandeza y&nbsp; modestia la obra , Roy Matons es un artista mendocino , capaz&nbsp; que&nbsp; alguna vez podamos traerlas &nbsp;ac\u00e1 a&nbsp; Malarg\u00fce &nbsp;, y muestra este San Mart\u00edn, humano pero de alg\u00fan modo tambi\u00e9n superior&nbsp; por esto de su genio de hombre&nbsp; de moral de bien y de acci\u00f3n.&nbsp; Quiz\u00e1s San Martin sigue siendo &nbsp;un modelo para nuestro accionar diario\u201d c) Consideraci\u00f3n Acta Sesi\u00f3n Ordinaria N 1.136- \u201cO\u201d- 2.023 \/ d)Lectura del detalle de la correspondencia recibida y emitida. <strong>Notas Entradas<\/strong>: 1.Sr. Guillermo Romero, eleva copia de nota remitida al Sr. Intendente denunciando obra en construcci\u00f3n que invade el espacio p\u00fablico, para conocimiento y efectos pertinentes. Pasa a O.P.T Y R.N &nbsp;\/ 2.Ing. Juan Sosa, Director de Obras P\u00fablicas, eleva informe en relaci\u00f3n a carteleria nomencladora de distintas arterias de la ciudad para la Comisi\u00f3n de OPTyRN. Pasa a O.P.T Y R.N \/ 3.Sra. Joana L\u00f3pez en representaci\u00f3n de alumnas de 3\u00ba a\u00f1o del CENS N\u00ba 3-446 Manuel Santisteban solicita ayuda econ\u00f3mica para realizaci\u00f3n de exposici\u00f3n anual del establecimiento escolar. Pasa a SECRETARIA DE GOBIERNO con copia a Bloques \/ 4.Srta. Juliana Maricel Trejo Moyano, eleva n\u00f3mina de mujeres rurales para su reconocimiento mediante pieza legal. &nbsp;Pasa a E.H.MA.S.Y C Y\/ &nbsp;La concejal ROJO solicita la palabra y expresa&nbsp; que tanto la nota 4 y 5 sean adjuntas al proyecto que ingresa en el d\u00eda de hoy , y que justamente avala la n\u00f3mina&nbsp; de mujeres rurales que ser\u00edan reconocidas&nbsp; en un evento del cual&nbsp; con la concejal Viviana Mosca&nbsp; hemos presentado un proyecto, solicitamos que se adjunten justamente al proyecto que va a ingresar, ya hay copia en el expediente.&nbsp; \/&nbsp; 5.Sra. F\u00e1tima C\u00e1ceres Presidente de la Asociaci\u00f3n Vuelo de C\u00f3ndor de Bardas Blancas, solicita colaboraci\u00f3n para reconocimiento de mujeres rurales a realizarse el pr\u00f3ximo 27 de Agosto. &nbsp;Pasa a E.H.M.A.S Y C \/ 6.Sr. Fabi\u00e1n Guti\u00e9rrez, solicita tratar tema que complica a productores de equinos de Malarg\u00fce en Sesi\u00f3n. \/ Se dispondr\u00e1 en el punto Asuntos Varios. \/ &nbsp;7.C\u00e1mara de Comercio y Afines de Malarg\u00fce, informa n\u00f3mina de la Comisi\u00f3n Directiva seg\u00fan Asamblea General Ordinaria realizada el pasado 07 de Agosto. Pasa a SECRETARIA con copia a Bloques \/ 8.Sra. Ang\u00e9lica Ver\u00f3nica Parra, solicita colaboraci\u00f3n para participaci\u00f3n de su hijo en el Certamen Nacional Laborde 2024&nbsp; a realizarse en la Ciudad de Mendoza, el pr\u00f3ximo 26 de Agosto.\/ Pasa a Secretar\u00eda de Gobierno con copia a Bloques. &nbsp;\/ <strong>Notas Emitidas<\/strong>: 1.A la Sra. Secretaria de Gobierno, remitiendo nota HC 422\/2023&nbsp; Escuela N\u00ba 1-374 Petroleros del Sur, solicitud de colaboraci\u00f3n para viaje a Chapadmalal. \/ 2.Al Sr. Intendente Municipal, remitiendo copia de nota HC 346\/2023 Jefe Escuadr\u00f3n 29 Malarg\u00fce solicitud de condonaci\u00f3n de deuda de inmuebles de Gendarmer\u00eda Nacional. \/ 3.Al Sr. Intendente Municipal,&nbsp; solicitando autorice la presencia de la Sra. Contadora y el Sr. Tesorero a reuni\u00f3n&nbsp; informativa sobre el estado econ\u00f3mico financiero actual de la Municipalidad de Malarg\u00fce. \/ 4.A la Sra. Mabel Lucero, solicitando informe por escrito si el Departamento Ejecutivo dio soluci\u00f3n definitiva al cobro indebido de Tasas Municipales.\/&nbsp; \/ 5.A la Coordinaci\u00f3n Unidad Gesti\u00f3n y Administraci\u00f3n Tierras Fiscales y Delegaci\u00f3n Malarg\u00fce y Legisladores Provinciales por el Cuarto Distrito Electoral, remitiendo copia Resoluci\u00f3n N\u00ba 301\/2.023 solicitando la modificaci\u00f3n de la Ley N\u00ba 9.202 de Regulaci\u00f3n Dominial&nbsp; Colonia Pehuenche I y II. \/ 6.A Direcci\u00f3n de Turismo, Direcci\u00f3n de Deportes y Direcci\u00f3n de Cultura remitiendo copia de Declaraci\u00f3n N\u00ba 316\/2.023 declarando de Inter\u00e9s Departamental la carrera Running La Junta. \/ 7.A la Sra. Contadora solicitando Fondo de Becas del Honorable Concejo Deliberante&nbsp; 2023, Ordenanza N\u00ba 2.238\/2.023\/&nbsp;&nbsp; Se da lectura a la nota enviada por el Bloque Frente de Todos mediante la cual&nbsp; se informa las razones de ausencia del concejal Hidalgo&nbsp; e)Consideraci\u00f3n &nbsp;de los temas que ser\u00e1n incluidos en el punto Asuntos Varios y &nbsp;&nbsp;&nbsp;puesta a consideraci\u00f3n de mociones de tratamientos sobre tablas de diversos &nbsp;&nbsp;&nbsp;expedientes.&nbsp; Cuando es la hora 9:19&nbsp; el concejal PARADA solicita un cuarto intermedio que es aprobado. A las 9:21 se reanuda la Sesi\u00f3n. \/En uso de la palabra la concejal CAMIOLO expresa entendiendo que est\u00e1n en el punto de Determinaci\u00f3n de Asuntos Varios y de manera que usted&nbsp; ya hab\u00eda adelantado la solicitud para que la nota 6, pudiera ser tratada en el punto Asuntos Varios y por estar relacionada o haber escuchado la tem\u00e1tica por distintos productores locales es que voy a intentar justificar la necesidad de tratarla en el d\u00eda de&nbsp; hoy , el primer punto es que la semana que viene es decisiva para los productores porque presentar\u00e1n una solicitud de excepci\u00f3n ante&nbsp; la &nbsp;SENASA por la necesidad de que las pol\u00edticas resolutivas de esa entidad nacional tengan un acople a la realidad&nbsp; del Departamento de Malarg\u00fce . nosotros a principio de este a\u00f1o hicimos un acompa\u00f1amiento por unanimidad desde este Concejo Deliberante por las nuevas disposiciones que hab\u00eda con respecto al transporte, incluso un reclamo que inici\u00f3 a fin del a\u00f1o pasado en el que SENASA cambi\u00f3 regulaciones y especificaciones para&nbsp; el transporte de animales que no ten\u00edan que ver con la realidad de nuestro Departamento, y que adem\u00e1s dejaban por fuera de la cadena productiva a much\u00edsimos puesteros y puesteras del Departamento. Esto obviamente afectaba directamente el bolsillo&nbsp; de los productores ganaderos y vimos la urgencia y la necesidad de acompa\u00f1ar&nbsp; por eso en esa oportunidad lo hicimos de manera un\u00e1nime , tambi\u00e9n en este punto tengo que agradecer a los referentes locales de SENASA porque pudieron llevar lel reclamo y se hizo una medida resolutiva de excepci\u00f3n para el transporte de nuestro ganado menor algo que obviamente celebro agradezco y entiendo que si queremos un pa\u00eds federal tenemos que luchar entre todos para que as\u00ed sea, hay nuevas medidas y disposiciones&nbsp; &nbsp;de la provincia de Buenos Aires con otras realidades para otro tipo de ganado&nbsp; y para otro tipo de situaciones que a veces no contemplan lo amplio y extenso que es el territorio de la Argentina&nbsp; y particularmente las realidades que se viven en nuestro&nbsp; Departamento como lo son las actividades de veranada&nbsp; e invernada que obviamente en otros lugares del pa\u00eds no se llevan a cabo. El d\u00eda jueves pasado , dia jueves 10 de agosto se llev\u00f3 a&nbsp; cabo una reuni\u00f3n de auto convocados planteando esta y otras inquietudes que son en total cerca de doce los pedidos que se van a elevar y se van a presentar a SENASA&nbsp; y se realizar\u00e1n el d\u00eda martes de la semana que viene y nosotros, nuestras comisiones&nbsp; &nbsp;la semana que viene justamente que podr\u00edan estar trabajando tenemos justo el feriado lo cual impedir\u00eda que acompa\u00f1emos este pedido antes que ellos lo lleven al lugar donde corresponde. Por eso es que acreditamos de esta manera la urgencia&nbsp; del tratamiento en el d\u00eda de hoy para que cada uno de esos productores sepan que tiene en su Concejo Deliberante voces&nbsp; de acompa\u00f1amiento para que tambi\u00e9n se sepa en la provincia y en la naci\u00f3n&nbsp; que vamos a luchar por esa&nbsp; Argentina Federal por la que tantos pr\u00f3ceres tambi\u00e9n&nbsp; lucharon y vamos a trabajar para que as\u00ed sea. Para que ning\u00fan productor malarg\u00fcino quede fuera de la cadena econ\u00f3mica y que puedan seguir creciendo. Esa es la acreditaci\u00f3n de urgencia y esperamos realmente que las pol\u00edticas resolutivas de SENASA contemplen la realidad de cada malarg\u00fcino \/ Se pone a consideraci\u00f3n la moci\u00f3n. Votan 6 concejales por la afirmativa y 2 por la negativa. (Requiere los dos tercios). \/&nbsp;&nbsp; La concejal ROJO fundamenta su voto negativo , creo que en este Concejo Deliberante siempre hemos acudido&nbsp; y en la argumentaci\u00f3n de que siempre hay que escuchar las dos campanas, siempre se ha dicho de esa manera. Yo creo que esto antes de que se env\u00ede a las delegaciones u oficinas de SSENASA en este caso particularmente a las oficinas de Mendoza , tendr\u00edamos que escuchar cu\u00e1l es el argumento que tenemos a nivel departamental. En las autoridades de SENASA a nivel departamental, cu\u00e1l es su postura , porque esa ha sido siempre la forma de trabajar y lo que generalmente la mayor\u00eda de los casos se argumenta el decir escuchar las dos partes, como lo hemos hecho en algunas otras reuniones donde hemos tenido diferentes situaciones o diferentes inconvenientes en nuestro departamento, que l\u00f3gicamente desfavorecen a los diferentes ciudadanos del Departamento&nbsp; donde intervienen entidades ya sea provinciales o nacionales, en este caso tambi\u00e9n deber\u00eda tener la oportunidad de presentarse en el Concejo Deliberante SENASA&nbsp; a nivel local, por eso mi fundamentaci\u00f3n de mi voto en negativo , es escuchar tambi\u00e9n la postura &nbsp;de SENASA oficina Malarg\u00fce&nbsp; y explicarnos el porqu\u00e9 de esta situaci\u00f3n , si hay otros casos presentados en la oficina no solamente ac\u00e1 en el Concejo Deliberante esos reclamos tambi\u00e9n que sean tra\u00eddos al Concejo por parte del encargado de SENASA de nuestro departamento &nbsp;, es simplemente eso no es que este en contra de la decisi\u00f3n tomada por&nbsp; productores del departamento sino escuchar&nbsp; tambi\u00e9n a quien nos representa en SENASA en el&nbsp; departamento, La concejal ROJO expresa que por una cuesti\u00f3n de tiempo que pase a comisi\u00f3n de Hacienda \/ Cuando es la hora 9:37 el concejal PARADA solicita un cuarto intermedio.&nbsp; A las 9:40 se reanudad la sesi\u00f3n&nbsp; en uso de la palabra el concejal PARADA&nbsp; solicita la desafectaci\u00f3n del Expte. N\u00b05321 \/2023&nbsp; justifico la ausencia de este proyecto que ingres\u00f3 la semana pasada pidiendo lo antes posible limpieza de cunetas aqu\u00ed en la ciudad por parte del municipio, la urgencia la fundamento en dos aspectos el primero obviamente desde la higiene y desde la salud, considerando entre otras cosas la verdad que la mugre que hay en las cunetas es abundante, vienen d\u00edas en que las temperaturas siguen aumentando&nbsp; todo es propenso a cuestiones de contagio&nbsp; y dem\u00e1s, pero sobre todo en el otro aspecto, el regad\u00edo que tiene que ver tambi\u00e9n&nbsp; para el arbolado p\u00fablico, ustedes saben que ya en el mes de agosto, est\u00e1 la limpieza de cupos, se larga el riego , bueno&nbsp; me parece que es urgente pedir que el municipio se ocupe de la limpieza como corresponde, de las acequias as\u00ed que esa es la fundamentaci\u00f3n&nbsp; para desafectar este expediente. Solicita la desafectaci\u00f3n de la comisi\u00f3n de Obras. \/ El concejal PALMA solicita que la votaci\u00f3n sea&nbsp; nominal. \/ Se procede en consecuencia. Votan los se\u00f1ores concejales&nbsp; Palma, Rosas, Varas, Mosca, Rojo, Parada, Camiolo, , Correa&nbsp; y Risi en afirmativo \/ &nbsp;\/ f) Proyectos de los Se\u00f1ores Concejales:&nbsp;&nbsp;&nbsp; 1.Expte.N\u00b05.323-HC 057-2.023 Proyecto de Declaraci\u00f3n: Declarar de Inter\u00e9s Departamental Social y Cultural el evento \u201cHomenaje Mujer de Campo\u201d (BLOQUE FRENTE CAMBIA MENDOZA) Autoras: Concejales Paola Rojo y Viviana Mosca.&nbsp; En uso de la palabra la concejal ROJO manifiesta \/ Solicita la palabra la concejal&nbsp; ROJO &nbsp;&nbsp;expresa que este proyecto tiene que ver con un evento que se va a llevar a cabo el fin de semana que viene&nbsp; el d\u00eda 27 de Agosto que est\u00e1 organizada por la asociaci\u00f3n Vuelo de Condor, una asociaci\u00f3n sin fines de lucro, que est\u00e1 trabajando y desempe\u00f1\u00e1ndose en el paraje de Bardas Blancas, y tambi\u00e9n acompa\u00f1a a este pedido del reconocimiento&nbsp; a 15 mujeres del campo, mujeres rurales que l\u00f3gicamente todos conocemos por la idiosincrasia de nuestra ciudad y de nuestro departamento la actividad que casa una de estas mujeres lleva a cabo en su puesto, en su paraje, en su localidad, no solamente acompa\u00f1a, sino es la propuesta&nbsp; de la asociaci\u00f3n Vuelo de Condor, sino que tambi\u00e9n de la Reina&nbsp; Nacional del Chivo, en este caso la Se\u00f1orita&nbsp; Juliana Trejo, por eso justamente cuando se le\u00eda las notas recibidas est\u00e1 el aval de que ella solicitan la redacci\u00f3n y la presentaci\u00f3n de esta n\u00f3mina de quince mujeres, como lo detallamos anteriormente y en el proyecto est\u00e1 justamente en los considerandos , la historia o la trayectoria&nbsp; de cada una de ellas en lo que tiene que ver con justamente nuestra cultura puestera , quince mujeres totalmente destacables , ah\u00ed tenemos una peque\u00f1a rese\u00f1a de&nbsp; cada una de ellas,&nbsp; y que por ah\u00ed como se escuch\u00f3 entre pasillos, no es una cuesti\u00f3n pol\u00edtica partidaria sino que es justamente una cuesti\u00f3n de acompa\u00f1amiento a una asociaci\u00f3n que viene trabajando y viene bregando por la cultura de su localidad y a una referente de una fiesta totalmente importante para el Departamento que dentro de sus proyecciones durante este a\u00f1o , ella represent\u00f3 en este caso a El Salitral, y quiere l\u00f3gicamente que las mujeres de la zona rural tengan ese protagonismo y bueno l\u00f3gicamente lo hacen&nbsp; en este evento. Que se denomina&nbsp; Homenaje a la Mujer de Campo \/ Solicito la lectura solamente del articulado y sea enviado a la comisi\u00f3n de E.H.M.A.SY C&nbsp; Se procede por Secretar\u00eda. \/ &nbsp;&nbsp;g) Expedientes provenientes del Departamento Ejecutivo No Ingresados- \/ h) Despachos de las Comisiones de Trabajo:1.Nota HC-037-2.023 ATE Seccional Malarg\u00fce eleva 25 Apelaciones del Personal Municipal referidos a descuentos de \u00cdtem presentismo.&nbsp; (H.P.LA.C.) La comisi\u00f3n sugiere dar aprobaci\u00f3n a un Proyecto de Resoluci\u00f3n mediante el&nbsp; cual se dispone&nbsp; Solicitar al Departamento Ejecutivo&nbsp; remita con car\u00e1cter de urgente los expedientes correspondientes a&nbsp; 25 apelaciones del Personal&nbsp; Municipal referido a descuentos&nbsp; de \u00edtem presentismo. Art. 2: Una vez recepcionado el Expte aludido en al art. 1\u00b0 der\u00edvense las actuaciones a la Comisi\u00f3n&nbsp; de H.P.L.A.C.&nbsp; ara continuar con su tramitaci\u00f3n legal. Art 3\u00b0 De&nbsp; forma\/ Se pone a consideraci\u00f3n de os se\u00f1ores ediles y es aprobado.&nbsp; \/ 2.Nota HC-278-2.023 Concejal Silvina Camiolo, presenta informe de situaci\u00f3n del Distrito La Escondida, respecto a distintas tem\u00e1ticas para conocimiento y abordaje (G.E. y D; E.H.M.A.S y C y &nbsp;H.P.L.A.C.) Coincidentes los despachos se pone a consideraci\u00f3n el de Hacienda en el cual se sugiere&nbsp; la aprobaci\u00f3n de un Proyecto de&nbsp; Resoluci\u00f3n mediante el cual&nbsp; se dispone: Art. 1\u00b0 S9licitar a las Legisladoras&nbsp; por el Cuarto Distrito&nbsp; tomen intervenci\u00f3n&nbsp; ante los hechos expuestos, por cuesti\u00f3n de jurisdicci\u00f3n&nbsp; provincial,&nbsp; adoptando las medidas&nbsp; correspondientes con&nbsp; car\u00e1cter de urgente. Art. 2\u00b0: Poner en conocimiento&nbsp;&nbsp; de la presente pieza legal&nbsp; a la Sra. Directora \u00c1rea Departamental de la Salud, a fin que tomes las medidas correspondientes.&nbsp; Art 3\u00b0 De forma. \/ Se pone a consideraci\u00f3n y es aprobado el&nbsp; despacho. \/&nbsp; \/ 3.Expte.N\u00b05.313-HC 057-2.023 Proyecto de Resoluci\u00f3n: Cambiar el sentido de circulaci\u00f3n de la calle Adri\u00e1n Illescas de la Ciudad de Malarg\u00fce (O.P.T Y R.N) La comisi\u00f3n sugiere dar aprobaci\u00f3n al&nbsp; proyecto&nbsp;&nbsp; y sugiere cambio de car\u00e1tula de Resoluci\u00f3n por Ordenanza.&nbsp; Visto Idem proyecto original. Considerando&nbsp;&nbsp; Primer considerando quedar\u00e1 redactado de la siguiente manera: Que la Ley 1079 Org\u00e1nica de Municipalidades, en su Art. 79 Inciso 7&nbsp;&nbsp; establece que corresponde al Concejo Deliberante&nbsp; determinar y reglamentar la ubicaci\u00f3n y tr\u00e1fico de los veh\u00edculos&nbsp; en los lugares&nbsp; y calles p\u00fablicas.&nbsp; Los dem\u00e1s considerandos Idem proyecto original.&nbsp; Ordena: Art. 1 y Art 2\u00b0 \u00cddem proyecto original. Art. 3\u00b0 Se agrega lo siguiente:&nbsp; Cartel de&nbsp; disco PARE sobre calle Adri\u00e1n Illescas en la esquina&nbsp; pr\u00f3xima a calle Francisco \u00c1lvarez a fin de cumplir con normativa vial pertinente- Cartel de Contramano en calle Adri\u00e1n Illescas, en su intersecci\u00f3n con Puesto Rojas de la Ciudad de Malarg\u00fce . Art 4\u00b0 Idem proyecto&nbsp; original Art 5\u00b0&nbsp; De forma. &nbsp;\/\/ Se pone a consideraci\u00f3n el despacho, y es aprobado. \/ &nbsp;&nbsp;\/ 4.Expte.N\u00b05.317-HC 057-2.023 Proyecto de Resoluci\u00f3n: Declarar de Inter\u00e9s Social Cultural Deportivo&nbsp;&nbsp; e Internacional el \u201cX Torneo Nacional de Newcom\u201d a realizarse del 18 al 20 de Agosto en Malarg\u00fce (E.H.M.A.S Y C) &nbsp;La comisi\u00f3n sugiere&nbsp; dar aprobaci\u00f3n al proyecto presentado&nbsp; con la siguiente modificaci\u00f3n: Visto y Considerando \u00cddem proyecto original. Resuelve: Art 1\u00b0 Declarar de Inter\u00e9s Departamental Social, Cultural , Deportivo&nbsp; el X Torneo Nacional de Newcom \u201c a realizarse del 18 al 20 de agosto en la Ciudad de Malarg\u00fce. Art. 2\u00b0 ; Remitir copia de la presente pieza legal a la Profesora Alejandra Espinoza y Delegados de los Equipos que participar\u00e1n en el evento.&nbsp; \/ Art.3\u00b0 Difundir&nbsp; el contenido de la presente pieza legal a trav\u00e9s de la Agencia de Comunicaci\u00f3n de la Municipalidad de Malarg\u00fce&nbsp; y medios de comunicaci\u00f3n&nbsp;&nbsp; orales y escritos del Departamento. \/&nbsp; Art 4\u00b0 De forma. \/ Se pone a consideraci\u00f3n y es aprobado.&nbsp; &nbsp;&nbsp;&nbsp;\/ i) Asuntos Varios.&nbsp; Cuando es la hora 9:55&nbsp; el concejal PALMA &nbsp;Solicita un cuarto intermedio que es aprobado cuando es la hora 09:54&nbsp;&nbsp;&nbsp; a las 9:55 se reanuda&nbsp; la Sesi\u00f3n.&nbsp; El concejal PALMA Manifiesta &nbsp;que revisando el Reglamento Interno&nbsp; art. 94 y nos refiere al art 86 de la 1079 , para las desafectaciones, se requieren los dos tercios de los concejales presentes.&nbsp; No del total del Cuerpo, as\u00ed que&nbsp; con seis votos estar\u00eda aprobada la nota que se solicitaba. \/ Solicita una moci\u00f3n de reconsideraci\u00f3n del punto Determinaci\u00f3n Asuntos Varios \/ &nbsp;Se pone a consideraci\u00f3n la reconsideraci\u00f3n del punto Asuntos Varios y de la solicitud&nbsp; realizada por el concejal Risi. :&nbsp;&nbsp; Nota HC-434- Fabian GUTIERREZ&nbsp; Solicita tratar en&nbsp; Sesi\u00f3n&nbsp; Ordinaria&nbsp; , un tema que complica&nbsp; a productores de equinos de Malarg\u00fce \/&nbsp; La concejal Varas solicita votaci\u00f3n nominal&nbsp; Se procede&nbsp; en consecuencia:&nbsp; Votan los se\u00f1ores concejales Palma. Rosas,&nbsp; Varas, Mosca, Rojo, Parada, Camiolo , Correa&nbsp; y Risi en afirmativo. \/&nbsp; Cuando es&nbsp; la hora 9:57 &nbsp;la concejal ROJO &nbsp;mociona que el Cuerpo se constituya en comisi\u00f3n. \/ A las 11:39 sale el Cuerpo de Comisi\u00f3n ( Conste que no est\u00e1n las concejales Mosca y Varas. ) &nbsp;-1\u00b0 Tema:&nbsp; .&nbsp; Expte. N\u00b0 5.321-HC 057-2.023 Proyecto de Ordenanza&nbsp;&nbsp; Solicitar al Departamento&nbsp; Ejecutivo realice limpieza de cunetas y Acequias&nbsp;&nbsp; en el Departamento.&nbsp; Solicitado por el&nbsp; concejal PARADA.\/ El Cuerpo en comisi\u00f3n sugiere&nbsp; 1- Desafectar&nbsp; el Expte. N\u00b05321-HC-057-2023 de la Comisi\u00f3n de Obras Publicas Turismo y Recursos Naturales\/ 2- Dar aprobaci\u00f3n al despacho emitido por la Comisi\u00f3n de Obras Publicas. \/ Se pone a consideraci\u00f3n&nbsp; el despacho y es aprobado. \/\/\/ Tema 2:&nbsp;&nbsp; &nbsp;Nota HC-434- Fabian GUTIERREZ&nbsp; Solicita tratar en&nbsp; Sesi\u00f3n&nbsp; Ordinaria&nbsp; , un tema que complica&nbsp; a productores de equinos de Malarg\u00fce.&nbsp; Solicitado por el concejal RISI. \/ El despacho del Cuerpo en Comisi\u00f3n&nbsp; sugiere dar aprobaci\u00f3n&nbsp; a un Proyecto de Resoluci\u00f3n mediante el cual se dispone&nbsp; Art 1\u00b0 Manifestar&nbsp; el acompa\u00f1amiento a los productores&nbsp; de equinos del Departamento de Malarg\u00fce&nbsp; en sus reclamos ante la Direcci\u00f3n de Ganader\u00eda&nbsp; Delegaci\u00f3n Malarg\u00fce&nbsp; y SE.NA.S.A Delegaci\u00f3n Malarg\u00fce , instando a dichas autoridades a un pronto ab0ordaje&nbsp; y resoluci\u00f3n&nbsp; de la p\u00b4 problem\u00e1tica&nbsp; planteada. \/ Art. 2: Remitir copia de la presente pieza legal&nbsp; conjuntamente con las notas de fechas 10\/08\/2023&nbsp; y 15\/08\/23 &nbsp;al Delegado&nbsp;&nbsp; de la Direcci\u00f3n&nbsp; de Ganader\u00eda en el Departamento y&nbsp; al Responsable de SE.NA.S.A Malarg\u00fce Dr. Gustavo Garc\u00eda\/ Art. 3\u00b0 Proponer&nbsp; a esta instituci\u00f3n&nbsp; (HCD) como \u00e1mbito e instancia&nbsp; de encuentro y di\u00e1logo para poder arribar a acuerdos entre productores del sector y autoridades de SENASA y Ganader\u00eda. \/ Art. 4\u00b0 De forma. \/ v No habiendo mas temas que tratar&nbsp; se pasa al \u00faltimo punto del Orden del d\u00eda &nbsp;&nbsp;&nbsp;&nbsp;&nbsp;&nbsp;&nbsp;&nbsp; j) Acto de arriar el Pabell\u00f3n Nacional a cargo de la concejal que lo iz\u00f3., para lo cual&nbsp; se invita a la concejal Silvia CORREA. Cuando es la hora 12:10 se da por terminada la Sesi\u00f3n. \/ Previa lectura y consideraci\u00f3n de lo que antecede, firman las presentes actuaciones, el Se\u00f1or Presidente y la Se\u00f1ora Secretaria del Honorable Concejo Deliberante de la Municipalidad de Malarg\u00fce. \/ &nbsp;&#8211;<\/p>\n\n\n\n\n","protected":false},"excerpt":{"rendered":"<p>En Malarg\u00fce Mendoza a Diecisiete d\u00edas de Agosto de 2.023, cuando es la hora 9:07&nbsp; se re\u00fane el Honorable Concejo Deliberante de la Municipalidad de Malarg\u00fce, para celebrar su Sesi\u00f3n Ordinaria. Bajo la Presidencia de su titular Concejal D. Andr\u00e9s RISI y la presencia de los se\u00f1ores concejales&nbsp; Palma, Rosas, Varas, Mosca, Rojo, Parada, Camiolo, [&hellip;]<\/p>\n","protected":false},"author":5,"featured_media":33337,"comment_status":"closed","ping_status":"closed","sticky":false,"template":"","format":"standard","meta":{"footnotes":""},"categories":[60,52,58,33,36],"tags":[],"class_list":["post-34760","post","type-post","status-publish","format-standard","has-post-thumbnail","hentry","category-acta-de-sesiones","category-gacetillas","category-ordinarias","category-prensa","category-sesiones"],"yoast_head":"<!-- This site is optimized with the Yoast SEO plugin v19.10 - https:\/\/yoast.com\/wordpress\/plugins\/seo\/ -->\n<title>ACTA 20\u00b0 SESI\u00d3N ORDINARIA N\u00b01.137- \u201cO\u201d- 17\/08\/2.023.- Malarg\u00fce HCD<\/title>\n<meta name=\"robots\" content=\"index, follow, max-snippet:-1, max-image-preview:large, max-video-preview:-1\" \/>\n<link rel=\"canonical\" href=\"https:\/\/hcd.malargue.gov.ar\/?p=34760\" \/>\n<meta property=\"og:locale\" content=\"es_ES\" \/>\n<meta property=\"og:type\" content=\"article\" \/>\n<meta property=\"og:title\" content=\"ACTA 20\u00b0 SESI\u00d3N ORDINARIA N\u00b01.137- \u201cO\u201d- 17\/08\/2.023.- Malarg\u00fce HCD\" \/>\n<meta property=\"og:description\" content=\"En Malarg\u00fce Mendoza a Diecisiete d\u00edas de Agosto de 2.023, cuando es la hora 9:07&nbsp; se re\u00fane el Honorable Concejo Deliberante de la Municipalidad de Malarg\u00fce, para celebrar su Sesi\u00f3n Ordinaria. Bajo la Presidencia de su titular Concejal D. Andr\u00e9s RISI y la presencia de los se\u00f1ores concejales&nbsp; Palma, Rosas, Varas, Mosca, Rojo, Parada, Camiolo, [&hellip;]\" \/>\n<meta property=\"og:url\" content=\"https:\/\/hcd.malargue.gov.ar\/?p=34760\" \/>\n<meta property=\"og:site_name\" content=\"Malarg\u00fce HCD\" \/>\n<meta property=\"article:published_time\" content=\"2023-08-31T15:10:00+00:00\" \/>\n<meta property=\"article:modified_time\" content=\"2023-08-31T15:11:17+00:00\" \/>\n<meta property=\"og:image\" content=\"https:\/\/hcd.malargue.gov.ar\/wp-content\/uploads\/2023\/03\/actas-sesiones.jpg\" \/>\n\t<meta property=\"og:image:width\" content=\"1640\" \/>\n\t<meta property=\"og:image:height\" content=\"924\" \/>\n\t<meta property=\"og:image:type\" content=\"image\/jpeg\" \/>\n<meta name=\"author\" content=\"Belen Pedernera Ferragut\" \/>\n<meta name=\"twitter:card\" content=\"summary_large_image\" \/>\n<meta name=\"twitter:label1\" content=\"Escrito por\" \/>\n\t<meta name=\"twitter:data1\" content=\"Belen Pedernera Ferragut\" \/>\n\t<meta name=\"twitter:label2\" content=\"Tiempo de lectura\" \/>\n\t<meta name=\"twitter:data2\" content=\"22 minutos\" \/>\n<script type=\"application\/ld+json\" class=\"yoast-schema-graph\">{\"@context\":\"https:\/\/schema.org\",\"@graph\":[{\"@type\":\"WebPage\",\"@id\":\"https:\/\/hcd.malargue.gov.ar\/?p=34760\",\"url\":\"https:\/\/hcd.malargue.gov.ar\/?p=34760\",\"name\":\"ACTA 20\u00b0 SESI\u00d3N ORDINARIA N\u00b01.137- \u201cO\u201d- 17\/08\/2.023.- Malarg\u00fce HCD\",\"isPartOf\":{\"@id\":\"https:\/\/hcd.malargue.gov.ar\/#website\"},\"datePublished\":\"2023-08-31T15:10:00+00:00\",\"dateModified\":\"2023-08-31T15:11:17+00:00\",\"author\":{\"@id\":\"https:\/\/hcd.malargue.gov.ar\/#\/schema\/person\/3fd6bbab64edd703961b795156c955d0\"},\"breadcrumb\":{\"@id\":\"https:\/\/hcd.malargue.gov.ar\/?p=34760#breadcrumb\"},\"inLanguage\":\"es-AR\",\"potentialAction\":[{\"@type\":\"ReadAction\",\"target\":[\"https:\/\/hcd.malargue.gov.ar\/?p=34760\"]}]},{\"@type\":\"BreadcrumbList\",\"@id\":\"https:\/\/hcd.malargue.gov.ar\/?p=34760#breadcrumb\",\"itemListElement\":[{\"@type\":\"ListItem\",\"position\":1,\"name\":\"Inicio\",\"item\":\"https:\/\/hcd.malargue.gov.ar\/\"},{\"@type\":\"ListItem\",\"position\":2,\"name\":\"ACTA 20\u00b0 SESI\u00d3N ORDINARIA N\u00b01.137- \u201cO\u201d- 17\/08\/2.023.-\"}]},{\"@type\":\"WebSite\",\"@id\":\"https:\/\/hcd.malargue.gov.ar\/#website\",\"url\":\"https:\/\/hcd.malargue.gov.ar\/\",\"name\":\"Malarg\u00fce HCD\",\"description\":\"Malarg\u00fce Mendoza Argentina\",\"potentialAction\":[{\"@type\":\"SearchAction\",\"target\":{\"@type\":\"EntryPoint\",\"urlTemplate\":\"https:\/\/hcd.malargue.gov.ar\/?s={search_term_string}\"},\"query-input\":\"required name=search_term_string\"}],\"inLanguage\":\"es-AR\"},{\"@type\":\"Person\",\"@id\":\"https:\/\/hcd.malargue.gov.ar\/#\/schema\/person\/3fd6bbab64edd703961b795156c955d0\",\"name\":\"Belen Pedernera Ferragut\",\"image\":{\"@type\":\"ImageObject\",\"inLanguage\":\"es-AR\",\"@id\":\"https:\/\/hcd.malargue.gov.ar\/#\/schema\/person\/image\/\",\"url\":\"https:\/\/secure.gravatar.com\/avatar\/1054ffab3893de4bb3eb29bdd22f7e34b8537bf5d34d9dab311818154ad5b71f?s=96&d=mm&r=g\",\"contentUrl\":\"https:\/\/secure.gravatar.com\/avatar\/1054ffab3893de4bb3eb29bdd22f7e34b8537bf5d34d9dab311818154ad5b71f?s=96&d=mm&r=g\",\"caption\":\"Belen Pedernera Ferragut\"},\"url\":\"https:\/\/hcd.malargue.gov.ar\/?author=5\"}]}<\/script>\n<!-- \/ Yoast SEO plugin. -->","yoast_head_json":{"title":"ACTA 20\u00b0 SESI\u00d3N ORDINARIA N\u00b01.137- \u201cO\u201d- 17\/08\/2.023.- Malarg\u00fce HCD","robots":{"index":"index","follow":"follow","max-snippet":"max-snippet:-1","max-image-preview":"max-image-preview:large","max-video-preview":"max-video-preview:-1"},"canonical":"https:\/\/hcd.malargue.gov.ar\/?p=34760","og_locale":"es_ES","og_type":"article","og_title":"ACTA 20\u00b0 SESI\u00d3N ORDINARIA N\u00b01.137- \u201cO\u201d- 17\/08\/2.023.- Malarg\u00fce HCD","og_description":"En Malarg\u00fce Mendoza a Diecisiete d\u00edas de Agosto de 2.023, cuando es la hora 9:07&nbsp; se re\u00fane el Honorable Concejo Deliberante de la Municipalidad de Malarg\u00fce, para celebrar su Sesi\u00f3n Ordinaria. Bajo la Presidencia de su titular Concejal D. Andr\u00e9s RISI y la presencia de los se\u00f1ores concejales&nbsp; Palma, Rosas, Varas, Mosca, Rojo, Parada, Camiolo, [&hellip;]","og_url":"https:\/\/hcd.malargue.gov.ar\/?p=34760","og_site_name":"Malarg\u00fce HCD","article_published_time":"2023-08-31T15:10:00+00:00","article_modified_time":"2023-08-31T15:11:17+00:00","og_image":[{"width":1640,"height":924,"url":"https:\/\/hcd.malargue.gov.ar\/wp-content\/uploads\/2023\/03\/actas-sesiones.jpg","type":"image\/jpeg"}],"author":"Belen Pedernera Ferragut","twitter_card":"summary_large_image","twitter_misc":{"Escrito por":"Belen Pedernera Ferragut","Tiempo de lectura":"22 minutos"},"schema":{"@context":"https:\/\/schema.org","@graph":[{"@type":"WebPage","@id":"https:\/\/hcd.malargue.gov.ar\/?p=34760","url":"https:\/\/hcd.malargue.gov.ar\/?p=34760","name":"ACTA 20\u00b0 SESI\u00d3N ORDINARIA N\u00b01.137- \u201cO\u201d- 17\/08\/2.023.- Malarg\u00fce HCD","isPartOf":{"@id":"https:\/\/hcd.malargue.gov.ar\/#website"},"datePublished":"2023-08-31T15:10:00+00:00","dateModified":"2023-08-31T15:11:17+00:00","author":{"@id":"https:\/\/hcd.malargue.gov.ar\/#\/schema\/person\/3fd6bbab64edd703961b795156c955d0"},"breadcrumb":{"@id":"https:\/\/hcd.malargue.gov.ar\/?p=34760#breadcrumb"},"inLanguage":"es-AR","potentialAction":[{"@type":"ReadAction","target":["https:\/\/hcd.malargue.gov.ar\/?p=34760"]}]},{"@type":"BreadcrumbList","@id":"https:\/\/hcd.malargue.gov.ar\/?p=34760#breadcrumb","itemListElement":[{"@type":"ListItem","position":1,"name":"Inicio","item":"https:\/\/hcd.malargue.gov.ar\/"},{"@type":"ListItem","position":2,"name":"ACTA 20\u00b0 SESI\u00d3N ORDINARIA N\u00b01.137- \u201cO\u201d- 17\/08\/2.023.-"}]},{"@type":"WebSite","@id":"https:\/\/hcd.malargue.gov.ar\/#website","url":"https:\/\/hcd.malargue.gov.ar\/","name":"Malarg\u00fce HCD","description":"Malarg\u00fce Mendoza Argentina","potentialAction":[{"@type":"SearchAction","target":{"@type":"EntryPoint","urlTemplate":"https:\/\/hcd.malargue.gov.ar\/?s={search_term_string}"},"query-input":"required name=search_term_string"}],"inLanguage":"es-AR"},{"@type":"Person","@id":"https:\/\/hcd.malargue.gov.ar\/#\/schema\/person\/3fd6bbab64edd703961b795156c955d0","name":"Belen Pedernera Ferragut","image":{"@type":"ImageObject","inLanguage":"es-AR","@id":"https:\/\/hcd.malargue.gov.ar\/#\/schema\/person\/image\/","url":"https:\/\/secure.gravatar.com\/avatar\/1054ffab3893de4bb3eb29bdd22f7e34b8537bf5d34d9dab311818154ad5b71f?s=96&d=mm&r=g","contentUrl":"https:\/\/secure.gravatar.com\/avatar\/1054ffab3893de4bb3eb29bdd22f7e34b8537bf5d34d9dab311818154ad5b71f?s=96&d=mm&r=g","caption":"Belen Pedernera Ferragut"},"url":"https:\/\/hcd.malargue.gov.ar\/?author=5"}]}},"_links":{"self":[{"href":"https:\/\/hcd.malargue.gov.ar\/index.php?rest_route=\/wp\/v2\/posts\/34760","targetHints":{"allow":["GET"]}}],"collection":[{"href":"https:\/\/hcd.malargue.gov.ar\/index.php?rest_route=\/wp\/v2\/posts"}],"about":[{"href":"https:\/\/hcd.malargue.gov.ar\/index.php?rest_route=\/wp\/v2\/types\/post"}],"author":[{"embeddable":true,"href":"https:\/\/hcd.malargue.gov.ar\/index.php?rest_route=\/wp\/v2\/users\/5"}],"replies":[{"embeddable":true,"href":"https:\/\/hcd.malargue.gov.ar\/index.php?rest_route=%2Fwp%2Fv2%2Fcomments&post=34760"}],"version-history":[{"count":3,"href":"https:\/\/hcd.malargue.gov.ar\/index.php?rest_route=\/wp\/v2\/posts\/34760\/revisions"}],"predecessor-version":[{"id":34763,"href":"https:\/\/hcd.malargue.gov.ar\/index.php?rest_route=\/wp\/v2\/posts\/34760\/revisions\/34763"}],"wp:featuredmedia":[{"embeddable":true,"href":"https:\/\/hcd.malargue.gov.ar\/index.php?rest_route=\/wp\/v2\/media\/33337"}],"wp:attachment":[{"href":"https:\/\/hcd.malargue.gov.ar\/index.php?rest_route=%2Fwp%2Fv2%2Fmedia&parent=34760"}],"wp:term":[{"taxonomy":"category","embeddable":true,"href":"https:\/\/hcd.malargue.gov.ar\/index.php?rest_route=%2Fwp%2Fv2%2Fcategories&post=34760"},{"taxonomy":"post_tag","embeddable":true,"href":"https:\/\/hcd.malargue.gov.ar\/index.php?rest_route=%2Fwp%2Fv2%2Ftags&post=34760"}],"curies":[{"name":"wp","href":"https:\/\/api.w.org\/{rel}","templated":true}]}}