{"id":34842,"date":"2023-09-07T11:55:56","date_gmt":"2023-09-07T14:55:56","guid":{"rendered":"https:\/\/hcd.malargue.gov.ar\/?p=34842"},"modified":"2023-09-07T11:56:19","modified_gmt":"2023-09-07T14:56:19","slug":"acta-21-sesion-ordinaria-n-1-138-o-31-08-2-023","status":"publish","type":"post","link":"https:\/\/hcd.malargue.gov.ar\/?p=34842","title":{"rendered":"ACTA 21\u00b0 SESI\u00d3N ORDINARIA N\u00b0 1.138-\u201cO\u201d- 31\/08\/2.023.-"},"content":{"rendered":"<div class=\"wp-block-image\">\n<figure class=\"alignright size-full is-resized\"><a href=\"http:\/\/hcd.malargue.gov.ar\/hcdpdf\/ORDINARIA%20N%201138%202023.pdf\"><img loading=\"lazy\" decoding=\"async\" src=\"https:\/\/hcd.malargue.gov.ar\/wp-content\/uploads\/2018\/06\/PDF-JPG.jpg\" alt=\"\" class=\"wp-image-7950\" style=\"width:140px;height:140px\" width=\"140\" height=\"140\" srcset=\"https:\/\/hcd.malargue.gov.ar\/wp-content\/uploads\/2018\/06\/PDF-JPG.jpg 512w, https:\/\/hcd.malargue.gov.ar\/wp-content\/uploads\/2018\/06\/PDF-JPG-150x150.jpg 150w, https:\/\/hcd.malargue.gov.ar\/wp-content\/uploads\/2018\/06\/PDF-JPG-300x300.jpg 300w\" sizes=\"auto, (max-width: 140px) 100vw, 140px\" \/><\/a><\/figure>\n<\/div>\n\n\n<p>En Malarg\u00fce Mendoza a Treinta y un d\u00edas de Agosto de 2.023, cuando es la hora 9:10 se re\u00fane el Honorable Concejo Deliberante de la Municipalidad de Malarg\u00fce para celebrar su&nbsp; Sesi\u00f3n Ordinaria. Bajo la Presidencia de su titular D. Andr\u00e9s RISI y la presencia de los se\u00f1ores concejales Palma., Rosas, Varas, Mosca, Rojo, Parada, Camiolo, Correa, e Hidalgo. \/ Luego de la firma del libro de asistencia, se invita al concejal Rodrigo Emanuel Hidalgo a izar la Ense\u00f1a Patria. \/ b) Homenaje de los Se\u00f1ores Concejales&nbsp; Solicita la palabra el concejal PARADA&nbsp; quien expresa Luego de los saludos de forma, Sencillo homenaje para aquellos que en este&nbsp;&nbsp; temporal que ha pasado y que ha dado tanto que hablar, bueno ve\u00edamos que han estado llegando hasta acompa\u00f1ar con actos solidarios a personas que realmente lo han pasado mal, y no me refiero solamente a aquellos que por una cuesti\u00f3n l\u00f3gica de su trabajo y sobre todo si responden a los servicios del&nbsp; Estado , est\u00e1n de alg\u00fan modo en obligaci\u00f3n de hacerlo, y tambi\u00e9n para ellos el reconocimiento que no es tarea f\u00e1cil, pero especialmente para aquellos que lo hacen por voluntad propia y bueno que hacen actos solidarios , enormes y que se han&nbsp; tomado esas acciones al hombro, pienso en los chicos de Fuera de Ruta , gente el Aeroclub, tambi\u00e9n una vecina&nbsp; tambi\u00e9n de familia del campo que&nbsp; es Cecilia Aguilera que est\u00e1 haciendo una colecta para ayudar a una familia de puesteros, que ha tenido mucha p\u00e9rdida de animales y seguro que habr\u00e1n&nbsp; muchos que yo particularmente desconozco , entonces a esa gente que desde la sociedad civil por all\u00ed debe hacerlo por una cuesti\u00f3n de trabajo , porque el trabajo te lo obliga, han decidido poner el hombro acompa\u00f1ar&nbsp; y ser solidarios en estos d\u00edas dif\u00edciles&nbsp; con los vecinos de Malarg\u00fce especialmente con nuestra gente de campo, as\u00ed que para ellos un respetuoso y sencillo homenaje&nbsp; aqu\u00ed desde nuestra banca\u201d\/ &nbsp;.\/ c) Consideraci\u00f3n Acta Sesi\u00f3n Ordinaria N 1.137- \u201cO\u201d- 2.023&nbsp; Se pone a consideraci\u00f3n de los se\u00f1ores ediles y es aprobada. \/\/ &nbsp;\/ d)Lectura del detalle de la correspondencia recibida y emitida. <strong>Notas Entradas<\/strong>: 1. Sra. Fabiana Glatigny Subdelegada Administrativa Direcci\u00f3n Gral. de Escuelas, eleva respuesta a inquietud de la comisi\u00f3n de EMHASyC , respecto a supuestas irregularidades en Escuela N\u00ba 8-589 Cristo Redentor de Agua Escondida. &nbsp;&nbsp;Pasa a E.H.M.A.S Y C \/2. Sr. Jos\u00e9 Secundino L\u00f3pez, presenta Recurso de Apelaci\u00f3n a Resoluci\u00f3n N\u00ba283\/2023 y Decreto Municipal N\u00ba 1.839\/2023, para conocimiento y efectos pertinentes.&nbsp; Pasa a H.P.L.A.C.\/ 3.Sra. Ramona Fernanda Narambuena, presenta Recurso de Apelaci\u00f3n contra Resoluci\u00f3n N\u00ba 222\/2023 y Decreto Municipal N\u00ba 1.840\/2023, para conocimiento y efectos pertinentes. Pasa a H.P.L.A.C. &nbsp;\/ 4.Sr. Marcelo Salvadores, Director de Catastro, eleva documentaci\u00f3n solicitada de Regularizaci\u00f3n Dominial en Localidad de Bardas Blancas.&nbsp; Pasa a H.P.L.A.C. La concejal MOSCA solicita Tratamiento Preferencial \/ La concejal ROJO manifiesta que esta nota se encuentra, o el Expediente&nbsp; de la regularizaci\u00f3n dominial del Paraje Bardas Blancas que se encuentra en la Comisi\u00f3n de Hacienda&nbsp; a la cual se deber\u00eda derivar esta nota \/ Se pone a consideraci\u00f3n&nbsp; el Tratamiento Preferencial&nbsp;&nbsp; en la comisi\u00f3n de Hacienda&nbsp; y es aprobado.&nbsp; &nbsp;\/ 5.Concejal Andr\u00e9s Risi, Presidente Honorable Concejo Deliberante eleva documentaci\u00f3n entregada por funcionarios municipales respecto a Estado Financiero del Municipio para su consideraci\u00f3n en Sesi\u00f3n Especial convocada a tal efecto.\/&nbsp;&nbsp; Pasa al Cuerpo en Comisi\u00f3n de la SESION ESPECIAL&nbsp; abierta. &nbsp;6.Sr. Hugo Kappes, por Direcci\u00f3n de Protecci\u00f3n Ambiental, eleva informe t\u00e9cnico en relaci\u00f3n a Monitoreo de Situaci\u00f3n Ambiental del Relleno Sanitario de Malarg\u00fce, para consideraci\u00f3n. Pasa a E.H.M.A.S Y C &nbsp;\/ 7.Sr. Oscar Mario Jofr\u00e9, presenta denuncia formal contra el Sr. Intendente Municipal, solicita inmediata conformaci\u00f3n de Comisi\u00f3n Investigadora. &nbsp;Pasa a H.P.L.A.C. \/ 8. Departamento Ejecutivo, remite copia Decreto Municipal N\u00ba 2.111\/2.023, para conocimiento. Pasa a H.P.L.A.C. &nbsp;\/ 9. Departamento Ejecutivo, remite copia Decreto Municipal N\u00ba 2.117\/2.023, para conocimiento. Pasa a H.P.L.A.C. &nbsp;<strong>Notas Emitidas:<\/strong> 1. A Responsables de Direcci\u00f3n de Ganader\u00eda y SE.NA.SA., remitiendo copia de Resoluci\u00f3n N\u00ba 307\/2023 para conocimiento. \/ 2.A Legisladores Provinciales por el cuarto Distrito Electoral y Directora Hospital Malarg\u00fce remitiendo copia de Resoluci\u00f3n N\u00ba 312\/2.023, solicitando se intervenga en problem\u00e1tica planteada por vecinos de Agua Escondida. \/ 3. Al Jefe de Policia Vial, Responsable cuerpo de Inspectores de Tr\u00e1nsito, Direcci\u00f3n de V\u00edas y Medios de Transporte, Delegaci\u00f3n Malarg\u00fce y Presidente de Uni\u00f3n Vecinal B\u00aa Ampliaci\u00f3n Rufino Ortega remitiendo copia de Ordenanza N\u00ba 2.249\/2.023 determinando el cambio de sentido de circulaci\u00f3n de calle Adri\u00e1n Illescas. \/ e) Consideraci\u00f3n de los temas que ser\u00e1n incluidos en el punto Asuntos Varios y &nbsp;&nbsp;&nbsp;puesta a consideraci\u00f3n de mociones de tratamientos sobre tablas de diversos expedientes. Cuando es la hora 9:19 el concejal HIDALGO solicita un cuarto intermedio que es aprobado.&nbsp; \/ A las 9:20 se reanuda la Sesi\u00f3n. En uso de la palabra el concejal HIDALGO solicita la desafectaci\u00f3n de la comisi\u00f3n de Hacienda de los Exptes N\u00b0 7374\/15 y 4007\/22&nbsp; para que sean tratados en Asuntos Varios.&nbsp; \/ Se pone a consideraci\u00f3n la moci\u00f3n del concejal Hidalgo y es aprobada .\/ Luego en uso de la palabra el concejal PALMA manifiesta no hay expedientes de referencia&nbsp; e simplemente como el Concejo Deliberante&nbsp; se encuentra adherido a la Ley 9070&nbsp; de acceso a la informaci\u00f3n p\u00fablica&nbsp; y en su art\u00edculo 7 y 40&nbsp; debemos darle cumplimiento con el funcionario garante. Se encuentra el despacho realizado, es simplemente para darle la formalidad.\/ Se pone a consideraci\u00f3n la moci\u00f3n del concejal&nbsp; Palma y es aprobada. \/ Continuando con el uso de la palabra el concejal&nbsp; PALMA&nbsp; solicita la conformaci\u00f3n d la comisi\u00f3n especial del Jurys de Tachas para darle tratamiento en asuntos varios. \/ Se pone a consideraci\u00f3n y es aprobada. \/ Cuando es la hora 9:23 la concejal Camiolo solicita un cuarto intermedio que es aprobado. \/ A las 9:29 se reanuda la sesi\u00f3n. En uso de la palabra&nbsp; la concejal ROJO solicita el tratamiento en&nbsp; Asuntos Varios&nbsp; de lo planteado en la reuni\u00f3n del d\u00eda de ayer, que surge a trav\u00e9s de la inquietud presentada&nbsp; por medio de la nota HC 543&nbsp; que tiene que ver justamente&nbsp; con esta situaci\u00f3n del temporal, que ha padecido nuestro departamento y urgencias que tienen que&nbsp; ver con&nbsp; situaciones y reclamos puntuales&nbsp; que se han ido dando en este emergencia clim\u00e1tica&nbsp; se trat\u00f3 en el&nbsp; Concejo Deliberante&nbsp; donde se convocaron diferentes instituciones del departamento , asociaciones civiles &nbsp;y surgi\u00f3 l\u00f3gicamente una reuni\u00f3n bastante productiva , totalmente positiva y se plantearon algunas necesidades a las cuales el oncejo Deliberante se comprometi\u00f3 a tratarlas y solicitarlas desde esta instituci\u00f3n. Para lo cual elaboraremos el despacho correspondiente\/ Se pone a consideraci\u00f3n la moci\u00f3n de la conejal ROJO y es aprobada.\/ f) Proyectos &nbsp;los Se\u00f1ores Concejales:&nbsp;&nbsp;&nbsp; 1.Expte.N\u00b05.324-HC 058-2.023 Proyecto de Resoluci\u00f3n: Solicitar al Departamento Ejecutivo informe sobre el uso que se da a la Casa de Malarg\u00fce en San Rafael. (BLOQUE FRENTE DE TODOS) Autores Concejales Rodrigo Hidalgo y Andr\u00e9s Risi. En uso de la palabra el concejal HIDALGO expresa. Bueno para comentarles es un pedido de informe&nbsp; que nace o sale de declaraciones de un candidato, de San Rafael en donde claramente se ve que est\u00e1 haciendo actos electorales, actos de campa\u00f1a&nbsp; en la Casa de&nbsp; Malarg\u00fce ,e&nbsp; este establecimiento&nbsp; sabemos cual es&nbsp; el uso p\u00fablico no se lo&nbsp; puede usar para&nbsp; este tipo de acciones de campa\u00f1a , es un pedido de informes que si bien sabemos que es un gobierno municipal y provincial , no respeta las leyes, no respeta las instituciones , no respeta la parte legislativa, y es la \u00fanica herramienta que tenemos nosotros como para poder ejercer nuestro trabajo&nbsp; de contralor, se sobre entiende que se est\u00e1 haciendo un mal uso, de este edificio, o sea no solo de este edificio sino de todos los bienes p\u00fablicos, aqu\u00ed en Malarg\u00fce&nbsp; esta a la vista eso, teneos un Planetario que no est\u00e1 funcionando&nbsp; para lo que tiene que ser y est\u00e1 lleno de oficinas &nbsp;&nbsp;, la municipalidad&nbsp; totalmente dividida , hay sectores que entorpecen la administraci\u00f3n p\u00fablica, no solo los bienes p\u00fablicos , los recursos municipales , tambi\u00e9n est\u00e1n siendo totalmente mal usados, considero que si no exigimos&nbsp; de los bienes municipales el uso debido para el cual ha sido creado cada edificio , evidentemente nunca va a poder funcionar bien&nbsp; todo aquello a lo que se llama la cosa p\u00fablica. Considero que por ah\u00ed en estos momentos hemos tenido ciertas contingencias clim\u00e1ticas&nbsp; estamos en una crisis bastante grande, esto puede llegar a sonar peque\u00f1o, pero si hacemos la sumatoria de todo y el mal uso que se est\u00e1 haciendo&nbsp; de todos los recursos municipales que en definitiva son nuestros recursos y de todos los&nbsp; vecinos, y vecinas no vamos a poder llegar a tener nunca un buen gobierno y gobernar es justamente eso, hacer una buena administraci\u00f3n de los recursos , por raro que suene en este momento considero que no hay que dejar pasar ninguna situaci\u00f3n en la que se mal administre nuestro patrimonio, exigir que se&nbsp; haga el uso correcto y exigir&nbsp; a que se empiece a gobernar&nbsp; como dec\u00eda reci\u00e9n hacer una buena administraci\u00f3n de los recursos&nbsp; . Pido que pase a la comisi\u00f3n de Hacienda y no es necesario la lectura. \/\/&nbsp; &nbsp;La concejal MOSCA manifiesta. Que la casa de Malarg\u00fce en San Rafael, es un lugar que hoy muchas personas tienen la posibilidad de estar ah\u00ed, aparte&nbsp; hacen la labor que es cuando alguien necesita&nbsp; un lugar para ir a hacer sus estudios o estar hospitalizados&nbsp;&nbsp; tambi\u00e9n se los&nbsp; atiende en ese lugar, conozco de la labor que hace Wanda Sandoval,&nbsp; a mucho pulm\u00f3n, y no entiendo un pedido de informe por&nbsp; un lugar que efectivamente hace un buen trabajo, \/ El concejal HIDALGO manifiesta&nbsp; que le permita aclarar a la concejal&nbsp; Mosca, \/ PRESIDENCIA dice vamos a seguir con el tratamiento del orden del d\u00eda . no es momento de debate la presentaci\u00f3n de proyectos. El concejal HIDALGO solicita que se abra el debate. Se pone a consideraci\u00f3n y es aprobada la moci\u00f3n. \/&nbsp;&nbsp;&nbsp; El concejal HIDALGO&nbsp;&nbsp; simplemente para poder responder a la concejal Mosca, esto no se trata en contra de la Se\u00f1ora Sandoval,&nbsp; sino del uso que se le est\u00e1 dando al edificio, es como si aqu\u00ed en el Concejo un candidato quisiera hacer un acto pol\u00edtico&nbsp; o como si en un centro de estudios, ya sea un Centro de Jard\u00edn Maternal&nbsp; se hiciera un acto pol\u00edtico, lo cual est\u00e1 totalmente mal, no lo digo yo, lo dicen las leyes por eso me parece importante&nbsp; aclararle eso a la concejal Mosca, es que con su aclaraci\u00f3n parece que se desdibuja y se desfigurar el pedido de informe que se est\u00e1 realizando , lo que se est\u00e1 haciendo es pedir que se le de el uso correcto&nbsp; de acuerdo a las leyes a los edificios p\u00fablicos. \/ La concejal CAMIOLO en uso de la palabra manifiesta que es para recordar a todos los &nbsp;concejales que los debates se deben dirigir a Presidencia. \/ La concejal MOSCA expresa que simplemente quiere aclarar que en la casa de Malarg\u00fce en San Rafael, si se llevan a cabo tareas que solucionan situaciones a muchas personas. \/\/&nbsp; &nbsp;Pasa a H.P.L.A.C. &nbsp;\/ 2.Expte.N\u00b05.325-HC-058-2.023 Proyecto de Resoluci\u00f3n: Solicitar a la Direcci\u00f3n Nacional de Vialidad y Direcci\u00f3n Provincial de Vialidad la disposici\u00f3n de Campamentos Viales en Ranquil Norte y Agua Escondida (BLOQUE FRENTE CAMBIA MENDOZA) Autora: Concejal Paola Rojo. Quien en uso de la palabra expresa este es un proyecto que l\u00f3gicamente&nbsp; fortalece el pedido de lo que ya se ha venido planteando en estos&nbsp; \u00faltimos tiempos, pr\u00e1cticamente hace a\u00f1os ,&nbsp; de la necesidad de&nbsp; fortalecer, el equipamiento vial que dispone el Departamento de Malarg\u00fce&nbsp; y puntualmente se hace el pedido en este caso, a dos instituciones porque l\u00f3gicamente&nbsp; en cuanto a la ubicaci\u00f3n&nbsp; de cada uno de estos campamentos,&nbsp; en el caso de Vialidad nacional para Ranquil Norte&nbsp; y su cercan\u00eda justamente a la Ruta nacional 40 y en el caso de Agua Escondida , el pedido a Vialidad Provincial, porque bueno es una de las rutas que trasciende en ese paraje y en ese distrito , la Ruta 186 . entendemos y porque lo hemos vivenciado y por los hechos que han acontecido&nbsp; \u00faltimamente , la deficiencia vial que tenemos en el Departamento y ha quedado demostrado en los&nbsp; \u00faltimos d\u00edas, con respecto a esta contingencia clim\u00e1tica ,&nbsp; hemos tenido varias reuniones con el personal de Vialidad Provincial &nbsp;y nacional , hemos solicitado tambi\u00e9n en este Concejo en dos oportunidades la presencia del Director de vialidad provincial, sabemos la buena predisposici\u00f3n que tiene hoy el&nbsp; Ing. Facundo Mart\u00ednez&nbsp; a cargo de Vialidad&nbsp; Provincial en el Departamento y por ah\u00ed no alcanzan y ni se realizan tampoco, por lo cuanto cuando hablamos de resoluciones&nbsp; son expresiones de deseo pr\u00e1cticamente las que uno manifiesta pero no por eso vamos a quedar exentos&nbsp; a no solicitarlos , por eso justamente viendo que &nbsp;nosotros contamos en el Departamento de Malarg\u00fce&nbsp; unos campamentos de puestos viales&nbsp; que por estrategia&nbsp; hace mas de cuarenta a\u00f1os l\u00f3gicamente se ubicaron en la zona cordillerana porque era su idiosincrasia&nbsp; sin duda lo habr\u00e1n pensado estrat\u00e9gicamente, eran los lugares donde la necesidad de m\u00e1quinas viales, el despeje de rutas y caminos era lo l\u00f3gico en ese momento. Pero ahora entendemos que la situaci\u00f3n es otra, la expansi\u00f3n que ha tenido el departamento de Malarg\u00fce , los parajes que tenemos en nuestros cuarenta y dos mil y algo de kil\u00f3metros cuadrados,&nbsp; es bastante importante, la cantidad de kil\u00f3metros en rutas y caminos son bastante importante tambi\u00e9n, por eso pensar que estrat\u00e9gicamente estos campamentos , se ubiquen hacia la zona sur,&nbsp; y hacia la zona este de nuestro departamento yo creo que ser\u00eda una cuesti\u00f3n vital, y fundamental sobre todo para los pobladores de ese lugar, que entendemos, bueno tenemos compa\u00f1eros de trabajo ac\u00e1 en este Concejo Concejal Gabriel Rosas que &nbsp;conoce m\u00e1s de esta situaci\u00f3n, y cuando nos comentan que una m\u00e1quina por ejemplo lo que est\u00e9 trabajando en La Batra,&nbsp; y se tiene que trasladar a Poti Malal o a Castillos de Pincheira o el lugar que fuera se es como que pr\u00e1cticamente ,il\u00f3gico que se tenga que llevar a cabo esa log\u00edstica&nbsp; y los gastos de recursos que se van generando&nbsp; y los inconvenientes que tambi\u00e9n&nbsp; y trastornos que se van&nbsp; presentando&nbsp; por eso es vital y estrat\u00e9gico instaurar e instalar &nbsp;el campamento correspondiente&nbsp; en estos dos puntos que &nbsp;&nbsp;&nbsp;beneficiar\u00eda&nbsp; a la poblaci\u00f3n&nbsp; y el Departamento de Malarg\u00fce en s\u00ed,&nbsp; solicito solamente la lectura del articulado,&nbsp; es que el proyecto sea enviado a la comisi\u00f3n de Obras Publicas, \/ Se da lectura por Secretar\u00eda al articulado. \/\/ El concejal&nbsp; ROSAS en uso de la palabra manifiesta&nbsp; que es para acompa\u00f1ar con su firma el proyecto de la concejal Rojo si se lo permite y tambi\u00e9n para que no se nos pase,&nbsp; en comisi\u00f3n , tener en cuenta que en el 2017&nbsp; se le entreg\u00f3 un terreno a vialidad Provincial en Agua Escondida , el cual se cerr\u00f3, se les aport\u00f3 materiales, a la delegaci\u00f3n en ese momento y a Don&nbsp; Jorge Vergara se traslad\u00f3 un tr\u00e1iler pero nunca m\u00e1s lo usaron, as\u00ed que falt\u00f3 conectar el agua, la luz, y esta todo abandonado, as\u00ed que seria importante tenerlo en cuenta y que tambi\u00e9n aprovechando este proyecto, es la recuperaci\u00f3n del campamento&nbsp; en alg\u00fan momento&nbsp; como dijo la concejal era bueno para recuperarlos &nbsp;\/\/ &nbsp;Pasa a O.P.T Y R-.N &nbsp;\/ g) Expedientes provenientes del Departamento Ejecutivo 1.Expte.N\u00b02.025-2022 Departamento Ejecutivo: Ref. Acuerdo 3949 Responsabilidad Fiscal Segundo Trimestre del Ejercicio 2023 \/ &nbsp;&nbsp;Se da lectura a la elevaci\u00f3n del expediente y se&nbsp; dispone el pase a la SESION ESPECIAL abierta. \/\/ 2.Expte.N\u00b04.437-2023-0 Departamento Ejecutivo: Dr. Jer\u00f3nimo Shantal-Ing. Emilio Gui\u00f1az\u00fa Fader. Ref. Oferta de Donaci\u00f3n de bienes muebles..&nbsp; Se lee la elevaci\u00f3n del proyecto y se dispone el pase a H.P.L.A.C. &nbsp;\/ h) Despachos de las Comisiones de Trabajo:1. Nota HC-426-2.023 Sr. Hilario \u00c1vila, eleva copia de nota enviada al Sr. Intendente, solicitando su reincorporaci\u00f3n laboral, firmada por sus compa\u00f1eros de trabajo.&nbsp; (H.P.LA.C.) La comisi\u00f3n sugiere dar aprobaci\u00f3n a un Proyecto de Resoluci\u00f3n, mediante el cual se dispone: Art 1\u00b0 Que ver\u00eda con agrado, que la Direcci\u00f3n de Recursos&nbsp; Humanos, seg\u00fan directivas del Sr. Intendente Municipal Lic. Juan Manuel Ojeda,&nbsp; reconsidere la situaci\u00f3n de adscripci\u00f3n del Sr. Hilario \u00c1vila D.N.I. N\u00b029.880.436&nbsp; agente municipal, Legajo N\u00b02.281, atento al pedido personal del mismo y que fuera respaldado por la Comunidad Educativa de la Escuela N\u00b08-493 Jos\u00e9 R\u00edos del Paraje El Alambrado de&nbsp; Departamento de Malarg\u00fce. Art 2: De forma .&nbsp;&nbsp; Se pone a consideraci\u00f3n de los se\u00f1ores concejales y es aprobado el despacho. \/ 2. Expte.N\u00b05.319-HC 057-2.023 Proyecto de Resoluci\u00f3n: Solicitar al Departamento Ejecutivo Municipal informaci\u00f3n sobre los Decretos Municipales de Pautas Publicitarias y Contrataciones a\u00f1o 2.022 (H.P.L.A.C.)&nbsp; La comisi\u00f3n sugiere dar aprobaci\u00f3n al proyecto presentado sin modificaciones. \/ &nbsp;Puesto a consideraci\u00f3n el despacho es aprobado. \/ 3.Expte.N\u00b05.312-HC 057-2.023 Proyecto de Resoluci\u00f3n: Adherir al Proyecto de Ley de autor\u00eda de la Senadora Provincial Alejandra Barro declarando de Inter\u00e9s P\u00fablico una fracci\u00f3n en Chacay Co Distrito Agua Escondida. (H.P.L.A.C.) &nbsp;&nbsp;&nbsp;La comisi\u00f3n sugiere Dar Aprobaci\u00f3n al proyecto presentado sin modificaciones.&nbsp; Se pone a consideraci\u00f3n el despacho y es aprobado. &nbsp;\/ 4.Expte.N\u00b05.318-HC 057-2.023 Proyecto de Declaraci\u00f3n: Declarar de Inter\u00e9s Departamental el evento deportivo \u201cRally Marathon Aniversario\u201d organizado por el Club Mountain Bike Malarg\u00fce (E.H.M.A.S Y C) &nbsp;La comisi\u00f3n sugiere dar aprobaci\u00f3n&nbsp; al proyecto presentado s con las siguientes modificaciones.&nbsp; Cambio de car\u00e1tula&nbsp; la que &nbsp;&nbsp;Proyecto de Declaraci\u00f3n Declarar de Inter\u00e9s Departamental, Cultural y social&nbsp; el Evento Deportivo de Mountain Bike , \u201cRally Marathon Aniversario\u201d , organizado por la Asociaci\u00f3n Civil Mountain Bike Malarg\u00fce&nbsp; Vistos y Considerandos&nbsp; \u00cddem proyecto original.&nbsp; Declara: Art 1\u00b0: Declarar de Inter\u00e9s Departamental, Cultural, y Social el Evento &nbsp;Deportivo de Mountain Bike&nbsp; \u201cRally Marathon Aniversario\u201d , organizado por la Asociaci\u00f3n Civil Club Mountain Bike&nbsp; Malarg\u00fce . Art 2 y Art 3 \u00cddem proyecto original. Art 4\u00b0 De forma.\/ &nbsp;Se pone a consideraci\u00f3n&nbsp; y es aprobado. &nbsp;&nbsp;&nbsp;&nbsp;\/ 5.Expte.N\u00b05.323-HC 057-2.023 Proyecto de Declaraci\u00f3n Declarar de Inter\u00e9s Departamental Social y Cultural el evento \u201cHomenaje Mujer de Campo\u201d (E.H.M.A.S Y C) La comisi\u00f3n&nbsp; sugiere&nbsp; dar aprobaci\u00f3n&nbsp; al Proyecto presentado con las&nbsp; siguiente modificaci\u00f3n: Visto y Considerando \u00eddem proyecto original. Declara Art 1 y Art 2\u00b0 Idem proyecto original. Art 3\u00b0 Hacer entrega de Reconocimiento en el Evento Homenaje a la Mujer de Campo\u201d en el Predio Expo Caprino de la Ciudad de Malarg\u00fce. Art 4\u00b0 Reconocer a Asociaci\u00f3n Civil \u201cVuelo de C\u00f3ndor\u201d y a la Sra. Juliana Trejo Moyano Reina Nacional del Chivo 2.023 por instar dicha propuesta. Art 5\u00b0 De forma. &nbsp;&nbsp;Se pone a consideraci\u00f3n el despacho y&nbsp; y es aprobado &nbsp;&nbsp;\/ i) Asuntos Varios: Cuando es la hora&nbsp; 9:55 el concejal PALMA solicita que el Cuerpo se Constituya en comisi\u00f3n. Moci\u00f3n que es aprobada. \/ &nbsp;&nbsp;Cuando es la . hora 12:40 sale el Cuerpo de comisi\u00f3n. &nbsp;&nbsp;Se da lectura a los despachos emitidos&nbsp; en el siguiente orden: Tema 1: Desafectaci\u00f3n de la Comisi\u00f3n de&nbsp; Hacienda de los Exptes. N\u00b0 7.374\/2015 Ing. Reviglio Hugo-Schajnovetz Marcelo Aviso de Proyecto&nbsp; Loteo&nbsp; y Urbanizaci\u00f3n&nbsp; -Gesti\u00f3n Ambiental. \/ Expte. N\u00b0 4-007\/2022-0 Direcci\u00f3n de Asesor\u00eda Letrada-Proyecto de Resoluci\u00f3n&nbsp; Unidad T\u00e9cnica&nbsp; de Gesti\u00f3n Urbana Ambiental.&nbsp; Solicitado por el concejal HIDALGO.&nbsp;&nbsp; Reunido el Cuerpo en comisi\u00f3n sugiere&nbsp; 1) Desafectar&nbsp; los Exptes de referencia&nbsp; de la comisi\u00f3n de Hacienda. 2) Dar aprobaci\u00f3n al Despacho emitido por la Comisi\u00f3n de H.P.L.A.C.&nbsp; ( Anexo I) de la presente. \/\/ Se pone a consideraci\u00f3n y es aprobado. \/ Tema 2: Ley 9070Acceso a la Informaci\u00f3n P\u00fablica&nbsp;&nbsp; de la Provincia de Mendoza &nbsp;.&nbsp; Tema solicitado por&nbsp; el concejal PALMA&nbsp; El Cuerpo en comisi\u00f3n sugiere dar aprobaci\u00f3n a un Proyecto de Resoluci\u00f3n mediante el cual se dispone; Art. 1\u00b0 Designase como Funcionaria Garante&nbsp; Titular del Honorable Concejo Deliberante a la Secretaria&nbsp; Sra. Blanca Carolina P\u00e1ez D..N.I. N\u00b0 12.764.387&nbsp; Legajo N\u00b0 236&nbsp; a los fines&nbsp; y en los t\u00e9rminos&nbsp; del Art. 7 de la Ley Provincial N\u00b0 9.070.-&nbsp; Art. 2 \u00b0 De forma&nbsp; \/\/&nbsp;&nbsp; Se pone a consideraci\u00f3n y es aprobado. \/ Tema 3\u00b0:&nbsp; Conformaci\u00f3n del Jurys de Tachas. Solicitado por el concejal PALMA. El Cuerpo&nbsp; en comisi\u00f3n sugiere da aprobaci\u00f3n&nbsp; al Proyecto de Resoluci\u00f3n mediante el cual&nbsp; se dispone: Art 1\u00b0 Constituir&nbsp; el Jury de Tachas , por los Se\u00f1ores Concejales Da.Silvina Camiolo, Dn. Mart\u00edn Palma&nbsp; y Dn. Francisco Parada&nbsp; \/ Art 2\u00b0 Remitir copia de la presente Resoluci\u00f3n&nbsp; a la Dra. Mar\u00eda Paz Zabalegui Juez, a los efectos legales correspondientes y notif\u00edquese a los integrantes del Jury&nbsp; conformado en el Art\u00edculo precedente. Art 3\u00b0De forma &nbsp;-\/&nbsp; Se pone a consideraci\u00f3n y es aprobado.&nbsp;&nbsp; \/ Tema 4: Comunicaci\u00f3n de resultados de la Convocatoria&nbsp; a distintas instituciones de Malarg\u00fce&nbsp; para abordar la Emergencia por Intensas nevadas durante los \u00faltimos d\u00edas&nbsp;&nbsp; La comisi\u00f3n sugiere&nbsp; dar aprobaci\u00f3n a un Proyecto de Resoluci\u00f3n&nbsp; mediante el cual se dispone&nbsp;&nbsp; Comunicar&nbsp; a la poblaci\u00f3n&nbsp; del Departamento de Malarg\u00fce&nbsp; la propuesta de acci0nes planteadas por diversas instituciones&nbsp; convocadas por el HCD a saber ( AnexoII) de la presente \/ Se pone a consideraci\u00f3n y es aprobado. \/&nbsp; &nbsp;j) Acto de arriar el Pabell\u00f3n Nacional a cargo del concejal que lo iz\u00f3, para lo cual se invita al concejal Rodrigo HIDALGO \/ Cuando&nbsp; es la hora 12:40 se da por terminada la sesi\u00f3n. \/ Previa lectura y consideraci\u00f3n de lo que antecede, firman la presentes actuaciones el Se\u00f1or Presidente y la Se\u00f1ora Secretaria del Honorable Concejo Deliberante&nbsp; de la Municipalidad&nbsp; de&nbsp; Malarg\u00fce . &#8211;<\/p>\n\n\n","protected":false},"excerpt":{"rendered":"<p>En Malarg\u00fce Mendoza a Treinta y un d\u00edas de Agosto de 2.023, cuando es la hora 9:10 se re\u00fane el Honorable Concejo Deliberante de la Municipalidad de Malarg\u00fce para celebrar su&nbsp; Sesi\u00f3n Ordinaria. Bajo la Presidencia de su titular D. Andr\u00e9s RISI y la presencia de los se\u00f1ores concejales Palma., Rosas, Varas, Mosca, Rojo, Parada, [&hellip;]<\/p>\n","protected":false},"author":5,"featured_media":33337,"comment_status":"closed","ping_status":"closed","sticky":false,"template":"","format":"standard","meta":{"footnotes":""},"categories":[60,52,58,33,36],"tags":[],"class_list":["post-34842","post","type-post","status-publish","format-standard","has-post-thumbnail","hentry","category-acta-de-sesiones","category-gacetillas","category-ordinarias","category-prensa","category-sesiones"],"yoast_head":"<!-- This site is optimized with the Yoast SEO plugin v19.10 - https:\/\/yoast.com\/wordpress\/plugins\/seo\/ -->\n<title>ACTA 21\u00b0 SESI\u00d3N ORDINARIA N\u00b0 1.138-\u201cO\u201d- 31\/08\/2.023.- Malarg\u00fce HCD<\/title>\n<meta name=\"robots\" content=\"index, follow, max-snippet:-1, max-image-preview:large, max-video-preview:-1\" \/>\n<link rel=\"canonical\" href=\"https:\/\/hcd.malargue.gov.ar\/?p=34842\" \/>\n<meta property=\"og:locale\" content=\"es_ES\" \/>\n<meta property=\"og:type\" content=\"article\" \/>\n<meta property=\"og:title\" content=\"ACTA 21\u00b0 SESI\u00d3N ORDINARIA N\u00b0 1.138-\u201cO\u201d- 31\/08\/2.023.- Malarg\u00fce HCD\" \/>\n<meta property=\"og:description\" content=\"En Malarg\u00fce Mendoza a Treinta y un d\u00edas de Agosto de 2.023, cuando es la hora 9:10 se re\u00fane el Honorable Concejo Deliberante de la Municipalidad de Malarg\u00fce para celebrar su&nbsp; Sesi\u00f3n Ordinaria. Bajo la Presidencia de su titular D. Andr\u00e9s RISI y la presencia de los se\u00f1ores concejales Palma., Rosas, Varas, Mosca, Rojo, Parada, [&hellip;]\" \/>\n<meta property=\"og:url\" content=\"https:\/\/hcd.malargue.gov.ar\/?p=34842\" \/>\n<meta property=\"og:site_name\" content=\"Malarg\u00fce HCD\" \/>\n<meta property=\"article:published_time\" content=\"2023-09-07T14:55:56+00:00\" \/>\n<meta property=\"article:modified_time\" content=\"2023-09-07T14:56:19+00:00\" \/>\n<meta property=\"og:image\" content=\"https:\/\/hcd.malargue.gov.ar\/wp-content\/uploads\/2023\/03\/actas-sesiones.jpg\" \/>\n\t<meta property=\"og:image:width\" content=\"1640\" \/>\n\t<meta property=\"og:image:height\" content=\"924\" \/>\n\t<meta property=\"og:image:type\" content=\"image\/jpeg\" \/>\n<meta name=\"author\" content=\"Belen Pedernera Ferragut\" \/>\n<meta name=\"twitter:card\" content=\"summary_large_image\" \/>\n<meta name=\"twitter:label1\" content=\"Escrito por\" \/>\n\t<meta name=\"twitter:data1\" content=\"Belen Pedernera Ferragut\" \/>\n\t<meta name=\"twitter:label2\" content=\"Tiempo de lectura\" \/>\n\t<meta name=\"twitter:data2\" content=\"20 minutos\" \/>\n<script type=\"application\/ld+json\" class=\"yoast-schema-graph\">{\"@context\":\"https:\/\/schema.org\",\"@graph\":[{\"@type\":\"WebPage\",\"@id\":\"https:\/\/hcd.malargue.gov.ar\/?p=34842\",\"url\":\"https:\/\/hcd.malargue.gov.ar\/?p=34842\",\"name\":\"ACTA 21\u00b0 SESI\u00d3N ORDINARIA N\u00b0 1.138-\u201cO\u201d- 31\/08\/2.023.- Malarg\u00fce HCD\",\"isPartOf\":{\"@id\":\"https:\/\/hcd.malargue.gov.ar\/#website\"},\"datePublished\":\"2023-09-07T14:55:56+00:00\",\"dateModified\":\"2023-09-07T14:56:19+00:00\",\"author\":{\"@id\":\"https:\/\/hcd.malargue.gov.ar\/#\/schema\/person\/3fd6bbab64edd703961b795156c955d0\"},\"breadcrumb\":{\"@id\":\"https:\/\/hcd.malargue.gov.ar\/?p=34842#breadcrumb\"},\"inLanguage\":\"es-AR\",\"potentialAction\":[{\"@type\":\"ReadAction\",\"target\":[\"https:\/\/hcd.malargue.gov.ar\/?p=34842\"]}]},{\"@type\":\"BreadcrumbList\",\"@id\":\"https:\/\/hcd.malargue.gov.ar\/?p=34842#breadcrumb\",\"itemListElement\":[{\"@type\":\"ListItem\",\"position\":1,\"name\":\"Inicio\",\"item\":\"https:\/\/hcd.malargue.gov.ar\/\"},{\"@type\":\"ListItem\",\"position\":2,\"name\":\"ACTA 21\u00b0 SESI\u00d3N ORDINARIA N\u00b0 1.138-\u201cO\u201d- 31\/08\/2.023.-\"}]},{\"@type\":\"WebSite\",\"@id\":\"https:\/\/hcd.malargue.gov.ar\/#website\",\"url\":\"https:\/\/hcd.malargue.gov.ar\/\",\"name\":\"Malarg\u00fce HCD\",\"description\":\"Malarg\u00fce Mendoza Argentina\",\"potentialAction\":[{\"@type\":\"SearchAction\",\"target\":{\"@type\":\"EntryPoint\",\"urlTemplate\":\"https:\/\/hcd.malargue.gov.ar\/?s={search_term_string}\"},\"query-input\":\"required name=search_term_string\"}],\"inLanguage\":\"es-AR\"},{\"@type\":\"Person\",\"@id\":\"https:\/\/hcd.malargue.gov.ar\/#\/schema\/person\/3fd6bbab64edd703961b795156c955d0\",\"name\":\"Belen Pedernera Ferragut\",\"image\":{\"@type\":\"ImageObject\",\"inLanguage\":\"es-AR\",\"@id\":\"https:\/\/hcd.malargue.gov.ar\/#\/schema\/person\/image\/\",\"url\":\"https:\/\/secure.gravatar.com\/avatar\/1054ffab3893de4bb3eb29bdd22f7e34b8537bf5d34d9dab311818154ad5b71f?s=96&d=mm&r=g\",\"contentUrl\":\"https:\/\/secure.gravatar.com\/avatar\/1054ffab3893de4bb3eb29bdd22f7e34b8537bf5d34d9dab311818154ad5b71f?s=96&d=mm&r=g\",\"caption\":\"Belen Pedernera Ferragut\"},\"url\":\"https:\/\/hcd.malargue.gov.ar\/?author=5\"}]}<\/script>\n<!-- \/ Yoast SEO plugin. -->","yoast_head_json":{"title":"ACTA 21\u00b0 SESI\u00d3N ORDINARIA N\u00b0 1.138-\u201cO\u201d- 31\/08\/2.023.- Malarg\u00fce HCD","robots":{"index":"index","follow":"follow","max-snippet":"max-snippet:-1","max-image-preview":"max-image-preview:large","max-video-preview":"max-video-preview:-1"},"canonical":"https:\/\/hcd.malargue.gov.ar\/?p=34842","og_locale":"es_ES","og_type":"article","og_title":"ACTA 21\u00b0 SESI\u00d3N ORDINARIA N\u00b0 1.138-\u201cO\u201d- 31\/08\/2.023.- Malarg\u00fce HCD","og_description":"En Malarg\u00fce Mendoza a Treinta y un d\u00edas de Agosto de 2.023, cuando es la hora 9:10 se re\u00fane el Honorable Concejo Deliberante de la Municipalidad de Malarg\u00fce para celebrar su&nbsp; Sesi\u00f3n Ordinaria. Bajo la Presidencia de su titular D. Andr\u00e9s RISI y la presencia de los se\u00f1ores concejales Palma., Rosas, Varas, Mosca, Rojo, Parada, [&hellip;]","og_url":"https:\/\/hcd.malargue.gov.ar\/?p=34842","og_site_name":"Malarg\u00fce HCD","article_published_time":"2023-09-07T14:55:56+00:00","article_modified_time":"2023-09-07T14:56:19+00:00","og_image":[{"width":1640,"height":924,"url":"https:\/\/hcd.malargue.gov.ar\/wp-content\/uploads\/2023\/03\/actas-sesiones.jpg","type":"image\/jpeg"}],"author":"Belen Pedernera Ferragut","twitter_card":"summary_large_image","twitter_misc":{"Escrito por":"Belen Pedernera Ferragut","Tiempo de lectura":"20 minutos"},"schema":{"@context":"https:\/\/schema.org","@graph":[{"@type":"WebPage","@id":"https:\/\/hcd.malargue.gov.ar\/?p=34842","url":"https:\/\/hcd.malargue.gov.ar\/?p=34842","name":"ACTA 21\u00b0 SESI\u00d3N ORDINARIA N\u00b0 1.138-\u201cO\u201d- 31\/08\/2.023.- Malarg\u00fce HCD","isPartOf":{"@id":"https:\/\/hcd.malargue.gov.ar\/#website"},"datePublished":"2023-09-07T14:55:56+00:00","dateModified":"2023-09-07T14:56:19+00:00","author":{"@id":"https:\/\/hcd.malargue.gov.ar\/#\/schema\/person\/3fd6bbab64edd703961b795156c955d0"},"breadcrumb":{"@id":"https:\/\/hcd.malargue.gov.ar\/?p=34842#breadcrumb"},"inLanguage":"es-AR","potentialAction":[{"@type":"ReadAction","target":["https:\/\/hcd.malargue.gov.ar\/?p=34842"]}]},{"@type":"BreadcrumbList","@id":"https:\/\/hcd.malargue.gov.ar\/?p=34842#breadcrumb","itemListElement":[{"@type":"ListItem","position":1,"name":"Inicio","item":"https:\/\/hcd.malargue.gov.ar\/"},{"@type":"ListItem","position":2,"name":"ACTA 21\u00b0 SESI\u00d3N ORDINARIA N\u00b0 1.138-\u201cO\u201d- 31\/08\/2.023.-"}]},{"@type":"WebSite","@id":"https:\/\/hcd.malargue.gov.ar\/#website","url":"https:\/\/hcd.malargue.gov.ar\/","name":"Malarg\u00fce HCD","description":"Malarg\u00fce Mendoza Argentina","potentialAction":[{"@type":"SearchAction","target":{"@type":"EntryPoint","urlTemplate":"https:\/\/hcd.malargue.gov.ar\/?s={search_term_string}"},"query-input":"required name=search_term_string"}],"inLanguage":"es-AR"},{"@type":"Person","@id":"https:\/\/hcd.malargue.gov.ar\/#\/schema\/person\/3fd6bbab64edd703961b795156c955d0","name":"Belen Pedernera Ferragut","image":{"@type":"ImageObject","inLanguage":"es-AR","@id":"https:\/\/hcd.malargue.gov.ar\/#\/schema\/person\/image\/","url":"https:\/\/secure.gravatar.com\/avatar\/1054ffab3893de4bb3eb29bdd22f7e34b8537bf5d34d9dab311818154ad5b71f?s=96&d=mm&r=g","contentUrl":"https:\/\/secure.gravatar.com\/avatar\/1054ffab3893de4bb3eb29bdd22f7e34b8537bf5d34d9dab311818154ad5b71f?s=96&d=mm&r=g","caption":"Belen Pedernera Ferragut"},"url":"https:\/\/hcd.malargue.gov.ar\/?author=5"}]}},"_links":{"self":[{"href":"https:\/\/hcd.malargue.gov.ar\/index.php?rest_route=\/wp\/v2\/posts\/34842","targetHints":{"allow":["GET"]}}],"collection":[{"href":"https:\/\/hcd.malargue.gov.ar\/index.php?rest_route=\/wp\/v2\/posts"}],"about":[{"href":"https:\/\/hcd.malargue.gov.ar\/index.php?rest_route=\/wp\/v2\/types\/post"}],"author":[{"embeddable":true,"href":"https:\/\/hcd.malargue.gov.ar\/index.php?rest_route=\/wp\/v2\/users\/5"}],"replies":[{"embeddable":true,"href":"https:\/\/hcd.malargue.gov.ar\/index.php?rest_route=%2Fwp%2Fv2%2Fcomments&post=34842"}],"version-history":[{"count":1,"href":"https:\/\/hcd.malargue.gov.ar\/index.php?rest_route=\/wp\/v2\/posts\/34842\/revisions"}],"predecessor-version":[{"id":34843,"href":"https:\/\/hcd.malargue.gov.ar\/index.php?rest_route=\/wp\/v2\/posts\/34842\/revisions\/34843"}],"wp:featuredmedia":[{"embeddable":true,"href":"https:\/\/hcd.malargue.gov.ar\/index.php?rest_route=\/wp\/v2\/media\/33337"}],"wp:attachment":[{"href":"https:\/\/hcd.malargue.gov.ar\/index.php?rest_route=%2Fwp%2Fv2%2Fmedia&parent=34842"}],"wp:term":[{"taxonomy":"category","embeddable":true,"href":"https:\/\/hcd.malargue.gov.ar\/index.php?rest_route=%2Fwp%2Fv2%2Fcategories&post=34842"},{"taxonomy":"post_tag","embeddable":true,"href":"https:\/\/hcd.malargue.gov.ar\/index.php?rest_route=%2Fwp%2Fv2%2Ftags&post=34842"}],"curies":[{"name":"wp","href":"https:\/\/api.w.org\/{rel}","templated":true}]}}