{"id":34918,"date":"2023-09-15T08:37:05","date_gmt":"2023-09-15T11:37:05","guid":{"rendered":"https:\/\/hcd.malargue.gov.ar\/?p=34918"},"modified":"2023-09-15T08:37:34","modified_gmt":"2023-09-15T11:37:34","slug":"acta-22-sesion-ordinaria-n1-139-o-7-09-2-023","status":"publish","type":"post","link":"https:\/\/hcd.malargue.gov.ar\/?p=34918","title":{"rendered":"ACTA 22\u00b0 SESI\u00d3N ORDINARIA N\u00b01.139- \u201cO\u201d- 7\/09\/2.023.-"},"content":{"rendered":"<div class=\"wp-block-image\">\n<figure class=\"alignright size-full is-resized\"><a href=\"http:\/\/hcd.malargue.gov.ar\/hcdpdf\/ORDINARIA%20N%201139%20%202023.pdf\"><img loading=\"lazy\" decoding=\"async\" src=\"https:\/\/hcd.malargue.gov.ar\/wp-content\/uploads\/2018\/06\/PDF-JPG.jpg\" alt=\"\" class=\"wp-image-7950\" style=\"width:115px;height:115px\" width=\"115\" height=\"115\" srcset=\"https:\/\/hcd.malargue.gov.ar\/wp-content\/uploads\/2018\/06\/PDF-JPG.jpg 512w, https:\/\/hcd.malargue.gov.ar\/wp-content\/uploads\/2018\/06\/PDF-JPG-150x150.jpg 150w, https:\/\/hcd.malargue.gov.ar\/wp-content\/uploads\/2018\/06\/PDF-JPG-300x300.jpg 300w\" sizes=\"auto, (max-width: 115px) 100vw, 115px\" \/><\/a><\/figure>\n<\/div>\n\n\n<p>En Malarg\u00fce Mendoza a Siete d\u00edas de Setiembre de 2.023 cuando es la hora 9:13 se re\u00fane el Honorable Concejo Deliberante de la Municipalidad de Malarg\u00fce, para celebrar su Sesi\u00f3n Ordinaria. Bajo la Presidencia de la Vicepresidenta 1\u00b0 Concejal Daiana VARAS CASTRO&nbsp; y la presencia de los Se\u00f1ores concejales Palma, Rosas, Mosca, Rojo, Parada , Correa&nbsp; e Hidalgo . \/ Se firma el Libro de Asistencia donde consta la ausencia del concejal RISI c\/ nota. \/&nbsp; Para dar comienzo &nbsp;al desarrollo del orden del d\u00eda se invita a la concejal Viviana Alejandra MOSCA a izar la Ense\u00f1a Patria. \/ b) Homenaje de los Se\u00f1ores Concejales.&nbsp; No hay solicitudes a tal efecto. \/ c) Consideraci\u00f3n Acta Sesi\u00f3n Ordinaria N\u00b0 1.138- \u201cO\u201d- 2.023 &nbsp;&nbsp;Se pone a consideraci\u00f3n de los se\u00f1ores concejales y es aprobada. \/ d) Lectura del detalle de la correspondencia recibida y emitida. <strong>Notas Entradas<\/strong>: 1.Sr. Oscar Mario Jofr\u00e9, solicita reuni\u00f3n con Presidentes de Bloque y Asesores Letrados, para realizar ampliaci\u00f3n de denuncia e interiorizarse del estado de gesti\u00f3n de la misma. &nbsp;Pasa a la comisi\u00f3n de H.P.L.A.C. La concejal MOSCA&nbsp; solicita que la reuni\u00f3n de Hacienda sea ampliada. \/ 2. Honorable Tribunal de Cuentas Cedula de Notificaci\u00f3n Fallo N\u00ba 17.906 FUDEPEM Rendici\u00f3n de Cuentas Ejercicio 2022, para conocimiento. &nbsp;\/ En virtud&nbsp; que cada Bloque tiene&nbsp; el mismo informe , para&nbsp; el correspondiente an\u00e1lisis , pasa a Secretaria. \/ 3.Sra. Yanet Atractiva de Lourdes Guajardo Cancino, interpone denuncia contra el Director de Pro Malarg\u00fce e Intendente Municipal para consecuci\u00f3n del tr\u00e1mite correspondiente. &nbsp;La concejal ROJO&nbsp; manifiesta que considera que por el tenor de que se trata esta nota&nbsp; que sea enviada en primer lugar a la comisi\u00f3n de G\u00e9nero y Diversidad y posteriormente a Hacienda\/ Pasa a G.D y E Y H.P.L.A.C. <strong>\/ Notas Emitidas<\/strong>: 1.A la Dra.&nbsp; Mar\u00eda Paz Zabalegui, remitiendo copia de Resoluci\u00f3n N\u00ba 324\/2023 Constituci\u00f3n del&nbsp; Jury de Tachas. \/ e) Consideraci\u00f3n de los temas que ser\u00e1n incluidos en el punto Asuntos Varios y &nbsp;&nbsp;&nbsp;puesta a consideraci\u00f3n de mociones de tratamientos sobre tablas de diversos &nbsp;&nbsp;&nbsp;expedientes.&nbsp; Solicita la palabra la concejal CORREA.&nbsp;&nbsp; Nuevamente en uso de la palabra la concejal CORREA&nbsp; quien solicita que se desafecte la nota HC 465 de Mesa de entradas para que pase a la comisi\u00f3n de Educaci\u00f3n.&nbsp; Es la nota que ingresa el CONA luego de una reuni\u00f3n referida al tema de la cubierta sanitaria \/ Se pone a consideraci\u00f3n la moci\u00f3n y es aprobada. \/ Continuando con el uso de la palabra la concejal CORREA solicita el tratamiento Sobre tablas del punto 6 de los proyectos ingresados &nbsp;el Expediente 5331-HC-058-2023 . Se pone a consideraci\u00f3n la moci\u00f3n y es aprobada. \/ f) Proyectos de los Se\u00f1ores Concejales:&nbsp; 1. Expte.N\u00b05.326-HC 058-2.023 Proyecto de Resoluci\u00f3n: Implementar correo electr\u00f3nico oficial en el \u00e1mbito del Honorable Concejo Deliberante de Malarg\u00fce (BLOQUE UCR INDEPENDIENTE) Autor Concejal Mart\u00edn Palma . Quien en uso de la palabra expresa &nbsp;Luego de los saludos de forma manifiesta, el mencionado proyecto viene en funci\u00f3n de empezar a normalizar algunas situaciones que se est\u00e1n viviendo con la implementaci\u00f3n de las nuevas tecnolog\u00edas y la despapelizacion de todos los tr\u00e1mites&nbsp; administrativas y de car\u00e1cter formal, si&nbsp; bien la instituci\u00f3n tiene un correo actualmente, la idea como ayer lo hab\u00edamos conversado con algunos integrantes de este Cuerpo que es poder actualizar y modificar llevando a los tiempos que corren en el actual reglamento &nbsp;dentro de estos dejar&nbsp; por&nbsp; reglamento los correos institucionales y dem\u00e1s herramientas que son llevadas a cabo mediante algunas adecuaciones de leyes provinciales como la 9070 y dem\u00e1s , la sesi\u00f3n pasada tambi\u00e9n dejamos nombrado nuestro Secretario de garant\u00edas por decirlo de&nbsp; alguna manera y bueno todos estos proyectos vienen a tratar de ir enriqueciendo ese trabajo que vamos a ir llevando adelante, no es necesario la lectura, &nbsp;lo vamos a trabajar seguramente dentro de&nbsp; la comisi\u00f3n de&nbsp; Hacienda&nbsp; y profundizaremos y se le agregaran las observaciones el resto de los concejales crea corresponder, as\u00ed que solicito el pase a la comisi\u00f3n de Hacienda sin la previa lectura. \/&nbsp;&nbsp; &nbsp;. &nbsp;&nbsp;Pasa a H.P.L.A.C. \/ 2.Expte.N\u00b05.327-HC-058-2.023 Proyecto de Ordenanza: Modificaci\u00f3n de la Ordenanza N\u00b02.065\/2.022 \u201cPrograma de Microcr\u00e9ditos para fomentar la Actividad Ap\u00edcola\u201d (BLOQUE FRENTE CAMBIA MENDOZA) Autora: Concejal Daiana Varas Castro . En uso de la palabra la concejal ROJO manifiesta, este proyecto viene para fortalecer una de las actividades que actualmente ha tenido diferentes vaivenes, en el Departamento de Malarg\u00fce . siempre se ha tenido en este Concejo Deliberante el acompa\u00f1amiento para este&nbsp; sector&nbsp; en este caso el sector ap\u00edcola y este proyecto de la concejal justamente Daiana Varas que hoy est\u00e1 presidiendo nuestro Concejo , proviene del a\u00f1o 2020&nbsp; de la ordenanza 2065&nbsp; en la cual se crearon , se habilito en el Concejo Deliberante la creaci\u00f3n de peque\u00f1os cr\u00e9ditos para fortalecer la actividad ap\u00edcola del Departamento para todos aquellos apicultores&nbsp; que est\u00e1n inscriptos , l\u00f3gicamente bajo la reglamentaci\u00f3n que exige la ley y los que realizan las tareas de&nbsp; extracci\u00f3n&nbsp; eb la planta que se encuentra en la incubadora de empresas. , este monto el objetivo&nbsp; era precisamente&nbsp; el proyecto era ampliar el monto , porque entendemos que del 2020 al 2023 ha habido variaciones importantes de estos peque\u00f1os cr\u00e9ditos que tengo entendido que no fueron tan poco recibidos por los apicultores en ese per\u00edodo en el a\u00f1o 2020 . bueno como todo siempre vamos a la insistencia para poder lograr la aplicaci\u00f3n del mismo, y de otros proyecto, es disponer de un monto de seis millones de pesos para cada uno de los apicultores que est\u00e9 debidamente en regla, para el a\u00f1o 2023 y que sea actualizado a febrero de cada a\u00f1o de acuerdo al \u00edndice inflacionario interanual \u2026l\u00f3gicamente que sea de aplicaci\u00f3n inmediata y que se incorpore al presupuestos de gastos del a\u00f1o 2023. solicito la lectura de su articulado, que se env\u00ede a la comisi\u00f3n de Hacienda y pongo a consideraci\u00f3n a elecci\u00f3n de los concejales el tratamiento preferencial. \/&nbsp; &nbsp;Pasa a H.P.L.A.C. con Tratamiento Preferencial \/ 3. Expte.N\u00b05.328-HC 058-2.023 Proyecto de Resoluci\u00f3n: Solicitar al Ministerio de Econom\u00eda y Energ\u00eda de la Provincia la creaci\u00f3n de la Delegaci\u00f3n Sur de Cooperativas (BLOQUE FRENTE CAMBIA MENDOZA) Autora: Concejal Paola Rojo Quien en uso de la palabra expresa Este proyecto tiene como finalidad el acompa\u00f1amiento de diferentes cooperativas y asociaciones que vienen trabajando en el Departamento de Malarg\u00fce. y justamente por conocimiento propio&nbsp; de diferentes grupos y asociaciones que tenemos en nuestra comunidad, nos vemos en la intenci\u00f3n de solicitar al Gobierno de la Provincia de Mendoza a trav\u00e9s del Ministerio de Econom\u00eda&nbsp; particularmente la Direcci\u00f3n de Cooperativas , la posibilidad de generar&nbsp; una oficina o una delegaci\u00f3n de esta&nbsp; direcci\u00f3n , en el sur de la&nbsp; Provincia&nbsp; bas\u00e1ndonos en el numero importante que tenemos de&nbsp; asociaciones&nbsp; que tenemos dentro de esta regi\u00f3n, &nbsp;y que actualmente cualquier tipo de tr\u00e1mite&nbsp; , de asesoramiento o variaciones o necesidades que cada uno de estos grupos asociativos&nbsp;&nbsp; surgen en ellos, se tienen que dirigir directamente a la Provincia de Mendoza a la ciudad capital, por la distancia a la que nos encontramos en el sur mendocino al norte de nuestra provincia. b\u00e1sicamente es generar una delegaci\u00f3n para que los pueda acompa\u00f1ar&nbsp; todo lo que tiene que ver con actualizaciones&nbsp;&nbsp; asesoramiento, orientaciones&nbsp; que no vayamos perdiendo como ha ido sucediendo en algunos momentos, cooperativas o asociaciones que se han venido formando en el Departamento y que no por&nbsp; falta de inter\u00e9s para los grupos que lo integran, sino por la falta de informaci\u00f3n que van recibiendo, estos grupos por ah\u00ed decaen, entonces una cuesti\u00f3n de fortalecer&nbsp; a los grupos que se asocian que actualmente generan una econom\u00eda importante en el Departamento , tambi\u00e9n sabemos que generan una mano de obra, muy valiosa, fortalece las econom\u00edas, sociales y las econom\u00edas regionales, tambi\u00e9n nos basamos en un tipo de trabajo con el cooperativismo que tiene que ver con la equidad y con la igualdad. Por eso es la solicitud de una generaci\u00f3n de una delegaci\u00f3n en la zona sur, l\u00f3gicamente como sabemos en el sur tambi\u00e9n prevalece el departamento de San Rafael, cuando tenemos que hablar de delegaciones a nivel regional lo l\u00f3gico es instar para que esta delegaci\u00f3n se instale justamente en el Departamento de Malarg\u00fce . Solicito que se de lectura a su articulado&nbsp; y el mismo sea enviado a la comisi\u00f3n de&nbsp; Hacienda.\/ Se procede por Secretaria . \/ Pasa a H.P.L.A.C.\/ 4.Expte.N\u00b05.329-HC 058-2.023Proyecto de Resoluci\u00f3n: Solicitar al Gobernador de la Provincia genere Programa de Subsidios para la compra de vientres caprinos (INTERBLOQUE ENCUENTRO-FRENTE CAMBIA MENDOZA) Autores: Concejales Francisco Parada y Paola Rojo.&nbsp;&nbsp; En uso de la palabra&nbsp; el&nbsp;&nbsp; concejal PARADA manifiesta ..Bueno est\u00e1 pasando , o quiz\u00e1s lo m\u00e1s dram\u00e1tico&nbsp; de este temporal que nos sorprendi\u00f3 a fines de agosto, pero obviamente entendemos que las consecuencias son tambi\u00e9n a largo plazo,, por las p\u00e9rdidas del temporal. Y sobre todo lo que ha afectado, a la gente de la zona rural, en mayor o menor medida, y que de hecho ha existido una asistencia por parte del gobierno municipal , del gobierno provincial que tiene que ver b\u00e1sicamente con el aporte de forraje que&nbsp; es una ayuda, s\u00ed claro, pero&nbsp; entendemos que no soluciona de fondo el problema o la consecuencia m\u00e1s grave que va a dejar para la gente de campo la perdida, porque &nbsp;la muerte de animales, sobre todo de animal caprino , de chivitos,&nbsp; de cabras. No solo la perdida de la producci\u00f3n sino es la p\u00e9rdida del capital de producci\u00f3n, podemos decir que la p\u00e9rdida puede estar entre el trescientos al quinientos por ciento , si yo saco los datos, en potencial. Me explico, una cabrita que entra en tiempo de gestaci\u00f3n en su periodo de vida que puede ser entre siete a ocho a\u00f1os, tiene la posibilidad de dar en toda esa posibilidad de vida, entre cinco o siete cabritos, promedio, lo cual, cuando he perdido una cabrita en el inicio de gestaci\u00f3n estoy perdiendo el potencial que me podr\u00eda dar, entonces se multiplica.&nbsp; Si se quiere hacer una comparaci\u00f3n con la perdida de que suelen sufrir los agricultores, dedicados a la vid, ellos cuando tienen perdidas por tormentas&nbsp; tienen la p\u00e9rdida de la producci\u00f3n &nbsp;temporal, no pierden de ra\u00edz sus vi\u00f1as, en el caso del puestero cuando pierde su producci\u00f3n , muere su animal y todo lo potencial que va a poder tener. Entonces la p\u00e9rdida se multiplica claramente, entonces el forraje viene a ayudar en parte, viene a atenuar, las perdidas en parte, pero no soluciona de fondo esta perdida que vuelvo a decir&nbsp; son potenciales y yo creo que realmente van arriba del trescientos por ciento. Pero adem\u00e1s esto tiene un impacto si se quiere cuando las p\u00e9rdidas son muchas , en el desarraigo, porque c\u00f3mo recupera sobre todo un joven productor c\u00f3mo recupera su capital perdido&nbsp;&nbsp; con el temporal, sumando en las circunstancias econ\u00f3micas&nbsp; complejas que vive el pa\u00eds, y que obviamente&nbsp; Malarg\u00fce no es ajeno a eso. \/ c\u00f3mo recupera ese capital de inversi\u00f3n que&nbsp; permite pensar a futuro en el campo entonces&nbsp; es aun m\u00e1s grave, y entendemos que hay que salir de alg\u00fan modo a acompa\u00f1ar para que sean compras de vientres,&nbsp; pero hay que generar, buscar en los mercados , pero es el modo de recuperar esas p\u00e9rdidas , no solo actuales sino potenciales que han sufrido nuestros puesteros, como resultado de este temporal. As\u00ed que solamente pido la lectura del articulado y bueno esperamos que esto pueda ser posible para beneficio de nuestros productores. \/ Se procede por secretar\u00eda a la lectura del articulado.\/ El concejal PARADA solicita que pase a la comisi\u00f3n de&nbsp; Hacienda.&nbsp; \/La concejal ROJO solicita la palabra y expresa , s\u00ed justamente aportar a este proyecto&nbsp; que justamente va de la mano con&nbsp; uno de los proyectos que tambi\u00e9n se mencion\u00f3 aqu\u00ed&nbsp; que es el punto dos de las consecuencias del temporal, que nos va a dejar. Habiendo escuchado las palabras del director de Ganader\u00eda, por eso&nbsp; consideramos necesario que tome conocimiento del mismo, o sea del proyecto que se ha presentado ya que en un primer momento del temporal cuando ya est\u00e1bamos viendo cu\u00e1les eran las consecuencias&nbsp; que \u00edbamos a tener a nivel agropecuario, y fundamentalmente en lo que tiene que ver a ganader\u00eda, en sus distintas especies, y tambi\u00e9n lo que tiene que ver el sector ap\u00edcola, a\u00fan no se animaban , creo que ninguno de los funcionarios de alto cargo a declarar la emergencia ganadera en el departamento o agropecuario tambi\u00e9n como para globalizar las diferentes actividades que se llevan a cabo en nuestro Departamento, por eso justamente apuntar a estos dos&nbsp; proyectos es para m\u00ed de vital importancia y acotar tambi\u00e9n que el mismo sea tratado en la comisi\u00f3n de Hacienda a la que es derivado&nbsp; bajo tratamiento preferencial por una cuesti\u00f3n de que dentro de un mes , treinta d\u00edas pr\u00e1cticamente de acuerdo a lo manifestado&nbsp; por diferentes organismos tendremos ya los resultados de lo que este temporal ha dejado , la cantidad de p\u00e9rdidas que ha habido en el campo &nbsp;&nbsp;, la cantidad&nbsp; de perdidas que ha habido no solamente e\u00bf de animales&nbsp; o de cabra vieja que ya son vientres&nbsp; productivos y de aquellos que han sido mucho mas d\u00e9biles como lo comentaba el concejal Parada&nbsp; que es la cabrita, que son los vientres nuevos que&nbsp; son l\u00f3gicamente los bienes productivos que tenemos para dos a tres a seis a\u00f1os l\u00f3gicamente. Por aso acoto la necesidad de que sea con tratamiento preferencial &nbsp;&nbsp;\/ &nbsp;Pasa a H.P.L.A.C. con Tratamiento Preferencial \/\/&nbsp; ( Conste que a las 9:44 se incorpora a la Sesi\u00f3n la concejal Camiolo)5.Expte.N\u00b05.330-HC 058-2.023 Proyecto de Resoluci\u00f3n:&nbsp;&nbsp; Solicitar a Legisladores de la Provincia de Mendoza se declare al Departamento de Malarg\u00fce como zona de riesgo de contingencias clim\u00e1ticas. (INTERBLOQUE ENCUENTRO \u2013 U.C. R-INDEPENDIENTE) Autores Concejales Francisco Parada y Mart\u00edn Palma \/&nbsp;&nbsp; En uso de la palabra el concejal PARADA manifiesta, este proyecto nace de una charla que tuvimos en el contexto del temporal con el concejal Palma, en el cual dec\u00edamos, bueno hist\u00f3ricamente&nbsp; Malarg\u00fce siempre sufre&nbsp; estas inclemencias que nos tienen a maltraer, &nbsp;y por cierto estamos convencidos de que tiene que existir una declaraci\u00f3n&nbsp; de nuestro departamento con potencial riesgo, que no tiene que quedar solamente en la declaraci\u00f3n . hay que disponer los medios &nbsp;para enfrentar Dios no lo permita que esos potenciales riesgos sean realidad. &nbsp;y eso se comprueba primero desde la historia&nbsp; &nbsp;&nbsp;&nbsp;Pasa a H.P.L.A.C con Tratamiento Preferencial &nbsp;6.Expte.N\u00b05.331-HC 058-2.023 Proyecto de Resoluci\u00f3n: Solicitar al Departamento Ejecutivo informaci\u00f3n sobre Convenio entre la Universidad Juan Agust\u00edn Maza y el Municipio. (INTERBLOQUE UCR INDEPENDIENTE- CUIDEMOS MALARG\u00dcE) Autores Concejales Mart\u00edn Palma y Silvia Correa &nbsp;&nbsp;Tiene aprobado el Tratamiento sobre Tablas. &nbsp;Cuando es la hora 10:15 el concejal PALMA solicita que el Cuerpo se Constituya en Comisi\u00f3n. \/ Moci\u00f3n que es aprobada. \/&nbsp; A las 10:51 sale el Cuerpo de Comisi\u00f3n.&nbsp; ( Conste que no se encuentra la concejal Camiolo)&nbsp; Se da lectura al despacho emitido: &nbsp;El despacho del Cuerpo en Comisi\u00f3n sugiere dar Aprobaci\u00f3n al proyecto presentado con la siguiente modificaci\u00f3n: Visto y Considerando \u00cddem proyecto original Resuelve: Art 1\u00b0 Solicitar al Departamento Ejecutivo Municipal, a trav\u00e9s del \u00e1rea que corresponda, informe lo siguiente: N\u00f3mina de profesores que dictan c la carrera. \/ N\u00f3mina de total de alumnos que integran la carrera. \/ N\u00f3mina de alumnos becados. \/ Informe contraprestaciones dinerarias y\/o no dinerarias requeridas a los beneficiarios comprendidos en el Anexo II del Acuerdo Espec\u00edfico Implementaci\u00f3n Presencial de la Carrera de Educaci\u00f3n F\u00edsica en Malarg\u00fce. -Porcentaje de recupero de la inversi\u00f3n educativa. \/ Indique en que consiste el saldo restante que se exige abonar a los alumnos becados en la Direcci\u00f3n de Rentas de la Municipalidad de Malarg\u00fce, ello en virtud de Contrato para alumno matriculado en UMAZA para abanderados con cl\u00e1usula de Honor. \/ Art.2\u00b0: De forma \/ &nbsp;&nbsp;Se pone a consideraci\u00f3n el despacho del&nbsp; Cuerpo en Comisi\u00f3n y es aprobado. \/7. Expte.N\u00b05.332-HC 058-2.023 Proyecto de Resoluci\u00f3n: Solicitar a la Direcci\u00f3n Nacional de Vialidad declare Estado de Emergencia de la Ruta Nacional 145 Paso Pehuenche. (BLOQUE FRENTE DE TODOS) Autores: Concejales Rodrigo Hidalgo y Andr\u00e9s Risi. En uso de la palabra el concejal HIDALGO expresa, bueno perm\u00edtanme explicar un poquito , como es de publico conocimiento lo sucedido en la ruta debido a las fuertes lluvias que tuvimos antes del temporal, luego esto se agrav\u00f3, con el temporal y con subsiguientes&nbsp; ca\u00edda de bastante agua en la zona que ha producido roturas en la calzada&nbsp; de dicha ruta. S\u00e9 de primera mano que el Coordinador del Centro de Fronteras ha estado haciendo las gestiones como para que lleguen los recursos que hacen falta, y se implementen todas las acciones necesarias&nbsp; para poder empezar con la reconstrucci\u00f3n de la zona, son cuatro puntualmente que est\u00e1n muy afectadas y pr\u00e1cticamente el tr\u00e1nsito en dicha rutas, en todo sentido, s\u00e9 que el Director Provincial de Vialidad Nacional tambi\u00e9n est\u00e1 haciendo las gestiones , pero bueno por pedido de ellos y obviamente de nosotros como ciudadanos de&nbsp; Malarg\u00fce m\u00e1s al\u00e1 de que nuestras incumbencias no llegan a cuestiones nacionales , no esta de mas solicitarle a la m\u00e1xima&nbsp; autoridad de Vialidad nacional el Administrador , que se declare el estado de la ruta, de manera de emergencia como para que se puedan asignar los fondos de manera m\u00e1s r\u00e1pida, as\u00ed que es&nbsp; eso, el proyecto presentado pido que se pase a la comisi\u00f3n de Obras P\u00fablicas,&nbsp; no es necesario la lectura&nbsp; del articulado. \/ En uso de la palabra la concejal ROJO manifiesta sugiero si el autor del proyecto lo considera correspondiente , que se trate en la comisi\u00f3n de&nbsp; Pasos Internacionales y Asuntos Regionales en lugar de la Comisi\u00f3n de&nbsp; Obras Publicas,&nbsp; para darle mayor celeridad al expediente.&nbsp; \/ El concejal HIDALGO est\u00e1 de acuerdo. \/\/En uso de la palabra el concejal PALMA expresa la verdad que es un proyecto bastante interesante porque sabemos lo que significa la ruta para&nbsp; Malargue, no , creo que ser\u00eda importante enriquecerlo&nbsp; con la participaci\u00f3n en la Comisi\u00f3n de Pasos Internacionales con algunos hist\u00f3ricos referentes&nbsp; del camino, porque tengo conocimiento&nbsp; que en algunos puntos&nbsp; que hoy se encuentra deteriorada la ruta , all\u00e1 por el a\u00f1o 95&nbsp; hubo varias presentaciones respecto a defensas que&nbsp; ten\u00edan que construirse , pero que bueno despu\u00e9s en las licitaciones&nbsp; subsiguientes y dem\u00e1s&nbsp; no se tuvieron en cuenta y est\u00e1n todav\u00eda esos proyectos,&nbsp; y est\u00e1n los estudios de esas defensas que se deb\u00edan construir para ir acercando tambi\u00e9n&nbsp; mas all\u00e1 del pedido de la declaraci\u00f3n de emergencia tambi\u00e9n herramientas del departamento que somos nosotros los que conocemos&nbsp; m\u00e1s fehacientemente c\u00f3mo se comportan los fen\u00f3menos&nbsp; clim\u00e1ticos , poder acercar esa herramienta o se restudie si son adecuados como aporte. \/ La concejal CORREA en uso de la palabra manifiesta&nbsp; para acompa\u00f1ar el proyecto con mi firma&nbsp; y adem\u00e1s para solicitar que la comisi\u00f3n de Pasos se re\u00fanan esta semana y no&nbsp; la semana pr\u00f3xima, ya que como no hab\u00eda proyectos, no nos est\u00e1bamos reuniendo&nbsp; y hab\u00edamos dejado en acta, que al ingresar un proyecto \u00edbamos a solicitar la convocatoria nuevamente,. As\u00ed que para solicitar tambi\u00e9n que se re\u00fana este pr\u00f3ximo mi\u00e9rcoles . El concejal PARADA manifiesta es en el mismo sentido que lo plante\u00f3 la concejal Correa, pero tambi\u00e9n para que lo trabajemos&nbsp; previo al final del per\u00edodo de sesiones ordinarias,&nbsp; &nbsp;porque bueno, Paso Pehuenche es tan&nbsp; importante sobre todo para la cuesti\u00f3n tur\u00edstica , para&nbsp; Malarg\u00fce que est\u00e1 necesitando tanta inversi\u00f3n , tanto que vengan tambi\u00e9n aqu\u00ed a Malarg\u00fce&nbsp; para hacer ocupaciones hoteleras y dem\u00e1s, son actividades tan importantes para que pueda hacerse alguna actividad concreta para solucionar el tema del&nbsp; Pasos Internacional \/ , en ese sentido tambi\u00e9n como lo planteaba la concejal Correa para que seamos lo mas r\u00e1pido posible en el tratamiento del proyecto \/\/ &nbsp;Pasa a COM. PASOS INTERNACIONALES. \/ 8.Expte.N\u00b05.333-HC 058-2.023 Proyecto de Resoluci\u00f3n: Declarar de Inter\u00e9s Departamental el Encuentro de T\u00e9cnicos en Conservaci\u00f3n de la Naturaleza y Profesores al cumplir 15 a\u00f1os de la Primer Promoci\u00f3n de Egresados (BLOQUE RECONSTRUYENDO MALARG\u00dcE) Autora Concejal Silvina Camiolo. En uso de la palabra la concejal CORREA&nbsp; expresa que obviamente va a acompa\u00f1ar el proyecto con su firma, entendiendo que la concejal Camiolo tuvo que&nbsp; retirarse por razones particulares, me pidi\u00f3 que hiciera la presentaci\u00f3n del proyecto . solamente voy a solicitar la lectura del articulado&nbsp; y que pase a la comisi\u00f3n de Educaci\u00f3n. Y un detalle no menor es que este encuentro&nbsp; de los quince a\u00f1os, lo dice el t\u00edtulo del proyecto, cumplen los quince a\u00f1os y es importante el encuentro que van a realizar porque no solamente se van a reunir los alumnos actuales, y los profesores, sino tambi\u00e9n exalumnos&nbsp; y exprofesores y este encuentro&nbsp; va a reunir algunos proyectos&nbsp; que han estado trabajando , es b\u00e1sicamente un encuentro cient\u00edfico, o incluso t\u00e9cnico. Por eso nos pareci\u00f3 muy importante&nbsp; declarar de inter\u00e9s departamental este encuentro de la TECONA y acompa\u00f1ar con la salutaci\u00f3n y la felicitaci\u00f3n por estos quince a\u00f1os aqu\u00ed en el Departamento&nbsp; \/\/ Se procede por Secretar\u00eda \/\/ &nbsp;\/ Pasa a E.H.M.A.S Y C \/\/ 9.Expte.N\u00b05.334-HC 058-2.023 Proyecto de Resoluci\u00f3n: Declarar de Inter\u00e9s Departamental el Encuentro de Motos Nacional e Internacional Ruta 40 (BLOQUE FRENTE DE TODOS) Autores: Concejales Rodrigo Hidalgo y Andr\u00e9s Risi..&nbsp; En uso de la palabra el concejal&nbsp; HIDALGO manifiesta, este es un proyecto, de una declaraci\u00f3n de inter\u00e9s con respecto a un evento . en este evento va a estar la participaci\u00f3n del Presidente de una de las asociaciones u organizaciones&nbsp; de motos m\u00e1s grande del pa\u00eds, van a venir tambi\u00e9n moteros, o motoqueros de distintos&nbsp; pa\u00edses Brasil, Paraguay, entonces vemos,&nbsp; entendemos que es un evento bastante importante para el departamento , sabemos que fomenta la econom\u00eda , el turismo tambi\u00e9n, la cultura por el intercambio que hay al ser ya un evento internacional , as\u00ed que bueno, ese es el objetivos el empuj\u00f3n o incentivo que podemos hacer desde aqu\u00ed del Concejo Deliberante , as\u00ed que pido que pase a la comisi\u00f3n de E.H.MA.S Y C y no es necesario la lectura&nbsp;&nbsp; del mismo. \/\/ &nbsp;&nbsp;Pasa a E.H.M.A.S Y C &nbsp;\/ g) Expedientes provenientes del Departamento Ejecutivo &#8211; No Ingresados-\/ h) Despachos de las Comisiones de Trabajo:1.Nota HC-223-2.023 Concejal Paola Rojo solicita coordinar reuni\u00f3n de trabajo con responsables de Desarrollo Territorial de la Secretar\u00eda de Extensi\u00f3n y vinculaci\u00f3n de la UN CUYO. (E.H.M.A. S Y C)&nbsp; La Comisi\u00f3n&nbsp; habiendo tomado conocimiento de su contenido, se sugiere el Archivo por cuanto ya se realiz\u00f3 la reuni\u00f3n de trabajo. \/ Puesto a consideraci\u00f3n el despacho es aprobado. &nbsp;\/ 2. Expte.N\u00b05.308 HC 057-2.023 Proyecto de Resoluci\u00f3n: Instar al Dep. Ejecutivo Municipal la realizaci\u00f3n del Plano de Relevamiento Social a Clubes Deportivos (H.P.L.A.C.) La comisi\u00f3n sugiere Dar Aprobaci\u00f3n&nbsp;&nbsp; al proyecto presentado con la siguiente modificaci\u00f3n.&nbsp; Visto y Considerando \u00cddem proyecto original. Se agrega como \u00faltimo considerando el que quedar\u00e1 redactado de la siguiente manera: Que el Art. 82 inciso 3 de la Ley 1079 Org\u00e1nica de Municipalidades, expresa que corresponde al Concejo en lo relativo a fomentar los deportes dentro de los municipios.&nbsp; La redacci\u00f3n del Articulado debe tener formato de Resoluci\u00f3n. \/ Se pone a consideraci\u00f3n el despacho. &nbsp;\/ 3.Expte.N\u00b05.320-HC 057-2.023 Proyecto de Resoluci\u00f3n: Solicitar al Ente Nacional de Comunicaciones (ENACOM) la realizaci\u00f3n de un Censo de las Radios FM y AM existentes en el Departamento (H.P.L.A.C.) La comisi\u00f3n sugiere Dar Aprobaci\u00f3n al proyecto presentado sin modificaciones. Puesto a consideraci\u00f3n el despacho es aprobado. &nbsp;\/ 4.Nota HC-304-2.023 Sr. Sergio Mart\u00ednez Banca del Ciudadano, Tema a tratar: Uni\u00f3n Vecinal B\u00b0 Bast\u00edas Planteamientos varios en relaci\u00f3n a la Sede Vecinal y falta de comunicaci\u00f3n con el Centro de Gesti\u00f3n N\u00b04 (O.P.T Y R.N&nbsp; y H.P.L.A.C) &nbsp;La comisi\u00f3n de Obras P\u00fablicas&nbsp; sugiere elevar copia de las actuaciones al Sr Director de Gesti\u00f3n Municipal Pablo Villarruel , a los fines de tomar conocimiento del reclamo efectuado por la Uni\u00f3n Vecinal Barrio Bast\u00edas, adjuntando copia de las mismas, todo ello a los fines de que pudiesen corresponder y elevar&nbsp; nota al Sr. Sergio Mart\u00ednez, en representaci\u00f3n de la Uni\u00f3n Vecinal Barrio Bast\u00edas, a los fines de tomar conocimiento destino de la nota. \/\/ La comisi\u00f3n de Hacienda sugiere hacer suyo el despacho emitido por la Comisi\u00f3n de Obras P\u00fablicas. \/ Se ponen a consideraci\u00f3n ambos despachos y son aprobados. \/ 5.Expte.N\u00b05.197-HC 049-2.022 Proyecto de Ordenanza: Crear el registro y control de los niveles de radiaci\u00f3n en el Parque de la CNEA y hogares aleda\u00f1os (O.P.T Y R.N y H.P.L.A.C.) La comisi\u00f3n de Obras P\u00fablica&nbsp; sugiere Dar Aprobaci\u00f3n&nbsp; al proyecto presentado con modificaciones. Visto y Considerando \u00cddem proyecto original. Ordena: Art. 1\u00b0 al Art. 3\u00b0 \u00cddem proyecto original. Art 4\u00b0&nbsp; Autor\u00edcese al Departamento Ejecutivo Municipal a realizar la compra de detectores Geiger , destinado a la Direcci\u00f3n de Ambiente de la Municipalidad de Malarg\u00fce.&nbsp; Art 5\u00b0 \u00cddem proyecto original. Art 6\u00b0 De forme. \/\/ La comisi\u00f3n de Hacienda , sugiere hacer suyo el despacho emitido por la comisi\u00f3n de Obras P\u00fablicas. \/ Se ponen a consideraci\u00f3n ambos despachos y son aprobados. \/\/ \/ 6.Expte.N\u00b04.735-HC-017-2.019. Bloque Frente Somos Mendoza. Proyecto de Ordenanza: Afectaci\u00f3n de calles de la Uni\u00f3n Vecinal Nuevo Horizonte de uso y dominio p\u00fablico denominaci\u00f3n de los Pasajes con sentido de circulaci\u00f3n, nombre y nomencladores. \/ Expte. N\u00b0 4.829-HC-023-2. 020.Bloque Frente de Todos. Proyecto de Resoluci\u00f3n: Solicitar a propietarios la disminuci\u00f3n del monto de arrendamiento de campos de invernada y\/o veranada a puesteros de nuestro Departamento \/ Expte.N\u00b04.881-HC-027-2.020. Bloque Frente de Todos. Proyecto de Ordenanza: Creaci\u00f3n de Programa Municipal para abastecimiento de agua potable a zonas rurales y de \u00e1reas perif\u00e9ricas a la Ciudad.\/ Expte. N\u00b05.080-HC-041-2.022. Bloque Frente de Todos. Proyecto de Ordenanza: Refacci\u00f3n y reacondicionamiento de Plaza Juan Manuel de Rosas del Barrio Municipal. \/Expte.N\u00b05.004-HC-036-2.023. Bloque Frente de Todos. Proyecto de Resoluci\u00f3n: &nbsp;&nbsp; Solicitar al Departamento Ejecutivo realice la firma del Convenio para implementar el Programa Acompa\u00f1ar enmarcado en el Plan Nacional de Acci\u00f3n contra las &nbsp;&nbsp;&nbsp;&nbsp; Violencias&nbsp; 2020-2022.\/Expte.N\u00ba5.102-HC-042-2.022. Bloque Partido Federal. Proyecto de Ordenanza: Campa\u00f1a concientizaci\u00f3n sobre prevenci\u00f3n de accidentes viales por presencia de animales sueltos. \/ Nota HC-306-2.019. Sr. Ricardo Rojas, Profesional Minero, solicita terreno en la zona de Pata Mora para montar emprendimiento minero a trav\u00e9s de PYME.\/ Nota HC-322-2020. Honorable Concejo Deliberante de Gral. Alvear remite copia de Resoluci\u00f3n N\u00ba5.085\/2020. Ref. Repudiar decisi\u00f3n Ex Presidente Mauricio Macri , espiar de manera&nbsp; ilegal&nbsp; a los familiares de los tripulantes del ARA&nbsp; San Juan \/ Nota HC-435-2.021. Sra. Rosana Scheurer, Secretaria de Comisiones del Honorable &nbsp;&nbsp;&nbsp;&nbsp;&nbsp; Concejo Deliberante, informe situaci\u00f3n acaecida en Comisi\u00f3n de Asuntos Territoriales con fecha 18 de octubre de 2.021 a efectos de evitar confusiones. \/ Nota HC-366-2021. Concejal Mart\u00edn Palma, Presidente Honorable Concejo Deliberante, &nbsp;&nbsp;&nbsp;&nbsp;&nbsp;&nbsp;&nbsp;&nbsp;&nbsp;&nbsp;&nbsp; eleva respuesta a solicitud informaci\u00f3n del Bloque Frente de Todos, adjunta documentaci\u00f3n. \/ Nota HC-373-2. 023.Departamento Ejecutivo Municipal, remite informe Programa Enlace correspondiente a los a\u00f1os 2.022 y 2.023. \/ Nota HC-378-2. 023.Suprema Corte de Justicia remite las actuaciones en Autos N\u00b013-04352249-8 P\u00e1ez Rafael Enrique P\/ Acci\u00f3n Procesal Administrativa (Devoluci\u00f3n actuaciones). (H.P.LA.C.)&nbsp; La comisi\u00f3n&nbsp; habiendo tomado conocimiento de cada uno de las notas y expedientes y considerando que&nbsp; han sido evaluadas , esta comisi\u00f3n sugiere el Archivo de las mismas. \/\/ Puesto a consideraci\u00f3n&nbsp; el despacho es aprobado. \/ &nbsp;\/ i) Asuntos Varios. :Cuando es la hora 11:11 la concejal CORREA solicita que el Cuerpo se constituya en comisi\u00f3n, Moci\u00f3n que es aprobada. \/ A las 11:15 sale el Cuerpo de Comisi\u00f3n. \/ Tema: Desafectaci\u00f3n de Nota HC 465 de Secretar\u00eda.&nbsp;&nbsp; Informe sobre la cubierta sanitaria, elaborado por TE.CO.NA \/ Solicitado por la concejal CORREA.&nbsp; En uso de la palabra la concejal CORREA mociona que la nota desafectada sea enviada a la comisi\u00f3n de E.H.M.A.S Y C \/ Puesto a consideraci\u00f3n la moci\u00f3n es aprobada. \/ -\/ j) Acto de arriar el Pabell\u00f3n Nacional a cargo de la concejal que lo iz\u00f3., para lo cual se invita a la concejal Viviana MOSCA. \/ Cuando es la hora 11:17 se da por terminada la sesi\u00f3n. \/\/ Previa lectura de lo que antecede firman las presentes actuaciones, la Se\u00f1ora Vicepresidente 1\u00b0 y la Se\u00f1ora Secretaria del Honorable Concejo Deliberante de la Municipalidad de Malarg\u00fce \/\/ &nbsp;&#8211;<\/p>\n\n\n","protected":false},"excerpt":{"rendered":"<p>En Malarg\u00fce Mendoza a Siete d\u00edas de Setiembre de 2.023 cuando es la hora 9:13 se re\u00fane el Honorable Concejo Deliberante de la Municipalidad de Malarg\u00fce, para celebrar su Sesi\u00f3n Ordinaria. Bajo la Presidencia de la Vicepresidenta 1\u00b0 Concejal Daiana VARAS CASTRO&nbsp; y la presencia de los Se\u00f1ores concejales Palma, Rosas, Mosca, Rojo, Parada , [&hellip;]<\/p>\n","protected":false},"author":5,"featured_media":33337,"comment_status":"closed","ping_status":"closed","sticky":false,"template":"","format":"standard","meta":{"footnotes":""},"categories":[60,52,33,36],"tags":[],"class_list":["post-34918","post","type-post","status-publish","format-standard","has-post-thumbnail","hentry","category-acta-de-sesiones","category-gacetillas","category-prensa","category-sesiones"],"yoast_head":"<!-- This site is optimized with the Yoast SEO plugin v19.10 - https:\/\/yoast.com\/wordpress\/plugins\/seo\/ -->\n<title>ACTA 22\u00b0 SESI\u00d3N ORDINARIA N\u00b01.139- \u201cO\u201d- 7\/09\/2.023.- Malarg\u00fce HCD<\/title>\n<meta name=\"robots\" content=\"index, follow, max-snippet:-1, max-image-preview:large, max-video-preview:-1\" \/>\n<link rel=\"canonical\" href=\"https:\/\/hcd.malargue.gov.ar\/?p=34918\" \/>\n<meta property=\"og:locale\" content=\"es_ES\" \/>\n<meta property=\"og:type\" content=\"article\" \/>\n<meta property=\"og:title\" content=\"ACTA 22\u00b0 SESI\u00d3N ORDINARIA N\u00b01.139- \u201cO\u201d- 7\/09\/2.023.- Malarg\u00fce HCD\" \/>\n<meta property=\"og:description\" content=\"En Malarg\u00fce Mendoza a Siete d\u00edas de Setiembre de 2.023 cuando es la hora 9:13 se re\u00fane el Honorable Concejo Deliberante de la Municipalidad de Malarg\u00fce, para celebrar su Sesi\u00f3n Ordinaria. Bajo la Presidencia de la Vicepresidenta 1\u00b0 Concejal Daiana VARAS CASTRO&nbsp; y la presencia de los Se\u00f1ores concejales Palma, Rosas, Mosca, Rojo, Parada , [&hellip;]\" \/>\n<meta property=\"og:url\" content=\"https:\/\/hcd.malargue.gov.ar\/?p=34918\" \/>\n<meta property=\"og:site_name\" content=\"Malarg\u00fce HCD\" \/>\n<meta property=\"article:published_time\" content=\"2023-09-15T11:37:05+00:00\" \/>\n<meta property=\"article:modified_time\" content=\"2023-09-15T11:37:34+00:00\" \/>\n<meta property=\"og:image\" content=\"https:\/\/hcd.malargue.gov.ar\/wp-content\/uploads\/2023\/03\/actas-sesiones.jpg\" \/>\n\t<meta property=\"og:image:width\" content=\"1640\" \/>\n\t<meta property=\"og:image:height\" content=\"924\" \/>\n\t<meta property=\"og:image:type\" content=\"image\/jpeg\" \/>\n<meta name=\"author\" content=\"Belen Pedernera Ferragut\" \/>\n<meta name=\"twitter:card\" content=\"summary_large_image\" \/>\n<meta name=\"twitter:label1\" content=\"Escrito por\" \/>\n\t<meta name=\"twitter:data1\" content=\"Belen Pedernera Ferragut\" \/>\n\t<meta name=\"twitter:label2\" content=\"Tiempo de lectura\" \/>\n\t<meta name=\"twitter:data2\" content=\"26 minutos\" \/>\n<script type=\"application\/ld+json\" class=\"yoast-schema-graph\">{\"@context\":\"https:\/\/schema.org\",\"@graph\":[{\"@type\":\"WebPage\",\"@id\":\"https:\/\/hcd.malargue.gov.ar\/?p=34918\",\"url\":\"https:\/\/hcd.malargue.gov.ar\/?p=34918\",\"name\":\"ACTA 22\u00b0 SESI\u00d3N ORDINARIA N\u00b01.139- \u201cO\u201d- 7\/09\/2.023.- Malarg\u00fce HCD\",\"isPartOf\":{\"@id\":\"https:\/\/hcd.malargue.gov.ar\/#website\"},\"datePublished\":\"2023-09-15T11:37:05+00:00\",\"dateModified\":\"2023-09-15T11:37:34+00:00\",\"author\":{\"@id\":\"https:\/\/hcd.malargue.gov.ar\/#\/schema\/person\/3fd6bbab64edd703961b795156c955d0\"},\"breadcrumb\":{\"@id\":\"https:\/\/hcd.malargue.gov.ar\/?p=34918#breadcrumb\"},\"inLanguage\":\"es-AR\",\"potentialAction\":[{\"@type\":\"ReadAction\",\"target\":[\"https:\/\/hcd.malargue.gov.ar\/?p=34918\"]}]},{\"@type\":\"BreadcrumbList\",\"@id\":\"https:\/\/hcd.malargue.gov.ar\/?p=34918#breadcrumb\",\"itemListElement\":[{\"@type\":\"ListItem\",\"position\":1,\"name\":\"Inicio\",\"item\":\"https:\/\/hcd.malargue.gov.ar\/\"},{\"@type\":\"ListItem\",\"position\":2,\"name\":\"ACTA 22\u00b0 SESI\u00d3N ORDINARIA N\u00b01.139- \u201cO\u201d- 7\/09\/2.023.-\"}]},{\"@type\":\"WebSite\",\"@id\":\"https:\/\/hcd.malargue.gov.ar\/#website\",\"url\":\"https:\/\/hcd.malargue.gov.ar\/\",\"name\":\"Malarg\u00fce HCD\",\"description\":\"Malarg\u00fce Mendoza Argentina\",\"potentialAction\":[{\"@type\":\"SearchAction\",\"target\":{\"@type\":\"EntryPoint\",\"urlTemplate\":\"https:\/\/hcd.malargue.gov.ar\/?s={search_term_string}\"},\"query-input\":\"required name=search_term_string\"}],\"inLanguage\":\"es-AR\"},{\"@type\":\"Person\",\"@id\":\"https:\/\/hcd.malargue.gov.ar\/#\/schema\/person\/3fd6bbab64edd703961b795156c955d0\",\"name\":\"Belen Pedernera Ferragut\",\"image\":{\"@type\":\"ImageObject\",\"inLanguage\":\"es-AR\",\"@id\":\"https:\/\/hcd.malargue.gov.ar\/#\/schema\/person\/image\/\",\"url\":\"https:\/\/secure.gravatar.com\/avatar\/1054ffab3893de4bb3eb29bdd22f7e34b8537bf5d34d9dab311818154ad5b71f?s=96&d=mm&r=g\",\"contentUrl\":\"https:\/\/secure.gravatar.com\/avatar\/1054ffab3893de4bb3eb29bdd22f7e34b8537bf5d34d9dab311818154ad5b71f?s=96&d=mm&r=g\",\"caption\":\"Belen Pedernera Ferragut\"},\"url\":\"https:\/\/hcd.malargue.gov.ar\/?author=5\"}]}<\/script>\n<!-- \/ Yoast SEO plugin. -->","yoast_head_json":{"title":"ACTA 22\u00b0 SESI\u00d3N ORDINARIA N\u00b01.139- \u201cO\u201d- 7\/09\/2.023.- Malarg\u00fce HCD","robots":{"index":"index","follow":"follow","max-snippet":"max-snippet:-1","max-image-preview":"max-image-preview:large","max-video-preview":"max-video-preview:-1"},"canonical":"https:\/\/hcd.malargue.gov.ar\/?p=34918","og_locale":"es_ES","og_type":"article","og_title":"ACTA 22\u00b0 SESI\u00d3N ORDINARIA N\u00b01.139- \u201cO\u201d- 7\/09\/2.023.- Malarg\u00fce HCD","og_description":"En Malarg\u00fce Mendoza a Siete d\u00edas de Setiembre de 2.023 cuando es la hora 9:13 se re\u00fane el Honorable Concejo Deliberante de la Municipalidad de Malarg\u00fce, para celebrar su Sesi\u00f3n Ordinaria. Bajo la Presidencia de la Vicepresidenta 1\u00b0 Concejal Daiana VARAS CASTRO&nbsp; y la presencia de los Se\u00f1ores concejales Palma, Rosas, Mosca, Rojo, Parada , [&hellip;]","og_url":"https:\/\/hcd.malargue.gov.ar\/?p=34918","og_site_name":"Malarg\u00fce HCD","article_published_time":"2023-09-15T11:37:05+00:00","article_modified_time":"2023-09-15T11:37:34+00:00","og_image":[{"width":1640,"height":924,"url":"https:\/\/hcd.malargue.gov.ar\/wp-content\/uploads\/2023\/03\/actas-sesiones.jpg","type":"image\/jpeg"}],"author":"Belen Pedernera Ferragut","twitter_card":"summary_large_image","twitter_misc":{"Escrito por":"Belen Pedernera Ferragut","Tiempo de lectura":"26 minutos"},"schema":{"@context":"https:\/\/schema.org","@graph":[{"@type":"WebPage","@id":"https:\/\/hcd.malargue.gov.ar\/?p=34918","url":"https:\/\/hcd.malargue.gov.ar\/?p=34918","name":"ACTA 22\u00b0 SESI\u00d3N ORDINARIA N\u00b01.139- \u201cO\u201d- 7\/09\/2.023.- Malarg\u00fce HCD","isPartOf":{"@id":"https:\/\/hcd.malargue.gov.ar\/#website"},"datePublished":"2023-09-15T11:37:05+00:00","dateModified":"2023-09-15T11:37:34+00:00","author":{"@id":"https:\/\/hcd.malargue.gov.ar\/#\/schema\/person\/3fd6bbab64edd703961b795156c955d0"},"breadcrumb":{"@id":"https:\/\/hcd.malargue.gov.ar\/?p=34918#breadcrumb"},"inLanguage":"es-AR","potentialAction":[{"@type":"ReadAction","target":["https:\/\/hcd.malargue.gov.ar\/?p=34918"]}]},{"@type":"BreadcrumbList","@id":"https:\/\/hcd.malargue.gov.ar\/?p=34918#breadcrumb","itemListElement":[{"@type":"ListItem","position":1,"name":"Inicio","item":"https:\/\/hcd.malargue.gov.ar\/"},{"@type":"ListItem","position":2,"name":"ACTA 22\u00b0 SESI\u00d3N ORDINARIA N\u00b01.139- \u201cO\u201d- 7\/09\/2.023.-"}]},{"@type":"WebSite","@id":"https:\/\/hcd.malargue.gov.ar\/#website","url":"https:\/\/hcd.malargue.gov.ar\/","name":"Malarg\u00fce HCD","description":"Malarg\u00fce Mendoza Argentina","potentialAction":[{"@type":"SearchAction","target":{"@type":"EntryPoint","urlTemplate":"https:\/\/hcd.malargue.gov.ar\/?s={search_term_string}"},"query-input":"required name=search_term_string"}],"inLanguage":"es-AR"},{"@type":"Person","@id":"https:\/\/hcd.malargue.gov.ar\/#\/schema\/person\/3fd6bbab64edd703961b795156c955d0","name":"Belen Pedernera Ferragut","image":{"@type":"ImageObject","inLanguage":"es-AR","@id":"https:\/\/hcd.malargue.gov.ar\/#\/schema\/person\/image\/","url":"https:\/\/secure.gravatar.com\/avatar\/1054ffab3893de4bb3eb29bdd22f7e34b8537bf5d34d9dab311818154ad5b71f?s=96&d=mm&r=g","contentUrl":"https:\/\/secure.gravatar.com\/avatar\/1054ffab3893de4bb3eb29bdd22f7e34b8537bf5d34d9dab311818154ad5b71f?s=96&d=mm&r=g","caption":"Belen Pedernera Ferragut"},"url":"https:\/\/hcd.malargue.gov.ar\/?author=5"}]}},"_links":{"self":[{"href":"https:\/\/hcd.malargue.gov.ar\/index.php?rest_route=\/wp\/v2\/posts\/34918","targetHints":{"allow":["GET"]}}],"collection":[{"href":"https:\/\/hcd.malargue.gov.ar\/index.php?rest_route=\/wp\/v2\/posts"}],"about":[{"href":"https:\/\/hcd.malargue.gov.ar\/index.php?rest_route=\/wp\/v2\/types\/post"}],"author":[{"embeddable":true,"href":"https:\/\/hcd.malargue.gov.ar\/index.php?rest_route=\/wp\/v2\/users\/5"}],"replies":[{"embeddable":true,"href":"https:\/\/hcd.malargue.gov.ar\/index.php?rest_route=%2Fwp%2Fv2%2Fcomments&post=34918"}],"version-history":[{"count":2,"href":"https:\/\/hcd.malargue.gov.ar\/index.php?rest_route=\/wp\/v2\/posts\/34918\/revisions"}],"predecessor-version":[{"id":34941,"href":"https:\/\/hcd.malargue.gov.ar\/index.php?rest_route=\/wp\/v2\/posts\/34918\/revisions\/34941"}],"wp:featuredmedia":[{"embeddable":true,"href":"https:\/\/hcd.malargue.gov.ar\/index.php?rest_route=\/wp\/v2\/media\/33337"}],"wp:attachment":[{"href":"https:\/\/hcd.malargue.gov.ar\/index.php?rest_route=%2Fwp%2Fv2%2Fmedia&parent=34918"}],"wp:term":[{"taxonomy":"category","embeddable":true,"href":"https:\/\/hcd.malargue.gov.ar\/index.php?rest_route=%2Fwp%2Fv2%2Fcategories&post=34918"},{"taxonomy":"post_tag","embeddable":true,"href":"https:\/\/hcd.malargue.gov.ar\/index.php?rest_route=%2Fwp%2Fv2%2Ftags&post=34918"}],"curies":[{"name":"wp","href":"https:\/\/api.w.org\/{rel}","templated":true}]}}