{"id":34948,"date":"2023-09-18T12:49:12","date_gmt":"2023-09-18T15:49:12","guid":{"rendered":"https:\/\/hcd.malargue.gov.ar\/?p=34948"},"modified":"2023-10-09T10:58:24","modified_gmt":"2023-10-09T13:58:24","slug":"comision-de-educacion-recibio-a-referentes-de-turismo-en-mgue","status":"publish","type":"post","link":"https:\/\/hcd.malargue.gov.ar\/?p=34948","title":{"rendered":"LA COMISI\u00d3N DE EDUCACI\u00d3N RECIBI\u00d3 A REFERENTES DE TURISMO EN MG\u00dcE"},"content":{"rendered":"<div class=\"wp-block-image\">\n<figure class=\"alignright size-large is-resized\"><img loading=\"lazy\" decoding=\"async\" src=\"https:\/\/hcd.malargue.gov.ar\/wp-content\/uploads\/2023\/09\/380823435_626284059677486_8536351199029925561_n-1024x577.jpg\" alt=\"\" class=\"wp-image-34951\" style=\"width:373px;height:210px\" width=\"373\" height=\"210\" srcset=\"https:\/\/hcd.malargue.gov.ar\/wp-content\/uploads\/2023\/09\/380823435_626284059677486_8536351199029925561_n-1024x577.jpg 1024w, https:\/\/hcd.malargue.gov.ar\/wp-content\/uploads\/2023\/09\/380823435_626284059677486_8536351199029925561_n-300x169.jpg 300w, https:\/\/hcd.malargue.gov.ar\/wp-content\/uploads\/2023\/09\/380823435_626284059677486_8536351199029925561_n-768x432.jpg 768w, https:\/\/hcd.malargue.gov.ar\/wp-content\/uploads\/2023\/09\/380823435_626284059677486_8536351199029925561_n-1536x865.jpg 1536w, https:\/\/hcd.malargue.gov.ar\/wp-content\/uploads\/2023\/09\/380823435_626284059677486_8536351199029925561_n.jpg 2048w\" sizes=\"auto, (max-width: 373px) 100vw, 373px\" \/><\/figure>\n<\/div>\n\n\n<p><em>Por la ma\u00f1ana del lunes 18 de julio a las 9:30hrs, se reuni\u00f3 la Comisi\u00f3n de Educaci\u00f3n, Higiene, Moralidad, Acci\u00f3n Social y Cultura, con la presencia de los Ediles Silvia Correa, Viviana Mosca, Gabriel Rosas y Francisco Parada<\/em>.<em> Ausentes Concejales Hidalgo, Camiolo y Rojo<\/em>.<\/p>\n\n\n\n<p><em>Los mismos recibieron al Sr. Armando Escobar y las Sras. Graciela Viollaz y Silvia Bastian para dialogar sobre la Reglamentaci\u00f3n de la Fiesta Nacional del Chivo<\/em> (<em>Expte.N\u00b05.315-HC 057-2.023<\/em>).<\/p>\n\n\n\n<p class=\"has-text-align-center\"><strong><a href=\"https:\/\/www.facebook.com\/photo\/?fbid=626283173010908&amp;set=pcb.626283786344180\">GALER\u00cdA DE FOTOS<\/a><\/strong><\/p>\n","protected":false},"excerpt":{"rendered":"<p>Por la ma\u00f1ana del lunes 18 de julio a las 9:30hrs, se reuni\u00f3 la Comisi\u00f3n de Educaci\u00f3n, Higiene, Moralidad, Acci\u00f3n Social y Cultura, con la presencia de los Ediles Silvia Correa, Viviana Mosca, Gabriel Rosas y Francisco Parada. Ausentes Concejales Hidalgo, Camiolo y Rojo. Los mismos recibieron al Sr. Armando Escobar y las Sras. Graciela [&hellip;]<\/p>\n","protected":false},"author":5,"featured_media":34950,"comment_status":"closed","ping_status":"closed","sticky":false,"template":"","format":"standard","meta":{"footnotes":""},"categories":[61,39,52,33],"tags":[],"class_list":["post-34948","post","type-post","status-publish","format-standard","has-post-thumbnail","hentry","category-comision-de-educacion-higiene-moralidad-accion-social-y-cultura","category-comisiones","category-gacetillas","category-prensa"],"yoast_head":"<!-- This site is optimized with the Yoast SEO plugin v19.10 - https:\/\/yoast.com\/wordpress\/plugins\/seo\/ -->\n<title>LA COMISI\u00d3N DE EDUCACI\u00d3N RECIBI\u00d3 A REFERENTES DE TURISMO EN MG\u00dcE - Malarg\u00fce HCD<\/title>\n<meta name=\"robots\" content=\"index, follow, max-snippet:-1, max-image-preview:large, max-video-preview:-1\" \/>\n<link rel=\"canonical\" href=\"https:\/\/hcd.malargue.gov.ar\/?p=34948\" \/>\n<meta property=\"og:locale\" content=\"es_ES\" \/>\n<meta property=\"og:type\" content=\"article\" \/>\n<meta property=\"og:title\" content=\"LA COMISI\u00d3N DE EDUCACI\u00d3N RECIBI\u00d3 A REFERENTES DE TURISMO EN MG\u00dcE - Malarg\u00fce HCD\" \/>\n<meta property=\"og:description\" content=\"Por la ma\u00f1ana del lunes 18 de julio a las 9:30hrs, se reuni\u00f3 la Comisi\u00f3n de Educaci\u00f3n, Higiene, Moralidad, Acci\u00f3n Social y Cultura, con la presencia de los Ediles Silvia Correa, Viviana Mosca, Gabriel Rosas y Francisco Parada. Ausentes Concejales Hidalgo, Camiolo y Rojo. Los mismos recibieron al Sr. Armando Escobar y las Sras. Graciela [&hellip;]\" \/>\n<meta property=\"og:url\" content=\"https:\/\/hcd.malargue.gov.ar\/?p=34948\" \/>\n<meta property=\"og:site_name\" content=\"Malarg\u00fce HCD\" \/>\n<meta property=\"article:published_time\" content=\"2023-09-18T15:49:12+00:00\" \/>\n<meta property=\"article:modified_time\" content=\"2023-10-09T13:58:24+00:00\" \/>\n<meta property=\"og:image\" content=\"https:\/\/hcd.malargue.gov.ar\/wp-content\/uploads\/2023\/09\/376280563_626283816344177_6687677527761542116_n.jpg\" \/>\n\t<meta property=\"og:image:width\" content=\"2048\" \/>\n\t<meta property=\"og:image:height\" content=\"1153\" \/>\n\t<meta property=\"og:image:type\" content=\"image\/jpeg\" \/>\n<meta name=\"author\" content=\"Belen Pedernera Ferragut\" \/>\n<meta name=\"twitter:card\" content=\"summary_large_image\" \/>\n<meta name=\"twitter:label1\" content=\"Escrito por\" \/>\n\t<meta name=\"twitter:data1\" content=\"Belen Pedernera Ferragut\" \/>\n<script type=\"application\/ld+json\" class=\"yoast-schema-graph\">{\"@context\":\"https:\/\/schema.org\",\"@graph\":[{\"@type\":\"WebPage\",\"@id\":\"https:\/\/hcd.malargue.gov.ar\/?p=34948\",\"url\":\"https:\/\/hcd.malargue.gov.ar\/?p=34948\",\"name\":\"LA COMISI\u00d3N DE EDUCACI\u00d3N RECIBI\u00d3 A REFERENTES DE TURISMO EN MG\u00dcE - Malarg\u00fce HCD\",\"isPartOf\":{\"@id\":\"https:\/\/hcd.malargue.gov.ar\/#website\"},\"datePublished\":\"2023-09-18T15:49:12+00:00\",\"dateModified\":\"2023-10-09T13:58:24+00:00\",\"author\":{\"@id\":\"https:\/\/hcd.malargue.gov.ar\/#\/schema\/person\/3fd6bbab64edd703961b795156c955d0\"},\"breadcrumb\":{\"@id\":\"https:\/\/hcd.malargue.gov.ar\/?p=34948#breadcrumb\"},\"inLanguage\":\"es-AR\",\"potentialAction\":[{\"@type\":\"ReadAction\",\"target\":[\"https:\/\/hcd.malargue.gov.ar\/?p=34948\"]}]},{\"@type\":\"BreadcrumbList\",\"@id\":\"https:\/\/hcd.malargue.gov.ar\/?p=34948#breadcrumb\",\"itemListElement\":[{\"@type\":\"ListItem\",\"position\":1,\"name\":\"Inicio\",\"item\":\"https:\/\/hcd.malargue.gov.ar\/\"},{\"@type\":\"ListItem\",\"position\":2,\"name\":\"LA COMISI\u00d3N DE EDUCACI\u00d3N RECIBI\u00d3 A REFERENTES DE TURISMO EN MG\u00dcE\"}]},{\"@type\":\"WebSite\",\"@id\":\"https:\/\/hcd.malargue.gov.ar\/#website\",\"url\":\"https:\/\/hcd.malargue.gov.ar\/\",\"name\":\"Malarg\u00fce HCD\",\"description\":\"Malarg\u00fce Mendoza Argentina\",\"potentialAction\":[{\"@type\":\"SearchAction\",\"target\":{\"@type\":\"EntryPoint\",\"urlTemplate\":\"https:\/\/hcd.malargue.gov.ar\/?s={search_term_string}\"},\"query-input\":\"required name=search_term_string\"}],\"inLanguage\":\"es-AR\"},{\"@type\":\"Person\",\"@id\":\"https:\/\/hcd.malargue.gov.ar\/#\/schema\/person\/3fd6bbab64edd703961b795156c955d0\",\"name\":\"Belen Pedernera Ferragut\",\"image\":{\"@type\":\"ImageObject\",\"inLanguage\":\"es-AR\",\"@id\":\"https:\/\/hcd.malargue.gov.ar\/#\/schema\/person\/image\/\",\"url\":\"https:\/\/secure.gravatar.com\/avatar\/1054ffab3893de4bb3eb29bdd22f7e34b8537bf5d34d9dab311818154ad5b71f?s=96&d=mm&r=g\",\"contentUrl\":\"https:\/\/secure.gravatar.com\/avatar\/1054ffab3893de4bb3eb29bdd22f7e34b8537bf5d34d9dab311818154ad5b71f?s=96&d=mm&r=g\",\"caption\":\"Belen Pedernera Ferragut\"},\"url\":\"https:\/\/hcd.malargue.gov.ar\/?author=5\"}]}<\/script>\n<!-- \/ Yoast SEO plugin. -->","yoast_head_json":{"title":"LA COMISI\u00d3N DE EDUCACI\u00d3N RECIBI\u00d3 A REFERENTES DE TURISMO EN MG\u00dcE - Malarg\u00fce HCD","robots":{"index":"index","follow":"follow","max-snippet":"max-snippet:-1","max-image-preview":"max-image-preview:large","max-video-preview":"max-video-preview:-1"},"canonical":"https:\/\/hcd.malargue.gov.ar\/?p=34948","og_locale":"es_ES","og_type":"article","og_title":"LA COMISI\u00d3N DE EDUCACI\u00d3N RECIBI\u00d3 A REFERENTES DE TURISMO EN MG\u00dcE - Malarg\u00fce HCD","og_description":"Por la ma\u00f1ana del lunes 18 de julio a las 9:30hrs, se reuni\u00f3 la Comisi\u00f3n de Educaci\u00f3n, Higiene, Moralidad, Acci\u00f3n Social y Cultura, con la presencia de los Ediles Silvia Correa, Viviana Mosca, Gabriel Rosas y Francisco Parada. Ausentes Concejales Hidalgo, Camiolo y Rojo. Los mismos recibieron al Sr. Armando Escobar y las Sras. Graciela [&hellip;]","og_url":"https:\/\/hcd.malargue.gov.ar\/?p=34948","og_site_name":"Malarg\u00fce HCD","article_published_time":"2023-09-18T15:49:12+00:00","article_modified_time":"2023-10-09T13:58:24+00:00","og_image":[{"width":2048,"height":1153,"url":"https:\/\/hcd.malargue.gov.ar\/wp-content\/uploads\/2023\/09\/376280563_626283816344177_6687677527761542116_n.jpg","type":"image\/jpeg"}],"author":"Belen Pedernera Ferragut","twitter_card":"summary_large_image","twitter_misc":{"Escrito por":"Belen Pedernera Ferragut"},"schema":{"@context":"https:\/\/schema.org","@graph":[{"@type":"WebPage","@id":"https:\/\/hcd.malargue.gov.ar\/?p=34948","url":"https:\/\/hcd.malargue.gov.ar\/?p=34948","name":"LA COMISI\u00d3N DE EDUCACI\u00d3N RECIBI\u00d3 A REFERENTES DE TURISMO EN MG\u00dcE - Malarg\u00fce HCD","isPartOf":{"@id":"https:\/\/hcd.malargue.gov.ar\/#website"},"datePublished":"2023-09-18T15:49:12+00:00","dateModified":"2023-10-09T13:58:24+00:00","author":{"@id":"https:\/\/hcd.malargue.gov.ar\/#\/schema\/person\/3fd6bbab64edd703961b795156c955d0"},"breadcrumb":{"@id":"https:\/\/hcd.malargue.gov.ar\/?p=34948#breadcrumb"},"inLanguage":"es-AR","potentialAction":[{"@type":"ReadAction","target":["https:\/\/hcd.malargue.gov.ar\/?p=34948"]}]},{"@type":"BreadcrumbList","@id":"https:\/\/hcd.malargue.gov.ar\/?p=34948#breadcrumb","itemListElement":[{"@type":"ListItem","position":1,"name":"Inicio","item":"https:\/\/hcd.malargue.gov.ar\/"},{"@type":"ListItem","position":2,"name":"LA COMISI\u00d3N DE EDUCACI\u00d3N RECIBI\u00d3 A REFERENTES DE TURISMO EN MG\u00dcE"}]},{"@type":"WebSite","@id":"https:\/\/hcd.malargue.gov.ar\/#website","url":"https:\/\/hcd.malargue.gov.ar\/","name":"Malarg\u00fce HCD","description":"Malarg\u00fce Mendoza Argentina","potentialAction":[{"@type":"SearchAction","target":{"@type":"EntryPoint","urlTemplate":"https:\/\/hcd.malargue.gov.ar\/?s={search_term_string}"},"query-input":"required name=search_term_string"}],"inLanguage":"es-AR"},{"@type":"Person","@id":"https:\/\/hcd.malargue.gov.ar\/#\/schema\/person\/3fd6bbab64edd703961b795156c955d0","name":"Belen Pedernera Ferragut","image":{"@type":"ImageObject","inLanguage":"es-AR","@id":"https:\/\/hcd.malargue.gov.ar\/#\/schema\/person\/image\/","url":"https:\/\/secure.gravatar.com\/avatar\/1054ffab3893de4bb3eb29bdd22f7e34b8537bf5d34d9dab311818154ad5b71f?s=96&d=mm&r=g","contentUrl":"https:\/\/secure.gravatar.com\/avatar\/1054ffab3893de4bb3eb29bdd22f7e34b8537bf5d34d9dab311818154ad5b71f?s=96&d=mm&r=g","caption":"Belen Pedernera Ferragut"},"url":"https:\/\/hcd.malargue.gov.ar\/?author=5"}]}},"_links":{"self":[{"href":"https:\/\/hcd.malargue.gov.ar\/index.php?rest_route=\/wp\/v2\/posts\/34948","targetHints":{"allow":["GET"]}}],"collection":[{"href":"https:\/\/hcd.malargue.gov.ar\/index.php?rest_route=\/wp\/v2\/posts"}],"about":[{"href":"https:\/\/hcd.malargue.gov.ar\/index.php?rest_route=\/wp\/v2\/types\/post"}],"author":[{"embeddable":true,"href":"https:\/\/hcd.malargue.gov.ar\/index.php?rest_route=\/wp\/v2\/users\/5"}],"replies":[{"embeddable":true,"href":"https:\/\/hcd.malargue.gov.ar\/index.php?rest_route=%2Fwp%2Fv2%2Fcomments&post=34948"}],"version-history":[{"count":4,"href":"https:\/\/hcd.malargue.gov.ar\/index.php?rest_route=\/wp\/v2\/posts\/34948\/revisions"}],"predecessor-version":[{"id":35206,"href":"https:\/\/hcd.malargue.gov.ar\/index.php?rest_route=\/wp\/v2\/posts\/34948\/revisions\/35206"}],"wp:featuredmedia":[{"embeddable":true,"href":"https:\/\/hcd.malargue.gov.ar\/index.php?rest_route=\/wp\/v2\/media\/34950"}],"wp:attachment":[{"href":"https:\/\/hcd.malargue.gov.ar\/index.php?rest_route=%2Fwp%2Fv2%2Fmedia&parent=34948"}],"wp:term":[{"taxonomy":"category","embeddable":true,"href":"https:\/\/hcd.malargue.gov.ar\/index.php?rest_route=%2Fwp%2Fv2%2Fcategories&post=34948"},{"taxonomy":"post_tag","embeddable":true,"href":"https:\/\/hcd.malargue.gov.ar\/index.php?rest_route=%2Fwp%2Fv2%2Ftags&post=34948"}],"curies":[{"name":"wp","href":"https:\/\/api.w.org\/{rel}","templated":true}]}}