{"id":34957,"date":"2023-09-22T08:45:41","date_gmt":"2023-09-22T11:45:41","guid":{"rendered":"https:\/\/hcd.malargue.gov.ar\/?p=34957"},"modified":"2023-09-22T08:45:45","modified_gmt":"2023-09-22T11:45:45","slug":"acta-23-sesion-ordinaria-n1-140-o-14-09-2-023","status":"publish","type":"post","link":"https:\/\/hcd.malargue.gov.ar\/?p=34957","title":{"rendered":"ACTA 23\u00b0 SESI\u00d3N ORDINARIA N\u00b01.140- \u201cO\u201d-14\/09\/2.023.-"},"content":{"rendered":"<div class=\"wp-block-image\">\n<figure class=\"alignright size-full is-resized\"><a href=\"http:\/\/hcd.malargue.gov.ar\/hcdpdf\/ORDINARIA%20N%201140%202023.pdf\"><img loading=\"lazy\" decoding=\"async\" src=\"https:\/\/hcd.malargue.gov.ar\/wp-content\/uploads\/2018\/06\/PDF-JPG.jpg\" alt=\"\" class=\"wp-image-7950\" style=\"width:122px;height:122px\" width=\"122\" height=\"122\" srcset=\"https:\/\/hcd.malargue.gov.ar\/wp-content\/uploads\/2018\/06\/PDF-JPG.jpg 512w, https:\/\/hcd.malargue.gov.ar\/wp-content\/uploads\/2018\/06\/PDF-JPG-150x150.jpg 150w, https:\/\/hcd.malargue.gov.ar\/wp-content\/uploads\/2018\/06\/PDF-JPG-300x300.jpg 300w\" sizes=\"auto, (max-width: 122px) 100vw, 122px\" \/><\/a><\/figure>\n<\/div>\n\n\n<p>En Malarg\u00fce Mendoza a Catorce d\u00edas de Setiembre de 2.023, cuando es la hora&nbsp; &nbsp;9:12 se re\u00fana e el Honorable Concejo Deliberante de la Municipalidad de Malarg\u00fce , para celebrar su Sesi\u00f3n ordinaria. Bajo la presidencia de su titular&nbsp; Concejal Andr\u00e9s RISI y la presencia de los Se\u00f1ores concejales&nbsp; Palma,&nbsp; Rosas,&nbsp; Varas,&nbsp; Mosca, Rojo, Parada, Correa e Hidalgo. \/&nbsp; Luego de la firma del Libro de Asistencia se invita al concejal Osvaldo Mart\u00edn PALMA a izar la Ense\u00f1a Patria. \/ b) Homenaje de los Se\u00f1ores concejales;&nbsp;&nbsp; No hay solicitudes a tal efecto&nbsp; \/ &nbsp;c) Consideraci\u00f3n Acta Sesi\u00f3n Ordinaria N\u00b0 1.139- \u201cO\u201d- 2.023 \/ Se pone a consideraci\u00f3n&nbsp; de los se\u00f1ores concejales y es aprobada \/\/ &nbsp;d)Lectura del detalle de la correspondencia recibida y emitida. <strong>Notas Entradas<\/strong>: 1.Sr. Jos\u00e9 Amador Palma, solicita hacer uso de la Banca del Ciudadano a fin poner en evidencia situaciones respecto al funcionamiento de AySAM&nbsp;&nbsp;&nbsp; Pasa a Secretar\u00eda para informar fecha \/\/ . \/ 2.Sres. Rolando Poblete, Mart\u00edn Palma, Mart\u00edn Bravo y Luciana Villegas, elevan proyecto de Ordenanza Parque Municipal Delf\u00edn Arroyo Lima, para su tratamiento.\/ Pasa a O.P.T Y R.N y H,P.L.A.C &nbsp;. Al respecto la concejal &nbsp;MOSCA solicita Tratamiento Preferencial en ambas comisiones. \/ Se aprueba&nbsp; por mayor\u00eda &nbsp;&nbsp;\/ 3.Sra. Luciana Villegas Directora de Ambiente, eleva proyecto de regulaci\u00f3n del Poder de Polic\u00eda de Estado Municipal en materia ambiental. \/Solicita la palabra la concejal ROJO&nbsp; y expresa, considero que al Ser un proyecto enviado desde&nbsp; el Ejecutivo, deber\u00eda venir refrendado por la firma del Sr. Intendente y de alg\u00fan secretario&nbsp; que lo acompa\u00f1e , el proyecto enviado solamente viene&nbsp; firmado por la directora del \u00e1rea mencionada.&nbsp; Solicito su devoluci\u00f3n. \/ Se pone a consideraci\u00f3n&nbsp; la moci\u00f3n y se aprueba.\/&nbsp; &nbsp;4.Sra. Silvana Gonz\u00e1lez, solicita reuni\u00f3n con la Comisi\u00f3n de Hacienda a fin de exponer irregularidades en otorgamiento de terrenos de Loteo Independencia. &nbsp;&nbsp;Pasa a H.P.L.A.C.\/\/ &nbsp;<strong>Notas Emitidas<\/strong>: 1.Al Sr. Director de Gesti\u00f3n Municipal, remitiendo nota HC 304\/2023 Sr. Sergio Mart\u00ednez por Uni\u00f3n Vecinal Barrio Bast\u00edas planteamientos varios. \/ 2.Al Sr. Sergio Mart\u00ednez Uni\u00f3n Vecinal Barrio Bast\u00edas, informando destino de la presentaci\u00f3n. \/ 3.A los Sres. Directores de Cultura,&nbsp; de Turismo y de Deportes, Sr. Presidente de Asociaci\u00f3n Civil Club Mountain Bike Malarg\u00fce y Legisladoras por el Departamento de Malarg\u00fce, remitiendo copia de Declaraci\u00f3n N\u00ba 317\/2023 declarando de Inter\u00e9s Departamental el Evento Deportivo \u201cRally Marathon Aniversario\u201d.\/ 4.A los Clubes Deportivo Malarg\u00fce,&nbsp; Social y Deportivo Vialidad, Energ\u00eda At\u00f3mica, Uni\u00f3n Austral Mendoza, Social y Deportivo Camping, Atl\u00e9tico Ferrosol,&nbsp; Municipal y Volantes Unidos&nbsp; remitiendo copia de Resoluci\u00f3n N\u00ba 339\/2.023 mediante la cual se insta al Departamento Ejecutivo a afrontar costos de Planos de Relevamiento Social. \/ 5.Al Sr. Gobernador de la Pcia., ambas C\u00e1maras Legislativas Provinciales, Legisladores por el Cuarto Distrito Electoral, Direcci\u00f3n Nacional y Provincial de Vialidad, Gendarmer\u00eda Nacional, LV19 Radio Malarg\u00fce, C\u00e1mara de Comercio y Afines, Sociedad Rural del Secano Mendocino, Direcci\u00f3n de Ganader\u00eda, Direcci\u00f3n Gral. de Escuelas, Direcci\u00f3n de Recursos Naturales Renovables, Aeropuertos Argentina 2000, Sitio Andino, Ser y Hacer y Malarg\u00fce a Diario, remitiendo copia de Resoluci\u00f3n N\u00ba 326\/2023 Propuestas de acci\u00f3n que surgieron de la reuni\u00f3n de Emergencia Clim\u00e1tica. \/ 6.Al&nbsp; ENACOM y Legisladores del Cuarto Distrito Electoral, remitiendo copia de Resoluci\u00f3n N\u00ba 337\/2.023, solicitando la realizaci\u00f3n de Censo de Radios AM y FM en el Departamento. \/ Por Secretar\u00eda&nbsp; se da lectura de una nota del Bloque Reconstruyendo Malarg\u00fce por medio de la cual se informan las razones de ausencia de la concejal Camiolo. \/ e) Consideraci\u00f3n de los temas que ser\u00e1n incluidos en el punto Asuntos Varios y &nbsp;&nbsp;&nbsp;puesta a consideraci\u00f3n de mociones de tratamientos sobre tablas de diversos &nbsp;&nbsp;&nbsp;expedientes , Solicita&nbsp; la palabra&nbsp;&nbsp; la concejal VARAS&nbsp; quien manifiesta&nbsp; Bueno en este punto quiero desafectar una nota que se encuentra en Mesa de Entradas&nbsp; y solicitar que por Secretar\u00eda se env\u00ede copia&nbsp; a los Bloques se trata de la Nota HC-472. Brevemente voy a explicar &nbsp;se trata de una nota de invitaci\u00f3n de la SADE Filial Malarg\u00fce , para el d\u00eda viernes a las 8:30&nbsp; de la tarde, en la Biblioteca Jos\u00e9 Hern\u00e1ndez y es justamente un nuevo libro&nbsp; de la SADE Malarg\u00fce&nbsp; que funciona en el Departamento desde 1981&nbsp; es la instituci\u00f3n cultural m\u00e1s antigua&nbsp; que posee nuestro Departamento y en esta oportunidad consiste en la presentaci\u00f3n&nbsp; de un nuevo libro&nbsp; que se titula Malarg\u00fce entre &nbsp;escritores y lectores&nbsp; un certamen de relatos breves 2022&nbsp; sobre nuestra gente y nuestra tierra. Tambi\u00e9n&nbsp; reconocer y felicitar&nbsp; a nuestra compa\u00f1era y secretaria Blanca P\u00e1ez&nbsp; que es una de las escritoras&nbsp; en esta oportunidad y comentarles tambi\u00e9n&nbsp; que es el segundo libro de la gesti\u00f3n de otra compa\u00f1era&nbsp; nuestra de este Concejo y Secretaria&nbsp; personal m\u00eda que es Viviana Castro, el libro anterior vio su luz en junio, de este a\u00f1o y se titulaba \u201cDecires de \u201cOto\u00f1o\u201d ,&nbsp; as\u00ed que me parece una linda oportunidad para que desde esta instituci\u00f3n , se acompa\u00f1e no solo a nuestras compa\u00f1eras sino tambi\u00e9n&nbsp; a los escritores malarg\u00fcinos&nbsp; que lo hacen por la cultura de nuestro Departamento . \/ Se pone&nbsp; a consideraci\u00f3n la moci\u00f3n y es aprobada. \/ Seguidamente en uso de la palabra el concejal PARADA expresa para pedir la desafectaci\u00f3n&nbsp; del Expte. 5.329\/ 23 Proyecto que ingres\u00f3 en la sesi\u00f3n pasada , nuestra justificaci\u00f3n del presente pedido de trabajarlo en el d\u00eda de hoy aqu\u00ed, desafectarlo es obviamente por las condiciones complejas que esta sufriendo nuestra gente de campo , en relaci\u00f3n al temporal&nbsp; de fines de agosto. Ayer tuvimos la&nbsp; visita de puesteros que nos han informado de sus p\u00e9rdidas&nbsp; y tambi\u00e9n lo positivo&nbsp; que ser\u00eda que este proyecto avance y que exista la posibilidad&nbsp; de un acompa\u00f1amiento subsidiario&nbsp; y compras para&nbsp; animales caprinos por esta situaci\u00f3n compleja&nbsp;&nbsp; que est\u00e1n pasando nuestros productores, esa es la raz\u00f3n&nbsp; por la cual se solicita la desafectaci\u00f3n del expediente . Se pone a consideraci\u00f3n la moci\u00f3n y es aprobada. \/ Seguidamente en uso de la palabra el concejal PALMA manifiesta&nbsp; que se desafecte un correo&nbsp; de la Dra. Paz Zabalegui &nbsp;referido a la publicaci\u00f3n&nbsp; del per\u00edodo de Tachas&nbsp; del Jury de Tachas para la conformaci\u00f3n&nbsp; del padr\u00f3n electoral&nbsp; del a\u00f1o 2024 y que desde este Concejo se le de difusi\u00f3n a la toma de esa informaci\u00f3n para utilizar la mencionada documentaci\u00f3n . \/ Se pone a consideraci\u00f3n la&nbsp; moci\u00f3n del concejal Palma y es aprobada. \/ Seguidamente en uso de la palabra&nbsp; el concejal&nbsp; HIDALGO&nbsp; solicita el tratamiento sobre tablas , el punto n\u00famero seis de los proyectos&nbsp; ingresados correspondiente al&nbsp;&nbsp; cambio de circulaci\u00f3n&nbsp; de la calle Saturnino Torres , tengo vecinos dici\u00e9ndome que ayer y en ocasiones anteriores&nbsp; ha habido accidentes , ayer casi han aplastado a una madre &nbsp;con su ni\u00f1o&nbsp; en las cercan\u00edas al jard\u00edn 101 si no me falla la memoria, como es algo que venimos haciendo generalmente, con la urgencia al tema del que estamos en per\u00edodo de clases hace que lo amerite . \/ Se pone a consideraci\u00f3n&nbsp; y es aprobado.&nbsp; &nbsp;&nbsp;\/ f) Proyectos de los Se\u00f1ores Concejales:&nbsp;&nbsp; 1.Expte.N\u00b05.335-HC 058-2.023 Proyecto de Ordenanza: Adherir a la Ley Provincial N\u00b09.182 \u201cPrograma Provincial de B\u00fasqueda Familiar de Identidad Biol\u00f3gica de Origen &nbsp;y Socio afectivo\u201d (BLOQUE UCR INDEPENDIENTE) Autor Concejal Mart\u00edn Palma &nbsp;quien&nbsp; uso de la palabra expresa si bien la ley &nbsp;Provincial ya fue sancionada hace dos a\u00f1os, si la memoria no me falla el Departamento de Malarg\u00fce busca integrar a la red de b\u00fasqueda de identidad biol\u00f3gica &nbsp;que se ha conformado en toda la provincia y Malarg\u00fce no puede estar exento&nbsp; a esta situaci\u00f3n. Viene de la mano de otro proyecto que se present\u00f3&nbsp;&nbsp; como la oficina de proceso&nbsp; adoptivo o la oficina de adopci\u00f3n si se quiere para la Municipalidad de Malarg\u00fce y no voy a pedir que se lea&nbsp; ya que es bastante extenso los fundamentos y es parte de la ley provincial as\u00ed que directamente voy a pedir&nbsp; que se&nbsp; omita la lectura&nbsp; del &nbsp;proyecto &nbsp;y sea analizado en&nbsp; la comisi\u00f3n de Hacienda. \/ 2.Expte.N\u00b05.336-HC-058-2.023 Proyecto de Ordenanza: Crear el Programa Municipal&nbsp;&nbsp; de Separaci\u00f3n&nbsp;&nbsp; y Recolecci\u00f3n&nbsp; diferenciada de Residuos&nbsp; en comercios que&nbsp; brindan servicios&nbsp; de hospedaje y\/o gastronom\u00eda (BLOQUE FRENTE CAMBIA MENDOZA) Autora: Concejal Paola Rojo, quien en uso de la palabra&nbsp; expresa que el objetivo de este proyecto&nbsp; viene plasmado con una necesidad&nbsp; presentada por la Direcci\u00f3n de Turismo&nbsp; en la cual hemos tenido la oportunidad asesorados por la Directora de medio ambiente&nbsp; Andrea Iturbe&nbsp; quien tiene un amplio conocimiento&nbsp; en el tema ambiental y que tiene una amplia trayectoria&nbsp; tambi\u00e9n en todos estos temas relacionados a su \u00e1rea&nbsp; hace varios a\u00f1os ya en el municipio de Malarg\u00fce , fundamentalmente el objetivo viene de la mano de&nbsp; la ley 25.916 una ley&nbsp; nacional que detalla minuciosamente cada uno de los pasos que tienen que ver justamente con este sistema de gesti\u00f3n de residuos s\u00f3lidos y urbanos y en este caso mas all\u00e1 de que nos basamos en la ley para la fundamentaci\u00f3n del proyecto, es plasmarlo justamente&nbsp; en \u00e1reas comerciales por eso la solicitud de la Direcci\u00f3n de turismo&nbsp; en aquellos comercios que est\u00e1n vinculados&nbsp; con el hospedaje, como son hoteles, como son caba\u00f1as, y con aquellas tambi\u00e9n que brindan servicios gastron\u00f3micos , como restaurantes y bares , la implementaci\u00f3n del proyecto es b\u00e1sicamente como uno que anteriormente se present\u00f3 que tiene que&nbsp; ver con intervenci\u00f3n de diferentes \u00e1reas, de la municipalidad, la direcci\u00f3n de ambiente , por supuesto, el \u00e1rea de Girsu y la Direcci\u00f3n de Servicios P\u00fablicos &nbsp;y bueno y en este caso llevarlo a&nbsp; este sector desde el cual la Direcci\u00f3n de Turismo les va indicando . solicitamos que sea enviado a la comisi\u00f3n de Obras P\u00fablicas y a la Comisi\u00f3n de Hacienda &nbsp;\/ 3.Expte.N\u00b05.337-HC 058-2.023 Proyecto de Ordenanza: Optimizar&nbsp; el espacio de trabajo del \u00c1rea de Bromatolog\u00eda de la Municipalidad de Malarg\u00fce (INTERBLOQUE&nbsp; FRENTE CAMBIA&nbsp; MENDOZA-RECONSTRUYENDO MALARG\u00dcE) Autoras: Concejales Paola Rojo y&nbsp; Silvina Camiolo . En uso de la palabra&nbsp; la concejal ROJO expresa que es un proyecto que hemos presentado en conjunto con la concejal Camiolo quien por razones, entendemos de una de sus hijas no se encuentra presente. Por diferentes motivos la concejal Camiolo hab\u00eda realizado una visita al \u00e1rea y particularmente por los a\u00f1os&nbsp; que tuve la oportunidad de trabajar en el \u00e1rea de Bromatolog\u00eda, un \u00e1rea que tenemos que entender&nbsp; el significado que tiene para la poblaci\u00f3n de Malarg\u00fce , para la comunidad toda , por necesidad con respecto a un \u00e1rea que tiene una amplia responsabilidad porque justamente son los que&nbsp; su personal t\u00e9cnico profesional , sino tambi\u00e9n el cuerpo de inspectores los que tienen el compromiso y que tambi\u00e9n est\u00e1 pautado para la Ley Org\u00e1nica de Municipalidades , que son la polic\u00eda , ante cualquier inconveniente que tiene que ver con la inocuidad de los alimentos , cualquier poblador del Departamento de Malarg\u00fce&nbsp; consume y a lo largo de los a\u00f1os ya puedo decir m\u00e1s de treintas a\u00f1os , la oficina de Bromatolog\u00eda o el \u00e1rea , porque nunca ha tenido cargo&nbsp; y de Dire4ccion a pesar de la relevancia e importancia que&nbsp; tiene este sector como as\u00ed lo hemos visto que en el transcurso de los a\u00f1os otras oficinas s\u00ed lo han tenido , simplemente se ha manejado como oficina&nbsp; o como \u00e1rea. No ha tenido el acompa\u00f1amiento&nbsp; en todas las gestiones en las cu\u00e1les han tenido la oportunidad de vivenciar , no ha tenido el acompa\u00f1amiento para optimizar&nbsp; y mejorar el espacio f\u00edsico&nbsp; o el espacio de trabajo&nbsp; donde se desempe\u00f1a tanto&nbsp; en este caso la persona que est\u00e1 a cargo&nbsp; que es justamente una bromat\u00f3loga y el Cuerpo de inspectores y el personal de administraci\u00f3n . actualmente cuenta con un espacio solamente de una oficina para brindar capacitaciones , un espacio para atenci\u00f3n al publico donde l\u00f3gicamente hay dos o tres personas&nbsp; y a lo cual se le suma el cuerpo de inspectores , bueno l\u00f3gicamente su cocina y su sanitario. En a\u00f1os anteriores el espacio era mucho m\u00e1s amplio&nbsp; con menos&nbsp; personal inclusive. Ahora que hay mas cantidad y pr\u00e1cticamente personal acotado , porque hemos podido escuchar en varias de las reuniones que hemos tenido en comisiones cuando hablamos de inspecci\u00f3n&nbsp; y siempre no solamente en el \u00e1rea de bromatolog\u00eda, tambi\u00e9n en rentas &nbsp;&nbsp;&nbsp;y obras privadas siempre son pocos, para la cantidad de trabajo que se debe realizar&nbsp; en la inspecci\u00f3n no solamente de comercio , tiene un amplio abanico de trabajo lo que tiene que hacer bromatolog\u00eda en s\u00ed y actualmente ese espacio se est\u00e1 haciendo cada vez m\u00e1s peque\u00f1o porque se est\u00e1 quitando espacio para ampliar una de las \u00e1reas&nbsp; de esa oficina que justamente es el \u00e1rea de veterinaria y zoonosis , \u00e1rea que tambi\u00e9n necesita un espacio acorde por todo el tipo de trabajo que en esa \u00e1rea se lleva a cabo .B\u00e1sicamente qu\u00e9 se solicita. En el proyecto&nbsp; si no se puede aumentar o crear el espacio para la oficina de bromatolog\u00eda&nbsp; que l\u00f3gica todas las capacitaciones que no pueden ser dadas en otros sectores mente considero que es necesario&nbsp; por todo el tipo de trabajo que llevan a cabo y repito, por la responsabilidad que tiene esa \u00e1rea, considerando el compromiso que tiene hacia la poblaci\u00f3n&nbsp; en todo lo que tiene que ver en seguridad&nbsp; e higiene alimentaria si no es posible la ampliaci\u00f3n del espacio, el traslado de la oficina a un sector de mayor comodidad para que tengan un espacio sobre todo por las capacitaciones que se llevan a cabo , como es el curso de manipulaci\u00f3n de alimentos del articulo 21 del C\u00f3digo alimentario argentino , se dicta en esas instalaciones , que cualquiera de nosotros puede llegar a visitar , son realmente acotadas&nbsp; y ya hay mucho material tambi\u00e9n que tienen que archivar , entonces ya no hay lugar para el normal desenvolvimiento , as\u00ed que bueno, bajo esta fundamentaci\u00f3n&nbsp; es la solicitud del traslado para un mejor desempe\u00f1o de esta \u00e1rea que nunca ha tenido la posibilidad y ninguna de las gestiones lo ha tramitado, porque eso tambi\u00e9n ser\u00eda un tema para tratarlo en comisi\u00f3n de tener las relevancia o jerarqu\u00eda de&nbsp; Direcci\u00f3n .Solicito que el mismo tenga tratamiento preferencial en la comisi\u00f3n de Obras Publicas y en la Comisi\u00f3n de Hacienda. Y no es necesario la lectura de su articulado\/ Se aprueba el Tratamiento preferencial en ambas comisiones. \/\/ \/ 4.Expte.N\u00b05.338-HC 059-2.023Proyecto de Ordenanza:&nbsp; Presentaci\u00f3n anual del Plan de Contingencia Departamental en el Honorable Concejo Deliberante. (INTERBLOQUE ENCUENTRO-U.C. R-INDEPENDIENTE; FRENTE CAMBIA MENDOZA-FRENTE DE TODOS -RECONSTRUYENDO MALARG\u00dcE Y CUIDEMOS MALARG\u00dcE) Autores: Concejales Francisco Parada, Mart\u00edn Palma, Gabriel Rosas, Paola Rojo, Andr\u00e9s Risi, Silvina Camiolo y Silvia Correa En uso de la palabra el concejal PARADA expresa bueno como en general&nbsp; por lo menos los ediles lo sabemos , se lo contamos a quienes por all\u00ed nos siguen , en la trasmisi\u00f3n&nbsp; del Honorable Concejo Deliberante . En&nbsp; la reuni\u00f3n que tuvimos con distintos referentes de instituciones locales , por esto de la cuesti\u00f3n de la emergencia&nbsp; clim\u00e1tica pos temporal y dem\u00e1s , quedaron propuestas concretas&nbsp; a realzar loas distintos referentes y entre ellos propusimos lo de que se presente aqu\u00ed en el Concejo Deliberante&nbsp; el&nbsp; Plan Anual de Contingencia , porque en realidad si ustedes lo recuerdan una de las cuestiones que se hizo hincapi\u00e9 en la reuni\u00f3n fue que el temporal demostr\u00f3 claramente&nbsp; que no hab\u00eda un plan de contingencia o al menos en general se&nbsp; desconoc\u00eda , y que frente al temporal se sali\u00f3 a buscar fueron buenas voluntades que trataron de coordinarse , pero el plan en s\u00ed mismo era al menos desconocido . bueno de los errores se aprende , entonces no debe ocurrir nuevamente .entonces as\u00ed como anualmente se presenta&nbsp; el informe del Sr. Intendente &nbsp;aqu\u00ed en el Honorable Concejo Deliberante , as\u00ed como anualmente tiene que llegar el presupuesto&nbsp; de gastos aqu\u00ed al Concejo Deliberante, porqu\u00e9 no el responsable de la Defensa Civil o cualquiera que lo reemplace a futuro&nbsp; exponga aqu\u00ed en el Concejo Deliberante no solo para los ediles sino paras el p\u00fablico en general , cu\u00e1l es el plan de contingencia para nuestro departamento&nbsp; en caso de que sea necesario aplicarlo. As\u00ed que ese es el objetivo , nosotros nos comprometimos con los asistentes a la reuni\u00f3n y en buena hora r\u00e1pidamente estamos present\u00e1ndolo. Como lo hemos le\u00eddo todos los concejales , creo que no es necesario ni siquiera la lectura del articulado , simplemente pedimos que pase a la comisi\u00f3n de Hacienda&nbsp;&nbsp; y por supuesto a H.P.L.A.C. &nbsp;\/ La concejal ROJO solicita tratamiento preferencial&nbsp; aprobado por mayor\u00eda. &nbsp;\/ 5.Expte.N\u00b05.339-HC 059-2.023 Proyecto de Resoluci\u00f3n:&nbsp;&nbsp; Declarar de Inter\u00e9s Departamental el Canal de You Tube de \u201cAC Records T.V\u201d (BLOQUE FRENTE DE TODOS) Autores : Concejales Rodrigo Hidalgo y Andr\u00e9s Risi. \/ PRESIDENCIA solicita autorizaci\u00f3n para expresarse, y se lo autoriza.&nbsp; Manifiesta&nbsp; que pase a la comisi\u00f3n de E.H.M.A.S Y C&nbsp; es un pedido de un sector de la comunidad&nbsp; un canal nuevo que esta hace un tiempo participando en Malarg\u00fce&nbsp; sugiero se cite a los responsables para&nbsp; que los concejales determinen si corresponde o no&nbsp; declararlo , no hace falta su lectura . Pasa a la comisi\u00f3n de E.H.M.A.S Y C &nbsp;\/ 6.Expte.N\u00b05.340-HC 059-2.023 Proyecto de Ordenanza: Cambiar el sentido de circulaci\u00f3n de la calle Saturnino Torres de la Ciudad de Malarg\u00fce (BLOQUE FRENTE DE TODOS) Autores: Concejales Rodrigo Hidalgo y Andr\u00e9s Risi .&nbsp; Tiene aprobado el tratamiento sobre tablas. \/ Cuando es la hora 9:43 la concejal ROJO solicita que el Cuerpo se constituya en comisi\u00f3n. Moci\u00f3n que es aprobada. \/ A las&nbsp; 9:51&nbsp; sale e Cuerpo de comisi\u00f3n. . Se da lectura por Secretar\u00eda al despacho emitido, el cual sugiere dar aprobaci\u00f3n al proyecto presentado sin modificaciones. \/\/ \/ 7.Expte.N\u00b05.341-HC 059-2.023 Proyecto de Resoluci\u00f3n: Declarar de Inter\u00e9s Departamental los Talleres de Cine Malalhue Filma que se realizan en el Departamento de Malarg\u00fce&nbsp; (BLOQUE FRENTE DE TODOS) Autores: Concejales &nbsp;Rodrigo Hidalgo y Andr\u00e9s Risi &nbsp;PRESIDENCIA manifiesta que al igual que en el caso anterior&nbsp; solicita el pase&nbsp; la comisi\u00f3n de&nbsp; E.H.M.A.S Y C, en este caso considero que es muy bueno el trabajo&nbsp; que se esta haciendo tratando de acercar al cine a los sectores mas populares&nbsp; es un tema que normalmente, al cual no se accede&nbsp; f\u00e1cilmente , hay que ir a una escuela privada para poder realizarlo. Se esta haciendo en uniones vecinales&nbsp; es un taller de cine para todo el mundo. Tambi\u00e9n sugiero&nbsp; se convoque&nbsp; al responsable y eval\u00fae si corresponde o no. No es necesaria su lectura.&nbsp; Pasa a E.H.M.A.S Y C&nbsp;&nbsp; \/ g) Expedientes provenientes del Departamento Ejecutivo &#8211; No Ingresados-\/ h) Despachos de las Comisiones de Trabajo:1.Nota HC-337-2.023 Sr. Alfredo Aguirre, solicita se gestione situaci\u00f3n catastral del inmueble calle Bardas N\u00b01.048-Barrio Virgen de Los Vientos. (O.P.T Y R.N) La comisi\u00f3n sugiere dar aprobaci\u00f3n a un proyecto de&nbsp; Resoluci\u00f3n mediante el cual se dispone : Art. 1\u00b0Solicitar al Dep. Ejecutivo&nbsp; a trav\u00e9s del \u00c1rea que corresponde eleve por escrito&nbsp; lo siguienteLAnexo I de la presente )&nbsp; . Se pone a&nbsp; consideraci\u00f3n de los se\u00f1ores ediles y es aprobado.\/ \/ &nbsp;&nbsp;\/ 2.Expte.N\u00b05.325 HC 058-2.023 Proyecto de Resoluci\u00f3n: Solicitar a la Direcci\u00f3n Nacional de Vialidad y Direcci\u00f3n Provincial de Vialidad la disposici\u00f3n de Campamentos Viales en Ranquil Norte y Agua Escondida. (O.P.T Y R.N) &nbsp;La comisi\u00f3n sugiere dar aprobaci\u00f3n al proyecto presentado sin modificaciones.\/ Se pone a consideraci\u00f3n y es aprobado \/ 3.Nota HC-209-2.019 Sr. Ceferino Poblete&nbsp; solicita intervenci\u00f3n en la Comisi\u00f3n de Hacienda \/ Nota HC -418-2.019 Uni\u00f3n Vecinal Colonia Pehuenche I Solicita&nbsp; ayuda para obtenci\u00f3n de escrituras de terrenos seg\u00fan Expte.N\u00b072.545, con pronta aprobaci\u00f3n por parte de la C\u00e1mara de Senadores de la Provincia. (H.P.L.A.C.) La comisi\u00f3n sugiere&nbsp; habiendo tomado conocimiento&nbsp; de cada una de ellas&nbsp;&nbsp; su pase a Archivo. \/ Se pone a consideraci\u00f3n el despacho y es aprobado \/ 4.Expte.N\u00b05.176-HC-047-2.022 Proyecto de Ordenanza Modificaci\u00f3n Art 6\u00b0 Ordenanza N\u00b0 2.158\/2.022 Moratoria 2.020\/ Nota HC-298-2.023 Sr. Juan Manuel Pardo Solicita hacer uso de la Banca del Ciudadano Expone Situaci\u00f3n personal por desalojo de vivienda en Barrio Grasi. (H.P.L.A.C.) La comisi\u00f3n&nbsp; habiendo tomado conocimiento&nbsp; de cada una de ellas se sugiere su pase a Archivo. \/ Puesto a consideraci\u00f3n , es aprobado. \/\/ \/ 5. Expte.N\u00b05.324-HC 058-2.023 Proyecto de Resoluci\u00f3n: Solicitar al Departamento Ejecutivo Informe sobre el uso que se da a la Casa de Malarg\u00fce en San Rafael (H.P.L.A.C.) La comisi\u00f3n&nbsp; sugiere&nbsp; Dar Aprobaci\u00f3n&nbsp; al proyecto presentado con las siguientes modificaciones: Art.1: Solicitar al Dep. Ejecutivo municipal&nbsp; a trav\u00e9s del \u00e1rea que corresponda presente informe&nbsp; que refleje: a) Descripci\u00f3n detallada&nbsp; de las actividades llevadas&nbsp; a cabo en la Casa de Malarg\u00fce&nbsp; en San Rafael&nbsp; en el per\u00edodo 2023&nbsp; informe de los nombres de los visitantes , fecha&nbsp; y motivos de la visita al lugar&nbsp; o uso de las instalaciones b) N\u00f3mina completa&nbsp; del personal afectado&nbsp; a Casa de Malarg\u00fce&nbsp; en San Rafael discriminando&nbsp; situaci\u00f3n laboral\/contractual&nbsp; con el Municipio de Malarg\u00fce&nbsp; y actividades que desempe\u00f1a&nbsp; en dicha Instituci\u00f3n c) Copia de habilitaci\u00f3n de la Casa de Malarg\u00fce&nbsp; en San Rafael&nbsp; expedido por la Municipalidad de San Rafael de la Oficina correspondiente. . Art. 3\u00b0 De forma . &nbsp;Se pone&nbsp; a consideraci\u00f3n el despacho&nbsp; y es aprobado por mayor\u00eda.(6-1) \/ 6.Nota HC-334-2.023 Sr. Ram\u00f3n Chaparro., agente municipal interpone Recurso de Apelaci\u00f3n contra Decreto Municipal N\u00b01.296\/2.023 Suspensi\u00f3n preventiva sin goce de haberes \/&nbsp;&nbsp; Nota HC-438-2.023 Sr. Jos\u00e9 Secundino L\u00f3pez presenta Recurso de Apelaci\u00f3n a Resoluci\u00f3n N\u00b0283\/2.023 y Decreto N\u00b01.839\/2.023 (H.P.L.A.C) La comisi\u00f3n sugiere dar aprobaci\u00f3n a un Proyecto de Resoluci\u00f3n mediante el cual&nbsp; se dispone; Art 1\u00b0 Solicitar al Departamento Ejecutivo Municipal&nbsp; con car\u00e1cter de urgente los Expedientes Municipales correspondientes a los agentes&nbsp; Ram\u00f3n Alberto Chaparro y Jos\u00e9 Secundino L\u00f3pez. Art 2: Una vez recepcionados los expedientes&nbsp;&nbsp; solicitaos en el art primero der\u00edvense las actuaciones a la Comisi\u00f3n de Haciendas&nbsp; para continuar con su tratamiento. Art. 3\u00b0 De forma \/&nbsp; Puesto a&nbsp; el despacho es aprobado&nbsp; &nbsp;7.Expte.N\u00b05.112\/2.022-1 Departamento Ejecutivo Remite informe en referencia a la condici\u00f3n actual en que se encuentran las instalaciones del Planetario Malarg\u00fce (H.P.L.A.C.) Reunida la comisi\u00f3n&nbsp; y habiendo tomado conocimiento&nbsp; de su contenido&nbsp; sugiere su pase a Archivo&nbsp; por cuanto el Departamento Ejecutivo remiti\u00f3 informe solicitado en Resoluci\u00f3n N\u00b0 234\/2022 \/ Puesto a consideraci\u00f3n el despacho es aprobado. &nbsp;\/ 8.Expte.N\u00b04.819-HC-022-2.020 Proyecto de Ordenanza Declarar de Inter\u00e9s Tur\u00edstico Paisaj\u00edstico Cultural, Hist\u00f3rico y Art\u00edstico la Cantera Militar de M\u00e1rmol travertinos del Pequenco. \/ Expte. N\u00b04.935-HC-030-2.021 Proyecto de Ordenanza: Uso y dominio p\u00fablico, denominaci\u00f3n y sentido de circulaci\u00f3n de calle paralela a la Cortina Forestal. \/ Nota HC-310-2.020 Sr. Oscar Garc\u00eda, presenta documentaci\u00f3n sobre terreno ubicado en calle Virgen de Los Vientos 463, solicita pronta soluci\u00f3n ya que el terreno ha sido usurpado. (O.P.T Y R.N) Reunida la comisi\u00f3n&nbsp; para el tratamiento de la documentaci\u00f3n de referencia&nbsp; y habiendo tomado conocimiento de cada una de ellos&nbsp; sugiere su pase a Archivo \/ \/ 9.Nota HC-195-2.019.&nbsp; Uni\u00f3n Vecinal&nbsp; B\u00ba Virgen&nbsp; del Carmen, solicita gestiones a fin de &nbsp;&nbsp;&nbsp;&nbsp;&nbsp;&nbsp;&nbsp;&nbsp;&nbsp;&nbsp;&nbsp; obtener el t\u00edtulo de las&nbsp; tierras que poseen&nbsp; con cesi\u00f3n de derechos.\/ Nota HC-476-2.019. Sr. Ruperto Mart\u00ednez, por Uni\u00f3n Vecinal Virgen del Carmen, remite listado de vecinos del Barrio Virgen del Carmen, solicitado por la Comisi\u00f3n de Hacienda, Presupuesto, Legislaci\u00f3n y Asuntos Constitucionales.\/Nota HC-576-2.022. Sr. Jos\u00e9 V\u00edctor Guajardo, eleva documentaci\u00f3n para ser adjuntada al &nbsp;&nbsp;&nbsp;&nbsp;&nbsp;&nbsp;&nbsp; Expte. Barrio Virgen del Carmen.\/Nota HC-084-2.022. Sr. Ruperto Mart\u00ednez, por Uni\u00f3n Vecinal&nbsp; Virgen del Carmen solicitan &nbsp;&nbsp; rever el proyecto del Barrio por t\u00edtulo de la tierras de los vecinos.\/Nota HC-422-2.022.Sra. Andrea Sotelo,&nbsp; heredera del Sr. Jorge Luna, eleva documentaci\u00f3n&nbsp; &nbsp;&nbsp;&nbsp; para ser anexada&nbsp; al Expte. N\u00b0 5.019\/2.021.\/Nota HC-637-2.022.Sra. Silvina Carrasco,&nbsp; y Ariel Mosca, elevan documentaci\u00f3n,&nbsp; de Lote &nbsp;&nbsp;&nbsp;&nbsp;&nbsp; 4 Manzana B, para ser incorporada al Expte.&nbsp; de regularizaci\u00f3n dominial del Barrio Virgen del Carmen.\/Nota HC-670-2.022.Sra. Carina Natividad Cortez, eleva copia de sesi\u00f3n de derechos y &nbsp;&nbsp;&nbsp;&nbsp;&nbsp;&nbsp; acciones de compra venta de adelantos a nombre de Cortez Andr\u00e9s&nbsp; Avelino, para &nbsp;&nbsp;&nbsp;&nbsp; ser anexada&nbsp; al Expte. del Barrio Virgen del Carmen.\/Nota HC-194-2.023. Sr. Ruperto Mart\u00ednez,&nbsp; por Uni\u00f3n Vecinal Virgen&nbsp; del Carmen, solicita &nbsp;&nbsp;&nbsp;&nbsp;&nbsp;&nbsp;&nbsp;&nbsp; tramitaci\u00f3n necesaria para regularizaci\u00f3n de escritura del Barrio Expte. N\u00b0 1.152\/2.023.\/ . (H.P.LA.C.)&nbsp; Se sugiere el pase a Archivo. &nbsp;\/ 10.Expte. N\u00b04.618-HC-008-2.019.Bloque Partido Federal. Proyecto de Resoluci\u00f3n: &nbsp;&nbsp;&nbsp;&nbsp; Mensura en Campos&nbsp; Potreros de Cordillera- Ba\u00f1os del azufre, R\u00edo Grande.\/Expte. N\u00b0 4.888-HC-027-2.020. Bloque Frente de Todos. Proyecto de Resoluci\u00f3n: Solicitar la excepci\u00f3n del pago a la Familia S\u00e1nchez, por el secuestro de cabras pre\u00f1adas&nbsp; sobre la Ruta 40, a la Direcci\u00f3n de Ganader\u00eda de la Provincia.\/ Expte. N\u00b0 4.860-HC-025-2.020. Bloque Frente de Todos. Proyecto de Resoluci\u00f3n: Solicitar al Departamento Ejecutivo informe sobre tierras municipales.\/Expte. N\u00b0 4.767-HC-019-2.020.Bloque Cambia Mendoza. Proyecto de Ordenanza: Instalar alumbrado p\u00fablico en la calle Juan Agust\u00edn Maza (Colonia Pehuenche).\/ Expte. N\u00b0 4.983-HC-034-2.021. Bloque Frente de Todos. Proyecto de Resoluci\u00f3n: Solicitar &nbsp;&nbsp;&nbsp;&nbsp;&nbsp;&nbsp;&nbsp;&nbsp;&nbsp;&nbsp; a Direcci\u00f3n de Ganader\u00eda de la Provincia de Mendoza, arbitrar los medios necesarios para la habilitaci\u00f3n de una Oficina de la Delegaci\u00f3n en el Paraje de Bardas Blancas.\/ Expte. N\u00b0 4.926-HC-030-2.021. Bloque Frente de Todos. Proyecto de Resoluci\u00f3n: Solicitar &nbsp;&nbsp;&nbsp;&nbsp;&nbsp;&nbsp;&nbsp;&nbsp;&nbsp;&nbsp;&nbsp; informe sobre desalojo de las Oficinas de Defensa al Consumidor y Direcci\u00f3n de &nbsp;&nbsp;&nbsp;&nbsp;&nbsp;&nbsp;&nbsp;&nbsp;&nbsp;&nbsp; Ambiente de la Municipalidad de Malarg\u00fce\/ Expte. N\u00b0 4.909-HC-029-2.021. Bloque Frente Cambia Mendoza. Proyecto de Ordenanza: Garantizar la venta de men\u00fas o productos aptos para cel\u00edacos en eventos masivos p\u00fablicos o privados en el Departamento.\/ Expte. N\u00b0 5.051-HC-039-2.021. Bloque Frente Cambia Mendoza. Proyecto de Resoluci\u00f3n: &nbsp;&nbsp; Adherir a la Resoluci\u00f3n Provincial N\u00b0 208 \u201cTurismo Rural\u201d\/ Expte. N\u00b0 4.981-HC-034-2.021. Bloque Frente de Todos. Proyecto de Resoluci\u00f3n: &nbsp; Reparaci\u00f3n y acondicionamiento del Camping Municipal Las Loicas.\/ Expte. N\u00b0 2.091\/2.020-0. Secretar\u00eda de Finanzas P\u00fablicas. Proyecto de Ordenanza: Tasas de &nbsp;&nbsp;&nbsp;&nbsp;&nbsp;&nbsp;&nbsp;&nbsp;&nbsp;&nbsp;&nbsp; Desinsectaci\u00f3n, Desinfecci\u00f3n y Fiscalizaci\u00f3n.\/ Expte. N\u00b0 4.761-HC-018-2. 020.Bloque Frente de Todos. Proyecto de Resoluci\u00f3n: solicitar &nbsp;&nbsp;&nbsp;&nbsp; al Sr. Intendente realice las gestiones necesarias correspondientes al DNU Presidencial N\u00b0 352\/2.020.\/ Expte. N\u00b0 4.778-HC-019-2.020.Bloque Cambia Mendoza. Proyecto de Ordenanza: Creaci\u00f3n de protocolo y reglamento para otorgamiento de Licencia por violencia de g\u00e9nero.\/Expte. N\u00b0 4.898-HC-028-2.021. Bloque Frente Cambia Mendoza. Proyecto de Ordenanza: &nbsp;&nbsp;&nbsp;&nbsp;&nbsp;&nbsp;&nbsp;&nbsp;&nbsp;&nbsp; Creaci\u00f3n Programa de Prevenci\u00f3n y Detecci\u00f3n Precoz del C\u00e1ncer de mama y otras patolog\u00edas oncol\u00f3gicas.\/ Expte. N\u00b0 4.921-HC-029-2.021. Bloque Frente de Todos. Proyecto de Resoluci\u00f3n: Pedido &nbsp; de Informe&nbsp; por Averiguaci\u00f3n hurto en Municipalidad de Malarg\u00fce.\/Expte. N\u00b0 4.936-HC-030-2.021. Bloque Frente de Todos. Proyecto de Resoluci\u00f3n: Pedido &nbsp;&nbsp;&nbsp;&nbsp;&nbsp;&nbsp;&nbsp;&nbsp;&nbsp;&nbsp; de Informe por Fiesta en el Centro Polideportivo y Cultural Municipal el 21 de marzo por el Aniversario de Programa Radial.\/ Expte. N\u00b0 4.942-HC-031-2.021. Bloque Cambia Mendoza. Proyecto de Decreto: Regularizaci\u00f3n y funcionamiento del Honorable Concejo Deliberante en el contexto COVID-19.\/ Expte. N\u00b0 4.952-HC-031-2.021. Bloque Frente de Todos. Proyecto de Resoluci\u00f3n: Solicitar al Departamento Ejecutivo Municipal la urgente remisi\u00f3n del Organigrama del Gabinete Municipal. \/Expte. N\u00b0 4.955-HC-031-2.021. Bloque Frente Cambia Mendoza. Proyecto de Ordenanza: Creaci\u00f3n Parques de Energ\u00eda Alternativas Ca\u00f1ada Colorada.\/ Expte. N\u00b0 5.005-HC-036-2.021. Bloque Frente de Todos. Proyecto de Declaraci\u00f3n: &nbsp;&nbsp;&nbsp;&nbsp;&nbsp;&nbsp;&nbsp;&nbsp;&nbsp;&nbsp;&nbsp; Declarar de Inter\u00e9s Departamental a la protesta de Guardaparques de la Provincia de &nbsp;&nbsp;&nbsp;&nbsp;&nbsp; Mendoza. \/Expte. N\u00b0 5.029-HC-038-2.021. Bloque Frente Cambia Mendoza. Proyecto de Ordenanza: &nbsp;&nbsp;&nbsp;&nbsp;&nbsp; Modificaci\u00f3n Ordenanza N\u00b0 1.129\/2.002. Creaci\u00f3n del Consejo Asesor del&nbsp; Matadero Frigor\u00edfico Regional Malarg\u00fce. \/Expte. N\u00b0 5.129-HC-044-2.022. Interbloque Partido Federal- Frente de Todos.- Cambia Mendoza- Reconstruyendo Malarg\u00fce. Proyecto de Ordenanza: Programa de Becas destinados a Abanderados&nbsp; y Mejores Promedios del \u00faltimo a\u00f1o del nivel medio.\/Ref. Nota HC-170-2.021. Concejal Sra. Paola Jofre, eleva planteo del Sr. C\u00e9sar Montecino, propietario del inmueble de calle Cuarta Divisi\u00f3n&nbsp; N\u00b0 240 E. (H.P.L.A.C.)&nbsp; Toda la documentaci\u00f3n de referencia se sugiere el pase a archivo.&nbsp; Conste que los puntos 8,9 y 10 son puestos a consideraci\u00f3n en conjunto por sus pases a Archivo.&nbsp; \/ Se aprueban los despachos correspondientes \/ i) Asuntos Varios. Cuando es la hora 10:10 el concejal HIDALGO&nbsp; solicita que el Cuerpo se constituya en comisi\u00f3n.&nbsp; Moci\u00f3n que se aprueba. \/&nbsp; A las 11.16 sale el Cuerpo de Comisi\u00f3n.&nbsp;&nbsp; Se da lectura a los despachos emitidos en cada uno de los temas tratados. \u2013Tema 1; Nota 472\/2.023 SADE Malarg\u00fce &nbsp;&nbsp;solicitado&nbsp; por la concejal Varas . Se da lectura a la nota y&nbsp; se enviar\u00e1 copia a todos los Bloques&nbsp; \/ Tema 2: Desafectaci\u00f3n &nbsp;Expte.. 5329-HC-058-2.023 Proyecto de Resoluci\u00f3n &nbsp;&nbsp;Solicitar &nbsp;&nbsp;al Gobernador&nbsp; de la Provincia &nbsp;genere&nbsp; Programa de Subsidios para la compra de vientres caprinos. Solicitado por el concejal Parada. El despacho reza lo siguiente:&nbsp;&nbsp; Reunido el Cuerpo en Comisi\u00f3n&nbsp; para el an\u00e1lisis&nbsp; del Expediente de referencia , el mismo&nbsp; sugiere: 1) Desafectar los Exptes de la Comisi\u00f3n de Hacienda. 2) Dar aprobaci\u00f3n &nbsp;&nbsp;al Proyecto presentado&nbsp; con la siguiente&nbsp; modificaci\u00f3n . Agregar en el Art\u00edculo 3\u00b0&nbsp; lo siguiente . Elevar copia de la presente pieza legal&nbsp; a la C\u00e1mara de Comercio&nbsp; espec\u00edficas de Ganader\u00eda.\/ Tema 3: Desafectar Correo de la Dra. Mar\u00eda Paz Zabalegui&nbsp; Poder Judicial&nbsp; Juzgado de Paz&nbsp; Letrado y Tributario&nbsp; y Contravencional&nbsp;&nbsp; Acta Audiencia Jury de Tachas. &nbsp;Reunido el Cuerpo en Comisi\u00f3n sugiere &nbsp;&nbsp;Dar aprobaci\u00f3n a un Proyecto de Resoluci\u00f3n : Art. 1\u00b0&nbsp; Realizar comunicaci\u00f3n formal&nbsp; a todos los ciudadanos extranjeros&nbsp; que residen en el Departamento de Malarg\u00fce&nbsp; a fin de ser incorporados&nbsp; en el Padr\u00f3n&nbsp; Provisorio&nbsp; paras el a\u00f1o 2024. Art 2\u00b0 Hacer difusi\u00f3n por los medios de comunicaci\u00f3n&nbsp; de la presente pieza legal.&nbsp; Art. 3&nbsp;&nbsp; De forma \/ Puesto a consideraci\u00f3n el despacho es aprobado.\/ j) &nbsp;Acto de arriar el Pabell\u00f3n Nacional a cargo del concejal que lo iz\u00f3. Para lo cual se invita al concejal&nbsp; Mart\u00edn Palma. Cuando es la hora 11:22 se da por terminada la Sesi\u00f3n. \/ Previa lectura de lo que antecede&nbsp; firman las presentes actuaciones , el se\u00f1or Presidente y la Se\u00f1ora Secretaria del Honorable Concejo Deliberante de la Municipalidad de Malarg\u00fce-<\/p>\n\n\n","protected":false},"excerpt":{"rendered":"<p>En Malarg\u00fce Mendoza a Catorce d\u00edas de Setiembre de 2.023, cuando es la hora&nbsp; &nbsp;9:12 se re\u00fana e el Honorable Concejo Deliberante de la Municipalidad de Malarg\u00fce , para celebrar su Sesi\u00f3n ordinaria. Bajo la presidencia de su titular&nbsp; Concejal Andr\u00e9s RISI y la presencia de los Se\u00f1ores concejales&nbsp; Palma,&nbsp; Rosas,&nbsp; Varas,&nbsp; Mosca, Rojo, Parada, [&hellip;]<\/p>\n","protected":false},"author":5,"featured_media":33337,"comment_status":"closed","ping_status":"closed","sticky":false,"template":"","format":"standard","meta":{"footnotes":""},"categories":[60,52,58,33,36],"tags":[],"class_list":["post-34957","post","type-post","status-publish","format-standard","has-post-thumbnail","hentry","category-acta-de-sesiones","category-gacetillas","category-ordinarias","category-prensa","category-sesiones"],"yoast_head":"<!-- This site is optimized with the Yoast SEO plugin v19.10 - https:\/\/yoast.com\/wordpress\/plugins\/seo\/ -->\n<title>ACTA 23\u00b0 SESI\u00d3N ORDINARIA N\u00b01.140- \u201cO\u201d-14\/09\/2.023.- Malarg\u00fce HCD<\/title>\n<meta name=\"robots\" content=\"index, follow, max-snippet:-1, max-image-preview:large, max-video-preview:-1\" \/>\n<link rel=\"canonical\" href=\"https:\/\/hcd.malargue.gov.ar\/?p=34957\" \/>\n<meta property=\"og:locale\" content=\"es_ES\" \/>\n<meta property=\"og:type\" content=\"article\" \/>\n<meta property=\"og:title\" content=\"ACTA 23\u00b0 SESI\u00d3N ORDINARIA N\u00b01.140- \u201cO\u201d-14\/09\/2.023.- Malarg\u00fce HCD\" \/>\n<meta property=\"og:description\" content=\"En Malarg\u00fce Mendoza a Catorce d\u00edas de Setiembre de 2.023, cuando es la hora&nbsp; &nbsp;9:12 se re\u00fana e el Honorable Concejo Deliberante de la Municipalidad de Malarg\u00fce , para celebrar su Sesi\u00f3n ordinaria. Bajo la presidencia de su titular&nbsp; Concejal Andr\u00e9s RISI y la presencia de los Se\u00f1ores concejales&nbsp; Palma,&nbsp; Rosas,&nbsp; Varas,&nbsp; Mosca, Rojo, Parada, [&hellip;]\" \/>\n<meta property=\"og:url\" content=\"https:\/\/hcd.malargue.gov.ar\/?p=34957\" \/>\n<meta property=\"og:site_name\" content=\"Malarg\u00fce HCD\" \/>\n<meta property=\"article:published_time\" content=\"2023-09-22T11:45:41+00:00\" \/>\n<meta property=\"article:modified_time\" content=\"2023-09-22T11:45:45+00:00\" \/>\n<meta property=\"og:image\" content=\"https:\/\/hcd.malargue.gov.ar\/wp-content\/uploads\/2023\/03\/actas-sesiones.jpg\" \/>\n\t<meta property=\"og:image:width\" content=\"1640\" \/>\n\t<meta property=\"og:image:height\" content=\"924\" \/>\n\t<meta property=\"og:image:type\" content=\"image\/jpeg\" \/>\n<meta name=\"author\" content=\"Belen Pedernera Ferragut\" \/>\n<meta name=\"twitter:card\" content=\"summary_large_image\" \/>\n<meta name=\"twitter:label1\" content=\"Escrito por\" \/>\n\t<meta name=\"twitter:data1\" content=\"Belen Pedernera Ferragut\" \/>\n\t<meta name=\"twitter:label2\" content=\"Tiempo de lectura\" \/>\n\t<meta name=\"twitter:data2\" content=\"29 minutos\" \/>\n<script type=\"application\/ld+json\" class=\"yoast-schema-graph\">{\"@context\":\"https:\/\/schema.org\",\"@graph\":[{\"@type\":\"WebPage\",\"@id\":\"https:\/\/hcd.malargue.gov.ar\/?p=34957\",\"url\":\"https:\/\/hcd.malargue.gov.ar\/?p=34957\",\"name\":\"ACTA 23\u00b0 SESI\u00d3N ORDINARIA N\u00b01.140- \u201cO\u201d-14\/09\/2.023.- Malarg\u00fce HCD\",\"isPartOf\":{\"@id\":\"https:\/\/hcd.malargue.gov.ar\/#website\"},\"datePublished\":\"2023-09-22T11:45:41+00:00\",\"dateModified\":\"2023-09-22T11:45:45+00:00\",\"author\":{\"@id\":\"https:\/\/hcd.malargue.gov.ar\/#\/schema\/person\/3fd6bbab64edd703961b795156c955d0\"},\"breadcrumb\":{\"@id\":\"https:\/\/hcd.malargue.gov.ar\/?p=34957#breadcrumb\"},\"inLanguage\":\"es-AR\",\"potentialAction\":[{\"@type\":\"ReadAction\",\"target\":[\"https:\/\/hcd.malargue.gov.ar\/?p=34957\"]}]},{\"@type\":\"BreadcrumbList\",\"@id\":\"https:\/\/hcd.malargue.gov.ar\/?p=34957#breadcrumb\",\"itemListElement\":[{\"@type\":\"ListItem\",\"position\":1,\"name\":\"Inicio\",\"item\":\"https:\/\/hcd.malargue.gov.ar\/\"},{\"@type\":\"ListItem\",\"position\":2,\"name\":\"ACTA 23\u00b0 SESI\u00d3N ORDINARIA N\u00b01.140- \u201cO\u201d-14\/09\/2.023.-\"}]},{\"@type\":\"WebSite\",\"@id\":\"https:\/\/hcd.malargue.gov.ar\/#website\",\"url\":\"https:\/\/hcd.malargue.gov.ar\/\",\"name\":\"Malarg\u00fce HCD\",\"description\":\"Malarg\u00fce Mendoza Argentina\",\"potentialAction\":[{\"@type\":\"SearchAction\",\"target\":{\"@type\":\"EntryPoint\",\"urlTemplate\":\"https:\/\/hcd.malargue.gov.ar\/?s={search_term_string}\"},\"query-input\":\"required name=search_term_string\"}],\"inLanguage\":\"es-AR\"},{\"@type\":\"Person\",\"@id\":\"https:\/\/hcd.malargue.gov.ar\/#\/schema\/person\/3fd6bbab64edd703961b795156c955d0\",\"name\":\"Belen Pedernera Ferragut\",\"image\":{\"@type\":\"ImageObject\",\"inLanguage\":\"es-AR\",\"@id\":\"https:\/\/hcd.malargue.gov.ar\/#\/schema\/person\/image\/\",\"url\":\"https:\/\/secure.gravatar.com\/avatar\/1054ffab3893de4bb3eb29bdd22f7e34b8537bf5d34d9dab311818154ad5b71f?s=96&d=mm&r=g\",\"contentUrl\":\"https:\/\/secure.gravatar.com\/avatar\/1054ffab3893de4bb3eb29bdd22f7e34b8537bf5d34d9dab311818154ad5b71f?s=96&d=mm&r=g\",\"caption\":\"Belen Pedernera Ferragut\"},\"url\":\"https:\/\/hcd.malargue.gov.ar\/?author=5\"}]}<\/script>\n<!-- \/ Yoast SEO plugin. -->","yoast_head_json":{"title":"ACTA 23\u00b0 SESI\u00d3N ORDINARIA N\u00b01.140- \u201cO\u201d-14\/09\/2.023.- Malarg\u00fce HCD","robots":{"index":"index","follow":"follow","max-snippet":"max-snippet:-1","max-image-preview":"max-image-preview:large","max-video-preview":"max-video-preview:-1"},"canonical":"https:\/\/hcd.malargue.gov.ar\/?p=34957","og_locale":"es_ES","og_type":"article","og_title":"ACTA 23\u00b0 SESI\u00d3N ORDINARIA N\u00b01.140- \u201cO\u201d-14\/09\/2.023.- Malarg\u00fce HCD","og_description":"En Malarg\u00fce Mendoza a Catorce d\u00edas de Setiembre de 2.023, cuando es la hora&nbsp; &nbsp;9:12 se re\u00fana e el Honorable Concejo Deliberante de la Municipalidad de Malarg\u00fce , para celebrar su Sesi\u00f3n ordinaria. Bajo la presidencia de su titular&nbsp; Concejal Andr\u00e9s RISI y la presencia de los Se\u00f1ores concejales&nbsp; Palma,&nbsp; Rosas,&nbsp; Varas,&nbsp; Mosca, Rojo, Parada, [&hellip;]","og_url":"https:\/\/hcd.malargue.gov.ar\/?p=34957","og_site_name":"Malarg\u00fce HCD","article_published_time":"2023-09-22T11:45:41+00:00","article_modified_time":"2023-09-22T11:45:45+00:00","og_image":[{"width":1640,"height":924,"url":"https:\/\/hcd.malargue.gov.ar\/wp-content\/uploads\/2023\/03\/actas-sesiones.jpg","type":"image\/jpeg"}],"author":"Belen Pedernera Ferragut","twitter_card":"summary_large_image","twitter_misc":{"Escrito por":"Belen Pedernera Ferragut","Tiempo de lectura":"29 minutos"},"schema":{"@context":"https:\/\/schema.org","@graph":[{"@type":"WebPage","@id":"https:\/\/hcd.malargue.gov.ar\/?p=34957","url":"https:\/\/hcd.malargue.gov.ar\/?p=34957","name":"ACTA 23\u00b0 SESI\u00d3N ORDINARIA N\u00b01.140- \u201cO\u201d-14\/09\/2.023.- Malarg\u00fce HCD","isPartOf":{"@id":"https:\/\/hcd.malargue.gov.ar\/#website"},"datePublished":"2023-09-22T11:45:41+00:00","dateModified":"2023-09-22T11:45:45+00:00","author":{"@id":"https:\/\/hcd.malargue.gov.ar\/#\/schema\/person\/3fd6bbab64edd703961b795156c955d0"},"breadcrumb":{"@id":"https:\/\/hcd.malargue.gov.ar\/?p=34957#breadcrumb"},"inLanguage":"es-AR","potentialAction":[{"@type":"ReadAction","target":["https:\/\/hcd.malargue.gov.ar\/?p=34957"]}]},{"@type":"BreadcrumbList","@id":"https:\/\/hcd.malargue.gov.ar\/?p=34957#breadcrumb","itemListElement":[{"@type":"ListItem","position":1,"name":"Inicio","item":"https:\/\/hcd.malargue.gov.ar\/"},{"@type":"ListItem","position":2,"name":"ACTA 23\u00b0 SESI\u00d3N ORDINARIA N\u00b01.140- \u201cO\u201d-14\/09\/2.023.-"}]},{"@type":"WebSite","@id":"https:\/\/hcd.malargue.gov.ar\/#website","url":"https:\/\/hcd.malargue.gov.ar\/","name":"Malarg\u00fce HCD","description":"Malarg\u00fce Mendoza Argentina","potentialAction":[{"@type":"SearchAction","target":{"@type":"EntryPoint","urlTemplate":"https:\/\/hcd.malargue.gov.ar\/?s={search_term_string}"},"query-input":"required name=search_term_string"}],"inLanguage":"es-AR"},{"@type":"Person","@id":"https:\/\/hcd.malargue.gov.ar\/#\/schema\/person\/3fd6bbab64edd703961b795156c955d0","name":"Belen Pedernera Ferragut","image":{"@type":"ImageObject","inLanguage":"es-AR","@id":"https:\/\/hcd.malargue.gov.ar\/#\/schema\/person\/image\/","url":"https:\/\/secure.gravatar.com\/avatar\/1054ffab3893de4bb3eb29bdd22f7e34b8537bf5d34d9dab311818154ad5b71f?s=96&d=mm&r=g","contentUrl":"https:\/\/secure.gravatar.com\/avatar\/1054ffab3893de4bb3eb29bdd22f7e34b8537bf5d34d9dab311818154ad5b71f?s=96&d=mm&r=g","caption":"Belen Pedernera Ferragut"},"url":"https:\/\/hcd.malargue.gov.ar\/?author=5"}]}},"_links":{"self":[{"href":"https:\/\/hcd.malargue.gov.ar\/index.php?rest_route=\/wp\/v2\/posts\/34957","targetHints":{"allow":["GET"]}}],"collection":[{"href":"https:\/\/hcd.malargue.gov.ar\/index.php?rest_route=\/wp\/v2\/posts"}],"about":[{"href":"https:\/\/hcd.malargue.gov.ar\/index.php?rest_route=\/wp\/v2\/types\/post"}],"author":[{"embeddable":true,"href":"https:\/\/hcd.malargue.gov.ar\/index.php?rest_route=\/wp\/v2\/users\/5"}],"replies":[{"embeddable":true,"href":"https:\/\/hcd.malargue.gov.ar\/index.php?rest_route=%2Fwp%2Fv2%2Fcomments&post=34957"}],"version-history":[{"count":2,"href":"https:\/\/hcd.malargue.gov.ar\/index.php?rest_route=\/wp\/v2\/posts\/34957\/revisions"}],"predecessor-version":[{"id":34968,"href":"https:\/\/hcd.malargue.gov.ar\/index.php?rest_route=\/wp\/v2\/posts\/34957\/revisions\/34968"}],"wp:featuredmedia":[{"embeddable":true,"href":"https:\/\/hcd.malargue.gov.ar\/index.php?rest_route=\/wp\/v2\/media\/33337"}],"wp:attachment":[{"href":"https:\/\/hcd.malargue.gov.ar\/index.php?rest_route=%2Fwp%2Fv2%2Fmedia&parent=34957"}],"wp:term":[{"taxonomy":"category","embeddable":true,"href":"https:\/\/hcd.malargue.gov.ar\/index.php?rest_route=%2Fwp%2Fv2%2Fcategories&post=34957"},{"taxonomy":"post_tag","embeddable":true,"href":"https:\/\/hcd.malargue.gov.ar\/index.php?rest_route=%2Fwp%2Fv2%2Ftags&post=34957"}],"curies":[{"name":"wp","href":"https:\/\/api.w.org\/{rel}","templated":true}]}}