{"id":35083,"date":"2023-09-27T11:43:16","date_gmt":"2023-09-27T14:43:16","guid":{"rendered":"https:\/\/hcd.malargue.gov.ar\/?p=35083"},"modified":"2023-09-28T08:18:22","modified_gmt":"2023-09-28T11:18:22","slug":"orden-del-dia-25-sesion-ordinaria","status":"publish","type":"post","link":"https:\/\/hcd.malargue.gov.ar\/?p=35083","title":{"rendered":"ORDEN DEL D\u00cdA 25\u00b0 SESI\u00d3N ORDINARIA"},"content":{"rendered":"<div class=\"wp-block-image\">\n<figure class=\"alignright size-full is-resized\"><a href=\"http:\/\/hcd.malargue.gov.ar\/hcdpdf\/25%20ORDEN%2028%20de%20Setiembre%20de%202023.pdf\"><img loading=\"lazy\" decoding=\"async\" src=\"https:\/\/hcd.malargue.gov.ar\/wp-content\/uploads\/2018\/06\/PDF-JPG.jpg\" alt=\"\" class=\"wp-image-7950\" style=\"width:107px;height:107px\" width=\"107\" height=\"107\" srcset=\"https:\/\/hcd.malargue.gov.ar\/wp-content\/uploads\/2018\/06\/PDF-JPG.jpg 512w, https:\/\/hcd.malargue.gov.ar\/wp-content\/uploads\/2018\/06\/PDF-JPG-150x150.jpg 150w, https:\/\/hcd.malargue.gov.ar\/wp-content\/uploads\/2018\/06\/PDF-JPG-300x300.jpg 300w\" sizes=\"auto, (max-width: 107px) 100vw, 107px\" \/><\/a><\/figure>\n<\/div>\n\n\n<h5 class=\"wp-block-heading\">D\u00eda Jueves 28 de Setiembre 2.023<\/h5>\n\n\n\n<h5 class=\"wp-block-heading\">Hora: 09:00&nbsp;&nbsp;&nbsp;&nbsp;&nbsp;&nbsp;&nbsp;&nbsp;&nbsp;&nbsp;&nbsp;&nbsp;&nbsp;<\/h5>\n\n\n\n<p><strong><em>a) Acto de Izar la Ense\u00f1a Patria\u00a0\u00a0 a cargo de la Sra. \u00a0Concejal \u00a0\u00a0D. Paola Lorena ROJO<\/em><\/strong><\/p>\n\n\n\n<p><strong><em>b) Homenaje de los Se\u00f1ores Concejales.<\/em><\/strong><\/p>\n\n\n\n<p><strong><em>c) Consideraci\u00f3n Acta Sesi\u00f3n Ordinaria N\u00b01.141- \u201cO\u201d-2.023.-<\/em><\/strong><\/p>\n\n\n\n<p><strong><em>d)Lectura del detalle de la correspondencia recibida y emitida.<\/em><\/strong><\/p>\n\n\n\n<p><strong><em>e) Consideraci\u00f3n de los temas que ser\u00e1n incluidos en el punto Asuntos&nbsp; Varios y<\/em><\/strong> <strong><em>puesta a consideraci\u00f3n de mociones de tratamientos sobre tablas de diversos<\/em><\/strong> <strong><em>expedientes.<\/em><\/strong><\/p>\n\n\n\n<p><strong><em>f) Proyectos de los Se\u00f1ores Concejales: <\/em><\/strong><em>&nbsp;&nbsp;&nbsp;<\/em><strong><em><\/em><\/strong><\/p>\n\n\n\n<ol class=\"wp-block-list\" type=\"1\">\n<li>Expte.N\u00ba5.343-HC-059-2.023 Proyecto de Resoluci\u00f3n:&nbsp; Solicitar a la Direcci\u00f3n General de Escuelas la construcci\u00f3n del edificio de la Escuela N\u00b02-709 Dr. Roberto Ordenes (BLOQUE FRENTE CAMBIA MENDOZA) Autora: Concejal Paola Lorena Rojo<\/li>\n\n\n\n<li>Expte.N\u00b05.344-HC 059-2.023 Proyecto de Ordenanza:&nbsp; Implementar el Programa Municipal \u201cPromotores de Huertas\u201d dependiente de la Incubadora de Empresas. (BLOQUE FRENTE CAMBIA MENDOZA) Autora: Concejal Paola Lorena Rojo<\/li>\n\n\n\n<li>Expte.N\u00b05.345-HC 059-2.023 Proyecto de Resoluci\u00f3n:&nbsp; Solicitar al Gobernador de la Provincia decrete el 16 de Noviembre como feriado departamental (INTERBLOQUE ENCUENTRO-CUIDEMOS MALARG\u00dcE) Autores Concejales Francisco Parada y Silvia Correa<\/li>\n\n\n\n<li>Expte.N\u00b05.346-HC 059-2.023 Proyecto de Resoluci\u00f3n: Declarar de Inter\u00e9s Departamental el Segundo Encuentro Motero e Internacional Ruta 40 (BLOQUE FRENTE DE TODOS) Autor: Concejal Andr\u00e9s Risi<\/li>\n<\/ol>\n\n\n\n<p><strong><em>g) Expedientes provenientes del Departamento Ejecutivo<\/em><\/strong><\/p>\n\n\n\n<p>1- Expte.N\u00b06.102\/2023-0 Departamento Ejecutivo Ref. Proyecto de Ordenanza \u201cCreaci\u00f3n del  Salario Puestero\u201d<\/p>\n\n\n\n<p><strong><em>h) Despachos de las Comisiones de Trabajo:<\/em><\/strong><\/p>\n\n\n\n<ol class=\"wp-block-list\" type=\"1\">\n<li>&nbsp;Nota HC-015 -2.021 ATE Malarg\u00fce , eleva copia&nbsp; del \u201cMemor\u00e1ndum\u201d firmado por el Secretario de Servicios P\u00fablicos, Higiene y Revalorizaci\u00f3n de los Espacios Urbanos.&nbsp; \/\/ Nota HC-213-2.021 Ing. Javier Macario, Jefe Agencia INTA Malarg\u00fce, solicita designaci\u00f3n de Concejal Gabriel Rosas, para participar en los Consejos Asesores Locales. (H.P.L.A.C.)<\/li>\n\n\n\n<li>Nota HC-389-2.021 Lic. Juan Manuel Ojeda Intendente Municipal eleva Padr\u00f3n definitivo de Extranjeros del a\u00f1o 2.021.\/ Nota HC 426-2.021 Lic. Juan Manuel Ojeda remite respuesta por la Direcci\u00f3n de Catastro sobre Expte.N\u00b04.856-2.021-1 \/ Nota HC 374-2.021 Concejal Gabriel Rosas presenta Acta de Audiencia&nbsp; de Conciliaci\u00f3n Expte.N\u00b0P-101361\/21 Ministerio P\u00fablico Fiscal de fecha 12 de octubre de 2.021 .\/ Nota HC 360-2.021 Sr. Celso Forquera, eleva informe situaci\u00f3n ocurrida en el distrito&nbsp; de Agua Escondida (H.P.LA.C)<\/li>\n\n\n\n<li>Expte.N\u00b05.342-HC 059-2.023 Proyecto de Declaraci\u00f3n: Declarar de Inter\u00e9s Departamental la 1\u00b0 Edici\u00f3n de Jornadas Deportivas de la Escuela N\u00b04-228 Ing. Eugenio Izsaky (E.H.M.A.S Y C)<\/li>\n\n\n\n<li>Expte.N\u00b05.333-HC 058-2.023 Proyecto de Resoluci\u00f3n: Declarar de Inter\u00e9s Departamental el Encuentro de T\u00e9cnicos en Conservaci\u00f3n de la Naturaleza y profesores al cumplir 15 a\u00f1os de la Primer Promoci\u00f3n de Egresados (E.H.M.A.S Y C)<\/li>\n\n\n\n<li>Nota HC-495-2.022 Prof. Fernanda Oliver Coordinadora Academia Facultad de Cs. Exactas y Naturales de la UN Cuyo, solicita se gestione espacio f\u00edsico para instalaci\u00f3n de un Laboratorio para la Carrera de Geolog\u00eda \/ Nota HC-412-2.022 Iglesia Evang\u00e9lica Uni\u00f3n Pentecostal solicita Declarar de Inter\u00e9s el Congreso de Pastores de Nivel Internacional (E.H.M.A.S Y C)<\/li>\n<\/ol>\n\n\n\n<p><strong>i<\/strong><strong><em>) Asuntos Varios. &#8211;&nbsp;&nbsp;&nbsp;&nbsp;&nbsp;&nbsp;&nbsp;<\/em><\/strong><\/p>\n\n\n\n<p><strong><em>j) Acto de arriar el Pabell\u00f3n Nacional a cargo de la concejal que lo<\/em><\/strong><strong> iz\u00f3. &#8211; <\/strong><strong><em><\/em><\/strong><\/p>\n\n\n\n<p class=\"has-text-align-right\"><strong>&nbsp;&nbsp;&nbsp;&nbsp;&nbsp;&nbsp;&nbsp;&nbsp;&nbsp;&nbsp;&nbsp;&nbsp;&nbsp;&nbsp;&nbsp;&nbsp;&nbsp;&nbsp;&nbsp;&nbsp;&nbsp;&nbsp;&nbsp;&nbsp;&nbsp;&nbsp;&nbsp;&nbsp;&nbsp;&nbsp;&nbsp;&nbsp;&nbsp;&nbsp;&nbsp;&nbsp;&nbsp;&nbsp;&nbsp;&nbsp;&nbsp;&nbsp;&nbsp;&nbsp;&nbsp;&nbsp;&nbsp;&nbsp;&nbsp;&nbsp;&nbsp;&nbsp;&nbsp;&nbsp;&nbsp;&nbsp;&nbsp;&nbsp;&nbsp;&nbsp;&nbsp;&nbsp;&nbsp;&nbsp;&nbsp;&nbsp;&nbsp;&nbsp;&nbsp;&nbsp;&nbsp;&nbsp;&nbsp;&nbsp;&nbsp;&nbsp;&nbsp;&nbsp;&nbsp;&nbsp;&nbsp;&nbsp;&nbsp;&nbsp;&nbsp;&nbsp;&nbsp;&nbsp;&nbsp; Presidencia H.C.D 26 de Setiembre de 2.023.-<\/strong><\/p>\n\n\n\n<p><strong>CORRESPONDENCIA&nbsp; PARA LA SESI\u00d3N<\/strong><\/p>\n\n\n\n<p><strong>Del d\u00eda Jueves 28 de Setiembre&nbsp; de 2.023<\/strong><\/p>\n\n\n\n<p><strong>NOTAS INGRESADAS<\/strong><\/p>\n\n\n\n<ol class=\"wp-block-list\" type=\"1\" start=\"1\">\n<li>Prof. Marcelo Rivarola Director de Turismo, solicita incorporaci\u00f3n de \u00edtem Comisi\u00f3n Evaluadora examen habilitante&nbsp; para gu\u00edas locales a la Ordenanza de regulaci\u00f3n de la actividad.<\/li>\n\n\n\n<li>Lic. Fabi\u00e1n Monz\u00f3n Director de Escuela N\u00ba 4-138 Aborigen Americano, solicita autorizaci\u00f3n para realizar visita educativa con alumnos de 5\u00ba a\u00f1o, a fin de presenciar una Sesi\u00f3n Ordinaria.<\/li>\n\n\n\n<li>Prof. Marcelo Garc\u00eda Rector IES 9-018 Gdor. Celso Jaque, solicita circulaci\u00f3n de sentido \u00fanico en calles Llancanelo y 20 de Junio.<\/li>\n\n\n\n<li>Departamento Ejecutivo eleva documentaci\u00f3n para incorporar al Expte. N\u00ba 5197\/2023-1 Veto Ordenanza N\u00ba 2.250\/2023.<\/li>\n\n\n\n<li>Sr. Jos\u00e9 Manuel Rojas, informa sobre solicitud al Departamento Ejecutivo, solicitando comodato de Puesto El Serrucho, explotado por su familia con fines agropecuarios y ganaderos.<\/li>\n\n\n\n<li>Alumnos del Profesorado de Lengua y Literatura del IES N\u00ba 9-018 Gdor. Celso Jaque, solicitan colaboraci\u00f3n para afrontar gastos de viaje de estudio.<\/li>\n<\/ol>\n\n\n\n<p><strong>NOTAS EMITIDAS<\/strong><\/p>\n\n\n\n<ol class=\"wp-block-list\" type=\"1\" start=\"1\">\n<li>A la Sra. Secretaria de Gobierno remitiendo nota HC 487\/2023 informado direcci\u00f3n de correo institucional.<\/li>\n\n\n\n<li>Al Jefe Cuarto Distrito de Direcci\u00f3n Nacional de Vialidad, Administrador General Direcci\u00f3n Provincial de Vialidad, remitiendo copia de Resoluci\u00f3n N\u00ba 361\/2023 solicitando la instalaci\u00f3n de campamentos viales sobre Ruta Nacional N\u00ba 40 y Ruta Provincial N\u00ba 186.<\/li>\n\n\n\n<li>Al Sr.&nbsp; Gobernador de la Provincia, Sr. Ministro de Econom\u00eda y&nbsp; Legisladoras Provinciales por Malarg\u00fce, Direcci\u00f3n de Ganader\u00eda, Presidente Sociedad Rural del Secano Mendocino y C\u00e1mara de Comercio y Afines,&nbsp; remitiendo copia de Resoluci\u00f3n N\u00ba 352\/2.023, solicitando la implementaci\u00f3n de Programa de Subsidios para compra de Vientres Caprinos.&nbsp;<\/li>\n\n\n\n<li>A Secretaria de Ambiente y Obras Privadas y Direcci\u00f3n de Ambiente remitiendo copia de Resoluci\u00f3n N\u00ba368\/2.023 mediante la cual cual se encomienda a Presidencia eleve denuncia ambiental por la situaci\u00f3n de la Cubierta Sanitaria.<\/li>\n<\/ol>\n","protected":false},"excerpt":{"rendered":"<p>D\u00eda Jueves 28 de Setiembre 2.023 Hora: 09:00&nbsp;&nbsp;&nbsp;&nbsp;&nbsp;&nbsp;&nbsp;&nbsp;&nbsp;&nbsp;&nbsp;&nbsp;&nbsp; a) Acto de Izar la Ense\u00f1a Patria\u00a0\u00a0 a cargo de la Sra. \u00a0Concejal \u00a0\u00a0D. Paola Lorena ROJO b) Homenaje de los Se\u00f1ores Concejales. c) Consideraci\u00f3n Acta Sesi\u00f3n Ordinaria N\u00b01.141- \u201cO\u201d-2.023.- d)Lectura del detalle de la correspondencia recibida y emitida. e) Consideraci\u00f3n de los temas que ser\u00e1n incluidos [&hellip;]<\/p>\n","protected":false},"author":5,"featured_media":35092,"comment_status":"closed","ping_status":"closed","sticky":false,"template":"","format":"standard","meta":{"footnotes":""},"categories":[52,84,58,33,36],"tags":[],"class_list":["post-35083","post","type-post","status-publish","format-standard","has-post-thumbnail","hentry","category-gacetillas","category-orden-del-dia","category-ordinarias","category-prensa","category-sesiones"],"yoast_head":"<!-- This site is optimized with the Yoast SEO plugin v19.10 - https:\/\/yoast.com\/wordpress\/plugins\/seo\/ -->\n<title>ORDEN DEL D\u00cdA 25\u00b0 SESI\u00d3N ORDINARIA - Malarg\u00fce HCD<\/title>\n<meta name=\"robots\" content=\"index, follow, max-snippet:-1, max-image-preview:large, max-video-preview:-1\" \/>\n<link rel=\"canonical\" href=\"https:\/\/hcd.malargue.gov.ar\/?p=35083\" \/>\n<meta property=\"og:locale\" content=\"es_ES\" \/>\n<meta property=\"og:type\" content=\"article\" \/>\n<meta property=\"og:title\" content=\"ORDEN DEL D\u00cdA 25\u00b0 SESI\u00d3N ORDINARIA - Malarg\u00fce HCD\" \/>\n<meta property=\"og:description\" content=\"D\u00eda Jueves 28 de Setiembre 2.023 Hora: 09:00&nbsp;&nbsp;&nbsp;&nbsp;&nbsp;&nbsp;&nbsp;&nbsp;&nbsp;&nbsp;&nbsp;&nbsp;&nbsp; a) Acto de Izar la Ense\u00f1a Patria\u00a0\u00a0 a cargo de la Sra. \u00a0Concejal \u00a0\u00a0D. Paola Lorena ROJO b) Homenaje de los Se\u00f1ores Concejales. c) Consideraci\u00f3n Acta Sesi\u00f3n Ordinaria N\u00b01.141- \u201cO\u201d-2.023.- d)Lectura del detalle de la correspondencia recibida y emitida. e) Consideraci\u00f3n de los temas que ser\u00e1n incluidos [&hellip;]\" \/>\n<meta property=\"og:url\" content=\"https:\/\/hcd.malargue.gov.ar\/?p=35083\" \/>\n<meta property=\"og:site_name\" content=\"Malarg\u00fce HCD\" \/>\n<meta property=\"article:published_time\" content=\"2023-09-27T14:43:16+00:00\" \/>\n<meta property=\"article:modified_time\" content=\"2023-09-28T11:18:22+00:00\" \/>\n<meta property=\"og:image\" content=\"https:\/\/hcd.malargue.gov.ar\/wp-content\/uploads\/2023\/09\/Rojo-Bandera-4.jpg\" \/>\n\t<meta property=\"og:image:width\" content=\"2048\" \/>\n\t<meta property=\"og:image:height\" content=\"1153\" \/>\n\t<meta property=\"og:image:type\" content=\"image\/jpeg\" \/>\n<meta name=\"author\" content=\"Belen Pedernera Ferragut\" \/>\n<meta name=\"twitter:card\" content=\"summary_large_image\" \/>\n<meta name=\"twitter:label1\" content=\"Escrito por\" \/>\n\t<meta name=\"twitter:data1\" content=\"Belen Pedernera Ferragut\" \/>\n\t<meta name=\"twitter:label2\" content=\"Tiempo de lectura\" \/>\n\t<meta name=\"twitter:data2\" content=\"5 minutos\" \/>\n<script type=\"application\/ld+json\" class=\"yoast-schema-graph\">{\"@context\":\"https:\/\/schema.org\",\"@graph\":[{\"@type\":\"WebPage\",\"@id\":\"https:\/\/hcd.malargue.gov.ar\/?p=35083\",\"url\":\"https:\/\/hcd.malargue.gov.ar\/?p=35083\",\"name\":\"ORDEN DEL D\u00cdA 25\u00b0 SESI\u00d3N ORDINARIA - Malarg\u00fce HCD\",\"isPartOf\":{\"@id\":\"https:\/\/hcd.malargue.gov.ar\/#website\"},\"datePublished\":\"2023-09-27T14:43:16+00:00\",\"dateModified\":\"2023-09-28T11:18:22+00:00\",\"author\":{\"@id\":\"https:\/\/hcd.malargue.gov.ar\/#\/schema\/person\/3fd6bbab64edd703961b795156c955d0\"},\"breadcrumb\":{\"@id\":\"https:\/\/hcd.malargue.gov.ar\/?p=35083#breadcrumb\"},\"inLanguage\":\"es-AR\",\"potentialAction\":[{\"@type\":\"ReadAction\",\"target\":[\"https:\/\/hcd.malargue.gov.ar\/?p=35083\"]}]},{\"@type\":\"BreadcrumbList\",\"@id\":\"https:\/\/hcd.malargue.gov.ar\/?p=35083#breadcrumb\",\"itemListElement\":[{\"@type\":\"ListItem\",\"position\":1,\"name\":\"Inicio\",\"item\":\"https:\/\/hcd.malargue.gov.ar\/\"},{\"@type\":\"ListItem\",\"position\":2,\"name\":\"ORDEN DEL D\u00cdA 25\u00b0 SESI\u00d3N ORDINARIA\"}]},{\"@type\":\"WebSite\",\"@id\":\"https:\/\/hcd.malargue.gov.ar\/#website\",\"url\":\"https:\/\/hcd.malargue.gov.ar\/\",\"name\":\"Malarg\u00fce HCD\",\"description\":\"Malarg\u00fce Mendoza Argentina\",\"potentialAction\":[{\"@type\":\"SearchAction\",\"target\":{\"@type\":\"EntryPoint\",\"urlTemplate\":\"https:\/\/hcd.malargue.gov.ar\/?s={search_term_string}\"},\"query-input\":\"required name=search_term_string\"}],\"inLanguage\":\"es-AR\"},{\"@type\":\"Person\",\"@id\":\"https:\/\/hcd.malargue.gov.ar\/#\/schema\/person\/3fd6bbab64edd703961b795156c955d0\",\"name\":\"Belen Pedernera Ferragut\",\"image\":{\"@type\":\"ImageObject\",\"inLanguage\":\"es-AR\",\"@id\":\"https:\/\/hcd.malargue.gov.ar\/#\/schema\/person\/image\/\",\"url\":\"https:\/\/secure.gravatar.com\/avatar\/1054ffab3893de4bb3eb29bdd22f7e34b8537bf5d34d9dab311818154ad5b71f?s=96&d=mm&r=g\",\"contentUrl\":\"https:\/\/secure.gravatar.com\/avatar\/1054ffab3893de4bb3eb29bdd22f7e34b8537bf5d34d9dab311818154ad5b71f?s=96&d=mm&r=g\",\"caption\":\"Belen Pedernera Ferragut\"},\"url\":\"https:\/\/hcd.malargue.gov.ar\/?author=5\"}]}<\/script>\n<!-- \/ Yoast SEO plugin. -->","yoast_head_json":{"title":"ORDEN DEL D\u00cdA 25\u00b0 SESI\u00d3N ORDINARIA - Malarg\u00fce HCD","robots":{"index":"index","follow":"follow","max-snippet":"max-snippet:-1","max-image-preview":"max-image-preview:large","max-video-preview":"max-video-preview:-1"},"canonical":"https:\/\/hcd.malargue.gov.ar\/?p=35083","og_locale":"es_ES","og_type":"article","og_title":"ORDEN DEL D\u00cdA 25\u00b0 SESI\u00d3N ORDINARIA - Malarg\u00fce HCD","og_description":"D\u00eda Jueves 28 de Setiembre 2.023 Hora: 09:00&nbsp;&nbsp;&nbsp;&nbsp;&nbsp;&nbsp;&nbsp;&nbsp;&nbsp;&nbsp;&nbsp;&nbsp;&nbsp; a) Acto de Izar la Ense\u00f1a Patria\u00a0\u00a0 a cargo de la Sra. \u00a0Concejal \u00a0\u00a0D. Paola Lorena ROJO b) Homenaje de los Se\u00f1ores Concejales. c) Consideraci\u00f3n Acta Sesi\u00f3n Ordinaria N\u00b01.141- \u201cO\u201d-2.023.- d)Lectura del detalle de la correspondencia recibida y emitida. e) Consideraci\u00f3n de los temas que ser\u00e1n incluidos [&hellip;]","og_url":"https:\/\/hcd.malargue.gov.ar\/?p=35083","og_site_name":"Malarg\u00fce HCD","article_published_time":"2023-09-27T14:43:16+00:00","article_modified_time":"2023-09-28T11:18:22+00:00","og_image":[{"width":2048,"height":1153,"url":"https:\/\/hcd.malargue.gov.ar\/wp-content\/uploads\/2023\/09\/Rojo-Bandera-4.jpg","type":"image\/jpeg"}],"author":"Belen Pedernera Ferragut","twitter_card":"summary_large_image","twitter_misc":{"Escrito por":"Belen Pedernera Ferragut","Tiempo de lectura":"5 minutos"},"schema":{"@context":"https:\/\/schema.org","@graph":[{"@type":"WebPage","@id":"https:\/\/hcd.malargue.gov.ar\/?p=35083","url":"https:\/\/hcd.malargue.gov.ar\/?p=35083","name":"ORDEN DEL D\u00cdA 25\u00b0 SESI\u00d3N ORDINARIA - Malarg\u00fce HCD","isPartOf":{"@id":"https:\/\/hcd.malargue.gov.ar\/#website"},"datePublished":"2023-09-27T14:43:16+00:00","dateModified":"2023-09-28T11:18:22+00:00","author":{"@id":"https:\/\/hcd.malargue.gov.ar\/#\/schema\/person\/3fd6bbab64edd703961b795156c955d0"},"breadcrumb":{"@id":"https:\/\/hcd.malargue.gov.ar\/?p=35083#breadcrumb"},"inLanguage":"es-AR","potentialAction":[{"@type":"ReadAction","target":["https:\/\/hcd.malargue.gov.ar\/?p=35083"]}]},{"@type":"BreadcrumbList","@id":"https:\/\/hcd.malargue.gov.ar\/?p=35083#breadcrumb","itemListElement":[{"@type":"ListItem","position":1,"name":"Inicio","item":"https:\/\/hcd.malargue.gov.ar\/"},{"@type":"ListItem","position":2,"name":"ORDEN DEL D\u00cdA 25\u00b0 SESI\u00d3N ORDINARIA"}]},{"@type":"WebSite","@id":"https:\/\/hcd.malargue.gov.ar\/#website","url":"https:\/\/hcd.malargue.gov.ar\/","name":"Malarg\u00fce HCD","description":"Malarg\u00fce Mendoza Argentina","potentialAction":[{"@type":"SearchAction","target":{"@type":"EntryPoint","urlTemplate":"https:\/\/hcd.malargue.gov.ar\/?s={search_term_string}"},"query-input":"required name=search_term_string"}],"inLanguage":"es-AR"},{"@type":"Person","@id":"https:\/\/hcd.malargue.gov.ar\/#\/schema\/person\/3fd6bbab64edd703961b795156c955d0","name":"Belen Pedernera Ferragut","image":{"@type":"ImageObject","inLanguage":"es-AR","@id":"https:\/\/hcd.malargue.gov.ar\/#\/schema\/person\/image\/","url":"https:\/\/secure.gravatar.com\/avatar\/1054ffab3893de4bb3eb29bdd22f7e34b8537bf5d34d9dab311818154ad5b71f?s=96&d=mm&r=g","contentUrl":"https:\/\/secure.gravatar.com\/avatar\/1054ffab3893de4bb3eb29bdd22f7e34b8537bf5d34d9dab311818154ad5b71f?s=96&d=mm&r=g","caption":"Belen Pedernera Ferragut"},"url":"https:\/\/hcd.malargue.gov.ar\/?author=5"}]}},"_links":{"self":[{"href":"https:\/\/hcd.malargue.gov.ar\/index.php?rest_route=\/wp\/v2\/posts\/35083","targetHints":{"allow":["GET"]}}],"collection":[{"href":"https:\/\/hcd.malargue.gov.ar\/index.php?rest_route=\/wp\/v2\/posts"}],"about":[{"href":"https:\/\/hcd.malargue.gov.ar\/index.php?rest_route=\/wp\/v2\/types\/post"}],"author":[{"embeddable":true,"href":"https:\/\/hcd.malargue.gov.ar\/index.php?rest_route=\/wp\/v2\/users\/5"}],"replies":[{"embeddable":true,"href":"https:\/\/hcd.malargue.gov.ar\/index.php?rest_route=%2Fwp%2Fv2%2Fcomments&post=35083"}],"version-history":[{"count":6,"href":"https:\/\/hcd.malargue.gov.ar\/index.php?rest_route=\/wp\/v2\/posts\/35083\/revisions"}],"predecessor-version":[{"id":35103,"href":"https:\/\/hcd.malargue.gov.ar\/index.php?rest_route=\/wp\/v2\/posts\/35083\/revisions\/35103"}],"wp:featuredmedia":[{"embeddable":true,"href":"https:\/\/hcd.malargue.gov.ar\/index.php?rest_route=\/wp\/v2\/media\/35092"}],"wp:attachment":[{"href":"https:\/\/hcd.malargue.gov.ar\/index.php?rest_route=%2Fwp%2Fv2%2Fmedia&parent=35083"}],"wp:term":[{"taxonomy":"category","embeddable":true,"href":"https:\/\/hcd.malargue.gov.ar\/index.php?rest_route=%2Fwp%2Fv2%2Fcategories&post=35083"},{"taxonomy":"post_tag","embeddable":true,"href":"https:\/\/hcd.malargue.gov.ar\/index.php?rest_route=%2Fwp%2Fv2%2Ftags&post=35083"}],"curies":[{"name":"wp","href":"https:\/\/api.w.org\/{rel}","templated":true}]}}