{"id":35090,"date":"2023-10-02T09:28:10","date_gmt":"2023-10-02T12:28:10","guid":{"rendered":"https:\/\/hcd.malargue.gov.ar\/?p=35090"},"modified":"2023-10-02T09:28:15","modified_gmt":"2023-10-02T12:28:15","slug":"acta-24-sesion-ordinaria-n1-141-o-21-09-2-023","status":"publish","type":"post","link":"https:\/\/hcd.malargue.gov.ar\/?p=35090","title":{"rendered":"ACTA 24\u00b0 SESI\u00d3N ORDINARIA N\u00b01.141- \u201cO\u201d-21\/09\/2.023.-"},"content":{"rendered":"<div class=\"wp-block-image\">\n<figure class=\"alignright size-full is-resized\"><a href=\"http:\/\/hcd1.malargue.gov.ar\/hcdpdf\/ORDINARIA%20N%201141%202023.pdf\"><img loading=\"lazy\" decoding=\"async\" src=\"https:\/\/hcd.malargue.gov.ar\/wp-content\/uploads\/2018\/06\/PDF-JPG.jpg\" alt=\"\" class=\"wp-image-7950\" style=\"width:112px;height:112px\" width=\"112\" height=\"112\" srcset=\"https:\/\/hcd.malargue.gov.ar\/wp-content\/uploads\/2018\/06\/PDF-JPG.jpg 512w, https:\/\/hcd.malargue.gov.ar\/wp-content\/uploads\/2018\/06\/PDF-JPG-150x150.jpg 150w, https:\/\/hcd.malargue.gov.ar\/wp-content\/uploads\/2018\/06\/PDF-JPG-300x300.jpg 300w\" sizes=\"auto, (max-width: 112px) 100vw, 112px\" \/><\/a><\/figure>\n<\/div>\n\n\n<p>En Malarg\u00fce Mendoza, a Veinti\u00fan d\u00edas de Setiembre&nbsp; de 2.023. cuando es&nbsp; la hora:9:42 &nbsp;se re\u00fane el Honorable Concejo Deliberante&nbsp; de la Municipalidad de Malarg\u00fce , para celebrar&nbsp; su Sesi\u00f3n&nbsp; Ordinaria. Bajo la Presidencia de su Titular Concejal Andr\u00e9s RISI y la presencia de los se\u00f1ores concejales &nbsp;&nbsp;Palma, Rosas, Varas, Mosca, Rojo, Parada, Camiolo, Correa y Hidalgo . \/ Luego de la firma del Libro de Asistencia se invita al concejal Francisco&nbsp; Daniel PARADA&nbsp; a izar&nbsp; la Ense\u00f1a Patria \/ b) Homenaje de los Se\u00f1ores Concejales&nbsp; Solicita la palabra la concejal CAMIOLO quien expresa \u201c En este interludio reci\u00e9n pude escuchar y por eso mi homenaje&nbsp; a una agresi\u00f3n espec\u00edfica por parte del se\u00f1or intendente hacia una periodista de nuestro Departamento , una agresi\u00f3n, bastante mal intencionada en la que se la acusa de querer perjudicar su gesti\u00f3n, bueno la verdad que de la gesti\u00f3n de \u00e9l , ha sido auto boicoteada por \u00e9l mismo, y creo que ensa\u00f1arse&nbsp; con una periodista, con una mujer,&nbsp; solo habla de una estatura pol\u00edtica lamentable. Yo en este punto me solidarizo con la se\u00f1ora Cecilia Di C\u00e9sare que adem\u00e1s ha tenido siempre una actitud muy positiva para con esta casa, con cada uno de nosotros, a\u00fan haci\u00e9ndonos preguntas inc\u00f3modas, porque es su trabajo, porque repreguntar lo que la ciudadan\u00eda le dice y le expresa , lo que hace y&nbsp; nosotros le preguntamos y lo hemos aceptado en m\u00e1s de una&nbsp; ocasi\u00f3n , pero me parece que en este punto, como representante&nbsp; de la ciudadan\u00eda, pero adem\u00e1s como representante&nbsp; del g\u00e9nero, no&nbsp; puedo dejar pasar todo el tiempo ya es un ensa\u00f1amiento personalizado, entonces creo que es momento&nbsp;&nbsp; que la pol\u00edtica est\u00e9 a la altura , que los pol\u00edticos recuerden que hay una ley que protege los derechos de las mujeres que es la 26.485 &nbsp;&nbsp;que adem\u00e1s est\u00e1n contemplados&nbsp; en esa ley , situaciones espec\u00edficas&nbsp; en las que los pol\u00edticos tienen que ser el ejemplo, y a trav\u00e9s de ello solidarizarme con&nbsp; todos&nbsp; los periodistas, porque tienen posicionamientos ideol\u00f3gicos, no con todos ellos concuerdo, pero eso no puede llevarnos a que se falte el respeto y a que se descalifique a una persona. Mi homenaje hoy es para todos los periodistas, que desde su posicionamiento ideol\u00f3gico , dicen lo que piensan, no se venden, no son comprables y representan las voces&nbsp; de los malarg\u00fcinos s y de las malarg\u00fcinas del medio que sea que est\u00e9n sosteniendo. Mi homenaje para ellos , me solidarizo para que haya una rectificaci\u00f3n de esta conducta llena de repetici\u00f3n.\u201d \/\/ Seguidamente en uso de la palabra e l concejal PALMA expresa, tambi\u00e9n un poco&nbsp; de la mano de lo que vert\u00eda la concejal Camiolo, este domingo&nbsp; tenemos&nbsp; elecciones importantes , en la provincia y en el Departamento, donde tenemos la posibilidad los ciudadanos de elegir nuestros pr\u00f3ximos gobernantes ejecutores&nbsp; y cuando hablo de los ejecutores estoy hablando de los departamentos ejecutivos&nbsp; y las renovaciones de la mitad de las c\u00e1maras&nbsp; legislativas, tanto Concejo Deliberante&nbsp; como Diputados y Senadores&nbsp; provinciales . pero de un tiempo a esta parte, viendo la campa\u00f1a, c\u00f3mo se ha ido&nbsp; realizando, c\u00f3mo se ha utilizado ciertas cuestiones, la verdad que a uno que le ha tocado&nbsp; informarse en pol\u00edtica, que le ha tocado, &nbsp;transitar con viejos dirigentes, que le ha tocado por ah\u00ed acompa\u00f1ar , muchas campa\u00f1as , vemos como todo se ha ido desvirtuando, no,&nbsp; con la aparici\u00f3n de las redes sociales , con la aparici\u00f3n de los trolls , con la aparici\u00f3n de la gente que se contrata para hacer este&nbsp; tipo de&nbsp; ejercicios, inventando&nbsp; sin fundamentos, por ah\u00ed, tratando&nbsp; de mejorar una imagen de una gesti\u00f3n que viene&nbsp;&nbsp; de capa ca\u00edda por decirlo , no. Pero sobre todas las cosas me llama la atenci\u00f3n c\u00f3mo se trata de obviar la ley , porque ni m\u00e1s ni menos lo que se est\u00e1 haciendo , obviar la ley, nosotros no estamos inventando&nbsp; cosas , ni ,mucho menos, pero s\u00ed vemos, c\u00f3mo las leyes restrictivas&nbsp; estos periodos don permanentemente&nbsp; violadas ,&nbsp; con una impunidad que a veces asusta. \/&nbsp; . Hay una ley muy conocida que es la ley de responsabilidad fiscal, que marca ciertas pautas&nbsp; en los a\u00f1os electivos, hay un c\u00f3digo nacional electoral, que tambi\u00e9n lo dice, y tambi\u00e9n hay una ley provincial, de restricciones en \u00e9pocas de veda electoral,&nbsp; o de campa\u00f1a electoral, pero parece que a muchos dirigentes eso les pasa por el lado o si&nbsp; uno dice algo, parece que est\u00e1 en contra de, y la verdad que no estamos en contra de , lo \u00fanico que buscamos es que las leyes se cumplan y se respeten, yo no quisiera creer y lo dije&nbsp; en alguna entrevista por all\u00ed,&nbsp; que&nbsp; esto sea solamente para captar votos, porque ser\u00eda demostrarle a la ciudadan\u00eda&nbsp; que no es lo que ellos pretenden para un&nbsp; dirigente , se gobierna durante cuatro a\u00f1os, no los \u00faltimos diez&nbsp; o quince d\u00edas de una campa\u00f1a, por eso la gente por ah\u00ed tiene mucha raz\u00f3n cuando dice , o, se acercan o hacen , s\u00f3lo para la campa\u00f1a. Bienvenido sea, ojal\u00e1 que obras de asfalto, obras de agua, obras de gas, obras, obras, obras, se hagan durante los cuatro a\u00f1os, pero que se hagan y se terminen, que eso es lo importante, que se inicien y se terminen. yo fui uno de los que fui muy duramente criticado, cuando dije respecto al monumento a la Biblia, , todav\u00eda lo estoy esperando. Cuando hicimos el pedido de informe del boulevard, oh, nos opon\u00edamos. Ah\u00ed est\u00e1 el boulevard, no lo digo yo, lo dice la realidad, La plaza independencias, no lo digo yo, lo dice la realidad. Anuncios que se hacen justamente , a tres, cuatro d\u00edas de una elecci\u00f3n, VALE, celebro ojal\u00e1 que ma\u00f1ana &nbsp;arranque Vale, pero saben qu\u00e9, esto lo vengo escuchando hace un mont\u00f3n, como escuch\u00e9 lo de Portezuelo del Viento, y miren que lo acompa\u00f1\u00e9&nbsp; a Portezuelo del Viento, no, hac\u00edamos programas de radio, defendiendo&nbsp; Portezuelo del Viento , capacitamos gente, yo tambi\u00e9n me com\u00ed el viaje&nbsp; de Portezuelo del Viento, lamentablemente debo decirlo,&nbsp;&nbsp; espero que no se transforme Portezuelo del Viento en lo que nos pasa siempre. Pero todav\u00eda estamos esperando el gasoducto Papagayos que prometi\u00f3 otro gobernador y&nbsp;&nbsp; que nunca se cumpli\u00f3, las cloacas, si bien se est\u00e1n trabajando, pero queda mucho del Departamento que todav\u00eda no tiene ni siquiera la previsi\u00f3n para la obra. Del Parque&nbsp; Pierini fui parte de la convocatoria&nbsp; que se hizo para&nbsp; que hici\u00e9ramos esta suerte de&nbsp; audiencia &nbsp;p\u00fablica respecto a la obra todav\u00eda la estoy esperando, Parque de los&nbsp; Ni\u00f1os . ni hablemos, rutas, rutas, bacheos, cosas que se tienen que hacer todos los d\u00edas, gestiones que se tienen que hacer todos los d\u00edas, no pueden aparecer, cinco d\u00edas antes de una campa\u00f1a. De eso es de lo que nosotros reneg\u00e1bamos que se suscitaba en gobiernos anteriores, pero hoy lo veo exactamente igual, exactamente igual, acta de tenencia&nbsp; precaria, sobre lotes que ni siquiera&nbsp; le han informado&nbsp; que no tiene factibilidad. Ah, pero parce que el Concejo se opone, no, se\u00f1or, no nos oponemos absolutamente a nada. Queremos que las cosas se hagan&nbsp; &nbsp;apegados a la ley, que la gente tenga garantizada&nbsp; la posibilidad de poder crecer&nbsp; de poder construir , no con actas de tenencia precaria que no es la soluci\u00f3n a ning\u00fan problema&nbsp; habitacional, porque si no tenemos el ejemplo&nbsp; de la Colonia&nbsp; H\u00edpica&nbsp; que del 2011 a la fecha todav\u00eda no podemos terminar de regularizar&nbsp; y tener los servicios, entonces, cuando otros hacen las cosas&nbsp; y est\u00e1n mal, pero si yo las hago, no est\u00e1n mal. Esa es una doble vara que debe terminarse en la pol\u00edtica, lo que est\u00e1 mal, est\u00e1 mal, lo hagan de un color o lo hagan de otro color y las elecciones no justifican ese accionar, y menos ensuciar gente&nbsp; y menos sin&nbsp; fundamentos inventar, y por sobre todas las cosas mandar&nbsp; que se esconde atr\u00e1s de falsos&nbsp; perfiles a hablar cuestiones sin fundamentos , porque tambi\u00e9n escucho muchas personas&nbsp; que&nbsp; hablan del trabajo del Concejo Deliberante&nbsp; y que nos oponemos a esto y nos p oponemos a&nbsp; lo otro&nbsp; y la verdad que no nos hemos opuesto a nada. Y me recuerda lo de la Universidad Maza &nbsp;, nosotros aprobamos el convenio, pero el convenio ten\u00eda que venir un informe cada cierto tiempo y hasta ac\u00e1 no ha llegado. Por eso pedimos nuevamente y recordamos, pero no estamos en contra de nadie ni tampoco somos quienes fijan las cuotas&nbsp; ni tampoco somos quienes determinan a quien le dan la beca y a quien no como&nbsp; se dice por ah\u00ed, son cosas que no se manejan en el Concejo&nbsp; sino que son cosas que maneja el Ejecutivo . el Ejecutivo debe tener que empezar a hacerse cargo de lo&nbsp; que tiene que hacerse cargo, nosotros podemos dar autorizaciones como lo hemos hecho con presupuestos, con endeudamientos,&nbsp; con leasing, con obras, pero no las vemos reflejadas, reci\u00e9n casualmente tuvimos el tema del&nbsp; agua&nbsp; de&nbsp; AYSAM y no quise entrar en el presupuesto&nbsp; fue este Concejo Deliberante el que modific\u00f3, pautas publicitarias y gastos&nbsp; innecesarios para darle mejor calidad de vida a la gente &nbsp;&nbsp;y cuando digo, mejor calidad de vida a la gente digo, tenemos que brindarle el servicio de agua&nbsp; como por ejemplo El Cortaderal , La Escondida, Las Loicas, Bardas Blancas, entre otras, entonces por ah\u00ed le pido yo a la ciudadan\u00eda que no se deje enga\u00f1ar con espejitos de colores que voten con conciencia, que voten con el amor que le tienen a Malarg\u00fce , porque creo que los malarg\u00fcinos se merecen una ciudad pujante, una ciudad con trabajo , una ciudad embellecida, una ciudad con servicios una ciudad donde se vean reflejados los impuestos que pagan sus vecinos traducidos en el bienestar que se le da a la gente &nbsp;cuando desde el municipio se prestan los servicios como corresponde. Seguiremos acompa\u00f1ando desde este Concejo&nbsp; Deliberante , seguiremos trabajando , muchas veces pasa desapercibido nuestro trabajo porque realmente yo veo que muchos concejales muchos de los que estamos ac\u00e1 tratamos d\u00eda a d\u00eda de sumar , de poder acercar proyectos&nbsp; de poder acercar ideas, pero no somos quienes ejecutamos .se anunci\u00f3 la mejora de la Avenida San Mart\u00edn , un proyecto del a\u00f1o 2020 si la memoria no me falla , con la autorizaci\u00f3n de la compra de cemento , con el cemento comprado, no sabemos que paso&nbsp; con esas tres mil bolsas que se ped\u00edan en su momento , pero hoy sale justo a cinco o seis d\u00eda de una elecci\u00f3n cuando es una obra que estaba prevista all\u00e1 por el a\u00f1o 2020 entonces esas cosas son las que en las campa\u00f1as pol\u00edticas molestan, el enga\u00f1ar a la gente , no es lo que necesitamos. Tampoco creo que el enemigo&nbsp; sea por el que piensa distinto a mi o el que sea de otro partido pol\u00edtico, al contrario, creo que debemos aunar esfuerzos para poder sacar esto adelante entones en ese contexto le pido nuevamente y voy a ser reiterativo&nbsp; con esto, a la gente que vote con conciencia, que ya estamos grandes , que las voluntades no se compran y que dentro del cuarto oscuro todos son libres para elegir la mejor opci\u00f3n para el Departamento. Para est domingo le deseo lo mejor al pueblo de Malarg\u00fce.\u201d\/ Luego en uso de la palabra el concejal PARADA manifiesta yo voy a tratar de saltar estas circunstancias pol\u00edticas donde , bueno, la demagogia, la hipocres\u00eda , la mentora, ha estado encarnada en un personaje en un candidato, en el uso y el abuso del Estado hasta el hartazgo, pero es una realidad tambi\u00e9n&nbsp; y no podemos quedarnos en que es una cuesti\u00f3n de la micro pol\u00edtica esto es tambi\u00e9n un drama de la pol\u00edtica provincial y nacional por eso yo creo que este tiempo electoral est\u00e1 replanteando cuestiones ya&nbsp; &nbsp;valorativas del sistema pol\u00edtico en Argentina , la crisis es mucho mas profunda que un personaje de un pueblo chico que hace de la pol\u00edtica un medio para mantenerse en el poder , vamos a tratar de saltar eso y quiero saludar a los estudiantes&nbsp; en su d\u00eda y decirles&nbsp; que la palabra Estudiar viene del lat\u00edn estudium&nbsp; y significa cuidar, proteger, y los estudiantes tienen que estudiar y proteger el estudio nada mas y nada menos es como que hay una especie de cuesti\u00f3n rara all\u00ed en la palabra&nbsp; pero es maravilloso. Yo soy uno quiz\u00e1s de la ultima generaci\u00f3n de hijo de puesteros en el cual la educaci\u00f3n primaria en aquellos tiempos cerraba el ciclo de normalizaci\u00f3n en el campo. Hasta mi ni\u00f1ez la escuela primaria&nbsp; en el campo hab\u00eda alfabetizado&nbsp; soy de la generaci\u00f3n en que pudimos llegar a s\u00e9ptimo&nbsp; grado y no nos quedamos con s\u00e9ptimo grado, anhelamos la secundaria , entonces fuimos una generaci\u00f3n los que somos m\u00e1s viejitos&nbsp; en la cual la educaci\u00f3n m\u00e1s de un derecho era un anhelo o un objetivo un deseo de terminar la secundaria , el deseo de profesionalizarnos, tristemente esa escala valorativa, ese valor en el cual la educaci\u00f3n era un objetivo&nbsp; esta en crisis en la sociedad argentina . el a\u00f1o pasado 53 de cien alumnos en argentina terminaban efectivamente la secundaria. Terminaban todo un ciclo desde sala inicial hasta escuela secundaria. Solamente 53 de 100 baj\u00edsimo, esto sin considerar el tema terciario universitario. quienes trabajamos en ambientes terciarios los problemas que nos encontramos diariamente es que no se le da soluci\u00f3n y es el desgranamiento ingresan 30&nbsp; o 40 chicos en los primeros a\u00f1os, egresan cinco, seis, entonces hasta eso est\u00e1 hoy en crisis, la cuesti\u00f3n valorativa la educaci\u00f3n, el estudio como elemento esencial para el crecimiento de la persona y para&nbsp; la profesionalizaci\u00f3n&nbsp; de la persona&nbsp; , entonces qu\u00e9 nos est\u00e1 pasando . Chicos, estudiantes, cuiden el estudio , le dec\u00eda ayer&nbsp; una becada que me mandaba un mensaje agradeci\u00e9ndome por la beca que damos los concejales, le dec\u00eda no me agradezca a m\u00ed, la beca no es de los concejales, no la pagamos del bolsillo nuestro la beca se la esta dando la sociedad malarg\u00fcina &nbsp;con un recurso municipal que nosotros los concejales &nbsp;lo q1ue hacemos es de alg\u00fan modo administrarlo y en mi caso trato de que sea en honor al m\u00e9rito , entonces usted, haga el m\u00e9rito cuide el estudio ,cuide la beca y agradezca &nbsp;a que hay fondos estatales que la est\u00e1n acompa\u00f1ando , pero el deber es suyo, por eso este Concejo aprob\u00f3 el a\u00f1o pasado un proyecto de reconocimiento al m\u00e9rito estudiantil y que tenia como objetivo premiar , becar a los abanderados. Obviamente fue vetado por el Departamento ejecutivo. Cierro Estudiantes feliz d\u00eda y a seguir cuidando el estudio\u201d\/\/ Seguidamente en uso de la palabra el concejal HIDALGO&nbsp; expresa \u201cPrimero que nada expresar mis deseos de felicidades a todos los estudiantes, en&nbsp; segundo lugar, solidarizarme tambi\u00e9n con esta periodista que no es&nbsp; la primera vez que ha sido atacada , no solo por el intendente sino por personas afines al intendente tambi\u00e9n ha sido atacada a veces de manera que roza a lo que es el acoso, celebro, la verdad que hayan periodistas&nbsp; mujeres justamente que se animen a hacer las preguntas que el pueblo, que la ciudadan\u00eda tiene para hacer, porqu\u00e9 lo celebro, porque \u00faltimamente&nbsp;&nbsp; se ven todos los medios comprometidos , s\u00ed, comprometidos a trav\u00e9s de pautas, de contratos. Todos esos medios afines al gobierno municipal en su mayor\u00eda. lo que hace el gobierno con esto y estoy seguro que se ha excedido en el monto que estaba pautado&nbsp; en el presupuesto municipal,&nbsp; si bien n o lo sabemos&nbsp; ciencia cierta, porque nos llegan los decretos sin montos , cuando nos llegan. Estoy seguro que se ha excedido porque es impresionante la cantidad de pautas que hay , la cantidad de medios&nbsp; yo me animar\u00eda a tirar un porcentaje del 90% &nbsp;&nbsp;todos con contratos actualmente y lo que se hace es desinformar. Voy a sumar algo a las palabras que dijo el concejal Palma&nbsp; que dec\u00eda que parec\u00eda que empez\u00f3 a gobernar estos \u00faltimos quince d\u00edas, la verdad es que yo entiendo que lo que hizo en estos \u00faltimos quince d\u00edas , es hacer una bater\u00eda de anuncios , pero no fue empezar a gobernar. Es hacer una bater\u00eda de anuncios de un mont\u00f3n de cosas&nbsp; que van a hacer y en realidad no se hizo nada , no est\u00e1 a tiempo de hacer absolutamente nada lo \u00fanico que se hizo fue destruir&nbsp; todo el pueblo.&nbsp; Lo \u00fanico que hace es desinformar con el objetivo de por ah\u00ed manipular&nbsp; el voto, o \u00e9l cree que manipula el voto , lo digo y se me viene a la cabeza una frase de la dictadura, cuando hablaban del proceso de reorganizaci\u00f3n nacional que es poner en palabras bonitas algo que s grav\u00edsimo&nbsp; que se estaba haciendo en aquel momento &nbsp;&nbsp;y es lo mismo que hace el intendente hoy d\u00eda, y se me viene a la cabeza la dictadura , porque &nbsp;tanta represi\u00f3n contra los empleados municipales , contra el periodismo y me animo a decir contra todos los vecinos y vecinas de Malarg\u00fce &nbsp;me traen esos recuerdos que son grav\u00edsimos. Mi solidaridad para con todo el pueblo tambi\u00e9n por lo que ha tenido que vivir en estos cuatro a\u00f1os, porque realmente han tenido que bancar&nbsp; una gesti\u00f3n mal\u00edsima en donde como dec\u00eda reci\u00e9n ha destruido absolutamente todo y f\u00edjense qu\u00e9 extra\u00f1o que lo que se rompe lo que se destruye en cuanto a infraestructura&nbsp; en el pueblo son todos o todas obras que se hicieron y ten\u00edan un valor simb\u00f3lico, un valor hist\u00f3rico, &nbsp;qu\u00e9 pretendemos con esto? \u00bfDejarnos sin historia? Para qu\u00e9 para que no tengamos una conciencia , para qu\u00e9 para que el vecino no pueda votar libremente , por eso es que ejerce este tipo de coerci\u00f3n en distintas \u00e1reas, coerci\u00f3n f\u00edsicas, coerci\u00f3n verbal&nbsp; coerci\u00f3n quit\u00e1ndonos nuestras historia , nuestras ra\u00edces Qu\u00e9 es lo que pretende el intendente .La verdad que despu\u00e9s de haberlo visto y vivido y sufrido cuatro a\u00f1os, entiendo que lo que pretende no es ni m\u00e1s ni menos&nbsp; que perdurar solo \u00e9l en el poder&nbsp; a costillas del sufrimiento&nbsp; de todo el pueblo malarg\u00fcino .Pedirle a los vecinos &nbsp;que sigan resistiendo&nbsp; y decirles que ejerzan su derecho al voto&nbsp; y lo hagan como dice un t\u00edo m\u00edo, el voto consciente, m\u00e1s all\u00e1 de toda esta desinformaci\u00f3n&nbsp; que hay en los medios , desinformaci\u00f3n para ocultar lo que no se ha hecho&nbsp; para ocultar todo lo que se ha hecho mal, solo basta con salir a la esquina de nuestra casa&nbsp; y vemos el desastre que hay en Malarg\u00fce , as\u00ed que pedirle a los vecinos que aguanten un poquitito m\u00e1s que ejerzan su derecho al voto que lo hagan de manera consciente&nbsp; y que sean ellos como nosotros todo el pueblo malarg\u00fcino quienes decidamos este domingo&nbsp; hacia a d\u00f3nde quiere ir Malarg\u00fce.\/\/ Seguidament5een uso de la palabra&nbsp; la concejal ROJO , en realidad aprovecho este per\u00edodo de homenaje para saludar justamente a quienes mencionaba&nbsp; el concejal Francisco Parada &nbsp;&nbsp;, el d\u00eda de los estudiantes, y tambi\u00e9n a aquellos que forman parte de esta \u00e1rea que es tan importante y que yo valoro permanentemente . por la&nbsp; oportunidad&nbsp; de pertenecer a la docencia , el 11 de setiembre se celebr\u00f3 el D\u00eda del Maestro , tambi\u00e9n justamente est\u00e1bamos en sesi\u00f3n , el 17 de Setiembre el d\u00eda del profesor, y en el d\u00eda de ayer&nbsp; el d\u00eda del preceptor&nbsp; y bueno hoy finalizamos con el d\u00eda del estudiante , as\u00ed que el mes de setiembre es un mes que se conmemora&nbsp; y debemos valorizar la educaci\u00f3n&nbsp; del cual varios de nosotros formamos parte de ese grupo , tenemos el placer de estar formando y como dec\u00eda el concejal la preocupaci\u00f3n que se genera y se nos genera en las aulas , en estos casos en donde uno tiene la oportunidad de estar ofreciendo conocimiento&nbsp; en niveles superiores en niveles terciarios donde es preocupante&nbsp; cuando tenemos cierta cantidad de chicos&nbsp; que egresan de diferentes edades , de personas adultas inclusive &nbsp;, no solamente adolescentes que&nbsp; terminan una escuela secundaria , que la terminan pr\u00e1cticamente a medias , porque hoy el sistema tambi\u00e9n lo permite que sea as\u00ed, que llegan a un nivel secundario tambi\u00e9n con algunas preocupaciones&nbsp; e incertidumbres&nbsp; una determinada cantidad&nbsp; o porcentaje se recibe solamente el 5% &nbsp;&nbsp;o el 10% en algunas carreras&nbsp; y es volver a analizar donde est\u00e1s la falla , cuestiones impuestas , decisiones una doctrina&nbsp; que por ah\u00ed no va con la realidad , realidad que l\u00f3gicamente perjudica a nuestra sociedad porque son instituciones o lugares donde estamos formando, personas donde estamos formando profesionales, y que lamentablemente tengamos estos n\u00fameros&nbsp;&nbsp; al finalizar una determinada carrera una determinada formaci\u00f3n&nbsp; ya sea a nivel medio o superior es preocupante y es alarmante y se que loa docentes y lo digo en primera persona , se que los docentes en cualquiera de los medios hacen todos los esfuerzos y el compromiso y la vocaci\u00f3n 1que ellos ameritan para que esta educaci\u00f3n sea siempre de calidad y no sea de calidad solo por una cuesti\u00f3n de cantidades sino de calidad en el contenido de lo 2ue se ense\u00f1a&nbsp; en el contenido de lo que los alumnos reciben&nbsp; y el momento en el que se reciben l\u00f3gicamente esos contenidos e\u00bf sean aplicables y sean l\u00f3gicamente la fortale4za&nbsp; de su defensa ante cualquier situaci\u00f3n laboral o la posibilidad que les brinda tambi\u00e9n para abrir la puerta al mundo laboral y poder ser ya profesionales , no solamente que tengan la oportunidad de ejercer sus t\u00edtulos&nbsp; secundarios su titulo universitario o en la tecnicatura superior&nbsp; y que aprovechemos este momento para br4indarles este cari\u00f1o&nbsp; y un fuerte abrazo para los docentes&nbsp; y como decimos siempre a no bajar los brazos&nbsp; cuando lo decimos en las jornadas , tambi\u00e9n por ah\u00ed jornadas educativas que en el d\u00eda de hoy algunos docentes est\u00e1n llev\u00e1ndolas a cabo porque no pueden cortar esta actividad de suspensi\u00f3n de clases por m\u00e1s que se est\u00e9n realizando los festejos&nbsp; y celebraciones del d\u00eda del estudiante acompa\u00f1arlos en la lucha que permanentemente se lleva&nbsp; a cabo en las diferentes instituciones&nbsp; sobre todo en la zona rural en las cuales las zonas que generalmente por distancias&nbsp; y que por diferentes situaciones&nbsp; se ven siempre afectadas y son temas que se han seguido tratando aqu\u00ed en el Concejo Deliberante .&nbsp; Mi salutaci\u00f3n para docentes de diferentes niveles y a todos los actores que participan directamente en la educaci\u00f3n en los diferentes niveles \u201c. \/ c) Consideraci\u00f3n Acta Sesi\u00f3n Ordinaria N\u00b0 1.140-2.023. Se pone a consideraci\u00f3n de los se\u00f1ores ediles y es aprobada\/ d) Lectura del detalle de la correspondencia recibida y emitida. <strong>Notas Entradas<\/strong>: 1.Directivos de Escuela N\u00ba 2-030 Dr. Juan Maurin Navarro, elevan aportes y sugerencias para el Proyecto Programa de Accesibilidad Cognitiva, solicitado por la Comisi\u00f3n de E.H.M.A.S y C. Pasa a E.H.M.A.S Y C \/ 2.Lic. Emanuel Mansilla, Secretario de FU.DE.PEM, eleva&nbsp; aporte respecto a Programa de Cr\u00e9dito a Emprendedores Expte.N\u00ba5.289 HC 055-2023. Pasa a H.P.L.A..C\/ 3. Departamento Ejecutivo, solicita pr\u00f3rroga a solicitud de informe respecto a Decretos Municipales de Pauta Publicitaria y Contrataciones a\u00f1o 2022. Pasa a H.P.L.A.C. \/ 4.Dra. Paola Paleico, Secretaria de Gobierno solicita direcci\u00f3n de correo electr\u00f3nico para remitir en forma digital la informaci\u00f3n requerida por la Comisi\u00f3n de H.P.L.A.C .. Pasa a SECRETARIA para que&nbsp; le informen el&nbsp; Correo Oficial. \/ <strong>Notas Emitidas<\/strong>: 1.A la Sra. Directora de Ambiente, remitiendo nota HC 468\/23 Proyecto de Regulaci\u00f3n de Poder de Polic\u00eda en materia ambiental, para su correcta elevaci\u00f3n por parte del Sr. Intendente Municipal. \/ 2.Sr. Jos\u00e9 Amador Palma, informando que podr\u00e1 hacer uso de la Banca del Ciudadano. \/ e) Consideraci\u00f3n de los temas que ser\u00e1n incluidos en el punto Asuntos&nbsp;&nbsp;&nbsp;&nbsp; Varios y &nbsp;&nbsp;&nbsp;&nbsp;puesta a consideraci\u00f3n de mociones de tratamientos sobre tablas de diversos expedientes. \/ En uso de la palabra la concejal ROJO solicita la desafectaci\u00f3n de la nota &nbsp;&nbsp; HC-490 Desafectarla de mesa de justamente tiene que ver con la documentaci\u00f3n que era enviada por la oficina de catastro hacia la comisi\u00f3n de Obras P\u00fablicas, con respecto al expediente de posici\u00f3n dominial del Paraje de Bardas Blancas .&nbsp; Se pone a consideraci\u00f3n la moci\u00f3n y es aprobada.\/&nbsp;&nbsp; Seguidamente en uso de la palabra&nbsp; la concejal CAMIOLO expresa&nbsp; en el mismo sentido en este punto solicitar una desafectaci\u00f3n&nbsp; de una nota que obra en mesa de entradas&nbsp; es la 494 -2023&nbsp; esta nota se adjunta con un expediente que consta de aproximadamente 160 fojas&nbsp; es la pieza administrativa N5213-G-2013 C\u00f3digo 3794 del Instituto Provincial de la Vivienda .Quiero justificar este pedido , la desafectaci\u00f3n ya que me he munido de toda esta documentaci\u00f3n , antes de ayer, no cumplieron con el procedimiento administrativo de antes&nbsp; de las 9 de la ma\u00f1ana que era munirme de toda esa informaci\u00f3n , tiene que ver con compra de terrenos a favor de&nbsp; un sindicato ac\u00e1 en&nbsp; Malarg\u00fce y medio que lo descubro, algunos concejales estaban al tanto&nbsp; y est\u00e1bamos en b\u00fasqueda de terrenos donde se pueda lotear y se puedan construir viviendas&nbsp; dignas, y todo surgi\u00f3 , usted recordara Sr. Presidente cuando se llev\u00f3 adelante un&nbsp; desmonte ilegal en Virgen de los Vientos, los vecinos vinieron aqu\u00ed , empezamos a preguntar , le preguntamos&nbsp; tambi\u00e9n a la gente de catastro y la respuesta fue&nbsp; que terrenos propiedad del municipio quedan muy pocos, entonces a partir de ah\u00ed comenc\u00e9 a averiguar que&nbsp; terrenos provinciales tenemos y a buscar un mecanismo legal&nbsp; que existe que ya tiene precedentes es decir que est\u00e1 asentada la jurisprudencia de un resarcimiento \u00e9tico con terrenos a partir de la postergaci\u00f3n hist\u00f3rica de la provincia con respecto a Malarg\u00fce por las rutas, la salud la educaci\u00f3n , bueno y todo lo que siempre decimos , hoy se habl\u00f3 del agua, de la falta de provisi\u00f3n de gas, en funci\u00f3n de todas estas postergaciones pedir a la provincia un resarcimiento \u00e9tico a partir de otorgamiento de terrenos que s\u00ed tiene la provincia en &nbsp;&nbsp;propiedad y en zonas que estar\u00edan aptas para que Malarg\u00fce &nbsp;pueda crecer y toda la zona este, pueda crecer y lo haga en &nbsp;condiciones de seguridad y no en una zona inundable como nos hemos anoticiado . a partir de ah\u00ed buscando terrenos disponibles es que llego a que hay una fracci\u00f3n que se compr\u00f3 en el a\u00f1o 2013 para que en el plazo perentorio de cinco a\u00f1os hubiera ciento veinte &nbsp;viviendas construidas, la fracci\u00f3n esta son dos hect\u00e1reas y media en las calles Jorge&nbsp; Newbery y Fort\u00edn Malarg\u00fce . algunos recordaran que se dio un proceso de usurpaci\u00f3n que oportuna y legalmente tambi\u00e9n de manera legal se sac\u00f3 a la gente y se las reubic\u00f3 en otro loteo .En este expediente que como les dec\u00eda tiene 160&nbsp; fojas, en la 119 por ejemplo se dispone el otorgamiento de un cheque para la compra de &nbsp;terrenos por un valor cercano a los cinco millones &nbsp;&nbsp;que yo busqu\u00e9 la calculadora&nbsp; de conversi\u00f3n hist\u00f3rica de Argentina , si ustedes van al Google es una calculadora que est\u00e1 a disposici\u00f3n de todos los vecinos&nbsp; a plata de hoy, porque cinco millones hoy no es lo mismo que cinco millones en el 2013&nbsp; a plata de hoy estamos hablando que el cheque sali\u00f3 por&nbsp; $281.041.497 ese cheque se otorg\u00f3 a la orden, ya tambi\u00e9n se cobr\u00f3 a fin de fraccionar 120 lotes&nbsp; para soluci\u00f3n habitacional del Departamento de Malarg\u00fce, a fojas 127 y 128 del Expediente queda expreso que el financiamiento&nbsp; es para la Municipalidad de Malarg\u00fce&nbsp; destinado a la compra de dos inmuebles&nbsp; para este sindicato , pasa de mano en mano el asunto, mediante otorgamiento de cheque que a la orden en el marco de un programa que se llam\u00f3 Crea medio Variante 3 , a fojas 151 dice que la construcci\u00f3n de la viviendas deber\u00e1 efectuarse en los pr\u00f3ximos cinco a\u00f1os , es decir estamos en el 2013 , las viviendas ten\u00edan que estar construidas en el a\u00f1o 2018 ya en gesti\u00f3n del ex intendente Vergara . A fojas 158 el Dr. Fernando Ludue\u00f1a quien es asesor legal del IPV para fecha 11 de febrero de 2019 es decir con el plazo ya vencido, expresa, que a la fecha no se cuenta con formulaci\u00f3n&nbsp; &nbsp;del proyecto pero el cheque ya hab\u00eda salido ya se hab\u00eda cobrado para la construcci\u00f3n de viviendas ni tampoco existen antecedentes de priorizaci\u00f3n municipal para su ejecuci\u00f3n . que el plazo otorgado para la construcci\u00f3n de las viviendas se encontrar\u00eda vencido por lo cual se deber\u00eda proceder a la devoluci\u00f3n del inmueble donado es decir, tiene que volver el inmueble , lo pierde Mendoza , lo pierde el IPV y vuelve al sindicato, debiendo previamente procurar por parte de este sindicato la &nbsp;cancelaci\u00f3n del cr\u00e9dito otorgado , debiendo procurar, pero el sindicato no ha cancelado el cr\u00e9dito. Entonces por la posible comisi\u00f3n de irregularidades administrativas&nbsp; que para quienes entendemos algo de Derecho Administrativo estamos frente a posible comisi\u00f3n de delitos , contra la administraci\u00f3n p\u00fablica y como esta documentaci\u00f3n ha llegado oportunamente en esta semana, creo que es urgente, no que se le de tratamiento hoy porque tenemos 160 fojas para leer , colegas yo&nbsp; s\u00e9 que nos va a tomar mucho tiempo el tratamie3nto, es m\u00e1s ni siquiera voy a pedir el preferencial, porque nos va a llevar tiempo&nbsp; descubrir todos los teje y maneje porque hab\u00edan varias manos&nbsp; , varias firmes y toca tres administraciones&nbsp; dos a\u00f1os de la administraci\u00f3n de Agulles , cuatro a\u00f1os de la administraci\u00f3n de Vergara y cuatro a\u00f1os de la administraci\u00f3n de Ojeda . estamos desmontando de manera ilegal en el piedemonte mendocino, estamos re loteando y d\u00e1ndoles lotes a gente dos y tres veces el mismo lote a distintas personas y cuando podr\u00edamos tener una soluci\u00f3n habitacional real y donde adem\u00e1s la plata de la provincia sali\u00f3 , se toc\u00f3 el bolsillo de los mendocinos, tiene hasta n\u00famero de cheque a fojas 121 , entonces creo que necesitamos urgentemente plantearnos , que despu\u00e9s hay personas que hablan del problema habitacional de Mendoza y de Malarg\u00fce.. en particular , hay personas que dicen que lo van a solucionar cuando han tenido diez a\u00f1os para resolverlo, y ac\u00e1 no digo de un solo partido porque toca tres administraciones y por lo menos dos colores&nbsp; pol\u00edticos distintos , entonces creo que necesitamos una respuesta como malarg\u00fcinos que necesitamos saber si no&nbsp; est\u00e1n los doscientos ochenta millones&nbsp; por lo menos donde est\u00e1n las ciento veinte viviendas. Y de ser as\u00ed que el IPV y la provincia comiencen a hacer el resarcimiento&nbsp; que ya estamos hablando y que hemos hablado hist\u00f3ricamente porque a Malarg\u00fce e se lo estruja , a Malarg\u00fce se le saca el gas, &nbsp;a Malarg\u00fce se le saca el petr\u00f3leo, &nbsp;&nbsp;las regal\u00edas por todos lados , pero no&nbsp; retorna , por eso es que pido que no se trate en el d\u00eda de hoy pero s\u00ed que pase a la comisi\u00f3n de Hacienda de manera urgente y justifico la&nbsp; urgencia en que hay utilizaci\u00f3n pol\u00edtica&nbsp; de las necesidades del Departamento&nbsp; y no hay respuesta y llevamos diez a\u00f1os, ahora en setiembre se cumplieron diez a\u00f1os&nbsp; de este flagelo el 7 de setiembre .&nbsp; Por eso Sr. Presidente solicito que pase a Comisi\u00f3n de Hacienda. \/ Se pone a consideraci\u00f3n la moci\u00f3n de la concejal Camiolo y es aprobada. \/&nbsp; Seguidamente en uso de la palabra la concejal Mosca solicita&nbsp; que sea en comisi\u00f3n ampliada.\/ El concejal PALMA en uso de la palabra expresa , la verdad que escuchando atentamente lo que expone la concejal Camiolo&nbsp; creo que es fundamental&nbsp; e imperioso darle un tratamiento \u00e1gil y acelerado a este tipo&nbsp; de cuestiones, entonces pido tratamiento preferencial, la verdad que no me sorprende para nada porque hist\u00f3ricamente las tierras, han sido caballito de batalla de muchos, casualmente ac\u00e1 tengo un pedido de regularizaci\u00f3n dominial de unas hect\u00e1reas de un funcionario Ra\u00fal Guevara Armando , nuestro querido&nbsp; Director de Desarrollo Econ\u00f3mico&nbsp; que pide regularizaci\u00f3n de dos hect\u00e1reas en ca\u00f1ada colorada , en abril de 2022&nbsp; el 18 de abr4il. Pero me sorprende que le preguntamos ac\u00e1 al Director de Catastro si conoc\u00eda esta situaci\u00f3n , porque tengo una captura del sistema operativo del municipio&nbsp; y me dijo que no, que \u00e9l no lo conoc\u00eda. , raro, porque despu\u00e9s pasan estas cosas. Nos encontramos con emprendimientos inmobiliarios de funcionarios , nos encontramos con funcionarios que se quedaron con alg\u00fan terrenito, que quisieron inscribir alguna mina a su nombre o 1que quisieron hacer este tipo de cuestiones de las cuales siempre renegamos y que vemos que hoy se hacen igual,&nbsp; entonces es imperioso el trabajo del Concejo Deliberante&nbsp; de manera \u00e1gil como reci\u00e9n lo dije, y creo que el tratamiento preferencial, es una de las herramientas&nbsp; que poner&nbsp; en funcionamiento. \/\/ &nbsp;Seguidamente en uso de la palabra el concejal HIDALGO solicita que se trate en el punto de Asuntos Varios la Nota HC 424 \/2023 que se encuentra en la comisi\u00f3n de EHMAS Y C corresponde al tratamiento que le hemos estado dando al tema de la cubierta sanitaria , amerita la urgencia las denuncias que se han realizado , denuncias que han hecho vecinos y vecinas en medios de comunicaci\u00f3n y aqu\u00ed se han acercado &nbsp;, a denunciar el tema , tenemos tambi\u00e9n constancia de que desde DPA tambi\u00e9n se han hecho denuncias esto no solo afecta contra el medio ambiente, afecta contra la salud , sabemos tambi\u00e9n y hemos podido constatar nosotros en persona al habernos convocado en alg\u00fan momento&nbsp; a ver la situaci\u00f3n de la cubierta sanitaria . tenemos conocimiento de que hay viviendas , algunas en estado muy precario&nbsp; muy cercanas a la cubierta sanitaria , la verdad que considero que es urgente por eso 3es que solicito el tratamiento en Asuntos Varios . hemos podido ver animales muertos , focos de incendio, las fosas sin el material directamente la cal debidamente distribuida para poder hacer el tratamiento ,&nbsp; entiendo que lo que est\u00e1 sucediendo&nbsp;&nbsp; en base a informes que hemos recibido tambi\u00e9n&nbsp; como por ejemplo un informe de la TECONA&nbsp;&nbsp;&nbsp; es grav\u00edsimo y es urgente el tratamiento de dicho tema yo en lo personal considero que se lo podr\u00eda catalogar&nbsp; como un desastre ambiental lo que est\u00e1 sucediendo considero que como dec\u00eda reci\u00e9n un problema de medioambiente sino a la salud, vemos a un intendente haciendo anuncios, y jact\u00e1ndose de toda una gesti\u00f3n&nbsp; con respecto a lo que ha hecho referido a la salud, y aqu\u00ed vemos que es todo lo contrario , ni\u00f1itos&nbsp; viviendo en zonas muy cercanas&nbsp; a la cubierta sanitaria , vemos a un intendente hablando de educaci\u00f3n , c\u00f3mo podemos estar hablando de educaci\u00f3n si tenemos ni\u00f1os que est\u00e1n siendo afectados en su salud, y todos sabemos que para poder estudiar hay que&nbsp; tener una buena salud f\u00edsica y alimentaria, por esta raz\u00f3n&nbsp; es que considero que hay que tratarlo urgentemente , perm\u00edtame agregar un comentario m\u00e1s como dec\u00eda reci\u00e9n considero que lo que est\u00e1 sucediendo all\u00e1&nbsp; es un desastre ambiental y es el claro ejemplo de lo que ha sido su gesti\u00f3n, un desastre. \/ Se pone a consideraci\u00f3n la moci\u00f3n del concejal Hidalgo y es aprobada. \/\/ &nbsp;&nbsp;Continuando con el uso de la palabra el concejal HIDALGO solicita que se trate en el unto de Asuntos Varios el Expte.N\u00b05332HC-058-2023Correspondiente al proyecto ingresado para la declaraci\u00f3n de emergencia del estado&nbsp; de la ruta nacional referida al Paso Pehuenche , ha sido trabajado en comisi\u00f3n , se han invitado a distintas partes y hemos tomado y escuchado la voz de personas que&nbsp; con mucha experiencia se ha modificado se ha corregido&nbsp; y bueno solicitar que se desafecte de la comisi\u00f3n de Obras&nbsp; y sea tratado tambi\u00e9n en el punto de asuntos varios. \/ Se pone a consideraci\u00f3n la moci\u00f3n y es aprobada.\/ En uso de la palabra la concejal CORREA solicita la desafectaci\u00f3n de la nota 495&nbsp; de mesa de entradas, es una nota referida , es un informe que nos envi\u00f3&nbsp; el coordinador de frontera y es para adjuntarla al expediente que tambi\u00e9n desafectar\u00edamos&nbsp; el expediente 5332 \/ Se pone a consideraci\u00f3n la moci\u00f3n y es aprobada. \/\/ Cuando es la hora 10:36 el concejal HIDALGO solicita un cuarto intermedio. Que es aprobado. \/ A las 11:01 se reanuda la sesi\u00f3n. En uso de la palabra el concejal PALMA manifiesta va a solicitar que se le de tratamiento a las restricciones pol\u00edticas y de veda electoral en referencia a las pr\u00f3ximas elecciones por cuestiones que se han suscitado en los \u00faltimos d\u00edas en los medios&nbsp; de comunicaci\u00f3n del Departamento . \/ Se pone a consideraci\u00f3n la moci\u00f3n del concejal Palma y es aprobada.&nbsp; &nbsp;&nbsp;f) Proyectos de los Se\u00f1ores Concejales:&nbsp;&nbsp; 1.Expte.N\u00ba5.342-HC-059-2.023 Proyecto de Declaraci\u00f3n: Declarar de Inter\u00e9s Departamental la 1\u00b0 Edici\u00f3n&nbsp;&nbsp; de Jornadas Deportivas de la Escuela N\u00b04-228 Ingeniero Eugenio Izsaky (BLOQUE FRENTE CAMBIA MENDOZA) Autora: Concejal Paola Lorena ROJO, quien en uso de&nbsp; la palabra manifiesta que la semana pr\u00f3xima se lleva a cabo esta jornada deportiva , la primera jornada deportiva que organiza la Escuela Eugenio Iszaky la escuela m\u00e1s conocida como la escuela electromec\u00e1nica y el significado de este proyecto mas all\u00e1 de la declaraci\u00f3n de inter\u00e9s departamental , tiene una cuesti\u00f3n tambi\u00e9n de reclamo porque bueno justamente una escuela que actualmente tiene una matriculas de 288 alumnos&nbsp; considerando la relevancia que tiene esta escuela a nivel educativo , la calidad educativa que tiene&nbsp; a nivel departamental, lo hemos podido ver &nbsp;&nbsp;en las diferentes exposiciones&nbsp; y expotecnias que han realizado , de los diferentes proyectos tambi\u00e9n&nbsp; que han presentado , que han dejado plasmado en la sociedad como es de conocimiento&nbsp; el proyecto&nbsp; que entregaron al polideportivo municipal, que tambi\u00e9n fue declarado de inter\u00e9s departamental por este Concejo Deliberante , como su expotecnia tambi\u00e9n&nbsp; y el reclamo que aun siguen manteniendo la escuela tanto la comunidad educativa, docentes, papas y alumnos que a\u00fan no cuentan con su edificio propio , que no fue plasmado en el presupuesto provincial, que est\u00e1n las dudas tambi\u00e9n de que sea un proyecto llevado a cabo , una obra llevada a cabo por fondos municipales como se coment\u00f3 hace unos d\u00edas atr\u00e1s&nbsp; cosa que si fuese as\u00ed sus directivos&nbsp; est\u00e1n al tanto porque paras la elaboraci\u00f3n de este proyecto&nbsp; tuvimos la posibilidad de hablar con quien esta a cargo de la Direcci\u00f3n de la Escuela y bueno nos coment\u00f3 toda la situaci\u00f3n que son de p\u00fablico conocimiento a una escuela&nbsp; que est\u00e1 funcionando en una casa. Y 1que se va adaptando l\u00f3gicamente a las condiciones&nbsp; a la infraestructura que tiene que alquilar l\u00f3gicamente otro local para poder llevar a cabo las pr\u00e1cticas de los talleres entonces mas alla de declarar de inter\u00e9s a una jornada deportiva&nbsp; que todos sabemos lo que significa el deporte&nbsp; en adolescentes, la motivaci\u00f3n, el impulsar la actividad f\u00edsica&nbsp; , la integraci\u00f3n entre sus pares el intercambio entre diferentes escuelas y que justamente&nbsp; el director me comentaba que hace varios a\u00f1os que ellos quer\u00edan llevar a cabo estas jornadas pero que por diferentes cuestiones de tareas y actividades por ah\u00ed tambi\u00e9n de miedo a realizarlas, pero con u n grupo comprometido de docentes y sobre todo de los&nbsp; alumnos quienes&nbsp; son los que mas incentivan este tipo de actividades &nbsp;&nbsp;han logrado que este a\u00f1o lleven a cabo su primeras jornadas deportivas. Jornadas deportivas que van a integrar en este caso a&nbsp; escuelas solamente departamentales como son&nbsp; el Instituto Secundario Malarg\u00fce, el Colegio San Jos\u00e9 , la Escuela Minera, la Escuela Aborigen&nbsp; y la escuela anfitriona que en este caso es la escuela Iszaky &nbsp;l\u00f3gicamente apelamos a que a\u00f1os siguientes ya sea con interacci\u00f3n de otras escuelas&nbsp; de otros Departamentos&nbsp; como lo llevan a cabo las diferentes instituciones educativas. Pero mas que nada dejar en claro que es una declaraci\u00f3n o solamente de acompa\u00f1amiento a las jornadas que se llevaran a cabo la semana que viene , sino tambi\u00e9n acompa\u00f1ar el pedido que se viene realizando desde hace pr\u00e1cticamente catorce a\u00f1os que tiene esta escuela, sabemos que se inicio en la escuela Bustos D\u00e1vila que despu\u00e9s paso por una casa tambi\u00e9n en el Barrio Mart\u00edn G\u00fcemes&nbsp;&nbsp; y ahora ubicada ah\u00ed sobre la calle Uriburu&nbsp; y un edificio que tiene una relevancia importante &nbsp;y que no sobre todo por la modalidad sino tambi\u00e9n por la calidad de estudiantes se la cual se reciben de esta escuela , hay chocos que ha llevado pr\u00e1cticas en diferentes industrias en el Departamento de San Rafael y tambi\u00e9n el director nos puso en conocimiento de alumnos que est\u00e1n trabajando&nbsp; ya recibidos por supuesto&nbsp; en EDEMSA por ejemplo&nbsp; y en el observatorio&nbsp; Pierre Auger, . as\u00ed que destaco el compromiso destaco a calidad educativa de la escuela y apelo&nbsp; por el pronto edificio para la escuela Eugenio Iszaky , que sea enviado a la comisi\u00f3n de E.H.M.A.S Y C y el Tratamiento Preferencial por la cercan\u00eda que tenemos de la realizaci\u00f3n de las jornadas. \/ Pasa a E.H.M.A.S Y C y se aprueba el Tratamiento Preferencial. \/\/&nbsp; &nbsp;-\/ g) Expedientes provenientes del Departamento Ejecutivo 1- Expte.N\u00b05.197-HC 049-2.022 Proyecto de Ordenanza: Crear el registro y control de los niveles en el Parque de la CNEA y hogares aleda\u00f1os (Decreto N\u00b02.218\/2023) Se da lectura a la elevaci\u00f3n del expediente. \/ El concejal PALMA solicita que se de lectura a los considerandos del Decreto. (Se procede por Secretar\u00eda) Luego en uso de la palabra el concejal PALMA &nbsp;&nbsp; Me sorprende para desagrado si se quiere, porque la verdad que no estaba pidiendo nada de otro mundo, el proyecto simplemente una peque\u00f1a inversi\u00f3n que va o ronda entre los cincuenta mil pesos y doscientos ochenta y ocho mil pesos &nbsp;&nbsp;para medir la radiaci\u00f3n. esto porqu\u00e9 lo digo, porque veo que se gasta en cualquier otra situaci\u00f3n y no en cuestiones que tienen que ver con la salud, del pueblo. Es facultad, s\u00ed, obvio del intendente la salubridad, pero bueno teneos la cubierta sanitaria que es una verg\u00fcenza. Ni siquiera saben&nbsp; qui\u00e9n es el director porque llamamos a quien refer\u00eda el organigrama&nbsp; como coordinador de la cubierta sanitaria el Sr. Zu\u00f1iga, pero&nbsp; nos contest\u00f3 el Se\u00f1or Pablo S\u00e1nchez&nbsp; que no es funcionario , ni siquiera tienen idea quienes son los funcionarios en cada una de las \u00e1reas , pero esto me sorprende porque lo vemos al parque&nbsp; en un abandono total , el encapsulado nunca tuvo los controles que por pliegos as\u00ed lo dec\u00edan, los vecinos, los han consultado este tema es un&nbsp; gran \u00edndice&nbsp; de mortalidad por c\u00e1ncer , pero ni siquiera tomamos esto como inversi\u00f3n&nbsp; un control o como un cuidado a cargo del municipio , se hizo un encapsulado por la Direcci\u00f3n Nacional de Energ\u00eda At\u00f3mica&nbsp;&nbsp; , pero debe ser controlado peri\u00f3dicamente, no lo digo yo, lo dice el pliego&nbsp; de condiciones de la remediaci\u00f3n , pero parece que le resulta inconveniente , pero gastamos doscientos millones en fiestas gratuitas que para eso no tiene ning\u00fan tipo de inconvenientes. Entonces me parece que cuando se juega con la salud de los ciudadanos y que diga que es su facultad y no hace absolutamente nada para controlarla, me da verg\u00fcenza por cosas como esta, son por las que decidimos no trabajar para acompa\u00f1ar este tipo de gesti\u00f3n porque nos da verg\u00fcenza. en lo particular nos da verg\u00fcenza esta gesti\u00f3n, es vergonzoso y que encima se diga que es inviable e inconveniente todav\u00eda estamos esperando la reubicaci\u00f3n de la cubierta sanitaria que con bombos y platillos anuncio que hace noventa d\u00edas lo iba a hacer, pero despu\u00e9s dijo que no porque los concejales se escandalizaban , no ser\u00e1 que el se\u00f1or no se apega a las leyes y no tiene ni siquiera un estudio de impacto ambiental donde pueda instalar la cubierta sanitaria , me parece que eso si son cuestiones preocupantes pero bueno ser\u00e1 tema de an\u00e1lisis de la comisi\u00f3n y veremos si insistimos con este proyecto \/\/ Pasa a H.P.L.A.C &nbsp;&nbsp;\/ h) Despachos de las Comisiones de Trabajo:1.Nota HC-377-2.023 Vecinos de Bar Imperio, cito en Avda. San Mart\u00edn 113 ,exponen problem\u00e1tica que les aqueja&nbsp; por ruidos&nbsp;&nbsp; molestos&nbsp; y vibraciones en sus hogares (O.P.T Y R. N) La comisi\u00f3n&nbsp; habiendo tomado conocimiento de su contenido,&nbsp; sugiere el pase a Archivo. \/ Se pone a consideraci\u00f3n y es aprobado &nbsp;\/ 2.Expte.N\u00b05.322-HC 057-2.023 Proyecto de Ordenanza: Ampliar el sentido \u00fanico de circulaci\u00f3n&nbsp; de calle Fray Luis Beltr\u00e1n&nbsp; desde calle Francisco \u00c1lvarez hasta calle Poti Malal (O.P.T Y R.N y H.P.L.A.C) La comisi\u00f3n &nbsp;de Obras sugiere&nbsp; dar aprobaci\u00f3n al&nbsp; proyecto presentado&nbsp; con las siguientes modificaciones:&nbsp; Cambio de caratula: Determ\u00ednese&nbsp; como \u00fanico sentido de circulaci\u00f3n&nbsp; de Oeste&nbsp; a Este&nbsp; en calle Fray Luis Beltr\u00e1n&nbsp; desde Francisco \u00c1lvarez&nbsp; hasta calle&nbsp; Poti Malal&nbsp; de la Ciudad de Malarg\u00fce . Art6. 1: Determ\u00ednese como \u00fanico sentido de circulaci\u00f3n&nbsp; de&nbsp; Oeste a Este en calle Fray Luis Beltr\u00e1n&nbsp; desde Francisco \u00c1lvarez&nbsp; hasta calle Poti Malal&nbsp; de la Ciudad de&nbsp; Malarg\u00fce&nbsp; y el estacionamiento&nbsp; sobre margen&nbsp; derecha&nbsp; de la misma.&nbsp; Art 2&nbsp; al&nbsp; Art. 5\u00b0&nbsp; \u00cddem proyecto original . Art 6\u00b0 De forma \/ La Comisi\u00f3n de Hacienda sugiere hacer suyo el despacho emitido por la comisi\u00f3n de Obras P\u00fablicas. \/ Puesto a consideraci\u00f3n, ambos despachos son aprobados. \/&nbsp; &nbsp;&nbsp;\/ 3.Expte.N\u00b05.309-HC 057-2.023 Proyecto de Ordenanza:&nbsp; Establecer la colocaci\u00f3n de carteler\u00eda indicando el disco PARE y apaciguadores de velocidad en calle Adolfo Puebla (H.P.L.A.C) La comisi\u00f3n sugiere&nbsp; Dar Aprobaci\u00f3n al proyecto presentado sin modificaciones.&nbsp;&nbsp; Puesto a consideraci\u00f3n es aprobado, \/ 4.Nota HC-345-2 022. Sr. Maximiliano Salvadores, solicita se realice informe de factibilidad de contenci\u00f3n y recolecci\u00f3n de residuos org\u00e1nicos diferenciados en la &nbsp;&nbsp;&nbsp;&nbsp;&nbsp;&nbsp;&nbsp;&nbsp;&nbsp;&nbsp;&nbsp; zona Centro de la Ciudad y otras propuestas.\/&nbsp; Nota HC-369-2.022.. Sr. Maximiliano Salvadores, informa colocaci\u00f3n de imagen de la Virgen de La Carrodilla en calle proyectada de Ca\u00f1ada Colorada, sugiere se tenga el antecedente en nominaci\u00f3n de la calle.\/&nbsp; Nota HC-394-2.022. Sr. Maximiliano Salvadores, solicita estado de ejecuci\u00f3n de obra Expte.N\u00ba3269\/L\/19.\/ Nota HC-399-2.022.Sr.Maximiliano Salvadores, solicita hacer uso dela Banca del &nbsp;&nbsp;&nbsp;&nbsp;&nbsp;&nbsp; Ciudadano. Tema dificultad de terrenos calle Norte Paso Planch\u00f3n. \/ Nota HC-298-2.022. Sr. Maximiliano Salvadores eleva presentaci\u00f3n realizada ante EDEMSA por permiso de aumento de potencia solicitado \/ Nota HC-159-2.023. Sr. Maximiliano Salvadores, manifiesta su preocupaci\u00f3n por la existencia de \u00e1rboles secos en los espacios p\u00fablicos de la Ciudad. (O.P.T Y R.N) &nbsp;&nbsp;La comisi\u00f3n habiendo tomado conocimiento de cada una, la misma sugiere el Archivo de las actuaciones. \/ Puesto a consideraci\u00f3n el despacho es aprobado \/ i) Asuntos Varios. &nbsp;Cuando es la hora 11:19 la concejal VARAS solicita que el Cuerpo se constituya en Comisi\u00f3n. Moci\u00f3n que es aprobada. .\/ Cuando es la hora 12:10&nbsp; sale el Cuerpo de Comisi\u00f3n. Se da lectura a los despachos emitidos por el Cuerpo en Comisi\u00f3n. .&nbsp; Tema 1: &nbsp;Nota Banca del Ciudadano Sr. Amador Palma. Solicitado por la concejal ROJO .&nbsp; Para mocionar el Tratamiento Preferencial en la comisi\u00f3n de Obras Publicas.. Se pone a consideraci\u00f3n la moci\u00f3n y es aprobada.\/ Tema 2: &nbsp;Desafectar Nota 490-2.023&nbsp; Informe sobre Bardas Blancas&nbsp; enviado&nbsp; para la comisi\u00f3n de Obras P\u00fablicas.&nbsp; Solicitado por la concejal ROJO.&nbsp; Quien solicita se env\u00ede a la Comisi\u00f3n de O.P.T Y R.N 7 Se aprueba la solicitud. \/&nbsp; Tema 3: &nbsp;: &nbsp;Desafectar de Secretar\u00eda&nbsp; Nota HC 494 s\/ Expte. N\u00b0 5213\/13 I.P.V solicitado por la concejal CAMIOLO quien solicita se derive&nbsp; a la comisi\u00f3n de H.P.L.A.C. Puesto a consideraci\u00f3n, la moci\u00f3n , es aprobada. &nbsp;. \/ -Tema 4: Nota HC 424 -2.023 Ediles&nbsp; Parada. Hidalgo, Palma, Correa y Rosas&nbsp; informe sobre visita al GIRSU \/ Nota HC 465 Y Nota HC 446-2023 .&nbsp; de la comisi\u00f3n de E.H.M.A.S Y C . El despacho del Cuerpo en comisi\u00f3n sugiere la aprobaci\u00f3n de un Proyecto de Resoluci\u00f3n<\/p>\n\n\n\n\n\n\n\n\n\n<p>(Anexo I) de la presente.&nbsp; \/ Puesto a consideraci\u00f3n, es aprobado. \/\/ Tema 4: &nbsp;\/ Desafectar de la Comisi\u00f3n de Pasos Internacionales del Expte.N\u00b05.332\/ y Adjuntar Nota HC 495-2.023 de la concejal Silvia Correa&nbsp;&nbsp; informe vertido por el Coordinador de Frontera Pehuenche Pablo Cabrera. \/ Solicitado por el Concejal Hidalgo. El despacho del Cuerpo en Comisi\u00f3n sugiere Dar aprobaci\u00f3n al proyecto presentado &nbsp;con las siguientes modificaciones&nbsp; Art 1\u00b0: Solicitar al Administrador&nbsp; General de la Direcci\u00f3n Nacional&nbsp; de Vialidad&nbsp; Sr. Gustavo H\u00e9ctor Arrieta, declarar estado de emergencia en la Ruta Nacional&nbsp; 145&nbsp; camino a Paso Pehuenche debido a los da\u00f1os causados&nbsp; por la creciente del R\u00edo Chico-Arroyo Pehuenche y Aguas Arriba en Malarg\u00fce. .Art.2 \u00cddem proyecto original. Art. 3\u00b0&nbsp; Comunicar esta redacci\u00f3n al Administrador Gral. De Vialidad Nacional , al Gobernador de la Provincia de Mendoza Dr. Rodolfo Su\u00e1rez, al Coordinador de Frontera Lic. Pablo Cabrera, al Director Nacional de Fronteras, al Ministro&nbsp; de Transporte de la Naci\u00f3n Diego Giuliano , al Canciller Argentina; a Legisladores Nacionales&nbsp; por Mendoza y Legisladores&nbsp; del Cuarto Distrito.Art.4: De forma.\/&nbsp; . Puesto a consideraci\u00f3n, es aprobado. \/\/ Tema 5: Restricciones Publicidad actos de Gobierno&nbsp; durante campa\u00f1a electoral ( Art.3\u00b0 Ley 7005) &nbsp;&nbsp;Solicitado por el concejal PALMA . &nbsp;El Cuerpo en comisi\u00f3n sugiere Dar Aprobaci\u00f3n a un Proyecto de Resoluci\u00f3n mediante el cual&nbsp; se&nbsp; establece: Art 1\u00b0 Remitir para su toma de raz\u00f3n a la Junta Electoral de la Provincia de Mendoza&nbsp; la presente pieza legal con la documentaci\u00f3n&nbsp; que se adjunta&nbsp; a los fines de otorgarle el tr\u00e1mite&nbsp; que por ley corresponda. Art 2\u00b0 Se anexas Nota Publicidad actos de Gobierno durante campa\u00f1a electoral . Art 3\u00b0 De forma. \/&nbsp; Se pone a consideraci\u00f3n&nbsp; el despacho y es aprobado. Por mayor\u00eda 7 a 1, En uso de la palabra el concejal HIDALGO expresa que lastima que tengamos que llegar a remitir este tipi de cosas cuando quien nos gobierna hoy es licenciado en ciencias pol\u00edticas&nbsp; y deber\u00eda saber todo esto , es simplemente expresar&nbsp; una expresi\u00f3n de deseo ya que durante el poco tiempo que llevo ac\u00e1 en el Concejo Deliberante hemos realizado much\u00edsimas denuncias&nbsp; y hemos pedido much\u00edsima informaci\u00f3n y nunca hemos tenido respuesta por parte de los distintos organismo que deber\u00edan tomar medida ante todas estas irregularidades de un caso puntual por ejemplo cuando reci\u00e9n ingreso al Concejo Deliberante que me dirijo a Mendoza con un informe sin responder&nbsp; a la oficina de \u00c9tica Publica para denunciar todo esto y la respuesta&nbsp; que tuve fue un llamado telef\u00f3nico que no siga haciendo esta pt\u00bf presentaciones porque no iban a avanzar, llamada telef\u00f3nica que no quedan registradas en ning\u00fan lado de lo cual pido que se me responda eso mismo por escrito&nbsp; y nunca m\u00e1s volvimos a tener un contacto . as\u00ed como esta situaci\u00f3n hemos tenido much\u00edsimas denuncias cargadas much\u00edsima informaci\u00f3n de irregularidades&nbsp; y nunca jam\u00e1s una respuesta por parte de organismos&nbsp; de todos estos que deben tomar alguna medida y hacer que la transparencia y que quien comete infracci\u00f3n a las leyes pague como cualquier otro ciudadano , solo eso. &nbsp;\/\/\/ j) Acto de arriar el Pabell\u00f3n Nacional a cargo del concejal que lo iz\u00f3. Para lo cual se invita al concejal Francisco&nbsp; Parada.\/ Cuando es la hora 12:14 se da por terminada la Sesi\u00f3n. \/ Previa lectura y consideraci\u00f3n de lo que antecede, firman las presentes actuaciones&nbsp; el Se\u00f1or Presidente y la Se\u00f1ora Secretaria del Honorable Concejo Deliberante de la Municipalidad de Malarg\u00fce.&nbsp; &nbsp;<\/p>\n\n\n\n<p><a id=\"_msocom_1\"><\/a><\/p>\n\n\n\n<p>&nbsp;<\/p>\n","protected":false},"excerpt":{"rendered":"<p>En Malarg\u00fce Mendoza, a Veinti\u00fan d\u00edas de Setiembre&nbsp; de 2.023. cuando es&nbsp; la hora:9:42 &nbsp;se re\u00fane el Honorable Concejo Deliberante&nbsp; de la Municipalidad de Malarg\u00fce , para celebrar&nbsp; su Sesi\u00f3n&nbsp; Ordinaria. Bajo la Presidencia de su Titular Concejal Andr\u00e9s RISI y la presencia de los se\u00f1ores concejales &nbsp;&nbsp;Palma, Rosas, Varas, Mosca, Rojo, Parada, Camiolo, Correa [&hellip;]<\/p>\n","protected":false},"author":5,"featured_media":33337,"comment_status":"closed","ping_status":"closed","sticky":false,"template":"","format":"standard","meta":{"footnotes":""},"categories":[60,52,58,33,36],"tags":[],"class_list":["post-35090","post","type-post","status-publish","format-standard","has-post-thumbnail","hentry","category-acta-de-sesiones","category-gacetillas","category-ordinarias","category-prensa","category-sesiones"],"yoast_head":"<!-- This site is optimized with the Yoast SEO plugin v19.10 - https:\/\/yoast.com\/wordpress\/plugins\/seo\/ -->\n<title>ACTA 24\u00b0 SESI\u00d3N ORDINARIA N\u00b01.141- \u201cO\u201d-21\/09\/2.023.- Malarg\u00fce HCD<\/title>\n<meta name=\"robots\" content=\"index, follow, max-snippet:-1, max-image-preview:large, max-video-preview:-1\" \/>\n<link rel=\"canonical\" href=\"https:\/\/hcd.malargue.gov.ar\/?p=35090\" \/>\n<meta property=\"og:locale\" content=\"es_ES\" \/>\n<meta property=\"og:type\" content=\"article\" \/>\n<meta property=\"og:title\" content=\"ACTA 24\u00b0 SESI\u00d3N ORDINARIA N\u00b01.141- \u201cO\u201d-21\/09\/2.023.- Malarg\u00fce HCD\" \/>\n<meta property=\"og:description\" content=\"En Malarg\u00fce Mendoza, a Veinti\u00fan d\u00edas de Setiembre&nbsp; de 2.023. cuando es&nbsp; la hora:9:42 &nbsp;se re\u00fane el Honorable Concejo Deliberante&nbsp; de la Municipalidad de Malarg\u00fce , para celebrar&nbsp; su Sesi\u00f3n&nbsp; Ordinaria. Bajo la Presidencia de su Titular Concejal Andr\u00e9s RISI y la presencia de los se\u00f1ores concejales &nbsp;&nbsp;Palma, Rosas, Varas, Mosca, Rojo, Parada, Camiolo, Correa [&hellip;]\" \/>\n<meta property=\"og:url\" content=\"https:\/\/hcd.malargue.gov.ar\/?p=35090\" \/>\n<meta property=\"og:site_name\" content=\"Malarg\u00fce HCD\" \/>\n<meta property=\"article:published_time\" content=\"2023-10-02T12:28:10+00:00\" \/>\n<meta property=\"article:modified_time\" content=\"2023-10-02T12:28:15+00:00\" \/>\n<meta property=\"og:image\" content=\"https:\/\/hcd.malargue.gov.ar\/wp-content\/uploads\/2023\/03\/actas-sesiones.jpg\" \/>\n\t<meta property=\"og:image:width\" content=\"1640\" \/>\n\t<meta property=\"og:image:height\" content=\"924\" \/>\n\t<meta property=\"og:image:type\" content=\"image\/jpeg\" \/>\n<meta name=\"author\" content=\"Belen Pedernera Ferragut\" \/>\n<meta name=\"twitter:card\" content=\"summary_large_image\" \/>\n<meta name=\"twitter:label1\" content=\"Escrito por\" \/>\n\t<meta name=\"twitter:data1\" content=\"Belen Pedernera Ferragut\" \/>\n\t<meta name=\"twitter:label2\" content=\"Tiempo de lectura\" \/>\n\t<meta name=\"twitter:data2\" content=\"47 minutos\" \/>\n<script type=\"application\/ld+json\" class=\"yoast-schema-graph\">{\"@context\":\"https:\/\/schema.org\",\"@graph\":[{\"@type\":\"WebPage\",\"@id\":\"https:\/\/hcd.malargue.gov.ar\/?p=35090\",\"url\":\"https:\/\/hcd.malargue.gov.ar\/?p=35090\",\"name\":\"ACTA 24\u00b0 SESI\u00d3N ORDINARIA N\u00b01.141- \u201cO\u201d-21\/09\/2.023.- Malarg\u00fce HCD\",\"isPartOf\":{\"@id\":\"https:\/\/hcd.malargue.gov.ar\/#website\"},\"datePublished\":\"2023-10-02T12:28:10+00:00\",\"dateModified\":\"2023-10-02T12:28:15+00:00\",\"author\":{\"@id\":\"https:\/\/hcd.malargue.gov.ar\/#\/schema\/person\/3fd6bbab64edd703961b795156c955d0\"},\"breadcrumb\":{\"@id\":\"https:\/\/hcd.malargue.gov.ar\/?p=35090#breadcrumb\"},\"inLanguage\":\"es-AR\",\"potentialAction\":[{\"@type\":\"ReadAction\",\"target\":[\"https:\/\/hcd.malargue.gov.ar\/?p=35090\"]}]},{\"@type\":\"BreadcrumbList\",\"@id\":\"https:\/\/hcd.malargue.gov.ar\/?p=35090#breadcrumb\",\"itemListElement\":[{\"@type\":\"ListItem\",\"position\":1,\"name\":\"Inicio\",\"item\":\"https:\/\/hcd.malargue.gov.ar\/\"},{\"@type\":\"ListItem\",\"position\":2,\"name\":\"ACTA 24\u00b0 SESI\u00d3N ORDINARIA N\u00b01.141- \u201cO\u201d-21\/09\/2.023.-\"}]},{\"@type\":\"WebSite\",\"@id\":\"https:\/\/hcd.malargue.gov.ar\/#website\",\"url\":\"https:\/\/hcd.malargue.gov.ar\/\",\"name\":\"Malarg\u00fce HCD\",\"description\":\"Malarg\u00fce Mendoza Argentina\",\"potentialAction\":[{\"@type\":\"SearchAction\",\"target\":{\"@type\":\"EntryPoint\",\"urlTemplate\":\"https:\/\/hcd.malargue.gov.ar\/?s={search_term_string}\"},\"query-input\":\"required name=search_term_string\"}],\"inLanguage\":\"es-AR\"},{\"@type\":\"Person\",\"@id\":\"https:\/\/hcd.malargue.gov.ar\/#\/schema\/person\/3fd6bbab64edd703961b795156c955d0\",\"name\":\"Belen Pedernera Ferragut\",\"image\":{\"@type\":\"ImageObject\",\"inLanguage\":\"es-AR\",\"@id\":\"https:\/\/hcd.malargue.gov.ar\/#\/schema\/person\/image\/\",\"url\":\"https:\/\/secure.gravatar.com\/avatar\/1054ffab3893de4bb3eb29bdd22f7e34b8537bf5d34d9dab311818154ad5b71f?s=96&d=mm&r=g\",\"contentUrl\":\"https:\/\/secure.gravatar.com\/avatar\/1054ffab3893de4bb3eb29bdd22f7e34b8537bf5d34d9dab311818154ad5b71f?s=96&d=mm&r=g\",\"caption\":\"Belen Pedernera Ferragut\"},\"url\":\"https:\/\/hcd.malargue.gov.ar\/?author=5\"}]}<\/script>\n<!-- \/ Yoast SEO plugin. -->","yoast_head_json":{"title":"ACTA 24\u00b0 SESI\u00d3N ORDINARIA N\u00b01.141- \u201cO\u201d-21\/09\/2.023.- Malarg\u00fce HCD","robots":{"index":"index","follow":"follow","max-snippet":"max-snippet:-1","max-image-preview":"max-image-preview:large","max-video-preview":"max-video-preview:-1"},"canonical":"https:\/\/hcd.malargue.gov.ar\/?p=35090","og_locale":"es_ES","og_type":"article","og_title":"ACTA 24\u00b0 SESI\u00d3N ORDINARIA N\u00b01.141- \u201cO\u201d-21\/09\/2.023.- Malarg\u00fce HCD","og_description":"En Malarg\u00fce Mendoza, a Veinti\u00fan d\u00edas de Setiembre&nbsp; de 2.023. cuando es&nbsp; la hora:9:42 &nbsp;se re\u00fane el Honorable Concejo Deliberante&nbsp; de la Municipalidad de Malarg\u00fce , para celebrar&nbsp; su Sesi\u00f3n&nbsp; Ordinaria. Bajo la Presidencia de su Titular Concejal Andr\u00e9s RISI y la presencia de los se\u00f1ores concejales &nbsp;&nbsp;Palma, Rosas, Varas, Mosca, Rojo, Parada, Camiolo, Correa [&hellip;]","og_url":"https:\/\/hcd.malargue.gov.ar\/?p=35090","og_site_name":"Malarg\u00fce HCD","article_published_time":"2023-10-02T12:28:10+00:00","article_modified_time":"2023-10-02T12:28:15+00:00","og_image":[{"width":1640,"height":924,"url":"https:\/\/hcd.malargue.gov.ar\/wp-content\/uploads\/2023\/03\/actas-sesiones.jpg","type":"image\/jpeg"}],"author":"Belen Pedernera Ferragut","twitter_card":"summary_large_image","twitter_misc":{"Escrito por":"Belen Pedernera Ferragut","Tiempo de lectura":"47 minutos"},"schema":{"@context":"https:\/\/schema.org","@graph":[{"@type":"WebPage","@id":"https:\/\/hcd.malargue.gov.ar\/?p=35090","url":"https:\/\/hcd.malargue.gov.ar\/?p=35090","name":"ACTA 24\u00b0 SESI\u00d3N ORDINARIA N\u00b01.141- \u201cO\u201d-21\/09\/2.023.- Malarg\u00fce HCD","isPartOf":{"@id":"https:\/\/hcd.malargue.gov.ar\/#website"},"datePublished":"2023-10-02T12:28:10+00:00","dateModified":"2023-10-02T12:28:15+00:00","author":{"@id":"https:\/\/hcd.malargue.gov.ar\/#\/schema\/person\/3fd6bbab64edd703961b795156c955d0"},"breadcrumb":{"@id":"https:\/\/hcd.malargue.gov.ar\/?p=35090#breadcrumb"},"inLanguage":"es-AR","potentialAction":[{"@type":"ReadAction","target":["https:\/\/hcd.malargue.gov.ar\/?p=35090"]}]},{"@type":"BreadcrumbList","@id":"https:\/\/hcd.malargue.gov.ar\/?p=35090#breadcrumb","itemListElement":[{"@type":"ListItem","position":1,"name":"Inicio","item":"https:\/\/hcd.malargue.gov.ar\/"},{"@type":"ListItem","position":2,"name":"ACTA 24\u00b0 SESI\u00d3N ORDINARIA N\u00b01.141- \u201cO\u201d-21\/09\/2.023.-"}]},{"@type":"WebSite","@id":"https:\/\/hcd.malargue.gov.ar\/#website","url":"https:\/\/hcd.malargue.gov.ar\/","name":"Malarg\u00fce HCD","description":"Malarg\u00fce Mendoza Argentina","potentialAction":[{"@type":"SearchAction","target":{"@type":"EntryPoint","urlTemplate":"https:\/\/hcd.malargue.gov.ar\/?s={search_term_string}"},"query-input":"required name=search_term_string"}],"inLanguage":"es-AR"},{"@type":"Person","@id":"https:\/\/hcd.malargue.gov.ar\/#\/schema\/person\/3fd6bbab64edd703961b795156c955d0","name":"Belen Pedernera Ferragut","image":{"@type":"ImageObject","inLanguage":"es-AR","@id":"https:\/\/hcd.malargue.gov.ar\/#\/schema\/person\/image\/","url":"https:\/\/secure.gravatar.com\/avatar\/1054ffab3893de4bb3eb29bdd22f7e34b8537bf5d34d9dab311818154ad5b71f?s=96&d=mm&r=g","contentUrl":"https:\/\/secure.gravatar.com\/avatar\/1054ffab3893de4bb3eb29bdd22f7e34b8537bf5d34d9dab311818154ad5b71f?s=96&d=mm&r=g","caption":"Belen Pedernera Ferragut"},"url":"https:\/\/hcd.malargue.gov.ar\/?author=5"}]}},"_links":{"self":[{"href":"https:\/\/hcd.malargue.gov.ar\/index.php?rest_route=\/wp\/v2\/posts\/35090","targetHints":{"allow":["GET"]}}],"collection":[{"href":"https:\/\/hcd.malargue.gov.ar\/index.php?rest_route=\/wp\/v2\/posts"}],"about":[{"href":"https:\/\/hcd.malargue.gov.ar\/index.php?rest_route=\/wp\/v2\/types\/post"}],"author":[{"embeddable":true,"href":"https:\/\/hcd.malargue.gov.ar\/index.php?rest_route=\/wp\/v2\/users\/5"}],"replies":[{"embeddable":true,"href":"https:\/\/hcd.malargue.gov.ar\/index.php?rest_route=%2Fwp%2Fv2%2Fcomments&post=35090"}],"version-history":[{"count":2,"href":"https:\/\/hcd.malargue.gov.ar\/index.php?rest_route=\/wp\/v2\/posts\/35090\/revisions"}],"predecessor-version":[{"id":35133,"href":"https:\/\/hcd.malargue.gov.ar\/index.php?rest_route=\/wp\/v2\/posts\/35090\/revisions\/35133"}],"wp:featuredmedia":[{"embeddable":true,"href":"https:\/\/hcd.malargue.gov.ar\/index.php?rest_route=\/wp\/v2\/media\/33337"}],"wp:attachment":[{"href":"https:\/\/hcd.malargue.gov.ar\/index.php?rest_route=%2Fwp%2Fv2%2Fmedia&parent=35090"}],"wp:term":[{"taxonomy":"category","embeddable":true,"href":"https:\/\/hcd.malargue.gov.ar\/index.php?rest_route=%2Fwp%2Fv2%2Fcategories&post=35090"},{"taxonomy":"post_tag","embeddable":true,"href":"https:\/\/hcd.malargue.gov.ar\/index.php?rest_route=%2Fwp%2Fv2%2Ftags&post=35090"}],"curies":[{"name":"wp","href":"https:\/\/api.w.org\/{rel}","templated":true}]}}