{"id":35142,"date":"2023-10-02T11:33:40","date_gmt":"2023-10-02T14:33:40","guid":{"rendered":"https:\/\/hcd.malargue.gov.ar\/?p=35142"},"modified":"2023-10-02T11:45:49","modified_gmt":"2023-10-02T14:45:49","slug":"resolucion-n-379-2-023","status":"publish","type":"post","link":"https:\/\/hcd.malargue.gov.ar\/?p=35142","title":{"rendered":"RESOLUCI\u00d3N N\u00b0 379\/2.023"},"content":{"rendered":"<div class=\"wp-block-image\">\n<figure class=\"alignright size-full is-resized\"><a href=\"http:\/\/hcd1.malargue.gov.ar\/hcdpdf\/Rn%20379%202023%20encuentro%20egresados%20TECONA.pdf\"><img loading=\"lazy\" decoding=\"async\" src=\"https:\/\/hcd.malargue.gov.ar\/wp-content\/uploads\/2018\/06\/PDF-JPG.jpg\" alt=\"\" class=\"wp-image-7950\" style=\"width:112px;height:112px\" width=\"112\" height=\"112\" srcset=\"https:\/\/hcd.malargue.gov.ar\/wp-content\/uploads\/2018\/06\/PDF-JPG.jpg 512w, https:\/\/hcd.malargue.gov.ar\/wp-content\/uploads\/2018\/06\/PDF-JPG-150x150.jpg 150w, https:\/\/hcd.malargue.gov.ar\/wp-content\/uploads\/2018\/06\/PDF-JPG-300x300.jpg 300w\" sizes=\"auto, (max-width: 112px) 100vw, 112px\" \/><\/a><\/figure>\n<\/div>\n\n\n<p><strong>AUTORA: CONCEJALA SILVINA CAMIOLO<\/strong><\/p>\n\n\n\n<p><strong>BLOQUE: RECONSTRUYENDO MALARG\u00dcE<\/strong><\/p>\n\n\n\n<p>VISTO: El contenido del Expediente N\u00b0 5.333-HC 058-2.023 Bloque Reconstruyendo Malarg\u00fce. Proyecto de Resoluci\u00f3n: Declarar de Inter\u00e9s Departamental Educativo el Encuentro de la Primera Promoci\u00f3n de Egresados de la Tecnicatura en Conservaci\u00f3n de la Naturaleza del Instituto Educaci\u00f3n F\u00edsica N\u00b0 9-016 Dr. Jorge Coll al cumplir 15 a\u00f1os de formaci\u00f3n ininterrumpida en Malarg\u00fce.<\/p>\n\n\n\n<p>Que desde el a\u00f1o 2.008 la Tecnicatura en Conservaci\u00f3n de la Naturaleza del Instituto de Educaci\u00f3n F\u00edsica N\u00b0 9-016 Dr. Jorge Coll, forma T\u00e9cnicos de manera ininterrumpida en nuestro departamento, unidos por la pasi\u00f3n, el amor y el compromiso por el cuidado de nuestro planeta.<\/p>\n\n\n\n<p>y;<\/p>\n\n\n\n<p>CONSIDERANDO: Que varios de los egresados han seguido conectados por ser parte de investigaciones de especies de flora y fauna local.<\/p>\n\n\n\n<p>Que se planific\u00f3 invitar a cada uno de ellos a una reuni\u00f3n de egresados para compartir dos jornadas de recuerdos, experiencias, conocimientos y actividades, con charlas t\u00e9cnicas, presentaci\u00f3n de trabajos de investigaci\u00f3n y conservaci\u00f3n de la naturaleza.<\/p>\n\n\n\n<p>Que el objetivo de este encuentro es lograr dimensionar el alcance profesional de los T\u00e9cnicos en Conservaci\u00f3n de la Naturaleza, intercambiar experiencias profesionales, crecimiento personal y sobre todo, motivar a los actuales estudiantes.<\/p>\n\n\n\n<p>Que la propuesta es abierta al p\u00fablico en general, con el fin de brindar a la comunidad datos de investigaciones que los egresados de la Tecnicatura en Conservaci\u00f3n de la Naturaleza, han sido parte fundamental, de esta manera poner en valor los quince (15) a\u00f1os de la Tecnicatura en Malarg\u00fce.<\/p>\n\n\n\n<p>Que el cronograma se llevar\u00e1 a cabo el 5 de Octubre del 2.023, en el Centro de Convenciones y Exposiciones Thesaurus en dos periodos, durante la ma\u00f1ana se realizar\u00e1n charlas acad\u00e9micas por egresados y egresadas que han participado y\/o trabajan en Proyectos de Conservaci\u00f3n de la Naturaleza y \u00c1reas Naturales Protegidas dentro y fuera de la Provincia de Mendoza.<\/p>\n\n\n\n<p>Que para el d\u00eda 5 de octubre en el mismo sitio, en horas de la tarde se realizar\u00e1n Talleres sobre las problem\u00e1ticas detectadas que afectan indirecta o directamente a los egresados y egresadas en la vida profesional y social.<\/p>\n\n\n\n<p>EL HONORABLE CONCEJO DELIBERANTE DE LA MUNICIPALIDAD DE MALARG\u00dcE EN USO DE LAS FACULTADES QUE LE SON PROPIAS<\/p>\n\n\n\n<p>RESUELVE<\/p>\n\n\n\n<p>ART\u00cdCULO 1\u00ba: Declarar de Inter\u00e9s Departamental Educativo el Encuentro de la Primera Promoci\u00f3n de Egresados de la Tecnicatura en Conservaci\u00f3n de la Naturaleza del Instituto de Educaci\u00f3n F\u00edsica N\u00b0 9-016 Dr. Jorge Coll al cumplir 15 a\u00f1os de formaci\u00f3n ininterrumpida en Malarg\u00fce.<\/p>\n\n\n\n<p>ART\u00cdCULO 2\u00ba: Hacer entrega de un reconocimiento por parte del Honorable Concejo Deliberante durante la realizaci\u00f3n del Encuentro.<\/p>\n\n\n\n<p>ART\u00cdCULO 3\u00ba: Elevar copia de la presente pieza legal a; Directivos del Instituto Educaci\u00f3n F\u00edsica N\u00b0 9-016 Dr. Jorge Coll, Organizadores del Encuentro; Legisladoras Provinciales por el Departamento de Malargue, Subdelegaci\u00f3n Administrativa Zona Sur y Supervisi\u00f3n de Educaci\u00f3n Media dependientes de la Direcci\u00f3n General de Escuelas.<\/p>\n\n\n\n<p>ART\u00cdCULO 4\u00ba: Comun\u00edquese, reg\u00edstrese, agr\u00e9guese copia de la presente en las actuaciones correspondientes y arch\u00edvese.<\/p>\n\n\n\n<p>DADA EN LA SALA DE SESIONES DR.&nbsp; RICARDO BALBIN DEL HONORABLE CONCEJO DELIBERANTE DE LA MUNICIPALIDAD DE MALARG\u00dcE A VEINTIOCHO D\u00cdAS DE&nbsp; SETIEMBRE DE DOS MIL VEINTITRES.<\/p>\n","protected":false},"excerpt":{"rendered":"<p>AUTORA: CONCEJALA SILVINA CAMIOLO BLOQUE: RECONSTRUYENDO MALARG\u00dcE VISTO: El contenido del Expediente N\u00b0 5.333-HC 058-2.023 Bloque Reconstruyendo Malarg\u00fce. Proyecto de Resoluci\u00f3n: Declarar de Inter\u00e9s Departamental Educativo el Encuentro de la Primera Promoci\u00f3n de Egresados de la Tecnicatura en Conservaci\u00f3n de la Naturaleza del Instituto Educaci\u00f3n F\u00edsica N\u00b0 9-016 Dr. Jorge Coll al cumplir 15 a\u00f1os [&hellip;]<\/p>\n","protected":false},"author":5,"featured_media":35143,"comment_status":"closed","ping_status":"closed","sticky":false,"template":"","format":"standard","meta":{"footnotes":""},"categories":[52,29,33,51],"tags":[],"class_list":["post-35142","post","type-post","status-publish","format-standard","has-post-thumbnail","hentry","category-gacetillas","category-lesgilacion","category-prensa","category-resoluciones"],"yoast_head":"<!-- This site is optimized with the Yoast SEO plugin v19.10 - https:\/\/yoast.com\/wordpress\/plugins\/seo\/ -->\n<title>RESOLUCI\u00d3N N\u00b0 379\/2.023 - Malarg\u00fce HCD<\/title>\n<meta name=\"robots\" content=\"index, follow, max-snippet:-1, max-image-preview:large, max-video-preview:-1\" \/>\n<link rel=\"canonical\" href=\"https:\/\/hcd.malargue.gov.ar\/?p=35142\" \/>\n<meta property=\"og:locale\" content=\"es_ES\" \/>\n<meta property=\"og:type\" content=\"article\" \/>\n<meta property=\"og:title\" content=\"RESOLUCI\u00d3N N\u00b0 379\/2.023 - Malarg\u00fce HCD\" \/>\n<meta property=\"og:description\" content=\"AUTORA: CONCEJALA SILVINA CAMIOLO BLOQUE: RECONSTRUYENDO MALARG\u00dcE VISTO: El contenido del Expediente N\u00b0 5.333-HC 058-2.023 Bloque Reconstruyendo Malarg\u00fce. Proyecto de Resoluci\u00f3n: Declarar de Inter\u00e9s Departamental Educativo el Encuentro de la Primera Promoci\u00f3n de Egresados de la Tecnicatura en Conservaci\u00f3n de la Naturaleza del Instituto Educaci\u00f3n F\u00edsica N\u00b0 9-016 Dr. Jorge Coll al cumplir 15 a\u00f1os [&hellip;]\" \/>\n<meta property=\"og:url\" content=\"https:\/\/hcd.malargue.gov.ar\/?p=35142\" \/>\n<meta property=\"og:site_name\" content=\"Malarg\u00fce HCD\" \/>\n<meta property=\"article:published_time\" content=\"2023-10-02T14:33:40+00:00\" \/>\n<meta property=\"article:modified_time\" content=\"2023-10-02T14:45:49+00:00\" \/>\n<meta property=\"og:image\" content=\"https:\/\/hcd.malargue.gov.ar\/wp-content\/uploads\/2023\/10\/RESOLUCION-379.jpg\" \/>\n\t<meta property=\"og:image:width\" content=\"940\" \/>\n\t<meta property=\"og:image:height\" content=\"788\" \/>\n\t<meta property=\"og:image:type\" content=\"image\/jpeg\" \/>\n<meta name=\"author\" content=\"Belen Pedernera Ferragut\" \/>\n<meta name=\"twitter:card\" content=\"summary_large_image\" \/>\n<meta name=\"twitter:label1\" content=\"Escrito por\" \/>\n\t<meta name=\"twitter:data1\" content=\"Belen Pedernera Ferragut\" \/>\n\t<meta name=\"twitter:label2\" content=\"Tiempo de lectura\" \/>\n\t<meta name=\"twitter:data2\" content=\"3 minutos\" \/>\n<script type=\"application\/ld+json\" class=\"yoast-schema-graph\">{\"@context\":\"https:\/\/schema.org\",\"@graph\":[{\"@type\":\"WebPage\",\"@id\":\"https:\/\/hcd.malargue.gov.ar\/?p=35142\",\"url\":\"https:\/\/hcd.malargue.gov.ar\/?p=35142\",\"name\":\"RESOLUCI\u00d3N N\u00b0 379\/2.023 - Malarg\u00fce HCD\",\"isPartOf\":{\"@id\":\"https:\/\/hcd.malargue.gov.ar\/#website\"},\"datePublished\":\"2023-10-02T14:33:40+00:00\",\"dateModified\":\"2023-10-02T14:45:49+00:00\",\"author\":{\"@id\":\"https:\/\/hcd.malargue.gov.ar\/#\/schema\/person\/3fd6bbab64edd703961b795156c955d0\"},\"breadcrumb\":{\"@id\":\"https:\/\/hcd.malargue.gov.ar\/?p=35142#breadcrumb\"},\"inLanguage\":\"es-AR\",\"potentialAction\":[{\"@type\":\"ReadAction\",\"target\":[\"https:\/\/hcd.malargue.gov.ar\/?p=35142\"]}]},{\"@type\":\"BreadcrumbList\",\"@id\":\"https:\/\/hcd.malargue.gov.ar\/?p=35142#breadcrumb\",\"itemListElement\":[{\"@type\":\"ListItem\",\"position\":1,\"name\":\"Inicio\",\"item\":\"https:\/\/hcd.malargue.gov.ar\/\"},{\"@type\":\"ListItem\",\"position\":2,\"name\":\"RESOLUCI\u00d3N N\u00b0 379\/2.023\"}]},{\"@type\":\"WebSite\",\"@id\":\"https:\/\/hcd.malargue.gov.ar\/#website\",\"url\":\"https:\/\/hcd.malargue.gov.ar\/\",\"name\":\"Malarg\u00fce HCD\",\"description\":\"Malarg\u00fce Mendoza Argentina\",\"potentialAction\":[{\"@type\":\"SearchAction\",\"target\":{\"@type\":\"EntryPoint\",\"urlTemplate\":\"https:\/\/hcd.malargue.gov.ar\/?s={search_term_string}\"},\"query-input\":\"required name=search_term_string\"}],\"inLanguage\":\"es-AR\"},{\"@type\":\"Person\",\"@id\":\"https:\/\/hcd.malargue.gov.ar\/#\/schema\/person\/3fd6bbab64edd703961b795156c955d0\",\"name\":\"Belen Pedernera Ferragut\",\"image\":{\"@type\":\"ImageObject\",\"inLanguage\":\"es-AR\",\"@id\":\"https:\/\/hcd.malargue.gov.ar\/#\/schema\/person\/image\/\",\"url\":\"https:\/\/secure.gravatar.com\/avatar\/1054ffab3893de4bb3eb29bdd22f7e34b8537bf5d34d9dab311818154ad5b71f?s=96&d=mm&r=g\",\"contentUrl\":\"https:\/\/secure.gravatar.com\/avatar\/1054ffab3893de4bb3eb29bdd22f7e34b8537bf5d34d9dab311818154ad5b71f?s=96&d=mm&r=g\",\"caption\":\"Belen Pedernera Ferragut\"},\"url\":\"https:\/\/hcd.malargue.gov.ar\/?author=5\"}]}<\/script>\n<!-- \/ Yoast SEO plugin. -->","yoast_head_json":{"title":"RESOLUCI\u00d3N N\u00b0 379\/2.023 - Malarg\u00fce HCD","robots":{"index":"index","follow":"follow","max-snippet":"max-snippet:-1","max-image-preview":"max-image-preview:large","max-video-preview":"max-video-preview:-1"},"canonical":"https:\/\/hcd.malargue.gov.ar\/?p=35142","og_locale":"es_ES","og_type":"article","og_title":"RESOLUCI\u00d3N N\u00b0 379\/2.023 - Malarg\u00fce HCD","og_description":"AUTORA: CONCEJALA SILVINA CAMIOLO BLOQUE: RECONSTRUYENDO MALARG\u00dcE VISTO: El contenido del Expediente N\u00b0 5.333-HC 058-2.023 Bloque Reconstruyendo Malarg\u00fce. Proyecto de Resoluci\u00f3n: Declarar de Inter\u00e9s Departamental Educativo el Encuentro de la Primera Promoci\u00f3n de Egresados de la Tecnicatura en Conservaci\u00f3n de la Naturaleza del Instituto Educaci\u00f3n F\u00edsica N\u00b0 9-016 Dr. Jorge Coll al cumplir 15 a\u00f1os [&hellip;]","og_url":"https:\/\/hcd.malargue.gov.ar\/?p=35142","og_site_name":"Malarg\u00fce HCD","article_published_time":"2023-10-02T14:33:40+00:00","article_modified_time":"2023-10-02T14:45:49+00:00","og_image":[{"width":940,"height":788,"url":"https:\/\/hcd.malargue.gov.ar\/wp-content\/uploads\/2023\/10\/RESOLUCION-379.jpg","type":"image\/jpeg"}],"author":"Belen Pedernera Ferragut","twitter_card":"summary_large_image","twitter_misc":{"Escrito por":"Belen Pedernera Ferragut","Tiempo de lectura":"3 minutos"},"schema":{"@context":"https:\/\/schema.org","@graph":[{"@type":"WebPage","@id":"https:\/\/hcd.malargue.gov.ar\/?p=35142","url":"https:\/\/hcd.malargue.gov.ar\/?p=35142","name":"RESOLUCI\u00d3N N\u00b0 379\/2.023 - Malarg\u00fce HCD","isPartOf":{"@id":"https:\/\/hcd.malargue.gov.ar\/#website"},"datePublished":"2023-10-02T14:33:40+00:00","dateModified":"2023-10-02T14:45:49+00:00","author":{"@id":"https:\/\/hcd.malargue.gov.ar\/#\/schema\/person\/3fd6bbab64edd703961b795156c955d0"},"breadcrumb":{"@id":"https:\/\/hcd.malargue.gov.ar\/?p=35142#breadcrumb"},"inLanguage":"es-AR","potentialAction":[{"@type":"ReadAction","target":["https:\/\/hcd.malargue.gov.ar\/?p=35142"]}]},{"@type":"BreadcrumbList","@id":"https:\/\/hcd.malargue.gov.ar\/?p=35142#breadcrumb","itemListElement":[{"@type":"ListItem","position":1,"name":"Inicio","item":"https:\/\/hcd.malargue.gov.ar\/"},{"@type":"ListItem","position":2,"name":"RESOLUCI\u00d3N N\u00b0 379\/2.023"}]},{"@type":"WebSite","@id":"https:\/\/hcd.malargue.gov.ar\/#website","url":"https:\/\/hcd.malargue.gov.ar\/","name":"Malarg\u00fce HCD","description":"Malarg\u00fce Mendoza Argentina","potentialAction":[{"@type":"SearchAction","target":{"@type":"EntryPoint","urlTemplate":"https:\/\/hcd.malargue.gov.ar\/?s={search_term_string}"},"query-input":"required name=search_term_string"}],"inLanguage":"es-AR"},{"@type":"Person","@id":"https:\/\/hcd.malargue.gov.ar\/#\/schema\/person\/3fd6bbab64edd703961b795156c955d0","name":"Belen Pedernera Ferragut","image":{"@type":"ImageObject","inLanguage":"es-AR","@id":"https:\/\/hcd.malargue.gov.ar\/#\/schema\/person\/image\/","url":"https:\/\/secure.gravatar.com\/avatar\/1054ffab3893de4bb3eb29bdd22f7e34b8537bf5d34d9dab311818154ad5b71f?s=96&d=mm&r=g","contentUrl":"https:\/\/secure.gravatar.com\/avatar\/1054ffab3893de4bb3eb29bdd22f7e34b8537bf5d34d9dab311818154ad5b71f?s=96&d=mm&r=g","caption":"Belen Pedernera Ferragut"},"url":"https:\/\/hcd.malargue.gov.ar\/?author=5"}]}},"_links":{"self":[{"href":"https:\/\/hcd.malargue.gov.ar\/index.php?rest_route=\/wp\/v2\/posts\/35142","targetHints":{"allow":["GET"]}}],"collection":[{"href":"https:\/\/hcd.malargue.gov.ar\/index.php?rest_route=\/wp\/v2\/posts"}],"about":[{"href":"https:\/\/hcd.malargue.gov.ar\/index.php?rest_route=\/wp\/v2\/types\/post"}],"author":[{"embeddable":true,"href":"https:\/\/hcd.malargue.gov.ar\/index.php?rest_route=\/wp\/v2\/users\/5"}],"replies":[{"embeddable":true,"href":"https:\/\/hcd.malargue.gov.ar\/index.php?rest_route=%2Fwp%2Fv2%2Fcomments&post=35142"}],"version-history":[{"count":2,"href":"https:\/\/hcd.malargue.gov.ar\/index.php?rest_route=\/wp\/v2\/posts\/35142\/revisions"}],"predecessor-version":[{"id":35146,"href":"https:\/\/hcd.malargue.gov.ar\/index.php?rest_route=\/wp\/v2\/posts\/35142\/revisions\/35146"}],"wp:featuredmedia":[{"embeddable":true,"href":"https:\/\/hcd.malargue.gov.ar\/index.php?rest_route=\/wp\/v2\/media\/35143"}],"wp:attachment":[{"href":"https:\/\/hcd.malargue.gov.ar\/index.php?rest_route=%2Fwp%2Fv2%2Fmedia&parent=35142"}],"wp:term":[{"taxonomy":"category","embeddable":true,"href":"https:\/\/hcd.malargue.gov.ar\/index.php?rest_route=%2Fwp%2Fv2%2Fcategories&post=35142"},{"taxonomy":"post_tag","embeddable":true,"href":"https:\/\/hcd.malargue.gov.ar\/index.php?rest_route=%2Fwp%2Fv2%2Ftags&post=35142"}],"curies":[{"name":"wp","href":"https:\/\/api.w.org\/{rel}","templated":true}]}}