{"id":35194,"date":"2023-10-06T12:13:31","date_gmt":"2023-10-06T15:13:31","guid":{"rendered":"https:\/\/hcd.malargue.gov.ar\/?p=35194"},"modified":"2023-10-06T12:13:41","modified_gmt":"2023-10-06T15:13:41","slug":"acta-25sesion-ordinaria-n1-142-o-28-09-2-023","status":"publish","type":"post","link":"https:\/\/hcd.malargue.gov.ar\/?p=35194","title":{"rendered":"ACTA 25\u00b0SESI\u00d3N ORDINARIA N\u00b01.142- \u201cO\u201d-28\/09\/2.023.-"},"content":{"rendered":"<div class=\"wp-block-image\">\n<figure class=\"alignright size-full is-resized\"><a href=\"http:\/\/hcd.malargue.gov.ar\/hcdpdf\/ORDINARIA%20N%201142%202023.pdf\"><img loading=\"lazy\" decoding=\"async\" src=\"https:\/\/hcd.malargue.gov.ar\/wp-content\/uploads\/2018\/06\/PDF-JPG.jpg\" alt=\"\" class=\"wp-image-7950\" style=\"width:124px;height:124px\" width=\"124\" height=\"124\" srcset=\"https:\/\/hcd.malargue.gov.ar\/wp-content\/uploads\/2018\/06\/PDF-JPG.jpg 512w, https:\/\/hcd.malargue.gov.ar\/wp-content\/uploads\/2018\/06\/PDF-JPG-150x150.jpg 150w, https:\/\/hcd.malargue.gov.ar\/wp-content\/uploads\/2018\/06\/PDF-JPG-300x300.jpg 300w\" sizes=\"auto, (max-width: 124px) 100vw, 124px\" \/><\/a><\/figure>\n<\/div>\n\n\n<p>En Malarg\u00fce&nbsp; Mendoza a Veintiocho d\u00edas de Setiembre de 2.023, cuando es la hora 09:15&nbsp; se re\u00fane el Honorable Concejo Deliberante de la Municipalidad de Malarg\u00fce &nbsp;para celebrar su sesi\u00f3n &nbsp;&nbsp;Ordinaria . Bajo la Presidencia de su titular&nbsp; Concejal Andr\u00e9s RISI&nbsp; y la presencia de los se\u00f1ores Concejales &nbsp;&nbsp;&nbsp;Palma, Rosas, Varas,&nbsp; Mosca, Rojo, Parada, Camiolo, Correa e Hidalgo &nbsp;. Se firma el Libro de Asistencia \/ a) Acto de Izar la Ense\u00f1a Patria&nbsp;&nbsp; a cargo de la Sra. &nbsp;Concejal &nbsp;&nbsp;D. Paola Lorena ROJO \/ b) Homenaje de los Se\u00f1ores Concejales.&nbsp; Solicita&nbsp;&nbsp; la palabra&nbsp; el concejal PARADA&nbsp; quien luego de los saludos de forma expresa.&nbsp; Bueno quiero hacer un humilde homenaje a quienes este domingo se resistieron y se opusieron al estado demag\u00f3gico, voy a tratar de explicarme Sr. Presidente&nbsp; el pensador&nbsp; te\u00f3rico pol\u00edtico Tomas Hobbes en su momento&nbsp; tenia una obra que se llamo&nbsp; Leviatan haciendo una comparaci\u00f3n con la figura b\u00edblica de Leviatan , la serpiente mar\u00edtima expresi\u00f3n del demonio&nbsp; iba a decir leviatan es el estado&nbsp; que tiene que disciplinar, a&nbsp; ser obediente el ciudadano, la sociedad, es el te\u00f3rico &nbsp;del estado absolutista , pero detr\u00e1s de Hobbes hay una mirada antropol\u00f3gica&nbsp; Hobbes lo que sosten\u00eda&nbsp; es que el hombre como naturaleza es malo, esencialmente malo, por lo tanto hay que disciplinarlo&nbsp; para obtener el orden, la paz social , el hombre es lobo del hombre dec\u00eda Hobbes, yo entiendo&nbsp; desde mi perspectiva lo llamo el estado demag\u00f3gico porque tambi\u00e9n de fondo hay una mirada antropol\u00f3gica , el estado demag\u00f3gico y quienes lideran el estado demag\u00f3gico creen que el hombre no es un ser racional &nbsp;sino&nbsp; que&nbsp; es simplemente un numero , pero no solo eso, este ser que no es racional&nbsp; que es un n\u00famero tampoco tiene voluntad, solo tiene sentimientos y el l\u00edder del estado demag\u00f3gico tiene que manejar a gusto y placer, por lo tanto el l\u00edder demag\u00f3gico&nbsp; va a manejar a ese ser&nbsp; y considera que no es racional&nbsp; que no tiene voluntad&nbsp; y solo tiene sentimientos&nbsp; desde lo discursivo por lo tanto le va a mentir y va&nbsp;&nbsp; a creerse&nbsp; que le creen lo que le miente, entonce4s va a ir a un paraje en el cual solamente hizo diez metros de vereda&nbsp; y le va a decir Se\u00f1or yo en meses le voy a hacer&nbsp; un parador con piletas , s\u00ed, es el estado demag\u00f3gico que le hace creer que no es racional&nbsp; y le miente desde lo discursivo , juega con sus sentimientos , pero no solo eso, y esto es lo mas grave del Estado demag\u00f3gico , que juega con la necesidad y la miseria de las personas porque para ellos no son personas, son n\u00fameros, entonces aparece el plan limosna, aparece el plan migaja , aparece el plan preelectoral y llego con la bolsita de mercader\u00edas, llego con los colchones, llego con los contratos hasta diciembre , con esto te agarro, porque si no me votas esto se cae, entonces&nbsp; Sr Presidente juegan el estado demag\u00f3gico juegan con la necesidad&nbsp; de la gente y es tremendo pero esto no naci\u00f3 ahora , particularmente creo que llevamos cuarenta a\u00f1os de estado demag\u00f3gico por eso hoy tiembla el sistema de alg\u00fan modo se estas replanteando el sistema democr\u00e1tico que lo ha manejado el estado demag\u00f3gico&nbsp; que el l\u00edder&nbsp; del estado demag\u00f3gico cree que no somos racionales y que no tenemos voluntad .Ahora c\u00f3mo se vence el estado demag\u00f3gico , con eso con racionalidad y con voluntad y cual es la racionalidad en las elecciones&nbsp; el voto pensado , aquel que en el cuarto oscuro ., piensa racionalmente&nbsp; elige su voto y por una acto voluntario tremendo acto voluntario de vencer el miedo del l\u00edder de turno&nbsp; que esta diciendo se te cae el plan , se te cae el contrato, venciendo voluntariamente ese&nbsp; miedo, racionalmente vota lo que cree lo que quiere y lo que considera conveniente, y el domingo en gran parte triunf\u00f3 esa gente,&nbsp; mucho de los que tuvieron miedo no votaron el estado demag\u00f3gico , es to significa que lo que viene va a ser distinto , no s\u00e9 no prevemos el futuro , deseamos que sea distinto , rogamos&nbsp; que sea distinto, entonces a todos esos se\u00f1ores ciudadanos que de manera secreta en el cuarto oscuro y que no fue necesario sacar la fotito para demostrar a quien estaban votando , vencieron el miedo y actuaron racionalmente&nbsp; y vencieron el estado demag\u00f3gico . \/ Seguidamente en uso de la palabra la concejal CAMIOLO&nbsp; expresa Buenos d\u00edas a mis colegas, buenos d\u00edas a los concejales electos colegas tambi\u00e9n y a todas las visitas que tenemos. En cierto punto mi homenaje est\u00e1 dirigido a las militancias de Malarg\u00fce, pude el domingo ver una jornada de much\u00edsimo&nbsp; respeto, respeto que a veces no tenemos desde las diligencias , pero s\u00ed lo pude ver en las mesas&nbsp; en cada una de las escuelas , una jornada que&nbsp; se llev\u00f3 adelante con mucha transparencia y tranquilidad . los cierres por ah\u00ed siempre tienen alguna an\u00e9cdota para contar , pero s\u00ed el d\u00eda domingo fue una jornada democr\u00e1tica linda, para recordar en el Departamento , creo que la ciudadan\u00eda nos da mejores muestras de lo que a veces&nbsp; vuelvo a decir en las dirigencias no se ha terminado de comprender , en ese punto tambi\u00e9n homenajear a todas las personas que como dec\u00eda el concejal&nbsp; preopinante, pudieron hacerlo en libertad , con alegr\u00eda, ese voto de esperanza&nbsp; que lamentablemente en el 2019 deposit\u00f3 hacia Juan Manuel Ojeda&nbsp; que ha sido el intendente m\u00e1s votado de la historia&nbsp; de Malarg\u00fce, es decir que la vez que m\u00e1s la gente confi\u00f3 en un dirigente, es la vez que m\u00e1s la gente se termina sintiendo decepcionada. Yo como joven de la pol\u00edtica tambi\u00e9n&nbsp; creo que el coletazo va a toda la juventud que quiere representar a su Departamento porque lamentablemente la muestra fue desde un lugar de soberbia y no de renovaci\u00f3n lo que por ah\u00ed siempre se pide puertas adentro&nbsp; de un partido, la renovaci\u00f3n, y cuando hubo renovaci\u00f3n&nbsp; pas\u00f3 lo que pas\u00f3. Yo lo lamento de verdad lo lamento porque lo hemos vivido en carne propia Sr. Presidente porque este lugar ha sido v\u00edctima de atropellos , de insultos, los concejales hasta hemos tenido&nbsp; que acudir a la justicia y a la polic\u00eda, a las fuerzas de seguridad para frenar esc\u00e1ndalos . lo lamento tambi\u00e9n porque todav\u00eda no frenan se\u00f1or Presidente y los murmullos de Malarg\u00fce&nbsp; se escuchan fuerte y ac\u00e1 resuenan en el Concejo Deliberante , siguen queriendo organizar no s\u00e9 qu\u00e9 tipo de piquetes , qu\u00e9 tipo de protesta , la verdad que espero que reflexionen , que respeten a la ciudadan\u00eda , que respeten a la democracia&nbsp; que hoy ve en el contador Celso Jaque&nbsp; a un nuevo intendente , que respeten esa decisi\u00f3n mayoritaria y en primer lugar que hagan una autocr\u00edtica , nosotros la renovaci\u00f3n de bancas lleva un poquito mas de un a\u00f1o&nbsp; y no pudimos ver una sola muestra de&nbsp; autocr\u00edtica , nos cost\u00f3 much\u00edsimo, llamar a la autocr\u00edtica y a la reflexi\u00f3n&nbsp; y hemos convocado Sr. Presidente y hemos hablado y hemos intentado&nbsp;&nbsp; desde las comisiones de trabajo articular como equipos de gobierno&nbsp; y realmente ha sido casi imposible &nbsp;, si algo queda de la&nbsp; dignidad pol\u00edtica, respetando&nbsp; esto que digo, que fue el equipo m\u00e1s&nbsp; votado de la historia de Malarg\u00fce , si algo de dignidad queda, che, terminemos la fiesta en paz. Por favor, vuelvo a decir hay murmullos, hay grupos&nbsp; de wasap, hay gente&nbsp; que se est\u00e1 queriendo amotinar, no se olviden que en el cambio anterior , del gobierno anterior, hubieron persecuciones &nbsp;, no por nada el concejal aqu\u00ed a mi izquierda tuvo que presentar &nbsp;&nbsp;proyectos para que pararan las&nbsp; persecuciones , proyecto que fue aprobado por amplia mayor\u00eda , no nos podemos olvidar , tenemos memoria la mayor\u00eda de ac\u00e1 hace ocho a\u00f1os ya era grande , as\u00ed que tenemos memoria , cuidemos primeramente a la democracia porque por supuesto que est\u00e1 tambaleando&nbsp; por sus propios hacedores , entonces&nbsp; cuidemos eso&nbsp; vuelvo a decir, hay gente que ha mostrado much\u00edsima altura pol\u00edtica&nbsp; incluso gente que rodea al se\u00f1or intendente&nbsp; que demuestra&nbsp; todos los d\u00edas una gran altura pol\u00edtica y hay gente que demuestra lamentablemente junto con \u00e9l , solo realizan este tipo de actos&nbsp; que para la democracia son nefastos no para las personas o para con las personas sino para la democracias. Mi reflexi\u00f3n es que tenemos procesos&nbsp; que respetar, tenemos procesos que en lo que viene en lo sucesivo en lo que nosotros como concejales creo que hemos demostrado estar del lado del vecino , estar intentando la equidad, no es f\u00e1cil a veces ser ecu\u00e1nime porque todos tenemos ideolog\u00edas, todos tenemos sentimientos , pensamientos y reflexiones distintas , pero hemos intentado cuidar&nbsp; esta ecuanimidad , no ha sido f\u00e1cil cuando te insultan , cuando te agreden, cuando te patotean , sin embargo s\u00e9 que esto quiz\u00e1s sea innecesario decirlo al Cuerpo de concejales , pero intentemos mantenernos en ese&nbsp; punto del equilibrio &nbsp;, seguiremos trabajando por&nbsp; Malarg\u00fce , a nosotros no nos cambia nada, el cambio de gobierno nos cambia en responsabilidades , no porque las vamos a seguir teniendo , en criterios tampoco porque los hemos tenido y creo que han sido los que han permitido&nbsp; hoy que muchas cosas que permanec\u00edan ocultas&nbsp; salieran a la luz, creo que es el mismo criterio el que nos tiene que mantener y en este punto quien hoy nos necesita unidos no es un intendente electo sino la ciudadan\u00eda , en ese punto decir que , bueno espero, que todas las renovaciones partidarias&nbsp; reflexionemos&nbsp; mucho,&nbsp; no nos dejemos&nbsp; llevar por las ambiciones personales&nbsp; y pensemos como Malarg\u00fce&nbsp; puede crecer porque la gente nos da esa confianza en la renovaci\u00f3n, la gente da la confianza, la renovaci\u00f3n de hecho yo tambi\u00e9n&nbsp; agradezco porque hay mucha gente&nbsp; que da la confianza a esta renovaci\u00f3n , pero no traicionemos la confianza de la gente , es lo peor que podemos hacer , no les vamos a poder mirar la cara despu\u00e9s el teorema de Baglini dice&nbsp; que mientras mas lejos est\u00e1 el poder m\u00e1s grandes e irresponsables son las promesas . Baglini un ex legislador radical a quien tuve el gusto de conocer el dec\u00eds esto y yo dec\u00eda , bueno la actual&nbsp; intendencia hab\u00eda roto con ese teorema , porque lamentablemente sus propuestas&nbsp; eran megal\u00f3manas y sab\u00edamos que muy dif\u00edciles de cumplimiento , sin embargo hoy volvemos a afirmar ese teorema. Es as\u00ed mientras m\u00e1s lejos se est\u00e1 del poder, m\u00e1s imposibles son las propuestas de campa\u00f1a. Y realmente vimos una campa\u00f1a&nbsp; que se&nbsp; iba a cuestiones&nbsp; que ya no se cumplieron&nbsp; y traicionaron&nbsp; a la confianza de los ciudadanos simplemente esa reflexi\u00f3n , agradecer a mis colegas que para mi siempre es un placer&nbsp; trabajar con ellos m\u00e1s all\u00e1 de que seamos de distintas ideolog\u00edas, y bueno el compromiso redoblado para seguir trabajando as\u00ed.\u201d\/\/ Seguidamente en uso de la palabra la concejal VARAS&nbsp; quien , luego de los saludos de forma expresa&nbsp; saludar a toda la gente que particip\u00f3 de las elecciones este domingo, reconocer que por ah\u00ed nosotros que estamos&nbsp; en la pol\u00edtica o en este trabajo lo vemos diariamente, la gente est\u00e1 muy enojada con nosotros pero hemos sido en parte los art\u00edfices como dice Silvina, la militancia y los partidos pol\u00edticos, somos siempre los que hacemos posible&nbsp; que la jornada democr\u00e1tica se realice con normalidad&nbsp; y con la transparencia&nbsp; digamos lo mejor que se pueda,&nbsp; en transparencia, lo real es que el domingo vivimos una nueva jornada de festejos , porque el hecho de poder ir y elegir tiene que ser motivo de festejo por m\u00e1s de que la gente est\u00e9 enojada, por m\u00e1s que muchas veces no nos gusten los candidatos, yo siempre lo digo, la gente no quiere involucrarse pero en realidad todos los lugares que dejemos vac\u00edos los van a ocupar justamente los corruptos,&nbsp; o los que no queremos que lleguen al poder, as\u00ed que es muy importante ir y participar y desde nuestro peque\u00f1o lugar, ejercer este derecho y este poder de elecci\u00f3n. Voy a citar una frase que no es de mi colega Palma pero la ha tra\u00eddo a mi memoria en estos \u00faltimos d\u00edas y me parece que puede hacer una analog\u00eda perfecta para lo&nbsp; que ha pasado con la actual gesti\u00f3n, sobre todo con&nbsp; quien la conduce, la frase dice \u201cPuedes enga\u00f1ar&nbsp; a todo el mundo alg\u00fan tiempo, puedes enga\u00f1ar a algunos todo el tiempo , pero no puedes enga\u00f1ar a todo el mundo todo el tiempo\u201d, y eso es lo que ha quedado reflejado el domingo en las urnas. Yo realmente auguro a quien por voluntad popular,&nbsp; ha sido elegido para conducir el destino de este Departamento a partir&nbsp; de diciembre, auguro el mayor de los \u00e9xitos , tiene un desaf\u00edo tremendo, por delante , un municipio por el piso, pero tambi\u00e9n para los ojos de la ciudadan\u00eda va a ser simple, miren es bastante parad\u00f3jico va a ser muy simple conque solamente veamos que se cumplen los servicios b\u00e1sicos, alumbrado, barrido y limpieza. , ya eso le va a cambiar la cara a nuestro Departamento. Y estoy segura que el contador Celso Jaque con eso va a poder cumplir y seguramente espero, nos de muchas m\u00e1s satisfacciones. Realmente no desde lo partidario porque no lo comparto pero s\u00ed como una ciudadana de Malarg\u00fce que tiene ganas de estar feliz en el departamento en el que vive. . Ah lo ultimo y esto es como un mensaje me acuerdo que siempre el&nbsp; actual intendente&nbsp; se preocupaba o festejaba el tema de&nbsp; haber ganado con tanta diferencia de votos y esto lo convert\u00eda en una persona que hab\u00eda hecho historia, en el Departamento y la verdad es esa&nbsp; para cerrar decirle que se quede tranquilo&nbsp; que \u00e9l y syu gesti\u00f3n van a ser recordados por Malarg\u00fce mucho tiempo despu\u00e9s veremos porqu\u00e9 , ero que se quede tranquilo que ha hecho historia. \/&nbsp; Seguidamente el concejal PALMA&nbsp; expresa .. luego de saludar \u201c El domingo se llev\u00f3 adelante una hermosa fiesta democr\u00e1tica y yo siempre lo voy a celebrar&nbsp; y creo que eso se debe respetar coincido con lo que dec\u00eda la concejal Camiolo, &nbsp;&nbsp;&nbsp;con lo que expreso el concejal Parada y la concejal Varas. Es momento de reflexionar, nosotros lo venimos planteando&nbsp; hace un mont\u00f3n de tiempo&nbsp; de las peleas sin sentido&nbsp; de di\u00e1logo una falta de construcci\u00f3n&nbsp; una falta de respeto, no ayuda a la democracia, el creerse due\u00f1o de las instituciones, el creerse que puede avasallar , no est\u00e1 bueno. La frase que reci\u00e9n mencionaba mi colega, es muy cierto , uno puede durante muy poquito tiempo enga\u00f1ar, pero no a todos todo el tiempo , entonces eso se vio reflejado, creo que hoy es momento de hacer un an\u00e1lisis , quienes est\u00e1n en la gesti\u00f3n hasta el diez de diciembre porqu\u00e9 sucedieron las cosas que sucedieron , reflexionar porqu\u00e9&nbsp; la falta de comunicaci\u00f3n y di\u00e1logo, con esta instituci\u00f3n, y todas las cosas que creo que ahora van a empezar a caer de su lugar&nbsp; y los van&nbsp; a hacer reflexionar&nbsp; espero y quiero creer eso, a quienes vienen y tienen la nueva responsabilidad&nbsp; decirles que Malarg\u00fce necesita di\u00e1logo, necesita construcci\u00f3n necesita que trabajemos en conjunto , esto no se saca adelante ni uno ni el otro, ni un color ni el otro, nosotros debemos respetar nuestras ideolog\u00edas pol\u00edticas, s\u00ed, pero creo que rodos los que estamos ac\u00e1 estamos porque queremos ver un Malarg\u00fce mejor, entonces, tenemos que tener la altura suficiente como para pensar que mas alla de las ideolog\u00edas las construcciones deben ser en beneficio de , y el beneficio ese es Malarg\u00fce hay que levantarlo porque como est\u00e1, no hace falta que&nbsp; yo lo recuerde , no hace falta que le diga&nbsp; al vecino lo que est\u00e1 mal y lo que est\u00e1 bien &nbsp;, el vecino lo vio y lo reflej\u00f3 en las urnas, los votos no son ni de &nbsp;uno ni de otro los votos son del pueblo.,el pueblo elige. Y hoy eligi\u00f3. Al futuro intendente decirle que esta instituci\u00f3n siempre va a estar a disposici\u00f3n de acompa\u00f1ar el desarrollo&nbsp; y el crecimiento de Malarg\u00fce con los controles que se deben hacer por parte de esta instituci\u00f3n, estas instituciones no son escriban\u00edas de gobierno del gobierno de turno n i lo deben ser nunca, entonces pedimos el respeto, ponemos a disposici\u00f3n el acompa\u00f1amiento que obviamente siempre ha tenido hist\u00f3ricamente desde el inicio de la democracia a la fecha y a trabajar, no hay mas que remangarse&nbsp; y ponerse a trabajar , a los ingresantes les deseo el mejor de los \u00e9xitos , sepan que van a encontrarse con un grupo humano excelente , el personal sobre todas las cosas es excelente , entre nosotros vamos a tener seguramente nuestras diferencias , pero son diferencias, no son enemistades, ni significa que somos enemigos, eso siempre t\u00e9nganlo presente&nbsp; , las discusiones que se pueden dar aqu\u00ed, terminan aqu\u00ed , afuera hay que seguir construyendo , entonces es desearles el mejor de los \u00e9xitos, y esperarlos por aqu\u00ed el 10 de diciembre\u201d\/\/ Seguidamente la concejal ROJO&nbsp;&nbsp; expresa&nbsp; luego de saludar , bueno ya estamos demostrando creo que el proceso de transici\u00f3n paulatino&nbsp; con la presencia de los concejales electos, este domingo anterior, as\u00ed que sean bienvenidos y la apertura de esta casa&nbsp; para cualquiera de loa cinco concejales que van a ingresar&nbsp; y nos reemplazaran dentro de muy poquito tiempo y haciendo alusi\u00f3n a las palabras que ya desarrollaron y llevaron a cabo mis compa\u00f1eros,&nbsp; a los cuales ya como que la nostalgia nos empieza&nbsp; a invadir, porque bueno , justamente, pensando al haber asistido y participado en el izamiento de la Ense\u00f1a&nbsp; Patria , justamente hoy mi ultimo paso a la bandera, &nbsp;&nbsp;&nbsp;pero m\u00e1s all\u00e1 de eso de todo lo que significaba para nosotros durante estos cuatro a\u00f1os&nbsp; que se van a cumplir este diez de diciembre, donde hemos demostrado nosotros por supuesto,&nbsp; integrantes de un frente que en el a\u00f1o 2019 cuando tuve la oportunidad de haber ingresado a este Concejo con una muy buena campa\u00f1a electoral, con un muy buen acompa\u00f1amiento&nbsp; hasta ese momento con un buen dirigente, en el cual plasmamos&nbsp; y pusimos todas las expectativas y como lo hizo pr\u00e1cticamente&nbsp; malarg\u00fcinos. Lamentablemente con el tiempo &nbsp;se fue desgastando , la situaci\u00f3n, esas&nbsp; ganas que hab\u00edan en ese momento lamentablemente tambi\u00e9n fuimos nosotros concejales del mismo frente y creo que en mas&nbsp; de una oportunidad lo he mencionado&nbsp; a quienes nos sentaron en el banquillo de los acusados&nbsp; por cuestiones que pod\u00edan haber sido manejadas de manera interna de manera directa, entre Ejecutivo y concejales porque somos nosotros los que est\u00e1bamos representando a ese&nbsp; Frente lamento&nbsp; que la situaci\u00f3n no haya sido dada como se pens\u00f3 como se so\u00f1\u00f3 durante todo el 2019 como lo vinimos apostando tambi\u00e9n de esa manera porque l\u00f3gicamente &nbsp;ten\u00edamos que cumplir con expectativas que se plantearon durante todo ese a\u00f1o, perspectivas que no se vieron visibilizadas que no fueron planificadas que no se programaron, bueno este domingo ac\u00e1 est\u00e1n los resultados, me duele l\u00f3gicamente porque, tuvimos en ese momento una muy buena elecci\u00f3n tuvimos la oportunidad tambi\u00e9n de revertir la situaci\u00f3n de bancas del Concejo Deliberante y me duele porque no tuvimos el acompa\u00f1amiento que consideramos que hubi\u00e9semos tenido &nbsp;y que el trabajo en equipo al que siempre apel\u00e9 porque yo desde distintos organismos en los que participe antes de ingresar al Concejo Deliberante era siempre nuestro lema, y que creo que tambi\u00e9n se ha plasmado &nbsp;. en estos concejales mas all\u00e1 de las renovaciones, que se est\u00e1n teniendo durante este tiempo y esas diferencias fueron marcando paulatinamente se refleja den este ultimo domingo. L\u00f3gicamente que no es necesario de &nbsp;mi parte no voy a echar culpas a nadie&nbsp; yo creo que la gente l\u00f3gicamente decidi\u00f3&nbsp; y respeto l\u00f3gicamente esa decisi\u00f3n y para terminar simplemente agradecer a quienes nos acompa\u00f1aron este tiempo&nbsp; a quienes nos acompa\u00f1aron en el 2029 pedir disculpas en nombre de quienes , trabajamos austeramente&nbsp; durante ese a\u00f1o&nbsp; que esas expectativas no se hayan cumplido no se hayan concretado&nbsp; y las disculpas quiz\u00e1s no las deber\u00eda pedir yo, pero como represento a un frente &nbsp;en este Concejo Deliberante y me parece para finalizar decir simplemente que se cosech\u00f3 lo que se sembr\u00f3 \u201c \/\/ En uso de la palabra la concejal CORREA expresa luego de los saludos, bueno la verdad que mi homenaje va a ser cortito porque no quer\u00eda dejar pasar este momento , porque el resto de los concejales ya lo hab\u00edan hecho, pero es muy importante saludar, hoy a cada uno de los ciudadanos de Malarg\u00fce. , creo que el domingo ha sido un d\u00eda muy especial y esta semana va a ser una semana muy especial, porque una vez mas cada uno de nuestros vecinos , como dec\u00eda uno de los concejales ha renovado su esperanza y eso es muy importante para cada uno , no solamente como ciudadano sino en lo personal, pero la verdad&nbsp; que a Malarg\u00fce le hac\u00eda falta eso, renovar la esperanza, bien dec\u00eda que con solo ver el alumbrado, barrido y limpieza hecho en Malarg\u00fce ya estar\u00edamos contentos yo creo&nbsp; que s\u00ed. Yo creo que todos so\u00f1amos con una ciudad &nbsp;cuidada, una ciudad organizada ,la verdad que hace unas horas nada m\u00e1s recorriendo un poquito la ciudad todav\u00eda tenemos esa pena. , pero un esperanza de que todos y&nbsp; cada uno de los lugares de Malarg\u00fce, &nbsp;cambie, no s\u00e9 si en estos d\u00eda&nbsp; tuvieron la oportunidad de pasear por Malarg\u00fce&nbsp; y decir c\u00f3mo est\u00e1 la Plaza San Mart\u00edn , y esta ma\u00f1ana llegar i decir&nbsp; guau\u2026despu\u00e9s de mucho tiempo , . a alguien se le ocurri\u00f3 regarla, qu\u00e9 bueno , boulevard de la Avenida San Mart\u00edn y nos pusimos contentos cuando vimos pintura en el boulevard, pero bueno, no s\u00e9 si ser\u00e1 que a mi nada m\u00e1s no me gusta pero estamos poniendo cualquier cosa cualquier color al boulevard de la Avda. San Mart\u00edn, dije, bueno es el verde es un color&nbsp; verde esperanza quiz\u00e1s a alguno se le ocurra cambiarlo, no ni siquiera un verde esperanza es un verde manzana no veo coordinaci\u00f3n , me vuelvo a poner en el lugar del vecino , bueno falta poco, poco para que&nbsp; empiece a verse de otra manera , no solamente plaza San Mart\u00edn, el Barrio Mart\u00edn G\u00fcemes, la plaza Independencia , la verdad&nbsp; que da una pena&nbsp; muy grande, pero tambi\u00e9n pas\u00e9 por ah\u00ed y dije &nbsp;&nbsp;&nbsp;yo s\u00e9 que va a cambiar, estoy segura que va a cambiar , veo mucha gente trabajando en estos d\u00edas en el Departamento y saben qu\u00e9 tambi\u00e9n los felicito que est\u00e9n ellos ah\u00ed, est\u00e1n poniendo ellos la cara &nbsp;y est\u00e1n tratando de darle a cada uno de los vecinos una esperanza, est\u00e1n tratando de hacer de aportar un granito de arena para que Malarg\u00fce se vea un poquito mejor , con las herramientas que tienen con los colores de pintura con lo que les han dado. Pero bueno es lo &nbsp;&nbsp;&nbsp;&nbsp;&nbsp;&nbsp;&nbsp;&nbsp;&nbsp; que est\u00e1n tratando de mejorar por eso dec\u00eda que mi homenaje iba a ser muy cortito que bueno casi todos han dicho muchas cosas y muy importantes , pero no quer\u00eda dejar pasar yo en lo personal , saludarlos a cada uno y bueno estamos a muy poco tiempo de que las cosas empiecen a cambiar , pero hoy cada uno de nosotros puede hacer que sea hoy el d\u00eda para empezar a cambiar .nada m\u00e1s, la verdad que pensaba en las palabras de la concejal Rojo, la escuch\u00e9 emocionada y tambi\u00e9n me emocion\u00f3 a m\u00ed&nbsp; porque la entiendo y m\u00e1s all\u00e1 de todas nuestras diferencias &nbsp;nos hemos llevado muy bien con la concejal Rojo y entiendo su angustia y la verdad que la compart\u00eda creo que esa sensaci\u00f3n que ella tiene tambi\u00e9n la tuvieron muchos malarg\u00fcinos , incluso nosotros porque cuando llegamos al Concejo Deliberante llegamos con la intenci\u00f3n de aportar un granito de arena&nbsp; para que las cosas cambiaran, que no importaba de quien era&nbsp; el color pol\u00edtico que estaba en la esquina , era qu\u00e9 pod\u00edamos hacer nosotros para que Malarg\u00fce cambiara. Nada m\u00e1s, y nuevamente homenajear y&nbsp; felicitar a cada uno de los malarg\u00fcinos&nbsp; que emiti\u00f3 su voto el d\u00eda domingo &nbsp;&nbsp;&nbsp;&nbsp;&nbsp;y bueno acompa\u00f1arlos con la alegr\u00eda y la esperanza&nbsp; y realmente tambi\u00e9n deseo que la nueva gesti\u00f3n pueda hacer de este Malarg\u00fce el Malarg\u00fce que todos queremos, un Malarg\u00fce mejor.\u201d\/\/Seguidamente en uso de la palabra el concejal ROSAS expresa :La verdad que es una ma\u00f1ana complicada para hacer uso de la palabra , porque es como que ya estamos todos con un nudito en la garganta, a pesar de que mi vecino es el que tiene corbata, yo no, pero tengo un nudo ac\u00e1. Comparto plenamente las palabras que dijeron todos los concejales ac\u00e1&nbsp; esta ma\u00f1ana, todos los colegas, pero particularmente la colega Rojo, creo que sentimos claramente una mezcla de&nbsp; sentimientos ser\u00eda, no porque llegamos con tantas ilusiones nosotros a trabajar a este Concejo Deliberante&nbsp; , en pol\u00edtica ,llegamos a hacer tantas cosas&nbsp; y ya ver que nos faltan sesenta d\u00edas , creo si no me equivoco y logramos&nbsp; muy poquito&nbsp; pero no fue por falta de voluntad, de fuerza, o se ganas , no nos permitieron realmente. Entonces s\u00ed quiero desearles a los nuevos colegas futuros que van a ingresar , que los acompa\u00f1e la suerte, que tengan esa quiz\u00e1s bendici\u00f3n de Dios de llegar en un momento justo donde puedan lograr cumplir los sue\u00f1os y las metas que los trajeron a&nbsp; este lugar , porque todos llegamos cargados con much\u00edsimas metas, con much\u00edsimas necesidades de nuestros vecinos y donde tra\u00edamos una ilusi\u00f3n terrible de solucionar cosas&nbsp; para toda la gente tanto de la ciudad como del campo. &nbsp;.pero bueno no tuvimos nosotros esa suerte , no tuvimos el apoyo , no tuvimos la posibilidad, no tuvimos el dinero , no tuvimos el dedo levantado de hacer las cosas, entonces s\u00ed quiero decirles a ustedes, y al futuro e\u00bf intendente, y m\u00e1s all\u00e1 del partido pol\u00edtico como lo coment\u00f3 la concejal Daiana Varas, el deseo como malarg\u00fcinos , como esos malarg\u00fcinos que me toco ver all\u00e1 en Agua Escondida mientras votaban el domingo, con alegr\u00eda andaba la gente a pesar de que esta atravesando a\u00f1os dif\u00edciles y quiz\u00e1s m\u00e1s dif\u00edciles que los que estamos pasando en la ciudad, por el motivo de que hay una sequ\u00eda terrible&nbsp; y otra parte donde les afect\u00f3 el temporal&nbsp; muy grandemente y donde la ayuda que llegaba&nbsp; y justamente el domingo la verdad el d\u00eda de elecciones como una cachetada que te den tres bolsas de ma\u00edz antes de ir a la escuela a votar , creo que la gente lo entendi\u00f3 y estoy muy agradecido de la gente en la forma en que vot\u00f3 , m\u00e1s all\u00e1 de los cuatro candidatos que ten\u00edamos&nbsp; , sentirme hoy pr\u00e1cticamente parte de ese 75% que no vio las cosas bien , porque hab\u00eda un 25% que dec\u00eda que estaba todo bien como que est\u00e1bamos en el pa\u00eds de las maravillas, mientras tenemos vecinos en la ciudad, y en el campo que la est\u00e1n pasando cada vez mas mal , est\u00e1n distritos sin agua, puesteros sin que les llegue un bols\u00f3n donde no hay tampoco posibilidades&nbsp; de que tengan una jubilaci\u00f3n por la edad que ellos tienen donde no han quedado j\u00f3venes tampoco , donde no tienen caminos donde ir a visitarlos \u00b4pr\u00e1cticamente es una odisea entonces creo que la gente ha depositado la confianza en el frente que representaba el candidato Celso junto a sus concejales que hoy est\u00e1n aqu\u00ed presentes&nbsp; y creo &nbsp;&nbsp;&nbsp;&nbsp; que hay una esperanza y como malarg\u00fcino y como vecino de la zona rural , les deseo mucho \u00e9xito porque creo que es lo que nosotros quer\u00edamos hacer pero no se pudo\u201d. \/ Seguidamente el concejal HIDALGO manifiesta voy a tratar de hablar poco, ya pr\u00e1cticamente est\u00e1 todo dicho , no mas que agradecer a los vecinos y vecinas agradecer por haber ejercido su derecho al voto , por haber elegido lo que&nbsp; quiere para Malarg\u00fce , felicitar a los dem\u00e1s candidatos, tambi\u00e9n a la concejal Camiolo y al Contador Tiepo porque entiendo que el hecho de que hayan participado en estas elecciones ha sido por un sentir, el mismo sentir que tiene casi todo el&nbsp; pueblo&nbsp; que son buenos deseos para Malarg\u00fce&nbsp; , querer que todo mejore , felicitar al pueblo tambi\u00e9n a todos los vecinos y vecinas de Malarg\u00fce , por haber dicho basta, creo que eso tambi\u00e9n es importante es tiempo que se levante la voz , que se diga basta, que se pongas un freno a esto. , desde aqu\u00ed no es mucho lo que pudimos hacer&nbsp;&nbsp; lamentablemente , por haber dicho basta a todas las injusticias que tuvieron que soportar durante estos cuatro a\u00f1os, por haber dicho basta a un mont\u00f3n de represiones que no solo las sentimos nosotros aqu\u00ed &nbsp;en persona sino los empleados municipales&nbsp; los&nbsp; vecinos y vecinas . escuchaba al concejal Parada, hablar &nbsp;de Hobbes y del &nbsp;estado demag\u00f3gico&nbsp; y se me venia a la memoria que Hobbes tambi\u00e9n dec\u00eda y justificaba un estado represor&nbsp; con este concepto de que el ser humano&nbsp; es malo por naturaleza y fue justamente lo que hizo este .intendente , represi\u00f3n en un mont\u00f3n de aspectos y en un mont\u00f3n de formas , esto no lo tenemos que permitir m\u00e1s, felicitar a los vecinos y vecinas tambi\u00e9n por no solo haber dicho basta , sino haber dicho qu\u00e9 es lo que quiere para Malarg\u00fce , un Malarg\u00fce pujante como siempre decimos, nos dieron a entender que quieren un Malarg\u00fce con esperanza como dec\u00eda el concejal Rosas , un Malarg\u00fce que crezca un Malarg\u00fce que recupere la identidad que le quit\u00f3 este intendente que se va ahora en diciembre, porque destruy\u00f3 todo&nbsp; o que era emblem\u00e1tico para Malarg\u00fce lamentablemente , felicitar al pueblo tambi\u00e9n por haber dicho que prefiere un Malarg\u00fce en donde &nbsp;&nbsp;siempre prevalezca el amor antes que el odio que es lo que estuvo pasando durante estos cuatro a\u00f1os , mi solidaridad con todos mis colegas y todo mi apoyo porque todos fuimos agredidos amedrentados de un lado o del otro , algunos lo han pasado mal realmente&nbsp; y felicitarlos tambi\u00e9n porque m\u00e1s all\u00e1&nbsp; del espacio en el que cada uno est\u00e1 se animaron a reconocer lo que estaba mal, dejaron de reconocer esa cuota de esperanza para que no pase a ser obsecuencia y se plantaron en un no , esto no es lo que queremos , asi que bueno espero que esta forma&nbsp; esta altura y esta madurez pol\u00edtica que&nbsp; hemos tenido&nbsp; durante este a\u00f1o&nbsp; el cual incluso se ha demostrado ahora en la campa\u00f1a lo&nbsp; hemos podido discutir a veces un poco m\u00e1s arduo&nbsp; que otras pero s\u00ed ponernos de acuerdo en un objetivo com\u00fan en un denominador com\u00fan que es un Malarg\u00fce sano para todos contin\u00fae y estoy seguro que va a continuar porque a los concejales electos que est\u00e1n atr\u00e1s m\u00edo los conozco y s\u00e9 que tienen la altura y la madurez pol\u00edtica para poder trabajar en pos de un Malarg\u00fce mejor. Solo eso se\u00f1or Presidente mis palabras de agradecimiento y a trabajar todos desde el lugar en el que nos toque&nbsp; siempre en beneficio de Malarg\u00fce para los vecinos y&nbsp; vecinas.\u201d\/ Seguidamente PRESIDENCIA manifiesta si me permiten&nbsp;&nbsp; agradecerles a todos el trabajo que han hecho , ac\u00e1 en el Concejo hemos logrado demostrar que es posible un trabajo amplio, democr\u00e1tico , de puertas abiertas&nbsp; de escuchas y de sostener la alegr\u00eda como bandera como dec\u00eda Benedetti , as\u00ed&nbsp; que gracias a Ustedes tambi\u00e9n\u201d\/&nbsp; &nbsp;\/ c) Consideraci\u00f3n Acta Sesi\u00f3n Ordinaria N\u00b01.141- \u201cO\u201d-2.023.- Se pone a consideraci\u00f3n de los se\u00f1ores concejales y es aprobada. \/ d) Lectura del detalle de la correspondencia recibida y emitida<strong>.<\/strong><strong>&nbsp; Notas Entradas<\/strong>:1.&nbsp; Prof. Marcelo Rivarola Director de Turismo, solicita incorporaci\u00f3n de \u00edtem Comisi\u00f3n Evaluadora examen habilitante&nbsp; para gu\u00edas locales a la Ordenanza de regulaci\u00f3n de la actividad. &nbsp;Pasa a O.P.T Y R.N \/ 2. Lic. Fabi\u00e1n Monz\u00f3n Director de Escuela N\u00ba 4-138 Aborigen Americano, solicita autorizaci\u00f3n para realizar visita educativa con alumnos de 5\u00ba a\u00f1o, a fin de presenciar una Sesi\u00f3n Ordinaria. Pasa a SECRETARIA \/ 3. Prof. Marcelo Garc\u00eda Rector IES 9-018 Gdor. Celso Jaque, solicita circulaci\u00f3n de sentido \u00fanico en calles Llancanelo y 20 de Junio Pasa a O.P.T Y R-N.\/ 4. Departamento Ejecutivo eleva documentaci\u00f3n para incorporar al Expte. N\u00ba 5197\/2023-1 Veto Ordenanza N\u00ba 2.250\/2023. Pasa a H.P.L.A.C\/ 5. Sr. Jos\u00e9 Manuel Rojas, informa sobre solicitud al Departamento Ejecutivo, solicitando comodato de Puesto El Serrucho, explotado por su familia con fines agropecuarios y ganaderos. Pasa a H.P.L.A.C. con Tratamiento Preferencial &nbsp;\/6. Alumnos del Profesorado de Lengua y Literatura del IES N\u00ba 9-018 Gdor. Celso Jaque, solicitan colaboraci\u00f3n para afrontar gastos de viaje de estudio. Pasa a Secretar\u00eda de Gobierno &nbsp;\/ <strong>Notas Emitidas:<\/strong> 1. A la Sra. Secretaria de Gobierno remitiendo nota HC 487\/2023 informado direcci\u00f3n de correo institucional. \/ &nbsp;2. Al Jefe Cuarto Distrito de Direcci\u00f3n Nacional de Vialidad, Administrador General Direcci\u00f3n Provincial de Vialidad, remitiendo copia de Resoluci\u00f3n N\u00ba 361\/2023 solicitando la instalaci\u00f3n de campamentos viales sobre Ruta Nacional N\u00ba 40 y Ruta Provincial N\u00ba 186.\/ 3. Al Sr.&nbsp; Gobernador de la Provincia, Sr. Ministro de Econom\u00eda y Legisladoras Provinciales por Malarg\u00fce, Direcci\u00f3n de Ganader\u00eda, Presidente Sociedad Rural del Secano Mendocino y C\u00e1mara de Comercio y Afines,&nbsp; remitiendo copia de Resoluci\u00f3n N\u00ba 352\/2.023, solicitando la implementaci\u00f3n de Programa de Subsidios para compra de Vientres Caprinos. \/4. A Secretaria de Ambiente y Obras Privadas y Direcci\u00f3n de Ambiente remitiendo copia de Resoluci\u00f3n N\u00ba368\/2.023 mediante la cual &nbsp;se encomienda a Presidencia eleve denuncia ambiental por la situaci\u00f3n de la Cubierta Sanitaria.\/&nbsp; e) Consideraci\u00f3n de los temas que ser\u00e1n incluidos en el punto Asuntos&nbsp;&nbsp;&nbsp;&nbsp; Varios y &nbsp;&nbsp;&nbsp;&nbsp;puesta a consideraci\u00f3n de mociones de tratamientos sobre tablas de diversos &nbsp;&nbsp;&nbsp;expedientes.&nbsp; Solicita la palabra la concejal ROJO y solicita la desafectaci\u00f3n de la comisi\u00f3n de Hacienda del &nbsp;Expte.N\u00b0 2.968\/2.028-5 Departamento Ejecutivo; Habitantes del paraje Bardas Blancas&nbsp; solicitan informaci\u00f3n sobre la venta de terrenos municipales&nbsp; en Paraje de Bardas Blancas Distrito R\u00edo Grande.\/ Es un expediente que hemos analizado con mis colegas en la comisi\u00f3n de Hacienda, en la evaluaci\u00f3n de este expediente , tambi\u00e9n tuvieron la oportunidad de asistir al Paraje de Bardas Blancas, para corroborar la documentaci\u00f3n&nbsp; que se elev\u00f3 desde el Ejecutivo y en el cual hubieron algunos en ese relevamiento que se llev\u00f3 a cabo lote por lote, manzana por manzana&nbsp; y la falta de algunos vecinos que se deb\u00edan incorporar. Esto de manera presencial llevada a cabo en el&nbsp; SUM de dicho paraje y con vecinos dela localidad. Esa informaci\u00f3n fue solicitada y remitida nuevamente a este Concejo , se vuelve a corroborar, se hizo hace quince d\u00edas atr\u00e1s la reuni\u00f3n con referentes de Catastro nuevamente&nbsp; para corroborar la documentaci\u00f3n ingresada&nbsp; que no hubiese ning\u00fan tipo de errores&nbsp; y falencias para este subsidio&nbsp; que consideramos&nbsp; que es fundamental&nbsp; desde el a\u00f1o que se viene solicitando , tambi\u00e9n lo hizo uno de nuestros colegas, el concejal Francisco Parada en su momento, la solicitud de que ya sea otorgada la adjudicaci\u00f3n de cada uno de estos terrenos&nbsp; a la comunidad vecinos de Bardas Blancas algo que l\u00f3gicamente todos anhelamos&nbsp; es tener nuestro terreno propio&nbsp; y de ah\u00ed en mas los procedimientos que corresponden de mensuras y escrituras .solicito bueno en car\u00e1cter de urgente por unas cuestiones tambi\u00e9n que necesita la oficina de catastro para poder seguir trabajando en unos terrenos que hay algunos inconvenientes y que han sido subsanados y que l\u00f3gicamente esta oficina nos ha comentado en la comisi\u00f3n de Hacienda, por eso la urgencia de su desafectaci\u00f3n . \/\/&nbsp; Se pone&nbsp; a consideraci\u00f3n de los se\u00f1ores ediles y es&nbsp; aprobado .&nbsp; &nbsp;&nbsp;f) Proyectos de los Se\u00f1ores Concejales:&nbsp;&nbsp; 1. Expte.N\u00ba5.343-HC-059-2.023 Proyecto de Resoluci\u00f3n:&nbsp; Solicitar a la Direcci\u00f3n General de Escuelas la construcci\u00f3n del edificio de la Escuela N\u00b02-709 Dr. Roberto Ordenes (BLOQUE FRENTE CAMBIA MENDOZA) Autora: Concejal Paola Lorena Rojo &nbsp;, quien en uso de la palabra manifiesta Bueno la insistid ora en proyectos, sigue presentando proyectos aunque no se los vea en ejecuci\u00f3n.&nbsp; Bueno m\u00e1s all\u00e1 del comentario bueno justamente un proyecto de resoluci\u00f3n que tiene que ver con un pedido de la comunidad de la Escuela Roberto&nbsp; Ordenes&nbsp; en el cual como podemos ver en el expediente , est\u00e1 avalado por la comunidad educativa en este&nbsp; caso encabezada por su directora y algunos docentes l\u00f3gicamente pap\u00e1s de la escuela, la cual se inicia en el a\u00f1o 2008 justamente para integrar a todos aquellos j\u00f3venes entre catorce y veinti\u00fan a\u00f1os de edad que por sus condiciones presentan diferentes capacidades, condiciones especiales&nbsp; y que l\u00f3gicamente una vez finalizados sus estudios en la escuela de nivel primario la Escuela Maurin Navarro, no ten\u00edan un espacio donde poder continuar con su educaci\u00f3n digamos formal, se crea esta instituci\u00f3n en el a\u00f1o 2008 con una formaci\u00f3n integral laboral&nbsp; para ense\u00f1ar diferentes oficios y l\u00f3gicamente generar una educaci\u00f3n educativa&nbsp; y de inclusi\u00f3n sobre todo. En el a\u00f1o 2018 por una resoluci\u00f3n de la Direcci\u00f3n General de Escuelas , ya se la considera de formaci\u00f3n integral , como todas, como la mayor\u00eda de las instituciones educativas de ocupar antes de tener su edificio propio ,un edificio alquilado ,o haber estado desarrollando sus actividades fundamentales como es le caso que les coment\u00e9 la semana pasada, el caso de la Escuela Eugenio Iszaky la cual en este momento est\u00e1 desarrollando sus actividades deportivas ,&nbsp; sigue a\u00fan sin su edificio propio ,&nbsp; a pesar de que ya tiene un terreno que tambi\u00e9n lo pueden ver en el expediente que est\u00e1 ubicado en calle Fray Francisco Inalic\u00e1n y la calle Alonso .un terreno que hemos constatado que sigue perteneciendo a esta instituci\u00f3n, y de la cual ya hay tres pedidos&nbsp; en la legislatura de la provincia, de la construcci\u00f3n de este edificio , tres pedidos l\u00f3gicamente de legisladores de nuestro departamento hace muy poquito en el a\u00f1o 2022 fue el ultimo que se present\u00f3 para que fuera incluido en el presupuesto 2023&nbsp; de los cuales no ha habido respuesta , por eso nuestra insistencia, por eso sabemos que las matriculas de los establecimientos educativos&nbsp; del Departamento de Malarg\u00fce a\u00f1o a a\u00f1o se va incrementando. Actualmente esta escuela consta de una matricula de 56 alumnos con discapacidades diferentes , un plantel de docentes que l\u00f3gicamente del 2008 a la actualidad se increment\u00f3. Tanto ese plantel&nbsp;&nbsp; &nbsp;&nbsp;docente como esa matricula de alumnos en el edificio que actualmente hoy ocupan&nbsp; es un edificio que comparten con la Escuela Maurin Navarro&nbsp; y la Escuela Maurin Navarro tambi\u00e9n se ha expandido , lo hj3emos manifestado en otras sesiones donde ya tienen pr\u00e1cticamente 300 alumnos donde tambi\u00e9n el espacio es limitado para esta escuela, para la escuela Roberto&nbsp; Ordenes tambi\u00e9n es limitado, solamente son dos aulas con las que cuentan para poder desempe\u00f1ar actividades varias y dos aulas para actividades de capacitaci\u00f3n laboral u oficios. L\u00f3gicamente con cuatro aulas para 56 alumnos y con discapacidades&nbsp; &nbsp;diferentes es muy acotado , el edificio esta adaptado a medias para alumnos y para las actividades que tienen que desarrollar&nbsp; por lo&nbsp; cual solicitamos nuevamente ya seria pr\u00e1cticamente el cuarto pedido acompa\u00f1ando l\u00f3gicamente a los legisladores que ya lo han hecho como precedente y esto tambi\u00e9n para los legisladores que est\u00e1n represent\u00e1ndonos al Departamento de Malarg\u00fce&nbsp; , y para los que ingresaran de manera muy pronta para que se considere la construcci\u00f3n&nbsp; que es lo que apelamos de la Escuela Roberto Ordenes de Malarg\u00fce&nbsp; y que en una nota bastante significativa&nbsp; plantea su directora la necesidad de este edificio y como lo digo desde el 2008 a la actualidad no cuente con un edificio &nbsp;l\u00f3gicamente como siempre hablamos la educaci\u00f3n no es un gasto sino que es una inversi\u00f3n y por lo tanto de este Concejo volvemos a apelar a la construcci\u00f3n del edificio. Solicita que pase a O.P.T Y R.N&nbsp; y H.P.L.A.C \/La concejal VARAS&nbsp; solicita&nbsp; acompa\u00f1arla con la firma primero porque considero que la mayor o la mejor pol\u00edtica publica tiene que ser en este pa\u00eds sobre todo la construcci\u00f3n de escuelas y segundo para aclarar&nbsp; que mas all\u00e1 del chistee digo en lo particular hemos presentado en estos cuatro a\u00f1os como doscientos proyectos y mas o menos cinco se han ejecutado , entonces eso demuestra una vez mas la diversidad , la enorme diversidad de interese que hemos tenido estos concejales&nbsp; respecto del futuro de nuestro departamento y la enorme falta de voluntad pol\u00edtica de quien lo conduce, situaci\u00f3n que espero que se revierta a partir de diciembre y adem\u00e1s celebro que la concejal Rojo siga interesada en presentar proyectos, porque tambi\u00e9n entiendo que la nueva camada de concejales que conformen esta instituci\u00f3n van a hacer de ellos seguramente una realidad. \/\/&nbsp; &nbsp;&nbsp;2. Expte.N\u00b05.344-HC 059-2.023 Proyecto de Ordenanza:&nbsp; Implementar el Programa Municipal \u201cPromotores de Huertas\u201d dependiente de la Incubadora de Empresas. (BLOQUE FRENTE CAMBIA MENDOZA) Autora: Concejal Paola Lorena Rojo quien en uso de la palabra expresa&nbsp; el objetivo de este proyecto es justamente fortalecer por ah\u00ed algunos oficios&nbsp; y algunas&nbsp; culturas que se han ido perdiendo en el departamento de Malarg\u00fce , bueno por cuestiones que por ah\u00ed vamos mas al facilismo y al tema de ir y pedir y que me lo otorguen , en este tema volver a una cultura que creo que la mayor\u00eda de nosotros hemos sido &nbsp;criados bajo ese lineamiento el tema de tener esa posibilidad de que cada uno de nosotros o cada una de las familias de Malarg\u00fce vuelvan a este oficio de tener&nbsp; de cultivar los alimentos&nbsp; que l\u00f3gicamente uno puede llegar a consumir y l\u00f3gicamente siempre son de bajo costo . el proyecto tiene plasmado dos objetivos fundamentales justamente uno es capacitar a personas que tengan intenci\u00f3n&nbsp; de ser promotores de huertas esto l\u00f3gicamente con un reglamento establecido. El proyecto tiene un articulado&nbsp; bastante amplio, donde participen en este caso instituciones como es el&nbsp; INTA como es SENASA como es el IDR&nbsp; como es Agricultura Familiar instituciones u organismos que tienen la capacidad de asesorar a estos agentes&nbsp; de cambio en este tipo de actividades bajo como autoridad de aplicaci\u00f3n que&nbsp; seria bueno uno de los entes que&nbsp; tendr\u00eda que fomentar este tipo de actividades &nbsp;de promulgarlos&nbsp; de acompa\u00f1ar justamente a la Incubadora de Empresas donde l\u00f3gicamente&nbsp; uno de los primeros objetivos de esta instituci\u00f3n &nbsp;de llevar a cabo difundir diferentes pol\u00edticas&nbsp; y diferentes actividades&nbsp; que tienen que ver con el trabajo con el ganarnos lo&nbsp; que cada uno&nbsp; cosechando y sembrando como dije anteriormente&nbsp; y lo otro es tambi\u00e9n&nbsp; no solamente los promotores de huertas que acompa\u00f1ar\u00edan a los horticultores&nbsp; que serian aquellas familias&nbsp; que est\u00e9n interesadas en incluirse en este programa&nbsp; y est\u00e1 destinado a un grupo&nbsp; pueden ser grupos vulnerables como&nbsp; son las personas que no tengan empleo&nbsp; , instituciones educativas , ONG como por &nbsp;ejemplo uniones vecinales , instituciones por ejemplo tambi\u00e9n&nbsp; se da uniones vecinales , instituciones deportivas y bueno y todo aquel que este interesado&nbsp; en la fomentaci\u00f3n&nbsp; de este programa que l\u00f3gicamente tiene que ver mucho con el volver a la cultura del trabajo&nbsp; como lo dije anteriormente , el de insistir&nbsp; en esta pol\u00edtica&nbsp; de alimentaci\u00f3n de subsistencia y que bajo todos aquellos que participen sigan las capacitaciones que corresponden , no todos tienen la habilidad para lo que tiene que ver con el cultivo , para el cuidado de hortalizas y otro&nbsp; tipo de alimentos y b\u00e1sicamente encomendar en esta oportunidad &nbsp;&nbsp;a la&nbsp; Incubadora de Empresas a que sea un programa efectivo&nbsp; que se lleve a cabo, que se concrete creo que es una posibilidad amplia para muchas personas que actualmente no tienen un empleo laboral, formal, que ser\u00eda tambi\u00e9n un sustento para sus familias y que tienen tambi\u00e9n un incentivo&nbsp; en el programa no solamente para los que son promotores&nbsp; sino tambi\u00e9n l\u00f3gicamente para los horticultores. Y lo que vayan a cosechar l\u00f3gicamente&nbsp; hay un incentivo en el articulado planteado. Creo que ser\u00eda un proyecto fundamental en estos tiempos donde l\u00f3gicamente la econom\u00eda no nos acompa\u00f1a no nos favorecen pero que volvamos l\u00f3gicamente a nuestras culturas ancestrales donde cada uno ten\u00eda su huertita en el fondo de la casa y actualmente muchos de ellos hoy han tenido que volver&nbsp; &nbsp;a hacerlo y lo han venido haciendo&nbsp; una cuesti\u00f3n que tambi\u00e9n se trasmite de generaci\u00f3n en generaci\u00f3n o tambi\u00e9n para ellos son culturas familiares .as\u00ed que volver a este tipo de actividades . solicito que el proyecto sea enviado a la comisi\u00f3n de E.H.M.A.S Y C no generar\u00eda gastos \/ En uso de la palabra la concejal CAMIOLO expresa simplemente agregar&nbsp; que me parece un excelente proyecto&nbsp; y hab\u00edamos estado buscando&nbsp; precedentes &nbsp;en el Concejo Deliberante&nbsp; y gratamente tengo que decir que ha habido hace muchos a\u00f1os&nbsp; un desarrollo de proyectos similares&nbsp; tenemos una&nbsp; resoluci\u00f3n del a\u00f1o 2000&nbsp; es la 464\/2000 que &nbsp;se trabaje el proyecto de la se\u00f1ora concejal , fue presentada en su ,momento por el Bloque Dem\u00f3crata&nbsp; y en esta resoluci\u00f3n es bastante abarcativa , donde adem\u00e1s se solicitan&nbsp; contar&nbsp; con parcelas para poder llevar adelante el proyecto , la compra de tractores bueno&nbsp; seria ser interesante verlo esta muy bien trabajada. Y tambi\u00e9n&nbsp; hay&nbsp; un proyecto de ordenanza,&nbsp; del Bloque Justicialista del a\u00f1o 2008&nbsp; y la ordenanza es la 1441 , pido que se tengan en cuenta porque es una&nbsp; ordenanza vigente donde habla de todas las personas que Ud. Mencion\u00f3 , pero&nbsp; son parte&nbsp; de algo que en Malarg\u00fce &nbsp;&nbsp;se llama Consejo Asesor Agr\u00edcola y que no se aplica la verdad que no funciona , por ah\u00ed el General dec\u00eda que \u201ccuando quieres que algo no salga , formes una comisi\u00f3n\u201d &nbsp;\/ojal\u00e1 que podamos romper con ese continuum , pero bueno ese&nbsp; consejo , est\u00e1 en plena vigencia la ordenanza es super interesante y si ustedes la pueden ver , despu\u00e9s los invito a que la lean , tuvo adem\u00e1s aporte de todos los bloques&nbsp; y tambi\u00e9n plantea las instituciones que la concejal ha nombrado como miembros de este consejo&nbsp; y creo que el desarrollo agr\u00edcola en Malarg\u00fce,&nbsp; tiene que ser una parte&nbsp; fundamental&nbsp; de la matriz productiva porque nosotros pensamos&nbsp; en la exportaci\u00f3n de la papa y el ajo por ejemplo hoy son los que mas divisas generan&nbsp; luego de la actividad petrolera&nbsp; en el Departamento entonces creo que necesitamos fomentarlo, trabajarlo&nbsp; es muy bueno el proyecto despu\u00e9s esta obviamente el tema huertas y pensarlo para familias , pero tambi\u00e9n pensar porque no el desarrollo industrial del producto agr\u00edcola.\/ Seguidamente el concejal PALMA en uso de la palabra&nbsp; expresa muy interesante el proyecto , pero nosotros entregamos 3600 has para el desarrollo agr\u00edcola de Malarg\u00fce que hoy tiene solamente 900 has no llegamos a las mil hect\u00e1reas cultivadas&nbsp; en el Departamento. Tenemos un parque agr\u00edcola designado, tenemos los limites asignados &nbsp;&nbsp;hay hoy una empresa trabajando all\u00ed&nbsp; pero hay mas de tres mil hect\u00e1reas para producir .entonces tenemos que mirar hacia el futuro comparto la diversificaci\u00f3n de la matriz productiva &nbsp;, no tan solo es energ\u00e9tica y extractiva sino que puede venir de la mano del desarrollo agr\u00edcola &nbsp;y de la ganader\u00eda por supuesto. &nbsp;Simplemente para acotar eso, seria muy interesante poder designar parcelas dentro de ese parque agr\u00edcola para que sean entregados en el marco de este proyecto, \/ Presidencia agrega en los \u00faltimos a\u00f1os desde las organizaciones sociales &nbsp;&nbsp;hemos logrado hacer tres huertas&nbsp; comunitarias en Cortina Forestal Barrio Carbometal y en Colonia Pehuenche&nbsp; sugiero se convoque tambi\u00e9n para su tratamiento a ese sector de la comunidad. \/ La concejal ROJO manifiesta que&nbsp; no solicita su lectura porque es bastante extenso y con la fundamentaci\u00f3n&nbsp; y comentarios que realizaron los concejales preopinantes ya es suficiente.&nbsp; Cuando es&nbsp; la hora 10:23&nbsp; la concejal CAMIOLO&nbsp; solicita un cuarto intermedio que se aprueba.&nbsp; \/&nbsp; A las 10:24 se reanuda la sesi\u00f3n.&nbsp; &nbsp;\/ 3. Expte.N\u00b05.345-HC 059-2.023 Proyecto de Resoluci\u00f3n:&nbsp; Solicitar al Gobernador de la Provincia decrete el 16 de Noviembre como feriado departamental (INTERBLOQUE ENCUENTRO-CUIDEMOS MALARG\u00dcE) Autores Concejales Francisco Parada y Silvia Correa. En uso de la palabra&nbsp; el concejal PARADA expresa&nbsp; el proyecto es solicitar al Gobernador de la Provincia&nbsp; el feriado departamental, que ejercen aqu\u00ed en el Departamento , especialmente para las instituciones que incluya&nbsp; las instituciones del Estado provincial&nbsp; y las escuelas,&nbsp; porque hace algunos a\u00f1os el gobierno provincial dej\u00f3 sin efecto los Decretos 709&nbsp; y la Resoluci\u00f3n 1288 de la DGE lo cual no le permite a la escuela cerrar las puertas&nbsp; en feriados departamentales , patronos departamentales, etc. Es un pedido que hacemos al Gobernador&nbsp; y la fundamentaci\u00f3n&nbsp; en primer lugar desde lo hist\u00f3rico&nbsp; ustedes saben el 16 de noviembre de 1950 el Gobernador Blas Brisoli aprobaba el decreto de&nbsp; Declaraci\u00f3n del Departamento &nbsp;de Malarg\u00fce. Al mes siguiente vino a Malarg\u00fce, 15&nbsp; y 16 de diciembre , el ingreso al Malarg\u00fce la Avenida San Mart\u00edn obviamente sin asfalto sin nada de eso, uno que otro auto que pod\u00eda existir&nbsp; y los ni\u00f1os de la escuelita, la \u00fanica escuelita la Escuela Rufino Ortega&nbsp; , hicieron el acto festivo&nbsp; aqu\u00ed frente al actual&nbsp; Hotel Turismo desde aquel d\u00eda&nbsp; en Malarg\u00fce , no hubo a\u00f1o en el cual no se festejo&nbsp; el 1t de noviembre, teniendo como epicentro , el desfile c\u00edvico militar , pero adem\u00e1s tiene que ver con la fundamentaci\u00f3n&nbsp; desde lo comunitario , porque el 16 de noviembre&nbsp; convoca a todas la comunidad de Malarg\u00fce , no solo a los entes p\u00fablicos , quien no ha visto desfilar a clubes, asociaciones , agrupaciones gauchas&nbsp; y all\u00ed estamos y me parece que&nbsp; esto de no permitir esta cierta autonom\u00eda&nbsp; a los departamentos y que se involucren las instituciones&nbsp; provinciales al 16 de noviembre&nbsp; nuestro d\u00eda departamental lo perjudica bastante, as\u00ed que&nbsp; no pedimos ni siquiera la lectura del articulado&nbsp; y que pase por favor&nbsp; a la comisi\u00f3n de E.H.NM.A.S Y C. El concejal HIDALGO&nbsp; solicita acompa\u00f1ar con la firma considero que todos los fundamentos que&nbsp; acaba de dar&nbsp; son important\u00edsimos&nbsp; y perm\u00edtame agregar algo m\u00e1s . considero que tambi\u00e9n por una cuesti\u00f3n simb\u00f3lica , porque como podemos pretender que nos den participaci\u00f3n por ejemplo en los fondos de Portezuelo o participaci\u00f3n de decisiones , lo que ser\u00eda el parque en Pata Mora, o tener autonom\u00eda de decisi\u00f3n con respecto&nbsp; a lo que es una suspensi\u00f3n de clases cuando tenemos viento&nbsp; si ni siquiera nos respetan nuestro d\u00eda aqu\u00ed en Malarg\u00fce , as\u00ed que perm\u00edtame concejal acompa\u00f1ar con la firma tanto por los fundamentos suyos como por lo que acabo de comentar . \/ La concejal ROJO en uso de la palabra expresa la verdad &nbsp;&nbsp;&nbsp;&nbsp;&nbsp;&nbsp;&nbsp;&nbsp;&nbsp;&nbsp;&nbsp; &nbsp;que es un proyecto&nbsp; que el inter\u00e9s que el concejal Francisco Parada&nbsp; ha venido manifestando desde hace bastante tiempo con respecto a la presentaci\u00f3n de este proyecto y sabiendo que es el 16 de noviembre el aniversario de nuestro departamento , donde en nuestro departamento todos, desde la zona rural ac\u00e1 en la comunidad , en el \u00e1rea urbana del Departamento&nbsp; se viste de fiesta para ese d\u00eda , pr\u00e1cticamente todas las actividades se suspenden&nbsp; y lamentablemente donde nuestros hijos , docentes, instituciones educativas , y volvemos a lo anterior a la educaci\u00f3n no hay que considerarla como un gasto sino como una inversi\u00f3n donde podemos ver, visualizar la cantidad de instituciones educativas, educaci\u00f3n formal y no formal de todo aquel que se quiera sumar a este evento porque todos queremos lucirnos en ese momento en el momento del desfile guardapolvos blancos uniformes impecables y que lamentablemente por resoluciones y decisiones que siempre se han tomado, desde mi punto de vista mal tomado , porque todo el departamento de Malarg\u00fce para nosotros ha sido un evento tradicional t\u00edpico que forma parte de historia como desde el punto de vista que se ha fundamentado&nbsp; y que en algunos casos muchos no tengan esa oportunidad&nbsp; de presenciar ese desfile c\u00edvico militar que se lleva a cabo y que luego todas las actividades que contin\u00faan , no solamente es el desfile son las actividades ecuestre que nos identifican y que bueno que lamentablemente por decisiones que por ah\u00ed no van con la cultura , con la idiosincrasia del lugar, no van de la mano no son decisiones que se toman paralelamente por lo cual l\u00f3gicamente acompa\u00f1o el proyecto que se que lo ha venido trabajando con anticipaci\u00f3n que nos ha comentado en las diferentes comisiones as\u00ed que si los autores me permiten tambi\u00e9n acompa\u00f1ar con mi firma este proyecto. \/\/ La concejal CORREA en uso de la palabra manifiesta que va a pedir el tratamiento preferencial del expediente en la comisi\u00f3n.&nbsp; Se pone a consideraci\u00f3n y es aprobada la moci\u00f3n, \/\/&nbsp; &nbsp;\/ 4. Expte.N\u00b05.346-HC 059-2.023 Proyecto de Resoluci\u00f3n: Declarar de Inter\u00e9s Departamental el Segundo Encuentro Motero e Internacional Ruta 40 (BLOQUE FRENTE DE TODOS) Autor: Concejal Andr\u00e9s Risi&nbsp; En uso de la palabra&nbsp; el concejal RISI expresa&nbsp; que pase a EHMA Y C y que se adjunte al expediente ya presentado con este tema y se contin\u00fae su tratamiento, no es necesaria su lectura.\/\/&nbsp; &nbsp;\/ g) Expedientes provenientes del Departamento Ejecutivo&nbsp; 1 . 1- Expte.N\u00b06.102\/2023-0 Departamento Ejecutivo Ref. Proyecto de Ordenanza \u201cCreaci\u00f3n del &nbsp;&nbsp;&nbsp;&nbsp;&nbsp;Salario Puestero\u201d . La concejal CAMIOLO solicita que sea enviado a la comisi\u00f3n de Hacienda por una cuesti\u00f3n que implica presupuesto, que se ha revisado, bueno quienes pudimos hacer canasta hemos le\u00eddo los fundamentos y la presentaci\u00f3n, la verdad que se nota que ha sido un proyecto preparado con el&nbsp; apuro de estos tiempos , a buen entendedor pocas palabras . necesitamos darle un tratamiento realmente serio, porque vino gente, viaj\u00f3 de zonas muy alejadas&nbsp; de la zona rural, se les habl\u00f3 en ese d\u00eda justo en una semana electoral , genero problemas tambi\u00e9n con la justicia , necesitamos trabajarlo y propongo que sea en la comisi\u00f3n de hacienda pero tambi\u00e9n que sea ampliado para los concejales que no forman parte de la comisi\u00f3n , para que tambi\u00e9n puedan dar sus aportes, lo puedan leer&nbsp; no piso al menos no le voy a &nbsp;dar tratamiento preferencial pero s\u00ed que cuando se trate el proyecto estemos todos ola mayor\u00eda de los concejales presentes &nbsp;\/ Se da lectura a la elevaci\u00f3n del expediente. El concejal PALMA manifiesta que no pueden dejar pasar de decir algunas cosas que son&nbsp; si se quiere alarmantes o si se quiere desprolijas no se muy bien el t\u00e9rmino que usar porque&nbsp; me llama la atenci\u00f3n no, que&nbsp; en la parte resolutiva prev\u00e9 que el salario&nbsp; que se entregar\u00eda va de octubre del 2023 a octubre del 2025 , entendiendo esto es lo que m\u00e1s me sorprende , que hay una ley de responsabilidad fiscal , que es muy taxativa es muy clara sobre los gastos que se puedan hacer a futuro son de gestiones que est\u00e1n o en a\u00f1os electorales&nbsp;&nbsp; y en este caso una gesti\u00f3n que est\u00e1 retir\u00e1ndose deja comprometido por dos a\u00f1os un monto determinado , por otro lado no se y creo que es de respetar ante una nueva voluntad popular hay que preguntarle qu\u00e9 opini\u00f3n tiene quien debe estar en este momento confeccionando un nuevo presupuesto para el a\u00f1o 2024 , por otro lado vemos que la \u00fanica suma fija son quince millones de pesos que figura en el articulo tres , pero no es especifica de que partida sale .si es gasto corriente si es gasto de capital&nbsp; de donde sale la plata no dice, despu\u00e9s si es por los dos a\u00f1os yo tengo que hacer una cuenta muy sencilla si son quince millones por \u00fanica vez para dos a\u00f1os me da un resultados de seiscientos mil pesos lo que me da a un monto de treinta mil pesos&nbsp; veinte personas. No me cerrar\u00edan los n\u00fameros&nbsp; \/y si lo divido en los tres meses que quedan \/ &nbsp;si es por este mes que no lo especifica ese es el problema no es espec\u00edfico el proyecto me da una divisi\u00f3n de cinco millones lo que me refiere a un valor de treinta mil pesos&nbsp; una cantidad de ciento sesenta personas que tampoco es lo que se estaba anunciando. Pero a diferencia de mi colega Camiolo yo si voy a solicitar el tratamiento preferencial , porque ustedes ya saben que siempre pasa lo que pasa con el Concejo que pone palos, que no se puede pagar, que el Concejo no lo despacha, entonces yo s\u00ed quiero despacharlo &nbsp;con la mayor premura posible porque si esto no tiene sustento legal para ser aplicado no podemos ser como siempre los concejales responsables de una medida populista que no se pudo llevar adelante .entonces&nbsp; s\u00ed solicito como moci\u00f3n en concreto&nbsp; el tratamiento preferencial justificando que no quiero que la instituci\u00f3n y los concejales que la componen sean nuevamente responsables de algo que fue si se quiere no pensado acabadamente o estudiado acabadamente como un proyecto realmente aplicable. \/El concejal HIDALGO expresa que para sumar por ah\u00ed un poco a las palabras se la concejal Camiolo&nbsp; y del concejal Palma coincido que tiene que pasar a la comisi\u00f3n de Hacienda coincido que tiene que ser un tratamiento preferencial mis razones son porque se les ha generado una&nbsp; falsa&nbsp; ilusi\u00f3n o esperanza&nbsp; a nuestros vecinos dela zona rural proponiendo algo que va totalmente en contra de la ley de responsabilidad&nbsp; fiscal , considero que lo&nbsp; que tenemos&nbsp; que hacer obviamente despu\u00e9s ser\u00e1 discutido entre todos yo considero por mi parte que lo que tenemos que hacer es remitir este expediente a Fiscal\u00eda de Estado y que sean ellos que nos digan si corresponde o no corresponde darle tratamiento por parte de este Concejo Deliberante entendiendo que este es el \u00f3rgano que se encarga de controlar que se cumplan,&nbsp; las leyes y las ordenanzas&nbsp; que raro seria que estemos haciendo algo en contra de una ley &nbsp;&nbsp;esto no es poner palos en la rueda , estamos en una transici\u00f3n&nbsp; en un cambio de gesti\u00f3n y hay que der lo mas ordenados y prolijos&nbsp; y responsables posibles con el af\u00e1n de que se haga una entrega limpia&nbsp; sin deudas, el art 46 de la ley de responsabilidad fiscal dice claramente que no podemos generar piezas legales ni administrativas que generen obligaciones o que aumenten los&nbsp; gastos. \/ Se aprueba la moci\u00f3n de tratamiento preferencial . El concejal PALMA como presidente de la Comisi\u00f3n de Hacienda solicita que desde su comisi\u00f3n solicita la ampliaci\u00f3n&nbsp; de la misma para&nbsp; darle tratamiento al expediente de referencia h) Despachos de las Comisiones de Trabajo: 1. Nota HC-015 -2.021 ATE Malarg\u00fce , eleva copia&nbsp; del \u201cMemor\u00e1ndum\u201d firmado por el Secretario de Servicios P\u00fablicos, Higiene y Revalorizaci\u00f3n de los Espacios Urbanos.&nbsp; \/\/ Nota HC-213-2.021 Ing. Javier Macario, Jefe Agencia INTA Malarg\u00fce, solicita designaci\u00f3n de Concejal Gabriel Rosas, para participar en los Consejos Asesores Locales. (H.P.L.A.C.) Reunida la comisi\u00f3n para&nbsp; el an\u00e1lisis del la documentaci\u00f3n de referencia&nbsp; y habiendo tomado conocimiento de cada una de ellas,&nbsp; esta comisi\u00f3n sugiere&nbsp; el Archivo, por extempor\u00e1neo.. Se pone a consideraci\u00f3n y&nbsp; es aprobado, &nbsp;\/ 2. Nota HC-389-2.021 Lic. Juan Manuel Ojeda Intendente Municipal eleva Padr\u00f3n definitivo de Extranjeros del a\u00f1o 2.021.\/ Nota HC 426-2.021 Lic. Juan Manuel Ojeda remite respuesta por la Direcci\u00f3n de Catastro sobre Expte.N\u00b04.856-2.021-1 \/ Nota HC 374-2.021 Concejal Gabriel Rosas presenta Acta de Audiencia&nbsp; de Conciliaci\u00f3n Expte.N\u00b0P-101361\/21 Ministerio P\u00fablico Fiscal de fecha 12 de octubre de 2.021 .\/ Nota HC 360-2.021 Sr. Celso Forquera, eleva informe situaci\u00f3n ocurrida en el distrito&nbsp; de Agua Escondida (H.P.LA.C) La comisi\u00f3n&nbsp; habiendo tomado conocimiento de cada una de las notas, sugiere su pase a Archivo. \/ Se pone a consideraci\u00f3n y es aprobado \/ 3. Expte.N\u00b05.342-HC 059-2.023 Proyecto de Declaraci\u00f3n: Declarar de Inter\u00e9s Departamental la 1\u00b0 Edici\u00f3n de Jornadas Deportivas de la Escuela N\u00b04-228 Ing. Eugenio Izsaky (E.H.M.A.S Y C) La comisi\u00f3n sugiere dar aprobaci\u00f3n al proyecto presentado sin modificaciones. \/ Puesto a consideraci\u00f3n , es aprobado \/ 4. Expte.N\u00b05.333-HC 058-2.023 Proyecto de Resoluci\u00f3n: Declarar de Inter\u00e9s Departamental el Encuentro de T\u00e9cnicos en Conservaci\u00f3n de la Naturaleza y profesores al cumplir 15 a\u00f1os de la Primer Promoci\u00f3n de Egresados (E.H.M.A.S Y C) La comisi\u00f3n sugiere da aprobaci\u00f3n&nbsp;&nbsp; a un Proyecto de Declaraci\u00f3n mediante el cual se dispone: Art. 1\u00b0&nbsp; Declarar de Inter\u00e9s Departamental Educativo &nbsp;el Encuentro de la Primera Promoci\u00f3n&nbsp; de Egresados de la Tecnicatura&nbsp; en Conservaci\u00f3n de la Naturaleza, del IEF 9-016&nbsp; Dr. Jorge Coll&nbsp; al cumplir 15 a\u00f1os&nbsp;&nbsp; de formaci\u00f3n ininterrumpida&nbsp; en Malarg\u00fce .Art 2\u00b0 Remitir copia a instituciones&nbsp; relacionadas con la educaci\u00f3n y legisladores \u2026.Art 3\u00b0 Hacer entrega de reconocimientos&nbsp; por parte del HCD&nbsp; a los organizadores en la realizaci\u00f3n del encuentro . Art 4\u00b0De forma \/ &nbsp;En uso de la &nbsp;palabra la concejal CAMIOLO manifiesta &nbsp;felicitar a usted y al concejal Palma que han sido parte de estos quince a\u00f1os de la TECONA y en ustedes a todos los malarg\u00fcinos&nbsp; y malarg\u00fcinas que se han formado, decirles que desde este Concejo&nbsp; seguiremos&nbsp; trabajando que no nos olvidamos de insistir en la media sanci\u00f3n del proyecto para que haya equidad o mayor equidad en los ingresos&nbsp; ya tiene media sanci\u00f3n y lo podemos llevar cuando estuve en el senado , pero necesitamos que haya m\u00e1s equidad en los ingresos porque entran pocas mujeres a los servicios , tambi\u00e9n necesitamos ampliar la cantidad de guarda parques&nbsp; en el departamento hoy no puede estar por ejemplo la reserva de Payunia cerrada o de Laguna Llancanelo cerrada porque falta personal necesitamos mas personas que trabajen &nbsp;no solo &nbsp;por los quince a\u00f1os ininterrumpidos sino tambi\u00e9n para que ellos vayan siendo reconocidos&nbsp; como profesionales, sabemos que es de la mejores formaciones que hay en el pa\u00eds y que nuestros t\u00e9cnicos se est\u00e1n yendo&nbsp; a otros lugares, algo que vamos a trabajar para que se queden para que tengan su sue\u00f1o como corresponde y tengan los ingresos asegurados y no olvidarnos que necesitan&nbsp; el terreno y es algo con lo que seguiremos insistiendo para que puedan construir&nbsp;&nbsp;&nbsp; su establecimiento educativo&nbsp; y creo que gran parte de la sesi\u00f3n&nbsp; se la ha llevado la educaci\u00f3n&nbsp; y como necesitamos nosotros&nbsp; motorizar&nbsp; &nbsp;y seguir abasteciendo la estructura educativa para que crezca no olvidarnos del espacio f\u00edsico para que puedan construir&nbsp; su edificio aqu\u00ed y para que&nbsp; adem\u00e1s puedan traer otras opciones &nbsp;&nbsp;de carreras al departamento de Malarg\u00fce&nbsp; felicitar a los TECONA y bueno mi mayor agradecimiento tambi\u00e9n por el trabajo que hace . \/\/Se pone a consideraci\u00f3n de los se\u00f1ores ediles y es aprobado . En uso de la palabra el concejal PALMA&nbsp; expresa&nbsp; simplemente agradecer el acompa\u00f1amiento en la votaci\u00f3n del proyecto presentado por la concejal Camiolo , siempre fue una linda experiencia&nbsp; el pase por la tecnicatura y la TECONA&nbsp; desde el Concejo hemos acompa\u00f1ado en varias&nbsp; piezas legales como la declaraci\u00f3n de la ranita pehuenche , el gato andino, el chacay , son trabajos que se han realizado pr los propios alumnos de la carrera. All\u00e1 por el a\u00f1o 2008 cuando hicimos la junta&nbsp; de firmas para que la carrera se instalara , se hicieron las gestiones en el municipio para facilitarles el espacio f\u00edsico la verdad&nbsp; que hoy despu\u00e9s de quince a\u00f1os ver&nbsp; que la carrera sigue formando profesionales , est\u00e1 genial. Casualmente esta semana&nbsp; hemos presentado un proyecto que seguramente la semana pr\u00f3xima&nbsp; tomar\u00e1 estado parlamentario referido a lo que mencionaba la concejal .todav\u00eda estamos con la falencia de los ba\u00f1os de Payunia , todav\u00eda estamos con Llancanelo cerrado,&nbsp; con los centros de interpretaci\u00f3n&nbsp; que se construyeron , cerrados la verdad que necesitamos que eso se ponga en funcionamiento&nbsp; como as\u00ed tambi\u00e9n la incorporaci\u00f3n de t\u00e9cnicos pero en esto hay que hacer un par\u00e9ntesis necesitamos&nbsp; que se formen los t\u00e9cnicos ac\u00e1 en Malarg\u00fce y que se les de&nbsp; prioridad&nbsp; a quienes tienen residencia en Malarg\u00fce no puede ser&nbsp; que en las reservas siempre se nombre la gente que viene de afuera&nbsp; y los malarg\u00fcinos&nbsp; tienen que emigrar a otras provincias porque est\u00e1n capacitados para trabajar&nbsp; pero son nombrados del instituto que est\u00e1 en la capital provincial&nbsp; , entonces esas cosas no nos pueden seguir pasando seguramente trabajaremos y seguiremos acompa\u00f1ando esto como bien lo dec\u00eda&nbsp; la concejal , necesitamos el espacio f\u00edsico&nbsp; para que siga trabajando de la mejor manera. \/\/&nbsp; \/ 5. Nota HC-495-2.022 Prof. Fernanda Oliver Coordinadora Academia Facultad de Cs. Exactas y Naturales de la UN Cuyo, solicita se gestione espacio f\u00edsico para instalaci\u00f3n de un Laboratorio para la Carrera de Geolog\u00eda \/ Nota HC-412-2.022 Iglesia Evang\u00e9lica Uni\u00f3n Pentecostal solicita Declarar de Inter\u00e9s el Congreso de Pastores de Nivel Internacional (E.H.M.A.S Y C) &nbsp;La comisi\u00f3n&nbsp; habiendo tomado conocimiento de las notas sugiere el&nbsp; pase a Archivo.\/ Se pone a consideraci\u00f3n el despacho y es aprobado &nbsp;\/ i) Asuntos Varios. : Cuando es la hora 10:51&nbsp; la concejal ROJO&nbsp; solicita que el Cuerpo se constituya en Comisi\u00f3n. Moci\u00f3n que es aprobada .\/&nbsp; A las 11:06 sale el Cuerpo de Comisi\u00f3n .&nbsp; Tema 1: Expte. N\u00b0 2.968-2008 D.E. Habitantes del Paraje Bardas Blancas&nbsp; solicitan informaci\u00f3n&nbsp; sobre la b\u00bf venta de terrenos municipales,&nbsp; en Paraje de Bardas Blancas&nbsp; Distrito Bardas Blancas.&nbsp; Distrito de&nbsp; Rio Grande. \/&nbsp; El&nbsp; Despacho del Cuerpo en Comisi\u00f3n&nbsp; sugiere&nbsp;&nbsp; la aprobaci\u00f3n de un Proyecto de Ordenanza. (Anexo 1) de la presente. \/ Solicita la palabra el concejal PARADA, pido la abstenci\u00f3n de mi voto , voy a fundamentarlo porque bueno, saben que soy originario de Bardas Blancas, y bueno, tengo familiares directos que van a ser beneficiarios con la aprobaci\u00f3n de esta pieza que quisiera por una cuesti\u00f3n de transparencia no participar del voto. \/Se pone a consideraci\u00f3n la solicitud de abstenci\u00f3n y es aprobada \/\/ Luego se pone a consideraci\u00f3n el despacho y es aprobado Solicita&nbsp; la palabra&nbsp; la concejal CAMIOLO. Quien expresa que quisiera referirse a este proyecto en el que se ha trabajado en gran manera, en primer lugar deci4r que al menos estuvimos rastrojeando&nbsp; historia , la primer vez que se hacia un operativo&nbsp; insitu desde la Direcci\u00f3n de Catastro&nbsp; que me parec\u00eda un gran dato y un gran primer paso para todas las otras regularizaciones &nbsp;&nbsp;que se nos vienen porque no solo que los concejales&nbsp; nos movilizamos en el marco de salidas institucionales donde fue toda la gente, fuimos muy bien recibidos&nbsp; fuimos incluso hasta con secretarios de comisiones sino que tambi\u00e9n la direcci\u00f3n de catastro estuvo en el lugar&nbsp; y pudieron hacer un relevamiento in situ&nbsp; y digo que siempre nosotros nos quejamos diciendo que Dios est\u00e1 en Malarg\u00fce pero atiende en Mendoza bueno la gente de la zona rural sabe&nbsp; que para cualquier tramite tiene que venir al departamento hasta la ciudad, entonces creo que ha sido muy bueno&nbsp; fue algo propuesto por los concejales&nbsp; y agradecer a quienes est\u00e1n a cargo de la direcci\u00f3n de catastro porque inmediatamente dijeron que s\u00ed, fueron al lugar se hizo el relevamiento de un proyecto que tiene ya varios a\u00f1os y en cuesti\u00f3n de meses se pudo resolver , en este punto cuando hay voluntades pol\u00edticas y cuando todos trabajamos en conjunto salvando cualquier tipo de diferencia saber que podemos lograr cosas muy buenas , el tema de la regularizaci\u00f3n dominial de Bardas &nbsp;vuelvo a decir es el punta pie para que continuemos con todos los otros terrenos de la&nbsp; zona rural , tenemos una gran deuda por ejemplo con agua Escondida y estamos en trabajo de poder regularizar &nbsp;y en este punto decir&nbsp; que a partir de ahora la escritura permitir\u00e1 no solamente tener seguridad jur\u00eddica a los pobladores sino tambi\u00e9n poder creer, pedir cr\u00e9dito , ampliaciones, cr\u00e9ditos ya sea p\u00fablicos , privados, me parece que es una muy buena noticia para la gente&nbsp; ce Bardas &nbsp;, quiero destacar el detalle del concejal de aqu\u00ed a mi derecha&nbsp; por haber pedido la abstenci\u00f3n algo que realmente no es necesario porque conocemos que trabaj\u00f3 \u00e9tica y responsablemente tambi\u00e9n , pero bueno \u00e9l desde su lugar de responsabilidad decidi\u00f3 abstenerse y quiero destacar eso porque quienes lo conocemos sabemos que se maneja de esa manera &nbsp;, as\u00ed que para mi es un gran orgullo&nbsp; que se haya trabajado tan bien durante estos meses y que est\u00e9 saliendo este proyecto. \/\/ Luego el concejal PALMA, expresa hist\u00f3rico lo&nbsp; que acabamos de hacer Panchito, la verdad que Bardas Blancas vos me podr\u00e1s corregir pero tiene pr\u00e1cticamente es mayor que Malarg\u00fce en edad digo de la declaraci\u00f3n como Departamento. esta es una deuda que se mantuvo y que ha trascendido&nbsp; a todos los gobiernos desde la recuperaci\u00f3n de la democracia&nbsp; a la fecha y hoy podemos irnos felices porque hemos cumplido con el deber que se nos ha encomendado . no es el primero venimos trabajando desde Colonia de Emprendedores , venimos trabajando con Virgen de los Vientos, venimos trabajando con Virgen del Carmen, Bardas Blancas, Agua Escondida hay mucha tarea en materia de regularizaci\u00f3n dominial&nbsp; que debemos continuar, pero hoy la verdad que da mucha satisfacci\u00f3n cuando se toma una posta de un trabajo tan dif\u00edcil como lo es la regularizaci\u00f3n dominial , porque sabemos las cuestiones que han sucedido con el tiempo y las desprolijidades que hay&nbsp; que podamos llegar a un entendimiento&nbsp; y poder darle la regularizaci\u00f3n&nbsp; a toda esa familia de Bardas Blancas que&nbsp; durante d\u00e9cadas estuvieron pidiendo hoy a mi me deja un sentido de satisfacci\u00f3n muy importante, as\u00ed que agradecerles , una vez mas queda demostrado que cuando hay consenso cuando hay respeto de las opiniones&nbsp; y cuando hay un trabajo realmente serio las cosas salen como salen , entonces hoy una felicitaci\u00f3n para todos ustedes, felicitaciones a la gente de la zona rural&nbsp; , tambi\u00e9n a la gente del municipio que se comprometi\u00f3 en esto , decirlo cuando las cosas salen bien , es porque hay gente que se compromete , se comprometieron y salieron las cosas en tiempo y forma&nbsp; y a la ciudadan\u00eda de Bardas Blancas a disfrutar a hacer los tr\u00e1mites que a\u00fan faltan , pero ojal\u00e1 y espero que lleguen a muy buen puerto.&nbsp;&nbsp; \/ Se pasa al \u00faltimo punto&nbsp; del Orden del D\u00eda j) Acto de arriar el Pabell\u00f3n Nacional a cargo de la concejal que lo iz\u00f3, para lo cual se invita a la concejal Paola ROJO. Cuando es la hora 11:15 se da por terminada la sesi\u00f3n. \/ Previa lectura y consideraci\u00f3n&nbsp; de lo que antecede, firman las presentes actuaciones, el Se\u00f1or Presidente y la Se\u00f1ora Secretaria del Honorable Concejo Deliberante de la Municipalidad de&nbsp; Malarg\u00fce. \/<\/p>\n\n\n","protected":false},"excerpt":{"rendered":"<p>En Malarg\u00fce&nbsp; Mendoza a Veintiocho d\u00edas de Setiembre de 2.023, cuando es la hora 09:15&nbsp; se re\u00fane el Honorable Concejo Deliberante de la Municipalidad de Malarg\u00fce &nbsp;para celebrar su sesi\u00f3n &nbsp;&nbsp;Ordinaria . Bajo la Presidencia de su titular&nbsp; Concejal Andr\u00e9s RISI&nbsp; y la presencia de los se\u00f1ores Concejales &nbsp;&nbsp;&nbsp;Palma, Rosas, Varas,&nbsp; Mosca, Rojo, Parada, Camiolo, [&hellip;]<\/p>\n","protected":false},"author":5,"featured_media":33337,"comment_status":"closed","ping_status":"closed","sticky":false,"template":"","format":"standard","meta":{"footnotes":""},"categories":[60,52,58,33,36],"tags":[],"class_list":["post-35194","post","type-post","status-publish","format-standard","has-post-thumbnail","hentry","category-acta-de-sesiones","category-gacetillas","category-ordinarias","category-prensa","category-sesiones"],"yoast_head":"<!-- This site is optimized with the Yoast SEO plugin v19.10 - https:\/\/yoast.com\/wordpress\/plugins\/seo\/ -->\n<title>ACTA 25\u00b0SESI\u00d3N ORDINARIA N\u00b01.142- \u201cO\u201d-28\/09\/2.023.- Malarg\u00fce HCD<\/title>\n<meta name=\"robots\" content=\"index, follow, max-snippet:-1, max-image-preview:large, max-video-preview:-1\" \/>\n<link rel=\"canonical\" href=\"https:\/\/hcd.malargue.gov.ar\/?p=35194\" \/>\n<meta property=\"og:locale\" content=\"es_ES\" \/>\n<meta property=\"og:type\" content=\"article\" \/>\n<meta property=\"og:title\" content=\"ACTA 25\u00b0SESI\u00d3N ORDINARIA N\u00b01.142- \u201cO\u201d-28\/09\/2.023.- Malarg\u00fce HCD\" \/>\n<meta property=\"og:description\" content=\"En Malarg\u00fce&nbsp; Mendoza a Veintiocho d\u00edas de Setiembre de 2.023, cuando es la hora 09:15&nbsp; se re\u00fane el Honorable Concejo Deliberante de la Municipalidad de Malarg\u00fce &nbsp;para celebrar su sesi\u00f3n &nbsp;&nbsp;Ordinaria . Bajo la Presidencia de su titular&nbsp; Concejal Andr\u00e9s RISI&nbsp; y la presencia de los se\u00f1ores Concejales &nbsp;&nbsp;&nbsp;Palma, Rosas, Varas,&nbsp; Mosca, Rojo, Parada, Camiolo, [&hellip;]\" \/>\n<meta property=\"og:url\" content=\"https:\/\/hcd.malargue.gov.ar\/?p=35194\" \/>\n<meta property=\"og:site_name\" content=\"Malarg\u00fce HCD\" \/>\n<meta property=\"article:published_time\" content=\"2023-10-06T15:13:31+00:00\" \/>\n<meta property=\"article:modified_time\" content=\"2023-10-06T15:13:41+00:00\" \/>\n<meta property=\"og:image\" content=\"https:\/\/hcd.malargue.gov.ar\/wp-content\/uploads\/2023\/03\/actas-sesiones.jpg\" \/>\n\t<meta property=\"og:image:width\" content=\"1640\" \/>\n\t<meta property=\"og:image:height\" content=\"924\" \/>\n\t<meta property=\"og:image:type\" content=\"image\/jpeg\" \/>\n<meta name=\"author\" content=\"Belen Pedernera Ferragut\" \/>\n<meta name=\"twitter:card\" content=\"summary_large_image\" \/>\n<meta name=\"twitter:label1\" content=\"Escrito por\" \/>\n\t<meta name=\"twitter:data1\" content=\"Belen Pedernera Ferragut\" \/>\n\t<meta name=\"twitter:label2\" content=\"Tiempo de lectura\" \/>\n\t<meta name=\"twitter:data2\" content=\"65 minutos\" \/>\n<script type=\"application\/ld+json\" class=\"yoast-schema-graph\">{\"@context\":\"https:\/\/schema.org\",\"@graph\":[{\"@type\":\"WebPage\",\"@id\":\"https:\/\/hcd.malargue.gov.ar\/?p=35194\",\"url\":\"https:\/\/hcd.malargue.gov.ar\/?p=35194\",\"name\":\"ACTA 25\u00b0SESI\u00d3N ORDINARIA N\u00b01.142- \u201cO\u201d-28\/09\/2.023.- Malarg\u00fce HCD\",\"isPartOf\":{\"@id\":\"https:\/\/hcd.malargue.gov.ar\/#website\"},\"datePublished\":\"2023-10-06T15:13:31+00:00\",\"dateModified\":\"2023-10-06T15:13:41+00:00\",\"author\":{\"@id\":\"https:\/\/hcd.malargue.gov.ar\/#\/schema\/person\/3fd6bbab64edd703961b795156c955d0\"},\"breadcrumb\":{\"@id\":\"https:\/\/hcd.malargue.gov.ar\/?p=35194#breadcrumb\"},\"inLanguage\":\"es-AR\",\"potentialAction\":[{\"@type\":\"ReadAction\",\"target\":[\"https:\/\/hcd.malargue.gov.ar\/?p=35194\"]}]},{\"@type\":\"BreadcrumbList\",\"@id\":\"https:\/\/hcd.malargue.gov.ar\/?p=35194#breadcrumb\",\"itemListElement\":[{\"@type\":\"ListItem\",\"position\":1,\"name\":\"Inicio\",\"item\":\"https:\/\/hcd.malargue.gov.ar\/\"},{\"@type\":\"ListItem\",\"position\":2,\"name\":\"ACTA 25\u00b0SESI\u00d3N ORDINARIA N\u00b01.142- \u201cO\u201d-28\/09\/2.023.-\"}]},{\"@type\":\"WebSite\",\"@id\":\"https:\/\/hcd.malargue.gov.ar\/#website\",\"url\":\"https:\/\/hcd.malargue.gov.ar\/\",\"name\":\"Malarg\u00fce HCD\",\"description\":\"Malarg\u00fce Mendoza Argentina\",\"potentialAction\":[{\"@type\":\"SearchAction\",\"target\":{\"@type\":\"EntryPoint\",\"urlTemplate\":\"https:\/\/hcd.malargue.gov.ar\/?s={search_term_string}\"},\"query-input\":\"required name=search_term_string\"}],\"inLanguage\":\"es-AR\"},{\"@type\":\"Person\",\"@id\":\"https:\/\/hcd.malargue.gov.ar\/#\/schema\/person\/3fd6bbab64edd703961b795156c955d0\",\"name\":\"Belen Pedernera Ferragut\",\"image\":{\"@type\":\"ImageObject\",\"inLanguage\":\"es-AR\",\"@id\":\"https:\/\/hcd.malargue.gov.ar\/#\/schema\/person\/image\/\",\"url\":\"https:\/\/secure.gravatar.com\/avatar\/1054ffab3893de4bb3eb29bdd22f7e34b8537bf5d34d9dab311818154ad5b71f?s=96&d=mm&r=g\",\"contentUrl\":\"https:\/\/secure.gravatar.com\/avatar\/1054ffab3893de4bb3eb29bdd22f7e34b8537bf5d34d9dab311818154ad5b71f?s=96&d=mm&r=g\",\"caption\":\"Belen Pedernera Ferragut\"},\"url\":\"https:\/\/hcd.malargue.gov.ar\/?author=5\"}]}<\/script>\n<!-- \/ Yoast SEO plugin. -->","yoast_head_json":{"title":"ACTA 25\u00b0SESI\u00d3N ORDINARIA N\u00b01.142- \u201cO\u201d-28\/09\/2.023.- Malarg\u00fce HCD","robots":{"index":"index","follow":"follow","max-snippet":"max-snippet:-1","max-image-preview":"max-image-preview:large","max-video-preview":"max-video-preview:-1"},"canonical":"https:\/\/hcd.malargue.gov.ar\/?p=35194","og_locale":"es_ES","og_type":"article","og_title":"ACTA 25\u00b0SESI\u00d3N ORDINARIA N\u00b01.142- \u201cO\u201d-28\/09\/2.023.- Malarg\u00fce HCD","og_description":"En Malarg\u00fce&nbsp; Mendoza a Veintiocho d\u00edas de Setiembre de 2.023, cuando es la hora 09:15&nbsp; se re\u00fane el Honorable Concejo Deliberante de la Municipalidad de Malarg\u00fce &nbsp;para celebrar su sesi\u00f3n &nbsp;&nbsp;Ordinaria . Bajo la Presidencia de su titular&nbsp; Concejal Andr\u00e9s RISI&nbsp; y la presencia de los se\u00f1ores Concejales &nbsp;&nbsp;&nbsp;Palma, Rosas, Varas,&nbsp; Mosca, Rojo, Parada, Camiolo, [&hellip;]","og_url":"https:\/\/hcd.malargue.gov.ar\/?p=35194","og_site_name":"Malarg\u00fce HCD","article_published_time":"2023-10-06T15:13:31+00:00","article_modified_time":"2023-10-06T15:13:41+00:00","og_image":[{"width":1640,"height":924,"url":"https:\/\/hcd.malargue.gov.ar\/wp-content\/uploads\/2023\/03\/actas-sesiones.jpg","type":"image\/jpeg"}],"author":"Belen Pedernera Ferragut","twitter_card":"summary_large_image","twitter_misc":{"Escrito por":"Belen Pedernera Ferragut","Tiempo de lectura":"65 minutos"},"schema":{"@context":"https:\/\/schema.org","@graph":[{"@type":"WebPage","@id":"https:\/\/hcd.malargue.gov.ar\/?p=35194","url":"https:\/\/hcd.malargue.gov.ar\/?p=35194","name":"ACTA 25\u00b0SESI\u00d3N ORDINARIA N\u00b01.142- \u201cO\u201d-28\/09\/2.023.- Malarg\u00fce HCD","isPartOf":{"@id":"https:\/\/hcd.malargue.gov.ar\/#website"},"datePublished":"2023-10-06T15:13:31+00:00","dateModified":"2023-10-06T15:13:41+00:00","author":{"@id":"https:\/\/hcd.malargue.gov.ar\/#\/schema\/person\/3fd6bbab64edd703961b795156c955d0"},"breadcrumb":{"@id":"https:\/\/hcd.malargue.gov.ar\/?p=35194#breadcrumb"},"inLanguage":"es-AR","potentialAction":[{"@type":"ReadAction","target":["https:\/\/hcd.malargue.gov.ar\/?p=35194"]}]},{"@type":"BreadcrumbList","@id":"https:\/\/hcd.malargue.gov.ar\/?p=35194#breadcrumb","itemListElement":[{"@type":"ListItem","position":1,"name":"Inicio","item":"https:\/\/hcd.malargue.gov.ar\/"},{"@type":"ListItem","position":2,"name":"ACTA 25\u00b0SESI\u00d3N ORDINARIA N\u00b01.142- \u201cO\u201d-28\/09\/2.023.-"}]},{"@type":"WebSite","@id":"https:\/\/hcd.malargue.gov.ar\/#website","url":"https:\/\/hcd.malargue.gov.ar\/","name":"Malarg\u00fce HCD","description":"Malarg\u00fce Mendoza Argentina","potentialAction":[{"@type":"SearchAction","target":{"@type":"EntryPoint","urlTemplate":"https:\/\/hcd.malargue.gov.ar\/?s={search_term_string}"},"query-input":"required name=search_term_string"}],"inLanguage":"es-AR"},{"@type":"Person","@id":"https:\/\/hcd.malargue.gov.ar\/#\/schema\/person\/3fd6bbab64edd703961b795156c955d0","name":"Belen Pedernera Ferragut","image":{"@type":"ImageObject","inLanguage":"es-AR","@id":"https:\/\/hcd.malargue.gov.ar\/#\/schema\/person\/image\/","url":"https:\/\/secure.gravatar.com\/avatar\/1054ffab3893de4bb3eb29bdd22f7e34b8537bf5d34d9dab311818154ad5b71f?s=96&d=mm&r=g","contentUrl":"https:\/\/secure.gravatar.com\/avatar\/1054ffab3893de4bb3eb29bdd22f7e34b8537bf5d34d9dab311818154ad5b71f?s=96&d=mm&r=g","caption":"Belen Pedernera Ferragut"},"url":"https:\/\/hcd.malargue.gov.ar\/?author=5"}]}},"_links":{"self":[{"href":"https:\/\/hcd.malargue.gov.ar\/index.php?rest_route=\/wp\/v2\/posts\/35194","targetHints":{"allow":["GET"]}}],"collection":[{"href":"https:\/\/hcd.malargue.gov.ar\/index.php?rest_route=\/wp\/v2\/posts"}],"about":[{"href":"https:\/\/hcd.malargue.gov.ar\/index.php?rest_route=\/wp\/v2\/types\/post"}],"author":[{"embeddable":true,"href":"https:\/\/hcd.malargue.gov.ar\/index.php?rest_route=\/wp\/v2\/users\/5"}],"replies":[{"embeddable":true,"href":"https:\/\/hcd.malargue.gov.ar\/index.php?rest_route=%2Fwp%2Fv2%2Fcomments&post=35194"}],"version-history":[{"count":2,"href":"https:\/\/hcd.malargue.gov.ar\/index.php?rest_route=\/wp\/v2\/posts\/35194\/revisions"}],"predecessor-version":[{"id":35197,"href":"https:\/\/hcd.malargue.gov.ar\/index.php?rest_route=\/wp\/v2\/posts\/35194\/revisions\/35197"}],"wp:featuredmedia":[{"embeddable":true,"href":"https:\/\/hcd.malargue.gov.ar\/index.php?rest_route=\/wp\/v2\/media\/33337"}],"wp:attachment":[{"href":"https:\/\/hcd.malargue.gov.ar\/index.php?rest_route=%2Fwp%2Fv2%2Fmedia&parent=35194"}],"wp:term":[{"taxonomy":"category","embeddable":true,"href":"https:\/\/hcd.malargue.gov.ar\/index.php?rest_route=%2Fwp%2Fv2%2Fcategories&post=35194"},{"taxonomy":"post_tag","embeddable":true,"href":"https:\/\/hcd.malargue.gov.ar\/index.php?rest_route=%2Fwp%2Fv2%2Ftags&post=35194"}],"curies":[{"name":"wp","href":"https:\/\/api.w.org\/{rel}","templated":true}]}}