{"id":35331,"date":"2023-10-25T10:49:42","date_gmt":"2023-10-25T13:49:42","guid":{"rendered":"https:\/\/hcd.malargue.gov.ar\/?p=35331"},"modified":"2023-10-25T10:50:20","modified_gmt":"2023-10-25T13:50:20","slug":"ordenanza-n-2-255-2-023","status":"publish","type":"post","link":"https:\/\/hcd.malargue.gov.ar\/?p=35331","title":{"rendered":"ORDENANZA N\u00b0 2.255\/2.023"},"content":{"rendered":"<div class=\"wp-block-image\">\n<figure class=\"alignright size-full is-resized\"><a href=\"http:\/\/hcd.malargue.gov.ar\/hcdpdf\/On%202255%202023%20Plan%20de%20Contingencias.pdf\"><img loading=\"lazy\" decoding=\"async\" width=\"512\" height=\"512\" src=\"https:\/\/hcd.malargue.gov.ar\/wp-content\/uploads\/2018\/06\/PDF-JPG.jpg\" alt=\"\" class=\"wp-image-7950\" style=\"aspect-ratio:1;width:134px;height:auto\" srcset=\"https:\/\/hcd.malargue.gov.ar\/wp-content\/uploads\/2018\/06\/PDF-JPG.jpg 512w, https:\/\/hcd.malargue.gov.ar\/wp-content\/uploads\/2018\/06\/PDF-JPG-150x150.jpg 150w, https:\/\/hcd.malargue.gov.ar\/wp-content\/uploads\/2018\/06\/PDF-JPG-300x300.jpg 300w\" sizes=\"auto, (max-width: 512px) 100vw, 512px\" \/><\/a><\/figure>\n<\/div>\n\n\n<p><strong>AUTORES CONCEJALES: FRANCISCO PARADA, MARTIN PALMA, GABRIEL ROSAS, PAOLA ROJO, ANDRES RISI, SILVINA CAMIOLO Y SILVIAN CORREA<\/strong><\/p>\n\n\n\n<p><strong>INTERBLOQUE ENCUENTRO-U.C. R-INDEPENDIENTE; FRENTE CAMBIA MENDOZA-FRENTE DE TODOS -RECONSTRUYENDO MALARG\u00dcE Y CUIDEMOS MALARG\u00dcE<\/strong><\/p>\n\n\n\n<p>VISTO: El contenido del Expediente N\u00ba 5.338-HC 059-2.023 Interbloque Encuentro- UCR Independiente &#8211; Frente Cambia Mendoza -Frente de Todos- Reconstruyendo Malarg\u00fce y Cuidemos Malarg\u00fce. Proyecto de Ordenanza: Presentaci\u00f3n anual del Plan de Contingencias Departamental en el Honorable Concejo Deliberante<\/p>\n\n\n\n<p>Que es necesario tener una previa planificaci\u00f3n para enfrentar inclemencias clim\u00e1ticas que puedan generar da\u00f1o.<\/p>\n\n\n\n<p>y;<\/p>\n\n\n\n<p>CONSIDERANDO: Que un Plan de Contingencia&nbsp; en la Municipalidad es una estrategia de respaldo, de manera que si sucede un imprevisto se pueda actuar r\u00e1pidamente y volver a encaminar las cosas.<\/p>\n\n\n\n<p>Que tiene por objetivo prever una reacci\u00f3n oportuna y adecuada ante accidentes y situaciones de emergencia de forma tal que minimice la extensi\u00f3n de los da\u00f1os y p\u00e9rdidas que se pudieran ocasionar, enfrentando y dando respuesta a los impactos ambientales y los relacionados a estos.<\/p>\n\n\n\n<p>Que la Ley N\u00ba 27.520 de Presupuestos M\u00ednimos de Adaptaci\u00f3n y Mitigaci\u00f3n al Cambio Clim\u00e1tico Global en su Art\u00edculo 1\u00b0 establece:<\/p>\n\n\n\n<p>Presupuestos M\u00ednimos Ambientales; La presente ley establece los Presupuestos M\u00ednimos de Protecci\u00f3n Ambiental para garantizar acciones, instrumentos y estrategias adecuadas de Adaptaci\u00f3n y Mitigaci\u00f3n al Cambio Clim\u00e1tico en todo el Territorio Nacional en los t\u00e9rminos del Art\u00edculo 41\u00b0 de la Constituci\u00f3n Nacional.<\/p>\n\n\n\n<p>Que en su Art. 18 menciona su Finalidad:<\/p>\n\n\n\n<p>a) La proyecci\u00f3n de pol\u00edticas de Estado en materia de adaptaci\u00f3n y mitigaci\u00f3n al cambio clim\u00e1tico para las generaciones presentes y futuras.<\/p>\n\n\n\n<p>b) El desarrollo de m\u00e9todos y herramientas para evaluar los impactos y la vulnerabilidad y permitir la adaptaci\u00f3n al cambio clim\u00e1tico en los diferentes sectores socioecon\u00f3micos y sistemas ambientales del pa\u00eds.<\/p>\n\n\n\n<p>c) La integraci\u00f3n de las pol\u00edticas, estrategias y las medidas de mitigaci\u00f3n y adaptaci\u00f3n a los procesos claves de planificaci\u00f3n.<\/p>\n\n\n\n<p>d) La incorporaci\u00f3n del concepto de los riesgos clim\u00e1ticos futuros, su monitoreo y el manejo de riesgos en los planes de formulaci\u00f3n de pol\u00edticas.<\/p>\n\n\n\n<p>e) La reevaluaci\u00f3n de los planes actuales para aumentar la solidez de los dise\u00f1os de infraestructuras e inversiones a largo plazo, incluyendo en la misma las proyecciones de crecimiento poblacional y de posibles migrantes ambientales.<\/p>\n\n\n\n<p>f) La preparaci\u00f3n de la Administraci\u00f3n P\u00fablica y de la sociedad en general, ante los cambios clim\u00e1ticos futuros.<\/p>\n\n\n\n<p>Que la Ley Nacional N\u00ba 27.287,cita en su Art\u00edculo 1\u00b0 &#8211; Cr\u00e9ase el Sistema Nacional para la Gesti\u00f3n Integral del Riesgo y la Protecci\u00f3n Civil que tiene por objeto integrar las acciones y articular el funcionamiento de los organismos del Gobierno Nacional, los Gobiernos Provinciales, de la Ciudad Aut\u00f3noma de Buenos Aires y Municipales, las organizaciones no gubernamentales y la sociedad civil, para fortalecer y optimizar las acciones destinadas a la reducci\u00f3n de riesgos, el manejo de la crisis y la recuperaci\u00f3n.<\/p>\n\n\n\n<p>Que en su Art\u00edculo 2\u00b0 menciona los efectos de esta ley:<\/p>\n\n\n\n<p>m) Preparaci\u00f3n: Conjunto de acciones orientadas a planificar, organizar y mejorar la capacidad de respuesta frente a los probables efectos de los eventos adversos.<\/p>\n\n\n\n<p>v) Sistema de Alerta Temprana: Mecanismo o herramienta de provisi\u00f3n y difusi\u00f3n de informaci\u00f3n oportuna y eficaz previa a la manifestaci\u00f3n de una amenaza a cargo de instituciones responsables identificadas, que permite la toma de decisiones;<\/p>\n\n\n\n<p>Que la Ley Provincial de Defensa Civil N\u00b0 3.796 en sus considerandos establece:<\/p>\n\n\n\n<p>Que las Ordenanzas N\u00ba 1.305\/2005 y N\u00ba 1.716\/2014 emitidas desde este Cuerpo Legislativo son un claro antecedente legal, de la necesidad de reglamentar el accionar preventivo frente a siniestros de emergencias clim\u00e1ticas.<\/p>\n\n\n\n<p>Que la Resoluci\u00f3n N\u00ba 448\/2.018 emanada tambi\u00e9n por esta Instituci\u00f3n solicita al Departamento Ejecutivo medidas sobre contingencias clim\u00e1ticas.<\/p>\n\n\n\n<p>Que el d\u00eda 30 de agosto de 2.023 se realiz\u00f3 una reuni\u00f3n en instalaciones del Honorable Concejo Deliberante, entre los Sres. ediles y referentes de distintas instituciones involucradas y\/o preocupadas por las consecuencias del temporal que afect\u00f3 nuestro Departamento desde el 22 al 24 de agosto del corriente a\u00f1o, donde manifestaron la necesidad de conocer el Plan de Contingencias para una actuaci\u00f3n m\u00e1s coordinada y efectiva en caso que resulte necesario.<\/p>\n\n\n\n<p>Que el pasado temporal dejo en evidencia la necesidad de un conocimiento previo y p\u00fablico del Plan de Contingencias, para obrar con mayor coordinaci\u00f3n y eficacia.<\/p>\n\n\n\n<p>Que especialistas e investigadores del Departamento de Malarg\u00fce remarcaron en medios de comunicaci\u00f3n, la necesidad de contar con planes para reducir la mitigaci\u00f3n de riesgos naturales (volc\u00e1nicos, s\u00edsmicos, aluviones o los fuertes vientos). Adem\u00e1s, lo que se viene viviendo en los \u00faltimos a\u00f1os que son las consecuencias que dejan las intensas lluvias o nevadas.<\/p>\n\n\n\n<p>EL HONORABLE CONCEJO DELIBERANTE DE LA MUNICIPALIDAD DE MALARG\u00dcE&nbsp; EN USO DE LAS FACULTADES QUE LE SON PROPIAS<\/p>\n\n\n\n<p>ORDENA<\/p>\n\n\n\n<p>ART\u00cdCULO 1\u00ba: Solic\u00edtese al Departamento Ejecutivo Municipal presente y exponga el Plan de Contingencias Departamental a trav\u00e9s de la Direcci\u00f3n de Defensa Civil en la sesi\u00f3n posterior a la Sesi\u00f3n Preparatoria de cada a\u00f1o.<\/p>\n\n\n\n<p>ART\u00cdCULO 2\u00b0: Inv\u00edtese a medios de comunicaci\u00f3n y referentes de la comunidad a presenciar la Presentaci\u00f3n Formal del Plan de Contingencias.<\/p>\n\n\n\n<p>ART\u00cdCULO 3\u00b0: Comun\u00edquese, reg\u00edstrese, c\u00famplase, publ\u00edquese, agr\u00e9guese copia de la presente en las actuaciones correspondientes y arch\u00edvese.<strong><\/strong><\/p>\n\n\n\n<p>DADA EN LA SALA DE SESIONES DR.&nbsp; RICARDO BALBIN DEL HONORABLE CONCEJO DELIBERANTE DE LA MUNICIPALIDAD DE MALARG\u00dcE A DOCE D\u00cdAS DE OCTUBRE DE DOS MIL VEINTITRES.<\/p>\n","protected":false},"excerpt":{"rendered":"<p>AUTORES CONCEJALES: FRANCISCO PARADA, MARTIN PALMA, GABRIEL ROSAS, PAOLA ROJO, ANDRES RISI, SILVINA CAMIOLO Y SILVIAN CORREA INTERBLOQUE ENCUENTRO-U.C. R-INDEPENDIENTE; FRENTE CAMBIA MENDOZA-FRENTE DE TODOS -RECONSTRUYENDO MALARG\u00dcE Y CUIDEMOS MALARG\u00dcE VISTO: El contenido del Expediente N\u00ba 5.338-HC 059-2.023 Interbloque Encuentro- UCR Independiente &#8211; Frente Cambia Mendoza -Frente de Todos- Reconstruyendo Malarg\u00fce y Cuidemos Malarg\u00fce. Proyecto [&hellip;]<\/p>\n","protected":false},"author":5,"featured_media":35333,"comment_status":"closed","ping_status":"closed","sticky":false,"template":"","format":"standard","meta":{"footnotes":""},"categories":[52,29,48,33],"tags":[],"class_list":["post-35331","post","type-post","status-publish","format-standard","has-post-thumbnail","hentry","category-gacetillas","category-lesgilacion","category-ordenanzas-municipales","category-prensa"],"yoast_head":"<!-- This site is optimized with the Yoast SEO plugin v19.10 - https:\/\/yoast.com\/wordpress\/plugins\/seo\/ -->\n<title>ORDENANZA N\u00b0 2.255\/2.023 - Malarg\u00fce HCD<\/title>\n<meta name=\"robots\" content=\"index, follow, max-snippet:-1, max-image-preview:large, max-video-preview:-1\" \/>\n<link rel=\"canonical\" href=\"https:\/\/hcd.malargue.gov.ar\/?p=35331\" \/>\n<meta property=\"og:locale\" content=\"es_ES\" \/>\n<meta property=\"og:type\" content=\"article\" \/>\n<meta property=\"og:title\" content=\"ORDENANZA N\u00b0 2.255\/2.023 - Malarg\u00fce HCD\" \/>\n<meta property=\"og:description\" content=\"AUTORES CONCEJALES: FRANCISCO PARADA, MARTIN PALMA, GABRIEL ROSAS, PAOLA ROJO, ANDRES RISI, SILVINA CAMIOLO Y SILVIAN CORREA INTERBLOQUE ENCUENTRO-U.C. R-INDEPENDIENTE; FRENTE CAMBIA MENDOZA-FRENTE DE TODOS -RECONSTRUYENDO MALARG\u00dcE Y CUIDEMOS MALARG\u00dcE VISTO: El contenido del Expediente N\u00ba 5.338-HC 059-2.023 Interbloque Encuentro- UCR Independiente &#8211; Frente Cambia Mendoza -Frente de Todos- Reconstruyendo Malarg\u00fce y Cuidemos Malarg\u00fce. Proyecto [&hellip;]\" \/>\n<meta property=\"og:url\" content=\"https:\/\/hcd.malargue.gov.ar\/?p=35331\" \/>\n<meta property=\"og:site_name\" content=\"Malarg\u00fce HCD\" \/>\n<meta property=\"article:published_time\" content=\"2023-10-25T13:49:42+00:00\" \/>\n<meta property=\"article:modified_time\" content=\"2023-10-25T13:50:20+00:00\" \/>\n<meta property=\"og:image\" content=\"https:\/\/hcd.malargue.gov.ar\/wp-content\/uploads\/2023\/10\/ORDENANZA-2255-2023.jpg\" \/>\n\t<meta property=\"og:image:width\" content=\"940\" \/>\n\t<meta property=\"og:image:height\" content=\"788\" \/>\n\t<meta property=\"og:image:type\" content=\"image\/jpeg\" \/>\n<meta name=\"author\" content=\"Belen Pedernera Ferragut\" \/>\n<meta name=\"twitter:card\" content=\"summary_large_image\" \/>\n<meta name=\"twitter:label1\" content=\"Escrito por\" \/>\n\t<meta name=\"twitter:data1\" content=\"Belen Pedernera Ferragut\" \/>\n\t<meta name=\"twitter:label2\" content=\"Tiempo de lectura\" \/>\n\t<meta name=\"twitter:data2\" content=\"5 minutos\" \/>\n<script type=\"application\/ld+json\" class=\"yoast-schema-graph\">{\"@context\":\"https:\/\/schema.org\",\"@graph\":[{\"@type\":\"WebPage\",\"@id\":\"https:\/\/hcd.malargue.gov.ar\/?p=35331\",\"url\":\"https:\/\/hcd.malargue.gov.ar\/?p=35331\",\"name\":\"ORDENANZA N\u00b0 2.255\/2.023 - Malarg\u00fce HCD\",\"isPartOf\":{\"@id\":\"https:\/\/hcd.malargue.gov.ar\/#website\"},\"datePublished\":\"2023-10-25T13:49:42+00:00\",\"dateModified\":\"2023-10-25T13:50:20+00:00\",\"author\":{\"@id\":\"https:\/\/hcd.malargue.gov.ar\/#\/schema\/person\/3fd6bbab64edd703961b795156c955d0\"},\"breadcrumb\":{\"@id\":\"https:\/\/hcd.malargue.gov.ar\/?p=35331#breadcrumb\"},\"inLanguage\":\"es-AR\",\"potentialAction\":[{\"@type\":\"ReadAction\",\"target\":[\"https:\/\/hcd.malargue.gov.ar\/?p=35331\"]}]},{\"@type\":\"BreadcrumbList\",\"@id\":\"https:\/\/hcd.malargue.gov.ar\/?p=35331#breadcrumb\",\"itemListElement\":[{\"@type\":\"ListItem\",\"position\":1,\"name\":\"Inicio\",\"item\":\"https:\/\/hcd.malargue.gov.ar\/\"},{\"@type\":\"ListItem\",\"position\":2,\"name\":\"ORDENANZA N\u00b0 2.255\/2.023\"}]},{\"@type\":\"WebSite\",\"@id\":\"https:\/\/hcd.malargue.gov.ar\/#website\",\"url\":\"https:\/\/hcd.malargue.gov.ar\/\",\"name\":\"Malarg\u00fce HCD\",\"description\":\"Malarg\u00fce Mendoza Argentina\",\"potentialAction\":[{\"@type\":\"SearchAction\",\"target\":{\"@type\":\"EntryPoint\",\"urlTemplate\":\"https:\/\/hcd.malargue.gov.ar\/?s={search_term_string}\"},\"query-input\":\"required name=search_term_string\"}],\"inLanguage\":\"es-AR\"},{\"@type\":\"Person\",\"@id\":\"https:\/\/hcd.malargue.gov.ar\/#\/schema\/person\/3fd6bbab64edd703961b795156c955d0\",\"name\":\"Belen Pedernera Ferragut\",\"image\":{\"@type\":\"ImageObject\",\"inLanguage\":\"es-AR\",\"@id\":\"https:\/\/hcd.malargue.gov.ar\/#\/schema\/person\/image\/\",\"url\":\"https:\/\/secure.gravatar.com\/avatar\/1054ffab3893de4bb3eb29bdd22f7e34b8537bf5d34d9dab311818154ad5b71f?s=96&d=mm&r=g\",\"contentUrl\":\"https:\/\/secure.gravatar.com\/avatar\/1054ffab3893de4bb3eb29bdd22f7e34b8537bf5d34d9dab311818154ad5b71f?s=96&d=mm&r=g\",\"caption\":\"Belen Pedernera Ferragut\"},\"url\":\"https:\/\/hcd.malargue.gov.ar\/?author=5\"}]}<\/script>\n<!-- \/ Yoast SEO plugin. -->","yoast_head_json":{"title":"ORDENANZA N\u00b0 2.255\/2.023 - Malarg\u00fce HCD","robots":{"index":"index","follow":"follow","max-snippet":"max-snippet:-1","max-image-preview":"max-image-preview:large","max-video-preview":"max-video-preview:-1"},"canonical":"https:\/\/hcd.malargue.gov.ar\/?p=35331","og_locale":"es_ES","og_type":"article","og_title":"ORDENANZA N\u00b0 2.255\/2.023 - Malarg\u00fce HCD","og_description":"AUTORES CONCEJALES: FRANCISCO PARADA, MARTIN PALMA, GABRIEL ROSAS, PAOLA ROJO, ANDRES RISI, SILVINA CAMIOLO Y SILVIAN CORREA INTERBLOQUE ENCUENTRO-U.C. R-INDEPENDIENTE; FRENTE CAMBIA MENDOZA-FRENTE DE TODOS -RECONSTRUYENDO MALARG\u00dcE Y CUIDEMOS MALARG\u00dcE VISTO: El contenido del Expediente N\u00ba 5.338-HC 059-2.023 Interbloque Encuentro- UCR Independiente &#8211; Frente Cambia Mendoza -Frente de Todos- Reconstruyendo Malarg\u00fce y Cuidemos Malarg\u00fce. Proyecto [&hellip;]","og_url":"https:\/\/hcd.malargue.gov.ar\/?p=35331","og_site_name":"Malarg\u00fce HCD","article_published_time":"2023-10-25T13:49:42+00:00","article_modified_time":"2023-10-25T13:50:20+00:00","og_image":[{"width":940,"height":788,"url":"https:\/\/hcd.malargue.gov.ar\/wp-content\/uploads\/2023\/10\/ORDENANZA-2255-2023.jpg","type":"image\/jpeg"}],"author":"Belen Pedernera Ferragut","twitter_card":"summary_large_image","twitter_misc":{"Escrito por":"Belen Pedernera Ferragut","Tiempo de lectura":"5 minutos"},"schema":{"@context":"https:\/\/schema.org","@graph":[{"@type":"WebPage","@id":"https:\/\/hcd.malargue.gov.ar\/?p=35331","url":"https:\/\/hcd.malargue.gov.ar\/?p=35331","name":"ORDENANZA N\u00b0 2.255\/2.023 - Malarg\u00fce HCD","isPartOf":{"@id":"https:\/\/hcd.malargue.gov.ar\/#website"},"datePublished":"2023-10-25T13:49:42+00:00","dateModified":"2023-10-25T13:50:20+00:00","author":{"@id":"https:\/\/hcd.malargue.gov.ar\/#\/schema\/person\/3fd6bbab64edd703961b795156c955d0"},"breadcrumb":{"@id":"https:\/\/hcd.malargue.gov.ar\/?p=35331#breadcrumb"},"inLanguage":"es-AR","potentialAction":[{"@type":"ReadAction","target":["https:\/\/hcd.malargue.gov.ar\/?p=35331"]}]},{"@type":"BreadcrumbList","@id":"https:\/\/hcd.malargue.gov.ar\/?p=35331#breadcrumb","itemListElement":[{"@type":"ListItem","position":1,"name":"Inicio","item":"https:\/\/hcd.malargue.gov.ar\/"},{"@type":"ListItem","position":2,"name":"ORDENANZA N\u00b0 2.255\/2.023"}]},{"@type":"WebSite","@id":"https:\/\/hcd.malargue.gov.ar\/#website","url":"https:\/\/hcd.malargue.gov.ar\/","name":"Malarg\u00fce HCD","description":"Malarg\u00fce Mendoza Argentina","potentialAction":[{"@type":"SearchAction","target":{"@type":"EntryPoint","urlTemplate":"https:\/\/hcd.malargue.gov.ar\/?s={search_term_string}"},"query-input":"required name=search_term_string"}],"inLanguage":"es-AR"},{"@type":"Person","@id":"https:\/\/hcd.malargue.gov.ar\/#\/schema\/person\/3fd6bbab64edd703961b795156c955d0","name":"Belen Pedernera Ferragut","image":{"@type":"ImageObject","inLanguage":"es-AR","@id":"https:\/\/hcd.malargue.gov.ar\/#\/schema\/person\/image\/","url":"https:\/\/secure.gravatar.com\/avatar\/1054ffab3893de4bb3eb29bdd22f7e34b8537bf5d34d9dab311818154ad5b71f?s=96&d=mm&r=g","contentUrl":"https:\/\/secure.gravatar.com\/avatar\/1054ffab3893de4bb3eb29bdd22f7e34b8537bf5d34d9dab311818154ad5b71f?s=96&d=mm&r=g","caption":"Belen Pedernera Ferragut"},"url":"https:\/\/hcd.malargue.gov.ar\/?author=5"}]}},"_links":{"self":[{"href":"https:\/\/hcd.malargue.gov.ar\/index.php?rest_route=\/wp\/v2\/posts\/35331","targetHints":{"allow":["GET"]}}],"collection":[{"href":"https:\/\/hcd.malargue.gov.ar\/index.php?rest_route=\/wp\/v2\/posts"}],"about":[{"href":"https:\/\/hcd.malargue.gov.ar\/index.php?rest_route=\/wp\/v2\/types\/post"}],"author":[{"embeddable":true,"href":"https:\/\/hcd.malargue.gov.ar\/index.php?rest_route=\/wp\/v2\/users\/5"}],"replies":[{"embeddable":true,"href":"https:\/\/hcd.malargue.gov.ar\/index.php?rest_route=%2Fwp%2Fv2%2Fcomments&post=35331"}],"version-history":[{"count":1,"href":"https:\/\/hcd.malargue.gov.ar\/index.php?rest_route=\/wp\/v2\/posts\/35331\/revisions"}],"predecessor-version":[{"id":35334,"href":"https:\/\/hcd.malargue.gov.ar\/index.php?rest_route=\/wp\/v2\/posts\/35331\/revisions\/35334"}],"wp:featuredmedia":[{"embeddable":true,"href":"https:\/\/hcd.malargue.gov.ar\/index.php?rest_route=\/wp\/v2\/media\/35333"}],"wp:attachment":[{"href":"https:\/\/hcd.malargue.gov.ar\/index.php?rest_route=%2Fwp%2Fv2%2Fmedia&parent=35331"}],"wp:term":[{"taxonomy":"category","embeddable":true,"href":"https:\/\/hcd.malargue.gov.ar\/index.php?rest_route=%2Fwp%2Fv2%2Fcategories&post=35331"},{"taxonomy":"post_tag","embeddable":true,"href":"https:\/\/hcd.malargue.gov.ar\/index.php?rest_route=%2Fwp%2Fv2%2Ftags&post=35331"}],"curies":[{"name":"wp","href":"https:\/\/api.w.org\/{rel}","templated":true}]}}