{"id":35340,"date":"2023-10-27T09:40:04","date_gmt":"2023-10-27T12:40:04","guid":{"rendered":"https:\/\/hcd.malargue.gov.ar\/?p=35340"},"modified":"2023-10-31T10:30:52","modified_gmt":"2023-10-31T13:30:52","slug":"el-hcd-llevo-a-cabo-la-29-sesion-ordinaria-aprobando-piezas-legales","status":"publish","type":"post","link":"https:\/\/hcd.malargue.gov.ar\/?p=35340","title":{"rendered":"EL HCD LLEV\u00d3 A CABO LA ULTIMA SESI\u00d3N DEL PERIODO ORDINARIO 2023, APROBANDO 5 PIEZAS LEGALES"},"content":{"rendered":"\n<h6 class=\"wp-block-heading has-text-align-right\">SESI\u00d3N ORDINARIA \u2013&nbsp; 26 de OCTUBRE del 2023<\/h6>\n\n\n\n<h6 class=\"wp-block-heading has-text-align-right\">Presidiendo la Sesi\u00f3n:&nbsp;&nbsp;Concejal Andres Risi (Bloque Frente de Todos)<\/h6>\n\n\n\n<h6 class=\"wp-block-heading has-text-align-right\">Concejales Presentes:&nbsp; Rodrigo Hidalgo,(Bloque Frente de Todos), Silvia Correa (Bloque Cuidemos Malarg\u00fce), Silvina Camiolo (Reconstruyendo Malarg\u00fce), Francisco Parada (Bloque Partido Encuentro)&nbsp; Daiana Varas, Viviana Mosca, Paola Rojo (Bloque Frente Cambia Mendoza), Gabriel Rosas, Martin Palma (Bloque UCR-Independiente),<\/h6>\n\n\n\n<p>A las 9:00 hs de este jueves 26 de octubre, dio inici\u00f3 el <a href=\"https:\/\/hcd.malargue.gov.ar\/?p=35338\">Orden del Dia de la 29\u00b0 Sesi\u00f3n Ordinaria.<\/a><\/p>\n\n\n\n<p>Dando cumplimiento al Orden del D\u00eda elevaron un total de 8 Proyectos de los Sres Concejales a las distintas Comisiones de trabajo para su correspondiente tratamiento. Detalle:<\/p>\n\n\n\n<blockquote class=\"wp-block-quote is-layout-flow wp-block-quote-is-layout-flow\">\n<p><strong><em>La COMISI\u00d3N DE EDUCACI\u00d3N, HIGIENE, MORALIDAD, ACCI\u00d3N SOCIAL Y CULTURA (EHMASyC) recepcionar\u00e1&nbsp;5 proyectos:&nbsp;<\/em><\/strong><\/p>\n\n\n\n<ul class=\"wp-block-list\">\n<li>Expte.N\u00b05.370-HC 061-2.023 Proyecto de Ordenanza: Crear el Museo Municipal del Deporte \u201cCarlos Bochin Brega\u201d en el Departamento de Malarg\u00fce (BLOQUE CAMBIA MENDOZA) Autora: Concejal Daiana Varas Castro<\/li>\n\n\n\n<li>Expte.N\u00b05.371-HC 061-2.023 Proyecto de Resoluci\u00f3n: Declarar de Inter\u00e9s Departamental la 1\u00b0 Jornada de Capacitaci\u00f3n \u201cTurismo Inclusivo en Malarg\u00fce\u201d organizada por PRO.MA.TUR (BLOQUE CAMBIA MENDOZA) Autora: Concejal Paola Lorena Rojo<\/li>\n\n\n\n<li>Expte.N\u00b05.373-HC 061-2.023 Proyecto de Ordenanza: Incluir el Deporte \u201cAJEDREZ\u201d en la Semana del Estudiante (BLOQUE ENCUENTRO) Autor: Concejal Francisco Parada<\/li>\n\n\n\n<li>Expte.N\u00b05.374-HC 061-2.023 Proyecto de Resoluci\u00f3n: Distinguir a la Joven Delfina Moyano por su desempe\u00f1o deportivo en Mountain Bike (BLOQUE RECONSTRUYENDO MALARG\u00dcE) Autora: Concejal Silvina Ana Camiolo<\/li>\n\n\n\n<li>Expte.N\u00b05.377-HC-061-2.023 Proyecto de Resoluci\u00f3n: Declarar de Inter\u00e9s Departamental el local comercial \u201cBar Don Juan\u201d sitio hist\u00f3rico del Departamento (BLOQUE FRENTE CAMBIA MENDOZA) Autora Concejal Viviana Mosca<\/li>\n<\/ul>\n\n\n\n<p><strong><em>La COMISI\u00d3N DE HACIENDA PRESUPUESTO LEGISLACI\u00d3N Y ASUNTOS CONSTITUCIONALES (HPLAC) recepcionar\u00e1&nbsp;3 proyectos:<\/em><\/strong><\/p>\n\n\n\n<ul class=\"wp-block-list\">\n<li>Expte.N\u00b05.372-HC 061-2.023 Proyecto de Ordenanza: Modificaci\u00f3n Ordenanza N\u00b01.977\/2018 (BLOQUE FRENTE DE TODOS) Autores: Concejales Andr\u00e9s Risi y Rodrigo Hidalgo<\/li>\n\n\n\n<li>Expte.N\u00b05.375-HC -061-2.023 Proyecto de Ordenanza. Contrataci\u00f3n de servicios de vigilancia y seguridad privada para \u00c1reas del Municipio (BLOQUE RECONSTRUYENDO MALARG\u00dcE) Autora: Concejal Ana Silvina Camiolo<\/li>\n\n\n\n<li>Expte.N\u00b05.376-HC 061-2.023 Proyecto de Resoluci\u00f3n: Pedido de Informe sobre gasto de combustible de veh\u00edculos oficiales por YPF Rutas \u00faltimo semestre (BLOQUE FRENTE DE TODOS) Autores: Concejales Rodrigo Hidalgo y Andr\u00e9s Risi<\/li>\n<\/ul>\n<\/blockquote>\n\n\n\n<p>Sobre Tablas se aprobaron 2 Piezas Legales:<\/p>\n\n\n\n<p><strong>Resoluci\u00f3n:<\/strong> Solicitar al Intendente Municipal Lic. Juan Manuel Ojeda, actuar bajo principios democr\u00e1ticos y de buena Fe durante la presente transici\u00f3n de gobierno. (Expte.N\u00ba5.368-HC 061-2.023) <\/p>\n\n\n\n<p><strong>Declaraci\u00f3n:<\/strong> Declarar de Inter\u00e9s el Primer Torneo Femenino de Newcom a realizarse en el Departamento de Malarg\u00fce (Expte.N\u00b05.369-HC 061-2.023)<\/p>\n\n\n\n<p>En el punto <em><strong>h)<\/strong><\/em> se aprob\u00f3 una <strong>Ordenanza:<\/strong> Optimizar el espacio de trabajo del \u00c1rea de Bromatolog\u00eda de la Municipalidad de Malarg\u00fce. (Expte.N\u00b05.337-HC -058 2.023 )<\/p>\n\n\n\n<p>En el punto<em><strong> i)Asuntos varios, <\/strong><\/em>se aprob\u00f3 :<\/p>\n\n\n\n<p><strong>Resoluci\u00f3n: <\/strong>Creaci\u00f3n de una Comisi\u00f3n Investigadora sobre entrega de terrenos en Malarg\u00fce integrada por los Ediles Hidalgo, Parada, Camiolo, Palma y Parada.<\/p>\n\n\n\n<p><strong>Resoluci\u00f3n: <\/strong>Periodo de Prorroga de Sesiones hasta el 30 de noviembre.<\/p>\n\n\n\n<p>Suman un total de&nbsp;5 Piezas Legales las aprobadas por el Cuerpo el dia de la fecha.<\/p>\n\n\n\n<p>Sin m\u00e1s que tratar, el Presidente del Cuerpo Deliberativo dio por finalizada la Sesi\u00f3n.<\/p>\n\n\n\n<p>Bel\u00e9n Pedernera Ferragut \/ Prensa HCD<\/p>\n\n\n\n<p class=\"has-text-align-center\"><strong>VER LA SESI\u00d3N EN VIVO:<\/strong> <a href=\"https:\/\/www.youtube.com\/watch?v=eQhCeaVKcwE\">https:\/\/www.youtube.com\/watch?v=eQhCeaVKcwE<\/a><\/p>\n\n\n\n<p class=\"has-text-align-center\"><strong><a href=\"https:\/\/www.facebook.com\/photo\/?fbid=647669967538895&amp;set=pcb.647671014205457\">GALER\u00cdA DE FOTOS<\/a><\/strong><\/p>\n","protected":false},"excerpt":{"rendered":"<p>SESI\u00d3N ORDINARIA \u2013&nbsp; 26 de OCTUBRE del 2023 Presidiendo la Sesi\u00f3n:&nbsp;&nbsp;Concejal Andres Risi (Bloque Frente de Todos) Concejales Presentes:&nbsp; Rodrigo Hidalgo,(Bloque Frente de Todos), Silvia Correa (Bloque Cuidemos Malarg\u00fce), Silvina Camiolo (Reconstruyendo Malarg\u00fce), Francisco Parada (Bloque Partido Encuentro)&nbsp; Daiana Varas, Viviana Mosca, Paola Rojo (Bloque Frente Cambia Mendoza), Gabriel Rosas, Martin Palma (Bloque UCR-Independiente), A [&hellip;]<\/p>\n","protected":false},"author":5,"featured_media":35343,"comment_status":"closed","ping_status":"closed","sticky":false,"template":"","format":"standard","meta":{"footnotes":""},"categories":[52,58,33,36],"tags":[],"class_list":["post-35340","post","type-post","status-publish","format-standard","has-post-thumbnail","hentry","category-gacetillas","category-ordinarias","category-prensa","category-sesiones"],"yoast_head":"<!-- This site is optimized with the Yoast SEO plugin v19.10 - https:\/\/yoast.com\/wordpress\/plugins\/seo\/ -->\n<title>EL HCD LLEV\u00d3 A CABO LA ULTIMA SESI\u00d3N DEL PERIODO ORDINARIO 2023, APROBANDO 5 PIEZAS LEGALES - Malarg\u00fce HCD<\/title>\n<meta name=\"robots\" content=\"index, follow, max-snippet:-1, max-image-preview:large, max-video-preview:-1\" \/>\n<link rel=\"canonical\" href=\"https:\/\/hcd.malargue.gov.ar\/?p=35340\" \/>\n<meta property=\"og:locale\" content=\"es_ES\" \/>\n<meta property=\"og:type\" content=\"article\" \/>\n<meta property=\"og:title\" content=\"EL HCD LLEV\u00d3 A CABO LA ULTIMA SESI\u00d3N DEL PERIODO ORDINARIO 2023, APROBANDO 5 PIEZAS LEGALES - Malarg\u00fce HCD\" \/>\n<meta property=\"og:description\" content=\"SESI\u00d3N ORDINARIA \u2013&nbsp; 26 de OCTUBRE del 2023 Presidiendo la Sesi\u00f3n:&nbsp;&nbsp;Concejal Andres Risi (Bloque Frente de Todos) Concejales Presentes:&nbsp; Rodrigo Hidalgo,(Bloque Frente de Todos), Silvia Correa (Bloque Cuidemos Malarg\u00fce), Silvina Camiolo (Reconstruyendo Malarg\u00fce), Francisco Parada (Bloque Partido Encuentro)&nbsp; Daiana Varas, Viviana Mosca, Paola Rojo (Bloque Frente Cambia Mendoza), Gabriel Rosas, Martin Palma (Bloque UCR-Independiente), A [&hellip;]\" \/>\n<meta property=\"og:url\" content=\"https:\/\/hcd.malargue.gov.ar\/?p=35340\" \/>\n<meta property=\"og:site_name\" content=\"Malarg\u00fce HCD\" \/>\n<meta property=\"article:published_time\" content=\"2023-10-27T12:40:04+00:00\" \/>\n<meta property=\"article:modified_time\" content=\"2023-10-31T13:30:52+00:00\" \/>\n<meta property=\"og:image\" content=\"https:\/\/hcd.malargue.gov.ar\/wp-content\/uploads\/2023\/10\/WhatsApp-Image-2023-10-27-at-08.22.54-2.jpeg\" \/>\n\t<meta property=\"og:image:width\" content=\"1600\" \/>\n\t<meta property=\"og:image:height\" content=\"1200\" \/>\n\t<meta property=\"og:image:type\" content=\"image\/jpeg\" \/>\n<meta name=\"author\" content=\"Belen Pedernera Ferragut\" \/>\n<meta name=\"twitter:card\" content=\"summary_large_image\" \/>\n<meta name=\"twitter:label1\" content=\"Escrito por\" \/>\n\t<meta name=\"twitter:data1\" content=\"Belen Pedernera Ferragut\" \/>\n\t<meta name=\"twitter:label2\" content=\"Tiempo de lectura\" \/>\n\t<meta name=\"twitter:data2\" content=\"3 minutos\" \/>\n<script type=\"application\/ld+json\" class=\"yoast-schema-graph\">{\"@context\":\"https:\/\/schema.org\",\"@graph\":[{\"@type\":\"WebPage\",\"@id\":\"https:\/\/hcd.malargue.gov.ar\/?p=35340\",\"url\":\"https:\/\/hcd.malargue.gov.ar\/?p=35340\",\"name\":\"EL HCD LLEV\u00d3 A CABO LA ULTIMA SESI\u00d3N DEL PERIODO ORDINARIO 2023, APROBANDO 5 PIEZAS LEGALES - Malarg\u00fce HCD\",\"isPartOf\":{\"@id\":\"https:\/\/hcd.malargue.gov.ar\/#website\"},\"datePublished\":\"2023-10-27T12:40:04+00:00\",\"dateModified\":\"2023-10-31T13:30:52+00:00\",\"author\":{\"@id\":\"https:\/\/hcd.malargue.gov.ar\/#\/schema\/person\/3fd6bbab64edd703961b795156c955d0\"},\"breadcrumb\":{\"@id\":\"https:\/\/hcd.malargue.gov.ar\/?p=35340#breadcrumb\"},\"inLanguage\":\"es-AR\",\"potentialAction\":[{\"@type\":\"ReadAction\",\"target\":[\"https:\/\/hcd.malargue.gov.ar\/?p=35340\"]}]},{\"@type\":\"BreadcrumbList\",\"@id\":\"https:\/\/hcd.malargue.gov.ar\/?p=35340#breadcrumb\",\"itemListElement\":[{\"@type\":\"ListItem\",\"position\":1,\"name\":\"Inicio\",\"item\":\"https:\/\/hcd.malargue.gov.ar\/\"},{\"@type\":\"ListItem\",\"position\":2,\"name\":\"EL HCD LLEV\u00d3 A CABO LA ULTIMA SESI\u00d3N DEL PERIODO ORDINARIO 2023, APROBANDO 5 PIEZAS LEGALES\"}]},{\"@type\":\"WebSite\",\"@id\":\"https:\/\/hcd.malargue.gov.ar\/#website\",\"url\":\"https:\/\/hcd.malargue.gov.ar\/\",\"name\":\"Malarg\u00fce HCD\",\"description\":\"Malarg\u00fce Mendoza Argentina\",\"potentialAction\":[{\"@type\":\"SearchAction\",\"target\":{\"@type\":\"EntryPoint\",\"urlTemplate\":\"https:\/\/hcd.malargue.gov.ar\/?s={search_term_string}\"},\"query-input\":\"required name=search_term_string\"}],\"inLanguage\":\"es-AR\"},{\"@type\":\"Person\",\"@id\":\"https:\/\/hcd.malargue.gov.ar\/#\/schema\/person\/3fd6bbab64edd703961b795156c955d0\",\"name\":\"Belen Pedernera Ferragut\",\"image\":{\"@type\":\"ImageObject\",\"inLanguage\":\"es-AR\",\"@id\":\"https:\/\/hcd.malargue.gov.ar\/#\/schema\/person\/image\/\",\"url\":\"https:\/\/secure.gravatar.com\/avatar\/1054ffab3893de4bb3eb29bdd22f7e34b8537bf5d34d9dab311818154ad5b71f?s=96&d=mm&r=g\",\"contentUrl\":\"https:\/\/secure.gravatar.com\/avatar\/1054ffab3893de4bb3eb29bdd22f7e34b8537bf5d34d9dab311818154ad5b71f?s=96&d=mm&r=g\",\"caption\":\"Belen Pedernera Ferragut\"},\"url\":\"https:\/\/hcd.malargue.gov.ar\/?author=5\"}]}<\/script>\n<!-- \/ Yoast SEO plugin. -->","yoast_head_json":{"title":"EL HCD LLEV\u00d3 A CABO LA ULTIMA SESI\u00d3N DEL PERIODO ORDINARIO 2023, APROBANDO 5 PIEZAS LEGALES - Malarg\u00fce HCD","robots":{"index":"index","follow":"follow","max-snippet":"max-snippet:-1","max-image-preview":"max-image-preview:large","max-video-preview":"max-video-preview:-1"},"canonical":"https:\/\/hcd.malargue.gov.ar\/?p=35340","og_locale":"es_ES","og_type":"article","og_title":"EL HCD LLEV\u00d3 A CABO LA ULTIMA SESI\u00d3N DEL PERIODO ORDINARIO 2023, APROBANDO 5 PIEZAS LEGALES - Malarg\u00fce HCD","og_description":"SESI\u00d3N ORDINARIA \u2013&nbsp; 26 de OCTUBRE del 2023 Presidiendo la Sesi\u00f3n:&nbsp;&nbsp;Concejal Andres Risi (Bloque Frente de Todos) Concejales Presentes:&nbsp; Rodrigo Hidalgo,(Bloque Frente de Todos), Silvia Correa (Bloque Cuidemos Malarg\u00fce), Silvina Camiolo (Reconstruyendo Malarg\u00fce), Francisco Parada (Bloque Partido Encuentro)&nbsp; Daiana Varas, Viviana Mosca, Paola Rojo (Bloque Frente Cambia Mendoza), Gabriel Rosas, Martin Palma (Bloque UCR-Independiente), A [&hellip;]","og_url":"https:\/\/hcd.malargue.gov.ar\/?p=35340","og_site_name":"Malarg\u00fce HCD","article_published_time":"2023-10-27T12:40:04+00:00","article_modified_time":"2023-10-31T13:30:52+00:00","og_image":[{"width":1600,"height":1200,"url":"https:\/\/hcd.malargue.gov.ar\/wp-content\/uploads\/2023\/10\/WhatsApp-Image-2023-10-27-at-08.22.54-2.jpeg","type":"image\/jpeg"}],"author":"Belen Pedernera Ferragut","twitter_card":"summary_large_image","twitter_misc":{"Escrito por":"Belen Pedernera Ferragut","Tiempo de lectura":"3 minutos"},"schema":{"@context":"https:\/\/schema.org","@graph":[{"@type":"WebPage","@id":"https:\/\/hcd.malargue.gov.ar\/?p=35340","url":"https:\/\/hcd.malargue.gov.ar\/?p=35340","name":"EL HCD LLEV\u00d3 A CABO LA ULTIMA SESI\u00d3N DEL PERIODO ORDINARIO 2023, APROBANDO 5 PIEZAS LEGALES - Malarg\u00fce HCD","isPartOf":{"@id":"https:\/\/hcd.malargue.gov.ar\/#website"},"datePublished":"2023-10-27T12:40:04+00:00","dateModified":"2023-10-31T13:30:52+00:00","author":{"@id":"https:\/\/hcd.malargue.gov.ar\/#\/schema\/person\/3fd6bbab64edd703961b795156c955d0"},"breadcrumb":{"@id":"https:\/\/hcd.malargue.gov.ar\/?p=35340#breadcrumb"},"inLanguage":"es-AR","potentialAction":[{"@type":"ReadAction","target":["https:\/\/hcd.malargue.gov.ar\/?p=35340"]}]},{"@type":"BreadcrumbList","@id":"https:\/\/hcd.malargue.gov.ar\/?p=35340#breadcrumb","itemListElement":[{"@type":"ListItem","position":1,"name":"Inicio","item":"https:\/\/hcd.malargue.gov.ar\/"},{"@type":"ListItem","position":2,"name":"EL HCD LLEV\u00d3 A CABO LA ULTIMA SESI\u00d3N DEL PERIODO ORDINARIO 2023, APROBANDO 5 PIEZAS LEGALES"}]},{"@type":"WebSite","@id":"https:\/\/hcd.malargue.gov.ar\/#website","url":"https:\/\/hcd.malargue.gov.ar\/","name":"Malarg\u00fce HCD","description":"Malarg\u00fce Mendoza Argentina","potentialAction":[{"@type":"SearchAction","target":{"@type":"EntryPoint","urlTemplate":"https:\/\/hcd.malargue.gov.ar\/?s={search_term_string}"},"query-input":"required name=search_term_string"}],"inLanguage":"es-AR"},{"@type":"Person","@id":"https:\/\/hcd.malargue.gov.ar\/#\/schema\/person\/3fd6bbab64edd703961b795156c955d0","name":"Belen Pedernera Ferragut","image":{"@type":"ImageObject","inLanguage":"es-AR","@id":"https:\/\/hcd.malargue.gov.ar\/#\/schema\/person\/image\/","url":"https:\/\/secure.gravatar.com\/avatar\/1054ffab3893de4bb3eb29bdd22f7e34b8537bf5d34d9dab311818154ad5b71f?s=96&d=mm&r=g","contentUrl":"https:\/\/secure.gravatar.com\/avatar\/1054ffab3893de4bb3eb29bdd22f7e34b8537bf5d34d9dab311818154ad5b71f?s=96&d=mm&r=g","caption":"Belen Pedernera Ferragut"},"url":"https:\/\/hcd.malargue.gov.ar\/?author=5"}]}},"_links":{"self":[{"href":"https:\/\/hcd.malargue.gov.ar\/index.php?rest_route=\/wp\/v2\/posts\/35340","targetHints":{"allow":["GET"]}}],"collection":[{"href":"https:\/\/hcd.malargue.gov.ar\/index.php?rest_route=\/wp\/v2\/posts"}],"about":[{"href":"https:\/\/hcd.malargue.gov.ar\/index.php?rest_route=\/wp\/v2\/types\/post"}],"author":[{"embeddable":true,"href":"https:\/\/hcd.malargue.gov.ar\/index.php?rest_route=\/wp\/v2\/users\/5"}],"replies":[{"embeddable":true,"href":"https:\/\/hcd.malargue.gov.ar\/index.php?rest_route=%2Fwp%2Fv2%2Fcomments&post=35340"}],"version-history":[{"count":5,"href":"https:\/\/hcd.malargue.gov.ar\/index.php?rest_route=\/wp\/v2\/posts\/35340\/revisions"}],"predecessor-version":[{"id":35383,"href":"https:\/\/hcd.malargue.gov.ar\/index.php?rest_route=\/wp\/v2\/posts\/35340\/revisions\/35383"}],"wp:featuredmedia":[{"embeddable":true,"href":"https:\/\/hcd.malargue.gov.ar\/index.php?rest_route=\/wp\/v2\/media\/35343"}],"wp:attachment":[{"href":"https:\/\/hcd.malargue.gov.ar\/index.php?rest_route=%2Fwp%2Fv2%2Fmedia&parent=35340"}],"wp:term":[{"taxonomy":"category","embeddable":true,"href":"https:\/\/hcd.malargue.gov.ar\/index.php?rest_route=%2Fwp%2Fv2%2Fcategories&post=35340"},{"taxonomy":"post_tag","embeddable":true,"href":"https:\/\/hcd.malargue.gov.ar\/index.php?rest_route=%2Fwp%2Fv2%2Ftags&post=35340"}],"curies":[{"name":"wp","href":"https:\/\/api.w.org\/{rel}","templated":true}]}}