{"id":35380,"date":"2023-10-31T10:34:09","date_gmt":"2023-10-31T13:34:09","guid":{"rendered":"https:\/\/hcd.malargue.gov.ar\/?p=35380"},"modified":"2023-10-31T10:42:50","modified_gmt":"2023-10-31T13:42:50","slug":"resolucion-n-425-2-023","status":"publish","type":"post","link":"https:\/\/hcd.malargue.gov.ar\/?p=35380","title":{"rendered":"RESOLUCI\u00d3N N\u00b0 425\/2.023"},"content":{"rendered":"<div class=\"wp-block-image\">\n<figure class=\"alignright size-full is-resized\"><a href=\"http:\/\/hcd.malargue.gov.ar\/hcdpdf\/Rn%20425%202023%20Edificio%20Esc%20Roberto%20Ordenes.pdf\"><img loading=\"lazy\" decoding=\"async\" width=\"512\" height=\"512\" src=\"https:\/\/hcd.malargue.gov.ar\/wp-content\/uploads\/2018\/06\/PDF-JPG.jpg\" alt=\"\" class=\"wp-image-7950\" style=\"aspect-ratio:1;width:104px;height:auto\" srcset=\"https:\/\/hcd.malargue.gov.ar\/wp-content\/uploads\/2018\/06\/PDF-JPG.jpg 512w, https:\/\/hcd.malargue.gov.ar\/wp-content\/uploads\/2018\/06\/PDF-JPG-150x150.jpg 150w, https:\/\/hcd.malargue.gov.ar\/wp-content\/uploads\/2018\/06\/PDF-JPG-300x300.jpg 300w\" sizes=\"auto, (max-width: 512px) 100vw, 512px\" \/><\/a><\/figure>\n<\/div>\n\n\n<p><strong>AUTORA: CONCEJALA PAOLA LORENA ROJO <\/strong><\/p>\n\n\n\n<p><strong>BLOQUE FRENTE CAMBIA MENDOZA <\/strong><\/p>\n\n\n\n<p>VISTO: El contenido del Expediente N\u00b0 5.343-HC 059-2.023 Bloque Frente Cambia Mendoza. Proyecto de Resoluci\u00f3n: Solicitar a la Direcci\u00f3n General de Escuelas la construcci\u00f3n del edificio de la Escuela N\u00b0 2-709 Dr. Roberto Ordenes.<\/p>\n\n\n\n<p>El impacto positivo que generar\u00eda en la comunidad la construcci\u00f3n del edificio del establecimiento educativo.<\/p>\n\n\n\n<p>y;<\/p>\n\n\n\n<p>CONSIDERANDO: Que el principal prop\u00f3sito institucional es brindar herramientas a trav\u00e9s de una educaci\u00f3n inclusiva y de calidad a los j\u00f3venes de 14 a 21 a\u00f1os,&nbsp;que presentan distintos tipos de discapacidad, para poder integrarse a la sociedad.<\/p>\n\n\n\n<p>Que cabe destacar que es la primera escuela con dicha modalidad en el Departamento de Malarg\u00fce.<\/p>\n\n\n\n<p>Que fue creada el 29 de abril de 2.008 mediante Resoluci\u00f3n N\u00b0 1-047 de Direcci\u00f3n General de Escuelas, iniciando sus actividades como Escuela Post Primaria de Formaci\u00f3n Laboral N\u00b0 7-009, con el prop\u00f3sito de brindar educaci\u00f3n inclusiva y de calidad a j\u00f3venes con capacidades diferentes, de manera tal que posibilite la inserci\u00f3n de esos j\u00f3venes al mundo del trabajo dentro de la comunidad malarg\u00fcina.<\/p>\n\n\n\n<p>Que en el a\u00f1o 2.018 por Resoluci\u00f3n N\u00b0 1.500 cambia la nomenclatura a N\u00b0 2-709 de Educaci\u00f3n Integral.<\/p>\n\n\n\n<p>Que la instituci\u00f3n comenz\u00f3 funcionando en una casa alquilada por la Direcci\u00f3n General de Escuelas, la cual fue debidamente acondicionada para tal uso.<\/p>\n\n\n\n<p>Que con el aumento de la matr\u00edcula, las condiciones edilicias eran insuficientes para desarrollar las tareas y pr\u00e1cticas correspondientes a las distintas actividades, teniendo en cuenta que la escuela posee alumnos con dificultades motrices o en silla de ruedas.<\/p>\n\n\n\n<p>Que por ello, surgi\u00f3 la necesidad de trasladarse y compartir edificio con la Escuela de Educaci\u00f3n Especial Primaria N\u00b0 2-030 Maurin Navarro.<\/p>\n\n\n\n<p>Que en el a\u00f1o 2.013 se adjudic\u00f3 una fracci\u00f3n de terreno de aproximadamente 2.500 m2 a la Direcci\u00f3n General de Escuelas, para la construcci\u00f3n del Establecimiento de referencia con las siguientes caracter\u00edsticas:<\/p>\n\n\n\n<ul class=\"wp-block-list\">\n<li>Ubicaci\u00f3n del Terreno: Intersecci\u00f3n Fray F. Inalican y Rodolfo Alonso.<\/li>\n\n\n\n<li>Padr\u00f3n Territorial: 19\/00843-5<\/li>\n\n\n\n<li>Titular del Inmueble: Gobierno de la Provincia de Mendoza.<\/li>\n\n\n\n<li>Nomenclatura Catastral: 19-01-01-0030-000003<\/li>\n\n\n\n<li>N\u00famero de Mensura: 2236\/19<\/li>\n\n\n\n<li>Inscripci\u00f3n Dominial: MAT 336\/19 AS A-2<\/li>\n<\/ul>\n\n\n\n<p>Que existen antecedentes de pedidos de construcci\u00f3n del establecimiento en la C\u00e1mara de Senadores de la Provincia de Mendoza:<\/p>\n\n\n\n<ul class=\"wp-block-list\">\n<li>Resoluci\u00f3n N\u00b0 297\/2.013 Solicitando al Poder Ejecutivo incorpore en el Presupuesto del a\u00f1o 2.014 la construcci\u00f3n del edificio de la Escuela N\u00b0 2-709 \u201cDr Roberto Ordenes\u201d del Departamento Malarg\u00fce.<\/li>\n\n\n\n<li>Resoluci\u00f3n N\u00b0 293\/2.018 Solicitando al Poder Ejecutivo incorpore en las partidas del Presupuesto del a\u00f1o 2.019 la construcci\u00f3n del edificio de la Escuela N\u00b0 2-709 \u201cDr. Roberto Ordenes\u201d del Departamento Malarg\u00fce.<\/li>\n\n\n\n<li>Resoluci\u00f3n N\u00b0 410\/2.022 &nbsp;Comunicado que ver\u00eda con agrado que la Direcci\u00f3n General de Escuelas analice la posibilidad de la construcci\u00f3n de la Escuela de Educaci\u00f3n Integral N\u00b0 2-709 \u201cDr. Roberto Ordenes\u201d del Departamento Malarg\u00fce.<\/li>\n<\/ul>\n\n\n\n<p>Que en el presente ciclo lectivo 2.023 posee una matr\u00edcula de 55 alumnos, con edades de 14 a 21 a\u00f1os con capacidades diferentes, entre ellas motrices.<\/p>\n\n\n\n<p>Que existen antecedentes de pedidos de construcci\u00f3n del establecimiento en la C\u00e1mara de Senadores de la Provincia de Mendoza:<\/p>\n\n\n\n<p>Que en el presente ciclo lectivo 2.023 posee una matr\u00edcula de 55 alumnos, con edades de 14 a 21 a\u00f1os con capacidades diferentes, entre ellas motrices.<\/p>\n\n\n\n<p>Que actualmente la escuela sigue funcionando en el espacio cedido en calidad de pr\u00e9stamo por la Escuela N\u00b0 2-030 Dr. Juan Maurin Navarro, el cual cuenta con dos aulas destinadas al funcionamiento de talleres de carpinter\u00eda y textil e indumentaria, dos aulas para uso sala com\u00fan, una cocina, un ba\u00f1o para alumnos varones y un ba\u00f1o para alumnas mujeres, con un espacio reducido para actividades de educaci\u00f3n f\u00edsica y recreativas.<\/p>\n\n\n\n<p>Que ante el aumento de la matricula, se ve reflejado las distintas complicaciones que surgen con la implementaci\u00f3n y realizaci\u00f3n de las actividades y deportes; donde, adem\u00e1s, se hace casi imposible la realizaci\u00f3n de los distintos talleres ya que las aulas est\u00e1n superpobladas.<\/p>\n\n\n\n<p>Que por ello, toda la comunidad educativa junto a los padres de sus alumnos creen necesario y de gran urgencia la construcci\u00f3n del edificio, lo cual representa una necesidad real de la instituci\u00f3n la cual tiene la obligaci\u00f3n de proporcionar a sus alumnos con discapacidad los mismos derechos y oportunidades que tienen dem\u00e1s j\u00f3venes malarg\u00fcinos.<\/p>\n\n\n\n<p>EL HONORABLE CONCEJO DELIBERANTE DE LA MUNICIPALIDAD DE MALARG\u00dcE EN USO DE LAS FACULTADES QUE LE SON PROPIAS<\/p>\n\n\n\n<p>RESUELVE<\/p>\n\n\n\n<p>ART\u00cdCULO 1\u00ba: Solicitar al Gobernador de la Provincia de Mendoza a trav\u00e9s de la &nbsp;Direcci\u00f3n General de Escuelas, la construcci\u00f3n del edificio de&nbsp;la Escuela N\u00b0 2-709 Doctor Roberto Ordenes del Departamento de Malarg\u00fce.<\/p>\n\n\n\n<p>ART\u00cdCULO 2\u00ba: Considerar la posesi\u00f3n de una fracci\u00f3n de terreno de aproximadamente 2.500 m2 de la Direcci\u00f3n General de Escuelas, para la construcci\u00f3n del Establecimiento de referencia con las siguientes caracter\u00edsticas:<\/p>\n\n\n\n<ul class=\"wp-block-list\">\n<li>Ubicaci\u00f3n del Terreno: Intersecci\u00f3n Fray F. Inalican y Rodolfo Alonso.<\/li>\n\n\n\n<li>Padr\u00f3n Territorial: 19\/00843-5<\/li>\n\n\n\n<li>Titular del Inmueble: Gobierno de la Provincia de Mendoza.<\/li>\n\n\n\n<li>Nomenclatura Catastral: 19-01-01-0030-000003<\/li>\n\n\n\n<li>N\u00famero de Mensura: 2236\/19<\/li>\n\n\n\n<li>Inscripci\u00f3n Dominial: MAT 336\/19 AS A-2<\/li>\n<\/ul>\n\n\n\n<p>ART\u00cdCULO 3\u00ba: Solicitar a los Legisladores por el Cuarto Distrito tengan a bien realizar las gestiones legislativas pertinentes a los fines de incluir la construcci\u00f3n del Edificio de la Escuela N\u00b0 2-709 Dr. Roberto Ordenes del Departamento de Malarg\u00fce, en el Presupuesto del a\u00f1o 2.024, teniendo en cuenta la proximidad de la fecha de presentaci\u00f3n del mismo ante la Honorable Legislatura de la Provincia de Mendoza para su tratamiento y posterior sanci\u00f3n.<\/p>\n\n\n\n<p><a>ART\u00cdCULO 4\u00ba<\/a>: Elevar copia de la presente pieza legal a:<\/p>\n\n\n\n<ul class=\"wp-block-list\">\n<li>Legisladoras Provinciales por el Cuarto Distrito.<\/li>\n\n\n\n<li>Al Sr.&nbsp; Director General de Escuelas, Jos\u00e9 Thomas.<\/li>\n\n\n\n<li>Supervisi\u00f3n Educaci\u00f3n Especial \u2013 Zona Sur. Sra. Claudia Rojos.<\/li>\n\n\n\n<li>Direcci\u00f3n de Educaci\u00f3n Especial. Prof. Mar\u00eda de los \u00c1ngeles Zavaroni<\/li>\n\n\n\n<li>Subdelegaci\u00f3n Direcci\u00f3n General de Escuelas, Prof. Fabiana Glatigny.<\/li>\n\n\n\n<li>Comunidad Educativa Escuela Roberto \u00d3rdenes. Directora Cinthia P\u00e9rez.<\/li>\n<\/ul>\n\n\n\n<p>ART\u00cdCULO 5\u00ba: Comun\u00edquese, reg\u00edstrese, agr\u00e9guese copia de la presente en las actuaciones correspondientes y arch\u00edvese.<\/p>\n\n\n\n<p>DADA EN LA SALA DE SESIONES DR.&nbsp; RICARDO BALBIN DEL HONORABLE CONCEJO DELIBERANTE DE LA MUNICIPALIDAD DE MALARG\u00dcE A DIECINUEVE D\u00cdAS DE&nbsp; OCTUBRE DE DOS MIL VEINTITRES.<\/p>\n","protected":false},"excerpt":{"rendered":"<p>AUTORA: CONCEJALA PAOLA LORENA ROJO BLOQUE FRENTE CAMBIA MENDOZA VISTO: El contenido del Expediente N\u00b0 5.343-HC 059-2.023 Bloque Frente Cambia Mendoza. Proyecto de Resoluci\u00f3n: Solicitar a la Direcci\u00f3n General de Escuelas la construcci\u00f3n del edificio de la Escuela N\u00b0 2-709 Dr. Roberto Ordenes. El impacto positivo que generar\u00eda en la comunidad la construcci\u00f3n del edificio [&hellip;]<\/p>\n","protected":false},"author":5,"featured_media":35381,"comment_status":"closed","ping_status":"closed","sticky":false,"template":"","format":"standard","meta":{"footnotes":""},"categories":[52,29,33,51],"tags":[],"class_list":["post-35380","post","type-post","status-publish","format-standard","has-post-thumbnail","hentry","category-gacetillas","category-lesgilacion","category-prensa","category-resoluciones"],"yoast_head":"<!-- This site is optimized with the Yoast SEO plugin v19.10 - https:\/\/yoast.com\/wordpress\/plugins\/seo\/ -->\n<title>RESOLUCI\u00d3N N\u00b0 425\/2.023 - Malarg\u00fce HCD<\/title>\n<meta name=\"robots\" content=\"index, follow, max-snippet:-1, max-image-preview:large, max-video-preview:-1\" \/>\n<link rel=\"canonical\" href=\"https:\/\/hcd.malargue.gov.ar\/?p=35380\" \/>\n<meta property=\"og:locale\" content=\"es_ES\" \/>\n<meta property=\"og:type\" content=\"article\" \/>\n<meta property=\"og:title\" content=\"RESOLUCI\u00d3N N\u00b0 425\/2.023 - Malarg\u00fce HCD\" \/>\n<meta property=\"og:description\" content=\"AUTORA: CONCEJALA PAOLA LORENA ROJO BLOQUE FRENTE CAMBIA MENDOZA VISTO: El contenido del Expediente N\u00b0 5.343-HC 059-2.023 Bloque Frente Cambia Mendoza. Proyecto de Resoluci\u00f3n: Solicitar a la Direcci\u00f3n General de Escuelas la construcci\u00f3n del edificio de la Escuela N\u00b0 2-709 Dr. Roberto Ordenes. El impacto positivo que generar\u00eda en la comunidad la construcci\u00f3n del edificio [&hellip;]\" \/>\n<meta property=\"og:url\" content=\"https:\/\/hcd.malargue.gov.ar\/?p=35380\" \/>\n<meta property=\"og:site_name\" content=\"Malarg\u00fce HCD\" \/>\n<meta property=\"article:published_time\" content=\"2023-10-31T13:34:09+00:00\" \/>\n<meta property=\"article:modified_time\" content=\"2023-10-31T13:42:50+00:00\" \/>\n<meta property=\"og:image\" content=\"https:\/\/hcd.malargue.gov.ar\/wp-content\/uploads\/2023\/10\/RESOLUCION-425.jpg\" \/>\n\t<meta property=\"og:image:width\" content=\"940\" \/>\n\t<meta property=\"og:image:height\" content=\"788\" \/>\n\t<meta property=\"og:image:type\" content=\"image\/jpeg\" \/>\n<meta name=\"author\" content=\"Belen Pedernera Ferragut\" \/>\n<meta name=\"twitter:card\" content=\"summary_large_image\" \/>\n<meta name=\"twitter:label1\" content=\"Escrito por\" \/>\n\t<meta name=\"twitter:data1\" content=\"Belen Pedernera Ferragut\" \/>\n\t<meta name=\"twitter:label2\" content=\"Tiempo de lectura\" \/>\n\t<meta name=\"twitter:data2\" content=\"5 minutos\" \/>\n<script type=\"application\/ld+json\" class=\"yoast-schema-graph\">{\"@context\":\"https:\/\/schema.org\",\"@graph\":[{\"@type\":\"WebPage\",\"@id\":\"https:\/\/hcd.malargue.gov.ar\/?p=35380\",\"url\":\"https:\/\/hcd.malargue.gov.ar\/?p=35380\",\"name\":\"RESOLUCI\u00d3N N\u00b0 425\/2.023 - Malarg\u00fce HCD\",\"isPartOf\":{\"@id\":\"https:\/\/hcd.malargue.gov.ar\/#website\"},\"datePublished\":\"2023-10-31T13:34:09+00:00\",\"dateModified\":\"2023-10-31T13:42:50+00:00\",\"author\":{\"@id\":\"https:\/\/hcd.malargue.gov.ar\/#\/schema\/person\/3fd6bbab64edd703961b795156c955d0\"},\"breadcrumb\":{\"@id\":\"https:\/\/hcd.malargue.gov.ar\/?p=35380#breadcrumb\"},\"inLanguage\":\"es-AR\",\"potentialAction\":[{\"@type\":\"ReadAction\",\"target\":[\"https:\/\/hcd.malargue.gov.ar\/?p=35380\"]}]},{\"@type\":\"BreadcrumbList\",\"@id\":\"https:\/\/hcd.malargue.gov.ar\/?p=35380#breadcrumb\",\"itemListElement\":[{\"@type\":\"ListItem\",\"position\":1,\"name\":\"Inicio\",\"item\":\"https:\/\/hcd.malargue.gov.ar\/\"},{\"@type\":\"ListItem\",\"position\":2,\"name\":\"RESOLUCI\u00d3N N\u00b0 425\/2.023\"}]},{\"@type\":\"WebSite\",\"@id\":\"https:\/\/hcd.malargue.gov.ar\/#website\",\"url\":\"https:\/\/hcd.malargue.gov.ar\/\",\"name\":\"Malarg\u00fce HCD\",\"description\":\"Malarg\u00fce Mendoza Argentina\",\"potentialAction\":[{\"@type\":\"SearchAction\",\"target\":{\"@type\":\"EntryPoint\",\"urlTemplate\":\"https:\/\/hcd.malargue.gov.ar\/?s={search_term_string}\"},\"query-input\":\"required name=search_term_string\"}],\"inLanguage\":\"es-AR\"},{\"@type\":\"Person\",\"@id\":\"https:\/\/hcd.malargue.gov.ar\/#\/schema\/person\/3fd6bbab64edd703961b795156c955d0\",\"name\":\"Belen Pedernera Ferragut\",\"image\":{\"@type\":\"ImageObject\",\"inLanguage\":\"es-AR\",\"@id\":\"https:\/\/hcd.malargue.gov.ar\/#\/schema\/person\/image\/\",\"url\":\"https:\/\/secure.gravatar.com\/avatar\/1054ffab3893de4bb3eb29bdd22f7e34b8537bf5d34d9dab311818154ad5b71f?s=96&d=mm&r=g\",\"contentUrl\":\"https:\/\/secure.gravatar.com\/avatar\/1054ffab3893de4bb3eb29bdd22f7e34b8537bf5d34d9dab311818154ad5b71f?s=96&d=mm&r=g\",\"caption\":\"Belen Pedernera Ferragut\"},\"url\":\"https:\/\/hcd.malargue.gov.ar\/?author=5\"}]}<\/script>\n<!-- \/ Yoast SEO plugin. -->","yoast_head_json":{"title":"RESOLUCI\u00d3N N\u00b0 425\/2.023 - Malarg\u00fce HCD","robots":{"index":"index","follow":"follow","max-snippet":"max-snippet:-1","max-image-preview":"max-image-preview:large","max-video-preview":"max-video-preview:-1"},"canonical":"https:\/\/hcd.malargue.gov.ar\/?p=35380","og_locale":"es_ES","og_type":"article","og_title":"RESOLUCI\u00d3N N\u00b0 425\/2.023 - Malarg\u00fce HCD","og_description":"AUTORA: CONCEJALA PAOLA LORENA ROJO BLOQUE FRENTE CAMBIA MENDOZA VISTO: El contenido del Expediente N\u00b0 5.343-HC 059-2.023 Bloque Frente Cambia Mendoza. Proyecto de Resoluci\u00f3n: Solicitar a la Direcci\u00f3n General de Escuelas la construcci\u00f3n del edificio de la Escuela N\u00b0 2-709 Dr. Roberto Ordenes. El impacto positivo que generar\u00eda en la comunidad la construcci\u00f3n del edificio [&hellip;]","og_url":"https:\/\/hcd.malargue.gov.ar\/?p=35380","og_site_name":"Malarg\u00fce HCD","article_published_time":"2023-10-31T13:34:09+00:00","article_modified_time":"2023-10-31T13:42:50+00:00","og_image":[{"width":940,"height":788,"url":"https:\/\/hcd.malargue.gov.ar\/wp-content\/uploads\/2023\/10\/RESOLUCION-425.jpg","type":"image\/jpeg"}],"author":"Belen Pedernera Ferragut","twitter_card":"summary_large_image","twitter_misc":{"Escrito por":"Belen Pedernera Ferragut","Tiempo de lectura":"5 minutos"},"schema":{"@context":"https:\/\/schema.org","@graph":[{"@type":"WebPage","@id":"https:\/\/hcd.malargue.gov.ar\/?p=35380","url":"https:\/\/hcd.malargue.gov.ar\/?p=35380","name":"RESOLUCI\u00d3N N\u00b0 425\/2.023 - Malarg\u00fce HCD","isPartOf":{"@id":"https:\/\/hcd.malargue.gov.ar\/#website"},"datePublished":"2023-10-31T13:34:09+00:00","dateModified":"2023-10-31T13:42:50+00:00","author":{"@id":"https:\/\/hcd.malargue.gov.ar\/#\/schema\/person\/3fd6bbab64edd703961b795156c955d0"},"breadcrumb":{"@id":"https:\/\/hcd.malargue.gov.ar\/?p=35380#breadcrumb"},"inLanguage":"es-AR","potentialAction":[{"@type":"ReadAction","target":["https:\/\/hcd.malargue.gov.ar\/?p=35380"]}]},{"@type":"BreadcrumbList","@id":"https:\/\/hcd.malargue.gov.ar\/?p=35380#breadcrumb","itemListElement":[{"@type":"ListItem","position":1,"name":"Inicio","item":"https:\/\/hcd.malargue.gov.ar\/"},{"@type":"ListItem","position":2,"name":"RESOLUCI\u00d3N N\u00b0 425\/2.023"}]},{"@type":"WebSite","@id":"https:\/\/hcd.malargue.gov.ar\/#website","url":"https:\/\/hcd.malargue.gov.ar\/","name":"Malarg\u00fce HCD","description":"Malarg\u00fce Mendoza Argentina","potentialAction":[{"@type":"SearchAction","target":{"@type":"EntryPoint","urlTemplate":"https:\/\/hcd.malargue.gov.ar\/?s={search_term_string}"},"query-input":"required name=search_term_string"}],"inLanguage":"es-AR"},{"@type":"Person","@id":"https:\/\/hcd.malargue.gov.ar\/#\/schema\/person\/3fd6bbab64edd703961b795156c955d0","name":"Belen Pedernera Ferragut","image":{"@type":"ImageObject","inLanguage":"es-AR","@id":"https:\/\/hcd.malargue.gov.ar\/#\/schema\/person\/image\/","url":"https:\/\/secure.gravatar.com\/avatar\/1054ffab3893de4bb3eb29bdd22f7e34b8537bf5d34d9dab311818154ad5b71f?s=96&d=mm&r=g","contentUrl":"https:\/\/secure.gravatar.com\/avatar\/1054ffab3893de4bb3eb29bdd22f7e34b8537bf5d34d9dab311818154ad5b71f?s=96&d=mm&r=g","caption":"Belen Pedernera Ferragut"},"url":"https:\/\/hcd.malargue.gov.ar\/?author=5"}]}},"_links":{"self":[{"href":"https:\/\/hcd.malargue.gov.ar\/index.php?rest_route=\/wp\/v2\/posts\/35380","targetHints":{"allow":["GET"]}}],"collection":[{"href":"https:\/\/hcd.malargue.gov.ar\/index.php?rest_route=\/wp\/v2\/posts"}],"about":[{"href":"https:\/\/hcd.malargue.gov.ar\/index.php?rest_route=\/wp\/v2\/types\/post"}],"author":[{"embeddable":true,"href":"https:\/\/hcd.malargue.gov.ar\/index.php?rest_route=\/wp\/v2\/users\/5"}],"replies":[{"embeddable":true,"href":"https:\/\/hcd.malargue.gov.ar\/index.php?rest_route=%2Fwp%2Fv2%2Fcomments&post=35380"}],"version-history":[{"count":2,"href":"https:\/\/hcd.malargue.gov.ar\/index.php?rest_route=\/wp\/v2\/posts\/35380\/revisions"}],"predecessor-version":[{"id":35389,"href":"https:\/\/hcd.malargue.gov.ar\/index.php?rest_route=\/wp\/v2\/posts\/35380\/revisions\/35389"}],"wp:featuredmedia":[{"embeddable":true,"href":"https:\/\/hcd.malargue.gov.ar\/index.php?rest_route=\/wp\/v2\/media\/35381"}],"wp:attachment":[{"href":"https:\/\/hcd.malargue.gov.ar\/index.php?rest_route=%2Fwp%2Fv2%2Fmedia&parent=35380"}],"wp:term":[{"taxonomy":"category","embeddable":true,"href":"https:\/\/hcd.malargue.gov.ar\/index.php?rest_route=%2Fwp%2Fv2%2Fcategories&post=35380"},{"taxonomy":"post_tag","embeddable":true,"href":"https:\/\/hcd.malargue.gov.ar\/index.php?rest_route=%2Fwp%2Fv2%2Ftags&post=35380"}],"curies":[{"name":"wp","href":"https:\/\/api.w.org\/{rel}","templated":true}]}}