{"id":35649,"date":"2023-11-30T12:28:48","date_gmt":"2023-11-30T15:28:48","guid":{"rendered":"https:\/\/hcd.malargue.gov.ar\/?p=35649"},"modified":"2023-11-30T12:28:51","modified_gmt":"2023-11-30T15:28:51","slug":"acta-1-sesion-de-prorroga-n1-147-o-9-11-2-023","status":"publish","type":"post","link":"https:\/\/hcd.malargue.gov.ar\/?p=35649","title":{"rendered":"ACTA 1\u00b0 SESI\u00d3N DE PRORROGA N\u00b01.147-\u201cO\u201d- 9-11-2.023.-"},"content":{"rendered":"<div class=\"wp-block-image\">\n<figure class=\"alignright size-full is-resized\"><a href=\"http:\/\/hcd.malargue.gov.ar\/hcdpdf\/ORDINARIA%20N%201147%202023.pdf\"><img loading=\"lazy\" decoding=\"async\" width=\"512\" height=\"512\" src=\"https:\/\/hcd.malargue.gov.ar\/wp-content\/uploads\/2018\/06\/PDF-JPG.jpg\" alt=\"\" class=\"wp-image-7950\" style=\"width:126px;height:auto\" srcset=\"https:\/\/hcd.malargue.gov.ar\/wp-content\/uploads\/2018\/06\/PDF-JPG.jpg 512w, https:\/\/hcd.malargue.gov.ar\/wp-content\/uploads\/2018\/06\/PDF-JPG-150x150.jpg 150w, https:\/\/hcd.malargue.gov.ar\/wp-content\/uploads\/2018\/06\/PDF-JPG-300x300.jpg 300w\" sizes=\"auto, (max-width: 512px) 100vw, 512px\" \/><\/a><\/figure>\n<\/div>\n\n\n<p>En Malarg\u00fce Mendoza a Nueve d\u00edas de noviembre de 2l023, cuando es la hora 9:18 se re\u00fane el Honorable Concejo Deliberante de la Municipalidad de Malarg\u00fce, para celebrar su Sesi\u00f3n Ordinaria (Primera de Pr\u00f3rroga) . Bajo la Presidencia de su titular Concejal Andr\u00e9s RISI y la presencia de los Se\u00f1ores concejales Palma, Rosas, Varas, Mosca, Camiolo, Correa e Hidalgo. \/ Se firma del Libro de Asistencia donde constan las ausencias de los Se\u00f1ores concejales Rojo, y Parada, (con notas). Para dar comienzo al desarrollo del Orden del D\u00eda se invita al concejal Rodrigo HIDALGO a izar la Ense\u00f1a Patria. \/ b) Homenaje de los Se\u00f1ores Concejales: La concejal CAMIOLO en uso de la palabra expresa: Mi homenaje es doble en el d\u00eda de hoy, en primer lugar para Los empleados municipales que desempe\u00f1an un papel crucial en el funcionamiento de las comunidades, trabajando arduamente para mantener la infraestructura, los servicios p\u00fablicos y el bienestar general de la poblaci\u00f3n local. Su dedicaci\u00f3n a menudo pasa desapercibida, por lo que reconocer y valorar su contribuci\u00f3n es muy significativo.<\/p>\n\n\n\n\n\n<p>Y en segundo lugar Rendir homenaje al Sr. Ra\u00fal Mamani por sus casi 30 a\u00f1os de servicio como secretario del bloque PJ en el Senado provincial es una manera significativa de reconocer su dedicaci\u00f3n y contribuci\u00f3n al \u00e1mbito pol\u00edtico y legislativo. La labor de alguien con tanto tiempo de servicio a menudo implica un compromiso profundo y una valiosa experiencia que ha influido en la toma de decisiones y el funcionamiento del gobierno local. \/ \/ c) Consideraci\u00f3n Acta Sesi\u00f3n Ordinaria N\u00ba1146- \u201cO\u201d-2023 Se pone a consideraci\u00f3n de los se\u00f1ores ediles y es aprobada. \/ d) Expedientes provenientes del Departamento Ejecutivo &#8211; No Ingresados- \/ e) Despachos de las Comisiones de Trabajo:&nbsp; 1.Expte.N\u00b05.356-HC 060-2.023 Proyecto de Resoluci\u00f3n: Solicitar a la Honorable C\u00e1mara de Diputados de la Pcia. tratamiento a la media sanci\u00f3n del Expte.N\u00b0\/ 81291\/2022 Proyecto de Ley (Papa semilla fiscalizada) (H.P.L.A.C.) La comisi\u00f3n sugiere Dar aprobaci\u00f3n&nbsp; al proyecto presentado con las siguientes modificaciones. Art 1: Solicitar a la Comisi\u00f3n de Ambiente y Recursos H\u00eddricos de la Honorable C\u00e1mara de Diputados de la Provincia de Mendoza, d\u00e9 tratamiento al Expte. N\u00b081.291\/2.022 , que tuvo sanci\u00f3n en la Honorable C\u00e1mara de Senadores para fecha 19 de abril de 2.022. \/ Art. 2: Elevar copia de la presente pieza legal a los Legisladores miembros de la Comisi\u00f3n de Ambiente y Recursos H\u00eddricos , a trav\u00e9s de su presidente Sra. Diputada Ver\u00f3nica Valverde, a los Se\u00f1ores miembro s de la Espec\u00edfica de Ganader\u00eda y Agricultura de la C\u00e1mara de Comercio y Afines de Malarg\u00fce , a los miembros de la Delegaci\u00f3n Malarg\u00fce de ISCAMEN. Art. 3\u00b0 De forma. Se pone a consideraci\u00f3n de los se\u00f1ores ediles y es aprobado. &nbsp;\/ 2.Expte.N\u00b05.357-HC 060-2.023 Proyecto de Resoluci\u00f3n: Celebrar Convenio Marco entre la Universidad Nacional de Cuyo y el Honorable Concejo Deliberante de Malarg\u00fce (H.P.L.A.C.) &nbsp;La comisi\u00f3n&nbsp; sugiere Dar Aprobaci\u00f3n al proyecto presentado con las siguientes modificaciones: Cambio de Car\u00e1tula &nbsp;el que quedar\u00e1 redactado de la siguiente manera: Expte.N\u00b05.357-HC-060-2023&nbsp; Proyecto de Resoluci\u00f3n: Invitar al Honorable Concejo Deliberante de Malarg\u00fce y a la Universidad Nacional de Cuyo a celebrar Convenio&nbsp; Marco.&nbsp; Visto y Considerando \u00cddem proyecto original. Resuelve: Art 1\u00b0 Invitar al Honorable Concejo Deliberante de Malarg\u00fce y a la Universidad nacional de Cuyo a celebrar Convenio Marco. Art 2\u00b0 Implementar acciones conjuntas de car\u00e1cter acad\u00e9mico, cient\u00edfico y cultural para beneficio de ambas instituciones. Art 3\u00b0 De forma. \/ Se pone a consideraci\u00f3n el despacho y es aprobado. \/\/ \/ 3. Expte.N\u00ba5.365-HC 060-2.023 Proyecto de Resoluci\u00f3n: Solicitar al Departamento Ejecutivo Municipal informe sobre el avance de obra de la Sala Velatorio y Play\u00f3n Deportivo del Distrito Ranquil Norte (H.P.L.A.C.) La comisi\u00f3n habiendo tomado conocimiento de su contenido, sugiere Dar Aprobaci\u00f3n al proyecto presentado sin modificaciones. \/ Puesto a consideraci\u00f3n, es aprobado. \/ 4. Expte.N\u00b05.363-HC 060-2.023 Proyecto de Resoluci\u00f3n: Solicitar el cumplimiento&nbsp;&nbsp; de la Ordenanza N\u00b01.879\/2.017 \u201cCrear el Observatorio de Seguridad Vial en el marco del ODESMA (H.P.L.A.C.) La comisi\u00f3n habiendo tomado conocimiento de su contenido sugiere Dar Aprobaci\u00f3n al proyecto presentado sin modificaciones. \/ Se pone a consideraci\u00f3n y es aprobado. \/ 5. Expte.N\u00b05.379-HC 061-2.023 Proyecto de Resoluci\u00f3n: Homenaje a crianceros que perdieron la vida durante el temporal de agosto 2023 en el marco de la Fiesta Departamental del Chivo. (H.P.L.A.C.) La comisi\u00f3n sugiere Dar Aprobaci\u00f3n al proyecto presentado con las siguientes modificaciones: Cambio de car\u00e1tula:&nbsp;&nbsp; Proyecto de Resoluci\u00f3n: Homenaje a crianceros que perdieron la vida durante el temporal de agosto 2.023 en el marco de la Fiesta Departamental del Chivo.&nbsp; Vistos y Considerando \u00eddem proyecto original.&nbsp; Resuelve. Art 1\u00b0 Solicitar a la Organizaci\u00f3n de la Fiesta nacional del Chivo, se realice un homenaje a trav\u00e9s de 1 (un) minuto de silencio en alguna de las noches que consideren m\u00e1s oportuna, para poner en valor y conocimiento el sacrificio de nuestros productores y las p\u00e9rdidas ocasionadas a causa de las inclemencias del tiempo padecidas en el a\u00f1o 2023.\/&nbsp; Art 3\u00b0 De forma.\/&nbsp; Se pone a consideraci\u00f3n de los se\u00f1ores ediles y es aprobada.&nbsp;&nbsp; &nbsp;\/ 6.Expte.N\u00b05.376-HC 061-2.023 Proyecto de Resoluci\u00f3n: &nbsp;Pedido de informe sobre gasto de combustible de veh\u00edculos oficiales por YPF Rutas \u00faltimo semestre. (H.P.L.A.C.) La comisi\u00f3n sugiere Dar Aprobaci\u00f3n al proyecto presentado sin modificaciones. \/ Puesto a consideraci\u00f3n es aprobado. \/ \/ 7. Expte.N\u00b05.377-HC 061-2.023 Proyecto de Resoluci\u00f3n: Declarar de Inter\u00e9s Departamental el local comercial \u201cBar Don Juan\u201d sitio hist\u00f3rico del Departamento. (E.H.M.A.S Y C) La comisi\u00f3n sugiere Dar Aprobaci\u00f3n al proyecto presentado con las siguientes modificaciones. Visto y Considerando Idem proyecto original.&nbsp; Art&nbsp; 1\u00b0 Idem proyecto original. \/ Art. 2\u00b0 Elevar copia de la presente pieza legal a la Direcci\u00f3n de Cultura-Coordinaci\u00f3n Patrimonio de la Municipalidad de Malarg\u00fce y familiares directos. Art 3\u00b0 al Art. 4\u00b0 Idem proyecto original. Art 5\u00b0 De forma.\/&nbsp; &nbsp;Se pone a consideraci\u00f3n y es aprobado por mayor\u00eda 5 afirmativos y 2 negativos. \/ 8. Expte.N\u00ba5.354-HC-060-2.023 Proyecto de Resoluci\u00f3n: Declarar de Inter\u00e9s Departamental el \u201cCurso Anual Fotogr\u00e1fico, dictado por Diego Winitzky\u201d (E.H.M.A.S Y C) La comisi\u00f3n habiendo tomado conocimiento de su contenido sugiere Dar Aprobaci\u00f3n al proyecto presentado sin modificaciones. El concejal HIDALGO manifiesta que es para hacer una moci\u00f3n a viva voz, que se modifique en el articulado la fecha y diga desde el 31 de enero de 2024 hasta el 4 de febrero de 2024 \/ Puesta a consideraci\u00f3n la moci\u00f3n es aprobada. Luego se pone a consideraci\u00f3n el despacho con la modificaci\u00f3n incluida y es aprobado. \/ \/ 9.Expte.N\u00b05.371-HC 061-2.023 Proyecto de Resoluci\u00f3n: Declarar de Inter\u00e9s Departamental la 1\u00b0 Jornada de Capacitaci\u00f3n \u201cTurismo Inclusivo en Malarg\u00fce\u201d organizada por PRO.MA.TUR (E.H.M.A.S Y C)&nbsp; La comisi\u00f3n sugiere Dar Aprobaci\u00f3n al proyecto presentado con las siguientes modificaciones: Visto y Considerando \u00cddem proyecto original. Resuelve: Art 1\u00b0 \u00cddem proyecto original. Art 2\u00b0 Se elimina del proyecto original. Art. 2\u00b0 Hacer entrega por parte del&nbsp; Honorable Concejo Deliberante a la Asociaci\u00f3n de Gu\u00edas&nbsp; PRO.MA.TUR (Profesionales malarg\u00fcinos de Turismo)&nbsp; Lic. Nicol\u00e1s Ramos, Asociaci\u00f3n de Pesca Adaptada, Provincia de Santa Fe.&nbsp; Art 3\u00b0 \u00cddem proyecto original.&nbsp; Art 4\u00b0 De forma.&nbsp; Se pone a consideraci\u00f3n el despacho y es aprobado. &nbsp;&nbsp;\/ 10.Nota HC-512-2023 Sra. Daiana Evelyn Poblete, expone en Banca del Ciudadano Problem\u00e1ticas en torno al funcionamiento de la Direcci\u00f3n de Distrito de la Municipalidad de Malarg\u00fce y la entrega de forraje (E.H.M.A.S Y C; G.D. y E y H.P.L.A.C.) &nbsp;La comisi\u00f3n de Educaci\u00f3n sugiere Dar aprobaci\u00f3n a un proyecto de resoluci\u00f3n mediante el cual se dispone:&nbsp; Art. 1\u00b0 Solicitar al Departamento Ejecutivo Municipal informe: Conste que&nbsp; el concejal PALMA solicita la omisi\u00f3n de la lectura del despacho en virtud que se designan nombres de persones y en virtud de la protecci\u00f3n de testigos&nbsp;&nbsp; y a los efectos de proteger &nbsp;&nbsp;es que solicitamos la omisi\u00f3n de la lectura del despacho \/ Se pone a consideraci\u00f3n de los se\u00f1ores ediles&nbsp; y es aprobado por mayor\u00eda&nbsp; 6 afirmativos y 1 negativo.&nbsp; &nbsp;\/ 11. Nota HC-538-2.023 Concejal Silvia Correa eleva Fideicomiso del Plan Integral de Desarrollo Caprino de Malarg\u00fce (H.P.L.A.C.) La comisi\u00f3n sugiere elevar las actuaciones a la Comisi\u00f3n de Seguimiento Obra Remodelaci\u00f3n del matadero Frigor\u00edfico Municipal, para seguir su tratamiento.\/ Puesto a consideraci\u00f3n el despacho es aprobado.&nbsp; &nbsp;\/ 12.Nota HC 549-2.023 Sergio Chaile, presenta Apelaci\u00f3n contra Decreto Municipal N\u00b02.251\/2.023, dictado en el Expte.N\u00b03.750\/2.023 (H.P.L.A.C.) La comisi\u00f3n&nbsp; sugiere dar aprobaci\u00f3n a un Proyecto de Resoluci\u00f3n:&nbsp;&nbsp; mediante el cual se&nbsp; dispone: Art 1\u00b0 Solicitar al Departamento Ejecutivo Municipal, remita con car\u00e1cter de urgente el Expte.N\u00b03.550\/2.023 caratulado \u201cDirecci\u00f3n de Servicios P\u00fablicos L\u00f3pez Luis. Ref. Situaci\u00f3n con agente Chaile Sergio Legajo 3.034 el d\u00eda&nbsp; 12 de mayo de 2.023. \/ Art. 2\u00b0 Una vez recepcionado el Expte. aludido en el Art\u00edculo 1\u00b0 der\u00edvese las actuaciones a la Comisi\u00f3n de Hacienda&nbsp; para continuar con su tramitaci\u00f3n legal. Art 3\u00b0 De forma. \/ La concejal VARAS solicita que en el art. 1\u00b0 se ley\u00f3 2550&nbsp; es correcto.?&nbsp; Porque deber\u00eda decir 3.750.&nbsp; ( Se constata que se trata de un error de tipeo, no de lectura ) Se corrige como corresponde 3.750.&nbsp; \/ Luego se &nbsp;pone a consideraci\u00f3n el despacho &nbsp;debidamente corregido&nbsp; y &nbsp;es aprobado. &nbsp;\/\/ \/ 13.Expte.N\u00b05.347-HC 059-2.023 Proyecto de Resoluci\u00f3n: Solicitar al Gobierno Provincial la reapertura de la Reserva Llancanelo y puesta en funcionamiento de los Centros Interpretativos.&nbsp; (O.P. T Y R. N) La&nbsp; comisi\u00f3n&nbsp; sugiere Dar Aprobaci\u00f3n&nbsp; al proyecto presentado con las siguientes modificaciones. Cambio de Car\u00e1tula: Proyecto de Resoluci\u00f3n: Solicitar al Gobierno&nbsp; Provincial la reapertura&nbsp; de la Reserva Provincial Llancanelo y puesta&nbsp; en funcionamiento de los Centros de Interpretaci\u00f3n: Visto y Considerando: \u00cddem proyecto original. &nbsp;Art. 1\u00b0: Solicitar a la Secretar\u00eda de Ambiente de la Provincia, a trav\u00e9s de la Direcci\u00f3n Provincial de Recursos Renovables, arbitren los medios oportunos para la reapertura y puesta en funcionamiento de la Reserva Natural Provincial Llancanelo,.&nbsp; Ubicada en&nbsp; el&nbsp; Departamento de Malarg\u00fce. Art 2\u00b0: Arbitrar a trav\u00e9s de los medios correspondientes la reapertura de los Centros Interpretaci\u00f3n de Llancanelo y la Payunia y la apertura definitiva del Centro de Interpretaci\u00f3n cito en la Salinilla.\/ &nbsp;Art 2\u00b0 ser\u00e1 el Art 3\u00b0 Art. 3\u00b0 Ser\u00e1 Art. 4\u00b0: Elevar copia en forma digital a Direcci\u00f3n de Ambiente de la Municipalidad de Malarg\u00fce ,Direcci\u00f3n de Recursos Renovables de la Provincia , Asociaci\u00f3n de Gu\u00edas de Malarg\u00fce y PRO.MA.TUR&nbsp; Art. 5\u00b0 De forma. Se pone a consideraci\u00f3n de los se\u00f1ores ediles y es aprobado. \/\/ &nbsp;&nbsp;&nbsp;\/ 14. Expte.N\u00b05.374-HC 061-2.023 Proyecto de Resoluci\u00f3n:&nbsp; Distinguir a la Joven Delfina Moyano por su desempe\u00f1o deportivo en Mountain Bike (E.H.M.A. S y C) La comisi\u00f3n sugiere dar aprobaci\u00f3n al proyecto presentado sin modificaciones.&nbsp; \/ Puesto a consideraci\u00f3n es aprobado. &nbsp;&nbsp;\/ 15.Expte.N\u00b05.366-HC 060-2.023 Proyecto de Declaraci\u00f3n: Declarar de Inter\u00e9s Departamental el Encuentro de \u201cCicloturismo\u201d que se realizar\u00e1 en nuestro Departamento. &nbsp;(E.H.M.A. S y C) La comisi\u00f3n sugiere dar aprobaci\u00f3n al proyecto presentado con las siguientes modificaciones:&nbsp; Vistos y Considerandos \u00eddem proyecto original. Declara. Art. 1\u00b0 Declarar de Inter\u00e9s Departamental Deportivo Social y Tur\u00edstico el Encuentro de Cicloturismo, organizado por la Pe\u00f1a Cicl\u00edstica Veteranos de Mendoza, que se llevar\u00e1 a cabo en nuestro Departamento los d\u00edas 11 y 12 de noviembre de 2.023.\/ Art 2\u00b0 Hacer entrega por parte del Honorable Concejo Deliberante de un Diploma y copia de la presente pieza legal a la Organizaci\u00f3n y Asociaciones que participaron del encuentro. Art 3\u00b0 De forma. \/ Se pone a consideraci\u00f3n el despacho y es aprobado.&nbsp; &nbsp;\/ 16. Expte.N\u00b05.372-HC 061-2.023 Proyecto de Ordenanza: Modificaci\u00f3n Ordenanza N\u00b01977\/2.018 (H.P.L.A.C.) La comisi\u00f3n sugiere Dar aprobaci\u00f3n al proyecto presentado con las siguientes modificaciones. Visto y Considerando \u00eddem proyecto original. Art 1|\u00b0 Elim\u00ednese los Art\u00edculos 4\u00b0 al Art 6\u00b0 inclusive de la Ordenanza N\u00b01977\/2028 \u2013 Art. 2\u00b0 Comun\u00edquese la Ordenanza N\u00b01977\/18 como \u201cOrdenanza Juan Carlos Roth, en reconocimiento al legado del m\u00fasico malarg\u00fcino por adopci\u00f3n.&nbsp; Art 3\u00b0 De forma, \/ Se pone a consideraci\u00f3n el despacho y es aprobado. \/ \/ f) Acto de arriar el Pabell\u00f3n Nacional a cargo del concejal que lo iz\u00f3. para lo cual se invita al concejal Rodrigo HIDALGO.&nbsp;&nbsp; Cuando es la hora 10:00 se da por terminada la sesi\u00f3n. \/ Previa lectura y consideraci\u00f3n de lo que antecede firman las presentes actuaciones el Se\u00f1or Presidente y la se\u00f1ora Secretaria del Honorable Concejo Deliberante de la Municipalidad de Malag\u00fce &nbsp;&nbsp;. &nbsp;&nbsp;&nbsp;&nbsp;&nbsp;&nbsp;&nbsp;&nbsp;&nbsp;&nbsp;&nbsp;&nbsp;&nbsp;&nbsp;&nbsp;&nbsp;&nbsp;&nbsp;&nbsp;&nbsp;&nbsp;&nbsp;&nbsp;&nbsp;&nbsp;&nbsp;&nbsp;&nbsp;&nbsp;&nbsp;&nbsp;&nbsp;&nbsp;&nbsp;&nbsp;&nbsp;&nbsp;&nbsp;&nbsp;&nbsp;&nbsp;&nbsp;&nbsp;&nbsp;&nbsp;&nbsp;&nbsp;<\/p>\n","protected":false},"excerpt":{"rendered":"<p>En Malarg\u00fce Mendoza a Nueve d\u00edas de noviembre de 2l023, cuando es la hora 9:18 se re\u00fane el Honorable Concejo Deliberante de la Municipalidad de Malarg\u00fce, para celebrar su Sesi\u00f3n Ordinaria (Primera de Pr\u00f3rroga) . Bajo la Presidencia de su titular Concejal Andr\u00e9s RISI y la presencia de los Se\u00f1ores concejales Palma, Rosas, Varas, Mosca, [&hellip;]<\/p>\n","protected":false},"author":5,"featured_media":33337,"comment_status":"closed","ping_status":"closed","sticky":false,"template":"","format":"standard","meta":{"footnotes":""},"categories":[55,52,33,36],"tags":[],"class_list":["post-35649","post","type-post","status-publish","format-standard","has-post-thumbnail","hentry","category-de-prorroga","category-gacetillas","category-prensa","category-sesiones"],"yoast_head":"<!-- This site is optimized with the Yoast SEO plugin v19.10 - https:\/\/yoast.com\/wordpress\/plugins\/seo\/ -->\n<title>ACTA 1\u00b0 SESI\u00d3N DE PRORROGA N\u00b01.147-\u201cO\u201d- 9-11-2.023.- Malarg\u00fce HCD<\/title>\n<meta name=\"robots\" content=\"index, follow, max-snippet:-1, max-image-preview:large, max-video-preview:-1\" \/>\n<link rel=\"canonical\" href=\"https:\/\/hcd.malargue.gov.ar\/?p=35649\" \/>\n<meta property=\"og:locale\" content=\"es_ES\" \/>\n<meta property=\"og:type\" content=\"article\" \/>\n<meta property=\"og:title\" content=\"ACTA 1\u00b0 SESI\u00d3N DE PRORROGA N\u00b01.147-\u201cO\u201d- 9-11-2.023.- Malarg\u00fce HCD\" \/>\n<meta property=\"og:description\" content=\"En Malarg\u00fce Mendoza a Nueve d\u00edas de noviembre de 2l023, cuando es la hora 9:18 se re\u00fane el Honorable Concejo Deliberante de la Municipalidad de Malarg\u00fce, para celebrar su Sesi\u00f3n Ordinaria (Primera de Pr\u00f3rroga) . Bajo la Presidencia de su titular Concejal Andr\u00e9s RISI y la presencia de los Se\u00f1ores concejales Palma, Rosas, Varas, Mosca, [&hellip;]\" \/>\n<meta property=\"og:url\" content=\"https:\/\/hcd.malargue.gov.ar\/?p=35649\" \/>\n<meta property=\"og:site_name\" content=\"Malarg\u00fce HCD\" \/>\n<meta property=\"article:published_time\" content=\"2023-11-30T15:28:48+00:00\" \/>\n<meta property=\"article:modified_time\" content=\"2023-11-30T15:28:51+00:00\" \/>\n<meta property=\"og:image\" content=\"https:\/\/hcd.malargue.gov.ar\/wp-content\/uploads\/2023\/03\/actas-sesiones.jpg\" \/>\n\t<meta property=\"og:image:width\" content=\"1640\" \/>\n\t<meta property=\"og:image:height\" content=\"924\" \/>\n\t<meta property=\"og:image:type\" content=\"image\/jpeg\" \/>\n<meta name=\"author\" content=\"Belen Pedernera Ferragut\" \/>\n<meta name=\"twitter:card\" content=\"summary_large_image\" \/>\n<meta name=\"twitter:label1\" content=\"Escrito por\" \/>\n\t<meta name=\"twitter:data1\" content=\"Belen Pedernera Ferragut\" \/>\n\t<meta name=\"twitter:label2\" content=\"Tiempo de lectura\" \/>\n\t<meta name=\"twitter:data2\" content=\"12 minutos\" \/>\n<script type=\"application\/ld+json\" class=\"yoast-schema-graph\">{\"@context\":\"https:\/\/schema.org\",\"@graph\":[{\"@type\":\"WebPage\",\"@id\":\"https:\/\/hcd.malargue.gov.ar\/?p=35649\",\"url\":\"https:\/\/hcd.malargue.gov.ar\/?p=35649\",\"name\":\"ACTA 1\u00b0 SESI\u00d3N DE PRORROGA N\u00b01.147-\u201cO\u201d- 9-11-2.023.- Malarg\u00fce HCD\",\"isPartOf\":{\"@id\":\"https:\/\/hcd.malargue.gov.ar\/#website\"},\"datePublished\":\"2023-11-30T15:28:48+00:00\",\"dateModified\":\"2023-11-30T15:28:51+00:00\",\"author\":{\"@id\":\"https:\/\/hcd.malargue.gov.ar\/#\/schema\/person\/3fd6bbab64edd703961b795156c955d0\"},\"breadcrumb\":{\"@id\":\"https:\/\/hcd.malargue.gov.ar\/?p=35649#breadcrumb\"},\"inLanguage\":\"es-AR\",\"potentialAction\":[{\"@type\":\"ReadAction\",\"target\":[\"https:\/\/hcd.malargue.gov.ar\/?p=35649\"]}]},{\"@type\":\"BreadcrumbList\",\"@id\":\"https:\/\/hcd.malargue.gov.ar\/?p=35649#breadcrumb\",\"itemListElement\":[{\"@type\":\"ListItem\",\"position\":1,\"name\":\"Inicio\",\"item\":\"https:\/\/hcd.malargue.gov.ar\/\"},{\"@type\":\"ListItem\",\"position\":2,\"name\":\"ACTA 1\u00b0 SESI\u00d3N DE PRORROGA N\u00b01.147-\u201cO\u201d- 9-11-2.023.-\"}]},{\"@type\":\"WebSite\",\"@id\":\"https:\/\/hcd.malargue.gov.ar\/#website\",\"url\":\"https:\/\/hcd.malargue.gov.ar\/\",\"name\":\"Malarg\u00fce HCD\",\"description\":\"Malarg\u00fce Mendoza Argentina\",\"potentialAction\":[{\"@type\":\"SearchAction\",\"target\":{\"@type\":\"EntryPoint\",\"urlTemplate\":\"https:\/\/hcd.malargue.gov.ar\/?s={search_term_string}\"},\"query-input\":\"required name=search_term_string\"}],\"inLanguage\":\"es-AR\"},{\"@type\":\"Person\",\"@id\":\"https:\/\/hcd.malargue.gov.ar\/#\/schema\/person\/3fd6bbab64edd703961b795156c955d0\",\"name\":\"Belen Pedernera Ferragut\",\"image\":{\"@type\":\"ImageObject\",\"inLanguage\":\"es-AR\",\"@id\":\"https:\/\/hcd.malargue.gov.ar\/#\/schema\/person\/image\/\",\"url\":\"https:\/\/secure.gravatar.com\/avatar\/1054ffab3893de4bb3eb29bdd22f7e34b8537bf5d34d9dab311818154ad5b71f?s=96&d=mm&r=g\",\"contentUrl\":\"https:\/\/secure.gravatar.com\/avatar\/1054ffab3893de4bb3eb29bdd22f7e34b8537bf5d34d9dab311818154ad5b71f?s=96&d=mm&r=g\",\"caption\":\"Belen Pedernera Ferragut\"},\"url\":\"https:\/\/hcd.malargue.gov.ar\/?author=5\"}]}<\/script>\n<!-- \/ Yoast SEO plugin. -->","yoast_head_json":{"title":"ACTA 1\u00b0 SESI\u00d3N DE PRORROGA N\u00b01.147-\u201cO\u201d- 9-11-2.023.- Malarg\u00fce HCD","robots":{"index":"index","follow":"follow","max-snippet":"max-snippet:-1","max-image-preview":"max-image-preview:large","max-video-preview":"max-video-preview:-1"},"canonical":"https:\/\/hcd.malargue.gov.ar\/?p=35649","og_locale":"es_ES","og_type":"article","og_title":"ACTA 1\u00b0 SESI\u00d3N DE PRORROGA N\u00b01.147-\u201cO\u201d- 9-11-2.023.- Malarg\u00fce HCD","og_description":"En Malarg\u00fce Mendoza a Nueve d\u00edas de noviembre de 2l023, cuando es la hora 9:18 se re\u00fane el Honorable Concejo Deliberante de la Municipalidad de Malarg\u00fce, para celebrar su Sesi\u00f3n Ordinaria (Primera de Pr\u00f3rroga) . Bajo la Presidencia de su titular Concejal Andr\u00e9s RISI y la presencia de los Se\u00f1ores concejales Palma, Rosas, Varas, Mosca, [&hellip;]","og_url":"https:\/\/hcd.malargue.gov.ar\/?p=35649","og_site_name":"Malarg\u00fce HCD","article_published_time":"2023-11-30T15:28:48+00:00","article_modified_time":"2023-11-30T15:28:51+00:00","og_image":[{"width":1640,"height":924,"url":"https:\/\/hcd.malargue.gov.ar\/wp-content\/uploads\/2023\/03\/actas-sesiones.jpg","type":"image\/jpeg"}],"author":"Belen Pedernera Ferragut","twitter_card":"summary_large_image","twitter_misc":{"Escrito por":"Belen Pedernera Ferragut","Tiempo de lectura":"12 minutos"},"schema":{"@context":"https:\/\/schema.org","@graph":[{"@type":"WebPage","@id":"https:\/\/hcd.malargue.gov.ar\/?p=35649","url":"https:\/\/hcd.malargue.gov.ar\/?p=35649","name":"ACTA 1\u00b0 SESI\u00d3N DE PRORROGA N\u00b01.147-\u201cO\u201d- 9-11-2.023.- Malarg\u00fce HCD","isPartOf":{"@id":"https:\/\/hcd.malargue.gov.ar\/#website"},"datePublished":"2023-11-30T15:28:48+00:00","dateModified":"2023-11-30T15:28:51+00:00","author":{"@id":"https:\/\/hcd.malargue.gov.ar\/#\/schema\/person\/3fd6bbab64edd703961b795156c955d0"},"breadcrumb":{"@id":"https:\/\/hcd.malargue.gov.ar\/?p=35649#breadcrumb"},"inLanguage":"es-AR","potentialAction":[{"@type":"ReadAction","target":["https:\/\/hcd.malargue.gov.ar\/?p=35649"]}]},{"@type":"BreadcrumbList","@id":"https:\/\/hcd.malargue.gov.ar\/?p=35649#breadcrumb","itemListElement":[{"@type":"ListItem","position":1,"name":"Inicio","item":"https:\/\/hcd.malargue.gov.ar\/"},{"@type":"ListItem","position":2,"name":"ACTA 1\u00b0 SESI\u00d3N DE PRORROGA N\u00b01.147-\u201cO\u201d- 9-11-2.023.-"}]},{"@type":"WebSite","@id":"https:\/\/hcd.malargue.gov.ar\/#website","url":"https:\/\/hcd.malargue.gov.ar\/","name":"Malarg\u00fce HCD","description":"Malarg\u00fce Mendoza Argentina","potentialAction":[{"@type":"SearchAction","target":{"@type":"EntryPoint","urlTemplate":"https:\/\/hcd.malargue.gov.ar\/?s={search_term_string}"},"query-input":"required name=search_term_string"}],"inLanguage":"es-AR"},{"@type":"Person","@id":"https:\/\/hcd.malargue.gov.ar\/#\/schema\/person\/3fd6bbab64edd703961b795156c955d0","name":"Belen Pedernera Ferragut","image":{"@type":"ImageObject","inLanguage":"es-AR","@id":"https:\/\/hcd.malargue.gov.ar\/#\/schema\/person\/image\/","url":"https:\/\/secure.gravatar.com\/avatar\/1054ffab3893de4bb3eb29bdd22f7e34b8537bf5d34d9dab311818154ad5b71f?s=96&d=mm&r=g","contentUrl":"https:\/\/secure.gravatar.com\/avatar\/1054ffab3893de4bb3eb29bdd22f7e34b8537bf5d34d9dab311818154ad5b71f?s=96&d=mm&r=g","caption":"Belen Pedernera Ferragut"},"url":"https:\/\/hcd.malargue.gov.ar\/?author=5"}]}},"_links":{"self":[{"href":"https:\/\/hcd.malargue.gov.ar\/index.php?rest_route=\/wp\/v2\/posts\/35649","targetHints":{"allow":["GET"]}}],"collection":[{"href":"https:\/\/hcd.malargue.gov.ar\/index.php?rest_route=\/wp\/v2\/posts"}],"about":[{"href":"https:\/\/hcd.malargue.gov.ar\/index.php?rest_route=\/wp\/v2\/types\/post"}],"author":[{"embeddable":true,"href":"https:\/\/hcd.malargue.gov.ar\/index.php?rest_route=\/wp\/v2\/users\/5"}],"replies":[{"embeddable":true,"href":"https:\/\/hcd.malargue.gov.ar\/index.php?rest_route=%2Fwp%2Fv2%2Fcomments&post=35649"}],"version-history":[{"count":1,"href":"https:\/\/hcd.malargue.gov.ar\/index.php?rest_route=\/wp\/v2\/posts\/35649\/revisions"}],"predecessor-version":[{"id":35650,"href":"https:\/\/hcd.malargue.gov.ar\/index.php?rest_route=\/wp\/v2\/posts\/35649\/revisions\/35650"}],"wp:featuredmedia":[{"embeddable":true,"href":"https:\/\/hcd.malargue.gov.ar\/index.php?rest_route=\/wp\/v2\/media\/33337"}],"wp:attachment":[{"href":"https:\/\/hcd.malargue.gov.ar\/index.php?rest_route=%2Fwp%2Fv2%2Fmedia&parent=35649"}],"wp:term":[{"taxonomy":"category","embeddable":true,"href":"https:\/\/hcd.malargue.gov.ar\/index.php?rest_route=%2Fwp%2Fv2%2Fcategories&post=35649"},{"taxonomy":"post_tag","embeddable":true,"href":"https:\/\/hcd.malargue.gov.ar\/index.php?rest_route=%2Fwp%2Fv2%2Ftags&post=35649"}],"curies":[{"name":"wp","href":"https:\/\/api.w.org\/{rel}","templated":true}]}}