{"id":35686,"date":"2023-12-01T08:00:00","date_gmt":"2023-12-01T11:00:00","guid":{"rendered":"https:\/\/hcd.malargue.gov.ar\/?p=35686"},"modified":"2023-12-05T11:12:19","modified_gmt":"2023-12-05T14:12:19","slug":"resolucion-n-472-2-023","status":"publish","type":"post","link":"https:\/\/hcd.malargue.gov.ar\/?p=35686","title":{"rendered":"RESOLUCI\u00d3N N\u00b0 472\/2.023"},"content":{"rendered":"<div class=\"wp-block-image\">\n<figure class=\"alignright size-full is-resized\"><a href=\"http:\/\/hcd.malargue.gov.ar\/hcdpdf\/rn%20472%202023%20Uso%20de%20Movilidad%20Municipal.pdf\"><img loading=\"lazy\" decoding=\"async\" width=\"512\" height=\"512\" src=\"https:\/\/hcd.malargue.gov.ar\/wp-content\/uploads\/2018\/06\/PDF-JPG.jpg\" alt=\"\" class=\"wp-image-7950\" style=\"width:152px;height:auto\" srcset=\"https:\/\/hcd.malargue.gov.ar\/wp-content\/uploads\/2018\/06\/PDF-JPG.jpg 512w, https:\/\/hcd.malargue.gov.ar\/wp-content\/uploads\/2018\/06\/PDF-JPG-150x150.jpg 150w, https:\/\/hcd.malargue.gov.ar\/wp-content\/uploads\/2018\/06\/PDF-JPG-300x300.jpg 300w\" sizes=\"auto, (max-width: 512px) 100vw, 512px\" \/><\/a><\/figure>\n<\/div>\n\n\n<p>VISTO: La \u00a0Nota HC-627-2.023.Concejales Viviana Mosca; Gabriel Rosas y Paola Rojo. \u00a0Solicitan\u00a0 Sesi\u00f3n Especial, para el tratamiento del tema: Uso de Movilidad Municipal. \u00a0\u00a0y; <\/p>\n\n\n\n<p>CONSIDERANDO: Que ingresa a este Honorable Concejo Deliberante, formal nota HC-\u00a0\u00a0 627\/23 respecto a solicitar informaci\u00f3n de uso de veh\u00edculo oficial perteneciente a la \u00a0Municipalidad de Malarg\u00fce, en evento h\u00edpico en la ciudad de San Rafael, Mendoza<\/p>\n\n\n\n<p>\u00a0\u00a0\u00a0\u00a0\u00a0\u00a0\u00a0\u00a0\u00a0\u00a0\u00a0 Que\u00a0 en Anexo se adjunta material fotogr\u00e1fico de movilidad oficial dominio AF 149 \u00a0\u00a0 BO \u2013 Land Rover gris, encontr\u00e1ndose dentro del predio de este evento realizado el  domingo 26 de noviembre en el Distrito Goudge (San Rafael. Mendoza).<\/p>\n\n\n\n<p>\u00a0\u00a0\u00a0\u00a0\u00a0\u00a0\u00a0\u00a0\u00a0\u00a0\u00a0 Que este veh\u00edculo pertenece a la flota de movilidad a cargo del \u00e1rea de Servicios  P\u00fablicos de la Municipalidad de Malarg\u00fce, en una actividad que no amerita \u00e9ticamente ni para el curso de la administraci\u00f3n la utilizaci\u00f3n de veh\u00edculo oficial, <strong><em>es  decir con un fin que no estaria autorizado.<\/em><\/strong><\/p>\n\n\n\n<p>\u00a0\u00a0\u00a0\u00a0\u00a0\u00a0\u00a0\u00a0\u00a0\u00a0\u00a0 Que compulsadas las actuaciones, se observa que podr\u00eda haberse incurrido en \u00a0\u00a0\u00a0incompatibilidades e irregularidades en el uso de ese veh\u00edculo oficial<\/p>\n\n\n\n<p>\u00a0\u00a0\u00a0\u00a0\u00a0\u00a0\u00a0\u00a0\u00a0\u00a0\u00a0 Que el Art. 71\u00b0, inc. 10 de la Ley 1.079, Org\u00e1nica de Municipalidades, establece que \u201cpodr\u00e1 hacer venir al lugar de sus sesiones al o los Secretarios del Departamento \u00a0Ejecutivo Municipal, para pedirles los informes y explicaciones que estime correspondientes, cit\u00e1ndolos con un d\u00eda de anticipaci\u00f3n por lo menos, salvo los casos de urgencia y comunic\u00e1ndoles en la citaci\u00f3n los puntos sobre los cuales deban \u00a0 informar, Podr\u00e1 tambi\u00e9n el Concejo pedir al Departamento Ejecutivo los datos o \u00a0informes que crea necesario\u2026\u201d-<\/p>\n\n\n\n<p>\u00a0\u00a0\u00a0\u00a0\u00a0\u00a0\u00a0\u00a0\u00a0\u00a0\u00a0 Que en el mismo sentido Que el Art\u00edculo 39\u00b0 del Reglamento Interno del Honorable \u00a0\u00a0Concejo Deliberante de Malarg\u00fce establece: <em>&#8220;Las Comisiones Permanentes o Especiales del Concejo o los Concejales en ejercicio pueden, para mejor  desempe\u00f1o de sus funciones, pedir directamente a los jefes de reparticiones de la \u00a0Administraci\u00f3n Comunal y por su intermedio a sus subalternos los informes que \u00a0crean convenientes, sin perjuicio de que en los casos que dichos jefes opusieran dificultades para expedir\u00a0 los informes solicitados, se d\u00e9 cuenta al Concejo, siendo la negativa maliciosa conceptuada como falta grave, a los efectos de solicitar el \u00a0Departamento Ejecutivo la sanci\u00f3n correspondiente a los jefes que hubiesen incurrido en ella\u201d.<\/em><\/p>\n\n\n\n<p>\u00a0\u00a0\u00a0\u00a0\u00a0\u00a0\u00a0\u00a0\u00a0\u00a0\u00a0 Que con el mismo esp\u00edritu, el Art. 161 del Reglamento Interno del Honorable Concejo \u00a0 Deliberante, faculta al Concejo Deliberante a <em>\u201c\u2026 resolver por mayor\u00eda absoluta \u00a0de los miembros presentes y previa indicaci\u00f3n verbal o escrita de alg\u00fan Concejal, la \u00a0Citaci\u00f3n del Intendente, los Secretarios o los Directores para obtener informes \u00a0\u00a0\u00a0 sobre asuntos p\u00fablicos. Esta facultad podr\u00e1 ejercerla aun cuando se trate de \u00a0\u00a0\u00a0\u00a0\u00a0\u00a0 Sesiones de pr\u00f3rroga o extraordinarias. Puede asimismo solicitar al Departamento \u00a0\u00a0\u00a0\u00a0\u00a0\u00a0 Ejecutivo datos e informes. A su vez el Intendente podr\u00e1 hacerse acompa\u00f1ar por \u00a0\u00a0\u00a0 el Jefe de Secci\u00f3n o \u00a0\u00a0 Asesor Municipal que estime conveniente\u201d.<\/em><\/p>\n\n\n\n<p>\u00a0\u00a0\u00a0\u00a0\u00a0\u00a0\u00a0\u00a0\u00a0\u00a0\u00a0 Que la Ley N\u00b0 8.993, en su Art\u00edculo 4\u00b0, Cap\u00edtulo II), establece que \u201cLos sujetos comprendidos en esta ley se encuentran obligados\/as a cumplir con los siguientes \u00a0\u00a0deberes y pautas de comportamiento \u00e9tico: Inciso 6- <em>\u201cProteger y conservar la \u00a0\u00a0 propiedad del Estado y s\u00f3lo emplear sus bienes con los fines \u00a0\u00a0\u00a0 autorizados\u201d<\/em> para en su Inciso 13\u00ba, decir que: \u201c<em>Denunciar ante la autoridad competente todo hecho, acto u omisi\u00f3n de los que tuvieran \u00a0\u00a0 conocimiento con motivo o en ocasi\u00f3n del \u00a0 ejercicio de sus funciones \u00a0que pudiera causar perjuicio a la Provincia o \u00a0 configurar delito\u201d.<\/em><\/p>\n\n\n\n<p>\u00a0\u00a0\u00a0\u00a0\u00a0\u00a0\u00a0\u00a0\u00a0\u00a0\u00a0 Que Funcionario P\u00fablico es todo aquel que en virtud de designaci\u00f3n especial y legal \u00a0 (sea por decreto ejecutivo, por elecci\u00f3n y, en principio, de una manera continua, \u00a0\u00a0bajo formas y condiciones determinadas en una esfera de competencia dada) declara \u00a0 o ejecuta la voluntad del Estado para realizar un fin p\u00fablico.<\/p>\n\n\n\n<p>\u00a0\u00a0\u00a0\u00a0\u00a0\u00a0\u00a0\u00a0\u00a0\u00a0\u00a0 Que vale decir el Funcionario P\u00fablico &#8220;representa&#8221; al Estado, y el empleado \u00a0solamente &#8220;presta servicio&#8221; al Estado.<\/p>\n\n\n\n<p>&nbsp;&nbsp;&nbsp;&nbsp;&nbsp;&nbsp;&nbsp;&nbsp;&nbsp;&nbsp;&nbsp; Que el Art. 329 del C.P.P.M. expresa que \u201cTendr\u00e1n obligaci\u00f3n de denunciar los delitos perseguibles de oficio:<\/p>\n\n\n\n<p>&nbsp;&nbsp;&nbsp;&nbsp;&nbsp;&nbsp;&nbsp;&nbsp;&nbsp;&nbsp;&nbsp;&nbsp;&nbsp;&nbsp;&nbsp;&nbsp;&nbsp;&nbsp;&nbsp;&nbsp;&nbsp;&nbsp;&nbsp; 1)Los funcionarios o empleados p\u00fablicos que los conozcan en el ejercicio de &nbsp;&nbsp;&nbsp;&nbsp;&nbsp; &nbsp;&nbsp;&nbsp;&nbsp;&nbsp;&nbsp;&nbsp;&nbsp;&nbsp;&nbsp;&nbsp; sus funciones.<\/p>\n\n\n\n<p>\u00a0\u00a0\u00a0\u00a0\u00a0\u00a0\u00a0\u00a0\u00a0\u00a0\u00a0\u00a0\u00a0\u00a0\u00a0\u00a0\u00a0\u00a0\u00a0\u00a0\u00a0\u00a0\u00a0 2)Los m\u00e9dicos, parteras, farmac\u00e9uticos y dem\u00e1s personas que ejerzan el arte \u00a0\u00a0\u00a0\u00a0\u00a0\u00a0\u00a0\u00a0\u00a0\u00a0\u00a0\u00a0\u00a0\u00a0\u00a0\u00a0\u00a0\u00a0 de curar, que conozcan esos hechos al prestar auxilios de su profesi\u00f3n, salvoque el conocimiento adquirido por ellos est\u00e9 por ley bajo el amparo del \u00a0\u00a0 secreto profesional. Nadie podr\u00e1 formular denuncia contra su c\u00f3nyuge,  ascendiente, descendiente, o hermano, salvo que el delito sea ejecutado en su  perjuicio o contra una persona cuyo parentesco con \u00e9l sea igual o m\u00e1s \u00a0 pr\u00f3ximo al que lo liga con el denunciado\u201d.<\/p>\n\n\n\n<p>EL HONORABLE CONCEJO DELIBERANTE DE LA MUNICIPALIDAD DE MALARGUE EN USO DE LAS FACULTADES QUE LE SON PROPIAS<\/p>\n\n\n\n<p>&nbsp;&nbsp;&nbsp;&nbsp;&nbsp;&nbsp;&nbsp;&nbsp;&nbsp;&nbsp;&nbsp;&nbsp;&nbsp;&nbsp;&nbsp;&nbsp;&nbsp;&nbsp;&nbsp;&nbsp;&nbsp;&nbsp;&nbsp;&nbsp;&nbsp;&nbsp;&nbsp;&nbsp;&nbsp;&nbsp; RESUELVE<\/p>\n\n\n\n<p>ART\u00cdCULO 1\u00b0: Solicitar la presencia\u00a0 a Sesi\u00f3n Especial para el d\u00eda 01 de Diciembre de 2023, de los siguientes Funcionarios P\u00fablicos:<\/p>\n\n\n\n<p>&#8211; Sr. Luis L\u00f3pez, Director de Servicios P\u00fablicos. Hora de citaci\u00f3n \u00a010:00 hs.-<\/p>\n\n\n\n<p>&#8211; Prof. Pablo S\u00e1nchez, Secretario de Desarrollo Territorial y \u00a0Urbanismo. Hora de citaci\u00f3n 10:30 hs.<\/p>\n\n\n\n<p>ART\u00cdCULO 2\u00b0: Los puntos a abordar ser\u00e1n en torno a:<\/p>\n\n\n\n<p>&#8211; Uso de movilidad Municipal, Nota HC 627\/2.023.<\/p>\n\n\n\n<p>ARTICULO 3\u00ba: Se adjunta\u00a0 para su toma de conocimiento la cantidad de tres (3) \u00a0 fotograf\u00edas y Nota HC-627-2.023.<\/p>\n\n\n\n<p>ARTICULO 4\u00ba: Comun\u00edquese, reg\u00edstrese, agr\u00e9guese copia de la presente en las &nbsp; actuaciones correspondientes y arch\u00edvese.<\/p>\n\n\n\n<p>DADA EN LA SALA DE SESIONES DR. RICARDO BALBIN DEL HONORABLE CONCEJO DELIBERANTE DE LA MUNICIPALIDAD DE MALARG\u00dcE A&nbsp; VEINTINUEVE D\u00cdAS DE NOVIEMBRE DE DOS MIL VEINTITRES<\/p>\n","protected":false},"excerpt":{"rendered":"<p>VISTO: La \u00a0Nota HC-627-2.023.Concejales Viviana Mosca; Gabriel Rosas y Paola Rojo. \u00a0Solicitan\u00a0 Sesi\u00f3n Especial, para el tratamiento del tema: Uso de Movilidad Municipal. \u00a0\u00a0y; CONSIDERANDO: Que ingresa a este Honorable Concejo Deliberante, formal nota HC-\u00a0\u00a0 627\/23 respecto a solicitar informaci\u00f3n de uso de veh\u00edculo oficial perteneciente a la \u00a0Municipalidad de Malarg\u00fce, en evento h\u00edpico en [&hellip;]<\/p>\n","protected":false},"author":5,"featured_media":35687,"comment_status":"closed","ping_status":"closed","sticky":false,"template":"","format":"standard","meta":{"footnotes":""},"categories":[52,29,33,51],"tags":[],"class_list":["post-35686","post","type-post","status-publish","format-standard","has-post-thumbnail","hentry","category-gacetillas","category-lesgilacion","category-prensa","category-resoluciones"],"yoast_head":"<!-- This site is optimized with the Yoast SEO plugin v19.10 - https:\/\/yoast.com\/wordpress\/plugins\/seo\/ -->\n<title>RESOLUCI\u00d3N N\u00b0 472\/2.023 - Malarg\u00fce HCD<\/title>\n<meta name=\"robots\" content=\"index, follow, max-snippet:-1, max-image-preview:large, max-video-preview:-1\" \/>\n<link rel=\"canonical\" href=\"https:\/\/hcd.malargue.gov.ar\/?p=35686\" \/>\n<meta property=\"og:locale\" content=\"es_ES\" \/>\n<meta property=\"og:type\" content=\"article\" \/>\n<meta property=\"og:title\" content=\"RESOLUCI\u00d3N N\u00b0 472\/2.023 - Malarg\u00fce HCD\" \/>\n<meta property=\"og:description\" content=\"VISTO: La \u00a0Nota HC-627-2.023.Concejales Viviana Mosca; Gabriel Rosas y Paola Rojo. \u00a0Solicitan\u00a0 Sesi\u00f3n Especial, para el tratamiento del tema: Uso de Movilidad Municipal. \u00a0\u00a0y; CONSIDERANDO: Que ingresa a este Honorable Concejo Deliberante, formal nota HC-\u00a0\u00a0 627\/23 respecto a solicitar informaci\u00f3n de uso de veh\u00edculo oficial perteneciente a la \u00a0Municipalidad de Malarg\u00fce, en evento h\u00edpico en [&hellip;]\" \/>\n<meta property=\"og:url\" content=\"https:\/\/hcd.malargue.gov.ar\/?p=35686\" \/>\n<meta property=\"og:site_name\" content=\"Malarg\u00fce HCD\" \/>\n<meta property=\"article:published_time\" content=\"2023-12-01T11:00:00+00:00\" \/>\n<meta property=\"article:modified_time\" content=\"2023-12-05T14:12:19+00:00\" \/>\n<meta property=\"og:image\" content=\"https:\/\/hcd.malargue.gov.ar\/wp-content\/uploads\/2023\/12\/RESOLUCION-472-2023.jpg\" \/>\n\t<meta property=\"og:image:width\" content=\"940\" \/>\n\t<meta property=\"og:image:height\" content=\"788\" \/>\n\t<meta property=\"og:image:type\" content=\"image\/jpeg\" \/>\n<meta name=\"author\" content=\"Belen Pedernera Ferragut\" \/>\n<meta name=\"twitter:card\" content=\"summary_large_image\" \/>\n<meta name=\"twitter:label1\" content=\"Escrito por\" \/>\n\t<meta name=\"twitter:data1\" content=\"Belen Pedernera Ferragut\" \/>\n\t<meta name=\"twitter:label2\" content=\"Tiempo de lectura\" \/>\n\t<meta name=\"twitter:data2\" content=\"5 minutos\" \/>\n<script type=\"application\/ld+json\" class=\"yoast-schema-graph\">{\"@context\":\"https:\/\/schema.org\",\"@graph\":[{\"@type\":\"WebPage\",\"@id\":\"https:\/\/hcd.malargue.gov.ar\/?p=35686\",\"url\":\"https:\/\/hcd.malargue.gov.ar\/?p=35686\",\"name\":\"RESOLUCI\u00d3N N\u00b0 472\/2.023 - Malarg\u00fce HCD\",\"isPartOf\":{\"@id\":\"https:\/\/hcd.malargue.gov.ar\/#website\"},\"datePublished\":\"2023-12-01T11:00:00+00:00\",\"dateModified\":\"2023-12-05T14:12:19+00:00\",\"author\":{\"@id\":\"https:\/\/hcd.malargue.gov.ar\/#\/schema\/person\/3fd6bbab64edd703961b795156c955d0\"},\"breadcrumb\":{\"@id\":\"https:\/\/hcd.malargue.gov.ar\/?p=35686#breadcrumb\"},\"inLanguage\":\"es-AR\",\"potentialAction\":[{\"@type\":\"ReadAction\",\"target\":[\"https:\/\/hcd.malargue.gov.ar\/?p=35686\"]}]},{\"@type\":\"BreadcrumbList\",\"@id\":\"https:\/\/hcd.malargue.gov.ar\/?p=35686#breadcrumb\",\"itemListElement\":[{\"@type\":\"ListItem\",\"position\":1,\"name\":\"Inicio\",\"item\":\"https:\/\/hcd.malargue.gov.ar\/\"},{\"@type\":\"ListItem\",\"position\":2,\"name\":\"RESOLUCI\u00d3N N\u00b0 472\/2.023\"}]},{\"@type\":\"WebSite\",\"@id\":\"https:\/\/hcd.malargue.gov.ar\/#website\",\"url\":\"https:\/\/hcd.malargue.gov.ar\/\",\"name\":\"Malarg\u00fce HCD\",\"description\":\"Malarg\u00fce Mendoza Argentina\",\"potentialAction\":[{\"@type\":\"SearchAction\",\"target\":{\"@type\":\"EntryPoint\",\"urlTemplate\":\"https:\/\/hcd.malargue.gov.ar\/?s={search_term_string}\"},\"query-input\":\"required name=search_term_string\"}],\"inLanguage\":\"es-AR\"},{\"@type\":\"Person\",\"@id\":\"https:\/\/hcd.malargue.gov.ar\/#\/schema\/person\/3fd6bbab64edd703961b795156c955d0\",\"name\":\"Belen Pedernera Ferragut\",\"image\":{\"@type\":\"ImageObject\",\"inLanguage\":\"es-AR\",\"@id\":\"https:\/\/hcd.malargue.gov.ar\/#\/schema\/person\/image\/\",\"url\":\"https:\/\/secure.gravatar.com\/avatar\/1054ffab3893de4bb3eb29bdd22f7e34b8537bf5d34d9dab311818154ad5b71f?s=96&d=mm&r=g\",\"contentUrl\":\"https:\/\/secure.gravatar.com\/avatar\/1054ffab3893de4bb3eb29bdd22f7e34b8537bf5d34d9dab311818154ad5b71f?s=96&d=mm&r=g\",\"caption\":\"Belen Pedernera Ferragut\"},\"url\":\"https:\/\/hcd.malargue.gov.ar\/?author=5\"}]}<\/script>\n<!-- \/ Yoast SEO plugin. -->","yoast_head_json":{"title":"RESOLUCI\u00d3N N\u00b0 472\/2.023 - Malarg\u00fce HCD","robots":{"index":"index","follow":"follow","max-snippet":"max-snippet:-1","max-image-preview":"max-image-preview:large","max-video-preview":"max-video-preview:-1"},"canonical":"https:\/\/hcd.malargue.gov.ar\/?p=35686","og_locale":"es_ES","og_type":"article","og_title":"RESOLUCI\u00d3N N\u00b0 472\/2.023 - Malarg\u00fce HCD","og_description":"VISTO: La \u00a0Nota HC-627-2.023.Concejales Viviana Mosca; Gabriel Rosas y Paola Rojo. \u00a0Solicitan\u00a0 Sesi\u00f3n Especial, para el tratamiento del tema: Uso de Movilidad Municipal. \u00a0\u00a0y; CONSIDERANDO: Que ingresa a este Honorable Concejo Deliberante, formal nota HC-\u00a0\u00a0 627\/23 respecto a solicitar informaci\u00f3n de uso de veh\u00edculo oficial perteneciente a la \u00a0Municipalidad de Malarg\u00fce, en evento h\u00edpico en [&hellip;]","og_url":"https:\/\/hcd.malargue.gov.ar\/?p=35686","og_site_name":"Malarg\u00fce HCD","article_published_time":"2023-12-01T11:00:00+00:00","article_modified_time":"2023-12-05T14:12:19+00:00","og_image":[{"width":940,"height":788,"url":"https:\/\/hcd.malargue.gov.ar\/wp-content\/uploads\/2023\/12\/RESOLUCION-472-2023.jpg","type":"image\/jpeg"}],"author":"Belen Pedernera Ferragut","twitter_card":"summary_large_image","twitter_misc":{"Escrito por":"Belen Pedernera Ferragut","Tiempo de lectura":"5 minutos"},"schema":{"@context":"https:\/\/schema.org","@graph":[{"@type":"WebPage","@id":"https:\/\/hcd.malargue.gov.ar\/?p=35686","url":"https:\/\/hcd.malargue.gov.ar\/?p=35686","name":"RESOLUCI\u00d3N N\u00b0 472\/2.023 - Malarg\u00fce HCD","isPartOf":{"@id":"https:\/\/hcd.malargue.gov.ar\/#website"},"datePublished":"2023-12-01T11:00:00+00:00","dateModified":"2023-12-05T14:12:19+00:00","author":{"@id":"https:\/\/hcd.malargue.gov.ar\/#\/schema\/person\/3fd6bbab64edd703961b795156c955d0"},"breadcrumb":{"@id":"https:\/\/hcd.malargue.gov.ar\/?p=35686#breadcrumb"},"inLanguage":"es-AR","potentialAction":[{"@type":"ReadAction","target":["https:\/\/hcd.malargue.gov.ar\/?p=35686"]}]},{"@type":"BreadcrumbList","@id":"https:\/\/hcd.malargue.gov.ar\/?p=35686#breadcrumb","itemListElement":[{"@type":"ListItem","position":1,"name":"Inicio","item":"https:\/\/hcd.malargue.gov.ar\/"},{"@type":"ListItem","position":2,"name":"RESOLUCI\u00d3N N\u00b0 472\/2.023"}]},{"@type":"WebSite","@id":"https:\/\/hcd.malargue.gov.ar\/#website","url":"https:\/\/hcd.malargue.gov.ar\/","name":"Malarg\u00fce HCD","description":"Malarg\u00fce Mendoza Argentina","potentialAction":[{"@type":"SearchAction","target":{"@type":"EntryPoint","urlTemplate":"https:\/\/hcd.malargue.gov.ar\/?s={search_term_string}"},"query-input":"required name=search_term_string"}],"inLanguage":"es-AR"},{"@type":"Person","@id":"https:\/\/hcd.malargue.gov.ar\/#\/schema\/person\/3fd6bbab64edd703961b795156c955d0","name":"Belen Pedernera Ferragut","image":{"@type":"ImageObject","inLanguage":"es-AR","@id":"https:\/\/hcd.malargue.gov.ar\/#\/schema\/person\/image\/","url":"https:\/\/secure.gravatar.com\/avatar\/1054ffab3893de4bb3eb29bdd22f7e34b8537bf5d34d9dab311818154ad5b71f?s=96&d=mm&r=g","contentUrl":"https:\/\/secure.gravatar.com\/avatar\/1054ffab3893de4bb3eb29bdd22f7e34b8537bf5d34d9dab311818154ad5b71f?s=96&d=mm&r=g","caption":"Belen Pedernera Ferragut"},"url":"https:\/\/hcd.malargue.gov.ar\/?author=5"}]}},"_links":{"self":[{"href":"https:\/\/hcd.malargue.gov.ar\/index.php?rest_route=\/wp\/v2\/posts\/35686","targetHints":{"allow":["GET"]}}],"collection":[{"href":"https:\/\/hcd.malargue.gov.ar\/index.php?rest_route=\/wp\/v2\/posts"}],"about":[{"href":"https:\/\/hcd.malargue.gov.ar\/index.php?rest_route=\/wp\/v2\/types\/post"}],"author":[{"embeddable":true,"href":"https:\/\/hcd.malargue.gov.ar\/index.php?rest_route=\/wp\/v2\/users\/5"}],"replies":[{"embeddable":true,"href":"https:\/\/hcd.malargue.gov.ar\/index.php?rest_route=%2Fwp%2Fv2%2Fcomments&post=35686"}],"version-history":[{"count":1,"href":"https:\/\/hcd.malargue.gov.ar\/index.php?rest_route=\/wp\/v2\/posts\/35686\/revisions"}],"predecessor-version":[{"id":35688,"href":"https:\/\/hcd.malargue.gov.ar\/index.php?rest_route=\/wp\/v2\/posts\/35686\/revisions\/35688"}],"wp:featuredmedia":[{"embeddable":true,"href":"https:\/\/hcd.malargue.gov.ar\/index.php?rest_route=\/wp\/v2\/media\/35687"}],"wp:attachment":[{"href":"https:\/\/hcd.malargue.gov.ar\/index.php?rest_route=%2Fwp%2Fv2%2Fmedia&parent=35686"}],"wp:term":[{"taxonomy":"category","embeddable":true,"href":"https:\/\/hcd.malargue.gov.ar\/index.php?rest_route=%2Fwp%2Fv2%2Fcategories&post=35686"},{"taxonomy":"post_tag","embeddable":true,"href":"https:\/\/hcd.malargue.gov.ar\/index.php?rest_route=%2Fwp%2Fv2%2Ftags&post=35686"}],"curies":[{"name":"wp","href":"https:\/\/api.w.org\/{rel}","templated":true}]}}