{"id":35765,"date":"2023-12-14T10:04:15","date_gmt":"2023-12-14T13:04:15","guid":{"rendered":"https:\/\/hcd.malargue.gov.ar\/?p=35765"},"modified":"2023-12-14T10:10:18","modified_gmt":"2023-12-14T13:10:18","slug":"finalizo-la-sesion-especial-mod-art-n-102-de-la-tarifaria","status":"publish","type":"post","link":"https:\/\/hcd.malargue.gov.ar\/?p=35765","title":{"rendered":"FINALIZ\u00d3 LA SESI\u00d3N ESPECIAL- MOD ART N\u00b0 102 DE LA TARIFARIA"},"content":{"rendered":"\n<h5 class=\"wp-block-heading has-text-align-right\">SESI\u00d3N ESPECIAL\u2013\u00a0 12 de diciembre del 2023<\/h5>\n\n\n\n<h5 class=\"wp-block-heading has-text-align-right\">Presidiendo la Sesi\u00f3n:&nbsp;&nbsp;Concejala Silvina Camiolo (Bloque Reconstruyendo Malarg\u00fce)<\/h5>\n\n\n\n<h5 class=\"wp-block-heading has-text-align-right\">Concejales Presentes: Viviana Mosca, Pablo Villarruel (Bloque Frente Cambia Mendoza), Magali Acosta, Pablo Cabrera, Emilce Mansilla (Bloque Partido Justicialista), Elizabeth Gonz\u00e1lez (Bloque Uni\u00f3n Mendocina), Francisco Parada (Bloque Encuentro), Mart\u00edn Palma (Bloque UCR-Independiente)<\/h5>\n\n\n\n<p>A las 13:00 hs de este mi\u00e9rcoles 13 de diciembre, dio inici\u00f3 el Orden del D\u00eda de<a href=\"https:\/\/hcd.malargue.gov.ar\/?p=35742\"> la Sesi\u00f3n Especial convocada.<\/a><\/p>\n\n\n\n<p>Se di\u00f3 lectura a la Resoluci\u00f3n de <em><strong>Presidencia N\u00ba 055\/2023 <\/strong><\/em>y a la <strong><em>Nota HC 644-2.023 Concejales Emilce Mansilla, Pablo Cabrera y Magal\u00ed Acosta&nbsp;&nbsp;Solicitan Sesi\u00f3n Especial&nbsp; para modificar Art. 102 de la <a href=\"https:\/\/hcd.malargue.gov.ar\/?p=29927\">Tarifaria vigente<\/a><\/em><\/strong>, y luego <a href=\"https:\/\/hcd.malargue.gov.ar\/?p=35753\">el Cuerpo quedara constituido en Comisi\u00f3n<\/a> y saliera se aprob\u00f3 un ORDENANZA.-<\/p>\n\n\n<div class=\"wp-block-image\">\n<figure class=\"aligncenter size-large\"><img loading=\"lazy\" decoding=\"async\" width=\"1024\" height=\"768\" src=\"https:\/\/hcd.malargue.gov.ar\/wp-content\/uploads\/2023\/12\/411178926_672585788380646_5601510283312905487_n-1024x768.jpg\" alt=\"\" class=\"wp-image-35767\" srcset=\"https:\/\/hcd.malargue.gov.ar\/wp-content\/uploads\/2023\/12\/411178926_672585788380646_5601510283312905487_n-1024x768.jpg 1024w, https:\/\/hcd.malargue.gov.ar\/wp-content\/uploads\/2023\/12\/411178926_672585788380646_5601510283312905487_n-300x225.jpg 300w, https:\/\/hcd.malargue.gov.ar\/wp-content\/uploads\/2023\/12\/411178926_672585788380646_5601510283312905487_n-768x576.jpg 768w, https:\/\/hcd.malargue.gov.ar\/wp-content\/uploads\/2023\/12\/411178926_672585788380646_5601510283312905487_n-1536x1152.jpg 1536w, https:\/\/hcd.malargue.gov.ar\/wp-content\/uploads\/2023\/12\/411178926_672585788380646_5601510283312905487_n.jpg 1600w\" sizes=\"auto, (max-width: 1024px) 100vw, 1024px\" \/><\/figure>\n<\/div>\n\n\n<p class=\"has-text-align-center\"><strong>MIRA LA SESI\u00d3N EN VIVO:<\/strong> <a href=\"https:\/\/www.youtube.com\/watch?v=EFzSX_y5qRs\">https:\/\/www.youtube.com\/watch?v=EFzSX_y5qRs<\/a><\/p>\n\n\n\n<p class=\"has-text-align-center\"><a href=\"https:\/\/www.facebook.com\/photo?fbid=672585085047383&amp;set=pcb.672585521714006\"><strong>GALER\u00cdA DE FOTOS<\/strong><\/a><\/p>\n","protected":false},"excerpt":{"rendered":"<p>SESI\u00d3N ESPECIAL\u2013\u00a0 12 de diciembre del 2023 Presidiendo la Sesi\u00f3n:&nbsp;&nbsp;Concejala Silvina Camiolo (Bloque Reconstruyendo Malarg\u00fce) Concejales Presentes: Viviana Mosca, Pablo Villarruel (Bloque Frente Cambia Mendoza), Magali Acosta, Pablo Cabrera, Emilce Mansilla (Bloque Partido Justicialista), Elizabeth Gonz\u00e1lez (Bloque Uni\u00f3n Mendocina), Francisco Parada (Bloque Encuentro), Mart\u00edn Palma (Bloque UCR-Independiente) A las 13:00 hs de este mi\u00e9rcoles 13 [&hellip;]<\/p>\n","protected":false},"author":5,"featured_media":35766,"comment_status":"closed","ping_status":"closed","sticky":false,"template":"","format":"standard","meta":{"footnotes":""},"categories":[56,52,33,36],"tags":[],"class_list":["post-35765","post","type-post","status-publish","format-standard","has-post-thumbnail","hentry","category-especiales","category-gacetillas","category-prensa","category-sesiones"],"yoast_head":"<!-- This site is optimized with the Yoast SEO plugin v19.10 - https:\/\/yoast.com\/wordpress\/plugins\/seo\/ -->\n<title>FINALIZ\u00d3 LA SESI\u00d3N ESPECIAL- MOD ART N\u00b0 102 DE LA TARIFARIA - Malarg\u00fce HCD<\/title>\n<meta name=\"robots\" content=\"index, follow, max-snippet:-1, max-image-preview:large, max-video-preview:-1\" \/>\n<link rel=\"canonical\" href=\"https:\/\/hcd.malargue.gov.ar\/?p=35765\" \/>\n<meta property=\"og:locale\" content=\"es_ES\" \/>\n<meta property=\"og:type\" content=\"article\" \/>\n<meta property=\"og:title\" content=\"FINALIZ\u00d3 LA SESI\u00d3N ESPECIAL- MOD ART N\u00b0 102 DE LA TARIFARIA - Malarg\u00fce HCD\" \/>\n<meta property=\"og:description\" content=\"SESI\u00d3N ESPECIAL\u2013\u00a0 12 de diciembre del 2023 Presidiendo la Sesi\u00f3n:&nbsp;&nbsp;Concejala Silvina Camiolo (Bloque Reconstruyendo Malarg\u00fce) Concejales Presentes: Viviana Mosca, Pablo Villarruel (Bloque Frente Cambia Mendoza), Magali Acosta, Pablo Cabrera, Emilce Mansilla (Bloque Partido Justicialista), Elizabeth Gonz\u00e1lez (Bloque Uni\u00f3n Mendocina), Francisco Parada (Bloque Encuentro), Mart\u00edn Palma (Bloque UCR-Independiente) A las 13:00 hs de este mi\u00e9rcoles 13 [&hellip;]\" \/>\n<meta property=\"og:url\" content=\"https:\/\/hcd.malargue.gov.ar\/?p=35765\" \/>\n<meta property=\"og:site_name\" content=\"Malarg\u00fce HCD\" \/>\n<meta property=\"article:published_time\" content=\"2023-12-14T13:04:15+00:00\" \/>\n<meta property=\"article:modified_time\" content=\"2023-12-14T13:10:18+00:00\" \/>\n<meta property=\"og:image\" content=\"https:\/\/hcd.malargue.gov.ar\/wp-content\/uploads\/2023\/12\/411192630_672585611713997_6452967468703211155_n.jpg\" \/>\n\t<meta property=\"og:image:width\" content=\"1600\" \/>\n\t<meta property=\"og:image:height\" content=\"1200\" \/>\n\t<meta property=\"og:image:type\" content=\"image\/jpeg\" \/>\n<meta name=\"author\" content=\"Belen Pedernera Ferragut\" \/>\n<meta name=\"twitter:card\" content=\"summary_large_image\" \/>\n<meta name=\"twitter:label1\" content=\"Escrito por\" \/>\n\t<meta name=\"twitter:data1\" content=\"Belen Pedernera Ferragut\" \/>\n\t<meta name=\"twitter:label2\" content=\"Tiempo de lectura\" \/>\n\t<meta name=\"twitter:data2\" content=\"1 minuto\" \/>\n<script type=\"application\/ld+json\" class=\"yoast-schema-graph\">{\"@context\":\"https:\/\/schema.org\",\"@graph\":[{\"@type\":\"WebPage\",\"@id\":\"https:\/\/hcd.malargue.gov.ar\/?p=35765\",\"url\":\"https:\/\/hcd.malargue.gov.ar\/?p=35765\",\"name\":\"FINALIZ\u00d3 LA SESI\u00d3N ESPECIAL- MOD ART N\u00b0 102 DE LA TARIFARIA - Malarg\u00fce HCD\",\"isPartOf\":{\"@id\":\"https:\/\/hcd.malargue.gov.ar\/#website\"},\"datePublished\":\"2023-12-14T13:04:15+00:00\",\"dateModified\":\"2023-12-14T13:10:18+00:00\",\"author\":{\"@id\":\"https:\/\/hcd.malargue.gov.ar\/#\/schema\/person\/3fd6bbab64edd703961b795156c955d0\"},\"breadcrumb\":{\"@id\":\"https:\/\/hcd.malargue.gov.ar\/?p=35765#breadcrumb\"},\"inLanguage\":\"es-AR\",\"potentialAction\":[{\"@type\":\"ReadAction\",\"target\":[\"https:\/\/hcd.malargue.gov.ar\/?p=35765\"]}]},{\"@type\":\"BreadcrumbList\",\"@id\":\"https:\/\/hcd.malargue.gov.ar\/?p=35765#breadcrumb\",\"itemListElement\":[{\"@type\":\"ListItem\",\"position\":1,\"name\":\"Inicio\",\"item\":\"https:\/\/hcd.malargue.gov.ar\/\"},{\"@type\":\"ListItem\",\"position\":2,\"name\":\"FINALIZ\u00d3 LA SESI\u00d3N ESPECIAL- MOD ART N\u00b0 102 DE LA TARIFARIA\"}]},{\"@type\":\"WebSite\",\"@id\":\"https:\/\/hcd.malargue.gov.ar\/#website\",\"url\":\"https:\/\/hcd.malargue.gov.ar\/\",\"name\":\"Malarg\u00fce HCD\",\"description\":\"Malarg\u00fce Mendoza Argentina\",\"potentialAction\":[{\"@type\":\"SearchAction\",\"target\":{\"@type\":\"EntryPoint\",\"urlTemplate\":\"https:\/\/hcd.malargue.gov.ar\/?s={search_term_string}\"},\"query-input\":\"required name=search_term_string\"}],\"inLanguage\":\"es-AR\"},{\"@type\":\"Person\",\"@id\":\"https:\/\/hcd.malargue.gov.ar\/#\/schema\/person\/3fd6bbab64edd703961b795156c955d0\",\"name\":\"Belen Pedernera Ferragut\",\"image\":{\"@type\":\"ImageObject\",\"inLanguage\":\"es-AR\",\"@id\":\"https:\/\/hcd.malargue.gov.ar\/#\/schema\/person\/image\/\",\"url\":\"https:\/\/secure.gravatar.com\/avatar\/1054ffab3893de4bb3eb29bdd22f7e34b8537bf5d34d9dab311818154ad5b71f?s=96&d=mm&r=g\",\"contentUrl\":\"https:\/\/secure.gravatar.com\/avatar\/1054ffab3893de4bb3eb29bdd22f7e34b8537bf5d34d9dab311818154ad5b71f?s=96&d=mm&r=g\",\"caption\":\"Belen Pedernera Ferragut\"},\"url\":\"https:\/\/hcd.malargue.gov.ar\/?author=5\"}]}<\/script>\n<!-- \/ Yoast SEO plugin. -->","yoast_head_json":{"title":"FINALIZ\u00d3 LA SESI\u00d3N ESPECIAL- MOD ART N\u00b0 102 DE LA TARIFARIA - Malarg\u00fce HCD","robots":{"index":"index","follow":"follow","max-snippet":"max-snippet:-1","max-image-preview":"max-image-preview:large","max-video-preview":"max-video-preview:-1"},"canonical":"https:\/\/hcd.malargue.gov.ar\/?p=35765","og_locale":"es_ES","og_type":"article","og_title":"FINALIZ\u00d3 LA SESI\u00d3N ESPECIAL- MOD ART N\u00b0 102 DE LA TARIFARIA - Malarg\u00fce HCD","og_description":"SESI\u00d3N ESPECIAL\u2013\u00a0 12 de diciembre del 2023 Presidiendo la Sesi\u00f3n:&nbsp;&nbsp;Concejala Silvina Camiolo (Bloque Reconstruyendo Malarg\u00fce) Concejales Presentes: Viviana Mosca, Pablo Villarruel (Bloque Frente Cambia Mendoza), Magali Acosta, Pablo Cabrera, Emilce Mansilla (Bloque Partido Justicialista), Elizabeth Gonz\u00e1lez (Bloque Uni\u00f3n Mendocina), Francisco Parada (Bloque Encuentro), Mart\u00edn Palma (Bloque UCR-Independiente) A las 13:00 hs de este mi\u00e9rcoles 13 [&hellip;]","og_url":"https:\/\/hcd.malargue.gov.ar\/?p=35765","og_site_name":"Malarg\u00fce HCD","article_published_time":"2023-12-14T13:04:15+00:00","article_modified_time":"2023-12-14T13:10:18+00:00","og_image":[{"width":1600,"height":1200,"url":"https:\/\/hcd.malargue.gov.ar\/wp-content\/uploads\/2023\/12\/411192630_672585611713997_6452967468703211155_n.jpg","type":"image\/jpeg"}],"author":"Belen Pedernera Ferragut","twitter_card":"summary_large_image","twitter_misc":{"Escrito por":"Belen Pedernera Ferragut","Tiempo de lectura":"1 minuto"},"schema":{"@context":"https:\/\/schema.org","@graph":[{"@type":"WebPage","@id":"https:\/\/hcd.malargue.gov.ar\/?p=35765","url":"https:\/\/hcd.malargue.gov.ar\/?p=35765","name":"FINALIZ\u00d3 LA SESI\u00d3N ESPECIAL- MOD ART N\u00b0 102 DE LA TARIFARIA - Malarg\u00fce HCD","isPartOf":{"@id":"https:\/\/hcd.malargue.gov.ar\/#website"},"datePublished":"2023-12-14T13:04:15+00:00","dateModified":"2023-12-14T13:10:18+00:00","author":{"@id":"https:\/\/hcd.malargue.gov.ar\/#\/schema\/person\/3fd6bbab64edd703961b795156c955d0"},"breadcrumb":{"@id":"https:\/\/hcd.malargue.gov.ar\/?p=35765#breadcrumb"},"inLanguage":"es-AR","potentialAction":[{"@type":"ReadAction","target":["https:\/\/hcd.malargue.gov.ar\/?p=35765"]}]},{"@type":"BreadcrumbList","@id":"https:\/\/hcd.malargue.gov.ar\/?p=35765#breadcrumb","itemListElement":[{"@type":"ListItem","position":1,"name":"Inicio","item":"https:\/\/hcd.malargue.gov.ar\/"},{"@type":"ListItem","position":2,"name":"FINALIZ\u00d3 LA SESI\u00d3N ESPECIAL- MOD ART N\u00b0 102 DE LA TARIFARIA"}]},{"@type":"WebSite","@id":"https:\/\/hcd.malargue.gov.ar\/#website","url":"https:\/\/hcd.malargue.gov.ar\/","name":"Malarg\u00fce HCD","description":"Malarg\u00fce Mendoza Argentina","potentialAction":[{"@type":"SearchAction","target":{"@type":"EntryPoint","urlTemplate":"https:\/\/hcd.malargue.gov.ar\/?s={search_term_string}"},"query-input":"required name=search_term_string"}],"inLanguage":"es-AR"},{"@type":"Person","@id":"https:\/\/hcd.malargue.gov.ar\/#\/schema\/person\/3fd6bbab64edd703961b795156c955d0","name":"Belen Pedernera Ferragut","image":{"@type":"ImageObject","inLanguage":"es-AR","@id":"https:\/\/hcd.malargue.gov.ar\/#\/schema\/person\/image\/","url":"https:\/\/secure.gravatar.com\/avatar\/1054ffab3893de4bb3eb29bdd22f7e34b8537bf5d34d9dab311818154ad5b71f?s=96&d=mm&r=g","contentUrl":"https:\/\/secure.gravatar.com\/avatar\/1054ffab3893de4bb3eb29bdd22f7e34b8537bf5d34d9dab311818154ad5b71f?s=96&d=mm&r=g","caption":"Belen Pedernera Ferragut"},"url":"https:\/\/hcd.malargue.gov.ar\/?author=5"}]}},"_links":{"self":[{"href":"https:\/\/hcd.malargue.gov.ar\/index.php?rest_route=\/wp\/v2\/posts\/35765","targetHints":{"allow":["GET"]}}],"collection":[{"href":"https:\/\/hcd.malargue.gov.ar\/index.php?rest_route=\/wp\/v2\/posts"}],"about":[{"href":"https:\/\/hcd.malargue.gov.ar\/index.php?rest_route=\/wp\/v2\/types\/post"}],"author":[{"embeddable":true,"href":"https:\/\/hcd.malargue.gov.ar\/index.php?rest_route=\/wp\/v2\/users\/5"}],"replies":[{"embeddable":true,"href":"https:\/\/hcd.malargue.gov.ar\/index.php?rest_route=%2Fwp%2Fv2%2Fcomments&post=35765"}],"version-history":[{"count":3,"href":"https:\/\/hcd.malargue.gov.ar\/index.php?rest_route=\/wp\/v2\/posts\/35765\/revisions"}],"predecessor-version":[{"id":35770,"href":"https:\/\/hcd.malargue.gov.ar\/index.php?rest_route=\/wp\/v2\/posts\/35765\/revisions\/35770"}],"wp:featuredmedia":[{"embeddable":true,"href":"https:\/\/hcd.malargue.gov.ar\/index.php?rest_route=\/wp\/v2\/media\/35766"}],"wp:attachment":[{"href":"https:\/\/hcd.malargue.gov.ar\/index.php?rest_route=%2Fwp%2Fv2%2Fmedia&parent=35765"}],"wp:term":[{"taxonomy":"category","embeddable":true,"href":"https:\/\/hcd.malargue.gov.ar\/index.php?rest_route=%2Fwp%2Fv2%2Fcategories&post=35765"},{"taxonomy":"post_tag","embeddable":true,"href":"https:\/\/hcd.malargue.gov.ar\/index.php?rest_route=%2Fwp%2Fv2%2Ftags&post=35765"}],"curies":[{"name":"wp","href":"https:\/\/api.w.org\/{rel}","templated":true}]}}