{"id":35941,"date":"2024-01-10T12:11:41","date_gmt":"2024-01-10T15:11:41","guid":{"rendered":"https:\/\/hcd.malargue.gov.ar\/?p=35941"},"modified":"2024-01-10T12:12:25","modified_gmt":"2024-01-10T15:12:25","slug":"orden-del-dia-sesion-extraordinaria-aprobacion-funcionarios-nuevo-gabinete","status":"publish","type":"post","link":"https:\/\/hcd.malargue.gov.ar\/?p=35941","title":{"rendered":"ORDEN\u00a0DEL DIA SESI\u00d3N EXTRAORDINARIA- APROBACI\u00d3N FUNCIONARIOS NUEVO GABINETE"},"content":{"rendered":"<div class=\"wp-block-image\">\n<figure class=\"alignright size-full is-resized\"><a href=\"http:\/\/hcd.malargue.gov.ar\/2024\/ORDEN%20EXTRAORDINARIA%20-Aprobacion%20funcionarios%20nuevo%20Gabinete.pdf\"><img loading=\"lazy\" decoding=\"async\" width=\"512\" height=\"512\" src=\"https:\/\/hcd.malargue.gov.ar\/wp-content\/uploads\/2018\/06\/PDF-JPG.jpg\" alt=\"\" class=\"wp-image-7950\" style=\"width:119px;height:auto\" srcset=\"https:\/\/hcd.malargue.gov.ar\/wp-content\/uploads\/2018\/06\/PDF-JPG.jpg 512w, https:\/\/hcd.malargue.gov.ar\/wp-content\/uploads\/2018\/06\/PDF-JPG-150x150.jpg 150w, https:\/\/hcd.malargue.gov.ar\/wp-content\/uploads\/2018\/06\/PDF-JPG-300x300.jpg 300w\" sizes=\"auto, (max-width: 512px) 100vw, 512px\" \/><\/a><\/figure>\n<\/div>\n\n\n<h5 class=\"wp-block-heading\">D\u00eda Jueves\u00a0 11 de Enero de 2.024 \u00a0\u00a0<\/h5>\n\n\n\n<h5 class=\"wp-block-heading\">Hora: 9:00 <\/h5>\n\n\n\n<p>a) Acto de Izar la Ense\u00f1a Patria a cargo del Sr. Concejal Pablo Yamil VILLARRUEL<\/p>\n\n\n\n<p>b) Homenaje de los Se\u00f1ores concejales. &#8211;<\/p>\n\n\n\n<p>c) Expedientes provenientes del Departamento Ejecutivo:<\/p>\n\n\n\n<ol class=\"wp-block-list\">\n<li>Expte.N\u00ba100\/2024-0 Departamento Ejecutivo Intendente Municipal Celso Jaque Objeto de aprobaci\u00f3n y conformidad del HCD a las designaciones de los funcionarios que integran el nuevo Gabinete, Ley N\u00b01079 y 8706.<\/li>\n<\/ol>\n\n\n\n<p>d) Acto de arriar el Pabell\u00f3n Nacional a cargo del concejal que lo iz\u00f3. &#8211;<\/p>\n\n\n\n<p class=\"has-text-align-right\"><strong>Presidencia H.C.D.\u00a0 09 de Enero de 2024.-<\/strong><\/p>\n\n\n\n<ol class=\"wp-block-list\" style=\"list-style-type:lower-alpha\"><\/ol>\n","protected":false},"excerpt":{"rendered":"<p>D\u00eda Jueves\u00a0 11 de Enero de 2.024 \u00a0\u00a0 Hora: 9:00 a) Acto de Izar la Ense\u00f1a Patria a cargo del Sr. Concejal Pablo Yamil VILLARRUEL b) Homenaje de los Se\u00f1ores concejales. &#8211; c) Expedientes provenientes del Departamento Ejecutivo: d) Acto de arriar el Pabell\u00f3n Nacional a cargo del concejal que lo iz\u00f3. &#8211; Presidencia H.C.D.\u00a0 [&hellip;]<\/p>\n","protected":false},"author":5,"featured_media":32854,"comment_status":"closed","ping_status":"closed","sticky":false,"template":"","format":"standard","meta":{"footnotes":""},"categories":[57,52,84,33,36],"tags":[],"class_list":["post-35941","post","type-post","status-publish","format-standard","has-post-thumbnail","hentry","category-extraordinarias","category-gacetillas","category-orden-del-dia","category-prensa","category-sesiones"],"yoast_head":"<!-- This site is optimized with the Yoast SEO plugin v19.10 - https:\/\/yoast.com\/wordpress\/plugins\/seo\/ -->\n<title>ORDEN\u00a0DEL DIA SESI\u00d3N EXTRAORDINARIA- APROBACI\u00d3N FUNCIONARIOS NUEVO GABINETE - Malarg\u00fce HCD<\/title>\n<meta name=\"robots\" content=\"index, follow, max-snippet:-1, max-image-preview:large, max-video-preview:-1\" \/>\n<link rel=\"canonical\" href=\"https:\/\/hcd.malargue.gov.ar\/?p=35941\" \/>\n<meta property=\"og:locale\" content=\"es_ES\" \/>\n<meta property=\"og:type\" content=\"article\" \/>\n<meta property=\"og:title\" content=\"ORDEN\u00a0DEL DIA SESI\u00d3N EXTRAORDINARIA- APROBACI\u00d3N FUNCIONARIOS NUEVO GABINETE - Malarg\u00fce HCD\" \/>\n<meta property=\"og:description\" content=\"D\u00eda Jueves\u00a0 11 de Enero de 2.024 \u00a0\u00a0 Hora: 9:00 a) Acto de Izar la Ense\u00f1a Patria a cargo del Sr. Concejal Pablo Yamil VILLARRUEL b) Homenaje de los Se\u00f1ores concejales. &#8211; c) Expedientes provenientes del Departamento Ejecutivo: d) Acto de arriar el Pabell\u00f3n Nacional a cargo del concejal que lo iz\u00f3. &#8211; Presidencia H.C.D.\u00a0 [&hellip;]\" \/>\n<meta property=\"og:url\" content=\"https:\/\/hcd.malargue.gov.ar\/?p=35941\" \/>\n<meta property=\"og:site_name\" content=\"Malarg\u00fce HCD\" \/>\n<meta property=\"article:published_time\" content=\"2024-01-10T15:11:41+00:00\" \/>\n<meta property=\"article:modified_time\" content=\"2024-01-10T15:12:25+00:00\" \/>\n<meta property=\"og:image\" content=\"https:\/\/hcd.malargue.gov.ar\/wp-content\/uploads\/2023\/01\/sesion-extraordinaria-2023.jpg\" \/>\n\t<meta property=\"og:image:width\" content=\"1640\" \/>\n\t<meta property=\"og:image:height\" content=\"924\" \/>\n\t<meta property=\"og:image:type\" content=\"image\/jpeg\" \/>\n<meta name=\"author\" content=\"Belen Pedernera Ferragut\" \/>\n<meta name=\"twitter:card\" content=\"summary_large_image\" \/>\n<meta name=\"twitter:label1\" content=\"Escrito por\" \/>\n\t<meta name=\"twitter:data1\" content=\"Belen Pedernera Ferragut\" \/>\n<script type=\"application\/ld+json\" class=\"yoast-schema-graph\">{\"@context\":\"https:\/\/schema.org\",\"@graph\":[{\"@type\":\"WebPage\",\"@id\":\"https:\/\/hcd.malargue.gov.ar\/?p=35941\",\"url\":\"https:\/\/hcd.malargue.gov.ar\/?p=35941\",\"name\":\"ORDEN\u00a0DEL DIA SESI\u00d3N EXTRAORDINARIA- APROBACI\u00d3N FUNCIONARIOS NUEVO GABINETE - Malarg\u00fce HCD\",\"isPartOf\":{\"@id\":\"https:\/\/hcd.malargue.gov.ar\/#website\"},\"datePublished\":\"2024-01-10T15:11:41+00:00\",\"dateModified\":\"2024-01-10T15:12:25+00:00\",\"author\":{\"@id\":\"https:\/\/hcd.malargue.gov.ar\/#\/schema\/person\/3fd6bbab64edd703961b795156c955d0\"},\"breadcrumb\":{\"@id\":\"https:\/\/hcd.malargue.gov.ar\/?p=35941#breadcrumb\"},\"inLanguage\":\"es-AR\",\"potentialAction\":[{\"@type\":\"ReadAction\",\"target\":[\"https:\/\/hcd.malargue.gov.ar\/?p=35941\"]}]},{\"@type\":\"BreadcrumbList\",\"@id\":\"https:\/\/hcd.malargue.gov.ar\/?p=35941#breadcrumb\",\"itemListElement\":[{\"@type\":\"ListItem\",\"position\":1,\"name\":\"Inicio\",\"item\":\"https:\/\/hcd.malargue.gov.ar\/\"},{\"@type\":\"ListItem\",\"position\":2,\"name\":\"ORDEN\u00a0DEL DIA SESI\u00d3N EXTRAORDINARIA- APROBACI\u00d3N FUNCIONARIOS NUEVO GABINETE\"}]},{\"@type\":\"WebSite\",\"@id\":\"https:\/\/hcd.malargue.gov.ar\/#website\",\"url\":\"https:\/\/hcd.malargue.gov.ar\/\",\"name\":\"Malarg\u00fce HCD\",\"description\":\"Malarg\u00fce Mendoza Argentina\",\"potentialAction\":[{\"@type\":\"SearchAction\",\"target\":{\"@type\":\"EntryPoint\",\"urlTemplate\":\"https:\/\/hcd.malargue.gov.ar\/?s={search_term_string}\"},\"query-input\":\"required name=search_term_string\"}],\"inLanguage\":\"es-AR\"},{\"@type\":\"Person\",\"@id\":\"https:\/\/hcd.malargue.gov.ar\/#\/schema\/person\/3fd6bbab64edd703961b795156c955d0\",\"name\":\"Belen Pedernera Ferragut\",\"image\":{\"@type\":\"ImageObject\",\"inLanguage\":\"es-AR\",\"@id\":\"https:\/\/hcd.malargue.gov.ar\/#\/schema\/person\/image\/\",\"url\":\"https:\/\/secure.gravatar.com\/avatar\/1054ffab3893de4bb3eb29bdd22f7e34b8537bf5d34d9dab311818154ad5b71f?s=96&d=mm&r=g\",\"contentUrl\":\"https:\/\/secure.gravatar.com\/avatar\/1054ffab3893de4bb3eb29bdd22f7e34b8537bf5d34d9dab311818154ad5b71f?s=96&d=mm&r=g\",\"caption\":\"Belen Pedernera Ferragut\"},\"url\":\"https:\/\/hcd.malargue.gov.ar\/?author=5\"}]}<\/script>\n<!-- \/ Yoast SEO plugin. -->","yoast_head_json":{"title":"ORDEN\u00a0DEL DIA SESI\u00d3N EXTRAORDINARIA- APROBACI\u00d3N FUNCIONARIOS NUEVO GABINETE - Malarg\u00fce HCD","robots":{"index":"index","follow":"follow","max-snippet":"max-snippet:-1","max-image-preview":"max-image-preview:large","max-video-preview":"max-video-preview:-1"},"canonical":"https:\/\/hcd.malargue.gov.ar\/?p=35941","og_locale":"es_ES","og_type":"article","og_title":"ORDEN\u00a0DEL DIA SESI\u00d3N EXTRAORDINARIA- APROBACI\u00d3N FUNCIONARIOS NUEVO GABINETE - Malarg\u00fce HCD","og_description":"D\u00eda Jueves\u00a0 11 de Enero de 2.024 \u00a0\u00a0 Hora: 9:00 a) Acto de Izar la Ense\u00f1a Patria a cargo del Sr. Concejal Pablo Yamil VILLARRUEL b) Homenaje de los Se\u00f1ores concejales. &#8211; c) Expedientes provenientes del Departamento Ejecutivo: d) Acto de arriar el Pabell\u00f3n Nacional a cargo del concejal que lo iz\u00f3. &#8211; Presidencia H.C.D.\u00a0 [&hellip;]","og_url":"https:\/\/hcd.malargue.gov.ar\/?p=35941","og_site_name":"Malarg\u00fce HCD","article_published_time":"2024-01-10T15:11:41+00:00","article_modified_time":"2024-01-10T15:12:25+00:00","og_image":[{"width":1640,"height":924,"url":"https:\/\/hcd.malargue.gov.ar\/wp-content\/uploads\/2023\/01\/sesion-extraordinaria-2023.jpg","type":"image\/jpeg"}],"author":"Belen Pedernera Ferragut","twitter_card":"summary_large_image","twitter_misc":{"Escrito por":"Belen Pedernera Ferragut"},"schema":{"@context":"https:\/\/schema.org","@graph":[{"@type":"WebPage","@id":"https:\/\/hcd.malargue.gov.ar\/?p=35941","url":"https:\/\/hcd.malargue.gov.ar\/?p=35941","name":"ORDEN\u00a0DEL DIA SESI\u00d3N EXTRAORDINARIA- APROBACI\u00d3N FUNCIONARIOS NUEVO GABINETE - Malarg\u00fce HCD","isPartOf":{"@id":"https:\/\/hcd.malargue.gov.ar\/#website"},"datePublished":"2024-01-10T15:11:41+00:00","dateModified":"2024-01-10T15:12:25+00:00","author":{"@id":"https:\/\/hcd.malargue.gov.ar\/#\/schema\/person\/3fd6bbab64edd703961b795156c955d0"},"breadcrumb":{"@id":"https:\/\/hcd.malargue.gov.ar\/?p=35941#breadcrumb"},"inLanguage":"es-AR","potentialAction":[{"@type":"ReadAction","target":["https:\/\/hcd.malargue.gov.ar\/?p=35941"]}]},{"@type":"BreadcrumbList","@id":"https:\/\/hcd.malargue.gov.ar\/?p=35941#breadcrumb","itemListElement":[{"@type":"ListItem","position":1,"name":"Inicio","item":"https:\/\/hcd.malargue.gov.ar\/"},{"@type":"ListItem","position":2,"name":"ORDEN\u00a0DEL DIA SESI\u00d3N EXTRAORDINARIA- APROBACI\u00d3N FUNCIONARIOS NUEVO GABINETE"}]},{"@type":"WebSite","@id":"https:\/\/hcd.malargue.gov.ar\/#website","url":"https:\/\/hcd.malargue.gov.ar\/","name":"Malarg\u00fce HCD","description":"Malarg\u00fce Mendoza Argentina","potentialAction":[{"@type":"SearchAction","target":{"@type":"EntryPoint","urlTemplate":"https:\/\/hcd.malargue.gov.ar\/?s={search_term_string}"},"query-input":"required name=search_term_string"}],"inLanguage":"es-AR"},{"@type":"Person","@id":"https:\/\/hcd.malargue.gov.ar\/#\/schema\/person\/3fd6bbab64edd703961b795156c955d0","name":"Belen Pedernera Ferragut","image":{"@type":"ImageObject","inLanguage":"es-AR","@id":"https:\/\/hcd.malargue.gov.ar\/#\/schema\/person\/image\/","url":"https:\/\/secure.gravatar.com\/avatar\/1054ffab3893de4bb3eb29bdd22f7e34b8537bf5d34d9dab311818154ad5b71f?s=96&d=mm&r=g","contentUrl":"https:\/\/secure.gravatar.com\/avatar\/1054ffab3893de4bb3eb29bdd22f7e34b8537bf5d34d9dab311818154ad5b71f?s=96&d=mm&r=g","caption":"Belen Pedernera Ferragut"},"url":"https:\/\/hcd.malargue.gov.ar\/?author=5"}]}},"_links":{"self":[{"href":"https:\/\/hcd.malargue.gov.ar\/index.php?rest_route=\/wp\/v2\/posts\/35941","targetHints":{"allow":["GET"]}}],"collection":[{"href":"https:\/\/hcd.malargue.gov.ar\/index.php?rest_route=\/wp\/v2\/posts"}],"about":[{"href":"https:\/\/hcd.malargue.gov.ar\/index.php?rest_route=\/wp\/v2\/types\/post"}],"author":[{"embeddable":true,"href":"https:\/\/hcd.malargue.gov.ar\/index.php?rest_route=\/wp\/v2\/users\/5"}],"replies":[{"embeddable":true,"href":"https:\/\/hcd.malargue.gov.ar\/index.php?rest_route=%2Fwp%2Fv2%2Fcomments&post=35941"}],"version-history":[{"count":1,"href":"https:\/\/hcd.malargue.gov.ar\/index.php?rest_route=\/wp\/v2\/posts\/35941\/revisions"}],"predecessor-version":[{"id":35942,"href":"https:\/\/hcd.malargue.gov.ar\/index.php?rest_route=\/wp\/v2\/posts\/35941\/revisions\/35942"}],"wp:featuredmedia":[{"embeddable":true,"href":"https:\/\/hcd.malargue.gov.ar\/index.php?rest_route=\/wp\/v2\/media\/32854"}],"wp:attachment":[{"href":"https:\/\/hcd.malargue.gov.ar\/index.php?rest_route=%2Fwp%2Fv2%2Fmedia&parent=35941"}],"wp:term":[{"taxonomy":"category","embeddable":true,"href":"https:\/\/hcd.malargue.gov.ar\/index.php?rest_route=%2Fwp%2Fv2%2Fcategories&post=35941"},{"taxonomy":"post_tag","embeddable":true,"href":"https:\/\/hcd.malargue.gov.ar\/index.php?rest_route=%2Fwp%2Fv2%2Ftags&post=35941"}],"curies":[{"name":"wp","href":"https:\/\/api.w.org\/{rel}","templated":true}]}}