{"id":36000,"date":"2024-02-01T08:34:11","date_gmt":"2024-02-01T11:34:11","guid":{"rendered":"https:\/\/hcd.malargue.gov.ar\/?p=36000"},"modified":"2024-02-01T08:34:14","modified_gmt":"2024-02-01T11:34:14","slug":"el-hcd-aprobo-la-designacion-de-los-funcionarios","status":"publish","type":"post","link":"https:\/\/hcd.malargue.gov.ar\/?p=36000","title":{"rendered":"EL HCD APROB\u00d3 LA DESIGNACI\u00d3N DE LOS FUNCIONARIOS"},"content":{"rendered":"\n<p><em>Luego de que los Ediles en Comisi\u00f3n analizar\u00e1n la documentaci\u00f3n presentada por los Funcionarios, finaliz\u00f3 la Sesi\u00f3n Extraodrinaria y se aprob\u00f3 una Ordenanza que designa a la Contadora Paula Rodr\u00edguez de Sosa como Contadora General y el Dr. Fernando Marchetti como Asesor Letrado del Municipio.-<\/em><\/p>\n\n\n\n<h5 class=\"wp-block-heading has-text-align-right\">SESI\u00d3N EXTRAORDINARIA\u2013\u00a0 11 de enero del 2024<\/h5>\n\n\n\n<h5 class=\"wp-block-heading has-text-align-right\">Presidiendo la Sesi\u00f3n:&nbsp;&nbsp;Concejal Rodrigo Hidalgo (Bloque Partido Justicialista)<\/h5>\n\n\n\n<h5 class=\"wp-block-heading has-text-align-right\">Concejales Presentes: Viviana Mosca (Bloque Frente Cambia Mendoza), Magali Acosta, Pablo Cabrera, Emilce Mansilla (Bloque Partido Justicialista), Elizabeth Gonz\u00e1lez (Bloque Uni\u00f3n Mendocina), Francisco Parada (Bloque Encuentro).<\/h5>\n\n\n\n<p>A las 10:30 hs de este mi\u00e9rcoles 31 de enero, finaliz\u00f3 el<a href=\"https:\/\/hcd.malargue.gov.ar\/?p=35941\"> Orden del Dia de la Sesi\u00f3n Extraordinaria.<\/a><\/p>\n\n\n\n<p><a href=\"https:\/\/hcd.malargue.gov.ar\/?p=35943\">Luego de que el Cuerpo se constituyera en Comisi\u00f3n<\/a> para el tratamiento del <strong><em>Expte.N\u00ba100\/2024-0 Departamento Ejecutivo Intendente Municipal Celso Jaque Objeto de aprobaci\u00f3n y conformidad del HCD a las designaciones de los funcionarios que integran el nuevo Gabinete, Ley N\u00b01079 y 8706<\/em><\/strong>, los Ediles aprobaron de forma un\u00e1nime por los presentes la designaci\u00f3n de los Funcionarios.-<\/p>\n\n\n\n<p class=\"has-text-align-center\"><strong>MIRA LA SESI\u00d3N EN VIVO:<\/strong> <a href=\"https:\/\/www.youtube.com\/live\/i7eCYAhkgbY?feature=shared\">https:\/\/www.youtube.com\/live\/i7eCYAhkgbY?feature=shared<\/a><\/p>\n\n\n\n<p class=\"has-text-align-center\"><strong><a href=\"https:\/\/www.facebook.com\/photo\/?fbid=701220555517169&amp;set=pcb.701220705517154\">GALER\u00cdA DE FOTOS<\/a><\/strong><\/p>\n","protected":false},"excerpt":{"rendered":"<p>Luego de que los Ediles en Comisi\u00f3n analizar\u00e1n la documentaci\u00f3n presentada por los Funcionarios, finaliz\u00f3 la Sesi\u00f3n Extraodrinaria y se aprob\u00f3 una Ordenanza que designa a la Contadora Paula Rodr\u00edguez de Sosa como Contadora General y el Dr. Fernando Marchetti como Asesor Letrado del Municipio.- SESI\u00d3N EXTRAORDINARIA\u2013\u00a0 11 de enero del 2024 Presidiendo la Sesi\u00f3n:&nbsp;&nbsp;Concejal [&hellip;]<\/p>\n","protected":false},"author":5,"featured_media":36001,"comment_status":"closed","ping_status":"closed","sticky":false,"template":"","format":"standard","meta":{"footnotes":""},"categories":[57,52,33,36],"tags":[],"class_list":["post-36000","post","type-post","status-publish","format-standard","has-post-thumbnail","hentry","category-extraordinarias","category-gacetillas","category-prensa","category-sesiones"],"yoast_head":"<!-- This site is optimized with the Yoast SEO plugin v19.10 - https:\/\/yoast.com\/wordpress\/plugins\/seo\/ -->\n<title>EL HCD APROB\u00d3 LA DESIGNACI\u00d3N DE LOS FUNCIONARIOS - Malarg\u00fce HCD<\/title>\n<meta name=\"robots\" content=\"index, follow, max-snippet:-1, max-image-preview:large, max-video-preview:-1\" \/>\n<link rel=\"canonical\" href=\"https:\/\/hcd.malargue.gov.ar\/?p=36000\" \/>\n<meta property=\"og:locale\" content=\"es_ES\" \/>\n<meta property=\"og:type\" content=\"article\" \/>\n<meta property=\"og:title\" content=\"EL HCD APROB\u00d3 LA DESIGNACI\u00d3N DE LOS FUNCIONARIOS - Malarg\u00fce HCD\" \/>\n<meta property=\"og:description\" content=\"Luego de que los Ediles en Comisi\u00f3n analizar\u00e1n la documentaci\u00f3n presentada por los Funcionarios, finaliz\u00f3 la Sesi\u00f3n Extraodrinaria y se aprob\u00f3 una Ordenanza que designa a la Contadora Paula Rodr\u00edguez de Sosa como Contadora General y el Dr. Fernando Marchetti como Asesor Letrado del Municipio.- SESI\u00d3N EXTRAORDINARIA\u2013\u00a0 11 de enero del 2024 Presidiendo la Sesi\u00f3n:&nbsp;&nbsp;Concejal [&hellip;]\" \/>\n<meta property=\"og:url\" content=\"https:\/\/hcd.malargue.gov.ar\/?p=36000\" \/>\n<meta property=\"og:site_name\" content=\"Malarg\u00fce HCD\" \/>\n<meta property=\"article:published_time\" content=\"2024-02-01T11:34:11+00:00\" \/>\n<meta property=\"article:modified_time\" content=\"2024-02-01T11:34:14+00:00\" \/>\n<meta property=\"og:image\" content=\"https:\/\/hcd.malargue.gov.ar\/wp-content\/uploads\/2024\/02\/425364979_701220735517151_4708817446958528734_n.jpg\" \/>\n\t<meta property=\"og:image:width\" content=\"2048\" \/>\n\t<meta property=\"og:image:height\" content=\"1226\" \/>\n\t<meta property=\"og:image:type\" content=\"image\/jpeg\" \/>\n<meta name=\"author\" content=\"Belen Pedernera Ferragut\" \/>\n<meta name=\"twitter:card\" content=\"summary_large_image\" \/>\n<meta name=\"twitter:label1\" content=\"Escrito por\" \/>\n\t<meta name=\"twitter:data1\" content=\"Belen Pedernera Ferragut\" \/>\n\t<meta name=\"twitter:label2\" content=\"Tiempo de lectura\" \/>\n\t<meta name=\"twitter:data2\" content=\"1 minuto\" \/>\n<script type=\"application\/ld+json\" class=\"yoast-schema-graph\">{\"@context\":\"https:\/\/schema.org\",\"@graph\":[{\"@type\":\"WebPage\",\"@id\":\"https:\/\/hcd.malargue.gov.ar\/?p=36000\",\"url\":\"https:\/\/hcd.malargue.gov.ar\/?p=36000\",\"name\":\"EL HCD APROB\u00d3 LA DESIGNACI\u00d3N DE LOS FUNCIONARIOS - Malarg\u00fce HCD\",\"isPartOf\":{\"@id\":\"https:\/\/hcd.malargue.gov.ar\/#website\"},\"datePublished\":\"2024-02-01T11:34:11+00:00\",\"dateModified\":\"2024-02-01T11:34:14+00:00\",\"author\":{\"@id\":\"https:\/\/hcd.malargue.gov.ar\/#\/schema\/person\/3fd6bbab64edd703961b795156c955d0\"},\"breadcrumb\":{\"@id\":\"https:\/\/hcd.malargue.gov.ar\/?p=36000#breadcrumb\"},\"inLanguage\":\"es-AR\",\"potentialAction\":[{\"@type\":\"ReadAction\",\"target\":[\"https:\/\/hcd.malargue.gov.ar\/?p=36000\"]}]},{\"@type\":\"BreadcrumbList\",\"@id\":\"https:\/\/hcd.malargue.gov.ar\/?p=36000#breadcrumb\",\"itemListElement\":[{\"@type\":\"ListItem\",\"position\":1,\"name\":\"Inicio\",\"item\":\"https:\/\/hcd.malargue.gov.ar\/\"},{\"@type\":\"ListItem\",\"position\":2,\"name\":\"EL HCD APROB\u00d3 LA DESIGNACI\u00d3N DE LOS FUNCIONARIOS\"}]},{\"@type\":\"WebSite\",\"@id\":\"https:\/\/hcd.malargue.gov.ar\/#website\",\"url\":\"https:\/\/hcd.malargue.gov.ar\/\",\"name\":\"Malarg\u00fce HCD\",\"description\":\"Malarg\u00fce Mendoza Argentina\",\"potentialAction\":[{\"@type\":\"SearchAction\",\"target\":{\"@type\":\"EntryPoint\",\"urlTemplate\":\"https:\/\/hcd.malargue.gov.ar\/?s={search_term_string}\"},\"query-input\":\"required name=search_term_string\"}],\"inLanguage\":\"es-AR\"},{\"@type\":\"Person\",\"@id\":\"https:\/\/hcd.malargue.gov.ar\/#\/schema\/person\/3fd6bbab64edd703961b795156c955d0\",\"name\":\"Belen Pedernera Ferragut\",\"image\":{\"@type\":\"ImageObject\",\"inLanguage\":\"es-AR\",\"@id\":\"https:\/\/hcd.malargue.gov.ar\/#\/schema\/person\/image\/\",\"url\":\"https:\/\/secure.gravatar.com\/avatar\/1054ffab3893de4bb3eb29bdd22f7e34b8537bf5d34d9dab311818154ad5b71f?s=96&d=mm&r=g\",\"contentUrl\":\"https:\/\/secure.gravatar.com\/avatar\/1054ffab3893de4bb3eb29bdd22f7e34b8537bf5d34d9dab311818154ad5b71f?s=96&d=mm&r=g\",\"caption\":\"Belen Pedernera Ferragut\"},\"url\":\"https:\/\/hcd.malargue.gov.ar\/?author=5\"}]}<\/script>\n<!-- \/ Yoast SEO plugin. -->","yoast_head_json":{"title":"EL HCD APROB\u00d3 LA DESIGNACI\u00d3N DE LOS FUNCIONARIOS - Malarg\u00fce HCD","robots":{"index":"index","follow":"follow","max-snippet":"max-snippet:-1","max-image-preview":"max-image-preview:large","max-video-preview":"max-video-preview:-1"},"canonical":"https:\/\/hcd.malargue.gov.ar\/?p=36000","og_locale":"es_ES","og_type":"article","og_title":"EL HCD APROB\u00d3 LA DESIGNACI\u00d3N DE LOS FUNCIONARIOS - Malarg\u00fce HCD","og_description":"Luego de que los Ediles en Comisi\u00f3n analizar\u00e1n la documentaci\u00f3n presentada por los Funcionarios, finaliz\u00f3 la Sesi\u00f3n Extraodrinaria y se aprob\u00f3 una Ordenanza que designa a la Contadora Paula Rodr\u00edguez de Sosa como Contadora General y el Dr. Fernando Marchetti como Asesor Letrado del Municipio.- SESI\u00d3N EXTRAORDINARIA\u2013\u00a0 11 de enero del 2024 Presidiendo la Sesi\u00f3n:&nbsp;&nbsp;Concejal [&hellip;]","og_url":"https:\/\/hcd.malargue.gov.ar\/?p=36000","og_site_name":"Malarg\u00fce HCD","article_published_time":"2024-02-01T11:34:11+00:00","article_modified_time":"2024-02-01T11:34:14+00:00","og_image":[{"width":2048,"height":1226,"url":"https:\/\/hcd.malargue.gov.ar\/wp-content\/uploads\/2024\/02\/425364979_701220735517151_4708817446958528734_n.jpg","type":"image\/jpeg"}],"author":"Belen Pedernera Ferragut","twitter_card":"summary_large_image","twitter_misc":{"Escrito por":"Belen Pedernera Ferragut","Tiempo de lectura":"1 minuto"},"schema":{"@context":"https:\/\/schema.org","@graph":[{"@type":"WebPage","@id":"https:\/\/hcd.malargue.gov.ar\/?p=36000","url":"https:\/\/hcd.malargue.gov.ar\/?p=36000","name":"EL HCD APROB\u00d3 LA DESIGNACI\u00d3N DE LOS FUNCIONARIOS - Malarg\u00fce HCD","isPartOf":{"@id":"https:\/\/hcd.malargue.gov.ar\/#website"},"datePublished":"2024-02-01T11:34:11+00:00","dateModified":"2024-02-01T11:34:14+00:00","author":{"@id":"https:\/\/hcd.malargue.gov.ar\/#\/schema\/person\/3fd6bbab64edd703961b795156c955d0"},"breadcrumb":{"@id":"https:\/\/hcd.malargue.gov.ar\/?p=36000#breadcrumb"},"inLanguage":"es-AR","potentialAction":[{"@type":"ReadAction","target":["https:\/\/hcd.malargue.gov.ar\/?p=36000"]}]},{"@type":"BreadcrumbList","@id":"https:\/\/hcd.malargue.gov.ar\/?p=36000#breadcrumb","itemListElement":[{"@type":"ListItem","position":1,"name":"Inicio","item":"https:\/\/hcd.malargue.gov.ar\/"},{"@type":"ListItem","position":2,"name":"EL HCD APROB\u00d3 LA DESIGNACI\u00d3N DE LOS FUNCIONARIOS"}]},{"@type":"WebSite","@id":"https:\/\/hcd.malargue.gov.ar\/#website","url":"https:\/\/hcd.malargue.gov.ar\/","name":"Malarg\u00fce HCD","description":"Malarg\u00fce Mendoza Argentina","potentialAction":[{"@type":"SearchAction","target":{"@type":"EntryPoint","urlTemplate":"https:\/\/hcd.malargue.gov.ar\/?s={search_term_string}"},"query-input":"required name=search_term_string"}],"inLanguage":"es-AR"},{"@type":"Person","@id":"https:\/\/hcd.malargue.gov.ar\/#\/schema\/person\/3fd6bbab64edd703961b795156c955d0","name":"Belen Pedernera Ferragut","image":{"@type":"ImageObject","inLanguage":"es-AR","@id":"https:\/\/hcd.malargue.gov.ar\/#\/schema\/person\/image\/","url":"https:\/\/secure.gravatar.com\/avatar\/1054ffab3893de4bb3eb29bdd22f7e34b8537bf5d34d9dab311818154ad5b71f?s=96&d=mm&r=g","contentUrl":"https:\/\/secure.gravatar.com\/avatar\/1054ffab3893de4bb3eb29bdd22f7e34b8537bf5d34d9dab311818154ad5b71f?s=96&d=mm&r=g","caption":"Belen Pedernera Ferragut"},"url":"https:\/\/hcd.malargue.gov.ar\/?author=5"}]}},"_links":{"self":[{"href":"https:\/\/hcd.malargue.gov.ar\/index.php?rest_route=\/wp\/v2\/posts\/36000","targetHints":{"allow":["GET"]}}],"collection":[{"href":"https:\/\/hcd.malargue.gov.ar\/index.php?rest_route=\/wp\/v2\/posts"}],"about":[{"href":"https:\/\/hcd.malargue.gov.ar\/index.php?rest_route=\/wp\/v2\/types\/post"}],"author":[{"embeddable":true,"href":"https:\/\/hcd.malargue.gov.ar\/index.php?rest_route=\/wp\/v2\/users\/5"}],"replies":[{"embeddable":true,"href":"https:\/\/hcd.malargue.gov.ar\/index.php?rest_route=%2Fwp%2Fv2%2Fcomments&post=36000"}],"version-history":[{"count":1,"href":"https:\/\/hcd.malargue.gov.ar\/index.php?rest_route=\/wp\/v2\/posts\/36000\/revisions"}],"predecessor-version":[{"id":36002,"href":"https:\/\/hcd.malargue.gov.ar\/index.php?rest_route=\/wp\/v2\/posts\/36000\/revisions\/36002"}],"wp:featuredmedia":[{"embeddable":true,"href":"https:\/\/hcd.malargue.gov.ar\/index.php?rest_route=\/wp\/v2\/media\/36001"}],"wp:attachment":[{"href":"https:\/\/hcd.malargue.gov.ar\/index.php?rest_route=%2Fwp%2Fv2%2Fmedia&parent=36000"}],"wp:term":[{"taxonomy":"category","embeddable":true,"href":"https:\/\/hcd.malargue.gov.ar\/index.php?rest_route=%2Fwp%2Fv2%2Fcategories&post=36000"},{"taxonomy":"post_tag","embeddable":true,"href":"https:\/\/hcd.malargue.gov.ar\/index.php?rest_route=%2Fwp%2Fv2%2Ftags&post=36000"}],"curies":[{"name":"wp","href":"https:\/\/api.w.org\/{rel}","templated":true}]}}