{"id":36190,"date":"2024-02-22T12:16:56","date_gmt":"2024-02-22T15:16:56","guid":{"rendered":"https:\/\/hcd.malargue.gov.ar\/?p=36190"},"modified":"2024-02-22T12:18:09","modified_gmt":"2024-02-22T15:18:09","slug":"acta-sesion-especial-n-02-e-15-02-2024","status":"publish","type":"post","link":"https:\/\/hcd.malargue.gov.ar\/?p=36190","title":{"rendered":"ACTA SESI\u00d3N ESPECIAL N\u00b0 02 -\u201cE\u201d-15\/02\/2024"},"content":{"rendered":"<div class=\"wp-block-image\">\n<figure class=\"alignright size-full is-resized\"><img loading=\"lazy\" decoding=\"async\" width=\"512\" height=\"512\" src=\"https:\/\/hcd.malargue.gov.ar\/wp-content\/uploads\/2018\/06\/PDF-JPG.jpg\" alt=\"\" class=\"wp-image-7950\" style=\"width:131px;height:auto\" srcset=\"https:\/\/hcd.malargue.gov.ar\/wp-content\/uploads\/2018\/06\/PDF-JPG.jpg 512w, https:\/\/hcd.malargue.gov.ar\/wp-content\/uploads\/2018\/06\/PDF-JPG-150x150.jpg 150w, https:\/\/hcd.malargue.gov.ar\/wp-content\/uploads\/2018\/06\/PDF-JPG-300x300.jpg 300w\" sizes=\"auto, (max-width: 512px) 100vw, 512px\" \/><\/figure>\n<\/div>\n\n\n<p>En Malarg\u00fce Mendoza a Quince d\u00edas de Febrero cuando es la hora 09:29\u00a0\u00a0 se re\u00fane el Honorable Concejo  Deliberante de la Municipalidad de Malarg\u00fce\u00a0 para celebrar una\u00a0 Sesi\u00f3n Especial . Bajo la Presidencia de su titular Concejal Rodrigo Emanuel HIDALGO y la presencia de los se\u00f1ores concejales Mosca, Villarruel, Gonz\u00e1lez, Camiolo, Mansilla, Acosta y Cabrera. \/. PRESIDENCIA manifiesta que en primer lugar quiero mandar mis condolencias a la familia del Concejal Parada , por el fallecimiento de su cu\u00f1ada, solo eso hacer p\u00fablico en nombre m\u00edo y en nombre de todo el Concejo Deliberante, las condolencias a toda la familia. \/ Para dar comienzo al desarrollo del Orden de D\u00eda se invita a la concejal Ana Silvina CAMIOLO \u00a0\u00a0\u00a0a izar la Ense\u00f1a Patria. \/ b) Lectura y consideraci\u00f3n de la Resoluci\u00f3n de Presidencia N\u00b012\/2024 Se da lectura por Secretar\u00eda y se pone a consideraci\u00f3n de los se\u00f1ores ediles y es aprobada. \/Por Secretaria se da lectura a la nota enviada por el Bloque Encuentro informando las razones de ausencia del concejal Francisco\u00a0\u00a0 Parada. \/\/ c) Nota HC 68-2024\u00a0\u00a0 concejales Magal\u00ed Acosta, Elizabeth Gonz\u00e1lez, Emilce Mansilla, y\u00a0 Silvina Camiolo\u00a0 solicitan tratamiento modificaci\u00f3n\u00a0 Ordenanza 2258\/23 Emergencia Ambiental ( Art\u00edculo 5). \/ Se da lectura por Secretar\u00eda. \/ Solicita la palaba la \u00a0concejal ACOSTA y solicita que el Cuerpo de Constituya en Comisi\u00f3n. Moci\u00f3n que es aprobada cuando es la hora 09:28 \/\u00a0 Se pone a consideraci\u00f3n la moci\u00f3n y es aprobada. A las 09:23 sale el Cuerpo de comisi\u00f3n. Se da lectura l despacho emitido por el Cuerpo en Comisi\u00f3n : En el mismo el Cuerpo\u00a0 dispone:\u00a0 la aprobaci\u00f3n de una Ordenanza mediante la cual se\u00a0 establece: Art\u00edculo 1\u00b0:\u00a0 Modif\u00edquese el Art\u00edculo N\u00b05\u00a0 de la Ordenanza N\u00b02.258\/2023\u00a0 el que quedar\u00e1 redactado de la siguiente forma: <strong>Art\u00edculo 5\u00b0: El incumplimiento a las prohibiciones establecidas\u00a0 en los Art\u00edculos N\u00b0 3 y N\u00b0 4\u00a0 ser\u00e1 sancionado con multa , cuyo valor ser\u00e1,\u00a0 de DIEZ MIL UNIDADES CONTRAVENCIONALES,\u00a0 sin perjuicio de las dem\u00e1s\u00a0 sanciones que pudieran corresponder, por la transgresi\u00f3n a toda\u00a0 otra Ordenanza Municipal, . El valor de la unidad contravencional, ser\u00e1 establecido trimestralmente mediante Decreto del Departamento Ejecutivo, actualizado por el \u00edndice\u00a0 de precios al consumidor\u00a0 de la Provincia de\u00a0 Mendoza,\u00a0 para el per\u00edodo en curso\u00a0 establ\u00e9cese\u00a0 el valor de cada unidad\u00a0 en $50 (cincuenta pesos argentinos) \/<\/strong> Art. 2\u00b0 De forma. \u00a0\/\/\u00a0 Solicita la palabra la concejal CAMIOLO\u00a0 quien expresa justificando que hayamos concurrido a una sesi\u00f3n especial, en medio del per\u00edodo extraordinario, es que siempre decimos que las leyes y las ordenanzas no son perfectas pero s\u00ed perfectibles, y cuando se trabaja de manera ordenada,\u00a0 organizada y en equipo como\u00a0 se ha podido hacer en esta modificaci\u00f3n , es que uno puede darse cuenta de que quiz\u00e1s errores involuntarios que se cometieron en la redacci\u00f3n de la Declaraci\u00f3n de la Emergencia Ambiental, y ten\u00edan que ver con la falta de claridad respecto a las sanciones , algo sumamente importante, es por ese motivo que se solicit\u00f3 y que fuera de manera urgente la convocatoria para que la sanci\u00f3n quede m\u00e1s que clara, que quede clara para el ciudadano,\u00a0 que quede clara para el vecino pero tambi\u00e9n para el ente ejecutivo que es quien va a llevar adelante no solo los controles sino tambi\u00e9n las medidas de correcci\u00f3n, esa falta de claridad que nos falt\u00f3 y que asumimos obviamente esta equivocaci\u00f3n es que hemos intentado y por eso convocamos a Sesi\u00f3n Especial cumpliendo con todos los lineamientos del reglamento y de las disposiciones de la 1079 para llevarlo adelante . estamos justificando adem\u00e1s nosotros la necesidad imperiosa de dar correcci\u00f3n a este art\u00edculo Quinto, sino tambi\u00e9n de poder, acompa\u00f1ar lo que fue la emergencia ambiental, en un todo, que no es solamente dar herramientas al Ejecutivo sino tambi\u00e9n generar conciencia a los vecinos, queremos que la multa y la sanci\u00f3n sea realmente \u00a0el \u00faltimo caso, pero lamentablemente a veces como hijos del rigor aprendemos a los ponchazos como dir\u00eda mi abuela, y necesitamos tener la herramienta, clarificada vuelvo a decir no solo para los vecinos sino tambi\u00e9n para el Ejecutivo y es lo que hemos hecho en el llamado y convocatoria a\u00a0 Sesi\u00f3n. Cumplimos con el procedimiento tambi\u00e9n de firmar \u00a0la solicitud m\u00e1s de tres concejales, solicitarlo por Presidencia mediante una resoluci\u00f3n que fue puesta a consideraci\u00f3n, por el cuerpo, y a partid de ah\u00ed, logramos esta pieza legal, en una sesi\u00f3n especial. Cuando se ponga a consideraci\u00f3n obviamente de los concejales, justificado obviamente el pedido esperamos que toda la ciudadan\u00eda tome conciencia, de la salud del ambiente y en la salud de todos y cada uno de nosotros. Tenemos que bregar porque as\u00ed sea. \/ PRESIDENCIA dice Gracias concejal Camiolo por dar claridad a los vecinos y por el mensaje que les ha enviado.\u00a0 Ponemos a consideraci\u00f3n el Despacho \u00a0del Cuerpo en comisi\u00f3n. \u00a0y es aprobado por unanimidad. \/ \u00a0\u00a0\/ d) Acto de arriar el Pabell\u00f3n Nacional a cargo dela \u00a0\u00a0Concejal que lo iz\u00f3, para lo cual se invita a la \u00a0\u00a0\u00a0concejal \u00a0\u00a0Silvina CAMIOLO . \/ Cuando es la hora 09:39 se da por terminada la Sesi\u00f3n. \/\/ Previa lectura y consideraci\u00f3n de lo que antecede firman las presentes actuaciones, el Se\u00f1or Presidente y la Se\u00f1ora Secretaria del Honorable Concejo Deliberante de la Municipalidad de Malarg\u00fce. \/\/ \u00a0<\/p>\n","protected":false},"excerpt":{"rendered":"<p>En Malarg\u00fce Mendoza a Quince d\u00edas de Febrero cuando es la hora 09:29\u00a0\u00a0 se re\u00fane el Honorable Concejo Deliberante de la Municipalidad de Malarg\u00fce\u00a0 para celebrar una\u00a0 Sesi\u00f3n Especial . Bajo la Presidencia de su titular Concejal Rodrigo Emanuel HIDALGO y la presencia de los se\u00f1ores concejales Mosca, Villarruel, Gonz\u00e1lez, Camiolo, Mansilla, Acosta y Cabrera. [&hellip;]<\/p>\n","protected":false},"author":5,"featured_media":33337,"comment_status":"closed","ping_status":"closed","sticky":false,"template":"","format":"standard","meta":{"footnotes":""},"categories":[60,52,33],"tags":[],"class_list":["post-36190","post","type-post","status-publish","format-standard","has-post-thumbnail","hentry","category-acta-de-sesiones","category-gacetillas","category-prensa"],"yoast_head":"<!-- This site is optimized with the Yoast SEO plugin v19.10 - https:\/\/yoast.com\/wordpress\/plugins\/seo\/ -->\n<title>ACTA SESI\u00d3N ESPECIAL N\u00b0 02 -\u201cE\u201d-15\/02\/2024 - Malarg\u00fce HCD<\/title>\n<meta name=\"robots\" content=\"index, follow, max-snippet:-1, max-image-preview:large, max-video-preview:-1\" \/>\n<link rel=\"canonical\" href=\"https:\/\/hcd.malargue.gov.ar\/?p=36190\" \/>\n<meta property=\"og:locale\" content=\"es_ES\" \/>\n<meta property=\"og:type\" content=\"article\" \/>\n<meta property=\"og:title\" content=\"ACTA SESI\u00d3N ESPECIAL N\u00b0 02 -\u201cE\u201d-15\/02\/2024 - Malarg\u00fce HCD\" \/>\n<meta property=\"og:description\" content=\"En Malarg\u00fce Mendoza a Quince d\u00edas de Febrero cuando es la hora 09:29\u00a0\u00a0 se re\u00fane el Honorable Concejo Deliberante de la Municipalidad de Malarg\u00fce\u00a0 para celebrar una\u00a0 Sesi\u00f3n Especial . Bajo la Presidencia de su titular Concejal Rodrigo Emanuel HIDALGO y la presencia de los se\u00f1ores concejales Mosca, Villarruel, Gonz\u00e1lez, Camiolo, Mansilla, Acosta y Cabrera. [&hellip;]\" \/>\n<meta property=\"og:url\" content=\"https:\/\/hcd.malargue.gov.ar\/?p=36190\" \/>\n<meta property=\"og:site_name\" content=\"Malarg\u00fce HCD\" \/>\n<meta property=\"article:published_time\" content=\"2024-02-22T15:16:56+00:00\" \/>\n<meta property=\"article:modified_time\" content=\"2024-02-22T15:18:09+00:00\" \/>\n<meta property=\"og:image\" content=\"https:\/\/hcd.malargue.gov.ar\/wp-content\/uploads\/2023\/03\/actas-sesiones.jpg\" \/>\n\t<meta property=\"og:image:width\" content=\"1640\" \/>\n\t<meta property=\"og:image:height\" content=\"924\" \/>\n\t<meta property=\"og:image:type\" content=\"image\/jpeg\" \/>\n<meta name=\"author\" content=\"Belen Pedernera Ferragut\" \/>\n<meta name=\"twitter:card\" content=\"summary_large_image\" \/>\n<meta name=\"twitter:label1\" content=\"Escrito por\" \/>\n\t<meta name=\"twitter:data1\" content=\"Belen Pedernera Ferragut\" \/>\n\t<meta name=\"twitter:label2\" content=\"Tiempo de lectura\" \/>\n\t<meta name=\"twitter:data2\" content=\"5 minutos\" \/>\n<script type=\"application\/ld+json\" class=\"yoast-schema-graph\">{\"@context\":\"https:\/\/schema.org\",\"@graph\":[{\"@type\":\"WebPage\",\"@id\":\"https:\/\/hcd.malargue.gov.ar\/?p=36190\",\"url\":\"https:\/\/hcd.malargue.gov.ar\/?p=36190\",\"name\":\"ACTA SESI\u00d3N ESPECIAL N\u00b0 02 -\u201cE\u201d-15\/02\/2024 - Malarg\u00fce HCD\",\"isPartOf\":{\"@id\":\"https:\/\/hcd.malargue.gov.ar\/#website\"},\"datePublished\":\"2024-02-22T15:16:56+00:00\",\"dateModified\":\"2024-02-22T15:18:09+00:00\",\"author\":{\"@id\":\"https:\/\/hcd.malargue.gov.ar\/#\/schema\/person\/3fd6bbab64edd703961b795156c955d0\"},\"breadcrumb\":{\"@id\":\"https:\/\/hcd.malargue.gov.ar\/?p=36190#breadcrumb\"},\"inLanguage\":\"es-AR\",\"potentialAction\":[{\"@type\":\"ReadAction\",\"target\":[\"https:\/\/hcd.malargue.gov.ar\/?p=36190\"]}]},{\"@type\":\"BreadcrumbList\",\"@id\":\"https:\/\/hcd.malargue.gov.ar\/?p=36190#breadcrumb\",\"itemListElement\":[{\"@type\":\"ListItem\",\"position\":1,\"name\":\"Inicio\",\"item\":\"https:\/\/hcd.malargue.gov.ar\/\"},{\"@type\":\"ListItem\",\"position\":2,\"name\":\"ACTA SESI\u00d3N ESPECIAL N\u00b0 02 -\u201cE\u201d-15\/02\/2024\"}]},{\"@type\":\"WebSite\",\"@id\":\"https:\/\/hcd.malargue.gov.ar\/#website\",\"url\":\"https:\/\/hcd.malargue.gov.ar\/\",\"name\":\"Malarg\u00fce HCD\",\"description\":\"Malarg\u00fce Mendoza Argentina\",\"potentialAction\":[{\"@type\":\"SearchAction\",\"target\":{\"@type\":\"EntryPoint\",\"urlTemplate\":\"https:\/\/hcd.malargue.gov.ar\/?s={search_term_string}\"},\"query-input\":\"required name=search_term_string\"}],\"inLanguage\":\"es-AR\"},{\"@type\":\"Person\",\"@id\":\"https:\/\/hcd.malargue.gov.ar\/#\/schema\/person\/3fd6bbab64edd703961b795156c955d0\",\"name\":\"Belen Pedernera Ferragut\",\"image\":{\"@type\":\"ImageObject\",\"inLanguage\":\"es-AR\",\"@id\":\"https:\/\/hcd.malargue.gov.ar\/#\/schema\/person\/image\/\",\"url\":\"https:\/\/secure.gravatar.com\/avatar\/1054ffab3893de4bb3eb29bdd22f7e34b8537bf5d34d9dab311818154ad5b71f?s=96&d=mm&r=g\",\"contentUrl\":\"https:\/\/secure.gravatar.com\/avatar\/1054ffab3893de4bb3eb29bdd22f7e34b8537bf5d34d9dab311818154ad5b71f?s=96&d=mm&r=g\",\"caption\":\"Belen Pedernera Ferragut\"},\"url\":\"https:\/\/hcd.malargue.gov.ar\/?author=5\"}]}<\/script>\n<!-- \/ Yoast SEO plugin. -->","yoast_head_json":{"title":"ACTA SESI\u00d3N ESPECIAL N\u00b0 02 -\u201cE\u201d-15\/02\/2024 - Malarg\u00fce HCD","robots":{"index":"index","follow":"follow","max-snippet":"max-snippet:-1","max-image-preview":"max-image-preview:large","max-video-preview":"max-video-preview:-1"},"canonical":"https:\/\/hcd.malargue.gov.ar\/?p=36190","og_locale":"es_ES","og_type":"article","og_title":"ACTA SESI\u00d3N ESPECIAL N\u00b0 02 -\u201cE\u201d-15\/02\/2024 - Malarg\u00fce HCD","og_description":"En Malarg\u00fce Mendoza a Quince d\u00edas de Febrero cuando es la hora 09:29\u00a0\u00a0 se re\u00fane el Honorable Concejo Deliberante de la Municipalidad de Malarg\u00fce\u00a0 para celebrar una\u00a0 Sesi\u00f3n Especial . Bajo la Presidencia de su titular Concejal Rodrigo Emanuel HIDALGO y la presencia de los se\u00f1ores concejales Mosca, Villarruel, Gonz\u00e1lez, Camiolo, Mansilla, Acosta y Cabrera. [&hellip;]","og_url":"https:\/\/hcd.malargue.gov.ar\/?p=36190","og_site_name":"Malarg\u00fce HCD","article_published_time":"2024-02-22T15:16:56+00:00","article_modified_time":"2024-02-22T15:18:09+00:00","og_image":[{"width":1640,"height":924,"url":"https:\/\/hcd.malargue.gov.ar\/wp-content\/uploads\/2023\/03\/actas-sesiones.jpg","type":"image\/jpeg"}],"author":"Belen Pedernera Ferragut","twitter_card":"summary_large_image","twitter_misc":{"Escrito por":"Belen Pedernera Ferragut","Tiempo de lectura":"5 minutos"},"schema":{"@context":"https:\/\/schema.org","@graph":[{"@type":"WebPage","@id":"https:\/\/hcd.malargue.gov.ar\/?p=36190","url":"https:\/\/hcd.malargue.gov.ar\/?p=36190","name":"ACTA SESI\u00d3N ESPECIAL N\u00b0 02 -\u201cE\u201d-15\/02\/2024 - Malarg\u00fce HCD","isPartOf":{"@id":"https:\/\/hcd.malargue.gov.ar\/#website"},"datePublished":"2024-02-22T15:16:56+00:00","dateModified":"2024-02-22T15:18:09+00:00","author":{"@id":"https:\/\/hcd.malargue.gov.ar\/#\/schema\/person\/3fd6bbab64edd703961b795156c955d0"},"breadcrumb":{"@id":"https:\/\/hcd.malargue.gov.ar\/?p=36190#breadcrumb"},"inLanguage":"es-AR","potentialAction":[{"@type":"ReadAction","target":["https:\/\/hcd.malargue.gov.ar\/?p=36190"]}]},{"@type":"BreadcrumbList","@id":"https:\/\/hcd.malargue.gov.ar\/?p=36190#breadcrumb","itemListElement":[{"@type":"ListItem","position":1,"name":"Inicio","item":"https:\/\/hcd.malargue.gov.ar\/"},{"@type":"ListItem","position":2,"name":"ACTA SESI\u00d3N ESPECIAL N\u00b0 02 -\u201cE\u201d-15\/02\/2024"}]},{"@type":"WebSite","@id":"https:\/\/hcd.malargue.gov.ar\/#website","url":"https:\/\/hcd.malargue.gov.ar\/","name":"Malarg\u00fce HCD","description":"Malarg\u00fce Mendoza Argentina","potentialAction":[{"@type":"SearchAction","target":{"@type":"EntryPoint","urlTemplate":"https:\/\/hcd.malargue.gov.ar\/?s={search_term_string}"},"query-input":"required name=search_term_string"}],"inLanguage":"es-AR"},{"@type":"Person","@id":"https:\/\/hcd.malargue.gov.ar\/#\/schema\/person\/3fd6bbab64edd703961b795156c955d0","name":"Belen Pedernera Ferragut","image":{"@type":"ImageObject","inLanguage":"es-AR","@id":"https:\/\/hcd.malargue.gov.ar\/#\/schema\/person\/image\/","url":"https:\/\/secure.gravatar.com\/avatar\/1054ffab3893de4bb3eb29bdd22f7e34b8537bf5d34d9dab311818154ad5b71f?s=96&d=mm&r=g","contentUrl":"https:\/\/secure.gravatar.com\/avatar\/1054ffab3893de4bb3eb29bdd22f7e34b8537bf5d34d9dab311818154ad5b71f?s=96&d=mm&r=g","caption":"Belen Pedernera Ferragut"},"url":"https:\/\/hcd.malargue.gov.ar\/?author=5"}]}},"_links":{"self":[{"href":"https:\/\/hcd.malargue.gov.ar\/index.php?rest_route=\/wp\/v2\/posts\/36190","targetHints":{"allow":["GET"]}}],"collection":[{"href":"https:\/\/hcd.malargue.gov.ar\/index.php?rest_route=\/wp\/v2\/posts"}],"about":[{"href":"https:\/\/hcd.malargue.gov.ar\/index.php?rest_route=\/wp\/v2\/types\/post"}],"author":[{"embeddable":true,"href":"https:\/\/hcd.malargue.gov.ar\/index.php?rest_route=\/wp\/v2\/users\/5"}],"replies":[{"embeddable":true,"href":"https:\/\/hcd.malargue.gov.ar\/index.php?rest_route=%2Fwp%2Fv2%2Fcomments&post=36190"}],"version-history":[{"count":1,"href":"https:\/\/hcd.malargue.gov.ar\/index.php?rest_route=\/wp\/v2\/posts\/36190\/revisions"}],"predecessor-version":[{"id":36192,"href":"https:\/\/hcd.malargue.gov.ar\/index.php?rest_route=\/wp\/v2\/posts\/36190\/revisions\/36192"}],"wp:featuredmedia":[{"embeddable":true,"href":"https:\/\/hcd.malargue.gov.ar\/index.php?rest_route=\/wp\/v2\/media\/33337"}],"wp:attachment":[{"href":"https:\/\/hcd.malargue.gov.ar\/index.php?rest_route=%2Fwp%2Fv2%2Fmedia&parent=36190"}],"wp:term":[{"taxonomy":"category","embeddable":true,"href":"https:\/\/hcd.malargue.gov.ar\/index.php?rest_route=%2Fwp%2Fv2%2Fcategories&post=36190"},{"taxonomy":"post_tag","embeddable":true,"href":"https:\/\/hcd.malargue.gov.ar\/index.php?rest_route=%2Fwp%2Fv2%2Ftags&post=36190"}],"curies":[{"name":"wp","href":"https:\/\/api.w.org\/{rel}","templated":true}]}}