{"id":36367,"date":"2024-03-13T10:12:58","date_gmt":"2024-03-13T13:12:58","guid":{"rendered":"https:\/\/hcd.malargue.gov.ar\/?p=36367"},"modified":"2024-03-13T10:21:37","modified_gmt":"2024-03-13T13:21:37","slug":"acta-1-sesion-ordinaria-n1-149-o-7-03-2-024","status":"publish","type":"post","link":"https:\/\/hcd.malargue.gov.ar\/?p=36367","title":{"rendered":"ACTA APERTURA DE SESIONES ORDINARIAS N\u00b01.149-\u201cO\u201d- 7\/03\/2.024.- INFORME SR. INTENDENTE CELSO JAQUE"},"content":{"rendered":"<div class=\"wp-block-image\">\n<figure class=\"alignright size-full is-resized\"><img loading=\"lazy\" decoding=\"async\" width=\"512\" height=\"512\" src=\"https:\/\/hcd.malargue.gov.ar\/wp-content\/uploads\/2018\/06\/PDF-JPG.jpg\" alt=\"\" class=\"wp-image-7950\" style=\"width:101px;height:auto\" srcset=\"https:\/\/hcd.malargue.gov.ar\/wp-content\/uploads\/2018\/06\/PDF-JPG.jpg 512w, https:\/\/hcd.malargue.gov.ar\/wp-content\/uploads\/2018\/06\/PDF-JPG-150x150.jpg 150w, https:\/\/hcd.malargue.gov.ar\/wp-content\/uploads\/2018\/06\/PDF-JPG-300x300.jpg 300w\" sizes=\"auto, (max-width: 512px) 100vw, 512px\" \/><\/figure>\n<\/div>\n\n\n<p>&nbsp;En Malarg\u00fce Mendoza a siete d\u00edas de marzo de 2024, cuando es la hora 09:08&nbsp;&nbsp; se re\u00fane el Honorable Concejo Deliberante de la Municipalidad de Malarg\u00fce para celebrar su primer Sesi\u00f3n Ordinaria del Periodo 2024. Bajo la&nbsp;&nbsp; Presidencia de su titular Sr. Rodrigo HIDALGO y la presencia de los Se\u00f1ores Concejales Viviana Mosca, Pablo Villarruel, Elizabeth Gonz\u00e1lez, Mart\u00edn &nbsp;Palma, Francisco Parada, Silvina Camiolo, Emilce Mansilla, Magali&nbsp; Acosta y Pablo Cabrera.\/ Se firma del Libro de Asistencia.\/\/ &nbsp;&nbsp;a) Para dar comienzo al desarrollo del Orden del d\u00eda &nbsp;se invita a&nbsp; la concejal &nbsp;Magali Acosta a izar la Ense\u00f1a Patria.\/\/ b) Himno Nacional Argentino.\/\/ Seguidamente el Sr. Presidente en uso de la palabra da la bienvenida a los vecinos&nbsp; y autoridades que se encuentran presentes, al Secretario de Desarrollo Humano Prof. Juan Jos\u00e9 Narambuena, Secretaria de Desarrollo Econ\u00f3mico Prof. Graciela Viollaz y el Secretario de Infraestructura y Servicios P\u00fablicos &nbsp;Dn. Jos\u00e9 Barro, a los Directores y Funcionarios del Poder Ejecutivo Municipal, Autoridades Provinciales la Subdelegada de la Direcci\u00f3n General de Escuelas, Senadora Provincial Alejandra Barro, Diputada Provincial Jimena Cogo, muchas gracias a todos los presentes, &nbsp;Continuando &nbsp;con el orden del d\u00eda se pasa al punto c) Presentaci\u00f3n del Informe Anual del Sr. Intendente Municipal Cdor. Celso Alejandro Jaque, seg\u00fan lo establecido en el Art. 105 Inc. 12 de la Ley N\u00b01079 Org\u00e1nica de Municipalidades, el cual se adjunta como Anexo I a la presente. Habiendo dado cumplimiento el Sr. Intendente a lo establecido por Ley, &nbsp;solicita la palabra el Concejal Palma quien solicita un cuarto intermedio el cual puesto a consideraci\u00f3n siendo aprobado &nbsp;a las 10:05 hs. se pasa a Cuarto intermedio . Cuando es la hora 11:13 se retoma la Sesi\u00f3n.\/\/ d) &nbsp;Homenaje de los Se\u00f1ores concejales: Solicita la palabra el concejal PALMA y expresa: Gracias Sr. Presidente, hemos visto y hemos tenido la posibilidad de escuchar el informe anual o el informe que dicta el articulo 105 de la la Ley Org\u00e1nica de Municipalidades, en este sentido debo decir que en lo personal me pone contento que se empiece a recuperar la institucionalidad, tal como lo dije reci\u00e9n en los medios que me entrevistaron, &nbsp;creo que es fundamental el respeto a las Instituciones. &nbsp;Tenemos experiencia de la ultima gesti\u00f3n donde no se puedieron llevar adelante algunos informes , en alg\u00fan momento hubieron disculpas porque por distintas circunstancias&nbsp; no permit\u00edan al Sr. Intendente llegar a la Instituci\u00f3n y el \u00faltimo sin ir mas lejos que tuvo que ser suspendido por algunas cuestiones de orden. Pero en tal sentido debo decir&nbsp; algunas cosas que me quedaron en la mente en relaci\u00f3n a lo que el Sr. Intendente manifest\u00f3, cosas que no son ajenas a este Concejo, porque fue este Concejo en su mayor\u00eda en algunos casos quienes llevaron adelante todas estas puestas en conocimiento del p\u00fablico en general como as\u00ed tambi\u00e9n de la Justicia, cosas que nosotros venimos viendo y que siempre nos llam\u00f3 poderosamente la atenci\u00f3n que a medida que el Concejo iba realizando este tipo de acciones, \u00edbamos siendo muy castigados sistem\u00e1ticamente, &nbsp;por redes sociales y hoy se ve reflejado en las palabras del Intendente que el Concejo Deliberante nunca minti\u00f3, nunca dijo cosas que no tuviera con que sostener ante la Justicia, por eso hoy con agrado vemos que el Municipio se constituya como querellante en funci\u00f3n de las causas que \u00e9ste Concejo Deliberante ha expresado en otros momentos. Lamento mucho que por ah\u00ed hemos tenido muy poca informaci\u00f3n, muy poco acceso a la informaci\u00f3n p\u00fablica que deber\u00edamos contar lisa y llanamente como marca la Ley. Si Uds., habr\u00e1n escuchado, acaba de entrar y por lo que tome conocimiento tambi\u00e9n en Mesa de Entradas, el Primer Informe sobre la Responsabilidad Fiscal, cosa que es fundamental para el control de este Concejo Deliberante como as\u00ed tambi\u00e9n los Decretos en este primer trimestre, cosas que no nos deber\u00edan sorprender, cosas que deber\u00edan ser normales pero que no lo han sido este \u00faltimo tiempo. Respecto a algunas cuestiones puntuales en lo que refiere al desarrollo del Departamento tambi\u00e9n debo decir que muchas veces el trabajo que este Concejo Deliberante llev\u00f3 adelante no se vio reflejado en el conocimiento p\u00fablico y me viene a la cabeza, &nbsp;Parque Industrial, del cual nosotros debemos conformar el \u00d3rgano Administrador del mismo, cosa que creo que pronto seremos llamados a esta conformaci\u00f3n ya que existe una Ordenanza que as\u00ed lo profesa, Pata Mora, &nbsp;es otro tema que a nosotros nos ha tenido&nbsp; trabajando fuertemente en este sentido debemos recordar que nosotros el a\u00f1o 2021 dimos la autorizaci\u00f3n para que se realicen las inversiones correspondientes y en el a\u00f1o 2022 para que se desarrollaran&nbsp; 193 has del \u00e1rea urbana en Pata Mora y que hoy pudi\u00e9ramos tener un peque\u00f1o desarrollo que&nbsp; favoreciera la instalaci\u00f3n de las empresas en ese lugar. Hemos tenido varias situaciones si bien Uds., &nbsp;quienes contin\u00faan en el mandato, &nbsp;en el a\u00f1o 23 cuando trabajamos Tarifaria tuvimos una situaci\u00f3n respecto a los locadores, que vinieron los locadores a exigirnos, en su&nbsp; af\u00e1n de poder continuar con su trabajo , la aprobaci\u00f3n que si bien nosotros ve\u00edamos algunas situaciones que hasta el d\u00eda de la fecha no hemos podido dilucidar, como algunos contratos especiales que hab\u00edan por millones de pesos y bueno esperemos alg\u00fan dia&nbsp; poder tener esa informaci\u00f3n, lo que si me llama la atenci\u00f3n es esta situaci\u00f3n donde algunos locadores que prestaban sus servicios al municipio su facturaci\u00f3n era realizada por los propios funcionarios de la gesti\u00f3n anterior y que hoy sin ir mas lejos, &nbsp;tengo conocimiento de algunas personas en particular que tienen una deuda, una deuda que realmente desconoc\u00edan, tengo en lo particular una persona que se acerc\u00f3 a ver como puede hacer para salir de esa situaci\u00f3n, una deuda de 236 mil pesos que tiene y en lo particular hoy no puede seguir con una contrataci\u00f3n porque tiene que hacer frente a esta deuda y no tiene como hacerlo. Entonces esas cosas que nosotros ven\u00edamos marcando hoy se terminan de concretar y lo vemos en este discurso. Tenemos algunas cuestiones que escuchamos como siempre, en escuchar al vecino y en esto debo hacer un par\u00e9ntesis, donde al vecino debemos brindarle toda la transparencia y legalidad en todos los casos y en esto voy hacer un llamado de atenci\u00f3n si&nbsp; se quiere en la parte de Rentas Municipal como Uds.,&nbsp;&nbsp; bien lo saben la Ley es clara donde hasta tanto se halla en tratamiento una Tarifaria nosotros debemos ajustarnos a la Tarifaria vigente en este caso la Tarifaria vigente es del a\u00f1o 2022, &nbsp;ya que la Tarifaria 2023 no vino al Concejo Deliberante y hoy los vecinos que se acercan al Municipio, &nbsp;hemos recibido algunos pedido para ver como podemos articular esto, a fin que se le cobre al vecino la actual Tarifaria, la que esta en vigencia esto es necesario que sea as\u00ed ya que la Ley se lo permite al vecino; nosotros estamos en tratamiento de la Tarifaria del 2024, tenemos en el Orden del Dia una nota de la Camara de Comercio pidiendo participaci\u00f3n para empezar el debate de esta Tarifaria lo cual nos va a llevar un tiempo terminar de definirla, mas all\u00e1 de las visitas y la buena predisposici\u00f3n de los actuales funcionarios que integran el&nbsp; gabinete municipal para darle el tratamiento lo m\u00e1s r\u00e1pido y agil que sea posible, pero ya estamos en marzo o sea empezamos a transitar el \u00faltimo mes del primer trimestre, entonces necesitamos que los vecinos que se acercan de manera voluntaria a pagar sus responsabilidades tributarias con el municipio se lo cobren Hemos tenido algunos vecinos que nos han dicho que no estan cargados en el sistema sus boletos , lo cual no deber\u00eda ser as\u00ed ya que los boletos deber\u00edan ser autom\u00e1ticos ya que la tarifaria que se encuentra vigente es la del 2022 y las cuentas que deber\u00edan cancelar los vecinos son las que en este momento se encuentran, sabemos de la situaci\u00f3n del Pa\u00eds que fueron las primeras palabras del Sr. Intendente son as\u00ed es dif\u00edcil la situaci\u00f3n que atraviesa el Pa\u00eds, la Provincia y el Departamento y en este sentido creo que es loable si se hace por parte del Departamento Ejecutivo que se cobre lo que marca la Tarifaria y&nbsp; la Ley hasta tanto y en cuanto este Concejo se expida con la Tarifaria del presente a\u00f1o. Despu\u00e9s alguna otra cosita menor lo de MAXFA y Parque Agr\u00edcola nosotros lo veniamos diciendo hac\u00eda rato ninguna de estas situaciones fue aprobada por este Concejo porque entend\u00edamos que hab\u00edan ciertas irregularidades que como vemos hoy traen aparejadas estas situaciones; despu\u00e9s con agrado vemos que algunas bicicletas se pusieron en funcionamiento para que los turistas puedan utilizarlas para conocer nuestro Departamento, pero si debo hacer un recordatorio que esa donaci\u00f3n nunca vino al Concejo Deliberante para ser aprobada como tambi\u00e9n lo marca la Ley no me quiero extender mucho mas Sr. Presidente lo que si puedo decir, &nbsp;que es reconfortante poder sentir respetada la Instituci\u00f3n, creo que es la manera de trabajar creo que vamos a seguir teniendo disenso pero tambi\u00e9n creo que es fundamental construir los consensos y el dialogo necesarios para que las leyes que emanen de esta casa sean los mas acorde posible para el desarrollo del<\/p>\n\n\n\n\n\n<p>Departamento, creo que desde el rol que nos entrega la ciudadan\u00eda en este caso de ser opositores lo debemos hacer con el mayor respeto, con la mayor responsabilidad no oponernos a las situaciones por oponernos , sino tratando de llevar herramientas para que todo sea de acuerdo a la situaci\u00f3n que hoy atraviesa el Departamento de la mejor manera y en un marco de respeto siempre. Por otro lado antes de concluir Uds., bien saben que el d\u00eda 8 de marzo es el d\u00eda Internacional de la Mujer, no quiero dejar pasar una fecha tan pero tan importante sin llevar mi saludo,mi cari\u00f1o y mi respeto a cada una de las mujeres de este hermoso Departamento , pero tambi\u00e9n hacer un llamado a la reflexi\u00f3n ya que en este \u00faltimo tiempo seguimos viendo con mucha preocupaci\u00f3n como la violencia contra la mujer sigue escalando y en esto tenemos que hacer un llamado a la conciencia colectiva donde empecemos a respetar todas estas situaciones y que las mujeres no sientan ese castigo, ese flagelo que se les infringe y que todos desde el mas peque\u00f1o lugar&nbsp; que nos toque contribuyamos para que esto deje de ser una triste realidad de nuestro Pa\u00eds y que las mujeres puedan transitar en un marco de respeto, armon\u00eda y equidad sobre todo el territorio nacional. Much\u00edsimas gracias Sr. Presidente.\/\/ Seguidamente solicita la palabra el Concejal PARADA quien en uso de la misma expresa: Simplemente quiero aprovechar un par de minutos en relaci\u00f3n al informe brindado por el Sr. Intendente, rescato esto que fue un informe obviamente que est\u00e1 marcado por la cuesti\u00f3n pol\u00edtica. Informe que \u00faltimamente estaba ausente y me alegra que se vaya, &nbsp;seg\u00fan palabras del Sr. Intendente, &nbsp;se vaya regularizando la cuesti\u00f3n econ\u00f3mica, con una deuda con un 75% regularizada y me alegra esto que nos inviten a trabajar en conjunto por el bien de Malarg\u00fce y ojal\u00e1 que as\u00ed lo podamos lograr. Aprovecho tambi\u00e9n este tiempo de homenaje aunque no este presente hoy, pero es la primer sesi\u00f3n que tenemos sin su presencia, &nbsp;la querida Blanquita P\u00e1ez, que por tantos a\u00f1os ocup\u00f3 ese lugar all\u00ed junto a la Presidencia y que sin duda quienes la hemos conocido recientemente, pero por el testimonio de todos los empleados de este Concejo Deliberante, &nbsp;creo que en primer lugar es una gran persona, es una gran persona y no siempre las grandes personas son eficientes en el trabajo, pero Blanquita tambi\u00e9n era eficiente en su trabajo, no s\u00e9 si estar\u00e1 escuchando pero seguramente le va a llegar el audio a saber que en nombre de todos los Concejales que han pasado por aqu\u00ed y los que circunstancialmente hoy estamos y del personal que han sido en gran parte quienes la acompa\u00f1aron, que han sido parte de su amistad, agradecerle por su trabajo por ser buena persona y sobre todo por su excelente trabajo y obviamente para Ud. Mabel desearle que sea lo mejor en este periodo que va a empezar a transitar tambi\u00e9n como Secretaria, sabemos tambi\u00e9n de su responsabilidad de su profesionalismo y desearle sinceramente que sea todo muy fruct\u00edfero para bien del Concejo Deliberante y tambi\u00e9n para el bien de Malarg\u00fce porque de eso se trata, Simplemente me tome estos minutos para rendir homenaje a estas dos personas que creo que son important\u00edsimas para nuestra Instituci\u00f3n.\/\/ A continuaci\u00f3n solicita la palabra la Concejal CAMIOLO y expresa: Buenos&nbsp; d\u00edas para todos, adhiero a las palabras de mis dos colegas preopinantes, creo que estamos todos muy tranquilos con que cuando esta casa se llena de gente, haya sido con esp\u00edritu y animosidad de trabajar por Malarg\u00fce y no&nbsp; para confrontar vecinos con vecinas como lo que lamentablemente hab\u00eda ocurrido en el \u00faltimo a\u00f1o y medio por lo menos. Celebro, celebro la convocatoria al di\u00e1logo, lo que si tengo que decir que el dialogo se construye desde los dos lugares, para que haya predisposici\u00f3n en el di\u00e1logo no haya imposici\u00f3n de ideas, entonces, el dialogo es algo para todos, que trabajemos en ese di\u00e1logo, no es f\u00e1cil construir una idea com\u00fan cuando hay miradas muy distintas, pero si creo, que es la convocatoria a la que obviamente &nbsp;ya me subo a ese barco porque me gusta , pero que siempre exista la pluralidad de voces representadas porque es la manera que aseguramos para nuestro futuro para nuestros hijos un pa\u00eds democr\u00e1tico y abiertamente libre y que&nbsp; necesitamos dentro en este espacio de libertad de expresi\u00f3n mantenerlo, cuidarlo y es algo en lo que todos no solamente estamos interpelados sino que tenemos que estar comprometidos. Asique vuelvo a decir celebro que haya habido muchos vecinos, muchas facciones partidarias, que pudimos tener una jornada de mucha tranquilidad, me sorprendi\u00f3 y tambi\u00e9n debo decirlo que espacios de la Justicia que no se hab\u00edan visto en otras oportunidades, y espero que sea por los motivos correctos, como se lo pude expresar al Juez Penal de Malarg\u00fce, que espero que sea por los motivos correctos y que trabajemos por la independencia de poderes, es algo en lo que tenemos que responsabilizarnos todos y trabajar todos para eso, vuelvo a decir para asegurar el crecimiento de la Rep\u00fablica y por el bienestar de nuestro Pa\u00eds. Por eso vuelvo a decir si todos trabajamos por Malarg\u00fce va a ser el lugar m\u00e1s lindo para vivir, yo creo que tenemos todo el potencial y la Provincia tambi\u00e9n&nbsp; lo sabe, solamente que no nos termina de dar el apoyo que Malarg\u00fce necesitamos pero la Provincia sabe que el futuro esta ac\u00e1. Por otra parte en este punto hablar como dec\u00eda el Concejal Palma estamos a un d\u00eda de la celebraci\u00f3n una conmemoraci\u00f3n por los d\u00edas de lucha de las mujeres, el 8 de marzo, recordando ese incendio tremendo que se llevo y costo la vida de cientos de mujeres que estaban en lucha, que estaban reclamado lo que cre\u00edan justo. Sr. Presidente a pesar que han pasado tantos a\u00f1os, casi un centenar de a\u00f1os, lamentablemente cada vez que hay una mujer en lucha se intenta invisibilizarla, es bastante cavern\u00edcola lo que pasa, pero se invisibiliza la lucha, nos mandan a que consultemos en salud mental, nos mandan hacer terapia, a que somos locas, en una \u00e9poca nos&nbsp; quemaron en la hoguera, el pensamiento distinto hacia las mujeres realmente genero las historias mas tristes de la humanidad pero lamentablemente los n\u00fameros estad\u00edsticos que maneja tanto la Provincia como la Naci\u00f3n, hay muchas mujeres que siguen en lucha y que siguen padeciendo situaciones muy dif\u00edciles. Mi&nbsp; solidaridad para todas ellas el d\u00eda de ma\u00f1ana, si bien nosotras estaremos en asueto, hay distintas jornadas de sensibilizaci\u00f3n y concientizaci\u00f3n y un tiempo que nos vamos a tomar incluso desde lo privado para reflexionar sobre estas luchas que quiz\u00e1s son mas silenciosas que las p\u00fablicas y las colectivas. Con las luchas p\u00fablicas y colectivas a veces una no termina de identificarse porque se tornan con los motivos incorrectos , pero si hay muchas luchas silenciosas que son a las que adhiero en estos momentos y en las que quisiera como concejal del Departamento decirles que me van a encontrar en todas ellas, creo en la fuerza de las mujeres, por eso agradezco que siga en la Secretaria en este Concejo una mujer con todo el conocimiento y ofrecerle todo el respeto y el conocimiento aunque seguramente, va a ser al rev\u00e9s, el conocimiento que tienen ellas es inigualable, pero sepan que para mi es motivo de mucho orgullo como mujer malarg\u00fcina pero adem\u00e1s como mujer de la pol\u00edtica que esta casa est\u00e9 tan ordenada despu\u00e9s de tantos a\u00f1os sin importar los colores pol\u00edticos porque ha habido mujeres fuertes que han luchado y han forjado la institucionalidad del Concejo Deliberante, a trav\u00e9s de todas Uds. homenajear a nuestras mujeres del Concejo y realmente espero y anhelo que este 8 de marzo sea una jornada de profunda reflexi\u00f3n de pr\u00e1cticas, de que lugares ocupamos, reflexi\u00f3n por parte nuestra, darnos cuenta la importancia que&nbsp; tenemos en la sociedad y continuar con la lucha que aunque se ha intentado de todas maneras invisibilizarla e incluso hasta a veces nos quieren cercenar en el lenguaje sigamos nombr\u00e1ndonos,&nbsp; diciendo todas todes no pasa nada, estamos presentes y eso a mucha gente le incomoda y siempre digo al que le incomode la presencia de una mujer va a tener que comenzar a hacer terapia, porque vamos a seguir estando y cada vez vamos a ser mas.\/\/ PRESIDENCIA solicita autorizaci\u00f3n para hablar desde el estrado y refiere con respecto a las actividades que dec\u00eda la Concejal Camiolo y hacer extensiva la invitaci\u00f3n a toda la comunidad, porque no tiene que ser solo de quienes est\u00e1n llevando adelante esta lucha, porque es la forma de concientizar, participar de esas actividades, recordar tambi\u00e9n que ma\u00f1ana no es simplemente un asueto el que se entrega, sino que precisamente la intenci\u00f3n de la Ordenanza es visibilizar la importancia del rol que Uds., cumplen y que nosotros por ah\u00ed inconscientemente en algunas ocasiones y otras de manera conscientes y es all\u00ed donde est\u00e1 apuntada precisamente la lucha, podamos recapacitar en torno a la importancia que tienen las mujeres en la sociedad . Entonces cerrar esto con un reconocimiento hacia todas las mujeres.\/\/e) Consideraci\u00f3n Actas Sesi\u00f3n Ordinaria N\u00b01148-O-2023 2\u00b0 de Prorroga, Sesiones Especiales N\u00b0 08-E-2023, N\u00b0 09-E-2023, N\u00b0 10-E-2023, N\u00b0 11-E-2023, N\u00b0 12-E-2023,N\u00b013-E-2023, N\u00b0 14-E-2023 , N\u00b0 16-E-2023, N\u00b001-E-2024, N\u00b0 02-E-2024 y Sesiones Extraordinarias N\u00b0 01-2023\/24, N\u00b0 02-2024, N\u00b0 03-2024, N\u00b0 04-2024 y Sesi\u00f3n Preparatoria 2024, se ponen a consideraci\u00f3n y son aprobadas.\/\/ f) Conformaci\u00f3n de Comisiones Permanentes del Honorable Cuerpo. Presidencia informa de las notas que obran en la correspondencia del d\u00eda de la fecha proponiendo los integrantes de las comisiones.\/ Solicita la palabra el Concejal PALMA y expresa Como bien lo reza en el Art\u00edculo 19 de nuestro Reglamento Interno me voy a permitir la lectura de uno de los p\u00e1rrafos de este art\u00edculo en la cual dice que \u201cLas Comisiones Permanentes y Especiales estar\u00e1n integradas por cada uno de los bloques con representaci\u00f3n parlamentaria que integran el Honorable Concejo Deliberante la cantidad de los miembros integrantes de las mismas ser\u00e1 acordada org\u00e1nicamente por el Cuerpo al inicio de las sesiones ordinarias del respectivo a\u00f1o\u201d. En virtud de esto solicito un peque\u00f1o cuarto intermedio. Se pone a consideraci\u00f3n y es aprobado cuando es la hora 11:39,, a la hora 11:54 se sale de cuarto intermedio y se reanuda la Sesi\u00f3n.\/ Solicita la palabra el Concejal PALMA manifiesta que se ha llegado a un acuerdo en el cuarto intermedio&nbsp; que todas las comisiones estar\u00e1n integradas por siete miembros, de los cuales el Bloque Cambia Mendoza y el Bloque Oficialista se pondr\u00e1n de acuerdo sobre la representatividad , recordando que los Bloques Unipersonales tienen la obligatoriedad de participar de todas las Comisiones\/\/ PRESIDENCIA aclara que no todas las comisiones tendr\u00e1n siete miembros ya que el pedido es puntual para algunas comisiones por lo que pueden tener seis o siete miembros, los bloques Partido&nbsp; Justicialista y Frente Cambia Mendoza informar\u00e1n por nota su representaci\u00f3n.&nbsp; Con respecto a los d\u00edas y horarios se respetar\u00e1n los mismos que funcionaban para el a\u00f1o anterior.\/\/ g) Determinaci\u00f3n de los Bloques que har\u00e1n uso de la palabra en fechas patrias. Se procede a realizar el sorteo resultando lo siguiente: 02 de Abril Bloque Reconstruyendo Malarg\u00fce, 25 de Mayo Bloque Frente Cambia Mendoza, 20 de Junio Bloque Partido Justicialista, 09 de Julio Bloque Uni\u00f3n Mendocina, 17 de Agosto Bloque Encuentro y 16 de Noviembre Bloque UCR Independiente.\/\/ h) Lectura del detalle de la correspondencia recibida y emitida. 1- Docentes del C.A.E Secundario N\u00ba 131 \u201cAprendiendo Juntos\u201d informan situaci\u00f3n laboral\/econ\u00f3mica actual a fin de su consideraci\u00f3n con autoridades del Departamento Ejecutivo. Solicita la palabra la Concejal CAMIOLO manifiesta que esta nota sea tratada en las consideraciones que se lleven a cabo en el punto Asuntos Varios, esta nota y tambi\u00e9n otras que&nbsp; han presentado y que oportunamente hemos acordado con los Concejales en el d\u00eda de la fecha, hemos podido hablar con algunos miembros del gabinete, se ha suscitado una incomodidad entre los docentes por el tema de las liquidaciones salariales, como bien lo dijo recientemente el Sr. Intendente en el discurso, hab\u00eda ordenamiento en como se les pagaba, aparentemente no ten\u00edan los \u00edtems creados de manera legal, aparentemente y sigue siendo aparentemente porque no tenemos el decreto de una gesti\u00f3n ni de la otra sino que son trascendidos que los docentes han tra\u00eddo. Se han&nbsp; estado reuniendo con los mismos, se han estado reuniendo con los distintos CAES,&nbsp; con los profesores de SEOS, hay algunas actas en las que obviamente se compromete el Ejecutivo a enviar proyectos al Honorable Concejo Deliberante y como somos parte y como somos miembros en esta conversaci\u00f3n, solicite al Director de Educaci\u00f3n y&nbsp; el Asesor Letrado para ver la posibilidad que nos reunamos con premura y obviamente ellos manifestaron el acuerdo para que as\u00ed sea, para que podamos sacar un mismo discurso que les de soluciones a los docentes de Malarg\u00fce, a los docentes municipales, a los profes CEOS y los profes de los CAES y tambi\u00e9n que deje de existir el tel\u00e9fono descompuesto. No tenemos el Decreto, no tenemos el Convenio, no sabemos en que situaci\u00f3n est\u00e1n los docentes, realmente tenemos que dar respuestas porque eso nos da seriedad no solo a la gesti\u00f3n, sino a todos los que hacemos pol\u00edtica y tenemos que representar a los intereses de los profes, asique solicito que no&nbsp; pase a la comisi\u00f3n&nbsp; sino que sea tratada en el d\u00eda de la fecha en el punto Asuntos Varios.\/\/ Se pone a consideraci\u00f3n la moci\u00f3n y es aprobada.\/\/ 2- Centro Tradicionalista Don Claudio, informa la suspensi\u00f3n de la Fiesta Departamental del Castronero. &nbsp;Pasa a Comisi\u00f3n de EHMASyC.\/\/ &nbsp;3- Concejal Elizabeth Gonz\u00e1lez, Presidente del Bloque Uni\u00f3n Mendocina, informa su participaci\u00f3n en todas las Comisiones en el presente Periodo Legislativo. Pasa a Secretaria.\/\/ &nbsp;4- Concejal Martin Palma, Presidente del Bloque U.C.R-Independiente, informa su participaci\u00f3n en todas las Comisiones en el presente Periodo Legislativo. Pasa a Secretaria.\/\/ 5- Sr. Maximiliano Salvadores, solicita hacer uso de la Banca del Ciudadano a fin de exponer situaci\u00f3n por adjudicaci\u00f3n de terreno.\/ Por Secretaria se proceder\u00e1 de acuerdo a las solicitudes obrantes.\/\/ &nbsp;6- Concejales Silvina Camiolo, Elizabeth Gonz\u00e1lez, Martin Palma, Francisco Parada y Pablo Villarruel solicitan se proceda a regularizar honorarios del Dr. Martin Guerrero e informaci\u00f3n sobre cl\u00e1usulas de contrato y honorarios del nuevo Asesor. Solicita la palabra la Concejal CAMIOLO en relaci\u00f3n a la nota 6 de la correspondencia y para poder darle tratamiento en el d\u00eda de la fecha en el punto de Asuntos Varios tal como lo hab\u00edamos acordado&nbsp; en Trabajo Parlamentario, para darle la seguridad de trabajo y obviamente el apoyo por Resoluci\u00f3n del Cuerpo al nuevo Asesor Legal. Se pone a consideraci\u00f3n la moci\u00f3n y es aprobada tiene tratamiento en Asuntos Varios.\/\/ Cuando es la hora 12:05 el&nbsp; Concejal Villarruel solicita autorizaci\u00f3n para retirarse por una situaci\u00f3n personal.\/&nbsp; Se accede a la solicitud.\/\/ 7- Honorable Tribunal de Cuentas eleva prove\u00eddo referente a Decreto N\u00ba 076\/2.024. Pasa a HPLAC.\/\/ &nbsp;8- Vecinos de Colonia Pehuenche II, solicitan informaci\u00f3n sobre situaci\u00f3n Obra Red de Gas licitada y adjudicada a la Empresa JOVAL S.A. Expte N\u00ba 4.856\/2.023. Pasa a Comisi\u00f3n de OPTyRN.\/\/ 9-Departamento de Rentas y Catastro, Cdor. Gonzalo Almonacid eleva respuesta sobre situaci\u00f3n de la agente Marcela Ib\u00e1\u00f1ez, s\/Resoluci\u00f3n N\u00ba 545\/2.022. Pasa a HPLAC.\/\/ 10- Bloque Frente Cambia Mendoza, informa su representaci\u00f3n en Comisiones para el&nbsp; presente Periodo Legislativo. Pasa a Secretar\u00eda.\/\/ 11- Bloque Partido Justicialista informa su representaci\u00f3n en&nbsp; Comisiones para el presente Periodo Legislativo. Pasa a Secretar\u00eda.\/\/ 12- Dra. Debora Ferrero, informa que inici\u00f3 acciones legales a agente municipal dentro del marco investigativo de la Resoluci\u00f3n N\u00ba 001\/2.024 emanada por este Honorable Cuerpo. Pasa a HPLAC.\/\/ 13- Sub Comisi\u00f3n de Hockey, Club Energ\u00eda At\u00f3mica solicita ayuda econ\u00f3mica para el desarrollo de su actividad. Pasa a Secretar\u00eda de Desarrollo Humano.\/\/ 14- Concejal Pablo Villarruel del Bloque Frente Cambia Mendoza, deja sin efecto la Nota HC 674\/2.023(escisi\u00f3n Bloque). Pasa a Secretar\u00eda con copia a los Bloques para conocimiento.\/\/ 15- C\u00e1mara de Comercio y Afines, solicita participar en la discusi\u00f3n de la Ordenanza Tarifaria 2.024.\/ Solicita la palabra el Concejal PALMA y manifiesta en virtud que el Proyecto de Ordenanza se encuentra en tratamiento&nbsp; en una Sesi\u00f3n Extraordinaria sugiero que la nota de referencia sea remitido al Cuerpo en Comisi\u00f3n para obrar en consecuencia y poder darle el tratamiento que requiera.\/\/ Notas Emitidas:&nbsp; 1- A la Sra. Contadora General Paula Rodr\u00edguez de Sosa, reasignaci\u00f3n Fondo de Gastos Menores del Honorable Concejo Deliberante.\/\/ i) Determinaci\u00f3n de los temas que ser\u00e1n incluidos en el punto Asuntos Varios y puesta a consideraci\u00f3n de mociones de tratamientos sobre tablas de diversos Expedientes. Solicita la palabra la Concejal CAMIOLO solo recordando que en este punto vamos a tratar las notas Ingresadas en los Puntos 1 y 6 respectivamente que puestas a consideraci\u00f3n tienen el acuerdo para el tratamiento.\/\/ Solicita la palabra el Concejal PALMA quien expresa Gracias Sr. Presidente en este punto voy a solicitar la consideraci\u00f3n de la Resoluci\u00f3n de Presidencia N\u00b0 011\/2024 seg\u00fan lo establece el Art\u00edculo 71 de la Ley Org\u00e1nica de Municipalidades y el Art\u00edculo 74 del Reglamento Interno.\/ Se pone a consideraci\u00f3n y es aprobada.\/\/ J) Proyectos de los Sres. Concejales. 1) Expte N\u00b05.380 HC61-2024 Proyecto de Ordenanza: Espacio de difusi\u00f3n de la actividad del Honorable Concejo Deliberante en FM Municipal (Interbloque Encuentro, Uni\u00f3n Mendocina- Cambia Mendoza- UCR Independiente- Reconstruyendo Malarg\u00fce y Partido Justicialista)&nbsp; Autores Concejales Parada, Gonz\u00e1lez, Mosca, Palma, Camiolo y Cabrera. &nbsp;Solicita la palabra el Concejal PARADA y expresa este es un proyecto de Interbloque como resultado de una visita que tuvimos de quien hoy est\u00e1 a cargo de Relaciones con la Comunidad, donde fue planteado por los integrantes del Cuerpo respecto a la posibilidad que el Concejo tenga un espacio en FM Municipal, espacio en el cual el Honorable Concejo Deliberante tenga la oportunidad de difundir sus actividades semanales por lo que considero que no es necesaria la lectura ni del articulado ni del proyecto en s\u00ed porque ya tienen conocimiento, simplemente que pase a la Comisi\u00f3n de EHMASyC.\/\/ 2) Expte N\u00b0 5.381 HC62 -2024 Proyecto de Ordenanza: Creaci\u00f3n del servicio Municipal de contenci\u00f3n e intervenci\u00f3n en crisis. (Bloque Reconstruyendo Malarg\u00fce) Autora Concejal Silvina Camiolo.\/ Solicita la palabra la Concejal CAMIOLO en honor a la brevedad voy a solicitar que no sea le\u00eddo en su parte Resolutiva ni en los fundamentos lo vamos a trabajar con los Sres. Concejales estoy segura que va a tener much\u00edsimos aportes, eso es algo muy importante para el mismo. El proyecto refiere a que el Departamento de Malarg\u00fce cuente, desde el Departamento Ejecutivo Municipal y atento a las facultades que tiene desde la Intendencia de bregar por la salud y la higiene de todo el Departamento con un espacio que sea espec\u00edfico para las situaciones de crisis, crisis agudas, hemos tenido muchas situaciones, considerando que no tenemos una guardia activa ni pasiva en salud mental, hay momentos que escapan a la contenci\u00f3n, desde distintas entidades que tienen que intervenir y tambi\u00e9n considerando la necesidad que sean espacios profesionalizados, con personal matriculado y que obviamente rinda cuentas ante los distintos colegios, es por ello que no se pide en cantidad, &nbsp;sino en calidad de equipo. Un Trabajador Social y un Profesional de la Salud Mental&nbsp; que puedan&nbsp; acompa\u00f1ar esos momentos de crisis. Hemos tenido accidentes de transito que dejan como saldo negativo vidas de personas y no hay nadie que contenga en esos momentos de dolor, a las familias, a las victimas, hemos tenido incendios, tuvimos el a\u00f1o pasado el temporal en el que hubo tambi\u00e9n muertos y no estaba el aparato para poder hacerlo, entonces trabajar al respecto de esta contenci\u00f3n me parece sumamente importante y creo que el municipio puede hacerlo hoy estamos ligados a distintas Areas como son el Hospital, el de salud el equipo interdisciplinario de las escuelas entiendo que se puede establecer. Este es el proyecto y solicito que pase a dos comisiones la Comision de EHMASyC&nbsp; y por tratarse de una Ordenanza que pase tambi\u00e9n a HPLAC. \/\/Pasa a EHMASyC y posteriormente a HPLAC.\/\/ K) Expedientes provenientes del Departamento Ejecutivo. 1- Expte N\u00b0 1.032\/2024-0 Departamento Ejecutivo Direcci\u00f3n de Gesti\u00f3n Ambiental. Informe estado de situaci\u00f3n de cubierta sanitaria Malarg\u00fce. Estado de situaci\u00f3n de arbolado p\u00fablico y cortinas forestales al 16\/02\/24. Por Secretaria se da lectura a la nota de elevaci\u00f3n y es derivado a la Comisi\u00f3n de OPTyRN.\/\/ l) Despachos de las Comisiones de Trabajo: No Ingresados.\/\/ m) Asuntos Varios: 1) Nota&nbsp; 095\/2024 Docentes de CAE N\u00b0 131 Aprendiendo Juntos informan situaci\u00f3n laboral econ\u00f3mica actual a fin de su consideraci\u00f3n con Autoridades del Departamento Ejecutivo. La Concejal CAMIOLO solicita que el Cuerpo se constituya en comisi\u00f3n a la hora 12:35.Cuando es la hora 12:50 sale el Cuerpo de Comisi\u00f3n y se reanuda la Sesi\u00f3n.\/ Por Secretar\u00eda se procede a la lectura del Despacho emitido en el que se sugiere que a trav\u00e9s de Presidencia se eleve invitaci\u00f3n a la Contadora General del Municipio Sra. Paula Rodr\u00edguez de Sosa, Sr. Director de Educaci\u00f3n Prof. Gustavo Caba\u00f1as, Secretario de Desarrollo Humano Prof. Juan Jos\u00e9 Narambuena y Asesor Letrado Dr. Fernando Marchetti para el d\u00eda lunes 11 de marzo del corriente a\u00f1o a la hora 10:00, a reuni\u00f3n para abordar el tema referido.\/ Se pone a consideraci\u00f3n el despacho emitido y es aprobado por la totalidad de los miembros presentes (ausente Concejal Villarruel).\/\/ 2) Nota HC 102-2024 presentada por los Ediles Pablo Villarruel, Elizabeth Gonz\u00e1lez, Silvina Camiolo, Mart\u00edn Palma y Francisco Parada solicitando de manera inmediata la constituci\u00f3n del actual Asesor Letrado en las causas iniciadas&nbsp; por instrucci\u00f3n y orden de este Cuerpo ante el Ministerio P\u00fablico Fiscal. \/ Se da lectura al despacho emitido el cual contiene Proyecto de Resoluci\u00f3n. Art\u00edculo 1\u00b0: Otorgar Poder General para juicios a favor del Dr. Nadir Rafael Yasuff, Matr\u00edcula Profesional N\u00b0 8157 y Matr\u00edcula Federal T\u00b0 117, Fs.375, Asesor Letrado de este Honorable Concejo Deliberante, para que intervenga en todas las denuncias penales incoadas y a presentarse a instancia del Honorable Concejo Deliberante.\/ Art\u00edculo 2\u00b0: Facultar al Sr. Presidente y a la Sra. Secretaria del Honorable Concejo Deliberante, a proceder en forma conjunta a la firma del Poder General para Juicios a favor del Dr.&nbsp; Nadir Rafael Yasuff, Matr\u00edcula Provincial N\u00b0 8157 y Matr\u00edcula Federal T\u00b0 117, Fs. 375.\/ Art\u00edculo 3\u00b0:&nbsp; Solicitar al Asesor Letrado Apoderado la informaci\u00f3n peri\u00f3dica y\/o a solicitud del Cuerpo del estado y avance de las denuncias en las que intervenga en representaci\u00f3n del Honorable Concejo Deliberante.\/ Art\u00edculo 4\u00b0: De forma.\/\/ Se pone a consideraci\u00f3n y es aprobado por la totalidad de los miembros presentes (ausente Concejal Villarruel).\/\/ 3) &nbsp;Nominaci\u00f3n de Secretaria del Honorable Concejo Deliberante por beneficio jubilatorio de la titular. Solicita la palabra la Concejal CAMIOLO y manifiesta en virtud que ha sido trabajado recientemente el despacho solo sea le\u00eddo en su parte resolutiva.\/ Por Secretar\u00eda se da lectura al despacho emitido el cual contiene un Proyecto de Resoluci\u00f3n, que en su Art\u00edculo 1\u00b0 reza: Designar a la Ciudadana Mabel L\u00f3pez, DNI 13.870.457, en el cargo de Secretaria del Honorable Concejo Deliberante de la Municipalidad de Malarg\u00fce, con reserva de cargo de Subdirectora de Administraci\u00f3n y RR.HH Clase 13.\/ Art\u00edculo 2\u00b0: El nombramiento del Art\u00edculo 1\u00b0 de la presente Resoluci\u00f3n se tendr\u00e1 como ejecutada desde el d\u00eda 01 de marzo de 2024, fecha en que qued\u00f3 a cargo por Resoluci\u00f3n de Presidencia N\u00b0 011\/2024.\/ Art\u00edculo 3\u00b0: De forma.\/\/ Se pone a consideraci\u00f3n el despacho emitido y es aprobado por la totalidad de los miembros presentes (ausente Concejal Villarruel). Solicita la palabra el Concejal PALMA y manifiesta Muchas gracias Sr. Presidente la Resoluci\u00f3n que acabamos de votar quiero manifestarle a la Secretaria nuestro pleno acompa\u00f1amiento la seguridad jur\u00eddica que esto corresponde y poner de manifiesto que este Concejo siempre ha venido peleando por la Carrera del Empleado Municipal y en&nbsp; este sentido poder llevar adelante esta votaci\u00f3n, para que el cargo que dej\u00f3 vacante la ex secretaria Blanca P\u00e1ez, sea tomado por gente que viene en carrera en este Concejo Deliberante como debe ser y entendemos en todas las instancias y en todas las instituciones publicas. Simplemente eso Sr. Presidente y nuevamente desearle el mayor de los \u00e9xitos a la Secretaria que se que est\u00e1 a la altura de las circunstancias.\u201d Presidencia manifiesta seguro que es as\u00ed.\/\/ Sin mas temas que tratar se pasa al punto n) Acto de arriar el Pabell\u00f3n Nacional a cargo de la Concejal que lo iz\u00f3.\/\/ Cuando es la hora 13:18 se da por finalizada la sesi\u00f3n firmando para constancia el Sr. Presidente del Honorable Concejo Deliberante y la Sra. Secretaria del mismo.\/\/<\/p>\n\n\n\n<p>ANEXO&nbsp; I<\/p>\n\n\n\n<p><strong><em><u>DISCURSO APERTURA DE SESIONES ORDINARIAS HONORABLE CONCEJO DELIBERANTE DE MALARG\u00dcE<\/u><\/em><\/strong><\/p>\n\n\n\n<p>Malarg\u00fce, 07 de marzo de 2024<\/p>\n\n\n\n<p>&nbsp;Estimados Se\u00f1ores Concejales: Hoy vengo ante ustedes a los efectos de cumplir con lo ordenado por el art\u00edculo N\u00ba 105 inc. 12, de la Ley Org\u00e1nica de Municipalidades de la provincia de Mendoza para informar al concejo, al inaugurar sus sesiones ordinarias, del mes de marzo, sobre el estado general de la administraci\u00f3n y sobre el movimiento de fondos que se hubiera producido dentro del presupuesto general durante el ejercicio econ\u00f3mico vencido, en el cual solo tuve participaci\u00f3n en los \u00faltimos quince d\u00edas de 2023. Sin embargo, aprovechar\u00e9 esta oportunidad para rendir cuentas de lo realizado en los \u00faltimos ochenta y tres d\u00edas y brindar informaci\u00f3n sobre las acciones que estimamos podremos realizar durante el a\u00f1o en curso. Es un honor dirigirme a ustedes en esta apertura de las sesiones ordinarias, la primera desde que asum\u00ed el cargo el 16 de diciembre de 2023. Este a\u00f1o 2024 se nos presenta con grandes desaf\u00edos, especialmente en lo que respecta a la situaci\u00f3n econ\u00f3mica y social del pa\u00eds. Conscientes de estos desaf\u00edos, estoy comprometido a trabajar de la mano con todos ustedes para encontrar soluciones que beneficien a nuestra comunidad. Argentina, nuestro amado pa\u00eds, atraviesa momentos muy complejos. Alta inflaci\u00f3n, recesi\u00f3n econ\u00f3mica que se refleja en la abrupta disminuci\u00f3n en el consumo de alimentos, elevado incremento de las tarifas de servicios p\u00fablicos como energ\u00eda el\u00e9ctrica, agua, gas, entre otros. Esto genera un gran desaf\u00edo para toda la dirigencia pol\u00edtica. Espero que juntos podamos enfrentar este reto con determinaci\u00f3n, creatividad y empat\u00eda. Agradezco la confianza que se me ha otorgado al haber dado tratamiento a diversas iniciativas en el per\u00edodo de sesiones extraordinarias de este Honorable Cuerpo y reafirmo mi compromiso de servir a nuestro querido Malarg\u00fce con integridad y dedicaci\u00f3n.<\/p>\n\n\n\n<p>Agradezco, ante este recinto y ante la ciudadan\u00eda, la dedicaci\u00f3n y el esfuerzo incesante de los miembros de este Cuerpo Deliberativo. Pues cada debate, cada ordenanza, y cada acci\u00f3n que emana de este Concejo, lleva impl\u00edcito el deseo genuino de servir a nuestra comunidad. Por ello, estimo que es oportuno comenzar este informe agradeciendo a los miembros de este Honorable Concejo Deliberante por las Ordenanzas sancionadas en este per\u00edodo extraordinario, como lo son la declaraci\u00f3n de emergencia ambiental del departamento, la declaraci\u00f3n de emergencia econ\u00f3mica, financiera y administrativa del municipio, las de regulaci\u00f3n de las tierras fiscales del municipio, el incremento de la partida para publicidad y propaganda para hacer frente al pago de las obligaciones asumidas, fuera de la ley, por la gesti\u00f3n anterior, entre otras. Sin lugar a duda ellas contribuir\u00e1n a poder desarrollar las actividades del municipio destinadas a resolver la problem\u00e1tica que afectan a nuestro departamento. Para tranquilidad de los miembros de este Honorable cuerpo debo manifestarles que he encomendado al Asesor Letrado del municipio a realizar la correspondiente denuncia por incumplimiento a los deberes de funcionario p\u00fablico a los funcionarios municipales que incumplieron lo establecido en la Ordenanza de Presupuesto de 2023. Es para m\u00ed un honor y un deber c\u00edvico el hecho de estar aqu\u00ed hoy, dando inicio a un nuevo per\u00edodo de sesiones ordinarias de este Concejo Deliberante, cuerpo que representa la voluntad democr\u00e1tica y plural de nuestro querido pueblo de Malarg\u00fce. Hoy, nos reunimos no s\u00f3lo para cumplir un mandato protocolar; nos convoca la responsabilidad compartida de construir un Malarg\u00fce mejor, m\u00e1s justo, inclusivo y pr\u00f3spero; un Malarg\u00fce que se sobreponga a los desaf\u00edos del presente y se proyecte con confianza hacia el futuro. Estos tiempos requieren de nosotros una perspectiva l\u00facida y una voluntad decidida. Vivimos momentos en los que cada decisi\u00f3n que tomamos es fundamental para el bienestar de nuestros vecinos y para la sustentabilidad de nuestro municipio.<\/p>\n\n\n\n<p>OBJETIVOS AL INICIO DE LA GESTI\u00d3N.<\/p>\n\n\n\n<p>Tal como lo anticip\u00e9 en mi discurso de toma de posesi\u00f3n las primeras acciones de mi gobierno tienden a: \u00a8 Ordenar financieramente al municipio. Esto implica mejorar la asignaci\u00f3n de los recursos de manera tal que podamos afrontar con mayor holgura los desaf\u00edos de la actual situaci\u00f3n econ\u00f3mica y social imperante en el pa\u00eds, la provincia y el departamento. \u00a8 Recuperar la prestaci\u00f3n de servicios municipales en cantidad y calidad. \u00a8 Mejorar el estado de los espacios p\u00fablicos. \u00a8 Mejorar el estado de los edificios p\u00fablicos, sean de uso exclusivo del municipio o que est\u00e9n afectados a la actividad econ\u00f3mica de Malarg\u00fce. \u00a8 Recuperar el parque automotor, en la medida que sea posible. \u00a8 Recuperar la planificaci\u00f3n estrat\u00e9gica del departamento. \u00a8 Ordenar y transparentar el uso y destino de las tierras fiscales del municipio. \u00a8 Finalizar las obras p\u00fablicas que se encuentran en ejecuci\u00f3n. \u00a8 Ordenar administrativamente el municipio colocando mayores controles en la ejecuci\u00f3n presupuestaria. \u00a8 Generar las condiciones para el desarrollo sostenible de Malarg\u00fce y la generaci\u00f3n de empleo genuino. AVANCES Intentar\u00e9 ser lo m\u00e1s breve posible en este informe, por cuanto enviar\u00e9 al correo electr\u00f3nico de cada uno de los se\u00f1ores y se\u00f1oras ediles, un archivo que contiene un informe detallado por cada \u00e1rea municipal. Respecto del ejercicio presupuestario finalizado el 31 de diciembre de 2023 el mismo finaliz\u00f3 con un d\u00e9ficit (el nivel de gastos super\u00f3 a los ingresos) de ciento sesenta y dos millones trescientos trece mil trescientos cincuenta y cuatro pesos con seis centavos ($ 162.313.354,06) y una deuda exigible de seiscientos noventa y nueve millones ochocientos setenta y siete mil seiscientos dieciocho pesos con cincuenta y seis centavos ($699.877.618,56) . Esto puede verse claramente en la informaci\u00f3n remitida a este Honorable cuerpo en el d\u00eda de ayer, correspondiente al informe de Responsabilidad Fiscal del cuarto trimestre de 2023 (Anexo 2 y 4).<\/p>\n\n\n\n<p>El mismo tambi\u00e9n ya est\u00e1 publicado en la p\u00e1gina Web del municipio. Desde el inicio de nuestra gesti\u00f3n al 06 de marzo de 2024, ya hemos cancelado el 63% de la deuda recibida, lo que representa la suma de pesos cuatrocientos cuarenta y tres millones doscientos cuarenta y cuatro mil sesenta y nueve con setenta centavos ($ 443.244.069,70). A lo largo de estos ochenta y tres d\u00edas hemos generado acciones que nos han permitido mejorar los servicios p\u00fablicos que presta el municipio. Desde la limpieza de cunetas, perfilamiento de calles, recuperaci\u00f3n de fuentes de agua, limpieza de espacios verdes, recolecci\u00f3n de basura con mayor eficiencia, reacondicionamiento del palacio municipal, el galp\u00f3n de servicios p\u00fablicos, el matadero frigor\u00edfico municipal, el Centro de Convenciones, el Cementerio Local, mejoramiento de la cubierta sanitaria, entre otros. Para garantizar el mantenimiento del arbolado p\u00fablico, bastante olvidado y deteriorado, tuvimos que enfrentar en primer lugar el pago de la deuda que el municipio manten\u00eda con el Departamento General de Irrigaci\u00f3n que ascendi\u00f3 a la suma de pesos cuarenta y nueve millones ciento ochenta y siete mil quinientos setenta y ocho con cincuenta y cinco Centavos ($ 49.187.578, 55). Es importante destacar que la deuda registrada y declarada en el acuerdo 870 del Tribunal de Cuentas, al momento de iniciar mi gesti\u00f3n era de pesos dos millones setecientos veintisiete mil novecientos diecis\u00e9is con treinta y seis centavos ($ 2.727.916,36), informaci\u00f3n que est\u00e1 publicada en el informe de Responsabilidad Fiscal del cuarto trimestre y que de haberse colocado el importe real el d\u00e9ficit del per\u00edodo 2023 ser\u00eda mayor y la deuda exigible tambi\u00e9n. En el marco del ordenamiento administrativo del municipio hemos generado procedimientos internos que nos permiten un mejor control en el uso de los recursos. A modo de ejemplo podemos mencionar el caso del gasto en combustible. En el per\u00edodo que va desde el 10 de noviembre de 2023 al 10 de diciembre de 2023, casi sin flota vehicular municipal, se consumieron 41.869 litros de combustible, mientras que en el per\u00edodo que va desde el 11 de diciembre de 2023 al 10 de enero de 2024, es decir en nuestra gesti\u00f3n, con mayor cantidad de unidades en funcionamiento, se consumieron 27.787 litros. Esto significa aproximadamente un 34% menos.<\/p>\n\n\n\n<p>Controlar el uso del dinero que es de todos es una obligaci\u00f3n innegociable de nuestra gesti\u00f3n. Un caso emblem\u00e1tico es el uso de la Tarjeta Ruta habilitada a Secretar\u00eda Privada de Intendencia que tuvo, durante el ejercicio 2023, un consumo total de 10.764 litros de combustible, lo que significa un promedio mensual de 897 litros con un recorrido mensual estimado de 11.000 km. Sin lugar a duda, todo un descontrol. En el mismo sentido, estamos trabajando en la unificaci\u00f3n de las tareas de inspecci\u00f3n de rentas, obras privadas, catastro, bromatolog\u00eda y ambiente. Incorporando tecnolog\u00eda actualizada con una carga \u00fanica que evita la superposici\u00f3n de visitas y requerimientos a los contribuyentes. En s\u00edntesis, un tr\u00e1mite de ventanilla \u00fanica, en la Ciudad y la zona rural. Con el acompa\u00f1amiento de este cuerpo deliberativo, estamos paulatinamente mejorando la situaci\u00f3n de la cubierta sanitaria y de los basurales a cielo abierto de la ciudad y los distritos.<\/p>\n\n\n\n<p>Somos conscientes que a\u00fan falta mucho, pero nadie puede negar los avances realizados a pesar de los escasos recursos en maquinarias con la que nos encontramos. Al inicio de nuestra gesti\u00f3n, recibimos en marcha dos camiones volcadores, un cami\u00f3n compactador, una retro excavadora. Hoy contamos con seis camiones volcadores, cinco camiones compactadores, tres retroexcavadoras, dos m\u00e1quinas cargadoras, una m\u00e1quina topadora, dos camiones para agua, todos en marcha gracias al esfuerzo y compromiso de nuestro personal municipal, no ha sido necesario recurrir a efectores externos. Pronto pondremos en marcha una motoniveladora. Como dice el dicho \u201cQuerer es poder\u201d. Eso es lo que hemos hecho para que Malarg\u00fce cuente con un parque automotor, aunque viejo, en funcionamiento. Cabe destacar que gracias al convenio de cooperaci\u00f3n con la Direcci\u00f3n Nacional de Vialidad hemos podido contar con maquinaria para perfilar calles en diferentes barrios de nuestra Ciudad. A\u00fan nos queda mucho por hacer, pero la Ciudad va cambiando su aspecto. La zona rural no est\u00e1 descuidada y de la misma manera en que nos hemos preocupado por el parque automotor de la Ciudad, estamos poniendo en marcha veh\u00edculos livianos que son necesario para el buen servicio de los habitantes y que, lamentablemente, se recibi\u00f3 en p\u00e9simas condiciones.<\/p>\n\n\n\n<p>Ha sido una preocupaci\u00f3n constante que todos los programas municipales de las diferentes \u00e1reas lleguen a los habitantes de la zona rural. Estamos haciendo todo lo posible para finalizar las obras p\u00fablicas que quedaron inconclusas. La falta de planos y de materiales nos han demorado en su ejecuci\u00f3n, pero pondremos todo nuestro esfuerzo para finalizar la Plaza Independencia, el boulevard de la Avenida Rufino Ortega, el Monumento a la Biblia y boulevard de la calle Maza, el Parque del Ayer, entre otros. Estamos en la b\u00fasqueda de informaci\u00f3n de obras prometidas para Malarg\u00fce como el Parque de los Ni\u00f1os y el Parque del Oeste. Hemos continuado con las obras para la provisi\u00f3n de gas natural a los barrios Virgen del Carmen y Virgen de los Vientos. Una de las primeras acciones ha sido regularizar el pago a las empresas contratistas que no hab\u00edan cobrado ning\u00fan certificado. Esperamos pronto poder poner en funcionamiento dichas obras. Para el inicio de clases colaboramos con muchas escuelas del departamento que necesitaban pintar sus edificios, contando con el material y necesitando la mano de obra que fue provista por el municipio. De igual modo reacondicionar los predios internos y las veredas. Estamos reforzando el \u00e1rea de protecci\u00f3n Civil, organizando reuniones permanentes con todos los sectores que de alguna forma est\u00e1n involucrados en tales tareas. Hemos estado de forma activa en cada situaci\u00f3n en la que ha sido necesaria su presencia y participaci\u00f3n. Estamos reorganizando nuestro cuerpo de preventores. Creemos que no s\u00f3lo deben ser un instrumento de multas, sino de educaci\u00f3n vial y de colaboraci\u00f3n permanente en la prevenci\u00f3n del delito. Tomamos contacto con la municipalidad de Rivadavia, Mendoza, con quienes nos hemos reunido a los efectos de adoptar las mejores pr\u00e1cticas en la funci\u00f3n del cuerpo de preventores. Nos encontramos elaborando un proyecto que nos permita en un plazo no muy lejano, contar con un Centro de Monitoreo Municipal que sea complementario con el que cuenta la Polic\u00eda local. Siempre he tenido como objetivo claro que el estado, en sus diversos niveles, debe trabajar para disminuir los efectos de la discriminaci\u00f3n en el uso del tiempo libre, para lo cual es fundamental las acciones en educaci\u00f3n, cultura, deporte, entre otras. En ese sentido pusimos en marcha las \u201csendas culturales\u201d, que comenzaron el d\u00eda 17 de diciembre de 2023 y de ah\u00ed han venido realiz\u00e1ndose todos los d\u00edas s\u00e1bado, siendo el objetivo que puedan realizarse durante todo el a\u00f1o.<\/p>\n\n\n\n<p>Asimismo, realizamos la Colonia de Verano Federal que incluy\u00f3, adem\u00e1s de la Ciudad en diferentes barrios, Agua Escondida y Bardas Blancas. Este a\u00f1o tambi\u00e9n se realiz\u00f3 para adultos mayores, habiendo participado un total 738 personas, entre adultos mayores, ni\u00f1os y ni\u00f1as. La Fiesta Nacional del Chivo, uno de los productos culturales y tur\u00edsticos de mayor relevancia en el departamento, hab\u00edamos tomado la decisi\u00f3n de no realizarla dada la situaci\u00f3n econ\u00f3mica y financiera del pa\u00eds y del departamento, tal cual lo hab\u00eda anunciado. Pero ante el pedido de muchos artistas, agrupaciones gauchas e instituciones locales como la C\u00e1mara de Comercio y afines de Malarg\u00fce, AMATUR y la Sociedad Rural del Secano Mendocino, quienes entend\u00edan que deb\u00edamos hacer un esfuerzo conjunto, revimos la decisi\u00f3n y finalmente, con mucho esfuerzo se pudo brindar a nuestra comunidad y a los turistas que visitaron Malarg\u00fce en esa fecha, una fiesta austera pero con mucho cari\u00f1o. Adem\u00e1s del agradecimiento a las instituciones participantes, a los artistas que actuaron gratis por amor a Malarg\u00fce y, que Dios mediante en la pr\u00f3xima edici\u00f3n ser\u00e1n los primeros contratados, debemos agradecer la colaboraci\u00f3n de los municipios chilenos de San Clemente, El Romeral, Curic\u00f3, Talca y San Fernando, y tambi\u00e9n al personal municipal. Estos son los momentos que ponen en evidencia el amor por nuestra tierra. A todos, nuevamente, mil gracias. Durante los d\u00edas del festival, firmamos una Carta Acuerdo con el ministro de Producci\u00f3n del Gobierno de Mendoza, Rodolfo Vargas Arizu, para que el municipio volviera a participar de programas provinciales de promoci\u00f3n del empleo dado que la Municipalidad de Malarg\u00fce estaba suspendida por las irregularidades, de p\u00fablico conocimiento, que tuvo el programa Enlace. Gracias al apoyo de gobierno nacional saliente, se pudo adquirir diversos elementos para los Jardines Maternales del municipio a trav\u00e9s del programa Buena Cosecha. Fueron casi tres millones por jard\u00edn. Lamentablemente entre el momento de recibir los recursos y ejecutarlos hubo una devaluaci\u00f3n que mermo en casi un cincuenta por ciento el poder adquisitivo del mismo. Para nuestra gesti\u00f3n, escuchar al vecino es fundamental, por ello hemos puesto en marcha un programa, a trav\u00e9s de la Direcci\u00f3n de Inclusi\u00f3n y Desarrollo Social, que ir\u00e1 a todos los barrios y parajes del departamento.<\/p>\n\n\n\n<p>Pero tambi\u00e9n es necesario que el di\u00e1logo permanente con las instituciones de Malarg\u00fce sea fluido, permanente y sincero. Es por ello por lo que, a trav\u00e9s de la Direcci\u00f3n de Relaciones con la Comunidad, hemos buscado que el Honorable Concejo Deliberante cuente con la informaci\u00f3n y la presencia de los funcionarios que ayuden en la tarea de legislar y controlar que tiene el Departamento Deliberativo. Estamos iniciando un nuevo ciclo lectivo en nuestros Jardines Maternales, Centros de Apoyo Educativo y Academia Municipal de Ingl\u00e9s. Felices de poder brindar posibilidades a nuestra infancia, ni\u00f1os y adolescentes que deber\u00e1n enfrentar un mundo cada vez m\u00e1s complejo y competitivo y donde los mejores empleos y salarios ser\u00e1n para aquellos que tengan mayor conocimiento y habilidades. Es por ello por lo que trabajamos para poder realizar la mayor inclusi\u00f3n posible en todo el departamento con una visi\u00f3n descentralizada.<\/p>\n\n\n\n<p>Sin embargo hemos tenido que hacer frente a la regularizaci\u00f3n de los docentes que brindan su trabajo y conocimiento en los distintos espacios educativos municipales. Nos encontramos con el Decreto N\u00ba 567\/2023 de fecha 10 de febrero de 2023 que aprueba un \u201cConvenio de Docentes Municipales\u201d. Los convenios colectivos son acuerdos vinculantes entre los representantes de los trabajadores y, en este caso el municipio, que regulan las condiciones laborales. Para que est\u00e9n vigentes deben ser presentados ante la autoridad laboral competente, ser aprobado por el Concejo Deliberante y publicado en el Bolet\u00edn oficial. Nada de esto sucedi\u00f3 al punto tal que dicho convenio no forma parte del decreto en cuesti\u00f3n, no se encuentra en la oficina de Despacho, ni en Asesor\u00eda Letrada, ni en los archivos de la Direcci\u00f3n de Educaci\u00f3n. No conocemos qui\u00e9n fue la contraparte, ni encontramos la homologaci\u00f3n de dicho convenio. Adem\u00e1s, no est\u00e1 de acuerdo con las leyes que regulan la relaci\u00f3n laboral de los empleados municipales. Ellas son las leyes N\u00ba 5811 y 5892.<\/p>\n\n\n\n<p>Asimismo, no estaban claras las incompatibilidades que el ejercicio docente y el trabajo en el estado p\u00fablico de Mendoza requiere. Por tal motivo procedimos a realizar una investigaci\u00f3n sumaria y a establecer un mecanismo m\u00e1s transparente, de acuerdo con la legislaci\u00f3n que rige para los empleados municipales y a evitar las incompatibilidades en el ejercicio docente. Transitoriamente, hemos designado a cada uno de los docentes en una categor\u00eda, de las disponibles en la \u00faltima planta de personal aprobada por este Honorable Concejo Deliberante, sum\u00e1ndoles los adicionales legalmente disponibles y que aseguren un ingreso equivalente al que percib\u00edan. En el proyecto de presupuesto que pr\u00f3ximamente enviaremos, crearemos las categor\u00edas que corresponden a la tarea que desarrollan los empleados municipales con funci\u00f3n docente. Hemos procurado mantener los contratos de locaci\u00f3n, en funci\u00f3n de la necesidad real de los servicios que ellos brindan. Tenemos una gran preocupaci\u00f3n por un tema que se est\u00e1 presentando con los locadores que vienen de ejercicios pasados, en el sentido de que han acumulado una deuda ante la Administraci\u00f3n Federal de Ingresos P\u00fablicos y la Administraci\u00f3n Tributaria Mendoza por conceptos que debieron abonar y que, seg\u00fan afirman los locadores, iba a ser el municipio el que se hac\u00eda cargo de estos. Recordemos que era el municipio, a trav\u00e9s de agentes municipales, qui\u00e9n administraba sus claves fiscales y su facturaci\u00f3n, situaci\u00f3n que est\u00e1 prohibida por ley y que hemos eliminado como costumbre dentro del municipio. La realidad indica que la deuda existe y que ni el municipio ni los locadores hicieron frente en el momento oportuno al pago de estas obligaciones. Solo a modo de ejemplo, a un locador hoy le reclaman m\u00e1s de quinientos mil pesos por la deuda e intereses, que adem\u00e1s \u00e9stos \u00faltimos son muy elevados. No tengo claro como terminar\u00e1 esta situaci\u00f3n, si que debemos ser m\u00e1s responsables y transparentes con quienes prestan un servicio al municipio que no solo lo hacen por su conocimiento y capacidad sino muchas veces por su delicada situaci\u00f3n social. Siempre ha sido nuestra preocupaci\u00f3n el posibilitar la estad\u00eda de los familiares que por alguna raz\u00f3n deben concurrir al Hospital Humberto Notti para el tratamiento de alguna enfermedad de sus hijos. El municipio manten\u00eda una deuda de pesos doscientos veinticinco mil ($ 225.000) correspondiente a los meses de enero a agosto de 2023 con la Fundaci\u00f3n Ronald McDonald en Mendoza por lo que las familias se ve\u00edan impedidas de este servicio. Acabamos de saldar la deuda y hemos firmado un convenio con la Fundaci\u00f3n destinado a las familias que deben atender sus hijos en el Hospital Humberto Notti. Estamos convencidos de que el turismo es una de las actividades econ\u00f3micas fundamentales para el desarrollo de Malarg\u00fce y una de las m\u00e1s r\u00e1pidas en poner en movimiento frente a la crisis actual que vive el pa\u00eds. Por ello comenzamos por poner en orden y buen funcionamiento el Complejo Planetario Malarg\u00fce, el Centro de Convenciones y Exposiciones Thesaurus. Estamos trabajando arduamente para lograr poner en marcha, de una vez por todas, el Parque Huellas de los Dinosaurios. Con parte de los fondos de promoci\u00f3n tur\u00edstica que recibe mediante coparticipaci\u00f3n el municipio, hemos procedido a la compra de un utilitario Renault Kangoo que ser\u00e1 destinada a la divulgaci\u00f3n de la oferta tur\u00edstica del departamento. Asimismo, queremos finalizar los tr\u00e1mites ante la Agencia de Administraci\u00f3n de Bienes del Estado (AABE) para el traspaso definitivo a la municipalidad de Malarg\u00fce del Parque El Mirador, ubicado en las instalaciones del ex complejo fabril de la Comisi\u00f3n Nacional de Energ\u00eda At\u00f3mica. Adem\u00e1s de servir a toda nuestra comunidad como un lugar de encuentro, recreaci\u00f3n y esparcimiento, tambi\u00e9n nos servir\u00e1 para los turistas que nos visiten. En este sentido, estamos planificando la puesta en funcionamiento de un centro de interpretaci\u00f3n en ese lugar. En esta temporada de verano, el camping municipal ha tenido un excelente movimiento de acampantes. Se ha invertido en mejorar los servicios que all\u00ed se prestan y, gracias al personal municipal, los usuarios de este nos recomiendan a otros turistas. Asimismo, se puso en funcionamiento el sistema de bicicletas tur\u00edsticas que pose\u00eda el municipio, recibidas en donaci\u00f3n y que no estaban al servicio de los visitantes. Despu\u00e9s de ponerlas en condiciones se distribuyeron entre el camping y la direcci\u00f3n de turismo. El ciclo Cine Bajo las Estrellas, que se viene desarrollando en diferentes espacios p\u00fablicos de la Ciudad y de los distritos ha permitido que muchos malarg\u00fcinos y visitantes disfruten del s\u00e9ptimo arte a la luz de nuestro maravilloso cielo. Hemos estrenado pel\u00edculas de cineastas de la provincia de Mendoza y ya est\u00e1 en funcionamiento la Boleter\u00eda Digital para adquirir entradas de cine, planetario, camping y \u00e1reas protegidas municipales. La planificaci\u00f3n estrat\u00e9gica en lo territorial, urbano, econ\u00f3mico y ambiental es prioridad de nuestra gesti\u00f3n. Por ello nos encontramos trabajando en la elaboraci\u00f3n de un nuevo c\u00f3digo de edificaci\u00f3n urbana que estar\u00e1 directamente vinculado a la macro zonificaci\u00f3n con una nueva mirada de la ciudad, el oasis y la zona rural. Con ello pretendemos recuperar la participaci\u00f3n ciudadana en la fijaci\u00f3n del destino de nuestro departamento. Estamos fortaleciendo el Observatorio para el Desarrollo Sustentable de Malarg\u00fce, actualizando las bases de datos ambientales, econ\u00f3micos y del desarrollo humano con la participaci\u00f3n de las instituciones vinculadas a los mismos. Est\u00e1 en pleno desarrollo la infraestructura de datos espaciales que nos permitir\u00e1 acceder a informaci\u00f3n actualizada en distintas tem\u00e1ticas, incluso en los pr\u00f3ximos d\u00edas se podr\u00e1 acceder a un visualizador de mapas descargable en formato sencillo, que podr\u00e1 ser utilizado en el \u00e1mbito educativo y\/o de investigaci\u00f3n. Por ejemplo, se podr\u00e1 descargar un mapa con la ubicaci\u00f3n de todos y cada uno de los puestos de Malarg\u00fce. A pesar de que el matadero frigor\u00edfico municipal de ganado menor no se encontraba en las condiciones \u00f3ptimas al inicio de nuestra gesti\u00f3n, especialmente por el estado de las c\u00e1maras de fr\u00edo y el t\u00fanel de oreo, se realizaron las acciones pertinentes que permitieron brindar un servicio adecuado a nuestros matarifes, con los turnos solicitados por todos. Se incremento la cantidad de animales faenados en un dieciocho por ciento (18%) respecto de la temporada 2022\/2023. Necesitamos dar respuesta r\u00e1pida, concreta y legal a quienes apuestan por el desarrollo de Malarg\u00fce y para quienes el acceso a la tierra es fundamental. En este sentido nos hemos avocado al cumplimiento del cargo existente en la compra de las tierras de Ca\u00f1ada Colorada, para permitir que los puesteros y su familia que llevan m\u00e1s de cien a\u00f1os habitando ese territorio puedan tener la propiedad definitiva del lugar que habitan. De igual manera, regularizar los espacios destinados al turismo.<\/p>\n\n\n\n<p>Sin desconocer que existen otros terrenos municipales que necesitan ser regularizados como por ejemplo los barrios Virgen del Carmen, Virgen de los Vientos, ambos dentro de Ca\u00f1ada Colorada, Colonia H\u00edpica, Colonia de Emprendedores, Colonia Pehuenche, zonas rurales, entre otros. Para ello, estamos generando un andamiaje legal y administrativo que permita comenzar a dar soluciones concretas a quienes necesitan regularizar su situaci\u00f3n, tomando las decisiones que corresponda cuando por incumplimiento a la ley vigente se deban dejar sin efecto las tenencias, contratos y todo instrumento que atenta contra los intereses en el cuidado del patrimonio municipal. Adem\u00e1s de las Ordenanzas que este Honorable Concejo ha dictado, hemos firmado este lunes pr\u00f3ximo pasado un Convenio marco con el Colegio de Agrimensores de Mendoza para acceder a la figura del agrimensor solidario, esto implicar\u00e1 una reducci\u00f3n en los honorarios de los profesionales de aproximadamente cincuenta por ciento y un plan de pagos que permita a quienes comiencen a regularizar su situaci\u00f3n dominial tengan un sistema m\u00e1s accesible. De igual modo, firmaremos en los pr\u00f3ximos d\u00edas un convenio con el Colegio Notarial de Mendoza para que los escribanos regularizadores act\u00faen de igual modo que los agrimensores. Todos sabemos que el manejo de la tierra, en los \u00faltimos a\u00f1os, ha sido ca\u00f3tico. He decidido dejar sin efecto el contrato de alquiler firmado por el municipio y la empresa Maxfa S.A., por cuanto ha sido firmado sin cumplir los requisitos exigidos por la Ley Org\u00e1nica de Municipalidades N\u00ba 1079 en su art\u00edculo 105 inciso 9 que establece: \u201cCelebrar contratos sobre las propiedades inmuebles de la municipalidad con autorizaci\u00f3n del concejo y previa licitaci\u00f3n p\u00fablica\u201d, y el incumplimiento del art\u00edculo 5\u00ba de la ordenanza N\u00ba 2.330\/21 que establece: \u201cEl\u00e9vese a este Honorable Cuerpo Deliberativo, cada uno de los contratos de arrendamiento, previo a su celebraci\u00f3n entre las partes, para revisi\u00f3n y pronta aprobaci\u00f3n\u201d. El incumplimiento de estos requisitos torna al contrato en inexistente, por considerar que el vicio que lo origin\u00f3 tiene el car\u00e1cter de grosero. Por esta raz\u00f3n, adem\u00e1s, he instruido a la parte jur\u00eddica del municipio a realizar la correspondiente denuncia judicial por incumplimiento en los deberes de funcionario p\u00fablico a quienes deliberadamente y, a sabiendas, dado que el origen de la Ordenanza en cuesti\u00f3n estuvo en el Departamento Ejecutivo Municipal, incumplieron con las normativas vigentes. Cabe mencionar que a la fecha, este Concejo no se ha expedido respecto del contrato de arrendamiento mencionado, raz\u00f3n por la cu\u00e1l nunca debi\u00f3 firmarse el contrato. Es importante destacar que no estoy para nada en contra del desarrollo econ\u00f3mico de Malarg\u00fce y de la generaci\u00f3n de empleo, pero toda inversi\u00f3n debe ser realizada en el pleno cumplimiento de las leyes y entendiendo que quien administra la cosa p\u00fablica tiene el deber de cuidar el patrimonio que es de todos los malarg\u00fcinos. Otro sonado caso es el de la tenencia provisoria con vencimiento el 10 de diciembre de 2.023, de cinco hect\u00e1reas, que fuera otorgado para la construcci\u00f3n de dos canchas de f\u00fatbol once con c\u00e9sped sint\u00e9tico. El terreno en cuesti\u00f3n est\u00e1 incluido en la zona destinada al parque agrario, por lo que la actividad no estaba acorde a lo establecido en la normativa vigente. Adem\u00e1s, todos los estudios ambientales existentes en el municipio, incluido el Plan de Ordenamiento Territorial enviado a este Honorable Concejo por la gesti\u00f3n anterior, establec\u00eda que esta zona ten\u00eda el car\u00e1cter de intangible por lo que no deb\u00eda ser desmontada. Es la zona de carga de la napa fre\u00e1tica del departamento. Existen informes, en el expediente, de funcionarios anteriores, donde se expresa que tal proyecto no re\u00fane las condiciones establecidas para su instalaci\u00f3n en el parque agrario. Asimismo, existe una resoluci\u00f3n judicial que orden\u00f3 frenar el desmonte y las obras que all\u00ed se realizaban. Por tal motivo orden\u00e9 la no renovaci\u00f3n de dicha tenencia, porque adem\u00e1s si se considera que era parte del Parque Agrario, requer\u00eda de la aprobaci\u00f3n previa de este Cuerpo Deliberativo. No se pueden desconocer los da\u00f1os ambientales provocados en la zona, raz\u00f3n por la cual he instruido a la parte jur\u00eddica del municipio analizar si corresponde iniciar acciones legales y determinar a los posibles responsables. P\u00e1rrafo aparte merece el hecho de que tal Parque nunca debi\u00f3 crearse en las tierras de Ca\u00f1ada Colorada hasta tanto se cumpliera con el cargo que pesa sobre su compra, lo cual hasta la fecha no ha ocurrido.<\/p>\n\n\n\n<p>Estamos dando un paso importante con la cartograf\u00eda de todas las canteras de minerales de tercera categor\u00eda, especialmente las ubicadas en las tierras de Ca\u00f1ada Colorada. Asimismo, estamos avanzando en convenios con otras instituciones para contar con la informaci\u00f3n actualizada de cantidad de cabezas de ganado ovino, caprino, bovino, entre otros, en todo el departamento. As\u00ed como el relevamiento de los caminos ganaderos. Eso nos permitir\u00e1 tomar mejores decisiones en cuanto a la actividad agropecuaria del departamento y garantizarnos as\u00ed la diversificaci\u00f3n de nuestra econom\u00eda. Otro tema que hemos encarado es la regularizaci\u00f3n del Parque Industrial Municipal y de Servicios Malarg\u00fce, ubicado en la ex f\u00e1brica Grassi. Adem\u00e1s de darle un ordenamiento territorial, estamos analizando aquellos proyectos que han sido adjudicados en el mismo sin cumplir con los lineamientos establecidos en las ordenanzas vigentes e incluso con pol\u00edgonos superpuestos. El desmanejo de la cosa p\u00fablica, al igual que su deterioro, es una acci\u00f3n penada por la ley, en virtud de ello he ordenado al Asesor letrado del Municipio a constituirse en querellante particular en todas las causas iniciadas por este Honorable Concejo Deliberante. De igual modo, he instruido el an\u00e1lisis de los expedientes administrativos, que en principio presentan irregularidades, a fin de llevarlos a la Justicia para que la misma determine la existencia o no de delitos. Un ejemplo de ello es el destino de grandes cantidades de bolsas de cemento licitadas para determinadas obras y el desv\u00edo hacia otros destinos, casualmente en \u00e9poca de veda electoral, y otros cuyo destino se desconoce. Tengan por seguro que se iniciar\u00e1n las acciones civiles que correspondan para que los responsables del deterioro e inutilizaci\u00f3n de los bienes del municipio paguen los da\u00f1os causados a los bienes de todos los malarg\u00fcinos. Estamos convencidos que debemos fortalecer la Fundaci\u00f3n para el Desarrollo Econ\u00f3mico y Empresarial de Malarg\u00fce, con nuevos lineamientos y objetivos. De ella depende nuestra Incubadora de Empresas, la primera en la provincia, y que necesita de una reorganizaci\u00f3n y fijaci\u00f3n de nuevas metas, cosa que quienes hoy forman parte de la Fundaci\u00f3n y de la Gerencia de dicha instituci\u00f3n est\u00e1n llevando a cabo.<\/p>\n\n\n\n<p>En este sentido, despu\u00e9s de mucho trabajo y esfuerzo econ\u00f3mico, t\u00e9cnico y financiero, se logr\u00f3 poner nuevamente en funcionamiento a pleno la planta de extracci\u00f3n de miel, dando respuesta as\u00ed a los apicultores del departamento. Un desaf\u00edo futuro ser\u00e1 la modernizaci\u00f3n de esta y obtener nuevas certificaciones para nuestra miel, entre ellas \u201cCertificado libre de gluten\u201d. Asimismo, lograr la estandarizaci\u00f3n de nuevos productos. Estamos convencidos de que la calidad en los productos y servicios debe ser constante y garantizada, por ello hemos comenzado la tarea para certificar nuevamente las normas ISO 9001 en las \u00e1reas municipales relacionadas con el turismo. Asimismo, queremos poner en valor todo lo vinculado al desarrollo de la econom\u00eda social. En momentos de tanta problem\u00e1tica social necesitamos estar al lado de nuestros artesanos y emprendedores para acompa\u00f1arlos en la dif\u00edcil tarea de colocar sus productos. Estaremos presente en la planificaci\u00f3n y en la acci\u00f3n.<\/p>\n\n\n\n<p>LOS DESAF\u00cdOS He afirmado, y lo reafirmo, que el futuro de Mendoza pasa por Malarg\u00fce. El mundo atraviesa grandes desaf\u00edos a la hora de pensar en la transici\u00f3n energ\u00e9tica. Malarg\u00fce tiene lo que el futuro requiere: cobre, potasio, sol en abundancia, cielo l\u00edmpido, r\u00edos caudalosos, petr\u00f3leo, recurso humano preparado, centros educativos de calidad. Mendoza tiene una posibilidad que no podemos permitir que se pierda. La miner\u00eda en el marco de la legislaci\u00f3n vigente debe ser una realidad. Necesitamos explotar nuestros recursos naturales y con ello la generaci\u00f3n de empleo genuino y con buenos salarios. Por ello acompa\u00f1amos el proceso de exploraci\u00f3n de los proyectos mineros de Hierro Indio, Cerro Amarillo, las Choicas, El Burrero y Adriana. Seremos fieles cuidadores de nuestro ambiente y del uso de la mano de obra malarg\u00fcina. Necesitamos que el engranaje que se est\u00e1 poniendo en funcionamiento funcione adecuadamente, que evitemos el rodamiento y el desgaste. Esto implica un trabajo mancomunado y finito entre el Gobierno Provincial, el municipio y las empresas inversoras. Insisto, Mendoza no puede desperdiciar esta oportunidad, los malarg\u00fcinos estamos dispuestos a acompa\u00f1ar esta patriada. Celso Alejandro Jaque 16 16 Celebramos el anuncio del se\u00f1or Gobernador de la provincia, en Canad\u00e1, en cuanto a la creaci\u00f3n de Malarg\u00fce Distrito Minero Occidental. Sabemos de la importancia de tal decisi\u00f3n y descontamos que el municipio ser\u00e1 un actor necesario e importante a la hora de hacer realidad dicho anuncio. IMPULSA MENDOZA es la herramienta creada por el Gobierno de Mendoza para el desarrollo de la miner\u00eda sustentable. Su principal objetivo, seg\u00fan reza en su sitio WEB, es lograr un crecimiento ordenado de un sector clave para el desarrollo econ\u00f3mico y social y las energ\u00edas alternativas y renovables, con planificaci\u00f3n y seguridad jur\u00eddica en todas las etapas. Estoy convencido que es una buena iniciativa del gobierno provincial y ser\u00eda muy bueno para un departamento que apuesta por el desarrollo minero tener una participaci\u00f3n en la misma. Nuestros representantes en la legislatura provincial podr\u00edan tomar esta iniciativa como parte del resarcimiento econ\u00f3mico que merece Malarg\u00fce por todos los recursos no renovables que ha aportado para el crecimiento de la Provincia a lo largo de su historia. Tenemos todas las esperanzas puestas en la reactivaci\u00f3n de Potasio R\u00edo Colorado. Nos alegra saber que la Declaraci\u00f3n de Impacto Ambiental vigente es la originaria que se ha ido actualizando cada dos a\u00f1os. Esto significa que la empresa tiene importantes obligaciones que cumplir con el pueblo de Malarg\u00fce. Estamos trabajando con las empresas que llevaran a cabo la instalaci\u00f3n de los parques de energ\u00eda solar en nuestro departamento. Hemos sido claros a la hora de hacer cumplir la toma de mano de obra local. Para ello la oficina de empleo del municipio no solamente recepciona curr\u00edculos de las personas que est\u00e1n en busca de empleo sino que adem\u00e1s prepara cursos de capacitaci\u00f3n de acuerdo con los requerimientos de las empresas que est\u00e1n invirtiendo en Malarg\u00fce. La exploraci\u00f3n de la lengua de Vaca Muerta en el sur del departamento tambi\u00e9n nos genera buenas expectativas, pensando en ello estamos trabajando junto al Sindicato de personal Jer\u00e1rquico y Profesional del petr\u00f3leo, gas privado y qu\u00edmico de Cuyo, y las autoridades del Instituto de Educaci\u00f3n Superior N\u00ba 9-018 en la construcci\u00f3n de un inmueble que albergar\u00e1 un simulador para el trabajo en petr\u00f3leo no convencional donado por la Fundaci\u00f3n YPF. Este servir\u00e1 para capacitar a los estudiantes de la Tecnicatura en Petr\u00f3leo y Gas, los actuales empleados en la industria petrolera y de aquellos malarg\u00fcinos que deseen capacitarse en las actividades del petr\u00f3leo no convencional. La semana entrante el gobierno provincial estar\u00e1 recibiendo la posesi\u00f3n del predio que se expropi\u00f3 para la generaci\u00f3n del parque de Servicios de Pata Mora y, por ende, de las tierras en el que el municipio de Malarg\u00fce desarrollar\u00e1 un nuevo ejido urbano para ese paraje. Si hay un sue\u00f1o y un derecho de todos los malarg\u00fcinos, por el cual estoy dispuesto a luchar, es el aprovechamiento integral del R\u00edo Grande. Desde el a\u00f1o 2006 tiene el compromiso pol\u00edtico y la legitimidad jur\u00eddica de origen en el sur mendocino la construcci\u00f3n de la presa Portezuelo del Viento. Hoy existen por este motivo 1023 millones de d\u00f3lares en un fideicomiso de la provincia para tal fin. Estoy convencido que el sur necesita el trasvasamiento de parte de los 34 m3 de agua, que por derecho le corresponde a Mendoza, desde el R\u00edo Grande al Atuel. Con ello incorporar\u00edamos tierras bajo riego en Malarg\u00fce, San Rafael y General Alvear. Para eso ser\u00eda necesario construir un Portezuelo del Viento con las caracter\u00edsticas del que se llam\u00f3 a licitaci\u00f3n en el a\u00f1o 2011, es decir uno m\u00e1s peque\u00f1o. Conf\u00edo plenamente en que el Se\u00f1or Gobernador nos llamar\u00e1 a discutir el destino de los 1023 millones de d\u00f3lares y seremos capaces de consensuar que estos queden en el sur. De igual modo estoy convencido de que nuestro gobernador tiene la capacidad suficiente para iniciar un di\u00e1logo fruct\u00edfero con el gobierno de La Pampa para hacer posible este sue\u00f1o Todo lo mencionado exige que los malarg\u00fcinos pongamos manos a la obra en la planificaci\u00f3n estrat\u00e9gica de nuestro departamento en todas sus dimensiones. Todos somos necesarios, no sobra nadie.<\/p>\n\n\n\n<p>EN S\u00cdNTESIS<\/p>\n\n\n\n<p>&nbsp;Refrendamos hoy el compromiso de trabajar codo a codo, dejando de lado diferencias partidarias, para enfrentar las vicisitudes que a\u00fan nos acechan como sociedad, pero tambi\u00e9n para aprovechar cada oportunidad de crecimiento y desarrollo que se presenten en nuestro camino.<\/p>\n\n\n\n<p>Nuestra gesti\u00f3n continuar\u00e1 enfoc\u00e1ndose en fortalecer la infraestructura b\u00e1sica, apoyar la educaci\u00f3n en todos sus niveles, mejorar los servicios de salud preventiva, alentar las inversiones productivas y tur\u00edsticas, y por supuesto, colaborar en todo lo concerniente a mejorar la seguridad de nuestros vecinos. No dejaremos de lado el desaf\u00edo ambiental. Malarg\u00fce, bendecido con un entorno natural de incomparable belleza, tiene el compromiso de liderar los esfuerzos de conservaci\u00f3n y uso sostenible de nuestros recursos naturales. Este a\u00f1o se presenta con retos claros: la necesidad de revitalizar nuestra econom\u00eda local post-devaluaci\u00f3n, de integrar a\u00fan m\u00e1s las nuevas tecnolog\u00edas en la gesti\u00f3n de lo p\u00fablico y de solidificar las bases de una comunidad que se siente parte de cada decisi\u00f3n que aqu\u00ed se tome. No tengo dudas de que las puertas de este Concejo siempre estar\u00e1n abiertas, y su accionar ser\u00e1 transparente y participativo, porque cada uno de los habitantes de Malarg\u00fce es parte vital de nuestro quehacer pol\u00edtico. Invito entonces a los distinguidos integrantes de este honorable cuerpo, y a todos los ciudadanos a que se sumen con propuestas, con cr\u00edtica constructiva y con acciones, para en conjunto, llevar adelante la noble tarea de legislar y gobernar para el bien com\u00fan. Hoy m\u00e1s que nunca, nuestro compromiso es con el pueblo, nuestro esfuerzo es por Malarg\u00fce, y nuestro horizonte es el de un futuro pleno de oportunidades para todos y todas. \u00a1Que este a\u00f1o legislativo est\u00e9 lleno de trabajo en equipo, di\u00e1logo constructivo y logros significativos para nuestra comunidad! Que as\u00ed sea, por el bien de Malarg\u00fce y de cada uno de sus habitantes. Con estas palabras, y con la mirada puesta en el bienestar de nuestra gente, declaro formalmente inaugurado el periodo de sesiones ordinarias de este Honorable Concejo Deliberante para el a\u00f1o 2024.  Muchas gracias.<\/p>\n","protected":false},"excerpt":{"rendered":"<p>&nbsp;En Malarg\u00fce Mendoza a siete d\u00edas de marzo de 2024, cuando es la hora 09:08&nbsp;&nbsp; se re\u00fane el Honorable Concejo Deliberante de la Municipalidad de Malarg\u00fce para celebrar su primer Sesi\u00f3n Ordinaria del Periodo 2024. Bajo la&nbsp;&nbsp; Presidencia de su titular Sr. Rodrigo HIDALGO y la presencia de los Se\u00f1ores Concejales Viviana Mosca, Pablo Villarruel, [&hellip;]<\/p>\n","protected":false},"author":5,"featured_media":33337,"comment_status":"closed","ping_status":"closed","sticky":false,"template":"","format":"standard","meta":{"footnotes":""},"categories":[60,52,58,33,36],"tags":[],"class_list":["post-36367","post","type-post","status-publish","format-standard","has-post-thumbnail","hentry","category-acta-de-sesiones","category-gacetillas","category-ordinarias","category-prensa","category-sesiones"],"yoast_head":"<!-- This site is optimized with the Yoast SEO plugin v19.10 - https:\/\/yoast.com\/wordpress\/plugins\/seo\/ -->\n<title>ACTA APERTURA DE SESIONES ORDINARIAS N\u00b01.149-\u201cO\u201d- 7\/03\/2.024.- INFORME SR. INTENDENTE CELSO JAQUE - Malarg\u00fce HCD<\/title>\n<meta name=\"robots\" content=\"index, follow, max-snippet:-1, max-image-preview:large, max-video-preview:-1\" \/>\n<link rel=\"canonical\" href=\"https:\/\/hcd.malargue.gov.ar\/?p=36367\" \/>\n<meta property=\"og:locale\" content=\"es_ES\" \/>\n<meta property=\"og:type\" content=\"article\" \/>\n<meta property=\"og:title\" content=\"ACTA APERTURA DE SESIONES ORDINARIAS N\u00b01.149-\u201cO\u201d- 7\/03\/2.024.- INFORME SR. INTENDENTE CELSO JAQUE - Malarg\u00fce HCD\" \/>\n<meta property=\"og:description\" content=\"&nbsp;En Malarg\u00fce Mendoza a siete d\u00edas de marzo de 2024, cuando es la hora 09:08&nbsp;&nbsp; se re\u00fane el Honorable Concejo Deliberante de la Municipalidad de Malarg\u00fce para celebrar su primer Sesi\u00f3n Ordinaria del Periodo 2024. Bajo la&nbsp;&nbsp; Presidencia de su titular Sr. Rodrigo HIDALGO y la presencia de los Se\u00f1ores Concejales Viviana Mosca, Pablo Villarruel, [&hellip;]\" \/>\n<meta property=\"og:url\" content=\"https:\/\/hcd.malargue.gov.ar\/?p=36367\" \/>\n<meta property=\"og:site_name\" content=\"Malarg\u00fce HCD\" \/>\n<meta property=\"article:published_time\" content=\"2024-03-13T13:12:58+00:00\" \/>\n<meta property=\"article:modified_time\" content=\"2024-03-13T13:21:37+00:00\" \/>\n<meta property=\"og:image\" content=\"https:\/\/hcd.malargue.gov.ar\/wp-content\/uploads\/2023\/03\/actas-sesiones.jpg\" \/>\n\t<meta property=\"og:image:width\" content=\"1640\" \/>\n\t<meta property=\"og:image:height\" content=\"924\" \/>\n\t<meta property=\"og:image:type\" content=\"image\/jpeg\" \/>\n<meta name=\"author\" content=\"Belen Pedernera Ferragut\" \/>\n<meta name=\"twitter:card\" content=\"summary_large_image\" \/>\n<meta name=\"twitter:label1\" content=\"Escrito por\" \/>\n\t<meta name=\"twitter:data1\" content=\"Belen Pedernera Ferragut\" \/>\n\t<meta name=\"twitter:label2\" content=\"Tiempo de lectura\" \/>\n\t<meta name=\"twitter:data2\" content=\"64 minutos\" \/>\n<script type=\"application\/ld+json\" class=\"yoast-schema-graph\">{\"@context\":\"https:\/\/schema.org\",\"@graph\":[{\"@type\":\"WebPage\",\"@id\":\"https:\/\/hcd.malargue.gov.ar\/?p=36367\",\"url\":\"https:\/\/hcd.malargue.gov.ar\/?p=36367\",\"name\":\"ACTA APERTURA DE SESIONES ORDINARIAS N\u00b01.149-\u201cO\u201d- 7\/03\/2.024.- INFORME SR. INTENDENTE CELSO JAQUE - Malarg\u00fce HCD\",\"isPartOf\":{\"@id\":\"https:\/\/hcd.malargue.gov.ar\/#website\"},\"datePublished\":\"2024-03-13T13:12:58+00:00\",\"dateModified\":\"2024-03-13T13:21:37+00:00\",\"author\":{\"@id\":\"https:\/\/hcd.malargue.gov.ar\/#\/schema\/person\/3fd6bbab64edd703961b795156c955d0\"},\"breadcrumb\":{\"@id\":\"https:\/\/hcd.malargue.gov.ar\/?p=36367#breadcrumb\"},\"inLanguage\":\"es-AR\",\"potentialAction\":[{\"@type\":\"ReadAction\",\"target\":[\"https:\/\/hcd.malargue.gov.ar\/?p=36367\"]}]},{\"@type\":\"BreadcrumbList\",\"@id\":\"https:\/\/hcd.malargue.gov.ar\/?p=36367#breadcrumb\",\"itemListElement\":[{\"@type\":\"ListItem\",\"position\":1,\"name\":\"Inicio\",\"item\":\"https:\/\/hcd.malargue.gov.ar\/\"},{\"@type\":\"ListItem\",\"position\":2,\"name\":\"ACTA APERTURA DE SESIONES ORDINARIAS N\u00b01.149-\u201cO\u201d- 7\/03\/2.024.- INFORME SR. INTENDENTE CELSO JAQUE\"}]},{\"@type\":\"WebSite\",\"@id\":\"https:\/\/hcd.malargue.gov.ar\/#website\",\"url\":\"https:\/\/hcd.malargue.gov.ar\/\",\"name\":\"Malarg\u00fce HCD\",\"description\":\"Malarg\u00fce Mendoza Argentina\",\"potentialAction\":[{\"@type\":\"SearchAction\",\"target\":{\"@type\":\"EntryPoint\",\"urlTemplate\":\"https:\/\/hcd.malargue.gov.ar\/?s={search_term_string}\"},\"query-input\":\"required name=search_term_string\"}],\"inLanguage\":\"es-AR\"},{\"@type\":\"Person\",\"@id\":\"https:\/\/hcd.malargue.gov.ar\/#\/schema\/person\/3fd6bbab64edd703961b795156c955d0\",\"name\":\"Belen Pedernera Ferragut\",\"image\":{\"@type\":\"ImageObject\",\"inLanguage\":\"es-AR\",\"@id\":\"https:\/\/hcd.malargue.gov.ar\/#\/schema\/person\/image\/\",\"url\":\"https:\/\/secure.gravatar.com\/avatar\/1054ffab3893de4bb3eb29bdd22f7e34b8537bf5d34d9dab311818154ad5b71f?s=96&d=mm&r=g\",\"contentUrl\":\"https:\/\/secure.gravatar.com\/avatar\/1054ffab3893de4bb3eb29bdd22f7e34b8537bf5d34d9dab311818154ad5b71f?s=96&d=mm&r=g\",\"caption\":\"Belen Pedernera Ferragut\"},\"url\":\"https:\/\/hcd.malargue.gov.ar\/?author=5\"}]}<\/script>\n<!-- \/ Yoast SEO plugin. -->","yoast_head_json":{"title":"ACTA APERTURA DE SESIONES ORDINARIAS N\u00b01.149-\u201cO\u201d- 7\/03\/2.024.- INFORME SR. INTENDENTE CELSO JAQUE - Malarg\u00fce HCD","robots":{"index":"index","follow":"follow","max-snippet":"max-snippet:-1","max-image-preview":"max-image-preview:large","max-video-preview":"max-video-preview:-1"},"canonical":"https:\/\/hcd.malargue.gov.ar\/?p=36367","og_locale":"es_ES","og_type":"article","og_title":"ACTA APERTURA DE SESIONES ORDINARIAS N\u00b01.149-\u201cO\u201d- 7\/03\/2.024.- INFORME SR. INTENDENTE CELSO JAQUE - Malarg\u00fce HCD","og_description":"&nbsp;En Malarg\u00fce Mendoza a siete d\u00edas de marzo de 2024, cuando es la hora 09:08&nbsp;&nbsp; se re\u00fane el Honorable Concejo Deliberante de la Municipalidad de Malarg\u00fce para celebrar su primer Sesi\u00f3n Ordinaria del Periodo 2024. Bajo la&nbsp;&nbsp; Presidencia de su titular Sr. Rodrigo HIDALGO y la presencia de los Se\u00f1ores Concejales Viviana Mosca, Pablo Villarruel, [&hellip;]","og_url":"https:\/\/hcd.malargue.gov.ar\/?p=36367","og_site_name":"Malarg\u00fce HCD","article_published_time":"2024-03-13T13:12:58+00:00","article_modified_time":"2024-03-13T13:21:37+00:00","og_image":[{"width":1640,"height":924,"url":"https:\/\/hcd.malargue.gov.ar\/wp-content\/uploads\/2023\/03\/actas-sesiones.jpg","type":"image\/jpeg"}],"author":"Belen Pedernera Ferragut","twitter_card":"summary_large_image","twitter_misc":{"Escrito por":"Belen Pedernera Ferragut","Tiempo de lectura":"64 minutos"},"schema":{"@context":"https:\/\/schema.org","@graph":[{"@type":"WebPage","@id":"https:\/\/hcd.malargue.gov.ar\/?p=36367","url":"https:\/\/hcd.malargue.gov.ar\/?p=36367","name":"ACTA APERTURA DE SESIONES ORDINARIAS N\u00b01.149-\u201cO\u201d- 7\/03\/2.024.- INFORME SR. INTENDENTE CELSO JAQUE - Malarg\u00fce HCD","isPartOf":{"@id":"https:\/\/hcd.malargue.gov.ar\/#website"},"datePublished":"2024-03-13T13:12:58+00:00","dateModified":"2024-03-13T13:21:37+00:00","author":{"@id":"https:\/\/hcd.malargue.gov.ar\/#\/schema\/person\/3fd6bbab64edd703961b795156c955d0"},"breadcrumb":{"@id":"https:\/\/hcd.malargue.gov.ar\/?p=36367#breadcrumb"},"inLanguage":"es-AR","potentialAction":[{"@type":"ReadAction","target":["https:\/\/hcd.malargue.gov.ar\/?p=36367"]}]},{"@type":"BreadcrumbList","@id":"https:\/\/hcd.malargue.gov.ar\/?p=36367#breadcrumb","itemListElement":[{"@type":"ListItem","position":1,"name":"Inicio","item":"https:\/\/hcd.malargue.gov.ar\/"},{"@type":"ListItem","position":2,"name":"ACTA APERTURA DE SESIONES ORDINARIAS N\u00b01.149-\u201cO\u201d- 7\/03\/2.024.- INFORME SR. INTENDENTE CELSO JAQUE"}]},{"@type":"WebSite","@id":"https:\/\/hcd.malargue.gov.ar\/#website","url":"https:\/\/hcd.malargue.gov.ar\/","name":"Malarg\u00fce HCD","description":"Malarg\u00fce Mendoza Argentina","potentialAction":[{"@type":"SearchAction","target":{"@type":"EntryPoint","urlTemplate":"https:\/\/hcd.malargue.gov.ar\/?s={search_term_string}"},"query-input":"required name=search_term_string"}],"inLanguage":"es-AR"},{"@type":"Person","@id":"https:\/\/hcd.malargue.gov.ar\/#\/schema\/person\/3fd6bbab64edd703961b795156c955d0","name":"Belen Pedernera Ferragut","image":{"@type":"ImageObject","inLanguage":"es-AR","@id":"https:\/\/hcd.malargue.gov.ar\/#\/schema\/person\/image\/","url":"https:\/\/secure.gravatar.com\/avatar\/1054ffab3893de4bb3eb29bdd22f7e34b8537bf5d34d9dab311818154ad5b71f?s=96&d=mm&r=g","contentUrl":"https:\/\/secure.gravatar.com\/avatar\/1054ffab3893de4bb3eb29bdd22f7e34b8537bf5d34d9dab311818154ad5b71f?s=96&d=mm&r=g","caption":"Belen Pedernera Ferragut"},"url":"https:\/\/hcd.malargue.gov.ar\/?author=5"}]}},"_links":{"self":[{"href":"https:\/\/hcd.malargue.gov.ar\/index.php?rest_route=\/wp\/v2\/posts\/36367","targetHints":{"allow":["GET"]}}],"collection":[{"href":"https:\/\/hcd.malargue.gov.ar\/index.php?rest_route=\/wp\/v2\/posts"}],"about":[{"href":"https:\/\/hcd.malargue.gov.ar\/index.php?rest_route=\/wp\/v2\/types\/post"}],"author":[{"embeddable":true,"href":"https:\/\/hcd.malargue.gov.ar\/index.php?rest_route=\/wp\/v2\/users\/5"}],"replies":[{"embeddable":true,"href":"https:\/\/hcd.malargue.gov.ar\/index.php?rest_route=%2Fwp%2Fv2%2Fcomments&post=36367"}],"version-history":[{"count":6,"href":"https:\/\/hcd.malargue.gov.ar\/index.php?rest_route=\/wp\/v2\/posts\/36367\/revisions"}],"predecessor-version":[{"id":36373,"href":"https:\/\/hcd.malargue.gov.ar\/index.php?rest_route=\/wp\/v2\/posts\/36367\/revisions\/36373"}],"wp:featuredmedia":[{"embeddable":true,"href":"https:\/\/hcd.malargue.gov.ar\/index.php?rest_route=\/wp\/v2\/media\/33337"}],"wp:attachment":[{"href":"https:\/\/hcd.malargue.gov.ar\/index.php?rest_route=%2Fwp%2Fv2%2Fmedia&parent=36367"}],"wp:term":[{"taxonomy":"category","embeddable":true,"href":"https:\/\/hcd.malargue.gov.ar\/index.php?rest_route=%2Fwp%2Fv2%2Fcategories&post=36367"},{"taxonomy":"post_tag","embeddable":true,"href":"https:\/\/hcd.malargue.gov.ar\/index.php?rest_route=%2Fwp%2Fv2%2Ftags&post=36367"}],"curies":[{"name":"wp","href":"https:\/\/api.w.org\/{rel}","templated":true}]}}