{"id":36378,"date":"2024-03-13T11:32:50","date_gmt":"2024-03-13T14:32:50","guid":{"rendered":"https:\/\/hcd.malargue.gov.ar\/?p=36378"},"modified":"2024-03-13T11:33:49","modified_gmt":"2024-03-13T14:33:49","slug":"resolucion-n-013-2-024","status":"publish","type":"post","link":"https:\/\/hcd.malargue.gov.ar\/?p=36378","title":{"rendered":"RESOLUCI\u00d3N N\u00b0 013\/2.024"},"content":{"rendered":"<div class=\"wp-block-image\">\n<figure class=\"alignright size-full is-resized\"><a href=\"http:\/\/hcd.malargue.gov.ar\/2024\/rn%20013%202024%20asesor%20letrado%20hcd.pdf\"><img loading=\"lazy\" decoding=\"async\" width=\"512\" height=\"512\" src=\"https:\/\/hcd.malargue.gov.ar\/wp-content\/uploads\/2018\/06\/PDF-JPG.jpg\" alt=\"\" class=\"wp-image-7950\" style=\"width:138px;height:auto\" srcset=\"https:\/\/hcd.malargue.gov.ar\/wp-content\/uploads\/2018\/06\/PDF-JPG.jpg 512w, https:\/\/hcd.malargue.gov.ar\/wp-content\/uploads\/2018\/06\/PDF-JPG-150x150.jpg 150w, https:\/\/hcd.malargue.gov.ar\/wp-content\/uploads\/2018\/06\/PDF-JPG-300x300.jpg 300w\" sizes=\"auto, (max-width: 512px) 100vw, 512px\" \/><\/a><\/figure>\n<\/div>\n\n\n<p>VISTO: Nota HC-102-2.024. Presentada por los ediles Pablo Villarreal, Elizabeth  Gonz\u00e1lez, Ana Silvina Camiolo, Osvaldo Mart\u00edn Palma y Francisco Parada, \u00a0solicitando de manera inmediata la constituci\u00f3n del actual Asesor Letrado en las causas iniciadas por instrucci\u00f3n y orden de \u00e9ste Cuerpo ante el Ministerio P\u00fablico Fiscal. <\/p>\n\n\n\n<p>&nbsp;&nbsp;&nbsp;&nbsp;&nbsp;&nbsp;&nbsp;&nbsp;&nbsp;&nbsp;&nbsp; y;<\/p>\n\n\n\n<p>CONSIDERANDO: Que el Honorable Concejo Deliberante, en uso de sus facultades, ha radicado distintas denuncias penales por ante la Unidad Fiscal con asiento en el \u00a0Departamento de Malarg\u00fce.<\/p>\n\n\n\n<p>\u00a0\u00a0\u00a0\u00a0\u00a0\u00a0\u00a0\u00a0\u00a0\u00a0\u00a0 Que en virtud del c\u00famulo de denuncias presentadas, es que resulta imperiosa la \u00a0 necesidad de intervenir por intermedio del Asesor Letrado del Honorable \u00a0\u00a0Concejo \u00a0Deliberante, a los fines de coadyuvar con la Fiscal\u00eda interviniente en la \u00a0 investigaci\u00f3n penal.<\/p>\n\n\n\n<p>\u00a0\u00a0\u00a0\u00a0\u00a0\u00a0\u00a0\u00a0\u00a0\u00a0\u00a0 Que nuestro C\u00f3digo Procesal Penal de Mendoza en su Art\u00edculo 10, bajo el T\u00edtulo II.- \u00a0\u00a0\u00a0\u00a0 Acciones Procesales, Cap\u00edtulo 1.- Acci\u00f3n Penal \u2013 Secci\u00f3n Primera \u2013 Reglas \u00a0\u00a0\u00a0\u00a0\u00a0\u00a0Generales \u2013 Ejercicio, dispone que <em>\u201cEl ofendido penalmente por un delito de acci\u00f3n \u00a0\u00a0 p\u00fablica, sus herederos forzosos, representantes legales o mandatarios, podr\u00e1n intervenir en el proceso como querellante particular en la forma especial que este \u00a0\u00a0\u00a0\u00a0\u00a0\u00a0\u00a0\u00a0\u00a0\u00a0\u00a0 C\u00f3digo establece, y sin perjuicio de ejercer conjuntamente la acci\u00f3n civil resarcitoria. Si el querellante particular se constituyera, a la vez, en actor civil, \u00a0\u00a0podr\u00e1n formular ambas instancias en un solo escrito, con observancia de los requisitos previstos para cada acto. El mismo derecho tendr\u00e1 cualquier persona \u00a0\u00a0\u00a0contra funcionarios p\u00fablicos, que en el ejercicio de su funci\u00f3n o con ocasi\u00f3n de ella, \u00a0\u00a0\u00a0 hayan violado derechos humanos; cuando se trate de delitos cometidos por \u00a0funcionarios que han abusado de su cargo as\u00ed como contra quienes cometen delitos \u00a0que lesionan intereses difusos. En todos los casos el tribunal interviniente podr\u00e1 \u00a0 ordenar la unificaci\u00f3n de personer\u00eda si la cantidad de sujetos querellantes \u00a0\u00a0\u00a0\u00a0\u00a0\u00a0\u00a0\u00a0\u00a0\u00a0\u00a0 dificultare la agilidad del proceso\u201d.<\/em><\/p>\n\n\n\n<p><em>\u00a0\u00a0\u00a0\u00a0\u00a0\u00a0\u00a0\u00a0\u00a0\u00a0\u00a0 En el mismo sentido, el Art. 103 del C.P.P.M., en el T\u00edtulo V.- Partes y Defensores, \u00a0\u00a0Cap\u00edtulo II \u2013 Querellante Particular, establece que \u201cLas personas mencionadas en \u00a0el Art\u00edculo 10 podr\u00e1n instar su participaci\u00f3n en el proceso &#8211; salvo en el incoado \u00a0\u00a0contra menores &#8211; como querellante particular.<\/em><\/p>\n\n\n\n<p><em>\u00a0\u00a0\u00a0\u00a0\u00a0\u00a0\u00a0\u00a0\u00a0\u00a0\u00a0 Los incapaces deber\u00e1n actuar debidamente representados, autorizados o asistidos \u00a0del modo prescrito por la Ley.<\/em><\/p>\n\n\n\n<p><em>\u00a0\u00a0\u00a0\u00a0\u00a0\u00a0\u00a0\u00a0\u00a0\u00a0\u00a0 La instancia deber\u00e1 formularse personalmente o por representante con Poder \u00a0\u00a0\u00a0 general o especial, que podr\u00e1 ser otorgado &#8220;apud acta&#8221;, en un escrito que contenga, bajo pena de inadmisibilidad:<\/em><\/p>\n\n\n\n<p><em>&nbsp;&nbsp;&nbsp;&nbsp;&nbsp;&nbsp;&nbsp;&nbsp;&nbsp;&nbsp;&nbsp; 1) Nombre, apellido y domicilio del querellante particular.<\/em><\/p>\n\n\n\n<p><em>&nbsp;&nbsp;&nbsp;&nbsp;&nbsp;&nbsp;&nbsp;&nbsp;&nbsp;&nbsp;&nbsp; 2) Una relaci\u00f3n sucinta del hecho en que se funda.<\/em><\/p>\n\n\n\n<p><em>&nbsp;&nbsp;&nbsp;&nbsp;&nbsp;&nbsp;&nbsp;&nbsp;&nbsp;&nbsp;&nbsp; 3) Nombre y apellido del o de los imputados, si los supiere.<\/em><\/p>\n\n\n\n<p><em>&nbsp;&nbsp;&nbsp;&nbsp;&nbsp;&nbsp;&nbsp;&nbsp;&nbsp;&nbsp;&nbsp; 4) La petici\u00f3n de ser tenido como parte y la firma.<\/em><\/p>\n\n\n\n<p>EL HONORABLE CONCEJO DELIBERANTE DE LA MUNICIPALIDAD DE MALARGUE EN USO DE LAS FACULTADE QUE LE SON PROPIAS<\/p>\n\n\n\n<p>&nbsp;&nbsp;&nbsp;&nbsp;&nbsp;&nbsp;&nbsp;&nbsp;&nbsp;&nbsp;&nbsp;&nbsp;&nbsp;&nbsp;&nbsp;&nbsp;&nbsp;&nbsp;&nbsp;&nbsp;&nbsp;&nbsp;&nbsp;&nbsp;&nbsp;&nbsp;&nbsp;&nbsp;&nbsp;&nbsp;&nbsp;&nbsp;&nbsp;&nbsp;&nbsp;&nbsp;&nbsp;&nbsp;&nbsp;&nbsp;&nbsp;&nbsp;&nbsp;&nbsp;&nbsp;&nbsp;&nbsp;&nbsp;&nbsp;&nbsp;&nbsp;&nbsp;&nbsp;&nbsp;&nbsp;&nbsp; RESUELVE<\/p>\n\n\n\n<p>ARTICULO\u00a0 1\u00b0: Otorgar Poder General para Juicios a favor del Dr. Nadir Rafael \u00a0Yasuff, Matricula Provincial N\u00b0 8.157 y Matricula Federal T\u00ba 117, Fs. 375,  Asesor Letrado de este Honorable Concejo Deliberante, para que intervengan en \u00a0todas las denuncias penales incoadas y a presentarse a instancia del Honorable \u00a0Concejo Deliberante.<\/p>\n\n\n\n<p>ARTICULO\u00a0 2\u00b0: Facultar al Sr. Presidente y a la Sra. Secretaria del Honorable Concejo Deliberante, a proceder en forma conjunta a la firma del Poder General para Juicios  a favor del Dr. Nadir Rafael Yasuff, Matricula Provincial N\u00b0 8.157 y Matricula \u00a0 Federal T\u00ba 117, Fs. 375.<\/p>\n\n\n\n<p>ARTICULO \u00a03\u00b0: Solicitar al Asesor Letrado Apoderado la informaci\u00f3n peri\u00f3dica y\/o a \u00a0 solicitud del Cuerpo del estado y avance de las denuncias en las que intervenga en representaci\u00f3n del Honorable Concejo Deliberante.<\/p>\n\n\n\n<p>ARTICULO &nbsp;4\u00b0:&nbsp; Comun\u00edquese, reg\u00edstrese, agr\u00e9guese copia de la presente en las actuaciones &nbsp;&nbsp;&nbsp;&nbsp;&nbsp;&nbsp;&nbsp;&nbsp;&nbsp;&nbsp;&nbsp; correspondientes&nbsp; y arch\u00edvese.<\/p>\n\n\n\n<p>DADA EN LA SALA DE SESIONES DR. RICARDO BALBIN DEL HONORABLE CONCEJO DELIBERANTE DE LA MUNICIPALIDAD DE MALARG\u00dcE A SIETE D\u00cdAS DE MARZO DE DOS MIL VEINTICUATRO.<\/p>\n","protected":false},"excerpt":{"rendered":"<p>VISTO: Nota HC-102-2.024. Presentada por los ediles Pablo Villarreal, Elizabeth Gonz\u00e1lez, Ana Silvina Camiolo, Osvaldo Mart\u00edn Palma y Francisco Parada, \u00a0solicitando de manera inmediata la constituci\u00f3n del actual Asesor Letrado en las causas iniciadas por instrucci\u00f3n y orden de \u00e9ste Cuerpo ante el Ministerio P\u00fablico Fiscal. &nbsp;&nbsp;&nbsp;&nbsp;&nbsp;&nbsp;&nbsp;&nbsp;&nbsp;&nbsp;&nbsp; y; CONSIDERANDO: Que el Honorable Concejo Deliberante, en [&hellip;]<\/p>\n","protected":false},"author":5,"featured_media":36380,"comment_status":"closed","ping_status":"closed","sticky":false,"template":"","format":"standard","meta":{"footnotes":""},"categories":[1],"tags":[],"class_list":["post-36378","post","type-post","status-publish","format-standard","has-post-thumbnail","hentry","category-sin-categoria"],"yoast_head":"<!-- This site is optimized with the Yoast SEO plugin v19.10 - https:\/\/yoast.com\/wordpress\/plugins\/seo\/ -->\n<title>RESOLUCI\u00d3N N\u00b0 013\/2.024 - Malarg\u00fce HCD<\/title>\n<meta name=\"robots\" content=\"index, follow, max-snippet:-1, max-image-preview:large, max-video-preview:-1\" \/>\n<link rel=\"canonical\" href=\"https:\/\/hcd.malargue.gov.ar\/?p=36378\" \/>\n<meta property=\"og:locale\" content=\"es_ES\" \/>\n<meta property=\"og:type\" content=\"article\" \/>\n<meta property=\"og:title\" content=\"RESOLUCI\u00d3N N\u00b0 013\/2.024 - Malarg\u00fce HCD\" \/>\n<meta property=\"og:description\" content=\"VISTO: Nota HC-102-2.024. Presentada por los ediles Pablo Villarreal, Elizabeth Gonz\u00e1lez, Ana Silvina Camiolo, Osvaldo Mart\u00edn Palma y Francisco Parada, \u00a0solicitando de manera inmediata la constituci\u00f3n del actual Asesor Letrado en las causas iniciadas por instrucci\u00f3n y orden de \u00e9ste Cuerpo ante el Ministerio P\u00fablico Fiscal. &nbsp;&nbsp;&nbsp;&nbsp;&nbsp;&nbsp;&nbsp;&nbsp;&nbsp;&nbsp;&nbsp; y; CONSIDERANDO: Que el Honorable Concejo Deliberante, en [&hellip;]\" \/>\n<meta property=\"og:url\" content=\"https:\/\/hcd.malargue.gov.ar\/?p=36378\" \/>\n<meta property=\"og:site_name\" content=\"Malarg\u00fce HCD\" \/>\n<meta property=\"article:published_time\" content=\"2024-03-13T14:32:50+00:00\" \/>\n<meta property=\"article:modified_time\" content=\"2024-03-13T14:33:49+00:00\" \/>\n<meta property=\"og:image\" content=\"https:\/\/hcd.malargue.gov.ar\/wp-content\/uploads\/2024\/03\/RESOLUCION-013-2024.png\" \/>\n\t<meta property=\"og:image:width\" content=\"940\" \/>\n\t<meta property=\"og:image:height\" content=\"788\" \/>\n\t<meta property=\"og:image:type\" content=\"image\/png\" \/>\n<meta name=\"author\" content=\"Belen Pedernera Ferragut\" \/>\n<meta name=\"twitter:card\" content=\"summary_large_image\" \/>\n<meta name=\"twitter:label1\" content=\"Escrito por\" \/>\n\t<meta name=\"twitter:data1\" content=\"Belen Pedernera Ferragut\" \/>\n\t<meta name=\"twitter:label2\" content=\"Tiempo de lectura\" \/>\n\t<meta name=\"twitter:data2\" content=\"4 minutos\" \/>\n<script type=\"application\/ld+json\" class=\"yoast-schema-graph\">{\"@context\":\"https:\/\/schema.org\",\"@graph\":[{\"@type\":\"WebPage\",\"@id\":\"https:\/\/hcd.malargue.gov.ar\/?p=36378\",\"url\":\"https:\/\/hcd.malargue.gov.ar\/?p=36378\",\"name\":\"RESOLUCI\u00d3N N\u00b0 013\/2.024 - Malarg\u00fce HCD\",\"isPartOf\":{\"@id\":\"https:\/\/hcd.malargue.gov.ar\/#website\"},\"datePublished\":\"2024-03-13T14:32:50+00:00\",\"dateModified\":\"2024-03-13T14:33:49+00:00\",\"author\":{\"@id\":\"https:\/\/hcd.malargue.gov.ar\/#\/schema\/person\/3fd6bbab64edd703961b795156c955d0\"},\"breadcrumb\":{\"@id\":\"https:\/\/hcd.malargue.gov.ar\/?p=36378#breadcrumb\"},\"inLanguage\":\"es-AR\",\"potentialAction\":[{\"@type\":\"ReadAction\",\"target\":[\"https:\/\/hcd.malargue.gov.ar\/?p=36378\"]}]},{\"@type\":\"BreadcrumbList\",\"@id\":\"https:\/\/hcd.malargue.gov.ar\/?p=36378#breadcrumb\",\"itemListElement\":[{\"@type\":\"ListItem\",\"position\":1,\"name\":\"Inicio\",\"item\":\"https:\/\/hcd.malargue.gov.ar\/\"},{\"@type\":\"ListItem\",\"position\":2,\"name\":\"RESOLUCI\u00d3N N\u00b0 013\/2.024\"}]},{\"@type\":\"WebSite\",\"@id\":\"https:\/\/hcd.malargue.gov.ar\/#website\",\"url\":\"https:\/\/hcd.malargue.gov.ar\/\",\"name\":\"Malarg\u00fce HCD\",\"description\":\"Malarg\u00fce Mendoza Argentina\",\"potentialAction\":[{\"@type\":\"SearchAction\",\"target\":{\"@type\":\"EntryPoint\",\"urlTemplate\":\"https:\/\/hcd.malargue.gov.ar\/?s={search_term_string}\"},\"query-input\":\"required name=search_term_string\"}],\"inLanguage\":\"es-AR\"},{\"@type\":\"Person\",\"@id\":\"https:\/\/hcd.malargue.gov.ar\/#\/schema\/person\/3fd6bbab64edd703961b795156c955d0\",\"name\":\"Belen Pedernera Ferragut\",\"image\":{\"@type\":\"ImageObject\",\"inLanguage\":\"es-AR\",\"@id\":\"https:\/\/hcd.malargue.gov.ar\/#\/schema\/person\/image\/\",\"url\":\"https:\/\/secure.gravatar.com\/avatar\/1054ffab3893de4bb3eb29bdd22f7e34b8537bf5d34d9dab311818154ad5b71f?s=96&d=mm&r=g\",\"contentUrl\":\"https:\/\/secure.gravatar.com\/avatar\/1054ffab3893de4bb3eb29bdd22f7e34b8537bf5d34d9dab311818154ad5b71f?s=96&d=mm&r=g\",\"caption\":\"Belen Pedernera Ferragut\"},\"url\":\"https:\/\/hcd.malargue.gov.ar\/?author=5\"}]}<\/script>\n<!-- \/ Yoast SEO plugin. -->","yoast_head_json":{"title":"RESOLUCI\u00d3N N\u00b0 013\/2.024 - Malarg\u00fce HCD","robots":{"index":"index","follow":"follow","max-snippet":"max-snippet:-1","max-image-preview":"max-image-preview:large","max-video-preview":"max-video-preview:-1"},"canonical":"https:\/\/hcd.malargue.gov.ar\/?p=36378","og_locale":"es_ES","og_type":"article","og_title":"RESOLUCI\u00d3N N\u00b0 013\/2.024 - Malarg\u00fce HCD","og_description":"VISTO: Nota HC-102-2.024. Presentada por los ediles Pablo Villarreal, Elizabeth Gonz\u00e1lez, Ana Silvina Camiolo, Osvaldo Mart\u00edn Palma y Francisco Parada, \u00a0solicitando de manera inmediata la constituci\u00f3n del actual Asesor Letrado en las causas iniciadas por instrucci\u00f3n y orden de \u00e9ste Cuerpo ante el Ministerio P\u00fablico Fiscal. &nbsp;&nbsp;&nbsp;&nbsp;&nbsp;&nbsp;&nbsp;&nbsp;&nbsp;&nbsp;&nbsp; y; CONSIDERANDO: Que el Honorable Concejo Deliberante, en [&hellip;]","og_url":"https:\/\/hcd.malargue.gov.ar\/?p=36378","og_site_name":"Malarg\u00fce HCD","article_published_time":"2024-03-13T14:32:50+00:00","article_modified_time":"2024-03-13T14:33:49+00:00","og_image":[{"width":940,"height":788,"url":"https:\/\/hcd.malargue.gov.ar\/wp-content\/uploads\/2024\/03\/RESOLUCION-013-2024.png","type":"image\/png"}],"author":"Belen Pedernera Ferragut","twitter_card":"summary_large_image","twitter_misc":{"Escrito por":"Belen Pedernera Ferragut","Tiempo de lectura":"4 minutos"},"schema":{"@context":"https:\/\/schema.org","@graph":[{"@type":"WebPage","@id":"https:\/\/hcd.malargue.gov.ar\/?p=36378","url":"https:\/\/hcd.malargue.gov.ar\/?p=36378","name":"RESOLUCI\u00d3N N\u00b0 013\/2.024 - Malarg\u00fce HCD","isPartOf":{"@id":"https:\/\/hcd.malargue.gov.ar\/#website"},"datePublished":"2024-03-13T14:32:50+00:00","dateModified":"2024-03-13T14:33:49+00:00","author":{"@id":"https:\/\/hcd.malargue.gov.ar\/#\/schema\/person\/3fd6bbab64edd703961b795156c955d0"},"breadcrumb":{"@id":"https:\/\/hcd.malargue.gov.ar\/?p=36378#breadcrumb"},"inLanguage":"es-AR","potentialAction":[{"@type":"ReadAction","target":["https:\/\/hcd.malargue.gov.ar\/?p=36378"]}]},{"@type":"BreadcrumbList","@id":"https:\/\/hcd.malargue.gov.ar\/?p=36378#breadcrumb","itemListElement":[{"@type":"ListItem","position":1,"name":"Inicio","item":"https:\/\/hcd.malargue.gov.ar\/"},{"@type":"ListItem","position":2,"name":"RESOLUCI\u00d3N N\u00b0 013\/2.024"}]},{"@type":"WebSite","@id":"https:\/\/hcd.malargue.gov.ar\/#website","url":"https:\/\/hcd.malargue.gov.ar\/","name":"Malarg\u00fce HCD","description":"Malarg\u00fce Mendoza Argentina","potentialAction":[{"@type":"SearchAction","target":{"@type":"EntryPoint","urlTemplate":"https:\/\/hcd.malargue.gov.ar\/?s={search_term_string}"},"query-input":"required name=search_term_string"}],"inLanguage":"es-AR"},{"@type":"Person","@id":"https:\/\/hcd.malargue.gov.ar\/#\/schema\/person\/3fd6bbab64edd703961b795156c955d0","name":"Belen Pedernera Ferragut","image":{"@type":"ImageObject","inLanguage":"es-AR","@id":"https:\/\/hcd.malargue.gov.ar\/#\/schema\/person\/image\/","url":"https:\/\/secure.gravatar.com\/avatar\/1054ffab3893de4bb3eb29bdd22f7e34b8537bf5d34d9dab311818154ad5b71f?s=96&d=mm&r=g","contentUrl":"https:\/\/secure.gravatar.com\/avatar\/1054ffab3893de4bb3eb29bdd22f7e34b8537bf5d34d9dab311818154ad5b71f?s=96&d=mm&r=g","caption":"Belen Pedernera Ferragut"},"url":"https:\/\/hcd.malargue.gov.ar\/?author=5"}]}},"_links":{"self":[{"href":"https:\/\/hcd.malargue.gov.ar\/index.php?rest_route=\/wp\/v2\/posts\/36378","targetHints":{"allow":["GET"]}}],"collection":[{"href":"https:\/\/hcd.malargue.gov.ar\/index.php?rest_route=\/wp\/v2\/posts"}],"about":[{"href":"https:\/\/hcd.malargue.gov.ar\/index.php?rest_route=\/wp\/v2\/types\/post"}],"author":[{"embeddable":true,"href":"https:\/\/hcd.malargue.gov.ar\/index.php?rest_route=\/wp\/v2\/users\/5"}],"replies":[{"embeddable":true,"href":"https:\/\/hcd.malargue.gov.ar\/index.php?rest_route=%2Fwp%2Fv2%2Fcomments&post=36378"}],"version-history":[{"count":1,"href":"https:\/\/hcd.malargue.gov.ar\/index.php?rest_route=\/wp\/v2\/posts\/36378\/revisions"}],"predecessor-version":[{"id":36379,"href":"https:\/\/hcd.malargue.gov.ar\/index.php?rest_route=\/wp\/v2\/posts\/36378\/revisions\/36379"}],"wp:featuredmedia":[{"embeddable":true,"href":"https:\/\/hcd.malargue.gov.ar\/index.php?rest_route=\/wp\/v2\/media\/36380"}],"wp:attachment":[{"href":"https:\/\/hcd.malargue.gov.ar\/index.php?rest_route=%2Fwp%2Fv2%2Fmedia&parent=36378"}],"wp:term":[{"taxonomy":"category","embeddable":true,"href":"https:\/\/hcd.malargue.gov.ar\/index.php?rest_route=%2Fwp%2Fv2%2Fcategories&post=36378"},{"taxonomy":"post_tag","embeddable":true,"href":"https:\/\/hcd.malargue.gov.ar\/index.php?rest_route=%2Fwp%2Fv2%2Ftags&post=36378"}],"curies":[{"name":"wp","href":"https:\/\/api.w.org\/{rel}","templated":true}]}}