{"id":36426,"date":"2024-03-20T10:53:29","date_gmt":"2024-03-20T13:53:29","guid":{"rendered":"https:\/\/hcd.malargue.gov.ar\/?p=36426"},"modified":"2024-03-22T10:40:39","modified_gmt":"2024-03-22T13:40:39","slug":"orden-del-dia-sesion-ordinaria-26","status":"publish","type":"post","link":"https:\/\/hcd.malargue.gov.ar\/?p=36426","title":{"rendered":"ORDEN DEL DIA 3\u00b0 SESION ORDINARIA"},"content":{"rendered":"<div class=\"wp-block-image\">\n<figure class=\"alignright size-full is-resized\"><a href=\"http:\/\/hcd.malargue.gov.ar\/2024\/3%20SO%20ORDEN%20%20DEL%20D%C3%8DA%2021%2003%2024.pdf\"><img loading=\"lazy\" decoding=\"async\" width=\"512\" height=\"512\" src=\"https:\/\/hcd.malargue.gov.ar\/wp-content\/uploads\/2018\/06\/PDF-JPG.jpg\" alt=\"\" class=\"wp-image-7950\" style=\"width:110px;height:auto\" srcset=\"https:\/\/hcd.malargue.gov.ar\/wp-content\/uploads\/2018\/06\/PDF-JPG.jpg 512w, https:\/\/hcd.malargue.gov.ar\/wp-content\/uploads\/2018\/06\/PDF-JPG-150x150.jpg 150w, https:\/\/hcd.malargue.gov.ar\/wp-content\/uploads\/2018\/06\/PDF-JPG-300x300.jpg 300w\" sizes=\"auto, (max-width: 512px) 100vw, 512px\" \/><\/a><\/figure>\n<\/div>\n\n\n<h5 class=\"wp-block-heading\">D\u00eda Jueves&nbsp;21 &nbsp;de &nbsp;Marzo de 2.024<\/h5>\n\n\n\n<h5 class=\"wp-block-heading\">Hora: 08:50 <\/h5>\n\n\n\n<p>BANCA DEL CIUDADANO:&nbsp; Sra. Celeste Sim\u00f3n<\/p>\n\n\n\n<p>TEMA:&nbsp; \u201cPresentaci\u00f3n de Proyecto Social en el marco del Amor Propio y&nbsp; Salud Mental\u201d.<\/p>\n\n\n\n<p><strong><em>a)<\/em><\/strong> <em style=\"font-weight: bold;\">Acto de Izar la Ense\u00f1a Patria\u00a0\u00a0a cargo de la \u00a0Sra. Concejal \u00a0\u00a0Silvina\u00a0 CAMIOLO.<\/em><\/p>\n\n\n\n<p><strong><em>b)<\/em><\/strong> <strong><em>Homenaje de los Se\u00f1ores Concejales.<\/em><\/strong><\/p>\n\n\n\n<p><strong><em>c) Consideraci\u00f3n Acta Sesi\u00f3n Ordinaria N\u00b0 1.149 \u201cO\u201d 2.024 y N\u00b0 1.150 \u201cO\u201d 2.024<\/em><\/strong><\/p>\n\n\n\n<p><strong><em>d) Lectura del detalle de la correspondencia recibida y emitida.<\/em><\/strong><\/p>\n\n\n\n<p><strong><em>e)<\/em><\/strong> <strong><em>Determinaci\u00f3n de los temas que ser\u00e1n incluidos en el punto Asuntos Varios y puesta a consideraci\u00f3n de mociones de tratamientos sobre tablas de diversos expedientes.<\/em><\/strong><\/p>\n\n\n\n<p><strong><em>f)<\/em><\/strong> <strong><em>Proyectos de los Se\u00f1ores Concejales <\/em><\/strong><em>&nbsp;&nbsp;&nbsp;<\/em><\/p>\n\n\n\n<ol class=\"wp-block-list\" style=\"list-style-type:lower-alpha\">\n<li>Expte N\u00b0 5.389 HC 062 -2.024 Proyecto de Ordenanza: Cambio de denominaci\u00f3n calle El Campanario del Loteo Madres Malarg\u00fcinas. (BLOQUE PARTIDO JUSTICIALISTA) Autores: Emilce Mansilla, Pablo Cabrera y Magali Acosta.<\/li>\n\n\n\n<li>Expte N\u00b0 5.390 HC 062 \u2013 2.024 Proyecto de Resoluci\u00f3n:&nbsp; Solicitar al Departamento Ejecutivo a trav\u00e9s del \u00e1rea correspondiente realizar trabajos de fumigaci\u00f3n. (INTERBLOQUE UCR INDEPENDIENTE Y UNI\u00d3N MENDOCINA) Autores:&nbsp; Mart\u00edn Palma y Elizabeth Gonz\u00e1lez.<\/li>\n\n\n\n<li>Expte N\u00b0 5.391 HC 062 \u2013 2.024 Proyecto de Resoluci\u00f3n:&nbsp; Solicitar al Departamento Ejecutivo Municipal pedido de Informe respecto al Informador Tur\u00edstico ubicado en el Paraje Las Loicas.&nbsp; (INTERBLOQUE RECONSTRUYENDO MALARG\u00dcE \u2013 UCR INDEPENDIENTE \u2013 UNI\u00d3N MENDOCINA)&nbsp; Autores:&nbsp; Silvina Camiolo, Mart\u00edn Palma y Elizabeth Gonz\u00e1lez.<\/li>\n<\/ol>\n\n\n\n<p><strong><em>g) Expedientes provenientes del Departamento Ejecutivo<\/em><\/strong><\/p>\n\n\n\n<p>&#8211; No ingresados &#8211;<\/p>\n\n\n\n<p><strong><em>h) Despachos de las Comisiones de Trabajo<\/em><\/strong><\/p>\n\n\n\n<ol class=\"wp-block-list\">\n<li>Notas HC 107-2022 Cdte. Pcpal. Eduardo Cesar Ocampo, Jefe Escuadr\u00f3n 29\u00b0 Malarg\u00fce eleva informe de novedades respecto a Ba\u00f1os Termales&nbsp; Azufre.\/ Nota HC 509-2022 Sr. Carlos Cisterna Negrete Concejal Ilustre Municipalidad de Romeral, Rep\u00fablica de Chile, solicita retomar v\u00ednculos en procura de la integraci\u00f3n binacional.\/ Nota HC 242\/2022 Lic. Pablo Cabrera Coordinador de Fronteras Pehuenche con el fin de informar falta de combustible en grupos generadores del Paraje Las Loicas .\/\/ Nota HC 189\/2022&nbsp; Presidencia de Honorable Concejo Deliberante eleva acta Acuerdo de las I Jornadas de Integraci\u00f3n Regi\u00f3n del Maule \u2013 Malarg\u00fce Argentina Chile (Pasos Internacionales y Asuntos Regionales)<\/li>\n\n\n\n<li>Notas Varias. HC-680\/2022 Honorable Concejo Deliberante de Tupungato, remite copia de Declaraci\u00f3n N\u00ba 48\/2022, solicitan que la C\u00e1mara de Senadores suspenda el &nbsp;&nbsp;&nbsp;&nbsp;&nbsp; tratamiento del Proyecto de modificaci\u00f3n de la ley N\u00ba 24.449 Nacional de &nbsp;&nbsp;&nbsp;&nbsp;&nbsp;&nbsp;&nbsp;&nbsp;&nbsp; Transito<strong>.\/<\/strong> HC-640\/2022 Sres. Ulises y Ana Figueroa, elevan documentaci\u00f3n del lote Barrio Virgen del Carmen, al fin de regularizar la tenencia.\/ HC-464-2022. Sra. Cecilia V\u00e1zquez, solicita reuni\u00f3n con la Comisi\u00f3n, sobre &nbsp;&nbsp;&nbsp;&nbsp;&nbsp;&nbsp;&nbsp;&nbsp; situaci\u00f3n&nbsp; particular&nbsp; muy apremiante.\/ Nota HC- 663\/2022 Sr. Ricardo Floriani y Sra. Gabriela Daszkal por Colegios de M\u00e9dicos Veterinarios de Mendoza, elevan consideraciones y solicitan modificaci\u00f3n de normativa que autorizan Encuentros Culturales y Costumbristas de juegos Tradicionales y de Riendas.\/ HC-662-2022. Dra. Vanesa Lucero Junto a entidades proteccionistas, abogados animalistas del Pa\u00eds y proteccionistas independientes, repudiamos en\u00e9rgicamente la Ordenanza N\u00ba 2.204\/2022.\/ HC-561-2022. Prof. Fabiana Glatigny, eleva documentaci\u00f3n a Resoluci\u00f3n N\u00ba &nbsp;&nbsp;&nbsp; 299\/2022, inscripci\u00f3n registral del terreno Escuela N\u00ba 4-228 Eugenio Iszaky.\/ HC-565-2022.Sr. Daniel Blajevitch, Solicita hacer uso de la Banca del Ciudadano.\/ HC-550-2022. Sr. H\u00e9ctor Aranda, eleva nota de agradecimiento por la distinci\u00f3n &nbsp;&nbsp;&nbsp;&nbsp; recibida, solicita que la donaci\u00f3n de su cuadro \u201cCordillera de los Andes\u201d, pase al patrimonio de la instituci\u00f3n.\/ HC-533-2022.Sr Eduardo Videla, manifiesta disconformidad de vecinos en cuanto &nbsp; al funcionamiento de RTO informa sobre recurso de amparo impuesto por el Sr. Mario Gustavo Romero.\/HC-570\/2022. Sr. Cristian P\u00e9rez, solicita se gestione pronta Resoluci\u00f3n del Expte. N\u00ba 1.297\/2022, solicitud de terreno en Ca\u00f1ada Colorada para Emprendimiento tur\u00edstico.\/ HC-502-2022. Sr. Guillermo Romero, agradece la falta de respuestas del Honorable Cuerpo, en relaci\u00f3n a inquietudes y propuestas de diversa \u00edndole que presentara &nbsp;&nbsp;&nbsp;&nbsp;&nbsp;&nbsp;&nbsp;&nbsp; oportunamente.\/ HC-496-2022. Vecinos del Arroyo Pequenco de Campos de Ca\u00f1ada Colorada, solicitan reuni\u00f3n con Comisi\u00f3n de H.P.L.A.C a fin de exponer sobre ocupaci\u00f3n de terrenos en inmediaciones a sus viviendas.\/ HC-482-2022.Sr. Gabriel P\u00e9rez, Apoderado de Seguridad Privada Dos al Infinito, &nbsp;&nbsp; eleva documentaci\u00f3n.\/ HC-469-2022. Sr. Gerardo D\u00edaz, criancero de Paraje Loma Negra y Socio de la Cooperativa del Secano Mendocino, solicita que se facilite el traslado en camiones de animales para pastoreo trashumante dado el costo de los mismos. Que avala ompetencia desleal autorizando cursos que no cumplen la Reglamentaci\u00f3n.\/ HC-348-2022. Sra. Natalia P\u00e9rez, solicita hacer uso de la Banca del Ciudadano para exponer situaci\u00f3n referida a la organizaci\u00f3n de eventos nocturnos. HC-447-2022. Sr. Ezequiel Arriagada, solicita reuni\u00f3n con la comisi\u00f3n de H.P.L.A.C, &nbsp;&nbsp;&nbsp;&nbsp;&nbsp;&nbsp;&nbsp;&nbsp; a fin de exponer situaci\u00f3n personal ante la imposibilidad de conectar servicios en el domicilio.\/ HC-421-2022. Delegaci\u00f3n INADI Mendoza, remite copia de actuaciones bajo Expte. N\u00ba 2018-50569972 Foro de Mujeres de Malarg\u00fce C\/Diario Ser y Hacer de &nbsp;&nbsp;&nbsp;&nbsp;&nbsp;&nbsp;&nbsp;&nbsp;&nbsp; Malarg\u00fce y Otros, otorga plazo para plantar revisi\u00f3n.\/ HC-016-2.024.Sra. Vanesa Bouille, en representaci\u00f3n de la Asamblea en contra de FNU y&nbsp; Megaley, solicitan&nbsp; Sesi\u00f3n Extraordinaria y participaci\u00f3n de los Ediles en el Paro Nacional convocado para el d\u00eda 24 de enero del corriente a\u00f1o.\/ HC-051-2.024. Maximiliano Salvadores, eleva respuesta del Departamento&nbsp; Ejecutivo de nota&nbsp; cursada&nbsp; al mismo.\/ HC-690-2.022. Prof. Marcelo Garc\u00eda, Rector&nbsp; IES-9-018, eleva Proyecto de remodelaci\u00f3n&nbsp; edilicia, para aplicar&nbsp; a la Ordenanza N\u00ba 2.202\/2.022.\/ Documentaci\u00f3n&nbsp; referida&nbsp; Comisi\u00f3n de Seguimiento&nbsp; (Puente&nbsp; Arroyo La Bebida del 26 de octubre de 2.018. &nbsp;(HPLAC)<\/li>\n\n\n\n<li>Nota HC 105-2024&nbsp; Honorable Tribunal de Cuentas eleva prove\u00eddo a Decreto N\u00b0 076\/2.024&nbsp; (HPLAC)<\/li>\n\n\n\n<li>Nota HC 430-2.022 Sra. Mabel L\u00f3pez Subdirectora de Administraci\u00f3n y RR.HH visibiliza su preocupaci\u00f3n respecto a funcionamiento y operatividad del Area Administrativa del Honorable Cuerpo. (HPLAC)<\/li>\n\n\n\n<li>Notas HC 519-2.022 Honorable Tribunal de Cuentas remite C\u00e9dula de Notificaci\u00f3n&nbsp; Fallo N\u00b0 17.782 Rendici\u00f3n de Cuentas Ejercicio 2021.\/ HC 435-2.022 Honorable Tribunal de Cuentas eleva Fallo N\u00b0 17.765 aprobando Rendici\u00f3n de Cuentas de la FUDEPEM, Ejercicio 2021.\/ HC 434-2.022 Honorable Tribunal de Cuentas C\u00e9dula N\u00b0 8.741 dictamen respecto a Resoluci\u00f3n N\u00b0 258\/2022 del Honorable Cuerpo. (HPLAC)<\/li>\n\n\n\n<li>Nota HC 551\/2.023 Arq. Federico Sanguinetti, expone situaci\u00f3n an\u00f3mala con respecto a Concurso 50 A\u00f1os Tragedia de Los Andes.\/ HC 639-2.023&nbsp; Prof. Facundo Lineros Director de Cultura eleva informe 50\u00b0 Aniversario de la Tragedia de Los Andes. (EHMASyC)<\/li>\n\n\n\n<li>Expte N\u00b0 5.341 HC 059 \u2013 2.023 Proyecto de Resoluci\u00f3n: Declarar de Inter\u00e9s Departamental los Talleres de Cine MalalHue Filma que se realizan en el Departamento. (EHMASyC)<\/li>\n<\/ol>\n\n\n\n<p><strong>i<em>) Asuntos Varios. &nbsp;&nbsp;&nbsp;&nbsp;<\/em><\/strong><\/p>\n\n\n\n<p><strong><em>j) Acto de arriar el Pabell\u00f3n Nacional a cargo de la concejal que lo <\/em><\/strong><strong>iz\u00f3.<\/strong><\/p>\n\n\n\n<p><strong>&nbsp;&nbsp;&nbsp;&nbsp;&nbsp;&nbsp;&nbsp;&nbsp;&nbsp;&nbsp;&nbsp;&nbsp;&nbsp;&nbsp;&nbsp;&nbsp;&nbsp;&nbsp;&nbsp;&nbsp;&nbsp;&nbsp;&nbsp;&nbsp;&nbsp;&nbsp;&nbsp;&nbsp;&nbsp;&nbsp;&nbsp;&nbsp;&nbsp;&nbsp;&nbsp;&nbsp;&nbsp;&nbsp;&nbsp;&nbsp;&nbsp;&nbsp;&nbsp;&nbsp;&nbsp;&nbsp;&nbsp;&nbsp;&nbsp;&nbsp;&nbsp;&nbsp;&nbsp;&nbsp;&nbsp;&nbsp;&nbsp;&nbsp;&nbsp;&nbsp;&nbsp;&nbsp;&nbsp;&nbsp;&nbsp;&nbsp;&nbsp;&nbsp;&nbsp;&nbsp; &nbsp;&nbsp;&nbsp;&nbsp; &nbsp;&nbsp;&nbsp;&nbsp;&nbsp;&nbsp; <\/strong>Presidencia, H.C.D., 19 de marzo de 2.024<\/p>\n\n\n\n<p><strong>CORRESPONDENCIA PARA LA SESI\u00d3N<\/strong><strong><\/strong><\/p>\n\n\n\n<p><strong>Del d\u00eda Jueves 21 de marzo de 2.024<\/strong><\/p>\n\n\n\n<p><strong>NOTAS INGRESADAS<\/strong><\/p>\n\n\n\n<ol class=\"wp-block-list\" start=\"1\">\n<li>Sra. Marcela Rubio, expone situaci\u00f3n por desadjudicaci\u00f3n de Terreno adquirido mediante Ley N\u00ba 5.118, abonado mediante descuento por Bono de Sueldo.<\/li>\n\n\n\n<li>Sr. Lorenzo Arredondo, solicita participar del dise\u00f1o y montaje del puente en zona Portezuelo del Viento, seg\u00fan Proyecto N\u00ba 5384-HC 062-2.024.<\/li>\n\n\n\n<li>Honorable Tribunal de Cuentas eleva Dictamen respecto a Decreto N\u00ba 076\/2024.<\/li>\n\n\n\n<li>Departamento Ejecutivo remite Expediente N\u00ba 7.034\/2.023-3 \u201cAcopio en Galp\u00f3n Municipal del mineral de 1\u00ba categor\u00eda Asfaltita\u201d, a efectos de su conocimiento.<\/li>\n\n\n\n<li>Concejal Viviana Mosca Bloque Frente Cambia Mendoza eleva Proyecto de Ley: C\u00f3digo de Procedimientos Mineros para la Provincia de Mendoza, para su remisi\u00f3n a la Comisi\u00f3n Especial de Hidrocarburo, Energ\u00eda y Miner\u00eda.<\/li>\n\n\n\n<li>Honorable Concejo de Lavalle, eleva Resoluci\u00f3n N\u00ba 7863\/2.024, Nomina de Autoridades para el presente Periodo Legislativo.<\/li>\n\n\n\n<li>Concejal Ana Silvina Camiolo Bloque Reconstruyendo Malarg\u00fce eleva informe presentado por el Consejo Profesional de Ingenieros y Ge\u00f3logos de Mendoza, para conocimiento.<\/li>\n<\/ol>\n\n\n\n<p><strong>NOTAS&nbsp; EMITIDAS<\/strong><\/p>\n\n\n\n<ol class=\"wp-block-list\">\n<li>Al Sr. Intendente Municipal, solicitando designe funcionario\/s para participar de reuni\u00f3n del Proyecto de Ordenanza Tarifaria 2024.<\/li>\n\n\n\n<li>Al Sr. Presidente C\u00e1mara de Comercio y Afines a participar de reuni\u00f3n del Proyecto de Ordenanza Tarifaria 2.024.<\/li>\n\n\n\n<li>Al Sr. Secretario de Desarrollo Humano, remitiendo Nota HC 130\/2.024 Centro de Educaci\u00f3n de J\u00f3venes y Adultos N.\u00ba 3-034 Maestro Julio Mercado, Solicitud de donaci\u00f3n.<\/li>\n\n\n\n<li>A la Sra. Celeste Sim\u00f3n, informando que podr\u00e1 hacer uso de la Banca del Ciudadano.<\/li>\n<\/ol>\n\n\n\n<p><strong>&nbsp;&nbsp;&nbsp;&nbsp;&nbsp;&nbsp;&nbsp;&nbsp;&nbsp;&nbsp;<\/strong><\/p>\n","protected":false},"excerpt":{"rendered":"<p>D\u00eda Jueves&nbsp;21 &nbsp;de &nbsp;Marzo de 2.024 Hora: 08:50 BANCA DEL CIUDADANO:&nbsp; Sra. Celeste Sim\u00f3n TEMA:&nbsp; \u201cPresentaci\u00f3n de Proyecto Social en el marco del Amor Propio y&nbsp; Salud Mental\u201d. a) Acto de Izar la Ense\u00f1a Patria\u00a0\u00a0a cargo de la \u00a0Sra. Concejal \u00a0\u00a0Silvina\u00a0 CAMIOLO. b) Homenaje de los Se\u00f1ores Concejales. c) Consideraci\u00f3n Acta Sesi\u00f3n Ordinaria N\u00b0 1.149 [&hellip;]<\/p>\n","protected":false},"author":5,"featured_media":36457,"comment_status":"closed","ping_status":"closed","sticky":false,"template":"","format":"standard","meta":{"footnotes":""},"categories":[83,52,84,58,33,36],"tags":[],"class_list":["post-36426","post","type-post","status-publish","format-standard","has-post-thumbnail","hentry","category-banca-del-ciudadano","category-gacetillas","category-orden-del-dia","category-ordinarias","category-prensa","category-sesiones"],"yoast_head":"<!-- This site is optimized with the Yoast SEO plugin v19.10 - https:\/\/yoast.com\/wordpress\/plugins\/seo\/ -->\n<title>ORDEN DEL DIA 3\u00b0 SESION ORDINARIA - Malarg\u00fce HCD<\/title>\n<meta name=\"robots\" content=\"index, follow, max-snippet:-1, max-image-preview:large, max-video-preview:-1\" \/>\n<link rel=\"canonical\" href=\"https:\/\/hcd.malargue.gov.ar\/?p=36426\" \/>\n<meta property=\"og:locale\" content=\"es_ES\" \/>\n<meta property=\"og:type\" content=\"article\" \/>\n<meta property=\"og:title\" content=\"ORDEN DEL DIA 3\u00b0 SESION ORDINARIA - Malarg\u00fce HCD\" \/>\n<meta property=\"og:description\" content=\"D\u00eda Jueves&nbsp;21 &nbsp;de &nbsp;Marzo de 2.024 Hora: 08:50 BANCA DEL CIUDADANO:&nbsp; Sra. Celeste Sim\u00f3n TEMA:&nbsp; \u201cPresentaci\u00f3n de Proyecto Social en el marco del Amor Propio y&nbsp; Salud Mental\u201d. a) Acto de Izar la Ense\u00f1a Patria\u00a0\u00a0a cargo de la \u00a0Sra. Concejal \u00a0\u00a0Silvina\u00a0 CAMIOLO. b) Homenaje de los Se\u00f1ores Concejales. c) Consideraci\u00f3n Acta Sesi\u00f3n Ordinaria N\u00b0 1.149 [&hellip;]\" \/>\n<meta property=\"og:url\" content=\"https:\/\/hcd.malargue.gov.ar\/?p=36426\" \/>\n<meta property=\"og:site_name\" content=\"Malarg\u00fce HCD\" \/>\n<meta property=\"article:published_time\" content=\"2024-03-20T13:53:29+00:00\" \/>\n<meta property=\"article:modified_time\" content=\"2024-03-22T13:40:39+00:00\" \/>\n<meta property=\"og:image\" content=\"https:\/\/hcd.malargue.gov.ar\/wp-content\/uploads\/2024\/03\/SESIONES-ORDINARIAS.png\" \/>\n\t<meta property=\"og:image:width\" content=\"1640\" \/>\n\t<meta property=\"og:image:height\" content=\"924\" \/>\n\t<meta property=\"og:image:type\" content=\"image\/png\" \/>\n<meta name=\"author\" content=\"Belen Pedernera Ferragut\" \/>\n<meta name=\"twitter:card\" content=\"summary_large_image\" \/>\n<meta name=\"twitter:label1\" content=\"Escrito por\" \/>\n\t<meta name=\"twitter:data1\" content=\"Belen Pedernera Ferragut\" \/>\n\t<meta name=\"twitter:label2\" content=\"Tiempo de lectura\" \/>\n\t<meta name=\"twitter:data2\" content=\"8 minutos\" \/>\n<script type=\"application\/ld+json\" class=\"yoast-schema-graph\">{\"@context\":\"https:\/\/schema.org\",\"@graph\":[{\"@type\":\"WebPage\",\"@id\":\"https:\/\/hcd.malargue.gov.ar\/?p=36426\",\"url\":\"https:\/\/hcd.malargue.gov.ar\/?p=36426\",\"name\":\"ORDEN DEL DIA 3\u00b0 SESION ORDINARIA - Malarg\u00fce HCD\",\"isPartOf\":{\"@id\":\"https:\/\/hcd.malargue.gov.ar\/#website\"},\"datePublished\":\"2024-03-20T13:53:29+00:00\",\"dateModified\":\"2024-03-22T13:40:39+00:00\",\"author\":{\"@id\":\"https:\/\/hcd.malargue.gov.ar\/#\/schema\/person\/3fd6bbab64edd703961b795156c955d0\"},\"breadcrumb\":{\"@id\":\"https:\/\/hcd.malargue.gov.ar\/?p=36426#breadcrumb\"},\"inLanguage\":\"es-AR\",\"potentialAction\":[{\"@type\":\"ReadAction\",\"target\":[\"https:\/\/hcd.malargue.gov.ar\/?p=36426\"]}]},{\"@type\":\"BreadcrumbList\",\"@id\":\"https:\/\/hcd.malargue.gov.ar\/?p=36426#breadcrumb\",\"itemListElement\":[{\"@type\":\"ListItem\",\"position\":1,\"name\":\"Inicio\",\"item\":\"https:\/\/hcd.malargue.gov.ar\/\"},{\"@type\":\"ListItem\",\"position\":2,\"name\":\"ORDEN DEL DIA 3\u00b0 SESION ORDINARIA\"}]},{\"@type\":\"WebSite\",\"@id\":\"https:\/\/hcd.malargue.gov.ar\/#website\",\"url\":\"https:\/\/hcd.malargue.gov.ar\/\",\"name\":\"Malarg\u00fce HCD\",\"description\":\"Malarg\u00fce Mendoza Argentina\",\"potentialAction\":[{\"@type\":\"SearchAction\",\"target\":{\"@type\":\"EntryPoint\",\"urlTemplate\":\"https:\/\/hcd.malargue.gov.ar\/?s={search_term_string}\"},\"query-input\":\"required name=search_term_string\"}],\"inLanguage\":\"es-AR\"},{\"@type\":\"Person\",\"@id\":\"https:\/\/hcd.malargue.gov.ar\/#\/schema\/person\/3fd6bbab64edd703961b795156c955d0\",\"name\":\"Belen Pedernera Ferragut\",\"image\":{\"@type\":\"ImageObject\",\"inLanguage\":\"es-AR\",\"@id\":\"https:\/\/hcd.malargue.gov.ar\/#\/schema\/person\/image\/\",\"url\":\"https:\/\/secure.gravatar.com\/avatar\/1054ffab3893de4bb3eb29bdd22f7e34b8537bf5d34d9dab311818154ad5b71f?s=96&d=mm&r=g\",\"contentUrl\":\"https:\/\/secure.gravatar.com\/avatar\/1054ffab3893de4bb3eb29bdd22f7e34b8537bf5d34d9dab311818154ad5b71f?s=96&d=mm&r=g\",\"caption\":\"Belen Pedernera Ferragut\"},\"url\":\"https:\/\/hcd.malargue.gov.ar\/?author=5\"}]}<\/script>\n<!-- \/ Yoast SEO plugin. -->","yoast_head_json":{"title":"ORDEN DEL DIA 3\u00b0 SESION ORDINARIA - Malarg\u00fce HCD","robots":{"index":"index","follow":"follow","max-snippet":"max-snippet:-1","max-image-preview":"max-image-preview:large","max-video-preview":"max-video-preview:-1"},"canonical":"https:\/\/hcd.malargue.gov.ar\/?p=36426","og_locale":"es_ES","og_type":"article","og_title":"ORDEN DEL DIA 3\u00b0 SESION ORDINARIA - Malarg\u00fce HCD","og_description":"D\u00eda Jueves&nbsp;21 &nbsp;de &nbsp;Marzo de 2.024 Hora: 08:50 BANCA DEL CIUDADANO:&nbsp; Sra. Celeste Sim\u00f3n TEMA:&nbsp; \u201cPresentaci\u00f3n de Proyecto Social en el marco del Amor Propio y&nbsp; Salud Mental\u201d. a) Acto de Izar la Ense\u00f1a Patria\u00a0\u00a0a cargo de la \u00a0Sra. Concejal \u00a0\u00a0Silvina\u00a0 CAMIOLO. b) Homenaje de los Se\u00f1ores Concejales. c) Consideraci\u00f3n Acta Sesi\u00f3n Ordinaria N\u00b0 1.149 [&hellip;]","og_url":"https:\/\/hcd.malargue.gov.ar\/?p=36426","og_site_name":"Malarg\u00fce HCD","article_published_time":"2024-03-20T13:53:29+00:00","article_modified_time":"2024-03-22T13:40:39+00:00","og_image":[{"width":1640,"height":924,"url":"https:\/\/hcd.malargue.gov.ar\/wp-content\/uploads\/2024\/03\/SESIONES-ORDINARIAS.png","type":"image\/png"}],"author":"Belen Pedernera Ferragut","twitter_card":"summary_large_image","twitter_misc":{"Escrito por":"Belen Pedernera Ferragut","Tiempo de lectura":"8 minutos"},"schema":{"@context":"https:\/\/schema.org","@graph":[{"@type":"WebPage","@id":"https:\/\/hcd.malargue.gov.ar\/?p=36426","url":"https:\/\/hcd.malargue.gov.ar\/?p=36426","name":"ORDEN DEL DIA 3\u00b0 SESION ORDINARIA - Malarg\u00fce HCD","isPartOf":{"@id":"https:\/\/hcd.malargue.gov.ar\/#website"},"datePublished":"2024-03-20T13:53:29+00:00","dateModified":"2024-03-22T13:40:39+00:00","author":{"@id":"https:\/\/hcd.malargue.gov.ar\/#\/schema\/person\/3fd6bbab64edd703961b795156c955d0"},"breadcrumb":{"@id":"https:\/\/hcd.malargue.gov.ar\/?p=36426#breadcrumb"},"inLanguage":"es-AR","potentialAction":[{"@type":"ReadAction","target":["https:\/\/hcd.malargue.gov.ar\/?p=36426"]}]},{"@type":"BreadcrumbList","@id":"https:\/\/hcd.malargue.gov.ar\/?p=36426#breadcrumb","itemListElement":[{"@type":"ListItem","position":1,"name":"Inicio","item":"https:\/\/hcd.malargue.gov.ar\/"},{"@type":"ListItem","position":2,"name":"ORDEN DEL DIA 3\u00b0 SESION ORDINARIA"}]},{"@type":"WebSite","@id":"https:\/\/hcd.malargue.gov.ar\/#website","url":"https:\/\/hcd.malargue.gov.ar\/","name":"Malarg\u00fce HCD","description":"Malarg\u00fce Mendoza Argentina","potentialAction":[{"@type":"SearchAction","target":{"@type":"EntryPoint","urlTemplate":"https:\/\/hcd.malargue.gov.ar\/?s={search_term_string}"},"query-input":"required name=search_term_string"}],"inLanguage":"es-AR"},{"@type":"Person","@id":"https:\/\/hcd.malargue.gov.ar\/#\/schema\/person\/3fd6bbab64edd703961b795156c955d0","name":"Belen Pedernera Ferragut","image":{"@type":"ImageObject","inLanguage":"es-AR","@id":"https:\/\/hcd.malargue.gov.ar\/#\/schema\/person\/image\/","url":"https:\/\/secure.gravatar.com\/avatar\/1054ffab3893de4bb3eb29bdd22f7e34b8537bf5d34d9dab311818154ad5b71f?s=96&d=mm&r=g","contentUrl":"https:\/\/secure.gravatar.com\/avatar\/1054ffab3893de4bb3eb29bdd22f7e34b8537bf5d34d9dab311818154ad5b71f?s=96&d=mm&r=g","caption":"Belen Pedernera Ferragut"},"url":"https:\/\/hcd.malargue.gov.ar\/?author=5"}]}},"_links":{"self":[{"href":"https:\/\/hcd.malargue.gov.ar\/index.php?rest_route=\/wp\/v2\/posts\/36426","targetHints":{"allow":["GET"]}}],"collection":[{"href":"https:\/\/hcd.malargue.gov.ar\/index.php?rest_route=\/wp\/v2\/posts"}],"about":[{"href":"https:\/\/hcd.malargue.gov.ar\/index.php?rest_route=\/wp\/v2\/types\/post"}],"author":[{"embeddable":true,"href":"https:\/\/hcd.malargue.gov.ar\/index.php?rest_route=\/wp\/v2\/users\/5"}],"replies":[{"embeddable":true,"href":"https:\/\/hcd.malargue.gov.ar\/index.php?rest_route=%2Fwp%2Fv2%2Fcomments&post=36426"}],"version-history":[{"count":2,"href":"https:\/\/hcd.malargue.gov.ar\/index.php?rest_route=\/wp\/v2\/posts\/36426\/revisions"}],"predecessor-version":[{"id":36429,"href":"https:\/\/hcd.malargue.gov.ar\/index.php?rest_route=\/wp\/v2\/posts\/36426\/revisions\/36429"}],"wp:featuredmedia":[{"embeddable":true,"href":"https:\/\/hcd.malargue.gov.ar\/index.php?rest_route=\/wp\/v2\/media\/36457"}],"wp:attachment":[{"href":"https:\/\/hcd.malargue.gov.ar\/index.php?rest_route=%2Fwp%2Fv2%2Fmedia&parent=36426"}],"wp:term":[{"taxonomy":"category","embeddable":true,"href":"https:\/\/hcd.malargue.gov.ar\/index.php?rest_route=%2Fwp%2Fv2%2Fcategories&post=36426"},{"taxonomy":"post_tag","embeddable":true,"href":"https:\/\/hcd.malargue.gov.ar\/index.php?rest_route=%2Fwp%2Fv2%2Ftags&post=36426"}],"curies":[{"name":"wp","href":"https:\/\/api.w.org\/{rel}","templated":true}]}}